{"id":861140,"date":"2016-02-23T05:18:01","date_gmt":"2016-02-23T05:18:01","guid":{"rendered":"http:\/\/www.eldigitaldeasturias.com\/noticias\/?p=861140"},"modified":"2016-02-23T05:18:01","modified_gmt":"2016-02-23T05:18:01","slug":"fampa-cambiara-sus-estatutos-para-recuperar-la-subvencion-de-vamos-al-parque","status":"publish","type":"post","link":"https:\/\/www.eldigitaldeasturias.com\/noticias\/fampa-cambiara-sus-estatutos-para-recuperar-la-subvencion-de-vamos-al-parque\/","title":{"rendered":"Fampa cambiar\u00e1 sus estatutos para recuperar la subvenci\u00f3n de &#8216;Vamos al parque&#8217;"},"content":{"rendered":"<p><img loading=\"lazy\" decoding=\"async\" class=\"alignleft size-medium wp-image-463304\" src=\"https:\/\/www.eldigitaldeasturias.com\/noticias\/wp-content\/uploads\/2013\/12\/Identifican-nuevas-variantes-geneticas-raras-que-doblan-el-riesgo-de-alzheimer_image_380-360x255.jpg\" alt=\"Identifican-nuevas-variantes-geneticas-raras-que-doblan-el-riesgo-de-alzheimer_image_380\" width=\"360\" height=\"255\" srcset=\"https:\/\/www.eldigitaldeasturias.com\/noticias\/wp-content\/uploads\/2013\/12\/Identifican-nuevas-variantes-geneticas-raras-que-doblan-el-riesgo-de-alzheimer_image_380-360x255.jpg 360w, https:\/\/www.eldigitaldeasturias.com\/noticias\/wp-content\/uploads\/2013\/12\/Identifican-nuevas-variantes-geneticas-raras-que-doblan-el-riesgo-de-alzheimer_image_380-100x70.jpg 100w, https:\/\/www.eldigitaldeasturias.com\/noticias\/wp-content\/uploads\/2013\/12\/Identifican-nuevas-variantes-geneticas-raras-que-doblan-el-riesgo-de-alzheimer_image_380.jpg 536w\" sizes=\"auto, (max-width: 360px) 100vw, 360px\" \/>La Federaci\u00f3n de Asociaciones de Mayores del Principado de Asturias (Fampa) se ha comprometido a cambiar sus estatutos para poder acceder este a\u00f1o 2016 a la subvenci\u00f3n del programa de acompa\u00f1amiento &#8216;Vamos al parque&#8217;, dirigido a centros de menores protegidos.<\/p>\n<p>As\u00ed lo ha confirmado este lunes en una comisi\u00f3n parlamentaria a preguntas del PP la consejera de Bienestar Social del Gobierno asturiano, Pilar Varela, quien ha explicado que el motivo de que Fampa no obtuviera los recursos de 2015 fue un cambio que se realiz\u00f3 en marzo en las bases, al exigirse que en los estatutos se recoja expresamente que el objeto sea la protecci\u00f3n de menores y sus familias.<\/p>\n<p>En Fampa no lo ten\u00edan redactado en esos t\u00e9rminos, por lo que se les deneg\u00f3 las subvenci\u00f3n. La federaci\u00f3n ha decidido recurrirlo y en el escrito presentado se comprometen a cambiar la redacci\u00f3n de sus estatutos, seg\u00fan ha explicado Varela. \u00abSi no pudi\u00e9semos dar una respuesta positiva al recurso, estamos estudiando alg\u00fan encaje, a trav\u00e9s de alguna colaboraci\u00f3n espec\u00edfica\u00bb, ha comentado la consejera, que ha querido poner en valor el trabajo que viene desarrollando Fampa.<\/p>\n<p>El diputado del PP Mat\u00edas Rodr\u00edguez Feito ha criticado al Gobierno asturiano por haber ejecutado un \u00abbrutal recorte\u00bb en las aportaciones que se les iba realizando a Fampa, que cuenta con 91 asociaciones federadas y que tuvo incluso que \u00abendeudarse para pagar lo que deb\u00eda\u00bb.<\/p>\n","protected":false},"excerpt":{"rendered":"<p>La Federaci\u00f3n de Asociaciones de Mayores del Principado de Asturias (Fampa) se ha comprometido a cambiar sus estatutos para poder acceder este a\u00f1o 2016 a la subvenci\u00f3n del programa de acompa\u00f1amiento &#8216;Vamos al parque&#8217;, dirigido a centros de menores protegidos. As\u00ed lo ha confirmado este lunes en una comisi\u00f3n parlamentaria a preguntas del PP la [&hellip;]<\/p>\n","protected":false},"author":1,"featured_media":463304,"comment_status":"closed","ping_status":"closed","sticky":false,"template":"","format":"standard","meta":{"footnotes":""},"categories":[12],"tags":[],"class_list":["post-861140","post","type-post","status-publish","format-standard","has-post-thumbnail","hentry","category-actualidad-asturias"],"aioseo_notices":[],"aioseo_head":"\n\t\t<!-- All in One SEO Pro 4.9.6.2 - aioseo.com -->\n\t<meta name=\"description\" content=\"La Federaci\u00f3n de Asociaciones de Mayores del Principado de Asturias (Fampa) se ha comprometido a cambiar sus estatutos para poder acceder este a\u00f1o 2016 a la subvenci\u00f3n del programa de acompa\u00f1amiento &#039;Vamos al parque&#039;, dirigido a centros de menores protegidos. As\u00ed lo ha confirmado este lunes en una comisi\u00f3n parlamentaria a preguntas del PP la\" \/>\n\t<meta name=\"robots\" content=\"max-image-preview:large\" \/>\n\t<meta name=\"author\" content=\"El Digital de Asturias\"\/>\n\t<meta name=\"google-site-verification\" content=\"UA-38556648-1\" \/>\n\t<meta name=\"msvalidate.01\" content=\"7dfe9f3f1b24437ab69f4f2559babe99\" \/>\n\t<meta name=\"keywords\" content=\"actualidad asturias\" \/>\n\t<link rel=\"canonical\" href=\"https:\/\/www.eldigitaldeasturias.com\/noticias\/fampa-cambiara-sus-estatutos-para-recuperar-la-subvencion-de-vamos-al-parque\/\" \/>\n\t<meta name=\"generator\" content=\"All in One SEO Pro (AIOSEO) 4.9.6.2\" \/>\n\t\t<meta property=\"og:locale\" content=\"es_ES\" \/>\n\t\t<meta property=\"og:site_name\" content=\"El Digital de Asturias\" \/>\n\t\t<meta property=\"og:type\" content=\"article\" \/>\n\t\t<meta property=\"og:title\" content=\"Fampa cambiar\u00e1 sus estatutos para recuperar la subvenci\u00f3n de \u2018Vamos al parque\u2019 - El Digital de Asturias\" \/>\n\t\t<meta property=\"og:description\" content=\"La Federaci\u00f3n de Asociaciones de Mayores del Principado de Asturias (Fampa) se ha comprometido a cambiar sus estatutos para poder acceder este a\u00f1o 2016 a la subvenci\u00f3n del programa de acompa\u00f1amiento &#039;Vamos al parque&#039;, dirigido a centros de menores protegidos. As\u00ed lo ha confirmado este lunes en una comisi\u00f3n parlamentaria a preguntas del PP la\" \/>\n\t\t<meta property=\"og:url\" content=\"https:\/\/www.eldigitaldeasturias.com\/noticias\/fampa-cambiara-sus-estatutos-para-recuperar-la-subvencion-de-vamos-al-parque\/\" \/>\n\t\t<meta property=\"og:image\" content=\"https:\/\/www.eldigitaldeasturias.com\/noticias\/wp-content\/uploads\/2013\/12\/Identifican-nuevas-variantes-geneticas-raras-que-doblan-el-riesgo-de-alzheimer_image_380.jpg\" \/>\n\t\t<meta property=\"og:image:secure_url\" content=\"https:\/\/www.eldigitaldeasturias.com\/noticias\/wp-content\/uploads\/2013\/12\/Identifican-nuevas-variantes-geneticas-raras-que-doblan-el-riesgo-de-alzheimer_image_380.jpg\" \/>\n\t\t<meta property=\"og:image:width\" content=\"536\" \/>\n\t\t<meta property=\"og:image:height\" content=\"380\" \/>\n\t\t<meta property=\"article:tag\" content=\"actualidad asturias\" \/>\n\t\t<meta property=\"article:published_time\" content=\"2016-02-23T05:18:01+00:00\" \/>\n\t\t<meta property=\"article:modified_time\" content=\"2016-02-23T05:18:01+00:00\" \/>\n\t\t<meta property=\"article:publisher\" content=\"https:\/\/facebook.com\/eldigitaldeasturias\" \/>\n\t\t<meta name=\"twitter:card\" content=\"summary_large_image\" \/>\n\t\t<meta name=\"twitter:title\" content=\"Fampa cambiar\u00e1 sus estatutos para recuperar la subvenci\u00f3n de \u2018Vamos al parque\u2019 - El Digital de Asturias\" \/>\n\t\t<meta name=\"twitter:description\" content=\"La Federaci\u00f3n de Asociaciones de Mayores del Principado de Asturias (Fampa) se ha comprometido a cambiar sus estatutos para poder acceder este a\u00f1o 2016 a la subvenci\u00f3n del programa de acompa\u00f1amiento &#039;Vamos al parque&#039;, dirigido a centros de menores protegidos. As\u00ed lo ha confirmado este lunes en una comisi\u00f3n parlamentaria a preguntas del PP la\" \/>\n\t\t<meta name=\"twitter:image\" content=\"https:\/\/www.eldigitaldeasturias.com\/noticias\/wp-content\/uploads\/2013\/12\/Identifican-nuevas-variantes-geneticas-raras-que-doblan-el-riesgo-de-alzheimer_image_380.jpg\" \/>\n\t\t<meta name=\"twitter:label1\" content=\"Escrito por\" \/>\n\t\t<meta name=\"twitter:data1\" content=\"El Digital de Asturias\" \/>\n\t\t<meta name=\"twitter:label2\" content=\"Tiempo de lectura estimado\" \/>\n\t\t<meta name=\"twitter:data2\" content=\"1 minuto\" \/>\n\t\t<script type=\"application\/ld+json\" class=\"aioseo-schema\">\n\t\t\t{\"@context\":\"https:\\\/\\\/schema.org\",\"@graph\":[{\"@type\":\"BlogPosting\",\"@id\":\"https:\\\/\\\/www.eldigitaldeasturias.com\\\/noticias\\\/fampa-cambiara-sus-estatutos-para-recuperar-la-subvencion-de-vamos-al-parque\\\/#blogposting\",\"name\":\"Fampa cambiar\\u00e1 sus estatutos para recuperar la subvenci\\u00f3n de \\u2018Vamos al parque\\u2019 - El Digital de Asturias\",\"headline\":\"Fampa cambiar\\u00e1 sus estatutos para recuperar la subvenci\\u00f3n de &#8216;Vamos al parque&#8217;\",\"author\":{\"@id\":\"https:\\\/\\\/www.eldigitaldeasturias.com\\\/noticias\\\/author\\\/admin\\\/#author\"},\"publisher\":{\"@id\":\"https:\\\/\\\/www.eldigitaldeasturias.com\\\/noticias\\\/#organization\"},\"image\":{\"@type\":\"ImageObject\",\"url\":\"https:\\\/\\\/www.eldigitaldeasturias.com\\\/noticias\\\/wp-content\\\/uploads\\\/2013\\\/12\\\/Identifican-nuevas-variantes-geneticas-raras-que-doblan-el-riesgo-de-alzheimer_image_380.jpg\",\"width\":536,\"height\":380},\"datePublished\":\"2016-02-23T05:18:01+01:00\",\"dateModified\":\"2016-02-23T05:18:01+01:00\",\"inLanguage\":\"es-ES\",\"mainEntityOfPage\":{\"@id\":\"https:\\\/\\\/www.eldigitaldeasturias.com\\\/noticias\\\/fampa-cambiara-sus-estatutos-para-recuperar-la-subvencion-de-vamos-al-parque\\\/#webpage\"},\"isPartOf\":{\"@id\":\"https:\\\/\\\/www.eldigitaldeasturias.com\\\/noticias\\\/fampa-cambiara-sus-estatutos-para-recuperar-la-subvencion-de-vamos-al-parque\\\/#webpage\"},\"articleSection\":\"Actualidad Asturias\"},{\"@type\":\"BreadcrumbList\",\"@id\":\"https:\\\/\\\/www.eldigitaldeasturias.com\\\/noticias\\\/fampa-cambiara-sus-estatutos-para-recuperar-la-subvencion-de-vamos-al-parque\\\/#breadcrumblist\",\"itemListElement\":[{\"@type\":\"ListItem\",\"@id\":\"https:\\\/\\\/www.eldigitaldeasturias.com\\\/noticias#listItem\",\"position\":1,\"name\":\"Home\",\"item\":\"https:\\\/\\\/www.eldigitaldeasturias.com\\\/noticias\",\"nextItem\":{\"@type\":\"ListItem\",\"@id\":\"https:\\\/\\\/www.eldigitaldeasturias.com\\\/noticias\\\/category\\\/actualidad-asturias\\\/#listItem\",\"name\":\"Actualidad Asturias\"}},{\"@type\":\"ListItem\",\"@id\":\"https:\\\/\\\/www.eldigitaldeasturias.com\\\/noticias\\\/category\\\/actualidad-asturias\\\/#listItem\",\"position\":2,\"name\":\"Actualidad Asturias\",\"item\":\"https:\\\/\\\/www.eldigitaldeasturias.com\\\/noticias\\\/category\\\/actualidad-asturias\\\/\",\"nextItem\":{\"@type\":\"ListItem\",\"@id\":\"https:\\\/\\\/www.eldigitaldeasturias.com\\\/noticias\\\/fampa-cambiara-sus-estatutos-para-recuperar-la-subvencion-de-vamos-al-parque\\\/#listItem\",\"name\":\"Fampa cambiar\\u00e1 sus estatutos para recuperar la subvenci\\u00f3n de &#8216;Vamos al parque&#8217;\"},\"previousItem\":{\"@type\":\"ListItem\",\"@id\":\"https:\\\/\\\/www.eldigitaldeasturias.com\\\/noticias#listItem\",\"name\":\"Home\"}},{\"@type\":\"ListItem\",\"@id\":\"https:\\\/\\\/www.eldigitaldeasturias.com\\\/noticias\\\/fampa-cambiara-sus-estatutos-para-recuperar-la-subvencion-de-vamos-al-parque\\\/#listItem\",\"position\":3,\"name\":\"Fampa cambiar\\u00e1 sus estatutos para recuperar la subvenci\\u00f3n de &#8216;Vamos al parque&#8217;\",\"previousItem\":{\"@type\":\"ListItem\",\"@id\":\"https:\\\/\\\/www.eldigitaldeasturias.com\\\/noticias\\\/category\\\/actualidad-asturias\\\/#listItem\",\"name\":\"Actualidad Asturias\"}}]},{\"@type\":\"Organization\",\"@id\":\"https:\\\/\\\/www.eldigitaldeasturias.com\\\/noticias\\\/#organization\",\"name\":\"El Digital de Asturias\",\"description\":\"Hemeroteca\",\"url\":\"https:\\\/\\\/www.eldigitaldeasturias.com\\\/noticias\\\/\",\"email\":\"info@eldigitaldeasturias.com\",\"telephone\":\"+34652131393\",\"logo\":{\"@type\":\"ImageObject\",\"url\":\"https:\\\/\\\/www.eldigitaldeasturias.com\\\/noticias\\\/wp-content\\\/uploads\\\/2020\\\/12\\\/EDA.jpg\",\"@id\":\"https:\\\/\\\/www.eldigitaldeasturias.com\\\/noticias\\\/fampa-cambiara-sus-estatutos-para-recuperar-la-subvencion-de-vamos-al-parque\\\/#organizationLogo\",\"width\":649,\"height\":297},\"image\":{\"@id\":\"https:\\\/\\\/www.eldigitaldeasturias.com\\\/noticias\\\/fampa-cambiara-sus-estatutos-para-recuperar-la-subvencion-de-vamos-al-parque\\\/#organizationLogo\"},\"sameAs\":[\"https:\\\/\\\/facebook.com\\\/eldigitaldeasturias\",\"https:\\\/\\\/www.youtube.com\\\/channel\\\/UCZP-2wLEB9Rv6erhFmqVnvg\"],\"address\":{\"@id\":\"https:\\\/\\\/www.eldigitaldeasturias.com\\\/noticias\\\/#postaladdress\",\"@type\":\"PostalAddress\",\"streetAddress\":\"san antonio 4,\",\"postalCode\":\"33430\",\"addressLocality\":\"Cand\\u00e1s\",\"addressRegion\":\"Asturias\",\"addressCountry\":\"ES\"}},{\"@type\":\"Person\",\"@id\":\"https:\\\/\\\/www.eldigitaldeasturias.com\\\/noticias\\\/author\\\/admin\\\/#author\",\"url\":\"https:\\\/\\\/www.eldigitaldeasturias.com\\\/noticias\\\/author\\\/admin\\\/\",\"name\":\"El Digital de Asturias\",\"image\":{\"@type\":\"ImageObject\",\"@id\":\"https:\\\/\\\/www.eldigitaldeasturias.com\\\/noticias\\\/fampa-cambiara-sus-estatutos-para-recuperar-la-subvencion-de-vamos-al-parque\\\/#authorImage\",\"url\":\"https:\\\/\\\/www.eldigitaldeasturias.com\\\/noticias\\\/wp-content\\\/litespeed\\\/avatar\\\/18677e78aa0546b92d9dbf31ec7d7668.jpg?ver=1777290358\",\"width\":96,\"height\":96,\"caption\":\"El Digital de Asturias\"}},{\"@type\":\"WebPage\",\"@id\":\"https:\\\/\\\/www.eldigitaldeasturias.com\\\/noticias\\\/fampa-cambiara-sus-estatutos-para-recuperar-la-subvencion-de-vamos-al-parque\\\/#webpage\",\"url\":\"https:\\\/\\\/www.eldigitaldeasturias.com\\\/noticias\\\/fampa-cambiara-sus-estatutos-para-recuperar-la-subvencion-de-vamos-al-parque\\\/\",\"name\":\"Fampa cambiar\\u00e1 sus estatutos para recuperar la subvenci\\u00f3n de \\u2018Vamos al parque\\u2019 - El Digital de Asturias\",\"description\":\"La Federaci\\u00f3n de Asociaciones de Mayores del Principado de Asturias (Fampa) se ha comprometido a cambiar sus estatutos para poder acceder este a\\u00f1o 2016 a la subvenci\\u00f3n del programa de acompa\\u00f1amiento 'Vamos al parque', dirigido a centros de menores protegidos. As\\u00ed lo ha confirmado este lunes en una comisi\\u00f3n parlamentaria a preguntas del PP la\",\"inLanguage\":\"es-ES\",\"isPartOf\":{\"@id\":\"https:\\\/\\\/www.eldigitaldeasturias.com\\\/noticias\\\/#website\"},\"breadcrumb\":{\"@id\":\"https:\\\/\\\/www.eldigitaldeasturias.com\\\/noticias\\\/fampa-cambiara-sus-estatutos-para-recuperar-la-subvencion-de-vamos-al-parque\\\/#breadcrumblist\"},\"author\":{\"@id\":\"https:\\\/\\\/www.eldigitaldeasturias.com\\\/noticias\\\/author\\\/admin\\\/#author\"},\"creator\":{\"@id\":\"https:\\\/\\\/www.eldigitaldeasturias.com\\\/noticias\\\/author\\\/admin\\\/#author\"},\"image\":{\"@type\":\"ImageObject\",\"url\":\"https:\\\/\\\/www.eldigitaldeasturias.com\\\/noticias\\\/wp-content\\\/uploads\\\/2013\\\/12\\\/Identifican-nuevas-variantes-geneticas-raras-que-doblan-el-riesgo-de-alzheimer_image_380.jpg\",\"@id\":\"https:\\\/\\\/www.eldigitaldeasturias.com\\\/noticias\\\/fampa-cambiara-sus-estatutos-para-recuperar-la-subvencion-de-vamos-al-parque\\\/#mainImage\",\"width\":536,\"height\":380},\"primaryImageOfPage\":{\"@id\":\"https:\\\/\\\/www.eldigitaldeasturias.com\\\/noticias\\\/fampa-cambiara-sus-estatutos-para-recuperar-la-subvencion-de-vamos-al-parque\\\/#mainImage\"},\"datePublished\":\"2016-02-23T05:18:01+01:00\",\"dateModified\":\"2016-02-23T05:18:01+01:00\"},{\"@type\":\"WebSite\",\"@id\":\"https:\\\/\\\/www.eldigitaldeasturias.com\\\/noticias\\\/#website\",\"url\":\"https:\\\/\\\/www.eldigitaldeasturias.com\\\/noticias\\\/\",\"name\":\"El Digital de Asturias - Diario de actualidad y noticias\",\"alternateName\":\"El Digital de Asturias - Diario de actualidad y noticias\",\"description\":\"Hemeroteca\",\"inLanguage\":\"es-ES\",\"publisher\":{\"@id\":\"https:\\\/\\\/www.eldigitaldeasturias.com\\\/noticias\\\/#organization\"}}]}\n\t\t<\/script>\n\t\t<!-- All in One SEO Pro -->\r\n\t\t<title>Fampa cambiar\u00e1 sus estatutos para recuperar la subvenci\u00f3n de \u2018Vamos al parque\u2019 - El Digital de Asturias<\/title>\n\n","aioseo_head_json":{"title":"Fampa cambiar\u00e1 sus estatutos para recuperar la subvenci\u00f3n de \u2018Vamos al parque\u2019 - El Digital de Asturias","description":"La Federaci\u00f3n de Asociaciones de Mayores del Principado de Asturias (Fampa) se ha comprometido a cambiar sus estatutos para poder acceder este a\u00f1o 2016 a la subvenci\u00f3n del programa de acompa\u00f1amiento 'Vamos al parque', dirigido a centros de menores protegidos. As\u00ed lo ha confirmado este lunes en una comisi\u00f3n parlamentaria a preguntas del PP la","canonical_url":"https:\/\/www.eldigitaldeasturias.com\/noticias\/fampa-cambiara-sus-estatutos-para-recuperar-la-subvencion-de-vamos-al-parque\/","robots":"max-image-preview:large","keywords":"actualidad asturias","webmasterTools":{"google-site-verification":"UA-38556648-1","msvalidate.01":"7dfe9f3f1b24437ab69f4f2559babe99","miscellaneous":""},"schema":{"@context":"https:\/\/schema.org","@graph":[{"@type":"BlogPosting","@id":"https:\/\/www.eldigitaldeasturias.com\/noticias\/fampa-cambiara-sus-estatutos-para-recuperar-la-subvencion-de-vamos-al-parque\/#blogposting","name":"Fampa cambiar\u00e1 sus estatutos para recuperar la subvenci\u00f3n de \u2018Vamos al parque\u2019 - El Digital de Asturias","headline":"Fampa cambiar\u00e1 sus estatutos para recuperar la subvenci\u00f3n de &#8216;Vamos al parque&#8217;","author":{"@id":"https:\/\/www.eldigitaldeasturias.com\/noticias\/author\/admin\/#author"},"publisher":{"@id":"https:\/\/www.eldigitaldeasturias.com\/noticias\/#organization"},"image":{"@type":"ImageObject","url":"https:\/\/www.eldigitaldeasturias.com\/noticias\/wp-content\/uploads\/2013\/12\/Identifican-nuevas-variantes-geneticas-raras-que-doblan-el-riesgo-de-alzheimer_image_380.jpg","width":536,"height":380},"datePublished":"2016-02-23T05:18:01+01:00","dateModified":"2016-02-23T05:18:01+01:00","inLanguage":"es-ES","mainEntityOfPage":{"@id":"https:\/\/www.eldigitaldeasturias.com\/noticias\/fampa-cambiara-sus-estatutos-para-recuperar-la-subvencion-de-vamos-al-parque\/#webpage"},"isPartOf":{"@id":"https:\/\/www.eldigitaldeasturias.com\/noticias\/fampa-cambiara-sus-estatutos-para-recuperar-la-subvencion-de-vamos-al-parque\/#webpage"},"articleSection":"Actualidad Asturias"},{"@type":"BreadcrumbList","@id":"https:\/\/www.eldigitaldeasturias.com\/noticias\/fampa-cambiara-sus-estatutos-para-recuperar-la-subvencion-de-vamos-al-parque\/#breadcrumblist","itemListElement":[{"@type":"ListItem","@id":"https:\/\/www.eldigitaldeasturias.com\/noticias#listItem","position":1,"name":"Home","item":"https:\/\/www.eldigitaldeasturias.com\/noticias","nextItem":{"@type":"ListItem","@id":"https:\/\/www.eldigitaldeasturias.com\/noticias\/category\/actualidad-asturias\/#listItem","name":"Actualidad Asturias"}},{"@type":"ListItem","@id":"https:\/\/www.eldigitaldeasturias.com\/noticias\/category\/actualidad-asturias\/#listItem","position":2,"name":"Actualidad Asturias","item":"https:\/\/www.eldigitaldeasturias.com\/noticias\/category\/actualidad-asturias\/","nextItem":{"@type":"ListItem","@id":"https:\/\/www.eldigitaldeasturias.com\/noticias\/fampa-cambiara-sus-estatutos-para-recuperar-la-subvencion-de-vamos-al-parque\/#listItem","name":"Fampa cambiar\u00e1 sus estatutos para recuperar la subvenci\u00f3n de &#8216;Vamos al parque&#8217;"},"previousItem":{"@type":"ListItem","@id":"https:\/\/www.eldigitaldeasturias.com\/noticias#listItem","name":"Home"}},{"@type":"ListItem","@id":"https:\/\/www.eldigitaldeasturias.com\/noticias\/fampa-cambiara-sus-estatutos-para-recuperar-la-subvencion-de-vamos-al-parque\/#listItem","position":3,"name":"Fampa cambiar\u00e1 sus estatutos para recuperar la subvenci\u00f3n de &#8216;Vamos al parque&#8217;","previousItem":{"@type":"ListItem","@id":"https:\/\/www.eldigitaldeasturias.com\/noticias\/category\/actualidad-asturias\/#listItem","name":"Actualidad Asturias"}}]},{"@type":"Organization","@id":"https:\/\/www.eldigitaldeasturias.com\/noticias\/#organization","name":"El Digital de Asturias","description":"Hemeroteca","url":"https:\/\/www.eldigitaldeasturias.com\/noticias\/","email":"info@eldigitaldeasturias.com","telephone":"+34652131393","logo":{"@type":"ImageObject","url":"https:\/\/www.eldigitaldeasturias.com\/noticias\/wp-content\/uploads\/2020\/12\/EDA.jpg","@id":"https:\/\/www.eldigitaldeasturias.com\/noticias\/fampa-cambiara-sus-estatutos-para-recuperar-la-subvencion-de-vamos-al-parque\/#organizationLogo","width":649,"height":297},"image":{"@id":"https:\/\/www.eldigitaldeasturias.com\/noticias\/fampa-cambiara-sus-estatutos-para-recuperar-la-subvencion-de-vamos-al-parque\/#organizationLogo"},"sameAs":["https:\/\/facebook.com\/eldigitaldeasturias","https:\/\/www.youtube.com\/channel\/UCZP-2wLEB9Rv6erhFmqVnvg"],"address":{"@id":"https:\/\/www.eldigitaldeasturias.com\/noticias\/#postaladdress","@type":"PostalAddress","streetAddress":"san antonio 4,","postalCode":"33430","addressLocality":"Cand\u00e1s","addressRegion":"Asturias","addressCountry":"ES"}},{"@type":"Person","@id":"https:\/\/www.eldigitaldeasturias.com\/noticias\/author\/admin\/#author","url":"https:\/\/www.eldigitaldeasturias.com\/noticias\/author\/admin\/","name":"El Digital de Asturias","image":{"@type":"ImageObject","@id":"https:\/\/www.eldigitaldeasturias.com\/noticias\/fampa-cambiara-sus-estatutos-para-recuperar-la-subvencion-de-vamos-al-parque\/#authorImage","url":"https:\/\/www.eldigitaldeasturias.com\/noticias\/wp-content\/litespeed\/avatar\/18677e78aa0546b92d9dbf31ec7d7668.jpg?ver=1777290358","width":96,"height":96,"caption":"El Digital de Asturias"}},{"@type":"WebPage","@id":"https:\/\/www.eldigitaldeasturias.com\/noticias\/fampa-cambiara-sus-estatutos-para-recuperar-la-subvencion-de-vamos-al-parque\/#webpage","url":"https:\/\/www.eldigitaldeasturias.com\/noticias\/fampa-cambiara-sus-estatutos-para-recuperar-la-subvencion-de-vamos-al-parque\/","name":"Fampa cambiar\u00e1 sus estatutos para recuperar la subvenci\u00f3n de \u2018Vamos al parque\u2019 - El Digital de Asturias","description":"La Federaci\u00f3n de Asociaciones de Mayores del Principado de Asturias (Fampa) se ha comprometido a cambiar sus estatutos para poder acceder este a\u00f1o 2016 a la subvenci\u00f3n del programa de acompa\u00f1amiento 'Vamos al parque', dirigido a centros de menores protegidos. As\u00ed lo ha confirmado este lunes en una comisi\u00f3n parlamentaria a preguntas del PP la","inLanguage":"es-ES","isPartOf":{"@id":"https:\/\/www.eldigitaldeasturias.com\/noticias\/#website"},"breadcrumb":{"@id":"https:\/\/www.eldigitaldeasturias.com\/noticias\/fampa-cambiara-sus-estatutos-para-recuperar-la-subvencion-de-vamos-al-parque\/#breadcrumblist"},"author":{"@id":"https:\/\/www.eldigitaldeasturias.com\/noticias\/author\/admin\/#author"},"creator":{"@id":"https:\/\/www.eldigitaldeasturias.com\/noticias\/author\/admin\/#author"},"image":{"@type":"ImageObject","url":"https:\/\/www.eldigitaldeasturias.com\/noticias\/wp-content\/uploads\/2013\/12\/Identifican-nuevas-variantes-geneticas-raras-que-doblan-el-riesgo-de-alzheimer_image_380.jpg","@id":"https:\/\/www.eldigitaldeasturias.com\/noticias\/fampa-cambiara-sus-estatutos-para-recuperar-la-subvencion-de-vamos-al-parque\/#mainImage","width":536,"height":380},"primaryImageOfPage":{"@id":"https:\/\/www.eldigitaldeasturias.com\/noticias\/fampa-cambiara-sus-estatutos-para-recuperar-la-subvencion-de-vamos-al-parque\/#mainImage"},"datePublished":"2016-02-23T05:18:01+01:00","dateModified":"2016-02-23T05:18:01+01:00"},{"@type":"WebSite","@id":"https:\/\/www.eldigitaldeasturias.com\/noticias\/#website","url":"https:\/\/www.eldigitaldeasturias.com\/noticias\/","name":"El Digital de Asturias - Diario de actualidad y noticias","alternateName":"El Digital de Asturias - Diario de actualidad y noticias","description":"Hemeroteca","inLanguage":"es-ES","publisher":{"@id":"https:\/\/www.eldigitaldeasturias.com\/noticias\/#organization"}}]},"og:locale":"es_ES","og:site_name":"El Digital de Asturias","og:type":"article","og:title":"Fampa cambiar\u00e1 sus estatutos para recuperar la subvenci\u00f3n de \u2018Vamos al parque\u2019 - El Digital de Asturias","og:description":"La Federaci\u00f3n de Asociaciones de Mayores del Principado de Asturias (Fampa) se ha comprometido a cambiar sus estatutos para poder acceder este a\u00f1o 2016 a la subvenci\u00f3n del programa de acompa\u00f1amiento 'Vamos al parque', dirigido a centros de menores protegidos. As\u00ed lo ha confirmado este lunes en una comisi\u00f3n parlamentaria a preguntas del PP la","og:url":"https:\/\/www.eldigitaldeasturias.com\/noticias\/fampa-cambiara-sus-estatutos-para-recuperar-la-subvencion-de-vamos-al-parque\/","og:image":"https:\/\/www.eldigitaldeasturias.com\/noticias\/wp-content\/uploads\/2013\/12\/Identifican-nuevas-variantes-geneticas-raras-que-doblan-el-riesgo-de-alzheimer_image_380.jpg","og:image:secure_url":"https:\/\/www.eldigitaldeasturias.com\/noticias\/wp-content\/uploads\/2013\/12\/Identifican-nuevas-variantes-geneticas-raras-que-doblan-el-riesgo-de-alzheimer_image_380.jpg","og:image:width":536,"og:image:height":380,"article:tag":["actualidad asturias"],"article:published_time":"2016-02-23T05:18:01+00:00","article:modified_time":"2016-02-23T05:18:01+00:00","article:publisher":"https:\/\/facebook.com\/eldigitaldeasturias","twitter:card":"summary_large_image","twitter:title":"Fampa cambiar\u00e1 sus estatutos para recuperar la subvenci\u00f3n de \u2018Vamos al parque\u2019 - El Digital de Asturias","twitter:description":"La Federaci\u00f3n de Asociaciones de Mayores del Principado de Asturias (Fampa) se ha comprometido a cambiar sus estatutos para poder acceder este a\u00f1o 2016 a la subvenci\u00f3n del programa de acompa\u00f1amiento 'Vamos al parque', dirigido a centros de menores protegidos. As\u00ed lo ha confirmado este lunes en una comisi\u00f3n parlamentaria a preguntas del PP la","twitter:image":"https:\/\/www.eldigitaldeasturias.com\/noticias\/wp-content\/uploads\/2013\/12\/Identifican-nuevas-variantes-geneticas-raras-que-doblan-el-riesgo-de-alzheimer_image_380.jpg","twitter:label1":"Escrito por","twitter:data1":"El Digital de Asturias","twitter:label2":"Tiempo de lectura estimado","twitter:data2":"1 minuto"},"aioseo_meta_data":{"post_id":"861140","title":null,"description":null,"keywords":null,"keyphrases":null,"primary_term":null,"canonical_url":null,"og_title":null,"og_description":null,"og_object_type":"default","og_image_type":"default","og_image_url":null,"og_image_width":null,"og_image_height":null,"og_image_custom_url":null,"og_image_custom_fields":null,"og_video":null,"og_custom_url":null,"og_article_section":null,"og_article_tags":null,"twitter_use_og":false,"twitter_card":"default","twitter_image_type":"default","twitter_image_url":null,"twitter_image_custom_url":null,"twitter_image_custom_fields":null,"twitter_title":null,"twitter_description":null,"schema":{"blockGraphs":[],"customGraphs":[],"default":{"data":{"Article":[],"Course":[],"Dataset":[],"FAQPage":[],"Movie":[],"Person":[],"Product":[],"ProductReview":[],"Car":[],"Recipe":[],"Service":[],"SoftwareApplication":[],"WebPage":[]},"graphName":"","isEnabled":true},"graphs":[],"defaultGraph":"","defaultPostTypeGraph":""},"schema_type":null,"schema_type_options":null,"pillar_content":false,"robots_default":true,"robots_noindex":false,"robots_noarchive":false,"robots_nosnippet":false,"robots_nofollow":false,"robots_noimageindex":false,"robots_noodp":false,"robots_notranslate":false,"robots_max_snippet":null,"robots_max_videopreview":null,"robots_max_imagepreview":"large","priority":null,"frequency":null,"local_seo":null,"seo_analyzer_scan_date":"2025-12-10 20:11:10","breadcrumb_settings":null,"limit_modified_date":false,"open_ai":null,"ai":null,"created":"2021-01-23 14:59:12","updated":"2025-12-10 20:11:10"},"aioseo_breadcrumb":"<div class=\"aioseo-breadcrumbs\"><span class=\"aioseo-breadcrumb\">\n\t<a href=\"https:\/\/www.eldigitaldeasturias.com\/noticias\" title=\"Home\">Home<\/a>\n<\/span><span class=\"aioseo-breadcrumb-separator\">\u2013<\/span><span class=\"aioseo-breadcrumb\">\n\t<a href=\"https:\/\/www.eldigitaldeasturias.com\/noticias\/category\/actualidad-asturias\/\" title=\"Actualidad Asturias\">Actualidad Asturias<\/a>\n<\/span><span class=\"aioseo-breadcrumb-separator\">\u2013<\/span><span class=\"aioseo-breadcrumb\">\n\t<a href=\"https:\/\/www.eldigitaldeasturias.com\/noticias\/fampa-cambiara-sus-estatutos-para-recuperar-la-subvencion-de-vamos-al-parque\/\" title=\"Fampa cambiar\u00e1 sus estatutos para recuperar la subvenci\u00f3n de \u2018Vamos al parque\u2019\">Fampa cambiar\u00e1 sus estatutos para recuperar la subvenci\u00f3n de \u2018Vamos al parque\u2019<\/a>\n<\/span><\/div>","aioseo_breadcrumb_json":[{"label":"Home","link":"https:\/\/www.eldigitaldeasturias.com\/noticias"},{"label":"Actualidad Asturias","link":"https:\/\/www.eldigitaldeasturias.com\/noticias\/category\/actualidad-asturias\/"},{"label":"Fampa cambiar\u00e1 sus estatutos para recuperar la subvenci\u00f3n de &#8216;Vamos al parque&#8217;","link":"https:\/\/www.eldigitaldeasturias.com\/noticias\/fampa-cambiara-sus-estatutos-para-recuperar-la-subvencion-de-vamos-al-parque\/"}],"_links":{"self":[{"href":"https:\/\/www.eldigitaldeasturias.com\/noticias\/wp-json\/wp\/v2\/posts\/861140","targetHints":{"allow":["GET"]}}],"collection":[{"href":"https:\/\/www.eldigitaldeasturias.com\/noticias\/wp-json\/wp\/v2\/posts"}],"about":[{"href":"https:\/\/www.eldigitaldeasturias.com\/noticias\/wp-json\/wp\/v2\/types\/post"}],"author":[{"embeddable":true,"href":"https:\/\/www.eldigitaldeasturias.com\/noticias\/wp-json\/wp\/v2\/users\/1"}],"replies":[{"embeddable":true,"href":"https:\/\/www.eldigitaldeasturias.com\/noticias\/wp-json\/wp\/v2\/comments?post=861140"}],"version-history":[{"count":0,"href":"https:\/\/www.eldigitaldeasturias.com\/noticias\/wp-json\/wp\/v2\/posts\/861140\/revisions"}],"wp:featuredmedia":[{"embeddable":true,"href":"https:\/\/www.eldigitaldeasturias.com\/noticias\/wp-json\/wp\/v2\/media\/463304"}],"wp:attachment":[{"href":"https:\/\/www.eldigitaldeasturias.com\/noticias\/wp-json\/wp\/v2\/media?parent=861140"}],"wp:term":[{"taxonomy":"category","embeddable":true,"href":"https:\/\/www.eldigitaldeasturias.com\/noticias\/wp-json\/wp\/v2\/categories?post=861140"},{"taxonomy":"post_tag","embeddable":true,"href":"https:\/\/www.eldigitaldeasturias.com\/noticias\/wp-json\/wp\/v2\/tags?post=861140"}],"curies":[{"name":"wp","href":"https:\/\/api.w.org\/{rel}","templated":true}]}}