{"id":861136,"date":"2016-02-23T05:15:25","date_gmt":"2016-02-23T05:15:25","guid":{"rendered":"http:\/\/www.eldigitaldeasturias.com\/noticias\/?p=861136"},"modified":"2016-02-23T05:15:25","modified_gmt":"2016-02-23T05:15:25","slug":"el-salon-del-automovil-de-competicion-se-celebra-este-fin-de-semana-en-la-magdalena","status":"publish","type":"post","link":"https:\/\/www.eldigitaldeasturias.com\/noticias\/el-salon-del-automovil-de-competicion-se-celebra-este-fin-de-semana-en-la-magdalena\/","title":{"rendered":"El Sal\u00f3n del Autom\u00f3vil de Competici\u00f3n se celebra este fin de semana en La Magdalena"},"content":{"rendered":"<p><img loading=\"lazy\" decoding=\"async\" class=\"alignleft size-medium wp-image-1580\" src=\"https:\/\/www.eldigitaldeasturias.com\/noticias\/wp-content\/uploads\/2013\/09\/aviles-360x270.jpg\" alt=\"aviles\" width=\"360\" height=\"270\" \/>El Sal\u00f3n del Autom\u00f3vil de Competici\u00f3n se celebrar\u00e1 en el sal\u00f3n de exposiciones de La Magdalena (Avil\u00e9s) este fin de semana. El certamen, que alcanza su cuarta edici\u00f3n, contar\u00e1 con la presencia de una treintena de empresas del sector y la organizaci\u00f3n de diversas actividades paralelas.<\/p>\n<p>El concejal de Promoci\u00f3n Econ\u00f3mica del Ayuntamiento de Avil\u00e9s, Manuel Campa, y el responsable de Motor en Asturias, Eduardo Manso, han presentado este lunes la programaci\u00f3n. La entrada al recinto tendr\u00e1 un coste de cinco euros y estar\u00e1 abierto de 11 a 21 horas.<\/p>\n<p>Los expositores, procedentes de Asturias y otras comunidades aut\u00f3nomas, cubren pr\u00e1cticamente todas las actividades del sector: equipamiento, accesorios, recambios, mantenimiento, preparaciones, ingenier\u00eda y homologaciones, sistemas de seguridad, instalaciones deportivas, dise\u00f1o y rotulaci\u00f3n, venta y alquiler de veh\u00edculos de competici\u00f3n, publicaciones especializadas &#8230;<\/p>\n<p>El Sal\u00f3n del Autom\u00f3vil de Competici\u00f3n contar\u00e1 tambi\u00e9n con la presencia y la participaci\u00f3n activa de 20 de escuder\u00edas y equipos de competici\u00f3n que proporcionar\u00e1n tanto al aficionado como al p\u00fablico en general informaci\u00f3n de sus actividades, proyectos para la temporada y pruebas que organizan.<\/p>\n<p>Entre otras organizaciones presentes se encuentran la Subida Internacional al Fito, el Rally de Asturias Hist\u00f3rico, el Rally Cangas de Narcea, el Slalon de Navia, la Federaci\u00f3n Asturiana de Automovilismo, la Subida a La Falla de los Lobos y dos equipos de la facultad de Ingenier\u00eda de la Universidad de Oviedo (WolFast Uniovi e Impulse Racing Formula Student Team).<\/p>\n<p>En el sal\u00f3n se expondr\u00e1n m\u00e1s de un centenar de veh\u00edculos, de diversas disciplinas, habr\u00e1 tertulias y exhibiciones, concursos y una zona para ni\u00f1os.<\/p>\n","protected":false},"excerpt":{"rendered":"<p>El Sal\u00f3n del Autom\u00f3vil de Competici\u00f3n se celebrar\u00e1 en el sal\u00f3n de exposiciones de La Magdalena (Avil\u00e9s) este fin de semana. El certamen, que alcanza su cuarta edici\u00f3n, contar\u00e1 con la presencia de una treintena de empresas del sector y la organizaci\u00f3n de diversas actividades paralelas. El concejal de Promoci\u00f3n Econ\u00f3mica del Ayuntamiento de Avil\u00e9s, [&hellip;]<\/p>\n","protected":false},"author":1,"featured_media":0,"comment_status":"closed","ping_status":"closed","sticky":false,"template":"","format":"standard","meta":{"footnotes":""},"categories":[2],"tags":[],"class_list":["post-861136","post","type-post","status-publish","format-standard","hentry","category-agenda"],"aioseo_notices":[],"aioseo_head":"\n\t\t<!-- All in One SEO Pro 4.9.6.2 - aioseo.com -->\n\t<meta name=\"description\" content=\"El Sal\u00f3n del Autom\u00f3vil de Competici\u00f3n se celebrar\u00e1 en el sal\u00f3n de exposiciones de La Magdalena (Avil\u00e9s) este fin de semana. El certamen, que alcanza su cuarta edici\u00f3n, contar\u00e1 con la presencia de una treintena de empresas del sector y la organizaci\u00f3n de diversas actividades paralelas. El concejal de Promoci\u00f3n Econ\u00f3mica del Ayuntamiento de Avil\u00e9s,\" \/>\n\t<meta name=\"robots\" content=\"max-image-preview:large\" \/>\n\t<meta name=\"author\" content=\"El Digital de Asturias\"\/>\n\t<meta name=\"google-site-verification\" content=\"UA-38556648-1\" \/>\n\t<meta name=\"msvalidate.01\" content=\"7dfe9f3f1b24437ab69f4f2559babe99\" \/>\n\t<meta name=\"keywords\" content=\"agenda\" \/>\n\t<link rel=\"canonical\" href=\"https:\/\/www.eldigitaldeasturias.com\/noticias\/el-salon-del-automovil-de-competicion-se-celebra-este-fin-de-semana-en-la-magdalena\/\" \/>\n\t<meta name=\"generator\" content=\"All in One SEO Pro (AIOSEO) 4.9.6.2\" \/>\n\t\t<meta property=\"og:locale\" content=\"es_ES\" \/>\n\t\t<meta property=\"og:site_name\" content=\"El Digital de Asturias\" \/>\n\t\t<meta property=\"og:type\" content=\"article\" \/>\n\t\t<meta property=\"og:title\" content=\"El Sal\u00f3n del Autom\u00f3vil de Competici\u00f3n se celebra este fin de semana en La Magdalena - El Digital de Asturias\" \/>\n\t\t<meta property=\"og:description\" content=\"El Sal\u00f3n del Autom\u00f3vil de Competici\u00f3n se celebrar\u00e1 en el sal\u00f3n de exposiciones de La Magdalena (Avil\u00e9s) este fin de semana. El certamen, que alcanza su cuarta edici\u00f3n, contar\u00e1 con la presencia de una treintena de empresas del sector y la organizaci\u00f3n de diversas actividades paralelas. El concejal de Promoci\u00f3n Econ\u00f3mica del Ayuntamiento de Avil\u00e9s,\" \/>\n\t\t<meta property=\"og:url\" content=\"https:\/\/www.eldigitaldeasturias.com\/noticias\/el-salon-del-automovil-de-competicion-se-celebra-este-fin-de-semana-en-la-magdalena\/\" \/>\n\t\t<meta property=\"article:tag\" content=\"agenda\" \/>\n\t\t<meta property=\"article:published_time\" content=\"2016-02-23T05:15:25+00:00\" \/>\n\t\t<meta property=\"article:modified_time\" content=\"2016-02-23T05:15:25+00:00\" \/>\n\t\t<meta property=\"article:publisher\" content=\"https:\/\/facebook.com\/eldigitaldeasturias\" \/>\n\t\t<meta name=\"twitter:card\" content=\"summary_large_image\" \/>\n\t\t<meta name=\"twitter:title\" content=\"El Sal\u00f3n del Autom\u00f3vil de Competici\u00f3n se celebra este fin de semana en La Magdalena - El Digital de Asturias\" \/>\n\t\t<meta name=\"twitter:description\" content=\"El Sal\u00f3n del Autom\u00f3vil de Competici\u00f3n se celebrar\u00e1 en el sal\u00f3n de exposiciones de La Magdalena (Avil\u00e9s) este fin de semana. El certamen, que alcanza su cuarta edici\u00f3n, contar\u00e1 con la presencia de una treintena de empresas del sector y la organizaci\u00f3n de diversas actividades paralelas. El concejal de Promoci\u00f3n Econ\u00f3mica del Ayuntamiento de Avil\u00e9s,\" \/>\n\t\t<meta name=\"twitter:image\" content=\"https:\/\/www.eldigitaldeasturias.com\/noticias\/wp-content\/uploads\/2020\/12\/EDA-1.jpg\" \/>\n\t\t<meta name=\"twitter:label1\" content=\"Escrito por\" \/>\n\t\t<meta name=\"twitter:data1\" content=\"El Digital de Asturias\" \/>\n\t\t<meta name=\"twitter:label2\" content=\"Tiempo de lectura estimado\" \/>\n\t\t<meta name=\"twitter:data2\" content=\"1 minuto\" \/>\n\t\t<script type=\"application\/ld+json\" class=\"aioseo-schema\">\n\t\t\t{\"@context\":\"https:\\\/\\\/schema.org\",\"@graph\":[{\"@type\":\"BlogPosting\",\"@id\":\"https:\\\/\\\/www.eldigitaldeasturias.com\\\/noticias\\\/el-salon-del-automovil-de-competicion-se-celebra-este-fin-de-semana-en-la-magdalena\\\/#blogposting\",\"name\":\"El Sal\\u00f3n del Autom\\u00f3vil de Competici\\u00f3n se celebra este fin de semana en La Magdalena - El Digital de Asturias\",\"headline\":\"El Sal\\u00f3n del Autom\\u00f3vil de Competici\\u00f3n se celebra este fin de semana en La Magdalena\",\"author\":{\"@id\":\"https:\\\/\\\/www.eldigitaldeasturias.com\\\/noticias\\\/author\\\/admin\\\/#author\"},\"publisher\":{\"@id\":\"https:\\\/\\\/www.eldigitaldeasturias.com\\\/noticias\\\/#organization\"},\"image\":{\"@type\":\"ImageObject\",\"url\":\"http:\\\/\\\/www.eldigitaldeasturias.com\\\/noticias\\\/wp-content\\\/uploads\\\/2013\\\/09\\\/aviles-360x270.jpg\",\"@id\":\"https:\\\/\\\/www.eldigitaldeasturias.com\\\/noticias\\\/el-salon-del-automovil-de-competicion-se-celebra-este-fin-de-semana-en-la-magdalena\\\/#articleImage\"},\"datePublished\":\"2016-02-23T05:15:25+01:00\",\"dateModified\":\"2016-02-23T05:15:25+01:00\",\"inLanguage\":\"es-ES\",\"mainEntityOfPage\":{\"@id\":\"https:\\\/\\\/www.eldigitaldeasturias.com\\\/noticias\\\/el-salon-del-automovil-de-competicion-se-celebra-este-fin-de-semana-en-la-magdalena\\\/#webpage\"},\"isPartOf\":{\"@id\":\"https:\\\/\\\/www.eldigitaldeasturias.com\\\/noticias\\\/el-salon-del-automovil-de-competicion-se-celebra-este-fin-de-semana-en-la-magdalena\\\/#webpage\"},\"articleSection\":\"Agenda\"},{\"@type\":\"BreadcrumbList\",\"@id\":\"https:\\\/\\\/www.eldigitaldeasturias.com\\\/noticias\\\/el-salon-del-automovil-de-competicion-se-celebra-este-fin-de-semana-en-la-magdalena\\\/#breadcrumblist\",\"itemListElement\":[{\"@type\":\"ListItem\",\"@id\":\"https:\\\/\\\/www.eldigitaldeasturias.com\\\/noticias#listItem\",\"position\":1,\"name\":\"Home\",\"item\":\"https:\\\/\\\/www.eldigitaldeasturias.com\\\/noticias\",\"nextItem\":{\"@type\":\"ListItem\",\"@id\":\"https:\\\/\\\/www.eldigitaldeasturias.com\\\/noticias\\\/category\\\/agenda\\\/#listItem\",\"name\":\"Agenda\"}},{\"@type\":\"ListItem\",\"@id\":\"https:\\\/\\\/www.eldigitaldeasturias.com\\\/noticias\\\/category\\\/agenda\\\/#listItem\",\"position\":2,\"name\":\"Agenda\",\"item\":\"https:\\\/\\\/www.eldigitaldeasturias.com\\\/noticias\\\/category\\\/agenda\\\/\",\"nextItem\":{\"@type\":\"ListItem\",\"@id\":\"https:\\\/\\\/www.eldigitaldeasturias.com\\\/noticias\\\/el-salon-del-automovil-de-competicion-se-celebra-este-fin-de-semana-en-la-magdalena\\\/#listItem\",\"name\":\"El Sal\\u00f3n del Autom\\u00f3vil de Competici\\u00f3n se celebra este fin de semana en La Magdalena\"},\"previousItem\":{\"@type\":\"ListItem\",\"@id\":\"https:\\\/\\\/www.eldigitaldeasturias.com\\\/noticias#listItem\",\"name\":\"Home\"}},{\"@type\":\"ListItem\",\"@id\":\"https:\\\/\\\/www.eldigitaldeasturias.com\\\/noticias\\\/el-salon-del-automovil-de-competicion-se-celebra-este-fin-de-semana-en-la-magdalena\\\/#listItem\",\"position\":3,\"name\":\"El Sal\\u00f3n del Autom\\u00f3vil de Competici\\u00f3n se celebra este fin de semana en La Magdalena\",\"previousItem\":{\"@type\":\"ListItem\",\"@id\":\"https:\\\/\\\/www.eldigitaldeasturias.com\\\/noticias\\\/category\\\/agenda\\\/#listItem\",\"name\":\"Agenda\"}}]},{\"@type\":\"Organization\",\"@id\":\"https:\\\/\\\/www.eldigitaldeasturias.com\\\/noticias\\\/#organization\",\"name\":\"El Digital de Asturias\",\"description\":\"Hemeroteca\",\"url\":\"https:\\\/\\\/www.eldigitaldeasturias.com\\\/noticias\\\/\",\"email\":\"info@eldigitaldeasturias.com\",\"telephone\":\"+34652131393\",\"logo\":{\"@type\":\"ImageObject\",\"url\":\"https:\\\/\\\/www.eldigitaldeasturias.com\\\/noticias\\\/wp-content\\\/uploads\\\/2020\\\/12\\\/EDA.jpg\",\"@id\":\"https:\\\/\\\/www.eldigitaldeasturias.com\\\/noticias\\\/el-salon-del-automovil-de-competicion-se-celebra-este-fin-de-semana-en-la-magdalena\\\/#organizationLogo\",\"width\":649,\"height\":297},\"image\":{\"@id\":\"https:\\\/\\\/www.eldigitaldeasturias.com\\\/noticias\\\/el-salon-del-automovil-de-competicion-se-celebra-este-fin-de-semana-en-la-magdalena\\\/#organizationLogo\"},\"sameAs\":[\"https:\\\/\\\/facebook.com\\\/eldigitaldeasturias\",\"https:\\\/\\\/www.youtube.com\\\/channel\\\/UCZP-2wLEB9Rv6erhFmqVnvg\"],\"address\":{\"@id\":\"https:\\\/\\\/www.eldigitaldeasturias.com\\\/noticias\\\/#postaladdress\",\"@type\":\"PostalAddress\",\"streetAddress\":\"san antonio 4,\",\"postalCode\":\"33430\",\"addressLocality\":\"Cand\\u00e1s\",\"addressRegion\":\"Asturias\",\"addressCountry\":\"ES\"}},{\"@type\":\"Person\",\"@id\":\"https:\\\/\\\/www.eldigitaldeasturias.com\\\/noticias\\\/author\\\/admin\\\/#author\",\"url\":\"https:\\\/\\\/www.eldigitaldeasturias.com\\\/noticias\\\/author\\\/admin\\\/\",\"name\":\"El Digital de Asturias\",\"image\":{\"@type\":\"ImageObject\",\"@id\":\"https:\\\/\\\/www.eldigitaldeasturias.com\\\/noticias\\\/el-salon-del-automovil-de-competicion-se-celebra-este-fin-de-semana-en-la-magdalena\\\/#authorImage\",\"url\":\"https:\\\/\\\/www.eldigitaldeasturias.com\\\/noticias\\\/wp-content\\\/litespeed\\\/avatar\\\/18677e78aa0546b92d9dbf31ec7d7668.jpg?ver=1777290358\",\"width\":96,\"height\":96,\"caption\":\"El Digital de Asturias\"}},{\"@type\":\"WebPage\",\"@id\":\"https:\\\/\\\/www.eldigitaldeasturias.com\\\/noticias\\\/el-salon-del-automovil-de-competicion-se-celebra-este-fin-de-semana-en-la-magdalena\\\/#webpage\",\"url\":\"https:\\\/\\\/www.eldigitaldeasturias.com\\\/noticias\\\/el-salon-del-automovil-de-competicion-se-celebra-este-fin-de-semana-en-la-magdalena\\\/\",\"name\":\"El Sal\\u00f3n del Autom\\u00f3vil de Competici\\u00f3n se celebra este fin de semana en La Magdalena - El Digital de Asturias\",\"description\":\"El Sal\\u00f3n del Autom\\u00f3vil de Competici\\u00f3n se celebrar\\u00e1 en el sal\\u00f3n de exposiciones de La Magdalena (Avil\\u00e9s) este fin de semana. El certamen, que alcanza su cuarta edici\\u00f3n, contar\\u00e1 con la presencia de una treintena de empresas del sector y la organizaci\\u00f3n de diversas actividades paralelas. El concejal de Promoci\\u00f3n Econ\\u00f3mica del Ayuntamiento de Avil\\u00e9s,\",\"inLanguage\":\"es-ES\",\"isPartOf\":{\"@id\":\"https:\\\/\\\/www.eldigitaldeasturias.com\\\/noticias\\\/#website\"},\"breadcrumb\":{\"@id\":\"https:\\\/\\\/www.eldigitaldeasturias.com\\\/noticias\\\/el-salon-del-automovil-de-competicion-se-celebra-este-fin-de-semana-en-la-magdalena\\\/#breadcrumblist\"},\"author\":{\"@id\":\"https:\\\/\\\/www.eldigitaldeasturias.com\\\/noticias\\\/author\\\/admin\\\/#author\"},\"creator\":{\"@id\":\"https:\\\/\\\/www.eldigitaldeasturias.com\\\/noticias\\\/author\\\/admin\\\/#author\"},\"datePublished\":\"2016-02-23T05:15:25+01:00\",\"dateModified\":\"2016-02-23T05:15:25+01:00\"},{\"@type\":\"WebSite\",\"@id\":\"https:\\\/\\\/www.eldigitaldeasturias.com\\\/noticias\\\/#website\",\"url\":\"https:\\\/\\\/www.eldigitaldeasturias.com\\\/noticias\\\/\",\"name\":\"El Digital de Asturias - Diario de actualidad y noticias\",\"alternateName\":\"El Digital de Asturias - Diario de actualidad y noticias\",\"description\":\"Hemeroteca\",\"inLanguage\":\"es-ES\",\"publisher\":{\"@id\":\"https:\\\/\\\/www.eldigitaldeasturias.com\\\/noticias\\\/#organization\"}}]}\n\t\t<\/script>\n\t\t<!-- All in One SEO Pro -->\r\n\t\t<title>El Sal\u00f3n del Autom\u00f3vil de Competici\u00f3n se celebra este fin de semana en La Magdalena - El Digital de Asturias<\/title>\n\n","aioseo_head_json":{"title":"El Sal\u00f3n del Autom\u00f3vil de Competici\u00f3n se celebra este fin de semana en La Magdalena - El Digital de Asturias","description":"El Sal\u00f3n del Autom\u00f3vil de Competici\u00f3n se celebrar\u00e1 en el sal\u00f3n de exposiciones de La Magdalena (Avil\u00e9s) este fin de semana. El certamen, que alcanza su cuarta edici\u00f3n, contar\u00e1 con la presencia de una treintena de empresas del sector y la organizaci\u00f3n de diversas actividades paralelas. El concejal de Promoci\u00f3n Econ\u00f3mica del Ayuntamiento de Avil\u00e9s,","canonical_url":"https:\/\/www.eldigitaldeasturias.com\/noticias\/el-salon-del-automovil-de-competicion-se-celebra-este-fin-de-semana-en-la-magdalena\/","robots":"max-image-preview:large","keywords":"agenda","webmasterTools":{"google-site-verification":"UA-38556648-1","msvalidate.01":"7dfe9f3f1b24437ab69f4f2559babe99","miscellaneous":""},"schema":{"@context":"https:\/\/schema.org","@graph":[{"@type":"BlogPosting","@id":"https:\/\/www.eldigitaldeasturias.com\/noticias\/el-salon-del-automovil-de-competicion-se-celebra-este-fin-de-semana-en-la-magdalena\/#blogposting","name":"El Sal\u00f3n del Autom\u00f3vil de Competici\u00f3n se celebra este fin de semana en La Magdalena - El Digital de Asturias","headline":"El Sal\u00f3n del Autom\u00f3vil de Competici\u00f3n se celebra este fin de semana en La Magdalena","author":{"@id":"https:\/\/www.eldigitaldeasturias.com\/noticias\/author\/admin\/#author"},"publisher":{"@id":"https:\/\/www.eldigitaldeasturias.com\/noticias\/#organization"},"image":{"@type":"ImageObject","url":"http:\/\/www.eldigitaldeasturias.com\/noticias\/wp-content\/uploads\/2013\/09\/aviles-360x270.jpg","@id":"https:\/\/www.eldigitaldeasturias.com\/noticias\/el-salon-del-automovil-de-competicion-se-celebra-este-fin-de-semana-en-la-magdalena\/#articleImage"},"datePublished":"2016-02-23T05:15:25+01:00","dateModified":"2016-02-23T05:15:25+01:00","inLanguage":"es-ES","mainEntityOfPage":{"@id":"https:\/\/www.eldigitaldeasturias.com\/noticias\/el-salon-del-automovil-de-competicion-se-celebra-este-fin-de-semana-en-la-magdalena\/#webpage"},"isPartOf":{"@id":"https:\/\/www.eldigitaldeasturias.com\/noticias\/el-salon-del-automovil-de-competicion-se-celebra-este-fin-de-semana-en-la-magdalena\/#webpage"},"articleSection":"Agenda"},{"@type":"BreadcrumbList","@id":"https:\/\/www.eldigitaldeasturias.com\/noticias\/el-salon-del-automovil-de-competicion-se-celebra-este-fin-de-semana-en-la-magdalena\/#breadcrumblist","itemListElement":[{"@type":"ListItem","@id":"https:\/\/www.eldigitaldeasturias.com\/noticias#listItem","position":1,"name":"Home","item":"https:\/\/www.eldigitaldeasturias.com\/noticias","nextItem":{"@type":"ListItem","@id":"https:\/\/www.eldigitaldeasturias.com\/noticias\/category\/agenda\/#listItem","name":"Agenda"}},{"@type":"ListItem","@id":"https:\/\/www.eldigitaldeasturias.com\/noticias\/category\/agenda\/#listItem","position":2,"name":"Agenda","item":"https:\/\/www.eldigitaldeasturias.com\/noticias\/category\/agenda\/","nextItem":{"@type":"ListItem","@id":"https:\/\/www.eldigitaldeasturias.com\/noticias\/el-salon-del-automovil-de-competicion-se-celebra-este-fin-de-semana-en-la-magdalena\/#listItem","name":"El Sal\u00f3n del Autom\u00f3vil de Competici\u00f3n se celebra este fin de semana en La Magdalena"},"previousItem":{"@type":"ListItem","@id":"https:\/\/www.eldigitaldeasturias.com\/noticias#listItem","name":"Home"}},{"@type":"ListItem","@id":"https:\/\/www.eldigitaldeasturias.com\/noticias\/el-salon-del-automovil-de-competicion-se-celebra-este-fin-de-semana-en-la-magdalena\/#listItem","position":3,"name":"El Sal\u00f3n del Autom\u00f3vil de Competici\u00f3n se celebra este fin de semana en La Magdalena","previousItem":{"@type":"ListItem","@id":"https:\/\/www.eldigitaldeasturias.com\/noticias\/category\/agenda\/#listItem","name":"Agenda"}}]},{"@type":"Organization","@id":"https:\/\/www.eldigitaldeasturias.com\/noticias\/#organization","name":"El Digital de Asturias","description":"Hemeroteca","url":"https:\/\/www.eldigitaldeasturias.com\/noticias\/","email":"info@eldigitaldeasturias.com","telephone":"+34652131393","logo":{"@type":"ImageObject","url":"https:\/\/www.eldigitaldeasturias.com\/noticias\/wp-content\/uploads\/2020\/12\/EDA.jpg","@id":"https:\/\/www.eldigitaldeasturias.com\/noticias\/el-salon-del-automovil-de-competicion-se-celebra-este-fin-de-semana-en-la-magdalena\/#organizationLogo","width":649,"height":297},"image":{"@id":"https:\/\/www.eldigitaldeasturias.com\/noticias\/el-salon-del-automovil-de-competicion-se-celebra-este-fin-de-semana-en-la-magdalena\/#organizationLogo"},"sameAs":["https:\/\/facebook.com\/eldigitaldeasturias","https:\/\/www.youtube.com\/channel\/UCZP-2wLEB9Rv6erhFmqVnvg"],"address":{"@id":"https:\/\/www.eldigitaldeasturias.com\/noticias\/#postaladdress","@type":"PostalAddress","streetAddress":"san antonio 4,","postalCode":"33430","addressLocality":"Cand\u00e1s","addressRegion":"Asturias","addressCountry":"ES"}},{"@type":"Person","@id":"https:\/\/www.eldigitaldeasturias.com\/noticias\/author\/admin\/#author","url":"https:\/\/www.eldigitaldeasturias.com\/noticias\/author\/admin\/","name":"El Digital de Asturias","image":{"@type":"ImageObject","@id":"https:\/\/www.eldigitaldeasturias.com\/noticias\/el-salon-del-automovil-de-competicion-se-celebra-este-fin-de-semana-en-la-magdalena\/#authorImage","url":"https:\/\/www.eldigitaldeasturias.com\/noticias\/wp-content\/litespeed\/avatar\/18677e78aa0546b92d9dbf31ec7d7668.jpg?ver=1777290358","width":96,"height":96,"caption":"El Digital de Asturias"}},{"@type":"WebPage","@id":"https:\/\/www.eldigitaldeasturias.com\/noticias\/el-salon-del-automovil-de-competicion-se-celebra-este-fin-de-semana-en-la-magdalena\/#webpage","url":"https:\/\/www.eldigitaldeasturias.com\/noticias\/el-salon-del-automovil-de-competicion-se-celebra-este-fin-de-semana-en-la-magdalena\/","name":"El Sal\u00f3n del Autom\u00f3vil de Competici\u00f3n se celebra este fin de semana en La Magdalena - El Digital de Asturias","description":"El Sal\u00f3n del Autom\u00f3vil de Competici\u00f3n se celebrar\u00e1 en el sal\u00f3n de exposiciones de La Magdalena (Avil\u00e9s) este fin de semana. El certamen, que alcanza su cuarta edici\u00f3n, contar\u00e1 con la presencia de una treintena de empresas del sector y la organizaci\u00f3n de diversas actividades paralelas. El concejal de Promoci\u00f3n Econ\u00f3mica del Ayuntamiento de Avil\u00e9s,","inLanguage":"es-ES","isPartOf":{"@id":"https:\/\/www.eldigitaldeasturias.com\/noticias\/#website"},"breadcrumb":{"@id":"https:\/\/www.eldigitaldeasturias.com\/noticias\/el-salon-del-automovil-de-competicion-se-celebra-este-fin-de-semana-en-la-magdalena\/#breadcrumblist"},"author":{"@id":"https:\/\/www.eldigitaldeasturias.com\/noticias\/author\/admin\/#author"},"creator":{"@id":"https:\/\/www.eldigitaldeasturias.com\/noticias\/author\/admin\/#author"},"datePublished":"2016-02-23T05:15:25+01:00","dateModified":"2016-02-23T05:15:25+01:00"},{"@type":"WebSite","@id":"https:\/\/www.eldigitaldeasturias.com\/noticias\/#website","url":"https:\/\/www.eldigitaldeasturias.com\/noticias\/","name":"El Digital de Asturias - Diario de actualidad y noticias","alternateName":"El Digital de Asturias - Diario de actualidad y noticias","description":"Hemeroteca","inLanguage":"es-ES","publisher":{"@id":"https:\/\/www.eldigitaldeasturias.com\/noticias\/#organization"}}]},"og:locale":"es_ES","og:site_name":"El Digital de Asturias","og:type":"article","og:title":"El Sal\u00f3n del Autom\u00f3vil de Competici\u00f3n se celebra este fin de semana en La Magdalena - El Digital de Asturias","og:description":"El Sal\u00f3n del Autom\u00f3vil de Competici\u00f3n se celebrar\u00e1 en el sal\u00f3n de exposiciones de La Magdalena (Avil\u00e9s) este fin de semana. El certamen, que alcanza su cuarta edici\u00f3n, contar\u00e1 con la presencia de una treintena de empresas del sector y la organizaci\u00f3n de diversas actividades paralelas. El concejal de Promoci\u00f3n Econ\u00f3mica del Ayuntamiento de Avil\u00e9s,","og:url":"https:\/\/www.eldigitaldeasturias.com\/noticias\/el-salon-del-automovil-de-competicion-se-celebra-este-fin-de-semana-en-la-magdalena\/","article:tag":["agenda"],"article:published_time":"2016-02-23T05:15:25+00:00","article:modified_time":"2016-02-23T05:15:25+00:00","article:publisher":"https:\/\/facebook.com\/eldigitaldeasturias","twitter:card":"summary_large_image","twitter:title":"El Sal\u00f3n del Autom\u00f3vil de Competici\u00f3n se celebra este fin de semana en La Magdalena - El Digital de Asturias","twitter:description":"El Sal\u00f3n del Autom\u00f3vil de Competici\u00f3n se celebrar\u00e1 en el sal\u00f3n de exposiciones de La Magdalena (Avil\u00e9s) este fin de semana. El certamen, que alcanza su cuarta edici\u00f3n, contar\u00e1 con la presencia de una treintena de empresas del sector y la organizaci\u00f3n de diversas actividades paralelas. El concejal de Promoci\u00f3n Econ\u00f3mica del Ayuntamiento de Avil\u00e9s,","twitter:image":"https:\/\/www.eldigitaldeasturias.com\/noticias\/wp-content\/uploads\/2020\/12\/EDA-1.jpg","twitter:label1":"Escrito por","twitter:data1":"El Digital de Asturias","twitter:label2":"Tiempo de lectura estimado","twitter:data2":"1 minuto"},"aioseo_meta_data":{"post_id":"861136","title":null,"description":null,"keywords":null,"keyphrases":null,"primary_term":null,"canonical_url":null,"og_title":null,"og_description":null,"og_object_type":"default","og_image_type":"default","og_image_url":null,"og_image_width":null,"og_image_height":null,"og_image_custom_url":null,"og_image_custom_fields":null,"og_video":null,"og_custom_url":null,"og_article_section":null,"og_article_tags":null,"twitter_use_og":false,"twitter_card":"default","twitter_image_type":"default","twitter_image_url":null,"twitter_image_custom_url":null,"twitter_image_custom_fields":null,"twitter_title":null,"twitter_description":null,"schema":{"blockGraphs":[],"customGraphs":[],"default":{"data":{"Article":[],"Course":[],"Dataset":[],"FAQPage":[],"Movie":[],"Person":[],"Product":[],"ProductReview":[],"Car":[],"Recipe":[],"Service":[],"SoftwareApplication":[],"WebPage":[]},"graphName":"","isEnabled":true},"graphs":[],"defaultGraph":"","defaultPostTypeGraph":""},"schema_type":null,"schema_type_options":null,"pillar_content":false,"robots_default":true,"robots_noindex":false,"robots_noarchive":false,"robots_nosnippet":false,"robots_nofollow":false,"robots_noimageindex":false,"robots_noodp":false,"robots_notranslate":false,"robots_max_snippet":null,"robots_max_videopreview":null,"robots_max_imagepreview":"large","priority":null,"frequency":null,"local_seo":null,"seo_analyzer_scan_date":"2025-12-10 20:11:09","breadcrumb_settings":null,"limit_modified_date":false,"open_ai":null,"ai":null,"created":"2021-01-23 14:59:12","updated":"2025-12-10 20:11:09"},"aioseo_breadcrumb":"<div class=\"aioseo-breadcrumbs\"><span class=\"aioseo-breadcrumb\">\n\t<a href=\"https:\/\/www.eldigitaldeasturias.com\/noticias\" title=\"Home\">Home<\/a>\n<\/span><span class=\"aioseo-breadcrumb-separator\">\u2013<\/span><span class=\"aioseo-breadcrumb\">\n\t<a href=\"https:\/\/www.eldigitaldeasturias.com\/noticias\/category\/agenda\/\" title=\"Agenda\">Agenda<\/a>\n<\/span><span class=\"aioseo-breadcrumb-separator\">\u2013<\/span><span class=\"aioseo-breadcrumb\">\n\t<a href=\"https:\/\/www.eldigitaldeasturias.com\/noticias\/el-salon-del-automovil-de-competicion-se-celebra-este-fin-de-semana-en-la-magdalena\/\" title=\"El Sal\u00f3n del Autom\u00f3vil de Competici\u00f3n se celebra este fin de semana en La Magdalena\">El Sal\u00f3n del Autom\u00f3vil de Competici\u00f3n se celebra este fin de semana en La Magdalena<\/a>\n<\/span><\/div>","aioseo_breadcrumb_json":[{"label":"Home","link":"https:\/\/www.eldigitaldeasturias.com\/noticias"},{"label":"Agenda","link":"https:\/\/www.eldigitaldeasturias.com\/noticias\/category\/agenda\/"},{"label":"El Sal\u00f3n del Autom\u00f3vil de Competici\u00f3n se celebra este fin de semana en La Magdalena","link":"https:\/\/www.eldigitaldeasturias.com\/noticias\/el-salon-del-automovil-de-competicion-se-celebra-este-fin-de-semana-en-la-magdalena\/"}],"_links":{"self":[{"href":"https:\/\/www.eldigitaldeasturias.com\/noticias\/wp-json\/wp\/v2\/posts\/861136","targetHints":{"allow":["GET"]}}],"collection":[{"href":"https:\/\/www.eldigitaldeasturias.com\/noticias\/wp-json\/wp\/v2\/posts"}],"about":[{"href":"https:\/\/www.eldigitaldeasturias.com\/noticias\/wp-json\/wp\/v2\/types\/post"}],"author":[{"embeddable":true,"href":"https:\/\/www.eldigitaldeasturias.com\/noticias\/wp-json\/wp\/v2\/users\/1"}],"replies":[{"embeddable":true,"href":"https:\/\/www.eldigitaldeasturias.com\/noticias\/wp-json\/wp\/v2\/comments?post=861136"}],"version-history":[{"count":0,"href":"https:\/\/www.eldigitaldeasturias.com\/noticias\/wp-json\/wp\/v2\/posts\/861136\/revisions"}],"wp:attachment":[{"href":"https:\/\/www.eldigitaldeasturias.com\/noticias\/wp-json\/wp\/v2\/media?parent=861136"}],"wp:term":[{"taxonomy":"category","embeddable":true,"href":"https:\/\/www.eldigitaldeasturias.com\/noticias\/wp-json\/wp\/v2\/categories?post=861136"},{"taxonomy":"post_tag","embeddable":true,"href":"https:\/\/www.eldigitaldeasturias.com\/noticias\/wp-json\/wp\/v2\/tags?post=861136"}],"curies":[{"name":"wp","href":"https:\/\/api.w.org\/{rel}","templated":true}]}}