{"id":861133,"date":"2016-02-23T05:14:09","date_gmt":"2016-02-23T05:14:09","guid":{"rendered":"http:\/\/www.eldigitaldeasturias.com\/noticias\/?p=861133"},"modified":"2016-02-23T05:14:09","modified_gmt":"2016-02-23T05:14:09","slug":"iu-satisfecha-con-las-fortalezas-del-programa-de-garantia-habitacional-impulsado-por-el-gobierno","status":"publish","type":"post","link":"https:\/\/www.eldigitaldeasturias.com\/noticias\/iu-satisfecha-con-las-fortalezas-del-programa-de-garantia-habitacional-impulsado-por-el-gobierno\/","title":{"rendered":"IU, satisfecha con las \u00abfortalezas\u00bb del Programa de Garant\u00eda Habitacional impulsado por el Gobierno"},"content":{"rendered":"<p><img loading=\"lazy\" decoding=\"async\" class=\"alignleft size-medium wp-image-861134\" src=\"https:\/\/www.eldigitaldeasturias.com\/noticias\/wp-content\/uploads\/2016\/02\/fotonoticia_20160222125037_800-360x270.jpg\" alt=\"fotonoticia_20160222125037_800\" width=\"360\" height=\"270\" srcset=\"https:\/\/www.eldigitaldeasturias.com\/noticias\/wp-content\/uploads\/2016\/02\/fotonoticia_20160222125037_800-360x270.jpg 360w, https:\/\/www.eldigitaldeasturias.com\/noticias\/wp-content\/uploads\/2016\/02\/fotonoticia_20160222125037_800-768x576.jpg 768w, https:\/\/www.eldigitaldeasturias.com\/noticias\/wp-content\/uploads\/2016\/02\/fotonoticia_20160222125037_800-650x488.jpg 650w, https:\/\/www.eldigitaldeasturias.com\/noticias\/wp-content\/uploads\/2016\/02\/fotonoticia_20160222125037_800-125x95.jpg 125w, https:\/\/www.eldigitaldeasturias.com\/noticias\/wp-content\/uploads\/2016\/02\/fotonoticia_20160222125037_800-100x75.jpg 100w, https:\/\/www.eldigitaldeasturias.com\/noticias\/wp-content\/uploads\/2016\/02\/fotonoticia_20160222125037_800.jpg 800w\" sizes=\"auto, (max-width: 360px) 100vw, 360px\" \/>La diputada de IU en la Junta General del Principado de Asturias Marta Pulgar se ha mostrado este lunes satisfecha con el Programa de Garant\u00eda Habitacional impulsada por el Gobierno asturiano, de signo socialista, y ha destacado sus \u00abfortalezas\u00bb. La puesta en marcha del programa formaba parte precisamente del acuerdo de investidura suscrito entre PSOE e IU, que permiti\u00f3 el nombramiento de Javier Fern\u00e1ndez como presidente de Asturias.<\/p>\n<p>A juicio de Pulgar, el programa va a resultar \u00ab\u00fatil\u00bb, porque a pesar de no ser \u00abmuy efectista\u00bb se basa en las pol\u00edticas que se ha desarrollado en Asturias desde hace a\u00f1os. \u00abEn materia de vivienda est\u00e1 casi todo inventado\u00bb, ha explicado Pulgar, que ha querido poner en valor la apuesta por mejorar la coordinaci\u00f3n con juzgados y ayuntamientos.<\/p>\n<p>Seg\u00fan IU, el programa cumple al reforzar el sistema p\u00fablico y la empresa Viviendas del Principado de Asturias (Vipasa). Tambi\u00e9n ve positivo que el programa se someta a una \u00abevaluaci\u00f3n continua\u00bb.<\/p>\n<p>Ha sido el director general de Vivienda del Gobierno asturiano, Ferm\u00edn Bravo, quien ha ido desgranando en una comisi\u00f3n parlamentaria las distintas medidas del programa, que se desarrollar\u00e1 en 2016 y con el que se pretende beneficiar a 47.000 personas.<\/p>\n<p>\u00abNos gusta cumplir con lo que se pacta\u00bb, ha apuntado Bravo, en relaci\u00f3n al acuerdo de investidura con IU. Adem\u00e1s,, ha explicado que se trata de dar respuesta a \u00abuna cuesti\u00f3n latente que existe en la calle\u00bb y mejorar la calidad de vida de los ciudadanos.<\/p>\n<p>Salvo el PSOE, que ha dicho que el programa da \u00abm\u00e1s garant\u00edas\u00bb, el resto de grupos de la oposici\u00f3n han ofrecido sus reparos. La diputada de Podemos Rosa Espi\u00f1o, que es la que solicit\u00f3 la comparecencia de Bravo, ha lamentado que el programa tenga medidas \u00abdifusas\u00bb e \u00abinciertas\u00bb.<\/p>\n<p>Desde el PP, Mat\u00edas Rodr\u00edguez, ha dudado de la efectividad de la medida. \u00abLos que han perdido su trabajo y no pueden pagar su hipoteca se van a quedar como estaban\u00bb, ha lamentado Rodr\u00edguez, que ha a\u00f1adido que Bravo ha acudido al parlamento a \u00ablavar la imagen\u00bb de la consejera de Bienestar Social y Vivienda, Pilar Varela, que no ha presentado el programa en la Junta General.<\/p>\n<p>Por parte de Ciudadanos ha intervenido Diana S\u00e1nchez, quien ha comentado que las medidas no son novedosas porque ya estaban incluidas en otros planes. M\u00e1s cr\u00edtico se ha mostrado el diputado de Foro Pedro Leal, quien ve en el documento la intenci\u00f3n del Gobierno asturiano de descargar su responsabilidad en los ayuntamientos asturianos, que ya est\u00e1n suficientemente \u00abasfixiados\u00bb.<\/p>\n","protected":false},"excerpt":{"rendered":"<p>La diputada de IU en la Junta General del Principado de Asturias Marta Pulgar se ha mostrado este lunes satisfecha con el Programa de Garant\u00eda Habitacional impulsada por el Gobierno asturiano, de signo socialista, y ha destacado sus \u00abfortalezas\u00bb. La puesta en marcha del programa formaba parte precisamente del acuerdo de investidura suscrito entre PSOE [&hellip;]<\/p>\n","protected":false},"author":1,"featured_media":861134,"comment_status":"closed","ping_status":"closed","sticky":false,"template":"","format":"standard","meta":{"footnotes":""},"categories":[12],"tags":[],"class_list":["post-861133","post","type-post","status-publish","format-standard","has-post-thumbnail","hentry","category-actualidad-asturias"],"aioseo_notices":[],"aioseo_head":"\n\t\t<!-- All in One SEO Pro 4.9.6.2 - aioseo.com -->\n\t<meta name=\"description\" content=\"La diputada de IU en la Junta General del Principado de Asturias Marta Pulgar se ha mostrado este lunes satisfecha con el Programa de Garant\u00eda Habitacional impulsada por el Gobierno asturiano, de signo socialista, y ha destacado sus &quot;fortalezas&quot;. La puesta en marcha del programa formaba parte precisamente del acuerdo de investidura suscrito entre PSOE\" \/>\n\t<meta name=\"robots\" content=\"max-image-preview:large\" \/>\n\t<meta name=\"author\" content=\"El Digital de Asturias\"\/>\n\t<meta name=\"google-site-verification\" content=\"UA-38556648-1\" \/>\n\t<meta name=\"msvalidate.01\" content=\"7dfe9f3f1b24437ab69f4f2559babe99\" \/>\n\t<meta name=\"keywords\" content=\"actualidad asturias\" \/>\n\t<link rel=\"canonical\" href=\"https:\/\/www.eldigitaldeasturias.com\/noticias\/iu-satisfecha-con-las-fortalezas-del-programa-de-garantia-habitacional-impulsado-por-el-gobierno\/\" \/>\n\t<meta name=\"generator\" content=\"All in One SEO Pro (AIOSEO) 4.9.6.2\" \/>\n\t\t<meta property=\"og:locale\" content=\"es_ES\" \/>\n\t\t<meta property=\"og:site_name\" content=\"El Digital de Asturias\" \/>\n\t\t<meta property=\"og:type\" content=\"article\" \/>\n\t\t<meta property=\"og:title\" content=\"IU, satisfecha con las \u00abfortalezas\u00bb del Programa de Garant\u00eda Habitacional impulsado por el Gobierno - El Digital de Asturias\" \/>\n\t\t<meta property=\"og:description\" content=\"La diputada de IU en la Junta General del Principado de Asturias Marta Pulgar se ha mostrado este lunes satisfecha con el Programa de Garant\u00eda Habitacional impulsada por el Gobierno asturiano, de signo socialista, y ha destacado sus &quot;fortalezas&quot;. La puesta en marcha del programa formaba parte precisamente del acuerdo de investidura suscrito entre PSOE\" \/>\n\t\t<meta property=\"og:url\" content=\"https:\/\/www.eldigitaldeasturias.com\/noticias\/iu-satisfecha-con-las-fortalezas-del-programa-de-garantia-habitacional-impulsado-por-el-gobierno\/\" \/>\n\t\t<meta property=\"og:image\" content=\"https:\/\/www.eldigitaldeasturias.com\/noticias\/wp-content\/uploads\/2016\/02\/fotonoticia_20160222125037_800.jpg\" \/>\n\t\t<meta property=\"og:image:secure_url\" content=\"https:\/\/www.eldigitaldeasturias.com\/noticias\/wp-content\/uploads\/2016\/02\/fotonoticia_20160222125037_800.jpg\" \/>\n\t\t<meta property=\"og:image:width\" content=\"800\" \/>\n\t\t<meta property=\"og:image:height\" content=\"600\" \/>\n\t\t<meta property=\"article:tag\" content=\"actualidad asturias\" \/>\n\t\t<meta property=\"article:published_time\" content=\"2016-02-23T05:14:09+00:00\" \/>\n\t\t<meta property=\"article:modified_time\" content=\"2016-02-23T05:14:09+00:00\" \/>\n\t\t<meta property=\"article:publisher\" content=\"https:\/\/facebook.com\/eldigitaldeasturias\" \/>\n\t\t<meta name=\"twitter:card\" content=\"summary_large_image\" \/>\n\t\t<meta name=\"twitter:title\" content=\"IU, satisfecha con las \u00abfortalezas\u00bb del Programa de Garant\u00eda Habitacional impulsado por el Gobierno - El Digital de Asturias\" \/>\n\t\t<meta name=\"twitter:description\" content=\"La diputada de IU en la Junta General del Principado de Asturias Marta Pulgar se ha mostrado este lunes satisfecha con el Programa de Garant\u00eda Habitacional impulsada por el Gobierno asturiano, de signo socialista, y ha destacado sus &quot;fortalezas&quot;. La puesta en marcha del programa formaba parte precisamente del acuerdo de investidura suscrito entre PSOE\" \/>\n\t\t<meta name=\"twitter:image\" content=\"https:\/\/www.eldigitaldeasturias.com\/noticias\/wp-content\/uploads\/2016\/02\/fotonoticia_20160222125037_800.jpg\" \/>\n\t\t<meta name=\"twitter:label1\" content=\"Escrito por\" \/>\n\t\t<meta name=\"twitter:data1\" content=\"El Digital de Asturias\" \/>\n\t\t<meta name=\"twitter:label2\" content=\"Tiempo de lectura estimado\" \/>\n\t\t<meta name=\"twitter:data2\" content=\"2 minutos\" \/>\n\t\t<script type=\"application\/ld+json\" class=\"aioseo-schema\">\n\t\t\t{\"@context\":\"https:\\\/\\\/schema.org\",\"@graph\":[{\"@type\":\"BlogPosting\",\"@id\":\"https:\\\/\\\/www.eldigitaldeasturias.com\\\/noticias\\\/iu-satisfecha-con-las-fortalezas-del-programa-de-garantia-habitacional-impulsado-por-el-gobierno\\\/#blogposting\",\"name\":\"IU, satisfecha con las \\u00abfortalezas\\u00bb del Programa de Garant\\u00eda Habitacional impulsado por el Gobierno - El Digital de Asturias\",\"headline\":\"IU, satisfecha con las \\u00abfortalezas\\u00bb del Programa de Garant\\u00eda Habitacional impulsado por el Gobierno\",\"author\":{\"@id\":\"https:\\\/\\\/www.eldigitaldeasturias.com\\\/noticias\\\/author\\\/admin\\\/#author\"},\"publisher\":{\"@id\":\"https:\\\/\\\/www.eldigitaldeasturias.com\\\/noticias\\\/#organization\"},\"image\":{\"@type\":\"ImageObject\",\"url\":\"https:\\\/\\\/www.eldigitaldeasturias.com\\\/noticias\\\/wp-content\\\/uploads\\\/2016\\\/02\\\/fotonoticia_20160222125037_800.jpg\",\"width\":800,\"height\":600},\"datePublished\":\"2016-02-23T05:14:09+01:00\",\"dateModified\":\"2016-02-23T05:14:09+01:00\",\"inLanguage\":\"es-ES\",\"mainEntityOfPage\":{\"@id\":\"https:\\\/\\\/www.eldigitaldeasturias.com\\\/noticias\\\/iu-satisfecha-con-las-fortalezas-del-programa-de-garantia-habitacional-impulsado-por-el-gobierno\\\/#webpage\"},\"isPartOf\":{\"@id\":\"https:\\\/\\\/www.eldigitaldeasturias.com\\\/noticias\\\/iu-satisfecha-con-las-fortalezas-del-programa-de-garantia-habitacional-impulsado-por-el-gobierno\\\/#webpage\"},\"articleSection\":\"Actualidad Asturias\"},{\"@type\":\"BreadcrumbList\",\"@id\":\"https:\\\/\\\/www.eldigitaldeasturias.com\\\/noticias\\\/iu-satisfecha-con-las-fortalezas-del-programa-de-garantia-habitacional-impulsado-por-el-gobierno\\\/#breadcrumblist\",\"itemListElement\":[{\"@type\":\"ListItem\",\"@id\":\"https:\\\/\\\/www.eldigitaldeasturias.com\\\/noticias#listItem\",\"position\":1,\"name\":\"Home\",\"item\":\"https:\\\/\\\/www.eldigitaldeasturias.com\\\/noticias\",\"nextItem\":{\"@type\":\"ListItem\",\"@id\":\"https:\\\/\\\/www.eldigitaldeasturias.com\\\/noticias\\\/category\\\/actualidad-asturias\\\/#listItem\",\"name\":\"Actualidad Asturias\"}},{\"@type\":\"ListItem\",\"@id\":\"https:\\\/\\\/www.eldigitaldeasturias.com\\\/noticias\\\/category\\\/actualidad-asturias\\\/#listItem\",\"position\":2,\"name\":\"Actualidad Asturias\",\"item\":\"https:\\\/\\\/www.eldigitaldeasturias.com\\\/noticias\\\/category\\\/actualidad-asturias\\\/\",\"nextItem\":{\"@type\":\"ListItem\",\"@id\":\"https:\\\/\\\/www.eldigitaldeasturias.com\\\/noticias\\\/iu-satisfecha-con-las-fortalezas-del-programa-de-garantia-habitacional-impulsado-por-el-gobierno\\\/#listItem\",\"name\":\"IU, satisfecha con las \\u00abfortalezas\\u00bb del Programa de Garant\\u00eda Habitacional impulsado por el Gobierno\"},\"previousItem\":{\"@type\":\"ListItem\",\"@id\":\"https:\\\/\\\/www.eldigitaldeasturias.com\\\/noticias#listItem\",\"name\":\"Home\"}},{\"@type\":\"ListItem\",\"@id\":\"https:\\\/\\\/www.eldigitaldeasturias.com\\\/noticias\\\/iu-satisfecha-con-las-fortalezas-del-programa-de-garantia-habitacional-impulsado-por-el-gobierno\\\/#listItem\",\"position\":3,\"name\":\"IU, satisfecha con las \\u00abfortalezas\\u00bb del Programa de Garant\\u00eda Habitacional impulsado por el Gobierno\",\"previousItem\":{\"@type\":\"ListItem\",\"@id\":\"https:\\\/\\\/www.eldigitaldeasturias.com\\\/noticias\\\/category\\\/actualidad-asturias\\\/#listItem\",\"name\":\"Actualidad Asturias\"}}]},{\"@type\":\"Organization\",\"@id\":\"https:\\\/\\\/www.eldigitaldeasturias.com\\\/noticias\\\/#organization\",\"name\":\"El Digital de Asturias\",\"description\":\"Hemeroteca\",\"url\":\"https:\\\/\\\/www.eldigitaldeasturias.com\\\/noticias\\\/\",\"email\":\"info@eldigitaldeasturias.com\",\"telephone\":\"+34652131393\",\"logo\":{\"@type\":\"ImageObject\",\"url\":\"https:\\\/\\\/www.eldigitaldeasturias.com\\\/noticias\\\/wp-content\\\/uploads\\\/2020\\\/12\\\/EDA.jpg\",\"@id\":\"https:\\\/\\\/www.eldigitaldeasturias.com\\\/noticias\\\/iu-satisfecha-con-las-fortalezas-del-programa-de-garantia-habitacional-impulsado-por-el-gobierno\\\/#organizationLogo\",\"width\":649,\"height\":297},\"image\":{\"@id\":\"https:\\\/\\\/www.eldigitaldeasturias.com\\\/noticias\\\/iu-satisfecha-con-las-fortalezas-del-programa-de-garantia-habitacional-impulsado-por-el-gobierno\\\/#organizationLogo\"},\"sameAs\":[\"https:\\\/\\\/facebook.com\\\/eldigitaldeasturias\",\"https:\\\/\\\/www.youtube.com\\\/channel\\\/UCZP-2wLEB9Rv6erhFmqVnvg\"],\"address\":{\"@id\":\"https:\\\/\\\/www.eldigitaldeasturias.com\\\/noticias\\\/#postaladdress\",\"@type\":\"PostalAddress\",\"streetAddress\":\"san antonio 4,\",\"postalCode\":\"33430\",\"addressLocality\":\"Cand\\u00e1s\",\"addressRegion\":\"Asturias\",\"addressCountry\":\"ES\"}},{\"@type\":\"Person\",\"@id\":\"https:\\\/\\\/www.eldigitaldeasturias.com\\\/noticias\\\/author\\\/admin\\\/#author\",\"url\":\"https:\\\/\\\/www.eldigitaldeasturias.com\\\/noticias\\\/author\\\/admin\\\/\",\"name\":\"El Digital de Asturias\",\"image\":{\"@type\":\"ImageObject\",\"@id\":\"https:\\\/\\\/www.eldigitaldeasturias.com\\\/noticias\\\/iu-satisfecha-con-las-fortalezas-del-programa-de-garantia-habitacional-impulsado-por-el-gobierno\\\/#authorImage\",\"url\":\"https:\\\/\\\/www.eldigitaldeasturias.com\\\/noticias\\\/wp-content\\\/litespeed\\\/avatar\\\/18677e78aa0546b92d9dbf31ec7d7668.jpg?ver=1777290358\",\"width\":96,\"height\":96,\"caption\":\"El Digital de Asturias\"}},{\"@type\":\"WebPage\",\"@id\":\"https:\\\/\\\/www.eldigitaldeasturias.com\\\/noticias\\\/iu-satisfecha-con-las-fortalezas-del-programa-de-garantia-habitacional-impulsado-por-el-gobierno\\\/#webpage\",\"url\":\"https:\\\/\\\/www.eldigitaldeasturias.com\\\/noticias\\\/iu-satisfecha-con-las-fortalezas-del-programa-de-garantia-habitacional-impulsado-por-el-gobierno\\\/\",\"name\":\"IU, satisfecha con las \\u00abfortalezas\\u00bb del Programa de Garant\\u00eda Habitacional impulsado por el Gobierno - El Digital de Asturias\",\"description\":\"La diputada de IU en la Junta General del Principado de Asturias Marta Pulgar se ha mostrado este lunes satisfecha con el Programa de Garant\\u00eda Habitacional impulsada por el Gobierno asturiano, de signo socialista, y ha destacado sus \\\"fortalezas\\\". La puesta en marcha del programa formaba parte precisamente del acuerdo de investidura suscrito entre PSOE\",\"inLanguage\":\"es-ES\",\"isPartOf\":{\"@id\":\"https:\\\/\\\/www.eldigitaldeasturias.com\\\/noticias\\\/#website\"},\"breadcrumb\":{\"@id\":\"https:\\\/\\\/www.eldigitaldeasturias.com\\\/noticias\\\/iu-satisfecha-con-las-fortalezas-del-programa-de-garantia-habitacional-impulsado-por-el-gobierno\\\/#breadcrumblist\"},\"author\":{\"@id\":\"https:\\\/\\\/www.eldigitaldeasturias.com\\\/noticias\\\/author\\\/admin\\\/#author\"},\"creator\":{\"@id\":\"https:\\\/\\\/www.eldigitaldeasturias.com\\\/noticias\\\/author\\\/admin\\\/#author\"},\"image\":{\"@type\":\"ImageObject\",\"url\":\"https:\\\/\\\/www.eldigitaldeasturias.com\\\/noticias\\\/wp-content\\\/uploads\\\/2016\\\/02\\\/fotonoticia_20160222125037_800.jpg\",\"@id\":\"https:\\\/\\\/www.eldigitaldeasturias.com\\\/noticias\\\/iu-satisfecha-con-las-fortalezas-del-programa-de-garantia-habitacional-impulsado-por-el-gobierno\\\/#mainImage\",\"width\":800,\"height\":600},\"primaryImageOfPage\":{\"@id\":\"https:\\\/\\\/www.eldigitaldeasturias.com\\\/noticias\\\/iu-satisfecha-con-las-fortalezas-del-programa-de-garantia-habitacional-impulsado-por-el-gobierno\\\/#mainImage\"},\"datePublished\":\"2016-02-23T05:14:09+01:00\",\"dateModified\":\"2016-02-23T05:14:09+01:00\"},{\"@type\":\"WebSite\",\"@id\":\"https:\\\/\\\/www.eldigitaldeasturias.com\\\/noticias\\\/#website\",\"url\":\"https:\\\/\\\/www.eldigitaldeasturias.com\\\/noticias\\\/\",\"name\":\"El Digital de Asturias - Diario de actualidad y noticias\",\"alternateName\":\"El Digital de Asturias - Diario de actualidad y noticias\",\"description\":\"Hemeroteca\",\"inLanguage\":\"es-ES\",\"publisher\":{\"@id\":\"https:\\\/\\\/www.eldigitaldeasturias.com\\\/noticias\\\/#organization\"}}]}\n\t\t<\/script>\n\t\t<!-- All in One SEO Pro -->\r\n\t\t<title>IU, satisfecha con las \u00abfortalezas\u00bb del Programa de Garant\u00eda Habitacional impulsado por el Gobierno - El Digital de Asturias<\/title>\n\n","aioseo_head_json":{"title":"IU, satisfecha con las \u00abfortalezas\u00bb del Programa de Garant\u00eda Habitacional impulsado por el Gobierno - El Digital de Asturias","description":"La diputada de IU en la Junta General del Principado de Asturias Marta Pulgar se ha mostrado este lunes satisfecha con el Programa de Garant\u00eda Habitacional impulsada por el Gobierno asturiano, de signo socialista, y ha destacado sus \"fortalezas\". La puesta en marcha del programa formaba parte precisamente del acuerdo de investidura suscrito entre PSOE","canonical_url":"https:\/\/www.eldigitaldeasturias.com\/noticias\/iu-satisfecha-con-las-fortalezas-del-programa-de-garantia-habitacional-impulsado-por-el-gobierno\/","robots":"max-image-preview:large","keywords":"actualidad asturias","webmasterTools":{"google-site-verification":"UA-38556648-1","msvalidate.01":"7dfe9f3f1b24437ab69f4f2559babe99","miscellaneous":""},"schema":{"@context":"https:\/\/schema.org","@graph":[{"@type":"BlogPosting","@id":"https:\/\/www.eldigitaldeasturias.com\/noticias\/iu-satisfecha-con-las-fortalezas-del-programa-de-garantia-habitacional-impulsado-por-el-gobierno\/#blogposting","name":"IU, satisfecha con las \u00abfortalezas\u00bb del Programa de Garant\u00eda Habitacional impulsado por el Gobierno - El Digital de Asturias","headline":"IU, satisfecha con las \u00abfortalezas\u00bb del Programa de Garant\u00eda Habitacional impulsado por el Gobierno","author":{"@id":"https:\/\/www.eldigitaldeasturias.com\/noticias\/author\/admin\/#author"},"publisher":{"@id":"https:\/\/www.eldigitaldeasturias.com\/noticias\/#organization"},"image":{"@type":"ImageObject","url":"https:\/\/www.eldigitaldeasturias.com\/noticias\/wp-content\/uploads\/2016\/02\/fotonoticia_20160222125037_800.jpg","width":800,"height":600},"datePublished":"2016-02-23T05:14:09+01:00","dateModified":"2016-02-23T05:14:09+01:00","inLanguage":"es-ES","mainEntityOfPage":{"@id":"https:\/\/www.eldigitaldeasturias.com\/noticias\/iu-satisfecha-con-las-fortalezas-del-programa-de-garantia-habitacional-impulsado-por-el-gobierno\/#webpage"},"isPartOf":{"@id":"https:\/\/www.eldigitaldeasturias.com\/noticias\/iu-satisfecha-con-las-fortalezas-del-programa-de-garantia-habitacional-impulsado-por-el-gobierno\/#webpage"},"articleSection":"Actualidad Asturias"},{"@type":"BreadcrumbList","@id":"https:\/\/www.eldigitaldeasturias.com\/noticias\/iu-satisfecha-con-las-fortalezas-del-programa-de-garantia-habitacional-impulsado-por-el-gobierno\/#breadcrumblist","itemListElement":[{"@type":"ListItem","@id":"https:\/\/www.eldigitaldeasturias.com\/noticias#listItem","position":1,"name":"Home","item":"https:\/\/www.eldigitaldeasturias.com\/noticias","nextItem":{"@type":"ListItem","@id":"https:\/\/www.eldigitaldeasturias.com\/noticias\/category\/actualidad-asturias\/#listItem","name":"Actualidad Asturias"}},{"@type":"ListItem","@id":"https:\/\/www.eldigitaldeasturias.com\/noticias\/category\/actualidad-asturias\/#listItem","position":2,"name":"Actualidad Asturias","item":"https:\/\/www.eldigitaldeasturias.com\/noticias\/category\/actualidad-asturias\/","nextItem":{"@type":"ListItem","@id":"https:\/\/www.eldigitaldeasturias.com\/noticias\/iu-satisfecha-con-las-fortalezas-del-programa-de-garantia-habitacional-impulsado-por-el-gobierno\/#listItem","name":"IU, satisfecha con las \u00abfortalezas\u00bb del Programa de Garant\u00eda Habitacional impulsado por el Gobierno"},"previousItem":{"@type":"ListItem","@id":"https:\/\/www.eldigitaldeasturias.com\/noticias#listItem","name":"Home"}},{"@type":"ListItem","@id":"https:\/\/www.eldigitaldeasturias.com\/noticias\/iu-satisfecha-con-las-fortalezas-del-programa-de-garantia-habitacional-impulsado-por-el-gobierno\/#listItem","position":3,"name":"IU, satisfecha con las \u00abfortalezas\u00bb del Programa de Garant\u00eda Habitacional impulsado por el Gobierno","previousItem":{"@type":"ListItem","@id":"https:\/\/www.eldigitaldeasturias.com\/noticias\/category\/actualidad-asturias\/#listItem","name":"Actualidad Asturias"}}]},{"@type":"Organization","@id":"https:\/\/www.eldigitaldeasturias.com\/noticias\/#organization","name":"El Digital de Asturias","description":"Hemeroteca","url":"https:\/\/www.eldigitaldeasturias.com\/noticias\/","email":"info@eldigitaldeasturias.com","telephone":"+34652131393","logo":{"@type":"ImageObject","url":"https:\/\/www.eldigitaldeasturias.com\/noticias\/wp-content\/uploads\/2020\/12\/EDA.jpg","@id":"https:\/\/www.eldigitaldeasturias.com\/noticias\/iu-satisfecha-con-las-fortalezas-del-programa-de-garantia-habitacional-impulsado-por-el-gobierno\/#organizationLogo","width":649,"height":297},"image":{"@id":"https:\/\/www.eldigitaldeasturias.com\/noticias\/iu-satisfecha-con-las-fortalezas-del-programa-de-garantia-habitacional-impulsado-por-el-gobierno\/#organizationLogo"},"sameAs":["https:\/\/facebook.com\/eldigitaldeasturias","https:\/\/www.youtube.com\/channel\/UCZP-2wLEB9Rv6erhFmqVnvg"],"address":{"@id":"https:\/\/www.eldigitaldeasturias.com\/noticias\/#postaladdress","@type":"PostalAddress","streetAddress":"san antonio 4,","postalCode":"33430","addressLocality":"Cand\u00e1s","addressRegion":"Asturias","addressCountry":"ES"}},{"@type":"Person","@id":"https:\/\/www.eldigitaldeasturias.com\/noticias\/author\/admin\/#author","url":"https:\/\/www.eldigitaldeasturias.com\/noticias\/author\/admin\/","name":"El Digital de Asturias","image":{"@type":"ImageObject","@id":"https:\/\/www.eldigitaldeasturias.com\/noticias\/iu-satisfecha-con-las-fortalezas-del-programa-de-garantia-habitacional-impulsado-por-el-gobierno\/#authorImage","url":"https:\/\/www.eldigitaldeasturias.com\/noticias\/wp-content\/litespeed\/avatar\/18677e78aa0546b92d9dbf31ec7d7668.jpg?ver=1777290358","width":96,"height":96,"caption":"El Digital de Asturias"}},{"@type":"WebPage","@id":"https:\/\/www.eldigitaldeasturias.com\/noticias\/iu-satisfecha-con-las-fortalezas-del-programa-de-garantia-habitacional-impulsado-por-el-gobierno\/#webpage","url":"https:\/\/www.eldigitaldeasturias.com\/noticias\/iu-satisfecha-con-las-fortalezas-del-programa-de-garantia-habitacional-impulsado-por-el-gobierno\/","name":"IU, satisfecha con las \u00abfortalezas\u00bb del Programa de Garant\u00eda Habitacional impulsado por el Gobierno - El Digital de Asturias","description":"La diputada de IU en la Junta General del Principado de Asturias Marta Pulgar se ha mostrado este lunes satisfecha con el Programa de Garant\u00eda Habitacional impulsada por el Gobierno asturiano, de signo socialista, y ha destacado sus \"fortalezas\". La puesta en marcha del programa formaba parte precisamente del acuerdo de investidura suscrito entre PSOE","inLanguage":"es-ES","isPartOf":{"@id":"https:\/\/www.eldigitaldeasturias.com\/noticias\/#website"},"breadcrumb":{"@id":"https:\/\/www.eldigitaldeasturias.com\/noticias\/iu-satisfecha-con-las-fortalezas-del-programa-de-garantia-habitacional-impulsado-por-el-gobierno\/#breadcrumblist"},"author":{"@id":"https:\/\/www.eldigitaldeasturias.com\/noticias\/author\/admin\/#author"},"creator":{"@id":"https:\/\/www.eldigitaldeasturias.com\/noticias\/author\/admin\/#author"},"image":{"@type":"ImageObject","url":"https:\/\/www.eldigitaldeasturias.com\/noticias\/wp-content\/uploads\/2016\/02\/fotonoticia_20160222125037_800.jpg","@id":"https:\/\/www.eldigitaldeasturias.com\/noticias\/iu-satisfecha-con-las-fortalezas-del-programa-de-garantia-habitacional-impulsado-por-el-gobierno\/#mainImage","width":800,"height":600},"primaryImageOfPage":{"@id":"https:\/\/www.eldigitaldeasturias.com\/noticias\/iu-satisfecha-con-las-fortalezas-del-programa-de-garantia-habitacional-impulsado-por-el-gobierno\/#mainImage"},"datePublished":"2016-02-23T05:14:09+01:00","dateModified":"2016-02-23T05:14:09+01:00"},{"@type":"WebSite","@id":"https:\/\/www.eldigitaldeasturias.com\/noticias\/#website","url":"https:\/\/www.eldigitaldeasturias.com\/noticias\/","name":"El Digital de Asturias - Diario de actualidad y noticias","alternateName":"El Digital de Asturias - Diario de actualidad y noticias","description":"Hemeroteca","inLanguage":"es-ES","publisher":{"@id":"https:\/\/www.eldigitaldeasturias.com\/noticias\/#organization"}}]},"og:locale":"es_ES","og:site_name":"El Digital de Asturias","og:type":"article","og:title":"IU, satisfecha con las \u00abfortalezas\u00bb del Programa de Garant\u00eda Habitacional impulsado por el Gobierno - El Digital de Asturias","og:description":"La diputada de IU en la Junta General del Principado de Asturias Marta Pulgar se ha mostrado este lunes satisfecha con el Programa de Garant\u00eda Habitacional impulsada por el Gobierno asturiano, de signo socialista, y ha destacado sus &quot;fortalezas&quot;. La puesta en marcha del programa formaba parte precisamente del acuerdo de investidura suscrito entre PSOE","og:url":"https:\/\/www.eldigitaldeasturias.com\/noticias\/iu-satisfecha-con-las-fortalezas-del-programa-de-garantia-habitacional-impulsado-por-el-gobierno\/","og:image":"https:\/\/www.eldigitaldeasturias.com\/noticias\/wp-content\/uploads\/2016\/02\/fotonoticia_20160222125037_800.jpg","og:image:secure_url":"https:\/\/www.eldigitaldeasturias.com\/noticias\/wp-content\/uploads\/2016\/02\/fotonoticia_20160222125037_800.jpg","og:image:width":800,"og:image:height":600,"article:tag":["actualidad asturias"],"article:published_time":"2016-02-23T05:14:09+00:00","article:modified_time":"2016-02-23T05:14:09+00:00","article:publisher":"https:\/\/facebook.com\/eldigitaldeasturias","twitter:card":"summary_large_image","twitter:title":"IU, satisfecha con las \u00abfortalezas\u00bb del Programa de Garant\u00eda Habitacional impulsado por el Gobierno - El Digital de Asturias","twitter:description":"La diputada de IU en la Junta General del Principado de Asturias Marta Pulgar se ha mostrado este lunes satisfecha con el Programa de Garant\u00eda Habitacional impulsada por el Gobierno asturiano, de signo socialista, y ha destacado sus &quot;fortalezas&quot;. La puesta en marcha del programa formaba parte precisamente del acuerdo de investidura suscrito entre PSOE","twitter:image":"https:\/\/www.eldigitaldeasturias.com\/noticias\/wp-content\/uploads\/2016\/02\/fotonoticia_20160222125037_800.jpg","twitter:label1":"Escrito por","twitter:data1":"El Digital de Asturias","twitter:label2":"Tiempo de lectura estimado","twitter:data2":"2 minutos"},"aioseo_meta_data":{"post_id":"861133","title":null,"description":null,"keywords":null,"keyphrases":null,"primary_term":null,"canonical_url":null,"og_title":null,"og_description":null,"og_object_type":"default","og_image_type":"default","og_image_url":null,"og_image_width":null,"og_image_height":null,"og_image_custom_url":null,"og_image_custom_fields":null,"og_video":null,"og_custom_url":null,"og_article_section":null,"og_article_tags":null,"twitter_use_og":false,"twitter_card":"default","twitter_image_type":"default","twitter_image_url":null,"twitter_image_custom_url":null,"twitter_image_custom_fields":null,"twitter_title":null,"twitter_description":null,"schema":{"blockGraphs":[],"customGraphs":[],"default":{"data":{"Article":[],"Course":[],"Dataset":[],"FAQPage":[],"Movie":[],"Person":[],"Product":[],"ProductReview":[],"Car":[],"Recipe":[],"Service":[],"SoftwareApplication":[],"WebPage":[]},"graphName":"","isEnabled":true},"graphs":[],"defaultGraph":"","defaultPostTypeGraph":""},"schema_type":null,"schema_type_options":null,"pillar_content":false,"robots_default":true,"robots_noindex":false,"robots_noarchive":false,"robots_nosnippet":false,"robots_nofollow":false,"robots_noimageindex":false,"robots_noodp":false,"robots_notranslate":false,"robots_max_snippet":null,"robots_max_videopreview":null,"robots_max_imagepreview":"large","priority":null,"frequency":null,"local_seo":null,"seo_analyzer_scan_date":"2025-12-10 20:11:08","breadcrumb_settings":null,"limit_modified_date":false,"open_ai":null,"ai":null,"created":"2021-01-23 14:59:12","updated":"2025-12-10 20:11:08"},"aioseo_breadcrumb":"<div class=\"aioseo-breadcrumbs\"><span class=\"aioseo-breadcrumb\">\n\t<a href=\"https:\/\/www.eldigitaldeasturias.com\/noticias\" title=\"Home\">Home<\/a>\n<\/span><span class=\"aioseo-breadcrumb-separator\">\u2013<\/span><span class=\"aioseo-breadcrumb\">\n\t<a href=\"https:\/\/www.eldigitaldeasturias.com\/noticias\/category\/actualidad-asturias\/\" title=\"Actualidad Asturias\">Actualidad Asturias<\/a>\n<\/span><span class=\"aioseo-breadcrumb-separator\">\u2013<\/span><span class=\"aioseo-breadcrumb\">\n\t<a href=\"https:\/\/www.eldigitaldeasturias.com\/noticias\/iu-satisfecha-con-las-fortalezas-del-programa-de-garantia-habitacional-impulsado-por-el-gobierno\/\" title=\"IU, satisfecha con las \u00abfortalezas\u00bb del Programa de Garant\u00eda Habitacional impulsado por el Gobierno\">IU, satisfecha con las \u00abfortalezas\u00bb del Programa de Garant\u00eda Habitacional impulsado por el Gobierno<\/a>\n<\/span><\/div>","aioseo_breadcrumb_json":[{"label":"Home","link":"https:\/\/www.eldigitaldeasturias.com\/noticias"},{"label":"Actualidad Asturias","link":"https:\/\/www.eldigitaldeasturias.com\/noticias\/category\/actualidad-asturias\/"},{"label":"IU, satisfecha con las \u00abfortalezas\u00bb del Programa de Garant\u00eda Habitacional impulsado por el Gobierno","link":"https:\/\/www.eldigitaldeasturias.com\/noticias\/iu-satisfecha-con-las-fortalezas-del-programa-de-garantia-habitacional-impulsado-por-el-gobierno\/"}],"_links":{"self":[{"href":"https:\/\/www.eldigitaldeasturias.com\/noticias\/wp-json\/wp\/v2\/posts\/861133","targetHints":{"allow":["GET"]}}],"collection":[{"href":"https:\/\/www.eldigitaldeasturias.com\/noticias\/wp-json\/wp\/v2\/posts"}],"about":[{"href":"https:\/\/www.eldigitaldeasturias.com\/noticias\/wp-json\/wp\/v2\/types\/post"}],"author":[{"embeddable":true,"href":"https:\/\/www.eldigitaldeasturias.com\/noticias\/wp-json\/wp\/v2\/users\/1"}],"replies":[{"embeddable":true,"href":"https:\/\/www.eldigitaldeasturias.com\/noticias\/wp-json\/wp\/v2\/comments?post=861133"}],"version-history":[{"count":0,"href":"https:\/\/www.eldigitaldeasturias.com\/noticias\/wp-json\/wp\/v2\/posts\/861133\/revisions"}],"wp:featuredmedia":[{"embeddable":true,"href":"https:\/\/www.eldigitaldeasturias.com\/noticias\/wp-json\/wp\/v2\/media\/861134"}],"wp:attachment":[{"href":"https:\/\/www.eldigitaldeasturias.com\/noticias\/wp-json\/wp\/v2\/media?parent=861133"}],"wp:term":[{"taxonomy":"category","embeddable":true,"href":"https:\/\/www.eldigitaldeasturias.com\/noticias\/wp-json\/wp\/v2\/categories?post=861133"},{"taxonomy":"post_tag","embeddable":true,"href":"https:\/\/www.eldigitaldeasturias.com\/noticias\/wp-json\/wp\/v2\/tags?post=861133"}],"curies":[{"name":"wp","href":"https:\/\/api.w.org\/{rel}","templated":true}]}}