{"id":861130,"date":"2016-02-23T05:12:49","date_gmt":"2016-02-23T05:12:49","guid":{"rendered":"http:\/\/www.eldigitaldeasturias.com\/noticias\/?p=861130"},"modified":"2016-02-23T05:12:49","modified_gmt":"2016-02-23T05:12:49","slug":"izal-presentara-su-disco-copacabana-este-viernes-en-la-laboral","status":"publish","type":"post","link":"https:\/\/www.eldigitaldeasturias.com\/noticias\/izal-presentara-su-disco-copacabana-este-viernes-en-la-laboral\/","title":{"rendered":"Izal presentar\u00e1 su disco &#8216;Copacabana&#8217; este viernes en la Laboral"},"content":{"rendered":"<p><img loading=\"lazy\" decoding=\"async\" class=\"alignleft size-medium wp-image-861131\" src=\"https:\/\/www.eldigitaldeasturias.com\/noticias\/wp-content\/uploads\/2016\/02\/fotonoticia_20160222121026_800-360x239.jpg\" alt=\"fotonoticia_20160222121026_800\" width=\"360\" height=\"239\" srcset=\"https:\/\/www.eldigitaldeasturias.com\/noticias\/wp-content\/uploads\/2016\/02\/fotonoticia_20160222121026_800-360x239.jpg 360w, https:\/\/www.eldigitaldeasturias.com\/noticias\/wp-content\/uploads\/2016\/02\/fotonoticia_20160222121026_800-768x511.jpg 768w, https:\/\/www.eldigitaldeasturias.com\/noticias\/wp-content\/uploads\/2016\/02\/fotonoticia_20160222121026_800-650x432.jpg 650w, https:\/\/www.eldigitaldeasturias.com\/noticias\/wp-content\/uploads\/2016\/02\/fotonoticia_20160222121026_800-84x55.jpg 84w, https:\/\/www.eldigitaldeasturias.com\/noticias\/wp-content\/uploads\/2016\/02\/fotonoticia_20160222121026_800-49x32.jpg 49w, https:\/\/www.eldigitaldeasturias.com\/noticias\/wp-content\/uploads\/2016\/02\/fotonoticia_20160222121026_800.jpg 800w\" sizes=\"auto, (max-width: 360px) 100vw, 360px\" \/>El grupo Izal ofrecer\u00e1 este viernes, a las 20.30 horas, un concierto en el Teatro de la Laboral en el que presentar\u00e1n &#8216;Copacabana&#8217;, su tercer disco en el que se incluyen temas como &#8216;Peque\u00f1a gran revoluci\u00f3n&#8217; o &#8216;Copacabana&#8217;.<\/p>\n<p>Seg\u00fan indica la Sociedad P\u00fablica de Gesti\u00f3n y Promoci\u00f3n Tur\u00edstica Cultural de Asturias en una nota de prensa, Izal es un grupo de m\u00fasica pop-rock originario de Madrid y formado a finales de 2010 por Mikel Izal (vocalista y compositor), Alejandro Jord\u00e1 (bater\u00eda), Emanuel P\u00e9rez &#8216;Gato&#8217; (bajo), Alberto P\u00e9rez (guitarrista) e Iv\u00e1n Mella (teclados).<\/p>\n<p>Su primer disco fue &#8216;Teletransporte&#8217; y \u00absupuso el punto de partida para un grupo que en su primer a\u00f1o de existencia lleg\u00f3 a ofrecer m\u00e1s de 60 conciertos por toda la geograf\u00eda nacional\u00bb. En marzo de 2012 ver\u00eda la luz &#8216;Magia &amp; Efectos especiales&#8217;, su primer largo, con el que ganar\u00edan el Premio Rolling Stone en la categor\u00eda de Artista Revelaci\u00f3n, entre otros galardones. Adem\u00e1s, ese mismo a\u00f1o sal\u00eda a la venta su segundo trabajo de largo duraci\u00f3n, titulado &#8216;Agujeros de gusano&#8217;.<\/p>\n<p>Las entradas para este concierto est\u00e1n disponibles a un precio de 25 euros para foso, patio de butacas y palcos y de 22 euros para anfiteatro. Las localidades se pueden adquirir en la Recepci\u00f3n de la Laboral, en el Centro Niemeyer en Avil\u00e9s, en el 902 106 601, en entradas.liberbank.es y en la red de cajeros Liberbank.<\/p>\n","protected":false},"excerpt":{"rendered":"<p>El grupo Izal ofrecer\u00e1 este viernes, a las 20.30 horas, un concierto en el Teatro de la Laboral en el que presentar\u00e1n &#8216;Copacabana&#8217;, su tercer disco en el que se incluyen temas como &#8216;Peque\u00f1a gran revoluci\u00f3n&#8217; o &#8216;Copacabana&#8217;. Seg\u00fan indica la Sociedad P\u00fablica de Gesti\u00f3n y Promoci\u00f3n Tur\u00edstica Cultural de Asturias en una nota de [&hellip;]<\/p>\n","protected":false},"author":1,"featured_media":861131,"comment_status":"closed","ping_status":"closed","sticky":false,"template":"","format":"standard","meta":{"footnotes":""},"categories":[2],"tags":[],"class_list":["post-861130","post","type-post","status-publish","format-standard","has-post-thumbnail","hentry","category-agenda"],"aioseo_notices":[],"aioseo_head":"\n\t\t<!-- All in One SEO Pro 4.9.6.2 - aioseo.com -->\n\t<meta name=\"description\" content=\"El grupo Izal ofrecer\u00e1 este viernes, a las 20.30 horas, un concierto en el Teatro de la Laboral en el que presentar\u00e1n &#039;Copacabana&#039;, su tercer disco en el que se incluyen temas como &#039;Peque\u00f1a gran revoluci\u00f3n&#039; o &#039;Copacabana&#039;. Seg\u00fan indica la Sociedad P\u00fablica de Gesti\u00f3n y Promoci\u00f3n Tur\u00edstica Cultural de Asturias en una nota de\" \/>\n\t<meta name=\"robots\" content=\"max-image-preview:large\" \/>\n\t<meta name=\"author\" content=\"El Digital de Asturias\"\/>\n\t<meta name=\"google-site-verification\" content=\"UA-38556648-1\" \/>\n\t<meta name=\"msvalidate.01\" content=\"7dfe9f3f1b24437ab69f4f2559babe99\" \/>\n\t<meta name=\"keywords\" content=\"agenda\" \/>\n\t<link rel=\"canonical\" href=\"https:\/\/www.eldigitaldeasturias.com\/noticias\/izal-presentara-su-disco-copacabana-este-viernes-en-la-laboral\/\" \/>\n\t<meta name=\"generator\" content=\"All in One SEO Pro (AIOSEO) 4.9.6.2\" \/>\n\t\t<meta property=\"og:locale\" content=\"es_ES\" \/>\n\t\t<meta property=\"og:site_name\" content=\"El Digital de Asturias\" \/>\n\t\t<meta property=\"og:type\" content=\"article\" \/>\n\t\t<meta property=\"og:title\" content=\"Izal presentar\u00e1 su disco \u2018Copacabana\u2019 este viernes en la Laboral - El Digital de Asturias\" \/>\n\t\t<meta property=\"og:description\" content=\"El grupo Izal ofrecer\u00e1 este viernes, a las 20.30 horas, un concierto en el Teatro de la Laboral en el que presentar\u00e1n &#039;Copacabana&#039;, su tercer disco en el que se incluyen temas como &#039;Peque\u00f1a gran revoluci\u00f3n&#039; o &#039;Copacabana&#039;. Seg\u00fan indica la Sociedad P\u00fablica de Gesti\u00f3n y Promoci\u00f3n Tur\u00edstica Cultural de Asturias en una nota de\" \/>\n\t\t<meta property=\"og:url\" content=\"https:\/\/www.eldigitaldeasturias.com\/noticias\/izal-presentara-su-disco-copacabana-este-viernes-en-la-laboral\/\" \/>\n\t\t<meta property=\"og:image\" content=\"https:\/\/www.eldigitaldeasturias.com\/noticias\/wp-content\/uploads\/2016\/02\/fotonoticia_20160222121026_800.jpg\" \/>\n\t\t<meta property=\"og:image:secure_url\" content=\"https:\/\/www.eldigitaldeasturias.com\/noticias\/wp-content\/uploads\/2016\/02\/fotonoticia_20160222121026_800.jpg\" \/>\n\t\t<meta property=\"og:image:width\" content=\"800\" \/>\n\t\t<meta property=\"og:image:height\" content=\"532\" \/>\n\t\t<meta property=\"article:tag\" content=\"agenda\" \/>\n\t\t<meta property=\"article:published_time\" content=\"2016-02-23T05:12:49+00:00\" \/>\n\t\t<meta property=\"article:modified_time\" content=\"2016-02-23T05:12:49+00:00\" \/>\n\t\t<meta property=\"article:publisher\" content=\"https:\/\/facebook.com\/eldigitaldeasturias\" \/>\n\t\t<meta name=\"twitter:card\" content=\"summary_large_image\" \/>\n\t\t<meta name=\"twitter:title\" content=\"Izal presentar\u00e1 su disco \u2018Copacabana\u2019 este viernes en la Laboral - El Digital de Asturias\" \/>\n\t\t<meta name=\"twitter:description\" content=\"El grupo Izal ofrecer\u00e1 este viernes, a las 20.30 horas, un concierto en el Teatro de la Laboral en el que presentar\u00e1n &#039;Copacabana&#039;, su tercer disco en el que se incluyen temas como &#039;Peque\u00f1a gran revoluci\u00f3n&#039; o &#039;Copacabana&#039;. Seg\u00fan indica la Sociedad P\u00fablica de Gesti\u00f3n y Promoci\u00f3n Tur\u00edstica Cultural de Asturias en una nota de\" \/>\n\t\t<meta name=\"twitter:image\" content=\"https:\/\/www.eldigitaldeasturias.com\/noticias\/wp-content\/uploads\/2016\/02\/fotonoticia_20160222121026_800.jpg\" \/>\n\t\t<meta name=\"twitter:label1\" content=\"Escrito por\" \/>\n\t\t<meta name=\"twitter:data1\" content=\"El Digital de Asturias\" \/>\n\t\t<meta name=\"twitter:label2\" content=\"Tiempo de lectura estimado\" \/>\n\t\t<meta name=\"twitter:data2\" content=\"1 minuto\" \/>\n\t\t<script type=\"application\/ld+json\" class=\"aioseo-schema\">\n\t\t\t{\"@context\":\"https:\\\/\\\/schema.org\",\"@graph\":[{\"@type\":\"BlogPosting\",\"@id\":\"https:\\\/\\\/www.eldigitaldeasturias.com\\\/noticias\\\/izal-presentara-su-disco-copacabana-este-viernes-en-la-laboral\\\/#blogposting\",\"name\":\"Izal presentar\\u00e1 su disco \\u2018Copacabana\\u2019 este viernes en la Laboral - El Digital de Asturias\",\"headline\":\"Izal presentar\\u00e1 su disco &#8216;Copacabana&#8217; este viernes en la Laboral\",\"author\":{\"@id\":\"https:\\\/\\\/www.eldigitaldeasturias.com\\\/noticias\\\/author\\\/admin\\\/#author\"},\"publisher\":{\"@id\":\"https:\\\/\\\/www.eldigitaldeasturias.com\\\/noticias\\\/#organization\"},\"image\":{\"@type\":\"ImageObject\",\"url\":\"https:\\\/\\\/www.eldigitaldeasturias.com\\\/noticias\\\/wp-content\\\/uploads\\\/2016\\\/02\\\/fotonoticia_20160222121026_800.jpg\",\"width\":800,\"height\":532},\"datePublished\":\"2016-02-23T05:12:49+01:00\",\"dateModified\":\"2016-02-23T05:12:49+01:00\",\"inLanguage\":\"es-ES\",\"mainEntityOfPage\":{\"@id\":\"https:\\\/\\\/www.eldigitaldeasturias.com\\\/noticias\\\/izal-presentara-su-disco-copacabana-este-viernes-en-la-laboral\\\/#webpage\"},\"isPartOf\":{\"@id\":\"https:\\\/\\\/www.eldigitaldeasturias.com\\\/noticias\\\/izal-presentara-su-disco-copacabana-este-viernes-en-la-laboral\\\/#webpage\"},\"articleSection\":\"Agenda\"},{\"@type\":\"BreadcrumbList\",\"@id\":\"https:\\\/\\\/www.eldigitaldeasturias.com\\\/noticias\\\/izal-presentara-su-disco-copacabana-este-viernes-en-la-laboral\\\/#breadcrumblist\",\"itemListElement\":[{\"@type\":\"ListItem\",\"@id\":\"https:\\\/\\\/www.eldigitaldeasturias.com\\\/noticias#listItem\",\"position\":1,\"name\":\"Home\",\"item\":\"https:\\\/\\\/www.eldigitaldeasturias.com\\\/noticias\",\"nextItem\":{\"@type\":\"ListItem\",\"@id\":\"https:\\\/\\\/www.eldigitaldeasturias.com\\\/noticias\\\/category\\\/agenda\\\/#listItem\",\"name\":\"Agenda\"}},{\"@type\":\"ListItem\",\"@id\":\"https:\\\/\\\/www.eldigitaldeasturias.com\\\/noticias\\\/category\\\/agenda\\\/#listItem\",\"position\":2,\"name\":\"Agenda\",\"item\":\"https:\\\/\\\/www.eldigitaldeasturias.com\\\/noticias\\\/category\\\/agenda\\\/\",\"nextItem\":{\"@type\":\"ListItem\",\"@id\":\"https:\\\/\\\/www.eldigitaldeasturias.com\\\/noticias\\\/izal-presentara-su-disco-copacabana-este-viernes-en-la-laboral\\\/#listItem\",\"name\":\"Izal presentar\\u00e1 su disco &#8216;Copacabana&#8217; este viernes en la Laboral\"},\"previousItem\":{\"@type\":\"ListItem\",\"@id\":\"https:\\\/\\\/www.eldigitaldeasturias.com\\\/noticias#listItem\",\"name\":\"Home\"}},{\"@type\":\"ListItem\",\"@id\":\"https:\\\/\\\/www.eldigitaldeasturias.com\\\/noticias\\\/izal-presentara-su-disco-copacabana-este-viernes-en-la-laboral\\\/#listItem\",\"position\":3,\"name\":\"Izal presentar\\u00e1 su disco &#8216;Copacabana&#8217; este viernes en la Laboral\",\"previousItem\":{\"@type\":\"ListItem\",\"@id\":\"https:\\\/\\\/www.eldigitaldeasturias.com\\\/noticias\\\/category\\\/agenda\\\/#listItem\",\"name\":\"Agenda\"}}]},{\"@type\":\"Organization\",\"@id\":\"https:\\\/\\\/www.eldigitaldeasturias.com\\\/noticias\\\/#organization\",\"name\":\"El Digital de Asturias\",\"description\":\"Hemeroteca\",\"url\":\"https:\\\/\\\/www.eldigitaldeasturias.com\\\/noticias\\\/\",\"email\":\"info@eldigitaldeasturias.com\",\"telephone\":\"+34652131393\",\"logo\":{\"@type\":\"ImageObject\",\"url\":\"https:\\\/\\\/www.eldigitaldeasturias.com\\\/noticias\\\/wp-content\\\/uploads\\\/2020\\\/12\\\/EDA.jpg\",\"@id\":\"https:\\\/\\\/www.eldigitaldeasturias.com\\\/noticias\\\/izal-presentara-su-disco-copacabana-este-viernes-en-la-laboral\\\/#organizationLogo\",\"width\":649,\"height\":297},\"image\":{\"@id\":\"https:\\\/\\\/www.eldigitaldeasturias.com\\\/noticias\\\/izal-presentara-su-disco-copacabana-este-viernes-en-la-laboral\\\/#organizationLogo\"},\"sameAs\":[\"https:\\\/\\\/facebook.com\\\/eldigitaldeasturias\",\"https:\\\/\\\/www.youtube.com\\\/channel\\\/UCZP-2wLEB9Rv6erhFmqVnvg\"],\"address\":{\"@id\":\"https:\\\/\\\/www.eldigitaldeasturias.com\\\/noticias\\\/#postaladdress\",\"@type\":\"PostalAddress\",\"streetAddress\":\"san antonio 4,\",\"postalCode\":\"33430\",\"addressLocality\":\"Cand\\u00e1s\",\"addressRegion\":\"Asturias\",\"addressCountry\":\"ES\"}},{\"@type\":\"Person\",\"@id\":\"https:\\\/\\\/www.eldigitaldeasturias.com\\\/noticias\\\/author\\\/admin\\\/#author\",\"url\":\"https:\\\/\\\/www.eldigitaldeasturias.com\\\/noticias\\\/author\\\/admin\\\/\",\"name\":\"El Digital de Asturias\",\"image\":{\"@type\":\"ImageObject\",\"@id\":\"https:\\\/\\\/www.eldigitaldeasturias.com\\\/noticias\\\/izal-presentara-su-disco-copacabana-este-viernes-en-la-laboral\\\/#authorImage\",\"url\":\"https:\\\/\\\/www.eldigitaldeasturias.com\\\/noticias\\\/wp-content\\\/litespeed\\\/avatar\\\/18677e78aa0546b92d9dbf31ec7d7668.jpg?ver=1777290358\",\"width\":96,\"height\":96,\"caption\":\"El Digital de Asturias\"}},{\"@type\":\"WebPage\",\"@id\":\"https:\\\/\\\/www.eldigitaldeasturias.com\\\/noticias\\\/izal-presentara-su-disco-copacabana-este-viernes-en-la-laboral\\\/#webpage\",\"url\":\"https:\\\/\\\/www.eldigitaldeasturias.com\\\/noticias\\\/izal-presentara-su-disco-copacabana-este-viernes-en-la-laboral\\\/\",\"name\":\"Izal presentar\\u00e1 su disco \\u2018Copacabana\\u2019 este viernes en la Laboral - El Digital de Asturias\",\"description\":\"El grupo Izal ofrecer\\u00e1 este viernes, a las 20.30 horas, un concierto en el Teatro de la Laboral en el que presentar\\u00e1n 'Copacabana', su tercer disco en el que se incluyen temas como 'Peque\\u00f1a gran revoluci\\u00f3n' o 'Copacabana'. Seg\\u00fan indica la Sociedad P\\u00fablica de Gesti\\u00f3n y Promoci\\u00f3n Tur\\u00edstica Cultural de Asturias en una nota de\",\"inLanguage\":\"es-ES\",\"isPartOf\":{\"@id\":\"https:\\\/\\\/www.eldigitaldeasturias.com\\\/noticias\\\/#website\"},\"breadcrumb\":{\"@id\":\"https:\\\/\\\/www.eldigitaldeasturias.com\\\/noticias\\\/izal-presentara-su-disco-copacabana-este-viernes-en-la-laboral\\\/#breadcrumblist\"},\"author\":{\"@id\":\"https:\\\/\\\/www.eldigitaldeasturias.com\\\/noticias\\\/author\\\/admin\\\/#author\"},\"creator\":{\"@id\":\"https:\\\/\\\/www.eldigitaldeasturias.com\\\/noticias\\\/author\\\/admin\\\/#author\"},\"image\":{\"@type\":\"ImageObject\",\"url\":\"https:\\\/\\\/www.eldigitaldeasturias.com\\\/noticias\\\/wp-content\\\/uploads\\\/2016\\\/02\\\/fotonoticia_20160222121026_800.jpg\",\"@id\":\"https:\\\/\\\/www.eldigitaldeasturias.com\\\/noticias\\\/izal-presentara-su-disco-copacabana-este-viernes-en-la-laboral\\\/#mainImage\",\"width\":800,\"height\":532},\"primaryImageOfPage\":{\"@id\":\"https:\\\/\\\/www.eldigitaldeasturias.com\\\/noticias\\\/izal-presentara-su-disco-copacabana-este-viernes-en-la-laboral\\\/#mainImage\"},\"datePublished\":\"2016-02-23T05:12:49+01:00\",\"dateModified\":\"2016-02-23T05:12:49+01:00\"},{\"@type\":\"WebSite\",\"@id\":\"https:\\\/\\\/www.eldigitaldeasturias.com\\\/noticias\\\/#website\",\"url\":\"https:\\\/\\\/www.eldigitaldeasturias.com\\\/noticias\\\/\",\"name\":\"El Digital de Asturias - Diario de actualidad y noticias\",\"alternateName\":\"El Digital de Asturias - Diario de actualidad y noticias\",\"description\":\"Hemeroteca\",\"inLanguage\":\"es-ES\",\"publisher\":{\"@id\":\"https:\\\/\\\/www.eldigitaldeasturias.com\\\/noticias\\\/#organization\"}}]}\n\t\t<\/script>\n\t\t<!-- All in One SEO Pro -->\r\n\t\t<title>Izal presentar\u00e1 su disco \u2018Copacabana\u2019 este viernes en la Laboral - El Digital de Asturias<\/title>\n\n","aioseo_head_json":{"title":"Izal presentar\u00e1 su disco \u2018Copacabana\u2019 este viernes en la Laboral - El Digital de Asturias","description":"El grupo Izal ofrecer\u00e1 este viernes, a las 20.30 horas, un concierto en el Teatro de la Laboral en el que presentar\u00e1n 'Copacabana', su tercer disco en el que se incluyen temas como 'Peque\u00f1a gran revoluci\u00f3n' o 'Copacabana'. Seg\u00fan indica la Sociedad P\u00fablica de Gesti\u00f3n y Promoci\u00f3n Tur\u00edstica Cultural de Asturias en una nota de","canonical_url":"https:\/\/www.eldigitaldeasturias.com\/noticias\/izal-presentara-su-disco-copacabana-este-viernes-en-la-laboral\/","robots":"max-image-preview:large","keywords":"agenda","webmasterTools":{"google-site-verification":"UA-38556648-1","msvalidate.01":"7dfe9f3f1b24437ab69f4f2559babe99","miscellaneous":""},"schema":{"@context":"https:\/\/schema.org","@graph":[{"@type":"BlogPosting","@id":"https:\/\/www.eldigitaldeasturias.com\/noticias\/izal-presentara-su-disco-copacabana-este-viernes-en-la-laboral\/#blogposting","name":"Izal presentar\u00e1 su disco \u2018Copacabana\u2019 este viernes en la Laboral - El Digital de Asturias","headline":"Izal presentar\u00e1 su disco &#8216;Copacabana&#8217; este viernes en la Laboral","author":{"@id":"https:\/\/www.eldigitaldeasturias.com\/noticias\/author\/admin\/#author"},"publisher":{"@id":"https:\/\/www.eldigitaldeasturias.com\/noticias\/#organization"},"image":{"@type":"ImageObject","url":"https:\/\/www.eldigitaldeasturias.com\/noticias\/wp-content\/uploads\/2016\/02\/fotonoticia_20160222121026_800.jpg","width":800,"height":532},"datePublished":"2016-02-23T05:12:49+01:00","dateModified":"2016-02-23T05:12:49+01:00","inLanguage":"es-ES","mainEntityOfPage":{"@id":"https:\/\/www.eldigitaldeasturias.com\/noticias\/izal-presentara-su-disco-copacabana-este-viernes-en-la-laboral\/#webpage"},"isPartOf":{"@id":"https:\/\/www.eldigitaldeasturias.com\/noticias\/izal-presentara-su-disco-copacabana-este-viernes-en-la-laboral\/#webpage"},"articleSection":"Agenda"},{"@type":"BreadcrumbList","@id":"https:\/\/www.eldigitaldeasturias.com\/noticias\/izal-presentara-su-disco-copacabana-este-viernes-en-la-laboral\/#breadcrumblist","itemListElement":[{"@type":"ListItem","@id":"https:\/\/www.eldigitaldeasturias.com\/noticias#listItem","position":1,"name":"Home","item":"https:\/\/www.eldigitaldeasturias.com\/noticias","nextItem":{"@type":"ListItem","@id":"https:\/\/www.eldigitaldeasturias.com\/noticias\/category\/agenda\/#listItem","name":"Agenda"}},{"@type":"ListItem","@id":"https:\/\/www.eldigitaldeasturias.com\/noticias\/category\/agenda\/#listItem","position":2,"name":"Agenda","item":"https:\/\/www.eldigitaldeasturias.com\/noticias\/category\/agenda\/","nextItem":{"@type":"ListItem","@id":"https:\/\/www.eldigitaldeasturias.com\/noticias\/izal-presentara-su-disco-copacabana-este-viernes-en-la-laboral\/#listItem","name":"Izal presentar\u00e1 su disco &#8216;Copacabana&#8217; este viernes en la Laboral"},"previousItem":{"@type":"ListItem","@id":"https:\/\/www.eldigitaldeasturias.com\/noticias#listItem","name":"Home"}},{"@type":"ListItem","@id":"https:\/\/www.eldigitaldeasturias.com\/noticias\/izal-presentara-su-disco-copacabana-este-viernes-en-la-laboral\/#listItem","position":3,"name":"Izal presentar\u00e1 su disco &#8216;Copacabana&#8217; este viernes en la Laboral","previousItem":{"@type":"ListItem","@id":"https:\/\/www.eldigitaldeasturias.com\/noticias\/category\/agenda\/#listItem","name":"Agenda"}}]},{"@type":"Organization","@id":"https:\/\/www.eldigitaldeasturias.com\/noticias\/#organization","name":"El Digital de Asturias","description":"Hemeroteca","url":"https:\/\/www.eldigitaldeasturias.com\/noticias\/","email":"info@eldigitaldeasturias.com","telephone":"+34652131393","logo":{"@type":"ImageObject","url":"https:\/\/www.eldigitaldeasturias.com\/noticias\/wp-content\/uploads\/2020\/12\/EDA.jpg","@id":"https:\/\/www.eldigitaldeasturias.com\/noticias\/izal-presentara-su-disco-copacabana-este-viernes-en-la-laboral\/#organizationLogo","width":649,"height":297},"image":{"@id":"https:\/\/www.eldigitaldeasturias.com\/noticias\/izal-presentara-su-disco-copacabana-este-viernes-en-la-laboral\/#organizationLogo"},"sameAs":["https:\/\/facebook.com\/eldigitaldeasturias","https:\/\/www.youtube.com\/channel\/UCZP-2wLEB9Rv6erhFmqVnvg"],"address":{"@id":"https:\/\/www.eldigitaldeasturias.com\/noticias\/#postaladdress","@type":"PostalAddress","streetAddress":"san antonio 4,","postalCode":"33430","addressLocality":"Cand\u00e1s","addressRegion":"Asturias","addressCountry":"ES"}},{"@type":"Person","@id":"https:\/\/www.eldigitaldeasturias.com\/noticias\/author\/admin\/#author","url":"https:\/\/www.eldigitaldeasturias.com\/noticias\/author\/admin\/","name":"El Digital de Asturias","image":{"@type":"ImageObject","@id":"https:\/\/www.eldigitaldeasturias.com\/noticias\/izal-presentara-su-disco-copacabana-este-viernes-en-la-laboral\/#authorImage","url":"https:\/\/www.eldigitaldeasturias.com\/noticias\/wp-content\/litespeed\/avatar\/18677e78aa0546b92d9dbf31ec7d7668.jpg?ver=1777290358","width":96,"height":96,"caption":"El Digital de Asturias"}},{"@type":"WebPage","@id":"https:\/\/www.eldigitaldeasturias.com\/noticias\/izal-presentara-su-disco-copacabana-este-viernes-en-la-laboral\/#webpage","url":"https:\/\/www.eldigitaldeasturias.com\/noticias\/izal-presentara-su-disco-copacabana-este-viernes-en-la-laboral\/","name":"Izal presentar\u00e1 su disco \u2018Copacabana\u2019 este viernes en la Laboral - El Digital de Asturias","description":"El grupo Izal ofrecer\u00e1 este viernes, a las 20.30 horas, un concierto en el Teatro de la Laboral en el que presentar\u00e1n 'Copacabana', su tercer disco en el que se incluyen temas como 'Peque\u00f1a gran revoluci\u00f3n' o 'Copacabana'. Seg\u00fan indica la Sociedad P\u00fablica de Gesti\u00f3n y Promoci\u00f3n Tur\u00edstica Cultural de Asturias en una nota de","inLanguage":"es-ES","isPartOf":{"@id":"https:\/\/www.eldigitaldeasturias.com\/noticias\/#website"},"breadcrumb":{"@id":"https:\/\/www.eldigitaldeasturias.com\/noticias\/izal-presentara-su-disco-copacabana-este-viernes-en-la-laboral\/#breadcrumblist"},"author":{"@id":"https:\/\/www.eldigitaldeasturias.com\/noticias\/author\/admin\/#author"},"creator":{"@id":"https:\/\/www.eldigitaldeasturias.com\/noticias\/author\/admin\/#author"},"image":{"@type":"ImageObject","url":"https:\/\/www.eldigitaldeasturias.com\/noticias\/wp-content\/uploads\/2016\/02\/fotonoticia_20160222121026_800.jpg","@id":"https:\/\/www.eldigitaldeasturias.com\/noticias\/izal-presentara-su-disco-copacabana-este-viernes-en-la-laboral\/#mainImage","width":800,"height":532},"primaryImageOfPage":{"@id":"https:\/\/www.eldigitaldeasturias.com\/noticias\/izal-presentara-su-disco-copacabana-este-viernes-en-la-laboral\/#mainImage"},"datePublished":"2016-02-23T05:12:49+01:00","dateModified":"2016-02-23T05:12:49+01:00"},{"@type":"WebSite","@id":"https:\/\/www.eldigitaldeasturias.com\/noticias\/#website","url":"https:\/\/www.eldigitaldeasturias.com\/noticias\/","name":"El Digital de Asturias - Diario de actualidad y noticias","alternateName":"El Digital de Asturias - Diario de actualidad y noticias","description":"Hemeroteca","inLanguage":"es-ES","publisher":{"@id":"https:\/\/www.eldigitaldeasturias.com\/noticias\/#organization"}}]},"og:locale":"es_ES","og:site_name":"El Digital de Asturias","og:type":"article","og:title":"Izal presentar\u00e1 su disco \u2018Copacabana\u2019 este viernes en la Laboral - El Digital de Asturias","og:description":"El grupo Izal ofrecer\u00e1 este viernes, a las 20.30 horas, un concierto en el Teatro de la Laboral en el que presentar\u00e1n 'Copacabana', su tercer disco en el que se incluyen temas como 'Peque\u00f1a gran revoluci\u00f3n' o 'Copacabana'. Seg\u00fan indica la Sociedad P\u00fablica de Gesti\u00f3n y Promoci\u00f3n Tur\u00edstica Cultural de Asturias en una nota de","og:url":"https:\/\/www.eldigitaldeasturias.com\/noticias\/izal-presentara-su-disco-copacabana-este-viernes-en-la-laboral\/","og:image":"https:\/\/www.eldigitaldeasturias.com\/noticias\/wp-content\/uploads\/2016\/02\/fotonoticia_20160222121026_800.jpg","og:image:secure_url":"https:\/\/www.eldigitaldeasturias.com\/noticias\/wp-content\/uploads\/2016\/02\/fotonoticia_20160222121026_800.jpg","og:image:width":800,"og:image:height":532,"article:tag":["agenda"],"article:published_time":"2016-02-23T05:12:49+00:00","article:modified_time":"2016-02-23T05:12:49+00:00","article:publisher":"https:\/\/facebook.com\/eldigitaldeasturias","twitter:card":"summary_large_image","twitter:title":"Izal presentar\u00e1 su disco \u2018Copacabana\u2019 este viernes en la Laboral - El Digital de Asturias","twitter:description":"El grupo Izal ofrecer\u00e1 este viernes, a las 20.30 horas, un concierto en el Teatro de la Laboral en el que presentar\u00e1n 'Copacabana', su tercer disco en el que se incluyen temas como 'Peque\u00f1a gran revoluci\u00f3n' o 'Copacabana'. Seg\u00fan indica la Sociedad P\u00fablica de Gesti\u00f3n y Promoci\u00f3n Tur\u00edstica Cultural de Asturias en una nota de","twitter:image":"https:\/\/www.eldigitaldeasturias.com\/noticias\/wp-content\/uploads\/2016\/02\/fotonoticia_20160222121026_800.jpg","twitter:label1":"Escrito por","twitter:data1":"El Digital de Asturias","twitter:label2":"Tiempo de lectura estimado","twitter:data2":"1 minuto"},"aioseo_meta_data":{"post_id":"861130","title":null,"description":null,"keywords":null,"keyphrases":null,"primary_term":null,"canonical_url":null,"og_title":null,"og_description":null,"og_object_type":"default","og_image_type":"default","og_image_url":null,"og_image_width":null,"og_image_height":null,"og_image_custom_url":null,"og_image_custom_fields":null,"og_video":null,"og_custom_url":null,"og_article_section":null,"og_article_tags":null,"twitter_use_og":false,"twitter_card":"default","twitter_image_type":"default","twitter_image_url":null,"twitter_image_custom_url":null,"twitter_image_custom_fields":null,"twitter_title":null,"twitter_description":null,"schema":{"blockGraphs":[],"customGraphs":[],"default":{"data":{"Article":[],"Course":[],"Dataset":[],"FAQPage":[],"Movie":[],"Person":[],"Product":[],"ProductReview":[],"Car":[],"Recipe":[],"Service":[],"SoftwareApplication":[],"WebPage":[]},"graphName":"","isEnabled":true},"graphs":[],"defaultGraph":"","defaultPostTypeGraph":""},"schema_type":null,"schema_type_options":null,"pillar_content":false,"robots_default":true,"robots_noindex":false,"robots_noarchive":false,"robots_nosnippet":false,"robots_nofollow":false,"robots_noimageindex":false,"robots_noodp":false,"robots_notranslate":false,"robots_max_snippet":null,"robots_max_videopreview":null,"robots_max_imagepreview":"large","priority":null,"frequency":null,"local_seo":null,"seo_analyzer_scan_date":"2025-12-10 20:09:07","breadcrumb_settings":null,"limit_modified_date":false,"open_ai":null,"ai":null,"created":"2021-01-23 14:59:12","updated":"2025-12-10 20:09:07"},"aioseo_breadcrumb":"<div class=\"aioseo-breadcrumbs\"><span class=\"aioseo-breadcrumb\">\n\t<a href=\"https:\/\/www.eldigitaldeasturias.com\/noticias\" title=\"Home\">Home<\/a>\n<\/span><span class=\"aioseo-breadcrumb-separator\">\u2013<\/span><span class=\"aioseo-breadcrumb\">\n\t<a href=\"https:\/\/www.eldigitaldeasturias.com\/noticias\/category\/agenda\/\" title=\"Agenda\">Agenda<\/a>\n<\/span><span class=\"aioseo-breadcrumb-separator\">\u2013<\/span><span class=\"aioseo-breadcrumb\">\n\t<a href=\"https:\/\/www.eldigitaldeasturias.com\/noticias\/izal-presentara-su-disco-copacabana-este-viernes-en-la-laboral\/\" title=\"Izal presentar\u00e1 su disco \u2018Copacabana\u2019 este viernes en la Laboral\">Izal presentar\u00e1 su disco \u2018Copacabana\u2019 este viernes en la Laboral<\/a>\n<\/span><\/div>","aioseo_breadcrumb_json":[{"label":"Home","link":"https:\/\/www.eldigitaldeasturias.com\/noticias"},{"label":"Agenda","link":"https:\/\/www.eldigitaldeasturias.com\/noticias\/category\/agenda\/"},{"label":"Izal presentar\u00e1 su disco &#8216;Copacabana&#8217; este viernes en la Laboral","link":"https:\/\/www.eldigitaldeasturias.com\/noticias\/izal-presentara-su-disco-copacabana-este-viernes-en-la-laboral\/"}],"_links":{"self":[{"href":"https:\/\/www.eldigitaldeasturias.com\/noticias\/wp-json\/wp\/v2\/posts\/861130","targetHints":{"allow":["GET"]}}],"collection":[{"href":"https:\/\/www.eldigitaldeasturias.com\/noticias\/wp-json\/wp\/v2\/posts"}],"about":[{"href":"https:\/\/www.eldigitaldeasturias.com\/noticias\/wp-json\/wp\/v2\/types\/post"}],"author":[{"embeddable":true,"href":"https:\/\/www.eldigitaldeasturias.com\/noticias\/wp-json\/wp\/v2\/users\/1"}],"replies":[{"embeddable":true,"href":"https:\/\/www.eldigitaldeasturias.com\/noticias\/wp-json\/wp\/v2\/comments?post=861130"}],"version-history":[{"count":0,"href":"https:\/\/www.eldigitaldeasturias.com\/noticias\/wp-json\/wp\/v2\/posts\/861130\/revisions"}],"wp:featuredmedia":[{"embeddable":true,"href":"https:\/\/www.eldigitaldeasturias.com\/noticias\/wp-json\/wp\/v2\/media\/861131"}],"wp:attachment":[{"href":"https:\/\/www.eldigitaldeasturias.com\/noticias\/wp-json\/wp\/v2\/media?parent=861130"}],"wp:term":[{"taxonomy":"category","embeddable":true,"href":"https:\/\/www.eldigitaldeasturias.com\/noticias\/wp-json\/wp\/v2\/categories?post=861130"},{"taxonomy":"post_tag","embeddable":true,"href":"https:\/\/www.eldigitaldeasturias.com\/noticias\/wp-json\/wp\/v2\/tags?post=861130"}],"curies":[{"name":"wp","href":"https:\/\/api.w.org\/{rel}","templated":true}]}}