{"id":861128,"date":"2016-02-23T05:10:49","date_gmt":"2016-02-23T05:10:49","guid":{"rendered":"http:\/\/www.eldigitaldeasturias.com\/noticias\/?p=861128"},"modified":"2016-02-23T05:10:49","modified_gmt":"2016-02-23T05:10:49","slug":"cuatro-adolescentes-de-aviles-asesoraran-a-vitoria-sobre-participacion-infantil","status":"publish","type":"post","link":"https:\/\/www.eldigitaldeasturias.com\/noticias\/cuatro-adolescentes-de-aviles-asesoraran-a-vitoria-sobre-participacion-infantil\/","title":{"rendered":"Cuatro adolescentes de Avil\u00e9s asesorar\u00e1n a Vitoria sobre participaci\u00f3n infantil"},"content":{"rendered":"<p><img loading=\"lazy\" decoding=\"async\" class=\"alignleft size-medium wp-image-801268\" src=\"https:\/\/www.eldigitaldeasturias.com\/noticias\/wp-content\/uploads\/2015\/08\/aula-360x270.jpg\" alt=\"aula\" width=\"360\" height=\"270\" srcset=\"https:\/\/www.eldigitaldeasturias.com\/noticias\/wp-content\/uploads\/2015\/08\/aula-360x270.jpg 360w, https:\/\/www.eldigitaldeasturias.com\/noticias\/wp-content\/uploads\/2015\/08\/aula-400x300.jpg 400w, https:\/\/www.eldigitaldeasturias.com\/noticias\/wp-content\/uploads\/2015\/08\/aula-768x576.jpg 768w, https:\/\/www.eldigitaldeasturias.com\/noticias\/wp-content\/uploads\/2015\/08\/aula-640x480.jpg 640w, https:\/\/www.eldigitaldeasturias.com\/noticias\/wp-content\/uploads\/2015\/08\/aula-20x15.jpg 20w, https:\/\/www.eldigitaldeasturias.com\/noticias\/wp-content\/uploads\/2015\/08\/aula.jpg 800w\" sizes=\"auto, (max-width: 360px) 100vw, 360px\" \/>Cuatro adolescentes avilesinos que forman parte del Consejo de Infancia y Adolescencia de Avil\u00e9s asesorar\u00e1n a Vitoria sobre la participaci\u00f3n infantil y trasladar\u00e1n la experiencia de Avil\u00e9s. Asistir\u00e1n al primer Encuentro municipal de participaci\u00f3n infantil y adolescente en Vitoria, organizado por el Ayuntamiento de esa ciudad y UNICEF del Pa\u00eds Vasco los d\u00edas 25 y 26 de febrero.<\/p>\n<p>Participar\u00e1n un total de 60 ni\u00f1os y adolescentes de entre 9 y 14 a\u00f1os, con el objetivo de impulsar la participaci\u00f3n infantil en el \u00e1mbito local. Los avilesinos participar\u00e1n en calidad de \u00abexpertos\u00bb, seg\u00fan ha informado este lunes el Ayuntamiento de Avil\u00e9s.<\/p>\n<p>Explicar\u00e1n al resto de asistentes qu\u00e9 es el consejo, qu\u00e9 actuaciones han desarrollado a lo largo de estos a\u00f1os, c\u00f3mo se organizan y funcionan, as\u00ed c\u00f3mo trabajan y se coordinan con otros grupos de otros municipios y comunidades aut\u00f3nomas.<\/p>\n<p>Una vez que presenten sus experiencias colaborar\u00e1n en los grupos de trabajo para ayudar al resto de participantes en las din\u00e1micas de debate sobre la participaci\u00f3n infantil en Vitoria. Los grupos locales pondr\u00e1n en com\u00fan lo que hacen, su opini\u00f3n sobre la ciudad, y las cosas que se les ocurran para mejorarla, lo cual se recoger\u00e1 posteriormente en un manifiesto que entregar\u00e1n a las autoridades en la clausura.<\/p>\n","protected":false},"excerpt":{"rendered":"<p>Cuatro adolescentes avilesinos que forman parte del Consejo de Infancia y Adolescencia de Avil\u00e9s asesorar\u00e1n a Vitoria sobre la participaci\u00f3n infantil y trasladar\u00e1n la experiencia de Avil\u00e9s. Asistir\u00e1n al primer Encuentro municipal de participaci\u00f3n infantil y adolescente en Vitoria, organizado por el Ayuntamiento de esa ciudad y UNICEF del Pa\u00eds Vasco los d\u00edas 25 y [&hellip;]<\/p>\n","protected":false},"author":1,"featured_media":801268,"comment_status":"closed","ping_status":"closed","sticky":false,"template":"","format":"standard","meta":{"footnotes":""},"categories":[12],"tags":[],"class_list":["post-861128","post","type-post","status-publish","format-standard","has-post-thumbnail","hentry","category-actualidad-asturias"],"aioseo_notices":[],"aioseo_head":"\n\t\t<!-- All in One SEO Pro 4.9.6.2 - aioseo.com -->\n\t<meta name=\"description\" content=\"Cuatro adolescentes avilesinos que forman parte del Consejo de Infancia y Adolescencia de Avil\u00e9s asesorar\u00e1n a Vitoria sobre la participaci\u00f3n infantil y trasladar\u00e1n la experiencia de Avil\u00e9s. Asistir\u00e1n al primer Encuentro municipal de participaci\u00f3n infantil y adolescente en Vitoria, organizado por el Ayuntamiento de esa ciudad y UNICEF del Pa\u00eds Vasco los d\u00edas 25 y\" \/>\n\t<meta name=\"robots\" content=\"max-image-preview:large\" \/>\n\t<meta name=\"author\" content=\"El Digital de Asturias\"\/>\n\t<meta name=\"google-site-verification\" content=\"UA-38556648-1\" \/>\n\t<meta name=\"msvalidate.01\" content=\"7dfe9f3f1b24437ab69f4f2559babe99\" \/>\n\t<meta name=\"keywords\" content=\"actualidad asturias\" \/>\n\t<link rel=\"canonical\" href=\"https:\/\/www.eldigitaldeasturias.com\/noticias\/cuatro-adolescentes-de-aviles-asesoraran-a-vitoria-sobre-participacion-infantil\/\" \/>\n\t<meta name=\"generator\" content=\"All in One SEO Pro (AIOSEO) 4.9.6.2\" \/>\n\t\t<meta property=\"og:locale\" content=\"es_ES\" \/>\n\t\t<meta property=\"og:site_name\" content=\"El Digital de Asturias\" \/>\n\t\t<meta property=\"og:type\" content=\"article\" \/>\n\t\t<meta property=\"og:title\" content=\"Cuatro adolescentes de Avil\u00e9s asesorar\u00e1n a Vitoria sobre participaci\u00f3n infantil - El Digital de Asturias\" \/>\n\t\t<meta property=\"og:description\" content=\"Cuatro adolescentes avilesinos que forman parte del Consejo de Infancia y Adolescencia de Avil\u00e9s asesorar\u00e1n a Vitoria sobre la participaci\u00f3n infantil y trasladar\u00e1n la experiencia de Avil\u00e9s. Asistir\u00e1n al primer Encuentro municipal de participaci\u00f3n infantil y adolescente en Vitoria, organizado por el Ayuntamiento de esa ciudad y UNICEF del Pa\u00eds Vasco los d\u00edas 25 y\" \/>\n\t\t<meta property=\"og:url\" content=\"https:\/\/www.eldigitaldeasturias.com\/noticias\/cuatro-adolescentes-de-aviles-asesoraran-a-vitoria-sobre-participacion-infantil\/\" \/>\n\t\t<meta property=\"og:image\" content=\"https:\/\/www.eldigitaldeasturias.com\/noticias\/wp-content\/uploads\/2015\/08\/aula.jpg\" \/>\n\t\t<meta property=\"og:image:secure_url\" content=\"https:\/\/www.eldigitaldeasturias.com\/noticias\/wp-content\/uploads\/2015\/08\/aula.jpg\" \/>\n\t\t<meta property=\"og:image:width\" content=\"800\" \/>\n\t\t<meta property=\"og:image:height\" content=\"600\" \/>\n\t\t<meta property=\"article:tag\" content=\"actualidad asturias\" \/>\n\t\t<meta property=\"article:published_time\" content=\"2016-02-23T05:10:49+00:00\" \/>\n\t\t<meta property=\"article:modified_time\" content=\"2016-02-23T05:10:49+00:00\" \/>\n\t\t<meta property=\"article:publisher\" content=\"https:\/\/facebook.com\/eldigitaldeasturias\" \/>\n\t\t<meta name=\"twitter:card\" content=\"summary_large_image\" \/>\n\t\t<meta name=\"twitter:title\" content=\"Cuatro adolescentes de Avil\u00e9s asesorar\u00e1n a Vitoria sobre participaci\u00f3n infantil - El Digital de Asturias\" \/>\n\t\t<meta name=\"twitter:description\" content=\"Cuatro adolescentes avilesinos que forman parte del Consejo de Infancia y Adolescencia de Avil\u00e9s asesorar\u00e1n a Vitoria sobre la participaci\u00f3n infantil y trasladar\u00e1n la experiencia de Avil\u00e9s. Asistir\u00e1n al primer Encuentro municipal de participaci\u00f3n infantil y adolescente en Vitoria, organizado por el Ayuntamiento de esa ciudad y UNICEF del Pa\u00eds Vasco los d\u00edas 25 y\" \/>\n\t\t<meta name=\"twitter:image\" content=\"https:\/\/www.eldigitaldeasturias.com\/noticias\/wp-content\/uploads\/2015\/08\/aula.jpg\" \/>\n\t\t<meta name=\"twitter:label1\" content=\"Escrito por\" \/>\n\t\t<meta name=\"twitter:data1\" content=\"El Digital de Asturias\" \/>\n\t\t<meta name=\"twitter:label2\" content=\"Tiempo de lectura estimado\" \/>\n\t\t<meta name=\"twitter:data2\" content=\"1 minuto\" \/>\n\t\t<script type=\"application\/ld+json\" class=\"aioseo-schema\">\n\t\t\t{\"@context\":\"https:\\\/\\\/schema.org\",\"@graph\":[{\"@type\":\"BlogPosting\",\"@id\":\"https:\\\/\\\/www.eldigitaldeasturias.com\\\/noticias\\\/cuatro-adolescentes-de-aviles-asesoraran-a-vitoria-sobre-participacion-infantil\\\/#blogposting\",\"name\":\"Cuatro adolescentes de Avil\\u00e9s asesorar\\u00e1n a Vitoria sobre participaci\\u00f3n infantil - El Digital de Asturias\",\"headline\":\"Cuatro adolescentes de Avil\\u00e9s asesorar\\u00e1n a Vitoria sobre participaci\\u00f3n infantil\",\"author\":{\"@id\":\"https:\\\/\\\/www.eldigitaldeasturias.com\\\/noticias\\\/author\\\/admin\\\/#author\"},\"publisher\":{\"@id\":\"https:\\\/\\\/www.eldigitaldeasturias.com\\\/noticias\\\/#organization\"},\"image\":{\"@type\":\"ImageObject\",\"url\":\"https:\\\/\\\/www.eldigitaldeasturias.com\\\/noticias\\\/wp-content\\\/uploads\\\/2015\\\/08\\\/aula.jpg\",\"width\":800,\"height\":600},\"datePublished\":\"2016-02-23T05:10:49+01:00\",\"dateModified\":\"2016-02-23T05:10:49+01:00\",\"inLanguage\":\"es-ES\",\"mainEntityOfPage\":{\"@id\":\"https:\\\/\\\/www.eldigitaldeasturias.com\\\/noticias\\\/cuatro-adolescentes-de-aviles-asesoraran-a-vitoria-sobre-participacion-infantil\\\/#webpage\"},\"isPartOf\":{\"@id\":\"https:\\\/\\\/www.eldigitaldeasturias.com\\\/noticias\\\/cuatro-adolescentes-de-aviles-asesoraran-a-vitoria-sobre-participacion-infantil\\\/#webpage\"},\"articleSection\":\"Actualidad Asturias\"},{\"@type\":\"BreadcrumbList\",\"@id\":\"https:\\\/\\\/www.eldigitaldeasturias.com\\\/noticias\\\/cuatro-adolescentes-de-aviles-asesoraran-a-vitoria-sobre-participacion-infantil\\\/#breadcrumblist\",\"itemListElement\":[{\"@type\":\"ListItem\",\"@id\":\"https:\\\/\\\/www.eldigitaldeasturias.com\\\/noticias#listItem\",\"position\":1,\"name\":\"Home\",\"item\":\"https:\\\/\\\/www.eldigitaldeasturias.com\\\/noticias\",\"nextItem\":{\"@type\":\"ListItem\",\"@id\":\"https:\\\/\\\/www.eldigitaldeasturias.com\\\/noticias\\\/category\\\/actualidad-asturias\\\/#listItem\",\"name\":\"Actualidad Asturias\"}},{\"@type\":\"ListItem\",\"@id\":\"https:\\\/\\\/www.eldigitaldeasturias.com\\\/noticias\\\/category\\\/actualidad-asturias\\\/#listItem\",\"position\":2,\"name\":\"Actualidad Asturias\",\"item\":\"https:\\\/\\\/www.eldigitaldeasturias.com\\\/noticias\\\/category\\\/actualidad-asturias\\\/\",\"nextItem\":{\"@type\":\"ListItem\",\"@id\":\"https:\\\/\\\/www.eldigitaldeasturias.com\\\/noticias\\\/cuatro-adolescentes-de-aviles-asesoraran-a-vitoria-sobre-participacion-infantil\\\/#listItem\",\"name\":\"Cuatro adolescentes de Avil\\u00e9s asesorar\\u00e1n a Vitoria sobre participaci\\u00f3n infantil\"},\"previousItem\":{\"@type\":\"ListItem\",\"@id\":\"https:\\\/\\\/www.eldigitaldeasturias.com\\\/noticias#listItem\",\"name\":\"Home\"}},{\"@type\":\"ListItem\",\"@id\":\"https:\\\/\\\/www.eldigitaldeasturias.com\\\/noticias\\\/cuatro-adolescentes-de-aviles-asesoraran-a-vitoria-sobre-participacion-infantil\\\/#listItem\",\"position\":3,\"name\":\"Cuatro adolescentes de Avil\\u00e9s asesorar\\u00e1n a Vitoria sobre participaci\\u00f3n infantil\",\"previousItem\":{\"@type\":\"ListItem\",\"@id\":\"https:\\\/\\\/www.eldigitaldeasturias.com\\\/noticias\\\/category\\\/actualidad-asturias\\\/#listItem\",\"name\":\"Actualidad Asturias\"}}]},{\"@type\":\"Organization\",\"@id\":\"https:\\\/\\\/www.eldigitaldeasturias.com\\\/noticias\\\/#organization\",\"name\":\"El Digital de Asturias\",\"description\":\"Hemeroteca\",\"url\":\"https:\\\/\\\/www.eldigitaldeasturias.com\\\/noticias\\\/\",\"email\":\"info@eldigitaldeasturias.com\",\"telephone\":\"+34652131393\",\"logo\":{\"@type\":\"ImageObject\",\"url\":\"https:\\\/\\\/www.eldigitaldeasturias.com\\\/noticias\\\/wp-content\\\/uploads\\\/2020\\\/12\\\/EDA.jpg\",\"@id\":\"https:\\\/\\\/www.eldigitaldeasturias.com\\\/noticias\\\/cuatro-adolescentes-de-aviles-asesoraran-a-vitoria-sobre-participacion-infantil\\\/#organizationLogo\",\"width\":649,\"height\":297},\"image\":{\"@id\":\"https:\\\/\\\/www.eldigitaldeasturias.com\\\/noticias\\\/cuatro-adolescentes-de-aviles-asesoraran-a-vitoria-sobre-participacion-infantil\\\/#organizationLogo\"},\"sameAs\":[\"https:\\\/\\\/facebook.com\\\/eldigitaldeasturias\",\"https:\\\/\\\/www.youtube.com\\\/channel\\\/UCZP-2wLEB9Rv6erhFmqVnvg\"],\"address\":{\"@id\":\"https:\\\/\\\/www.eldigitaldeasturias.com\\\/noticias\\\/#postaladdress\",\"@type\":\"PostalAddress\",\"streetAddress\":\"san antonio 4,\",\"postalCode\":\"33430\",\"addressLocality\":\"Cand\\u00e1s\",\"addressRegion\":\"Asturias\",\"addressCountry\":\"ES\"}},{\"@type\":\"Person\",\"@id\":\"https:\\\/\\\/www.eldigitaldeasturias.com\\\/noticias\\\/author\\\/admin\\\/#author\",\"url\":\"https:\\\/\\\/www.eldigitaldeasturias.com\\\/noticias\\\/author\\\/admin\\\/\",\"name\":\"El Digital de Asturias\",\"image\":{\"@type\":\"ImageObject\",\"@id\":\"https:\\\/\\\/www.eldigitaldeasturias.com\\\/noticias\\\/cuatro-adolescentes-de-aviles-asesoraran-a-vitoria-sobre-participacion-infantil\\\/#authorImage\",\"url\":\"https:\\\/\\\/www.eldigitaldeasturias.com\\\/noticias\\\/wp-content\\\/litespeed\\\/avatar\\\/18677e78aa0546b92d9dbf31ec7d7668.jpg?ver=1777290358\",\"width\":96,\"height\":96,\"caption\":\"El Digital de Asturias\"}},{\"@type\":\"WebPage\",\"@id\":\"https:\\\/\\\/www.eldigitaldeasturias.com\\\/noticias\\\/cuatro-adolescentes-de-aviles-asesoraran-a-vitoria-sobre-participacion-infantil\\\/#webpage\",\"url\":\"https:\\\/\\\/www.eldigitaldeasturias.com\\\/noticias\\\/cuatro-adolescentes-de-aviles-asesoraran-a-vitoria-sobre-participacion-infantil\\\/\",\"name\":\"Cuatro adolescentes de Avil\\u00e9s asesorar\\u00e1n a Vitoria sobre participaci\\u00f3n infantil - El Digital de Asturias\",\"description\":\"Cuatro adolescentes avilesinos que forman parte del Consejo de Infancia y Adolescencia de Avil\\u00e9s asesorar\\u00e1n a Vitoria sobre la participaci\\u00f3n infantil y trasladar\\u00e1n la experiencia de Avil\\u00e9s. Asistir\\u00e1n al primer Encuentro municipal de participaci\\u00f3n infantil y adolescente en Vitoria, organizado por el Ayuntamiento de esa ciudad y UNICEF del Pa\\u00eds Vasco los d\\u00edas 25 y\",\"inLanguage\":\"es-ES\",\"isPartOf\":{\"@id\":\"https:\\\/\\\/www.eldigitaldeasturias.com\\\/noticias\\\/#website\"},\"breadcrumb\":{\"@id\":\"https:\\\/\\\/www.eldigitaldeasturias.com\\\/noticias\\\/cuatro-adolescentes-de-aviles-asesoraran-a-vitoria-sobre-participacion-infantil\\\/#breadcrumblist\"},\"author\":{\"@id\":\"https:\\\/\\\/www.eldigitaldeasturias.com\\\/noticias\\\/author\\\/admin\\\/#author\"},\"creator\":{\"@id\":\"https:\\\/\\\/www.eldigitaldeasturias.com\\\/noticias\\\/author\\\/admin\\\/#author\"},\"image\":{\"@type\":\"ImageObject\",\"url\":\"https:\\\/\\\/www.eldigitaldeasturias.com\\\/noticias\\\/wp-content\\\/uploads\\\/2015\\\/08\\\/aula.jpg\",\"@id\":\"https:\\\/\\\/www.eldigitaldeasturias.com\\\/noticias\\\/cuatro-adolescentes-de-aviles-asesoraran-a-vitoria-sobre-participacion-infantil\\\/#mainImage\",\"width\":800,\"height\":600},\"primaryImageOfPage\":{\"@id\":\"https:\\\/\\\/www.eldigitaldeasturias.com\\\/noticias\\\/cuatro-adolescentes-de-aviles-asesoraran-a-vitoria-sobre-participacion-infantil\\\/#mainImage\"},\"datePublished\":\"2016-02-23T05:10:49+01:00\",\"dateModified\":\"2016-02-23T05:10:49+01:00\"},{\"@type\":\"WebSite\",\"@id\":\"https:\\\/\\\/www.eldigitaldeasturias.com\\\/noticias\\\/#website\",\"url\":\"https:\\\/\\\/www.eldigitaldeasturias.com\\\/noticias\\\/\",\"name\":\"El Digital de Asturias - Diario de actualidad y noticias\",\"alternateName\":\"El Digital de Asturias - Diario de actualidad y noticias\",\"description\":\"Hemeroteca\",\"inLanguage\":\"es-ES\",\"publisher\":{\"@id\":\"https:\\\/\\\/www.eldigitaldeasturias.com\\\/noticias\\\/#organization\"}}]}\n\t\t<\/script>\n\t\t<!-- All in One SEO Pro -->\r\n\t\t<title>Cuatro adolescentes de Avil\u00e9s asesorar\u00e1n a Vitoria sobre participaci\u00f3n infantil - El Digital de Asturias<\/title>\n\n","aioseo_head_json":{"title":"Cuatro adolescentes de Avil\u00e9s asesorar\u00e1n a Vitoria sobre participaci\u00f3n infantil - El Digital de Asturias","description":"Cuatro adolescentes avilesinos que forman parte del Consejo de Infancia y Adolescencia de Avil\u00e9s asesorar\u00e1n a Vitoria sobre la participaci\u00f3n infantil y trasladar\u00e1n la experiencia de Avil\u00e9s. Asistir\u00e1n al primer Encuentro municipal de participaci\u00f3n infantil y adolescente en Vitoria, organizado por el Ayuntamiento de esa ciudad y UNICEF del Pa\u00eds Vasco los d\u00edas 25 y","canonical_url":"https:\/\/www.eldigitaldeasturias.com\/noticias\/cuatro-adolescentes-de-aviles-asesoraran-a-vitoria-sobre-participacion-infantil\/","robots":"max-image-preview:large","keywords":"actualidad asturias","webmasterTools":{"google-site-verification":"UA-38556648-1","msvalidate.01":"7dfe9f3f1b24437ab69f4f2559babe99","miscellaneous":""},"schema":{"@context":"https:\/\/schema.org","@graph":[{"@type":"BlogPosting","@id":"https:\/\/www.eldigitaldeasturias.com\/noticias\/cuatro-adolescentes-de-aviles-asesoraran-a-vitoria-sobre-participacion-infantil\/#blogposting","name":"Cuatro adolescentes de Avil\u00e9s asesorar\u00e1n a Vitoria sobre participaci\u00f3n infantil - El Digital de Asturias","headline":"Cuatro adolescentes de Avil\u00e9s asesorar\u00e1n a Vitoria sobre participaci\u00f3n infantil","author":{"@id":"https:\/\/www.eldigitaldeasturias.com\/noticias\/author\/admin\/#author"},"publisher":{"@id":"https:\/\/www.eldigitaldeasturias.com\/noticias\/#organization"},"image":{"@type":"ImageObject","url":"https:\/\/www.eldigitaldeasturias.com\/noticias\/wp-content\/uploads\/2015\/08\/aula.jpg","width":800,"height":600},"datePublished":"2016-02-23T05:10:49+01:00","dateModified":"2016-02-23T05:10:49+01:00","inLanguage":"es-ES","mainEntityOfPage":{"@id":"https:\/\/www.eldigitaldeasturias.com\/noticias\/cuatro-adolescentes-de-aviles-asesoraran-a-vitoria-sobre-participacion-infantil\/#webpage"},"isPartOf":{"@id":"https:\/\/www.eldigitaldeasturias.com\/noticias\/cuatro-adolescentes-de-aviles-asesoraran-a-vitoria-sobre-participacion-infantil\/#webpage"},"articleSection":"Actualidad Asturias"},{"@type":"BreadcrumbList","@id":"https:\/\/www.eldigitaldeasturias.com\/noticias\/cuatro-adolescentes-de-aviles-asesoraran-a-vitoria-sobre-participacion-infantil\/#breadcrumblist","itemListElement":[{"@type":"ListItem","@id":"https:\/\/www.eldigitaldeasturias.com\/noticias#listItem","position":1,"name":"Home","item":"https:\/\/www.eldigitaldeasturias.com\/noticias","nextItem":{"@type":"ListItem","@id":"https:\/\/www.eldigitaldeasturias.com\/noticias\/category\/actualidad-asturias\/#listItem","name":"Actualidad Asturias"}},{"@type":"ListItem","@id":"https:\/\/www.eldigitaldeasturias.com\/noticias\/category\/actualidad-asturias\/#listItem","position":2,"name":"Actualidad Asturias","item":"https:\/\/www.eldigitaldeasturias.com\/noticias\/category\/actualidad-asturias\/","nextItem":{"@type":"ListItem","@id":"https:\/\/www.eldigitaldeasturias.com\/noticias\/cuatro-adolescentes-de-aviles-asesoraran-a-vitoria-sobre-participacion-infantil\/#listItem","name":"Cuatro adolescentes de Avil\u00e9s asesorar\u00e1n a Vitoria sobre participaci\u00f3n infantil"},"previousItem":{"@type":"ListItem","@id":"https:\/\/www.eldigitaldeasturias.com\/noticias#listItem","name":"Home"}},{"@type":"ListItem","@id":"https:\/\/www.eldigitaldeasturias.com\/noticias\/cuatro-adolescentes-de-aviles-asesoraran-a-vitoria-sobre-participacion-infantil\/#listItem","position":3,"name":"Cuatro adolescentes de Avil\u00e9s asesorar\u00e1n a Vitoria sobre participaci\u00f3n infantil","previousItem":{"@type":"ListItem","@id":"https:\/\/www.eldigitaldeasturias.com\/noticias\/category\/actualidad-asturias\/#listItem","name":"Actualidad Asturias"}}]},{"@type":"Organization","@id":"https:\/\/www.eldigitaldeasturias.com\/noticias\/#organization","name":"El Digital de Asturias","description":"Hemeroteca","url":"https:\/\/www.eldigitaldeasturias.com\/noticias\/","email":"info@eldigitaldeasturias.com","telephone":"+34652131393","logo":{"@type":"ImageObject","url":"https:\/\/www.eldigitaldeasturias.com\/noticias\/wp-content\/uploads\/2020\/12\/EDA.jpg","@id":"https:\/\/www.eldigitaldeasturias.com\/noticias\/cuatro-adolescentes-de-aviles-asesoraran-a-vitoria-sobre-participacion-infantil\/#organizationLogo","width":649,"height":297},"image":{"@id":"https:\/\/www.eldigitaldeasturias.com\/noticias\/cuatro-adolescentes-de-aviles-asesoraran-a-vitoria-sobre-participacion-infantil\/#organizationLogo"},"sameAs":["https:\/\/facebook.com\/eldigitaldeasturias","https:\/\/www.youtube.com\/channel\/UCZP-2wLEB9Rv6erhFmqVnvg"],"address":{"@id":"https:\/\/www.eldigitaldeasturias.com\/noticias\/#postaladdress","@type":"PostalAddress","streetAddress":"san antonio 4,","postalCode":"33430","addressLocality":"Cand\u00e1s","addressRegion":"Asturias","addressCountry":"ES"}},{"@type":"Person","@id":"https:\/\/www.eldigitaldeasturias.com\/noticias\/author\/admin\/#author","url":"https:\/\/www.eldigitaldeasturias.com\/noticias\/author\/admin\/","name":"El Digital de Asturias","image":{"@type":"ImageObject","@id":"https:\/\/www.eldigitaldeasturias.com\/noticias\/cuatro-adolescentes-de-aviles-asesoraran-a-vitoria-sobre-participacion-infantil\/#authorImage","url":"https:\/\/www.eldigitaldeasturias.com\/noticias\/wp-content\/litespeed\/avatar\/18677e78aa0546b92d9dbf31ec7d7668.jpg?ver=1777290358","width":96,"height":96,"caption":"El Digital de Asturias"}},{"@type":"WebPage","@id":"https:\/\/www.eldigitaldeasturias.com\/noticias\/cuatro-adolescentes-de-aviles-asesoraran-a-vitoria-sobre-participacion-infantil\/#webpage","url":"https:\/\/www.eldigitaldeasturias.com\/noticias\/cuatro-adolescentes-de-aviles-asesoraran-a-vitoria-sobre-participacion-infantil\/","name":"Cuatro adolescentes de Avil\u00e9s asesorar\u00e1n a Vitoria sobre participaci\u00f3n infantil - El Digital de Asturias","description":"Cuatro adolescentes avilesinos que forman parte del Consejo de Infancia y Adolescencia de Avil\u00e9s asesorar\u00e1n a Vitoria sobre la participaci\u00f3n infantil y trasladar\u00e1n la experiencia de Avil\u00e9s. Asistir\u00e1n al primer Encuentro municipal de participaci\u00f3n infantil y adolescente en Vitoria, organizado por el Ayuntamiento de esa ciudad y UNICEF del Pa\u00eds Vasco los d\u00edas 25 y","inLanguage":"es-ES","isPartOf":{"@id":"https:\/\/www.eldigitaldeasturias.com\/noticias\/#website"},"breadcrumb":{"@id":"https:\/\/www.eldigitaldeasturias.com\/noticias\/cuatro-adolescentes-de-aviles-asesoraran-a-vitoria-sobre-participacion-infantil\/#breadcrumblist"},"author":{"@id":"https:\/\/www.eldigitaldeasturias.com\/noticias\/author\/admin\/#author"},"creator":{"@id":"https:\/\/www.eldigitaldeasturias.com\/noticias\/author\/admin\/#author"},"image":{"@type":"ImageObject","url":"https:\/\/www.eldigitaldeasturias.com\/noticias\/wp-content\/uploads\/2015\/08\/aula.jpg","@id":"https:\/\/www.eldigitaldeasturias.com\/noticias\/cuatro-adolescentes-de-aviles-asesoraran-a-vitoria-sobre-participacion-infantil\/#mainImage","width":800,"height":600},"primaryImageOfPage":{"@id":"https:\/\/www.eldigitaldeasturias.com\/noticias\/cuatro-adolescentes-de-aviles-asesoraran-a-vitoria-sobre-participacion-infantil\/#mainImage"},"datePublished":"2016-02-23T05:10:49+01:00","dateModified":"2016-02-23T05:10:49+01:00"},{"@type":"WebSite","@id":"https:\/\/www.eldigitaldeasturias.com\/noticias\/#website","url":"https:\/\/www.eldigitaldeasturias.com\/noticias\/","name":"El Digital de Asturias - Diario de actualidad y noticias","alternateName":"El Digital de Asturias - Diario de actualidad y noticias","description":"Hemeroteca","inLanguage":"es-ES","publisher":{"@id":"https:\/\/www.eldigitaldeasturias.com\/noticias\/#organization"}}]},"og:locale":"es_ES","og:site_name":"El Digital de Asturias","og:type":"article","og:title":"Cuatro adolescentes de Avil\u00e9s asesorar\u00e1n a Vitoria sobre participaci\u00f3n infantil - El Digital de Asturias","og:description":"Cuatro adolescentes avilesinos que forman parte del Consejo de Infancia y Adolescencia de Avil\u00e9s asesorar\u00e1n a Vitoria sobre la participaci\u00f3n infantil y trasladar\u00e1n la experiencia de Avil\u00e9s. Asistir\u00e1n al primer Encuentro municipal de participaci\u00f3n infantil y adolescente en Vitoria, organizado por el Ayuntamiento de esa ciudad y UNICEF del Pa\u00eds Vasco los d\u00edas 25 y","og:url":"https:\/\/www.eldigitaldeasturias.com\/noticias\/cuatro-adolescentes-de-aviles-asesoraran-a-vitoria-sobre-participacion-infantil\/","og:image":"https:\/\/www.eldigitaldeasturias.com\/noticias\/wp-content\/uploads\/2015\/08\/aula.jpg","og:image:secure_url":"https:\/\/www.eldigitaldeasturias.com\/noticias\/wp-content\/uploads\/2015\/08\/aula.jpg","og:image:width":800,"og:image:height":600,"article:tag":["actualidad asturias"],"article:published_time":"2016-02-23T05:10:49+00:00","article:modified_time":"2016-02-23T05:10:49+00:00","article:publisher":"https:\/\/facebook.com\/eldigitaldeasturias","twitter:card":"summary_large_image","twitter:title":"Cuatro adolescentes de Avil\u00e9s asesorar\u00e1n a Vitoria sobre participaci\u00f3n infantil - El Digital de Asturias","twitter:description":"Cuatro adolescentes avilesinos que forman parte del Consejo de Infancia y Adolescencia de Avil\u00e9s asesorar\u00e1n a Vitoria sobre la participaci\u00f3n infantil y trasladar\u00e1n la experiencia de Avil\u00e9s. Asistir\u00e1n al primer Encuentro municipal de participaci\u00f3n infantil y adolescente en Vitoria, organizado por el Ayuntamiento de esa ciudad y UNICEF del Pa\u00eds Vasco los d\u00edas 25 y","twitter:image":"https:\/\/www.eldigitaldeasturias.com\/noticias\/wp-content\/uploads\/2015\/08\/aula.jpg","twitter:label1":"Escrito por","twitter:data1":"El Digital de Asturias","twitter:label2":"Tiempo de lectura estimado","twitter:data2":"1 minuto"},"aioseo_meta_data":{"post_id":"861128","title":null,"description":null,"keywords":null,"keyphrases":null,"primary_term":null,"canonical_url":null,"og_title":null,"og_description":null,"og_object_type":"default","og_image_type":"default","og_image_url":null,"og_image_width":null,"og_image_height":null,"og_image_custom_url":null,"og_image_custom_fields":null,"og_video":null,"og_custom_url":null,"og_article_section":null,"og_article_tags":null,"twitter_use_og":false,"twitter_card":"default","twitter_image_type":"default","twitter_image_url":null,"twitter_image_custom_url":null,"twitter_image_custom_fields":null,"twitter_title":null,"twitter_description":null,"schema":{"blockGraphs":[],"customGraphs":[],"default":{"data":{"Article":[],"Course":[],"Dataset":[],"FAQPage":[],"Movie":[],"Person":[],"Product":[],"ProductReview":[],"Car":[],"Recipe":[],"Service":[],"SoftwareApplication":[],"WebPage":[]},"graphName":"","isEnabled":true},"graphs":[],"defaultGraph":"","defaultPostTypeGraph":""},"schema_type":null,"schema_type_options":null,"pillar_content":false,"robots_default":true,"robots_noindex":false,"robots_noarchive":false,"robots_nosnippet":false,"robots_nofollow":false,"robots_noimageindex":false,"robots_noodp":false,"robots_notranslate":false,"robots_max_snippet":null,"robots_max_videopreview":null,"robots_max_imagepreview":"large","priority":null,"frequency":null,"local_seo":null,"seo_analyzer_scan_date":"2025-12-10 20:09:07","breadcrumb_settings":null,"limit_modified_date":false,"open_ai":null,"ai":null,"created":"2021-01-23 03:18:27","updated":"2025-12-10 20:09:07"},"aioseo_breadcrumb":"<div class=\"aioseo-breadcrumbs\"><span class=\"aioseo-breadcrumb\">\n\t<a href=\"https:\/\/www.eldigitaldeasturias.com\/noticias\" title=\"Home\">Home<\/a>\n<\/span><span class=\"aioseo-breadcrumb-separator\">\u2013<\/span><span class=\"aioseo-breadcrumb\">\n\t<a href=\"https:\/\/www.eldigitaldeasturias.com\/noticias\/category\/actualidad-asturias\/\" title=\"Actualidad Asturias\">Actualidad Asturias<\/a>\n<\/span><span class=\"aioseo-breadcrumb-separator\">\u2013<\/span><span class=\"aioseo-breadcrumb\">\n\t<a href=\"https:\/\/www.eldigitaldeasturias.com\/noticias\/cuatro-adolescentes-de-aviles-asesoraran-a-vitoria-sobre-participacion-infantil\/\" title=\"Cuatro adolescentes de Avil\u00e9s asesorar\u00e1n a Vitoria sobre participaci\u00f3n infantil\">Cuatro adolescentes de Avil\u00e9s asesorar\u00e1n a Vitoria sobre participaci\u00f3n infantil<\/a>\n<\/span><\/div>","aioseo_breadcrumb_json":[{"label":"Home","link":"https:\/\/www.eldigitaldeasturias.com\/noticias"},{"label":"Actualidad Asturias","link":"https:\/\/www.eldigitaldeasturias.com\/noticias\/category\/actualidad-asturias\/"},{"label":"Cuatro adolescentes de Avil\u00e9s asesorar\u00e1n a Vitoria sobre participaci\u00f3n infantil","link":"https:\/\/www.eldigitaldeasturias.com\/noticias\/cuatro-adolescentes-de-aviles-asesoraran-a-vitoria-sobre-participacion-infantil\/"}],"_links":{"self":[{"href":"https:\/\/www.eldigitaldeasturias.com\/noticias\/wp-json\/wp\/v2\/posts\/861128","targetHints":{"allow":["GET"]}}],"collection":[{"href":"https:\/\/www.eldigitaldeasturias.com\/noticias\/wp-json\/wp\/v2\/posts"}],"about":[{"href":"https:\/\/www.eldigitaldeasturias.com\/noticias\/wp-json\/wp\/v2\/types\/post"}],"author":[{"embeddable":true,"href":"https:\/\/www.eldigitaldeasturias.com\/noticias\/wp-json\/wp\/v2\/users\/1"}],"replies":[{"embeddable":true,"href":"https:\/\/www.eldigitaldeasturias.com\/noticias\/wp-json\/wp\/v2\/comments?post=861128"}],"version-history":[{"count":0,"href":"https:\/\/www.eldigitaldeasturias.com\/noticias\/wp-json\/wp\/v2\/posts\/861128\/revisions"}],"wp:featuredmedia":[{"embeddable":true,"href":"https:\/\/www.eldigitaldeasturias.com\/noticias\/wp-json\/wp\/v2\/media\/801268"}],"wp:attachment":[{"href":"https:\/\/www.eldigitaldeasturias.com\/noticias\/wp-json\/wp\/v2\/media?parent=861128"}],"wp:term":[{"taxonomy":"category","embeddable":true,"href":"https:\/\/www.eldigitaldeasturias.com\/noticias\/wp-json\/wp\/v2\/categories?post=861128"},{"taxonomy":"post_tag","embeddable":true,"href":"https:\/\/www.eldigitaldeasturias.com\/noticias\/wp-json\/wp\/v2\/tags?post=861128"}],"curies":[{"name":"wp","href":"https:\/\/api.w.org\/{rel}","templated":true}]}}