{"id":861126,"date":"2016-02-23T05:09:17","date_gmt":"2016-02-23T05:09:17","guid":{"rendered":"http:\/\/www.eldigitaldeasturias.com\/noticias\/?p=861126"},"modified":"2016-02-23T05:09:17","modified_gmt":"2016-02-23T05:09:17","slug":"el-centro-de-interpretacion-de-la-carriona-recuerda-al-atleta-yago-lamela","status":"publish","type":"post","link":"https:\/\/www.eldigitaldeasturias.com\/noticias\/el-centro-de-interpretacion-de-la-carriona-recuerda-al-atleta-yago-lamela\/","title":{"rendered":"El centro de interpretaci\u00f3n de La Carriona recuerda al atleta Yago Lamela"},"content":{"rendered":"<p><img loading=\"lazy\" decoding=\"async\" class=\"alignleft size-medium wp-image-781437\" src=\"https:\/\/www.eldigitaldeasturias.com\/noticias\/wp-content\/uploads\/2015\/05\/yago-lamela-360x207.jpg\" alt=\"yago lamela\" width=\"360\" height=\"207\" srcset=\"https:\/\/www.eldigitaldeasturias.com\/noticias\/wp-content\/uploads\/2015\/05\/yago-lamela-360x207.jpg 360w, https:\/\/www.eldigitaldeasturias.com\/noticias\/wp-content\/uploads\/2015\/05\/yago-lamela.jpg 625w\" sizes=\"auto, (max-width: 360px) 100vw, 360px\" \/>El Centro de Interpretaci\u00f3n del Cementerio de La Carriona cuenta con un espacio de recuerdo a la figura del atleta avilesino Yago Lamela, fallecido en 2014. En uno de los paneles informativos denominado &#8216;Lugar de Memoria&#8217; se ha a\u00f1adido una imagen y un breve texto biogr\u00e1fico con los logros deportivos m\u00e1s destacados del saltador, ha informado este lunes el Ayuntamiento de Avil\u00e9s.<\/p>\n<p>El recuerdo a Lamela conforma, junto con el dedicado a Jes\u00fas Castro, portero del Sporting de Gij\u00f3n y hermano de Enrique Castro &#8216;Quini&#8217;, el apartado deportivo de este espacio del centro de interpretaci\u00f3n del cementerio de Avil\u00e9s.<\/p>\n<p>A la entrada del camposanto se ha instalado una placa que informa a los visitantes de la concesi\u00f3n del premio al tercer mejor cementerio de Espa\u00f1a, dentro de la segunda edici\u00f3n del Concurso Nacional de Cementerio Espa\u00f1oles, convocado por la revista &#8216;Adi\u00f3s Cultural&#8217;.<\/p>\n<p>Se trata de una r\u00e9plica de la placa que la alcaldesa de Avil\u00e9s, Mariv\u00ed Monteser\u00edn, recibi\u00f3 personalmente de manos de los organizadores de estos premios. Ambas actuaciones se han financiado con cargo a dicho premio, dotado con 1.000 euros.<\/p>\n","protected":false},"excerpt":{"rendered":"<p>El Centro de Interpretaci\u00f3n del Cementerio de La Carriona cuenta con un espacio de recuerdo a la figura del atleta avilesino Yago Lamela, fallecido en 2014. En uno de los paneles informativos denominado &#8216;Lugar de Memoria&#8217; se ha a\u00f1adido una imagen y un breve texto biogr\u00e1fico con los logros deportivos m\u00e1s destacados del saltador, ha [&hellip;]<\/p>\n","protected":false},"author":1,"featured_media":781437,"comment_status":"closed","ping_status":"closed","sticky":false,"template":"","format":"standard","meta":{"footnotes":""},"categories":[2],"tags":[],"class_list":["post-861126","post","type-post","status-publish","format-standard","has-post-thumbnail","hentry","category-agenda"],"aioseo_notices":[],"aioseo_head":"\n\t\t<!-- All in One SEO Pro 4.9.6.2 - aioseo.com -->\n\t<meta name=\"description\" content=\"El Centro de Interpretaci\u00f3n del Cementerio de La Carriona cuenta con un espacio de recuerdo a la figura del atleta avilesino Yago Lamela, fallecido en 2014. En uno de los paneles informativos denominado &#039;Lugar de Memoria&#039; se ha a\u00f1adido una imagen y un breve texto biogr\u00e1fico con los logros deportivos m\u00e1s destacados del saltador, ha\" \/>\n\t<meta name=\"robots\" content=\"max-image-preview:large\" \/>\n\t<meta name=\"author\" content=\"El Digital de Asturias\"\/>\n\t<meta name=\"google-site-verification\" content=\"UA-38556648-1\" \/>\n\t<meta name=\"msvalidate.01\" content=\"7dfe9f3f1b24437ab69f4f2559babe99\" \/>\n\t<meta name=\"keywords\" content=\"agenda\" \/>\n\t<link rel=\"canonical\" href=\"https:\/\/www.eldigitaldeasturias.com\/noticias\/el-centro-de-interpretacion-de-la-carriona-recuerda-al-atleta-yago-lamela\/\" \/>\n\t<meta name=\"generator\" content=\"All in One SEO Pro (AIOSEO) 4.9.6.2\" \/>\n\t\t<meta property=\"og:locale\" content=\"es_ES\" \/>\n\t\t<meta property=\"og:site_name\" content=\"El Digital de Asturias\" \/>\n\t\t<meta property=\"og:type\" content=\"article\" \/>\n\t\t<meta property=\"og:title\" content=\"El centro de interpretaci\u00f3n de La Carriona recuerda al atleta Yago Lamela - El Digital de Asturias\" \/>\n\t\t<meta property=\"og:description\" content=\"El Centro de Interpretaci\u00f3n del Cementerio de La Carriona cuenta con un espacio de recuerdo a la figura del atleta avilesino Yago Lamela, fallecido en 2014. En uno de los paneles informativos denominado &#039;Lugar de Memoria&#039; se ha a\u00f1adido una imagen y un breve texto biogr\u00e1fico con los logros deportivos m\u00e1s destacados del saltador, ha\" \/>\n\t\t<meta property=\"og:url\" content=\"https:\/\/www.eldigitaldeasturias.com\/noticias\/el-centro-de-interpretacion-de-la-carriona-recuerda-al-atleta-yago-lamela\/\" \/>\n\t\t<meta property=\"og:image\" content=\"https:\/\/www.eldigitaldeasturias.com\/noticias\/wp-content\/uploads\/2015\/05\/yago-lamela.jpg\" \/>\n\t\t<meta property=\"og:image:secure_url\" content=\"https:\/\/www.eldigitaldeasturias.com\/noticias\/wp-content\/uploads\/2015\/05\/yago-lamela.jpg\" \/>\n\t\t<meta property=\"og:image:width\" content=\"625\" \/>\n\t\t<meta property=\"og:image:height\" content=\"360\" \/>\n\t\t<meta property=\"article:tag\" content=\"agenda\" \/>\n\t\t<meta property=\"article:published_time\" content=\"2016-02-23T05:09:17+00:00\" \/>\n\t\t<meta property=\"article:modified_time\" content=\"2016-02-23T05:09:17+00:00\" \/>\n\t\t<meta property=\"article:publisher\" content=\"https:\/\/facebook.com\/eldigitaldeasturias\" \/>\n\t\t<meta name=\"twitter:card\" content=\"summary_large_image\" \/>\n\t\t<meta name=\"twitter:title\" content=\"El centro de interpretaci\u00f3n de La Carriona recuerda al atleta Yago Lamela - El Digital de Asturias\" \/>\n\t\t<meta name=\"twitter:description\" content=\"El Centro de Interpretaci\u00f3n del Cementerio de La Carriona cuenta con un espacio de recuerdo a la figura del atleta avilesino Yago Lamela, fallecido en 2014. En uno de los paneles informativos denominado &#039;Lugar de Memoria&#039; se ha a\u00f1adido una imagen y un breve texto biogr\u00e1fico con los logros deportivos m\u00e1s destacados del saltador, ha\" \/>\n\t\t<meta name=\"twitter:image\" content=\"https:\/\/www.eldigitaldeasturias.com\/noticias\/wp-content\/uploads\/2015\/05\/yago-lamela.jpg\" \/>\n\t\t<meta name=\"twitter:label1\" content=\"Escrito por\" \/>\n\t\t<meta name=\"twitter:data1\" content=\"El Digital de Asturias\" \/>\n\t\t<meta name=\"twitter:label2\" content=\"Tiempo de lectura estimado\" \/>\n\t\t<meta name=\"twitter:data2\" content=\"1 minuto\" \/>\n\t\t<script type=\"application\/ld+json\" class=\"aioseo-schema\">\n\t\t\t{\"@context\":\"https:\\\/\\\/schema.org\",\"@graph\":[{\"@type\":\"BlogPosting\",\"@id\":\"https:\\\/\\\/www.eldigitaldeasturias.com\\\/noticias\\\/el-centro-de-interpretacion-de-la-carriona-recuerda-al-atleta-yago-lamela\\\/#blogposting\",\"name\":\"El centro de interpretaci\\u00f3n de La Carriona recuerda al atleta Yago Lamela - El Digital de Asturias\",\"headline\":\"El centro de interpretaci\\u00f3n de La Carriona recuerda al atleta Yago Lamela\",\"author\":{\"@id\":\"https:\\\/\\\/www.eldigitaldeasturias.com\\\/noticias\\\/author\\\/admin\\\/#author\"},\"publisher\":{\"@id\":\"https:\\\/\\\/www.eldigitaldeasturias.com\\\/noticias\\\/#organization\"},\"image\":{\"@type\":\"ImageObject\",\"url\":\"https:\\\/\\\/www.eldigitaldeasturias.com\\\/noticias\\\/wp-content\\\/uploads\\\/2015\\\/05\\\/yago-lamela.jpg\",\"width\":625,\"height\":360},\"datePublished\":\"2016-02-23T05:09:17+01:00\",\"dateModified\":\"2016-02-23T05:09:17+01:00\",\"inLanguage\":\"es-ES\",\"mainEntityOfPage\":{\"@id\":\"https:\\\/\\\/www.eldigitaldeasturias.com\\\/noticias\\\/el-centro-de-interpretacion-de-la-carriona-recuerda-al-atleta-yago-lamela\\\/#webpage\"},\"isPartOf\":{\"@id\":\"https:\\\/\\\/www.eldigitaldeasturias.com\\\/noticias\\\/el-centro-de-interpretacion-de-la-carriona-recuerda-al-atleta-yago-lamela\\\/#webpage\"},\"articleSection\":\"Agenda\"},{\"@type\":\"BreadcrumbList\",\"@id\":\"https:\\\/\\\/www.eldigitaldeasturias.com\\\/noticias\\\/el-centro-de-interpretacion-de-la-carriona-recuerda-al-atleta-yago-lamela\\\/#breadcrumblist\",\"itemListElement\":[{\"@type\":\"ListItem\",\"@id\":\"https:\\\/\\\/www.eldigitaldeasturias.com\\\/noticias#listItem\",\"position\":1,\"name\":\"Home\",\"item\":\"https:\\\/\\\/www.eldigitaldeasturias.com\\\/noticias\",\"nextItem\":{\"@type\":\"ListItem\",\"@id\":\"https:\\\/\\\/www.eldigitaldeasturias.com\\\/noticias\\\/category\\\/agenda\\\/#listItem\",\"name\":\"Agenda\"}},{\"@type\":\"ListItem\",\"@id\":\"https:\\\/\\\/www.eldigitaldeasturias.com\\\/noticias\\\/category\\\/agenda\\\/#listItem\",\"position\":2,\"name\":\"Agenda\",\"item\":\"https:\\\/\\\/www.eldigitaldeasturias.com\\\/noticias\\\/category\\\/agenda\\\/\",\"nextItem\":{\"@type\":\"ListItem\",\"@id\":\"https:\\\/\\\/www.eldigitaldeasturias.com\\\/noticias\\\/el-centro-de-interpretacion-de-la-carriona-recuerda-al-atleta-yago-lamela\\\/#listItem\",\"name\":\"El centro de interpretaci\\u00f3n de La Carriona recuerda al atleta Yago Lamela\"},\"previousItem\":{\"@type\":\"ListItem\",\"@id\":\"https:\\\/\\\/www.eldigitaldeasturias.com\\\/noticias#listItem\",\"name\":\"Home\"}},{\"@type\":\"ListItem\",\"@id\":\"https:\\\/\\\/www.eldigitaldeasturias.com\\\/noticias\\\/el-centro-de-interpretacion-de-la-carriona-recuerda-al-atleta-yago-lamela\\\/#listItem\",\"position\":3,\"name\":\"El centro de interpretaci\\u00f3n de La Carriona recuerda al atleta Yago Lamela\",\"previousItem\":{\"@type\":\"ListItem\",\"@id\":\"https:\\\/\\\/www.eldigitaldeasturias.com\\\/noticias\\\/category\\\/agenda\\\/#listItem\",\"name\":\"Agenda\"}}]},{\"@type\":\"Organization\",\"@id\":\"https:\\\/\\\/www.eldigitaldeasturias.com\\\/noticias\\\/#organization\",\"name\":\"El Digital de Asturias\",\"description\":\"Hemeroteca\",\"url\":\"https:\\\/\\\/www.eldigitaldeasturias.com\\\/noticias\\\/\",\"email\":\"info@eldigitaldeasturias.com\",\"telephone\":\"+34652131393\",\"logo\":{\"@type\":\"ImageObject\",\"url\":\"https:\\\/\\\/www.eldigitaldeasturias.com\\\/noticias\\\/wp-content\\\/uploads\\\/2020\\\/12\\\/EDA.jpg\",\"@id\":\"https:\\\/\\\/www.eldigitaldeasturias.com\\\/noticias\\\/el-centro-de-interpretacion-de-la-carriona-recuerda-al-atleta-yago-lamela\\\/#organizationLogo\",\"width\":649,\"height\":297},\"image\":{\"@id\":\"https:\\\/\\\/www.eldigitaldeasturias.com\\\/noticias\\\/el-centro-de-interpretacion-de-la-carriona-recuerda-al-atleta-yago-lamela\\\/#organizationLogo\"},\"sameAs\":[\"https:\\\/\\\/facebook.com\\\/eldigitaldeasturias\",\"https:\\\/\\\/www.youtube.com\\\/channel\\\/UCZP-2wLEB9Rv6erhFmqVnvg\"],\"address\":{\"@id\":\"https:\\\/\\\/www.eldigitaldeasturias.com\\\/noticias\\\/#postaladdress\",\"@type\":\"PostalAddress\",\"streetAddress\":\"san antonio 4,\",\"postalCode\":\"33430\",\"addressLocality\":\"Cand\\u00e1s\",\"addressRegion\":\"Asturias\",\"addressCountry\":\"ES\"}},{\"@type\":\"Person\",\"@id\":\"https:\\\/\\\/www.eldigitaldeasturias.com\\\/noticias\\\/author\\\/admin\\\/#author\",\"url\":\"https:\\\/\\\/www.eldigitaldeasturias.com\\\/noticias\\\/author\\\/admin\\\/\",\"name\":\"El Digital de Asturias\",\"image\":{\"@type\":\"ImageObject\",\"@id\":\"https:\\\/\\\/www.eldigitaldeasturias.com\\\/noticias\\\/el-centro-de-interpretacion-de-la-carriona-recuerda-al-atleta-yago-lamela\\\/#authorImage\",\"url\":\"https:\\\/\\\/www.eldigitaldeasturias.com\\\/noticias\\\/wp-content\\\/litespeed\\\/avatar\\\/18677e78aa0546b92d9dbf31ec7d7668.jpg?ver=1777290358\",\"width\":96,\"height\":96,\"caption\":\"El Digital de Asturias\"}},{\"@type\":\"WebPage\",\"@id\":\"https:\\\/\\\/www.eldigitaldeasturias.com\\\/noticias\\\/el-centro-de-interpretacion-de-la-carriona-recuerda-al-atleta-yago-lamela\\\/#webpage\",\"url\":\"https:\\\/\\\/www.eldigitaldeasturias.com\\\/noticias\\\/el-centro-de-interpretacion-de-la-carriona-recuerda-al-atleta-yago-lamela\\\/\",\"name\":\"El centro de interpretaci\\u00f3n de La Carriona recuerda al atleta Yago Lamela - El Digital de Asturias\",\"description\":\"El Centro de Interpretaci\\u00f3n del Cementerio de La Carriona cuenta con un espacio de recuerdo a la figura del atleta avilesino Yago Lamela, fallecido en 2014. En uno de los paneles informativos denominado 'Lugar de Memoria' se ha a\\u00f1adido una imagen y un breve texto biogr\\u00e1fico con los logros deportivos m\\u00e1s destacados del saltador, ha\",\"inLanguage\":\"es-ES\",\"isPartOf\":{\"@id\":\"https:\\\/\\\/www.eldigitaldeasturias.com\\\/noticias\\\/#website\"},\"breadcrumb\":{\"@id\":\"https:\\\/\\\/www.eldigitaldeasturias.com\\\/noticias\\\/el-centro-de-interpretacion-de-la-carriona-recuerda-al-atleta-yago-lamela\\\/#breadcrumblist\"},\"author\":{\"@id\":\"https:\\\/\\\/www.eldigitaldeasturias.com\\\/noticias\\\/author\\\/admin\\\/#author\"},\"creator\":{\"@id\":\"https:\\\/\\\/www.eldigitaldeasturias.com\\\/noticias\\\/author\\\/admin\\\/#author\"},\"image\":{\"@type\":\"ImageObject\",\"url\":\"https:\\\/\\\/www.eldigitaldeasturias.com\\\/noticias\\\/wp-content\\\/uploads\\\/2015\\\/05\\\/yago-lamela.jpg\",\"@id\":\"https:\\\/\\\/www.eldigitaldeasturias.com\\\/noticias\\\/el-centro-de-interpretacion-de-la-carriona-recuerda-al-atleta-yago-lamela\\\/#mainImage\",\"width\":625,\"height\":360},\"primaryImageOfPage\":{\"@id\":\"https:\\\/\\\/www.eldigitaldeasturias.com\\\/noticias\\\/el-centro-de-interpretacion-de-la-carriona-recuerda-al-atleta-yago-lamela\\\/#mainImage\"},\"datePublished\":\"2016-02-23T05:09:17+01:00\",\"dateModified\":\"2016-02-23T05:09:17+01:00\"},{\"@type\":\"WebSite\",\"@id\":\"https:\\\/\\\/www.eldigitaldeasturias.com\\\/noticias\\\/#website\",\"url\":\"https:\\\/\\\/www.eldigitaldeasturias.com\\\/noticias\\\/\",\"name\":\"El Digital de Asturias - Diario de actualidad y noticias\",\"alternateName\":\"El Digital de Asturias - Diario de actualidad y noticias\",\"description\":\"Hemeroteca\",\"inLanguage\":\"es-ES\",\"publisher\":{\"@id\":\"https:\\\/\\\/www.eldigitaldeasturias.com\\\/noticias\\\/#organization\"}}]}\n\t\t<\/script>\n\t\t<!-- All in One SEO Pro -->\r\n\t\t<title>El centro de interpretaci\u00f3n de La Carriona recuerda al atleta Yago Lamela - El Digital de Asturias<\/title>\n\n","aioseo_head_json":{"title":"El centro de interpretaci\u00f3n de La Carriona recuerda al atleta Yago Lamela - El Digital de Asturias","description":"El Centro de Interpretaci\u00f3n del Cementerio de La Carriona cuenta con un espacio de recuerdo a la figura del atleta avilesino Yago Lamela, fallecido en 2014. En uno de los paneles informativos denominado 'Lugar de Memoria' se ha a\u00f1adido una imagen y un breve texto biogr\u00e1fico con los logros deportivos m\u00e1s destacados del saltador, ha","canonical_url":"https:\/\/www.eldigitaldeasturias.com\/noticias\/el-centro-de-interpretacion-de-la-carriona-recuerda-al-atleta-yago-lamela\/","robots":"max-image-preview:large","keywords":"agenda","webmasterTools":{"google-site-verification":"UA-38556648-1","msvalidate.01":"7dfe9f3f1b24437ab69f4f2559babe99","miscellaneous":""},"schema":{"@context":"https:\/\/schema.org","@graph":[{"@type":"BlogPosting","@id":"https:\/\/www.eldigitaldeasturias.com\/noticias\/el-centro-de-interpretacion-de-la-carriona-recuerda-al-atleta-yago-lamela\/#blogposting","name":"El centro de interpretaci\u00f3n de La Carriona recuerda al atleta Yago Lamela - El Digital de Asturias","headline":"El centro de interpretaci\u00f3n de La Carriona recuerda al atleta Yago Lamela","author":{"@id":"https:\/\/www.eldigitaldeasturias.com\/noticias\/author\/admin\/#author"},"publisher":{"@id":"https:\/\/www.eldigitaldeasturias.com\/noticias\/#organization"},"image":{"@type":"ImageObject","url":"https:\/\/www.eldigitaldeasturias.com\/noticias\/wp-content\/uploads\/2015\/05\/yago-lamela.jpg","width":625,"height":360},"datePublished":"2016-02-23T05:09:17+01:00","dateModified":"2016-02-23T05:09:17+01:00","inLanguage":"es-ES","mainEntityOfPage":{"@id":"https:\/\/www.eldigitaldeasturias.com\/noticias\/el-centro-de-interpretacion-de-la-carriona-recuerda-al-atleta-yago-lamela\/#webpage"},"isPartOf":{"@id":"https:\/\/www.eldigitaldeasturias.com\/noticias\/el-centro-de-interpretacion-de-la-carriona-recuerda-al-atleta-yago-lamela\/#webpage"},"articleSection":"Agenda"},{"@type":"BreadcrumbList","@id":"https:\/\/www.eldigitaldeasturias.com\/noticias\/el-centro-de-interpretacion-de-la-carriona-recuerda-al-atleta-yago-lamela\/#breadcrumblist","itemListElement":[{"@type":"ListItem","@id":"https:\/\/www.eldigitaldeasturias.com\/noticias#listItem","position":1,"name":"Home","item":"https:\/\/www.eldigitaldeasturias.com\/noticias","nextItem":{"@type":"ListItem","@id":"https:\/\/www.eldigitaldeasturias.com\/noticias\/category\/agenda\/#listItem","name":"Agenda"}},{"@type":"ListItem","@id":"https:\/\/www.eldigitaldeasturias.com\/noticias\/category\/agenda\/#listItem","position":2,"name":"Agenda","item":"https:\/\/www.eldigitaldeasturias.com\/noticias\/category\/agenda\/","nextItem":{"@type":"ListItem","@id":"https:\/\/www.eldigitaldeasturias.com\/noticias\/el-centro-de-interpretacion-de-la-carriona-recuerda-al-atleta-yago-lamela\/#listItem","name":"El centro de interpretaci\u00f3n de La Carriona recuerda al atleta Yago Lamela"},"previousItem":{"@type":"ListItem","@id":"https:\/\/www.eldigitaldeasturias.com\/noticias#listItem","name":"Home"}},{"@type":"ListItem","@id":"https:\/\/www.eldigitaldeasturias.com\/noticias\/el-centro-de-interpretacion-de-la-carriona-recuerda-al-atleta-yago-lamela\/#listItem","position":3,"name":"El centro de interpretaci\u00f3n de La Carriona recuerda al atleta Yago Lamela","previousItem":{"@type":"ListItem","@id":"https:\/\/www.eldigitaldeasturias.com\/noticias\/category\/agenda\/#listItem","name":"Agenda"}}]},{"@type":"Organization","@id":"https:\/\/www.eldigitaldeasturias.com\/noticias\/#organization","name":"El Digital de Asturias","description":"Hemeroteca","url":"https:\/\/www.eldigitaldeasturias.com\/noticias\/","email":"info@eldigitaldeasturias.com","telephone":"+34652131393","logo":{"@type":"ImageObject","url":"https:\/\/www.eldigitaldeasturias.com\/noticias\/wp-content\/uploads\/2020\/12\/EDA.jpg","@id":"https:\/\/www.eldigitaldeasturias.com\/noticias\/el-centro-de-interpretacion-de-la-carriona-recuerda-al-atleta-yago-lamela\/#organizationLogo","width":649,"height":297},"image":{"@id":"https:\/\/www.eldigitaldeasturias.com\/noticias\/el-centro-de-interpretacion-de-la-carriona-recuerda-al-atleta-yago-lamela\/#organizationLogo"},"sameAs":["https:\/\/facebook.com\/eldigitaldeasturias","https:\/\/www.youtube.com\/channel\/UCZP-2wLEB9Rv6erhFmqVnvg"],"address":{"@id":"https:\/\/www.eldigitaldeasturias.com\/noticias\/#postaladdress","@type":"PostalAddress","streetAddress":"san antonio 4,","postalCode":"33430","addressLocality":"Cand\u00e1s","addressRegion":"Asturias","addressCountry":"ES"}},{"@type":"Person","@id":"https:\/\/www.eldigitaldeasturias.com\/noticias\/author\/admin\/#author","url":"https:\/\/www.eldigitaldeasturias.com\/noticias\/author\/admin\/","name":"El Digital de Asturias","image":{"@type":"ImageObject","@id":"https:\/\/www.eldigitaldeasturias.com\/noticias\/el-centro-de-interpretacion-de-la-carriona-recuerda-al-atleta-yago-lamela\/#authorImage","url":"https:\/\/www.eldigitaldeasturias.com\/noticias\/wp-content\/litespeed\/avatar\/18677e78aa0546b92d9dbf31ec7d7668.jpg?ver=1777290358","width":96,"height":96,"caption":"El Digital de Asturias"}},{"@type":"WebPage","@id":"https:\/\/www.eldigitaldeasturias.com\/noticias\/el-centro-de-interpretacion-de-la-carriona-recuerda-al-atleta-yago-lamela\/#webpage","url":"https:\/\/www.eldigitaldeasturias.com\/noticias\/el-centro-de-interpretacion-de-la-carriona-recuerda-al-atleta-yago-lamela\/","name":"El centro de interpretaci\u00f3n de La Carriona recuerda al atleta Yago Lamela - El Digital de Asturias","description":"El Centro de Interpretaci\u00f3n del Cementerio de La Carriona cuenta con un espacio de recuerdo a la figura del atleta avilesino Yago Lamela, fallecido en 2014. En uno de los paneles informativos denominado 'Lugar de Memoria' se ha a\u00f1adido una imagen y un breve texto biogr\u00e1fico con los logros deportivos m\u00e1s destacados del saltador, ha","inLanguage":"es-ES","isPartOf":{"@id":"https:\/\/www.eldigitaldeasturias.com\/noticias\/#website"},"breadcrumb":{"@id":"https:\/\/www.eldigitaldeasturias.com\/noticias\/el-centro-de-interpretacion-de-la-carriona-recuerda-al-atleta-yago-lamela\/#breadcrumblist"},"author":{"@id":"https:\/\/www.eldigitaldeasturias.com\/noticias\/author\/admin\/#author"},"creator":{"@id":"https:\/\/www.eldigitaldeasturias.com\/noticias\/author\/admin\/#author"},"image":{"@type":"ImageObject","url":"https:\/\/www.eldigitaldeasturias.com\/noticias\/wp-content\/uploads\/2015\/05\/yago-lamela.jpg","@id":"https:\/\/www.eldigitaldeasturias.com\/noticias\/el-centro-de-interpretacion-de-la-carriona-recuerda-al-atleta-yago-lamela\/#mainImage","width":625,"height":360},"primaryImageOfPage":{"@id":"https:\/\/www.eldigitaldeasturias.com\/noticias\/el-centro-de-interpretacion-de-la-carriona-recuerda-al-atleta-yago-lamela\/#mainImage"},"datePublished":"2016-02-23T05:09:17+01:00","dateModified":"2016-02-23T05:09:17+01:00"},{"@type":"WebSite","@id":"https:\/\/www.eldigitaldeasturias.com\/noticias\/#website","url":"https:\/\/www.eldigitaldeasturias.com\/noticias\/","name":"El Digital de Asturias - Diario de actualidad y noticias","alternateName":"El Digital de Asturias - Diario de actualidad y noticias","description":"Hemeroteca","inLanguage":"es-ES","publisher":{"@id":"https:\/\/www.eldigitaldeasturias.com\/noticias\/#organization"}}]},"og:locale":"es_ES","og:site_name":"El Digital de Asturias","og:type":"article","og:title":"El centro de interpretaci\u00f3n de La Carriona recuerda al atleta Yago Lamela - El Digital de Asturias","og:description":"El Centro de Interpretaci\u00f3n del Cementerio de La Carriona cuenta con un espacio de recuerdo a la figura del atleta avilesino Yago Lamela, fallecido en 2014. En uno de los paneles informativos denominado 'Lugar de Memoria' se ha a\u00f1adido una imagen y un breve texto biogr\u00e1fico con los logros deportivos m\u00e1s destacados del saltador, ha","og:url":"https:\/\/www.eldigitaldeasturias.com\/noticias\/el-centro-de-interpretacion-de-la-carriona-recuerda-al-atleta-yago-lamela\/","og:image":"https:\/\/www.eldigitaldeasturias.com\/noticias\/wp-content\/uploads\/2015\/05\/yago-lamela.jpg","og:image:secure_url":"https:\/\/www.eldigitaldeasturias.com\/noticias\/wp-content\/uploads\/2015\/05\/yago-lamela.jpg","og:image:width":625,"og:image:height":360,"article:tag":["agenda"],"article:published_time":"2016-02-23T05:09:17+00:00","article:modified_time":"2016-02-23T05:09:17+00:00","article:publisher":"https:\/\/facebook.com\/eldigitaldeasturias","twitter:card":"summary_large_image","twitter:title":"El centro de interpretaci\u00f3n de La Carriona recuerda al atleta Yago Lamela - El Digital de Asturias","twitter:description":"El Centro de Interpretaci\u00f3n del Cementerio de La Carriona cuenta con un espacio de recuerdo a la figura del atleta avilesino Yago Lamela, fallecido en 2014. En uno de los paneles informativos denominado 'Lugar de Memoria' se ha a\u00f1adido una imagen y un breve texto biogr\u00e1fico con los logros deportivos m\u00e1s destacados del saltador, ha","twitter:image":"https:\/\/www.eldigitaldeasturias.com\/noticias\/wp-content\/uploads\/2015\/05\/yago-lamela.jpg","twitter:label1":"Escrito por","twitter:data1":"El Digital de Asturias","twitter:label2":"Tiempo de lectura estimado","twitter:data2":"1 minuto"},"aioseo_meta_data":{"post_id":"861126","title":null,"description":null,"keywords":null,"keyphrases":null,"primary_term":null,"canonical_url":null,"og_title":null,"og_description":null,"og_object_type":"default","og_image_type":"default","og_image_url":null,"og_image_width":null,"og_image_height":null,"og_image_custom_url":null,"og_image_custom_fields":null,"og_video":null,"og_custom_url":null,"og_article_section":null,"og_article_tags":null,"twitter_use_og":false,"twitter_card":"default","twitter_image_type":"default","twitter_image_url":null,"twitter_image_custom_url":null,"twitter_image_custom_fields":null,"twitter_title":null,"twitter_description":null,"schema":{"blockGraphs":[],"customGraphs":[],"default":{"data":{"Article":[],"Course":[],"Dataset":[],"FAQPage":[],"Movie":[],"Person":[],"Product":[],"ProductReview":[],"Car":[],"Recipe":[],"Service":[],"SoftwareApplication":[],"WebPage":[]},"graphName":"","isEnabled":true},"graphs":[],"defaultGraph":"","defaultPostTypeGraph":""},"schema_type":null,"schema_type_options":null,"pillar_content":false,"robots_default":true,"robots_noindex":false,"robots_noarchive":false,"robots_nosnippet":false,"robots_nofollow":false,"robots_noimageindex":false,"robots_noodp":false,"robots_notranslate":false,"robots_max_snippet":null,"robots_max_videopreview":null,"robots_max_imagepreview":"large","priority":null,"frequency":null,"local_seo":null,"seo_analyzer_scan_date":"2025-12-10 20:09:06","breadcrumb_settings":null,"limit_modified_date":false,"open_ai":null,"ai":null,"created":"2021-01-23 14:59:12","updated":"2025-12-10 20:09:06"},"aioseo_breadcrumb":"<div class=\"aioseo-breadcrumbs\"><span class=\"aioseo-breadcrumb\">\n\t<a href=\"https:\/\/www.eldigitaldeasturias.com\/noticias\" title=\"Home\">Home<\/a>\n<\/span><span class=\"aioseo-breadcrumb-separator\">\u2013<\/span><span class=\"aioseo-breadcrumb\">\n\t<a href=\"https:\/\/www.eldigitaldeasturias.com\/noticias\/category\/agenda\/\" title=\"Agenda\">Agenda<\/a>\n<\/span><span class=\"aioseo-breadcrumb-separator\">\u2013<\/span><span class=\"aioseo-breadcrumb\">\n\t<a href=\"https:\/\/www.eldigitaldeasturias.com\/noticias\/el-centro-de-interpretacion-de-la-carriona-recuerda-al-atleta-yago-lamela\/\" title=\"El centro de interpretaci\u00f3n de La Carriona recuerda al atleta Yago Lamela\">El centro de interpretaci\u00f3n de La Carriona recuerda al atleta Yago Lamela<\/a>\n<\/span><\/div>","aioseo_breadcrumb_json":[{"label":"Home","link":"https:\/\/www.eldigitaldeasturias.com\/noticias"},{"label":"Agenda","link":"https:\/\/www.eldigitaldeasturias.com\/noticias\/category\/agenda\/"},{"label":"El centro de interpretaci\u00f3n de La Carriona recuerda al atleta Yago Lamela","link":"https:\/\/www.eldigitaldeasturias.com\/noticias\/el-centro-de-interpretacion-de-la-carriona-recuerda-al-atleta-yago-lamela\/"}],"_links":{"self":[{"href":"https:\/\/www.eldigitaldeasturias.com\/noticias\/wp-json\/wp\/v2\/posts\/861126","targetHints":{"allow":["GET"]}}],"collection":[{"href":"https:\/\/www.eldigitaldeasturias.com\/noticias\/wp-json\/wp\/v2\/posts"}],"about":[{"href":"https:\/\/www.eldigitaldeasturias.com\/noticias\/wp-json\/wp\/v2\/types\/post"}],"author":[{"embeddable":true,"href":"https:\/\/www.eldigitaldeasturias.com\/noticias\/wp-json\/wp\/v2\/users\/1"}],"replies":[{"embeddable":true,"href":"https:\/\/www.eldigitaldeasturias.com\/noticias\/wp-json\/wp\/v2\/comments?post=861126"}],"version-history":[{"count":0,"href":"https:\/\/www.eldigitaldeasturias.com\/noticias\/wp-json\/wp\/v2\/posts\/861126\/revisions"}],"wp:featuredmedia":[{"embeddable":true,"href":"https:\/\/www.eldigitaldeasturias.com\/noticias\/wp-json\/wp\/v2\/media\/781437"}],"wp:attachment":[{"href":"https:\/\/www.eldigitaldeasturias.com\/noticias\/wp-json\/wp\/v2\/media?parent=861126"}],"wp:term":[{"taxonomy":"category","embeddable":true,"href":"https:\/\/www.eldigitaldeasturias.com\/noticias\/wp-json\/wp\/v2\/categories?post=861126"},{"taxonomy":"post_tag","embeddable":true,"href":"https:\/\/www.eldigitaldeasturias.com\/noticias\/wp-json\/wp\/v2\/tags?post=861126"}],"curies":[{"name":"wp","href":"https:\/\/api.w.org\/{rel}","templated":true}]}}