{"id":861124,"date":"2016-02-23T05:08:09","date_gmt":"2016-02-23T05:08:09","guid":{"rendered":"http:\/\/www.eldigitaldeasturias.com\/noticias\/?p=861124"},"modified":"2016-02-23T05:08:09","modified_gmt":"2016-02-23T05:08:09","slug":"coag-asturias-recurrira-los-acotamientos-que-pongan-en-riesgo-la-actividad-ganadera","status":"publish","type":"post","link":"https:\/\/www.eldigitaldeasturias.com\/noticias\/coag-asturias-recurrira-los-acotamientos-que-pongan-en-riesgo-la-actividad-ganadera\/","title":{"rendered":"COAG Asturias recurrir\u00e1 los acotamientos que pongan en riesgo la actividad ganadera"},"content":{"rendered":"<p><img loading=\"lazy\" decoding=\"async\" class=\"alignleft size-medium wp-image-801351\" src=\"https:\/\/www.eldigitaldeasturias.com\/noticias\/wp-content\/uploads\/2015\/08\/vaca-360x270.jpg\" alt=\"vaca\" width=\"360\" height=\"270\" srcset=\"https:\/\/www.eldigitaldeasturias.com\/noticias\/wp-content\/uploads\/2015\/08\/vaca-360x270.jpg 360w, https:\/\/www.eldigitaldeasturias.com\/noticias\/wp-content\/uploads\/2015\/08\/vaca-768x576.jpg 768w, https:\/\/www.eldigitaldeasturias.com\/noticias\/wp-content\/uploads\/2015\/08\/vaca-650x488.jpg 650w, https:\/\/www.eldigitaldeasturias.com\/noticias\/wp-content\/uploads\/2015\/08\/vaca-90x67.jpg 90w, https:\/\/www.eldigitaldeasturias.com\/noticias\/wp-content\/uploads\/2015\/08\/vaca-100x75.jpg 100w, https:\/\/www.eldigitaldeasturias.com\/noticias\/wp-content\/uploads\/2015\/08\/vaca.jpg 800w\" sizes=\"auto, (max-width: 360px) 100vw, 360px\" \/>La secretaria general de COAG-Asturias, Mercedes Cruzado, va a iniciar una campa\u00f1a en contra de los acotamientos de pastos, sobre todo en aquellos casos que pongan en riesgo las ayudas a los ganaderos y con ello la supervivencia de su actividad.<\/p>\n<p>Seg\u00fan afirma esta coordinadora en una nota de prensa, las consecuencias que provocan \u00abya de por s\u00ed los incendios, y que siempre sufren los ganaderos, no pueden verse incrementadas con medidas indiscriminadas de prohibiciones poco estudiadas y alejadas del sentido com\u00fan\u00bb<\/p>\n<p>Adem\u00e1s, la organizaci\u00f3n ha afirmado que \u00ablas zonas quemadas se regenerar\u00e1n m\u00e1s r\u00e1pido si son pisadas por los animales porque fijar\u00e1n el terreno y lo abonar\u00e1n\u00bb. \u00abSi se permite a los ganaderos implicarse en la regeneraci\u00f3n de las superficies quemadas, se evitar\u00edan las dram\u00e1ticas situaciones vividas en Asturias en los pasados meses como consecuencia de los incendios, en las que se pudo comprobar la intensa implicaci\u00f3n de los ganaderos con sus propios medios, en las labores de extinci\u00f3n\u00bb, se afirma desde esta organizaci\u00f3n.<\/p>\n","protected":false},"excerpt":{"rendered":"<p>La secretaria general de COAG-Asturias, Mercedes Cruzado, va a iniciar una campa\u00f1a en contra de los acotamientos de pastos, sobre todo en aquellos casos que pongan en riesgo las ayudas a los ganaderos y con ello la supervivencia de su actividad. Seg\u00fan afirma esta coordinadora en una nota de prensa, las consecuencias que provocan \u00abya [&hellip;]<\/p>\n","protected":false},"author":1,"featured_media":801351,"comment_status":"closed","ping_status":"closed","sticky":false,"template":"","format":"standard","meta":{"footnotes":""},"categories":[12],"tags":[],"class_list":["post-861124","post","type-post","status-publish","format-standard","has-post-thumbnail","hentry","category-actualidad-asturias"],"aioseo_notices":[],"aioseo_head":"\n\t\t<!-- All in One SEO Pro 4.9.6.2 - aioseo.com -->\n\t<meta name=\"description\" content=\"La secretaria general de COAG-Asturias, Mercedes Cruzado, va a iniciar una campa\u00f1a en contra de los acotamientos de pastos, sobre todo en aquellos casos que pongan en riesgo las ayudas a los ganaderos y con ello la supervivencia de su actividad. Seg\u00fan afirma esta coordinadora en una nota de prensa, las consecuencias que provocan &quot;ya\" \/>\n\t<meta name=\"robots\" content=\"max-image-preview:large\" \/>\n\t<meta name=\"author\" content=\"El Digital de Asturias\"\/>\n\t<meta name=\"google-site-verification\" content=\"UA-38556648-1\" \/>\n\t<meta name=\"msvalidate.01\" content=\"7dfe9f3f1b24437ab69f4f2559babe99\" \/>\n\t<meta name=\"keywords\" content=\"actualidad asturias\" \/>\n\t<link rel=\"canonical\" href=\"https:\/\/www.eldigitaldeasturias.com\/noticias\/coag-asturias-recurrira-los-acotamientos-que-pongan-en-riesgo-la-actividad-ganadera\/\" \/>\n\t<meta name=\"generator\" content=\"All in One SEO Pro (AIOSEO) 4.9.6.2\" \/>\n\t\t<meta property=\"og:locale\" content=\"es_ES\" \/>\n\t\t<meta property=\"og:site_name\" content=\"El Digital de Asturias\" \/>\n\t\t<meta property=\"og:type\" content=\"article\" \/>\n\t\t<meta property=\"og:title\" content=\"COAG Asturias recurrir\u00e1 los acotamientos que pongan en riesgo la actividad ganadera - El Digital de Asturias\" \/>\n\t\t<meta property=\"og:description\" content=\"La secretaria general de COAG-Asturias, Mercedes Cruzado, va a iniciar una campa\u00f1a en contra de los acotamientos de pastos, sobre todo en aquellos casos que pongan en riesgo las ayudas a los ganaderos y con ello la supervivencia de su actividad. Seg\u00fan afirma esta coordinadora en una nota de prensa, las consecuencias que provocan &quot;ya\" \/>\n\t\t<meta property=\"og:url\" content=\"https:\/\/www.eldigitaldeasturias.com\/noticias\/coag-asturias-recurrira-los-acotamientos-que-pongan-en-riesgo-la-actividad-ganadera\/\" \/>\n\t\t<meta property=\"og:image\" content=\"https:\/\/www.eldigitaldeasturias.com\/noticias\/wp-content\/uploads\/2015\/08\/vaca.jpg\" \/>\n\t\t<meta property=\"og:image:secure_url\" content=\"https:\/\/www.eldigitaldeasturias.com\/noticias\/wp-content\/uploads\/2015\/08\/vaca.jpg\" \/>\n\t\t<meta property=\"og:image:width\" content=\"800\" \/>\n\t\t<meta property=\"og:image:height\" content=\"600\" \/>\n\t\t<meta property=\"article:tag\" content=\"actualidad asturias\" \/>\n\t\t<meta property=\"article:published_time\" content=\"2016-02-23T05:08:09+00:00\" \/>\n\t\t<meta property=\"article:modified_time\" content=\"2016-02-23T05:08:09+00:00\" \/>\n\t\t<meta property=\"article:publisher\" content=\"https:\/\/facebook.com\/eldigitaldeasturias\" \/>\n\t\t<meta name=\"twitter:card\" content=\"summary_large_image\" \/>\n\t\t<meta name=\"twitter:title\" content=\"COAG Asturias recurrir\u00e1 los acotamientos que pongan en riesgo la actividad ganadera - El Digital de Asturias\" \/>\n\t\t<meta name=\"twitter:description\" content=\"La secretaria general de COAG-Asturias, Mercedes Cruzado, va a iniciar una campa\u00f1a en contra de los acotamientos de pastos, sobre todo en aquellos casos que pongan en riesgo las ayudas a los ganaderos y con ello la supervivencia de su actividad. Seg\u00fan afirma esta coordinadora en una nota de prensa, las consecuencias que provocan &quot;ya\" \/>\n\t\t<meta name=\"twitter:image\" content=\"https:\/\/www.eldigitaldeasturias.com\/noticias\/wp-content\/uploads\/2015\/08\/vaca.jpg\" \/>\n\t\t<meta name=\"twitter:label1\" content=\"Escrito por\" \/>\n\t\t<meta name=\"twitter:data1\" content=\"El Digital de Asturias\" \/>\n\t\t<meta name=\"twitter:label2\" content=\"Tiempo de lectura estimado\" \/>\n\t\t<meta name=\"twitter:data2\" content=\"1 minuto\" \/>\n\t\t<script type=\"application\/ld+json\" class=\"aioseo-schema\">\n\t\t\t{\"@context\":\"https:\\\/\\\/schema.org\",\"@graph\":[{\"@type\":\"BlogPosting\",\"@id\":\"https:\\\/\\\/www.eldigitaldeasturias.com\\\/noticias\\\/coag-asturias-recurrira-los-acotamientos-que-pongan-en-riesgo-la-actividad-ganadera\\\/#blogposting\",\"name\":\"COAG Asturias recurrir\\u00e1 los acotamientos que pongan en riesgo la actividad ganadera - El Digital de Asturias\",\"headline\":\"COAG Asturias recurrir\\u00e1 los acotamientos que pongan en riesgo la actividad ganadera\",\"author\":{\"@id\":\"https:\\\/\\\/www.eldigitaldeasturias.com\\\/noticias\\\/author\\\/admin\\\/#author\"},\"publisher\":{\"@id\":\"https:\\\/\\\/www.eldigitaldeasturias.com\\\/noticias\\\/#organization\"},\"image\":{\"@type\":\"ImageObject\",\"url\":\"https:\\\/\\\/www.eldigitaldeasturias.com\\\/noticias\\\/wp-content\\\/uploads\\\/2015\\\/08\\\/vaca.jpg\",\"width\":800,\"height\":600},\"datePublished\":\"2016-02-23T05:08:09+01:00\",\"dateModified\":\"2016-02-23T05:08:09+01:00\",\"inLanguage\":\"es-ES\",\"mainEntityOfPage\":{\"@id\":\"https:\\\/\\\/www.eldigitaldeasturias.com\\\/noticias\\\/coag-asturias-recurrira-los-acotamientos-que-pongan-en-riesgo-la-actividad-ganadera\\\/#webpage\"},\"isPartOf\":{\"@id\":\"https:\\\/\\\/www.eldigitaldeasturias.com\\\/noticias\\\/coag-asturias-recurrira-los-acotamientos-que-pongan-en-riesgo-la-actividad-ganadera\\\/#webpage\"},\"articleSection\":\"Actualidad Asturias\"},{\"@type\":\"BreadcrumbList\",\"@id\":\"https:\\\/\\\/www.eldigitaldeasturias.com\\\/noticias\\\/coag-asturias-recurrira-los-acotamientos-que-pongan-en-riesgo-la-actividad-ganadera\\\/#breadcrumblist\",\"itemListElement\":[{\"@type\":\"ListItem\",\"@id\":\"https:\\\/\\\/www.eldigitaldeasturias.com\\\/noticias#listItem\",\"position\":1,\"name\":\"Home\",\"item\":\"https:\\\/\\\/www.eldigitaldeasturias.com\\\/noticias\",\"nextItem\":{\"@type\":\"ListItem\",\"@id\":\"https:\\\/\\\/www.eldigitaldeasturias.com\\\/noticias\\\/category\\\/actualidad-asturias\\\/#listItem\",\"name\":\"Actualidad Asturias\"}},{\"@type\":\"ListItem\",\"@id\":\"https:\\\/\\\/www.eldigitaldeasturias.com\\\/noticias\\\/category\\\/actualidad-asturias\\\/#listItem\",\"position\":2,\"name\":\"Actualidad Asturias\",\"item\":\"https:\\\/\\\/www.eldigitaldeasturias.com\\\/noticias\\\/category\\\/actualidad-asturias\\\/\",\"nextItem\":{\"@type\":\"ListItem\",\"@id\":\"https:\\\/\\\/www.eldigitaldeasturias.com\\\/noticias\\\/coag-asturias-recurrira-los-acotamientos-que-pongan-en-riesgo-la-actividad-ganadera\\\/#listItem\",\"name\":\"COAG Asturias recurrir\\u00e1 los acotamientos que pongan en riesgo la actividad ganadera\"},\"previousItem\":{\"@type\":\"ListItem\",\"@id\":\"https:\\\/\\\/www.eldigitaldeasturias.com\\\/noticias#listItem\",\"name\":\"Home\"}},{\"@type\":\"ListItem\",\"@id\":\"https:\\\/\\\/www.eldigitaldeasturias.com\\\/noticias\\\/coag-asturias-recurrira-los-acotamientos-que-pongan-en-riesgo-la-actividad-ganadera\\\/#listItem\",\"position\":3,\"name\":\"COAG Asturias recurrir\\u00e1 los acotamientos que pongan en riesgo la actividad ganadera\",\"previousItem\":{\"@type\":\"ListItem\",\"@id\":\"https:\\\/\\\/www.eldigitaldeasturias.com\\\/noticias\\\/category\\\/actualidad-asturias\\\/#listItem\",\"name\":\"Actualidad Asturias\"}}]},{\"@type\":\"Organization\",\"@id\":\"https:\\\/\\\/www.eldigitaldeasturias.com\\\/noticias\\\/#organization\",\"name\":\"El Digital de Asturias\",\"description\":\"Hemeroteca\",\"url\":\"https:\\\/\\\/www.eldigitaldeasturias.com\\\/noticias\\\/\",\"email\":\"info@eldigitaldeasturias.com\",\"telephone\":\"+34652131393\",\"logo\":{\"@type\":\"ImageObject\",\"url\":\"https:\\\/\\\/www.eldigitaldeasturias.com\\\/noticias\\\/wp-content\\\/uploads\\\/2020\\\/12\\\/EDA.jpg\",\"@id\":\"https:\\\/\\\/www.eldigitaldeasturias.com\\\/noticias\\\/coag-asturias-recurrira-los-acotamientos-que-pongan-en-riesgo-la-actividad-ganadera\\\/#organizationLogo\",\"width\":649,\"height\":297},\"image\":{\"@id\":\"https:\\\/\\\/www.eldigitaldeasturias.com\\\/noticias\\\/coag-asturias-recurrira-los-acotamientos-que-pongan-en-riesgo-la-actividad-ganadera\\\/#organizationLogo\"},\"sameAs\":[\"https:\\\/\\\/facebook.com\\\/eldigitaldeasturias\",\"https:\\\/\\\/www.youtube.com\\\/channel\\\/UCZP-2wLEB9Rv6erhFmqVnvg\"],\"address\":{\"@id\":\"https:\\\/\\\/www.eldigitaldeasturias.com\\\/noticias\\\/#postaladdress\",\"@type\":\"PostalAddress\",\"streetAddress\":\"san antonio 4,\",\"postalCode\":\"33430\",\"addressLocality\":\"Cand\\u00e1s\",\"addressRegion\":\"Asturias\",\"addressCountry\":\"ES\"}},{\"@type\":\"Person\",\"@id\":\"https:\\\/\\\/www.eldigitaldeasturias.com\\\/noticias\\\/author\\\/admin\\\/#author\",\"url\":\"https:\\\/\\\/www.eldigitaldeasturias.com\\\/noticias\\\/author\\\/admin\\\/\",\"name\":\"El Digital de Asturias\",\"image\":{\"@type\":\"ImageObject\",\"@id\":\"https:\\\/\\\/www.eldigitaldeasturias.com\\\/noticias\\\/coag-asturias-recurrira-los-acotamientos-que-pongan-en-riesgo-la-actividad-ganadera\\\/#authorImage\",\"url\":\"https:\\\/\\\/www.eldigitaldeasturias.com\\\/noticias\\\/wp-content\\\/litespeed\\\/avatar\\\/18677e78aa0546b92d9dbf31ec7d7668.jpg?ver=1777290358\",\"width\":96,\"height\":96,\"caption\":\"El Digital de Asturias\"}},{\"@type\":\"WebPage\",\"@id\":\"https:\\\/\\\/www.eldigitaldeasturias.com\\\/noticias\\\/coag-asturias-recurrira-los-acotamientos-que-pongan-en-riesgo-la-actividad-ganadera\\\/#webpage\",\"url\":\"https:\\\/\\\/www.eldigitaldeasturias.com\\\/noticias\\\/coag-asturias-recurrira-los-acotamientos-que-pongan-en-riesgo-la-actividad-ganadera\\\/\",\"name\":\"COAG Asturias recurrir\\u00e1 los acotamientos que pongan en riesgo la actividad ganadera - El Digital de Asturias\",\"description\":\"La secretaria general de COAG-Asturias, Mercedes Cruzado, va a iniciar una campa\\u00f1a en contra de los acotamientos de pastos, sobre todo en aquellos casos que pongan en riesgo las ayudas a los ganaderos y con ello la supervivencia de su actividad. Seg\\u00fan afirma esta coordinadora en una nota de prensa, las consecuencias que provocan \\\"ya\",\"inLanguage\":\"es-ES\",\"isPartOf\":{\"@id\":\"https:\\\/\\\/www.eldigitaldeasturias.com\\\/noticias\\\/#website\"},\"breadcrumb\":{\"@id\":\"https:\\\/\\\/www.eldigitaldeasturias.com\\\/noticias\\\/coag-asturias-recurrira-los-acotamientos-que-pongan-en-riesgo-la-actividad-ganadera\\\/#breadcrumblist\"},\"author\":{\"@id\":\"https:\\\/\\\/www.eldigitaldeasturias.com\\\/noticias\\\/author\\\/admin\\\/#author\"},\"creator\":{\"@id\":\"https:\\\/\\\/www.eldigitaldeasturias.com\\\/noticias\\\/author\\\/admin\\\/#author\"},\"image\":{\"@type\":\"ImageObject\",\"url\":\"https:\\\/\\\/www.eldigitaldeasturias.com\\\/noticias\\\/wp-content\\\/uploads\\\/2015\\\/08\\\/vaca.jpg\",\"@id\":\"https:\\\/\\\/www.eldigitaldeasturias.com\\\/noticias\\\/coag-asturias-recurrira-los-acotamientos-que-pongan-en-riesgo-la-actividad-ganadera\\\/#mainImage\",\"width\":800,\"height\":600},\"primaryImageOfPage\":{\"@id\":\"https:\\\/\\\/www.eldigitaldeasturias.com\\\/noticias\\\/coag-asturias-recurrira-los-acotamientos-que-pongan-en-riesgo-la-actividad-ganadera\\\/#mainImage\"},\"datePublished\":\"2016-02-23T05:08:09+01:00\",\"dateModified\":\"2016-02-23T05:08:09+01:00\"},{\"@type\":\"WebSite\",\"@id\":\"https:\\\/\\\/www.eldigitaldeasturias.com\\\/noticias\\\/#website\",\"url\":\"https:\\\/\\\/www.eldigitaldeasturias.com\\\/noticias\\\/\",\"name\":\"El Digital de Asturias - Diario de actualidad y noticias\",\"alternateName\":\"El Digital de Asturias - Diario de actualidad y noticias\",\"description\":\"Hemeroteca\",\"inLanguage\":\"es-ES\",\"publisher\":{\"@id\":\"https:\\\/\\\/www.eldigitaldeasturias.com\\\/noticias\\\/#organization\"}}]}\n\t\t<\/script>\n\t\t<!-- All in One SEO Pro -->\r\n\t\t<title>COAG Asturias recurrir\u00e1 los acotamientos que pongan en riesgo la actividad ganadera - El Digital de Asturias<\/title>\n\n","aioseo_head_json":{"title":"COAG Asturias recurrir\u00e1 los acotamientos que pongan en riesgo la actividad ganadera - El Digital de Asturias","description":"La secretaria general de COAG-Asturias, Mercedes Cruzado, va a iniciar una campa\u00f1a en contra de los acotamientos de pastos, sobre todo en aquellos casos que pongan en riesgo las ayudas a los ganaderos y con ello la supervivencia de su actividad. Seg\u00fan afirma esta coordinadora en una nota de prensa, las consecuencias que provocan \"ya","canonical_url":"https:\/\/www.eldigitaldeasturias.com\/noticias\/coag-asturias-recurrira-los-acotamientos-que-pongan-en-riesgo-la-actividad-ganadera\/","robots":"max-image-preview:large","keywords":"actualidad asturias","webmasterTools":{"google-site-verification":"UA-38556648-1","msvalidate.01":"7dfe9f3f1b24437ab69f4f2559babe99","miscellaneous":""},"schema":{"@context":"https:\/\/schema.org","@graph":[{"@type":"BlogPosting","@id":"https:\/\/www.eldigitaldeasturias.com\/noticias\/coag-asturias-recurrira-los-acotamientos-que-pongan-en-riesgo-la-actividad-ganadera\/#blogposting","name":"COAG Asturias recurrir\u00e1 los acotamientos que pongan en riesgo la actividad ganadera - El Digital de Asturias","headline":"COAG Asturias recurrir\u00e1 los acotamientos que pongan en riesgo la actividad ganadera","author":{"@id":"https:\/\/www.eldigitaldeasturias.com\/noticias\/author\/admin\/#author"},"publisher":{"@id":"https:\/\/www.eldigitaldeasturias.com\/noticias\/#organization"},"image":{"@type":"ImageObject","url":"https:\/\/www.eldigitaldeasturias.com\/noticias\/wp-content\/uploads\/2015\/08\/vaca.jpg","width":800,"height":600},"datePublished":"2016-02-23T05:08:09+01:00","dateModified":"2016-02-23T05:08:09+01:00","inLanguage":"es-ES","mainEntityOfPage":{"@id":"https:\/\/www.eldigitaldeasturias.com\/noticias\/coag-asturias-recurrira-los-acotamientos-que-pongan-en-riesgo-la-actividad-ganadera\/#webpage"},"isPartOf":{"@id":"https:\/\/www.eldigitaldeasturias.com\/noticias\/coag-asturias-recurrira-los-acotamientos-que-pongan-en-riesgo-la-actividad-ganadera\/#webpage"},"articleSection":"Actualidad Asturias"},{"@type":"BreadcrumbList","@id":"https:\/\/www.eldigitaldeasturias.com\/noticias\/coag-asturias-recurrira-los-acotamientos-que-pongan-en-riesgo-la-actividad-ganadera\/#breadcrumblist","itemListElement":[{"@type":"ListItem","@id":"https:\/\/www.eldigitaldeasturias.com\/noticias#listItem","position":1,"name":"Home","item":"https:\/\/www.eldigitaldeasturias.com\/noticias","nextItem":{"@type":"ListItem","@id":"https:\/\/www.eldigitaldeasturias.com\/noticias\/category\/actualidad-asturias\/#listItem","name":"Actualidad Asturias"}},{"@type":"ListItem","@id":"https:\/\/www.eldigitaldeasturias.com\/noticias\/category\/actualidad-asturias\/#listItem","position":2,"name":"Actualidad Asturias","item":"https:\/\/www.eldigitaldeasturias.com\/noticias\/category\/actualidad-asturias\/","nextItem":{"@type":"ListItem","@id":"https:\/\/www.eldigitaldeasturias.com\/noticias\/coag-asturias-recurrira-los-acotamientos-que-pongan-en-riesgo-la-actividad-ganadera\/#listItem","name":"COAG Asturias recurrir\u00e1 los acotamientos que pongan en riesgo la actividad ganadera"},"previousItem":{"@type":"ListItem","@id":"https:\/\/www.eldigitaldeasturias.com\/noticias#listItem","name":"Home"}},{"@type":"ListItem","@id":"https:\/\/www.eldigitaldeasturias.com\/noticias\/coag-asturias-recurrira-los-acotamientos-que-pongan-en-riesgo-la-actividad-ganadera\/#listItem","position":3,"name":"COAG Asturias recurrir\u00e1 los acotamientos que pongan en riesgo la actividad ganadera","previousItem":{"@type":"ListItem","@id":"https:\/\/www.eldigitaldeasturias.com\/noticias\/category\/actualidad-asturias\/#listItem","name":"Actualidad Asturias"}}]},{"@type":"Organization","@id":"https:\/\/www.eldigitaldeasturias.com\/noticias\/#organization","name":"El Digital de Asturias","description":"Hemeroteca","url":"https:\/\/www.eldigitaldeasturias.com\/noticias\/","email":"info@eldigitaldeasturias.com","telephone":"+34652131393","logo":{"@type":"ImageObject","url":"https:\/\/www.eldigitaldeasturias.com\/noticias\/wp-content\/uploads\/2020\/12\/EDA.jpg","@id":"https:\/\/www.eldigitaldeasturias.com\/noticias\/coag-asturias-recurrira-los-acotamientos-que-pongan-en-riesgo-la-actividad-ganadera\/#organizationLogo","width":649,"height":297},"image":{"@id":"https:\/\/www.eldigitaldeasturias.com\/noticias\/coag-asturias-recurrira-los-acotamientos-que-pongan-en-riesgo-la-actividad-ganadera\/#organizationLogo"},"sameAs":["https:\/\/facebook.com\/eldigitaldeasturias","https:\/\/www.youtube.com\/channel\/UCZP-2wLEB9Rv6erhFmqVnvg"],"address":{"@id":"https:\/\/www.eldigitaldeasturias.com\/noticias\/#postaladdress","@type":"PostalAddress","streetAddress":"san antonio 4,","postalCode":"33430","addressLocality":"Cand\u00e1s","addressRegion":"Asturias","addressCountry":"ES"}},{"@type":"Person","@id":"https:\/\/www.eldigitaldeasturias.com\/noticias\/author\/admin\/#author","url":"https:\/\/www.eldigitaldeasturias.com\/noticias\/author\/admin\/","name":"El Digital de Asturias","image":{"@type":"ImageObject","@id":"https:\/\/www.eldigitaldeasturias.com\/noticias\/coag-asturias-recurrira-los-acotamientos-que-pongan-en-riesgo-la-actividad-ganadera\/#authorImage","url":"https:\/\/www.eldigitaldeasturias.com\/noticias\/wp-content\/litespeed\/avatar\/18677e78aa0546b92d9dbf31ec7d7668.jpg?ver=1777290358","width":96,"height":96,"caption":"El Digital de Asturias"}},{"@type":"WebPage","@id":"https:\/\/www.eldigitaldeasturias.com\/noticias\/coag-asturias-recurrira-los-acotamientos-que-pongan-en-riesgo-la-actividad-ganadera\/#webpage","url":"https:\/\/www.eldigitaldeasturias.com\/noticias\/coag-asturias-recurrira-los-acotamientos-que-pongan-en-riesgo-la-actividad-ganadera\/","name":"COAG Asturias recurrir\u00e1 los acotamientos que pongan en riesgo la actividad ganadera - El Digital de Asturias","description":"La secretaria general de COAG-Asturias, Mercedes Cruzado, va a iniciar una campa\u00f1a en contra de los acotamientos de pastos, sobre todo en aquellos casos que pongan en riesgo las ayudas a los ganaderos y con ello la supervivencia de su actividad. Seg\u00fan afirma esta coordinadora en una nota de prensa, las consecuencias que provocan \"ya","inLanguage":"es-ES","isPartOf":{"@id":"https:\/\/www.eldigitaldeasturias.com\/noticias\/#website"},"breadcrumb":{"@id":"https:\/\/www.eldigitaldeasturias.com\/noticias\/coag-asturias-recurrira-los-acotamientos-que-pongan-en-riesgo-la-actividad-ganadera\/#breadcrumblist"},"author":{"@id":"https:\/\/www.eldigitaldeasturias.com\/noticias\/author\/admin\/#author"},"creator":{"@id":"https:\/\/www.eldigitaldeasturias.com\/noticias\/author\/admin\/#author"},"image":{"@type":"ImageObject","url":"https:\/\/www.eldigitaldeasturias.com\/noticias\/wp-content\/uploads\/2015\/08\/vaca.jpg","@id":"https:\/\/www.eldigitaldeasturias.com\/noticias\/coag-asturias-recurrira-los-acotamientos-que-pongan-en-riesgo-la-actividad-ganadera\/#mainImage","width":800,"height":600},"primaryImageOfPage":{"@id":"https:\/\/www.eldigitaldeasturias.com\/noticias\/coag-asturias-recurrira-los-acotamientos-que-pongan-en-riesgo-la-actividad-ganadera\/#mainImage"},"datePublished":"2016-02-23T05:08:09+01:00","dateModified":"2016-02-23T05:08:09+01:00"},{"@type":"WebSite","@id":"https:\/\/www.eldigitaldeasturias.com\/noticias\/#website","url":"https:\/\/www.eldigitaldeasturias.com\/noticias\/","name":"El Digital de Asturias - Diario de actualidad y noticias","alternateName":"El Digital de Asturias - Diario de actualidad y noticias","description":"Hemeroteca","inLanguage":"es-ES","publisher":{"@id":"https:\/\/www.eldigitaldeasturias.com\/noticias\/#organization"}}]},"og:locale":"es_ES","og:site_name":"El Digital de Asturias","og:type":"article","og:title":"COAG Asturias recurrir\u00e1 los acotamientos que pongan en riesgo la actividad ganadera - El Digital de Asturias","og:description":"La secretaria general de COAG-Asturias, Mercedes Cruzado, va a iniciar una campa\u00f1a en contra de los acotamientos de pastos, sobre todo en aquellos casos que pongan en riesgo las ayudas a los ganaderos y con ello la supervivencia de su actividad. Seg\u00fan afirma esta coordinadora en una nota de prensa, las consecuencias que provocan &quot;ya","og:url":"https:\/\/www.eldigitaldeasturias.com\/noticias\/coag-asturias-recurrira-los-acotamientos-que-pongan-en-riesgo-la-actividad-ganadera\/","og:image":"https:\/\/www.eldigitaldeasturias.com\/noticias\/wp-content\/uploads\/2015\/08\/vaca.jpg","og:image:secure_url":"https:\/\/www.eldigitaldeasturias.com\/noticias\/wp-content\/uploads\/2015\/08\/vaca.jpg","og:image:width":800,"og:image:height":600,"article:tag":["actualidad asturias"],"article:published_time":"2016-02-23T05:08:09+00:00","article:modified_time":"2016-02-23T05:08:09+00:00","article:publisher":"https:\/\/facebook.com\/eldigitaldeasturias","twitter:card":"summary_large_image","twitter:title":"COAG Asturias recurrir\u00e1 los acotamientos que pongan en riesgo la actividad ganadera - El Digital de Asturias","twitter:description":"La secretaria general de COAG-Asturias, Mercedes Cruzado, va a iniciar una campa\u00f1a en contra de los acotamientos de pastos, sobre todo en aquellos casos que pongan en riesgo las ayudas a los ganaderos y con ello la supervivencia de su actividad. Seg\u00fan afirma esta coordinadora en una nota de prensa, las consecuencias que provocan &quot;ya","twitter:image":"https:\/\/www.eldigitaldeasturias.com\/noticias\/wp-content\/uploads\/2015\/08\/vaca.jpg","twitter:label1":"Escrito por","twitter:data1":"El Digital de Asturias","twitter:label2":"Tiempo de lectura estimado","twitter:data2":"1 minuto"},"aioseo_meta_data":{"post_id":"861124","title":null,"description":null,"keywords":null,"keyphrases":null,"primary_term":null,"canonical_url":null,"og_title":null,"og_description":null,"og_object_type":"default","og_image_type":"default","og_image_url":null,"og_image_width":null,"og_image_height":null,"og_image_custom_url":null,"og_image_custom_fields":null,"og_video":null,"og_custom_url":null,"og_article_section":null,"og_article_tags":null,"twitter_use_og":false,"twitter_card":"default","twitter_image_type":"default","twitter_image_url":null,"twitter_image_custom_url":null,"twitter_image_custom_fields":null,"twitter_title":null,"twitter_description":null,"schema":{"blockGraphs":[],"customGraphs":[],"default":{"data":{"Article":[],"Course":[],"Dataset":[],"FAQPage":[],"Movie":[],"Person":[],"Product":[],"ProductReview":[],"Car":[],"Recipe":[],"Service":[],"SoftwareApplication":[],"WebPage":[]},"graphName":"","isEnabled":true},"graphs":[],"defaultGraph":"","defaultPostTypeGraph":""},"schema_type":null,"schema_type_options":null,"pillar_content":false,"robots_default":true,"robots_noindex":false,"robots_noarchive":false,"robots_nosnippet":false,"robots_nofollow":false,"robots_noimageindex":false,"robots_noodp":false,"robots_notranslate":false,"robots_max_snippet":null,"robots_max_videopreview":null,"robots_max_imagepreview":"large","priority":null,"frequency":null,"local_seo":null,"seo_analyzer_scan_date":"2025-12-10 20:09:05","breadcrumb_settings":null,"limit_modified_date":false,"open_ai":null,"ai":null,"created":"2021-01-23 14:59:12","updated":"2025-12-10 20:09:05"},"aioseo_breadcrumb":"<div class=\"aioseo-breadcrumbs\"><span class=\"aioseo-breadcrumb\">\n\t<a href=\"https:\/\/www.eldigitaldeasturias.com\/noticias\" title=\"Home\">Home<\/a>\n<\/span><span class=\"aioseo-breadcrumb-separator\">\u2013<\/span><span class=\"aioseo-breadcrumb\">\n\t<a href=\"https:\/\/www.eldigitaldeasturias.com\/noticias\/category\/actualidad-asturias\/\" title=\"Actualidad Asturias\">Actualidad Asturias<\/a>\n<\/span><span class=\"aioseo-breadcrumb-separator\">\u2013<\/span><span class=\"aioseo-breadcrumb\">\n\t<a href=\"https:\/\/www.eldigitaldeasturias.com\/noticias\/coag-asturias-recurrira-los-acotamientos-que-pongan-en-riesgo-la-actividad-ganadera\/\" title=\"COAG Asturias recurrir\u00e1 los acotamientos que pongan en riesgo la actividad ganadera\">COAG Asturias recurrir\u00e1 los acotamientos que pongan en riesgo la actividad ganadera<\/a>\n<\/span><\/div>","aioseo_breadcrumb_json":[{"label":"Home","link":"https:\/\/www.eldigitaldeasturias.com\/noticias"},{"label":"Actualidad Asturias","link":"https:\/\/www.eldigitaldeasturias.com\/noticias\/category\/actualidad-asturias\/"},{"label":"COAG Asturias recurrir\u00e1 los acotamientos que pongan en riesgo la actividad ganadera","link":"https:\/\/www.eldigitaldeasturias.com\/noticias\/coag-asturias-recurrira-los-acotamientos-que-pongan-en-riesgo-la-actividad-ganadera\/"}],"_links":{"self":[{"href":"https:\/\/www.eldigitaldeasturias.com\/noticias\/wp-json\/wp\/v2\/posts\/861124","targetHints":{"allow":["GET"]}}],"collection":[{"href":"https:\/\/www.eldigitaldeasturias.com\/noticias\/wp-json\/wp\/v2\/posts"}],"about":[{"href":"https:\/\/www.eldigitaldeasturias.com\/noticias\/wp-json\/wp\/v2\/types\/post"}],"author":[{"embeddable":true,"href":"https:\/\/www.eldigitaldeasturias.com\/noticias\/wp-json\/wp\/v2\/users\/1"}],"replies":[{"embeddable":true,"href":"https:\/\/www.eldigitaldeasturias.com\/noticias\/wp-json\/wp\/v2\/comments?post=861124"}],"version-history":[{"count":0,"href":"https:\/\/www.eldigitaldeasturias.com\/noticias\/wp-json\/wp\/v2\/posts\/861124\/revisions"}],"wp:featuredmedia":[{"embeddable":true,"href":"https:\/\/www.eldigitaldeasturias.com\/noticias\/wp-json\/wp\/v2\/media\/801351"}],"wp:attachment":[{"href":"https:\/\/www.eldigitaldeasturias.com\/noticias\/wp-json\/wp\/v2\/media?parent=861124"}],"wp:term":[{"taxonomy":"category","embeddable":true,"href":"https:\/\/www.eldigitaldeasturias.com\/noticias\/wp-json\/wp\/v2\/categories?post=861124"},{"taxonomy":"post_tag","embeddable":true,"href":"https:\/\/www.eldigitaldeasturias.com\/noticias\/wp-json\/wp\/v2\/tags?post=861124"}],"curies":[{"name":"wp","href":"https:\/\/api.w.org\/{rel}","templated":true}]}}