{"id":861116,"date":"2016-02-23T04:58:38","date_gmt":"2016-02-23T04:58:38","guid":{"rendered":"http:\/\/www.eldigitaldeasturias.com\/noticias\/?p=861116"},"modified":"2016-02-23T04:58:38","modified_gmt":"2016-02-23T04:58:38","slug":"ocho-empresas-asturianas-participan-en-una-mision-comercial-en-texas","status":"publish","type":"post","link":"https:\/\/www.eldigitaldeasturias.com\/noticias\/ocho-empresas-asturianas-participan-en-una-mision-comercial-en-texas\/","title":{"rendered":"Ocho empresas asturianas participan en una misi\u00f3n comercial en Texas"},"content":{"rendered":"<p><img loading=\"lazy\" decoding=\"async\" class=\"alignleft size-medium wp-image-778139\" src=\"https:\/\/www.eldigitaldeasturias.com\/noticias\/wp-content\/uploads\/2015\/04\/industria1-360x270.jpg\" alt=\"industria\" width=\"360\" height=\"270\" srcset=\"https:\/\/www.eldigitaldeasturias.com\/noticias\/wp-content\/uploads\/2015\/04\/industria1-360x270.jpg 360w, https:\/\/www.eldigitaldeasturias.com\/noticias\/wp-content\/uploads\/2015\/04\/industria1-400x300.jpg 400w, https:\/\/www.eldigitaldeasturias.com\/noticias\/wp-content\/uploads\/2015\/04\/industria1-768x576.jpg 768w, https:\/\/www.eldigitaldeasturias.com\/noticias\/wp-content\/uploads\/2015\/04\/industria1-640x480.jpg 640w, https:\/\/www.eldigitaldeasturias.com\/noticias\/wp-content\/uploads\/2015\/04\/industria1-20x15.jpg 20w, https:\/\/www.eldigitaldeasturias.com\/noticias\/wp-content\/uploads\/2015\/04\/industria1.jpg 800w\" sizes=\"auto, (max-width: 360px) 100vw, 360px\" \/>Ocho empresas asturianas participan desde este domingo en la misi\u00f3n comercial a Texas (Estados Unidos) que organiza la Sociedad de Promoci\u00f3n Exterior del Principado (Asturex) y que se desarrollar\u00e1 hasta el pr\u00f3ximo s\u00e1bado en Houston.<\/p>\n<p>Seg\u00fan ha informado Asturex, las firmas que forman parte de la delegaci\u00f3n empresarial cuentan con experiencia previa en el mercado de Estados Unidos, donde ya poseen una oferta de productos y servicios competitiva tanto en el sector del \u00aboil and gas\u00bb, referente del Estado de Texas y de la econom\u00eda asturiana, como en el de las energ\u00edas renovables, mercado en expansi\u00f3n y con gran potencialidad en el estado norteamericano.<\/p>\n<p>Adem\u00e1s de las agendas individuales que cada empresa est\u00e1 manteniendo con sus potenciales clientes, la delegaci\u00f3n, que est\u00e1 encabezada por el director general de Asturex, Alfonso del R\u00edo, mantendr\u00e1 una reuni\u00f3n con la oficina de compras internacionales de PEMEX, con sede en Houston.<\/p>\n<p>Esta misi\u00f3n comercial a Texas se enmarca dentro del plan sectorial dise\u00f1ado por Asturex en colaboraci\u00f3n con la Federaci\u00f3n de Empresarios del Metal y Afines del Principado de Asturias para apoyar e impulsar la internacionalizaci\u00f3n del sector y que incluye una veintena de actividades para 2016.<\/p>\n","protected":false},"excerpt":{"rendered":"<p>Ocho empresas asturianas participan desde este domingo en la misi\u00f3n comercial a Texas (Estados Unidos) que organiza la Sociedad de Promoci\u00f3n Exterior del Principado (Asturex) y que se desarrollar\u00e1 hasta el pr\u00f3ximo s\u00e1bado en Houston. Seg\u00fan ha informado Asturex, las firmas que forman parte de la delegaci\u00f3n empresarial cuentan con experiencia previa en el mercado [&hellip;]<\/p>\n","protected":false},"author":1,"featured_media":778139,"comment_status":"closed","ping_status":"closed","sticky":false,"template":"","format":"standard","meta":{"footnotes":""},"categories":[12],"tags":[],"class_list":["post-861116","post","type-post","status-publish","format-standard","has-post-thumbnail","hentry","category-actualidad-asturias"],"aioseo_notices":[],"aioseo_head":"\n\t\t<!-- All in One SEO Pro 4.9.6.2 - aioseo.com -->\n\t<meta name=\"description\" content=\"Ocho empresas asturianas participan desde este domingo en la misi\u00f3n comercial a Texas (Estados Unidos) que organiza la Sociedad de Promoci\u00f3n Exterior del Principado (Asturex) y que se desarrollar\u00e1 hasta el pr\u00f3ximo s\u00e1bado en Houston. Seg\u00fan ha informado Asturex, las firmas que forman parte de la delegaci\u00f3n empresarial cuentan con experiencia previa en el mercado\" \/>\n\t<meta name=\"robots\" content=\"max-image-preview:large\" \/>\n\t<meta name=\"author\" content=\"El Digital de Asturias\"\/>\n\t<meta name=\"google-site-verification\" content=\"UA-38556648-1\" \/>\n\t<meta name=\"msvalidate.01\" content=\"7dfe9f3f1b24437ab69f4f2559babe99\" \/>\n\t<meta name=\"keywords\" content=\"actualidad asturias\" \/>\n\t<link rel=\"canonical\" href=\"https:\/\/www.eldigitaldeasturias.com\/noticias\/ocho-empresas-asturianas-participan-en-una-mision-comercial-en-texas\/\" \/>\n\t<meta name=\"generator\" content=\"All in One SEO Pro (AIOSEO) 4.9.6.2\" \/>\n\t\t<meta property=\"og:locale\" content=\"es_ES\" \/>\n\t\t<meta property=\"og:site_name\" content=\"El Digital de Asturias\" \/>\n\t\t<meta property=\"og:type\" content=\"article\" \/>\n\t\t<meta property=\"og:title\" content=\"Ocho empresas asturianas participan en una misi\u00f3n comercial en Texas - El Digital de Asturias\" \/>\n\t\t<meta property=\"og:description\" content=\"Ocho empresas asturianas participan desde este domingo en la misi\u00f3n comercial a Texas (Estados Unidos) que organiza la Sociedad de Promoci\u00f3n Exterior del Principado (Asturex) y que se desarrollar\u00e1 hasta el pr\u00f3ximo s\u00e1bado en Houston. Seg\u00fan ha informado Asturex, las firmas que forman parte de la delegaci\u00f3n empresarial cuentan con experiencia previa en el mercado\" \/>\n\t\t<meta property=\"og:url\" content=\"https:\/\/www.eldigitaldeasturias.com\/noticias\/ocho-empresas-asturianas-participan-en-una-mision-comercial-en-texas\/\" \/>\n\t\t<meta property=\"og:image\" content=\"https:\/\/www.eldigitaldeasturias.com\/noticias\/wp-content\/uploads\/2015\/04\/industria1.jpg\" \/>\n\t\t<meta property=\"og:image:secure_url\" content=\"https:\/\/www.eldigitaldeasturias.com\/noticias\/wp-content\/uploads\/2015\/04\/industria1.jpg\" \/>\n\t\t<meta property=\"og:image:width\" content=\"800\" \/>\n\t\t<meta property=\"og:image:height\" content=\"600\" \/>\n\t\t<meta property=\"article:tag\" content=\"actualidad asturias\" \/>\n\t\t<meta property=\"article:published_time\" content=\"2016-02-23T04:58:38+00:00\" \/>\n\t\t<meta property=\"article:modified_time\" content=\"2016-02-23T04:58:38+00:00\" \/>\n\t\t<meta property=\"article:publisher\" content=\"https:\/\/facebook.com\/eldigitaldeasturias\" \/>\n\t\t<meta name=\"twitter:card\" content=\"summary_large_image\" \/>\n\t\t<meta name=\"twitter:title\" content=\"Ocho empresas asturianas participan en una misi\u00f3n comercial en Texas - El Digital de Asturias\" \/>\n\t\t<meta name=\"twitter:description\" content=\"Ocho empresas asturianas participan desde este domingo en la misi\u00f3n comercial a Texas (Estados Unidos) que organiza la Sociedad de Promoci\u00f3n Exterior del Principado (Asturex) y que se desarrollar\u00e1 hasta el pr\u00f3ximo s\u00e1bado en Houston. Seg\u00fan ha informado Asturex, las firmas que forman parte de la delegaci\u00f3n empresarial cuentan con experiencia previa en el mercado\" \/>\n\t\t<meta name=\"twitter:image\" content=\"https:\/\/www.eldigitaldeasturias.com\/noticias\/wp-content\/uploads\/2015\/04\/industria1.jpg\" \/>\n\t\t<meta name=\"twitter:label1\" content=\"Escrito por\" \/>\n\t\t<meta name=\"twitter:data1\" content=\"El Digital de Asturias\" \/>\n\t\t<meta name=\"twitter:label2\" content=\"Tiempo de lectura estimado\" \/>\n\t\t<meta name=\"twitter:data2\" content=\"1 minuto\" \/>\n\t\t<script type=\"application\/ld+json\" class=\"aioseo-schema\">\n\t\t\t{\"@context\":\"https:\\\/\\\/schema.org\",\"@graph\":[{\"@type\":\"BlogPosting\",\"@id\":\"https:\\\/\\\/www.eldigitaldeasturias.com\\\/noticias\\\/ocho-empresas-asturianas-participan-en-una-mision-comercial-en-texas\\\/#blogposting\",\"name\":\"Ocho empresas asturianas participan en una misi\\u00f3n comercial en Texas - El Digital de Asturias\",\"headline\":\"Ocho empresas asturianas participan en una misi\\u00f3n comercial en Texas\",\"author\":{\"@id\":\"https:\\\/\\\/www.eldigitaldeasturias.com\\\/noticias\\\/author\\\/admin\\\/#author\"},\"publisher\":{\"@id\":\"https:\\\/\\\/www.eldigitaldeasturias.com\\\/noticias\\\/#organization\"},\"image\":{\"@type\":\"ImageObject\",\"url\":\"https:\\\/\\\/www.eldigitaldeasturias.com\\\/noticias\\\/wp-content\\\/uploads\\\/2015\\\/04\\\/industria1.jpg\",\"width\":800,\"height\":600},\"datePublished\":\"2016-02-23T04:58:38+01:00\",\"dateModified\":\"2016-02-23T04:58:38+01:00\",\"inLanguage\":\"es-ES\",\"mainEntityOfPage\":{\"@id\":\"https:\\\/\\\/www.eldigitaldeasturias.com\\\/noticias\\\/ocho-empresas-asturianas-participan-en-una-mision-comercial-en-texas\\\/#webpage\"},\"isPartOf\":{\"@id\":\"https:\\\/\\\/www.eldigitaldeasturias.com\\\/noticias\\\/ocho-empresas-asturianas-participan-en-una-mision-comercial-en-texas\\\/#webpage\"},\"articleSection\":\"Actualidad Asturias\"},{\"@type\":\"BreadcrumbList\",\"@id\":\"https:\\\/\\\/www.eldigitaldeasturias.com\\\/noticias\\\/ocho-empresas-asturianas-participan-en-una-mision-comercial-en-texas\\\/#breadcrumblist\",\"itemListElement\":[{\"@type\":\"ListItem\",\"@id\":\"https:\\\/\\\/www.eldigitaldeasturias.com\\\/noticias#listItem\",\"position\":1,\"name\":\"Home\",\"item\":\"https:\\\/\\\/www.eldigitaldeasturias.com\\\/noticias\",\"nextItem\":{\"@type\":\"ListItem\",\"@id\":\"https:\\\/\\\/www.eldigitaldeasturias.com\\\/noticias\\\/category\\\/actualidad-asturias\\\/#listItem\",\"name\":\"Actualidad Asturias\"}},{\"@type\":\"ListItem\",\"@id\":\"https:\\\/\\\/www.eldigitaldeasturias.com\\\/noticias\\\/category\\\/actualidad-asturias\\\/#listItem\",\"position\":2,\"name\":\"Actualidad Asturias\",\"item\":\"https:\\\/\\\/www.eldigitaldeasturias.com\\\/noticias\\\/category\\\/actualidad-asturias\\\/\",\"nextItem\":{\"@type\":\"ListItem\",\"@id\":\"https:\\\/\\\/www.eldigitaldeasturias.com\\\/noticias\\\/ocho-empresas-asturianas-participan-en-una-mision-comercial-en-texas\\\/#listItem\",\"name\":\"Ocho empresas asturianas participan en una misi\\u00f3n comercial en Texas\"},\"previousItem\":{\"@type\":\"ListItem\",\"@id\":\"https:\\\/\\\/www.eldigitaldeasturias.com\\\/noticias#listItem\",\"name\":\"Home\"}},{\"@type\":\"ListItem\",\"@id\":\"https:\\\/\\\/www.eldigitaldeasturias.com\\\/noticias\\\/ocho-empresas-asturianas-participan-en-una-mision-comercial-en-texas\\\/#listItem\",\"position\":3,\"name\":\"Ocho empresas asturianas participan en una misi\\u00f3n comercial en Texas\",\"previousItem\":{\"@type\":\"ListItem\",\"@id\":\"https:\\\/\\\/www.eldigitaldeasturias.com\\\/noticias\\\/category\\\/actualidad-asturias\\\/#listItem\",\"name\":\"Actualidad Asturias\"}}]},{\"@type\":\"Organization\",\"@id\":\"https:\\\/\\\/www.eldigitaldeasturias.com\\\/noticias\\\/#organization\",\"name\":\"El Digital de Asturias\",\"description\":\"Hemeroteca\",\"url\":\"https:\\\/\\\/www.eldigitaldeasturias.com\\\/noticias\\\/\",\"email\":\"info@eldigitaldeasturias.com\",\"telephone\":\"+34652131393\",\"logo\":{\"@type\":\"ImageObject\",\"url\":\"https:\\\/\\\/www.eldigitaldeasturias.com\\\/noticias\\\/wp-content\\\/uploads\\\/2020\\\/12\\\/EDA.jpg\",\"@id\":\"https:\\\/\\\/www.eldigitaldeasturias.com\\\/noticias\\\/ocho-empresas-asturianas-participan-en-una-mision-comercial-en-texas\\\/#organizationLogo\",\"width\":649,\"height\":297},\"image\":{\"@id\":\"https:\\\/\\\/www.eldigitaldeasturias.com\\\/noticias\\\/ocho-empresas-asturianas-participan-en-una-mision-comercial-en-texas\\\/#organizationLogo\"},\"sameAs\":[\"https:\\\/\\\/facebook.com\\\/eldigitaldeasturias\",\"https:\\\/\\\/www.youtube.com\\\/channel\\\/UCZP-2wLEB9Rv6erhFmqVnvg\"],\"address\":{\"@id\":\"https:\\\/\\\/www.eldigitaldeasturias.com\\\/noticias\\\/#postaladdress\",\"@type\":\"PostalAddress\",\"streetAddress\":\"san antonio 4,\",\"postalCode\":\"33430\",\"addressLocality\":\"Cand\\u00e1s\",\"addressRegion\":\"Asturias\",\"addressCountry\":\"ES\"}},{\"@type\":\"Person\",\"@id\":\"https:\\\/\\\/www.eldigitaldeasturias.com\\\/noticias\\\/author\\\/admin\\\/#author\",\"url\":\"https:\\\/\\\/www.eldigitaldeasturias.com\\\/noticias\\\/author\\\/admin\\\/\",\"name\":\"El Digital de Asturias\",\"image\":{\"@type\":\"ImageObject\",\"@id\":\"https:\\\/\\\/www.eldigitaldeasturias.com\\\/noticias\\\/ocho-empresas-asturianas-participan-en-una-mision-comercial-en-texas\\\/#authorImage\",\"url\":\"https:\\\/\\\/www.eldigitaldeasturias.com\\\/noticias\\\/wp-content\\\/litespeed\\\/avatar\\\/18677e78aa0546b92d9dbf31ec7d7668.jpg?ver=1777290358\",\"width\":96,\"height\":96,\"caption\":\"El Digital de Asturias\"}},{\"@type\":\"WebPage\",\"@id\":\"https:\\\/\\\/www.eldigitaldeasturias.com\\\/noticias\\\/ocho-empresas-asturianas-participan-en-una-mision-comercial-en-texas\\\/#webpage\",\"url\":\"https:\\\/\\\/www.eldigitaldeasturias.com\\\/noticias\\\/ocho-empresas-asturianas-participan-en-una-mision-comercial-en-texas\\\/\",\"name\":\"Ocho empresas asturianas participan en una misi\\u00f3n comercial en Texas - El Digital de Asturias\",\"description\":\"Ocho empresas asturianas participan desde este domingo en la misi\\u00f3n comercial a Texas (Estados Unidos) que organiza la Sociedad de Promoci\\u00f3n Exterior del Principado (Asturex) y que se desarrollar\\u00e1 hasta el pr\\u00f3ximo s\\u00e1bado en Houston. Seg\\u00fan ha informado Asturex, las firmas que forman parte de la delegaci\\u00f3n empresarial cuentan con experiencia previa en el mercado\",\"inLanguage\":\"es-ES\",\"isPartOf\":{\"@id\":\"https:\\\/\\\/www.eldigitaldeasturias.com\\\/noticias\\\/#website\"},\"breadcrumb\":{\"@id\":\"https:\\\/\\\/www.eldigitaldeasturias.com\\\/noticias\\\/ocho-empresas-asturianas-participan-en-una-mision-comercial-en-texas\\\/#breadcrumblist\"},\"author\":{\"@id\":\"https:\\\/\\\/www.eldigitaldeasturias.com\\\/noticias\\\/author\\\/admin\\\/#author\"},\"creator\":{\"@id\":\"https:\\\/\\\/www.eldigitaldeasturias.com\\\/noticias\\\/author\\\/admin\\\/#author\"},\"image\":{\"@type\":\"ImageObject\",\"url\":\"https:\\\/\\\/www.eldigitaldeasturias.com\\\/noticias\\\/wp-content\\\/uploads\\\/2015\\\/04\\\/industria1.jpg\",\"@id\":\"https:\\\/\\\/www.eldigitaldeasturias.com\\\/noticias\\\/ocho-empresas-asturianas-participan-en-una-mision-comercial-en-texas\\\/#mainImage\",\"width\":800,\"height\":600},\"primaryImageOfPage\":{\"@id\":\"https:\\\/\\\/www.eldigitaldeasturias.com\\\/noticias\\\/ocho-empresas-asturianas-participan-en-una-mision-comercial-en-texas\\\/#mainImage\"},\"datePublished\":\"2016-02-23T04:58:38+01:00\",\"dateModified\":\"2016-02-23T04:58:38+01:00\"},{\"@type\":\"WebSite\",\"@id\":\"https:\\\/\\\/www.eldigitaldeasturias.com\\\/noticias\\\/#website\",\"url\":\"https:\\\/\\\/www.eldigitaldeasturias.com\\\/noticias\\\/\",\"name\":\"El Digital de Asturias - Diario de actualidad y noticias\",\"alternateName\":\"El Digital de Asturias - Diario de actualidad y noticias\",\"description\":\"Hemeroteca\",\"inLanguage\":\"es-ES\",\"publisher\":{\"@id\":\"https:\\\/\\\/www.eldigitaldeasturias.com\\\/noticias\\\/#organization\"}}]}\n\t\t<\/script>\n\t\t<!-- All in One SEO Pro -->\r\n\t\t<title>Ocho empresas asturianas participan en una misi\u00f3n comercial en Texas - El Digital de Asturias<\/title>\n\n","aioseo_head_json":{"title":"Ocho empresas asturianas participan en una misi\u00f3n comercial en Texas - El Digital de Asturias","description":"Ocho empresas asturianas participan desde este domingo en la misi\u00f3n comercial a Texas (Estados Unidos) que organiza la Sociedad de Promoci\u00f3n Exterior del Principado (Asturex) y que se desarrollar\u00e1 hasta el pr\u00f3ximo s\u00e1bado en Houston. Seg\u00fan ha informado Asturex, las firmas que forman parte de la delegaci\u00f3n empresarial cuentan con experiencia previa en el mercado","canonical_url":"https:\/\/www.eldigitaldeasturias.com\/noticias\/ocho-empresas-asturianas-participan-en-una-mision-comercial-en-texas\/","robots":"max-image-preview:large","keywords":"actualidad asturias","webmasterTools":{"google-site-verification":"UA-38556648-1","msvalidate.01":"7dfe9f3f1b24437ab69f4f2559babe99","miscellaneous":""},"schema":{"@context":"https:\/\/schema.org","@graph":[{"@type":"BlogPosting","@id":"https:\/\/www.eldigitaldeasturias.com\/noticias\/ocho-empresas-asturianas-participan-en-una-mision-comercial-en-texas\/#blogposting","name":"Ocho empresas asturianas participan en una misi\u00f3n comercial en Texas - El Digital de Asturias","headline":"Ocho empresas asturianas participan en una misi\u00f3n comercial en Texas","author":{"@id":"https:\/\/www.eldigitaldeasturias.com\/noticias\/author\/admin\/#author"},"publisher":{"@id":"https:\/\/www.eldigitaldeasturias.com\/noticias\/#organization"},"image":{"@type":"ImageObject","url":"https:\/\/www.eldigitaldeasturias.com\/noticias\/wp-content\/uploads\/2015\/04\/industria1.jpg","width":800,"height":600},"datePublished":"2016-02-23T04:58:38+01:00","dateModified":"2016-02-23T04:58:38+01:00","inLanguage":"es-ES","mainEntityOfPage":{"@id":"https:\/\/www.eldigitaldeasturias.com\/noticias\/ocho-empresas-asturianas-participan-en-una-mision-comercial-en-texas\/#webpage"},"isPartOf":{"@id":"https:\/\/www.eldigitaldeasturias.com\/noticias\/ocho-empresas-asturianas-participan-en-una-mision-comercial-en-texas\/#webpage"},"articleSection":"Actualidad Asturias"},{"@type":"BreadcrumbList","@id":"https:\/\/www.eldigitaldeasturias.com\/noticias\/ocho-empresas-asturianas-participan-en-una-mision-comercial-en-texas\/#breadcrumblist","itemListElement":[{"@type":"ListItem","@id":"https:\/\/www.eldigitaldeasturias.com\/noticias#listItem","position":1,"name":"Home","item":"https:\/\/www.eldigitaldeasturias.com\/noticias","nextItem":{"@type":"ListItem","@id":"https:\/\/www.eldigitaldeasturias.com\/noticias\/category\/actualidad-asturias\/#listItem","name":"Actualidad Asturias"}},{"@type":"ListItem","@id":"https:\/\/www.eldigitaldeasturias.com\/noticias\/category\/actualidad-asturias\/#listItem","position":2,"name":"Actualidad Asturias","item":"https:\/\/www.eldigitaldeasturias.com\/noticias\/category\/actualidad-asturias\/","nextItem":{"@type":"ListItem","@id":"https:\/\/www.eldigitaldeasturias.com\/noticias\/ocho-empresas-asturianas-participan-en-una-mision-comercial-en-texas\/#listItem","name":"Ocho empresas asturianas participan en una misi\u00f3n comercial en Texas"},"previousItem":{"@type":"ListItem","@id":"https:\/\/www.eldigitaldeasturias.com\/noticias#listItem","name":"Home"}},{"@type":"ListItem","@id":"https:\/\/www.eldigitaldeasturias.com\/noticias\/ocho-empresas-asturianas-participan-en-una-mision-comercial-en-texas\/#listItem","position":3,"name":"Ocho empresas asturianas participan en una misi\u00f3n comercial en Texas","previousItem":{"@type":"ListItem","@id":"https:\/\/www.eldigitaldeasturias.com\/noticias\/category\/actualidad-asturias\/#listItem","name":"Actualidad Asturias"}}]},{"@type":"Organization","@id":"https:\/\/www.eldigitaldeasturias.com\/noticias\/#organization","name":"El Digital de Asturias","description":"Hemeroteca","url":"https:\/\/www.eldigitaldeasturias.com\/noticias\/","email":"info@eldigitaldeasturias.com","telephone":"+34652131393","logo":{"@type":"ImageObject","url":"https:\/\/www.eldigitaldeasturias.com\/noticias\/wp-content\/uploads\/2020\/12\/EDA.jpg","@id":"https:\/\/www.eldigitaldeasturias.com\/noticias\/ocho-empresas-asturianas-participan-en-una-mision-comercial-en-texas\/#organizationLogo","width":649,"height":297},"image":{"@id":"https:\/\/www.eldigitaldeasturias.com\/noticias\/ocho-empresas-asturianas-participan-en-una-mision-comercial-en-texas\/#organizationLogo"},"sameAs":["https:\/\/facebook.com\/eldigitaldeasturias","https:\/\/www.youtube.com\/channel\/UCZP-2wLEB9Rv6erhFmqVnvg"],"address":{"@id":"https:\/\/www.eldigitaldeasturias.com\/noticias\/#postaladdress","@type":"PostalAddress","streetAddress":"san antonio 4,","postalCode":"33430","addressLocality":"Cand\u00e1s","addressRegion":"Asturias","addressCountry":"ES"}},{"@type":"Person","@id":"https:\/\/www.eldigitaldeasturias.com\/noticias\/author\/admin\/#author","url":"https:\/\/www.eldigitaldeasturias.com\/noticias\/author\/admin\/","name":"El Digital de Asturias","image":{"@type":"ImageObject","@id":"https:\/\/www.eldigitaldeasturias.com\/noticias\/ocho-empresas-asturianas-participan-en-una-mision-comercial-en-texas\/#authorImage","url":"https:\/\/www.eldigitaldeasturias.com\/noticias\/wp-content\/litespeed\/avatar\/18677e78aa0546b92d9dbf31ec7d7668.jpg?ver=1777290358","width":96,"height":96,"caption":"El Digital de Asturias"}},{"@type":"WebPage","@id":"https:\/\/www.eldigitaldeasturias.com\/noticias\/ocho-empresas-asturianas-participan-en-una-mision-comercial-en-texas\/#webpage","url":"https:\/\/www.eldigitaldeasturias.com\/noticias\/ocho-empresas-asturianas-participan-en-una-mision-comercial-en-texas\/","name":"Ocho empresas asturianas participan en una misi\u00f3n comercial en Texas - El Digital de Asturias","description":"Ocho empresas asturianas participan desde este domingo en la misi\u00f3n comercial a Texas (Estados Unidos) que organiza la Sociedad de Promoci\u00f3n Exterior del Principado (Asturex) y que se desarrollar\u00e1 hasta el pr\u00f3ximo s\u00e1bado en Houston. Seg\u00fan ha informado Asturex, las firmas que forman parte de la delegaci\u00f3n empresarial cuentan con experiencia previa en el mercado","inLanguage":"es-ES","isPartOf":{"@id":"https:\/\/www.eldigitaldeasturias.com\/noticias\/#website"},"breadcrumb":{"@id":"https:\/\/www.eldigitaldeasturias.com\/noticias\/ocho-empresas-asturianas-participan-en-una-mision-comercial-en-texas\/#breadcrumblist"},"author":{"@id":"https:\/\/www.eldigitaldeasturias.com\/noticias\/author\/admin\/#author"},"creator":{"@id":"https:\/\/www.eldigitaldeasturias.com\/noticias\/author\/admin\/#author"},"image":{"@type":"ImageObject","url":"https:\/\/www.eldigitaldeasturias.com\/noticias\/wp-content\/uploads\/2015\/04\/industria1.jpg","@id":"https:\/\/www.eldigitaldeasturias.com\/noticias\/ocho-empresas-asturianas-participan-en-una-mision-comercial-en-texas\/#mainImage","width":800,"height":600},"primaryImageOfPage":{"@id":"https:\/\/www.eldigitaldeasturias.com\/noticias\/ocho-empresas-asturianas-participan-en-una-mision-comercial-en-texas\/#mainImage"},"datePublished":"2016-02-23T04:58:38+01:00","dateModified":"2016-02-23T04:58:38+01:00"},{"@type":"WebSite","@id":"https:\/\/www.eldigitaldeasturias.com\/noticias\/#website","url":"https:\/\/www.eldigitaldeasturias.com\/noticias\/","name":"El Digital de Asturias - Diario de actualidad y noticias","alternateName":"El Digital de Asturias - Diario de actualidad y noticias","description":"Hemeroteca","inLanguage":"es-ES","publisher":{"@id":"https:\/\/www.eldigitaldeasturias.com\/noticias\/#organization"}}]},"og:locale":"es_ES","og:site_name":"El Digital de Asturias","og:type":"article","og:title":"Ocho empresas asturianas participan en una misi\u00f3n comercial en Texas - El Digital de Asturias","og:description":"Ocho empresas asturianas participan desde este domingo en la misi\u00f3n comercial a Texas (Estados Unidos) que organiza la Sociedad de Promoci\u00f3n Exterior del Principado (Asturex) y que se desarrollar\u00e1 hasta el pr\u00f3ximo s\u00e1bado en Houston. Seg\u00fan ha informado Asturex, las firmas que forman parte de la delegaci\u00f3n empresarial cuentan con experiencia previa en el mercado","og:url":"https:\/\/www.eldigitaldeasturias.com\/noticias\/ocho-empresas-asturianas-participan-en-una-mision-comercial-en-texas\/","og:image":"https:\/\/www.eldigitaldeasturias.com\/noticias\/wp-content\/uploads\/2015\/04\/industria1.jpg","og:image:secure_url":"https:\/\/www.eldigitaldeasturias.com\/noticias\/wp-content\/uploads\/2015\/04\/industria1.jpg","og:image:width":800,"og:image:height":600,"article:tag":["actualidad asturias"],"article:published_time":"2016-02-23T04:58:38+00:00","article:modified_time":"2016-02-23T04:58:38+00:00","article:publisher":"https:\/\/facebook.com\/eldigitaldeasturias","twitter:card":"summary_large_image","twitter:title":"Ocho empresas asturianas participan en una misi\u00f3n comercial en Texas - El Digital de Asturias","twitter:description":"Ocho empresas asturianas participan desde este domingo en la misi\u00f3n comercial a Texas (Estados Unidos) que organiza la Sociedad de Promoci\u00f3n Exterior del Principado (Asturex) y que se desarrollar\u00e1 hasta el pr\u00f3ximo s\u00e1bado en Houston. Seg\u00fan ha informado Asturex, las firmas que forman parte de la delegaci\u00f3n empresarial cuentan con experiencia previa en el mercado","twitter:image":"https:\/\/www.eldigitaldeasturias.com\/noticias\/wp-content\/uploads\/2015\/04\/industria1.jpg","twitter:label1":"Escrito por","twitter:data1":"El Digital de Asturias","twitter:label2":"Tiempo de lectura estimado","twitter:data2":"1 minuto"},"aioseo_meta_data":{"post_id":"861116","title":null,"description":null,"keywords":null,"keyphrases":null,"primary_term":null,"canonical_url":null,"og_title":null,"og_description":null,"og_object_type":"default","og_image_type":"default","og_image_url":null,"og_image_width":null,"og_image_height":null,"og_image_custom_url":null,"og_image_custom_fields":null,"og_video":null,"og_custom_url":null,"og_article_section":null,"og_article_tags":null,"twitter_use_og":false,"twitter_card":"default","twitter_image_type":"default","twitter_image_url":null,"twitter_image_custom_url":null,"twitter_image_custom_fields":null,"twitter_title":null,"twitter_description":null,"schema":{"blockGraphs":[],"customGraphs":[],"default":{"data":{"Article":[],"Course":[],"Dataset":[],"FAQPage":[],"Movie":[],"Person":[],"Product":[],"ProductReview":[],"Car":[],"Recipe":[],"Service":[],"SoftwareApplication":[],"WebPage":[]},"graphName":"","isEnabled":true},"graphs":[],"defaultGraph":"","defaultPostTypeGraph":""},"schema_type":null,"schema_type_options":null,"pillar_content":false,"robots_default":true,"robots_noindex":false,"robots_noarchive":false,"robots_nosnippet":false,"robots_nofollow":false,"robots_noimageindex":false,"robots_noodp":false,"robots_notranslate":false,"robots_max_snippet":null,"robots_max_videopreview":null,"robots_max_imagepreview":"large","priority":null,"frequency":null,"local_seo":null,"seo_analyzer_scan_date":"2025-12-10 20:07:09","breadcrumb_settings":null,"limit_modified_date":false,"open_ai":null,"ai":null,"created":"2021-01-23 14:59:12","updated":"2025-12-10 20:07:09"},"aioseo_breadcrumb":"<div class=\"aioseo-breadcrumbs\"><span class=\"aioseo-breadcrumb\">\n\t<a href=\"https:\/\/www.eldigitaldeasturias.com\/noticias\" title=\"Home\">Home<\/a>\n<\/span><span class=\"aioseo-breadcrumb-separator\">\u2013<\/span><span class=\"aioseo-breadcrumb\">\n\t<a href=\"https:\/\/www.eldigitaldeasturias.com\/noticias\/category\/actualidad-asturias\/\" title=\"Actualidad Asturias\">Actualidad Asturias<\/a>\n<\/span><span class=\"aioseo-breadcrumb-separator\">\u2013<\/span><span class=\"aioseo-breadcrumb\">\n\t<a href=\"https:\/\/www.eldigitaldeasturias.com\/noticias\/ocho-empresas-asturianas-participan-en-una-mision-comercial-en-texas\/\" title=\"Ocho empresas asturianas participan en una misi\u00f3n comercial en Texas\">Ocho empresas asturianas participan en una misi\u00f3n comercial en Texas<\/a>\n<\/span><\/div>","aioseo_breadcrumb_json":[{"label":"Home","link":"https:\/\/www.eldigitaldeasturias.com\/noticias"},{"label":"Actualidad Asturias","link":"https:\/\/www.eldigitaldeasturias.com\/noticias\/category\/actualidad-asturias\/"},{"label":"Ocho empresas asturianas participan en una misi\u00f3n comercial en Texas","link":"https:\/\/www.eldigitaldeasturias.com\/noticias\/ocho-empresas-asturianas-participan-en-una-mision-comercial-en-texas\/"}],"_links":{"self":[{"href":"https:\/\/www.eldigitaldeasturias.com\/noticias\/wp-json\/wp\/v2\/posts\/861116","targetHints":{"allow":["GET"]}}],"collection":[{"href":"https:\/\/www.eldigitaldeasturias.com\/noticias\/wp-json\/wp\/v2\/posts"}],"about":[{"href":"https:\/\/www.eldigitaldeasturias.com\/noticias\/wp-json\/wp\/v2\/types\/post"}],"author":[{"embeddable":true,"href":"https:\/\/www.eldigitaldeasturias.com\/noticias\/wp-json\/wp\/v2\/users\/1"}],"replies":[{"embeddable":true,"href":"https:\/\/www.eldigitaldeasturias.com\/noticias\/wp-json\/wp\/v2\/comments?post=861116"}],"version-history":[{"count":0,"href":"https:\/\/www.eldigitaldeasturias.com\/noticias\/wp-json\/wp\/v2\/posts\/861116\/revisions"}],"wp:featuredmedia":[{"embeddable":true,"href":"https:\/\/www.eldigitaldeasturias.com\/noticias\/wp-json\/wp\/v2\/media\/778139"}],"wp:attachment":[{"href":"https:\/\/www.eldigitaldeasturias.com\/noticias\/wp-json\/wp\/v2\/media?parent=861116"}],"wp:term":[{"taxonomy":"category","embeddable":true,"href":"https:\/\/www.eldigitaldeasturias.com\/noticias\/wp-json\/wp\/v2\/categories?post=861116"},{"taxonomy":"post_tag","embeddable":true,"href":"https:\/\/www.eldigitaldeasturias.com\/noticias\/wp-json\/wp\/v2\/tags?post=861116"}],"curies":[{"name":"wp","href":"https:\/\/api.w.org\/{rel}","templated":true}]}}