{"id":861114,"date":"2016-02-23T04:57:28","date_gmt":"2016-02-23T04:57:28","guid":{"rendered":"http:\/\/www.eldigitaldeasturias.com\/noticias\/?p=861114"},"modified":"2016-02-23T04:57:28","modified_gmt":"2016-02-23T04:57:28","slug":"el-principado-rechaza-acuerdos-con-el-sareb-similares-a-los-suscritos-por-madrid-o-barcelona","status":"publish","type":"post","link":"https:\/\/www.eldigitaldeasturias.com\/noticias\/el-principado-rechaza-acuerdos-con-el-sareb-similares-a-los-suscritos-por-madrid-o-barcelona\/","title":{"rendered":"El Principado rechaza acuerdos con el Sareb similares a los suscritos por Madrid o Barcelona"},"content":{"rendered":"<p><img loading=\"lazy\" decoding=\"async\" class=\"alignleft size-medium wp-image-772954\" src=\"https:\/\/www.eldigitaldeasturias.com\/noticias\/wp-content\/uploads\/2015\/03\/principado-360x270.jpg\" alt=\"principado\" width=\"360\" height=\"270\" srcset=\"https:\/\/www.eldigitaldeasturias.com\/noticias\/wp-content\/uploads\/2015\/03\/principado-360x270.jpg 360w, https:\/\/www.eldigitaldeasturias.com\/noticias\/wp-content\/uploads\/2015\/03\/principado-768x576.jpg 768w, https:\/\/www.eldigitaldeasturias.com\/noticias\/wp-content\/uploads\/2015\/03\/principado-650x488.jpg 650w, https:\/\/www.eldigitaldeasturias.com\/noticias\/wp-content\/uploads\/2015\/03\/principado-125x95.jpg 125w, https:\/\/www.eldigitaldeasturias.com\/noticias\/wp-content\/uploads\/2015\/03\/principado-100x75.jpg 100w, https:\/\/www.eldigitaldeasturias.com\/noticias\/wp-content\/uploads\/2015\/03\/principado.jpg 800w\" sizes=\"auto, (max-width: 360px) 100vw, 360px\" \/>El director general de Vivienda del Gobierno asturiano, Ferm\u00edn Bravo, ha criticado este lunes las condiciones de los acuerdos suscritos por los ayuntamientos de Madrid y Barcelona con el Sociedad de Gesti\u00f3n de Activos Procedentes de la Reestructuraci\u00f3n Bancaria (Sareb), conocido como &#8216;banco malo&#8217;, para poner a disposici\u00f3n viviendas para destinarlas a alquiler social.<\/p>\n<p>Bravo, en una comparecencia parlamentaria y a preguntas de Podemos, ha dicho que \u00e9l mismo rompi\u00f3 las negociaciones con el Sareb para hacer algo parecido, precisamente por la presencia en el acuerdo marco de determinadas cl\u00e1usulas que consider\u00f3 inasumibles.<\/p>\n<p>Ha explicado que una de esas cl\u00e1usulas determinaba que el Gobierno asturiano ten\u00eda que hacerse cargo de las viviendas, de las que la mitad aproximadamente pod\u00edan estar ocupadas. \u00abSer\u00eda el Gobierno regional el que tendr\u00eda que comerse a esas familias\u00bb, ha dicho.<\/p>\n<p>Otra de las cl\u00e1usulas, ha explicado, es que Asturias tendr\u00eda que estar obligada a reparar las mencionadas viviendas para garantizar su habitabilidad. \u00abY nuestra prioridad debe ser nuestras 384 vivienda\u00bb, ha manifestado.<\/p>\n<p>Por esas dos cl\u00e1usulas, Bravo ha dicho que rompi\u00f3 las negociaciones con Sareb en el mes de noviembre de 2015. Ha revelado que coincidi\u00f3 previamente en un congreso en Alicante con representantes de los ayuntamientos de Madrid y Barcelona y cuando habl\u00f3 del Sareb le llamaron \u00abde todo\u00bb y le dijeron que ellos iban a \u00abobligar\u00bb que se les diese gratuitamente esas viviendas.<\/p>\n<p>Sin embargo, seg\u00fan Bravo, al final han terminado firmando acuerdos con las mencionadas cl\u00e1usulas. En el caso de Barcelona, adem\u00e1s, con un plazo que dobla al inicial, que era de cuatro a\u00f1os. Tambi\u00e9n ha explicado que en esos acuerdos Madrid incluso tiene que pagar el IBI de las viviendas. Por eso, no ha considerado que sean buenos acuerdos.<\/p>\n<p>Cuando ha sido preguntado por las razones de que Asturias no tome medidas para obligar a las entidades bancarias a forzar que acepten la daci\u00f3n en pago, como s\u00ed hacen comunidades como Andaluc\u00eda, Ferm\u00edn Bravo ha contestado que ese tipo de medidas que toman desde otras administraciones terminan convirti\u00e9ndose en un \u00ablaberinto jur\u00eddico\u00bb y luego resulta muy dif\u00edcil avanzar.<\/p>\n","protected":false},"excerpt":{"rendered":"<p>El director general de Vivienda del Gobierno asturiano, Ferm\u00edn Bravo, ha criticado este lunes las condiciones de los acuerdos suscritos por los ayuntamientos de Madrid y Barcelona con el Sociedad de Gesti\u00f3n de Activos Procedentes de la Reestructuraci\u00f3n Bancaria (Sareb), conocido como &#8216;banco malo&#8217;, para poner a disposici\u00f3n viviendas para destinarlas a alquiler social. Bravo, [&hellip;]<\/p>\n","protected":false},"author":1,"featured_media":772954,"comment_status":"closed","ping_status":"closed","sticky":false,"template":"","format":"standard","meta":{"footnotes":""},"categories":[12],"tags":[],"class_list":["post-861114","post","type-post","status-publish","format-standard","has-post-thumbnail","hentry","category-actualidad-asturias"],"aioseo_notices":[],"aioseo_head":"\n\t\t<!-- All in One SEO Pro 4.9.6.2 - aioseo.com -->\n\t<meta name=\"description\" content=\"El director general de Vivienda del Gobierno asturiano, Ferm\u00edn Bravo, ha criticado este lunes las condiciones de los acuerdos suscritos por los ayuntamientos de Madrid y Barcelona con el Sociedad de Gesti\u00f3n de Activos Procedentes de la Reestructuraci\u00f3n Bancaria (Sareb), conocido como &#039;banco malo&#039;, para poner a disposici\u00f3n viviendas para destinarlas a alquiler social. Bravo,\" \/>\n\t<meta name=\"robots\" content=\"max-image-preview:large\" \/>\n\t<meta name=\"author\" content=\"El Digital de Asturias\"\/>\n\t<meta name=\"google-site-verification\" content=\"UA-38556648-1\" \/>\n\t<meta name=\"msvalidate.01\" content=\"7dfe9f3f1b24437ab69f4f2559babe99\" \/>\n\t<meta name=\"keywords\" content=\"actualidad asturias\" \/>\n\t<link rel=\"canonical\" href=\"https:\/\/www.eldigitaldeasturias.com\/noticias\/el-principado-rechaza-acuerdos-con-el-sareb-similares-a-los-suscritos-por-madrid-o-barcelona\/\" \/>\n\t<meta name=\"generator\" content=\"All in One SEO Pro (AIOSEO) 4.9.6.2\" \/>\n\t\t<meta property=\"og:locale\" content=\"es_ES\" \/>\n\t\t<meta property=\"og:site_name\" content=\"El Digital de Asturias\" \/>\n\t\t<meta property=\"og:type\" content=\"article\" \/>\n\t\t<meta property=\"og:title\" content=\"El Principado rechaza acuerdos con el Sareb similares a los suscritos por Madrid o Barcelona - El Digital de Asturias\" \/>\n\t\t<meta property=\"og:description\" content=\"El director general de Vivienda del Gobierno asturiano, Ferm\u00edn Bravo, ha criticado este lunes las condiciones de los acuerdos suscritos por los ayuntamientos de Madrid y Barcelona con el Sociedad de Gesti\u00f3n de Activos Procedentes de la Reestructuraci\u00f3n Bancaria (Sareb), conocido como &#039;banco malo&#039;, para poner a disposici\u00f3n viviendas para destinarlas a alquiler social. Bravo,\" \/>\n\t\t<meta property=\"og:url\" content=\"https:\/\/www.eldigitaldeasturias.com\/noticias\/el-principado-rechaza-acuerdos-con-el-sareb-similares-a-los-suscritos-por-madrid-o-barcelona\/\" \/>\n\t\t<meta property=\"og:image\" content=\"https:\/\/www.eldigitaldeasturias.com\/noticias\/wp-content\/uploads\/2015\/03\/principado.jpg\" \/>\n\t\t<meta property=\"og:image:secure_url\" content=\"https:\/\/www.eldigitaldeasturias.com\/noticias\/wp-content\/uploads\/2015\/03\/principado.jpg\" \/>\n\t\t<meta property=\"og:image:width\" content=\"800\" \/>\n\t\t<meta property=\"og:image:height\" content=\"600\" \/>\n\t\t<meta property=\"article:tag\" content=\"actualidad asturias\" \/>\n\t\t<meta property=\"article:published_time\" content=\"2016-02-23T04:57:28+00:00\" \/>\n\t\t<meta property=\"article:modified_time\" content=\"2016-02-23T04:57:28+00:00\" \/>\n\t\t<meta property=\"article:publisher\" content=\"https:\/\/facebook.com\/eldigitaldeasturias\" \/>\n\t\t<meta name=\"twitter:card\" content=\"summary_large_image\" \/>\n\t\t<meta name=\"twitter:title\" content=\"El Principado rechaza acuerdos con el Sareb similares a los suscritos por Madrid o Barcelona - El Digital de Asturias\" \/>\n\t\t<meta name=\"twitter:description\" content=\"El director general de Vivienda del Gobierno asturiano, Ferm\u00edn Bravo, ha criticado este lunes las condiciones de los acuerdos suscritos por los ayuntamientos de Madrid y Barcelona con el Sociedad de Gesti\u00f3n de Activos Procedentes de la Reestructuraci\u00f3n Bancaria (Sareb), conocido como &#039;banco malo&#039;, para poner a disposici\u00f3n viviendas para destinarlas a alquiler social. Bravo,\" \/>\n\t\t<meta name=\"twitter:image\" content=\"https:\/\/www.eldigitaldeasturias.com\/noticias\/wp-content\/uploads\/2015\/03\/principado.jpg\" \/>\n\t\t<meta name=\"twitter:label1\" content=\"Escrito por\" \/>\n\t\t<meta name=\"twitter:data1\" content=\"El Digital de Asturias\" \/>\n\t\t<meta name=\"twitter:label2\" content=\"Tiempo de lectura estimado\" \/>\n\t\t<meta name=\"twitter:data2\" content=\"2 minutos\" \/>\n\t\t<script type=\"application\/ld+json\" class=\"aioseo-schema\">\n\t\t\t{\"@context\":\"https:\\\/\\\/schema.org\",\"@graph\":[{\"@type\":\"BlogPosting\",\"@id\":\"https:\\\/\\\/www.eldigitaldeasturias.com\\\/noticias\\\/el-principado-rechaza-acuerdos-con-el-sareb-similares-a-los-suscritos-por-madrid-o-barcelona\\\/#blogposting\",\"name\":\"El Principado rechaza acuerdos con el Sareb similares a los suscritos por Madrid o Barcelona - El Digital de Asturias\",\"headline\":\"El Principado rechaza acuerdos con el Sareb similares a los suscritos por Madrid o Barcelona\",\"author\":{\"@id\":\"https:\\\/\\\/www.eldigitaldeasturias.com\\\/noticias\\\/author\\\/admin\\\/#author\"},\"publisher\":{\"@id\":\"https:\\\/\\\/www.eldigitaldeasturias.com\\\/noticias\\\/#organization\"},\"image\":{\"@type\":\"ImageObject\",\"url\":\"https:\\\/\\\/www.eldigitaldeasturias.com\\\/noticias\\\/wp-content\\\/uploads\\\/2015\\\/03\\\/principado.jpg\",\"width\":800,\"height\":600,\"caption\":\"Principado\"},\"datePublished\":\"2016-02-23T04:57:28+01:00\",\"dateModified\":\"2016-02-23T04:57:28+01:00\",\"inLanguage\":\"es-ES\",\"mainEntityOfPage\":{\"@id\":\"https:\\\/\\\/www.eldigitaldeasturias.com\\\/noticias\\\/el-principado-rechaza-acuerdos-con-el-sareb-similares-a-los-suscritos-por-madrid-o-barcelona\\\/#webpage\"},\"isPartOf\":{\"@id\":\"https:\\\/\\\/www.eldigitaldeasturias.com\\\/noticias\\\/el-principado-rechaza-acuerdos-con-el-sareb-similares-a-los-suscritos-por-madrid-o-barcelona\\\/#webpage\"},\"articleSection\":\"Actualidad Asturias\"},{\"@type\":\"BreadcrumbList\",\"@id\":\"https:\\\/\\\/www.eldigitaldeasturias.com\\\/noticias\\\/el-principado-rechaza-acuerdos-con-el-sareb-similares-a-los-suscritos-por-madrid-o-barcelona\\\/#breadcrumblist\",\"itemListElement\":[{\"@type\":\"ListItem\",\"@id\":\"https:\\\/\\\/www.eldigitaldeasturias.com\\\/noticias#listItem\",\"position\":1,\"name\":\"Home\",\"item\":\"https:\\\/\\\/www.eldigitaldeasturias.com\\\/noticias\",\"nextItem\":{\"@type\":\"ListItem\",\"@id\":\"https:\\\/\\\/www.eldigitaldeasturias.com\\\/noticias\\\/category\\\/actualidad-asturias\\\/#listItem\",\"name\":\"Actualidad Asturias\"}},{\"@type\":\"ListItem\",\"@id\":\"https:\\\/\\\/www.eldigitaldeasturias.com\\\/noticias\\\/category\\\/actualidad-asturias\\\/#listItem\",\"position\":2,\"name\":\"Actualidad Asturias\",\"item\":\"https:\\\/\\\/www.eldigitaldeasturias.com\\\/noticias\\\/category\\\/actualidad-asturias\\\/\",\"nextItem\":{\"@type\":\"ListItem\",\"@id\":\"https:\\\/\\\/www.eldigitaldeasturias.com\\\/noticias\\\/el-principado-rechaza-acuerdos-con-el-sareb-similares-a-los-suscritos-por-madrid-o-barcelona\\\/#listItem\",\"name\":\"El Principado rechaza acuerdos con el Sareb similares a los suscritos por Madrid o Barcelona\"},\"previousItem\":{\"@type\":\"ListItem\",\"@id\":\"https:\\\/\\\/www.eldigitaldeasturias.com\\\/noticias#listItem\",\"name\":\"Home\"}},{\"@type\":\"ListItem\",\"@id\":\"https:\\\/\\\/www.eldigitaldeasturias.com\\\/noticias\\\/el-principado-rechaza-acuerdos-con-el-sareb-similares-a-los-suscritos-por-madrid-o-barcelona\\\/#listItem\",\"position\":3,\"name\":\"El Principado rechaza acuerdos con el Sareb similares a los suscritos por Madrid o Barcelona\",\"previousItem\":{\"@type\":\"ListItem\",\"@id\":\"https:\\\/\\\/www.eldigitaldeasturias.com\\\/noticias\\\/category\\\/actualidad-asturias\\\/#listItem\",\"name\":\"Actualidad Asturias\"}}]},{\"@type\":\"Organization\",\"@id\":\"https:\\\/\\\/www.eldigitaldeasturias.com\\\/noticias\\\/#organization\",\"name\":\"El Digital de Asturias\",\"description\":\"Hemeroteca\",\"url\":\"https:\\\/\\\/www.eldigitaldeasturias.com\\\/noticias\\\/\",\"email\":\"info@eldigitaldeasturias.com\",\"telephone\":\"+34652131393\",\"logo\":{\"@type\":\"ImageObject\",\"url\":\"https:\\\/\\\/www.eldigitaldeasturias.com\\\/noticias\\\/wp-content\\\/uploads\\\/2020\\\/12\\\/EDA.jpg\",\"@id\":\"https:\\\/\\\/www.eldigitaldeasturias.com\\\/noticias\\\/el-principado-rechaza-acuerdos-con-el-sareb-similares-a-los-suscritos-por-madrid-o-barcelona\\\/#organizationLogo\",\"width\":649,\"height\":297},\"image\":{\"@id\":\"https:\\\/\\\/www.eldigitaldeasturias.com\\\/noticias\\\/el-principado-rechaza-acuerdos-con-el-sareb-similares-a-los-suscritos-por-madrid-o-barcelona\\\/#organizationLogo\"},\"sameAs\":[\"https:\\\/\\\/facebook.com\\\/eldigitaldeasturias\",\"https:\\\/\\\/www.youtube.com\\\/channel\\\/UCZP-2wLEB9Rv6erhFmqVnvg\"],\"address\":{\"@id\":\"https:\\\/\\\/www.eldigitaldeasturias.com\\\/noticias\\\/#postaladdress\",\"@type\":\"PostalAddress\",\"streetAddress\":\"san antonio 4,\",\"postalCode\":\"33430\",\"addressLocality\":\"Cand\\u00e1s\",\"addressRegion\":\"Asturias\",\"addressCountry\":\"ES\"}},{\"@type\":\"Person\",\"@id\":\"https:\\\/\\\/www.eldigitaldeasturias.com\\\/noticias\\\/author\\\/admin\\\/#author\",\"url\":\"https:\\\/\\\/www.eldigitaldeasturias.com\\\/noticias\\\/author\\\/admin\\\/\",\"name\":\"El Digital de Asturias\",\"image\":{\"@type\":\"ImageObject\",\"@id\":\"https:\\\/\\\/www.eldigitaldeasturias.com\\\/noticias\\\/el-principado-rechaza-acuerdos-con-el-sareb-similares-a-los-suscritos-por-madrid-o-barcelona\\\/#authorImage\",\"url\":\"https:\\\/\\\/www.eldigitaldeasturias.com\\\/noticias\\\/wp-content\\\/litespeed\\\/avatar\\\/18677e78aa0546b92d9dbf31ec7d7668.jpg?ver=1777290358\",\"width\":96,\"height\":96,\"caption\":\"El Digital de Asturias\"}},{\"@type\":\"WebPage\",\"@id\":\"https:\\\/\\\/www.eldigitaldeasturias.com\\\/noticias\\\/el-principado-rechaza-acuerdos-con-el-sareb-similares-a-los-suscritos-por-madrid-o-barcelona\\\/#webpage\",\"url\":\"https:\\\/\\\/www.eldigitaldeasturias.com\\\/noticias\\\/el-principado-rechaza-acuerdos-con-el-sareb-similares-a-los-suscritos-por-madrid-o-barcelona\\\/\",\"name\":\"El Principado rechaza acuerdos con el Sareb similares a los suscritos por Madrid o Barcelona - El Digital de Asturias\",\"description\":\"El director general de Vivienda del Gobierno asturiano, Ferm\\u00edn Bravo, ha criticado este lunes las condiciones de los acuerdos suscritos por los ayuntamientos de Madrid y Barcelona con el Sociedad de Gesti\\u00f3n de Activos Procedentes de la Reestructuraci\\u00f3n Bancaria (Sareb), conocido como 'banco malo', para poner a disposici\\u00f3n viviendas para destinarlas a alquiler social. Bravo,\",\"inLanguage\":\"es-ES\",\"isPartOf\":{\"@id\":\"https:\\\/\\\/www.eldigitaldeasturias.com\\\/noticias\\\/#website\"},\"breadcrumb\":{\"@id\":\"https:\\\/\\\/www.eldigitaldeasturias.com\\\/noticias\\\/el-principado-rechaza-acuerdos-con-el-sareb-similares-a-los-suscritos-por-madrid-o-barcelona\\\/#breadcrumblist\"},\"author\":{\"@id\":\"https:\\\/\\\/www.eldigitaldeasturias.com\\\/noticias\\\/author\\\/admin\\\/#author\"},\"creator\":{\"@id\":\"https:\\\/\\\/www.eldigitaldeasturias.com\\\/noticias\\\/author\\\/admin\\\/#author\"},\"image\":{\"@type\":\"ImageObject\",\"url\":\"https:\\\/\\\/www.eldigitaldeasturias.com\\\/noticias\\\/wp-content\\\/uploads\\\/2015\\\/03\\\/principado.jpg\",\"@id\":\"https:\\\/\\\/www.eldigitaldeasturias.com\\\/noticias\\\/el-principado-rechaza-acuerdos-con-el-sareb-similares-a-los-suscritos-por-madrid-o-barcelona\\\/#mainImage\",\"width\":800,\"height\":600,\"caption\":\"Principado\"},\"primaryImageOfPage\":{\"@id\":\"https:\\\/\\\/www.eldigitaldeasturias.com\\\/noticias\\\/el-principado-rechaza-acuerdos-con-el-sareb-similares-a-los-suscritos-por-madrid-o-barcelona\\\/#mainImage\"},\"datePublished\":\"2016-02-23T04:57:28+01:00\",\"dateModified\":\"2016-02-23T04:57:28+01:00\"},{\"@type\":\"WebSite\",\"@id\":\"https:\\\/\\\/www.eldigitaldeasturias.com\\\/noticias\\\/#website\",\"url\":\"https:\\\/\\\/www.eldigitaldeasturias.com\\\/noticias\\\/\",\"name\":\"El Digital de Asturias - Diario de actualidad y noticias\",\"alternateName\":\"El Digital de Asturias - Diario de actualidad y noticias\",\"description\":\"Hemeroteca\",\"inLanguage\":\"es-ES\",\"publisher\":{\"@id\":\"https:\\\/\\\/www.eldigitaldeasturias.com\\\/noticias\\\/#organization\"}}]}\n\t\t<\/script>\n\t\t<!-- All in One SEO Pro -->\r\n\t\t<title>El Principado rechaza acuerdos con el Sareb similares a los suscritos por Madrid o Barcelona - El Digital de Asturias<\/title>\n\n","aioseo_head_json":{"title":"El Principado rechaza acuerdos con el Sareb similares a los suscritos por Madrid o Barcelona - El Digital de Asturias","description":"El director general de Vivienda del Gobierno asturiano, Ferm\u00edn Bravo, ha criticado este lunes las condiciones de los acuerdos suscritos por los ayuntamientos de Madrid y Barcelona con el Sociedad de Gesti\u00f3n de Activos Procedentes de la Reestructuraci\u00f3n Bancaria (Sareb), conocido como 'banco malo', para poner a disposici\u00f3n viviendas para destinarlas a alquiler social. Bravo,","canonical_url":"https:\/\/www.eldigitaldeasturias.com\/noticias\/el-principado-rechaza-acuerdos-con-el-sareb-similares-a-los-suscritos-por-madrid-o-barcelona\/","robots":"max-image-preview:large","keywords":"actualidad asturias","webmasterTools":{"google-site-verification":"UA-38556648-1","msvalidate.01":"7dfe9f3f1b24437ab69f4f2559babe99","miscellaneous":""},"schema":{"@context":"https:\/\/schema.org","@graph":[{"@type":"BlogPosting","@id":"https:\/\/www.eldigitaldeasturias.com\/noticias\/el-principado-rechaza-acuerdos-con-el-sareb-similares-a-los-suscritos-por-madrid-o-barcelona\/#blogposting","name":"El Principado rechaza acuerdos con el Sareb similares a los suscritos por Madrid o Barcelona - El Digital de Asturias","headline":"El Principado rechaza acuerdos con el Sareb similares a los suscritos por Madrid o Barcelona","author":{"@id":"https:\/\/www.eldigitaldeasturias.com\/noticias\/author\/admin\/#author"},"publisher":{"@id":"https:\/\/www.eldigitaldeasturias.com\/noticias\/#organization"},"image":{"@type":"ImageObject","url":"https:\/\/www.eldigitaldeasturias.com\/noticias\/wp-content\/uploads\/2015\/03\/principado.jpg","width":800,"height":600,"caption":"Principado"},"datePublished":"2016-02-23T04:57:28+01:00","dateModified":"2016-02-23T04:57:28+01:00","inLanguage":"es-ES","mainEntityOfPage":{"@id":"https:\/\/www.eldigitaldeasturias.com\/noticias\/el-principado-rechaza-acuerdos-con-el-sareb-similares-a-los-suscritos-por-madrid-o-barcelona\/#webpage"},"isPartOf":{"@id":"https:\/\/www.eldigitaldeasturias.com\/noticias\/el-principado-rechaza-acuerdos-con-el-sareb-similares-a-los-suscritos-por-madrid-o-barcelona\/#webpage"},"articleSection":"Actualidad Asturias"},{"@type":"BreadcrumbList","@id":"https:\/\/www.eldigitaldeasturias.com\/noticias\/el-principado-rechaza-acuerdos-con-el-sareb-similares-a-los-suscritos-por-madrid-o-barcelona\/#breadcrumblist","itemListElement":[{"@type":"ListItem","@id":"https:\/\/www.eldigitaldeasturias.com\/noticias#listItem","position":1,"name":"Home","item":"https:\/\/www.eldigitaldeasturias.com\/noticias","nextItem":{"@type":"ListItem","@id":"https:\/\/www.eldigitaldeasturias.com\/noticias\/category\/actualidad-asturias\/#listItem","name":"Actualidad Asturias"}},{"@type":"ListItem","@id":"https:\/\/www.eldigitaldeasturias.com\/noticias\/category\/actualidad-asturias\/#listItem","position":2,"name":"Actualidad Asturias","item":"https:\/\/www.eldigitaldeasturias.com\/noticias\/category\/actualidad-asturias\/","nextItem":{"@type":"ListItem","@id":"https:\/\/www.eldigitaldeasturias.com\/noticias\/el-principado-rechaza-acuerdos-con-el-sareb-similares-a-los-suscritos-por-madrid-o-barcelona\/#listItem","name":"El Principado rechaza acuerdos con el Sareb similares a los suscritos por Madrid o Barcelona"},"previousItem":{"@type":"ListItem","@id":"https:\/\/www.eldigitaldeasturias.com\/noticias#listItem","name":"Home"}},{"@type":"ListItem","@id":"https:\/\/www.eldigitaldeasturias.com\/noticias\/el-principado-rechaza-acuerdos-con-el-sareb-similares-a-los-suscritos-por-madrid-o-barcelona\/#listItem","position":3,"name":"El Principado rechaza acuerdos con el Sareb similares a los suscritos por Madrid o Barcelona","previousItem":{"@type":"ListItem","@id":"https:\/\/www.eldigitaldeasturias.com\/noticias\/category\/actualidad-asturias\/#listItem","name":"Actualidad Asturias"}}]},{"@type":"Organization","@id":"https:\/\/www.eldigitaldeasturias.com\/noticias\/#organization","name":"El Digital de Asturias","description":"Hemeroteca","url":"https:\/\/www.eldigitaldeasturias.com\/noticias\/","email":"info@eldigitaldeasturias.com","telephone":"+34652131393","logo":{"@type":"ImageObject","url":"https:\/\/www.eldigitaldeasturias.com\/noticias\/wp-content\/uploads\/2020\/12\/EDA.jpg","@id":"https:\/\/www.eldigitaldeasturias.com\/noticias\/el-principado-rechaza-acuerdos-con-el-sareb-similares-a-los-suscritos-por-madrid-o-barcelona\/#organizationLogo","width":649,"height":297},"image":{"@id":"https:\/\/www.eldigitaldeasturias.com\/noticias\/el-principado-rechaza-acuerdos-con-el-sareb-similares-a-los-suscritos-por-madrid-o-barcelona\/#organizationLogo"},"sameAs":["https:\/\/facebook.com\/eldigitaldeasturias","https:\/\/www.youtube.com\/channel\/UCZP-2wLEB9Rv6erhFmqVnvg"],"address":{"@id":"https:\/\/www.eldigitaldeasturias.com\/noticias\/#postaladdress","@type":"PostalAddress","streetAddress":"san antonio 4,","postalCode":"33430","addressLocality":"Cand\u00e1s","addressRegion":"Asturias","addressCountry":"ES"}},{"@type":"Person","@id":"https:\/\/www.eldigitaldeasturias.com\/noticias\/author\/admin\/#author","url":"https:\/\/www.eldigitaldeasturias.com\/noticias\/author\/admin\/","name":"El Digital de Asturias","image":{"@type":"ImageObject","@id":"https:\/\/www.eldigitaldeasturias.com\/noticias\/el-principado-rechaza-acuerdos-con-el-sareb-similares-a-los-suscritos-por-madrid-o-barcelona\/#authorImage","url":"https:\/\/www.eldigitaldeasturias.com\/noticias\/wp-content\/litespeed\/avatar\/18677e78aa0546b92d9dbf31ec7d7668.jpg?ver=1777290358","width":96,"height":96,"caption":"El Digital de Asturias"}},{"@type":"WebPage","@id":"https:\/\/www.eldigitaldeasturias.com\/noticias\/el-principado-rechaza-acuerdos-con-el-sareb-similares-a-los-suscritos-por-madrid-o-barcelona\/#webpage","url":"https:\/\/www.eldigitaldeasturias.com\/noticias\/el-principado-rechaza-acuerdos-con-el-sareb-similares-a-los-suscritos-por-madrid-o-barcelona\/","name":"El Principado rechaza acuerdos con el Sareb similares a los suscritos por Madrid o Barcelona - El Digital de Asturias","description":"El director general de Vivienda del Gobierno asturiano, Ferm\u00edn Bravo, ha criticado este lunes las condiciones de los acuerdos suscritos por los ayuntamientos de Madrid y Barcelona con el Sociedad de Gesti\u00f3n de Activos Procedentes de la Reestructuraci\u00f3n Bancaria (Sareb), conocido como 'banco malo', para poner a disposici\u00f3n viviendas para destinarlas a alquiler social. Bravo,","inLanguage":"es-ES","isPartOf":{"@id":"https:\/\/www.eldigitaldeasturias.com\/noticias\/#website"},"breadcrumb":{"@id":"https:\/\/www.eldigitaldeasturias.com\/noticias\/el-principado-rechaza-acuerdos-con-el-sareb-similares-a-los-suscritos-por-madrid-o-barcelona\/#breadcrumblist"},"author":{"@id":"https:\/\/www.eldigitaldeasturias.com\/noticias\/author\/admin\/#author"},"creator":{"@id":"https:\/\/www.eldigitaldeasturias.com\/noticias\/author\/admin\/#author"},"image":{"@type":"ImageObject","url":"https:\/\/www.eldigitaldeasturias.com\/noticias\/wp-content\/uploads\/2015\/03\/principado.jpg","@id":"https:\/\/www.eldigitaldeasturias.com\/noticias\/el-principado-rechaza-acuerdos-con-el-sareb-similares-a-los-suscritos-por-madrid-o-barcelona\/#mainImage","width":800,"height":600,"caption":"Principado"},"primaryImageOfPage":{"@id":"https:\/\/www.eldigitaldeasturias.com\/noticias\/el-principado-rechaza-acuerdos-con-el-sareb-similares-a-los-suscritos-por-madrid-o-barcelona\/#mainImage"},"datePublished":"2016-02-23T04:57:28+01:00","dateModified":"2016-02-23T04:57:28+01:00"},{"@type":"WebSite","@id":"https:\/\/www.eldigitaldeasturias.com\/noticias\/#website","url":"https:\/\/www.eldigitaldeasturias.com\/noticias\/","name":"El Digital de Asturias - Diario de actualidad y noticias","alternateName":"El Digital de Asturias - Diario de actualidad y noticias","description":"Hemeroteca","inLanguage":"es-ES","publisher":{"@id":"https:\/\/www.eldigitaldeasturias.com\/noticias\/#organization"}}]},"og:locale":"es_ES","og:site_name":"El Digital de Asturias","og:type":"article","og:title":"El Principado rechaza acuerdos con el Sareb similares a los suscritos por Madrid o Barcelona - El Digital de Asturias","og:description":"El director general de Vivienda del Gobierno asturiano, Ferm\u00edn Bravo, ha criticado este lunes las condiciones de los acuerdos suscritos por los ayuntamientos de Madrid y Barcelona con el Sociedad de Gesti\u00f3n de Activos Procedentes de la Reestructuraci\u00f3n Bancaria (Sareb), conocido como 'banco malo', para poner a disposici\u00f3n viviendas para destinarlas a alquiler social. Bravo,","og:url":"https:\/\/www.eldigitaldeasturias.com\/noticias\/el-principado-rechaza-acuerdos-con-el-sareb-similares-a-los-suscritos-por-madrid-o-barcelona\/","og:image":"https:\/\/www.eldigitaldeasturias.com\/noticias\/wp-content\/uploads\/2015\/03\/principado.jpg","og:image:secure_url":"https:\/\/www.eldigitaldeasturias.com\/noticias\/wp-content\/uploads\/2015\/03\/principado.jpg","og:image:width":800,"og:image:height":600,"article:tag":["actualidad asturias"],"article:published_time":"2016-02-23T04:57:28+00:00","article:modified_time":"2016-02-23T04:57:28+00:00","article:publisher":"https:\/\/facebook.com\/eldigitaldeasturias","twitter:card":"summary_large_image","twitter:title":"El Principado rechaza acuerdos con el Sareb similares a los suscritos por Madrid o Barcelona - El Digital de Asturias","twitter:description":"El director general de Vivienda del Gobierno asturiano, Ferm\u00edn Bravo, ha criticado este lunes las condiciones de los acuerdos suscritos por los ayuntamientos de Madrid y Barcelona con el Sociedad de Gesti\u00f3n de Activos Procedentes de la Reestructuraci\u00f3n Bancaria (Sareb), conocido como 'banco malo', para poner a disposici\u00f3n viviendas para destinarlas a alquiler social. Bravo,","twitter:image":"https:\/\/www.eldigitaldeasturias.com\/noticias\/wp-content\/uploads\/2015\/03\/principado.jpg","twitter:label1":"Escrito por","twitter:data1":"El Digital de Asturias","twitter:label2":"Tiempo de lectura estimado","twitter:data2":"2 minutos"},"aioseo_meta_data":{"post_id":"861114","title":null,"description":null,"keywords":null,"keyphrases":null,"primary_term":null,"canonical_url":null,"og_title":null,"og_description":null,"og_object_type":"default","og_image_type":"default","og_image_url":null,"og_image_width":null,"og_image_height":null,"og_image_custom_url":null,"og_image_custom_fields":null,"og_video":null,"og_custom_url":null,"og_article_section":null,"og_article_tags":null,"twitter_use_og":false,"twitter_card":"default","twitter_image_type":"default","twitter_image_url":null,"twitter_image_custom_url":null,"twitter_image_custom_fields":null,"twitter_title":null,"twitter_description":null,"schema":{"blockGraphs":[],"customGraphs":[],"default":{"data":{"Article":[],"Course":[],"Dataset":[],"FAQPage":[],"Movie":[],"Person":[],"Product":[],"ProductReview":[],"Car":[],"Recipe":[],"Service":[],"SoftwareApplication":[],"WebPage":[]},"graphName":"","isEnabled":true},"graphs":[],"defaultGraph":"","defaultPostTypeGraph":""},"schema_type":null,"schema_type_options":null,"pillar_content":false,"robots_default":true,"robots_noindex":false,"robots_noarchive":false,"robots_nosnippet":false,"robots_nofollow":false,"robots_noimageindex":false,"robots_noodp":false,"robots_notranslate":false,"robots_max_snippet":null,"robots_max_videopreview":null,"robots_max_imagepreview":"large","priority":null,"frequency":null,"local_seo":null,"seo_analyzer_scan_date":"2025-12-10 20:07:08","breadcrumb_settings":null,"limit_modified_date":false,"open_ai":null,"ai":null,"created":"2020-12-21 12:58:40","updated":"2025-12-10 20:07:08"},"aioseo_breadcrumb":"<div class=\"aioseo-breadcrumbs\"><span class=\"aioseo-breadcrumb\">\n\t<a href=\"https:\/\/www.eldigitaldeasturias.com\/noticias\" title=\"Home\">Home<\/a>\n<\/span><span class=\"aioseo-breadcrumb-separator\">\u2013<\/span><span class=\"aioseo-breadcrumb\">\n\t<a href=\"https:\/\/www.eldigitaldeasturias.com\/noticias\/category\/actualidad-asturias\/\" title=\"Actualidad Asturias\">Actualidad Asturias<\/a>\n<\/span><span class=\"aioseo-breadcrumb-separator\">\u2013<\/span><span class=\"aioseo-breadcrumb\">\n\t<a href=\"https:\/\/www.eldigitaldeasturias.com\/noticias\/el-principado-rechaza-acuerdos-con-el-sareb-similares-a-los-suscritos-por-madrid-o-barcelona\/\" title=\"El Principado rechaza acuerdos con el Sareb similares a los suscritos por Madrid o Barcelona\">El Principado rechaza acuerdos con el Sareb similares a los suscritos por Madrid o Barcelona<\/a>\n<\/span><\/div>","aioseo_breadcrumb_json":[{"label":"Home","link":"https:\/\/www.eldigitaldeasturias.com\/noticias"},{"label":"Actualidad Asturias","link":"https:\/\/www.eldigitaldeasturias.com\/noticias\/category\/actualidad-asturias\/"},{"label":"El Principado rechaza acuerdos con el Sareb similares a los suscritos por Madrid o Barcelona","link":"https:\/\/www.eldigitaldeasturias.com\/noticias\/el-principado-rechaza-acuerdos-con-el-sareb-similares-a-los-suscritos-por-madrid-o-barcelona\/"}],"_links":{"self":[{"href":"https:\/\/www.eldigitaldeasturias.com\/noticias\/wp-json\/wp\/v2\/posts\/861114","targetHints":{"allow":["GET"]}}],"collection":[{"href":"https:\/\/www.eldigitaldeasturias.com\/noticias\/wp-json\/wp\/v2\/posts"}],"about":[{"href":"https:\/\/www.eldigitaldeasturias.com\/noticias\/wp-json\/wp\/v2\/types\/post"}],"author":[{"embeddable":true,"href":"https:\/\/www.eldigitaldeasturias.com\/noticias\/wp-json\/wp\/v2\/users\/1"}],"replies":[{"embeddable":true,"href":"https:\/\/www.eldigitaldeasturias.com\/noticias\/wp-json\/wp\/v2\/comments?post=861114"}],"version-history":[{"count":0,"href":"https:\/\/www.eldigitaldeasturias.com\/noticias\/wp-json\/wp\/v2\/posts\/861114\/revisions"}],"wp:featuredmedia":[{"embeddable":true,"href":"https:\/\/www.eldigitaldeasturias.com\/noticias\/wp-json\/wp\/v2\/media\/772954"}],"wp:attachment":[{"href":"https:\/\/www.eldigitaldeasturias.com\/noticias\/wp-json\/wp\/v2\/media?parent=861114"}],"wp:term":[{"taxonomy":"category","embeddable":true,"href":"https:\/\/www.eldigitaldeasturias.com\/noticias\/wp-json\/wp\/v2\/categories?post=861114"},{"taxonomy":"post_tag","embeddable":true,"href":"https:\/\/www.eldigitaldeasturias.com\/noticias\/wp-json\/wp\/v2\/tags?post=861114"}],"curies":[{"name":"wp","href":"https:\/\/api.w.org\/{rel}","templated":true}]}}