{"id":861109,"date":"2016-02-23T04:54:39","date_gmt":"2016-02-23T04:54:39","guid":{"rendered":"http:\/\/www.eldigitaldeasturias.com\/noticias\/?p=861109"},"modified":"2016-02-23T04:54:39","modified_gmt":"2016-02-23T04:54:39","slug":"maria-pazos-abordara-el-problema-de-la-brecha-salarial-entre-hombres-y-mujeres","status":"publish","type":"post","link":"https:\/\/www.eldigitaldeasturias.com\/noticias\/maria-pazos-abordara-el-problema-de-la-brecha-salarial-entre-hombres-y-mujeres\/","title":{"rendered":"Mar\u00eda Pazos abordar\u00e1 el problema de la brecha salarial entre hombres y mujeres"},"content":{"rendered":"<p><img loading=\"lazy\" decoding=\"async\" class=\"alignleft size-medium wp-image-659697\" src=\"https:\/\/www.eldigitaldeasturias.com\/noticias\/wp-content\/uploads\/2014\/10\/6837097w-215x320.jpg\" alt=\"gente\" width=\"215\" height=\"320\" srcset=\"https:\/\/www.eldigitaldeasturias.com\/noticias\/wp-content\/uploads\/2014\/10\/6837097w-215x320.jpg 215w, https:\/\/www.eldigitaldeasturias.com\/noticias\/wp-content\/uploads\/2014\/10\/6837097w-436x650.jpg 436w, https:\/\/www.eldigitaldeasturias.com\/noticias\/wp-content\/uploads\/2014\/10\/6837097w.jpg 700w\" sizes=\"auto, (max-width: 215px) 100vw, 215px\" \/>El Centro Municipal Integrado de la Arena de Gij\u00f3n acoger\u00e1 este lunes, a las 19.00 horas, con motivo del D\u00eda Internacional de la Igualdad Salarial, una conferencia de la experta en el an\u00e1lisis de pol\u00edticas econ\u00f3micas Mar\u00eda Pazos Mor\u00e1n sobre la brecha salarial existente entre hombres y mujeres, seg\u00fan una nota de prensa del Ayuntamiento gijon\u00e9s.<\/p>\n<p>El acto ser\u00e1 presentado por la alcaldesa de Gij\u00f3n, Carmen Moriy\u00f3n (Foro), quien contar\u00e1 con la intervenci\u00f3n de los agentes sociales de las uniones comarcales de UGT y CCOO en Gij\u00f3n y la Federaci\u00f3n de Empresarios de Asturias (FADE), integrantes del grupo de trabajo de la Unidad de G\u00e9nero, programa cuya finalidad es potenciar y facilitar la implantaci\u00f3n de la igualdad en el \u00e1mbito del mercado laboral.<\/p>\n<p>La conferencia programada busca visibilizar el problema de la brecha salarial existente entre mujeres y hombres, analizar esta realidad, reflexionar sobre los factores que la sustentan y en definitiva concienciar a toda la ciudadan\u00eda de las consecuencias que tiene, presentes y futuras, para los derechos econ\u00f3micos de las mujeres, prestaciones econ\u00f3micas por desempleo y pensiones de jubilaci\u00f3n, entre otras.<\/p>\n<p>Pazos Mor\u00e1n es licenciada en Matem\u00e1ticas y jefa de estudios del Instituto de Estudios Fiscales del Ministerio de Hacienda y Administraciones P\u00fablicas de Madrid, donde coordina desde 2004 la investigaci\u00f3n &#8216;Hacienda P\u00fablica e Igualdad de G\u00e9nero&#8217;. Es, adem\u00e1s, miembro del F\u00f3rum de Pol\u00edtica Feminista y de la Asociaci\u00f3n Internacional de Econom\u00eda Feminista, y tambi\u00e9n socia fundadora de la Plataforma Internacional PLENT, cuyo objetivo es conseguir la equiparaci\u00f3n de los permisos laborales por maternidad y por paternidad.<\/p>\n","protected":false},"excerpt":{"rendered":"<p>El Centro Municipal Integrado de la Arena de Gij\u00f3n acoger\u00e1 este lunes, a las 19.00 horas, con motivo del D\u00eda Internacional de la Igualdad Salarial, una conferencia de la experta en el an\u00e1lisis de pol\u00edticas econ\u00f3micas Mar\u00eda Pazos Mor\u00e1n sobre la brecha salarial existente entre hombres y mujeres, seg\u00fan una nota de prensa del Ayuntamiento [&hellip;]<\/p>\n","protected":false},"author":1,"featured_media":659697,"comment_status":"closed","ping_status":"closed","sticky":false,"template":"","format":"standard","meta":{"footnotes":""},"categories":[2],"tags":[],"class_list":["post-861109","post","type-post","status-publish","format-standard","has-post-thumbnail","hentry","category-agenda"],"aioseo_notices":[],"aioseo_head":"\n\t\t<!-- All in One SEO Pro 4.9.6.2 - aioseo.com -->\n\t<meta name=\"description\" content=\"El Centro Municipal Integrado de la Arena de Gij\u00f3n acoger\u00e1 este lunes, a las 19.00 horas, con motivo del D\u00eda Internacional de la Igualdad Salarial, una conferencia de la experta en el an\u00e1lisis de pol\u00edticas econ\u00f3micas Mar\u00eda Pazos Mor\u00e1n sobre la brecha salarial existente entre hombres y mujeres, seg\u00fan una nota de prensa del Ayuntamiento\" \/>\n\t<meta name=\"robots\" content=\"max-image-preview:large\" \/>\n\t<meta name=\"author\" content=\"El Digital de Asturias\"\/>\n\t<meta name=\"google-site-verification\" content=\"UA-38556648-1\" \/>\n\t<meta name=\"msvalidate.01\" content=\"7dfe9f3f1b24437ab69f4f2559babe99\" \/>\n\t<meta name=\"keywords\" content=\"agenda\" \/>\n\t<link rel=\"canonical\" href=\"https:\/\/www.eldigitaldeasturias.com\/noticias\/maria-pazos-abordara-el-problema-de-la-brecha-salarial-entre-hombres-y-mujeres\/\" \/>\n\t<meta name=\"generator\" content=\"All in One SEO Pro (AIOSEO) 4.9.6.2\" \/>\n\t\t<meta property=\"og:locale\" content=\"es_ES\" \/>\n\t\t<meta property=\"og:site_name\" content=\"El Digital de Asturias\" \/>\n\t\t<meta property=\"og:type\" content=\"article\" \/>\n\t\t<meta property=\"og:title\" content=\"Mar\u00eda Pazos abordar\u00e1 el problema de la brecha salarial entre hombres y mujeres - El Digital de Asturias\" \/>\n\t\t<meta property=\"og:description\" content=\"El Centro Municipal Integrado de la Arena de Gij\u00f3n acoger\u00e1 este lunes, a las 19.00 horas, con motivo del D\u00eda Internacional de la Igualdad Salarial, una conferencia de la experta en el an\u00e1lisis de pol\u00edticas econ\u00f3micas Mar\u00eda Pazos Mor\u00e1n sobre la brecha salarial existente entre hombres y mujeres, seg\u00fan una nota de prensa del Ayuntamiento\" \/>\n\t\t<meta property=\"og:url\" content=\"https:\/\/www.eldigitaldeasturias.com\/noticias\/maria-pazos-abordara-el-problema-de-la-brecha-salarial-entre-hombres-y-mujeres\/\" \/>\n\t\t<meta property=\"og:image\" content=\"https:\/\/www.eldigitaldeasturias.com\/noticias\/wp-content\/uploads\/2014\/10\/6837097w.jpg\" \/>\n\t\t<meta property=\"og:image:secure_url\" content=\"https:\/\/www.eldigitaldeasturias.com\/noticias\/wp-content\/uploads\/2014\/10\/6837097w.jpg\" \/>\n\t\t<meta property=\"og:image:width\" content=\"700\" \/>\n\t\t<meta property=\"og:image:height\" content=\"1044\" \/>\n\t\t<meta property=\"article:tag\" content=\"agenda\" \/>\n\t\t<meta property=\"article:published_time\" content=\"2016-02-23T04:54:39+00:00\" \/>\n\t\t<meta property=\"article:modified_time\" content=\"2016-02-23T04:54:39+00:00\" \/>\n\t\t<meta property=\"article:publisher\" content=\"https:\/\/facebook.com\/eldigitaldeasturias\" \/>\n\t\t<meta name=\"twitter:card\" content=\"summary_large_image\" \/>\n\t\t<meta name=\"twitter:title\" content=\"Mar\u00eda Pazos abordar\u00e1 el problema de la brecha salarial entre hombres y mujeres - El Digital de Asturias\" \/>\n\t\t<meta name=\"twitter:description\" content=\"El Centro Municipal Integrado de la Arena de Gij\u00f3n acoger\u00e1 este lunes, a las 19.00 horas, con motivo del D\u00eda Internacional de la Igualdad Salarial, una conferencia de la experta en el an\u00e1lisis de pol\u00edticas econ\u00f3micas Mar\u00eda Pazos Mor\u00e1n sobre la brecha salarial existente entre hombres y mujeres, seg\u00fan una nota de prensa del Ayuntamiento\" \/>\n\t\t<meta name=\"twitter:image\" content=\"https:\/\/www.eldigitaldeasturias.com\/noticias\/wp-content\/uploads\/2014\/10\/6837097w.jpg\" \/>\n\t\t<meta name=\"twitter:label1\" content=\"Escrito por\" \/>\n\t\t<meta name=\"twitter:data1\" content=\"El Digital de Asturias\" \/>\n\t\t<meta name=\"twitter:label2\" content=\"Tiempo de lectura estimado\" \/>\n\t\t<meta name=\"twitter:data2\" content=\"1 minuto\" \/>\n\t\t<script type=\"application\/ld+json\" class=\"aioseo-schema\">\n\t\t\t{\"@context\":\"https:\\\/\\\/schema.org\",\"@graph\":[{\"@type\":\"BlogPosting\",\"@id\":\"https:\\\/\\\/www.eldigitaldeasturias.com\\\/noticias\\\/maria-pazos-abordara-el-problema-de-la-brecha-salarial-entre-hombres-y-mujeres\\\/#blogposting\",\"name\":\"Mar\\u00eda Pazos abordar\\u00e1 el problema de la brecha salarial entre hombres y mujeres - El Digital de Asturias\",\"headline\":\"Mar\\u00eda Pazos abordar\\u00e1 el problema de la brecha salarial entre hombres y mujeres\",\"author\":{\"@id\":\"https:\\\/\\\/www.eldigitaldeasturias.com\\\/noticias\\\/author\\\/admin\\\/#author\"},\"publisher\":{\"@id\":\"https:\\\/\\\/www.eldigitaldeasturias.com\\\/noticias\\\/#organization\"},\"image\":{\"@type\":\"ImageObject\",\"url\":\"https:\\\/\\\/www.eldigitaldeasturias.com\\\/noticias\\\/wp-content\\\/uploads\\\/2014\\\/10\\\/6837097w.jpg\",\"width\":700,\"height\":1044},\"datePublished\":\"2016-02-23T04:54:39+01:00\",\"dateModified\":\"2016-02-23T04:54:39+01:00\",\"inLanguage\":\"es-ES\",\"mainEntityOfPage\":{\"@id\":\"https:\\\/\\\/www.eldigitaldeasturias.com\\\/noticias\\\/maria-pazos-abordara-el-problema-de-la-brecha-salarial-entre-hombres-y-mujeres\\\/#webpage\"},\"isPartOf\":{\"@id\":\"https:\\\/\\\/www.eldigitaldeasturias.com\\\/noticias\\\/maria-pazos-abordara-el-problema-de-la-brecha-salarial-entre-hombres-y-mujeres\\\/#webpage\"},\"articleSection\":\"Agenda\"},{\"@type\":\"BreadcrumbList\",\"@id\":\"https:\\\/\\\/www.eldigitaldeasturias.com\\\/noticias\\\/maria-pazos-abordara-el-problema-de-la-brecha-salarial-entre-hombres-y-mujeres\\\/#breadcrumblist\",\"itemListElement\":[{\"@type\":\"ListItem\",\"@id\":\"https:\\\/\\\/www.eldigitaldeasturias.com\\\/noticias#listItem\",\"position\":1,\"name\":\"Home\",\"item\":\"https:\\\/\\\/www.eldigitaldeasturias.com\\\/noticias\",\"nextItem\":{\"@type\":\"ListItem\",\"@id\":\"https:\\\/\\\/www.eldigitaldeasturias.com\\\/noticias\\\/category\\\/agenda\\\/#listItem\",\"name\":\"Agenda\"}},{\"@type\":\"ListItem\",\"@id\":\"https:\\\/\\\/www.eldigitaldeasturias.com\\\/noticias\\\/category\\\/agenda\\\/#listItem\",\"position\":2,\"name\":\"Agenda\",\"item\":\"https:\\\/\\\/www.eldigitaldeasturias.com\\\/noticias\\\/category\\\/agenda\\\/\",\"nextItem\":{\"@type\":\"ListItem\",\"@id\":\"https:\\\/\\\/www.eldigitaldeasturias.com\\\/noticias\\\/maria-pazos-abordara-el-problema-de-la-brecha-salarial-entre-hombres-y-mujeres\\\/#listItem\",\"name\":\"Mar\\u00eda Pazos abordar\\u00e1 el problema de la brecha salarial entre hombres y mujeres\"},\"previousItem\":{\"@type\":\"ListItem\",\"@id\":\"https:\\\/\\\/www.eldigitaldeasturias.com\\\/noticias#listItem\",\"name\":\"Home\"}},{\"@type\":\"ListItem\",\"@id\":\"https:\\\/\\\/www.eldigitaldeasturias.com\\\/noticias\\\/maria-pazos-abordara-el-problema-de-la-brecha-salarial-entre-hombres-y-mujeres\\\/#listItem\",\"position\":3,\"name\":\"Mar\\u00eda Pazos abordar\\u00e1 el problema de la brecha salarial entre hombres y mujeres\",\"previousItem\":{\"@type\":\"ListItem\",\"@id\":\"https:\\\/\\\/www.eldigitaldeasturias.com\\\/noticias\\\/category\\\/agenda\\\/#listItem\",\"name\":\"Agenda\"}}]},{\"@type\":\"Organization\",\"@id\":\"https:\\\/\\\/www.eldigitaldeasturias.com\\\/noticias\\\/#organization\",\"name\":\"El Digital de Asturias\",\"description\":\"Hemeroteca\",\"url\":\"https:\\\/\\\/www.eldigitaldeasturias.com\\\/noticias\\\/\",\"email\":\"info@eldigitaldeasturias.com\",\"telephone\":\"+34652131393\",\"logo\":{\"@type\":\"ImageObject\",\"url\":\"https:\\\/\\\/www.eldigitaldeasturias.com\\\/noticias\\\/wp-content\\\/uploads\\\/2020\\\/12\\\/EDA.jpg\",\"@id\":\"https:\\\/\\\/www.eldigitaldeasturias.com\\\/noticias\\\/maria-pazos-abordara-el-problema-de-la-brecha-salarial-entre-hombres-y-mujeres\\\/#organizationLogo\",\"width\":649,\"height\":297},\"image\":{\"@id\":\"https:\\\/\\\/www.eldigitaldeasturias.com\\\/noticias\\\/maria-pazos-abordara-el-problema-de-la-brecha-salarial-entre-hombres-y-mujeres\\\/#organizationLogo\"},\"sameAs\":[\"https:\\\/\\\/facebook.com\\\/eldigitaldeasturias\",\"https:\\\/\\\/www.youtube.com\\\/channel\\\/UCZP-2wLEB9Rv6erhFmqVnvg\"],\"address\":{\"@id\":\"https:\\\/\\\/www.eldigitaldeasturias.com\\\/noticias\\\/#postaladdress\",\"@type\":\"PostalAddress\",\"streetAddress\":\"san antonio 4,\",\"postalCode\":\"33430\",\"addressLocality\":\"Cand\\u00e1s\",\"addressRegion\":\"Asturias\",\"addressCountry\":\"ES\"}},{\"@type\":\"Person\",\"@id\":\"https:\\\/\\\/www.eldigitaldeasturias.com\\\/noticias\\\/author\\\/admin\\\/#author\",\"url\":\"https:\\\/\\\/www.eldigitaldeasturias.com\\\/noticias\\\/author\\\/admin\\\/\",\"name\":\"El Digital de Asturias\",\"image\":{\"@type\":\"ImageObject\",\"@id\":\"https:\\\/\\\/www.eldigitaldeasturias.com\\\/noticias\\\/maria-pazos-abordara-el-problema-de-la-brecha-salarial-entre-hombres-y-mujeres\\\/#authorImage\",\"url\":\"https:\\\/\\\/www.eldigitaldeasturias.com\\\/noticias\\\/wp-content\\\/litespeed\\\/avatar\\\/18677e78aa0546b92d9dbf31ec7d7668.jpg?ver=1777290358\",\"width\":96,\"height\":96,\"caption\":\"El Digital de Asturias\"}},{\"@type\":\"WebPage\",\"@id\":\"https:\\\/\\\/www.eldigitaldeasturias.com\\\/noticias\\\/maria-pazos-abordara-el-problema-de-la-brecha-salarial-entre-hombres-y-mujeres\\\/#webpage\",\"url\":\"https:\\\/\\\/www.eldigitaldeasturias.com\\\/noticias\\\/maria-pazos-abordara-el-problema-de-la-brecha-salarial-entre-hombres-y-mujeres\\\/\",\"name\":\"Mar\\u00eda Pazos abordar\\u00e1 el problema de la brecha salarial entre hombres y mujeres - El Digital de Asturias\",\"description\":\"El Centro Municipal Integrado de la Arena de Gij\\u00f3n acoger\\u00e1 este lunes, a las 19.00 horas, con motivo del D\\u00eda Internacional de la Igualdad Salarial, una conferencia de la experta en el an\\u00e1lisis de pol\\u00edticas econ\\u00f3micas Mar\\u00eda Pazos Mor\\u00e1n sobre la brecha salarial existente entre hombres y mujeres, seg\\u00fan una nota de prensa del Ayuntamiento\",\"inLanguage\":\"es-ES\",\"isPartOf\":{\"@id\":\"https:\\\/\\\/www.eldigitaldeasturias.com\\\/noticias\\\/#website\"},\"breadcrumb\":{\"@id\":\"https:\\\/\\\/www.eldigitaldeasturias.com\\\/noticias\\\/maria-pazos-abordara-el-problema-de-la-brecha-salarial-entre-hombres-y-mujeres\\\/#breadcrumblist\"},\"author\":{\"@id\":\"https:\\\/\\\/www.eldigitaldeasturias.com\\\/noticias\\\/author\\\/admin\\\/#author\"},\"creator\":{\"@id\":\"https:\\\/\\\/www.eldigitaldeasturias.com\\\/noticias\\\/author\\\/admin\\\/#author\"},\"image\":{\"@type\":\"ImageObject\",\"url\":\"https:\\\/\\\/www.eldigitaldeasturias.com\\\/noticias\\\/wp-content\\\/uploads\\\/2014\\\/10\\\/6837097w.jpg\",\"@id\":\"https:\\\/\\\/www.eldigitaldeasturias.com\\\/noticias\\\/maria-pazos-abordara-el-problema-de-la-brecha-salarial-entre-hombres-y-mujeres\\\/#mainImage\",\"width\":700,\"height\":1044},\"primaryImageOfPage\":{\"@id\":\"https:\\\/\\\/www.eldigitaldeasturias.com\\\/noticias\\\/maria-pazos-abordara-el-problema-de-la-brecha-salarial-entre-hombres-y-mujeres\\\/#mainImage\"},\"datePublished\":\"2016-02-23T04:54:39+01:00\",\"dateModified\":\"2016-02-23T04:54:39+01:00\"},{\"@type\":\"WebSite\",\"@id\":\"https:\\\/\\\/www.eldigitaldeasturias.com\\\/noticias\\\/#website\",\"url\":\"https:\\\/\\\/www.eldigitaldeasturias.com\\\/noticias\\\/\",\"name\":\"El Digital de Asturias - Diario de actualidad y noticias\",\"alternateName\":\"El Digital de Asturias - Diario de actualidad y noticias\",\"description\":\"Hemeroteca\",\"inLanguage\":\"es-ES\",\"publisher\":{\"@id\":\"https:\\\/\\\/www.eldigitaldeasturias.com\\\/noticias\\\/#organization\"}}]}\n\t\t<\/script>\n\t\t<!-- All in One SEO Pro -->\r\n\t\t<title>Mar\u00eda Pazos abordar\u00e1 el problema de la brecha salarial entre hombres y mujeres - El Digital de Asturias<\/title>\n\n","aioseo_head_json":{"title":"Mar\u00eda Pazos abordar\u00e1 el problema de la brecha salarial entre hombres y mujeres - El Digital de Asturias","description":"El Centro Municipal Integrado de la Arena de Gij\u00f3n acoger\u00e1 este lunes, a las 19.00 horas, con motivo del D\u00eda Internacional de la Igualdad Salarial, una conferencia de la experta en el an\u00e1lisis de pol\u00edticas econ\u00f3micas Mar\u00eda Pazos Mor\u00e1n sobre la brecha salarial existente entre hombres y mujeres, seg\u00fan una nota de prensa del Ayuntamiento","canonical_url":"https:\/\/www.eldigitaldeasturias.com\/noticias\/maria-pazos-abordara-el-problema-de-la-brecha-salarial-entre-hombres-y-mujeres\/","robots":"max-image-preview:large","keywords":"agenda","webmasterTools":{"google-site-verification":"UA-38556648-1","msvalidate.01":"7dfe9f3f1b24437ab69f4f2559babe99","miscellaneous":""},"schema":{"@context":"https:\/\/schema.org","@graph":[{"@type":"BlogPosting","@id":"https:\/\/www.eldigitaldeasturias.com\/noticias\/maria-pazos-abordara-el-problema-de-la-brecha-salarial-entre-hombres-y-mujeres\/#blogposting","name":"Mar\u00eda Pazos abordar\u00e1 el problema de la brecha salarial entre hombres y mujeres - El Digital de Asturias","headline":"Mar\u00eda Pazos abordar\u00e1 el problema de la brecha salarial entre hombres y mujeres","author":{"@id":"https:\/\/www.eldigitaldeasturias.com\/noticias\/author\/admin\/#author"},"publisher":{"@id":"https:\/\/www.eldigitaldeasturias.com\/noticias\/#organization"},"image":{"@type":"ImageObject","url":"https:\/\/www.eldigitaldeasturias.com\/noticias\/wp-content\/uploads\/2014\/10\/6837097w.jpg","width":700,"height":1044},"datePublished":"2016-02-23T04:54:39+01:00","dateModified":"2016-02-23T04:54:39+01:00","inLanguage":"es-ES","mainEntityOfPage":{"@id":"https:\/\/www.eldigitaldeasturias.com\/noticias\/maria-pazos-abordara-el-problema-de-la-brecha-salarial-entre-hombres-y-mujeres\/#webpage"},"isPartOf":{"@id":"https:\/\/www.eldigitaldeasturias.com\/noticias\/maria-pazos-abordara-el-problema-de-la-brecha-salarial-entre-hombres-y-mujeres\/#webpage"},"articleSection":"Agenda"},{"@type":"BreadcrumbList","@id":"https:\/\/www.eldigitaldeasturias.com\/noticias\/maria-pazos-abordara-el-problema-de-la-brecha-salarial-entre-hombres-y-mujeres\/#breadcrumblist","itemListElement":[{"@type":"ListItem","@id":"https:\/\/www.eldigitaldeasturias.com\/noticias#listItem","position":1,"name":"Home","item":"https:\/\/www.eldigitaldeasturias.com\/noticias","nextItem":{"@type":"ListItem","@id":"https:\/\/www.eldigitaldeasturias.com\/noticias\/category\/agenda\/#listItem","name":"Agenda"}},{"@type":"ListItem","@id":"https:\/\/www.eldigitaldeasturias.com\/noticias\/category\/agenda\/#listItem","position":2,"name":"Agenda","item":"https:\/\/www.eldigitaldeasturias.com\/noticias\/category\/agenda\/","nextItem":{"@type":"ListItem","@id":"https:\/\/www.eldigitaldeasturias.com\/noticias\/maria-pazos-abordara-el-problema-de-la-brecha-salarial-entre-hombres-y-mujeres\/#listItem","name":"Mar\u00eda Pazos abordar\u00e1 el problema de la brecha salarial entre hombres y mujeres"},"previousItem":{"@type":"ListItem","@id":"https:\/\/www.eldigitaldeasturias.com\/noticias#listItem","name":"Home"}},{"@type":"ListItem","@id":"https:\/\/www.eldigitaldeasturias.com\/noticias\/maria-pazos-abordara-el-problema-de-la-brecha-salarial-entre-hombres-y-mujeres\/#listItem","position":3,"name":"Mar\u00eda Pazos abordar\u00e1 el problema de la brecha salarial entre hombres y mujeres","previousItem":{"@type":"ListItem","@id":"https:\/\/www.eldigitaldeasturias.com\/noticias\/category\/agenda\/#listItem","name":"Agenda"}}]},{"@type":"Organization","@id":"https:\/\/www.eldigitaldeasturias.com\/noticias\/#organization","name":"El Digital de Asturias","description":"Hemeroteca","url":"https:\/\/www.eldigitaldeasturias.com\/noticias\/","email":"info@eldigitaldeasturias.com","telephone":"+34652131393","logo":{"@type":"ImageObject","url":"https:\/\/www.eldigitaldeasturias.com\/noticias\/wp-content\/uploads\/2020\/12\/EDA.jpg","@id":"https:\/\/www.eldigitaldeasturias.com\/noticias\/maria-pazos-abordara-el-problema-de-la-brecha-salarial-entre-hombres-y-mujeres\/#organizationLogo","width":649,"height":297},"image":{"@id":"https:\/\/www.eldigitaldeasturias.com\/noticias\/maria-pazos-abordara-el-problema-de-la-brecha-salarial-entre-hombres-y-mujeres\/#organizationLogo"},"sameAs":["https:\/\/facebook.com\/eldigitaldeasturias","https:\/\/www.youtube.com\/channel\/UCZP-2wLEB9Rv6erhFmqVnvg"],"address":{"@id":"https:\/\/www.eldigitaldeasturias.com\/noticias\/#postaladdress","@type":"PostalAddress","streetAddress":"san antonio 4,","postalCode":"33430","addressLocality":"Cand\u00e1s","addressRegion":"Asturias","addressCountry":"ES"}},{"@type":"Person","@id":"https:\/\/www.eldigitaldeasturias.com\/noticias\/author\/admin\/#author","url":"https:\/\/www.eldigitaldeasturias.com\/noticias\/author\/admin\/","name":"El Digital de Asturias","image":{"@type":"ImageObject","@id":"https:\/\/www.eldigitaldeasturias.com\/noticias\/maria-pazos-abordara-el-problema-de-la-brecha-salarial-entre-hombres-y-mujeres\/#authorImage","url":"https:\/\/www.eldigitaldeasturias.com\/noticias\/wp-content\/litespeed\/avatar\/18677e78aa0546b92d9dbf31ec7d7668.jpg?ver=1777290358","width":96,"height":96,"caption":"El Digital de Asturias"}},{"@type":"WebPage","@id":"https:\/\/www.eldigitaldeasturias.com\/noticias\/maria-pazos-abordara-el-problema-de-la-brecha-salarial-entre-hombres-y-mujeres\/#webpage","url":"https:\/\/www.eldigitaldeasturias.com\/noticias\/maria-pazos-abordara-el-problema-de-la-brecha-salarial-entre-hombres-y-mujeres\/","name":"Mar\u00eda Pazos abordar\u00e1 el problema de la brecha salarial entre hombres y mujeres - El Digital de Asturias","description":"El Centro Municipal Integrado de la Arena de Gij\u00f3n acoger\u00e1 este lunes, a las 19.00 horas, con motivo del D\u00eda Internacional de la Igualdad Salarial, una conferencia de la experta en el an\u00e1lisis de pol\u00edticas econ\u00f3micas Mar\u00eda Pazos Mor\u00e1n sobre la brecha salarial existente entre hombres y mujeres, seg\u00fan una nota de prensa del Ayuntamiento","inLanguage":"es-ES","isPartOf":{"@id":"https:\/\/www.eldigitaldeasturias.com\/noticias\/#website"},"breadcrumb":{"@id":"https:\/\/www.eldigitaldeasturias.com\/noticias\/maria-pazos-abordara-el-problema-de-la-brecha-salarial-entre-hombres-y-mujeres\/#breadcrumblist"},"author":{"@id":"https:\/\/www.eldigitaldeasturias.com\/noticias\/author\/admin\/#author"},"creator":{"@id":"https:\/\/www.eldigitaldeasturias.com\/noticias\/author\/admin\/#author"},"image":{"@type":"ImageObject","url":"https:\/\/www.eldigitaldeasturias.com\/noticias\/wp-content\/uploads\/2014\/10\/6837097w.jpg","@id":"https:\/\/www.eldigitaldeasturias.com\/noticias\/maria-pazos-abordara-el-problema-de-la-brecha-salarial-entre-hombres-y-mujeres\/#mainImage","width":700,"height":1044},"primaryImageOfPage":{"@id":"https:\/\/www.eldigitaldeasturias.com\/noticias\/maria-pazos-abordara-el-problema-de-la-brecha-salarial-entre-hombres-y-mujeres\/#mainImage"},"datePublished":"2016-02-23T04:54:39+01:00","dateModified":"2016-02-23T04:54:39+01:00"},{"@type":"WebSite","@id":"https:\/\/www.eldigitaldeasturias.com\/noticias\/#website","url":"https:\/\/www.eldigitaldeasturias.com\/noticias\/","name":"El Digital de Asturias - Diario de actualidad y noticias","alternateName":"El Digital de Asturias - Diario de actualidad y noticias","description":"Hemeroteca","inLanguage":"es-ES","publisher":{"@id":"https:\/\/www.eldigitaldeasturias.com\/noticias\/#organization"}}]},"og:locale":"es_ES","og:site_name":"El Digital de Asturias","og:type":"article","og:title":"Mar\u00eda Pazos abordar\u00e1 el problema de la brecha salarial entre hombres y mujeres - El Digital de Asturias","og:description":"El Centro Municipal Integrado de la Arena de Gij\u00f3n acoger\u00e1 este lunes, a las 19.00 horas, con motivo del D\u00eda Internacional de la Igualdad Salarial, una conferencia de la experta en el an\u00e1lisis de pol\u00edticas econ\u00f3micas Mar\u00eda Pazos Mor\u00e1n sobre la brecha salarial existente entre hombres y mujeres, seg\u00fan una nota de prensa del Ayuntamiento","og:url":"https:\/\/www.eldigitaldeasturias.com\/noticias\/maria-pazos-abordara-el-problema-de-la-brecha-salarial-entre-hombres-y-mujeres\/","og:image":"https:\/\/www.eldigitaldeasturias.com\/noticias\/wp-content\/uploads\/2014\/10\/6837097w.jpg","og:image:secure_url":"https:\/\/www.eldigitaldeasturias.com\/noticias\/wp-content\/uploads\/2014\/10\/6837097w.jpg","og:image:width":700,"og:image:height":1044,"article:tag":["agenda"],"article:published_time":"2016-02-23T04:54:39+00:00","article:modified_time":"2016-02-23T04:54:39+00:00","article:publisher":"https:\/\/facebook.com\/eldigitaldeasturias","twitter:card":"summary_large_image","twitter:title":"Mar\u00eda Pazos abordar\u00e1 el problema de la brecha salarial entre hombres y mujeres - El Digital de Asturias","twitter:description":"El Centro Municipal Integrado de la Arena de Gij\u00f3n acoger\u00e1 este lunes, a las 19.00 horas, con motivo del D\u00eda Internacional de la Igualdad Salarial, una conferencia de la experta en el an\u00e1lisis de pol\u00edticas econ\u00f3micas Mar\u00eda Pazos Mor\u00e1n sobre la brecha salarial existente entre hombres y mujeres, seg\u00fan una nota de prensa del Ayuntamiento","twitter:image":"https:\/\/www.eldigitaldeasturias.com\/noticias\/wp-content\/uploads\/2014\/10\/6837097w.jpg","twitter:label1":"Escrito por","twitter:data1":"El Digital de Asturias","twitter:label2":"Tiempo de lectura estimado","twitter:data2":"1 minuto"},"aioseo_meta_data":{"post_id":"861109","title":null,"description":null,"keywords":null,"keyphrases":null,"primary_term":null,"canonical_url":null,"og_title":null,"og_description":null,"og_object_type":"default","og_image_type":"default","og_image_url":null,"og_image_width":null,"og_image_height":null,"og_image_custom_url":null,"og_image_custom_fields":null,"og_video":null,"og_custom_url":null,"og_article_section":null,"og_article_tags":null,"twitter_use_og":false,"twitter_card":"default","twitter_image_type":"default","twitter_image_url":null,"twitter_image_custom_url":null,"twitter_image_custom_fields":null,"twitter_title":null,"twitter_description":null,"schema":{"blockGraphs":[],"customGraphs":[],"default":{"data":{"Article":[],"Course":[],"Dataset":[],"FAQPage":[],"Movie":[],"Person":[],"Product":[],"ProductReview":[],"Car":[],"Recipe":[],"Service":[],"SoftwareApplication":[],"WebPage":[]},"graphName":"","isEnabled":true},"graphs":[],"defaultGraph":"","defaultPostTypeGraph":""},"schema_type":null,"schema_type_options":null,"pillar_content":false,"robots_default":true,"robots_noindex":false,"robots_noarchive":false,"robots_nosnippet":false,"robots_nofollow":false,"robots_noimageindex":false,"robots_noodp":false,"robots_notranslate":false,"robots_max_snippet":null,"robots_max_videopreview":null,"robots_max_imagepreview":"large","priority":null,"frequency":null,"local_seo":null,"seo_analyzer_scan_date":"2025-12-10 20:05:15","breadcrumb_settings":null,"limit_modified_date":false,"open_ai":null,"ai":null,"created":"2021-01-23 14:59:12","updated":"2025-12-10 20:05:15"},"aioseo_breadcrumb":"<div class=\"aioseo-breadcrumbs\"><span class=\"aioseo-breadcrumb\">\n\t<a href=\"https:\/\/www.eldigitaldeasturias.com\/noticias\" title=\"Home\">Home<\/a>\n<\/span><span class=\"aioseo-breadcrumb-separator\">\u2013<\/span><span class=\"aioseo-breadcrumb\">\n\t<a href=\"https:\/\/www.eldigitaldeasturias.com\/noticias\/category\/agenda\/\" title=\"Agenda\">Agenda<\/a>\n<\/span><span class=\"aioseo-breadcrumb-separator\">\u2013<\/span><span class=\"aioseo-breadcrumb\">\n\t<a href=\"https:\/\/www.eldigitaldeasturias.com\/noticias\/maria-pazos-abordara-el-problema-de-la-brecha-salarial-entre-hombres-y-mujeres\/\" title=\"Mar\u00eda Pazos abordar\u00e1 el problema de la brecha salarial entre hombres y mujeres\">Mar\u00eda Pazos abordar\u00e1 el problema de la brecha salarial entre hombres y mujeres<\/a>\n<\/span><\/div>","aioseo_breadcrumb_json":[{"label":"Home","link":"https:\/\/www.eldigitaldeasturias.com\/noticias"},{"label":"Agenda","link":"https:\/\/www.eldigitaldeasturias.com\/noticias\/category\/agenda\/"},{"label":"Mar\u00eda Pazos abordar\u00e1 el problema de la brecha salarial entre hombres y mujeres","link":"https:\/\/www.eldigitaldeasturias.com\/noticias\/maria-pazos-abordara-el-problema-de-la-brecha-salarial-entre-hombres-y-mujeres\/"}],"_links":{"self":[{"href":"https:\/\/www.eldigitaldeasturias.com\/noticias\/wp-json\/wp\/v2\/posts\/861109","targetHints":{"allow":["GET"]}}],"collection":[{"href":"https:\/\/www.eldigitaldeasturias.com\/noticias\/wp-json\/wp\/v2\/posts"}],"about":[{"href":"https:\/\/www.eldigitaldeasturias.com\/noticias\/wp-json\/wp\/v2\/types\/post"}],"author":[{"embeddable":true,"href":"https:\/\/www.eldigitaldeasturias.com\/noticias\/wp-json\/wp\/v2\/users\/1"}],"replies":[{"embeddable":true,"href":"https:\/\/www.eldigitaldeasturias.com\/noticias\/wp-json\/wp\/v2\/comments?post=861109"}],"version-history":[{"count":0,"href":"https:\/\/www.eldigitaldeasturias.com\/noticias\/wp-json\/wp\/v2\/posts\/861109\/revisions"}],"wp:featuredmedia":[{"embeddable":true,"href":"https:\/\/www.eldigitaldeasturias.com\/noticias\/wp-json\/wp\/v2\/media\/659697"}],"wp:attachment":[{"href":"https:\/\/www.eldigitaldeasturias.com\/noticias\/wp-json\/wp\/v2\/media?parent=861109"}],"wp:term":[{"taxonomy":"category","embeddable":true,"href":"https:\/\/www.eldigitaldeasturias.com\/noticias\/wp-json\/wp\/v2\/categories?post=861109"},{"taxonomy":"post_tag","embeddable":true,"href":"https:\/\/www.eldigitaldeasturias.com\/noticias\/wp-json\/wp\/v2\/tags?post=861109"}],"curies":[{"name":"wp","href":"https:\/\/api.w.org\/{rel}","templated":true}]}}