{"id":861106,"date":"2016-02-23T04:53:24","date_gmt":"2016-02-23T04:53:24","guid":{"rendered":"http:\/\/www.eldigitaldeasturias.com\/noticias\/?p=861106"},"modified":"2016-02-23T04:53:24","modified_gmt":"2016-02-23T04:53:24","slug":"quince-personas-resultan-heridas-en-los-28-accidentes-registrados-el-fin-de-semana","status":"publish","type":"post","link":"https:\/\/www.eldigitaldeasturias.com\/noticias\/quince-personas-resultan-heridas-en-los-28-accidentes-registrados-el-fin-de-semana\/","title":{"rendered":"Quince personas resultan heridas en los 28 accidentes registrados el fin de semana"},"content":{"rendered":"<p><img loading=\"lazy\" decoding=\"async\" class=\"alignleft size-medium wp-image-861107\" src=\"https:\/\/www.eldigitaldeasturias.com\/noticias\/wp-content\/uploads\/2016\/02\/fotonoticia_20160222095539_800-360x270.jpg\" alt=\"fotonoticia_20160222095539_800\" width=\"360\" height=\"270\" srcset=\"https:\/\/www.eldigitaldeasturias.com\/noticias\/wp-content\/uploads\/2016\/02\/fotonoticia_20160222095539_800-360x270.jpg 360w, https:\/\/www.eldigitaldeasturias.com\/noticias\/wp-content\/uploads\/2016\/02\/fotonoticia_20160222095539_800-768x576.jpg 768w, https:\/\/www.eldigitaldeasturias.com\/noticias\/wp-content\/uploads\/2016\/02\/fotonoticia_20160222095539_800-650x488.jpg 650w, https:\/\/www.eldigitaldeasturias.com\/noticias\/wp-content\/uploads\/2016\/02\/fotonoticia_20160222095539_800-125x95.jpg 125w, https:\/\/www.eldigitaldeasturias.com\/noticias\/wp-content\/uploads\/2016\/02\/fotonoticia_20160222095539_800-100x75.jpg 100w, https:\/\/www.eldigitaldeasturias.com\/noticias\/wp-content\/uploads\/2016\/02\/fotonoticia_20160222095539_800.jpg 800w\" sizes=\"auto, (max-width: 360px) 100vw, 360px\" \/>Un total de quince personas han resultado heridas, una de ellas de car\u00e1cter grave, en los 28 accidentes registrados en las carreteras asturianas a lo largo del fin de semana, seg\u00fan han informado a Europa Press fuentes de la Guardia Civil.<\/p>\n<p>El viernes d\u00eda 19 se registraron ocho siniestros en los que se registr\u00f3 el \u00fanico herido grave del fin de semana. Mientras que el s\u00e1bado se contabilizaron trece siniestros en los que hubo once heridos leves.<\/p>\n<p>Por \u00faltimo, en la jornada de este domingo se contabilizaron siete siniestros en los que tres personas resultaron heridas, aunque ninguna de ellas de gravedad.<\/p>\n","protected":false},"excerpt":{"rendered":"<p>Un total de quince personas han resultado heridas, una de ellas de car\u00e1cter grave, en los 28 accidentes registrados en las carreteras asturianas a lo largo del fin de semana, seg\u00fan han informado a Europa Press fuentes de la Guardia Civil. El viernes d\u00eda 19 se registraron ocho siniestros en los que se registr\u00f3 el [&hellip;]<\/p>\n","protected":false},"author":1,"featured_media":861107,"comment_status":"closed","ping_status":"closed","sticky":false,"template":"","format":"standard","meta":{"footnotes":""},"categories":[5],"tags":[],"class_list":["post-861106","post","type-post","status-publish","format-standard","has-post-thumbnail","hentry","category-sucesos"],"aioseo_notices":[],"aioseo_head":"\n\t\t<!-- All in One SEO Pro 4.9.6.2 - aioseo.com -->\n\t<meta name=\"description\" content=\"Un total de quince personas han resultado heridas, una de ellas de car\u00e1cter grave, en los 28 accidentes registrados en las carreteras asturianas a lo largo del fin de semana, seg\u00fan han informado a Europa Press fuentes de la Guardia Civil. El viernes d\u00eda 19 se registraron ocho siniestros en los que se registr\u00f3 el\" \/>\n\t<meta name=\"robots\" content=\"max-image-preview:large\" \/>\n\t<meta name=\"author\" content=\"El Digital de Asturias\"\/>\n\t<meta name=\"google-site-verification\" content=\"UA-38556648-1\" \/>\n\t<meta name=\"msvalidate.01\" content=\"7dfe9f3f1b24437ab69f4f2559babe99\" \/>\n\t<meta name=\"keywords\" content=\"sucesos\" \/>\n\t<link rel=\"canonical\" href=\"https:\/\/www.eldigitaldeasturias.com\/noticias\/quince-personas-resultan-heridas-en-los-28-accidentes-registrados-el-fin-de-semana\/\" \/>\n\t<meta name=\"generator\" content=\"All in One SEO Pro (AIOSEO) 4.9.6.2\" \/>\n\t\t<meta property=\"og:locale\" content=\"es_ES\" \/>\n\t\t<meta property=\"og:site_name\" content=\"El Digital de Asturias\" \/>\n\t\t<meta property=\"og:type\" content=\"article\" \/>\n\t\t<meta property=\"og:title\" content=\"Quince personas resultan heridas en los 28 accidentes registrados el fin de semana - El Digital de Asturias\" \/>\n\t\t<meta property=\"og:description\" content=\"Un total de quince personas han resultado heridas, una de ellas de car\u00e1cter grave, en los 28 accidentes registrados en las carreteras asturianas a lo largo del fin de semana, seg\u00fan han informado a Europa Press fuentes de la Guardia Civil. El viernes d\u00eda 19 se registraron ocho siniestros en los que se registr\u00f3 el\" \/>\n\t\t<meta property=\"og:url\" content=\"https:\/\/www.eldigitaldeasturias.com\/noticias\/quince-personas-resultan-heridas-en-los-28-accidentes-registrados-el-fin-de-semana\/\" \/>\n\t\t<meta property=\"og:image\" content=\"https:\/\/www.eldigitaldeasturias.com\/noticias\/wp-content\/uploads\/2016\/02\/fotonoticia_20160222095539_800.jpg\" \/>\n\t\t<meta property=\"og:image:secure_url\" content=\"https:\/\/www.eldigitaldeasturias.com\/noticias\/wp-content\/uploads\/2016\/02\/fotonoticia_20160222095539_800.jpg\" \/>\n\t\t<meta property=\"og:image:width\" content=\"800\" \/>\n\t\t<meta property=\"og:image:height\" content=\"600\" \/>\n\t\t<meta property=\"article:tag\" content=\"sucesos\" \/>\n\t\t<meta property=\"article:published_time\" content=\"2016-02-23T04:53:24+00:00\" \/>\n\t\t<meta property=\"article:modified_time\" content=\"2016-02-23T04:53:24+00:00\" \/>\n\t\t<meta property=\"article:publisher\" content=\"https:\/\/facebook.com\/eldigitaldeasturias\" \/>\n\t\t<meta name=\"twitter:card\" content=\"summary_large_image\" \/>\n\t\t<meta name=\"twitter:title\" content=\"Quince personas resultan heridas en los 28 accidentes registrados el fin de semana - El Digital de Asturias\" \/>\n\t\t<meta name=\"twitter:description\" content=\"Un total de quince personas han resultado heridas, una de ellas de car\u00e1cter grave, en los 28 accidentes registrados en las carreteras asturianas a lo largo del fin de semana, seg\u00fan han informado a Europa Press fuentes de la Guardia Civil. El viernes d\u00eda 19 se registraron ocho siniestros en los que se registr\u00f3 el\" \/>\n\t\t<meta name=\"twitter:image\" content=\"https:\/\/www.eldigitaldeasturias.com\/noticias\/wp-content\/uploads\/2016\/02\/fotonoticia_20160222095539_800.jpg\" \/>\n\t\t<meta name=\"twitter:label1\" content=\"Escrito por\" \/>\n\t\t<meta name=\"twitter:data1\" content=\"El Digital de Asturias\" \/>\n\t\t<meta name=\"twitter:label2\" content=\"Tiempo de lectura estimado\" \/>\n\t\t<meta name=\"twitter:data2\" content=\"1 minuto\" \/>\n\t\t<script type=\"application\/ld+json\" class=\"aioseo-schema\">\n\t\t\t{\"@context\":\"https:\\\/\\\/schema.org\",\"@graph\":[{\"@type\":\"BlogPosting\",\"@id\":\"https:\\\/\\\/www.eldigitaldeasturias.com\\\/noticias\\\/quince-personas-resultan-heridas-en-los-28-accidentes-registrados-el-fin-de-semana\\\/#blogposting\",\"name\":\"Quince personas resultan heridas en los 28 accidentes registrados el fin de semana - El Digital de Asturias\",\"headline\":\"Quince personas resultan heridas en los 28 accidentes registrados el fin de semana\",\"author\":{\"@id\":\"https:\\\/\\\/www.eldigitaldeasturias.com\\\/noticias\\\/author\\\/admin\\\/#author\"},\"publisher\":{\"@id\":\"https:\\\/\\\/www.eldigitaldeasturias.com\\\/noticias\\\/#organization\"},\"image\":{\"@type\":\"ImageObject\",\"url\":\"https:\\\/\\\/www.eldigitaldeasturias.com\\\/noticias\\\/wp-content\\\/uploads\\\/2016\\\/02\\\/fotonoticia_20160222095539_800.jpg\",\"width\":800,\"height\":600},\"datePublished\":\"2016-02-23T04:53:24+01:00\",\"dateModified\":\"2016-02-23T04:53:24+01:00\",\"inLanguage\":\"es-ES\",\"mainEntityOfPage\":{\"@id\":\"https:\\\/\\\/www.eldigitaldeasturias.com\\\/noticias\\\/quince-personas-resultan-heridas-en-los-28-accidentes-registrados-el-fin-de-semana\\\/#webpage\"},\"isPartOf\":{\"@id\":\"https:\\\/\\\/www.eldigitaldeasturias.com\\\/noticias\\\/quince-personas-resultan-heridas-en-los-28-accidentes-registrados-el-fin-de-semana\\\/#webpage\"},\"articleSection\":\"Sucesos\"},{\"@type\":\"BreadcrumbList\",\"@id\":\"https:\\\/\\\/www.eldigitaldeasturias.com\\\/noticias\\\/quince-personas-resultan-heridas-en-los-28-accidentes-registrados-el-fin-de-semana\\\/#breadcrumblist\",\"itemListElement\":[{\"@type\":\"ListItem\",\"@id\":\"https:\\\/\\\/www.eldigitaldeasturias.com\\\/noticias#listItem\",\"position\":1,\"name\":\"Home\",\"item\":\"https:\\\/\\\/www.eldigitaldeasturias.com\\\/noticias\",\"nextItem\":{\"@type\":\"ListItem\",\"@id\":\"https:\\\/\\\/www.eldigitaldeasturias.com\\\/noticias\\\/category\\\/sucesos\\\/#listItem\",\"name\":\"Sucesos\"}},{\"@type\":\"ListItem\",\"@id\":\"https:\\\/\\\/www.eldigitaldeasturias.com\\\/noticias\\\/category\\\/sucesos\\\/#listItem\",\"position\":2,\"name\":\"Sucesos\",\"item\":\"https:\\\/\\\/www.eldigitaldeasturias.com\\\/noticias\\\/category\\\/sucesos\\\/\",\"nextItem\":{\"@type\":\"ListItem\",\"@id\":\"https:\\\/\\\/www.eldigitaldeasturias.com\\\/noticias\\\/quince-personas-resultan-heridas-en-los-28-accidentes-registrados-el-fin-de-semana\\\/#listItem\",\"name\":\"Quince personas resultan heridas en los 28 accidentes registrados el fin de semana\"},\"previousItem\":{\"@type\":\"ListItem\",\"@id\":\"https:\\\/\\\/www.eldigitaldeasturias.com\\\/noticias#listItem\",\"name\":\"Home\"}},{\"@type\":\"ListItem\",\"@id\":\"https:\\\/\\\/www.eldigitaldeasturias.com\\\/noticias\\\/quince-personas-resultan-heridas-en-los-28-accidentes-registrados-el-fin-de-semana\\\/#listItem\",\"position\":3,\"name\":\"Quince personas resultan heridas en los 28 accidentes registrados el fin de semana\",\"previousItem\":{\"@type\":\"ListItem\",\"@id\":\"https:\\\/\\\/www.eldigitaldeasturias.com\\\/noticias\\\/category\\\/sucesos\\\/#listItem\",\"name\":\"Sucesos\"}}]},{\"@type\":\"Organization\",\"@id\":\"https:\\\/\\\/www.eldigitaldeasturias.com\\\/noticias\\\/#organization\",\"name\":\"El Digital de Asturias\",\"description\":\"Hemeroteca\",\"url\":\"https:\\\/\\\/www.eldigitaldeasturias.com\\\/noticias\\\/\",\"email\":\"info@eldigitaldeasturias.com\",\"telephone\":\"+34652131393\",\"logo\":{\"@type\":\"ImageObject\",\"url\":\"https:\\\/\\\/www.eldigitaldeasturias.com\\\/noticias\\\/wp-content\\\/uploads\\\/2020\\\/12\\\/EDA.jpg\",\"@id\":\"https:\\\/\\\/www.eldigitaldeasturias.com\\\/noticias\\\/quince-personas-resultan-heridas-en-los-28-accidentes-registrados-el-fin-de-semana\\\/#organizationLogo\",\"width\":649,\"height\":297},\"image\":{\"@id\":\"https:\\\/\\\/www.eldigitaldeasturias.com\\\/noticias\\\/quince-personas-resultan-heridas-en-los-28-accidentes-registrados-el-fin-de-semana\\\/#organizationLogo\"},\"sameAs\":[\"https:\\\/\\\/facebook.com\\\/eldigitaldeasturias\",\"https:\\\/\\\/www.youtube.com\\\/channel\\\/UCZP-2wLEB9Rv6erhFmqVnvg\"],\"address\":{\"@id\":\"https:\\\/\\\/www.eldigitaldeasturias.com\\\/noticias\\\/#postaladdress\",\"@type\":\"PostalAddress\",\"streetAddress\":\"san antonio 4,\",\"postalCode\":\"33430\",\"addressLocality\":\"Cand\\u00e1s\",\"addressRegion\":\"Asturias\",\"addressCountry\":\"ES\"}},{\"@type\":\"Person\",\"@id\":\"https:\\\/\\\/www.eldigitaldeasturias.com\\\/noticias\\\/author\\\/admin\\\/#author\",\"url\":\"https:\\\/\\\/www.eldigitaldeasturias.com\\\/noticias\\\/author\\\/admin\\\/\",\"name\":\"El Digital de Asturias\",\"image\":{\"@type\":\"ImageObject\",\"@id\":\"https:\\\/\\\/www.eldigitaldeasturias.com\\\/noticias\\\/quince-personas-resultan-heridas-en-los-28-accidentes-registrados-el-fin-de-semana\\\/#authorImage\",\"url\":\"https:\\\/\\\/www.eldigitaldeasturias.com\\\/noticias\\\/wp-content\\\/litespeed\\\/avatar\\\/18677e78aa0546b92d9dbf31ec7d7668.jpg?ver=1777290358\",\"width\":96,\"height\":96,\"caption\":\"El Digital de Asturias\"}},{\"@type\":\"WebPage\",\"@id\":\"https:\\\/\\\/www.eldigitaldeasturias.com\\\/noticias\\\/quince-personas-resultan-heridas-en-los-28-accidentes-registrados-el-fin-de-semana\\\/#webpage\",\"url\":\"https:\\\/\\\/www.eldigitaldeasturias.com\\\/noticias\\\/quince-personas-resultan-heridas-en-los-28-accidentes-registrados-el-fin-de-semana\\\/\",\"name\":\"Quince personas resultan heridas en los 28 accidentes registrados el fin de semana - El Digital de Asturias\",\"description\":\"Un total de quince personas han resultado heridas, una de ellas de car\\u00e1cter grave, en los 28 accidentes registrados en las carreteras asturianas a lo largo del fin de semana, seg\\u00fan han informado a Europa Press fuentes de la Guardia Civil. El viernes d\\u00eda 19 se registraron ocho siniestros en los que se registr\\u00f3 el\",\"inLanguage\":\"es-ES\",\"isPartOf\":{\"@id\":\"https:\\\/\\\/www.eldigitaldeasturias.com\\\/noticias\\\/#website\"},\"breadcrumb\":{\"@id\":\"https:\\\/\\\/www.eldigitaldeasturias.com\\\/noticias\\\/quince-personas-resultan-heridas-en-los-28-accidentes-registrados-el-fin-de-semana\\\/#breadcrumblist\"},\"author\":{\"@id\":\"https:\\\/\\\/www.eldigitaldeasturias.com\\\/noticias\\\/author\\\/admin\\\/#author\"},\"creator\":{\"@id\":\"https:\\\/\\\/www.eldigitaldeasturias.com\\\/noticias\\\/author\\\/admin\\\/#author\"},\"image\":{\"@type\":\"ImageObject\",\"url\":\"https:\\\/\\\/www.eldigitaldeasturias.com\\\/noticias\\\/wp-content\\\/uploads\\\/2016\\\/02\\\/fotonoticia_20160222095539_800.jpg\",\"@id\":\"https:\\\/\\\/www.eldigitaldeasturias.com\\\/noticias\\\/quince-personas-resultan-heridas-en-los-28-accidentes-registrados-el-fin-de-semana\\\/#mainImage\",\"width\":800,\"height\":600},\"primaryImageOfPage\":{\"@id\":\"https:\\\/\\\/www.eldigitaldeasturias.com\\\/noticias\\\/quince-personas-resultan-heridas-en-los-28-accidentes-registrados-el-fin-de-semana\\\/#mainImage\"},\"datePublished\":\"2016-02-23T04:53:24+01:00\",\"dateModified\":\"2016-02-23T04:53:24+01:00\"},{\"@type\":\"WebSite\",\"@id\":\"https:\\\/\\\/www.eldigitaldeasturias.com\\\/noticias\\\/#website\",\"url\":\"https:\\\/\\\/www.eldigitaldeasturias.com\\\/noticias\\\/\",\"name\":\"El Digital de Asturias - Diario de actualidad y noticias\",\"alternateName\":\"El Digital de Asturias - Diario de actualidad y noticias\",\"description\":\"Hemeroteca\",\"inLanguage\":\"es-ES\",\"publisher\":{\"@id\":\"https:\\\/\\\/www.eldigitaldeasturias.com\\\/noticias\\\/#organization\"}}]}\n\t\t<\/script>\n\t\t<!-- All in One SEO Pro -->\r\n\t\t<title>Quince personas resultan heridas en los 28 accidentes registrados el fin de semana - El Digital de Asturias<\/title>\n\n","aioseo_head_json":{"title":"Quince personas resultan heridas en los 28 accidentes registrados el fin de semana - El Digital de Asturias","description":"Un total de quince personas han resultado heridas, una de ellas de car\u00e1cter grave, en los 28 accidentes registrados en las carreteras asturianas a lo largo del fin de semana, seg\u00fan han informado a Europa Press fuentes de la Guardia Civil. El viernes d\u00eda 19 se registraron ocho siniestros en los que se registr\u00f3 el","canonical_url":"https:\/\/www.eldigitaldeasturias.com\/noticias\/quince-personas-resultan-heridas-en-los-28-accidentes-registrados-el-fin-de-semana\/","robots":"max-image-preview:large","keywords":"sucesos","webmasterTools":{"google-site-verification":"UA-38556648-1","msvalidate.01":"7dfe9f3f1b24437ab69f4f2559babe99","miscellaneous":""},"schema":{"@context":"https:\/\/schema.org","@graph":[{"@type":"BlogPosting","@id":"https:\/\/www.eldigitaldeasturias.com\/noticias\/quince-personas-resultan-heridas-en-los-28-accidentes-registrados-el-fin-de-semana\/#blogposting","name":"Quince personas resultan heridas en los 28 accidentes registrados el fin de semana - El Digital de Asturias","headline":"Quince personas resultan heridas en los 28 accidentes registrados el fin de semana","author":{"@id":"https:\/\/www.eldigitaldeasturias.com\/noticias\/author\/admin\/#author"},"publisher":{"@id":"https:\/\/www.eldigitaldeasturias.com\/noticias\/#organization"},"image":{"@type":"ImageObject","url":"https:\/\/www.eldigitaldeasturias.com\/noticias\/wp-content\/uploads\/2016\/02\/fotonoticia_20160222095539_800.jpg","width":800,"height":600},"datePublished":"2016-02-23T04:53:24+01:00","dateModified":"2016-02-23T04:53:24+01:00","inLanguage":"es-ES","mainEntityOfPage":{"@id":"https:\/\/www.eldigitaldeasturias.com\/noticias\/quince-personas-resultan-heridas-en-los-28-accidentes-registrados-el-fin-de-semana\/#webpage"},"isPartOf":{"@id":"https:\/\/www.eldigitaldeasturias.com\/noticias\/quince-personas-resultan-heridas-en-los-28-accidentes-registrados-el-fin-de-semana\/#webpage"},"articleSection":"Sucesos"},{"@type":"BreadcrumbList","@id":"https:\/\/www.eldigitaldeasturias.com\/noticias\/quince-personas-resultan-heridas-en-los-28-accidentes-registrados-el-fin-de-semana\/#breadcrumblist","itemListElement":[{"@type":"ListItem","@id":"https:\/\/www.eldigitaldeasturias.com\/noticias#listItem","position":1,"name":"Home","item":"https:\/\/www.eldigitaldeasturias.com\/noticias","nextItem":{"@type":"ListItem","@id":"https:\/\/www.eldigitaldeasturias.com\/noticias\/category\/sucesos\/#listItem","name":"Sucesos"}},{"@type":"ListItem","@id":"https:\/\/www.eldigitaldeasturias.com\/noticias\/category\/sucesos\/#listItem","position":2,"name":"Sucesos","item":"https:\/\/www.eldigitaldeasturias.com\/noticias\/category\/sucesos\/","nextItem":{"@type":"ListItem","@id":"https:\/\/www.eldigitaldeasturias.com\/noticias\/quince-personas-resultan-heridas-en-los-28-accidentes-registrados-el-fin-de-semana\/#listItem","name":"Quince personas resultan heridas en los 28 accidentes registrados el fin de semana"},"previousItem":{"@type":"ListItem","@id":"https:\/\/www.eldigitaldeasturias.com\/noticias#listItem","name":"Home"}},{"@type":"ListItem","@id":"https:\/\/www.eldigitaldeasturias.com\/noticias\/quince-personas-resultan-heridas-en-los-28-accidentes-registrados-el-fin-de-semana\/#listItem","position":3,"name":"Quince personas resultan heridas en los 28 accidentes registrados el fin de semana","previousItem":{"@type":"ListItem","@id":"https:\/\/www.eldigitaldeasturias.com\/noticias\/category\/sucesos\/#listItem","name":"Sucesos"}}]},{"@type":"Organization","@id":"https:\/\/www.eldigitaldeasturias.com\/noticias\/#organization","name":"El Digital de Asturias","description":"Hemeroteca","url":"https:\/\/www.eldigitaldeasturias.com\/noticias\/","email":"info@eldigitaldeasturias.com","telephone":"+34652131393","logo":{"@type":"ImageObject","url":"https:\/\/www.eldigitaldeasturias.com\/noticias\/wp-content\/uploads\/2020\/12\/EDA.jpg","@id":"https:\/\/www.eldigitaldeasturias.com\/noticias\/quince-personas-resultan-heridas-en-los-28-accidentes-registrados-el-fin-de-semana\/#organizationLogo","width":649,"height":297},"image":{"@id":"https:\/\/www.eldigitaldeasturias.com\/noticias\/quince-personas-resultan-heridas-en-los-28-accidentes-registrados-el-fin-de-semana\/#organizationLogo"},"sameAs":["https:\/\/facebook.com\/eldigitaldeasturias","https:\/\/www.youtube.com\/channel\/UCZP-2wLEB9Rv6erhFmqVnvg"],"address":{"@id":"https:\/\/www.eldigitaldeasturias.com\/noticias\/#postaladdress","@type":"PostalAddress","streetAddress":"san antonio 4,","postalCode":"33430","addressLocality":"Cand\u00e1s","addressRegion":"Asturias","addressCountry":"ES"}},{"@type":"Person","@id":"https:\/\/www.eldigitaldeasturias.com\/noticias\/author\/admin\/#author","url":"https:\/\/www.eldigitaldeasturias.com\/noticias\/author\/admin\/","name":"El Digital de Asturias","image":{"@type":"ImageObject","@id":"https:\/\/www.eldigitaldeasturias.com\/noticias\/quince-personas-resultan-heridas-en-los-28-accidentes-registrados-el-fin-de-semana\/#authorImage","url":"https:\/\/www.eldigitaldeasturias.com\/noticias\/wp-content\/litespeed\/avatar\/18677e78aa0546b92d9dbf31ec7d7668.jpg?ver=1777290358","width":96,"height":96,"caption":"El Digital de Asturias"}},{"@type":"WebPage","@id":"https:\/\/www.eldigitaldeasturias.com\/noticias\/quince-personas-resultan-heridas-en-los-28-accidentes-registrados-el-fin-de-semana\/#webpage","url":"https:\/\/www.eldigitaldeasturias.com\/noticias\/quince-personas-resultan-heridas-en-los-28-accidentes-registrados-el-fin-de-semana\/","name":"Quince personas resultan heridas en los 28 accidentes registrados el fin de semana - El Digital de Asturias","description":"Un total de quince personas han resultado heridas, una de ellas de car\u00e1cter grave, en los 28 accidentes registrados en las carreteras asturianas a lo largo del fin de semana, seg\u00fan han informado a Europa Press fuentes de la Guardia Civil. El viernes d\u00eda 19 se registraron ocho siniestros en los que se registr\u00f3 el","inLanguage":"es-ES","isPartOf":{"@id":"https:\/\/www.eldigitaldeasturias.com\/noticias\/#website"},"breadcrumb":{"@id":"https:\/\/www.eldigitaldeasturias.com\/noticias\/quince-personas-resultan-heridas-en-los-28-accidentes-registrados-el-fin-de-semana\/#breadcrumblist"},"author":{"@id":"https:\/\/www.eldigitaldeasturias.com\/noticias\/author\/admin\/#author"},"creator":{"@id":"https:\/\/www.eldigitaldeasturias.com\/noticias\/author\/admin\/#author"},"image":{"@type":"ImageObject","url":"https:\/\/www.eldigitaldeasturias.com\/noticias\/wp-content\/uploads\/2016\/02\/fotonoticia_20160222095539_800.jpg","@id":"https:\/\/www.eldigitaldeasturias.com\/noticias\/quince-personas-resultan-heridas-en-los-28-accidentes-registrados-el-fin-de-semana\/#mainImage","width":800,"height":600},"primaryImageOfPage":{"@id":"https:\/\/www.eldigitaldeasturias.com\/noticias\/quince-personas-resultan-heridas-en-los-28-accidentes-registrados-el-fin-de-semana\/#mainImage"},"datePublished":"2016-02-23T04:53:24+01:00","dateModified":"2016-02-23T04:53:24+01:00"},{"@type":"WebSite","@id":"https:\/\/www.eldigitaldeasturias.com\/noticias\/#website","url":"https:\/\/www.eldigitaldeasturias.com\/noticias\/","name":"El Digital de Asturias - Diario de actualidad y noticias","alternateName":"El Digital de Asturias - Diario de actualidad y noticias","description":"Hemeroteca","inLanguage":"es-ES","publisher":{"@id":"https:\/\/www.eldigitaldeasturias.com\/noticias\/#organization"}}]},"og:locale":"es_ES","og:site_name":"El Digital de Asturias","og:type":"article","og:title":"Quince personas resultan heridas en los 28 accidentes registrados el fin de semana - El Digital de Asturias","og:description":"Un total de quince personas han resultado heridas, una de ellas de car\u00e1cter grave, en los 28 accidentes registrados en las carreteras asturianas a lo largo del fin de semana, seg\u00fan han informado a Europa Press fuentes de la Guardia Civil. El viernes d\u00eda 19 se registraron ocho siniestros en los que se registr\u00f3 el","og:url":"https:\/\/www.eldigitaldeasturias.com\/noticias\/quince-personas-resultan-heridas-en-los-28-accidentes-registrados-el-fin-de-semana\/","og:image":"https:\/\/www.eldigitaldeasturias.com\/noticias\/wp-content\/uploads\/2016\/02\/fotonoticia_20160222095539_800.jpg","og:image:secure_url":"https:\/\/www.eldigitaldeasturias.com\/noticias\/wp-content\/uploads\/2016\/02\/fotonoticia_20160222095539_800.jpg","og:image:width":800,"og:image:height":600,"article:tag":["sucesos"],"article:published_time":"2016-02-23T04:53:24+00:00","article:modified_time":"2016-02-23T04:53:24+00:00","article:publisher":"https:\/\/facebook.com\/eldigitaldeasturias","twitter:card":"summary_large_image","twitter:title":"Quince personas resultan heridas en los 28 accidentes registrados el fin de semana - El Digital de Asturias","twitter:description":"Un total de quince personas han resultado heridas, una de ellas de car\u00e1cter grave, en los 28 accidentes registrados en las carreteras asturianas a lo largo del fin de semana, seg\u00fan han informado a Europa Press fuentes de la Guardia Civil. El viernes d\u00eda 19 se registraron ocho siniestros en los que se registr\u00f3 el","twitter:image":"https:\/\/www.eldigitaldeasturias.com\/noticias\/wp-content\/uploads\/2016\/02\/fotonoticia_20160222095539_800.jpg","twitter:label1":"Escrito por","twitter:data1":"El Digital de Asturias","twitter:label2":"Tiempo de lectura estimado","twitter:data2":"1 minuto"},"aioseo_meta_data":{"post_id":"861106","title":null,"description":null,"keywords":null,"keyphrases":null,"primary_term":null,"canonical_url":null,"og_title":null,"og_description":null,"og_object_type":"default","og_image_type":"default","og_image_url":null,"og_image_width":null,"og_image_height":null,"og_image_custom_url":null,"og_image_custom_fields":null,"og_video":null,"og_custom_url":null,"og_article_section":null,"og_article_tags":null,"twitter_use_og":false,"twitter_card":"default","twitter_image_type":"default","twitter_image_url":null,"twitter_image_custom_url":null,"twitter_image_custom_fields":null,"twitter_title":null,"twitter_description":null,"schema":{"blockGraphs":[],"customGraphs":[],"default":{"data":{"Article":[],"Course":[],"Dataset":[],"FAQPage":[],"Movie":[],"Person":[],"Product":[],"ProductReview":[],"Car":[],"Recipe":[],"Service":[],"SoftwareApplication":[],"WebPage":[]},"graphName":"","isEnabled":true},"graphs":[],"defaultGraph":"","defaultPostTypeGraph":""},"schema_type":null,"schema_type_options":null,"pillar_content":false,"robots_default":true,"robots_noindex":false,"robots_noarchive":false,"robots_nosnippet":false,"robots_nofollow":false,"robots_noimageindex":false,"robots_noodp":false,"robots_notranslate":false,"robots_max_snippet":null,"robots_max_videopreview":null,"robots_max_imagepreview":"large","priority":null,"frequency":null,"local_seo":null,"seo_analyzer_scan_date":"2025-12-10 20:05:15","breadcrumb_settings":null,"limit_modified_date":false,"open_ai":null,"ai":null,"created":"2021-01-23 13:22:30","updated":"2025-12-10 20:05:15"},"aioseo_breadcrumb":"<div class=\"aioseo-breadcrumbs\"><span class=\"aioseo-breadcrumb\">\n\t<a href=\"https:\/\/www.eldigitaldeasturias.com\/noticias\" title=\"Home\">Home<\/a>\n<\/span><span class=\"aioseo-breadcrumb-separator\">\u2013<\/span><span class=\"aioseo-breadcrumb\">\n\t<a href=\"https:\/\/www.eldigitaldeasturias.com\/noticias\/category\/sucesos\/\" title=\"Sucesos\">Sucesos<\/a>\n<\/span><span class=\"aioseo-breadcrumb-separator\">\u2013<\/span><span class=\"aioseo-breadcrumb\">\n\t<a href=\"https:\/\/www.eldigitaldeasturias.com\/noticias\/quince-personas-resultan-heridas-en-los-28-accidentes-registrados-el-fin-de-semana\/\" title=\"Quince personas resultan heridas en los 28 accidentes registrados el fin de semana\">Quince personas resultan heridas en los 28 accidentes registrados el fin de semana<\/a>\n<\/span><\/div>","aioseo_breadcrumb_json":[{"label":"Home","link":"https:\/\/www.eldigitaldeasturias.com\/noticias"},{"label":"Sucesos","link":"https:\/\/www.eldigitaldeasturias.com\/noticias\/category\/sucesos\/"},{"label":"Quince personas resultan heridas en los 28 accidentes registrados el fin de semana","link":"https:\/\/www.eldigitaldeasturias.com\/noticias\/quince-personas-resultan-heridas-en-los-28-accidentes-registrados-el-fin-de-semana\/"}],"_links":{"self":[{"href":"https:\/\/www.eldigitaldeasturias.com\/noticias\/wp-json\/wp\/v2\/posts\/861106","targetHints":{"allow":["GET"]}}],"collection":[{"href":"https:\/\/www.eldigitaldeasturias.com\/noticias\/wp-json\/wp\/v2\/posts"}],"about":[{"href":"https:\/\/www.eldigitaldeasturias.com\/noticias\/wp-json\/wp\/v2\/types\/post"}],"author":[{"embeddable":true,"href":"https:\/\/www.eldigitaldeasturias.com\/noticias\/wp-json\/wp\/v2\/users\/1"}],"replies":[{"embeddable":true,"href":"https:\/\/www.eldigitaldeasturias.com\/noticias\/wp-json\/wp\/v2\/comments?post=861106"}],"version-history":[{"count":0,"href":"https:\/\/www.eldigitaldeasturias.com\/noticias\/wp-json\/wp\/v2\/posts\/861106\/revisions"}],"wp:featuredmedia":[{"embeddable":true,"href":"https:\/\/www.eldigitaldeasturias.com\/noticias\/wp-json\/wp\/v2\/media\/861107"}],"wp:attachment":[{"href":"https:\/\/www.eldigitaldeasturias.com\/noticias\/wp-json\/wp\/v2\/media?parent=861106"}],"wp:term":[{"taxonomy":"category","embeddable":true,"href":"https:\/\/www.eldigitaldeasturias.com\/noticias\/wp-json\/wp\/v2\/categories?post=861106"},{"taxonomy":"post_tag","embeddable":true,"href":"https:\/\/www.eldigitaldeasturias.com\/noticias\/wp-json\/wp\/v2\/tags?post=861106"}],"curies":[{"name":"wp","href":"https:\/\/api.w.org\/{rel}","templated":true}]}}