{"id":861103,"date":"2016-02-23T04:52:13","date_gmt":"2016-02-23T04:52:13","guid":{"rendered":"http:\/\/www.eldigitaldeasturias.com\/noticias\/?p=861103"},"modified":"2016-02-23T04:52:13","modified_gmt":"2016-02-23T04:52:13","slug":"menendez-salmon-departe-en-el-club-de-lectura-sobre-flannery-oconnor","status":"publish","type":"post","link":"https:\/\/www.eldigitaldeasturias.com\/noticias\/menendez-salmon-departe-en-el-club-de-lectura-sobre-flannery-oconnor\/","title":{"rendered":"Men\u00e9ndez Salm\u00f3n departe en el Club de Lectura sobre Flannery O&#8217;Connor"},"content":{"rendered":"<p><img loading=\"lazy\" decoding=\"async\" class=\"alignleft size-medium wp-image-861104\" src=\"https:\/\/www.eldigitaldeasturias.com\/noticias\/wp-content\/uploads\/2016\/02\/fotonoticia_20160222060936_800-360x270.jpg\" alt=\"fotonoticia_20160222060936_800\" width=\"360\" height=\"270\" srcset=\"https:\/\/www.eldigitaldeasturias.com\/noticias\/wp-content\/uploads\/2016\/02\/fotonoticia_20160222060936_800-360x270.jpg 360w, https:\/\/www.eldigitaldeasturias.com\/noticias\/wp-content\/uploads\/2016\/02\/fotonoticia_20160222060936_800-768x576.jpg 768w, https:\/\/www.eldigitaldeasturias.com\/noticias\/wp-content\/uploads\/2016\/02\/fotonoticia_20160222060936_800-650x488.jpg 650w, https:\/\/www.eldigitaldeasturias.com\/noticias\/wp-content\/uploads\/2016\/02\/fotonoticia_20160222060936_800-125x95.jpg 125w, https:\/\/www.eldigitaldeasturias.com\/noticias\/wp-content\/uploads\/2016\/02\/fotonoticia_20160222060936_800-100x75.jpg 100w, https:\/\/www.eldigitaldeasturias.com\/noticias\/wp-content\/uploads\/2016\/02\/fotonoticia_20160222060936_800.jpg 800w\" sizes=\"auto, (max-width: 360px) 100vw, 360px\" \/>El escritor Ricardo Men\u00e9ndez Salm\u00f3n participa este lunes en el Club de Lectura de la Concejal\u00eda de Igualdad del Ayuntamiento de Avil\u00e9s, en la segunda sesi\u00f3n del ciclo &#8216;Escritores hablan de escritoras&#8217;.<\/p>\n<p>En esta segunda sesi\u00f3n participar\u00e1 el escritor Ricardo Men\u00e9ndez Salm\u00f3n que hablar\u00e1 sobre Flannery O&#8217;Connor, escritora estadounidense El encuentro tendr\u00e1 lugar a las 17:00 horas de la tarde en el Centro de Documentaci\u00f3n de Mujeres ubicado en los Servicios Municipales de la Mujer del Edificio Fuero. C\/ Fernando Mor\u00e1n, 26-planta baja.<\/p>\n<p>Ricardo Men\u00e9ndez Salm\u00f3n ha recibido el prestigioso Premio literario Biblioteca Breve de novela por su obra \u00abEl sistema\u00bb, premio que en otras ocasiones han conseguido escritores como Luis Goytisolo, Garc\u00eda Hortelano, Caballero Bonald, Cabrera Infante y escritoras como Gioconda Belli, Rosa Reg\u00e1s, Elena Poniatowska y Luisa Castro.<\/p>\n<p>Licenciado en Filosof\u00eda por la Universidad de Oviedo, escribe en los diarios ABC y La Nueva Espa\u00f1a, y colabora en las revistas El Mercurio y Tiempo. Ha sido director literario de KRK Ediciones.<\/p>\n<p>Gan\u00f3 el Premio de la Cr\u00edtica de Asturias de Narrativa por el libro Los caballos azules, el Premio Juan Rulfo del a\u00f1o 2003 otorgado por Radio Francia Internacional y el Instituto de M\u00e9xico en Par\u00eds por el relato \u00abLos caballos azules\u00bb. Su novela &#8216;La ofensa&#8217; (2007), considerada por El Peri\u00f3dico de Catalu\u00f1a, el diario El Mundo y la revista Qu\u00e9 Leer uno de los diez mejores libros de 2007, recibi\u00f3 el Premio Qwerty de Barcelona Televisi\u00f3n a la revelaci\u00f3n del a\u00f1o y el Premio Librer\u00eda Sintagma a la mejor novela de 2007, adem\u00e1s de ser considerada por la revista Quimera como la mejor obra de narrativa publicada en 2007.<\/p>\n<p>Por su parte, &#8216;Derrumbe&#8217; (2008) fue escogida por el diario El Pa\u00eds como la mejor novela en espa\u00f1ol publicada en 2008 por un autor menor de cuarenta a\u00f1os y recibi\u00f3 el Premio de la Cr\u00edtica de Asturias a la mejor novela publicada en ese a\u00f1o. En 2009 recibi\u00f3 el Premio de la Cr\u00edtica de la Feria del Libro de Bilbao en reconocimiento a la trilog\u00eda compuesta por La ofensa, Derrumbe y El corrector. En 2010 su obra Asturias para Vera (Viaje sentimental de un padre escritor) obtuvo el V Premio Llanes de Viajes; ese mismo a\u00f1o su novela La luz es m\u00e1s antigua que el amor mereci\u00f3 el Premio C\u00e1lamo *Otra mirada*. Su d\u00e9cima novela, Ni\u00f1os en el tiempo, recibi\u00f3 el V Premio Las Am\u00e9ricas concedido por el Festival de la Palabra de Puerto Rico, que acredita a la mejor novela iberoamericana publicada en 2014.<\/p>\n<p>Ha sido &#8216;writer in residence&#8217; de la Bogliasco Foundation y Premio a la Excelencia Art\u00edstica del Gobierno de Baviera en la Internationales K\u00fcnstlerhaus Villa Concordia de Bamberg. Su obra est\u00e1 traducida al alem\u00e1n, catal\u00e1n, franc\u00e9s, holand\u00e9s, italiano, portugu\u00e9s y turco.<\/p>\n<p>FLANNERY O&#8217;CONNOR<\/p>\n<p>Flannery O&#8217;Connor (Savannah, Georgia, 25 de marzo de 1925 &#8211; 3 de agosto de 1964) es considerada entre los mejores escritores y escritoras estadounidenses del siglo XX; fue autora de dos novelas y 32 relatos, public\u00f3 tambi\u00e9n ensayos y rese\u00f1as. Su obra es ampliamente estudiada en el contexto de la literatura del Sur de Estados Unidos; sus personajes y el ambiente que describe son sure\u00f1os, y a la vez su obra trasciende el \u00e1mbito local para crear ficciones de alcance universal.<\/p>\n<p>Escribi\u00f3 dos novelas: &#8216;Sangre sabia&#8217;, 1952 y &#8216;Los violentos lo arrebatan&#8217;, 1960, as\u00ed como 31 relatos breves, recogidos en dos libros: &#8216;Un hombre bueno no es f\u00e1cil de encontrar&#8217;, 1955 y &#8216;Todo lo que asciende tiene que converger&#8217;, p\u00f3stumo 1965. Sus ensayos y conferencias publicados son de gran profundidad y agudeza. Tambi\u00e9n dej\u00f3 gran n\u00famero de entrevistas y comentarios reveladores.<\/p>\n","protected":false},"excerpt":{"rendered":"<p>El escritor Ricardo Men\u00e9ndez Salm\u00f3n participa este lunes en el Club de Lectura de la Concejal\u00eda de Igualdad del Ayuntamiento de Avil\u00e9s, en la segunda sesi\u00f3n del ciclo &#8216;Escritores hablan de escritoras&#8217;. En esta segunda sesi\u00f3n participar\u00e1 el escritor Ricardo Men\u00e9ndez Salm\u00f3n que hablar\u00e1 sobre Flannery O&#8217;Connor, escritora estadounidense El encuentro tendr\u00e1 lugar a las [&hellip;]<\/p>\n","protected":false},"author":1,"featured_media":861104,"comment_status":"closed","ping_status":"closed","sticky":false,"template":"","format":"standard","meta":{"footnotes":""},"categories":[50],"tags":[],"class_list":["post-861103","post","type-post","status-publish","format-standard","has-post-thumbnail","hentry","category-revista-de-ocio"],"aioseo_notices":[],"aioseo_head":"\n\t\t<!-- All in One SEO Pro 4.9.6.2 - aioseo.com -->\n\t<meta name=\"description\" content=\"El escritor Ricardo Men\u00e9ndez Salm\u00f3n participa este lunes en el Club de Lectura de la Concejal\u00eda de Igualdad del Ayuntamiento de Avil\u00e9s, en la segunda sesi\u00f3n del ciclo &#039;Escritores hablan de escritoras&#039;. En esta segunda sesi\u00f3n participar\u00e1 el escritor Ricardo Men\u00e9ndez Salm\u00f3n que hablar\u00e1 sobre Flannery O&#039;Connor, escritora estadounidense El encuentro tendr\u00e1 lugar a las\" \/>\n\t<meta name=\"robots\" content=\"max-image-preview:large\" \/>\n\t<meta name=\"author\" content=\"El Digital de Asturias\"\/>\n\t<meta name=\"google-site-verification\" content=\"UA-38556648-1\" \/>\n\t<meta name=\"msvalidate.01\" content=\"7dfe9f3f1b24437ab69f4f2559babe99\" \/>\n\t<meta name=\"keywords\" content=\"revista de ocio\" \/>\n\t<link rel=\"canonical\" href=\"https:\/\/www.eldigitaldeasturias.com\/noticias\/menendez-salmon-departe-en-el-club-de-lectura-sobre-flannery-oconnor\/\" \/>\n\t<meta name=\"generator\" content=\"All in One SEO Pro (AIOSEO) 4.9.6.2\" \/>\n\t\t<meta property=\"og:locale\" content=\"es_ES\" \/>\n\t\t<meta property=\"og:site_name\" content=\"El Digital de Asturias\" \/>\n\t\t<meta property=\"og:type\" content=\"article\" \/>\n\t\t<meta property=\"og:title\" content=\"Men\u00e9ndez Salm\u00f3n departe en el Club de Lectura sobre Flannery O\u2019Connor - El Digital de Asturias\" \/>\n\t\t<meta property=\"og:description\" content=\"El escritor Ricardo Men\u00e9ndez Salm\u00f3n participa este lunes en el Club de Lectura de la Concejal\u00eda de Igualdad del Ayuntamiento de Avil\u00e9s, en la segunda sesi\u00f3n del ciclo &#039;Escritores hablan de escritoras&#039;. En esta segunda sesi\u00f3n participar\u00e1 el escritor Ricardo Men\u00e9ndez Salm\u00f3n que hablar\u00e1 sobre Flannery O&#039;Connor, escritora estadounidense El encuentro tendr\u00e1 lugar a las\" \/>\n\t\t<meta property=\"og:url\" content=\"https:\/\/www.eldigitaldeasturias.com\/noticias\/menendez-salmon-departe-en-el-club-de-lectura-sobre-flannery-oconnor\/\" \/>\n\t\t<meta property=\"og:image\" content=\"https:\/\/www.eldigitaldeasturias.com\/noticias\/wp-content\/uploads\/2016\/02\/fotonoticia_20160222060936_800.jpg\" \/>\n\t\t<meta property=\"og:image:secure_url\" content=\"https:\/\/www.eldigitaldeasturias.com\/noticias\/wp-content\/uploads\/2016\/02\/fotonoticia_20160222060936_800.jpg\" \/>\n\t\t<meta property=\"og:image:width\" content=\"800\" \/>\n\t\t<meta property=\"og:image:height\" content=\"600\" \/>\n\t\t<meta property=\"article:tag\" content=\"revista de ocio\" \/>\n\t\t<meta property=\"article:published_time\" content=\"2016-02-23T04:52:13+00:00\" \/>\n\t\t<meta property=\"article:modified_time\" content=\"2016-02-23T04:52:13+00:00\" \/>\n\t\t<meta property=\"article:publisher\" content=\"https:\/\/facebook.com\/eldigitaldeasturias\" \/>\n\t\t<meta name=\"twitter:card\" content=\"summary_large_image\" \/>\n\t\t<meta name=\"twitter:title\" content=\"Men\u00e9ndez Salm\u00f3n departe en el Club de Lectura sobre Flannery O\u2019Connor - El Digital de Asturias\" \/>\n\t\t<meta name=\"twitter:description\" content=\"El escritor Ricardo Men\u00e9ndez Salm\u00f3n participa este lunes en el Club de Lectura de la Concejal\u00eda de Igualdad del Ayuntamiento de Avil\u00e9s, en la segunda sesi\u00f3n del ciclo &#039;Escritores hablan de escritoras&#039;. En esta segunda sesi\u00f3n participar\u00e1 el escritor Ricardo Men\u00e9ndez Salm\u00f3n que hablar\u00e1 sobre Flannery O&#039;Connor, escritora estadounidense El encuentro tendr\u00e1 lugar a las\" \/>\n\t\t<meta name=\"twitter:image\" content=\"https:\/\/www.eldigitaldeasturias.com\/noticias\/wp-content\/uploads\/2016\/02\/fotonoticia_20160222060936_800.jpg\" \/>\n\t\t<meta name=\"twitter:label1\" content=\"Escrito por\" \/>\n\t\t<meta name=\"twitter:data1\" content=\"El Digital de Asturias\" \/>\n\t\t<meta name=\"twitter:label2\" content=\"Tiempo de lectura estimado\" \/>\n\t\t<meta name=\"twitter:data2\" content=\"3 minutos\" \/>\n\t\t<script type=\"application\/ld+json\" class=\"aioseo-schema\">\n\t\t\t{\"@context\":\"https:\\\/\\\/schema.org\",\"@graph\":[{\"@type\":\"BlogPosting\",\"@id\":\"https:\\\/\\\/www.eldigitaldeasturias.com\\\/noticias\\\/menendez-salmon-departe-en-el-club-de-lectura-sobre-flannery-oconnor\\\/#blogposting\",\"name\":\"Men\\u00e9ndez Salm\\u00f3n departe en el Club de Lectura sobre Flannery O\\u2019Connor - El Digital de Asturias\",\"headline\":\"Men\\u00e9ndez Salm\\u00f3n departe en el Club de Lectura sobre Flannery O&#8217;Connor\",\"author\":{\"@id\":\"https:\\\/\\\/www.eldigitaldeasturias.com\\\/noticias\\\/author\\\/admin\\\/#author\"},\"publisher\":{\"@id\":\"https:\\\/\\\/www.eldigitaldeasturias.com\\\/noticias\\\/#organization\"},\"image\":{\"@type\":\"ImageObject\",\"url\":\"https:\\\/\\\/www.eldigitaldeasturias.com\\\/noticias\\\/wp-content\\\/uploads\\\/2016\\\/02\\\/fotonoticia_20160222060936_800.jpg\",\"width\":800,\"height\":600},\"datePublished\":\"2016-02-23T04:52:13+01:00\",\"dateModified\":\"2016-02-23T04:52:13+01:00\",\"inLanguage\":\"es-ES\",\"mainEntityOfPage\":{\"@id\":\"https:\\\/\\\/www.eldigitaldeasturias.com\\\/noticias\\\/menendez-salmon-departe-en-el-club-de-lectura-sobre-flannery-oconnor\\\/#webpage\"},\"isPartOf\":{\"@id\":\"https:\\\/\\\/www.eldigitaldeasturias.com\\\/noticias\\\/menendez-salmon-departe-en-el-club-de-lectura-sobre-flannery-oconnor\\\/#webpage\"},\"articleSection\":\"Revista de Ocio\"},{\"@type\":\"BreadcrumbList\",\"@id\":\"https:\\\/\\\/www.eldigitaldeasturias.com\\\/noticias\\\/menendez-salmon-departe-en-el-club-de-lectura-sobre-flannery-oconnor\\\/#breadcrumblist\",\"itemListElement\":[{\"@type\":\"ListItem\",\"@id\":\"https:\\\/\\\/www.eldigitaldeasturias.com\\\/noticias#listItem\",\"position\":1,\"name\":\"Home\",\"item\":\"https:\\\/\\\/www.eldigitaldeasturias.com\\\/noticias\",\"nextItem\":{\"@type\":\"ListItem\",\"@id\":\"https:\\\/\\\/www.eldigitaldeasturias.com\\\/noticias\\\/category\\\/revista-de-ocio\\\/#listItem\",\"name\":\"Revista de Ocio\"}},{\"@type\":\"ListItem\",\"@id\":\"https:\\\/\\\/www.eldigitaldeasturias.com\\\/noticias\\\/category\\\/revista-de-ocio\\\/#listItem\",\"position\":2,\"name\":\"Revista de Ocio\",\"item\":\"https:\\\/\\\/www.eldigitaldeasturias.com\\\/noticias\\\/category\\\/revista-de-ocio\\\/\",\"nextItem\":{\"@type\":\"ListItem\",\"@id\":\"https:\\\/\\\/www.eldigitaldeasturias.com\\\/noticias\\\/menendez-salmon-departe-en-el-club-de-lectura-sobre-flannery-oconnor\\\/#listItem\",\"name\":\"Men\\u00e9ndez Salm\\u00f3n departe en el Club de Lectura sobre Flannery O&#8217;Connor\"},\"previousItem\":{\"@type\":\"ListItem\",\"@id\":\"https:\\\/\\\/www.eldigitaldeasturias.com\\\/noticias#listItem\",\"name\":\"Home\"}},{\"@type\":\"ListItem\",\"@id\":\"https:\\\/\\\/www.eldigitaldeasturias.com\\\/noticias\\\/menendez-salmon-departe-en-el-club-de-lectura-sobre-flannery-oconnor\\\/#listItem\",\"position\":3,\"name\":\"Men\\u00e9ndez Salm\\u00f3n departe en el Club de Lectura sobre Flannery O&#8217;Connor\",\"previousItem\":{\"@type\":\"ListItem\",\"@id\":\"https:\\\/\\\/www.eldigitaldeasturias.com\\\/noticias\\\/category\\\/revista-de-ocio\\\/#listItem\",\"name\":\"Revista de Ocio\"}}]},{\"@type\":\"Organization\",\"@id\":\"https:\\\/\\\/www.eldigitaldeasturias.com\\\/noticias\\\/#organization\",\"name\":\"El Digital de Asturias\",\"description\":\"Hemeroteca\",\"url\":\"https:\\\/\\\/www.eldigitaldeasturias.com\\\/noticias\\\/\",\"email\":\"info@eldigitaldeasturias.com\",\"telephone\":\"+34652131393\",\"logo\":{\"@type\":\"ImageObject\",\"url\":\"https:\\\/\\\/www.eldigitaldeasturias.com\\\/noticias\\\/wp-content\\\/uploads\\\/2020\\\/12\\\/EDA.jpg\",\"@id\":\"https:\\\/\\\/www.eldigitaldeasturias.com\\\/noticias\\\/menendez-salmon-departe-en-el-club-de-lectura-sobre-flannery-oconnor\\\/#organizationLogo\",\"width\":649,\"height\":297},\"image\":{\"@id\":\"https:\\\/\\\/www.eldigitaldeasturias.com\\\/noticias\\\/menendez-salmon-departe-en-el-club-de-lectura-sobre-flannery-oconnor\\\/#organizationLogo\"},\"sameAs\":[\"https:\\\/\\\/facebook.com\\\/eldigitaldeasturias\",\"https:\\\/\\\/www.youtube.com\\\/channel\\\/UCZP-2wLEB9Rv6erhFmqVnvg\"],\"address\":{\"@id\":\"https:\\\/\\\/www.eldigitaldeasturias.com\\\/noticias\\\/#postaladdress\",\"@type\":\"PostalAddress\",\"streetAddress\":\"san antonio 4,\",\"postalCode\":\"33430\",\"addressLocality\":\"Cand\\u00e1s\",\"addressRegion\":\"Asturias\",\"addressCountry\":\"ES\"}},{\"@type\":\"Person\",\"@id\":\"https:\\\/\\\/www.eldigitaldeasturias.com\\\/noticias\\\/author\\\/admin\\\/#author\",\"url\":\"https:\\\/\\\/www.eldigitaldeasturias.com\\\/noticias\\\/author\\\/admin\\\/\",\"name\":\"El Digital de Asturias\",\"image\":{\"@type\":\"ImageObject\",\"@id\":\"https:\\\/\\\/www.eldigitaldeasturias.com\\\/noticias\\\/menendez-salmon-departe-en-el-club-de-lectura-sobre-flannery-oconnor\\\/#authorImage\",\"url\":\"https:\\\/\\\/www.eldigitaldeasturias.com\\\/noticias\\\/wp-content\\\/litespeed\\\/avatar\\\/18677e78aa0546b92d9dbf31ec7d7668.jpg?ver=1777290358\",\"width\":96,\"height\":96,\"caption\":\"El Digital de Asturias\"}},{\"@type\":\"WebPage\",\"@id\":\"https:\\\/\\\/www.eldigitaldeasturias.com\\\/noticias\\\/menendez-salmon-departe-en-el-club-de-lectura-sobre-flannery-oconnor\\\/#webpage\",\"url\":\"https:\\\/\\\/www.eldigitaldeasturias.com\\\/noticias\\\/menendez-salmon-departe-en-el-club-de-lectura-sobre-flannery-oconnor\\\/\",\"name\":\"Men\\u00e9ndez Salm\\u00f3n departe en el Club de Lectura sobre Flannery O\\u2019Connor - El Digital de Asturias\",\"description\":\"El escritor Ricardo Men\\u00e9ndez Salm\\u00f3n participa este lunes en el Club de Lectura de la Concejal\\u00eda de Igualdad del Ayuntamiento de Avil\\u00e9s, en la segunda sesi\\u00f3n del ciclo 'Escritores hablan de escritoras'. En esta segunda sesi\\u00f3n participar\\u00e1 el escritor Ricardo Men\\u00e9ndez Salm\\u00f3n que hablar\\u00e1 sobre Flannery O'Connor, escritora estadounidense El encuentro tendr\\u00e1 lugar a las\",\"inLanguage\":\"es-ES\",\"isPartOf\":{\"@id\":\"https:\\\/\\\/www.eldigitaldeasturias.com\\\/noticias\\\/#website\"},\"breadcrumb\":{\"@id\":\"https:\\\/\\\/www.eldigitaldeasturias.com\\\/noticias\\\/menendez-salmon-departe-en-el-club-de-lectura-sobre-flannery-oconnor\\\/#breadcrumblist\"},\"author\":{\"@id\":\"https:\\\/\\\/www.eldigitaldeasturias.com\\\/noticias\\\/author\\\/admin\\\/#author\"},\"creator\":{\"@id\":\"https:\\\/\\\/www.eldigitaldeasturias.com\\\/noticias\\\/author\\\/admin\\\/#author\"},\"image\":{\"@type\":\"ImageObject\",\"url\":\"https:\\\/\\\/www.eldigitaldeasturias.com\\\/noticias\\\/wp-content\\\/uploads\\\/2016\\\/02\\\/fotonoticia_20160222060936_800.jpg\",\"@id\":\"https:\\\/\\\/www.eldigitaldeasturias.com\\\/noticias\\\/menendez-salmon-departe-en-el-club-de-lectura-sobre-flannery-oconnor\\\/#mainImage\",\"width\":800,\"height\":600},\"primaryImageOfPage\":{\"@id\":\"https:\\\/\\\/www.eldigitaldeasturias.com\\\/noticias\\\/menendez-salmon-departe-en-el-club-de-lectura-sobre-flannery-oconnor\\\/#mainImage\"},\"datePublished\":\"2016-02-23T04:52:13+01:00\",\"dateModified\":\"2016-02-23T04:52:13+01:00\"},{\"@type\":\"WebSite\",\"@id\":\"https:\\\/\\\/www.eldigitaldeasturias.com\\\/noticias\\\/#website\",\"url\":\"https:\\\/\\\/www.eldigitaldeasturias.com\\\/noticias\\\/\",\"name\":\"El Digital de Asturias - Diario de actualidad y noticias\",\"alternateName\":\"El Digital de Asturias - Diario de actualidad y noticias\",\"description\":\"Hemeroteca\",\"inLanguage\":\"es-ES\",\"publisher\":{\"@id\":\"https:\\\/\\\/www.eldigitaldeasturias.com\\\/noticias\\\/#organization\"}}]}\n\t\t<\/script>\n\t\t<!-- All in One SEO Pro -->\r\n\t\t<title>Men\u00e9ndez Salm\u00f3n departe en el Club de Lectura sobre Flannery O\u2019Connor - El Digital de Asturias<\/title>\n\n","aioseo_head_json":{"title":"Men\u00e9ndez Salm\u00f3n departe en el Club de Lectura sobre Flannery O\u2019Connor - El Digital de Asturias","description":"El escritor Ricardo Men\u00e9ndez Salm\u00f3n participa este lunes en el Club de Lectura de la Concejal\u00eda de Igualdad del Ayuntamiento de Avil\u00e9s, en la segunda sesi\u00f3n del ciclo 'Escritores hablan de escritoras'. En esta segunda sesi\u00f3n participar\u00e1 el escritor Ricardo Men\u00e9ndez Salm\u00f3n que hablar\u00e1 sobre Flannery O'Connor, escritora estadounidense El encuentro tendr\u00e1 lugar a las","canonical_url":"https:\/\/www.eldigitaldeasturias.com\/noticias\/menendez-salmon-departe-en-el-club-de-lectura-sobre-flannery-oconnor\/","robots":"max-image-preview:large","keywords":"revista de ocio","webmasterTools":{"google-site-verification":"UA-38556648-1","msvalidate.01":"7dfe9f3f1b24437ab69f4f2559babe99","miscellaneous":""},"schema":{"@context":"https:\/\/schema.org","@graph":[{"@type":"BlogPosting","@id":"https:\/\/www.eldigitaldeasturias.com\/noticias\/menendez-salmon-departe-en-el-club-de-lectura-sobre-flannery-oconnor\/#blogposting","name":"Men\u00e9ndez Salm\u00f3n departe en el Club de Lectura sobre Flannery O\u2019Connor - El Digital de Asturias","headline":"Men\u00e9ndez Salm\u00f3n departe en el Club de Lectura sobre Flannery O&#8217;Connor","author":{"@id":"https:\/\/www.eldigitaldeasturias.com\/noticias\/author\/admin\/#author"},"publisher":{"@id":"https:\/\/www.eldigitaldeasturias.com\/noticias\/#organization"},"image":{"@type":"ImageObject","url":"https:\/\/www.eldigitaldeasturias.com\/noticias\/wp-content\/uploads\/2016\/02\/fotonoticia_20160222060936_800.jpg","width":800,"height":600},"datePublished":"2016-02-23T04:52:13+01:00","dateModified":"2016-02-23T04:52:13+01:00","inLanguage":"es-ES","mainEntityOfPage":{"@id":"https:\/\/www.eldigitaldeasturias.com\/noticias\/menendez-salmon-departe-en-el-club-de-lectura-sobre-flannery-oconnor\/#webpage"},"isPartOf":{"@id":"https:\/\/www.eldigitaldeasturias.com\/noticias\/menendez-salmon-departe-en-el-club-de-lectura-sobre-flannery-oconnor\/#webpage"},"articleSection":"Revista de Ocio"},{"@type":"BreadcrumbList","@id":"https:\/\/www.eldigitaldeasturias.com\/noticias\/menendez-salmon-departe-en-el-club-de-lectura-sobre-flannery-oconnor\/#breadcrumblist","itemListElement":[{"@type":"ListItem","@id":"https:\/\/www.eldigitaldeasturias.com\/noticias#listItem","position":1,"name":"Home","item":"https:\/\/www.eldigitaldeasturias.com\/noticias","nextItem":{"@type":"ListItem","@id":"https:\/\/www.eldigitaldeasturias.com\/noticias\/category\/revista-de-ocio\/#listItem","name":"Revista de Ocio"}},{"@type":"ListItem","@id":"https:\/\/www.eldigitaldeasturias.com\/noticias\/category\/revista-de-ocio\/#listItem","position":2,"name":"Revista de Ocio","item":"https:\/\/www.eldigitaldeasturias.com\/noticias\/category\/revista-de-ocio\/","nextItem":{"@type":"ListItem","@id":"https:\/\/www.eldigitaldeasturias.com\/noticias\/menendez-salmon-departe-en-el-club-de-lectura-sobre-flannery-oconnor\/#listItem","name":"Men\u00e9ndez Salm\u00f3n departe en el Club de Lectura sobre Flannery O&#8217;Connor"},"previousItem":{"@type":"ListItem","@id":"https:\/\/www.eldigitaldeasturias.com\/noticias#listItem","name":"Home"}},{"@type":"ListItem","@id":"https:\/\/www.eldigitaldeasturias.com\/noticias\/menendez-salmon-departe-en-el-club-de-lectura-sobre-flannery-oconnor\/#listItem","position":3,"name":"Men\u00e9ndez Salm\u00f3n departe en el Club de Lectura sobre Flannery O&#8217;Connor","previousItem":{"@type":"ListItem","@id":"https:\/\/www.eldigitaldeasturias.com\/noticias\/category\/revista-de-ocio\/#listItem","name":"Revista de Ocio"}}]},{"@type":"Organization","@id":"https:\/\/www.eldigitaldeasturias.com\/noticias\/#organization","name":"El Digital de Asturias","description":"Hemeroteca","url":"https:\/\/www.eldigitaldeasturias.com\/noticias\/","email":"info@eldigitaldeasturias.com","telephone":"+34652131393","logo":{"@type":"ImageObject","url":"https:\/\/www.eldigitaldeasturias.com\/noticias\/wp-content\/uploads\/2020\/12\/EDA.jpg","@id":"https:\/\/www.eldigitaldeasturias.com\/noticias\/menendez-salmon-departe-en-el-club-de-lectura-sobre-flannery-oconnor\/#organizationLogo","width":649,"height":297},"image":{"@id":"https:\/\/www.eldigitaldeasturias.com\/noticias\/menendez-salmon-departe-en-el-club-de-lectura-sobre-flannery-oconnor\/#organizationLogo"},"sameAs":["https:\/\/facebook.com\/eldigitaldeasturias","https:\/\/www.youtube.com\/channel\/UCZP-2wLEB9Rv6erhFmqVnvg"],"address":{"@id":"https:\/\/www.eldigitaldeasturias.com\/noticias\/#postaladdress","@type":"PostalAddress","streetAddress":"san antonio 4,","postalCode":"33430","addressLocality":"Cand\u00e1s","addressRegion":"Asturias","addressCountry":"ES"}},{"@type":"Person","@id":"https:\/\/www.eldigitaldeasturias.com\/noticias\/author\/admin\/#author","url":"https:\/\/www.eldigitaldeasturias.com\/noticias\/author\/admin\/","name":"El Digital de Asturias","image":{"@type":"ImageObject","@id":"https:\/\/www.eldigitaldeasturias.com\/noticias\/menendez-salmon-departe-en-el-club-de-lectura-sobre-flannery-oconnor\/#authorImage","url":"https:\/\/www.eldigitaldeasturias.com\/noticias\/wp-content\/litespeed\/avatar\/18677e78aa0546b92d9dbf31ec7d7668.jpg?ver=1777290358","width":96,"height":96,"caption":"El Digital de Asturias"}},{"@type":"WebPage","@id":"https:\/\/www.eldigitaldeasturias.com\/noticias\/menendez-salmon-departe-en-el-club-de-lectura-sobre-flannery-oconnor\/#webpage","url":"https:\/\/www.eldigitaldeasturias.com\/noticias\/menendez-salmon-departe-en-el-club-de-lectura-sobre-flannery-oconnor\/","name":"Men\u00e9ndez Salm\u00f3n departe en el Club de Lectura sobre Flannery O\u2019Connor - El Digital de Asturias","description":"El escritor Ricardo Men\u00e9ndez Salm\u00f3n participa este lunes en el Club de Lectura de la Concejal\u00eda de Igualdad del Ayuntamiento de Avil\u00e9s, en la segunda sesi\u00f3n del ciclo 'Escritores hablan de escritoras'. En esta segunda sesi\u00f3n participar\u00e1 el escritor Ricardo Men\u00e9ndez Salm\u00f3n que hablar\u00e1 sobre Flannery O'Connor, escritora estadounidense El encuentro tendr\u00e1 lugar a las","inLanguage":"es-ES","isPartOf":{"@id":"https:\/\/www.eldigitaldeasturias.com\/noticias\/#website"},"breadcrumb":{"@id":"https:\/\/www.eldigitaldeasturias.com\/noticias\/menendez-salmon-departe-en-el-club-de-lectura-sobre-flannery-oconnor\/#breadcrumblist"},"author":{"@id":"https:\/\/www.eldigitaldeasturias.com\/noticias\/author\/admin\/#author"},"creator":{"@id":"https:\/\/www.eldigitaldeasturias.com\/noticias\/author\/admin\/#author"},"image":{"@type":"ImageObject","url":"https:\/\/www.eldigitaldeasturias.com\/noticias\/wp-content\/uploads\/2016\/02\/fotonoticia_20160222060936_800.jpg","@id":"https:\/\/www.eldigitaldeasturias.com\/noticias\/menendez-salmon-departe-en-el-club-de-lectura-sobre-flannery-oconnor\/#mainImage","width":800,"height":600},"primaryImageOfPage":{"@id":"https:\/\/www.eldigitaldeasturias.com\/noticias\/menendez-salmon-departe-en-el-club-de-lectura-sobre-flannery-oconnor\/#mainImage"},"datePublished":"2016-02-23T04:52:13+01:00","dateModified":"2016-02-23T04:52:13+01:00"},{"@type":"WebSite","@id":"https:\/\/www.eldigitaldeasturias.com\/noticias\/#website","url":"https:\/\/www.eldigitaldeasturias.com\/noticias\/","name":"El Digital de Asturias - Diario de actualidad y noticias","alternateName":"El Digital de Asturias - Diario de actualidad y noticias","description":"Hemeroteca","inLanguage":"es-ES","publisher":{"@id":"https:\/\/www.eldigitaldeasturias.com\/noticias\/#organization"}}]},"og:locale":"es_ES","og:site_name":"El Digital de Asturias","og:type":"article","og:title":"Men\u00e9ndez Salm\u00f3n departe en el Club de Lectura sobre Flannery O\u2019Connor - El Digital de Asturias","og:description":"El escritor Ricardo Men\u00e9ndez Salm\u00f3n participa este lunes en el Club de Lectura de la Concejal\u00eda de Igualdad del Ayuntamiento de Avil\u00e9s, en la segunda sesi\u00f3n del ciclo 'Escritores hablan de escritoras'. En esta segunda sesi\u00f3n participar\u00e1 el escritor Ricardo Men\u00e9ndez Salm\u00f3n que hablar\u00e1 sobre Flannery O'Connor, escritora estadounidense El encuentro tendr\u00e1 lugar a las","og:url":"https:\/\/www.eldigitaldeasturias.com\/noticias\/menendez-salmon-departe-en-el-club-de-lectura-sobre-flannery-oconnor\/","og:image":"https:\/\/www.eldigitaldeasturias.com\/noticias\/wp-content\/uploads\/2016\/02\/fotonoticia_20160222060936_800.jpg","og:image:secure_url":"https:\/\/www.eldigitaldeasturias.com\/noticias\/wp-content\/uploads\/2016\/02\/fotonoticia_20160222060936_800.jpg","og:image:width":800,"og:image:height":600,"article:tag":["revista de ocio"],"article:published_time":"2016-02-23T04:52:13+00:00","article:modified_time":"2016-02-23T04:52:13+00:00","article:publisher":"https:\/\/facebook.com\/eldigitaldeasturias","twitter:card":"summary_large_image","twitter:title":"Men\u00e9ndez Salm\u00f3n departe en el Club de Lectura sobre Flannery O\u2019Connor - El Digital de Asturias","twitter:description":"El escritor Ricardo Men\u00e9ndez Salm\u00f3n participa este lunes en el Club de Lectura de la Concejal\u00eda de Igualdad del Ayuntamiento de Avil\u00e9s, en la segunda sesi\u00f3n del ciclo 'Escritores hablan de escritoras'. En esta segunda sesi\u00f3n participar\u00e1 el escritor Ricardo Men\u00e9ndez Salm\u00f3n que hablar\u00e1 sobre Flannery O'Connor, escritora estadounidense El encuentro tendr\u00e1 lugar a las","twitter:image":"https:\/\/www.eldigitaldeasturias.com\/noticias\/wp-content\/uploads\/2016\/02\/fotonoticia_20160222060936_800.jpg","twitter:label1":"Escrito por","twitter:data1":"El Digital de Asturias","twitter:label2":"Tiempo de lectura estimado","twitter:data2":"3 minutos"},"aioseo_meta_data":{"post_id":"861103","title":null,"description":null,"keywords":null,"keyphrases":null,"primary_term":null,"canonical_url":null,"og_title":null,"og_description":null,"og_object_type":"default","og_image_type":"default","og_image_url":null,"og_image_width":null,"og_image_height":null,"og_image_custom_url":null,"og_image_custom_fields":null,"og_video":null,"og_custom_url":null,"og_article_section":null,"og_article_tags":null,"twitter_use_og":false,"twitter_card":"default","twitter_image_type":"default","twitter_image_url":null,"twitter_image_custom_url":null,"twitter_image_custom_fields":null,"twitter_title":null,"twitter_description":null,"schema":{"blockGraphs":[],"customGraphs":[],"default":{"data":{"Article":[],"Course":[],"Dataset":[],"FAQPage":[],"Movie":[],"Person":[],"Product":[],"ProductReview":[],"Car":[],"Recipe":[],"Service":[],"SoftwareApplication":[],"WebPage":[]},"graphName":"","isEnabled":true},"graphs":[],"defaultGraph":"","defaultPostTypeGraph":""},"schema_type":null,"schema_type_options":null,"pillar_content":false,"robots_default":true,"robots_noindex":false,"robots_noarchive":false,"robots_nosnippet":false,"robots_nofollow":false,"robots_noimageindex":false,"robots_noodp":false,"robots_notranslate":false,"robots_max_snippet":null,"robots_max_videopreview":null,"robots_max_imagepreview":"large","priority":null,"frequency":null,"local_seo":null,"seo_analyzer_scan_date":"2025-12-10 20:05:14","breadcrumb_settings":null,"limit_modified_date":false,"open_ai":null,"ai":null,"created":"2021-01-23 14:59:12","updated":"2025-12-10 20:05:14"},"aioseo_breadcrumb":"<div class=\"aioseo-breadcrumbs\"><span class=\"aioseo-breadcrumb\">\n\t<a href=\"https:\/\/www.eldigitaldeasturias.com\/noticias\" title=\"Home\">Home<\/a>\n<\/span><span class=\"aioseo-breadcrumb-separator\">\u2013<\/span><span class=\"aioseo-breadcrumb\">\n\t<a href=\"https:\/\/www.eldigitaldeasturias.com\/noticias\/category\/revista-de-ocio\/\" title=\"Revista de Ocio\">Revista de Ocio<\/a>\n<\/span><span class=\"aioseo-breadcrumb-separator\">\u2013<\/span><span class=\"aioseo-breadcrumb\">\n\t<a href=\"https:\/\/www.eldigitaldeasturias.com\/noticias\/menendez-salmon-departe-en-el-club-de-lectura-sobre-flannery-oconnor\/\" title=\"Men\u00e9ndez Salm\u00f3n departe en el Club de Lectura sobre Flannery O\u2019Connor\">Men\u00e9ndez Salm\u00f3n departe en el Club de Lectura sobre Flannery O\u2019Connor<\/a>\n<\/span><\/div>","aioseo_breadcrumb_json":[{"label":"Home","link":"https:\/\/www.eldigitaldeasturias.com\/noticias"},{"label":"Revista de Ocio","link":"https:\/\/www.eldigitaldeasturias.com\/noticias\/category\/revista-de-ocio\/"},{"label":"Men\u00e9ndez Salm\u00f3n departe en el Club de Lectura sobre Flannery O&#8217;Connor","link":"https:\/\/www.eldigitaldeasturias.com\/noticias\/menendez-salmon-departe-en-el-club-de-lectura-sobre-flannery-oconnor\/"}],"_links":{"self":[{"href":"https:\/\/www.eldigitaldeasturias.com\/noticias\/wp-json\/wp\/v2\/posts\/861103","targetHints":{"allow":["GET"]}}],"collection":[{"href":"https:\/\/www.eldigitaldeasturias.com\/noticias\/wp-json\/wp\/v2\/posts"}],"about":[{"href":"https:\/\/www.eldigitaldeasturias.com\/noticias\/wp-json\/wp\/v2\/types\/post"}],"author":[{"embeddable":true,"href":"https:\/\/www.eldigitaldeasturias.com\/noticias\/wp-json\/wp\/v2\/users\/1"}],"replies":[{"embeddable":true,"href":"https:\/\/www.eldigitaldeasturias.com\/noticias\/wp-json\/wp\/v2\/comments?post=861103"}],"version-history":[{"count":0,"href":"https:\/\/www.eldigitaldeasturias.com\/noticias\/wp-json\/wp\/v2\/posts\/861103\/revisions"}],"wp:featuredmedia":[{"embeddable":true,"href":"https:\/\/www.eldigitaldeasturias.com\/noticias\/wp-json\/wp\/v2\/media\/861104"}],"wp:attachment":[{"href":"https:\/\/www.eldigitaldeasturias.com\/noticias\/wp-json\/wp\/v2\/media?parent=861103"}],"wp:term":[{"taxonomy":"category","embeddable":true,"href":"https:\/\/www.eldigitaldeasturias.com\/noticias\/wp-json\/wp\/v2\/categories?post=861103"},{"taxonomy":"post_tag","embeddable":true,"href":"https:\/\/www.eldigitaldeasturias.com\/noticias\/wp-json\/wp\/v2\/tags?post=861103"}],"curies":[{"name":"wp","href":"https:\/\/api.w.org\/{rel}","templated":true}]}}