{"id":861097,"date":"2016-02-23T04:47:33","date_gmt":"2016-02-23T04:47:33","guid":{"rendered":"http:\/\/www.eldigitaldeasturias.com\/noticias\/?p=861097"},"modified":"2016-02-23T04:47:33","modified_gmt":"2016-02-23T04:47:33","slug":"raul-castro-moviliza-al-ejercito-en-su-plan-nacional-frente-al-zika","status":"publish","type":"post","link":"https:\/\/www.eldigitaldeasturias.com\/noticias\/raul-castro-moviliza-al-ejercito-en-su-plan-nacional-frente-al-zika\/","title":{"rendered":"Ra\u00fal Castro moviliza al Ej\u00e9rcito en su plan nacional frente al zika"},"content":{"rendered":"<p><img loading=\"lazy\" decoding=\"async\" class=\"alignleft size-medium wp-image-861098\" src=\"https:\/\/www.eldigitaldeasturias.com\/noticias\/wp-content\/uploads\/2016\/02\/fotonoticia_20160222185312_800-360x240.jpg\" alt=\"fotonoticia_20160222185312_800\" width=\"360\" height=\"240\" srcset=\"https:\/\/www.eldigitaldeasturias.com\/noticias\/wp-content\/uploads\/2016\/02\/fotonoticia_20160222185312_800-360x240.jpg 360w, https:\/\/www.eldigitaldeasturias.com\/noticias\/wp-content\/uploads\/2016\/02\/fotonoticia_20160222185312_800-768x513.jpg 768w, https:\/\/www.eldigitaldeasturias.com\/noticias\/wp-content\/uploads\/2016\/02\/fotonoticia_20160222185312_800-650x434.jpg 650w, https:\/\/www.eldigitaldeasturias.com\/noticias\/wp-content\/uploads\/2016\/02\/fotonoticia_20160222185312_800-84x55.jpg 84w, https:\/\/www.eldigitaldeasturias.com\/noticias\/wp-content\/uploads\/2016\/02\/fotonoticia_20160222185312_800-49x32.jpg 49w, https:\/\/www.eldigitaldeasturias.com\/noticias\/wp-content\/uploads\/2016\/02\/fotonoticia_20160222185312_800.jpg 800w\" sizes=\"auto, (max-width: 360px) 100vw, 360px\" \/>El presidente cubano, Ra\u00fal Castro, ha anunciado este lunes la adopci\u00f3n de un plan de acci\u00f3n frente al virus del zika en el marco del cual se movilizar\u00e1 a 9.000 efectivos del Ej\u00e9rcito, pese a que por el momento la isla no ha registrado ning\u00fan caso de la enfermedad.<\/p>\n<p>En un mensaje a los cubanos publicado en &#8216;Granma&#8217;, Castro ha explicado que \u00abla Direcci\u00f3n del Partido y del Gobierno ha adoptado un plan de acci\u00f3n, bajo la conducci\u00f3n del Ministerio de Salud P\u00fablica, para el enfrentamiento al virus Zika y por consiguiente al dengue y al Chikungunya\u00bb.<\/p>\n<p>En el marco de dicho plan, el Ej\u00e9rcito destinar\u00e1 \u00abm\u00e1s de 9.000 efectivos, entre ellos oficiales permanentes y de la reserva, as\u00ed como medios t\u00e9cnicos para reforzar las labores antivectoriales y de saneamiento, con el apoyo adicional de 200 oficiales de la Polic\u00eda Nacional Revolucionaria\u00bb.<\/p>\n<p>El presidente ha subrayado que \u00abhasta el momento no se ha detectado ning\u00fan caso\u00bb en Cuba, pese a lo cual se trabaja para \u00abidentificar tempranamente su presencia y se intensifica el control sanitario internacional\u00bb y ha asegurado que llegado el caso \u00abexisten todas las condiciones para brindarle una asistencia m\u00e9dica calificada\u00bb.<\/p>\n<p>Asimismo, ha advertido a los ciudadanos de que la mejor manera de combatir el virus es combatir al mosquito que lo transmite. \u00abUna vez m\u00e1s el verdadero protagonismo en la lucha contra las amenazas de epidemias le corresponde a todo nuestro pueblo, pues para alcanzar el \u00e9xito en esta importante y necesaria tarea es imprescindible contar con su participaci\u00f3n consciente\u00bb, ha sostenido.<\/p>\n<p>\u00abEs necesario que cada cubana y cada cubano asuma este combate como un asunto personal, un problema que le ata\u00f1e, sobre todo por la responsabilidad que adquiere, en primer lugar, con su familia\u00bb, ha insistido, pidiendo la colaboraci\u00f3n de todos para cumplir \u00abestrictamente las normas sanitarias\u00bb y evitar contribuir \u00aba la propagaci\u00f3n de epidemias\u00bb.<\/p>\n<p>El mandatario se ha mostrado convencido de que, \u00abal igual que en otras ocasiones, nuestro pueblo sabr\u00e1 demostrar la capacidad de organizaci\u00f3n para mantener los niveles de salud alcanzados por la Revoluci\u00f3n y evitar as\u00ed sufrimientos a nuestras familias\u00bb.<\/p>\n","protected":false},"excerpt":{"rendered":"<p>El presidente cubano, Ra\u00fal Castro, ha anunciado este lunes la adopci\u00f3n de un plan de acci\u00f3n frente al virus del zika en el marco del cual se movilizar\u00e1 a 9.000 efectivos del Ej\u00e9rcito, pese a que por el momento la isla no ha registrado ning\u00fan caso de la enfermedad. En un mensaje a los cubanos [&hellip;]<\/p>\n","protected":false},"author":1,"featured_media":861098,"comment_status":"closed","ping_status":"closed","sticky":false,"template":"","format":"standard","meta":{"footnotes":""},"categories":[1],"tags":[],"class_list":["post-861097","post","type-post","status-publish","format-standard","has-post-thumbnail","hentry","category-actualidad"],"aioseo_notices":[],"aioseo_head":"\n\t\t<!-- All in One SEO Pro 4.9.6.2 - aioseo.com -->\n\t<meta name=\"description\" content=\"El presidente cubano, Ra\u00fal Castro, ha anunciado este lunes la adopci\u00f3n de un plan de acci\u00f3n frente al virus del zika en el marco del cual se movilizar\u00e1 a 9.000 efectivos del Ej\u00e9rcito, pese a que por el momento la isla no ha registrado ning\u00fan caso de la enfermedad. En un mensaje a los cubanos\" \/>\n\t<meta name=\"robots\" content=\"max-image-preview:large\" \/>\n\t<meta name=\"author\" content=\"El Digital de Asturias\"\/>\n\t<meta name=\"google-site-verification\" content=\"UA-38556648-1\" \/>\n\t<meta name=\"msvalidate.01\" content=\"7dfe9f3f1b24437ab69f4f2559babe99\" \/>\n\t<meta name=\"keywords\" content=\"actualidad\" \/>\n\t<link rel=\"canonical\" href=\"https:\/\/www.eldigitaldeasturias.com\/noticias\/raul-castro-moviliza-al-ejercito-en-su-plan-nacional-frente-al-zika\/\" \/>\n\t<meta name=\"generator\" content=\"All in One SEO Pro (AIOSEO) 4.9.6.2\" \/>\n\t\t<meta property=\"og:locale\" content=\"es_ES\" \/>\n\t\t<meta property=\"og:site_name\" content=\"El Digital de Asturias\" \/>\n\t\t<meta property=\"og:type\" content=\"article\" \/>\n\t\t<meta property=\"og:title\" content=\"Ra\u00fal Castro moviliza al Ej\u00e9rcito en su plan nacional frente al zika - El Digital de Asturias\" \/>\n\t\t<meta property=\"og:description\" content=\"El presidente cubano, Ra\u00fal Castro, ha anunciado este lunes la adopci\u00f3n de un plan de acci\u00f3n frente al virus del zika en el marco del cual se movilizar\u00e1 a 9.000 efectivos del Ej\u00e9rcito, pese a que por el momento la isla no ha registrado ning\u00fan caso de la enfermedad. En un mensaje a los cubanos\" \/>\n\t\t<meta property=\"og:url\" content=\"https:\/\/www.eldigitaldeasturias.com\/noticias\/raul-castro-moviliza-al-ejercito-en-su-plan-nacional-frente-al-zika\/\" \/>\n\t\t<meta property=\"og:image\" content=\"https:\/\/www.eldigitaldeasturias.com\/noticias\/wp-content\/uploads\/2016\/02\/fotonoticia_20160222185312_800.jpg\" \/>\n\t\t<meta property=\"og:image:secure_url\" content=\"https:\/\/www.eldigitaldeasturias.com\/noticias\/wp-content\/uploads\/2016\/02\/fotonoticia_20160222185312_800.jpg\" \/>\n\t\t<meta property=\"og:image:width\" content=\"800\" \/>\n\t\t<meta property=\"og:image:height\" content=\"534\" \/>\n\t\t<meta property=\"article:tag\" content=\"actualidad\" \/>\n\t\t<meta property=\"article:published_time\" content=\"2016-02-23T04:47:33+00:00\" \/>\n\t\t<meta property=\"article:modified_time\" content=\"2016-02-23T04:47:33+00:00\" \/>\n\t\t<meta property=\"article:publisher\" content=\"https:\/\/facebook.com\/eldigitaldeasturias\" \/>\n\t\t<meta name=\"twitter:card\" content=\"summary_large_image\" \/>\n\t\t<meta name=\"twitter:title\" content=\"Ra\u00fal Castro moviliza al Ej\u00e9rcito en su plan nacional frente al zika - El Digital de Asturias\" \/>\n\t\t<meta name=\"twitter:description\" content=\"El presidente cubano, Ra\u00fal Castro, ha anunciado este lunes la adopci\u00f3n de un plan de acci\u00f3n frente al virus del zika en el marco del cual se movilizar\u00e1 a 9.000 efectivos del Ej\u00e9rcito, pese a que por el momento la isla no ha registrado ning\u00fan caso de la enfermedad. En un mensaje a los cubanos\" \/>\n\t\t<meta name=\"twitter:image\" content=\"https:\/\/www.eldigitaldeasturias.com\/noticias\/wp-content\/uploads\/2016\/02\/fotonoticia_20160222185312_800.jpg\" \/>\n\t\t<meta name=\"twitter:label1\" content=\"Escrito por\" \/>\n\t\t<meta name=\"twitter:data1\" content=\"El Digital de Asturias\" \/>\n\t\t<meta name=\"twitter:label2\" content=\"Tiempo de lectura estimado\" \/>\n\t\t<meta name=\"twitter:data2\" content=\"2 minutos\" \/>\n\t\t<script type=\"application\/ld+json\" class=\"aioseo-schema\">\n\t\t\t{\"@context\":\"https:\\\/\\\/schema.org\",\"@graph\":[{\"@type\":\"BlogPosting\",\"@id\":\"https:\\\/\\\/www.eldigitaldeasturias.com\\\/noticias\\\/raul-castro-moviliza-al-ejercito-en-su-plan-nacional-frente-al-zika\\\/#blogposting\",\"name\":\"Ra\\u00fal Castro moviliza al Ej\\u00e9rcito en su plan nacional frente al zika - El Digital de Asturias\",\"headline\":\"Ra\\u00fal Castro moviliza al Ej\\u00e9rcito en su plan nacional frente al zika\",\"author\":{\"@id\":\"https:\\\/\\\/www.eldigitaldeasturias.com\\\/noticias\\\/author\\\/admin\\\/#author\"},\"publisher\":{\"@id\":\"https:\\\/\\\/www.eldigitaldeasturias.com\\\/noticias\\\/#organization\"},\"image\":{\"@type\":\"ImageObject\",\"url\":\"https:\\\/\\\/www.eldigitaldeasturias.com\\\/noticias\\\/wp-content\\\/uploads\\\/2016\\\/02\\\/fotonoticia_20160222185312_800.jpg\",\"width\":800,\"height\":534},\"datePublished\":\"2016-02-23T04:47:33+01:00\",\"dateModified\":\"2016-02-23T04:47:33+01:00\",\"inLanguage\":\"es-ES\",\"mainEntityOfPage\":{\"@id\":\"https:\\\/\\\/www.eldigitaldeasturias.com\\\/noticias\\\/raul-castro-moviliza-al-ejercito-en-su-plan-nacional-frente-al-zika\\\/#webpage\"},\"isPartOf\":{\"@id\":\"https:\\\/\\\/www.eldigitaldeasturias.com\\\/noticias\\\/raul-castro-moviliza-al-ejercito-en-su-plan-nacional-frente-al-zika\\\/#webpage\"},\"articleSection\":\"Actualidad\"},{\"@type\":\"BreadcrumbList\",\"@id\":\"https:\\\/\\\/www.eldigitaldeasturias.com\\\/noticias\\\/raul-castro-moviliza-al-ejercito-en-su-plan-nacional-frente-al-zika\\\/#breadcrumblist\",\"itemListElement\":[{\"@type\":\"ListItem\",\"@id\":\"https:\\\/\\\/www.eldigitaldeasturias.com\\\/noticias#listItem\",\"position\":1,\"name\":\"Home\",\"item\":\"https:\\\/\\\/www.eldigitaldeasturias.com\\\/noticias\",\"nextItem\":{\"@type\":\"ListItem\",\"@id\":\"https:\\\/\\\/www.eldigitaldeasturias.com\\\/noticias\\\/category\\\/actualidad\\\/#listItem\",\"name\":\"Actualidad\"}},{\"@type\":\"ListItem\",\"@id\":\"https:\\\/\\\/www.eldigitaldeasturias.com\\\/noticias\\\/category\\\/actualidad\\\/#listItem\",\"position\":2,\"name\":\"Actualidad\",\"item\":\"https:\\\/\\\/www.eldigitaldeasturias.com\\\/noticias\\\/category\\\/actualidad\\\/\",\"nextItem\":{\"@type\":\"ListItem\",\"@id\":\"https:\\\/\\\/www.eldigitaldeasturias.com\\\/noticias\\\/raul-castro-moviliza-al-ejercito-en-su-plan-nacional-frente-al-zika\\\/#listItem\",\"name\":\"Ra\\u00fal Castro moviliza al Ej\\u00e9rcito en su plan nacional frente al zika\"},\"previousItem\":{\"@type\":\"ListItem\",\"@id\":\"https:\\\/\\\/www.eldigitaldeasturias.com\\\/noticias#listItem\",\"name\":\"Home\"}},{\"@type\":\"ListItem\",\"@id\":\"https:\\\/\\\/www.eldigitaldeasturias.com\\\/noticias\\\/raul-castro-moviliza-al-ejercito-en-su-plan-nacional-frente-al-zika\\\/#listItem\",\"position\":3,\"name\":\"Ra\\u00fal Castro moviliza al Ej\\u00e9rcito en su plan nacional frente al zika\",\"previousItem\":{\"@type\":\"ListItem\",\"@id\":\"https:\\\/\\\/www.eldigitaldeasturias.com\\\/noticias\\\/category\\\/actualidad\\\/#listItem\",\"name\":\"Actualidad\"}}]},{\"@type\":\"Organization\",\"@id\":\"https:\\\/\\\/www.eldigitaldeasturias.com\\\/noticias\\\/#organization\",\"name\":\"El Digital de Asturias\",\"description\":\"Hemeroteca\",\"url\":\"https:\\\/\\\/www.eldigitaldeasturias.com\\\/noticias\\\/\",\"email\":\"info@eldigitaldeasturias.com\",\"telephone\":\"+34652131393\",\"logo\":{\"@type\":\"ImageObject\",\"url\":\"https:\\\/\\\/www.eldigitaldeasturias.com\\\/noticias\\\/wp-content\\\/uploads\\\/2020\\\/12\\\/EDA.jpg\",\"@id\":\"https:\\\/\\\/www.eldigitaldeasturias.com\\\/noticias\\\/raul-castro-moviliza-al-ejercito-en-su-plan-nacional-frente-al-zika\\\/#organizationLogo\",\"width\":649,\"height\":297},\"image\":{\"@id\":\"https:\\\/\\\/www.eldigitaldeasturias.com\\\/noticias\\\/raul-castro-moviliza-al-ejercito-en-su-plan-nacional-frente-al-zika\\\/#organizationLogo\"},\"sameAs\":[\"https:\\\/\\\/facebook.com\\\/eldigitaldeasturias\",\"https:\\\/\\\/www.youtube.com\\\/channel\\\/UCZP-2wLEB9Rv6erhFmqVnvg\"],\"address\":{\"@id\":\"https:\\\/\\\/www.eldigitaldeasturias.com\\\/noticias\\\/#postaladdress\",\"@type\":\"PostalAddress\",\"streetAddress\":\"san antonio 4,\",\"postalCode\":\"33430\",\"addressLocality\":\"Cand\\u00e1s\",\"addressRegion\":\"Asturias\",\"addressCountry\":\"ES\"}},{\"@type\":\"Person\",\"@id\":\"https:\\\/\\\/www.eldigitaldeasturias.com\\\/noticias\\\/author\\\/admin\\\/#author\",\"url\":\"https:\\\/\\\/www.eldigitaldeasturias.com\\\/noticias\\\/author\\\/admin\\\/\",\"name\":\"El Digital de Asturias\",\"image\":{\"@type\":\"ImageObject\",\"@id\":\"https:\\\/\\\/www.eldigitaldeasturias.com\\\/noticias\\\/raul-castro-moviliza-al-ejercito-en-su-plan-nacional-frente-al-zika\\\/#authorImage\",\"url\":\"https:\\\/\\\/www.eldigitaldeasturias.com\\\/noticias\\\/wp-content\\\/litespeed\\\/avatar\\\/18677e78aa0546b92d9dbf31ec7d7668.jpg?ver=1777290358\",\"width\":96,\"height\":96,\"caption\":\"El Digital de Asturias\"}},{\"@type\":\"WebPage\",\"@id\":\"https:\\\/\\\/www.eldigitaldeasturias.com\\\/noticias\\\/raul-castro-moviliza-al-ejercito-en-su-plan-nacional-frente-al-zika\\\/#webpage\",\"url\":\"https:\\\/\\\/www.eldigitaldeasturias.com\\\/noticias\\\/raul-castro-moviliza-al-ejercito-en-su-plan-nacional-frente-al-zika\\\/\",\"name\":\"Ra\\u00fal Castro moviliza al Ej\\u00e9rcito en su plan nacional frente al zika - El Digital de Asturias\",\"description\":\"El presidente cubano, Ra\\u00fal Castro, ha anunciado este lunes la adopci\\u00f3n de un plan de acci\\u00f3n frente al virus del zika en el marco del cual se movilizar\\u00e1 a 9.000 efectivos del Ej\\u00e9rcito, pese a que por el momento la isla no ha registrado ning\\u00fan caso de la enfermedad. En un mensaje a los cubanos\",\"inLanguage\":\"es-ES\",\"isPartOf\":{\"@id\":\"https:\\\/\\\/www.eldigitaldeasturias.com\\\/noticias\\\/#website\"},\"breadcrumb\":{\"@id\":\"https:\\\/\\\/www.eldigitaldeasturias.com\\\/noticias\\\/raul-castro-moviliza-al-ejercito-en-su-plan-nacional-frente-al-zika\\\/#breadcrumblist\"},\"author\":{\"@id\":\"https:\\\/\\\/www.eldigitaldeasturias.com\\\/noticias\\\/author\\\/admin\\\/#author\"},\"creator\":{\"@id\":\"https:\\\/\\\/www.eldigitaldeasturias.com\\\/noticias\\\/author\\\/admin\\\/#author\"},\"image\":{\"@type\":\"ImageObject\",\"url\":\"https:\\\/\\\/www.eldigitaldeasturias.com\\\/noticias\\\/wp-content\\\/uploads\\\/2016\\\/02\\\/fotonoticia_20160222185312_800.jpg\",\"@id\":\"https:\\\/\\\/www.eldigitaldeasturias.com\\\/noticias\\\/raul-castro-moviliza-al-ejercito-en-su-plan-nacional-frente-al-zika\\\/#mainImage\",\"width\":800,\"height\":534},\"primaryImageOfPage\":{\"@id\":\"https:\\\/\\\/www.eldigitaldeasturias.com\\\/noticias\\\/raul-castro-moviliza-al-ejercito-en-su-plan-nacional-frente-al-zika\\\/#mainImage\"},\"datePublished\":\"2016-02-23T04:47:33+01:00\",\"dateModified\":\"2016-02-23T04:47:33+01:00\"},{\"@type\":\"WebSite\",\"@id\":\"https:\\\/\\\/www.eldigitaldeasturias.com\\\/noticias\\\/#website\",\"url\":\"https:\\\/\\\/www.eldigitaldeasturias.com\\\/noticias\\\/\",\"name\":\"El Digital de Asturias - Diario de actualidad y noticias\",\"alternateName\":\"El Digital de Asturias - Diario de actualidad y noticias\",\"description\":\"Hemeroteca\",\"inLanguage\":\"es-ES\",\"publisher\":{\"@id\":\"https:\\\/\\\/www.eldigitaldeasturias.com\\\/noticias\\\/#organization\"}}]}\n\t\t<\/script>\n\t\t<!-- All in One SEO Pro -->\r\n\t\t<title>Ra\u00fal Castro moviliza al Ej\u00e9rcito en su plan nacional frente al zika - El Digital de Asturias<\/title>\n\n","aioseo_head_json":{"title":"Ra\u00fal Castro moviliza al Ej\u00e9rcito en su plan nacional frente al zika - El Digital de Asturias","description":"El presidente cubano, Ra\u00fal Castro, ha anunciado este lunes la adopci\u00f3n de un plan de acci\u00f3n frente al virus del zika en el marco del cual se movilizar\u00e1 a 9.000 efectivos del Ej\u00e9rcito, pese a que por el momento la isla no ha registrado ning\u00fan caso de la enfermedad. En un mensaje a los cubanos","canonical_url":"https:\/\/www.eldigitaldeasturias.com\/noticias\/raul-castro-moviliza-al-ejercito-en-su-plan-nacional-frente-al-zika\/","robots":"max-image-preview:large","keywords":"actualidad","webmasterTools":{"google-site-verification":"UA-38556648-1","msvalidate.01":"7dfe9f3f1b24437ab69f4f2559babe99","miscellaneous":""},"schema":{"@context":"https:\/\/schema.org","@graph":[{"@type":"BlogPosting","@id":"https:\/\/www.eldigitaldeasturias.com\/noticias\/raul-castro-moviliza-al-ejercito-en-su-plan-nacional-frente-al-zika\/#blogposting","name":"Ra\u00fal Castro moviliza al Ej\u00e9rcito en su plan nacional frente al zika - El Digital de Asturias","headline":"Ra\u00fal Castro moviliza al Ej\u00e9rcito en su plan nacional frente al zika","author":{"@id":"https:\/\/www.eldigitaldeasturias.com\/noticias\/author\/admin\/#author"},"publisher":{"@id":"https:\/\/www.eldigitaldeasturias.com\/noticias\/#organization"},"image":{"@type":"ImageObject","url":"https:\/\/www.eldigitaldeasturias.com\/noticias\/wp-content\/uploads\/2016\/02\/fotonoticia_20160222185312_800.jpg","width":800,"height":534},"datePublished":"2016-02-23T04:47:33+01:00","dateModified":"2016-02-23T04:47:33+01:00","inLanguage":"es-ES","mainEntityOfPage":{"@id":"https:\/\/www.eldigitaldeasturias.com\/noticias\/raul-castro-moviliza-al-ejercito-en-su-plan-nacional-frente-al-zika\/#webpage"},"isPartOf":{"@id":"https:\/\/www.eldigitaldeasturias.com\/noticias\/raul-castro-moviliza-al-ejercito-en-su-plan-nacional-frente-al-zika\/#webpage"},"articleSection":"Actualidad"},{"@type":"BreadcrumbList","@id":"https:\/\/www.eldigitaldeasturias.com\/noticias\/raul-castro-moviliza-al-ejercito-en-su-plan-nacional-frente-al-zika\/#breadcrumblist","itemListElement":[{"@type":"ListItem","@id":"https:\/\/www.eldigitaldeasturias.com\/noticias#listItem","position":1,"name":"Home","item":"https:\/\/www.eldigitaldeasturias.com\/noticias","nextItem":{"@type":"ListItem","@id":"https:\/\/www.eldigitaldeasturias.com\/noticias\/category\/actualidad\/#listItem","name":"Actualidad"}},{"@type":"ListItem","@id":"https:\/\/www.eldigitaldeasturias.com\/noticias\/category\/actualidad\/#listItem","position":2,"name":"Actualidad","item":"https:\/\/www.eldigitaldeasturias.com\/noticias\/category\/actualidad\/","nextItem":{"@type":"ListItem","@id":"https:\/\/www.eldigitaldeasturias.com\/noticias\/raul-castro-moviliza-al-ejercito-en-su-plan-nacional-frente-al-zika\/#listItem","name":"Ra\u00fal Castro moviliza al Ej\u00e9rcito en su plan nacional frente al zika"},"previousItem":{"@type":"ListItem","@id":"https:\/\/www.eldigitaldeasturias.com\/noticias#listItem","name":"Home"}},{"@type":"ListItem","@id":"https:\/\/www.eldigitaldeasturias.com\/noticias\/raul-castro-moviliza-al-ejercito-en-su-plan-nacional-frente-al-zika\/#listItem","position":3,"name":"Ra\u00fal Castro moviliza al Ej\u00e9rcito en su plan nacional frente al zika","previousItem":{"@type":"ListItem","@id":"https:\/\/www.eldigitaldeasturias.com\/noticias\/category\/actualidad\/#listItem","name":"Actualidad"}}]},{"@type":"Organization","@id":"https:\/\/www.eldigitaldeasturias.com\/noticias\/#organization","name":"El Digital de Asturias","description":"Hemeroteca","url":"https:\/\/www.eldigitaldeasturias.com\/noticias\/","email":"info@eldigitaldeasturias.com","telephone":"+34652131393","logo":{"@type":"ImageObject","url":"https:\/\/www.eldigitaldeasturias.com\/noticias\/wp-content\/uploads\/2020\/12\/EDA.jpg","@id":"https:\/\/www.eldigitaldeasturias.com\/noticias\/raul-castro-moviliza-al-ejercito-en-su-plan-nacional-frente-al-zika\/#organizationLogo","width":649,"height":297},"image":{"@id":"https:\/\/www.eldigitaldeasturias.com\/noticias\/raul-castro-moviliza-al-ejercito-en-su-plan-nacional-frente-al-zika\/#organizationLogo"},"sameAs":["https:\/\/facebook.com\/eldigitaldeasturias","https:\/\/www.youtube.com\/channel\/UCZP-2wLEB9Rv6erhFmqVnvg"],"address":{"@id":"https:\/\/www.eldigitaldeasturias.com\/noticias\/#postaladdress","@type":"PostalAddress","streetAddress":"san antonio 4,","postalCode":"33430","addressLocality":"Cand\u00e1s","addressRegion":"Asturias","addressCountry":"ES"}},{"@type":"Person","@id":"https:\/\/www.eldigitaldeasturias.com\/noticias\/author\/admin\/#author","url":"https:\/\/www.eldigitaldeasturias.com\/noticias\/author\/admin\/","name":"El Digital de Asturias","image":{"@type":"ImageObject","@id":"https:\/\/www.eldigitaldeasturias.com\/noticias\/raul-castro-moviliza-al-ejercito-en-su-plan-nacional-frente-al-zika\/#authorImage","url":"https:\/\/www.eldigitaldeasturias.com\/noticias\/wp-content\/litespeed\/avatar\/18677e78aa0546b92d9dbf31ec7d7668.jpg?ver=1777290358","width":96,"height":96,"caption":"El Digital de Asturias"}},{"@type":"WebPage","@id":"https:\/\/www.eldigitaldeasturias.com\/noticias\/raul-castro-moviliza-al-ejercito-en-su-plan-nacional-frente-al-zika\/#webpage","url":"https:\/\/www.eldigitaldeasturias.com\/noticias\/raul-castro-moviliza-al-ejercito-en-su-plan-nacional-frente-al-zika\/","name":"Ra\u00fal Castro moviliza al Ej\u00e9rcito en su plan nacional frente al zika - El Digital de Asturias","description":"El presidente cubano, Ra\u00fal Castro, ha anunciado este lunes la adopci\u00f3n de un plan de acci\u00f3n frente al virus del zika en el marco del cual se movilizar\u00e1 a 9.000 efectivos del Ej\u00e9rcito, pese a que por el momento la isla no ha registrado ning\u00fan caso de la enfermedad. En un mensaje a los cubanos","inLanguage":"es-ES","isPartOf":{"@id":"https:\/\/www.eldigitaldeasturias.com\/noticias\/#website"},"breadcrumb":{"@id":"https:\/\/www.eldigitaldeasturias.com\/noticias\/raul-castro-moviliza-al-ejercito-en-su-plan-nacional-frente-al-zika\/#breadcrumblist"},"author":{"@id":"https:\/\/www.eldigitaldeasturias.com\/noticias\/author\/admin\/#author"},"creator":{"@id":"https:\/\/www.eldigitaldeasturias.com\/noticias\/author\/admin\/#author"},"image":{"@type":"ImageObject","url":"https:\/\/www.eldigitaldeasturias.com\/noticias\/wp-content\/uploads\/2016\/02\/fotonoticia_20160222185312_800.jpg","@id":"https:\/\/www.eldigitaldeasturias.com\/noticias\/raul-castro-moviliza-al-ejercito-en-su-plan-nacional-frente-al-zika\/#mainImage","width":800,"height":534},"primaryImageOfPage":{"@id":"https:\/\/www.eldigitaldeasturias.com\/noticias\/raul-castro-moviliza-al-ejercito-en-su-plan-nacional-frente-al-zika\/#mainImage"},"datePublished":"2016-02-23T04:47:33+01:00","dateModified":"2016-02-23T04:47:33+01:00"},{"@type":"WebSite","@id":"https:\/\/www.eldigitaldeasturias.com\/noticias\/#website","url":"https:\/\/www.eldigitaldeasturias.com\/noticias\/","name":"El Digital de Asturias - Diario de actualidad y noticias","alternateName":"El Digital de Asturias - Diario de actualidad y noticias","description":"Hemeroteca","inLanguage":"es-ES","publisher":{"@id":"https:\/\/www.eldigitaldeasturias.com\/noticias\/#organization"}}]},"og:locale":"es_ES","og:site_name":"El Digital de Asturias","og:type":"article","og:title":"Ra\u00fal Castro moviliza al Ej\u00e9rcito en su plan nacional frente al zika - El Digital de Asturias","og:description":"El presidente cubano, Ra\u00fal Castro, ha anunciado este lunes la adopci\u00f3n de un plan de acci\u00f3n frente al virus del zika en el marco del cual se movilizar\u00e1 a 9.000 efectivos del Ej\u00e9rcito, pese a que por el momento la isla no ha registrado ning\u00fan caso de la enfermedad. En un mensaje a los cubanos","og:url":"https:\/\/www.eldigitaldeasturias.com\/noticias\/raul-castro-moviliza-al-ejercito-en-su-plan-nacional-frente-al-zika\/","og:image":"https:\/\/www.eldigitaldeasturias.com\/noticias\/wp-content\/uploads\/2016\/02\/fotonoticia_20160222185312_800.jpg","og:image:secure_url":"https:\/\/www.eldigitaldeasturias.com\/noticias\/wp-content\/uploads\/2016\/02\/fotonoticia_20160222185312_800.jpg","og:image:width":800,"og:image:height":534,"article:tag":["actualidad"],"article:published_time":"2016-02-23T04:47:33+00:00","article:modified_time":"2016-02-23T04:47:33+00:00","article:publisher":"https:\/\/facebook.com\/eldigitaldeasturias","twitter:card":"summary_large_image","twitter:title":"Ra\u00fal Castro moviliza al Ej\u00e9rcito en su plan nacional frente al zika - El Digital de Asturias","twitter:description":"El presidente cubano, Ra\u00fal Castro, ha anunciado este lunes la adopci\u00f3n de un plan de acci\u00f3n frente al virus del zika en el marco del cual se movilizar\u00e1 a 9.000 efectivos del Ej\u00e9rcito, pese a que por el momento la isla no ha registrado ning\u00fan caso de la enfermedad. En un mensaje a los cubanos","twitter:image":"https:\/\/www.eldigitaldeasturias.com\/noticias\/wp-content\/uploads\/2016\/02\/fotonoticia_20160222185312_800.jpg","twitter:label1":"Escrito por","twitter:data1":"El Digital de Asturias","twitter:label2":"Tiempo de lectura estimado","twitter:data2":"2 minutos"},"aioseo_meta_data":{"post_id":"861097","title":null,"description":null,"keywords":null,"keyphrases":null,"primary_term":null,"canonical_url":null,"og_title":null,"og_description":null,"og_object_type":"default","og_image_type":"default","og_image_url":null,"og_image_width":null,"og_image_height":null,"og_image_custom_url":null,"og_image_custom_fields":null,"og_video":null,"og_custom_url":null,"og_article_section":null,"og_article_tags":null,"twitter_use_og":false,"twitter_card":"default","twitter_image_type":"default","twitter_image_url":null,"twitter_image_custom_url":null,"twitter_image_custom_fields":null,"twitter_title":null,"twitter_description":null,"schema":{"blockGraphs":[],"customGraphs":[],"default":{"data":{"Article":[],"Course":[],"Dataset":[],"FAQPage":[],"Movie":[],"Person":[],"Product":[],"ProductReview":[],"Car":[],"Recipe":[],"Service":[],"SoftwareApplication":[],"WebPage":[]},"graphName":"","isEnabled":true},"graphs":[],"defaultGraph":"","defaultPostTypeGraph":""},"schema_type":null,"schema_type_options":null,"pillar_content":false,"robots_default":true,"robots_noindex":false,"robots_noarchive":false,"robots_nosnippet":false,"robots_nofollow":false,"robots_noimageindex":false,"robots_noodp":false,"robots_notranslate":false,"robots_max_snippet":null,"robots_max_videopreview":null,"robots_max_imagepreview":"large","priority":null,"frequency":null,"local_seo":null,"seo_analyzer_scan_date":"2025-12-10 20:02:16","breadcrumb_settings":null,"limit_modified_date":false,"open_ai":null,"ai":null,"created":"2021-01-23 14:59:12","updated":"2025-12-10 20:02:16"},"aioseo_breadcrumb":"<div class=\"aioseo-breadcrumbs\"><span class=\"aioseo-breadcrumb\">\n\t<a href=\"https:\/\/www.eldigitaldeasturias.com\/noticias\" title=\"Home\">Home<\/a>\n<\/span><span class=\"aioseo-breadcrumb-separator\">\u2013<\/span><span class=\"aioseo-breadcrumb\">\n\t<a href=\"https:\/\/www.eldigitaldeasturias.com\/noticias\/category\/actualidad\/\" title=\"Actualidad\">Actualidad<\/a>\n<\/span><span class=\"aioseo-breadcrumb-separator\">\u2013<\/span><span class=\"aioseo-breadcrumb\">\n\t<a href=\"https:\/\/www.eldigitaldeasturias.com\/noticias\/raul-castro-moviliza-al-ejercito-en-su-plan-nacional-frente-al-zika\/\" title=\"Ra\u00fal Castro moviliza al Ej\u00e9rcito en su plan nacional frente al zika\">Ra\u00fal Castro moviliza al Ej\u00e9rcito en su plan nacional frente al zika<\/a>\n<\/span><\/div>","aioseo_breadcrumb_json":[{"label":"Home","link":"https:\/\/www.eldigitaldeasturias.com\/noticias"},{"label":"Actualidad","link":"https:\/\/www.eldigitaldeasturias.com\/noticias\/category\/actualidad\/"},{"label":"Ra\u00fal Castro moviliza al Ej\u00e9rcito en su plan nacional frente al zika","link":"https:\/\/www.eldigitaldeasturias.com\/noticias\/raul-castro-moviliza-al-ejercito-en-su-plan-nacional-frente-al-zika\/"}],"_links":{"self":[{"href":"https:\/\/www.eldigitaldeasturias.com\/noticias\/wp-json\/wp\/v2\/posts\/861097","targetHints":{"allow":["GET"]}}],"collection":[{"href":"https:\/\/www.eldigitaldeasturias.com\/noticias\/wp-json\/wp\/v2\/posts"}],"about":[{"href":"https:\/\/www.eldigitaldeasturias.com\/noticias\/wp-json\/wp\/v2\/types\/post"}],"author":[{"embeddable":true,"href":"https:\/\/www.eldigitaldeasturias.com\/noticias\/wp-json\/wp\/v2\/users\/1"}],"replies":[{"embeddable":true,"href":"https:\/\/www.eldigitaldeasturias.com\/noticias\/wp-json\/wp\/v2\/comments?post=861097"}],"version-history":[{"count":0,"href":"https:\/\/www.eldigitaldeasturias.com\/noticias\/wp-json\/wp\/v2\/posts\/861097\/revisions"}],"wp:featuredmedia":[{"embeddable":true,"href":"https:\/\/www.eldigitaldeasturias.com\/noticias\/wp-json\/wp\/v2\/media\/861098"}],"wp:attachment":[{"href":"https:\/\/www.eldigitaldeasturias.com\/noticias\/wp-json\/wp\/v2\/media?parent=861097"}],"wp:term":[{"taxonomy":"category","embeddable":true,"href":"https:\/\/www.eldigitaldeasturias.com\/noticias\/wp-json\/wp\/v2\/categories?post=861097"},{"taxonomy":"post_tag","embeddable":true,"href":"https:\/\/www.eldigitaldeasturias.com\/noticias\/wp-json\/wp\/v2\/tags?post=861097"}],"curies":[{"name":"wp","href":"https:\/\/api.w.org\/{rel}","templated":true}]}}