{"id":861094,"date":"2016-02-23T04:46:11","date_gmt":"2016-02-23T04:46:11","guid":{"rendered":"http:\/\/www.eldigitaldeasturias.com\/noticias\/?p=861094"},"modified":"2016-02-23T04:46:11","modified_gmt":"2016-02-23T04:46:11","slug":"cameron-advierte-que-solo-habra-un-referendum","status":"publish","type":"post","link":"https:\/\/www.eldigitaldeasturias.com\/noticias\/cameron-advierte-que-solo-habra-un-referendum\/","title":{"rendered":"Cameron advierte que solo habr\u00e1 un refer\u00e9ndum"},"content":{"rendered":"<p><img loading=\"lazy\" decoding=\"async\" class=\"alignleft size-medium wp-image-861095\" src=\"https:\/\/www.eldigitaldeasturias.com\/noticias\/wp-content\/uploads\/2016\/02\/fotonoticia_20160222185211_800-360x244.jpg\" alt=\"fotonoticia_20160222185211_800\" width=\"360\" height=\"244\" srcset=\"https:\/\/www.eldigitaldeasturias.com\/noticias\/wp-content\/uploads\/2016\/02\/fotonoticia_20160222185211_800-360x244.jpg 360w, https:\/\/www.eldigitaldeasturias.com\/noticias\/wp-content\/uploads\/2016\/02\/fotonoticia_20160222185211_800-768x520.jpg 768w, https:\/\/www.eldigitaldeasturias.com\/noticias\/wp-content\/uploads\/2016\/02\/fotonoticia_20160222185211_800-650x440.jpg 650w, https:\/\/www.eldigitaldeasturias.com\/noticias\/wp-content\/uploads\/2016\/02\/fotonoticia_20160222185211_800-260x175.jpg 260w, https:\/\/www.eldigitaldeasturias.com\/noticias\/wp-content\/uploads\/2016\/02\/fotonoticia_20160222185211_800-49x32.jpg 49w, https:\/\/www.eldigitaldeasturias.com\/noticias\/wp-content\/uploads\/2016\/02\/fotonoticia_20160222185211_800.jpg 800w\" sizes=\"auto, (max-width: 360px) 100vw, 360px\" \/>El primer ministro brit\u00e1nico, David Cameron, ha defendido este lunes el acuerdo cerrado con la UE el viernes y ha recalcado que solo habr\u00e1 un refer\u00e9ndum sobre la permanencia de Reino Unido en el bloque, rechazando as\u00ed que un &#8216;no&#8217; pueda servir para volver a negociar con Bruselas y forzar una nueva consulta.<\/p>\n<p>En una intervenci\u00f3n ante la C\u00e1mara de los Comunes, ha subrayado que el acuerdo supone un \u00abcambio real\u00bb respecto a la relaci\u00f3n que hasta ahora manten\u00eda Reino Unido con la UE y que los aspectos m\u00e1s beneficiosos no se aplicar\u00edan si los ciudadanos brit\u00e1nicos votan por la salida el pr\u00f3ximo 23 de junio. \u00abNuestro estatus especial significa que Reino Unido puede tener lo mejor de los dos mundos\u00bb, ha insistido.<\/p>\n<p>En este sentido, ha advertido de la de junio es una \u00abdecisi\u00f3n vital\u00bb pero tambi\u00e9n \u00abfinal\u00bb sobre le futuro de Reino Unido y ha desmontado la visi\u00f3n, dada a entender por el alcalde de Londres, Boris Johnson, de que un &#8216;no&#8217; podr\u00eda ayudar a negociar un mejor acuerdo con Bruselas.<\/p>\n<p>\u00abNo me preocupa la iron\u00eda de que algunos que quieren votar aparentemente por salir quieren usar el voto para quedarse\u00bb, ha comentado, sin mencionar directamente a Johnson, quien ya ha anunciado que har\u00e1 campa\u00f1a por el &#8216;Brexit&#8217;.<\/p>\n<p>\u00abTristemente conozco a varias parejas que han comenzado el proceso de divorcio pero no conozco a ninguna que haya comenzado el proceso de divorcio para renovar sus votos matrimoniales\u00bb, ha ironizado, recalcando que una segunda negociaci\u00f3n con la UE \u00abno est\u00e1 en la papeleta\u00bb.<\/p>\n<p>Cameron ha explicado que si los brit\u00e1nicos votan a favor de dejar la UE, \u00e9l mismo iniciar\u00e1 el procedimiento contemplado por el Tratado de Lisboa para ello. Una vez que empiece, tras dos a\u00f1os, Reino Unido abandonar\u00e1 la UE de forma autom\u00e1tica, salvo que los dem\u00e1s estados miembros acepten ampliar el plazo.<\/p>\n","protected":false},"excerpt":{"rendered":"<p>El primer ministro brit\u00e1nico, David Cameron, ha defendido este lunes el acuerdo cerrado con la UE el viernes y ha recalcado que solo habr\u00e1 un refer\u00e9ndum sobre la permanencia de Reino Unido en el bloque, rechazando as\u00ed que un &#8216;no&#8217; pueda servir para volver a negociar con Bruselas y forzar una nueva consulta. En una [&hellip;]<\/p>\n","protected":false},"author":1,"featured_media":861095,"comment_status":"closed","ping_status":"closed","sticky":false,"template":"","format":"standard","meta":{"footnotes":""},"categories":[1],"tags":[],"class_list":["post-861094","post","type-post","status-publish","format-standard","has-post-thumbnail","hentry","category-actualidad"],"aioseo_notices":[],"aioseo_head":"\n\t\t<!-- All in One SEO Pro 4.9.6.2 - aioseo.com -->\n\t<meta name=\"description\" content=\"El primer ministro brit\u00e1nico, David Cameron, ha defendido este lunes el acuerdo cerrado con la UE el viernes y ha recalcado que solo habr\u00e1 un refer\u00e9ndum sobre la permanencia de Reino Unido en el bloque, rechazando as\u00ed que un &#039;no&#039; pueda servir para volver a negociar con Bruselas y forzar una nueva consulta. En una\" \/>\n\t<meta name=\"robots\" content=\"max-image-preview:large\" \/>\n\t<meta name=\"author\" content=\"El Digital de Asturias\"\/>\n\t<meta name=\"google-site-verification\" content=\"UA-38556648-1\" \/>\n\t<meta name=\"msvalidate.01\" content=\"7dfe9f3f1b24437ab69f4f2559babe99\" \/>\n\t<meta name=\"keywords\" content=\"actualidad\" \/>\n\t<link rel=\"canonical\" href=\"https:\/\/www.eldigitaldeasturias.com\/noticias\/cameron-advierte-que-solo-habra-un-referendum\/\" \/>\n\t<meta name=\"generator\" content=\"All in One SEO Pro (AIOSEO) 4.9.6.2\" \/>\n\t\t<meta property=\"og:locale\" content=\"es_ES\" \/>\n\t\t<meta property=\"og:site_name\" content=\"El Digital de Asturias\" \/>\n\t\t<meta property=\"og:type\" content=\"article\" \/>\n\t\t<meta property=\"og:title\" content=\"Cameron advierte que solo habr\u00e1 un refer\u00e9ndum - El Digital de Asturias\" \/>\n\t\t<meta property=\"og:description\" content=\"El primer ministro brit\u00e1nico, David Cameron, ha defendido este lunes el acuerdo cerrado con la UE el viernes y ha recalcado que solo habr\u00e1 un refer\u00e9ndum sobre la permanencia de Reino Unido en el bloque, rechazando as\u00ed que un &#039;no&#039; pueda servir para volver a negociar con Bruselas y forzar una nueva consulta. En una\" \/>\n\t\t<meta property=\"og:url\" content=\"https:\/\/www.eldigitaldeasturias.com\/noticias\/cameron-advierte-que-solo-habra-un-referendum\/\" \/>\n\t\t<meta property=\"og:image\" content=\"https:\/\/www.eldigitaldeasturias.com\/noticias\/wp-content\/uploads\/2016\/02\/fotonoticia_20160222185211_800.jpg\" \/>\n\t\t<meta property=\"og:image:secure_url\" content=\"https:\/\/www.eldigitaldeasturias.com\/noticias\/wp-content\/uploads\/2016\/02\/fotonoticia_20160222185211_800.jpg\" \/>\n\t\t<meta property=\"og:image:width\" content=\"800\" \/>\n\t\t<meta property=\"og:image:height\" content=\"542\" \/>\n\t\t<meta property=\"article:tag\" content=\"actualidad\" \/>\n\t\t<meta property=\"article:published_time\" content=\"2016-02-23T04:46:11+00:00\" \/>\n\t\t<meta property=\"article:modified_time\" content=\"2016-02-23T04:46:11+00:00\" \/>\n\t\t<meta property=\"article:publisher\" content=\"https:\/\/facebook.com\/eldigitaldeasturias\" \/>\n\t\t<meta name=\"twitter:card\" content=\"summary_large_image\" \/>\n\t\t<meta name=\"twitter:title\" content=\"Cameron advierte que solo habr\u00e1 un refer\u00e9ndum - El Digital de Asturias\" \/>\n\t\t<meta name=\"twitter:description\" content=\"El primer ministro brit\u00e1nico, David Cameron, ha defendido este lunes el acuerdo cerrado con la UE el viernes y ha recalcado que solo habr\u00e1 un refer\u00e9ndum sobre la permanencia de Reino Unido en el bloque, rechazando as\u00ed que un &#039;no&#039; pueda servir para volver a negociar con Bruselas y forzar una nueva consulta. En una\" \/>\n\t\t<meta name=\"twitter:image\" content=\"https:\/\/www.eldigitaldeasturias.com\/noticias\/wp-content\/uploads\/2016\/02\/fotonoticia_20160222185211_800.jpg\" \/>\n\t\t<meta name=\"twitter:label1\" content=\"Escrito por\" \/>\n\t\t<meta name=\"twitter:data1\" content=\"El Digital de Asturias\" \/>\n\t\t<meta name=\"twitter:label2\" content=\"Tiempo de lectura estimado\" \/>\n\t\t<meta name=\"twitter:data2\" content=\"2 minutos\" \/>\n\t\t<script type=\"application\/ld+json\" class=\"aioseo-schema\">\n\t\t\t{\"@context\":\"https:\\\/\\\/schema.org\",\"@graph\":[{\"@type\":\"BlogPosting\",\"@id\":\"https:\\\/\\\/www.eldigitaldeasturias.com\\\/noticias\\\/cameron-advierte-que-solo-habra-un-referendum\\\/#blogposting\",\"name\":\"Cameron advierte que solo habr\\u00e1 un refer\\u00e9ndum - El Digital de Asturias\",\"headline\":\"Cameron advierte que solo habr\\u00e1 un refer\\u00e9ndum\",\"author\":{\"@id\":\"https:\\\/\\\/www.eldigitaldeasturias.com\\\/noticias\\\/author\\\/admin\\\/#author\"},\"publisher\":{\"@id\":\"https:\\\/\\\/www.eldigitaldeasturias.com\\\/noticias\\\/#organization\"},\"image\":{\"@type\":\"ImageObject\",\"url\":\"https:\\\/\\\/www.eldigitaldeasturias.com\\\/noticias\\\/wp-content\\\/uploads\\\/2016\\\/02\\\/fotonoticia_20160222185211_800.jpg\",\"width\":800,\"height\":542},\"datePublished\":\"2016-02-23T04:46:11+01:00\",\"dateModified\":\"2016-02-23T04:46:11+01:00\",\"inLanguage\":\"es-ES\",\"mainEntityOfPage\":{\"@id\":\"https:\\\/\\\/www.eldigitaldeasturias.com\\\/noticias\\\/cameron-advierte-que-solo-habra-un-referendum\\\/#webpage\"},\"isPartOf\":{\"@id\":\"https:\\\/\\\/www.eldigitaldeasturias.com\\\/noticias\\\/cameron-advierte-que-solo-habra-un-referendum\\\/#webpage\"},\"articleSection\":\"Actualidad\"},{\"@type\":\"BreadcrumbList\",\"@id\":\"https:\\\/\\\/www.eldigitaldeasturias.com\\\/noticias\\\/cameron-advierte-que-solo-habra-un-referendum\\\/#breadcrumblist\",\"itemListElement\":[{\"@type\":\"ListItem\",\"@id\":\"https:\\\/\\\/www.eldigitaldeasturias.com\\\/noticias#listItem\",\"position\":1,\"name\":\"Home\",\"item\":\"https:\\\/\\\/www.eldigitaldeasturias.com\\\/noticias\",\"nextItem\":{\"@type\":\"ListItem\",\"@id\":\"https:\\\/\\\/www.eldigitaldeasturias.com\\\/noticias\\\/category\\\/actualidad\\\/#listItem\",\"name\":\"Actualidad\"}},{\"@type\":\"ListItem\",\"@id\":\"https:\\\/\\\/www.eldigitaldeasturias.com\\\/noticias\\\/category\\\/actualidad\\\/#listItem\",\"position\":2,\"name\":\"Actualidad\",\"item\":\"https:\\\/\\\/www.eldigitaldeasturias.com\\\/noticias\\\/category\\\/actualidad\\\/\",\"nextItem\":{\"@type\":\"ListItem\",\"@id\":\"https:\\\/\\\/www.eldigitaldeasturias.com\\\/noticias\\\/cameron-advierte-que-solo-habra-un-referendum\\\/#listItem\",\"name\":\"Cameron advierte que solo habr\\u00e1 un refer\\u00e9ndum\"},\"previousItem\":{\"@type\":\"ListItem\",\"@id\":\"https:\\\/\\\/www.eldigitaldeasturias.com\\\/noticias#listItem\",\"name\":\"Home\"}},{\"@type\":\"ListItem\",\"@id\":\"https:\\\/\\\/www.eldigitaldeasturias.com\\\/noticias\\\/cameron-advierte-que-solo-habra-un-referendum\\\/#listItem\",\"position\":3,\"name\":\"Cameron advierte que solo habr\\u00e1 un refer\\u00e9ndum\",\"previousItem\":{\"@type\":\"ListItem\",\"@id\":\"https:\\\/\\\/www.eldigitaldeasturias.com\\\/noticias\\\/category\\\/actualidad\\\/#listItem\",\"name\":\"Actualidad\"}}]},{\"@type\":\"Organization\",\"@id\":\"https:\\\/\\\/www.eldigitaldeasturias.com\\\/noticias\\\/#organization\",\"name\":\"El Digital de Asturias\",\"description\":\"Hemeroteca\",\"url\":\"https:\\\/\\\/www.eldigitaldeasturias.com\\\/noticias\\\/\",\"email\":\"info@eldigitaldeasturias.com\",\"telephone\":\"+34652131393\",\"logo\":{\"@type\":\"ImageObject\",\"url\":\"https:\\\/\\\/www.eldigitaldeasturias.com\\\/noticias\\\/wp-content\\\/uploads\\\/2020\\\/12\\\/EDA.jpg\",\"@id\":\"https:\\\/\\\/www.eldigitaldeasturias.com\\\/noticias\\\/cameron-advierte-que-solo-habra-un-referendum\\\/#organizationLogo\",\"width\":649,\"height\":297},\"image\":{\"@id\":\"https:\\\/\\\/www.eldigitaldeasturias.com\\\/noticias\\\/cameron-advierte-que-solo-habra-un-referendum\\\/#organizationLogo\"},\"sameAs\":[\"https:\\\/\\\/facebook.com\\\/eldigitaldeasturias\",\"https:\\\/\\\/www.youtube.com\\\/channel\\\/UCZP-2wLEB9Rv6erhFmqVnvg\"],\"address\":{\"@id\":\"https:\\\/\\\/www.eldigitaldeasturias.com\\\/noticias\\\/#postaladdress\",\"@type\":\"PostalAddress\",\"streetAddress\":\"san antonio 4,\",\"postalCode\":\"33430\",\"addressLocality\":\"Cand\\u00e1s\",\"addressRegion\":\"Asturias\",\"addressCountry\":\"ES\"}},{\"@type\":\"Person\",\"@id\":\"https:\\\/\\\/www.eldigitaldeasturias.com\\\/noticias\\\/author\\\/admin\\\/#author\",\"url\":\"https:\\\/\\\/www.eldigitaldeasturias.com\\\/noticias\\\/author\\\/admin\\\/\",\"name\":\"El Digital de Asturias\",\"image\":{\"@type\":\"ImageObject\",\"@id\":\"https:\\\/\\\/www.eldigitaldeasturias.com\\\/noticias\\\/cameron-advierte-que-solo-habra-un-referendum\\\/#authorImage\",\"url\":\"https:\\\/\\\/www.eldigitaldeasturias.com\\\/noticias\\\/wp-content\\\/litespeed\\\/avatar\\\/18677e78aa0546b92d9dbf31ec7d7668.jpg?ver=1777290358\",\"width\":96,\"height\":96,\"caption\":\"El Digital de Asturias\"}},{\"@type\":\"WebPage\",\"@id\":\"https:\\\/\\\/www.eldigitaldeasturias.com\\\/noticias\\\/cameron-advierte-que-solo-habra-un-referendum\\\/#webpage\",\"url\":\"https:\\\/\\\/www.eldigitaldeasturias.com\\\/noticias\\\/cameron-advierte-que-solo-habra-un-referendum\\\/\",\"name\":\"Cameron advierte que solo habr\\u00e1 un refer\\u00e9ndum - El Digital de Asturias\",\"description\":\"El primer ministro brit\\u00e1nico, David Cameron, ha defendido este lunes el acuerdo cerrado con la UE el viernes y ha recalcado que solo habr\\u00e1 un refer\\u00e9ndum sobre la permanencia de Reino Unido en el bloque, rechazando as\\u00ed que un 'no' pueda servir para volver a negociar con Bruselas y forzar una nueva consulta. En una\",\"inLanguage\":\"es-ES\",\"isPartOf\":{\"@id\":\"https:\\\/\\\/www.eldigitaldeasturias.com\\\/noticias\\\/#website\"},\"breadcrumb\":{\"@id\":\"https:\\\/\\\/www.eldigitaldeasturias.com\\\/noticias\\\/cameron-advierte-que-solo-habra-un-referendum\\\/#breadcrumblist\"},\"author\":{\"@id\":\"https:\\\/\\\/www.eldigitaldeasturias.com\\\/noticias\\\/author\\\/admin\\\/#author\"},\"creator\":{\"@id\":\"https:\\\/\\\/www.eldigitaldeasturias.com\\\/noticias\\\/author\\\/admin\\\/#author\"},\"image\":{\"@type\":\"ImageObject\",\"url\":\"https:\\\/\\\/www.eldigitaldeasturias.com\\\/noticias\\\/wp-content\\\/uploads\\\/2016\\\/02\\\/fotonoticia_20160222185211_800.jpg\",\"@id\":\"https:\\\/\\\/www.eldigitaldeasturias.com\\\/noticias\\\/cameron-advierte-que-solo-habra-un-referendum\\\/#mainImage\",\"width\":800,\"height\":542},\"primaryImageOfPage\":{\"@id\":\"https:\\\/\\\/www.eldigitaldeasturias.com\\\/noticias\\\/cameron-advierte-que-solo-habra-un-referendum\\\/#mainImage\"},\"datePublished\":\"2016-02-23T04:46:11+01:00\",\"dateModified\":\"2016-02-23T04:46:11+01:00\"},{\"@type\":\"WebSite\",\"@id\":\"https:\\\/\\\/www.eldigitaldeasturias.com\\\/noticias\\\/#website\",\"url\":\"https:\\\/\\\/www.eldigitaldeasturias.com\\\/noticias\\\/\",\"name\":\"El Digital de Asturias - Diario de actualidad y noticias\",\"alternateName\":\"El Digital de Asturias - Diario de actualidad y noticias\",\"description\":\"Hemeroteca\",\"inLanguage\":\"es-ES\",\"publisher\":{\"@id\":\"https:\\\/\\\/www.eldigitaldeasturias.com\\\/noticias\\\/#organization\"}}]}\n\t\t<\/script>\n\t\t<!-- All in One SEO Pro -->\r\n\t\t<title>Cameron advierte que solo habr\u00e1 un refer\u00e9ndum - El Digital de Asturias<\/title>\n\n","aioseo_head_json":{"title":"Cameron advierte que solo habr\u00e1 un refer\u00e9ndum - El Digital de Asturias","description":"El primer ministro brit\u00e1nico, David Cameron, ha defendido este lunes el acuerdo cerrado con la UE el viernes y ha recalcado que solo habr\u00e1 un refer\u00e9ndum sobre la permanencia de Reino Unido en el bloque, rechazando as\u00ed que un 'no' pueda servir para volver a negociar con Bruselas y forzar una nueva consulta. En una","canonical_url":"https:\/\/www.eldigitaldeasturias.com\/noticias\/cameron-advierte-que-solo-habra-un-referendum\/","robots":"max-image-preview:large","keywords":"actualidad","webmasterTools":{"google-site-verification":"UA-38556648-1","msvalidate.01":"7dfe9f3f1b24437ab69f4f2559babe99","miscellaneous":""},"schema":{"@context":"https:\/\/schema.org","@graph":[{"@type":"BlogPosting","@id":"https:\/\/www.eldigitaldeasturias.com\/noticias\/cameron-advierte-que-solo-habra-un-referendum\/#blogposting","name":"Cameron advierte que solo habr\u00e1 un refer\u00e9ndum - El Digital de Asturias","headline":"Cameron advierte que solo habr\u00e1 un refer\u00e9ndum","author":{"@id":"https:\/\/www.eldigitaldeasturias.com\/noticias\/author\/admin\/#author"},"publisher":{"@id":"https:\/\/www.eldigitaldeasturias.com\/noticias\/#organization"},"image":{"@type":"ImageObject","url":"https:\/\/www.eldigitaldeasturias.com\/noticias\/wp-content\/uploads\/2016\/02\/fotonoticia_20160222185211_800.jpg","width":800,"height":542},"datePublished":"2016-02-23T04:46:11+01:00","dateModified":"2016-02-23T04:46:11+01:00","inLanguage":"es-ES","mainEntityOfPage":{"@id":"https:\/\/www.eldigitaldeasturias.com\/noticias\/cameron-advierte-que-solo-habra-un-referendum\/#webpage"},"isPartOf":{"@id":"https:\/\/www.eldigitaldeasturias.com\/noticias\/cameron-advierte-que-solo-habra-un-referendum\/#webpage"},"articleSection":"Actualidad"},{"@type":"BreadcrumbList","@id":"https:\/\/www.eldigitaldeasturias.com\/noticias\/cameron-advierte-que-solo-habra-un-referendum\/#breadcrumblist","itemListElement":[{"@type":"ListItem","@id":"https:\/\/www.eldigitaldeasturias.com\/noticias#listItem","position":1,"name":"Home","item":"https:\/\/www.eldigitaldeasturias.com\/noticias","nextItem":{"@type":"ListItem","@id":"https:\/\/www.eldigitaldeasturias.com\/noticias\/category\/actualidad\/#listItem","name":"Actualidad"}},{"@type":"ListItem","@id":"https:\/\/www.eldigitaldeasturias.com\/noticias\/category\/actualidad\/#listItem","position":2,"name":"Actualidad","item":"https:\/\/www.eldigitaldeasturias.com\/noticias\/category\/actualidad\/","nextItem":{"@type":"ListItem","@id":"https:\/\/www.eldigitaldeasturias.com\/noticias\/cameron-advierte-que-solo-habra-un-referendum\/#listItem","name":"Cameron advierte que solo habr\u00e1 un refer\u00e9ndum"},"previousItem":{"@type":"ListItem","@id":"https:\/\/www.eldigitaldeasturias.com\/noticias#listItem","name":"Home"}},{"@type":"ListItem","@id":"https:\/\/www.eldigitaldeasturias.com\/noticias\/cameron-advierte-que-solo-habra-un-referendum\/#listItem","position":3,"name":"Cameron advierte que solo habr\u00e1 un refer\u00e9ndum","previousItem":{"@type":"ListItem","@id":"https:\/\/www.eldigitaldeasturias.com\/noticias\/category\/actualidad\/#listItem","name":"Actualidad"}}]},{"@type":"Organization","@id":"https:\/\/www.eldigitaldeasturias.com\/noticias\/#organization","name":"El Digital de Asturias","description":"Hemeroteca","url":"https:\/\/www.eldigitaldeasturias.com\/noticias\/","email":"info@eldigitaldeasturias.com","telephone":"+34652131393","logo":{"@type":"ImageObject","url":"https:\/\/www.eldigitaldeasturias.com\/noticias\/wp-content\/uploads\/2020\/12\/EDA.jpg","@id":"https:\/\/www.eldigitaldeasturias.com\/noticias\/cameron-advierte-que-solo-habra-un-referendum\/#organizationLogo","width":649,"height":297},"image":{"@id":"https:\/\/www.eldigitaldeasturias.com\/noticias\/cameron-advierte-que-solo-habra-un-referendum\/#organizationLogo"},"sameAs":["https:\/\/facebook.com\/eldigitaldeasturias","https:\/\/www.youtube.com\/channel\/UCZP-2wLEB9Rv6erhFmqVnvg"],"address":{"@id":"https:\/\/www.eldigitaldeasturias.com\/noticias\/#postaladdress","@type":"PostalAddress","streetAddress":"san antonio 4,","postalCode":"33430","addressLocality":"Cand\u00e1s","addressRegion":"Asturias","addressCountry":"ES"}},{"@type":"Person","@id":"https:\/\/www.eldigitaldeasturias.com\/noticias\/author\/admin\/#author","url":"https:\/\/www.eldigitaldeasturias.com\/noticias\/author\/admin\/","name":"El Digital de Asturias","image":{"@type":"ImageObject","@id":"https:\/\/www.eldigitaldeasturias.com\/noticias\/cameron-advierte-que-solo-habra-un-referendum\/#authorImage","url":"https:\/\/www.eldigitaldeasturias.com\/noticias\/wp-content\/litespeed\/avatar\/18677e78aa0546b92d9dbf31ec7d7668.jpg?ver=1777290358","width":96,"height":96,"caption":"El Digital de Asturias"}},{"@type":"WebPage","@id":"https:\/\/www.eldigitaldeasturias.com\/noticias\/cameron-advierte-que-solo-habra-un-referendum\/#webpage","url":"https:\/\/www.eldigitaldeasturias.com\/noticias\/cameron-advierte-que-solo-habra-un-referendum\/","name":"Cameron advierte que solo habr\u00e1 un refer\u00e9ndum - El Digital de Asturias","description":"El primer ministro brit\u00e1nico, David Cameron, ha defendido este lunes el acuerdo cerrado con la UE el viernes y ha recalcado que solo habr\u00e1 un refer\u00e9ndum sobre la permanencia de Reino Unido en el bloque, rechazando as\u00ed que un 'no' pueda servir para volver a negociar con Bruselas y forzar una nueva consulta. En una","inLanguage":"es-ES","isPartOf":{"@id":"https:\/\/www.eldigitaldeasturias.com\/noticias\/#website"},"breadcrumb":{"@id":"https:\/\/www.eldigitaldeasturias.com\/noticias\/cameron-advierte-que-solo-habra-un-referendum\/#breadcrumblist"},"author":{"@id":"https:\/\/www.eldigitaldeasturias.com\/noticias\/author\/admin\/#author"},"creator":{"@id":"https:\/\/www.eldigitaldeasturias.com\/noticias\/author\/admin\/#author"},"image":{"@type":"ImageObject","url":"https:\/\/www.eldigitaldeasturias.com\/noticias\/wp-content\/uploads\/2016\/02\/fotonoticia_20160222185211_800.jpg","@id":"https:\/\/www.eldigitaldeasturias.com\/noticias\/cameron-advierte-que-solo-habra-un-referendum\/#mainImage","width":800,"height":542},"primaryImageOfPage":{"@id":"https:\/\/www.eldigitaldeasturias.com\/noticias\/cameron-advierte-que-solo-habra-un-referendum\/#mainImage"},"datePublished":"2016-02-23T04:46:11+01:00","dateModified":"2016-02-23T04:46:11+01:00"},{"@type":"WebSite","@id":"https:\/\/www.eldigitaldeasturias.com\/noticias\/#website","url":"https:\/\/www.eldigitaldeasturias.com\/noticias\/","name":"El Digital de Asturias - Diario de actualidad y noticias","alternateName":"El Digital de Asturias - Diario de actualidad y noticias","description":"Hemeroteca","inLanguage":"es-ES","publisher":{"@id":"https:\/\/www.eldigitaldeasturias.com\/noticias\/#organization"}}]},"og:locale":"es_ES","og:site_name":"El Digital de Asturias","og:type":"article","og:title":"Cameron advierte que solo habr\u00e1 un refer\u00e9ndum - El Digital de Asturias","og:description":"El primer ministro brit\u00e1nico, David Cameron, ha defendido este lunes el acuerdo cerrado con la UE el viernes y ha recalcado que solo habr\u00e1 un refer\u00e9ndum sobre la permanencia de Reino Unido en el bloque, rechazando as\u00ed que un 'no' pueda servir para volver a negociar con Bruselas y forzar una nueva consulta. En una","og:url":"https:\/\/www.eldigitaldeasturias.com\/noticias\/cameron-advierte-que-solo-habra-un-referendum\/","og:image":"https:\/\/www.eldigitaldeasturias.com\/noticias\/wp-content\/uploads\/2016\/02\/fotonoticia_20160222185211_800.jpg","og:image:secure_url":"https:\/\/www.eldigitaldeasturias.com\/noticias\/wp-content\/uploads\/2016\/02\/fotonoticia_20160222185211_800.jpg","og:image:width":800,"og:image:height":542,"article:tag":["actualidad"],"article:published_time":"2016-02-23T04:46:11+00:00","article:modified_time":"2016-02-23T04:46:11+00:00","article:publisher":"https:\/\/facebook.com\/eldigitaldeasturias","twitter:card":"summary_large_image","twitter:title":"Cameron advierte que solo habr\u00e1 un refer\u00e9ndum - El Digital de Asturias","twitter:description":"El primer ministro brit\u00e1nico, David Cameron, ha defendido este lunes el acuerdo cerrado con la UE el viernes y ha recalcado que solo habr\u00e1 un refer\u00e9ndum sobre la permanencia de Reino Unido en el bloque, rechazando as\u00ed que un 'no' pueda servir para volver a negociar con Bruselas y forzar una nueva consulta. En una","twitter:image":"https:\/\/www.eldigitaldeasturias.com\/noticias\/wp-content\/uploads\/2016\/02\/fotonoticia_20160222185211_800.jpg","twitter:label1":"Escrito por","twitter:data1":"El Digital de Asturias","twitter:label2":"Tiempo de lectura estimado","twitter:data2":"2 minutos"},"aioseo_meta_data":{"post_id":"861094","title":null,"description":null,"keywords":null,"keyphrases":null,"primary_term":null,"canonical_url":null,"og_title":null,"og_description":null,"og_object_type":"default","og_image_type":"default","og_image_url":null,"og_image_width":null,"og_image_height":null,"og_image_custom_url":null,"og_image_custom_fields":null,"og_video":null,"og_custom_url":null,"og_article_section":null,"og_article_tags":null,"twitter_use_og":false,"twitter_card":"default","twitter_image_type":"default","twitter_image_url":null,"twitter_image_custom_url":null,"twitter_image_custom_fields":null,"twitter_title":null,"twitter_description":null,"schema":{"blockGraphs":[],"customGraphs":[],"default":{"data":{"Article":[],"Course":[],"Dataset":[],"FAQPage":[],"Movie":[],"Person":[],"Product":[],"ProductReview":[],"Car":[],"Recipe":[],"Service":[],"SoftwareApplication":[],"WebPage":[]},"graphName":"","isEnabled":true},"graphs":[],"defaultGraph":"","defaultPostTypeGraph":""},"schema_type":null,"schema_type_options":null,"pillar_content":false,"robots_default":true,"robots_noindex":false,"robots_noarchive":false,"robots_nosnippet":false,"robots_nofollow":false,"robots_noimageindex":false,"robots_noodp":false,"robots_notranslate":false,"robots_max_snippet":null,"robots_max_videopreview":null,"robots_max_imagepreview":"large","priority":null,"frequency":null,"local_seo":null,"seo_analyzer_scan_date":"2025-12-10 20:02:15","breadcrumb_settings":null,"limit_modified_date":false,"open_ai":null,"ai":null,"created":"2021-01-22 22:31:55","updated":"2025-12-10 20:02:15"},"aioseo_breadcrumb":"<div class=\"aioseo-breadcrumbs\"><span class=\"aioseo-breadcrumb\">\n\t<a href=\"https:\/\/www.eldigitaldeasturias.com\/noticias\" title=\"Home\">Home<\/a>\n<\/span><span class=\"aioseo-breadcrumb-separator\">\u2013<\/span><span class=\"aioseo-breadcrumb\">\n\t<a href=\"https:\/\/www.eldigitaldeasturias.com\/noticias\/category\/actualidad\/\" title=\"Actualidad\">Actualidad<\/a>\n<\/span><span class=\"aioseo-breadcrumb-separator\">\u2013<\/span><span class=\"aioseo-breadcrumb\">\n\t<a href=\"https:\/\/www.eldigitaldeasturias.com\/noticias\/cameron-advierte-que-solo-habra-un-referendum\/\" title=\"Cameron advierte que solo habr\u00e1 un refer\u00e9ndum\">Cameron advierte que solo habr\u00e1 un refer\u00e9ndum<\/a>\n<\/span><\/div>","aioseo_breadcrumb_json":[{"label":"Home","link":"https:\/\/www.eldigitaldeasturias.com\/noticias"},{"label":"Actualidad","link":"https:\/\/www.eldigitaldeasturias.com\/noticias\/category\/actualidad\/"},{"label":"Cameron advierte que solo habr\u00e1 un refer\u00e9ndum","link":"https:\/\/www.eldigitaldeasturias.com\/noticias\/cameron-advierte-que-solo-habra-un-referendum\/"}],"_links":{"self":[{"href":"https:\/\/www.eldigitaldeasturias.com\/noticias\/wp-json\/wp\/v2\/posts\/861094","targetHints":{"allow":["GET"]}}],"collection":[{"href":"https:\/\/www.eldigitaldeasturias.com\/noticias\/wp-json\/wp\/v2\/posts"}],"about":[{"href":"https:\/\/www.eldigitaldeasturias.com\/noticias\/wp-json\/wp\/v2\/types\/post"}],"author":[{"embeddable":true,"href":"https:\/\/www.eldigitaldeasturias.com\/noticias\/wp-json\/wp\/v2\/users\/1"}],"replies":[{"embeddable":true,"href":"https:\/\/www.eldigitaldeasturias.com\/noticias\/wp-json\/wp\/v2\/comments?post=861094"}],"version-history":[{"count":0,"href":"https:\/\/www.eldigitaldeasturias.com\/noticias\/wp-json\/wp\/v2\/posts\/861094\/revisions"}],"wp:featuredmedia":[{"embeddable":true,"href":"https:\/\/www.eldigitaldeasturias.com\/noticias\/wp-json\/wp\/v2\/media\/861095"}],"wp:attachment":[{"href":"https:\/\/www.eldigitaldeasturias.com\/noticias\/wp-json\/wp\/v2\/media?parent=861094"}],"wp:term":[{"taxonomy":"category","embeddable":true,"href":"https:\/\/www.eldigitaldeasturias.com\/noticias\/wp-json\/wp\/v2\/categories?post=861094"},{"taxonomy":"post_tag","embeddable":true,"href":"https:\/\/www.eldigitaldeasturias.com\/noticias\/wp-json\/wp\/v2\/tags?post=861094"}],"curies":[{"name":"wp","href":"https:\/\/api.w.org\/{rel}","templated":true}]}}