{"id":861085,"date":"2016-02-23T04:41:30","date_gmt":"2016-02-23T04:41:30","guid":{"rendered":"http:\/\/www.eldigitaldeasturias.com\/noticias\/?p=861085"},"modified":"2016-02-23T04:41:30","modified_gmt":"2016-02-23T04:41:30","slug":"assange-pide-a-suecia-que-revoque-la-orden-de-arresto-en-su-contra","status":"publish","type":"post","link":"https:\/\/www.eldigitaldeasturias.com\/noticias\/assange-pide-a-suecia-que-revoque-la-orden-de-arresto-en-su-contra\/","title":{"rendered":"Assange pide a Suecia que revoque la orden de arresto en su contra"},"content":{"rendered":"<p><img loading=\"lazy\" decoding=\"async\" class=\"alignleft size-medium wp-image-861086\" src=\"https:\/\/www.eldigitaldeasturias.com\/noticias\/wp-content\/uploads\/2016\/02\/fotonoticia_20160222140544_800-360x235.jpg\" alt=\"fotonoticia_20160222140544_800\" width=\"360\" height=\"235\" srcset=\"https:\/\/www.eldigitaldeasturias.com\/noticias\/wp-content\/uploads\/2016\/02\/fotonoticia_20160222140544_800-360x235.jpg 360w, https:\/\/www.eldigitaldeasturias.com\/noticias\/wp-content\/uploads\/2016\/02\/fotonoticia_20160222140544_800-768x501.jpg 768w, https:\/\/www.eldigitaldeasturias.com\/noticias\/wp-content\/uploads\/2016\/02\/fotonoticia_20160222140544_800-650x424.jpg 650w, https:\/\/www.eldigitaldeasturias.com\/noticias\/wp-content\/uploads\/2016\/02\/fotonoticia_20160222140544_800-84x55.jpg 84w, https:\/\/www.eldigitaldeasturias.com\/noticias\/wp-content\/uploads\/2016\/02\/fotonoticia_20160222140544_800-49x32.jpg 49w, https:\/\/www.eldigitaldeasturias.com\/noticias\/wp-content\/uploads\/2016\/02\/fotonoticia_20160222140544_800-460x300.jpg 460w, https:\/\/www.eldigitaldeasturias.com\/noticias\/wp-content\/uploads\/2016\/02\/fotonoticia_20160222140544_800.jpg 800w\" sizes=\"auto, (max-width: 360px) 100vw, 360px\" \/>El fundador de Wikileaks, Julian Assange, ha solicitado a la Justicia sueca que retire la orden de arresto que actualmente pesa en su contra por supuesto abuso sexual tras conocer el dictamen de Naciones Unidas que declara que su estancia actual en la Embajada ecuatoriana en Londres equivale a una \u00abdetenci\u00f3n arbitraria\u00bb.<\/p>\n<p>\u00abCreemos que han aparecido varias circunstancias nuevas que aportan razones para revisar la decisi\u00f3n previa\u00bb, ha declarado Thomas Olsson, uno de los abogados de Assange.<\/p>\n<p>Assange lleva recluido en la Embajada ecuatoriana en Londres desde el 19 de junio de 2012, cuando solicit\u00f3 asilo pol\u00edtico al pa\u00eds sudamericano. Aunque \u00e9ste se lo concedi\u00f3, Reino Unido se neg\u00f3 a darle un salvoconducto, insistiendo en que tiene la \u00abobligaci\u00f3n legal\u00bb de extraditarle a Suecia.<\/p>\n<p>El pasado 5 de febrero, el Grupo de Expertos de la ONU sobre Detenci\u00f3n Arbitraria dictamin\u00f3 que Assange \u00abfue arbitrariamente detenido por los gobiernos de Suecia y Reino Unido\u00bb. En un comunicado, los expertos de la ONU han sostenido que la detenci\u00f3n del australiano deber\u00eda terminar y se le deber\u00eda conceder \u00abel derecho de compensaci\u00f3n\u00bb.<\/p>\n<p>El fundador de Wikileaks fue objeto en 2010 de cuatro denuncias por violencia sexual en Suecia, de las cuales ya han prescrito tres, aunque a\u00fan sigue vigente el cargo m\u00e1s grave, el de violaci\u00f3n, que no decaer\u00e1 hasta 2020.<\/p>\n<p>Assange solicit\u00f3 asilo pol\u00edtico argumentando que se encuentra en un \u00abestado de indefensi\u00f3n\u00bb ante la posibilidad de que, una vez en Suecia, sea extraditado a Estados Unidos, donde supuestamente se est\u00e1 celebrando un juicio secreto, sin que Australia &#8211;su pa\u00eds de origen&#8211; lo impida.<\/p>\n<p>Asegura que es v\u00edctima de una \u00abpersecuci\u00f3n pol\u00edtica\u00bb por parte de Estados Unidos por revelar cientos de miles de documentos clasificados del Departamento de Estado sobre las guerras en Irak y Afganist\u00e1n y sobre las relaciones diplom\u00e1ticas con otros pa\u00edses.<\/p>\n","protected":false},"excerpt":{"rendered":"<p>El fundador de Wikileaks, Julian Assange, ha solicitado a la Justicia sueca que retire la orden de arresto que actualmente pesa en su contra por supuesto abuso sexual tras conocer el dictamen de Naciones Unidas que declara que su estancia actual en la Embajada ecuatoriana en Londres equivale a una \u00abdetenci\u00f3n arbitraria\u00bb. \u00abCreemos que han [&hellip;]<\/p>\n","protected":false},"author":1,"featured_media":861086,"comment_status":"closed","ping_status":"closed","sticky":false,"template":"","format":"standard","meta":{"footnotes":""},"categories":[1],"tags":[],"class_list":["post-861085","post","type-post","status-publish","format-standard","has-post-thumbnail","hentry","category-actualidad"],"aioseo_notices":[],"aioseo_head":"\n\t\t<!-- All in One SEO Pro 4.9.6.2 - aioseo.com -->\n\t<meta name=\"description\" content=\"El fundador de Wikileaks, Julian Assange, ha solicitado a la Justicia sueca que retire la orden de arresto que actualmente pesa en su contra por supuesto abuso sexual tras conocer el dictamen de Naciones Unidas que declara que su estancia actual en la Embajada ecuatoriana en Londres equivale a una &quot;detenci\u00f3n arbitraria&quot;. &quot;Creemos que han\" \/>\n\t<meta name=\"robots\" content=\"max-image-preview:large\" \/>\n\t<meta name=\"author\" content=\"El Digital de Asturias\"\/>\n\t<meta name=\"google-site-verification\" content=\"UA-38556648-1\" \/>\n\t<meta name=\"msvalidate.01\" content=\"7dfe9f3f1b24437ab69f4f2559babe99\" \/>\n\t<meta name=\"keywords\" content=\"actualidad\" \/>\n\t<link rel=\"canonical\" href=\"https:\/\/www.eldigitaldeasturias.com\/noticias\/assange-pide-a-suecia-que-revoque-la-orden-de-arresto-en-su-contra\/\" \/>\n\t<meta name=\"generator\" content=\"All in One SEO Pro (AIOSEO) 4.9.6.2\" \/>\n\t\t<meta property=\"og:locale\" content=\"es_ES\" \/>\n\t\t<meta property=\"og:site_name\" content=\"El Digital de Asturias\" \/>\n\t\t<meta property=\"og:type\" content=\"article\" \/>\n\t\t<meta property=\"og:title\" content=\"Assange pide a Suecia que revoque la orden de arresto en su contra - El Digital de Asturias\" \/>\n\t\t<meta property=\"og:description\" content=\"El fundador de Wikileaks, Julian Assange, ha solicitado a la Justicia sueca que retire la orden de arresto que actualmente pesa en su contra por supuesto abuso sexual tras conocer el dictamen de Naciones Unidas que declara que su estancia actual en la Embajada ecuatoriana en Londres equivale a una &quot;detenci\u00f3n arbitraria&quot;. &quot;Creemos que han\" \/>\n\t\t<meta property=\"og:url\" content=\"https:\/\/www.eldigitaldeasturias.com\/noticias\/assange-pide-a-suecia-que-revoque-la-orden-de-arresto-en-su-contra\/\" \/>\n\t\t<meta property=\"og:image\" content=\"https:\/\/www.eldigitaldeasturias.com\/noticias\/wp-content\/uploads\/2016\/02\/fotonoticia_20160222140544_800.jpg\" \/>\n\t\t<meta property=\"og:image:secure_url\" content=\"https:\/\/www.eldigitaldeasturias.com\/noticias\/wp-content\/uploads\/2016\/02\/fotonoticia_20160222140544_800.jpg\" \/>\n\t\t<meta property=\"og:image:width\" content=\"800\" \/>\n\t\t<meta property=\"og:image:height\" content=\"522\" \/>\n\t\t<meta property=\"article:tag\" content=\"actualidad\" \/>\n\t\t<meta property=\"article:published_time\" content=\"2016-02-23T04:41:30+00:00\" \/>\n\t\t<meta property=\"article:modified_time\" content=\"2016-02-23T04:41:30+00:00\" \/>\n\t\t<meta property=\"article:publisher\" content=\"https:\/\/facebook.com\/eldigitaldeasturias\" \/>\n\t\t<meta name=\"twitter:card\" content=\"summary_large_image\" \/>\n\t\t<meta name=\"twitter:title\" content=\"Assange pide a Suecia que revoque la orden de arresto en su contra - El Digital de Asturias\" \/>\n\t\t<meta name=\"twitter:description\" content=\"El fundador de Wikileaks, Julian Assange, ha solicitado a la Justicia sueca que retire la orden de arresto que actualmente pesa en su contra por supuesto abuso sexual tras conocer el dictamen de Naciones Unidas que declara que su estancia actual en la Embajada ecuatoriana en Londres equivale a una &quot;detenci\u00f3n arbitraria&quot;. &quot;Creemos que han\" \/>\n\t\t<meta name=\"twitter:image\" content=\"https:\/\/www.eldigitaldeasturias.com\/noticias\/wp-content\/uploads\/2016\/02\/fotonoticia_20160222140544_800.jpg\" \/>\n\t\t<meta name=\"twitter:label1\" content=\"Escrito por\" \/>\n\t\t<meta name=\"twitter:data1\" content=\"El Digital de Asturias\" \/>\n\t\t<meta name=\"twitter:label2\" content=\"Tiempo de lectura estimado\" \/>\n\t\t<meta name=\"twitter:data2\" content=\"2 minutos\" \/>\n\t\t<script type=\"application\/ld+json\" class=\"aioseo-schema\">\n\t\t\t{\"@context\":\"https:\\\/\\\/schema.org\",\"@graph\":[{\"@type\":\"BlogPosting\",\"@id\":\"https:\\\/\\\/www.eldigitaldeasturias.com\\\/noticias\\\/assange-pide-a-suecia-que-revoque-la-orden-de-arresto-en-su-contra\\\/#blogposting\",\"name\":\"Assange pide a Suecia que revoque la orden de arresto en su contra - El Digital de Asturias\",\"headline\":\"Assange pide a Suecia que revoque la orden de arresto en su contra\",\"author\":{\"@id\":\"https:\\\/\\\/www.eldigitaldeasturias.com\\\/noticias\\\/author\\\/admin\\\/#author\"},\"publisher\":{\"@id\":\"https:\\\/\\\/www.eldigitaldeasturias.com\\\/noticias\\\/#organization\"},\"image\":{\"@type\":\"ImageObject\",\"url\":\"https:\\\/\\\/www.eldigitaldeasturias.com\\\/noticias\\\/wp-content\\\/uploads\\\/2016\\\/02\\\/fotonoticia_20160222140544_800.jpg\",\"width\":800,\"height\":522},\"datePublished\":\"2016-02-23T04:41:30+01:00\",\"dateModified\":\"2016-02-23T04:41:30+01:00\",\"inLanguage\":\"es-ES\",\"mainEntityOfPage\":{\"@id\":\"https:\\\/\\\/www.eldigitaldeasturias.com\\\/noticias\\\/assange-pide-a-suecia-que-revoque-la-orden-de-arresto-en-su-contra\\\/#webpage\"},\"isPartOf\":{\"@id\":\"https:\\\/\\\/www.eldigitaldeasturias.com\\\/noticias\\\/assange-pide-a-suecia-que-revoque-la-orden-de-arresto-en-su-contra\\\/#webpage\"},\"articleSection\":\"Actualidad\"},{\"@type\":\"BreadcrumbList\",\"@id\":\"https:\\\/\\\/www.eldigitaldeasturias.com\\\/noticias\\\/assange-pide-a-suecia-que-revoque-la-orden-de-arresto-en-su-contra\\\/#breadcrumblist\",\"itemListElement\":[{\"@type\":\"ListItem\",\"@id\":\"https:\\\/\\\/www.eldigitaldeasturias.com\\\/noticias#listItem\",\"position\":1,\"name\":\"Home\",\"item\":\"https:\\\/\\\/www.eldigitaldeasturias.com\\\/noticias\",\"nextItem\":{\"@type\":\"ListItem\",\"@id\":\"https:\\\/\\\/www.eldigitaldeasturias.com\\\/noticias\\\/category\\\/actualidad\\\/#listItem\",\"name\":\"Actualidad\"}},{\"@type\":\"ListItem\",\"@id\":\"https:\\\/\\\/www.eldigitaldeasturias.com\\\/noticias\\\/category\\\/actualidad\\\/#listItem\",\"position\":2,\"name\":\"Actualidad\",\"item\":\"https:\\\/\\\/www.eldigitaldeasturias.com\\\/noticias\\\/category\\\/actualidad\\\/\",\"nextItem\":{\"@type\":\"ListItem\",\"@id\":\"https:\\\/\\\/www.eldigitaldeasturias.com\\\/noticias\\\/assange-pide-a-suecia-que-revoque-la-orden-de-arresto-en-su-contra\\\/#listItem\",\"name\":\"Assange pide a Suecia que revoque la orden de arresto en su contra\"},\"previousItem\":{\"@type\":\"ListItem\",\"@id\":\"https:\\\/\\\/www.eldigitaldeasturias.com\\\/noticias#listItem\",\"name\":\"Home\"}},{\"@type\":\"ListItem\",\"@id\":\"https:\\\/\\\/www.eldigitaldeasturias.com\\\/noticias\\\/assange-pide-a-suecia-que-revoque-la-orden-de-arresto-en-su-contra\\\/#listItem\",\"position\":3,\"name\":\"Assange pide a Suecia que revoque la orden de arresto en su contra\",\"previousItem\":{\"@type\":\"ListItem\",\"@id\":\"https:\\\/\\\/www.eldigitaldeasturias.com\\\/noticias\\\/category\\\/actualidad\\\/#listItem\",\"name\":\"Actualidad\"}}]},{\"@type\":\"Organization\",\"@id\":\"https:\\\/\\\/www.eldigitaldeasturias.com\\\/noticias\\\/#organization\",\"name\":\"El Digital de Asturias\",\"description\":\"Hemeroteca\",\"url\":\"https:\\\/\\\/www.eldigitaldeasturias.com\\\/noticias\\\/\",\"email\":\"info@eldigitaldeasturias.com\",\"telephone\":\"+34652131393\",\"logo\":{\"@type\":\"ImageObject\",\"url\":\"https:\\\/\\\/www.eldigitaldeasturias.com\\\/noticias\\\/wp-content\\\/uploads\\\/2020\\\/12\\\/EDA.jpg\",\"@id\":\"https:\\\/\\\/www.eldigitaldeasturias.com\\\/noticias\\\/assange-pide-a-suecia-que-revoque-la-orden-de-arresto-en-su-contra\\\/#organizationLogo\",\"width\":649,\"height\":297},\"image\":{\"@id\":\"https:\\\/\\\/www.eldigitaldeasturias.com\\\/noticias\\\/assange-pide-a-suecia-que-revoque-la-orden-de-arresto-en-su-contra\\\/#organizationLogo\"},\"sameAs\":[\"https:\\\/\\\/facebook.com\\\/eldigitaldeasturias\",\"https:\\\/\\\/www.youtube.com\\\/channel\\\/UCZP-2wLEB9Rv6erhFmqVnvg\"],\"address\":{\"@id\":\"https:\\\/\\\/www.eldigitaldeasturias.com\\\/noticias\\\/#postaladdress\",\"@type\":\"PostalAddress\",\"streetAddress\":\"san antonio 4,\",\"postalCode\":\"33430\",\"addressLocality\":\"Cand\\u00e1s\",\"addressRegion\":\"Asturias\",\"addressCountry\":\"ES\"}},{\"@type\":\"Person\",\"@id\":\"https:\\\/\\\/www.eldigitaldeasturias.com\\\/noticias\\\/author\\\/admin\\\/#author\",\"url\":\"https:\\\/\\\/www.eldigitaldeasturias.com\\\/noticias\\\/author\\\/admin\\\/\",\"name\":\"El Digital de Asturias\",\"image\":{\"@type\":\"ImageObject\",\"@id\":\"https:\\\/\\\/www.eldigitaldeasturias.com\\\/noticias\\\/assange-pide-a-suecia-que-revoque-la-orden-de-arresto-en-su-contra\\\/#authorImage\",\"url\":\"https:\\\/\\\/www.eldigitaldeasturias.com\\\/noticias\\\/wp-content\\\/litespeed\\\/avatar\\\/18677e78aa0546b92d9dbf31ec7d7668.jpg?ver=1777290358\",\"width\":96,\"height\":96,\"caption\":\"El Digital de Asturias\"}},{\"@type\":\"WebPage\",\"@id\":\"https:\\\/\\\/www.eldigitaldeasturias.com\\\/noticias\\\/assange-pide-a-suecia-que-revoque-la-orden-de-arresto-en-su-contra\\\/#webpage\",\"url\":\"https:\\\/\\\/www.eldigitaldeasturias.com\\\/noticias\\\/assange-pide-a-suecia-que-revoque-la-orden-de-arresto-en-su-contra\\\/\",\"name\":\"Assange pide a Suecia que revoque la orden de arresto en su contra - El Digital de Asturias\",\"description\":\"El fundador de Wikileaks, Julian Assange, ha solicitado a la Justicia sueca que retire la orden de arresto que actualmente pesa en su contra por supuesto abuso sexual tras conocer el dictamen de Naciones Unidas que declara que su estancia actual en la Embajada ecuatoriana en Londres equivale a una \\\"detenci\\u00f3n arbitraria\\\". \\\"Creemos que han\",\"inLanguage\":\"es-ES\",\"isPartOf\":{\"@id\":\"https:\\\/\\\/www.eldigitaldeasturias.com\\\/noticias\\\/#website\"},\"breadcrumb\":{\"@id\":\"https:\\\/\\\/www.eldigitaldeasturias.com\\\/noticias\\\/assange-pide-a-suecia-que-revoque-la-orden-de-arresto-en-su-contra\\\/#breadcrumblist\"},\"author\":{\"@id\":\"https:\\\/\\\/www.eldigitaldeasturias.com\\\/noticias\\\/author\\\/admin\\\/#author\"},\"creator\":{\"@id\":\"https:\\\/\\\/www.eldigitaldeasturias.com\\\/noticias\\\/author\\\/admin\\\/#author\"},\"image\":{\"@type\":\"ImageObject\",\"url\":\"https:\\\/\\\/www.eldigitaldeasturias.com\\\/noticias\\\/wp-content\\\/uploads\\\/2016\\\/02\\\/fotonoticia_20160222140544_800.jpg\",\"@id\":\"https:\\\/\\\/www.eldigitaldeasturias.com\\\/noticias\\\/assange-pide-a-suecia-que-revoque-la-orden-de-arresto-en-su-contra\\\/#mainImage\",\"width\":800,\"height\":522},\"primaryImageOfPage\":{\"@id\":\"https:\\\/\\\/www.eldigitaldeasturias.com\\\/noticias\\\/assange-pide-a-suecia-que-revoque-la-orden-de-arresto-en-su-contra\\\/#mainImage\"},\"datePublished\":\"2016-02-23T04:41:30+01:00\",\"dateModified\":\"2016-02-23T04:41:30+01:00\"},{\"@type\":\"WebSite\",\"@id\":\"https:\\\/\\\/www.eldigitaldeasturias.com\\\/noticias\\\/#website\",\"url\":\"https:\\\/\\\/www.eldigitaldeasturias.com\\\/noticias\\\/\",\"name\":\"El Digital de Asturias - Diario de actualidad y noticias\",\"alternateName\":\"El Digital de Asturias - Diario de actualidad y noticias\",\"description\":\"Hemeroteca\",\"inLanguage\":\"es-ES\",\"publisher\":{\"@id\":\"https:\\\/\\\/www.eldigitaldeasturias.com\\\/noticias\\\/#organization\"}}]}\n\t\t<\/script>\n\t\t<!-- All in One SEO Pro -->\r\n\t\t<title>Assange pide a Suecia que revoque la orden de arresto en su contra - El Digital de Asturias<\/title>\n\n","aioseo_head_json":{"title":"Assange pide a Suecia que revoque la orden de arresto en su contra - El Digital de Asturias","description":"El fundador de Wikileaks, Julian Assange, ha solicitado a la Justicia sueca que retire la orden de arresto que actualmente pesa en su contra por supuesto abuso sexual tras conocer el dictamen de Naciones Unidas que declara que su estancia actual en la Embajada ecuatoriana en Londres equivale a una \"detenci\u00f3n arbitraria\". \"Creemos que han","canonical_url":"https:\/\/www.eldigitaldeasturias.com\/noticias\/assange-pide-a-suecia-que-revoque-la-orden-de-arresto-en-su-contra\/","robots":"max-image-preview:large","keywords":"actualidad","webmasterTools":{"google-site-verification":"UA-38556648-1","msvalidate.01":"7dfe9f3f1b24437ab69f4f2559babe99","miscellaneous":""},"schema":{"@context":"https:\/\/schema.org","@graph":[{"@type":"BlogPosting","@id":"https:\/\/www.eldigitaldeasturias.com\/noticias\/assange-pide-a-suecia-que-revoque-la-orden-de-arresto-en-su-contra\/#blogposting","name":"Assange pide a Suecia que revoque la orden de arresto en su contra - El Digital de Asturias","headline":"Assange pide a Suecia que revoque la orden de arresto en su contra","author":{"@id":"https:\/\/www.eldigitaldeasturias.com\/noticias\/author\/admin\/#author"},"publisher":{"@id":"https:\/\/www.eldigitaldeasturias.com\/noticias\/#organization"},"image":{"@type":"ImageObject","url":"https:\/\/www.eldigitaldeasturias.com\/noticias\/wp-content\/uploads\/2016\/02\/fotonoticia_20160222140544_800.jpg","width":800,"height":522},"datePublished":"2016-02-23T04:41:30+01:00","dateModified":"2016-02-23T04:41:30+01:00","inLanguage":"es-ES","mainEntityOfPage":{"@id":"https:\/\/www.eldigitaldeasturias.com\/noticias\/assange-pide-a-suecia-que-revoque-la-orden-de-arresto-en-su-contra\/#webpage"},"isPartOf":{"@id":"https:\/\/www.eldigitaldeasturias.com\/noticias\/assange-pide-a-suecia-que-revoque-la-orden-de-arresto-en-su-contra\/#webpage"},"articleSection":"Actualidad"},{"@type":"BreadcrumbList","@id":"https:\/\/www.eldigitaldeasturias.com\/noticias\/assange-pide-a-suecia-que-revoque-la-orden-de-arresto-en-su-contra\/#breadcrumblist","itemListElement":[{"@type":"ListItem","@id":"https:\/\/www.eldigitaldeasturias.com\/noticias#listItem","position":1,"name":"Home","item":"https:\/\/www.eldigitaldeasturias.com\/noticias","nextItem":{"@type":"ListItem","@id":"https:\/\/www.eldigitaldeasturias.com\/noticias\/category\/actualidad\/#listItem","name":"Actualidad"}},{"@type":"ListItem","@id":"https:\/\/www.eldigitaldeasturias.com\/noticias\/category\/actualidad\/#listItem","position":2,"name":"Actualidad","item":"https:\/\/www.eldigitaldeasturias.com\/noticias\/category\/actualidad\/","nextItem":{"@type":"ListItem","@id":"https:\/\/www.eldigitaldeasturias.com\/noticias\/assange-pide-a-suecia-que-revoque-la-orden-de-arresto-en-su-contra\/#listItem","name":"Assange pide a Suecia que revoque la orden de arresto en su contra"},"previousItem":{"@type":"ListItem","@id":"https:\/\/www.eldigitaldeasturias.com\/noticias#listItem","name":"Home"}},{"@type":"ListItem","@id":"https:\/\/www.eldigitaldeasturias.com\/noticias\/assange-pide-a-suecia-que-revoque-la-orden-de-arresto-en-su-contra\/#listItem","position":3,"name":"Assange pide a Suecia que revoque la orden de arresto en su contra","previousItem":{"@type":"ListItem","@id":"https:\/\/www.eldigitaldeasturias.com\/noticias\/category\/actualidad\/#listItem","name":"Actualidad"}}]},{"@type":"Organization","@id":"https:\/\/www.eldigitaldeasturias.com\/noticias\/#organization","name":"El Digital de Asturias","description":"Hemeroteca","url":"https:\/\/www.eldigitaldeasturias.com\/noticias\/","email":"info@eldigitaldeasturias.com","telephone":"+34652131393","logo":{"@type":"ImageObject","url":"https:\/\/www.eldigitaldeasturias.com\/noticias\/wp-content\/uploads\/2020\/12\/EDA.jpg","@id":"https:\/\/www.eldigitaldeasturias.com\/noticias\/assange-pide-a-suecia-que-revoque-la-orden-de-arresto-en-su-contra\/#organizationLogo","width":649,"height":297},"image":{"@id":"https:\/\/www.eldigitaldeasturias.com\/noticias\/assange-pide-a-suecia-que-revoque-la-orden-de-arresto-en-su-contra\/#organizationLogo"},"sameAs":["https:\/\/facebook.com\/eldigitaldeasturias","https:\/\/www.youtube.com\/channel\/UCZP-2wLEB9Rv6erhFmqVnvg"],"address":{"@id":"https:\/\/www.eldigitaldeasturias.com\/noticias\/#postaladdress","@type":"PostalAddress","streetAddress":"san antonio 4,","postalCode":"33430","addressLocality":"Cand\u00e1s","addressRegion":"Asturias","addressCountry":"ES"}},{"@type":"Person","@id":"https:\/\/www.eldigitaldeasturias.com\/noticias\/author\/admin\/#author","url":"https:\/\/www.eldigitaldeasturias.com\/noticias\/author\/admin\/","name":"El Digital de Asturias","image":{"@type":"ImageObject","@id":"https:\/\/www.eldigitaldeasturias.com\/noticias\/assange-pide-a-suecia-que-revoque-la-orden-de-arresto-en-su-contra\/#authorImage","url":"https:\/\/www.eldigitaldeasturias.com\/noticias\/wp-content\/litespeed\/avatar\/18677e78aa0546b92d9dbf31ec7d7668.jpg?ver=1777290358","width":96,"height":96,"caption":"El Digital de Asturias"}},{"@type":"WebPage","@id":"https:\/\/www.eldigitaldeasturias.com\/noticias\/assange-pide-a-suecia-que-revoque-la-orden-de-arresto-en-su-contra\/#webpage","url":"https:\/\/www.eldigitaldeasturias.com\/noticias\/assange-pide-a-suecia-que-revoque-la-orden-de-arresto-en-su-contra\/","name":"Assange pide a Suecia que revoque la orden de arresto en su contra - El Digital de Asturias","description":"El fundador de Wikileaks, Julian Assange, ha solicitado a la Justicia sueca que retire la orden de arresto que actualmente pesa en su contra por supuesto abuso sexual tras conocer el dictamen de Naciones Unidas que declara que su estancia actual en la Embajada ecuatoriana en Londres equivale a una \"detenci\u00f3n arbitraria\". \"Creemos que han","inLanguage":"es-ES","isPartOf":{"@id":"https:\/\/www.eldigitaldeasturias.com\/noticias\/#website"},"breadcrumb":{"@id":"https:\/\/www.eldigitaldeasturias.com\/noticias\/assange-pide-a-suecia-que-revoque-la-orden-de-arresto-en-su-contra\/#breadcrumblist"},"author":{"@id":"https:\/\/www.eldigitaldeasturias.com\/noticias\/author\/admin\/#author"},"creator":{"@id":"https:\/\/www.eldigitaldeasturias.com\/noticias\/author\/admin\/#author"},"image":{"@type":"ImageObject","url":"https:\/\/www.eldigitaldeasturias.com\/noticias\/wp-content\/uploads\/2016\/02\/fotonoticia_20160222140544_800.jpg","@id":"https:\/\/www.eldigitaldeasturias.com\/noticias\/assange-pide-a-suecia-que-revoque-la-orden-de-arresto-en-su-contra\/#mainImage","width":800,"height":522},"primaryImageOfPage":{"@id":"https:\/\/www.eldigitaldeasturias.com\/noticias\/assange-pide-a-suecia-que-revoque-la-orden-de-arresto-en-su-contra\/#mainImage"},"datePublished":"2016-02-23T04:41:30+01:00","dateModified":"2016-02-23T04:41:30+01:00"},{"@type":"WebSite","@id":"https:\/\/www.eldigitaldeasturias.com\/noticias\/#website","url":"https:\/\/www.eldigitaldeasturias.com\/noticias\/","name":"El Digital de Asturias - Diario de actualidad y noticias","alternateName":"El Digital de Asturias - Diario de actualidad y noticias","description":"Hemeroteca","inLanguage":"es-ES","publisher":{"@id":"https:\/\/www.eldigitaldeasturias.com\/noticias\/#organization"}}]},"og:locale":"es_ES","og:site_name":"El Digital de Asturias","og:type":"article","og:title":"Assange pide a Suecia que revoque la orden de arresto en su contra - El Digital de Asturias","og:description":"El fundador de Wikileaks, Julian Assange, ha solicitado a la Justicia sueca que retire la orden de arresto que actualmente pesa en su contra por supuesto abuso sexual tras conocer el dictamen de Naciones Unidas que declara que su estancia actual en la Embajada ecuatoriana en Londres equivale a una &quot;detenci\u00f3n arbitraria&quot;. &quot;Creemos que han","og:url":"https:\/\/www.eldigitaldeasturias.com\/noticias\/assange-pide-a-suecia-que-revoque-la-orden-de-arresto-en-su-contra\/","og:image":"https:\/\/www.eldigitaldeasturias.com\/noticias\/wp-content\/uploads\/2016\/02\/fotonoticia_20160222140544_800.jpg","og:image:secure_url":"https:\/\/www.eldigitaldeasturias.com\/noticias\/wp-content\/uploads\/2016\/02\/fotonoticia_20160222140544_800.jpg","og:image:width":800,"og:image:height":522,"article:tag":["actualidad"],"article:published_time":"2016-02-23T04:41:30+00:00","article:modified_time":"2016-02-23T04:41:30+00:00","article:publisher":"https:\/\/facebook.com\/eldigitaldeasturias","twitter:card":"summary_large_image","twitter:title":"Assange pide a Suecia que revoque la orden de arresto en su contra - El Digital de Asturias","twitter:description":"El fundador de Wikileaks, Julian Assange, ha solicitado a la Justicia sueca que retire la orden de arresto que actualmente pesa en su contra por supuesto abuso sexual tras conocer el dictamen de Naciones Unidas que declara que su estancia actual en la Embajada ecuatoriana en Londres equivale a una &quot;detenci\u00f3n arbitraria&quot;. &quot;Creemos que han","twitter:image":"https:\/\/www.eldigitaldeasturias.com\/noticias\/wp-content\/uploads\/2016\/02\/fotonoticia_20160222140544_800.jpg","twitter:label1":"Escrito por","twitter:data1":"El Digital de Asturias","twitter:label2":"Tiempo de lectura estimado","twitter:data2":"2 minutos"},"aioseo_meta_data":{"post_id":"861085","title":null,"description":null,"keywords":null,"keyphrases":null,"primary_term":null,"canonical_url":null,"og_title":null,"og_description":null,"og_object_type":"default","og_image_type":"default","og_image_url":null,"og_image_width":null,"og_image_height":null,"og_image_custom_url":null,"og_image_custom_fields":null,"og_video":null,"og_custom_url":null,"og_article_section":null,"og_article_tags":null,"twitter_use_og":false,"twitter_card":"default","twitter_image_type":"default","twitter_image_url":null,"twitter_image_custom_url":null,"twitter_image_custom_fields":null,"twitter_title":null,"twitter_description":null,"schema":{"blockGraphs":[],"customGraphs":[],"default":{"data":{"Article":[],"Course":[],"Dataset":[],"FAQPage":[],"Movie":[],"Person":[],"Product":[],"ProductReview":[],"Car":[],"Recipe":[],"Service":[],"SoftwareApplication":[],"WebPage":[]},"graphName":"","isEnabled":true},"graphs":[],"defaultGraph":"","defaultPostTypeGraph":""},"schema_type":null,"schema_type_options":null,"pillar_content":false,"robots_default":true,"robots_noindex":false,"robots_noarchive":false,"robots_nosnippet":false,"robots_nofollow":false,"robots_noimageindex":false,"robots_noodp":false,"robots_notranslate":false,"robots_max_snippet":null,"robots_max_videopreview":null,"robots_max_imagepreview":"large","priority":null,"frequency":null,"local_seo":null,"seo_analyzer_scan_date":"2025-12-10 20:00:10","breadcrumb_settings":null,"limit_modified_date":false,"open_ai":null,"ai":null,"created":"2021-01-22 06:36:20","updated":"2025-12-10 20:00:10"},"aioseo_breadcrumb":"<div class=\"aioseo-breadcrumbs\"><span class=\"aioseo-breadcrumb\">\n\t<a href=\"https:\/\/www.eldigitaldeasturias.com\/noticias\" title=\"Home\">Home<\/a>\n<\/span><span class=\"aioseo-breadcrumb-separator\">\u2013<\/span><span class=\"aioseo-breadcrumb\">\n\t<a href=\"https:\/\/www.eldigitaldeasturias.com\/noticias\/category\/actualidad\/\" title=\"Actualidad\">Actualidad<\/a>\n<\/span><span class=\"aioseo-breadcrumb-separator\">\u2013<\/span><span class=\"aioseo-breadcrumb\">\n\t<a href=\"https:\/\/www.eldigitaldeasturias.com\/noticias\/assange-pide-a-suecia-que-revoque-la-orden-de-arresto-en-su-contra\/\" title=\"Assange pide a Suecia que revoque la orden de arresto en su contra\">Assange pide a Suecia que revoque la orden de arresto en su contra<\/a>\n<\/span><\/div>","aioseo_breadcrumb_json":[{"label":"Home","link":"https:\/\/www.eldigitaldeasturias.com\/noticias"},{"label":"Actualidad","link":"https:\/\/www.eldigitaldeasturias.com\/noticias\/category\/actualidad\/"},{"label":"Assange pide a Suecia que revoque la orden de arresto en su contra","link":"https:\/\/www.eldigitaldeasturias.com\/noticias\/assange-pide-a-suecia-que-revoque-la-orden-de-arresto-en-su-contra\/"}],"_links":{"self":[{"href":"https:\/\/www.eldigitaldeasturias.com\/noticias\/wp-json\/wp\/v2\/posts\/861085","targetHints":{"allow":["GET"]}}],"collection":[{"href":"https:\/\/www.eldigitaldeasturias.com\/noticias\/wp-json\/wp\/v2\/posts"}],"about":[{"href":"https:\/\/www.eldigitaldeasturias.com\/noticias\/wp-json\/wp\/v2\/types\/post"}],"author":[{"embeddable":true,"href":"https:\/\/www.eldigitaldeasturias.com\/noticias\/wp-json\/wp\/v2\/users\/1"}],"replies":[{"embeddable":true,"href":"https:\/\/www.eldigitaldeasturias.com\/noticias\/wp-json\/wp\/v2\/comments?post=861085"}],"version-history":[{"count":0,"href":"https:\/\/www.eldigitaldeasturias.com\/noticias\/wp-json\/wp\/v2\/posts\/861085\/revisions"}],"wp:featuredmedia":[{"embeddable":true,"href":"https:\/\/www.eldigitaldeasturias.com\/noticias\/wp-json\/wp\/v2\/media\/861086"}],"wp:attachment":[{"href":"https:\/\/www.eldigitaldeasturias.com\/noticias\/wp-json\/wp\/v2\/media?parent=861085"}],"wp:term":[{"taxonomy":"category","embeddable":true,"href":"https:\/\/www.eldigitaldeasturias.com\/noticias\/wp-json\/wp\/v2\/categories?post=861085"},{"taxonomy":"post_tag","embeddable":true,"href":"https:\/\/www.eldigitaldeasturias.com\/noticias\/wp-json\/wp\/v2\/tags?post=861085"}],"curies":[{"name":"wp","href":"https:\/\/api.w.org\/{rel}","templated":true}]}}