{"id":861082,"date":"2016-02-23T04:40:25","date_gmt":"2016-02-23T04:40:25","guid":{"rendered":"http:\/\/www.eldigitaldeasturias.com\/noticias\/?p=861082"},"modified":"2016-02-23T04:40:25","modified_gmt":"2016-02-23T04:40:25","slug":"pekin-duplicara-el-numero-de-estaciones-de-medicion-de-la-calidad-del-aire","status":"publish","type":"post","link":"https:\/\/www.eldigitaldeasturias.com\/noticias\/pekin-duplicara-el-numero-de-estaciones-de-medicion-de-la-calidad-del-aire\/","title":{"rendered":"Pek\u00edn duplicar\u00e1 el n\u00famero de estaciones de medici\u00f3n de la calidad del aire"},"content":{"rendered":"<p><img loading=\"lazy\" decoding=\"async\" class=\"alignleft size-medium wp-image-861083\" src=\"https:\/\/www.eldigitaldeasturias.com\/noticias\/wp-content\/uploads\/2016\/02\/fotonoticia_20160222131527_800-360x265.jpg\" alt=\"fotonoticia_20160222131527_800\" width=\"360\" height=\"265\" srcset=\"https:\/\/www.eldigitaldeasturias.com\/noticias\/wp-content\/uploads\/2016\/02\/fotonoticia_20160222131527_800-360x265.jpg 360w, https:\/\/www.eldigitaldeasturias.com\/noticias\/wp-content\/uploads\/2016\/02\/fotonoticia_20160222131527_800-768x565.jpg 768w, https:\/\/www.eldigitaldeasturias.com\/noticias\/wp-content\/uploads\/2016\/02\/fotonoticia_20160222131527_800-650x479.jpg 650w, https:\/\/www.eldigitaldeasturias.com\/noticias\/wp-content\/uploads\/2016\/02\/fotonoticia_20160222131527_800-100x75.jpg 100w, https:\/\/www.eldigitaldeasturias.com\/noticias\/wp-content\/uploads\/2016\/02\/fotonoticia_20160222131527_800.jpg 800w\" sizes=\"auto, (max-width: 360px) 100vw, 360px\" \/>Las autoridades medioambientales de Pek\u00edn han anunciado este lunes que duplicar\u00e1n el n\u00famero de estaciones dedicadas a la medici\u00f3n de la calidad del aire en la contaminada capital china, aunque todav\u00eda no han dado plazos para su instalaci\u00f3n, seg\u00fan ha informado la agencia oficial de noticias Xinhua.<\/p>\n<p>Existe la intenci\u00f3n de sumar, concretamente, 30 estaciones adicionales a las 35 ya operativas, en particular en zonas escolares, seg\u00fan el director del Centro de Supervisi\u00f3n Medioambiental Municipal de Pek\u00edn, Zhang Dawei.<\/p>\n<p>Pek\u00edn es una de las ciudades m\u00e1s contaminadas del mundo, por sus veh\u00edculos, por el cintur\u00f3n industrial que la rodea y por su disposici\u00f3n geogr\u00e1fica que impide la r\u00e1pida circulaci\u00f3n del viento. El Gobierno chino ha manifestado su intenci\u00f3n de reducir la poluci\u00f3n en un 40 por ciento respecto de los niveles de 2013.<\/p>\n<p>\u00abTras la mejora tendremos m\u00e1s datos sobre la calidad del aire\u00bb, seg\u00fan el funcionario, que no precis\u00f3 cu\u00e1ndo comenzar\u00e1 esta iniciativa.<\/p>\n","protected":false},"excerpt":{"rendered":"<p>Las autoridades medioambientales de Pek\u00edn han anunciado este lunes que duplicar\u00e1n el n\u00famero de estaciones dedicadas a la medici\u00f3n de la calidad del aire en la contaminada capital china, aunque todav\u00eda no han dado plazos para su instalaci\u00f3n, seg\u00fan ha informado la agencia oficial de noticias Xinhua. Existe la intenci\u00f3n de sumar, concretamente, 30 estaciones [&hellip;]<\/p>\n","protected":false},"author":1,"featured_media":861083,"comment_status":"closed","ping_status":"closed","sticky":false,"template":"","format":"standard","meta":{"footnotes":""},"categories":[28],"tags":[],"class_list":["post-861082","post","type-post","status-publish","format-standard","has-post-thumbnail","hentry","category-sociedad"],"aioseo_notices":[],"aioseo_head":"\n\t\t<!-- All in One SEO Pro 4.9.6.2 - aioseo.com -->\n\t<meta name=\"description\" content=\"Las autoridades medioambientales de Pek\u00edn han anunciado este lunes que duplicar\u00e1n el n\u00famero de estaciones dedicadas a la medici\u00f3n de la calidad del aire en la contaminada capital china, aunque todav\u00eda no han dado plazos para su instalaci\u00f3n, seg\u00fan ha informado la agencia oficial de noticias Xinhua. Existe la intenci\u00f3n de sumar, concretamente, 30 estaciones\" \/>\n\t<meta name=\"robots\" content=\"max-image-preview:large\" \/>\n\t<meta name=\"author\" content=\"El Digital de Asturias\"\/>\n\t<meta name=\"google-site-verification\" content=\"UA-38556648-1\" \/>\n\t<meta name=\"msvalidate.01\" content=\"7dfe9f3f1b24437ab69f4f2559babe99\" \/>\n\t<meta name=\"keywords\" content=\"sociedad\" \/>\n\t<link rel=\"canonical\" href=\"https:\/\/www.eldigitaldeasturias.com\/noticias\/pekin-duplicara-el-numero-de-estaciones-de-medicion-de-la-calidad-del-aire\/\" \/>\n\t<meta name=\"generator\" content=\"All in One SEO Pro (AIOSEO) 4.9.6.2\" \/>\n\t\t<meta property=\"og:locale\" content=\"es_ES\" \/>\n\t\t<meta property=\"og:site_name\" content=\"El Digital de Asturias\" \/>\n\t\t<meta property=\"og:type\" content=\"article\" \/>\n\t\t<meta property=\"og:title\" content=\"Pek\u00edn duplicar\u00e1 el n\u00famero de estaciones de medici\u00f3n de la calidad del aire - El Digital de Asturias\" \/>\n\t\t<meta property=\"og:description\" content=\"Las autoridades medioambientales de Pek\u00edn han anunciado este lunes que duplicar\u00e1n el n\u00famero de estaciones dedicadas a la medici\u00f3n de la calidad del aire en la contaminada capital china, aunque todav\u00eda no han dado plazos para su instalaci\u00f3n, seg\u00fan ha informado la agencia oficial de noticias Xinhua. Existe la intenci\u00f3n de sumar, concretamente, 30 estaciones\" \/>\n\t\t<meta property=\"og:url\" content=\"https:\/\/www.eldigitaldeasturias.com\/noticias\/pekin-duplicara-el-numero-de-estaciones-de-medicion-de-la-calidad-del-aire\/\" \/>\n\t\t<meta property=\"og:image\" content=\"https:\/\/www.eldigitaldeasturias.com\/noticias\/wp-content\/uploads\/2016\/02\/fotonoticia_20160222131527_800.jpg\" \/>\n\t\t<meta property=\"og:image:secure_url\" content=\"https:\/\/www.eldigitaldeasturias.com\/noticias\/wp-content\/uploads\/2016\/02\/fotonoticia_20160222131527_800.jpg\" \/>\n\t\t<meta property=\"og:image:width\" content=\"800\" \/>\n\t\t<meta property=\"og:image:height\" content=\"589\" \/>\n\t\t<meta property=\"article:tag\" content=\"sociedad\" \/>\n\t\t<meta property=\"article:published_time\" content=\"2016-02-23T04:40:25+00:00\" \/>\n\t\t<meta property=\"article:modified_time\" content=\"2016-02-23T04:40:25+00:00\" \/>\n\t\t<meta property=\"article:publisher\" content=\"https:\/\/facebook.com\/eldigitaldeasturias\" \/>\n\t\t<meta name=\"twitter:card\" content=\"summary_large_image\" \/>\n\t\t<meta name=\"twitter:title\" content=\"Pek\u00edn duplicar\u00e1 el n\u00famero de estaciones de medici\u00f3n de la calidad del aire - El Digital de Asturias\" \/>\n\t\t<meta name=\"twitter:description\" content=\"Las autoridades medioambientales de Pek\u00edn han anunciado este lunes que duplicar\u00e1n el n\u00famero de estaciones dedicadas a la medici\u00f3n de la calidad del aire en la contaminada capital china, aunque todav\u00eda no han dado plazos para su instalaci\u00f3n, seg\u00fan ha informado la agencia oficial de noticias Xinhua. Existe la intenci\u00f3n de sumar, concretamente, 30 estaciones\" \/>\n\t\t<meta name=\"twitter:image\" content=\"https:\/\/www.eldigitaldeasturias.com\/noticias\/wp-content\/uploads\/2016\/02\/fotonoticia_20160222131527_800.jpg\" \/>\n\t\t<meta name=\"twitter:label1\" content=\"Escrito por\" \/>\n\t\t<meta name=\"twitter:data1\" content=\"El Digital de Asturias\" \/>\n\t\t<meta name=\"twitter:label2\" content=\"Tiempo de lectura estimado\" \/>\n\t\t<meta name=\"twitter:data2\" content=\"1 minuto\" \/>\n\t\t<script type=\"application\/ld+json\" class=\"aioseo-schema\">\n\t\t\t{\"@context\":\"https:\\\/\\\/schema.org\",\"@graph\":[{\"@type\":\"BlogPosting\",\"@id\":\"https:\\\/\\\/www.eldigitaldeasturias.com\\\/noticias\\\/pekin-duplicara-el-numero-de-estaciones-de-medicion-de-la-calidad-del-aire\\\/#blogposting\",\"name\":\"Pek\\u00edn duplicar\\u00e1 el n\\u00famero de estaciones de medici\\u00f3n de la calidad del aire - El Digital de Asturias\",\"headline\":\"Pek\\u00edn duplicar\\u00e1 el n\\u00famero de estaciones de medici\\u00f3n de la calidad del aire\",\"author\":{\"@id\":\"https:\\\/\\\/www.eldigitaldeasturias.com\\\/noticias\\\/author\\\/admin\\\/#author\"},\"publisher\":{\"@id\":\"https:\\\/\\\/www.eldigitaldeasturias.com\\\/noticias\\\/#organization\"},\"image\":{\"@type\":\"ImageObject\",\"url\":\"https:\\\/\\\/www.eldigitaldeasturias.com\\\/noticias\\\/wp-content\\\/uploads\\\/2016\\\/02\\\/fotonoticia_20160222131527_800.jpg\",\"width\":800,\"height\":589},\"datePublished\":\"2016-02-23T04:40:25+01:00\",\"dateModified\":\"2016-02-23T04:40:25+01:00\",\"inLanguage\":\"es-ES\",\"mainEntityOfPage\":{\"@id\":\"https:\\\/\\\/www.eldigitaldeasturias.com\\\/noticias\\\/pekin-duplicara-el-numero-de-estaciones-de-medicion-de-la-calidad-del-aire\\\/#webpage\"},\"isPartOf\":{\"@id\":\"https:\\\/\\\/www.eldigitaldeasturias.com\\\/noticias\\\/pekin-duplicara-el-numero-de-estaciones-de-medicion-de-la-calidad-del-aire\\\/#webpage\"},\"articleSection\":\"Sociedad\"},{\"@type\":\"BreadcrumbList\",\"@id\":\"https:\\\/\\\/www.eldigitaldeasturias.com\\\/noticias\\\/pekin-duplicara-el-numero-de-estaciones-de-medicion-de-la-calidad-del-aire\\\/#breadcrumblist\",\"itemListElement\":[{\"@type\":\"ListItem\",\"@id\":\"https:\\\/\\\/www.eldigitaldeasturias.com\\\/noticias#listItem\",\"position\":1,\"name\":\"Home\",\"item\":\"https:\\\/\\\/www.eldigitaldeasturias.com\\\/noticias\",\"nextItem\":{\"@type\":\"ListItem\",\"@id\":\"https:\\\/\\\/www.eldigitaldeasturias.com\\\/noticias\\\/category\\\/sociedad\\\/#listItem\",\"name\":\"Sociedad\"}},{\"@type\":\"ListItem\",\"@id\":\"https:\\\/\\\/www.eldigitaldeasturias.com\\\/noticias\\\/category\\\/sociedad\\\/#listItem\",\"position\":2,\"name\":\"Sociedad\",\"item\":\"https:\\\/\\\/www.eldigitaldeasturias.com\\\/noticias\\\/category\\\/sociedad\\\/\",\"nextItem\":{\"@type\":\"ListItem\",\"@id\":\"https:\\\/\\\/www.eldigitaldeasturias.com\\\/noticias\\\/pekin-duplicara-el-numero-de-estaciones-de-medicion-de-la-calidad-del-aire\\\/#listItem\",\"name\":\"Pek\\u00edn duplicar\\u00e1 el n\\u00famero de estaciones de medici\\u00f3n de la calidad del aire\"},\"previousItem\":{\"@type\":\"ListItem\",\"@id\":\"https:\\\/\\\/www.eldigitaldeasturias.com\\\/noticias#listItem\",\"name\":\"Home\"}},{\"@type\":\"ListItem\",\"@id\":\"https:\\\/\\\/www.eldigitaldeasturias.com\\\/noticias\\\/pekin-duplicara-el-numero-de-estaciones-de-medicion-de-la-calidad-del-aire\\\/#listItem\",\"position\":3,\"name\":\"Pek\\u00edn duplicar\\u00e1 el n\\u00famero de estaciones de medici\\u00f3n de la calidad del aire\",\"previousItem\":{\"@type\":\"ListItem\",\"@id\":\"https:\\\/\\\/www.eldigitaldeasturias.com\\\/noticias\\\/category\\\/sociedad\\\/#listItem\",\"name\":\"Sociedad\"}}]},{\"@type\":\"Organization\",\"@id\":\"https:\\\/\\\/www.eldigitaldeasturias.com\\\/noticias\\\/#organization\",\"name\":\"El Digital de Asturias\",\"description\":\"Hemeroteca\",\"url\":\"https:\\\/\\\/www.eldigitaldeasturias.com\\\/noticias\\\/\",\"email\":\"info@eldigitaldeasturias.com\",\"telephone\":\"+34652131393\",\"logo\":{\"@type\":\"ImageObject\",\"url\":\"https:\\\/\\\/www.eldigitaldeasturias.com\\\/noticias\\\/wp-content\\\/uploads\\\/2020\\\/12\\\/EDA.jpg\",\"@id\":\"https:\\\/\\\/www.eldigitaldeasturias.com\\\/noticias\\\/pekin-duplicara-el-numero-de-estaciones-de-medicion-de-la-calidad-del-aire\\\/#organizationLogo\",\"width\":649,\"height\":297},\"image\":{\"@id\":\"https:\\\/\\\/www.eldigitaldeasturias.com\\\/noticias\\\/pekin-duplicara-el-numero-de-estaciones-de-medicion-de-la-calidad-del-aire\\\/#organizationLogo\"},\"sameAs\":[\"https:\\\/\\\/facebook.com\\\/eldigitaldeasturias\",\"https:\\\/\\\/www.youtube.com\\\/channel\\\/UCZP-2wLEB9Rv6erhFmqVnvg\"],\"address\":{\"@id\":\"https:\\\/\\\/www.eldigitaldeasturias.com\\\/noticias\\\/#postaladdress\",\"@type\":\"PostalAddress\",\"streetAddress\":\"san antonio 4,\",\"postalCode\":\"33430\",\"addressLocality\":\"Cand\\u00e1s\",\"addressRegion\":\"Asturias\",\"addressCountry\":\"ES\"}},{\"@type\":\"Person\",\"@id\":\"https:\\\/\\\/www.eldigitaldeasturias.com\\\/noticias\\\/author\\\/admin\\\/#author\",\"url\":\"https:\\\/\\\/www.eldigitaldeasturias.com\\\/noticias\\\/author\\\/admin\\\/\",\"name\":\"El Digital de Asturias\",\"image\":{\"@type\":\"ImageObject\",\"@id\":\"https:\\\/\\\/www.eldigitaldeasturias.com\\\/noticias\\\/pekin-duplicara-el-numero-de-estaciones-de-medicion-de-la-calidad-del-aire\\\/#authorImage\",\"url\":\"https:\\\/\\\/www.eldigitaldeasturias.com\\\/noticias\\\/wp-content\\\/litespeed\\\/avatar\\\/18677e78aa0546b92d9dbf31ec7d7668.jpg?ver=1777290358\",\"width\":96,\"height\":96,\"caption\":\"El Digital de Asturias\"}},{\"@type\":\"WebPage\",\"@id\":\"https:\\\/\\\/www.eldigitaldeasturias.com\\\/noticias\\\/pekin-duplicara-el-numero-de-estaciones-de-medicion-de-la-calidad-del-aire\\\/#webpage\",\"url\":\"https:\\\/\\\/www.eldigitaldeasturias.com\\\/noticias\\\/pekin-duplicara-el-numero-de-estaciones-de-medicion-de-la-calidad-del-aire\\\/\",\"name\":\"Pek\\u00edn duplicar\\u00e1 el n\\u00famero de estaciones de medici\\u00f3n de la calidad del aire - El Digital de Asturias\",\"description\":\"Las autoridades medioambientales de Pek\\u00edn han anunciado este lunes que duplicar\\u00e1n el n\\u00famero de estaciones dedicadas a la medici\\u00f3n de la calidad del aire en la contaminada capital china, aunque todav\\u00eda no han dado plazos para su instalaci\\u00f3n, seg\\u00fan ha informado la agencia oficial de noticias Xinhua. Existe la intenci\\u00f3n de sumar, concretamente, 30 estaciones\",\"inLanguage\":\"es-ES\",\"isPartOf\":{\"@id\":\"https:\\\/\\\/www.eldigitaldeasturias.com\\\/noticias\\\/#website\"},\"breadcrumb\":{\"@id\":\"https:\\\/\\\/www.eldigitaldeasturias.com\\\/noticias\\\/pekin-duplicara-el-numero-de-estaciones-de-medicion-de-la-calidad-del-aire\\\/#breadcrumblist\"},\"author\":{\"@id\":\"https:\\\/\\\/www.eldigitaldeasturias.com\\\/noticias\\\/author\\\/admin\\\/#author\"},\"creator\":{\"@id\":\"https:\\\/\\\/www.eldigitaldeasturias.com\\\/noticias\\\/author\\\/admin\\\/#author\"},\"image\":{\"@type\":\"ImageObject\",\"url\":\"https:\\\/\\\/www.eldigitaldeasturias.com\\\/noticias\\\/wp-content\\\/uploads\\\/2016\\\/02\\\/fotonoticia_20160222131527_800.jpg\",\"@id\":\"https:\\\/\\\/www.eldigitaldeasturias.com\\\/noticias\\\/pekin-duplicara-el-numero-de-estaciones-de-medicion-de-la-calidad-del-aire\\\/#mainImage\",\"width\":800,\"height\":589},\"primaryImageOfPage\":{\"@id\":\"https:\\\/\\\/www.eldigitaldeasturias.com\\\/noticias\\\/pekin-duplicara-el-numero-de-estaciones-de-medicion-de-la-calidad-del-aire\\\/#mainImage\"},\"datePublished\":\"2016-02-23T04:40:25+01:00\",\"dateModified\":\"2016-02-23T04:40:25+01:00\"},{\"@type\":\"WebSite\",\"@id\":\"https:\\\/\\\/www.eldigitaldeasturias.com\\\/noticias\\\/#website\",\"url\":\"https:\\\/\\\/www.eldigitaldeasturias.com\\\/noticias\\\/\",\"name\":\"El Digital de Asturias - Diario de actualidad y noticias\",\"alternateName\":\"El Digital de Asturias - Diario de actualidad y noticias\",\"description\":\"Hemeroteca\",\"inLanguage\":\"es-ES\",\"publisher\":{\"@id\":\"https:\\\/\\\/www.eldigitaldeasturias.com\\\/noticias\\\/#organization\"}}]}\n\t\t<\/script>\n\t\t<!-- All in One SEO Pro -->\r\n\t\t<title>Pek\u00edn duplicar\u00e1 el n\u00famero de estaciones de medici\u00f3n de la calidad del aire - El Digital de Asturias<\/title>\n\n","aioseo_head_json":{"title":"Pek\u00edn duplicar\u00e1 el n\u00famero de estaciones de medici\u00f3n de la calidad del aire - El Digital de Asturias","description":"Las autoridades medioambientales de Pek\u00edn han anunciado este lunes que duplicar\u00e1n el n\u00famero de estaciones dedicadas a la medici\u00f3n de la calidad del aire en la contaminada capital china, aunque todav\u00eda no han dado plazos para su instalaci\u00f3n, seg\u00fan ha informado la agencia oficial de noticias Xinhua. Existe la intenci\u00f3n de sumar, concretamente, 30 estaciones","canonical_url":"https:\/\/www.eldigitaldeasturias.com\/noticias\/pekin-duplicara-el-numero-de-estaciones-de-medicion-de-la-calidad-del-aire\/","robots":"max-image-preview:large","keywords":"sociedad","webmasterTools":{"google-site-verification":"UA-38556648-1","msvalidate.01":"7dfe9f3f1b24437ab69f4f2559babe99","miscellaneous":""},"schema":{"@context":"https:\/\/schema.org","@graph":[{"@type":"BlogPosting","@id":"https:\/\/www.eldigitaldeasturias.com\/noticias\/pekin-duplicara-el-numero-de-estaciones-de-medicion-de-la-calidad-del-aire\/#blogposting","name":"Pek\u00edn duplicar\u00e1 el n\u00famero de estaciones de medici\u00f3n de la calidad del aire - El Digital de Asturias","headline":"Pek\u00edn duplicar\u00e1 el n\u00famero de estaciones de medici\u00f3n de la calidad del aire","author":{"@id":"https:\/\/www.eldigitaldeasturias.com\/noticias\/author\/admin\/#author"},"publisher":{"@id":"https:\/\/www.eldigitaldeasturias.com\/noticias\/#organization"},"image":{"@type":"ImageObject","url":"https:\/\/www.eldigitaldeasturias.com\/noticias\/wp-content\/uploads\/2016\/02\/fotonoticia_20160222131527_800.jpg","width":800,"height":589},"datePublished":"2016-02-23T04:40:25+01:00","dateModified":"2016-02-23T04:40:25+01:00","inLanguage":"es-ES","mainEntityOfPage":{"@id":"https:\/\/www.eldigitaldeasturias.com\/noticias\/pekin-duplicara-el-numero-de-estaciones-de-medicion-de-la-calidad-del-aire\/#webpage"},"isPartOf":{"@id":"https:\/\/www.eldigitaldeasturias.com\/noticias\/pekin-duplicara-el-numero-de-estaciones-de-medicion-de-la-calidad-del-aire\/#webpage"},"articleSection":"Sociedad"},{"@type":"BreadcrumbList","@id":"https:\/\/www.eldigitaldeasturias.com\/noticias\/pekin-duplicara-el-numero-de-estaciones-de-medicion-de-la-calidad-del-aire\/#breadcrumblist","itemListElement":[{"@type":"ListItem","@id":"https:\/\/www.eldigitaldeasturias.com\/noticias#listItem","position":1,"name":"Home","item":"https:\/\/www.eldigitaldeasturias.com\/noticias","nextItem":{"@type":"ListItem","@id":"https:\/\/www.eldigitaldeasturias.com\/noticias\/category\/sociedad\/#listItem","name":"Sociedad"}},{"@type":"ListItem","@id":"https:\/\/www.eldigitaldeasturias.com\/noticias\/category\/sociedad\/#listItem","position":2,"name":"Sociedad","item":"https:\/\/www.eldigitaldeasturias.com\/noticias\/category\/sociedad\/","nextItem":{"@type":"ListItem","@id":"https:\/\/www.eldigitaldeasturias.com\/noticias\/pekin-duplicara-el-numero-de-estaciones-de-medicion-de-la-calidad-del-aire\/#listItem","name":"Pek\u00edn duplicar\u00e1 el n\u00famero de estaciones de medici\u00f3n de la calidad del aire"},"previousItem":{"@type":"ListItem","@id":"https:\/\/www.eldigitaldeasturias.com\/noticias#listItem","name":"Home"}},{"@type":"ListItem","@id":"https:\/\/www.eldigitaldeasturias.com\/noticias\/pekin-duplicara-el-numero-de-estaciones-de-medicion-de-la-calidad-del-aire\/#listItem","position":3,"name":"Pek\u00edn duplicar\u00e1 el n\u00famero de estaciones de medici\u00f3n de la calidad del aire","previousItem":{"@type":"ListItem","@id":"https:\/\/www.eldigitaldeasturias.com\/noticias\/category\/sociedad\/#listItem","name":"Sociedad"}}]},{"@type":"Organization","@id":"https:\/\/www.eldigitaldeasturias.com\/noticias\/#organization","name":"El Digital de Asturias","description":"Hemeroteca","url":"https:\/\/www.eldigitaldeasturias.com\/noticias\/","email":"info@eldigitaldeasturias.com","telephone":"+34652131393","logo":{"@type":"ImageObject","url":"https:\/\/www.eldigitaldeasturias.com\/noticias\/wp-content\/uploads\/2020\/12\/EDA.jpg","@id":"https:\/\/www.eldigitaldeasturias.com\/noticias\/pekin-duplicara-el-numero-de-estaciones-de-medicion-de-la-calidad-del-aire\/#organizationLogo","width":649,"height":297},"image":{"@id":"https:\/\/www.eldigitaldeasturias.com\/noticias\/pekin-duplicara-el-numero-de-estaciones-de-medicion-de-la-calidad-del-aire\/#organizationLogo"},"sameAs":["https:\/\/facebook.com\/eldigitaldeasturias","https:\/\/www.youtube.com\/channel\/UCZP-2wLEB9Rv6erhFmqVnvg"],"address":{"@id":"https:\/\/www.eldigitaldeasturias.com\/noticias\/#postaladdress","@type":"PostalAddress","streetAddress":"san antonio 4,","postalCode":"33430","addressLocality":"Cand\u00e1s","addressRegion":"Asturias","addressCountry":"ES"}},{"@type":"Person","@id":"https:\/\/www.eldigitaldeasturias.com\/noticias\/author\/admin\/#author","url":"https:\/\/www.eldigitaldeasturias.com\/noticias\/author\/admin\/","name":"El Digital de Asturias","image":{"@type":"ImageObject","@id":"https:\/\/www.eldigitaldeasturias.com\/noticias\/pekin-duplicara-el-numero-de-estaciones-de-medicion-de-la-calidad-del-aire\/#authorImage","url":"https:\/\/www.eldigitaldeasturias.com\/noticias\/wp-content\/litespeed\/avatar\/18677e78aa0546b92d9dbf31ec7d7668.jpg?ver=1777290358","width":96,"height":96,"caption":"El Digital de Asturias"}},{"@type":"WebPage","@id":"https:\/\/www.eldigitaldeasturias.com\/noticias\/pekin-duplicara-el-numero-de-estaciones-de-medicion-de-la-calidad-del-aire\/#webpage","url":"https:\/\/www.eldigitaldeasturias.com\/noticias\/pekin-duplicara-el-numero-de-estaciones-de-medicion-de-la-calidad-del-aire\/","name":"Pek\u00edn duplicar\u00e1 el n\u00famero de estaciones de medici\u00f3n de la calidad del aire - El Digital de Asturias","description":"Las autoridades medioambientales de Pek\u00edn han anunciado este lunes que duplicar\u00e1n el n\u00famero de estaciones dedicadas a la medici\u00f3n de la calidad del aire en la contaminada capital china, aunque todav\u00eda no han dado plazos para su instalaci\u00f3n, seg\u00fan ha informado la agencia oficial de noticias Xinhua. Existe la intenci\u00f3n de sumar, concretamente, 30 estaciones","inLanguage":"es-ES","isPartOf":{"@id":"https:\/\/www.eldigitaldeasturias.com\/noticias\/#website"},"breadcrumb":{"@id":"https:\/\/www.eldigitaldeasturias.com\/noticias\/pekin-duplicara-el-numero-de-estaciones-de-medicion-de-la-calidad-del-aire\/#breadcrumblist"},"author":{"@id":"https:\/\/www.eldigitaldeasturias.com\/noticias\/author\/admin\/#author"},"creator":{"@id":"https:\/\/www.eldigitaldeasturias.com\/noticias\/author\/admin\/#author"},"image":{"@type":"ImageObject","url":"https:\/\/www.eldigitaldeasturias.com\/noticias\/wp-content\/uploads\/2016\/02\/fotonoticia_20160222131527_800.jpg","@id":"https:\/\/www.eldigitaldeasturias.com\/noticias\/pekin-duplicara-el-numero-de-estaciones-de-medicion-de-la-calidad-del-aire\/#mainImage","width":800,"height":589},"primaryImageOfPage":{"@id":"https:\/\/www.eldigitaldeasturias.com\/noticias\/pekin-duplicara-el-numero-de-estaciones-de-medicion-de-la-calidad-del-aire\/#mainImage"},"datePublished":"2016-02-23T04:40:25+01:00","dateModified":"2016-02-23T04:40:25+01:00"},{"@type":"WebSite","@id":"https:\/\/www.eldigitaldeasturias.com\/noticias\/#website","url":"https:\/\/www.eldigitaldeasturias.com\/noticias\/","name":"El Digital de Asturias - Diario de actualidad y noticias","alternateName":"El Digital de Asturias - Diario de actualidad y noticias","description":"Hemeroteca","inLanguage":"es-ES","publisher":{"@id":"https:\/\/www.eldigitaldeasturias.com\/noticias\/#organization"}}]},"og:locale":"es_ES","og:site_name":"El Digital de Asturias","og:type":"article","og:title":"Pek\u00edn duplicar\u00e1 el n\u00famero de estaciones de medici\u00f3n de la calidad del aire - El Digital de Asturias","og:description":"Las autoridades medioambientales de Pek\u00edn han anunciado este lunes que duplicar\u00e1n el n\u00famero de estaciones dedicadas a la medici\u00f3n de la calidad del aire en la contaminada capital china, aunque todav\u00eda no han dado plazos para su instalaci\u00f3n, seg\u00fan ha informado la agencia oficial de noticias Xinhua. Existe la intenci\u00f3n de sumar, concretamente, 30 estaciones","og:url":"https:\/\/www.eldigitaldeasturias.com\/noticias\/pekin-duplicara-el-numero-de-estaciones-de-medicion-de-la-calidad-del-aire\/","og:image":"https:\/\/www.eldigitaldeasturias.com\/noticias\/wp-content\/uploads\/2016\/02\/fotonoticia_20160222131527_800.jpg","og:image:secure_url":"https:\/\/www.eldigitaldeasturias.com\/noticias\/wp-content\/uploads\/2016\/02\/fotonoticia_20160222131527_800.jpg","og:image:width":800,"og:image:height":589,"article:tag":["sociedad"],"article:published_time":"2016-02-23T04:40:25+00:00","article:modified_time":"2016-02-23T04:40:25+00:00","article:publisher":"https:\/\/facebook.com\/eldigitaldeasturias","twitter:card":"summary_large_image","twitter:title":"Pek\u00edn duplicar\u00e1 el n\u00famero de estaciones de medici\u00f3n de la calidad del aire - El Digital de Asturias","twitter:description":"Las autoridades medioambientales de Pek\u00edn han anunciado este lunes que duplicar\u00e1n el n\u00famero de estaciones dedicadas a la medici\u00f3n de la calidad del aire en la contaminada capital china, aunque todav\u00eda no han dado plazos para su instalaci\u00f3n, seg\u00fan ha informado la agencia oficial de noticias Xinhua. Existe la intenci\u00f3n de sumar, concretamente, 30 estaciones","twitter:image":"https:\/\/www.eldigitaldeasturias.com\/noticias\/wp-content\/uploads\/2016\/02\/fotonoticia_20160222131527_800.jpg","twitter:label1":"Escrito por","twitter:data1":"El Digital de Asturias","twitter:label2":"Tiempo de lectura estimado","twitter:data2":"1 minuto"},"aioseo_meta_data":{"post_id":"861082","title":null,"description":null,"keywords":null,"keyphrases":null,"primary_term":null,"canonical_url":null,"og_title":null,"og_description":null,"og_object_type":"default","og_image_type":"default","og_image_url":null,"og_image_width":null,"og_image_height":null,"og_image_custom_url":null,"og_image_custom_fields":null,"og_video":null,"og_custom_url":null,"og_article_section":null,"og_article_tags":null,"twitter_use_og":false,"twitter_card":"default","twitter_image_type":"default","twitter_image_url":null,"twitter_image_custom_url":null,"twitter_image_custom_fields":null,"twitter_title":null,"twitter_description":null,"schema":{"blockGraphs":[],"customGraphs":[],"default":{"data":{"Article":[],"Course":[],"Dataset":[],"FAQPage":[],"Movie":[],"Person":[],"Product":[],"ProductReview":[],"Car":[],"Recipe":[],"Service":[],"SoftwareApplication":[],"WebPage":[]},"graphName":"","isEnabled":true},"graphs":[],"defaultGraph":"","defaultPostTypeGraph":""},"schema_type":null,"schema_type_options":null,"pillar_content":false,"robots_default":true,"robots_noindex":false,"robots_noarchive":false,"robots_nosnippet":false,"robots_nofollow":false,"robots_noimageindex":false,"robots_noodp":false,"robots_notranslate":false,"robots_max_snippet":null,"robots_max_videopreview":null,"robots_max_imagepreview":"large","priority":null,"frequency":null,"local_seo":null,"seo_analyzer_scan_date":"2025-12-10 20:00:09","breadcrumb_settings":null,"limit_modified_date":false,"open_ai":null,"ai":null,"created":"2021-01-23 03:58:53","updated":"2025-12-10 20:00:09"},"aioseo_breadcrumb":"<div class=\"aioseo-breadcrumbs\"><span class=\"aioseo-breadcrumb\">\n\t<a href=\"https:\/\/www.eldigitaldeasturias.com\/noticias\" title=\"Home\">Home<\/a>\n<\/span><span class=\"aioseo-breadcrumb-separator\">\u2013<\/span><span class=\"aioseo-breadcrumb\">\n\t<a href=\"https:\/\/www.eldigitaldeasturias.com\/noticias\/category\/sociedad\/\" title=\"Sociedad\">Sociedad<\/a>\n<\/span><span class=\"aioseo-breadcrumb-separator\">\u2013<\/span><span class=\"aioseo-breadcrumb\">\n\t<a href=\"https:\/\/www.eldigitaldeasturias.com\/noticias\/pekin-duplicara-el-numero-de-estaciones-de-medicion-de-la-calidad-del-aire\/\" title=\"Pek\u00edn duplicar\u00e1 el n\u00famero de estaciones de medici\u00f3n de la calidad del aire\">Pek\u00edn duplicar\u00e1 el n\u00famero de estaciones de medici\u00f3n de la calidad del aire<\/a>\n<\/span><\/div>","aioseo_breadcrumb_json":[{"label":"Home","link":"https:\/\/www.eldigitaldeasturias.com\/noticias"},{"label":"Sociedad","link":"https:\/\/www.eldigitaldeasturias.com\/noticias\/category\/sociedad\/"},{"label":"Pek\u00edn duplicar\u00e1 el n\u00famero de estaciones de medici\u00f3n de la calidad del aire","link":"https:\/\/www.eldigitaldeasturias.com\/noticias\/pekin-duplicara-el-numero-de-estaciones-de-medicion-de-la-calidad-del-aire\/"}],"_links":{"self":[{"href":"https:\/\/www.eldigitaldeasturias.com\/noticias\/wp-json\/wp\/v2\/posts\/861082","targetHints":{"allow":["GET"]}}],"collection":[{"href":"https:\/\/www.eldigitaldeasturias.com\/noticias\/wp-json\/wp\/v2\/posts"}],"about":[{"href":"https:\/\/www.eldigitaldeasturias.com\/noticias\/wp-json\/wp\/v2\/types\/post"}],"author":[{"embeddable":true,"href":"https:\/\/www.eldigitaldeasturias.com\/noticias\/wp-json\/wp\/v2\/users\/1"}],"replies":[{"embeddable":true,"href":"https:\/\/www.eldigitaldeasturias.com\/noticias\/wp-json\/wp\/v2\/comments?post=861082"}],"version-history":[{"count":0,"href":"https:\/\/www.eldigitaldeasturias.com\/noticias\/wp-json\/wp\/v2\/posts\/861082\/revisions"}],"wp:featuredmedia":[{"embeddable":true,"href":"https:\/\/www.eldigitaldeasturias.com\/noticias\/wp-json\/wp\/v2\/media\/861083"}],"wp:attachment":[{"href":"https:\/\/www.eldigitaldeasturias.com\/noticias\/wp-json\/wp\/v2\/media?parent=861082"}],"wp:term":[{"taxonomy":"category","embeddable":true,"href":"https:\/\/www.eldigitaldeasturias.com\/noticias\/wp-json\/wp\/v2\/categories?post=861082"},{"taxonomy":"post_tag","embeddable":true,"href":"https:\/\/www.eldigitaldeasturias.com\/noticias\/wp-json\/wp\/v2\/tags?post=861082"}],"curies":[{"name":"wp","href":"https:\/\/api.w.org\/{rel}","templated":true}]}}