{"id":861076,"date":"2016-02-23T04:37:11","date_gmt":"2016-02-23T04:37:11","guid":{"rendered":"http:\/\/www.eldigitaldeasturias.com\/noticias\/?p=861076"},"modified":"2016-02-23T04:37:11","modified_gmt":"2016-02-23T04:37:11","slug":"los-taliban-consolidan-su-control-en-helmand","status":"publish","type":"post","link":"https:\/\/www.eldigitaldeasturias.com\/noticias\/los-taliban-consolidan-su-control-en-helmand\/","title":{"rendered":"Los talib\u00e1n consolidan su control en Helmand"},"content":{"rendered":"<p><img loading=\"lazy\" decoding=\"async\" class=\"alignleft size-medium wp-image-861077\" src=\"https:\/\/www.eldigitaldeasturias.com\/noticias\/wp-content\/uploads\/2016\/02\/fotonoticia_20160222121242_800-360x264.jpg\" alt=\"fotonoticia_20160222121242_800\" width=\"360\" height=\"264\" srcset=\"https:\/\/www.eldigitaldeasturias.com\/noticias\/wp-content\/uploads\/2016\/02\/fotonoticia_20160222121242_800-360x264.jpg 360w, https:\/\/www.eldigitaldeasturias.com\/noticias\/wp-content\/uploads\/2016\/02\/fotonoticia_20160222121242_800-768x564.jpg 768w, https:\/\/www.eldigitaldeasturias.com\/noticias\/wp-content\/uploads\/2016\/02\/fotonoticia_20160222121242_800-650x477.jpg 650w, https:\/\/www.eldigitaldeasturias.com\/noticias\/wp-content\/uploads\/2016\/02\/fotonoticia_20160222121242_800.jpg 800w\" sizes=\"auto, (max-width: 360px) 100vw, 360px\" \/>Las fuerzas gubernamentales afganas se han retirado de un segundo distrito de la provincia de Helmand, seg\u00fan han informado las autoridades este lunes, dejando a los talib\u00e1n con el control de buena parte del norte de la provincia despu\u00e9s de que las tropas se retiraran del distrito de Musa Qala la semana pasada.<\/p>\n<p>Las retiradas plantean dudas sobre la capacidad de las fuerzas de seguridad afganas de hacer frente a los talib\u00e1n tras la retirada de las fuerzas internacionales en 2014 de buena parte de las operaciones de combate, que les dejaron pr\u00e1cticamente combatiendo en solitario.<\/p>\n<p>Fuentes militares y gubernamentales han indicado que las fuerzas de seguridad han abandonado el distrito de Nawzad, fronterizo con Musa Qala, y concentrar\u00e1n su fuerza en defender la zona en torno a la capital provincial, Lashkar Gah, y la principal autov\u00eda entre Kabul y la ciudad de Herat, en el oeste.<\/p>\n<p>Seg\u00fan fuentes estadounidenses, los talib\u00e1n ya controlan o amenazan alrededor de un tercio de Afganist\u00e1n, aunque hasta ahora no han conseguido hacerse con ninguna capital provincial al margen de su breve toma de Kunduz, en el norte, el a\u00f1o pasado.<\/p>\n<p>Helmand, un importante centro de producci\u00f3n de opio en el que miles de soldados estadounidenses y brit\u00e1nicos lucharon por someter a los talib\u00e1n, lleva meses alej\u00e1ndose del control del Goiberno a medida que los insurgentes avanzan en las zonas rurales.<\/p>\n<p>Los \u00faltimos pasos dejan a las fuerzas de seguridad en una situaci\u00f3n delicada en la localidad de Sangin, al norte de la Autov\u00eda Uno, as\u00ed como en otras localidades y distritos m\u00e1s incluidos Gereshk, que se encuentra en la autov\u00eda, y Marjah, pr\u00f3xima a Lashkar Gah.<\/p>\n<p>\u00abHemos retirado nuestras fuerzas de Nawzad y Musa Qala en base a planes militares\u00bb, ha indicado Mohamad Rasul Zazai, portavoz del Cuerpo 215 del Ej\u00e9rcito. \u00abActualmente para nosotros Sangin, Marjah, Nad Ali y las zonas pr\u00f3ximas a Lashkar Gah y la autov\u00eda Kabul-Herat son la prioridad. Y ponemos todos nuestros esfuerzos en ellas\u00bb, ha a\u00f1adido.<\/p>\n<p>El gobernador de Helmand, Merza Jan Rahimi, tambi\u00e9n ha restado importancia a la decisi\u00f3n de retirarse de los dos distritos, que ha asegurado que podr\u00edan ser recuperados en cualquier momento. \u00abEs normal durante los combates avanzar o retirarse\u00bb, ha comentado. \u00abEsto no nos preocupa\u00bb, ha a\u00f1adido<\/p>\n<p>No obstante, las sorpresivas retiradas dejan a los talib\u00e1n listos para avanzar hacia el cercano distrito de Kajaki, donde se encuentra una gran presa hidroel\u00e9ctrica construida con millones de d\u00f3lares de la cooperaci\u00f3n estadounidense en el marco de los planes para dotar a Helmand y la vecina Kandahar de electricidad.<\/p>\n<p>Unidades de las Fuerzas Especiales estadounidenses han estado en la regi\u00f3n para ayudar a entrenar al Ej\u00e9rcito afgano y recientemente se envi\u00f3 a cientos de soldados estadounidenses m\u00e1s para reforzar la seguridad para la misi\u00f3n de entrenamiento.<\/p>\n","protected":false},"excerpt":{"rendered":"<p>Las fuerzas gubernamentales afganas se han retirado de un segundo distrito de la provincia de Helmand, seg\u00fan han informado las autoridades este lunes, dejando a los talib\u00e1n con el control de buena parte del norte de la provincia despu\u00e9s de que las tropas se retiraran del distrito de Musa Qala la semana pasada. Las retiradas [&hellip;]<\/p>\n","protected":false},"author":1,"featured_media":861077,"comment_status":"closed","ping_status":"closed","sticky":false,"template":"","format":"standard","meta":{"footnotes":""},"categories":[1],"tags":[],"class_list":["post-861076","post","type-post","status-publish","format-standard","has-post-thumbnail","hentry","category-actualidad"],"aioseo_notices":[],"aioseo_head":"\n\t\t<!-- All in One SEO Pro 4.9.6.2 - aioseo.com -->\n\t<meta name=\"description\" content=\"Las fuerzas gubernamentales afganas se han retirado de un segundo distrito de la provincia de Helmand, seg\u00fan han informado las autoridades este lunes, dejando a los talib\u00e1n con el control de buena parte del norte de la provincia despu\u00e9s de que las tropas se retiraran del distrito de Musa Qala la semana pasada. Las retiradas\" \/>\n\t<meta name=\"robots\" content=\"max-image-preview:large\" \/>\n\t<meta name=\"author\" content=\"El Digital de Asturias\"\/>\n\t<meta name=\"google-site-verification\" content=\"UA-38556648-1\" \/>\n\t<meta name=\"msvalidate.01\" content=\"7dfe9f3f1b24437ab69f4f2559babe99\" \/>\n\t<meta name=\"keywords\" content=\"actualidad\" \/>\n\t<link rel=\"canonical\" href=\"https:\/\/www.eldigitaldeasturias.com\/noticias\/los-taliban-consolidan-su-control-en-helmand\/\" \/>\n\t<meta name=\"generator\" content=\"All in One SEO Pro (AIOSEO) 4.9.6.2\" \/>\n\t\t<meta property=\"og:locale\" content=\"es_ES\" \/>\n\t\t<meta property=\"og:site_name\" content=\"El Digital de Asturias\" \/>\n\t\t<meta property=\"og:type\" content=\"article\" \/>\n\t\t<meta property=\"og:title\" content=\"Los talib\u00e1n consolidan su control en Helmand - El Digital de Asturias\" \/>\n\t\t<meta property=\"og:description\" content=\"Las fuerzas gubernamentales afganas se han retirado de un segundo distrito de la provincia de Helmand, seg\u00fan han informado las autoridades este lunes, dejando a los talib\u00e1n con el control de buena parte del norte de la provincia despu\u00e9s de que las tropas se retiraran del distrito de Musa Qala la semana pasada. Las retiradas\" \/>\n\t\t<meta property=\"og:url\" content=\"https:\/\/www.eldigitaldeasturias.com\/noticias\/los-taliban-consolidan-su-control-en-helmand\/\" \/>\n\t\t<meta property=\"og:image\" content=\"https:\/\/www.eldigitaldeasturias.com\/noticias\/wp-content\/uploads\/2016\/02\/fotonoticia_20160222121242_800.jpg\" \/>\n\t\t<meta property=\"og:image:secure_url\" content=\"https:\/\/www.eldigitaldeasturias.com\/noticias\/wp-content\/uploads\/2016\/02\/fotonoticia_20160222121242_800.jpg\" \/>\n\t\t<meta property=\"og:image:width\" content=\"800\" \/>\n\t\t<meta property=\"og:image:height\" content=\"587\" \/>\n\t\t<meta property=\"article:tag\" content=\"actualidad\" \/>\n\t\t<meta property=\"article:published_time\" content=\"2016-02-23T04:37:11+00:00\" \/>\n\t\t<meta property=\"article:modified_time\" content=\"2016-02-23T04:37:11+00:00\" \/>\n\t\t<meta property=\"article:publisher\" content=\"https:\/\/facebook.com\/eldigitaldeasturias\" \/>\n\t\t<meta name=\"twitter:card\" content=\"summary_large_image\" \/>\n\t\t<meta name=\"twitter:title\" content=\"Los talib\u00e1n consolidan su control en Helmand - El Digital de Asturias\" \/>\n\t\t<meta name=\"twitter:description\" content=\"Las fuerzas gubernamentales afganas se han retirado de un segundo distrito de la provincia de Helmand, seg\u00fan han informado las autoridades este lunes, dejando a los talib\u00e1n con el control de buena parte del norte de la provincia despu\u00e9s de que las tropas se retiraran del distrito de Musa Qala la semana pasada. Las retiradas\" \/>\n\t\t<meta name=\"twitter:image\" content=\"https:\/\/www.eldigitaldeasturias.com\/noticias\/wp-content\/uploads\/2016\/02\/fotonoticia_20160222121242_800.jpg\" \/>\n\t\t<meta name=\"twitter:label1\" content=\"Escrito por\" \/>\n\t\t<meta name=\"twitter:data1\" content=\"El Digital de Asturias\" \/>\n\t\t<meta name=\"twitter:label2\" content=\"Tiempo de lectura estimado\" \/>\n\t\t<meta name=\"twitter:data2\" content=\"2 minutos\" \/>\n\t\t<script type=\"application\/ld+json\" class=\"aioseo-schema\">\n\t\t\t{\"@context\":\"https:\\\/\\\/schema.org\",\"@graph\":[{\"@type\":\"BlogPosting\",\"@id\":\"https:\\\/\\\/www.eldigitaldeasturias.com\\\/noticias\\\/los-taliban-consolidan-su-control-en-helmand\\\/#blogposting\",\"name\":\"Los talib\\u00e1n consolidan su control en Helmand - El Digital de Asturias\",\"headline\":\"Los talib\\u00e1n consolidan su control en Helmand\",\"author\":{\"@id\":\"https:\\\/\\\/www.eldigitaldeasturias.com\\\/noticias\\\/author\\\/admin\\\/#author\"},\"publisher\":{\"@id\":\"https:\\\/\\\/www.eldigitaldeasturias.com\\\/noticias\\\/#organization\"},\"image\":{\"@type\":\"ImageObject\",\"url\":\"https:\\\/\\\/www.eldigitaldeasturias.com\\\/noticias\\\/wp-content\\\/uploads\\\/2016\\\/02\\\/fotonoticia_20160222121242_800.jpg\",\"width\":800,\"height\":587},\"datePublished\":\"2016-02-23T04:37:11+01:00\",\"dateModified\":\"2016-02-23T04:37:11+01:00\",\"inLanguage\":\"es-ES\",\"mainEntityOfPage\":{\"@id\":\"https:\\\/\\\/www.eldigitaldeasturias.com\\\/noticias\\\/los-taliban-consolidan-su-control-en-helmand\\\/#webpage\"},\"isPartOf\":{\"@id\":\"https:\\\/\\\/www.eldigitaldeasturias.com\\\/noticias\\\/los-taliban-consolidan-su-control-en-helmand\\\/#webpage\"},\"articleSection\":\"Actualidad\"},{\"@type\":\"BreadcrumbList\",\"@id\":\"https:\\\/\\\/www.eldigitaldeasturias.com\\\/noticias\\\/los-taliban-consolidan-su-control-en-helmand\\\/#breadcrumblist\",\"itemListElement\":[{\"@type\":\"ListItem\",\"@id\":\"https:\\\/\\\/www.eldigitaldeasturias.com\\\/noticias#listItem\",\"position\":1,\"name\":\"Home\",\"item\":\"https:\\\/\\\/www.eldigitaldeasturias.com\\\/noticias\",\"nextItem\":{\"@type\":\"ListItem\",\"@id\":\"https:\\\/\\\/www.eldigitaldeasturias.com\\\/noticias\\\/category\\\/actualidad\\\/#listItem\",\"name\":\"Actualidad\"}},{\"@type\":\"ListItem\",\"@id\":\"https:\\\/\\\/www.eldigitaldeasturias.com\\\/noticias\\\/category\\\/actualidad\\\/#listItem\",\"position\":2,\"name\":\"Actualidad\",\"item\":\"https:\\\/\\\/www.eldigitaldeasturias.com\\\/noticias\\\/category\\\/actualidad\\\/\",\"nextItem\":{\"@type\":\"ListItem\",\"@id\":\"https:\\\/\\\/www.eldigitaldeasturias.com\\\/noticias\\\/los-taliban-consolidan-su-control-en-helmand\\\/#listItem\",\"name\":\"Los talib\\u00e1n consolidan su control en Helmand\"},\"previousItem\":{\"@type\":\"ListItem\",\"@id\":\"https:\\\/\\\/www.eldigitaldeasturias.com\\\/noticias#listItem\",\"name\":\"Home\"}},{\"@type\":\"ListItem\",\"@id\":\"https:\\\/\\\/www.eldigitaldeasturias.com\\\/noticias\\\/los-taliban-consolidan-su-control-en-helmand\\\/#listItem\",\"position\":3,\"name\":\"Los talib\\u00e1n consolidan su control en Helmand\",\"previousItem\":{\"@type\":\"ListItem\",\"@id\":\"https:\\\/\\\/www.eldigitaldeasturias.com\\\/noticias\\\/category\\\/actualidad\\\/#listItem\",\"name\":\"Actualidad\"}}]},{\"@type\":\"Organization\",\"@id\":\"https:\\\/\\\/www.eldigitaldeasturias.com\\\/noticias\\\/#organization\",\"name\":\"El Digital de Asturias\",\"description\":\"Hemeroteca\",\"url\":\"https:\\\/\\\/www.eldigitaldeasturias.com\\\/noticias\\\/\",\"email\":\"info@eldigitaldeasturias.com\",\"telephone\":\"+34652131393\",\"logo\":{\"@type\":\"ImageObject\",\"url\":\"https:\\\/\\\/www.eldigitaldeasturias.com\\\/noticias\\\/wp-content\\\/uploads\\\/2020\\\/12\\\/EDA.jpg\",\"@id\":\"https:\\\/\\\/www.eldigitaldeasturias.com\\\/noticias\\\/los-taliban-consolidan-su-control-en-helmand\\\/#organizationLogo\",\"width\":649,\"height\":297},\"image\":{\"@id\":\"https:\\\/\\\/www.eldigitaldeasturias.com\\\/noticias\\\/los-taliban-consolidan-su-control-en-helmand\\\/#organizationLogo\"},\"sameAs\":[\"https:\\\/\\\/facebook.com\\\/eldigitaldeasturias\",\"https:\\\/\\\/www.youtube.com\\\/channel\\\/UCZP-2wLEB9Rv6erhFmqVnvg\"],\"address\":{\"@id\":\"https:\\\/\\\/www.eldigitaldeasturias.com\\\/noticias\\\/#postaladdress\",\"@type\":\"PostalAddress\",\"streetAddress\":\"san antonio 4,\",\"postalCode\":\"33430\",\"addressLocality\":\"Cand\\u00e1s\",\"addressRegion\":\"Asturias\",\"addressCountry\":\"ES\"}},{\"@type\":\"Person\",\"@id\":\"https:\\\/\\\/www.eldigitaldeasturias.com\\\/noticias\\\/author\\\/admin\\\/#author\",\"url\":\"https:\\\/\\\/www.eldigitaldeasturias.com\\\/noticias\\\/author\\\/admin\\\/\",\"name\":\"El Digital de Asturias\",\"image\":{\"@type\":\"ImageObject\",\"@id\":\"https:\\\/\\\/www.eldigitaldeasturias.com\\\/noticias\\\/los-taliban-consolidan-su-control-en-helmand\\\/#authorImage\",\"url\":\"https:\\\/\\\/www.eldigitaldeasturias.com\\\/noticias\\\/wp-content\\\/litespeed\\\/avatar\\\/18677e78aa0546b92d9dbf31ec7d7668.jpg?ver=1777290358\",\"width\":96,\"height\":96,\"caption\":\"El Digital de Asturias\"}},{\"@type\":\"WebPage\",\"@id\":\"https:\\\/\\\/www.eldigitaldeasturias.com\\\/noticias\\\/los-taliban-consolidan-su-control-en-helmand\\\/#webpage\",\"url\":\"https:\\\/\\\/www.eldigitaldeasturias.com\\\/noticias\\\/los-taliban-consolidan-su-control-en-helmand\\\/\",\"name\":\"Los talib\\u00e1n consolidan su control en Helmand - El Digital de Asturias\",\"description\":\"Las fuerzas gubernamentales afganas se han retirado de un segundo distrito de la provincia de Helmand, seg\\u00fan han informado las autoridades este lunes, dejando a los talib\\u00e1n con el control de buena parte del norte de la provincia despu\\u00e9s de que las tropas se retiraran del distrito de Musa Qala la semana pasada. Las retiradas\",\"inLanguage\":\"es-ES\",\"isPartOf\":{\"@id\":\"https:\\\/\\\/www.eldigitaldeasturias.com\\\/noticias\\\/#website\"},\"breadcrumb\":{\"@id\":\"https:\\\/\\\/www.eldigitaldeasturias.com\\\/noticias\\\/los-taliban-consolidan-su-control-en-helmand\\\/#breadcrumblist\"},\"author\":{\"@id\":\"https:\\\/\\\/www.eldigitaldeasturias.com\\\/noticias\\\/author\\\/admin\\\/#author\"},\"creator\":{\"@id\":\"https:\\\/\\\/www.eldigitaldeasturias.com\\\/noticias\\\/author\\\/admin\\\/#author\"},\"image\":{\"@type\":\"ImageObject\",\"url\":\"https:\\\/\\\/www.eldigitaldeasturias.com\\\/noticias\\\/wp-content\\\/uploads\\\/2016\\\/02\\\/fotonoticia_20160222121242_800.jpg\",\"@id\":\"https:\\\/\\\/www.eldigitaldeasturias.com\\\/noticias\\\/los-taliban-consolidan-su-control-en-helmand\\\/#mainImage\",\"width\":800,\"height\":587},\"primaryImageOfPage\":{\"@id\":\"https:\\\/\\\/www.eldigitaldeasturias.com\\\/noticias\\\/los-taliban-consolidan-su-control-en-helmand\\\/#mainImage\"},\"datePublished\":\"2016-02-23T04:37:11+01:00\",\"dateModified\":\"2016-02-23T04:37:11+01:00\"},{\"@type\":\"WebSite\",\"@id\":\"https:\\\/\\\/www.eldigitaldeasturias.com\\\/noticias\\\/#website\",\"url\":\"https:\\\/\\\/www.eldigitaldeasturias.com\\\/noticias\\\/\",\"name\":\"El Digital de Asturias - Diario de actualidad y noticias\",\"alternateName\":\"El Digital de Asturias - Diario de actualidad y noticias\",\"description\":\"Hemeroteca\",\"inLanguage\":\"es-ES\",\"publisher\":{\"@id\":\"https:\\\/\\\/www.eldigitaldeasturias.com\\\/noticias\\\/#organization\"}}]}\n\t\t<\/script>\n\t\t<!-- All in One SEO Pro -->\r\n\t\t<title>Los talib\u00e1n consolidan su control en Helmand - El Digital de Asturias<\/title>\n\n","aioseo_head_json":{"title":"Los talib\u00e1n consolidan su control en Helmand - El Digital de Asturias","description":"Las fuerzas gubernamentales afganas se han retirado de un segundo distrito de la provincia de Helmand, seg\u00fan han informado las autoridades este lunes, dejando a los talib\u00e1n con el control de buena parte del norte de la provincia despu\u00e9s de que las tropas se retiraran del distrito de Musa Qala la semana pasada. Las retiradas","canonical_url":"https:\/\/www.eldigitaldeasturias.com\/noticias\/los-taliban-consolidan-su-control-en-helmand\/","robots":"max-image-preview:large","keywords":"actualidad","webmasterTools":{"google-site-verification":"UA-38556648-1","msvalidate.01":"7dfe9f3f1b24437ab69f4f2559babe99","miscellaneous":""},"schema":{"@context":"https:\/\/schema.org","@graph":[{"@type":"BlogPosting","@id":"https:\/\/www.eldigitaldeasturias.com\/noticias\/los-taliban-consolidan-su-control-en-helmand\/#blogposting","name":"Los talib\u00e1n consolidan su control en Helmand - El Digital de Asturias","headline":"Los talib\u00e1n consolidan su control en Helmand","author":{"@id":"https:\/\/www.eldigitaldeasturias.com\/noticias\/author\/admin\/#author"},"publisher":{"@id":"https:\/\/www.eldigitaldeasturias.com\/noticias\/#organization"},"image":{"@type":"ImageObject","url":"https:\/\/www.eldigitaldeasturias.com\/noticias\/wp-content\/uploads\/2016\/02\/fotonoticia_20160222121242_800.jpg","width":800,"height":587},"datePublished":"2016-02-23T04:37:11+01:00","dateModified":"2016-02-23T04:37:11+01:00","inLanguage":"es-ES","mainEntityOfPage":{"@id":"https:\/\/www.eldigitaldeasturias.com\/noticias\/los-taliban-consolidan-su-control-en-helmand\/#webpage"},"isPartOf":{"@id":"https:\/\/www.eldigitaldeasturias.com\/noticias\/los-taliban-consolidan-su-control-en-helmand\/#webpage"},"articleSection":"Actualidad"},{"@type":"BreadcrumbList","@id":"https:\/\/www.eldigitaldeasturias.com\/noticias\/los-taliban-consolidan-su-control-en-helmand\/#breadcrumblist","itemListElement":[{"@type":"ListItem","@id":"https:\/\/www.eldigitaldeasturias.com\/noticias#listItem","position":1,"name":"Home","item":"https:\/\/www.eldigitaldeasturias.com\/noticias","nextItem":{"@type":"ListItem","@id":"https:\/\/www.eldigitaldeasturias.com\/noticias\/category\/actualidad\/#listItem","name":"Actualidad"}},{"@type":"ListItem","@id":"https:\/\/www.eldigitaldeasturias.com\/noticias\/category\/actualidad\/#listItem","position":2,"name":"Actualidad","item":"https:\/\/www.eldigitaldeasturias.com\/noticias\/category\/actualidad\/","nextItem":{"@type":"ListItem","@id":"https:\/\/www.eldigitaldeasturias.com\/noticias\/los-taliban-consolidan-su-control-en-helmand\/#listItem","name":"Los talib\u00e1n consolidan su control en Helmand"},"previousItem":{"@type":"ListItem","@id":"https:\/\/www.eldigitaldeasturias.com\/noticias#listItem","name":"Home"}},{"@type":"ListItem","@id":"https:\/\/www.eldigitaldeasturias.com\/noticias\/los-taliban-consolidan-su-control-en-helmand\/#listItem","position":3,"name":"Los talib\u00e1n consolidan su control en Helmand","previousItem":{"@type":"ListItem","@id":"https:\/\/www.eldigitaldeasturias.com\/noticias\/category\/actualidad\/#listItem","name":"Actualidad"}}]},{"@type":"Organization","@id":"https:\/\/www.eldigitaldeasturias.com\/noticias\/#organization","name":"El Digital de Asturias","description":"Hemeroteca","url":"https:\/\/www.eldigitaldeasturias.com\/noticias\/","email":"info@eldigitaldeasturias.com","telephone":"+34652131393","logo":{"@type":"ImageObject","url":"https:\/\/www.eldigitaldeasturias.com\/noticias\/wp-content\/uploads\/2020\/12\/EDA.jpg","@id":"https:\/\/www.eldigitaldeasturias.com\/noticias\/los-taliban-consolidan-su-control-en-helmand\/#organizationLogo","width":649,"height":297},"image":{"@id":"https:\/\/www.eldigitaldeasturias.com\/noticias\/los-taliban-consolidan-su-control-en-helmand\/#organizationLogo"},"sameAs":["https:\/\/facebook.com\/eldigitaldeasturias","https:\/\/www.youtube.com\/channel\/UCZP-2wLEB9Rv6erhFmqVnvg"],"address":{"@id":"https:\/\/www.eldigitaldeasturias.com\/noticias\/#postaladdress","@type":"PostalAddress","streetAddress":"san antonio 4,","postalCode":"33430","addressLocality":"Cand\u00e1s","addressRegion":"Asturias","addressCountry":"ES"}},{"@type":"Person","@id":"https:\/\/www.eldigitaldeasturias.com\/noticias\/author\/admin\/#author","url":"https:\/\/www.eldigitaldeasturias.com\/noticias\/author\/admin\/","name":"El Digital de Asturias","image":{"@type":"ImageObject","@id":"https:\/\/www.eldigitaldeasturias.com\/noticias\/los-taliban-consolidan-su-control-en-helmand\/#authorImage","url":"https:\/\/www.eldigitaldeasturias.com\/noticias\/wp-content\/litespeed\/avatar\/18677e78aa0546b92d9dbf31ec7d7668.jpg?ver=1777290358","width":96,"height":96,"caption":"El Digital de Asturias"}},{"@type":"WebPage","@id":"https:\/\/www.eldigitaldeasturias.com\/noticias\/los-taliban-consolidan-su-control-en-helmand\/#webpage","url":"https:\/\/www.eldigitaldeasturias.com\/noticias\/los-taliban-consolidan-su-control-en-helmand\/","name":"Los talib\u00e1n consolidan su control en Helmand - El Digital de Asturias","description":"Las fuerzas gubernamentales afganas se han retirado de un segundo distrito de la provincia de Helmand, seg\u00fan han informado las autoridades este lunes, dejando a los talib\u00e1n con el control de buena parte del norte de la provincia despu\u00e9s de que las tropas se retiraran del distrito de Musa Qala la semana pasada. Las retiradas","inLanguage":"es-ES","isPartOf":{"@id":"https:\/\/www.eldigitaldeasturias.com\/noticias\/#website"},"breadcrumb":{"@id":"https:\/\/www.eldigitaldeasturias.com\/noticias\/los-taliban-consolidan-su-control-en-helmand\/#breadcrumblist"},"author":{"@id":"https:\/\/www.eldigitaldeasturias.com\/noticias\/author\/admin\/#author"},"creator":{"@id":"https:\/\/www.eldigitaldeasturias.com\/noticias\/author\/admin\/#author"},"image":{"@type":"ImageObject","url":"https:\/\/www.eldigitaldeasturias.com\/noticias\/wp-content\/uploads\/2016\/02\/fotonoticia_20160222121242_800.jpg","@id":"https:\/\/www.eldigitaldeasturias.com\/noticias\/los-taliban-consolidan-su-control-en-helmand\/#mainImage","width":800,"height":587},"primaryImageOfPage":{"@id":"https:\/\/www.eldigitaldeasturias.com\/noticias\/los-taliban-consolidan-su-control-en-helmand\/#mainImage"},"datePublished":"2016-02-23T04:37:11+01:00","dateModified":"2016-02-23T04:37:11+01:00"},{"@type":"WebSite","@id":"https:\/\/www.eldigitaldeasturias.com\/noticias\/#website","url":"https:\/\/www.eldigitaldeasturias.com\/noticias\/","name":"El Digital de Asturias - Diario de actualidad y noticias","alternateName":"El Digital de Asturias - Diario de actualidad y noticias","description":"Hemeroteca","inLanguage":"es-ES","publisher":{"@id":"https:\/\/www.eldigitaldeasturias.com\/noticias\/#organization"}}]},"og:locale":"es_ES","og:site_name":"El Digital de Asturias","og:type":"article","og:title":"Los talib\u00e1n consolidan su control en Helmand - El Digital de Asturias","og:description":"Las fuerzas gubernamentales afganas se han retirado de un segundo distrito de la provincia de Helmand, seg\u00fan han informado las autoridades este lunes, dejando a los talib\u00e1n con el control de buena parte del norte de la provincia despu\u00e9s de que las tropas se retiraran del distrito de Musa Qala la semana pasada. Las retiradas","og:url":"https:\/\/www.eldigitaldeasturias.com\/noticias\/los-taliban-consolidan-su-control-en-helmand\/","og:image":"https:\/\/www.eldigitaldeasturias.com\/noticias\/wp-content\/uploads\/2016\/02\/fotonoticia_20160222121242_800.jpg","og:image:secure_url":"https:\/\/www.eldigitaldeasturias.com\/noticias\/wp-content\/uploads\/2016\/02\/fotonoticia_20160222121242_800.jpg","og:image:width":800,"og:image:height":587,"article:tag":["actualidad"],"article:published_time":"2016-02-23T04:37:11+00:00","article:modified_time":"2016-02-23T04:37:11+00:00","article:publisher":"https:\/\/facebook.com\/eldigitaldeasturias","twitter:card":"summary_large_image","twitter:title":"Los talib\u00e1n consolidan su control en Helmand - El Digital de Asturias","twitter:description":"Las fuerzas gubernamentales afganas se han retirado de un segundo distrito de la provincia de Helmand, seg\u00fan han informado las autoridades este lunes, dejando a los talib\u00e1n con el control de buena parte del norte de la provincia despu\u00e9s de que las tropas se retiraran del distrito de Musa Qala la semana pasada. Las retiradas","twitter:image":"https:\/\/www.eldigitaldeasturias.com\/noticias\/wp-content\/uploads\/2016\/02\/fotonoticia_20160222121242_800.jpg","twitter:label1":"Escrito por","twitter:data1":"El Digital de Asturias","twitter:label2":"Tiempo de lectura estimado","twitter:data2":"2 minutos"},"aioseo_meta_data":{"post_id":"861076","title":null,"description":null,"keywords":null,"keyphrases":null,"primary_term":null,"canonical_url":null,"og_title":null,"og_description":null,"og_object_type":"default","og_image_type":"default","og_image_url":null,"og_image_width":null,"og_image_height":null,"og_image_custom_url":null,"og_image_custom_fields":null,"og_video":null,"og_custom_url":null,"og_article_section":null,"og_article_tags":null,"twitter_use_og":false,"twitter_card":"default","twitter_image_type":"default","twitter_image_url":null,"twitter_image_custom_url":null,"twitter_image_custom_fields":null,"twitter_title":null,"twitter_description":null,"schema":{"blockGraphs":[],"customGraphs":[],"default":{"data":{"Article":[],"Course":[],"Dataset":[],"FAQPage":[],"Movie":[],"Person":[],"Product":[],"ProductReview":[],"Car":[],"Recipe":[],"Service":[],"SoftwareApplication":[],"WebPage":[]},"graphName":"","isEnabled":true},"graphs":[],"defaultGraph":"","defaultPostTypeGraph":""},"schema_type":null,"schema_type_options":null,"pillar_content":false,"robots_default":true,"robots_noindex":false,"robots_noarchive":false,"robots_nosnippet":false,"robots_nofollow":false,"robots_noimageindex":false,"robots_noodp":false,"robots_notranslate":false,"robots_max_snippet":null,"robots_max_videopreview":null,"robots_max_imagepreview":"large","priority":null,"frequency":null,"local_seo":null,"seo_analyzer_scan_date":"2025-12-10 19:58:09","breadcrumb_settings":null,"limit_modified_date":false,"open_ai":null,"ai":null,"created":"2021-01-22 06:36:20","updated":"2025-12-10 19:58:09"},"aioseo_breadcrumb":"<div class=\"aioseo-breadcrumbs\"><span class=\"aioseo-breadcrumb\">\n\t<a href=\"https:\/\/www.eldigitaldeasturias.com\/noticias\" title=\"Home\">Home<\/a>\n<\/span><span class=\"aioseo-breadcrumb-separator\">\u2013<\/span><span class=\"aioseo-breadcrumb\">\n\t<a href=\"https:\/\/www.eldigitaldeasturias.com\/noticias\/category\/actualidad\/\" title=\"Actualidad\">Actualidad<\/a>\n<\/span><span class=\"aioseo-breadcrumb-separator\">\u2013<\/span><span class=\"aioseo-breadcrumb\">\n\t<a href=\"https:\/\/www.eldigitaldeasturias.com\/noticias\/los-taliban-consolidan-su-control-en-helmand\/\" title=\"Los talib\u00e1n consolidan su control en Helmand\">Los talib\u00e1n consolidan su control en Helmand<\/a>\n<\/span><\/div>","aioseo_breadcrumb_json":[{"label":"Home","link":"https:\/\/www.eldigitaldeasturias.com\/noticias"},{"label":"Actualidad","link":"https:\/\/www.eldigitaldeasturias.com\/noticias\/category\/actualidad\/"},{"label":"Los talib\u00e1n consolidan su control en Helmand","link":"https:\/\/www.eldigitaldeasturias.com\/noticias\/los-taliban-consolidan-su-control-en-helmand\/"}],"_links":{"self":[{"href":"https:\/\/www.eldigitaldeasturias.com\/noticias\/wp-json\/wp\/v2\/posts\/861076","targetHints":{"allow":["GET"]}}],"collection":[{"href":"https:\/\/www.eldigitaldeasturias.com\/noticias\/wp-json\/wp\/v2\/posts"}],"about":[{"href":"https:\/\/www.eldigitaldeasturias.com\/noticias\/wp-json\/wp\/v2\/types\/post"}],"author":[{"embeddable":true,"href":"https:\/\/www.eldigitaldeasturias.com\/noticias\/wp-json\/wp\/v2\/users\/1"}],"replies":[{"embeddable":true,"href":"https:\/\/www.eldigitaldeasturias.com\/noticias\/wp-json\/wp\/v2\/comments?post=861076"}],"version-history":[{"count":0,"href":"https:\/\/www.eldigitaldeasturias.com\/noticias\/wp-json\/wp\/v2\/posts\/861076\/revisions"}],"wp:featuredmedia":[{"embeddable":true,"href":"https:\/\/www.eldigitaldeasturias.com\/noticias\/wp-json\/wp\/v2\/media\/861077"}],"wp:attachment":[{"href":"https:\/\/www.eldigitaldeasturias.com\/noticias\/wp-json\/wp\/v2\/media?parent=861076"}],"wp:term":[{"taxonomy":"category","embeddable":true,"href":"https:\/\/www.eldigitaldeasturias.com\/noticias\/wp-json\/wp\/v2\/categories?post=861076"},{"taxonomy":"post_tag","embeddable":true,"href":"https:\/\/www.eldigitaldeasturias.com\/noticias\/wp-json\/wp\/v2\/tags?post=861076"}],"curies":[{"name":"wp","href":"https:\/\/api.w.org\/{rel}","templated":true}]}}