{"id":861064,"date":"2016-02-23T04:31:49","date_gmt":"2016-02-23T04:31:49","guid":{"rendered":"http:\/\/www.eldigitaldeasturias.com\/noticias\/?p=861064"},"modified":"2016-02-23T04:31:49","modified_gmt":"2016-02-23T04:31:49","slug":"kerry-llama-a-la-calma-y-a-reducir-la-violencia-durante-un-encuentro-con-abbas-en-aman","status":"publish","type":"post","link":"https:\/\/www.eldigitaldeasturias.com\/noticias\/kerry-llama-a-la-calma-y-a-reducir-la-violencia-durante-un-encuentro-con-abbas-en-aman\/","title":{"rendered":"Kerry llama a la calma y a reducir la violencia durante un encuentro con Abbas en Am\u00e1n"},"content":{"rendered":"<p><img loading=\"lazy\" decoding=\"async\" class=\"alignleft size-medium wp-image-861065\" src=\"https:\/\/www.eldigitaldeasturias.com\/noticias\/wp-content\/uploads\/2016\/02\/fotonoticia_20160222095805_800-360x240.jpg\" alt=\"fotonoticia_20160222095805_800\" width=\"360\" height=\"240\" srcset=\"https:\/\/www.eldigitaldeasturias.com\/noticias\/wp-content\/uploads\/2016\/02\/fotonoticia_20160222095805_800-360x240.jpg 360w, https:\/\/www.eldigitaldeasturias.com\/noticias\/wp-content\/uploads\/2016\/02\/fotonoticia_20160222095805_800-768x513.jpg 768w, https:\/\/www.eldigitaldeasturias.com\/noticias\/wp-content\/uploads\/2016\/02\/fotonoticia_20160222095805_800-650x434.jpg 650w, https:\/\/www.eldigitaldeasturias.com\/noticias\/wp-content\/uploads\/2016\/02\/fotonoticia_20160222095805_800-84x55.jpg 84w, https:\/\/www.eldigitaldeasturias.com\/noticias\/wp-content\/uploads\/2016\/02\/fotonoticia_20160222095805_800-49x32.jpg 49w, https:\/\/www.eldigitaldeasturias.com\/noticias\/wp-content\/uploads\/2016\/02\/fotonoticia_20160222095805_800.jpg 800w\" sizes=\"auto, (max-width: 360px) 100vw, 360px\" \/>El secretario de Estado de Estados Unidos, John Kerry, ha hecho este domingo un llamamiento a la calma durante un encuentro en la capital de Jordania, Am\u00e1n, con el presidente de la Autoridad Palestina, Mahmud Abbas.<\/p>\n<p>Durante la reuni\u00f3n, Kerry ha reclamado \u00abuna disminuci\u00f3n de la violencia, la incitaci\u00f3n y la ret\u00f3rica incendiaria\u00bb, al tiempo que ha recalcado el compromiso de Estados Unidos con la soluci\u00f3n basada en los dos estados.<\/p>\n<p>El portavoz del Departamento de Estado, John Kirby, ha asegurado que Kerry ha comunicado a Abbas que Washington \u00abtrabaja con todas las partes para lograrlo\u00bb, al tiempo que ha reiterado que Estados Unidos considera ilegales los asentamientos en los territorios ocupados palestinos.<\/p>\n<p>Por su parte, Abbas ha reclamado a Kerry que presione al Gobierno de Israel para lograr la liberaci\u00f3n del periodista palestino Muhamad al Qiq, en huelga de hambre desde hace casi 90 d\u00edas en protesta contra su detenci\u00f3n administrativa.<\/p>\n<p>Asimismo, le ha comunicado las \u00faltimas iniciativas para intentar crear un gobierno de unidad entre Al Fat\u00e1 y el Movimiento de Resistencia Isl\u00e1mica (Ham\u00e1s), potenciadas por el encuentro celebrado este mismo mes por ambas facciones en Qatar.<\/p>\n<p>Por \u00faltimo, el presidente palestino ha garantizado a Kerry que las autoridades har\u00e1n todo lo posible para garantizar la viabilidad de la soluci\u00f3n basada en dos estados y para mantener la seguridad y la estabilidad en la regi\u00f3n.<\/p>\n<p>El encuentro ha tenido lugar en un momento en el que m\u00e1s de 175 palestinos y 27 israel\u00edes han muerto en la espiral de violencia desencadenada en octubre. Los medios israel\u00edes han indicado que Kerry no tiene previsto reunirse con dirigentes israel\u00edes en este viaje.<\/p>\n","protected":false},"excerpt":{"rendered":"<p>El secretario de Estado de Estados Unidos, John Kerry, ha hecho este domingo un llamamiento a la calma durante un encuentro en la capital de Jordania, Am\u00e1n, con el presidente de la Autoridad Palestina, Mahmud Abbas. Durante la reuni\u00f3n, Kerry ha reclamado \u00abuna disminuci\u00f3n de la violencia, la incitaci\u00f3n y la ret\u00f3rica incendiaria\u00bb, al tiempo [&hellip;]<\/p>\n","protected":false},"author":1,"featured_media":861065,"comment_status":"closed","ping_status":"closed","sticky":false,"template":"","format":"standard","meta":{"footnotes":""},"categories":[1],"tags":[],"class_list":["post-861064","post","type-post","status-publish","format-standard","has-post-thumbnail","hentry","category-actualidad"],"aioseo_notices":[],"aioseo_head":"\n\t\t<!-- All in One SEO Pro 4.9.6.2 - aioseo.com -->\n\t<meta name=\"description\" content=\"El secretario de Estado de Estados Unidos, John Kerry, ha hecho este domingo un llamamiento a la calma durante un encuentro en la capital de Jordania, Am\u00e1n, con el presidente de la Autoridad Palestina, Mahmud Abbas. Durante la reuni\u00f3n, Kerry ha reclamado &quot;una disminuci\u00f3n de la violencia, la incitaci\u00f3n y la ret\u00f3rica incendiaria&quot;, al tiempo\" \/>\n\t<meta name=\"robots\" content=\"max-image-preview:large\" \/>\n\t<meta name=\"author\" content=\"El Digital de Asturias\"\/>\n\t<meta name=\"google-site-verification\" content=\"UA-38556648-1\" \/>\n\t<meta name=\"msvalidate.01\" content=\"7dfe9f3f1b24437ab69f4f2559babe99\" \/>\n\t<meta name=\"keywords\" content=\"actualidad\" \/>\n\t<link rel=\"canonical\" href=\"https:\/\/www.eldigitaldeasturias.com\/noticias\/kerry-llama-a-la-calma-y-a-reducir-la-violencia-durante-un-encuentro-con-abbas-en-aman\/\" \/>\n\t<meta name=\"generator\" content=\"All in One SEO Pro (AIOSEO) 4.9.6.2\" \/>\n\t\t<meta property=\"og:locale\" content=\"es_ES\" \/>\n\t\t<meta property=\"og:site_name\" content=\"El Digital de Asturias\" \/>\n\t\t<meta property=\"og:type\" content=\"article\" \/>\n\t\t<meta property=\"og:title\" content=\"Kerry llama a la calma y a reducir la violencia durante un encuentro con Abbas en Am\u00e1n - El Digital de Asturias\" \/>\n\t\t<meta property=\"og:description\" content=\"El secretario de Estado de Estados Unidos, John Kerry, ha hecho este domingo un llamamiento a la calma durante un encuentro en la capital de Jordania, Am\u00e1n, con el presidente de la Autoridad Palestina, Mahmud Abbas. Durante la reuni\u00f3n, Kerry ha reclamado &quot;una disminuci\u00f3n de la violencia, la incitaci\u00f3n y la ret\u00f3rica incendiaria&quot;, al tiempo\" \/>\n\t\t<meta property=\"og:url\" content=\"https:\/\/www.eldigitaldeasturias.com\/noticias\/kerry-llama-a-la-calma-y-a-reducir-la-violencia-durante-un-encuentro-con-abbas-en-aman\/\" \/>\n\t\t<meta property=\"og:image\" content=\"https:\/\/www.eldigitaldeasturias.com\/noticias\/wp-content\/uploads\/2016\/02\/fotonoticia_20160222095805_800.jpg\" \/>\n\t\t<meta property=\"og:image:secure_url\" content=\"https:\/\/www.eldigitaldeasturias.com\/noticias\/wp-content\/uploads\/2016\/02\/fotonoticia_20160222095805_800.jpg\" \/>\n\t\t<meta property=\"og:image:width\" content=\"800\" \/>\n\t\t<meta property=\"og:image:height\" content=\"534\" \/>\n\t\t<meta property=\"article:tag\" content=\"actualidad\" \/>\n\t\t<meta property=\"article:published_time\" content=\"2016-02-23T04:31:49+00:00\" \/>\n\t\t<meta property=\"article:modified_time\" content=\"2016-02-23T04:31:49+00:00\" \/>\n\t\t<meta property=\"article:publisher\" content=\"https:\/\/facebook.com\/eldigitaldeasturias\" \/>\n\t\t<meta name=\"twitter:card\" content=\"summary_large_image\" \/>\n\t\t<meta name=\"twitter:title\" content=\"Kerry llama a la calma y a reducir la violencia durante un encuentro con Abbas en Am\u00e1n - El Digital de Asturias\" \/>\n\t\t<meta name=\"twitter:description\" content=\"El secretario de Estado de Estados Unidos, John Kerry, ha hecho este domingo un llamamiento a la calma durante un encuentro en la capital de Jordania, Am\u00e1n, con el presidente de la Autoridad Palestina, Mahmud Abbas. Durante la reuni\u00f3n, Kerry ha reclamado &quot;una disminuci\u00f3n de la violencia, la incitaci\u00f3n y la ret\u00f3rica incendiaria&quot;, al tiempo\" \/>\n\t\t<meta name=\"twitter:image\" content=\"https:\/\/www.eldigitaldeasturias.com\/noticias\/wp-content\/uploads\/2016\/02\/fotonoticia_20160222095805_800.jpg\" \/>\n\t\t<meta name=\"twitter:label1\" content=\"Escrito por\" \/>\n\t\t<meta name=\"twitter:data1\" content=\"El Digital de Asturias\" \/>\n\t\t<meta name=\"twitter:label2\" content=\"Tiempo de lectura estimado\" \/>\n\t\t<meta name=\"twitter:data2\" content=\"1 minuto\" \/>\n\t\t<script type=\"application\/ld+json\" class=\"aioseo-schema\">\n\t\t\t{\"@context\":\"https:\\\/\\\/schema.org\",\"@graph\":[{\"@type\":\"BlogPosting\",\"@id\":\"https:\\\/\\\/www.eldigitaldeasturias.com\\\/noticias\\\/kerry-llama-a-la-calma-y-a-reducir-la-violencia-durante-un-encuentro-con-abbas-en-aman\\\/#blogposting\",\"name\":\"Kerry llama a la calma y a reducir la violencia durante un encuentro con Abbas en Am\\u00e1n - El Digital de Asturias\",\"headline\":\"Kerry llama a la calma y a reducir la violencia durante un encuentro con Abbas en Am\\u00e1n\",\"author\":{\"@id\":\"https:\\\/\\\/www.eldigitaldeasturias.com\\\/noticias\\\/author\\\/admin\\\/#author\"},\"publisher\":{\"@id\":\"https:\\\/\\\/www.eldigitaldeasturias.com\\\/noticias\\\/#organization\"},\"image\":{\"@type\":\"ImageObject\",\"url\":\"https:\\\/\\\/www.eldigitaldeasturias.com\\\/noticias\\\/wp-content\\\/uploads\\\/2016\\\/02\\\/fotonoticia_20160222095805_800.jpg\",\"width\":800,\"height\":534},\"datePublished\":\"2016-02-23T04:31:49+01:00\",\"dateModified\":\"2016-02-23T04:31:49+01:00\",\"inLanguage\":\"es-ES\",\"mainEntityOfPage\":{\"@id\":\"https:\\\/\\\/www.eldigitaldeasturias.com\\\/noticias\\\/kerry-llama-a-la-calma-y-a-reducir-la-violencia-durante-un-encuentro-con-abbas-en-aman\\\/#webpage\"},\"isPartOf\":{\"@id\":\"https:\\\/\\\/www.eldigitaldeasturias.com\\\/noticias\\\/kerry-llama-a-la-calma-y-a-reducir-la-violencia-durante-un-encuentro-con-abbas-en-aman\\\/#webpage\"},\"articleSection\":\"Actualidad\"},{\"@type\":\"BreadcrumbList\",\"@id\":\"https:\\\/\\\/www.eldigitaldeasturias.com\\\/noticias\\\/kerry-llama-a-la-calma-y-a-reducir-la-violencia-durante-un-encuentro-con-abbas-en-aman\\\/#breadcrumblist\",\"itemListElement\":[{\"@type\":\"ListItem\",\"@id\":\"https:\\\/\\\/www.eldigitaldeasturias.com\\\/noticias#listItem\",\"position\":1,\"name\":\"Home\",\"item\":\"https:\\\/\\\/www.eldigitaldeasturias.com\\\/noticias\",\"nextItem\":{\"@type\":\"ListItem\",\"@id\":\"https:\\\/\\\/www.eldigitaldeasturias.com\\\/noticias\\\/category\\\/actualidad\\\/#listItem\",\"name\":\"Actualidad\"}},{\"@type\":\"ListItem\",\"@id\":\"https:\\\/\\\/www.eldigitaldeasturias.com\\\/noticias\\\/category\\\/actualidad\\\/#listItem\",\"position\":2,\"name\":\"Actualidad\",\"item\":\"https:\\\/\\\/www.eldigitaldeasturias.com\\\/noticias\\\/category\\\/actualidad\\\/\",\"nextItem\":{\"@type\":\"ListItem\",\"@id\":\"https:\\\/\\\/www.eldigitaldeasturias.com\\\/noticias\\\/kerry-llama-a-la-calma-y-a-reducir-la-violencia-durante-un-encuentro-con-abbas-en-aman\\\/#listItem\",\"name\":\"Kerry llama a la calma y a reducir la violencia durante un encuentro con Abbas en Am\\u00e1n\"},\"previousItem\":{\"@type\":\"ListItem\",\"@id\":\"https:\\\/\\\/www.eldigitaldeasturias.com\\\/noticias#listItem\",\"name\":\"Home\"}},{\"@type\":\"ListItem\",\"@id\":\"https:\\\/\\\/www.eldigitaldeasturias.com\\\/noticias\\\/kerry-llama-a-la-calma-y-a-reducir-la-violencia-durante-un-encuentro-con-abbas-en-aman\\\/#listItem\",\"position\":3,\"name\":\"Kerry llama a la calma y a reducir la violencia durante un encuentro con Abbas en Am\\u00e1n\",\"previousItem\":{\"@type\":\"ListItem\",\"@id\":\"https:\\\/\\\/www.eldigitaldeasturias.com\\\/noticias\\\/category\\\/actualidad\\\/#listItem\",\"name\":\"Actualidad\"}}]},{\"@type\":\"Organization\",\"@id\":\"https:\\\/\\\/www.eldigitaldeasturias.com\\\/noticias\\\/#organization\",\"name\":\"El Digital de Asturias\",\"description\":\"Hemeroteca\",\"url\":\"https:\\\/\\\/www.eldigitaldeasturias.com\\\/noticias\\\/\",\"email\":\"info@eldigitaldeasturias.com\",\"telephone\":\"+34652131393\",\"logo\":{\"@type\":\"ImageObject\",\"url\":\"https:\\\/\\\/www.eldigitaldeasturias.com\\\/noticias\\\/wp-content\\\/uploads\\\/2020\\\/12\\\/EDA.jpg\",\"@id\":\"https:\\\/\\\/www.eldigitaldeasturias.com\\\/noticias\\\/kerry-llama-a-la-calma-y-a-reducir-la-violencia-durante-un-encuentro-con-abbas-en-aman\\\/#organizationLogo\",\"width\":649,\"height\":297},\"image\":{\"@id\":\"https:\\\/\\\/www.eldigitaldeasturias.com\\\/noticias\\\/kerry-llama-a-la-calma-y-a-reducir-la-violencia-durante-un-encuentro-con-abbas-en-aman\\\/#organizationLogo\"},\"sameAs\":[\"https:\\\/\\\/facebook.com\\\/eldigitaldeasturias\",\"https:\\\/\\\/www.youtube.com\\\/channel\\\/UCZP-2wLEB9Rv6erhFmqVnvg\"],\"address\":{\"@id\":\"https:\\\/\\\/www.eldigitaldeasturias.com\\\/noticias\\\/#postaladdress\",\"@type\":\"PostalAddress\",\"streetAddress\":\"san antonio 4,\",\"postalCode\":\"33430\",\"addressLocality\":\"Cand\\u00e1s\",\"addressRegion\":\"Asturias\",\"addressCountry\":\"ES\"}},{\"@type\":\"Person\",\"@id\":\"https:\\\/\\\/www.eldigitaldeasturias.com\\\/noticias\\\/author\\\/admin\\\/#author\",\"url\":\"https:\\\/\\\/www.eldigitaldeasturias.com\\\/noticias\\\/author\\\/admin\\\/\",\"name\":\"El Digital de Asturias\",\"image\":{\"@type\":\"ImageObject\",\"@id\":\"https:\\\/\\\/www.eldigitaldeasturias.com\\\/noticias\\\/kerry-llama-a-la-calma-y-a-reducir-la-violencia-durante-un-encuentro-con-abbas-en-aman\\\/#authorImage\",\"url\":\"https:\\\/\\\/www.eldigitaldeasturias.com\\\/noticias\\\/wp-content\\\/litespeed\\\/avatar\\\/18677e78aa0546b92d9dbf31ec7d7668.jpg?ver=1777290358\",\"width\":96,\"height\":96,\"caption\":\"El Digital de Asturias\"}},{\"@type\":\"WebPage\",\"@id\":\"https:\\\/\\\/www.eldigitaldeasturias.com\\\/noticias\\\/kerry-llama-a-la-calma-y-a-reducir-la-violencia-durante-un-encuentro-con-abbas-en-aman\\\/#webpage\",\"url\":\"https:\\\/\\\/www.eldigitaldeasturias.com\\\/noticias\\\/kerry-llama-a-la-calma-y-a-reducir-la-violencia-durante-un-encuentro-con-abbas-en-aman\\\/\",\"name\":\"Kerry llama a la calma y a reducir la violencia durante un encuentro con Abbas en Am\\u00e1n - El Digital de Asturias\",\"description\":\"El secretario de Estado de Estados Unidos, John Kerry, ha hecho este domingo un llamamiento a la calma durante un encuentro en la capital de Jordania, Am\\u00e1n, con el presidente de la Autoridad Palestina, Mahmud Abbas. Durante la reuni\\u00f3n, Kerry ha reclamado \\\"una disminuci\\u00f3n de la violencia, la incitaci\\u00f3n y la ret\\u00f3rica incendiaria\\\", al tiempo\",\"inLanguage\":\"es-ES\",\"isPartOf\":{\"@id\":\"https:\\\/\\\/www.eldigitaldeasturias.com\\\/noticias\\\/#website\"},\"breadcrumb\":{\"@id\":\"https:\\\/\\\/www.eldigitaldeasturias.com\\\/noticias\\\/kerry-llama-a-la-calma-y-a-reducir-la-violencia-durante-un-encuentro-con-abbas-en-aman\\\/#breadcrumblist\"},\"author\":{\"@id\":\"https:\\\/\\\/www.eldigitaldeasturias.com\\\/noticias\\\/author\\\/admin\\\/#author\"},\"creator\":{\"@id\":\"https:\\\/\\\/www.eldigitaldeasturias.com\\\/noticias\\\/author\\\/admin\\\/#author\"},\"image\":{\"@type\":\"ImageObject\",\"url\":\"https:\\\/\\\/www.eldigitaldeasturias.com\\\/noticias\\\/wp-content\\\/uploads\\\/2016\\\/02\\\/fotonoticia_20160222095805_800.jpg\",\"@id\":\"https:\\\/\\\/www.eldigitaldeasturias.com\\\/noticias\\\/kerry-llama-a-la-calma-y-a-reducir-la-violencia-durante-un-encuentro-con-abbas-en-aman\\\/#mainImage\",\"width\":800,\"height\":534},\"primaryImageOfPage\":{\"@id\":\"https:\\\/\\\/www.eldigitaldeasturias.com\\\/noticias\\\/kerry-llama-a-la-calma-y-a-reducir-la-violencia-durante-un-encuentro-con-abbas-en-aman\\\/#mainImage\"},\"datePublished\":\"2016-02-23T04:31:49+01:00\",\"dateModified\":\"2016-02-23T04:31:49+01:00\"},{\"@type\":\"WebSite\",\"@id\":\"https:\\\/\\\/www.eldigitaldeasturias.com\\\/noticias\\\/#website\",\"url\":\"https:\\\/\\\/www.eldigitaldeasturias.com\\\/noticias\\\/\",\"name\":\"El Digital de Asturias - Diario de actualidad y noticias\",\"alternateName\":\"El Digital de Asturias - Diario de actualidad y noticias\",\"description\":\"Hemeroteca\",\"inLanguage\":\"es-ES\",\"publisher\":{\"@id\":\"https:\\\/\\\/www.eldigitaldeasturias.com\\\/noticias\\\/#organization\"}}]}\n\t\t<\/script>\n\t\t<!-- All in One SEO Pro -->\r\n\t\t<title>Kerry llama a la calma y a reducir la violencia durante un encuentro con Abbas en Am\u00e1n - El Digital de Asturias<\/title>\n\n","aioseo_head_json":{"title":"Kerry llama a la calma y a reducir la violencia durante un encuentro con Abbas en Am\u00e1n - El Digital de Asturias","description":"El secretario de Estado de Estados Unidos, John Kerry, ha hecho este domingo un llamamiento a la calma durante un encuentro en la capital de Jordania, Am\u00e1n, con el presidente de la Autoridad Palestina, Mahmud Abbas. Durante la reuni\u00f3n, Kerry ha reclamado \"una disminuci\u00f3n de la violencia, la incitaci\u00f3n y la ret\u00f3rica incendiaria\", al tiempo","canonical_url":"https:\/\/www.eldigitaldeasturias.com\/noticias\/kerry-llama-a-la-calma-y-a-reducir-la-violencia-durante-un-encuentro-con-abbas-en-aman\/","robots":"max-image-preview:large","keywords":"actualidad","webmasterTools":{"google-site-verification":"UA-38556648-1","msvalidate.01":"7dfe9f3f1b24437ab69f4f2559babe99","miscellaneous":""},"schema":{"@context":"https:\/\/schema.org","@graph":[{"@type":"BlogPosting","@id":"https:\/\/www.eldigitaldeasturias.com\/noticias\/kerry-llama-a-la-calma-y-a-reducir-la-violencia-durante-un-encuentro-con-abbas-en-aman\/#blogposting","name":"Kerry llama a la calma y a reducir la violencia durante un encuentro con Abbas en Am\u00e1n - El Digital de Asturias","headline":"Kerry llama a la calma y a reducir la violencia durante un encuentro con Abbas en Am\u00e1n","author":{"@id":"https:\/\/www.eldigitaldeasturias.com\/noticias\/author\/admin\/#author"},"publisher":{"@id":"https:\/\/www.eldigitaldeasturias.com\/noticias\/#organization"},"image":{"@type":"ImageObject","url":"https:\/\/www.eldigitaldeasturias.com\/noticias\/wp-content\/uploads\/2016\/02\/fotonoticia_20160222095805_800.jpg","width":800,"height":534},"datePublished":"2016-02-23T04:31:49+01:00","dateModified":"2016-02-23T04:31:49+01:00","inLanguage":"es-ES","mainEntityOfPage":{"@id":"https:\/\/www.eldigitaldeasturias.com\/noticias\/kerry-llama-a-la-calma-y-a-reducir-la-violencia-durante-un-encuentro-con-abbas-en-aman\/#webpage"},"isPartOf":{"@id":"https:\/\/www.eldigitaldeasturias.com\/noticias\/kerry-llama-a-la-calma-y-a-reducir-la-violencia-durante-un-encuentro-con-abbas-en-aman\/#webpage"},"articleSection":"Actualidad"},{"@type":"BreadcrumbList","@id":"https:\/\/www.eldigitaldeasturias.com\/noticias\/kerry-llama-a-la-calma-y-a-reducir-la-violencia-durante-un-encuentro-con-abbas-en-aman\/#breadcrumblist","itemListElement":[{"@type":"ListItem","@id":"https:\/\/www.eldigitaldeasturias.com\/noticias#listItem","position":1,"name":"Home","item":"https:\/\/www.eldigitaldeasturias.com\/noticias","nextItem":{"@type":"ListItem","@id":"https:\/\/www.eldigitaldeasturias.com\/noticias\/category\/actualidad\/#listItem","name":"Actualidad"}},{"@type":"ListItem","@id":"https:\/\/www.eldigitaldeasturias.com\/noticias\/category\/actualidad\/#listItem","position":2,"name":"Actualidad","item":"https:\/\/www.eldigitaldeasturias.com\/noticias\/category\/actualidad\/","nextItem":{"@type":"ListItem","@id":"https:\/\/www.eldigitaldeasturias.com\/noticias\/kerry-llama-a-la-calma-y-a-reducir-la-violencia-durante-un-encuentro-con-abbas-en-aman\/#listItem","name":"Kerry llama a la calma y a reducir la violencia durante un encuentro con Abbas en Am\u00e1n"},"previousItem":{"@type":"ListItem","@id":"https:\/\/www.eldigitaldeasturias.com\/noticias#listItem","name":"Home"}},{"@type":"ListItem","@id":"https:\/\/www.eldigitaldeasturias.com\/noticias\/kerry-llama-a-la-calma-y-a-reducir-la-violencia-durante-un-encuentro-con-abbas-en-aman\/#listItem","position":3,"name":"Kerry llama a la calma y a reducir la violencia durante un encuentro con Abbas en Am\u00e1n","previousItem":{"@type":"ListItem","@id":"https:\/\/www.eldigitaldeasturias.com\/noticias\/category\/actualidad\/#listItem","name":"Actualidad"}}]},{"@type":"Organization","@id":"https:\/\/www.eldigitaldeasturias.com\/noticias\/#organization","name":"El Digital de Asturias","description":"Hemeroteca","url":"https:\/\/www.eldigitaldeasturias.com\/noticias\/","email":"info@eldigitaldeasturias.com","telephone":"+34652131393","logo":{"@type":"ImageObject","url":"https:\/\/www.eldigitaldeasturias.com\/noticias\/wp-content\/uploads\/2020\/12\/EDA.jpg","@id":"https:\/\/www.eldigitaldeasturias.com\/noticias\/kerry-llama-a-la-calma-y-a-reducir-la-violencia-durante-un-encuentro-con-abbas-en-aman\/#organizationLogo","width":649,"height":297},"image":{"@id":"https:\/\/www.eldigitaldeasturias.com\/noticias\/kerry-llama-a-la-calma-y-a-reducir-la-violencia-durante-un-encuentro-con-abbas-en-aman\/#organizationLogo"},"sameAs":["https:\/\/facebook.com\/eldigitaldeasturias","https:\/\/www.youtube.com\/channel\/UCZP-2wLEB9Rv6erhFmqVnvg"],"address":{"@id":"https:\/\/www.eldigitaldeasturias.com\/noticias\/#postaladdress","@type":"PostalAddress","streetAddress":"san antonio 4,","postalCode":"33430","addressLocality":"Cand\u00e1s","addressRegion":"Asturias","addressCountry":"ES"}},{"@type":"Person","@id":"https:\/\/www.eldigitaldeasturias.com\/noticias\/author\/admin\/#author","url":"https:\/\/www.eldigitaldeasturias.com\/noticias\/author\/admin\/","name":"El Digital de Asturias","image":{"@type":"ImageObject","@id":"https:\/\/www.eldigitaldeasturias.com\/noticias\/kerry-llama-a-la-calma-y-a-reducir-la-violencia-durante-un-encuentro-con-abbas-en-aman\/#authorImage","url":"https:\/\/www.eldigitaldeasturias.com\/noticias\/wp-content\/litespeed\/avatar\/18677e78aa0546b92d9dbf31ec7d7668.jpg?ver=1777290358","width":96,"height":96,"caption":"El Digital de Asturias"}},{"@type":"WebPage","@id":"https:\/\/www.eldigitaldeasturias.com\/noticias\/kerry-llama-a-la-calma-y-a-reducir-la-violencia-durante-un-encuentro-con-abbas-en-aman\/#webpage","url":"https:\/\/www.eldigitaldeasturias.com\/noticias\/kerry-llama-a-la-calma-y-a-reducir-la-violencia-durante-un-encuentro-con-abbas-en-aman\/","name":"Kerry llama a la calma y a reducir la violencia durante un encuentro con Abbas en Am\u00e1n - El Digital de Asturias","description":"El secretario de Estado de Estados Unidos, John Kerry, ha hecho este domingo un llamamiento a la calma durante un encuentro en la capital de Jordania, Am\u00e1n, con el presidente de la Autoridad Palestina, Mahmud Abbas. Durante la reuni\u00f3n, Kerry ha reclamado \"una disminuci\u00f3n de la violencia, la incitaci\u00f3n y la ret\u00f3rica incendiaria\", al tiempo","inLanguage":"es-ES","isPartOf":{"@id":"https:\/\/www.eldigitaldeasturias.com\/noticias\/#website"},"breadcrumb":{"@id":"https:\/\/www.eldigitaldeasturias.com\/noticias\/kerry-llama-a-la-calma-y-a-reducir-la-violencia-durante-un-encuentro-con-abbas-en-aman\/#breadcrumblist"},"author":{"@id":"https:\/\/www.eldigitaldeasturias.com\/noticias\/author\/admin\/#author"},"creator":{"@id":"https:\/\/www.eldigitaldeasturias.com\/noticias\/author\/admin\/#author"},"image":{"@type":"ImageObject","url":"https:\/\/www.eldigitaldeasturias.com\/noticias\/wp-content\/uploads\/2016\/02\/fotonoticia_20160222095805_800.jpg","@id":"https:\/\/www.eldigitaldeasturias.com\/noticias\/kerry-llama-a-la-calma-y-a-reducir-la-violencia-durante-un-encuentro-con-abbas-en-aman\/#mainImage","width":800,"height":534},"primaryImageOfPage":{"@id":"https:\/\/www.eldigitaldeasturias.com\/noticias\/kerry-llama-a-la-calma-y-a-reducir-la-violencia-durante-un-encuentro-con-abbas-en-aman\/#mainImage"},"datePublished":"2016-02-23T04:31:49+01:00","dateModified":"2016-02-23T04:31:49+01:00"},{"@type":"WebSite","@id":"https:\/\/www.eldigitaldeasturias.com\/noticias\/#website","url":"https:\/\/www.eldigitaldeasturias.com\/noticias\/","name":"El Digital de Asturias - Diario de actualidad y noticias","alternateName":"El Digital de Asturias - Diario de actualidad y noticias","description":"Hemeroteca","inLanguage":"es-ES","publisher":{"@id":"https:\/\/www.eldigitaldeasturias.com\/noticias\/#organization"}}]},"og:locale":"es_ES","og:site_name":"El Digital de Asturias","og:type":"article","og:title":"Kerry llama a la calma y a reducir la violencia durante un encuentro con Abbas en Am\u00e1n - El Digital de Asturias","og:description":"El secretario de Estado de Estados Unidos, John Kerry, ha hecho este domingo un llamamiento a la calma durante un encuentro en la capital de Jordania, Am\u00e1n, con el presidente de la Autoridad Palestina, Mahmud Abbas. Durante la reuni\u00f3n, Kerry ha reclamado &quot;una disminuci\u00f3n de la violencia, la incitaci\u00f3n y la ret\u00f3rica incendiaria&quot;, al tiempo","og:url":"https:\/\/www.eldigitaldeasturias.com\/noticias\/kerry-llama-a-la-calma-y-a-reducir-la-violencia-durante-un-encuentro-con-abbas-en-aman\/","og:image":"https:\/\/www.eldigitaldeasturias.com\/noticias\/wp-content\/uploads\/2016\/02\/fotonoticia_20160222095805_800.jpg","og:image:secure_url":"https:\/\/www.eldigitaldeasturias.com\/noticias\/wp-content\/uploads\/2016\/02\/fotonoticia_20160222095805_800.jpg","og:image:width":800,"og:image:height":534,"article:tag":["actualidad"],"article:published_time":"2016-02-23T04:31:49+00:00","article:modified_time":"2016-02-23T04:31:49+00:00","article:publisher":"https:\/\/facebook.com\/eldigitaldeasturias","twitter:card":"summary_large_image","twitter:title":"Kerry llama a la calma y a reducir la violencia durante un encuentro con Abbas en Am\u00e1n - El Digital de Asturias","twitter:description":"El secretario de Estado de Estados Unidos, John Kerry, ha hecho este domingo un llamamiento a la calma durante un encuentro en la capital de Jordania, Am\u00e1n, con el presidente de la Autoridad Palestina, Mahmud Abbas. Durante la reuni\u00f3n, Kerry ha reclamado &quot;una disminuci\u00f3n de la violencia, la incitaci\u00f3n y la ret\u00f3rica incendiaria&quot;, al tiempo","twitter:image":"https:\/\/www.eldigitaldeasturias.com\/noticias\/wp-content\/uploads\/2016\/02\/fotonoticia_20160222095805_800.jpg","twitter:label1":"Escrito por","twitter:data1":"El Digital de Asturias","twitter:label2":"Tiempo de lectura estimado","twitter:data2":"1 minuto"},"aioseo_meta_data":{"post_id":"861064","title":null,"description":null,"keywords":null,"keyphrases":null,"primary_term":null,"canonical_url":null,"og_title":null,"og_description":null,"og_object_type":"default","og_image_type":"default","og_image_url":null,"og_image_width":null,"og_image_height":null,"og_image_custom_url":null,"og_image_custom_fields":null,"og_video":null,"og_custom_url":null,"og_article_section":null,"og_article_tags":null,"twitter_use_og":false,"twitter_card":"default","twitter_image_type":"default","twitter_image_url":null,"twitter_image_custom_url":null,"twitter_image_custom_fields":null,"twitter_title":null,"twitter_description":null,"schema":{"blockGraphs":[],"customGraphs":[],"default":{"data":{"Article":[],"Course":[],"Dataset":[],"FAQPage":[],"Movie":[],"Person":[],"Product":[],"ProductReview":[],"Car":[],"Recipe":[],"Service":[],"SoftwareApplication":[],"WebPage":[]},"graphName":"","isEnabled":true},"graphs":[],"defaultGraph":"","defaultPostTypeGraph":""},"schema_type":null,"schema_type_options":null,"pillar_content":false,"robots_default":true,"robots_noindex":false,"robots_noarchive":false,"robots_nosnippet":false,"robots_nofollow":false,"robots_noimageindex":false,"robots_noodp":false,"robots_notranslate":false,"robots_max_snippet":null,"robots_max_videopreview":null,"robots_max_imagepreview":"large","priority":null,"frequency":null,"local_seo":null,"seo_analyzer_scan_date":"2025-12-10 19:56:09","breadcrumb_settings":null,"limit_modified_date":false,"open_ai":null,"ai":null,"created":"2021-01-22 06:36:20","updated":"2025-12-10 19:56:09"},"aioseo_breadcrumb":"<div class=\"aioseo-breadcrumbs\"><span class=\"aioseo-breadcrumb\">\n\t<a href=\"https:\/\/www.eldigitaldeasturias.com\/noticias\" title=\"Home\">Home<\/a>\n<\/span><span class=\"aioseo-breadcrumb-separator\">\u2013<\/span><span class=\"aioseo-breadcrumb\">\n\t<a href=\"https:\/\/www.eldigitaldeasturias.com\/noticias\/category\/actualidad\/\" title=\"Actualidad\">Actualidad<\/a>\n<\/span><span class=\"aioseo-breadcrumb-separator\">\u2013<\/span><span class=\"aioseo-breadcrumb\">\n\t<a href=\"https:\/\/www.eldigitaldeasturias.com\/noticias\/kerry-llama-a-la-calma-y-a-reducir-la-violencia-durante-un-encuentro-con-abbas-en-aman\/\" title=\"Kerry llama a la calma y a reducir la violencia durante un encuentro con Abbas en Am\u00e1n\">Kerry llama a la calma y a reducir la violencia durante un encuentro con Abbas en Am\u00e1n<\/a>\n<\/span><\/div>","aioseo_breadcrumb_json":[{"label":"Home","link":"https:\/\/www.eldigitaldeasturias.com\/noticias"},{"label":"Actualidad","link":"https:\/\/www.eldigitaldeasturias.com\/noticias\/category\/actualidad\/"},{"label":"Kerry llama a la calma y a reducir la violencia durante un encuentro con Abbas en Am\u00e1n","link":"https:\/\/www.eldigitaldeasturias.com\/noticias\/kerry-llama-a-la-calma-y-a-reducir-la-violencia-durante-un-encuentro-con-abbas-en-aman\/"}],"_links":{"self":[{"href":"https:\/\/www.eldigitaldeasturias.com\/noticias\/wp-json\/wp\/v2\/posts\/861064","targetHints":{"allow":["GET"]}}],"collection":[{"href":"https:\/\/www.eldigitaldeasturias.com\/noticias\/wp-json\/wp\/v2\/posts"}],"about":[{"href":"https:\/\/www.eldigitaldeasturias.com\/noticias\/wp-json\/wp\/v2\/types\/post"}],"author":[{"embeddable":true,"href":"https:\/\/www.eldigitaldeasturias.com\/noticias\/wp-json\/wp\/v2\/users\/1"}],"replies":[{"embeddable":true,"href":"https:\/\/www.eldigitaldeasturias.com\/noticias\/wp-json\/wp\/v2\/comments?post=861064"}],"version-history":[{"count":0,"href":"https:\/\/www.eldigitaldeasturias.com\/noticias\/wp-json\/wp\/v2\/posts\/861064\/revisions"}],"wp:featuredmedia":[{"embeddable":true,"href":"https:\/\/www.eldigitaldeasturias.com\/noticias\/wp-json\/wp\/v2\/media\/861065"}],"wp:attachment":[{"href":"https:\/\/www.eldigitaldeasturias.com\/noticias\/wp-json\/wp\/v2\/media?parent=861064"}],"wp:term":[{"taxonomy":"category","embeddable":true,"href":"https:\/\/www.eldigitaldeasturias.com\/noticias\/wp-json\/wp\/v2\/categories?post=861064"},{"taxonomy":"post_tag","embeddable":true,"href":"https:\/\/www.eldigitaldeasturias.com\/noticias\/wp-json\/wp\/v2\/tags?post=861064"}],"curies":[{"name":"wp","href":"https:\/\/api.w.org\/{rel}","templated":true}]}}