{"id":861058,"date":"2016-02-23T04:29:14","date_gmt":"2016-02-23T04:29:14","guid":{"rendered":"http:\/\/www.eldigitaldeasturias.com\/noticias\/?p=861058"},"modified":"2016-02-23T04:29:14","modified_gmt":"2016-02-23T04:29:14","slug":"ecologistas-solicitan-al-tsja-que-se-reactiven-los-procedimientos-pendientes-por-el-algarrobico","status":"publish","type":"post","link":"https:\/\/www.eldigitaldeasturias.com\/noticias\/ecologistas-solicitan-al-tsja-que-se-reactiven-los-procedimientos-pendientes-por-el-algarrobico\/","title":{"rendered":"Ecologistas solicitan al TSJA que se reactiven los procedimientos pendientes por El Algarrobico"},"content":{"rendered":"<p><img loading=\"lazy\" decoding=\"async\" class=\"alignleft size-medium wp-image-861059\" src=\"https:\/\/www.eldigitaldeasturias.com\/noticias\/wp-content\/uploads\/2016\/02\/fotonoticia_20160222144455_800-360x270.jpg\" alt=\"fotonoticia_20160222144455_800\" width=\"360\" height=\"270\" srcset=\"https:\/\/www.eldigitaldeasturias.com\/noticias\/wp-content\/uploads\/2016\/02\/fotonoticia_20160222144455_800-360x270.jpg 360w, https:\/\/www.eldigitaldeasturias.com\/noticias\/wp-content\/uploads\/2016\/02\/fotonoticia_20160222144455_800-768x576.jpg 768w, https:\/\/www.eldigitaldeasturias.com\/noticias\/wp-content\/uploads\/2016\/02\/fotonoticia_20160222144455_800-650x488.jpg 650w, https:\/\/www.eldigitaldeasturias.com\/noticias\/wp-content\/uploads\/2016\/02\/fotonoticia_20160222144455_800-125x95.jpg 125w, https:\/\/www.eldigitaldeasturias.com\/noticias\/wp-content\/uploads\/2016\/02\/fotonoticia_20160222144455_800-100x75.jpg 100w, https:\/\/www.eldigitaldeasturias.com\/noticias\/wp-content\/uploads\/2016\/02\/fotonoticia_20160222144455_800.jpg 800w\" sizes=\"auto, (max-width: 360px) 100vw, 360px\" \/>Ecologistas en Acci\u00f3n ha solicitado este lunes ante el Tribunal Superior de Justicia de Andaluc\u00eda (TSJA) que se reactiven los procedimientos pendientes de resolver en relaci\u00f3n al paraje de El Algarrobico, en Carboneras (Almer\u00eda) tras la sentencia dictada por el Tribunal Supremo (TS) en la que declara no urbanizables los terrenos en los que se asienta el pol\u00e9mico hotel levantado por Azata y que invade el espacio p\u00fablico mar\u00edtimo-terrestre.<\/p>\n<p>Seg\u00fan el escrito presentado ante el Alto Tribunal andaluz, consultado por Europa Press, el pronunciamiento del Supremo \u00abha puesto fin al proceso que motiv\u00f3 la suspensi\u00f3n de las actuaciones\u00bb seguidas por este tribunal, por lo que considera que ya es posible \u00abreanudarlas teniendo en cuenta el fallo y los fundamentos de derecho de dicha sentencia\u00bb.<\/p>\n<p>El escrito, que se acompa\u00f1a de la sentencia del Supremo, recuerda que la mencionada sentencia del Tribunal Supremo del 10 de febrero de 2016 confirma que los sectores ST-1 y ST-2 del planeamiento municipal de Carboneras se ubican en espacio protegido \u00abno urbanizable\u00bb.<\/p>\n<p>En concreto, incide en que el sector ST-1, en el que se asienta concretamente el hotel, est\u00e1 en subzona &#8216;C1&#8217;, por lo que se considera as\u00ed dentro de las \u00e1reas naturales de inter\u00e9s general, de acuerdo con el plan de ordenaci\u00f3n de recursos naturales (PORN) de 1994. Mientras, el sector ST-2 est\u00e1 en subzona &#8216;B1&#8217; y &#8216;B2&#8217;, seg\u00fan aparece en el Decreto 37\/2008 del PORN de 2008.<\/p>\n<p>El TSJA suspendi\u00f3 el procedimiento acumulado en relaci\u00f3n a los recursos presentados por Salvemos Moj\u00e1car, Ecologistas en Acci\u00f3n y Greenpeace Espa\u00f1a contra el plan general de ordenaci\u00f3n urbana (PGOU) de Carboneras (Almer\u00eda) el mismo d\u00eda en el que se dict\u00f3 votaci\u00f3n y fallo a la espera de que el TS resolviera la situaci\u00f3n del paraje.<\/p>\n<p>En este plan de ordenaci\u00f3n los sectores ST-1 y ST-2 correspondientes al paraje en el que se ubica el complejo tur\u00edstico fueron considerados urbanizables, de forma que su aprobaci\u00f3n habr\u00eda dado v\u00eda libre a la construcci\u00f3n de 250 viviendas en la zona. Greenpeace apunt\u00f3 en su recurso que la declaraci\u00f3n de terreno urbanizable contaba con un informe de 2009 en sentido favorable de la Consejer\u00eda de Vivienda de la Junta de Andaluc\u00eda.<\/p>\n<p>RECURSO DEL AYUNTAMIENTO<\/p>\n<p>Junto a este procedimiento, la Sala de lo Contencioso del TSJA tambi\u00e9n tiene pendiente de resolver el recurso presentado por el Ayuntamiento de Carboneras contra el plan de ordenaci\u00f3n de recursos naturales (PORN) de 2008 en el que se solicitaba la anulaci\u00f3n de la ampliaci\u00f3n del Parque Natural de Cabo de Gata-N\u00edjar (Almer\u00eda) que se hizo en 1994, que el Supremo ya ha validado, para as\u00ed estrechar los l\u00edmites del parque y dejar el paraje fuera de su protecci\u00f3n.<\/p>\n<p>El mismo PORN de 2008 tambi\u00e9n fue objeto de recurso, aunque en sentido contrario, por parte de la Asociaci\u00f3n de Amigos del Parque de Cabo de Gata, con el fin de que el espacio mantuviera la consideraci\u00f3n de especial protecci\u00f3n que le brindaba el plan de 1994. El procedimiento tambi\u00e9n qued\u00f3 suspendido a la espera de la decisi\u00f3n del Tribunal Supremo.<\/p>\n<p>RECLAMACI\u00d3N PATRIMONIAL<\/p>\n<p>A estos procedimientos que se siguen en los tribunales andaluces se suma adem\u00e1s el abierto por la Audiencia Nacional, que tramita de forma agrupada las tres demandas por responsabilidad patrimonial elevadas por Azata del Sol contra el Estado, la Junta de Andaluc\u00eda y el Ayuntamiento. Reclama una indemnizaci\u00f3n de 70 millones de euros para resarcir los \u00abda\u00f1os y perjuicios\u00bb derivados de lo que considera un \u00abanormal funcionamiento\u00bb de la administraci\u00f3n.<\/p>\n<p>Azata del Sol cuantifica la responsabilidad patrimonial de Estado, Junta y Ayuntamiento carbonero, conjunta y de manera solidaria, en 70.042.712 euros, cifra que incluye un cinco por ciento por da\u00f1o moral seg\u00fan la tasaci\u00f3n realizada por la sociedad Tinsa de acuerdo no solo al valor del suelo y del hotel, sino tambi\u00e9n teniendo en cuenta \u00abel da\u00f1o moral, material y el descr\u00e9dito empresarial\u00bb a la mercantil.<\/p>\n<p>Cabe recordar que el Tribunal Supremo, en su decisiva sentencia, declina pronunciarse sobre la responsabilidad patrimonial y deja la decisi\u00f3n en manos de la Audiencia Nacional.<\/p>\n<p>LA LICENCIA DE OBRAS, A ESTRASBURGO<\/p>\n<p>La situaci\u00f3n del hotel del Algarrobico, ubicado en un suelo no urbanizable dentro de un parque natural y sobre el espacio de servidumbre de la costa choca frontalmente con la validaci\u00f3n que obtuvo, por parte del TSJA, de la licencia de obra que le entreg\u00f3 el Ayuntamiento de Carboneras y fue validada por la Junta de Andaluc\u00eda.<\/p>\n<p>En este sentido, fuentes del colectivo Ecologista han afirmado a Europa Press que se va a tratar de solicitar al TSJA una revisi\u00f3n de la sentencia que legaliza la licencia tras el fallo del Tribunal Supremo. Asimismo, tambi\u00e9n se han planteado recurrir ante el Tribunal de Estrasburgo para que resuelva la situaci\u00f3n.<\/p>\n<p>No obstante, los colectivos ecologistas ya hab\u00edan abierto previamente otras dos v\u00edas, ante el Tribunal Constitucional y ante el Ayuntamiento de Carboneras. Por un lado, han pedido amparo al TC ante la sentencia que respalda la legalidad de la licencia municipal de obras despu\u00e9s de que el TSJA rechazase su nulidad, como ped\u00edan las asociaciones Salvemos Moj\u00e1car y Ecologistas en Acci\u00f3n, as\u00ed como la propia Junta.<\/p>\n<p>Por otro lado, junto al colectivo &#8216;Amigos del Parque&#8217;, han solicitado formalmente al Consistorio carboneras que descatalogue como urbanizables en la normativa urban\u00edstica tanto los sectores ST-1, como el ST-2 y el ST-3, en los que tambi\u00e9n se prev\u00e9 desarrollo residencial y hotelero.<\/p>\n","protected":false},"excerpt":{"rendered":"<p>Ecologistas en Acci\u00f3n ha solicitado este lunes ante el Tribunal Superior de Justicia de Andaluc\u00eda (TSJA) que se reactiven los procedimientos pendientes de resolver en relaci\u00f3n al paraje de El Algarrobico, en Carboneras (Almer\u00eda) tras la sentencia dictada por el Tribunal Supremo (TS) en la que declara no urbanizables los terrenos en los que se [&hellip;]<\/p>\n","protected":false},"author":1,"featured_media":861059,"comment_status":"closed","ping_status":"closed","sticky":false,"template":"","format":"standard","meta":{"footnotes":""},"categories":[28],"tags":[],"class_list":["post-861058","post","type-post","status-publish","format-standard","has-post-thumbnail","hentry","category-sociedad"],"aioseo_notices":[],"aioseo_head":"\n\t\t<!-- All in One SEO Pro 4.9.6.2 - aioseo.com -->\n\t<meta name=\"description\" content=\"Ecologistas en Acci\u00f3n ha solicitado este lunes ante el Tribunal Superior de Justicia de Andaluc\u00eda (TSJA) que se reactiven los procedimientos pendientes de resolver en relaci\u00f3n al paraje de El Algarrobico, en Carboneras (Almer\u00eda) tras la sentencia dictada por el Tribunal Supremo (TS) en la que declara no urbanizables los terrenos en los que se\" \/>\n\t<meta name=\"robots\" content=\"max-image-preview:large\" \/>\n\t<meta name=\"author\" content=\"El Digital de Asturias\"\/>\n\t<meta name=\"google-site-verification\" content=\"UA-38556648-1\" \/>\n\t<meta name=\"msvalidate.01\" content=\"7dfe9f3f1b24437ab69f4f2559babe99\" \/>\n\t<meta name=\"keywords\" content=\"sociedad\" \/>\n\t<link rel=\"canonical\" href=\"https:\/\/www.eldigitaldeasturias.com\/noticias\/ecologistas-solicitan-al-tsja-que-se-reactiven-los-procedimientos-pendientes-por-el-algarrobico\/\" \/>\n\t<meta name=\"generator\" content=\"All in One SEO Pro (AIOSEO) 4.9.6.2\" \/>\n\t\t<meta property=\"og:locale\" content=\"es_ES\" \/>\n\t\t<meta property=\"og:site_name\" content=\"El Digital de Asturias\" \/>\n\t\t<meta property=\"og:type\" content=\"article\" \/>\n\t\t<meta property=\"og:title\" content=\"Ecologistas solicitan al TSJA que se reactiven los procedimientos pendientes por El Algarrobico - El Digital de Asturias\" \/>\n\t\t<meta property=\"og:description\" content=\"Ecologistas en Acci\u00f3n ha solicitado este lunes ante el Tribunal Superior de Justicia de Andaluc\u00eda (TSJA) que se reactiven los procedimientos pendientes de resolver en relaci\u00f3n al paraje de El Algarrobico, en Carboneras (Almer\u00eda) tras la sentencia dictada por el Tribunal Supremo (TS) en la que declara no urbanizables los terrenos en los que se\" \/>\n\t\t<meta property=\"og:url\" content=\"https:\/\/www.eldigitaldeasturias.com\/noticias\/ecologistas-solicitan-al-tsja-que-se-reactiven-los-procedimientos-pendientes-por-el-algarrobico\/\" \/>\n\t\t<meta property=\"og:image\" content=\"https:\/\/www.eldigitaldeasturias.com\/noticias\/wp-content\/uploads\/2016\/02\/fotonoticia_20160222144455_800.jpg\" \/>\n\t\t<meta property=\"og:image:secure_url\" content=\"https:\/\/www.eldigitaldeasturias.com\/noticias\/wp-content\/uploads\/2016\/02\/fotonoticia_20160222144455_800.jpg\" \/>\n\t\t<meta property=\"og:image:width\" content=\"800\" \/>\n\t\t<meta property=\"og:image:height\" content=\"600\" \/>\n\t\t<meta property=\"article:tag\" content=\"sociedad\" \/>\n\t\t<meta property=\"article:published_time\" content=\"2016-02-23T04:29:14+00:00\" \/>\n\t\t<meta property=\"article:modified_time\" content=\"2016-02-23T04:29:14+00:00\" \/>\n\t\t<meta property=\"article:publisher\" content=\"https:\/\/facebook.com\/eldigitaldeasturias\" \/>\n\t\t<meta name=\"twitter:card\" content=\"summary_large_image\" \/>\n\t\t<meta name=\"twitter:title\" content=\"Ecologistas solicitan al TSJA que se reactiven los procedimientos pendientes por El Algarrobico - El Digital de Asturias\" \/>\n\t\t<meta name=\"twitter:description\" content=\"Ecologistas en Acci\u00f3n ha solicitado este lunes ante el Tribunal Superior de Justicia de Andaluc\u00eda (TSJA) que se reactiven los procedimientos pendientes de resolver en relaci\u00f3n al paraje de El Algarrobico, en Carboneras (Almer\u00eda) tras la sentencia dictada por el Tribunal Supremo (TS) en la que declara no urbanizables los terrenos en los que se\" \/>\n\t\t<meta name=\"twitter:image\" content=\"https:\/\/www.eldigitaldeasturias.com\/noticias\/wp-content\/uploads\/2016\/02\/fotonoticia_20160222144455_800.jpg\" \/>\n\t\t<meta name=\"twitter:label1\" content=\"Escrito por\" \/>\n\t\t<meta name=\"twitter:data1\" content=\"El Digital de Asturias\" \/>\n\t\t<meta name=\"twitter:label2\" content=\"Tiempo de lectura estimado\" \/>\n\t\t<meta name=\"twitter:data2\" content=\"5 minutos\" \/>\n\t\t<script type=\"application\/ld+json\" class=\"aioseo-schema\">\n\t\t\t{\"@context\":\"https:\\\/\\\/schema.org\",\"@graph\":[{\"@type\":\"BlogPosting\",\"@id\":\"https:\\\/\\\/www.eldigitaldeasturias.com\\\/noticias\\\/ecologistas-solicitan-al-tsja-que-se-reactiven-los-procedimientos-pendientes-por-el-algarrobico\\\/#blogposting\",\"name\":\"Ecologistas solicitan al TSJA que se reactiven los procedimientos pendientes por El Algarrobico - El Digital de Asturias\",\"headline\":\"Ecologistas solicitan al TSJA que se reactiven los procedimientos pendientes por El Algarrobico\",\"author\":{\"@id\":\"https:\\\/\\\/www.eldigitaldeasturias.com\\\/noticias\\\/author\\\/admin\\\/#author\"},\"publisher\":{\"@id\":\"https:\\\/\\\/www.eldigitaldeasturias.com\\\/noticias\\\/#organization\"},\"image\":{\"@type\":\"ImageObject\",\"url\":\"https:\\\/\\\/www.eldigitaldeasturias.com\\\/noticias\\\/wp-content\\\/uploads\\\/2016\\\/02\\\/fotonoticia_20160222144455_800.jpg\",\"width\":800,\"height\":600},\"datePublished\":\"2016-02-23T04:29:14+01:00\",\"dateModified\":\"2016-02-23T04:29:14+01:00\",\"inLanguage\":\"es-ES\",\"mainEntityOfPage\":{\"@id\":\"https:\\\/\\\/www.eldigitaldeasturias.com\\\/noticias\\\/ecologistas-solicitan-al-tsja-que-se-reactiven-los-procedimientos-pendientes-por-el-algarrobico\\\/#webpage\"},\"isPartOf\":{\"@id\":\"https:\\\/\\\/www.eldigitaldeasturias.com\\\/noticias\\\/ecologistas-solicitan-al-tsja-que-se-reactiven-los-procedimientos-pendientes-por-el-algarrobico\\\/#webpage\"},\"articleSection\":\"Sociedad\"},{\"@type\":\"BreadcrumbList\",\"@id\":\"https:\\\/\\\/www.eldigitaldeasturias.com\\\/noticias\\\/ecologistas-solicitan-al-tsja-que-se-reactiven-los-procedimientos-pendientes-por-el-algarrobico\\\/#breadcrumblist\",\"itemListElement\":[{\"@type\":\"ListItem\",\"@id\":\"https:\\\/\\\/www.eldigitaldeasturias.com\\\/noticias#listItem\",\"position\":1,\"name\":\"Home\",\"item\":\"https:\\\/\\\/www.eldigitaldeasturias.com\\\/noticias\",\"nextItem\":{\"@type\":\"ListItem\",\"@id\":\"https:\\\/\\\/www.eldigitaldeasturias.com\\\/noticias\\\/category\\\/sociedad\\\/#listItem\",\"name\":\"Sociedad\"}},{\"@type\":\"ListItem\",\"@id\":\"https:\\\/\\\/www.eldigitaldeasturias.com\\\/noticias\\\/category\\\/sociedad\\\/#listItem\",\"position\":2,\"name\":\"Sociedad\",\"item\":\"https:\\\/\\\/www.eldigitaldeasturias.com\\\/noticias\\\/category\\\/sociedad\\\/\",\"nextItem\":{\"@type\":\"ListItem\",\"@id\":\"https:\\\/\\\/www.eldigitaldeasturias.com\\\/noticias\\\/ecologistas-solicitan-al-tsja-que-se-reactiven-los-procedimientos-pendientes-por-el-algarrobico\\\/#listItem\",\"name\":\"Ecologistas solicitan al TSJA que se reactiven los procedimientos pendientes por El Algarrobico\"},\"previousItem\":{\"@type\":\"ListItem\",\"@id\":\"https:\\\/\\\/www.eldigitaldeasturias.com\\\/noticias#listItem\",\"name\":\"Home\"}},{\"@type\":\"ListItem\",\"@id\":\"https:\\\/\\\/www.eldigitaldeasturias.com\\\/noticias\\\/ecologistas-solicitan-al-tsja-que-se-reactiven-los-procedimientos-pendientes-por-el-algarrobico\\\/#listItem\",\"position\":3,\"name\":\"Ecologistas solicitan al TSJA que se reactiven los procedimientos pendientes por El Algarrobico\",\"previousItem\":{\"@type\":\"ListItem\",\"@id\":\"https:\\\/\\\/www.eldigitaldeasturias.com\\\/noticias\\\/category\\\/sociedad\\\/#listItem\",\"name\":\"Sociedad\"}}]},{\"@type\":\"Organization\",\"@id\":\"https:\\\/\\\/www.eldigitaldeasturias.com\\\/noticias\\\/#organization\",\"name\":\"El Digital de Asturias\",\"description\":\"Hemeroteca\",\"url\":\"https:\\\/\\\/www.eldigitaldeasturias.com\\\/noticias\\\/\",\"email\":\"info@eldigitaldeasturias.com\",\"telephone\":\"+34652131393\",\"logo\":{\"@type\":\"ImageObject\",\"url\":\"https:\\\/\\\/www.eldigitaldeasturias.com\\\/noticias\\\/wp-content\\\/uploads\\\/2020\\\/12\\\/EDA.jpg\",\"@id\":\"https:\\\/\\\/www.eldigitaldeasturias.com\\\/noticias\\\/ecologistas-solicitan-al-tsja-que-se-reactiven-los-procedimientos-pendientes-por-el-algarrobico\\\/#organizationLogo\",\"width\":649,\"height\":297},\"image\":{\"@id\":\"https:\\\/\\\/www.eldigitaldeasturias.com\\\/noticias\\\/ecologistas-solicitan-al-tsja-que-se-reactiven-los-procedimientos-pendientes-por-el-algarrobico\\\/#organizationLogo\"},\"sameAs\":[\"https:\\\/\\\/facebook.com\\\/eldigitaldeasturias\",\"https:\\\/\\\/www.youtube.com\\\/channel\\\/UCZP-2wLEB9Rv6erhFmqVnvg\"],\"address\":{\"@id\":\"https:\\\/\\\/www.eldigitaldeasturias.com\\\/noticias\\\/#postaladdress\",\"@type\":\"PostalAddress\",\"streetAddress\":\"san antonio 4,\",\"postalCode\":\"33430\",\"addressLocality\":\"Cand\\u00e1s\",\"addressRegion\":\"Asturias\",\"addressCountry\":\"ES\"}},{\"@type\":\"Person\",\"@id\":\"https:\\\/\\\/www.eldigitaldeasturias.com\\\/noticias\\\/author\\\/admin\\\/#author\",\"url\":\"https:\\\/\\\/www.eldigitaldeasturias.com\\\/noticias\\\/author\\\/admin\\\/\",\"name\":\"El Digital de Asturias\",\"image\":{\"@type\":\"ImageObject\",\"@id\":\"https:\\\/\\\/www.eldigitaldeasturias.com\\\/noticias\\\/ecologistas-solicitan-al-tsja-que-se-reactiven-los-procedimientos-pendientes-por-el-algarrobico\\\/#authorImage\",\"url\":\"https:\\\/\\\/www.eldigitaldeasturias.com\\\/noticias\\\/wp-content\\\/litespeed\\\/avatar\\\/18677e78aa0546b92d9dbf31ec7d7668.jpg?ver=1777290358\",\"width\":96,\"height\":96,\"caption\":\"El Digital de Asturias\"}},{\"@type\":\"WebPage\",\"@id\":\"https:\\\/\\\/www.eldigitaldeasturias.com\\\/noticias\\\/ecologistas-solicitan-al-tsja-que-se-reactiven-los-procedimientos-pendientes-por-el-algarrobico\\\/#webpage\",\"url\":\"https:\\\/\\\/www.eldigitaldeasturias.com\\\/noticias\\\/ecologistas-solicitan-al-tsja-que-se-reactiven-los-procedimientos-pendientes-por-el-algarrobico\\\/\",\"name\":\"Ecologistas solicitan al TSJA que se reactiven los procedimientos pendientes por El Algarrobico - El Digital de Asturias\",\"description\":\"Ecologistas en Acci\\u00f3n ha solicitado este lunes ante el Tribunal Superior de Justicia de Andaluc\\u00eda (TSJA) que se reactiven los procedimientos pendientes de resolver en relaci\\u00f3n al paraje de El Algarrobico, en Carboneras (Almer\\u00eda) tras la sentencia dictada por el Tribunal Supremo (TS) en la que declara no urbanizables los terrenos en los que se\",\"inLanguage\":\"es-ES\",\"isPartOf\":{\"@id\":\"https:\\\/\\\/www.eldigitaldeasturias.com\\\/noticias\\\/#website\"},\"breadcrumb\":{\"@id\":\"https:\\\/\\\/www.eldigitaldeasturias.com\\\/noticias\\\/ecologistas-solicitan-al-tsja-que-se-reactiven-los-procedimientos-pendientes-por-el-algarrobico\\\/#breadcrumblist\"},\"author\":{\"@id\":\"https:\\\/\\\/www.eldigitaldeasturias.com\\\/noticias\\\/author\\\/admin\\\/#author\"},\"creator\":{\"@id\":\"https:\\\/\\\/www.eldigitaldeasturias.com\\\/noticias\\\/author\\\/admin\\\/#author\"},\"image\":{\"@type\":\"ImageObject\",\"url\":\"https:\\\/\\\/www.eldigitaldeasturias.com\\\/noticias\\\/wp-content\\\/uploads\\\/2016\\\/02\\\/fotonoticia_20160222144455_800.jpg\",\"@id\":\"https:\\\/\\\/www.eldigitaldeasturias.com\\\/noticias\\\/ecologistas-solicitan-al-tsja-que-se-reactiven-los-procedimientos-pendientes-por-el-algarrobico\\\/#mainImage\",\"width\":800,\"height\":600},\"primaryImageOfPage\":{\"@id\":\"https:\\\/\\\/www.eldigitaldeasturias.com\\\/noticias\\\/ecologistas-solicitan-al-tsja-que-se-reactiven-los-procedimientos-pendientes-por-el-algarrobico\\\/#mainImage\"},\"datePublished\":\"2016-02-23T04:29:14+01:00\",\"dateModified\":\"2016-02-23T04:29:14+01:00\"},{\"@type\":\"WebSite\",\"@id\":\"https:\\\/\\\/www.eldigitaldeasturias.com\\\/noticias\\\/#website\",\"url\":\"https:\\\/\\\/www.eldigitaldeasturias.com\\\/noticias\\\/\",\"name\":\"El Digital de Asturias - Diario de actualidad y noticias\",\"alternateName\":\"El Digital de Asturias - Diario de actualidad y noticias\",\"description\":\"Hemeroteca\",\"inLanguage\":\"es-ES\",\"publisher\":{\"@id\":\"https:\\\/\\\/www.eldigitaldeasturias.com\\\/noticias\\\/#organization\"}}]}\n\t\t<\/script>\n\t\t<!-- All in One SEO Pro -->\r\n\t\t<title>Ecologistas solicitan al TSJA que se reactiven los procedimientos pendientes por El Algarrobico - El Digital de Asturias<\/title>\n\n","aioseo_head_json":{"title":"Ecologistas solicitan al TSJA que se reactiven los procedimientos pendientes por El Algarrobico - El Digital de Asturias","description":"Ecologistas en Acci\u00f3n ha solicitado este lunes ante el Tribunal Superior de Justicia de Andaluc\u00eda (TSJA) que se reactiven los procedimientos pendientes de resolver en relaci\u00f3n al paraje de El Algarrobico, en Carboneras (Almer\u00eda) tras la sentencia dictada por el Tribunal Supremo (TS) en la que declara no urbanizables los terrenos en los que se","canonical_url":"https:\/\/www.eldigitaldeasturias.com\/noticias\/ecologistas-solicitan-al-tsja-que-se-reactiven-los-procedimientos-pendientes-por-el-algarrobico\/","robots":"max-image-preview:large","keywords":"sociedad","webmasterTools":{"google-site-verification":"UA-38556648-1","msvalidate.01":"7dfe9f3f1b24437ab69f4f2559babe99","miscellaneous":""},"schema":{"@context":"https:\/\/schema.org","@graph":[{"@type":"BlogPosting","@id":"https:\/\/www.eldigitaldeasturias.com\/noticias\/ecologistas-solicitan-al-tsja-que-se-reactiven-los-procedimientos-pendientes-por-el-algarrobico\/#blogposting","name":"Ecologistas solicitan al TSJA que se reactiven los procedimientos pendientes por El Algarrobico - El Digital de Asturias","headline":"Ecologistas solicitan al TSJA que se reactiven los procedimientos pendientes por El Algarrobico","author":{"@id":"https:\/\/www.eldigitaldeasturias.com\/noticias\/author\/admin\/#author"},"publisher":{"@id":"https:\/\/www.eldigitaldeasturias.com\/noticias\/#organization"},"image":{"@type":"ImageObject","url":"https:\/\/www.eldigitaldeasturias.com\/noticias\/wp-content\/uploads\/2016\/02\/fotonoticia_20160222144455_800.jpg","width":800,"height":600},"datePublished":"2016-02-23T04:29:14+01:00","dateModified":"2016-02-23T04:29:14+01:00","inLanguage":"es-ES","mainEntityOfPage":{"@id":"https:\/\/www.eldigitaldeasturias.com\/noticias\/ecologistas-solicitan-al-tsja-que-se-reactiven-los-procedimientos-pendientes-por-el-algarrobico\/#webpage"},"isPartOf":{"@id":"https:\/\/www.eldigitaldeasturias.com\/noticias\/ecologistas-solicitan-al-tsja-que-se-reactiven-los-procedimientos-pendientes-por-el-algarrobico\/#webpage"},"articleSection":"Sociedad"},{"@type":"BreadcrumbList","@id":"https:\/\/www.eldigitaldeasturias.com\/noticias\/ecologistas-solicitan-al-tsja-que-se-reactiven-los-procedimientos-pendientes-por-el-algarrobico\/#breadcrumblist","itemListElement":[{"@type":"ListItem","@id":"https:\/\/www.eldigitaldeasturias.com\/noticias#listItem","position":1,"name":"Home","item":"https:\/\/www.eldigitaldeasturias.com\/noticias","nextItem":{"@type":"ListItem","@id":"https:\/\/www.eldigitaldeasturias.com\/noticias\/category\/sociedad\/#listItem","name":"Sociedad"}},{"@type":"ListItem","@id":"https:\/\/www.eldigitaldeasturias.com\/noticias\/category\/sociedad\/#listItem","position":2,"name":"Sociedad","item":"https:\/\/www.eldigitaldeasturias.com\/noticias\/category\/sociedad\/","nextItem":{"@type":"ListItem","@id":"https:\/\/www.eldigitaldeasturias.com\/noticias\/ecologistas-solicitan-al-tsja-que-se-reactiven-los-procedimientos-pendientes-por-el-algarrobico\/#listItem","name":"Ecologistas solicitan al TSJA que se reactiven los procedimientos pendientes por El Algarrobico"},"previousItem":{"@type":"ListItem","@id":"https:\/\/www.eldigitaldeasturias.com\/noticias#listItem","name":"Home"}},{"@type":"ListItem","@id":"https:\/\/www.eldigitaldeasturias.com\/noticias\/ecologistas-solicitan-al-tsja-que-se-reactiven-los-procedimientos-pendientes-por-el-algarrobico\/#listItem","position":3,"name":"Ecologistas solicitan al TSJA que se reactiven los procedimientos pendientes por El Algarrobico","previousItem":{"@type":"ListItem","@id":"https:\/\/www.eldigitaldeasturias.com\/noticias\/category\/sociedad\/#listItem","name":"Sociedad"}}]},{"@type":"Organization","@id":"https:\/\/www.eldigitaldeasturias.com\/noticias\/#organization","name":"El Digital de Asturias","description":"Hemeroteca","url":"https:\/\/www.eldigitaldeasturias.com\/noticias\/","email":"info@eldigitaldeasturias.com","telephone":"+34652131393","logo":{"@type":"ImageObject","url":"https:\/\/www.eldigitaldeasturias.com\/noticias\/wp-content\/uploads\/2020\/12\/EDA.jpg","@id":"https:\/\/www.eldigitaldeasturias.com\/noticias\/ecologistas-solicitan-al-tsja-que-se-reactiven-los-procedimientos-pendientes-por-el-algarrobico\/#organizationLogo","width":649,"height":297},"image":{"@id":"https:\/\/www.eldigitaldeasturias.com\/noticias\/ecologistas-solicitan-al-tsja-que-se-reactiven-los-procedimientos-pendientes-por-el-algarrobico\/#organizationLogo"},"sameAs":["https:\/\/facebook.com\/eldigitaldeasturias","https:\/\/www.youtube.com\/channel\/UCZP-2wLEB9Rv6erhFmqVnvg"],"address":{"@id":"https:\/\/www.eldigitaldeasturias.com\/noticias\/#postaladdress","@type":"PostalAddress","streetAddress":"san antonio 4,","postalCode":"33430","addressLocality":"Cand\u00e1s","addressRegion":"Asturias","addressCountry":"ES"}},{"@type":"Person","@id":"https:\/\/www.eldigitaldeasturias.com\/noticias\/author\/admin\/#author","url":"https:\/\/www.eldigitaldeasturias.com\/noticias\/author\/admin\/","name":"El Digital de Asturias","image":{"@type":"ImageObject","@id":"https:\/\/www.eldigitaldeasturias.com\/noticias\/ecologistas-solicitan-al-tsja-que-se-reactiven-los-procedimientos-pendientes-por-el-algarrobico\/#authorImage","url":"https:\/\/www.eldigitaldeasturias.com\/noticias\/wp-content\/litespeed\/avatar\/18677e78aa0546b92d9dbf31ec7d7668.jpg?ver=1777290358","width":96,"height":96,"caption":"El Digital de Asturias"}},{"@type":"WebPage","@id":"https:\/\/www.eldigitaldeasturias.com\/noticias\/ecologistas-solicitan-al-tsja-que-se-reactiven-los-procedimientos-pendientes-por-el-algarrobico\/#webpage","url":"https:\/\/www.eldigitaldeasturias.com\/noticias\/ecologistas-solicitan-al-tsja-que-se-reactiven-los-procedimientos-pendientes-por-el-algarrobico\/","name":"Ecologistas solicitan al TSJA que se reactiven los procedimientos pendientes por El Algarrobico - El Digital de Asturias","description":"Ecologistas en Acci\u00f3n ha solicitado este lunes ante el Tribunal Superior de Justicia de Andaluc\u00eda (TSJA) que se reactiven los procedimientos pendientes de resolver en relaci\u00f3n al paraje de El Algarrobico, en Carboneras (Almer\u00eda) tras la sentencia dictada por el Tribunal Supremo (TS) en la que declara no urbanizables los terrenos en los que se","inLanguage":"es-ES","isPartOf":{"@id":"https:\/\/www.eldigitaldeasturias.com\/noticias\/#website"},"breadcrumb":{"@id":"https:\/\/www.eldigitaldeasturias.com\/noticias\/ecologistas-solicitan-al-tsja-que-se-reactiven-los-procedimientos-pendientes-por-el-algarrobico\/#breadcrumblist"},"author":{"@id":"https:\/\/www.eldigitaldeasturias.com\/noticias\/author\/admin\/#author"},"creator":{"@id":"https:\/\/www.eldigitaldeasturias.com\/noticias\/author\/admin\/#author"},"image":{"@type":"ImageObject","url":"https:\/\/www.eldigitaldeasturias.com\/noticias\/wp-content\/uploads\/2016\/02\/fotonoticia_20160222144455_800.jpg","@id":"https:\/\/www.eldigitaldeasturias.com\/noticias\/ecologistas-solicitan-al-tsja-que-se-reactiven-los-procedimientos-pendientes-por-el-algarrobico\/#mainImage","width":800,"height":600},"primaryImageOfPage":{"@id":"https:\/\/www.eldigitaldeasturias.com\/noticias\/ecologistas-solicitan-al-tsja-que-se-reactiven-los-procedimientos-pendientes-por-el-algarrobico\/#mainImage"},"datePublished":"2016-02-23T04:29:14+01:00","dateModified":"2016-02-23T04:29:14+01:00"},{"@type":"WebSite","@id":"https:\/\/www.eldigitaldeasturias.com\/noticias\/#website","url":"https:\/\/www.eldigitaldeasturias.com\/noticias\/","name":"El Digital de Asturias - Diario de actualidad y noticias","alternateName":"El Digital de Asturias - Diario de actualidad y noticias","description":"Hemeroteca","inLanguage":"es-ES","publisher":{"@id":"https:\/\/www.eldigitaldeasturias.com\/noticias\/#organization"}}]},"og:locale":"es_ES","og:site_name":"El Digital de Asturias","og:type":"article","og:title":"Ecologistas solicitan al TSJA que se reactiven los procedimientos pendientes por El Algarrobico - El Digital de Asturias","og:description":"Ecologistas en Acci\u00f3n ha solicitado este lunes ante el Tribunal Superior de Justicia de Andaluc\u00eda (TSJA) que se reactiven los procedimientos pendientes de resolver en relaci\u00f3n al paraje de El Algarrobico, en Carboneras (Almer\u00eda) tras la sentencia dictada por el Tribunal Supremo (TS) en la que declara no urbanizables los terrenos en los que se","og:url":"https:\/\/www.eldigitaldeasturias.com\/noticias\/ecologistas-solicitan-al-tsja-que-se-reactiven-los-procedimientos-pendientes-por-el-algarrobico\/","og:image":"https:\/\/www.eldigitaldeasturias.com\/noticias\/wp-content\/uploads\/2016\/02\/fotonoticia_20160222144455_800.jpg","og:image:secure_url":"https:\/\/www.eldigitaldeasturias.com\/noticias\/wp-content\/uploads\/2016\/02\/fotonoticia_20160222144455_800.jpg","og:image:width":800,"og:image:height":600,"article:tag":["sociedad"],"article:published_time":"2016-02-23T04:29:14+00:00","article:modified_time":"2016-02-23T04:29:14+00:00","article:publisher":"https:\/\/facebook.com\/eldigitaldeasturias","twitter:card":"summary_large_image","twitter:title":"Ecologistas solicitan al TSJA que se reactiven los procedimientos pendientes por El Algarrobico - El Digital de Asturias","twitter:description":"Ecologistas en Acci\u00f3n ha solicitado este lunes ante el Tribunal Superior de Justicia de Andaluc\u00eda (TSJA) que se reactiven los procedimientos pendientes de resolver en relaci\u00f3n al paraje de El Algarrobico, en Carboneras (Almer\u00eda) tras la sentencia dictada por el Tribunal Supremo (TS) en la que declara no urbanizables los terrenos en los que se","twitter:image":"https:\/\/www.eldigitaldeasturias.com\/noticias\/wp-content\/uploads\/2016\/02\/fotonoticia_20160222144455_800.jpg","twitter:label1":"Escrito por","twitter:data1":"El Digital de Asturias","twitter:label2":"Tiempo de lectura estimado","twitter:data2":"5 minutos"},"aioseo_meta_data":{"post_id":"861058","title":null,"description":null,"keywords":null,"keyphrases":null,"primary_term":null,"canonical_url":null,"og_title":null,"og_description":null,"og_object_type":"default","og_image_type":"default","og_image_url":null,"og_image_width":null,"og_image_height":null,"og_image_custom_url":null,"og_image_custom_fields":null,"og_video":null,"og_custom_url":null,"og_article_section":null,"og_article_tags":null,"twitter_use_og":false,"twitter_card":"default","twitter_image_type":"default","twitter_image_url":null,"twitter_image_custom_url":null,"twitter_image_custom_fields":null,"twitter_title":null,"twitter_description":null,"schema":{"blockGraphs":[],"customGraphs":[],"default":{"data":{"Article":[],"Course":[],"Dataset":[],"FAQPage":[],"Movie":[],"Person":[],"Product":[],"ProductReview":[],"Car":[],"Recipe":[],"Service":[],"SoftwareApplication":[],"WebPage":[]},"graphName":"","isEnabled":true},"graphs":[],"defaultGraph":"","defaultPostTypeGraph":""},"schema_type":null,"schema_type_options":null,"pillar_content":false,"robots_default":true,"robots_noindex":false,"robots_noarchive":false,"robots_nosnippet":false,"robots_nofollow":false,"robots_noimageindex":false,"robots_noodp":false,"robots_notranslate":false,"robots_max_snippet":null,"robots_max_videopreview":null,"robots_max_imagepreview":"large","priority":null,"frequency":null,"local_seo":null,"seo_analyzer_scan_date":"2025-12-10 19:56:08","breadcrumb_settings":null,"limit_modified_date":false,"open_ai":null,"ai":null,"created":"2021-01-23 14:58:15","updated":"2025-12-10 19:56:08"},"aioseo_breadcrumb":"<div class=\"aioseo-breadcrumbs\"><span class=\"aioseo-breadcrumb\">\n\t<a href=\"https:\/\/www.eldigitaldeasturias.com\/noticias\" title=\"Home\">Home<\/a>\n<\/span><span class=\"aioseo-breadcrumb-separator\">\u2013<\/span><span class=\"aioseo-breadcrumb\">\n\t<a href=\"https:\/\/www.eldigitaldeasturias.com\/noticias\/category\/sociedad\/\" title=\"Sociedad\">Sociedad<\/a>\n<\/span><span class=\"aioseo-breadcrumb-separator\">\u2013<\/span><span class=\"aioseo-breadcrumb\">\n\t<a href=\"https:\/\/www.eldigitaldeasturias.com\/noticias\/ecologistas-solicitan-al-tsja-que-se-reactiven-los-procedimientos-pendientes-por-el-algarrobico\/\" title=\"Ecologistas solicitan al TSJA que se reactiven los procedimientos pendientes por El Algarrobico\">Ecologistas solicitan al TSJA que se reactiven los procedimientos pendientes por El Algarrobico<\/a>\n<\/span><\/div>","aioseo_breadcrumb_json":[{"label":"Home","link":"https:\/\/www.eldigitaldeasturias.com\/noticias"},{"label":"Sociedad","link":"https:\/\/www.eldigitaldeasturias.com\/noticias\/category\/sociedad\/"},{"label":"Ecologistas solicitan al TSJA que se reactiven los procedimientos pendientes por El Algarrobico","link":"https:\/\/www.eldigitaldeasturias.com\/noticias\/ecologistas-solicitan-al-tsja-que-se-reactiven-los-procedimientos-pendientes-por-el-algarrobico\/"}],"_links":{"self":[{"href":"https:\/\/www.eldigitaldeasturias.com\/noticias\/wp-json\/wp\/v2\/posts\/861058","targetHints":{"allow":["GET"]}}],"collection":[{"href":"https:\/\/www.eldigitaldeasturias.com\/noticias\/wp-json\/wp\/v2\/posts"}],"about":[{"href":"https:\/\/www.eldigitaldeasturias.com\/noticias\/wp-json\/wp\/v2\/types\/post"}],"author":[{"embeddable":true,"href":"https:\/\/www.eldigitaldeasturias.com\/noticias\/wp-json\/wp\/v2\/users\/1"}],"replies":[{"embeddable":true,"href":"https:\/\/www.eldigitaldeasturias.com\/noticias\/wp-json\/wp\/v2\/comments?post=861058"}],"version-history":[{"count":0,"href":"https:\/\/www.eldigitaldeasturias.com\/noticias\/wp-json\/wp\/v2\/posts\/861058\/revisions"}],"wp:featuredmedia":[{"embeddable":true,"href":"https:\/\/www.eldigitaldeasturias.com\/noticias\/wp-json\/wp\/v2\/media\/861059"}],"wp:attachment":[{"href":"https:\/\/www.eldigitaldeasturias.com\/noticias\/wp-json\/wp\/v2\/media?parent=861058"}],"wp:term":[{"taxonomy":"category","embeddable":true,"href":"https:\/\/www.eldigitaldeasturias.com\/noticias\/wp-json\/wp\/v2\/categories?post=861058"},{"taxonomy":"post_tag","embeddable":true,"href":"https:\/\/www.eldigitaldeasturias.com\/noticias\/wp-json\/wp\/v2\/tags?post=861058"}],"curies":[{"name":"wp","href":"https:\/\/api.w.org\/{rel}","templated":true}]}}