{"id":861052,"date":"2016-02-23T04:25:41","date_gmt":"2016-02-23T04:25:41","guid":{"rendered":"http:\/\/www.eldigitaldeasturias.com\/noticias\/?p=861052"},"modified":"2016-02-23T04:25:41","modified_gmt":"2016-02-23T04:25:41","slug":"las-mujeres-con-discapacidad-tienen-mas-riesgo-de-exclusion-social","status":"publish","type":"post","link":"https:\/\/www.eldigitaldeasturias.com\/noticias\/las-mujeres-con-discapacidad-tienen-mas-riesgo-de-exclusion-social\/","title":{"rendered":"Las mujeres con discapacidad tienen m\u00e1s riesgo de exclusi\u00f3n social"},"content":{"rendered":"<p><img loading=\"lazy\" decoding=\"async\" class=\"alignleft size-medium wp-image-861053\" src=\"https:\/\/www.eldigitaldeasturias.com\/noticias\/wp-content\/uploads\/2016\/02\/fotonoticia_20160222140804_800-360x203.jpg\" alt=\"fotonoticia_20160222140804_800\" width=\"360\" height=\"203\" srcset=\"https:\/\/www.eldigitaldeasturias.com\/noticias\/wp-content\/uploads\/2016\/02\/fotonoticia_20160222140804_800-360x203.jpg 360w, https:\/\/www.eldigitaldeasturias.com\/noticias\/wp-content\/uploads\/2016\/02\/fotonoticia_20160222140804_800-768x432.jpg 768w, https:\/\/www.eldigitaldeasturias.com\/noticias\/wp-content\/uploads\/2016\/02\/fotonoticia_20160222140804_800-650x366.jpg 650w, https:\/\/www.eldigitaldeasturias.com\/noticias\/wp-content\/uploads\/2016\/02\/fotonoticia_20160222140804_800.jpg 800w\" sizes=\"auto, (max-width: 360px) 100vw, 360px\" \/>Las mujeres con discapacidad tienen m\u00e1s riesgo que los hombres a la exclusi\u00f3n social y la pobreza debido, principalmente, a que reciben ingresos m\u00e1s bajos y el trabajo dom\u00e9stico que realizan muchas de ellas es invisible. Ambas circunstancias suponen a largo plazo pensiones muy inferiores a las de los hombres, seg\u00fan alertan el CERMI y la Fundaci\u00f3n CERMI Mujeres.<\/p>\n<p>Con motivo de la celebraci\u00f3n este lunes del D\u00eda Europeo por la Igualdad Salarial, estas dos organizaciones exigen acabar con la discriminaci\u00f3n que sufre este colectivo de mujeres respecto al resto de trabajadores en general y a los que tienen discapacidad.<\/p>\n<p>En un comunicado, el CERMI y la Fundaci\u00f3n CERMI Mujeres recuerda los datos del Instituto Nacional de Estad\u00edstica (INE) que revelan que el salario de una persona con discapacidad en Espa\u00f1a es un diecis\u00e9is por ciento inferior al sueldo medio de la poblaci\u00f3n sin discapacidad, un problema que afecta en mayor medida a la poblaci\u00f3n femenina con discapacidad.<\/p>\n<p>\u00abA esta falta de equidad salarial tasada habr\u00eda que sumarle todas aquellas contribuciones que realizan las mujeres y que no son contabilizadas econ\u00f3micamente, al tratarse de tareas desempe\u00f1adas en el \u00e1mbito de lo reproductivo, fuera por lo tanto de la centralidad del mercado de trabajo\u00bb, advierten.<\/p>\n<p>Por este motivo, el CERMI ha demandado a la Comisi\u00f3n Europea, entre otras cosas, la puesta en marcha de medidas econ\u00f3micas de incentivaci\u00f3n del empleo de las mujeres con discapacidad, as\u00ed como pol\u00edticas que fomenten la conciliaci\u00f3n y la corresponsabilidad, poniendo el acento en la eliminaci\u00f3n de la brecha salarial existente entre hombres y mujeres.<\/p>\n","protected":false},"excerpt":{"rendered":"<p>Las mujeres con discapacidad tienen m\u00e1s riesgo que los hombres a la exclusi\u00f3n social y la pobreza debido, principalmente, a que reciben ingresos m\u00e1s bajos y el trabajo dom\u00e9stico que realizan muchas de ellas es invisible. Ambas circunstancias suponen a largo plazo pensiones muy inferiores a las de los hombres, seg\u00fan alertan el CERMI y [&hellip;]<\/p>\n","protected":false},"author":1,"featured_media":861053,"comment_status":"closed","ping_status":"closed","sticky":false,"template":"","format":"standard","meta":{"footnotes":""},"categories":[28],"tags":[],"class_list":["post-861052","post","type-post","status-publish","format-standard","has-post-thumbnail","hentry","category-sociedad"],"aioseo_notices":[],"aioseo_head":"\n\t\t<!-- All in One SEO Pro 4.9.6.2 - aioseo.com -->\n\t<meta name=\"description\" content=\"Las mujeres con discapacidad tienen m\u00e1s riesgo que los hombres a la exclusi\u00f3n social y la pobreza debido, principalmente, a que reciben ingresos m\u00e1s bajos y el trabajo dom\u00e9stico que realizan muchas de ellas es invisible. Ambas circunstancias suponen a largo plazo pensiones muy inferiores a las de los hombres, seg\u00fan alertan el CERMI y\" \/>\n\t<meta name=\"robots\" content=\"max-image-preview:large\" \/>\n\t<meta name=\"author\" content=\"El Digital de Asturias\"\/>\n\t<meta name=\"google-site-verification\" content=\"UA-38556648-1\" \/>\n\t<meta name=\"msvalidate.01\" content=\"7dfe9f3f1b24437ab69f4f2559babe99\" \/>\n\t<meta name=\"keywords\" content=\"sociedad\" \/>\n\t<link rel=\"canonical\" href=\"https:\/\/www.eldigitaldeasturias.com\/noticias\/las-mujeres-con-discapacidad-tienen-mas-riesgo-de-exclusion-social\/\" \/>\n\t<meta name=\"generator\" content=\"All in One SEO Pro (AIOSEO) 4.9.6.2\" \/>\n\t\t<meta property=\"og:locale\" content=\"es_ES\" \/>\n\t\t<meta property=\"og:site_name\" content=\"El Digital de Asturias\" \/>\n\t\t<meta property=\"og:type\" content=\"article\" \/>\n\t\t<meta property=\"og:title\" content=\"Las mujeres con discapacidad tienen m\u00e1s riesgo de exclusi\u00f3n social - El Digital de Asturias\" \/>\n\t\t<meta property=\"og:description\" content=\"Las mujeres con discapacidad tienen m\u00e1s riesgo que los hombres a la exclusi\u00f3n social y la pobreza debido, principalmente, a que reciben ingresos m\u00e1s bajos y el trabajo dom\u00e9stico que realizan muchas de ellas es invisible. Ambas circunstancias suponen a largo plazo pensiones muy inferiores a las de los hombres, seg\u00fan alertan el CERMI y\" \/>\n\t\t<meta property=\"og:url\" content=\"https:\/\/www.eldigitaldeasturias.com\/noticias\/las-mujeres-con-discapacidad-tienen-mas-riesgo-de-exclusion-social\/\" \/>\n\t\t<meta property=\"og:image\" content=\"https:\/\/www.eldigitaldeasturias.com\/noticias\/wp-content\/uploads\/2016\/02\/fotonoticia_20160222140804_800.jpg\" \/>\n\t\t<meta property=\"og:image:secure_url\" content=\"https:\/\/www.eldigitaldeasturias.com\/noticias\/wp-content\/uploads\/2016\/02\/fotonoticia_20160222140804_800.jpg\" \/>\n\t\t<meta property=\"og:image:width\" content=\"800\" \/>\n\t\t<meta property=\"og:image:height\" content=\"450\" \/>\n\t\t<meta property=\"article:tag\" content=\"sociedad\" \/>\n\t\t<meta property=\"article:published_time\" content=\"2016-02-23T04:25:41+00:00\" \/>\n\t\t<meta property=\"article:modified_time\" content=\"2016-02-23T04:25:41+00:00\" \/>\n\t\t<meta property=\"article:publisher\" content=\"https:\/\/facebook.com\/eldigitaldeasturias\" \/>\n\t\t<meta name=\"twitter:card\" content=\"summary_large_image\" \/>\n\t\t<meta name=\"twitter:title\" content=\"Las mujeres con discapacidad tienen m\u00e1s riesgo de exclusi\u00f3n social - El Digital de Asturias\" \/>\n\t\t<meta name=\"twitter:description\" content=\"Las mujeres con discapacidad tienen m\u00e1s riesgo que los hombres a la exclusi\u00f3n social y la pobreza debido, principalmente, a que reciben ingresos m\u00e1s bajos y el trabajo dom\u00e9stico que realizan muchas de ellas es invisible. Ambas circunstancias suponen a largo plazo pensiones muy inferiores a las de los hombres, seg\u00fan alertan el CERMI y\" \/>\n\t\t<meta name=\"twitter:image\" content=\"https:\/\/www.eldigitaldeasturias.com\/noticias\/wp-content\/uploads\/2016\/02\/fotonoticia_20160222140804_800.jpg\" \/>\n\t\t<meta name=\"twitter:label1\" content=\"Escrito por\" \/>\n\t\t<meta name=\"twitter:data1\" content=\"El Digital de Asturias\" \/>\n\t\t<meta name=\"twitter:label2\" content=\"Tiempo de lectura estimado\" \/>\n\t\t<meta name=\"twitter:data2\" content=\"1 minuto\" \/>\n\t\t<script type=\"application\/ld+json\" class=\"aioseo-schema\">\n\t\t\t{\"@context\":\"https:\\\/\\\/schema.org\",\"@graph\":[{\"@type\":\"BlogPosting\",\"@id\":\"https:\\\/\\\/www.eldigitaldeasturias.com\\\/noticias\\\/las-mujeres-con-discapacidad-tienen-mas-riesgo-de-exclusion-social\\\/#blogposting\",\"name\":\"Las mujeres con discapacidad tienen m\\u00e1s riesgo de exclusi\\u00f3n social - El Digital de Asturias\",\"headline\":\"Las mujeres con discapacidad tienen m\\u00e1s riesgo de exclusi\\u00f3n social\",\"author\":{\"@id\":\"https:\\\/\\\/www.eldigitaldeasturias.com\\\/noticias\\\/author\\\/admin\\\/#author\"},\"publisher\":{\"@id\":\"https:\\\/\\\/www.eldigitaldeasturias.com\\\/noticias\\\/#organization\"},\"image\":{\"@type\":\"ImageObject\",\"url\":\"https:\\\/\\\/www.eldigitaldeasturias.com\\\/noticias\\\/wp-content\\\/uploads\\\/2016\\\/02\\\/fotonoticia_20160222140804_800.jpg\",\"width\":800,\"height\":450},\"datePublished\":\"2016-02-23T04:25:41+01:00\",\"dateModified\":\"2016-02-23T04:25:41+01:00\",\"inLanguage\":\"es-ES\",\"mainEntityOfPage\":{\"@id\":\"https:\\\/\\\/www.eldigitaldeasturias.com\\\/noticias\\\/las-mujeres-con-discapacidad-tienen-mas-riesgo-de-exclusion-social\\\/#webpage\"},\"isPartOf\":{\"@id\":\"https:\\\/\\\/www.eldigitaldeasturias.com\\\/noticias\\\/las-mujeres-con-discapacidad-tienen-mas-riesgo-de-exclusion-social\\\/#webpage\"},\"articleSection\":\"Sociedad\"},{\"@type\":\"BreadcrumbList\",\"@id\":\"https:\\\/\\\/www.eldigitaldeasturias.com\\\/noticias\\\/las-mujeres-con-discapacidad-tienen-mas-riesgo-de-exclusion-social\\\/#breadcrumblist\",\"itemListElement\":[{\"@type\":\"ListItem\",\"@id\":\"https:\\\/\\\/www.eldigitaldeasturias.com\\\/noticias#listItem\",\"position\":1,\"name\":\"Home\",\"item\":\"https:\\\/\\\/www.eldigitaldeasturias.com\\\/noticias\",\"nextItem\":{\"@type\":\"ListItem\",\"@id\":\"https:\\\/\\\/www.eldigitaldeasturias.com\\\/noticias\\\/category\\\/sociedad\\\/#listItem\",\"name\":\"Sociedad\"}},{\"@type\":\"ListItem\",\"@id\":\"https:\\\/\\\/www.eldigitaldeasturias.com\\\/noticias\\\/category\\\/sociedad\\\/#listItem\",\"position\":2,\"name\":\"Sociedad\",\"item\":\"https:\\\/\\\/www.eldigitaldeasturias.com\\\/noticias\\\/category\\\/sociedad\\\/\",\"nextItem\":{\"@type\":\"ListItem\",\"@id\":\"https:\\\/\\\/www.eldigitaldeasturias.com\\\/noticias\\\/las-mujeres-con-discapacidad-tienen-mas-riesgo-de-exclusion-social\\\/#listItem\",\"name\":\"Las mujeres con discapacidad tienen m\\u00e1s riesgo de exclusi\\u00f3n social\"},\"previousItem\":{\"@type\":\"ListItem\",\"@id\":\"https:\\\/\\\/www.eldigitaldeasturias.com\\\/noticias#listItem\",\"name\":\"Home\"}},{\"@type\":\"ListItem\",\"@id\":\"https:\\\/\\\/www.eldigitaldeasturias.com\\\/noticias\\\/las-mujeres-con-discapacidad-tienen-mas-riesgo-de-exclusion-social\\\/#listItem\",\"position\":3,\"name\":\"Las mujeres con discapacidad tienen m\\u00e1s riesgo de exclusi\\u00f3n social\",\"previousItem\":{\"@type\":\"ListItem\",\"@id\":\"https:\\\/\\\/www.eldigitaldeasturias.com\\\/noticias\\\/category\\\/sociedad\\\/#listItem\",\"name\":\"Sociedad\"}}]},{\"@type\":\"Organization\",\"@id\":\"https:\\\/\\\/www.eldigitaldeasturias.com\\\/noticias\\\/#organization\",\"name\":\"El Digital de Asturias\",\"description\":\"Hemeroteca\",\"url\":\"https:\\\/\\\/www.eldigitaldeasturias.com\\\/noticias\\\/\",\"email\":\"info@eldigitaldeasturias.com\",\"telephone\":\"+34652131393\",\"logo\":{\"@type\":\"ImageObject\",\"url\":\"https:\\\/\\\/www.eldigitaldeasturias.com\\\/noticias\\\/wp-content\\\/uploads\\\/2020\\\/12\\\/EDA.jpg\",\"@id\":\"https:\\\/\\\/www.eldigitaldeasturias.com\\\/noticias\\\/las-mujeres-con-discapacidad-tienen-mas-riesgo-de-exclusion-social\\\/#organizationLogo\",\"width\":649,\"height\":297},\"image\":{\"@id\":\"https:\\\/\\\/www.eldigitaldeasturias.com\\\/noticias\\\/las-mujeres-con-discapacidad-tienen-mas-riesgo-de-exclusion-social\\\/#organizationLogo\"},\"sameAs\":[\"https:\\\/\\\/facebook.com\\\/eldigitaldeasturias\",\"https:\\\/\\\/www.youtube.com\\\/channel\\\/UCZP-2wLEB9Rv6erhFmqVnvg\"],\"address\":{\"@id\":\"https:\\\/\\\/www.eldigitaldeasturias.com\\\/noticias\\\/#postaladdress\",\"@type\":\"PostalAddress\",\"streetAddress\":\"san antonio 4,\",\"postalCode\":\"33430\",\"addressLocality\":\"Cand\\u00e1s\",\"addressRegion\":\"Asturias\",\"addressCountry\":\"ES\"}},{\"@type\":\"Person\",\"@id\":\"https:\\\/\\\/www.eldigitaldeasturias.com\\\/noticias\\\/author\\\/admin\\\/#author\",\"url\":\"https:\\\/\\\/www.eldigitaldeasturias.com\\\/noticias\\\/author\\\/admin\\\/\",\"name\":\"El Digital de Asturias\",\"image\":{\"@type\":\"ImageObject\",\"@id\":\"https:\\\/\\\/www.eldigitaldeasturias.com\\\/noticias\\\/las-mujeres-con-discapacidad-tienen-mas-riesgo-de-exclusion-social\\\/#authorImage\",\"url\":\"https:\\\/\\\/www.eldigitaldeasturias.com\\\/noticias\\\/wp-content\\\/litespeed\\\/avatar\\\/18677e78aa0546b92d9dbf31ec7d7668.jpg?ver=1777290358\",\"width\":96,\"height\":96,\"caption\":\"El Digital de Asturias\"}},{\"@type\":\"WebPage\",\"@id\":\"https:\\\/\\\/www.eldigitaldeasturias.com\\\/noticias\\\/las-mujeres-con-discapacidad-tienen-mas-riesgo-de-exclusion-social\\\/#webpage\",\"url\":\"https:\\\/\\\/www.eldigitaldeasturias.com\\\/noticias\\\/las-mujeres-con-discapacidad-tienen-mas-riesgo-de-exclusion-social\\\/\",\"name\":\"Las mujeres con discapacidad tienen m\\u00e1s riesgo de exclusi\\u00f3n social - El Digital de Asturias\",\"description\":\"Las mujeres con discapacidad tienen m\\u00e1s riesgo que los hombres a la exclusi\\u00f3n social y la pobreza debido, principalmente, a que reciben ingresos m\\u00e1s bajos y el trabajo dom\\u00e9stico que realizan muchas de ellas es invisible. Ambas circunstancias suponen a largo plazo pensiones muy inferiores a las de los hombres, seg\\u00fan alertan el CERMI y\",\"inLanguage\":\"es-ES\",\"isPartOf\":{\"@id\":\"https:\\\/\\\/www.eldigitaldeasturias.com\\\/noticias\\\/#website\"},\"breadcrumb\":{\"@id\":\"https:\\\/\\\/www.eldigitaldeasturias.com\\\/noticias\\\/las-mujeres-con-discapacidad-tienen-mas-riesgo-de-exclusion-social\\\/#breadcrumblist\"},\"author\":{\"@id\":\"https:\\\/\\\/www.eldigitaldeasturias.com\\\/noticias\\\/author\\\/admin\\\/#author\"},\"creator\":{\"@id\":\"https:\\\/\\\/www.eldigitaldeasturias.com\\\/noticias\\\/author\\\/admin\\\/#author\"},\"image\":{\"@type\":\"ImageObject\",\"url\":\"https:\\\/\\\/www.eldigitaldeasturias.com\\\/noticias\\\/wp-content\\\/uploads\\\/2016\\\/02\\\/fotonoticia_20160222140804_800.jpg\",\"@id\":\"https:\\\/\\\/www.eldigitaldeasturias.com\\\/noticias\\\/las-mujeres-con-discapacidad-tienen-mas-riesgo-de-exclusion-social\\\/#mainImage\",\"width\":800,\"height\":450},\"primaryImageOfPage\":{\"@id\":\"https:\\\/\\\/www.eldigitaldeasturias.com\\\/noticias\\\/las-mujeres-con-discapacidad-tienen-mas-riesgo-de-exclusion-social\\\/#mainImage\"},\"datePublished\":\"2016-02-23T04:25:41+01:00\",\"dateModified\":\"2016-02-23T04:25:41+01:00\"},{\"@type\":\"WebSite\",\"@id\":\"https:\\\/\\\/www.eldigitaldeasturias.com\\\/noticias\\\/#website\",\"url\":\"https:\\\/\\\/www.eldigitaldeasturias.com\\\/noticias\\\/\",\"name\":\"El Digital de Asturias - Diario de actualidad y noticias\",\"alternateName\":\"El Digital de Asturias - Diario de actualidad y noticias\",\"description\":\"Hemeroteca\",\"inLanguage\":\"es-ES\",\"publisher\":{\"@id\":\"https:\\\/\\\/www.eldigitaldeasturias.com\\\/noticias\\\/#organization\"}}]}\n\t\t<\/script>\n\t\t<!-- All in One SEO Pro -->\r\n\t\t<title>Las mujeres con discapacidad tienen m\u00e1s riesgo de exclusi\u00f3n social - El Digital de Asturias<\/title>\n\n","aioseo_head_json":{"title":"Las mujeres con discapacidad tienen m\u00e1s riesgo de exclusi\u00f3n social - El Digital de Asturias","description":"Las mujeres con discapacidad tienen m\u00e1s riesgo que los hombres a la exclusi\u00f3n social y la pobreza debido, principalmente, a que reciben ingresos m\u00e1s bajos y el trabajo dom\u00e9stico que realizan muchas de ellas es invisible. Ambas circunstancias suponen a largo plazo pensiones muy inferiores a las de los hombres, seg\u00fan alertan el CERMI y","canonical_url":"https:\/\/www.eldigitaldeasturias.com\/noticias\/las-mujeres-con-discapacidad-tienen-mas-riesgo-de-exclusion-social\/","robots":"max-image-preview:large","keywords":"sociedad","webmasterTools":{"google-site-verification":"UA-38556648-1","msvalidate.01":"7dfe9f3f1b24437ab69f4f2559babe99","miscellaneous":""},"schema":{"@context":"https:\/\/schema.org","@graph":[{"@type":"BlogPosting","@id":"https:\/\/www.eldigitaldeasturias.com\/noticias\/las-mujeres-con-discapacidad-tienen-mas-riesgo-de-exclusion-social\/#blogposting","name":"Las mujeres con discapacidad tienen m\u00e1s riesgo de exclusi\u00f3n social - El Digital de Asturias","headline":"Las mujeres con discapacidad tienen m\u00e1s riesgo de exclusi\u00f3n social","author":{"@id":"https:\/\/www.eldigitaldeasturias.com\/noticias\/author\/admin\/#author"},"publisher":{"@id":"https:\/\/www.eldigitaldeasturias.com\/noticias\/#organization"},"image":{"@type":"ImageObject","url":"https:\/\/www.eldigitaldeasturias.com\/noticias\/wp-content\/uploads\/2016\/02\/fotonoticia_20160222140804_800.jpg","width":800,"height":450},"datePublished":"2016-02-23T04:25:41+01:00","dateModified":"2016-02-23T04:25:41+01:00","inLanguage":"es-ES","mainEntityOfPage":{"@id":"https:\/\/www.eldigitaldeasturias.com\/noticias\/las-mujeres-con-discapacidad-tienen-mas-riesgo-de-exclusion-social\/#webpage"},"isPartOf":{"@id":"https:\/\/www.eldigitaldeasturias.com\/noticias\/las-mujeres-con-discapacidad-tienen-mas-riesgo-de-exclusion-social\/#webpage"},"articleSection":"Sociedad"},{"@type":"BreadcrumbList","@id":"https:\/\/www.eldigitaldeasturias.com\/noticias\/las-mujeres-con-discapacidad-tienen-mas-riesgo-de-exclusion-social\/#breadcrumblist","itemListElement":[{"@type":"ListItem","@id":"https:\/\/www.eldigitaldeasturias.com\/noticias#listItem","position":1,"name":"Home","item":"https:\/\/www.eldigitaldeasturias.com\/noticias","nextItem":{"@type":"ListItem","@id":"https:\/\/www.eldigitaldeasturias.com\/noticias\/category\/sociedad\/#listItem","name":"Sociedad"}},{"@type":"ListItem","@id":"https:\/\/www.eldigitaldeasturias.com\/noticias\/category\/sociedad\/#listItem","position":2,"name":"Sociedad","item":"https:\/\/www.eldigitaldeasturias.com\/noticias\/category\/sociedad\/","nextItem":{"@type":"ListItem","@id":"https:\/\/www.eldigitaldeasturias.com\/noticias\/las-mujeres-con-discapacidad-tienen-mas-riesgo-de-exclusion-social\/#listItem","name":"Las mujeres con discapacidad tienen m\u00e1s riesgo de exclusi\u00f3n social"},"previousItem":{"@type":"ListItem","@id":"https:\/\/www.eldigitaldeasturias.com\/noticias#listItem","name":"Home"}},{"@type":"ListItem","@id":"https:\/\/www.eldigitaldeasturias.com\/noticias\/las-mujeres-con-discapacidad-tienen-mas-riesgo-de-exclusion-social\/#listItem","position":3,"name":"Las mujeres con discapacidad tienen m\u00e1s riesgo de exclusi\u00f3n social","previousItem":{"@type":"ListItem","@id":"https:\/\/www.eldigitaldeasturias.com\/noticias\/category\/sociedad\/#listItem","name":"Sociedad"}}]},{"@type":"Organization","@id":"https:\/\/www.eldigitaldeasturias.com\/noticias\/#organization","name":"El Digital de Asturias","description":"Hemeroteca","url":"https:\/\/www.eldigitaldeasturias.com\/noticias\/","email":"info@eldigitaldeasturias.com","telephone":"+34652131393","logo":{"@type":"ImageObject","url":"https:\/\/www.eldigitaldeasturias.com\/noticias\/wp-content\/uploads\/2020\/12\/EDA.jpg","@id":"https:\/\/www.eldigitaldeasturias.com\/noticias\/las-mujeres-con-discapacidad-tienen-mas-riesgo-de-exclusion-social\/#organizationLogo","width":649,"height":297},"image":{"@id":"https:\/\/www.eldigitaldeasturias.com\/noticias\/las-mujeres-con-discapacidad-tienen-mas-riesgo-de-exclusion-social\/#organizationLogo"},"sameAs":["https:\/\/facebook.com\/eldigitaldeasturias","https:\/\/www.youtube.com\/channel\/UCZP-2wLEB9Rv6erhFmqVnvg"],"address":{"@id":"https:\/\/www.eldigitaldeasturias.com\/noticias\/#postaladdress","@type":"PostalAddress","streetAddress":"san antonio 4,","postalCode":"33430","addressLocality":"Cand\u00e1s","addressRegion":"Asturias","addressCountry":"ES"}},{"@type":"Person","@id":"https:\/\/www.eldigitaldeasturias.com\/noticias\/author\/admin\/#author","url":"https:\/\/www.eldigitaldeasturias.com\/noticias\/author\/admin\/","name":"El Digital de Asturias","image":{"@type":"ImageObject","@id":"https:\/\/www.eldigitaldeasturias.com\/noticias\/las-mujeres-con-discapacidad-tienen-mas-riesgo-de-exclusion-social\/#authorImage","url":"https:\/\/www.eldigitaldeasturias.com\/noticias\/wp-content\/litespeed\/avatar\/18677e78aa0546b92d9dbf31ec7d7668.jpg?ver=1777290358","width":96,"height":96,"caption":"El Digital de Asturias"}},{"@type":"WebPage","@id":"https:\/\/www.eldigitaldeasturias.com\/noticias\/las-mujeres-con-discapacidad-tienen-mas-riesgo-de-exclusion-social\/#webpage","url":"https:\/\/www.eldigitaldeasturias.com\/noticias\/las-mujeres-con-discapacidad-tienen-mas-riesgo-de-exclusion-social\/","name":"Las mujeres con discapacidad tienen m\u00e1s riesgo de exclusi\u00f3n social - El Digital de Asturias","description":"Las mujeres con discapacidad tienen m\u00e1s riesgo que los hombres a la exclusi\u00f3n social y la pobreza debido, principalmente, a que reciben ingresos m\u00e1s bajos y el trabajo dom\u00e9stico que realizan muchas de ellas es invisible. Ambas circunstancias suponen a largo plazo pensiones muy inferiores a las de los hombres, seg\u00fan alertan el CERMI y","inLanguage":"es-ES","isPartOf":{"@id":"https:\/\/www.eldigitaldeasturias.com\/noticias\/#website"},"breadcrumb":{"@id":"https:\/\/www.eldigitaldeasturias.com\/noticias\/las-mujeres-con-discapacidad-tienen-mas-riesgo-de-exclusion-social\/#breadcrumblist"},"author":{"@id":"https:\/\/www.eldigitaldeasturias.com\/noticias\/author\/admin\/#author"},"creator":{"@id":"https:\/\/www.eldigitaldeasturias.com\/noticias\/author\/admin\/#author"},"image":{"@type":"ImageObject","url":"https:\/\/www.eldigitaldeasturias.com\/noticias\/wp-content\/uploads\/2016\/02\/fotonoticia_20160222140804_800.jpg","@id":"https:\/\/www.eldigitaldeasturias.com\/noticias\/las-mujeres-con-discapacidad-tienen-mas-riesgo-de-exclusion-social\/#mainImage","width":800,"height":450},"primaryImageOfPage":{"@id":"https:\/\/www.eldigitaldeasturias.com\/noticias\/las-mujeres-con-discapacidad-tienen-mas-riesgo-de-exclusion-social\/#mainImage"},"datePublished":"2016-02-23T04:25:41+01:00","dateModified":"2016-02-23T04:25:41+01:00"},{"@type":"WebSite","@id":"https:\/\/www.eldigitaldeasturias.com\/noticias\/#website","url":"https:\/\/www.eldigitaldeasturias.com\/noticias\/","name":"El Digital de Asturias - Diario de actualidad y noticias","alternateName":"El Digital de Asturias - Diario de actualidad y noticias","description":"Hemeroteca","inLanguage":"es-ES","publisher":{"@id":"https:\/\/www.eldigitaldeasturias.com\/noticias\/#organization"}}]},"og:locale":"es_ES","og:site_name":"El Digital de Asturias","og:type":"article","og:title":"Las mujeres con discapacidad tienen m\u00e1s riesgo de exclusi\u00f3n social - El Digital de Asturias","og:description":"Las mujeres con discapacidad tienen m\u00e1s riesgo que los hombres a la exclusi\u00f3n social y la pobreza debido, principalmente, a que reciben ingresos m\u00e1s bajos y el trabajo dom\u00e9stico que realizan muchas de ellas es invisible. Ambas circunstancias suponen a largo plazo pensiones muy inferiores a las de los hombres, seg\u00fan alertan el CERMI y","og:url":"https:\/\/www.eldigitaldeasturias.com\/noticias\/las-mujeres-con-discapacidad-tienen-mas-riesgo-de-exclusion-social\/","og:image":"https:\/\/www.eldigitaldeasturias.com\/noticias\/wp-content\/uploads\/2016\/02\/fotonoticia_20160222140804_800.jpg","og:image:secure_url":"https:\/\/www.eldigitaldeasturias.com\/noticias\/wp-content\/uploads\/2016\/02\/fotonoticia_20160222140804_800.jpg","og:image:width":800,"og:image:height":450,"article:tag":["sociedad"],"article:published_time":"2016-02-23T04:25:41+00:00","article:modified_time":"2016-02-23T04:25:41+00:00","article:publisher":"https:\/\/facebook.com\/eldigitaldeasturias","twitter:card":"summary_large_image","twitter:title":"Las mujeres con discapacidad tienen m\u00e1s riesgo de exclusi\u00f3n social - El Digital de Asturias","twitter:description":"Las mujeres con discapacidad tienen m\u00e1s riesgo que los hombres a la exclusi\u00f3n social y la pobreza debido, principalmente, a que reciben ingresos m\u00e1s bajos y el trabajo dom\u00e9stico que realizan muchas de ellas es invisible. Ambas circunstancias suponen a largo plazo pensiones muy inferiores a las de los hombres, seg\u00fan alertan el CERMI y","twitter:image":"https:\/\/www.eldigitaldeasturias.com\/noticias\/wp-content\/uploads\/2016\/02\/fotonoticia_20160222140804_800.jpg","twitter:label1":"Escrito por","twitter:data1":"El Digital de Asturias","twitter:label2":"Tiempo de lectura estimado","twitter:data2":"1 minuto"},"aioseo_meta_data":{"post_id":"861052","title":null,"description":null,"keywords":null,"keyphrases":null,"primary_term":null,"canonical_url":null,"og_title":null,"og_description":null,"og_object_type":"default","og_image_type":"default","og_image_url":null,"og_image_width":null,"og_image_height":null,"og_image_custom_url":null,"og_image_custom_fields":null,"og_video":null,"og_custom_url":null,"og_article_section":null,"og_article_tags":null,"twitter_use_og":false,"twitter_card":"default","twitter_image_type":"default","twitter_image_url":null,"twitter_image_custom_url":null,"twitter_image_custom_fields":null,"twitter_title":null,"twitter_description":null,"schema":{"blockGraphs":[],"customGraphs":[],"default":{"data":{"Article":[],"Course":[],"Dataset":[],"FAQPage":[],"Movie":[],"Person":[],"Product":[],"ProductReview":[],"Car":[],"Recipe":[],"Service":[],"SoftwareApplication":[],"WebPage":[]},"graphName":"","isEnabled":true},"graphs":[],"defaultGraph":"","defaultPostTypeGraph":""},"schema_type":null,"schema_type_options":null,"pillar_content":false,"robots_default":true,"robots_noindex":false,"robots_noarchive":false,"robots_nosnippet":false,"robots_nofollow":false,"robots_noimageindex":false,"robots_noodp":false,"robots_notranslate":false,"robots_max_snippet":null,"robots_max_videopreview":null,"robots_max_imagepreview":"large","priority":null,"frequency":null,"local_seo":null,"seo_analyzer_scan_date":"2025-12-10 19:54:10","breadcrumb_settings":null,"limit_modified_date":false,"open_ai":null,"ai":null,"created":"2021-01-23 14:58:15","updated":"2025-12-10 19:54:10"},"aioseo_breadcrumb":"<div class=\"aioseo-breadcrumbs\"><span class=\"aioseo-breadcrumb\">\n\t<a href=\"https:\/\/www.eldigitaldeasturias.com\/noticias\" title=\"Home\">Home<\/a>\n<\/span><span class=\"aioseo-breadcrumb-separator\">\u2013<\/span><span class=\"aioseo-breadcrumb\">\n\t<a href=\"https:\/\/www.eldigitaldeasturias.com\/noticias\/category\/sociedad\/\" title=\"Sociedad\">Sociedad<\/a>\n<\/span><span class=\"aioseo-breadcrumb-separator\">\u2013<\/span><span class=\"aioseo-breadcrumb\">\n\t<a href=\"https:\/\/www.eldigitaldeasturias.com\/noticias\/las-mujeres-con-discapacidad-tienen-mas-riesgo-de-exclusion-social\/\" title=\"Las mujeres con discapacidad tienen m\u00e1s riesgo de exclusi\u00f3n social\">Las mujeres con discapacidad tienen m\u00e1s riesgo de exclusi\u00f3n social<\/a>\n<\/span><\/div>","aioseo_breadcrumb_json":[{"label":"Home","link":"https:\/\/www.eldigitaldeasturias.com\/noticias"},{"label":"Sociedad","link":"https:\/\/www.eldigitaldeasturias.com\/noticias\/category\/sociedad\/"},{"label":"Las mujeres con discapacidad tienen m\u00e1s riesgo de exclusi\u00f3n social","link":"https:\/\/www.eldigitaldeasturias.com\/noticias\/las-mujeres-con-discapacidad-tienen-mas-riesgo-de-exclusion-social\/"}],"_links":{"self":[{"href":"https:\/\/www.eldigitaldeasturias.com\/noticias\/wp-json\/wp\/v2\/posts\/861052","targetHints":{"allow":["GET"]}}],"collection":[{"href":"https:\/\/www.eldigitaldeasturias.com\/noticias\/wp-json\/wp\/v2\/posts"}],"about":[{"href":"https:\/\/www.eldigitaldeasturias.com\/noticias\/wp-json\/wp\/v2\/types\/post"}],"author":[{"embeddable":true,"href":"https:\/\/www.eldigitaldeasturias.com\/noticias\/wp-json\/wp\/v2\/users\/1"}],"replies":[{"embeddable":true,"href":"https:\/\/www.eldigitaldeasturias.com\/noticias\/wp-json\/wp\/v2\/comments?post=861052"}],"version-history":[{"count":0,"href":"https:\/\/www.eldigitaldeasturias.com\/noticias\/wp-json\/wp\/v2\/posts\/861052\/revisions"}],"wp:featuredmedia":[{"embeddable":true,"href":"https:\/\/www.eldigitaldeasturias.com\/noticias\/wp-json\/wp\/v2\/media\/861053"}],"wp:attachment":[{"href":"https:\/\/www.eldigitaldeasturias.com\/noticias\/wp-json\/wp\/v2\/media?parent=861052"}],"wp:term":[{"taxonomy":"category","embeddable":true,"href":"https:\/\/www.eldigitaldeasturias.com\/noticias\/wp-json\/wp\/v2\/categories?post=861052"},{"taxonomy":"post_tag","embeddable":true,"href":"https:\/\/www.eldigitaldeasturias.com\/noticias\/wp-json\/wp\/v2\/tags?post=861052"}],"curies":[{"name":"wp","href":"https:\/\/api.w.org\/{rel}","templated":true}]}}