{"id":861046,"date":"2016-02-23T04:23:26","date_gmt":"2016-02-23T04:23:26","guid":{"rendered":"http:\/\/www.eldigitaldeasturias.com\/noticias\/?p=861046"},"modified":"2016-02-23T04:23:26","modified_gmt":"2016-02-23T04:23:26","slug":"el-psoe-propone-una-ley-de-igualdad-salarial","status":"publish","type":"post","link":"https:\/\/www.eldigitaldeasturias.com\/noticias\/el-psoe-propone-una-ley-de-igualdad-salarial\/","title":{"rendered":"El PSOE propone una Ley de Igualdad Salarial"},"content":{"rendered":"<p><img loading=\"lazy\" decoding=\"async\" class=\"alignleft size-medium wp-image-861047\" src=\"https:\/\/www.eldigitaldeasturias.com\/noticias\/wp-content\/uploads\/2016\/02\/fotonoticia_20160222130308_800-360x240.jpg\" alt=\"fotonoticia_20160222130308_800\" width=\"360\" height=\"240\" srcset=\"https:\/\/www.eldigitaldeasturias.com\/noticias\/wp-content\/uploads\/2016\/02\/fotonoticia_20160222130308_800-360x240.jpg 360w, https:\/\/www.eldigitaldeasturias.com\/noticias\/wp-content\/uploads\/2016\/02\/fotonoticia_20160222130308_800-768x512.jpg 768w, https:\/\/www.eldigitaldeasturias.com\/noticias\/wp-content\/uploads\/2016\/02\/fotonoticia_20160222130308_800-650x433.jpg 650w, https:\/\/www.eldigitaldeasturias.com\/noticias\/wp-content\/uploads\/2016\/02\/fotonoticia_20160222130308_800-84x55.jpg 84w, https:\/\/www.eldigitaldeasturias.com\/noticias\/wp-content\/uploads\/2016\/02\/fotonoticia_20160222130308_800-49x32.jpg 49w, https:\/\/www.eldigitaldeasturias.com\/noticias\/wp-content\/uploads\/2016\/02\/fotonoticia_20160222130308_800.jpg 800w\" sizes=\"auto, (max-width: 360px) 100vw, 360px\" \/>La responsable federal de Igualdad en el PSOE, Carmen Mont\u00f3n, ha explicado este lunes, D\u00eda de la Igualdad Salarial, que la ley que propone el partido para regular esta cuesti\u00f3n persigue \u00abpasar de las recomendaciones a las sanciones y obligaciones\u00bb para garantizar la paridad en los consejos de administraci\u00f3n de las empresas, objetivo que si bien est\u00e1 marcado ya en la Ley de Igualdad, depende de la voluntad de las propias compa\u00f1\u00edas.<\/p>\n<p>\u00abEn la Ley de Igualdad dijimos que la presencia de mujeres en los \u00f3rganos de toma de decisi\u00f3n deb\u00eda ir aumentando progresivamente pero el recorrido que se ha hecho ha sido muy corto. Creo que en un plazo razonable, porque no puede ser de un d\u00eda para otro, eso tiene que ir aumentando y que se pueda intervenir por parte de la administraci\u00f3n. Se trata de lanzar un mensaje contundente\u00bb, ha se\u00f1alado.<\/p>\n<p>En declaraciones a Europa Press, ha incidido en el objetivo de que \u00abel Gobierno pueda de alguna manera hacerles cumplir\u00bb con lo que hasta ahora es una meta que depende de cada empresa. \u00abEn 2007 hicimos una Ley de Igualdad que lo incentivaba y ahora con la de Igualdad Salarial tendr\u00edamos que ir ya a las sanciones de aquellas empresas que tuvieran una desigualdad, que se pudiera intervenir\u00bb, ha apostillado.<\/p>\n<p>\u00abHablamos de paridad, de que las mujeres est\u00e9n en los consejos de direcci\u00f3n; de transparencia, para que se vea claramente lo que cobra cada uno de los trabajadores y se vea donde est\u00e1 el corte, y de incentivar as\u00ed la igualdad salarial y trabajar en corresponsabilidad\u00bb, a\u00f1ade Mont\u00f3n.<\/p>\n<p>En este sentido, ha explicado que se tratar\u00eda as\u00ed de \u00abpasar de las recomendaciones a las sanciones y obligaciones\u00bb en un marco que contempla otras medidas, pues la Ley de Igualdad Salarial ha de ir a juicio del PSOE vinculada a una normativa sobre \u00abusos del tiempo\u00bb, ya que \u00ablo uno sin lo otro, cobrar lo mismo y cuidar lo mismo, no es posible\u00bb.<\/p>\n<p>\u00abHay que mirar esta cuesti\u00f3n con la conciliaci\u00f3n y la corresponsabilidad: De una vez por todas, apostar por permisos parentales iguales intransferibles y obligatorios, aumentar el SMI que sobre todo recae en las mujeres y aumentar las pensiones m\u00ednimas\u00bb porque \u00abmientras un empresario siga viendo a una mujer como la que al 80% va a llevar los cuidados le perjudicar\u00e1\u00bb.<\/p>\n<p>\u00abTenemos que mandar un mensaje claro de que la econom\u00eda no es sostenible sin la participaci\u00f3n de las mujeres y que no estamos dispuestas a volver a etapas regresivas en que las mujeres se queden sin trabajar para que ellos ingresen en el mercado laboral\u00bb, comenta la responsable socialista de Igualdad.<\/p>\n<p>En este sentido, Mont\u00f3n cita datos de los sindicatos para denunciar que la brecha salarial ha aumentado hasta el 24 por ciento durante la legislatura y llega al 39% entre las pensiones, que \u00abla devaluaci\u00f3n salarial ha afectado sobre todo a las mujeres\u00bb y que hay un 29% de trabajadoras frente a un 12% de trabajadores que perciben menos de 800 euros al mes. \u00abSi la crisis y esta Legislatura regresiva ha afectado a alguien, ha sido a la mujer. Es la legislatura de la desigualdad\u00bb, ha sentenciado.<\/p>\n","protected":false},"excerpt":{"rendered":"<p>La responsable federal de Igualdad en el PSOE, Carmen Mont\u00f3n, ha explicado este lunes, D\u00eda de la Igualdad Salarial, que la ley que propone el partido para regular esta cuesti\u00f3n persigue \u00abpasar de las recomendaciones a las sanciones y obligaciones\u00bb para garantizar la paridad en los consejos de administraci\u00f3n de las empresas, objetivo que si [&hellip;]<\/p>\n","protected":false},"author":1,"featured_media":861047,"comment_status":"closed","ping_status":"closed","sticky":false,"template":"","format":"standard","meta":{"footnotes":""},"categories":[1],"tags":[],"class_list":["post-861046","post","type-post","status-publish","format-standard","has-post-thumbnail","hentry","category-actualidad"],"aioseo_notices":[],"aioseo_head":"\n\t\t<!-- All in One SEO Pro 4.9.6.2 - aioseo.com -->\n\t<meta name=\"description\" content=\"La responsable federal de Igualdad en el PSOE, Carmen Mont\u00f3n, ha explicado este lunes, D\u00eda de la Igualdad Salarial, que la ley que propone el partido para regular esta cuesti\u00f3n persigue &quot;pasar de las recomendaciones a las sanciones y obligaciones&quot; para garantizar la paridad en los consejos de administraci\u00f3n de las empresas, objetivo que si\" \/>\n\t<meta name=\"robots\" content=\"max-image-preview:large\" \/>\n\t<meta name=\"author\" content=\"El Digital de Asturias\"\/>\n\t<meta name=\"google-site-verification\" content=\"UA-38556648-1\" \/>\n\t<meta name=\"msvalidate.01\" content=\"7dfe9f3f1b24437ab69f4f2559babe99\" \/>\n\t<meta name=\"keywords\" content=\"actualidad\" \/>\n\t<link rel=\"canonical\" href=\"https:\/\/www.eldigitaldeasturias.com\/noticias\/el-psoe-propone-una-ley-de-igualdad-salarial\/\" \/>\n\t<meta name=\"generator\" content=\"All in One SEO Pro (AIOSEO) 4.9.6.2\" \/>\n\t\t<meta property=\"og:locale\" content=\"es_ES\" \/>\n\t\t<meta property=\"og:site_name\" content=\"El Digital de Asturias\" \/>\n\t\t<meta property=\"og:type\" content=\"article\" \/>\n\t\t<meta property=\"og:title\" content=\"El PSOE propone una Ley de Igualdad Salarial - El Digital de Asturias\" \/>\n\t\t<meta property=\"og:description\" content=\"La responsable federal de Igualdad en el PSOE, Carmen Mont\u00f3n, ha explicado este lunes, D\u00eda de la Igualdad Salarial, que la ley que propone el partido para regular esta cuesti\u00f3n persigue &quot;pasar de las recomendaciones a las sanciones y obligaciones&quot; para garantizar la paridad en los consejos de administraci\u00f3n de las empresas, objetivo que si\" \/>\n\t\t<meta property=\"og:url\" content=\"https:\/\/www.eldigitaldeasturias.com\/noticias\/el-psoe-propone-una-ley-de-igualdad-salarial\/\" \/>\n\t\t<meta property=\"og:image\" content=\"https:\/\/www.eldigitaldeasturias.com\/noticias\/wp-content\/uploads\/2016\/02\/fotonoticia_20160222130308_800.jpg\" \/>\n\t\t<meta property=\"og:image:secure_url\" content=\"https:\/\/www.eldigitaldeasturias.com\/noticias\/wp-content\/uploads\/2016\/02\/fotonoticia_20160222130308_800.jpg\" \/>\n\t\t<meta property=\"og:image:width\" content=\"800\" \/>\n\t\t<meta property=\"og:image:height\" content=\"533\" \/>\n\t\t<meta property=\"article:tag\" content=\"actualidad\" \/>\n\t\t<meta property=\"article:published_time\" content=\"2016-02-23T04:23:26+00:00\" \/>\n\t\t<meta property=\"article:modified_time\" content=\"2016-02-23T04:23:26+00:00\" \/>\n\t\t<meta property=\"article:publisher\" content=\"https:\/\/facebook.com\/eldigitaldeasturias\" \/>\n\t\t<meta name=\"twitter:card\" content=\"summary_large_image\" \/>\n\t\t<meta name=\"twitter:title\" content=\"El PSOE propone una Ley de Igualdad Salarial - El Digital de Asturias\" \/>\n\t\t<meta name=\"twitter:description\" content=\"La responsable federal de Igualdad en el PSOE, Carmen Mont\u00f3n, ha explicado este lunes, D\u00eda de la Igualdad Salarial, que la ley que propone el partido para regular esta cuesti\u00f3n persigue &quot;pasar de las recomendaciones a las sanciones y obligaciones&quot; para garantizar la paridad en los consejos de administraci\u00f3n de las empresas, objetivo que si\" \/>\n\t\t<meta name=\"twitter:image\" content=\"https:\/\/www.eldigitaldeasturias.com\/noticias\/wp-content\/uploads\/2016\/02\/fotonoticia_20160222130308_800.jpg\" \/>\n\t\t<meta name=\"twitter:label1\" content=\"Escrito por\" \/>\n\t\t<meta name=\"twitter:data1\" content=\"El Digital de Asturias\" \/>\n\t\t<meta name=\"twitter:label2\" content=\"Tiempo de lectura estimado\" \/>\n\t\t<meta name=\"twitter:data2\" content=\"3 minutos\" \/>\n\t\t<script type=\"application\/ld+json\" class=\"aioseo-schema\">\n\t\t\t{\"@context\":\"https:\\\/\\\/schema.org\",\"@graph\":[{\"@type\":\"BlogPosting\",\"@id\":\"https:\\\/\\\/www.eldigitaldeasturias.com\\\/noticias\\\/el-psoe-propone-una-ley-de-igualdad-salarial\\\/#blogposting\",\"name\":\"El PSOE propone una Ley de Igualdad Salarial - El Digital de Asturias\",\"headline\":\"El PSOE propone una Ley de Igualdad Salarial\",\"author\":{\"@id\":\"https:\\\/\\\/www.eldigitaldeasturias.com\\\/noticias\\\/author\\\/admin\\\/#author\"},\"publisher\":{\"@id\":\"https:\\\/\\\/www.eldigitaldeasturias.com\\\/noticias\\\/#organization\"},\"image\":{\"@type\":\"ImageObject\",\"url\":\"https:\\\/\\\/www.eldigitaldeasturias.com\\\/noticias\\\/wp-content\\\/uploads\\\/2016\\\/02\\\/fotonoticia_20160222130308_800.jpg\",\"width\":800,\"height\":533},\"datePublished\":\"2016-02-23T04:23:26+01:00\",\"dateModified\":\"2016-02-23T04:23:26+01:00\",\"inLanguage\":\"es-ES\",\"mainEntityOfPage\":{\"@id\":\"https:\\\/\\\/www.eldigitaldeasturias.com\\\/noticias\\\/el-psoe-propone-una-ley-de-igualdad-salarial\\\/#webpage\"},\"isPartOf\":{\"@id\":\"https:\\\/\\\/www.eldigitaldeasturias.com\\\/noticias\\\/el-psoe-propone-una-ley-de-igualdad-salarial\\\/#webpage\"},\"articleSection\":\"Actualidad\"},{\"@type\":\"BreadcrumbList\",\"@id\":\"https:\\\/\\\/www.eldigitaldeasturias.com\\\/noticias\\\/el-psoe-propone-una-ley-de-igualdad-salarial\\\/#breadcrumblist\",\"itemListElement\":[{\"@type\":\"ListItem\",\"@id\":\"https:\\\/\\\/www.eldigitaldeasturias.com\\\/noticias#listItem\",\"position\":1,\"name\":\"Home\",\"item\":\"https:\\\/\\\/www.eldigitaldeasturias.com\\\/noticias\",\"nextItem\":{\"@type\":\"ListItem\",\"@id\":\"https:\\\/\\\/www.eldigitaldeasturias.com\\\/noticias\\\/category\\\/actualidad\\\/#listItem\",\"name\":\"Actualidad\"}},{\"@type\":\"ListItem\",\"@id\":\"https:\\\/\\\/www.eldigitaldeasturias.com\\\/noticias\\\/category\\\/actualidad\\\/#listItem\",\"position\":2,\"name\":\"Actualidad\",\"item\":\"https:\\\/\\\/www.eldigitaldeasturias.com\\\/noticias\\\/category\\\/actualidad\\\/\",\"nextItem\":{\"@type\":\"ListItem\",\"@id\":\"https:\\\/\\\/www.eldigitaldeasturias.com\\\/noticias\\\/el-psoe-propone-una-ley-de-igualdad-salarial\\\/#listItem\",\"name\":\"El PSOE propone una Ley de Igualdad Salarial\"},\"previousItem\":{\"@type\":\"ListItem\",\"@id\":\"https:\\\/\\\/www.eldigitaldeasturias.com\\\/noticias#listItem\",\"name\":\"Home\"}},{\"@type\":\"ListItem\",\"@id\":\"https:\\\/\\\/www.eldigitaldeasturias.com\\\/noticias\\\/el-psoe-propone-una-ley-de-igualdad-salarial\\\/#listItem\",\"position\":3,\"name\":\"El PSOE propone una Ley de Igualdad Salarial\",\"previousItem\":{\"@type\":\"ListItem\",\"@id\":\"https:\\\/\\\/www.eldigitaldeasturias.com\\\/noticias\\\/category\\\/actualidad\\\/#listItem\",\"name\":\"Actualidad\"}}]},{\"@type\":\"Organization\",\"@id\":\"https:\\\/\\\/www.eldigitaldeasturias.com\\\/noticias\\\/#organization\",\"name\":\"El Digital de Asturias\",\"description\":\"Hemeroteca\",\"url\":\"https:\\\/\\\/www.eldigitaldeasturias.com\\\/noticias\\\/\",\"email\":\"info@eldigitaldeasturias.com\",\"telephone\":\"+34652131393\",\"logo\":{\"@type\":\"ImageObject\",\"url\":\"https:\\\/\\\/www.eldigitaldeasturias.com\\\/noticias\\\/wp-content\\\/uploads\\\/2020\\\/12\\\/EDA.jpg\",\"@id\":\"https:\\\/\\\/www.eldigitaldeasturias.com\\\/noticias\\\/el-psoe-propone-una-ley-de-igualdad-salarial\\\/#organizationLogo\",\"width\":649,\"height\":297},\"image\":{\"@id\":\"https:\\\/\\\/www.eldigitaldeasturias.com\\\/noticias\\\/el-psoe-propone-una-ley-de-igualdad-salarial\\\/#organizationLogo\"},\"sameAs\":[\"https:\\\/\\\/facebook.com\\\/eldigitaldeasturias\",\"https:\\\/\\\/www.youtube.com\\\/channel\\\/UCZP-2wLEB9Rv6erhFmqVnvg\"],\"address\":{\"@id\":\"https:\\\/\\\/www.eldigitaldeasturias.com\\\/noticias\\\/#postaladdress\",\"@type\":\"PostalAddress\",\"streetAddress\":\"san antonio 4,\",\"postalCode\":\"33430\",\"addressLocality\":\"Cand\\u00e1s\",\"addressRegion\":\"Asturias\",\"addressCountry\":\"ES\"}},{\"@type\":\"Person\",\"@id\":\"https:\\\/\\\/www.eldigitaldeasturias.com\\\/noticias\\\/author\\\/admin\\\/#author\",\"url\":\"https:\\\/\\\/www.eldigitaldeasturias.com\\\/noticias\\\/author\\\/admin\\\/\",\"name\":\"El Digital de Asturias\",\"image\":{\"@type\":\"ImageObject\",\"@id\":\"https:\\\/\\\/www.eldigitaldeasturias.com\\\/noticias\\\/el-psoe-propone-una-ley-de-igualdad-salarial\\\/#authorImage\",\"url\":\"https:\\\/\\\/www.eldigitaldeasturias.com\\\/noticias\\\/wp-content\\\/litespeed\\\/avatar\\\/18677e78aa0546b92d9dbf31ec7d7668.jpg?ver=1777290358\",\"width\":96,\"height\":96,\"caption\":\"El Digital de Asturias\"}},{\"@type\":\"WebPage\",\"@id\":\"https:\\\/\\\/www.eldigitaldeasturias.com\\\/noticias\\\/el-psoe-propone-una-ley-de-igualdad-salarial\\\/#webpage\",\"url\":\"https:\\\/\\\/www.eldigitaldeasturias.com\\\/noticias\\\/el-psoe-propone-una-ley-de-igualdad-salarial\\\/\",\"name\":\"El PSOE propone una Ley de Igualdad Salarial - El Digital de Asturias\",\"description\":\"La responsable federal de Igualdad en el PSOE, Carmen Mont\\u00f3n, ha explicado este lunes, D\\u00eda de la Igualdad Salarial, que la ley que propone el partido para regular esta cuesti\\u00f3n persigue \\\"pasar de las recomendaciones a las sanciones y obligaciones\\\" para garantizar la paridad en los consejos de administraci\\u00f3n de las empresas, objetivo que si\",\"inLanguage\":\"es-ES\",\"isPartOf\":{\"@id\":\"https:\\\/\\\/www.eldigitaldeasturias.com\\\/noticias\\\/#website\"},\"breadcrumb\":{\"@id\":\"https:\\\/\\\/www.eldigitaldeasturias.com\\\/noticias\\\/el-psoe-propone-una-ley-de-igualdad-salarial\\\/#breadcrumblist\"},\"author\":{\"@id\":\"https:\\\/\\\/www.eldigitaldeasturias.com\\\/noticias\\\/author\\\/admin\\\/#author\"},\"creator\":{\"@id\":\"https:\\\/\\\/www.eldigitaldeasturias.com\\\/noticias\\\/author\\\/admin\\\/#author\"},\"image\":{\"@type\":\"ImageObject\",\"url\":\"https:\\\/\\\/www.eldigitaldeasturias.com\\\/noticias\\\/wp-content\\\/uploads\\\/2016\\\/02\\\/fotonoticia_20160222130308_800.jpg\",\"@id\":\"https:\\\/\\\/www.eldigitaldeasturias.com\\\/noticias\\\/el-psoe-propone-una-ley-de-igualdad-salarial\\\/#mainImage\",\"width\":800,\"height\":533},\"primaryImageOfPage\":{\"@id\":\"https:\\\/\\\/www.eldigitaldeasturias.com\\\/noticias\\\/el-psoe-propone-una-ley-de-igualdad-salarial\\\/#mainImage\"},\"datePublished\":\"2016-02-23T04:23:26+01:00\",\"dateModified\":\"2016-02-23T04:23:26+01:00\"},{\"@type\":\"WebSite\",\"@id\":\"https:\\\/\\\/www.eldigitaldeasturias.com\\\/noticias\\\/#website\",\"url\":\"https:\\\/\\\/www.eldigitaldeasturias.com\\\/noticias\\\/\",\"name\":\"El Digital de Asturias - Diario de actualidad y noticias\",\"alternateName\":\"El Digital de Asturias - Diario de actualidad y noticias\",\"description\":\"Hemeroteca\",\"inLanguage\":\"es-ES\",\"publisher\":{\"@id\":\"https:\\\/\\\/www.eldigitaldeasturias.com\\\/noticias\\\/#organization\"}}]}\n\t\t<\/script>\n\t\t<!-- All in One SEO Pro -->\r\n\t\t<title>El PSOE propone una Ley de Igualdad Salarial - El Digital de Asturias<\/title>\n\n","aioseo_head_json":{"title":"El PSOE propone una Ley de Igualdad Salarial - El Digital de Asturias","description":"La responsable federal de Igualdad en el PSOE, Carmen Mont\u00f3n, ha explicado este lunes, D\u00eda de la Igualdad Salarial, que la ley que propone el partido para regular esta cuesti\u00f3n persigue \"pasar de las recomendaciones a las sanciones y obligaciones\" para garantizar la paridad en los consejos de administraci\u00f3n de las empresas, objetivo que si","canonical_url":"https:\/\/www.eldigitaldeasturias.com\/noticias\/el-psoe-propone-una-ley-de-igualdad-salarial\/","robots":"max-image-preview:large","keywords":"actualidad","webmasterTools":{"google-site-verification":"UA-38556648-1","msvalidate.01":"7dfe9f3f1b24437ab69f4f2559babe99","miscellaneous":""},"schema":{"@context":"https:\/\/schema.org","@graph":[{"@type":"BlogPosting","@id":"https:\/\/www.eldigitaldeasturias.com\/noticias\/el-psoe-propone-una-ley-de-igualdad-salarial\/#blogposting","name":"El PSOE propone una Ley de Igualdad Salarial - El Digital de Asturias","headline":"El PSOE propone una Ley de Igualdad Salarial","author":{"@id":"https:\/\/www.eldigitaldeasturias.com\/noticias\/author\/admin\/#author"},"publisher":{"@id":"https:\/\/www.eldigitaldeasturias.com\/noticias\/#organization"},"image":{"@type":"ImageObject","url":"https:\/\/www.eldigitaldeasturias.com\/noticias\/wp-content\/uploads\/2016\/02\/fotonoticia_20160222130308_800.jpg","width":800,"height":533},"datePublished":"2016-02-23T04:23:26+01:00","dateModified":"2016-02-23T04:23:26+01:00","inLanguage":"es-ES","mainEntityOfPage":{"@id":"https:\/\/www.eldigitaldeasturias.com\/noticias\/el-psoe-propone-una-ley-de-igualdad-salarial\/#webpage"},"isPartOf":{"@id":"https:\/\/www.eldigitaldeasturias.com\/noticias\/el-psoe-propone-una-ley-de-igualdad-salarial\/#webpage"},"articleSection":"Actualidad"},{"@type":"BreadcrumbList","@id":"https:\/\/www.eldigitaldeasturias.com\/noticias\/el-psoe-propone-una-ley-de-igualdad-salarial\/#breadcrumblist","itemListElement":[{"@type":"ListItem","@id":"https:\/\/www.eldigitaldeasturias.com\/noticias#listItem","position":1,"name":"Home","item":"https:\/\/www.eldigitaldeasturias.com\/noticias","nextItem":{"@type":"ListItem","@id":"https:\/\/www.eldigitaldeasturias.com\/noticias\/category\/actualidad\/#listItem","name":"Actualidad"}},{"@type":"ListItem","@id":"https:\/\/www.eldigitaldeasturias.com\/noticias\/category\/actualidad\/#listItem","position":2,"name":"Actualidad","item":"https:\/\/www.eldigitaldeasturias.com\/noticias\/category\/actualidad\/","nextItem":{"@type":"ListItem","@id":"https:\/\/www.eldigitaldeasturias.com\/noticias\/el-psoe-propone-una-ley-de-igualdad-salarial\/#listItem","name":"El PSOE propone una Ley de Igualdad Salarial"},"previousItem":{"@type":"ListItem","@id":"https:\/\/www.eldigitaldeasturias.com\/noticias#listItem","name":"Home"}},{"@type":"ListItem","@id":"https:\/\/www.eldigitaldeasturias.com\/noticias\/el-psoe-propone-una-ley-de-igualdad-salarial\/#listItem","position":3,"name":"El PSOE propone una Ley de Igualdad Salarial","previousItem":{"@type":"ListItem","@id":"https:\/\/www.eldigitaldeasturias.com\/noticias\/category\/actualidad\/#listItem","name":"Actualidad"}}]},{"@type":"Organization","@id":"https:\/\/www.eldigitaldeasturias.com\/noticias\/#organization","name":"El Digital de Asturias","description":"Hemeroteca","url":"https:\/\/www.eldigitaldeasturias.com\/noticias\/","email":"info@eldigitaldeasturias.com","telephone":"+34652131393","logo":{"@type":"ImageObject","url":"https:\/\/www.eldigitaldeasturias.com\/noticias\/wp-content\/uploads\/2020\/12\/EDA.jpg","@id":"https:\/\/www.eldigitaldeasturias.com\/noticias\/el-psoe-propone-una-ley-de-igualdad-salarial\/#organizationLogo","width":649,"height":297},"image":{"@id":"https:\/\/www.eldigitaldeasturias.com\/noticias\/el-psoe-propone-una-ley-de-igualdad-salarial\/#organizationLogo"},"sameAs":["https:\/\/facebook.com\/eldigitaldeasturias","https:\/\/www.youtube.com\/channel\/UCZP-2wLEB9Rv6erhFmqVnvg"],"address":{"@id":"https:\/\/www.eldigitaldeasturias.com\/noticias\/#postaladdress","@type":"PostalAddress","streetAddress":"san antonio 4,","postalCode":"33430","addressLocality":"Cand\u00e1s","addressRegion":"Asturias","addressCountry":"ES"}},{"@type":"Person","@id":"https:\/\/www.eldigitaldeasturias.com\/noticias\/author\/admin\/#author","url":"https:\/\/www.eldigitaldeasturias.com\/noticias\/author\/admin\/","name":"El Digital de Asturias","image":{"@type":"ImageObject","@id":"https:\/\/www.eldigitaldeasturias.com\/noticias\/el-psoe-propone-una-ley-de-igualdad-salarial\/#authorImage","url":"https:\/\/www.eldigitaldeasturias.com\/noticias\/wp-content\/litespeed\/avatar\/18677e78aa0546b92d9dbf31ec7d7668.jpg?ver=1777290358","width":96,"height":96,"caption":"El Digital de Asturias"}},{"@type":"WebPage","@id":"https:\/\/www.eldigitaldeasturias.com\/noticias\/el-psoe-propone-una-ley-de-igualdad-salarial\/#webpage","url":"https:\/\/www.eldigitaldeasturias.com\/noticias\/el-psoe-propone-una-ley-de-igualdad-salarial\/","name":"El PSOE propone una Ley de Igualdad Salarial - El Digital de Asturias","description":"La responsable federal de Igualdad en el PSOE, Carmen Mont\u00f3n, ha explicado este lunes, D\u00eda de la Igualdad Salarial, que la ley que propone el partido para regular esta cuesti\u00f3n persigue \"pasar de las recomendaciones a las sanciones y obligaciones\" para garantizar la paridad en los consejos de administraci\u00f3n de las empresas, objetivo que si","inLanguage":"es-ES","isPartOf":{"@id":"https:\/\/www.eldigitaldeasturias.com\/noticias\/#website"},"breadcrumb":{"@id":"https:\/\/www.eldigitaldeasturias.com\/noticias\/el-psoe-propone-una-ley-de-igualdad-salarial\/#breadcrumblist"},"author":{"@id":"https:\/\/www.eldigitaldeasturias.com\/noticias\/author\/admin\/#author"},"creator":{"@id":"https:\/\/www.eldigitaldeasturias.com\/noticias\/author\/admin\/#author"},"image":{"@type":"ImageObject","url":"https:\/\/www.eldigitaldeasturias.com\/noticias\/wp-content\/uploads\/2016\/02\/fotonoticia_20160222130308_800.jpg","@id":"https:\/\/www.eldigitaldeasturias.com\/noticias\/el-psoe-propone-una-ley-de-igualdad-salarial\/#mainImage","width":800,"height":533},"primaryImageOfPage":{"@id":"https:\/\/www.eldigitaldeasturias.com\/noticias\/el-psoe-propone-una-ley-de-igualdad-salarial\/#mainImage"},"datePublished":"2016-02-23T04:23:26+01:00","dateModified":"2016-02-23T04:23:26+01:00"},{"@type":"WebSite","@id":"https:\/\/www.eldigitaldeasturias.com\/noticias\/#website","url":"https:\/\/www.eldigitaldeasturias.com\/noticias\/","name":"El Digital de Asturias - Diario de actualidad y noticias","alternateName":"El Digital de Asturias - Diario de actualidad y noticias","description":"Hemeroteca","inLanguage":"es-ES","publisher":{"@id":"https:\/\/www.eldigitaldeasturias.com\/noticias\/#organization"}}]},"og:locale":"es_ES","og:site_name":"El Digital de Asturias","og:type":"article","og:title":"El PSOE propone una Ley de Igualdad Salarial - El Digital de Asturias","og:description":"La responsable federal de Igualdad en el PSOE, Carmen Mont\u00f3n, ha explicado este lunes, D\u00eda de la Igualdad Salarial, que la ley que propone el partido para regular esta cuesti\u00f3n persigue &quot;pasar de las recomendaciones a las sanciones y obligaciones&quot; para garantizar la paridad en los consejos de administraci\u00f3n de las empresas, objetivo que si","og:url":"https:\/\/www.eldigitaldeasturias.com\/noticias\/el-psoe-propone-una-ley-de-igualdad-salarial\/","og:image":"https:\/\/www.eldigitaldeasturias.com\/noticias\/wp-content\/uploads\/2016\/02\/fotonoticia_20160222130308_800.jpg","og:image:secure_url":"https:\/\/www.eldigitaldeasturias.com\/noticias\/wp-content\/uploads\/2016\/02\/fotonoticia_20160222130308_800.jpg","og:image:width":800,"og:image:height":533,"article:tag":["actualidad"],"article:published_time":"2016-02-23T04:23:26+00:00","article:modified_time":"2016-02-23T04:23:26+00:00","article:publisher":"https:\/\/facebook.com\/eldigitaldeasturias","twitter:card":"summary_large_image","twitter:title":"El PSOE propone una Ley de Igualdad Salarial - El Digital de Asturias","twitter:description":"La responsable federal de Igualdad en el PSOE, Carmen Mont\u00f3n, ha explicado este lunes, D\u00eda de la Igualdad Salarial, que la ley que propone el partido para regular esta cuesti\u00f3n persigue &quot;pasar de las recomendaciones a las sanciones y obligaciones&quot; para garantizar la paridad en los consejos de administraci\u00f3n de las empresas, objetivo que si","twitter:image":"https:\/\/www.eldigitaldeasturias.com\/noticias\/wp-content\/uploads\/2016\/02\/fotonoticia_20160222130308_800.jpg","twitter:label1":"Escrito por","twitter:data1":"El Digital de Asturias","twitter:label2":"Tiempo de lectura estimado","twitter:data2":"3 minutos"},"aioseo_meta_data":{"post_id":"861046","title":null,"description":null,"keywords":null,"keyphrases":null,"primary_term":null,"canonical_url":null,"og_title":null,"og_description":null,"og_object_type":"default","og_image_type":"default","og_image_url":null,"og_image_width":null,"og_image_height":null,"og_image_custom_url":null,"og_image_custom_fields":null,"og_video":null,"og_custom_url":null,"og_article_section":null,"og_article_tags":null,"twitter_use_og":false,"twitter_card":"default","twitter_image_type":"default","twitter_image_url":null,"twitter_image_custom_url":null,"twitter_image_custom_fields":null,"twitter_title":null,"twitter_description":null,"schema":{"blockGraphs":[],"customGraphs":[],"default":{"data":{"Article":[],"Course":[],"Dataset":[],"FAQPage":[],"Movie":[],"Person":[],"Product":[],"ProductReview":[],"Car":[],"Recipe":[],"Service":[],"SoftwareApplication":[],"WebPage":[]},"graphName":"","isEnabled":true},"graphs":[],"defaultGraph":"","defaultPostTypeGraph":""},"schema_type":null,"schema_type_options":null,"pillar_content":false,"robots_default":true,"robots_noindex":false,"robots_noarchive":false,"robots_nosnippet":false,"robots_nofollow":false,"robots_noimageindex":false,"robots_noodp":false,"robots_notranslate":false,"robots_max_snippet":null,"robots_max_videopreview":null,"robots_max_imagepreview":"large","priority":null,"frequency":null,"local_seo":null,"seo_analyzer_scan_date":"2025-12-10 19:54:09","breadcrumb_settings":null,"limit_modified_date":false,"open_ai":null,"ai":null,"created":"2021-01-23 12:23:16","updated":"2025-12-10 19:54:09"},"aioseo_breadcrumb":"<div class=\"aioseo-breadcrumbs\"><span class=\"aioseo-breadcrumb\">\n\t<a href=\"https:\/\/www.eldigitaldeasturias.com\/noticias\" title=\"Home\">Home<\/a>\n<\/span><span class=\"aioseo-breadcrumb-separator\">\u2013<\/span><span class=\"aioseo-breadcrumb\">\n\t<a href=\"https:\/\/www.eldigitaldeasturias.com\/noticias\/category\/actualidad\/\" title=\"Actualidad\">Actualidad<\/a>\n<\/span><span class=\"aioseo-breadcrumb-separator\">\u2013<\/span><span class=\"aioseo-breadcrumb\">\n\t<a href=\"https:\/\/www.eldigitaldeasturias.com\/noticias\/el-psoe-propone-una-ley-de-igualdad-salarial\/\" title=\"El PSOE propone una Ley de Igualdad Salarial\">El PSOE propone una Ley de Igualdad Salarial<\/a>\n<\/span><\/div>","aioseo_breadcrumb_json":[{"label":"Home","link":"https:\/\/www.eldigitaldeasturias.com\/noticias"},{"label":"Actualidad","link":"https:\/\/www.eldigitaldeasturias.com\/noticias\/category\/actualidad\/"},{"label":"El PSOE propone una Ley de Igualdad Salarial","link":"https:\/\/www.eldigitaldeasturias.com\/noticias\/el-psoe-propone-una-ley-de-igualdad-salarial\/"}],"_links":{"self":[{"href":"https:\/\/www.eldigitaldeasturias.com\/noticias\/wp-json\/wp\/v2\/posts\/861046","targetHints":{"allow":["GET"]}}],"collection":[{"href":"https:\/\/www.eldigitaldeasturias.com\/noticias\/wp-json\/wp\/v2\/posts"}],"about":[{"href":"https:\/\/www.eldigitaldeasturias.com\/noticias\/wp-json\/wp\/v2\/types\/post"}],"author":[{"embeddable":true,"href":"https:\/\/www.eldigitaldeasturias.com\/noticias\/wp-json\/wp\/v2\/users\/1"}],"replies":[{"embeddable":true,"href":"https:\/\/www.eldigitaldeasturias.com\/noticias\/wp-json\/wp\/v2\/comments?post=861046"}],"version-history":[{"count":0,"href":"https:\/\/www.eldigitaldeasturias.com\/noticias\/wp-json\/wp\/v2\/posts\/861046\/revisions"}],"wp:featuredmedia":[{"embeddable":true,"href":"https:\/\/www.eldigitaldeasturias.com\/noticias\/wp-json\/wp\/v2\/media\/861047"}],"wp:attachment":[{"href":"https:\/\/www.eldigitaldeasturias.com\/noticias\/wp-json\/wp\/v2\/media?parent=861046"}],"wp:term":[{"taxonomy":"category","embeddable":true,"href":"https:\/\/www.eldigitaldeasturias.com\/noticias\/wp-json\/wp\/v2\/categories?post=861046"},{"taxonomy":"post_tag","embeddable":true,"href":"https:\/\/www.eldigitaldeasturias.com\/noticias\/wp-json\/wp\/v2\/tags?post=861046"}],"curies":[{"name":"wp","href":"https:\/\/api.w.org\/{rel}","templated":true}]}}