{"id":861037,"date":"2016-02-23T04:18:54","date_gmt":"2016-02-23T04:18:54","guid":{"rendered":"http:\/\/www.eldigitaldeasturias.com\/noticias\/?p=861037"},"modified":"2016-02-23T04:18:54","modified_gmt":"2016-02-23T04:18:54","slug":"el-estres-infantil-afecta-a-la-salud-bucodental","status":"publish","type":"post","link":"https:\/\/www.eldigitaldeasturias.com\/noticias\/el-estres-infantil-afecta-a-la-salud-bucodental\/","title":{"rendered":"El estr\u00e9s infantil afecta a la salud bucodental"},"content":{"rendered":"<p><img loading=\"lazy\" decoding=\"async\" class=\"alignleft size-medium wp-image-861038\" src=\"https:\/\/www.eldigitaldeasturias.com\/noticias\/wp-content\/uploads\/2016\/02\/fotonoticia_20160222124348_800-360x239.jpg\" alt=\"fotonoticia_20160222124348_800\" width=\"360\" height=\"239\" srcset=\"https:\/\/www.eldigitaldeasturias.com\/noticias\/wp-content\/uploads\/2016\/02\/fotonoticia_20160222124348_800-360x239.jpg 360w, https:\/\/www.eldigitaldeasturias.com\/noticias\/wp-content\/uploads\/2016\/02\/fotonoticia_20160222124348_800-768x510.jpg 768w, https:\/\/www.eldigitaldeasturias.com\/noticias\/wp-content\/uploads\/2016\/02\/fotonoticia_20160222124348_800-650x431.jpg 650w, https:\/\/www.eldigitaldeasturias.com\/noticias\/wp-content\/uploads\/2016\/02\/fotonoticia_20160222124348_800-84x55.jpg 84w, https:\/\/www.eldigitaldeasturias.com\/noticias\/wp-content\/uploads\/2016\/02\/fotonoticia_20160222124348_800-49x32.jpg 49w, https:\/\/www.eldigitaldeasturias.com\/noticias\/wp-content\/uploads\/2016\/02\/fotonoticia_20160222124348_800.jpg 800w\" sizes=\"auto, (max-width: 360px) 100vw, 360px\" \/>El estr\u00e9s que padecen los ni\u00f1os actualmente (causado por los d\u00edas llenos de actividades o la tensi\u00f3n provocada por los horarios) afecta de forma \u00abalarmante\u00bb a su salud bucodental, causando diferentes problemas, seg\u00fan ha informado a Europa Press la especialista en Ortodoncia y Ortopedia Dentofacial de la Cl\u00ednica Dental Ortofamily, la doctora Mar\u00eda Moya.<\/p>\n<p>El estr\u00e9s y la tensi\u00f3n que el ni\u00f1o padece durante el d\u00eda que libera por la noche en forma de bruxismo. \u00abEsta enfermedad consiste en rechinar los dientes inconscientemente. Generalmente es durante la noche, aunque en ocasiones tambi\u00e9n se da por el d\u00eda, y lo que provoca es el desgaste de las piezas dentales y dolores en el cuello, cabeza, columna vertebral y en las articulaciones mandibulares\u00bb.<\/p>\n<p>El estr\u00e9s tambi\u00e9n es causante de la enfermedad periodontal. Seg\u00fan ha informado la experta \u00abla ansiedad puede provocar inflamaci\u00f3n y sangrado en las enc\u00edas, que puede derivar en el desarrollo de gingivitis (enfermedad cr\u00f3nica de las enc\u00edas) con dolor al cepillado y una mayor sensibilidad dental\u00bb.<\/p>\n<p>Las caries dentales tambi\u00e9n se producen por estr\u00e9s, siendo este la segunda causa que las provoca despu\u00e9s de la acumulaci\u00f3n de placa bacteriana. \u00abCon el estr\u00e9s aumenta la acidez de la saliva atacando al esmalte de los dientes, la capa natural que los protege\u00bb, ha afirmado Moya.<\/p>\n<p>Boqueras, herpes labiales y aftas pueden producirse tambi\u00e9n por estr\u00e9s, seg\u00fan ha comentado Mar\u00eda Moya. \u00abLas boqueras son m\u00e1s frecuentes en ni\u00f1os y adolescentes porque en su af\u00e1n de contrarrestarlas humedecen inconscientemete los labios empeorando la situaci\u00f3n; y los herpes se generan cuando el organismo tiene menos defensas como en los periodos de estr\u00e9s, por ejemplo\u00bb. Adem\u00e1s, ha a\u00f1adido que estos problemas tambi\u00e9n pueden causar mal aliento. \u00abSi el ni\u00f1o sufre estr\u00e9s quiz\u00e1 coma a un ritmo muy r\u00e1pido, lo que le va a generar problemas de est\u00f3mago y malas digestiones que se traducen en mal aliento\u00bb, ha explicado.<\/p>\n<p>\u00bfC\u00d3MO SOLUCIONARLOS?<\/p>\n<p>Es importante que los padres est\u00e9n pendientes de sus hijos para poder frenar estas enfermedades bucales ya que los s\u00edntomas de alarma se pueden presentar de varias formas. La dentista ha recomendado comprobar si la enc\u00eda sangra al comer o cepillarse, o si cambia de color, aparece amoratada, se hincha o cambia de forma; tambi\u00e9n hay problemas si hay mal aliento o si existe sensaci\u00f3n de movimiento en los dientes o separaci\u00f3n.<\/p>\n<p>\u00abLos dentistas no podemos hacer mucho para reducir el estr\u00e9s, simplemente recomendar a los ni\u00f1os y sus padres que lleven un ritmo de vida m\u00e1s relajado. Pero lo que s\u00ed podemos hacer es insistir en que cumplan con el cepillado diario de dos a tres veces, y tambi\u00e9n recordarles que deben acudir a las revisiones peri\u00f3dicas para que podamos poner soluci\u00f3n a sus problemas\u00bb, ha explicado Mar\u00eda Moya.<\/p>\n<p>\u00abEn la etapa infantil es importante cumplir con las revisiones para ver si el desarrollo bucal se est\u00e1 produciendo correctamente, y m\u00e1s a\u00fan si el ni\u00f1o padece estr\u00e9s, para que podamos ponerle soluci\u00f3n a los problemas derivados. Para el bruxismo existen f\u00e9rulas de descarga que evitan el contacto entre los dientes superiores e inferiores, o realizar tratamientos con ortodoncia en el caso de que afecte a la colocaci\u00f3n de los dientes\u00bb, ha expuesto Moya.<\/p>\n<p>LOS ADULTOS TAMBI\u00c9N<\/p>\n<p>Respecto a la edad en la que surjen estos problemas, la experta ha afirmado que depende de la persona y del entorno que tenga el ni\u00f1o, pero \u00abgeneralmente ocurre desde los 8-9 a\u00f1os hasta la \u00e9poca adolescente, con 14 o 15 a\u00f1os, puesto que al ir creciendo van adquiriendo m\u00e1s responsabilidades y ello conlleva m\u00e1s estr\u00e9s\u00bb.<\/p>\n<p>\u00abEn los adultos se dan los mismos problemas, adem\u00e1s en este caso de forma m\u00e1s inevitable porque tienen m\u00e1s responsabilidades a\u00fan que los ni\u00f1os y por ello el estr\u00e9s es mayor, pero es m\u00e1s preocupante en ni\u00f1os porque su sistema inmunitario est\u00e1 a\u00fan desarroll\u00e1ndose al igual que su dentadura, lo que hace que los problemas se acent\u00faen\u00bb, ha explicado la doctora Moya.<\/p>\n<p>En los adultos en cambio los problemas se unen a otros como el tabaquismo y el alcohol. \u00abLas enfermedades derivadas por el estr\u00e9s son las mismas en los adultos. No cuentan con el agravante de la falta de desarrollo de los dientes o del sistema inmunitario, pero s\u00ed con malos h\u00e1bitos que afectan a la salud bucodental como son el tabaco y el alcohol\u00bb. En estos casos, la experta recomienda acudir a las revisiones en el dentista para que los problemas dentales no se compliquen. \u00abSi por ejemplo el paciente padece de bruxismo y lleva una f\u00e9rula de descarga hay que acudir peri\u00f3dicamente a que el dentista compruebe si todo va bien, puesto que la mordida a veces cambia, no siempre es la misma\u00bb, ha a\u00f1adido Moya.<\/p>\n","protected":false},"excerpt":{"rendered":"<p>El estr\u00e9s que padecen los ni\u00f1os actualmente (causado por los d\u00edas llenos de actividades o la tensi\u00f3n provocada por los horarios) afecta de forma \u00abalarmante\u00bb a su salud bucodental, causando diferentes problemas, seg\u00fan ha informado a Europa Press la especialista en Ortodoncia y Ortopedia Dentofacial de la Cl\u00ednica Dental Ortofamily, la doctora Mar\u00eda Moya. El [&hellip;]<\/p>\n","protected":false},"author":1,"featured_media":861038,"comment_status":"closed","ping_status":"closed","sticky":false,"template":"","format":"standard","meta":{"footnotes":""},"categories":[28],"tags":[],"class_list":["post-861037","post","type-post","status-publish","format-standard","has-post-thumbnail","hentry","category-sociedad"],"aioseo_notices":[],"aioseo_head":"\n\t\t<!-- All in One SEO Pro 4.9.6.2 - aioseo.com -->\n\t<meta name=\"description\" content=\"El estr\u00e9s que padecen los ni\u00f1os actualmente (causado por los d\u00edas llenos de actividades o la tensi\u00f3n provocada por los horarios) afecta de forma &quot;alarmante&quot; a su salud bucodental, causando diferentes problemas, seg\u00fan ha informado a Europa Press la especialista en Ortodoncia y Ortopedia Dentofacial de la Cl\u00ednica Dental Ortofamily, la doctora Mar\u00eda Moya. El\" \/>\n\t<meta name=\"robots\" content=\"max-image-preview:large\" \/>\n\t<meta name=\"author\" content=\"El Digital de Asturias\"\/>\n\t<meta name=\"google-site-verification\" content=\"UA-38556648-1\" \/>\n\t<meta name=\"msvalidate.01\" content=\"7dfe9f3f1b24437ab69f4f2559babe99\" \/>\n\t<meta name=\"keywords\" content=\"sociedad\" \/>\n\t<link rel=\"canonical\" href=\"https:\/\/www.eldigitaldeasturias.com\/noticias\/el-estres-infantil-afecta-a-la-salud-bucodental\/\" \/>\n\t<meta name=\"generator\" content=\"All in One SEO Pro (AIOSEO) 4.9.6.2\" \/>\n\t\t<meta property=\"og:locale\" content=\"es_ES\" \/>\n\t\t<meta property=\"og:site_name\" content=\"El Digital de Asturias\" \/>\n\t\t<meta property=\"og:type\" content=\"article\" \/>\n\t\t<meta property=\"og:title\" content=\"El estr\u00e9s infantil afecta a la salud bucodental - El Digital de Asturias\" \/>\n\t\t<meta property=\"og:description\" content=\"El estr\u00e9s que padecen los ni\u00f1os actualmente (causado por los d\u00edas llenos de actividades o la tensi\u00f3n provocada por los horarios) afecta de forma &quot;alarmante&quot; a su salud bucodental, causando diferentes problemas, seg\u00fan ha informado a Europa Press la especialista en Ortodoncia y Ortopedia Dentofacial de la Cl\u00ednica Dental Ortofamily, la doctora Mar\u00eda Moya. El\" \/>\n\t\t<meta property=\"og:url\" content=\"https:\/\/www.eldigitaldeasturias.com\/noticias\/el-estres-infantil-afecta-a-la-salud-bucodental\/\" \/>\n\t\t<meta property=\"og:image\" content=\"https:\/\/www.eldigitaldeasturias.com\/noticias\/wp-content\/uploads\/2016\/02\/fotonoticia_20160222124348_800.jpg\" \/>\n\t\t<meta property=\"og:image:secure_url\" content=\"https:\/\/www.eldigitaldeasturias.com\/noticias\/wp-content\/uploads\/2016\/02\/fotonoticia_20160222124348_800.jpg\" \/>\n\t\t<meta property=\"og:image:width\" content=\"800\" \/>\n\t\t<meta property=\"og:image:height\" content=\"531\" \/>\n\t\t<meta property=\"article:tag\" content=\"sociedad\" \/>\n\t\t<meta property=\"article:published_time\" content=\"2016-02-23T04:18:54+00:00\" \/>\n\t\t<meta property=\"article:modified_time\" content=\"2016-02-23T04:18:54+00:00\" \/>\n\t\t<meta property=\"article:publisher\" content=\"https:\/\/facebook.com\/eldigitaldeasturias\" \/>\n\t\t<meta name=\"twitter:card\" content=\"summary_large_image\" \/>\n\t\t<meta name=\"twitter:title\" content=\"El estr\u00e9s infantil afecta a la salud bucodental - El Digital de Asturias\" \/>\n\t\t<meta name=\"twitter:description\" content=\"El estr\u00e9s que padecen los ni\u00f1os actualmente (causado por los d\u00edas llenos de actividades o la tensi\u00f3n provocada por los horarios) afecta de forma &quot;alarmante&quot; a su salud bucodental, causando diferentes problemas, seg\u00fan ha informado a Europa Press la especialista en Ortodoncia y Ortopedia Dentofacial de la Cl\u00ednica Dental Ortofamily, la doctora Mar\u00eda Moya. El\" \/>\n\t\t<meta name=\"twitter:image\" content=\"https:\/\/www.eldigitaldeasturias.com\/noticias\/wp-content\/uploads\/2016\/02\/fotonoticia_20160222124348_800.jpg\" \/>\n\t\t<meta name=\"twitter:label1\" content=\"Escrito por\" \/>\n\t\t<meta name=\"twitter:data1\" content=\"El Digital de Asturias\" \/>\n\t\t<meta name=\"twitter:label2\" content=\"Tiempo de lectura estimado\" \/>\n\t\t<meta name=\"twitter:data2\" content=\"4 minutos\" \/>\n\t\t<script type=\"application\/ld+json\" class=\"aioseo-schema\">\n\t\t\t{\"@context\":\"https:\\\/\\\/schema.org\",\"@graph\":[{\"@type\":\"BlogPosting\",\"@id\":\"https:\\\/\\\/www.eldigitaldeasturias.com\\\/noticias\\\/el-estres-infantil-afecta-a-la-salud-bucodental\\\/#blogposting\",\"name\":\"El estr\\u00e9s infantil afecta a la salud bucodental - El Digital de Asturias\",\"headline\":\"El estr\\u00e9s infantil afecta a la salud bucodental\",\"author\":{\"@id\":\"https:\\\/\\\/www.eldigitaldeasturias.com\\\/noticias\\\/author\\\/admin\\\/#author\"},\"publisher\":{\"@id\":\"https:\\\/\\\/www.eldigitaldeasturias.com\\\/noticias\\\/#organization\"},\"image\":{\"@type\":\"ImageObject\",\"url\":\"https:\\\/\\\/www.eldigitaldeasturias.com\\\/noticias\\\/wp-content\\\/uploads\\\/2016\\\/02\\\/fotonoticia_20160222124348_800.jpg\",\"width\":800,\"height\":531},\"datePublished\":\"2016-02-23T04:18:54+01:00\",\"dateModified\":\"2016-02-23T04:18:54+01:00\",\"inLanguage\":\"es-ES\",\"mainEntityOfPage\":{\"@id\":\"https:\\\/\\\/www.eldigitaldeasturias.com\\\/noticias\\\/el-estres-infantil-afecta-a-la-salud-bucodental\\\/#webpage\"},\"isPartOf\":{\"@id\":\"https:\\\/\\\/www.eldigitaldeasturias.com\\\/noticias\\\/el-estres-infantil-afecta-a-la-salud-bucodental\\\/#webpage\"},\"articleSection\":\"Sociedad\"},{\"@type\":\"BreadcrumbList\",\"@id\":\"https:\\\/\\\/www.eldigitaldeasturias.com\\\/noticias\\\/el-estres-infantil-afecta-a-la-salud-bucodental\\\/#breadcrumblist\",\"itemListElement\":[{\"@type\":\"ListItem\",\"@id\":\"https:\\\/\\\/www.eldigitaldeasturias.com\\\/noticias#listItem\",\"position\":1,\"name\":\"Home\",\"item\":\"https:\\\/\\\/www.eldigitaldeasturias.com\\\/noticias\",\"nextItem\":{\"@type\":\"ListItem\",\"@id\":\"https:\\\/\\\/www.eldigitaldeasturias.com\\\/noticias\\\/category\\\/sociedad\\\/#listItem\",\"name\":\"Sociedad\"}},{\"@type\":\"ListItem\",\"@id\":\"https:\\\/\\\/www.eldigitaldeasturias.com\\\/noticias\\\/category\\\/sociedad\\\/#listItem\",\"position\":2,\"name\":\"Sociedad\",\"item\":\"https:\\\/\\\/www.eldigitaldeasturias.com\\\/noticias\\\/category\\\/sociedad\\\/\",\"nextItem\":{\"@type\":\"ListItem\",\"@id\":\"https:\\\/\\\/www.eldigitaldeasturias.com\\\/noticias\\\/el-estres-infantil-afecta-a-la-salud-bucodental\\\/#listItem\",\"name\":\"El estr\\u00e9s infantil afecta a la salud bucodental\"},\"previousItem\":{\"@type\":\"ListItem\",\"@id\":\"https:\\\/\\\/www.eldigitaldeasturias.com\\\/noticias#listItem\",\"name\":\"Home\"}},{\"@type\":\"ListItem\",\"@id\":\"https:\\\/\\\/www.eldigitaldeasturias.com\\\/noticias\\\/el-estres-infantil-afecta-a-la-salud-bucodental\\\/#listItem\",\"position\":3,\"name\":\"El estr\\u00e9s infantil afecta a la salud bucodental\",\"previousItem\":{\"@type\":\"ListItem\",\"@id\":\"https:\\\/\\\/www.eldigitaldeasturias.com\\\/noticias\\\/category\\\/sociedad\\\/#listItem\",\"name\":\"Sociedad\"}}]},{\"@type\":\"Organization\",\"@id\":\"https:\\\/\\\/www.eldigitaldeasturias.com\\\/noticias\\\/#organization\",\"name\":\"El Digital de Asturias\",\"description\":\"Hemeroteca\",\"url\":\"https:\\\/\\\/www.eldigitaldeasturias.com\\\/noticias\\\/\",\"email\":\"info@eldigitaldeasturias.com\",\"telephone\":\"+34652131393\",\"logo\":{\"@type\":\"ImageObject\",\"url\":\"https:\\\/\\\/www.eldigitaldeasturias.com\\\/noticias\\\/wp-content\\\/uploads\\\/2020\\\/12\\\/EDA.jpg\",\"@id\":\"https:\\\/\\\/www.eldigitaldeasturias.com\\\/noticias\\\/el-estres-infantil-afecta-a-la-salud-bucodental\\\/#organizationLogo\",\"width\":649,\"height\":297},\"image\":{\"@id\":\"https:\\\/\\\/www.eldigitaldeasturias.com\\\/noticias\\\/el-estres-infantil-afecta-a-la-salud-bucodental\\\/#organizationLogo\"},\"sameAs\":[\"https:\\\/\\\/facebook.com\\\/eldigitaldeasturias\",\"https:\\\/\\\/www.youtube.com\\\/channel\\\/UCZP-2wLEB9Rv6erhFmqVnvg\"],\"address\":{\"@id\":\"https:\\\/\\\/www.eldigitaldeasturias.com\\\/noticias\\\/#postaladdress\",\"@type\":\"PostalAddress\",\"streetAddress\":\"san antonio 4,\",\"postalCode\":\"33430\",\"addressLocality\":\"Cand\\u00e1s\",\"addressRegion\":\"Asturias\",\"addressCountry\":\"ES\"}},{\"@type\":\"Person\",\"@id\":\"https:\\\/\\\/www.eldigitaldeasturias.com\\\/noticias\\\/author\\\/admin\\\/#author\",\"url\":\"https:\\\/\\\/www.eldigitaldeasturias.com\\\/noticias\\\/author\\\/admin\\\/\",\"name\":\"El Digital de Asturias\",\"image\":{\"@type\":\"ImageObject\",\"@id\":\"https:\\\/\\\/www.eldigitaldeasturias.com\\\/noticias\\\/el-estres-infantil-afecta-a-la-salud-bucodental\\\/#authorImage\",\"url\":\"https:\\\/\\\/www.eldigitaldeasturias.com\\\/noticias\\\/wp-content\\\/litespeed\\\/avatar\\\/18677e78aa0546b92d9dbf31ec7d7668.jpg?ver=1777290358\",\"width\":96,\"height\":96,\"caption\":\"El Digital de Asturias\"}},{\"@type\":\"WebPage\",\"@id\":\"https:\\\/\\\/www.eldigitaldeasturias.com\\\/noticias\\\/el-estres-infantil-afecta-a-la-salud-bucodental\\\/#webpage\",\"url\":\"https:\\\/\\\/www.eldigitaldeasturias.com\\\/noticias\\\/el-estres-infantil-afecta-a-la-salud-bucodental\\\/\",\"name\":\"El estr\\u00e9s infantil afecta a la salud bucodental - El Digital de Asturias\",\"description\":\"El estr\\u00e9s que padecen los ni\\u00f1os actualmente (causado por los d\\u00edas llenos de actividades o la tensi\\u00f3n provocada por los horarios) afecta de forma \\\"alarmante\\\" a su salud bucodental, causando diferentes problemas, seg\\u00fan ha informado a Europa Press la especialista en Ortodoncia y Ortopedia Dentofacial de la Cl\\u00ednica Dental Ortofamily, la doctora Mar\\u00eda Moya. El\",\"inLanguage\":\"es-ES\",\"isPartOf\":{\"@id\":\"https:\\\/\\\/www.eldigitaldeasturias.com\\\/noticias\\\/#website\"},\"breadcrumb\":{\"@id\":\"https:\\\/\\\/www.eldigitaldeasturias.com\\\/noticias\\\/el-estres-infantil-afecta-a-la-salud-bucodental\\\/#breadcrumblist\"},\"author\":{\"@id\":\"https:\\\/\\\/www.eldigitaldeasturias.com\\\/noticias\\\/author\\\/admin\\\/#author\"},\"creator\":{\"@id\":\"https:\\\/\\\/www.eldigitaldeasturias.com\\\/noticias\\\/author\\\/admin\\\/#author\"},\"image\":{\"@type\":\"ImageObject\",\"url\":\"https:\\\/\\\/www.eldigitaldeasturias.com\\\/noticias\\\/wp-content\\\/uploads\\\/2016\\\/02\\\/fotonoticia_20160222124348_800.jpg\",\"@id\":\"https:\\\/\\\/www.eldigitaldeasturias.com\\\/noticias\\\/el-estres-infantil-afecta-a-la-salud-bucodental\\\/#mainImage\",\"width\":800,\"height\":531},\"primaryImageOfPage\":{\"@id\":\"https:\\\/\\\/www.eldigitaldeasturias.com\\\/noticias\\\/el-estres-infantil-afecta-a-la-salud-bucodental\\\/#mainImage\"},\"datePublished\":\"2016-02-23T04:18:54+01:00\",\"dateModified\":\"2016-02-23T04:18:54+01:00\"},{\"@type\":\"WebSite\",\"@id\":\"https:\\\/\\\/www.eldigitaldeasturias.com\\\/noticias\\\/#website\",\"url\":\"https:\\\/\\\/www.eldigitaldeasturias.com\\\/noticias\\\/\",\"name\":\"El Digital de Asturias - Diario de actualidad y noticias\",\"alternateName\":\"El Digital de Asturias - Diario de actualidad y noticias\",\"description\":\"Hemeroteca\",\"inLanguage\":\"es-ES\",\"publisher\":{\"@id\":\"https:\\\/\\\/www.eldigitaldeasturias.com\\\/noticias\\\/#organization\"}}]}\n\t\t<\/script>\n\t\t<!-- All in One SEO Pro -->\r\n\t\t<title>El estr\u00e9s infantil afecta a la salud bucodental - El Digital de Asturias<\/title>\n\n","aioseo_head_json":{"title":"El estr\u00e9s infantil afecta a la salud bucodental - El Digital de Asturias","description":"El estr\u00e9s que padecen los ni\u00f1os actualmente (causado por los d\u00edas llenos de actividades o la tensi\u00f3n provocada por los horarios) afecta de forma \"alarmante\" a su salud bucodental, causando diferentes problemas, seg\u00fan ha informado a Europa Press la especialista en Ortodoncia y Ortopedia Dentofacial de la Cl\u00ednica Dental Ortofamily, la doctora Mar\u00eda Moya. El","canonical_url":"https:\/\/www.eldigitaldeasturias.com\/noticias\/el-estres-infantil-afecta-a-la-salud-bucodental\/","robots":"max-image-preview:large","keywords":"sociedad","webmasterTools":{"google-site-verification":"UA-38556648-1","msvalidate.01":"7dfe9f3f1b24437ab69f4f2559babe99","miscellaneous":""},"schema":{"@context":"https:\/\/schema.org","@graph":[{"@type":"BlogPosting","@id":"https:\/\/www.eldigitaldeasturias.com\/noticias\/el-estres-infantil-afecta-a-la-salud-bucodental\/#blogposting","name":"El estr\u00e9s infantil afecta a la salud bucodental - El Digital de Asturias","headline":"El estr\u00e9s infantil afecta a la salud bucodental","author":{"@id":"https:\/\/www.eldigitaldeasturias.com\/noticias\/author\/admin\/#author"},"publisher":{"@id":"https:\/\/www.eldigitaldeasturias.com\/noticias\/#organization"},"image":{"@type":"ImageObject","url":"https:\/\/www.eldigitaldeasturias.com\/noticias\/wp-content\/uploads\/2016\/02\/fotonoticia_20160222124348_800.jpg","width":800,"height":531},"datePublished":"2016-02-23T04:18:54+01:00","dateModified":"2016-02-23T04:18:54+01:00","inLanguage":"es-ES","mainEntityOfPage":{"@id":"https:\/\/www.eldigitaldeasturias.com\/noticias\/el-estres-infantil-afecta-a-la-salud-bucodental\/#webpage"},"isPartOf":{"@id":"https:\/\/www.eldigitaldeasturias.com\/noticias\/el-estres-infantil-afecta-a-la-salud-bucodental\/#webpage"},"articleSection":"Sociedad"},{"@type":"BreadcrumbList","@id":"https:\/\/www.eldigitaldeasturias.com\/noticias\/el-estres-infantil-afecta-a-la-salud-bucodental\/#breadcrumblist","itemListElement":[{"@type":"ListItem","@id":"https:\/\/www.eldigitaldeasturias.com\/noticias#listItem","position":1,"name":"Home","item":"https:\/\/www.eldigitaldeasturias.com\/noticias","nextItem":{"@type":"ListItem","@id":"https:\/\/www.eldigitaldeasturias.com\/noticias\/category\/sociedad\/#listItem","name":"Sociedad"}},{"@type":"ListItem","@id":"https:\/\/www.eldigitaldeasturias.com\/noticias\/category\/sociedad\/#listItem","position":2,"name":"Sociedad","item":"https:\/\/www.eldigitaldeasturias.com\/noticias\/category\/sociedad\/","nextItem":{"@type":"ListItem","@id":"https:\/\/www.eldigitaldeasturias.com\/noticias\/el-estres-infantil-afecta-a-la-salud-bucodental\/#listItem","name":"El estr\u00e9s infantil afecta a la salud bucodental"},"previousItem":{"@type":"ListItem","@id":"https:\/\/www.eldigitaldeasturias.com\/noticias#listItem","name":"Home"}},{"@type":"ListItem","@id":"https:\/\/www.eldigitaldeasturias.com\/noticias\/el-estres-infantil-afecta-a-la-salud-bucodental\/#listItem","position":3,"name":"El estr\u00e9s infantil afecta a la salud bucodental","previousItem":{"@type":"ListItem","@id":"https:\/\/www.eldigitaldeasturias.com\/noticias\/category\/sociedad\/#listItem","name":"Sociedad"}}]},{"@type":"Organization","@id":"https:\/\/www.eldigitaldeasturias.com\/noticias\/#organization","name":"El Digital de Asturias","description":"Hemeroteca","url":"https:\/\/www.eldigitaldeasturias.com\/noticias\/","email":"info@eldigitaldeasturias.com","telephone":"+34652131393","logo":{"@type":"ImageObject","url":"https:\/\/www.eldigitaldeasturias.com\/noticias\/wp-content\/uploads\/2020\/12\/EDA.jpg","@id":"https:\/\/www.eldigitaldeasturias.com\/noticias\/el-estres-infantil-afecta-a-la-salud-bucodental\/#organizationLogo","width":649,"height":297},"image":{"@id":"https:\/\/www.eldigitaldeasturias.com\/noticias\/el-estres-infantil-afecta-a-la-salud-bucodental\/#organizationLogo"},"sameAs":["https:\/\/facebook.com\/eldigitaldeasturias","https:\/\/www.youtube.com\/channel\/UCZP-2wLEB9Rv6erhFmqVnvg"],"address":{"@id":"https:\/\/www.eldigitaldeasturias.com\/noticias\/#postaladdress","@type":"PostalAddress","streetAddress":"san antonio 4,","postalCode":"33430","addressLocality":"Cand\u00e1s","addressRegion":"Asturias","addressCountry":"ES"}},{"@type":"Person","@id":"https:\/\/www.eldigitaldeasturias.com\/noticias\/author\/admin\/#author","url":"https:\/\/www.eldigitaldeasturias.com\/noticias\/author\/admin\/","name":"El Digital de Asturias","image":{"@type":"ImageObject","@id":"https:\/\/www.eldigitaldeasturias.com\/noticias\/el-estres-infantil-afecta-a-la-salud-bucodental\/#authorImage","url":"https:\/\/www.eldigitaldeasturias.com\/noticias\/wp-content\/litespeed\/avatar\/18677e78aa0546b92d9dbf31ec7d7668.jpg?ver=1777290358","width":96,"height":96,"caption":"El Digital de Asturias"}},{"@type":"WebPage","@id":"https:\/\/www.eldigitaldeasturias.com\/noticias\/el-estres-infantil-afecta-a-la-salud-bucodental\/#webpage","url":"https:\/\/www.eldigitaldeasturias.com\/noticias\/el-estres-infantil-afecta-a-la-salud-bucodental\/","name":"El estr\u00e9s infantil afecta a la salud bucodental - El Digital de Asturias","description":"El estr\u00e9s que padecen los ni\u00f1os actualmente (causado por los d\u00edas llenos de actividades o la tensi\u00f3n provocada por los horarios) afecta de forma \"alarmante\" a su salud bucodental, causando diferentes problemas, seg\u00fan ha informado a Europa Press la especialista en Ortodoncia y Ortopedia Dentofacial de la Cl\u00ednica Dental Ortofamily, la doctora Mar\u00eda Moya. El","inLanguage":"es-ES","isPartOf":{"@id":"https:\/\/www.eldigitaldeasturias.com\/noticias\/#website"},"breadcrumb":{"@id":"https:\/\/www.eldigitaldeasturias.com\/noticias\/el-estres-infantil-afecta-a-la-salud-bucodental\/#breadcrumblist"},"author":{"@id":"https:\/\/www.eldigitaldeasturias.com\/noticias\/author\/admin\/#author"},"creator":{"@id":"https:\/\/www.eldigitaldeasturias.com\/noticias\/author\/admin\/#author"},"image":{"@type":"ImageObject","url":"https:\/\/www.eldigitaldeasturias.com\/noticias\/wp-content\/uploads\/2016\/02\/fotonoticia_20160222124348_800.jpg","@id":"https:\/\/www.eldigitaldeasturias.com\/noticias\/el-estres-infantil-afecta-a-la-salud-bucodental\/#mainImage","width":800,"height":531},"primaryImageOfPage":{"@id":"https:\/\/www.eldigitaldeasturias.com\/noticias\/el-estres-infantil-afecta-a-la-salud-bucodental\/#mainImage"},"datePublished":"2016-02-23T04:18:54+01:00","dateModified":"2016-02-23T04:18:54+01:00"},{"@type":"WebSite","@id":"https:\/\/www.eldigitaldeasturias.com\/noticias\/#website","url":"https:\/\/www.eldigitaldeasturias.com\/noticias\/","name":"El Digital de Asturias - Diario de actualidad y noticias","alternateName":"El Digital de Asturias - Diario de actualidad y noticias","description":"Hemeroteca","inLanguage":"es-ES","publisher":{"@id":"https:\/\/www.eldigitaldeasturias.com\/noticias\/#organization"}}]},"og:locale":"es_ES","og:site_name":"El Digital de Asturias","og:type":"article","og:title":"El estr\u00e9s infantil afecta a la salud bucodental - El Digital de Asturias","og:description":"El estr\u00e9s que padecen los ni\u00f1os actualmente (causado por los d\u00edas llenos de actividades o la tensi\u00f3n provocada por los horarios) afecta de forma &quot;alarmante&quot; a su salud bucodental, causando diferentes problemas, seg\u00fan ha informado a Europa Press la especialista en Ortodoncia y Ortopedia Dentofacial de la Cl\u00ednica Dental Ortofamily, la doctora Mar\u00eda Moya. El","og:url":"https:\/\/www.eldigitaldeasturias.com\/noticias\/el-estres-infantil-afecta-a-la-salud-bucodental\/","og:image":"https:\/\/www.eldigitaldeasturias.com\/noticias\/wp-content\/uploads\/2016\/02\/fotonoticia_20160222124348_800.jpg","og:image:secure_url":"https:\/\/www.eldigitaldeasturias.com\/noticias\/wp-content\/uploads\/2016\/02\/fotonoticia_20160222124348_800.jpg","og:image:width":800,"og:image:height":531,"article:tag":["sociedad"],"article:published_time":"2016-02-23T04:18:54+00:00","article:modified_time":"2016-02-23T04:18:54+00:00","article:publisher":"https:\/\/facebook.com\/eldigitaldeasturias","twitter:card":"summary_large_image","twitter:title":"El estr\u00e9s infantil afecta a la salud bucodental - El Digital de Asturias","twitter:description":"El estr\u00e9s que padecen los ni\u00f1os actualmente (causado por los d\u00edas llenos de actividades o la tensi\u00f3n provocada por los horarios) afecta de forma &quot;alarmante&quot; a su salud bucodental, causando diferentes problemas, seg\u00fan ha informado a Europa Press la especialista en Ortodoncia y Ortopedia Dentofacial de la Cl\u00ednica Dental Ortofamily, la doctora Mar\u00eda Moya. El","twitter:image":"https:\/\/www.eldigitaldeasturias.com\/noticias\/wp-content\/uploads\/2016\/02\/fotonoticia_20160222124348_800.jpg","twitter:label1":"Escrito por","twitter:data1":"El Digital de Asturias","twitter:label2":"Tiempo de lectura estimado","twitter:data2":"4 minutos"},"aioseo_meta_data":{"post_id":"861037","title":null,"description":null,"keywords":null,"keyphrases":null,"primary_term":null,"canonical_url":null,"og_title":null,"og_description":null,"og_object_type":"default","og_image_type":"default","og_image_url":null,"og_image_width":null,"og_image_height":null,"og_image_custom_url":null,"og_image_custom_fields":null,"og_video":null,"og_custom_url":null,"og_article_section":null,"og_article_tags":null,"twitter_use_og":false,"twitter_card":"default","twitter_image_type":"default","twitter_image_url":null,"twitter_image_custom_url":null,"twitter_image_custom_fields":null,"twitter_title":null,"twitter_description":null,"schema":{"blockGraphs":[],"customGraphs":[],"default":{"data":{"Article":[],"Course":[],"Dataset":[],"FAQPage":[],"Movie":[],"Person":[],"Product":[],"ProductReview":[],"Car":[],"Recipe":[],"Service":[],"SoftwareApplication":[],"WebPage":[]},"graphName":"","isEnabled":true},"graphs":[],"defaultGraph":"","defaultPostTypeGraph":""},"schema_type":null,"schema_type_options":null,"pillar_content":false,"robots_default":true,"robots_noindex":false,"robots_noarchive":false,"robots_nosnippet":false,"robots_nofollow":false,"robots_noimageindex":false,"robots_noodp":false,"robots_notranslate":false,"robots_max_snippet":null,"robots_max_videopreview":null,"robots_max_imagepreview":"large","priority":null,"frequency":null,"local_seo":null,"seo_analyzer_scan_date":"2025-12-10 19:52:35","breadcrumb_settings":null,"limit_modified_date":false,"open_ai":null,"ai":null,"created":"2021-01-23 14:58:15","updated":"2025-12-10 19:52:35"},"aioseo_breadcrumb":"<div class=\"aioseo-breadcrumbs\"><span class=\"aioseo-breadcrumb\">\n\t<a href=\"https:\/\/www.eldigitaldeasturias.com\/noticias\" title=\"Home\">Home<\/a>\n<\/span><span class=\"aioseo-breadcrumb-separator\">\u2013<\/span><span class=\"aioseo-breadcrumb\">\n\t<a href=\"https:\/\/www.eldigitaldeasturias.com\/noticias\/category\/sociedad\/\" title=\"Sociedad\">Sociedad<\/a>\n<\/span><span class=\"aioseo-breadcrumb-separator\">\u2013<\/span><span class=\"aioseo-breadcrumb\">\n\t<a href=\"https:\/\/www.eldigitaldeasturias.com\/noticias\/el-estres-infantil-afecta-a-la-salud-bucodental\/\" title=\"El estr\u00e9s infantil afecta a la salud bucodental\">El estr\u00e9s infantil afecta a la salud bucodental<\/a>\n<\/span><\/div>","aioseo_breadcrumb_json":[{"label":"Home","link":"https:\/\/www.eldigitaldeasturias.com\/noticias"},{"label":"Sociedad","link":"https:\/\/www.eldigitaldeasturias.com\/noticias\/category\/sociedad\/"},{"label":"El estr\u00e9s infantil afecta a la salud bucodental","link":"https:\/\/www.eldigitaldeasturias.com\/noticias\/el-estres-infantil-afecta-a-la-salud-bucodental\/"}],"_links":{"self":[{"href":"https:\/\/www.eldigitaldeasturias.com\/noticias\/wp-json\/wp\/v2\/posts\/861037","targetHints":{"allow":["GET"]}}],"collection":[{"href":"https:\/\/www.eldigitaldeasturias.com\/noticias\/wp-json\/wp\/v2\/posts"}],"about":[{"href":"https:\/\/www.eldigitaldeasturias.com\/noticias\/wp-json\/wp\/v2\/types\/post"}],"author":[{"embeddable":true,"href":"https:\/\/www.eldigitaldeasturias.com\/noticias\/wp-json\/wp\/v2\/users\/1"}],"replies":[{"embeddable":true,"href":"https:\/\/www.eldigitaldeasturias.com\/noticias\/wp-json\/wp\/v2\/comments?post=861037"}],"version-history":[{"count":0,"href":"https:\/\/www.eldigitaldeasturias.com\/noticias\/wp-json\/wp\/v2\/posts\/861037\/revisions"}],"wp:featuredmedia":[{"embeddable":true,"href":"https:\/\/www.eldigitaldeasturias.com\/noticias\/wp-json\/wp\/v2\/media\/861038"}],"wp:attachment":[{"href":"https:\/\/www.eldigitaldeasturias.com\/noticias\/wp-json\/wp\/v2\/media?parent=861037"}],"wp:term":[{"taxonomy":"category","embeddable":true,"href":"https:\/\/www.eldigitaldeasturias.com\/noticias\/wp-json\/wp\/v2\/categories?post=861037"},{"taxonomy":"post_tag","embeddable":true,"href":"https:\/\/www.eldigitaldeasturias.com\/noticias\/wp-json\/wp\/v2\/tags?post=861037"}],"curies":[{"name":"wp","href":"https:\/\/api.w.org\/{rel}","templated":true}]}}