{"id":861022,"date":"2016-02-23T04:12:10","date_gmt":"2016-02-23T04:12:10","guid":{"rendered":"http:\/\/www.eldigitaldeasturias.com\/noticias\/?p=861022"},"modified":"2016-02-23T04:12:10","modified_gmt":"2016-02-23T04:12:10","slug":"albert-rivera-se-reune-con-el-embajador-britanico","status":"publish","type":"post","link":"https:\/\/www.eldigitaldeasturias.com\/noticias\/albert-rivera-se-reune-con-el-embajador-britanico\/","title":{"rendered":"Albert Rivera se re\u00fane con el embajador brit\u00e1nico"},"content":{"rendered":"<p><img loading=\"lazy\" decoding=\"async\" class=\"alignleft size-medium wp-image-861023\" src=\"https:\/\/www.eldigitaldeasturias.com\/noticias\/wp-content\/uploads\/2016\/02\/fotonoticia_20160222184110_800-360x269.jpg\" alt=\"fotonoticia_20160222184110_800\" width=\"360\" height=\"269\" srcset=\"https:\/\/www.eldigitaldeasturias.com\/noticias\/wp-content\/uploads\/2016\/02\/fotonoticia_20160222184110_800-360x269.jpg 360w, https:\/\/www.eldigitaldeasturias.com\/noticias\/wp-content\/uploads\/2016\/02\/fotonoticia_20160222184110_800-768x574.jpg 768w, https:\/\/www.eldigitaldeasturias.com\/noticias\/wp-content\/uploads\/2016\/02\/fotonoticia_20160222184110_800-650x486.jpg 650w, https:\/\/www.eldigitaldeasturias.com\/noticias\/wp-content\/uploads\/2016\/02\/fotonoticia_20160222184110_800-100x75.jpg 100w, https:\/\/www.eldigitaldeasturias.com\/noticias\/wp-content\/uploads\/2016\/02\/fotonoticia_20160222184110_800.jpg 800w\" sizes=\"auto, (max-width: 360px) 100vw, 360px\" \/>El presidente de Ciudadanos, Albert Rivera, y la responsable de Relaciones Institucionales del partido, Bego\u00f1a Villac\u00eds, se han reunido este lunes por la tarde con el embajador brit\u00e1nico en Espa\u00f1a, Simon Manley, solo unas horas despu\u00e9s de que Rivera criticara duramente el acuerdo que ha alcanzado la Uni\u00f3n Europea con Reino Unido para intentar que siga siendo un Estado miembro.<\/p>\n<p>Seg\u00fan fuentes de la Embajada consultadas por Europa Press, este encuentro forma parte de la ronda habitual de contactos con los l\u00edderes pol\u00edticos espa\u00f1oles, y el propio Manley ha dicho a trav\u00e9s de su perfil de Twitter que han hablado de \u00abla situaci\u00f3n pol\u00edtica espa\u00f1ola y brit\u00e1nica\u00bb.<\/p>\n<p>Por parte de Ciudadanos han explicado que la reuni\u00f3n se produjo a petici\u00f3n de la legaci\u00f3n diplom\u00e1tica para conocer la visi\u00f3n de Rivera sobre la situaci\u00f3n pol\u00edtica, mientras que a la formaci\u00f3n naranja tambi\u00e9n le interesaba dar a conocer su proyecto y las medidas de su programa.<\/p>\n<p>No es la primera vez que Rivera mantiene un encuentro con un embajador desde las elecciones generales del 20 de diciembre; el 2 de febrero se reuni\u00f3, tambi\u00e9n junto a Villac\u00eds, con el embajador de Francia, Yves Saint-Geours. Sin embargo, la cita con el representante brit\u00e1nico cobra especial relevancia por la actualidad pol\u00edtica.<\/p>\n<p>Seg\u00fan fuentes de Ciudadanos, uno de los temas que han tratado ha sido el acuerdo alcanzado el viernes pasado por los Estados miembros de la UE, que redefine el estatus de Reino Unido dentro del club comunitario a cambio de que el primer ministro brit\u00e1nico, David Cameron, haga campa\u00f1a a favor de la permanencia en la UE en un refer\u00e9ndum que se espera que convoque antes de este verano.<\/p>\n<p>\u00abBAJADA DE PANTALONES BRUTAL\u00bb DE LA UE<\/p>\n<p>Precisamente, el l\u00edder de la formaci\u00f3n naranja ha censurado este lunes, en una entrevista radiof\u00f3nica, lo que considera una \u00abbajada de pantalones brutal\u00bb de la UE ante Cameron y ha lamentado que el Gobierno espa\u00f1ol haya apoyado las cesiones a Reino Unido.<\/p>\n<p>A su juicio, con \u00abprivilegios\u00bb como los que pactaron el viernes, \u00abse est\u00e1n cargando\u00bb el proyecto europeo. Algunas de las principales concesiones a Londres son la capacidad de suspender el acceso de los inmigrantes europeos a determinados complementos salariales durante sus primeros a\u00f1os de trabajo en Reino Unido o la posibilidad de ajustar al precio de la vida en el pa\u00eds de origen las ayudas por hijo que le correspondan al trabajador si el menor no reside en Reino Unido.<\/p>\n","protected":false},"excerpt":{"rendered":"<p>El presidente de Ciudadanos, Albert Rivera, y la responsable de Relaciones Institucionales del partido, Bego\u00f1a Villac\u00eds, se han reunido este lunes por la tarde con el embajador brit\u00e1nico en Espa\u00f1a, Simon Manley, solo unas horas despu\u00e9s de que Rivera criticara duramente el acuerdo que ha alcanzado la Uni\u00f3n Europea con Reino Unido para intentar que [&hellip;]<\/p>\n","protected":false},"author":1,"featured_media":861023,"comment_status":"closed","ping_status":"closed","sticky":false,"template":"","format":"standard","meta":{"footnotes":""},"categories":[1],"tags":[],"class_list":["post-861022","post","type-post","status-publish","format-standard","has-post-thumbnail","hentry","category-actualidad"],"aioseo_notices":[],"aioseo_head":"\n\t\t<!-- All in One SEO Pro 4.9.6.2 - aioseo.com -->\n\t<meta name=\"description\" content=\"El presidente de Ciudadanos, Albert Rivera, y la responsable de Relaciones Institucionales del partido, Bego\u00f1a Villac\u00eds, se han reunido este lunes por la tarde con el embajador brit\u00e1nico en Espa\u00f1a, Simon Manley, solo unas horas despu\u00e9s de que Rivera criticara duramente el acuerdo que ha alcanzado la Uni\u00f3n Europea con Reino Unido para intentar que\" \/>\n\t<meta name=\"robots\" content=\"max-image-preview:large\" \/>\n\t<meta name=\"author\" content=\"El Digital de Asturias\"\/>\n\t<meta name=\"google-site-verification\" content=\"UA-38556648-1\" \/>\n\t<meta name=\"msvalidate.01\" content=\"7dfe9f3f1b24437ab69f4f2559babe99\" \/>\n\t<meta name=\"keywords\" content=\"actualidad\" \/>\n\t<link rel=\"canonical\" href=\"https:\/\/www.eldigitaldeasturias.com\/noticias\/albert-rivera-se-reune-con-el-embajador-britanico\/\" \/>\n\t<meta name=\"generator\" content=\"All in One SEO Pro (AIOSEO) 4.9.6.2\" \/>\n\t\t<meta property=\"og:locale\" content=\"es_ES\" \/>\n\t\t<meta property=\"og:site_name\" content=\"El Digital de Asturias\" \/>\n\t\t<meta property=\"og:type\" content=\"article\" \/>\n\t\t<meta property=\"og:title\" content=\"Albert Rivera se re\u00fane con el embajador brit\u00e1nico - El Digital de Asturias\" \/>\n\t\t<meta property=\"og:description\" content=\"El presidente de Ciudadanos, Albert Rivera, y la responsable de Relaciones Institucionales del partido, Bego\u00f1a Villac\u00eds, se han reunido este lunes por la tarde con el embajador brit\u00e1nico en Espa\u00f1a, Simon Manley, solo unas horas despu\u00e9s de que Rivera criticara duramente el acuerdo que ha alcanzado la Uni\u00f3n Europea con Reino Unido para intentar que\" \/>\n\t\t<meta property=\"og:url\" content=\"https:\/\/www.eldigitaldeasturias.com\/noticias\/albert-rivera-se-reune-con-el-embajador-britanico\/\" \/>\n\t\t<meta property=\"og:image\" content=\"https:\/\/www.eldigitaldeasturias.com\/noticias\/wp-content\/uploads\/2016\/02\/fotonoticia_20160222184110_800.jpg\" \/>\n\t\t<meta property=\"og:image:secure_url\" content=\"https:\/\/www.eldigitaldeasturias.com\/noticias\/wp-content\/uploads\/2016\/02\/fotonoticia_20160222184110_800.jpg\" \/>\n\t\t<meta property=\"og:image:width\" content=\"800\" \/>\n\t\t<meta property=\"og:image:height\" content=\"598\" \/>\n\t\t<meta property=\"article:tag\" content=\"actualidad\" \/>\n\t\t<meta property=\"article:published_time\" content=\"2016-02-23T04:12:10+00:00\" \/>\n\t\t<meta property=\"article:modified_time\" content=\"2016-02-23T04:12:10+00:00\" \/>\n\t\t<meta property=\"article:publisher\" content=\"https:\/\/facebook.com\/eldigitaldeasturias\" \/>\n\t\t<meta name=\"twitter:card\" content=\"summary_large_image\" \/>\n\t\t<meta name=\"twitter:title\" content=\"Albert Rivera se re\u00fane con el embajador brit\u00e1nico - El Digital de Asturias\" \/>\n\t\t<meta name=\"twitter:description\" content=\"El presidente de Ciudadanos, Albert Rivera, y la responsable de Relaciones Institucionales del partido, Bego\u00f1a Villac\u00eds, se han reunido este lunes por la tarde con el embajador brit\u00e1nico en Espa\u00f1a, Simon Manley, solo unas horas despu\u00e9s de que Rivera criticara duramente el acuerdo que ha alcanzado la Uni\u00f3n Europea con Reino Unido para intentar que\" \/>\n\t\t<meta name=\"twitter:image\" content=\"https:\/\/www.eldigitaldeasturias.com\/noticias\/wp-content\/uploads\/2016\/02\/fotonoticia_20160222184110_800.jpg\" \/>\n\t\t<meta name=\"twitter:label1\" content=\"Escrito por\" \/>\n\t\t<meta name=\"twitter:data1\" content=\"El Digital de Asturias\" \/>\n\t\t<meta name=\"twitter:label2\" content=\"Tiempo de lectura estimado\" \/>\n\t\t<meta name=\"twitter:data2\" content=\"2 minutos\" \/>\n\t\t<script type=\"application\/ld+json\" class=\"aioseo-schema\">\n\t\t\t{\"@context\":\"https:\\\/\\\/schema.org\",\"@graph\":[{\"@type\":\"BlogPosting\",\"@id\":\"https:\\\/\\\/www.eldigitaldeasturias.com\\\/noticias\\\/albert-rivera-se-reune-con-el-embajador-britanico\\\/#blogposting\",\"name\":\"Albert Rivera se re\\u00fane con el embajador brit\\u00e1nico - El Digital de Asturias\",\"headline\":\"Albert Rivera se re\\u00fane con el embajador brit\\u00e1nico\",\"author\":{\"@id\":\"https:\\\/\\\/www.eldigitaldeasturias.com\\\/noticias\\\/author\\\/admin\\\/#author\"},\"publisher\":{\"@id\":\"https:\\\/\\\/www.eldigitaldeasturias.com\\\/noticias\\\/#organization\"},\"image\":{\"@type\":\"ImageObject\",\"url\":\"https:\\\/\\\/www.eldigitaldeasturias.com\\\/noticias\\\/wp-content\\\/uploads\\\/2016\\\/02\\\/fotonoticia_20160222184110_800.jpg\",\"width\":800,\"height\":598},\"datePublished\":\"2016-02-23T04:12:10+01:00\",\"dateModified\":\"2016-02-23T04:12:10+01:00\",\"inLanguage\":\"es-ES\",\"mainEntityOfPage\":{\"@id\":\"https:\\\/\\\/www.eldigitaldeasturias.com\\\/noticias\\\/albert-rivera-se-reune-con-el-embajador-britanico\\\/#webpage\"},\"isPartOf\":{\"@id\":\"https:\\\/\\\/www.eldigitaldeasturias.com\\\/noticias\\\/albert-rivera-se-reune-con-el-embajador-britanico\\\/#webpage\"},\"articleSection\":\"Actualidad\"},{\"@type\":\"BreadcrumbList\",\"@id\":\"https:\\\/\\\/www.eldigitaldeasturias.com\\\/noticias\\\/albert-rivera-se-reune-con-el-embajador-britanico\\\/#breadcrumblist\",\"itemListElement\":[{\"@type\":\"ListItem\",\"@id\":\"https:\\\/\\\/www.eldigitaldeasturias.com\\\/noticias#listItem\",\"position\":1,\"name\":\"Home\",\"item\":\"https:\\\/\\\/www.eldigitaldeasturias.com\\\/noticias\",\"nextItem\":{\"@type\":\"ListItem\",\"@id\":\"https:\\\/\\\/www.eldigitaldeasturias.com\\\/noticias\\\/category\\\/actualidad\\\/#listItem\",\"name\":\"Actualidad\"}},{\"@type\":\"ListItem\",\"@id\":\"https:\\\/\\\/www.eldigitaldeasturias.com\\\/noticias\\\/category\\\/actualidad\\\/#listItem\",\"position\":2,\"name\":\"Actualidad\",\"item\":\"https:\\\/\\\/www.eldigitaldeasturias.com\\\/noticias\\\/category\\\/actualidad\\\/\",\"nextItem\":{\"@type\":\"ListItem\",\"@id\":\"https:\\\/\\\/www.eldigitaldeasturias.com\\\/noticias\\\/albert-rivera-se-reune-con-el-embajador-britanico\\\/#listItem\",\"name\":\"Albert Rivera se re\\u00fane con el embajador brit\\u00e1nico\"},\"previousItem\":{\"@type\":\"ListItem\",\"@id\":\"https:\\\/\\\/www.eldigitaldeasturias.com\\\/noticias#listItem\",\"name\":\"Home\"}},{\"@type\":\"ListItem\",\"@id\":\"https:\\\/\\\/www.eldigitaldeasturias.com\\\/noticias\\\/albert-rivera-se-reune-con-el-embajador-britanico\\\/#listItem\",\"position\":3,\"name\":\"Albert Rivera se re\\u00fane con el embajador brit\\u00e1nico\",\"previousItem\":{\"@type\":\"ListItem\",\"@id\":\"https:\\\/\\\/www.eldigitaldeasturias.com\\\/noticias\\\/category\\\/actualidad\\\/#listItem\",\"name\":\"Actualidad\"}}]},{\"@type\":\"Organization\",\"@id\":\"https:\\\/\\\/www.eldigitaldeasturias.com\\\/noticias\\\/#organization\",\"name\":\"El Digital de Asturias\",\"description\":\"Hemeroteca\",\"url\":\"https:\\\/\\\/www.eldigitaldeasturias.com\\\/noticias\\\/\",\"email\":\"info@eldigitaldeasturias.com\",\"telephone\":\"+34652131393\",\"logo\":{\"@type\":\"ImageObject\",\"url\":\"https:\\\/\\\/www.eldigitaldeasturias.com\\\/noticias\\\/wp-content\\\/uploads\\\/2020\\\/12\\\/EDA.jpg\",\"@id\":\"https:\\\/\\\/www.eldigitaldeasturias.com\\\/noticias\\\/albert-rivera-se-reune-con-el-embajador-britanico\\\/#organizationLogo\",\"width\":649,\"height\":297},\"image\":{\"@id\":\"https:\\\/\\\/www.eldigitaldeasturias.com\\\/noticias\\\/albert-rivera-se-reune-con-el-embajador-britanico\\\/#organizationLogo\"},\"sameAs\":[\"https:\\\/\\\/facebook.com\\\/eldigitaldeasturias\",\"https:\\\/\\\/www.youtube.com\\\/channel\\\/UCZP-2wLEB9Rv6erhFmqVnvg\"],\"address\":{\"@id\":\"https:\\\/\\\/www.eldigitaldeasturias.com\\\/noticias\\\/#postaladdress\",\"@type\":\"PostalAddress\",\"streetAddress\":\"san antonio 4,\",\"postalCode\":\"33430\",\"addressLocality\":\"Cand\\u00e1s\",\"addressRegion\":\"Asturias\",\"addressCountry\":\"ES\"}},{\"@type\":\"Person\",\"@id\":\"https:\\\/\\\/www.eldigitaldeasturias.com\\\/noticias\\\/author\\\/admin\\\/#author\",\"url\":\"https:\\\/\\\/www.eldigitaldeasturias.com\\\/noticias\\\/author\\\/admin\\\/\",\"name\":\"El Digital de Asturias\",\"image\":{\"@type\":\"ImageObject\",\"@id\":\"https:\\\/\\\/www.eldigitaldeasturias.com\\\/noticias\\\/albert-rivera-se-reune-con-el-embajador-britanico\\\/#authorImage\",\"url\":\"https:\\\/\\\/www.eldigitaldeasturias.com\\\/noticias\\\/wp-content\\\/litespeed\\\/avatar\\\/18677e78aa0546b92d9dbf31ec7d7668.jpg?ver=1777290358\",\"width\":96,\"height\":96,\"caption\":\"El Digital de Asturias\"}},{\"@type\":\"WebPage\",\"@id\":\"https:\\\/\\\/www.eldigitaldeasturias.com\\\/noticias\\\/albert-rivera-se-reune-con-el-embajador-britanico\\\/#webpage\",\"url\":\"https:\\\/\\\/www.eldigitaldeasturias.com\\\/noticias\\\/albert-rivera-se-reune-con-el-embajador-britanico\\\/\",\"name\":\"Albert Rivera se re\\u00fane con el embajador brit\\u00e1nico - El Digital de Asturias\",\"description\":\"El presidente de Ciudadanos, Albert Rivera, y la responsable de Relaciones Institucionales del partido, Bego\\u00f1a Villac\\u00eds, se han reunido este lunes por la tarde con el embajador brit\\u00e1nico en Espa\\u00f1a, Simon Manley, solo unas horas despu\\u00e9s de que Rivera criticara duramente el acuerdo que ha alcanzado la Uni\\u00f3n Europea con Reino Unido para intentar que\",\"inLanguage\":\"es-ES\",\"isPartOf\":{\"@id\":\"https:\\\/\\\/www.eldigitaldeasturias.com\\\/noticias\\\/#website\"},\"breadcrumb\":{\"@id\":\"https:\\\/\\\/www.eldigitaldeasturias.com\\\/noticias\\\/albert-rivera-se-reune-con-el-embajador-britanico\\\/#breadcrumblist\"},\"author\":{\"@id\":\"https:\\\/\\\/www.eldigitaldeasturias.com\\\/noticias\\\/author\\\/admin\\\/#author\"},\"creator\":{\"@id\":\"https:\\\/\\\/www.eldigitaldeasturias.com\\\/noticias\\\/author\\\/admin\\\/#author\"},\"image\":{\"@type\":\"ImageObject\",\"url\":\"https:\\\/\\\/www.eldigitaldeasturias.com\\\/noticias\\\/wp-content\\\/uploads\\\/2016\\\/02\\\/fotonoticia_20160222184110_800.jpg\",\"@id\":\"https:\\\/\\\/www.eldigitaldeasturias.com\\\/noticias\\\/albert-rivera-se-reune-con-el-embajador-britanico\\\/#mainImage\",\"width\":800,\"height\":598},\"primaryImageOfPage\":{\"@id\":\"https:\\\/\\\/www.eldigitaldeasturias.com\\\/noticias\\\/albert-rivera-se-reune-con-el-embajador-britanico\\\/#mainImage\"},\"datePublished\":\"2016-02-23T04:12:10+01:00\",\"dateModified\":\"2016-02-23T04:12:10+01:00\"},{\"@type\":\"WebSite\",\"@id\":\"https:\\\/\\\/www.eldigitaldeasturias.com\\\/noticias\\\/#website\",\"url\":\"https:\\\/\\\/www.eldigitaldeasturias.com\\\/noticias\\\/\",\"name\":\"El Digital de Asturias - Diario de actualidad y noticias\",\"alternateName\":\"El Digital de Asturias - Diario de actualidad y noticias\",\"description\":\"Hemeroteca\",\"inLanguage\":\"es-ES\",\"publisher\":{\"@id\":\"https:\\\/\\\/www.eldigitaldeasturias.com\\\/noticias\\\/#organization\"}}]}\n\t\t<\/script>\n\t\t<!-- All in One SEO Pro -->\r\n\t\t<title>Albert Rivera se re\u00fane con el embajador brit\u00e1nico - El Digital de Asturias<\/title>\n\n","aioseo_head_json":{"title":"Albert Rivera se re\u00fane con el embajador brit\u00e1nico - El Digital de Asturias","description":"El presidente de Ciudadanos, Albert Rivera, y la responsable de Relaciones Institucionales del partido, Bego\u00f1a Villac\u00eds, se han reunido este lunes por la tarde con el embajador brit\u00e1nico en Espa\u00f1a, Simon Manley, solo unas horas despu\u00e9s de que Rivera criticara duramente el acuerdo que ha alcanzado la Uni\u00f3n Europea con Reino Unido para intentar que","canonical_url":"https:\/\/www.eldigitaldeasturias.com\/noticias\/albert-rivera-se-reune-con-el-embajador-britanico\/","robots":"max-image-preview:large","keywords":"actualidad","webmasterTools":{"google-site-verification":"UA-38556648-1","msvalidate.01":"7dfe9f3f1b24437ab69f4f2559babe99","miscellaneous":""},"schema":{"@context":"https:\/\/schema.org","@graph":[{"@type":"BlogPosting","@id":"https:\/\/www.eldigitaldeasturias.com\/noticias\/albert-rivera-se-reune-con-el-embajador-britanico\/#blogposting","name":"Albert Rivera se re\u00fane con el embajador brit\u00e1nico - El Digital de Asturias","headline":"Albert Rivera se re\u00fane con el embajador brit\u00e1nico","author":{"@id":"https:\/\/www.eldigitaldeasturias.com\/noticias\/author\/admin\/#author"},"publisher":{"@id":"https:\/\/www.eldigitaldeasturias.com\/noticias\/#organization"},"image":{"@type":"ImageObject","url":"https:\/\/www.eldigitaldeasturias.com\/noticias\/wp-content\/uploads\/2016\/02\/fotonoticia_20160222184110_800.jpg","width":800,"height":598},"datePublished":"2016-02-23T04:12:10+01:00","dateModified":"2016-02-23T04:12:10+01:00","inLanguage":"es-ES","mainEntityOfPage":{"@id":"https:\/\/www.eldigitaldeasturias.com\/noticias\/albert-rivera-se-reune-con-el-embajador-britanico\/#webpage"},"isPartOf":{"@id":"https:\/\/www.eldigitaldeasturias.com\/noticias\/albert-rivera-se-reune-con-el-embajador-britanico\/#webpage"},"articleSection":"Actualidad"},{"@type":"BreadcrumbList","@id":"https:\/\/www.eldigitaldeasturias.com\/noticias\/albert-rivera-se-reune-con-el-embajador-britanico\/#breadcrumblist","itemListElement":[{"@type":"ListItem","@id":"https:\/\/www.eldigitaldeasturias.com\/noticias#listItem","position":1,"name":"Home","item":"https:\/\/www.eldigitaldeasturias.com\/noticias","nextItem":{"@type":"ListItem","@id":"https:\/\/www.eldigitaldeasturias.com\/noticias\/category\/actualidad\/#listItem","name":"Actualidad"}},{"@type":"ListItem","@id":"https:\/\/www.eldigitaldeasturias.com\/noticias\/category\/actualidad\/#listItem","position":2,"name":"Actualidad","item":"https:\/\/www.eldigitaldeasturias.com\/noticias\/category\/actualidad\/","nextItem":{"@type":"ListItem","@id":"https:\/\/www.eldigitaldeasturias.com\/noticias\/albert-rivera-se-reune-con-el-embajador-britanico\/#listItem","name":"Albert Rivera se re\u00fane con el embajador brit\u00e1nico"},"previousItem":{"@type":"ListItem","@id":"https:\/\/www.eldigitaldeasturias.com\/noticias#listItem","name":"Home"}},{"@type":"ListItem","@id":"https:\/\/www.eldigitaldeasturias.com\/noticias\/albert-rivera-se-reune-con-el-embajador-britanico\/#listItem","position":3,"name":"Albert Rivera se re\u00fane con el embajador brit\u00e1nico","previousItem":{"@type":"ListItem","@id":"https:\/\/www.eldigitaldeasturias.com\/noticias\/category\/actualidad\/#listItem","name":"Actualidad"}}]},{"@type":"Organization","@id":"https:\/\/www.eldigitaldeasturias.com\/noticias\/#organization","name":"El Digital de Asturias","description":"Hemeroteca","url":"https:\/\/www.eldigitaldeasturias.com\/noticias\/","email":"info@eldigitaldeasturias.com","telephone":"+34652131393","logo":{"@type":"ImageObject","url":"https:\/\/www.eldigitaldeasturias.com\/noticias\/wp-content\/uploads\/2020\/12\/EDA.jpg","@id":"https:\/\/www.eldigitaldeasturias.com\/noticias\/albert-rivera-se-reune-con-el-embajador-britanico\/#organizationLogo","width":649,"height":297},"image":{"@id":"https:\/\/www.eldigitaldeasturias.com\/noticias\/albert-rivera-se-reune-con-el-embajador-britanico\/#organizationLogo"},"sameAs":["https:\/\/facebook.com\/eldigitaldeasturias","https:\/\/www.youtube.com\/channel\/UCZP-2wLEB9Rv6erhFmqVnvg"],"address":{"@id":"https:\/\/www.eldigitaldeasturias.com\/noticias\/#postaladdress","@type":"PostalAddress","streetAddress":"san antonio 4,","postalCode":"33430","addressLocality":"Cand\u00e1s","addressRegion":"Asturias","addressCountry":"ES"}},{"@type":"Person","@id":"https:\/\/www.eldigitaldeasturias.com\/noticias\/author\/admin\/#author","url":"https:\/\/www.eldigitaldeasturias.com\/noticias\/author\/admin\/","name":"El Digital de Asturias","image":{"@type":"ImageObject","@id":"https:\/\/www.eldigitaldeasturias.com\/noticias\/albert-rivera-se-reune-con-el-embajador-britanico\/#authorImage","url":"https:\/\/www.eldigitaldeasturias.com\/noticias\/wp-content\/litespeed\/avatar\/18677e78aa0546b92d9dbf31ec7d7668.jpg?ver=1777290358","width":96,"height":96,"caption":"El Digital de Asturias"}},{"@type":"WebPage","@id":"https:\/\/www.eldigitaldeasturias.com\/noticias\/albert-rivera-se-reune-con-el-embajador-britanico\/#webpage","url":"https:\/\/www.eldigitaldeasturias.com\/noticias\/albert-rivera-se-reune-con-el-embajador-britanico\/","name":"Albert Rivera se re\u00fane con el embajador brit\u00e1nico - El Digital de Asturias","description":"El presidente de Ciudadanos, Albert Rivera, y la responsable de Relaciones Institucionales del partido, Bego\u00f1a Villac\u00eds, se han reunido este lunes por la tarde con el embajador brit\u00e1nico en Espa\u00f1a, Simon Manley, solo unas horas despu\u00e9s de que Rivera criticara duramente el acuerdo que ha alcanzado la Uni\u00f3n Europea con Reino Unido para intentar que","inLanguage":"es-ES","isPartOf":{"@id":"https:\/\/www.eldigitaldeasturias.com\/noticias\/#website"},"breadcrumb":{"@id":"https:\/\/www.eldigitaldeasturias.com\/noticias\/albert-rivera-se-reune-con-el-embajador-britanico\/#breadcrumblist"},"author":{"@id":"https:\/\/www.eldigitaldeasturias.com\/noticias\/author\/admin\/#author"},"creator":{"@id":"https:\/\/www.eldigitaldeasturias.com\/noticias\/author\/admin\/#author"},"image":{"@type":"ImageObject","url":"https:\/\/www.eldigitaldeasturias.com\/noticias\/wp-content\/uploads\/2016\/02\/fotonoticia_20160222184110_800.jpg","@id":"https:\/\/www.eldigitaldeasturias.com\/noticias\/albert-rivera-se-reune-con-el-embajador-britanico\/#mainImage","width":800,"height":598},"primaryImageOfPage":{"@id":"https:\/\/www.eldigitaldeasturias.com\/noticias\/albert-rivera-se-reune-con-el-embajador-britanico\/#mainImage"},"datePublished":"2016-02-23T04:12:10+01:00","dateModified":"2016-02-23T04:12:10+01:00"},{"@type":"WebSite","@id":"https:\/\/www.eldigitaldeasturias.com\/noticias\/#website","url":"https:\/\/www.eldigitaldeasturias.com\/noticias\/","name":"El Digital de Asturias - Diario de actualidad y noticias","alternateName":"El Digital de Asturias - Diario de actualidad y noticias","description":"Hemeroteca","inLanguage":"es-ES","publisher":{"@id":"https:\/\/www.eldigitaldeasturias.com\/noticias\/#organization"}}]},"og:locale":"es_ES","og:site_name":"El Digital de Asturias","og:type":"article","og:title":"Albert Rivera se re\u00fane con el embajador brit\u00e1nico - El Digital de Asturias","og:description":"El presidente de Ciudadanos, Albert Rivera, y la responsable de Relaciones Institucionales del partido, Bego\u00f1a Villac\u00eds, se han reunido este lunes por la tarde con el embajador brit\u00e1nico en Espa\u00f1a, Simon Manley, solo unas horas despu\u00e9s de que Rivera criticara duramente el acuerdo que ha alcanzado la Uni\u00f3n Europea con Reino Unido para intentar que","og:url":"https:\/\/www.eldigitaldeasturias.com\/noticias\/albert-rivera-se-reune-con-el-embajador-britanico\/","og:image":"https:\/\/www.eldigitaldeasturias.com\/noticias\/wp-content\/uploads\/2016\/02\/fotonoticia_20160222184110_800.jpg","og:image:secure_url":"https:\/\/www.eldigitaldeasturias.com\/noticias\/wp-content\/uploads\/2016\/02\/fotonoticia_20160222184110_800.jpg","og:image:width":800,"og:image:height":598,"article:tag":["actualidad"],"article:published_time":"2016-02-23T04:12:10+00:00","article:modified_time":"2016-02-23T04:12:10+00:00","article:publisher":"https:\/\/facebook.com\/eldigitaldeasturias","twitter:card":"summary_large_image","twitter:title":"Albert Rivera se re\u00fane con el embajador brit\u00e1nico - El Digital de Asturias","twitter:description":"El presidente de Ciudadanos, Albert Rivera, y la responsable de Relaciones Institucionales del partido, Bego\u00f1a Villac\u00eds, se han reunido este lunes por la tarde con el embajador brit\u00e1nico en Espa\u00f1a, Simon Manley, solo unas horas despu\u00e9s de que Rivera criticara duramente el acuerdo que ha alcanzado la Uni\u00f3n Europea con Reino Unido para intentar que","twitter:image":"https:\/\/www.eldigitaldeasturias.com\/noticias\/wp-content\/uploads\/2016\/02\/fotonoticia_20160222184110_800.jpg","twitter:label1":"Escrito por","twitter:data1":"El Digital de Asturias","twitter:label2":"Tiempo de lectura estimado","twitter:data2":"2 minutos"},"aioseo_meta_data":{"post_id":"861022","title":null,"description":null,"keywords":null,"keyphrases":null,"primary_term":null,"canonical_url":null,"og_title":null,"og_description":null,"og_object_type":"default","og_image_type":"default","og_image_url":null,"og_image_width":null,"og_image_height":null,"og_image_custom_url":null,"og_image_custom_fields":null,"og_video":null,"og_custom_url":null,"og_article_section":null,"og_article_tags":null,"twitter_use_og":false,"twitter_card":"default","twitter_image_type":"default","twitter_image_url":null,"twitter_image_custom_url":null,"twitter_image_custom_fields":null,"twitter_title":null,"twitter_description":null,"schema":{"blockGraphs":[],"customGraphs":[],"default":{"data":{"Article":[],"Course":[],"Dataset":[],"FAQPage":[],"Movie":[],"Person":[],"Product":[],"ProductReview":[],"Car":[],"Recipe":[],"Service":[],"SoftwareApplication":[],"WebPage":[]},"graphName":"","isEnabled":true},"graphs":[],"defaultGraph":"","defaultPostTypeGraph":""},"schema_type":null,"schema_type_options":null,"pillar_content":false,"robots_default":true,"robots_noindex":false,"robots_noarchive":false,"robots_nosnippet":false,"robots_nofollow":false,"robots_noimageindex":false,"robots_noodp":false,"robots_notranslate":false,"robots_max_snippet":null,"robots_max_videopreview":null,"robots_max_imagepreview":"large","priority":null,"frequency":null,"local_seo":null,"seo_analyzer_scan_date":"2025-12-10 19:50:10","breadcrumb_settings":null,"limit_modified_date":false,"open_ai":null,"ai":null,"created":"2021-01-23 12:23:16","updated":"2025-12-10 19:50:10"},"aioseo_breadcrumb":"<div class=\"aioseo-breadcrumbs\"><span class=\"aioseo-breadcrumb\">\n\t<a href=\"https:\/\/www.eldigitaldeasturias.com\/noticias\" title=\"Home\">Home<\/a>\n<\/span><span class=\"aioseo-breadcrumb-separator\">\u2013<\/span><span class=\"aioseo-breadcrumb\">\n\t<a href=\"https:\/\/www.eldigitaldeasturias.com\/noticias\/category\/actualidad\/\" title=\"Actualidad\">Actualidad<\/a>\n<\/span><span class=\"aioseo-breadcrumb-separator\">\u2013<\/span><span class=\"aioseo-breadcrumb\">\n\t<a href=\"https:\/\/www.eldigitaldeasturias.com\/noticias\/albert-rivera-se-reune-con-el-embajador-britanico\/\" title=\"Albert Rivera se re\u00fane con el embajador brit\u00e1nico\">Albert Rivera se re\u00fane con el embajador brit\u00e1nico<\/a>\n<\/span><\/div>","aioseo_breadcrumb_json":[{"label":"Home","link":"https:\/\/www.eldigitaldeasturias.com\/noticias"},{"label":"Actualidad","link":"https:\/\/www.eldigitaldeasturias.com\/noticias\/category\/actualidad\/"},{"label":"Albert Rivera se re\u00fane con el embajador brit\u00e1nico","link":"https:\/\/www.eldigitaldeasturias.com\/noticias\/albert-rivera-se-reune-con-el-embajador-britanico\/"}],"_links":{"self":[{"href":"https:\/\/www.eldigitaldeasturias.com\/noticias\/wp-json\/wp\/v2\/posts\/861022","targetHints":{"allow":["GET"]}}],"collection":[{"href":"https:\/\/www.eldigitaldeasturias.com\/noticias\/wp-json\/wp\/v2\/posts"}],"about":[{"href":"https:\/\/www.eldigitaldeasturias.com\/noticias\/wp-json\/wp\/v2\/types\/post"}],"author":[{"embeddable":true,"href":"https:\/\/www.eldigitaldeasturias.com\/noticias\/wp-json\/wp\/v2\/users\/1"}],"replies":[{"embeddable":true,"href":"https:\/\/www.eldigitaldeasturias.com\/noticias\/wp-json\/wp\/v2\/comments?post=861022"}],"version-history":[{"count":0,"href":"https:\/\/www.eldigitaldeasturias.com\/noticias\/wp-json\/wp\/v2\/posts\/861022\/revisions"}],"wp:featuredmedia":[{"embeddable":true,"href":"https:\/\/www.eldigitaldeasturias.com\/noticias\/wp-json\/wp\/v2\/media\/861023"}],"wp:attachment":[{"href":"https:\/\/www.eldigitaldeasturias.com\/noticias\/wp-json\/wp\/v2\/media?parent=861022"}],"wp:term":[{"taxonomy":"category","embeddable":true,"href":"https:\/\/www.eldigitaldeasturias.com\/noticias\/wp-json\/wp\/v2\/categories?post=861022"},{"taxonomy":"post_tag","embeddable":true,"href":"https:\/\/www.eldigitaldeasturias.com\/noticias\/wp-json\/wp\/v2\/tags?post=861022"}],"curies":[{"name":"wp","href":"https:\/\/api.w.org\/{rel}","templated":true}]}}