{"id":861019,"date":"2016-02-23T04:10:36","date_gmt":"2016-02-23T04:10:36","guid":{"rendered":"http:\/\/www.eldigitaldeasturias.com\/noticias\/?p=861019"},"modified":"2016-02-23T04:10:36","modified_gmt":"2016-02-23T04:10:36","slug":"la-secretaria-de-rato-tuvo-una-discusion-importante-con-el-tras-negarse-a-firmar-unos-papeles","status":"publish","type":"post","link":"https:\/\/www.eldigitaldeasturias.com\/noticias\/la-secretaria-de-rato-tuvo-una-discusion-importante-con-el-tras-negarse-a-firmar-unos-papeles\/","title":{"rendered":"La secretaria de Rato tuvo \u00abuna discusi\u00f3n importante\u00bb con \u00e9l tras negarse a firmar unos papeles"},"content":{"rendered":"<p><img loading=\"lazy\" decoding=\"async\" class=\"alignleft size-medium wp-image-861020\" src=\"https:\/\/www.eldigitaldeasturias.com\/noticias\/wp-content\/uploads\/2016\/02\/fotonoticia_20160222163140_800-360x240.jpg\" alt=\"fotonoticia_20160222163140_800\" width=\"360\" height=\"240\" srcset=\"https:\/\/www.eldigitaldeasturias.com\/noticias\/wp-content\/uploads\/2016\/02\/fotonoticia_20160222163140_800-360x240.jpg 360w, https:\/\/www.eldigitaldeasturias.com\/noticias\/wp-content\/uploads\/2016\/02\/fotonoticia_20160222163140_800-768x513.jpg 768w, https:\/\/www.eldigitaldeasturias.com\/noticias\/wp-content\/uploads\/2016\/02\/fotonoticia_20160222163140_800-650x434.jpg 650w, https:\/\/www.eldigitaldeasturias.com\/noticias\/wp-content\/uploads\/2016\/02\/fotonoticia_20160222163140_800-84x55.jpg 84w, https:\/\/www.eldigitaldeasturias.com\/noticias\/wp-content\/uploads\/2016\/02\/fotonoticia_20160222163140_800-49x32.jpg 49w, https:\/\/www.eldigitaldeasturias.com\/noticias\/wp-content\/uploads\/2016\/02\/fotonoticia_20160222163140_800.jpg 800w\" sizes=\"auto, (max-width: 360px) 100vw, 360px\" \/>La secretaria del exvicepresidente del Gobierno Rodrigo Rato, que le ha acompa\u00f1ado en sus distintas funciones a lo largo de m\u00e1s de 30 a\u00f1os, confes\u00f3 a la Guardia Civil que tuvo una \u00abdiscusi\u00f3n importante\u00bb con su jefe en abril del pasado a\u00f1o, un d\u00eda despu\u00e9s de su detenci\u00f3n y el registro de sus propiedades porque se neg\u00f3 a firmar unos documentos que \u00e9ste le present\u00f3.<\/p>\n<p>Seg\u00fan desvela el acta de la declaraci\u00f3n prestada en las dependencias del Instituto Armado en Tres Cantos (Madrid) el pasado 1 de octubre, a la que ha tenido acceso Europa Press, Teresa Arellano asegur\u00f3 que conserva esos papeles en los que Rato quiso sin \u00e9xito que estampara su firma y que est\u00e1n relacionados con la empresa Kradonara, centro de la trama societaria con la que los investigadores relacionan al expresidente del FMI.<\/p>\n<p>Arellano explic\u00f3 que fue nombrada administradora de Kradonara, pese a su oposici\u00f3n inicial, en diciembre de 2014, despu\u00e9s de que el anterior encargado cesara en sus funciones. A pesar de que ella no quer\u00eda, se encontr\u00f3 con que su jefe la citaba en una notar\u00eda para formalizar la escritura del nombramiento. \u00abEn aquel momento me sent\u00ed presionada y firm\u00e9\u00bb, dijo.<\/p>\n<p>No obstante, la secretaria aclar\u00f3 a los agentes que nunca ha firmado nada relativo a esta empresa. Concret\u00f3 que s\u00f3lo un mes antes de la operaci\u00f3n, en marzo del pasado a\u00f1o, acudi\u00f3 al banco Santander en sus funciones de administradora y \u00able exhibieron un documento relacionado con blanqueo de capitales\u00bb.<\/p>\n<p>No quiso que su firma figurara en ese papel por lo que tuvo que ser Rato el que se ocupara de hacerlo, dijo. Tambi\u00e9n dej\u00f3 claro que \u00aben todas las actividades que ella ha realizado\u00bb, desde que comenzara a trabajar con Rato en 1983 en Alianza Popular, \u00absu funci\u00f3n ha sido transmitir las directrices de Rato\u00bb.<\/p>\n<p>Adem\u00e1s, neg\u00f3 ser \u00abla persona de confianza de Rato en el tema de los negocios\u00bb, papel que otorg\u00f3 a otro de los imputados en la causa que investiga las irregularidades en su patrimonio, Miguel \u00c1ngel Montero, que lleva &#8211;dijo&#8211; \u00abtodas las empresas de toda la vida\u00bb.<\/p>\n","protected":false},"excerpt":{"rendered":"<p>La secretaria del exvicepresidente del Gobierno Rodrigo Rato, que le ha acompa\u00f1ado en sus distintas funciones a lo largo de m\u00e1s de 30 a\u00f1os, confes\u00f3 a la Guardia Civil que tuvo una \u00abdiscusi\u00f3n importante\u00bb con su jefe en abril del pasado a\u00f1o, un d\u00eda despu\u00e9s de su detenci\u00f3n y el registro de sus propiedades porque [&hellip;]<\/p>\n","protected":false},"author":1,"featured_media":861020,"comment_status":"closed","ping_status":"closed","sticky":false,"template":"","format":"standard","meta":{"footnotes":""},"categories":[5],"tags":[],"class_list":["post-861019","post","type-post","status-publish","format-standard","has-post-thumbnail","hentry","category-sucesos"],"aioseo_notices":[],"aioseo_head":"\n\t\t<!-- All in One SEO Pro 4.9.6.2 - aioseo.com -->\n\t<meta name=\"description\" content=\"La secretaria del exvicepresidente del Gobierno Rodrigo Rato, que le ha acompa\u00f1ado en sus distintas funciones a lo largo de m\u00e1s de 30 a\u00f1os, confes\u00f3 a la Guardia Civil que tuvo una &quot;discusi\u00f3n importante&quot; con su jefe en abril del pasado a\u00f1o, un d\u00eda despu\u00e9s de su detenci\u00f3n y el registro de sus propiedades porque\" \/>\n\t<meta name=\"robots\" content=\"max-image-preview:large\" \/>\n\t<meta name=\"author\" content=\"El Digital de Asturias\"\/>\n\t<meta name=\"google-site-verification\" content=\"UA-38556648-1\" \/>\n\t<meta name=\"msvalidate.01\" content=\"7dfe9f3f1b24437ab69f4f2559babe99\" \/>\n\t<meta name=\"keywords\" content=\"sucesos\" \/>\n\t<link rel=\"canonical\" href=\"https:\/\/www.eldigitaldeasturias.com\/noticias\/la-secretaria-de-rato-tuvo-una-discusion-importante-con-el-tras-negarse-a-firmar-unos-papeles\/\" \/>\n\t<meta name=\"generator\" content=\"All in One SEO Pro (AIOSEO) 4.9.6.2\" \/>\n\t\t<meta property=\"og:locale\" content=\"es_ES\" \/>\n\t\t<meta property=\"og:site_name\" content=\"El Digital de Asturias\" \/>\n\t\t<meta property=\"og:type\" content=\"article\" \/>\n\t\t<meta property=\"og:title\" content=\"La secretaria de Rato tuvo \u00abuna discusi\u00f3n importante\u00bb con \u00e9l tras negarse a firmar unos papeles - El Digital de Asturias\" \/>\n\t\t<meta property=\"og:description\" content=\"La secretaria del exvicepresidente del Gobierno Rodrigo Rato, que le ha acompa\u00f1ado en sus distintas funciones a lo largo de m\u00e1s de 30 a\u00f1os, confes\u00f3 a la Guardia Civil que tuvo una &quot;discusi\u00f3n importante&quot; con su jefe en abril del pasado a\u00f1o, un d\u00eda despu\u00e9s de su detenci\u00f3n y el registro de sus propiedades porque\" \/>\n\t\t<meta property=\"og:url\" content=\"https:\/\/www.eldigitaldeasturias.com\/noticias\/la-secretaria-de-rato-tuvo-una-discusion-importante-con-el-tras-negarse-a-firmar-unos-papeles\/\" \/>\n\t\t<meta property=\"og:image\" content=\"https:\/\/www.eldigitaldeasturias.com\/noticias\/wp-content\/uploads\/2016\/02\/fotonoticia_20160222163140_800.jpg\" \/>\n\t\t<meta property=\"og:image:secure_url\" content=\"https:\/\/www.eldigitaldeasturias.com\/noticias\/wp-content\/uploads\/2016\/02\/fotonoticia_20160222163140_800.jpg\" \/>\n\t\t<meta property=\"og:image:width\" content=\"800\" \/>\n\t\t<meta property=\"og:image:height\" content=\"534\" \/>\n\t\t<meta property=\"article:tag\" content=\"sucesos\" \/>\n\t\t<meta property=\"article:published_time\" content=\"2016-02-23T04:10:36+00:00\" \/>\n\t\t<meta property=\"article:modified_time\" content=\"2016-02-23T04:10:36+00:00\" \/>\n\t\t<meta property=\"article:publisher\" content=\"https:\/\/facebook.com\/eldigitaldeasturias\" \/>\n\t\t<meta name=\"twitter:card\" content=\"summary_large_image\" \/>\n\t\t<meta name=\"twitter:title\" content=\"La secretaria de Rato tuvo \u00abuna discusi\u00f3n importante\u00bb con \u00e9l tras negarse a firmar unos papeles - El Digital de Asturias\" \/>\n\t\t<meta name=\"twitter:description\" content=\"La secretaria del exvicepresidente del Gobierno Rodrigo Rato, que le ha acompa\u00f1ado en sus distintas funciones a lo largo de m\u00e1s de 30 a\u00f1os, confes\u00f3 a la Guardia Civil que tuvo una &quot;discusi\u00f3n importante&quot; con su jefe en abril del pasado a\u00f1o, un d\u00eda despu\u00e9s de su detenci\u00f3n y el registro de sus propiedades porque\" \/>\n\t\t<meta name=\"twitter:image\" content=\"https:\/\/www.eldigitaldeasturias.com\/noticias\/wp-content\/uploads\/2016\/02\/fotonoticia_20160222163140_800.jpg\" \/>\n\t\t<meta name=\"twitter:label1\" content=\"Escrito por\" \/>\n\t\t<meta name=\"twitter:data1\" content=\"El Digital de Asturias\" \/>\n\t\t<meta name=\"twitter:label2\" content=\"Tiempo de lectura estimado\" \/>\n\t\t<meta name=\"twitter:data2\" content=\"2 minutos\" \/>\n\t\t<script type=\"application\/ld+json\" class=\"aioseo-schema\">\n\t\t\t{\"@context\":\"https:\\\/\\\/schema.org\",\"@graph\":[{\"@type\":\"BlogPosting\",\"@id\":\"https:\\\/\\\/www.eldigitaldeasturias.com\\\/noticias\\\/la-secretaria-de-rato-tuvo-una-discusion-importante-con-el-tras-negarse-a-firmar-unos-papeles\\\/#blogposting\",\"name\":\"La secretaria de Rato tuvo \\u00abuna discusi\\u00f3n importante\\u00bb con \\u00e9l tras negarse a firmar unos papeles - El Digital de Asturias\",\"headline\":\"La secretaria de Rato tuvo \\u00abuna discusi\\u00f3n importante\\u00bb con \\u00e9l tras negarse a firmar unos papeles\",\"author\":{\"@id\":\"https:\\\/\\\/www.eldigitaldeasturias.com\\\/noticias\\\/author\\\/admin\\\/#author\"},\"publisher\":{\"@id\":\"https:\\\/\\\/www.eldigitaldeasturias.com\\\/noticias\\\/#organization\"},\"image\":{\"@type\":\"ImageObject\",\"url\":\"https:\\\/\\\/www.eldigitaldeasturias.com\\\/noticias\\\/wp-content\\\/uploads\\\/2016\\\/02\\\/fotonoticia_20160222163140_800.jpg\",\"width\":800,\"height\":534},\"datePublished\":\"2016-02-23T04:10:36+01:00\",\"dateModified\":\"2016-02-23T04:10:36+01:00\",\"inLanguage\":\"es-ES\",\"mainEntityOfPage\":{\"@id\":\"https:\\\/\\\/www.eldigitaldeasturias.com\\\/noticias\\\/la-secretaria-de-rato-tuvo-una-discusion-importante-con-el-tras-negarse-a-firmar-unos-papeles\\\/#webpage\"},\"isPartOf\":{\"@id\":\"https:\\\/\\\/www.eldigitaldeasturias.com\\\/noticias\\\/la-secretaria-de-rato-tuvo-una-discusion-importante-con-el-tras-negarse-a-firmar-unos-papeles\\\/#webpage\"},\"articleSection\":\"Sucesos\"},{\"@type\":\"BreadcrumbList\",\"@id\":\"https:\\\/\\\/www.eldigitaldeasturias.com\\\/noticias\\\/la-secretaria-de-rato-tuvo-una-discusion-importante-con-el-tras-negarse-a-firmar-unos-papeles\\\/#breadcrumblist\",\"itemListElement\":[{\"@type\":\"ListItem\",\"@id\":\"https:\\\/\\\/www.eldigitaldeasturias.com\\\/noticias#listItem\",\"position\":1,\"name\":\"Home\",\"item\":\"https:\\\/\\\/www.eldigitaldeasturias.com\\\/noticias\",\"nextItem\":{\"@type\":\"ListItem\",\"@id\":\"https:\\\/\\\/www.eldigitaldeasturias.com\\\/noticias\\\/category\\\/sucesos\\\/#listItem\",\"name\":\"Sucesos\"}},{\"@type\":\"ListItem\",\"@id\":\"https:\\\/\\\/www.eldigitaldeasturias.com\\\/noticias\\\/category\\\/sucesos\\\/#listItem\",\"position\":2,\"name\":\"Sucesos\",\"item\":\"https:\\\/\\\/www.eldigitaldeasturias.com\\\/noticias\\\/category\\\/sucesos\\\/\",\"nextItem\":{\"@type\":\"ListItem\",\"@id\":\"https:\\\/\\\/www.eldigitaldeasturias.com\\\/noticias\\\/la-secretaria-de-rato-tuvo-una-discusion-importante-con-el-tras-negarse-a-firmar-unos-papeles\\\/#listItem\",\"name\":\"La secretaria de Rato tuvo \\u00abuna discusi\\u00f3n importante\\u00bb con \\u00e9l tras negarse a firmar unos papeles\"},\"previousItem\":{\"@type\":\"ListItem\",\"@id\":\"https:\\\/\\\/www.eldigitaldeasturias.com\\\/noticias#listItem\",\"name\":\"Home\"}},{\"@type\":\"ListItem\",\"@id\":\"https:\\\/\\\/www.eldigitaldeasturias.com\\\/noticias\\\/la-secretaria-de-rato-tuvo-una-discusion-importante-con-el-tras-negarse-a-firmar-unos-papeles\\\/#listItem\",\"position\":3,\"name\":\"La secretaria de Rato tuvo \\u00abuna discusi\\u00f3n importante\\u00bb con \\u00e9l tras negarse a firmar unos papeles\",\"previousItem\":{\"@type\":\"ListItem\",\"@id\":\"https:\\\/\\\/www.eldigitaldeasturias.com\\\/noticias\\\/category\\\/sucesos\\\/#listItem\",\"name\":\"Sucesos\"}}]},{\"@type\":\"Organization\",\"@id\":\"https:\\\/\\\/www.eldigitaldeasturias.com\\\/noticias\\\/#organization\",\"name\":\"El Digital de Asturias\",\"description\":\"Hemeroteca\",\"url\":\"https:\\\/\\\/www.eldigitaldeasturias.com\\\/noticias\\\/\",\"email\":\"info@eldigitaldeasturias.com\",\"telephone\":\"+34652131393\",\"logo\":{\"@type\":\"ImageObject\",\"url\":\"https:\\\/\\\/www.eldigitaldeasturias.com\\\/noticias\\\/wp-content\\\/uploads\\\/2020\\\/12\\\/EDA.jpg\",\"@id\":\"https:\\\/\\\/www.eldigitaldeasturias.com\\\/noticias\\\/la-secretaria-de-rato-tuvo-una-discusion-importante-con-el-tras-negarse-a-firmar-unos-papeles\\\/#organizationLogo\",\"width\":649,\"height\":297},\"image\":{\"@id\":\"https:\\\/\\\/www.eldigitaldeasturias.com\\\/noticias\\\/la-secretaria-de-rato-tuvo-una-discusion-importante-con-el-tras-negarse-a-firmar-unos-papeles\\\/#organizationLogo\"},\"sameAs\":[\"https:\\\/\\\/facebook.com\\\/eldigitaldeasturias\",\"https:\\\/\\\/www.youtube.com\\\/channel\\\/UCZP-2wLEB9Rv6erhFmqVnvg\"],\"address\":{\"@id\":\"https:\\\/\\\/www.eldigitaldeasturias.com\\\/noticias\\\/#postaladdress\",\"@type\":\"PostalAddress\",\"streetAddress\":\"san antonio 4,\",\"postalCode\":\"33430\",\"addressLocality\":\"Cand\\u00e1s\",\"addressRegion\":\"Asturias\",\"addressCountry\":\"ES\"}},{\"@type\":\"Person\",\"@id\":\"https:\\\/\\\/www.eldigitaldeasturias.com\\\/noticias\\\/author\\\/admin\\\/#author\",\"url\":\"https:\\\/\\\/www.eldigitaldeasturias.com\\\/noticias\\\/author\\\/admin\\\/\",\"name\":\"El Digital de Asturias\",\"image\":{\"@type\":\"ImageObject\",\"@id\":\"https:\\\/\\\/www.eldigitaldeasturias.com\\\/noticias\\\/la-secretaria-de-rato-tuvo-una-discusion-importante-con-el-tras-negarse-a-firmar-unos-papeles\\\/#authorImage\",\"url\":\"https:\\\/\\\/www.eldigitaldeasturias.com\\\/noticias\\\/wp-content\\\/litespeed\\\/avatar\\\/18677e78aa0546b92d9dbf31ec7d7668.jpg?ver=1777290358\",\"width\":96,\"height\":96,\"caption\":\"El Digital de Asturias\"}},{\"@type\":\"WebPage\",\"@id\":\"https:\\\/\\\/www.eldigitaldeasturias.com\\\/noticias\\\/la-secretaria-de-rato-tuvo-una-discusion-importante-con-el-tras-negarse-a-firmar-unos-papeles\\\/#webpage\",\"url\":\"https:\\\/\\\/www.eldigitaldeasturias.com\\\/noticias\\\/la-secretaria-de-rato-tuvo-una-discusion-importante-con-el-tras-negarse-a-firmar-unos-papeles\\\/\",\"name\":\"La secretaria de Rato tuvo \\u00abuna discusi\\u00f3n importante\\u00bb con \\u00e9l tras negarse a firmar unos papeles - El Digital de Asturias\",\"description\":\"La secretaria del exvicepresidente del Gobierno Rodrigo Rato, que le ha acompa\\u00f1ado en sus distintas funciones a lo largo de m\\u00e1s de 30 a\\u00f1os, confes\\u00f3 a la Guardia Civil que tuvo una \\\"discusi\\u00f3n importante\\\" con su jefe en abril del pasado a\\u00f1o, un d\\u00eda despu\\u00e9s de su detenci\\u00f3n y el registro de sus propiedades porque\",\"inLanguage\":\"es-ES\",\"isPartOf\":{\"@id\":\"https:\\\/\\\/www.eldigitaldeasturias.com\\\/noticias\\\/#website\"},\"breadcrumb\":{\"@id\":\"https:\\\/\\\/www.eldigitaldeasturias.com\\\/noticias\\\/la-secretaria-de-rato-tuvo-una-discusion-importante-con-el-tras-negarse-a-firmar-unos-papeles\\\/#breadcrumblist\"},\"author\":{\"@id\":\"https:\\\/\\\/www.eldigitaldeasturias.com\\\/noticias\\\/author\\\/admin\\\/#author\"},\"creator\":{\"@id\":\"https:\\\/\\\/www.eldigitaldeasturias.com\\\/noticias\\\/author\\\/admin\\\/#author\"},\"image\":{\"@type\":\"ImageObject\",\"url\":\"https:\\\/\\\/www.eldigitaldeasturias.com\\\/noticias\\\/wp-content\\\/uploads\\\/2016\\\/02\\\/fotonoticia_20160222163140_800.jpg\",\"@id\":\"https:\\\/\\\/www.eldigitaldeasturias.com\\\/noticias\\\/la-secretaria-de-rato-tuvo-una-discusion-importante-con-el-tras-negarse-a-firmar-unos-papeles\\\/#mainImage\",\"width\":800,\"height\":534},\"primaryImageOfPage\":{\"@id\":\"https:\\\/\\\/www.eldigitaldeasturias.com\\\/noticias\\\/la-secretaria-de-rato-tuvo-una-discusion-importante-con-el-tras-negarse-a-firmar-unos-papeles\\\/#mainImage\"},\"datePublished\":\"2016-02-23T04:10:36+01:00\",\"dateModified\":\"2016-02-23T04:10:36+01:00\"},{\"@type\":\"WebSite\",\"@id\":\"https:\\\/\\\/www.eldigitaldeasturias.com\\\/noticias\\\/#website\",\"url\":\"https:\\\/\\\/www.eldigitaldeasturias.com\\\/noticias\\\/\",\"name\":\"El Digital de Asturias - Diario de actualidad y noticias\",\"alternateName\":\"El Digital de Asturias - Diario de actualidad y noticias\",\"description\":\"Hemeroteca\",\"inLanguage\":\"es-ES\",\"publisher\":{\"@id\":\"https:\\\/\\\/www.eldigitaldeasturias.com\\\/noticias\\\/#organization\"}}]}\n\t\t<\/script>\n\t\t<!-- All in One SEO Pro -->\r\n\t\t<title>La secretaria de Rato tuvo \u00abuna discusi\u00f3n importante\u00bb con \u00e9l tras negarse a firmar unos papeles - El Digital de Asturias<\/title>\n\n","aioseo_head_json":{"title":"La secretaria de Rato tuvo \u00abuna discusi\u00f3n importante\u00bb con \u00e9l tras negarse a firmar unos papeles - El Digital de Asturias","description":"La secretaria del exvicepresidente del Gobierno Rodrigo Rato, que le ha acompa\u00f1ado en sus distintas funciones a lo largo de m\u00e1s de 30 a\u00f1os, confes\u00f3 a la Guardia Civil que tuvo una \"discusi\u00f3n importante\" con su jefe en abril del pasado a\u00f1o, un d\u00eda despu\u00e9s de su detenci\u00f3n y el registro de sus propiedades porque","canonical_url":"https:\/\/www.eldigitaldeasturias.com\/noticias\/la-secretaria-de-rato-tuvo-una-discusion-importante-con-el-tras-negarse-a-firmar-unos-papeles\/","robots":"max-image-preview:large","keywords":"sucesos","webmasterTools":{"google-site-verification":"UA-38556648-1","msvalidate.01":"7dfe9f3f1b24437ab69f4f2559babe99","miscellaneous":""},"schema":{"@context":"https:\/\/schema.org","@graph":[{"@type":"BlogPosting","@id":"https:\/\/www.eldigitaldeasturias.com\/noticias\/la-secretaria-de-rato-tuvo-una-discusion-importante-con-el-tras-negarse-a-firmar-unos-papeles\/#blogposting","name":"La secretaria de Rato tuvo \u00abuna discusi\u00f3n importante\u00bb con \u00e9l tras negarse a firmar unos papeles - El Digital de Asturias","headline":"La secretaria de Rato tuvo \u00abuna discusi\u00f3n importante\u00bb con \u00e9l tras negarse a firmar unos papeles","author":{"@id":"https:\/\/www.eldigitaldeasturias.com\/noticias\/author\/admin\/#author"},"publisher":{"@id":"https:\/\/www.eldigitaldeasturias.com\/noticias\/#organization"},"image":{"@type":"ImageObject","url":"https:\/\/www.eldigitaldeasturias.com\/noticias\/wp-content\/uploads\/2016\/02\/fotonoticia_20160222163140_800.jpg","width":800,"height":534},"datePublished":"2016-02-23T04:10:36+01:00","dateModified":"2016-02-23T04:10:36+01:00","inLanguage":"es-ES","mainEntityOfPage":{"@id":"https:\/\/www.eldigitaldeasturias.com\/noticias\/la-secretaria-de-rato-tuvo-una-discusion-importante-con-el-tras-negarse-a-firmar-unos-papeles\/#webpage"},"isPartOf":{"@id":"https:\/\/www.eldigitaldeasturias.com\/noticias\/la-secretaria-de-rato-tuvo-una-discusion-importante-con-el-tras-negarse-a-firmar-unos-papeles\/#webpage"},"articleSection":"Sucesos"},{"@type":"BreadcrumbList","@id":"https:\/\/www.eldigitaldeasturias.com\/noticias\/la-secretaria-de-rato-tuvo-una-discusion-importante-con-el-tras-negarse-a-firmar-unos-papeles\/#breadcrumblist","itemListElement":[{"@type":"ListItem","@id":"https:\/\/www.eldigitaldeasturias.com\/noticias#listItem","position":1,"name":"Home","item":"https:\/\/www.eldigitaldeasturias.com\/noticias","nextItem":{"@type":"ListItem","@id":"https:\/\/www.eldigitaldeasturias.com\/noticias\/category\/sucesos\/#listItem","name":"Sucesos"}},{"@type":"ListItem","@id":"https:\/\/www.eldigitaldeasturias.com\/noticias\/category\/sucesos\/#listItem","position":2,"name":"Sucesos","item":"https:\/\/www.eldigitaldeasturias.com\/noticias\/category\/sucesos\/","nextItem":{"@type":"ListItem","@id":"https:\/\/www.eldigitaldeasturias.com\/noticias\/la-secretaria-de-rato-tuvo-una-discusion-importante-con-el-tras-negarse-a-firmar-unos-papeles\/#listItem","name":"La secretaria de Rato tuvo \u00abuna discusi\u00f3n importante\u00bb con \u00e9l tras negarse a firmar unos papeles"},"previousItem":{"@type":"ListItem","@id":"https:\/\/www.eldigitaldeasturias.com\/noticias#listItem","name":"Home"}},{"@type":"ListItem","@id":"https:\/\/www.eldigitaldeasturias.com\/noticias\/la-secretaria-de-rato-tuvo-una-discusion-importante-con-el-tras-negarse-a-firmar-unos-papeles\/#listItem","position":3,"name":"La secretaria de Rato tuvo \u00abuna discusi\u00f3n importante\u00bb con \u00e9l tras negarse a firmar unos papeles","previousItem":{"@type":"ListItem","@id":"https:\/\/www.eldigitaldeasturias.com\/noticias\/category\/sucesos\/#listItem","name":"Sucesos"}}]},{"@type":"Organization","@id":"https:\/\/www.eldigitaldeasturias.com\/noticias\/#organization","name":"El Digital de Asturias","description":"Hemeroteca","url":"https:\/\/www.eldigitaldeasturias.com\/noticias\/","email":"info@eldigitaldeasturias.com","telephone":"+34652131393","logo":{"@type":"ImageObject","url":"https:\/\/www.eldigitaldeasturias.com\/noticias\/wp-content\/uploads\/2020\/12\/EDA.jpg","@id":"https:\/\/www.eldigitaldeasturias.com\/noticias\/la-secretaria-de-rato-tuvo-una-discusion-importante-con-el-tras-negarse-a-firmar-unos-papeles\/#organizationLogo","width":649,"height":297},"image":{"@id":"https:\/\/www.eldigitaldeasturias.com\/noticias\/la-secretaria-de-rato-tuvo-una-discusion-importante-con-el-tras-negarse-a-firmar-unos-papeles\/#organizationLogo"},"sameAs":["https:\/\/facebook.com\/eldigitaldeasturias","https:\/\/www.youtube.com\/channel\/UCZP-2wLEB9Rv6erhFmqVnvg"],"address":{"@id":"https:\/\/www.eldigitaldeasturias.com\/noticias\/#postaladdress","@type":"PostalAddress","streetAddress":"san antonio 4,","postalCode":"33430","addressLocality":"Cand\u00e1s","addressRegion":"Asturias","addressCountry":"ES"}},{"@type":"Person","@id":"https:\/\/www.eldigitaldeasturias.com\/noticias\/author\/admin\/#author","url":"https:\/\/www.eldigitaldeasturias.com\/noticias\/author\/admin\/","name":"El Digital de Asturias","image":{"@type":"ImageObject","@id":"https:\/\/www.eldigitaldeasturias.com\/noticias\/la-secretaria-de-rato-tuvo-una-discusion-importante-con-el-tras-negarse-a-firmar-unos-papeles\/#authorImage","url":"https:\/\/www.eldigitaldeasturias.com\/noticias\/wp-content\/litespeed\/avatar\/18677e78aa0546b92d9dbf31ec7d7668.jpg?ver=1777290358","width":96,"height":96,"caption":"El Digital de Asturias"}},{"@type":"WebPage","@id":"https:\/\/www.eldigitaldeasturias.com\/noticias\/la-secretaria-de-rato-tuvo-una-discusion-importante-con-el-tras-negarse-a-firmar-unos-papeles\/#webpage","url":"https:\/\/www.eldigitaldeasturias.com\/noticias\/la-secretaria-de-rato-tuvo-una-discusion-importante-con-el-tras-negarse-a-firmar-unos-papeles\/","name":"La secretaria de Rato tuvo \u00abuna discusi\u00f3n importante\u00bb con \u00e9l tras negarse a firmar unos papeles - El Digital de Asturias","description":"La secretaria del exvicepresidente del Gobierno Rodrigo Rato, que le ha acompa\u00f1ado en sus distintas funciones a lo largo de m\u00e1s de 30 a\u00f1os, confes\u00f3 a la Guardia Civil que tuvo una \"discusi\u00f3n importante\" con su jefe en abril del pasado a\u00f1o, un d\u00eda despu\u00e9s de su detenci\u00f3n y el registro de sus propiedades porque","inLanguage":"es-ES","isPartOf":{"@id":"https:\/\/www.eldigitaldeasturias.com\/noticias\/#website"},"breadcrumb":{"@id":"https:\/\/www.eldigitaldeasturias.com\/noticias\/la-secretaria-de-rato-tuvo-una-discusion-importante-con-el-tras-negarse-a-firmar-unos-papeles\/#breadcrumblist"},"author":{"@id":"https:\/\/www.eldigitaldeasturias.com\/noticias\/author\/admin\/#author"},"creator":{"@id":"https:\/\/www.eldigitaldeasturias.com\/noticias\/author\/admin\/#author"},"image":{"@type":"ImageObject","url":"https:\/\/www.eldigitaldeasturias.com\/noticias\/wp-content\/uploads\/2016\/02\/fotonoticia_20160222163140_800.jpg","@id":"https:\/\/www.eldigitaldeasturias.com\/noticias\/la-secretaria-de-rato-tuvo-una-discusion-importante-con-el-tras-negarse-a-firmar-unos-papeles\/#mainImage","width":800,"height":534},"primaryImageOfPage":{"@id":"https:\/\/www.eldigitaldeasturias.com\/noticias\/la-secretaria-de-rato-tuvo-una-discusion-importante-con-el-tras-negarse-a-firmar-unos-papeles\/#mainImage"},"datePublished":"2016-02-23T04:10:36+01:00","dateModified":"2016-02-23T04:10:36+01:00"},{"@type":"WebSite","@id":"https:\/\/www.eldigitaldeasturias.com\/noticias\/#website","url":"https:\/\/www.eldigitaldeasturias.com\/noticias\/","name":"El Digital de Asturias - Diario de actualidad y noticias","alternateName":"El Digital de Asturias - Diario de actualidad y noticias","description":"Hemeroteca","inLanguage":"es-ES","publisher":{"@id":"https:\/\/www.eldigitaldeasturias.com\/noticias\/#organization"}}]},"og:locale":"es_ES","og:site_name":"El Digital de Asturias","og:type":"article","og:title":"La secretaria de Rato tuvo \u00abuna discusi\u00f3n importante\u00bb con \u00e9l tras negarse a firmar unos papeles - El Digital de Asturias","og:description":"La secretaria del exvicepresidente del Gobierno Rodrigo Rato, que le ha acompa\u00f1ado en sus distintas funciones a lo largo de m\u00e1s de 30 a\u00f1os, confes\u00f3 a la Guardia Civil que tuvo una &quot;discusi\u00f3n importante&quot; con su jefe en abril del pasado a\u00f1o, un d\u00eda despu\u00e9s de su detenci\u00f3n y el registro de sus propiedades porque","og:url":"https:\/\/www.eldigitaldeasturias.com\/noticias\/la-secretaria-de-rato-tuvo-una-discusion-importante-con-el-tras-negarse-a-firmar-unos-papeles\/","og:image":"https:\/\/www.eldigitaldeasturias.com\/noticias\/wp-content\/uploads\/2016\/02\/fotonoticia_20160222163140_800.jpg","og:image:secure_url":"https:\/\/www.eldigitaldeasturias.com\/noticias\/wp-content\/uploads\/2016\/02\/fotonoticia_20160222163140_800.jpg","og:image:width":800,"og:image:height":534,"article:tag":["sucesos"],"article:published_time":"2016-02-23T04:10:36+00:00","article:modified_time":"2016-02-23T04:10:36+00:00","article:publisher":"https:\/\/facebook.com\/eldigitaldeasturias","twitter:card":"summary_large_image","twitter:title":"La secretaria de Rato tuvo \u00abuna discusi\u00f3n importante\u00bb con \u00e9l tras negarse a firmar unos papeles - El Digital de Asturias","twitter:description":"La secretaria del exvicepresidente del Gobierno Rodrigo Rato, que le ha acompa\u00f1ado en sus distintas funciones a lo largo de m\u00e1s de 30 a\u00f1os, confes\u00f3 a la Guardia Civil que tuvo una &quot;discusi\u00f3n importante&quot; con su jefe en abril del pasado a\u00f1o, un d\u00eda despu\u00e9s de su detenci\u00f3n y el registro de sus propiedades porque","twitter:image":"https:\/\/www.eldigitaldeasturias.com\/noticias\/wp-content\/uploads\/2016\/02\/fotonoticia_20160222163140_800.jpg","twitter:label1":"Escrito por","twitter:data1":"El Digital de Asturias","twitter:label2":"Tiempo de lectura estimado","twitter:data2":"2 minutos"},"aioseo_meta_data":{"post_id":"861019","title":null,"description":null,"keywords":null,"keyphrases":null,"primary_term":null,"canonical_url":null,"og_title":null,"og_description":null,"og_object_type":"default","og_image_type":"default","og_image_url":null,"og_image_width":null,"og_image_height":null,"og_image_custom_url":null,"og_image_custom_fields":null,"og_video":null,"og_custom_url":null,"og_article_section":null,"og_article_tags":null,"twitter_use_og":false,"twitter_card":"default","twitter_image_type":"default","twitter_image_url":null,"twitter_image_custom_url":null,"twitter_image_custom_fields":null,"twitter_title":null,"twitter_description":null,"schema":{"blockGraphs":[],"customGraphs":[],"default":{"data":{"Article":[],"Course":[],"Dataset":[],"FAQPage":[],"Movie":[],"Person":[],"Product":[],"ProductReview":[],"Car":[],"Recipe":[],"Service":[],"SoftwareApplication":[],"WebPage":[]},"graphName":"","isEnabled":true},"graphs":[],"defaultGraph":"","defaultPostTypeGraph":""},"schema_type":null,"schema_type_options":null,"pillar_content":false,"robots_default":true,"robots_noindex":false,"robots_noarchive":false,"robots_nosnippet":false,"robots_nofollow":false,"robots_noimageindex":false,"robots_noodp":false,"robots_notranslate":false,"robots_max_snippet":null,"robots_max_videopreview":null,"robots_max_imagepreview":"large","priority":null,"frequency":null,"local_seo":null,"seo_analyzer_scan_date":"2025-12-10 19:50:09","breadcrumb_settings":null,"limit_modified_date":false,"open_ai":null,"ai":null,"created":"2021-01-23 13:22:30","updated":"2025-12-10 19:50:09"},"aioseo_breadcrumb":"<div class=\"aioseo-breadcrumbs\"><span class=\"aioseo-breadcrumb\">\n\t<a href=\"https:\/\/www.eldigitaldeasturias.com\/noticias\" title=\"Home\">Home<\/a>\n<\/span><span class=\"aioseo-breadcrumb-separator\">\u2013<\/span><span class=\"aioseo-breadcrumb\">\n\t<a href=\"https:\/\/www.eldigitaldeasturias.com\/noticias\/category\/sucesos\/\" title=\"Sucesos\">Sucesos<\/a>\n<\/span><span class=\"aioseo-breadcrumb-separator\">\u2013<\/span><span class=\"aioseo-breadcrumb\">\n\t<a href=\"https:\/\/www.eldigitaldeasturias.com\/noticias\/la-secretaria-de-rato-tuvo-una-discusion-importante-con-el-tras-negarse-a-firmar-unos-papeles\/\" title=\"La secretaria de Rato tuvo \u00abuna discusi\u00f3n importante\u00bb con \u00e9l tras negarse a firmar unos papeles\">La secretaria de Rato tuvo \u00abuna discusi\u00f3n importante\u00bb con \u00e9l tras negarse a firmar unos papeles<\/a>\n<\/span><\/div>","aioseo_breadcrumb_json":[{"label":"Home","link":"https:\/\/www.eldigitaldeasturias.com\/noticias"},{"label":"Sucesos","link":"https:\/\/www.eldigitaldeasturias.com\/noticias\/category\/sucesos\/"},{"label":"La secretaria de Rato tuvo \u00abuna discusi\u00f3n importante\u00bb con \u00e9l tras negarse a firmar unos papeles","link":"https:\/\/www.eldigitaldeasturias.com\/noticias\/la-secretaria-de-rato-tuvo-una-discusion-importante-con-el-tras-negarse-a-firmar-unos-papeles\/"}],"_links":{"self":[{"href":"https:\/\/www.eldigitaldeasturias.com\/noticias\/wp-json\/wp\/v2\/posts\/861019","targetHints":{"allow":["GET"]}}],"collection":[{"href":"https:\/\/www.eldigitaldeasturias.com\/noticias\/wp-json\/wp\/v2\/posts"}],"about":[{"href":"https:\/\/www.eldigitaldeasturias.com\/noticias\/wp-json\/wp\/v2\/types\/post"}],"author":[{"embeddable":true,"href":"https:\/\/www.eldigitaldeasturias.com\/noticias\/wp-json\/wp\/v2\/users\/1"}],"replies":[{"embeddable":true,"href":"https:\/\/www.eldigitaldeasturias.com\/noticias\/wp-json\/wp\/v2\/comments?post=861019"}],"version-history":[{"count":0,"href":"https:\/\/www.eldigitaldeasturias.com\/noticias\/wp-json\/wp\/v2\/posts\/861019\/revisions"}],"wp:featuredmedia":[{"embeddable":true,"href":"https:\/\/www.eldigitaldeasturias.com\/noticias\/wp-json\/wp\/v2\/media\/861020"}],"wp:attachment":[{"href":"https:\/\/www.eldigitaldeasturias.com\/noticias\/wp-json\/wp\/v2\/media?parent=861019"}],"wp:term":[{"taxonomy":"category","embeddable":true,"href":"https:\/\/www.eldigitaldeasturias.com\/noticias\/wp-json\/wp\/v2\/categories?post=861019"},{"taxonomy":"post_tag","embeddable":true,"href":"https:\/\/www.eldigitaldeasturias.com\/noticias\/wp-json\/wp\/v2\/tags?post=861019"}],"curies":[{"name":"wp","href":"https:\/\/api.w.org\/{rel}","templated":true}]}}