{"id":861016,"date":"2016-02-23T04:08:44","date_gmt":"2016-02-23T04:08:44","guid":{"rendered":"http:\/\/www.eldigitaldeasturias.com\/noticias\/?p=861016"},"modified":"2016-02-23T04:09:15","modified_gmt":"2016-02-23T04:09:15","slug":"detenido-por-cohecho-el-ex-vicealcalde-de-valencia-alfonso-grau","status":"publish","type":"post","link":"https:\/\/www.eldigitaldeasturias.com\/noticias\/detenido-por-cohecho-el-ex-vicealcalde-de-valencia-alfonso-grau\/","title":{"rendered":"Detenido por cohecho el ex vicealcalde de Valencia Alfonso Grau"},"content":{"rendered":"<p><img loading=\"lazy\" decoding=\"async\" class=\"alignleft size-medium wp-image-861017\" src=\"https:\/\/www.eldigitaldeasturias.com\/noticias\/wp-content\/uploads\/2016\/02\/fotonoticia_20160222151829_800-237x320.jpg\" alt=\"fotonoticia_20160222151829_800\" width=\"237\" height=\"320\" srcset=\"https:\/\/www.eldigitaldeasturias.com\/noticias\/wp-content\/uploads\/2016\/02\/fotonoticia_20160222151829_800-237x320.jpg 237w, https:\/\/www.eldigitaldeasturias.com\/noticias\/wp-content\/uploads\/2016\/02\/fotonoticia_20160222151829_800-768x1036.jpg 768w, https:\/\/www.eldigitaldeasturias.com\/noticias\/wp-content\/uploads\/2016\/02\/fotonoticia_20160222151829_800-482x650.jpg 482w, https:\/\/www.eldigitaldeasturias.com\/noticias\/wp-content\/uploads\/2016\/02\/fotonoticia_20160222151829_800.jpg 800w\" sizes=\"auto, (max-width: 237px) 100vw, 237px\" \/>La magistrada del juzgado de Instrucci\u00f3n n\u00famero 19 de Valencia est\u00e1 investigando al exvicealcalde de la capital, Alfonso Grau, y a otra persona por un supuesto delito de cohecho en relaci\u00f3n a unas presuntas irregularidades en la adjudicaci\u00f3n de un contrato del Ayuntamiento a un empresario.<\/p>\n<p>Seg\u00fan ha informado el Tribunal Superior de Justicia de la Comunitat Valenciana en un comunicado, la magistrada instructora no ha ordenado la detenci\u00f3n del exedil del PP, en una causa que est\u00e1 declarada secreta.<\/p>\n<p>La causa surgi\u00f3 a finales de 2015 cuando el juzgado recibi\u00f3 una denuncia de la Fiscal\u00eda contra ambos investigados &#8211;t\u00e9rmino que sustituye al de imputado tras la reforma de la Ley de Enjuiciamiento Criminal&#8211;. A ra\u00edz de esta denuncia, la magistrada instructora investiga presuntas irregularidades en la adjudicaci\u00f3n de un contrato del Ayuntamiento de Valencia a un empresario.<\/p>\n<p>En el caso est\u00e1n imputados por cohecho el empresario (como parte activa del delito) y el exconcejal (como parte pasiva del cohecho).<\/p>\n<p>Las diligencias no guardan relaci\u00f3n con las que se siguen en Instrucci\u00f3n 18 por el caso Imelsa, y que ha llevado a la imputaci\u00f3n de unas 50 personas entre ediles, exconcejales y asesores por un presunto delito de blanqueo.<\/p>\n<p>Fuentes de la investigaci\u00f3n han informado este lunes de la detenci\u00f3n de Alfonso Grau por parte de la Guardia Civil por un presunto delito continuado de cohecho. Junto al exvicealcalde, seg\u00fan las mismas fuentes, ha sido arrestado un empresario y se ha procedido a registrar la sede de una joyer\u00eda y la empresa Viajes Tranvias Tours en Valencia.<\/p>\n<p>SALE DE SU CASA TRAS HORAS DE REGISTROS<\/p>\n<p>Alfonso Grau ha salido poco antes de las 13.30 horas de su domicilio, en el centro de la ciudad, y ha subido en un veh\u00edculo de la Guardia Civil tras cinco horas de un registro practicado en su vivienda.<\/p>\n<p>El exvicealcalde ha salido por la puerta trasera del edificio de su vivienda, en la calle Cronista Carreres, poco antes de las 13.25 horas. Cinco minutos antes hab\u00edan salido del inmueble agentes de la Guardia Civil y uno de ellos puso en marcha el coche en el que ha subido Grau.<\/p>\n<p>A las puertas se han concentrado numerosos periodistas, aunque Grau ha eludido hacer ning\u00fan comentario. Al mismo tiempo, tres agentes de la Guardia Civil han sacado por la puerta principal, en Porta de la Mar, varias cajas de cart\u00f3n que han cargado en un coche.<\/p>\n<p>Grau llegado a primera hora de la ma\u00f1ana a su domicilio &#8211;sobre las 8.30 horas&#8211; acompa\u00f1ado de varias personas, entre ellas guardias civiles y su hija, seg\u00fan fuentes vecinales, que han indicado que desde hace varios meses el exalcalde no duerme en la casa. A guardias civiles de paisano que hab\u00eda en la puerta se han unido otros con uniforme a lo largo de la ma\u00f1ana y coches patrulla.<\/p>\n","protected":false},"excerpt":{"rendered":"<p>La magistrada del juzgado de Instrucci\u00f3n n\u00famero 19 de Valencia est\u00e1 investigando al exvicealcalde de la capital, Alfonso Grau, y a otra persona por un supuesto delito de cohecho en relaci\u00f3n a unas presuntas irregularidades en la adjudicaci\u00f3n de un contrato del Ayuntamiento a un empresario. Seg\u00fan ha informado el Tribunal Superior de Justicia de [&hellip;]<\/p>\n","protected":false},"author":1,"featured_media":861017,"comment_status":"closed","ping_status":"closed","sticky":false,"template":"","format":"standard","meta":{"footnotes":""},"categories":[5],"tags":[],"class_list":["post-861016","post","type-post","status-publish","format-standard","has-post-thumbnail","hentry","category-sucesos"],"aioseo_notices":[],"aioseo_head":"\n\t\t<!-- All in One SEO Pro 4.9.6.2 - aioseo.com -->\n\t<meta name=\"description\" content=\"La magistrada del juzgado de Instrucci\u00f3n n\u00famero 19 de Valencia est\u00e1 investigando al exvicealcalde de la capital, Alfonso Grau, y a otra persona por un supuesto delito de cohecho en relaci\u00f3n a unas presuntas irregularidades en la adjudicaci\u00f3n de un contrato del Ayuntamiento a un empresario. Seg\u00fan ha informado el Tribunal Superior de Justicia de\" \/>\n\t<meta name=\"robots\" content=\"max-image-preview:large\" \/>\n\t<meta name=\"author\" content=\"El Digital de Asturias\"\/>\n\t<meta name=\"google-site-verification\" content=\"UA-38556648-1\" \/>\n\t<meta name=\"msvalidate.01\" content=\"7dfe9f3f1b24437ab69f4f2559babe99\" \/>\n\t<meta name=\"keywords\" content=\"sucesos\" \/>\n\t<link rel=\"canonical\" href=\"https:\/\/www.eldigitaldeasturias.com\/noticias\/detenido-por-cohecho-el-ex-vicealcalde-de-valencia-alfonso-grau\/\" \/>\n\t<meta name=\"generator\" content=\"All in One SEO Pro (AIOSEO) 4.9.6.2\" \/>\n\t\t<meta property=\"og:locale\" content=\"es_ES\" \/>\n\t\t<meta property=\"og:site_name\" content=\"El Digital de Asturias\" \/>\n\t\t<meta property=\"og:type\" content=\"article\" \/>\n\t\t<meta property=\"og:title\" content=\"Detenido por cohecho el ex vicealcalde de Valencia Alfonso Grau - El Digital de Asturias\" \/>\n\t\t<meta property=\"og:description\" content=\"La magistrada del juzgado de Instrucci\u00f3n n\u00famero 19 de Valencia est\u00e1 investigando al exvicealcalde de la capital, Alfonso Grau, y a otra persona por un supuesto delito de cohecho en relaci\u00f3n a unas presuntas irregularidades en la adjudicaci\u00f3n de un contrato del Ayuntamiento a un empresario. Seg\u00fan ha informado el Tribunal Superior de Justicia de\" \/>\n\t\t<meta property=\"og:url\" content=\"https:\/\/www.eldigitaldeasturias.com\/noticias\/detenido-por-cohecho-el-ex-vicealcalde-de-valencia-alfonso-grau\/\" \/>\n\t\t<meta property=\"og:image\" content=\"https:\/\/www.eldigitaldeasturias.com\/noticias\/wp-content\/uploads\/2016\/02\/fotonoticia_20160222151829_800.jpg\" \/>\n\t\t<meta property=\"og:image:secure_url\" content=\"https:\/\/www.eldigitaldeasturias.com\/noticias\/wp-content\/uploads\/2016\/02\/fotonoticia_20160222151829_800.jpg\" \/>\n\t\t<meta property=\"og:image:width\" content=\"800\" \/>\n\t\t<meta property=\"og:image:height\" content=\"1079\" \/>\n\t\t<meta property=\"article:tag\" content=\"sucesos\" \/>\n\t\t<meta property=\"article:published_time\" content=\"2016-02-23T04:08:44+00:00\" \/>\n\t\t<meta property=\"article:modified_time\" content=\"2016-02-23T04:09:15+00:00\" \/>\n\t\t<meta property=\"article:publisher\" content=\"https:\/\/facebook.com\/eldigitaldeasturias\" \/>\n\t\t<meta name=\"twitter:card\" content=\"summary_large_image\" \/>\n\t\t<meta name=\"twitter:title\" content=\"Detenido por cohecho el ex vicealcalde de Valencia Alfonso Grau - El Digital de Asturias\" \/>\n\t\t<meta name=\"twitter:description\" content=\"La magistrada del juzgado de Instrucci\u00f3n n\u00famero 19 de Valencia est\u00e1 investigando al exvicealcalde de la capital, Alfonso Grau, y a otra persona por un supuesto delito de cohecho en relaci\u00f3n a unas presuntas irregularidades en la adjudicaci\u00f3n de un contrato del Ayuntamiento a un empresario. Seg\u00fan ha informado el Tribunal Superior de Justicia de\" \/>\n\t\t<meta name=\"twitter:image\" content=\"https:\/\/www.eldigitaldeasturias.com\/noticias\/wp-content\/uploads\/2016\/02\/fotonoticia_20160222151829_800.jpg\" \/>\n\t\t<meta name=\"twitter:label1\" content=\"Escrito por\" \/>\n\t\t<meta name=\"twitter:data1\" content=\"El Digital de Asturias\" \/>\n\t\t<meta name=\"twitter:label2\" content=\"Tiempo de lectura estimado\" \/>\n\t\t<meta name=\"twitter:data2\" content=\"2 minutos\" \/>\n\t\t<script type=\"application\/ld+json\" class=\"aioseo-schema\">\n\t\t\t{\"@context\":\"https:\\\/\\\/schema.org\",\"@graph\":[{\"@type\":\"BlogPosting\",\"@id\":\"https:\\\/\\\/www.eldigitaldeasturias.com\\\/noticias\\\/detenido-por-cohecho-el-ex-vicealcalde-de-valencia-alfonso-grau\\\/#blogposting\",\"name\":\"Detenido por cohecho el ex vicealcalde de Valencia Alfonso Grau - El Digital de Asturias\",\"headline\":\"Detenido por cohecho el ex vicealcalde de Valencia Alfonso Grau\",\"author\":{\"@id\":\"https:\\\/\\\/www.eldigitaldeasturias.com\\\/noticias\\\/author\\\/admin\\\/#author\"},\"publisher\":{\"@id\":\"https:\\\/\\\/www.eldigitaldeasturias.com\\\/noticias\\\/#organization\"},\"image\":{\"@type\":\"ImageObject\",\"url\":\"https:\\\/\\\/www.eldigitaldeasturias.com\\\/noticias\\\/wp-content\\\/uploads\\\/2016\\\/02\\\/fotonoticia_20160222151829_800.jpg\",\"width\":800,\"height\":1079},\"datePublished\":\"2016-02-23T04:08:44+01:00\",\"dateModified\":\"2016-02-23T04:09:15+01:00\",\"inLanguage\":\"es-ES\",\"mainEntityOfPage\":{\"@id\":\"https:\\\/\\\/www.eldigitaldeasturias.com\\\/noticias\\\/detenido-por-cohecho-el-ex-vicealcalde-de-valencia-alfonso-grau\\\/#webpage\"},\"isPartOf\":{\"@id\":\"https:\\\/\\\/www.eldigitaldeasturias.com\\\/noticias\\\/detenido-por-cohecho-el-ex-vicealcalde-de-valencia-alfonso-grau\\\/#webpage\"},\"articleSection\":\"Sucesos\"},{\"@type\":\"BreadcrumbList\",\"@id\":\"https:\\\/\\\/www.eldigitaldeasturias.com\\\/noticias\\\/detenido-por-cohecho-el-ex-vicealcalde-de-valencia-alfonso-grau\\\/#breadcrumblist\",\"itemListElement\":[{\"@type\":\"ListItem\",\"@id\":\"https:\\\/\\\/www.eldigitaldeasturias.com\\\/noticias#listItem\",\"position\":1,\"name\":\"Home\",\"item\":\"https:\\\/\\\/www.eldigitaldeasturias.com\\\/noticias\",\"nextItem\":{\"@type\":\"ListItem\",\"@id\":\"https:\\\/\\\/www.eldigitaldeasturias.com\\\/noticias\\\/category\\\/sucesos\\\/#listItem\",\"name\":\"Sucesos\"}},{\"@type\":\"ListItem\",\"@id\":\"https:\\\/\\\/www.eldigitaldeasturias.com\\\/noticias\\\/category\\\/sucesos\\\/#listItem\",\"position\":2,\"name\":\"Sucesos\",\"item\":\"https:\\\/\\\/www.eldigitaldeasturias.com\\\/noticias\\\/category\\\/sucesos\\\/\",\"nextItem\":{\"@type\":\"ListItem\",\"@id\":\"https:\\\/\\\/www.eldigitaldeasturias.com\\\/noticias\\\/detenido-por-cohecho-el-ex-vicealcalde-de-valencia-alfonso-grau\\\/#listItem\",\"name\":\"Detenido por cohecho el ex vicealcalde de Valencia Alfonso Grau\"},\"previousItem\":{\"@type\":\"ListItem\",\"@id\":\"https:\\\/\\\/www.eldigitaldeasturias.com\\\/noticias#listItem\",\"name\":\"Home\"}},{\"@type\":\"ListItem\",\"@id\":\"https:\\\/\\\/www.eldigitaldeasturias.com\\\/noticias\\\/detenido-por-cohecho-el-ex-vicealcalde-de-valencia-alfonso-grau\\\/#listItem\",\"position\":3,\"name\":\"Detenido por cohecho el ex vicealcalde de Valencia Alfonso Grau\",\"previousItem\":{\"@type\":\"ListItem\",\"@id\":\"https:\\\/\\\/www.eldigitaldeasturias.com\\\/noticias\\\/category\\\/sucesos\\\/#listItem\",\"name\":\"Sucesos\"}}]},{\"@type\":\"Organization\",\"@id\":\"https:\\\/\\\/www.eldigitaldeasturias.com\\\/noticias\\\/#organization\",\"name\":\"El Digital de Asturias\",\"description\":\"Hemeroteca\",\"url\":\"https:\\\/\\\/www.eldigitaldeasturias.com\\\/noticias\\\/\",\"email\":\"info@eldigitaldeasturias.com\",\"telephone\":\"+34652131393\",\"logo\":{\"@type\":\"ImageObject\",\"url\":\"https:\\\/\\\/www.eldigitaldeasturias.com\\\/noticias\\\/wp-content\\\/uploads\\\/2020\\\/12\\\/EDA.jpg\",\"@id\":\"https:\\\/\\\/www.eldigitaldeasturias.com\\\/noticias\\\/detenido-por-cohecho-el-ex-vicealcalde-de-valencia-alfonso-grau\\\/#organizationLogo\",\"width\":649,\"height\":297},\"image\":{\"@id\":\"https:\\\/\\\/www.eldigitaldeasturias.com\\\/noticias\\\/detenido-por-cohecho-el-ex-vicealcalde-de-valencia-alfonso-grau\\\/#organizationLogo\"},\"sameAs\":[\"https:\\\/\\\/facebook.com\\\/eldigitaldeasturias\",\"https:\\\/\\\/www.youtube.com\\\/channel\\\/UCZP-2wLEB9Rv6erhFmqVnvg\"],\"address\":{\"@id\":\"https:\\\/\\\/www.eldigitaldeasturias.com\\\/noticias\\\/#postaladdress\",\"@type\":\"PostalAddress\",\"streetAddress\":\"san antonio 4,\",\"postalCode\":\"33430\",\"addressLocality\":\"Cand\\u00e1s\",\"addressRegion\":\"Asturias\",\"addressCountry\":\"ES\"}},{\"@type\":\"Person\",\"@id\":\"https:\\\/\\\/www.eldigitaldeasturias.com\\\/noticias\\\/author\\\/admin\\\/#author\",\"url\":\"https:\\\/\\\/www.eldigitaldeasturias.com\\\/noticias\\\/author\\\/admin\\\/\",\"name\":\"El Digital de Asturias\",\"image\":{\"@type\":\"ImageObject\",\"@id\":\"https:\\\/\\\/www.eldigitaldeasturias.com\\\/noticias\\\/detenido-por-cohecho-el-ex-vicealcalde-de-valencia-alfonso-grau\\\/#authorImage\",\"url\":\"https:\\\/\\\/www.eldigitaldeasturias.com\\\/noticias\\\/wp-content\\\/litespeed\\\/avatar\\\/18677e78aa0546b92d9dbf31ec7d7668.jpg?ver=1777290358\",\"width\":96,\"height\":96,\"caption\":\"El Digital de Asturias\"}},{\"@type\":\"WebPage\",\"@id\":\"https:\\\/\\\/www.eldigitaldeasturias.com\\\/noticias\\\/detenido-por-cohecho-el-ex-vicealcalde-de-valencia-alfonso-grau\\\/#webpage\",\"url\":\"https:\\\/\\\/www.eldigitaldeasturias.com\\\/noticias\\\/detenido-por-cohecho-el-ex-vicealcalde-de-valencia-alfonso-grau\\\/\",\"name\":\"Detenido por cohecho el ex vicealcalde de Valencia Alfonso Grau - El Digital de Asturias\",\"description\":\"La magistrada del juzgado de Instrucci\\u00f3n n\\u00famero 19 de Valencia est\\u00e1 investigando al exvicealcalde de la capital, Alfonso Grau, y a otra persona por un supuesto delito de cohecho en relaci\\u00f3n a unas presuntas irregularidades en la adjudicaci\\u00f3n de un contrato del Ayuntamiento a un empresario. Seg\\u00fan ha informado el Tribunal Superior de Justicia de\",\"inLanguage\":\"es-ES\",\"isPartOf\":{\"@id\":\"https:\\\/\\\/www.eldigitaldeasturias.com\\\/noticias\\\/#website\"},\"breadcrumb\":{\"@id\":\"https:\\\/\\\/www.eldigitaldeasturias.com\\\/noticias\\\/detenido-por-cohecho-el-ex-vicealcalde-de-valencia-alfonso-grau\\\/#breadcrumblist\"},\"author\":{\"@id\":\"https:\\\/\\\/www.eldigitaldeasturias.com\\\/noticias\\\/author\\\/admin\\\/#author\"},\"creator\":{\"@id\":\"https:\\\/\\\/www.eldigitaldeasturias.com\\\/noticias\\\/author\\\/admin\\\/#author\"},\"image\":{\"@type\":\"ImageObject\",\"url\":\"https:\\\/\\\/www.eldigitaldeasturias.com\\\/noticias\\\/wp-content\\\/uploads\\\/2016\\\/02\\\/fotonoticia_20160222151829_800.jpg\",\"@id\":\"https:\\\/\\\/www.eldigitaldeasturias.com\\\/noticias\\\/detenido-por-cohecho-el-ex-vicealcalde-de-valencia-alfonso-grau\\\/#mainImage\",\"width\":800,\"height\":1079},\"primaryImageOfPage\":{\"@id\":\"https:\\\/\\\/www.eldigitaldeasturias.com\\\/noticias\\\/detenido-por-cohecho-el-ex-vicealcalde-de-valencia-alfonso-grau\\\/#mainImage\"},\"datePublished\":\"2016-02-23T04:08:44+01:00\",\"dateModified\":\"2016-02-23T04:09:15+01:00\"},{\"@type\":\"WebSite\",\"@id\":\"https:\\\/\\\/www.eldigitaldeasturias.com\\\/noticias\\\/#website\",\"url\":\"https:\\\/\\\/www.eldigitaldeasturias.com\\\/noticias\\\/\",\"name\":\"El Digital de Asturias - Diario de actualidad y noticias\",\"alternateName\":\"El Digital de Asturias - Diario de actualidad y noticias\",\"description\":\"Hemeroteca\",\"inLanguage\":\"es-ES\",\"publisher\":{\"@id\":\"https:\\\/\\\/www.eldigitaldeasturias.com\\\/noticias\\\/#organization\"}}]}\n\t\t<\/script>\n\t\t<!-- All in One SEO Pro -->\r\n\t\t<title>Detenido por cohecho el ex vicealcalde de Valencia Alfonso Grau - El Digital de Asturias<\/title>\n\n","aioseo_head_json":{"title":"Detenido por cohecho el ex vicealcalde de Valencia Alfonso Grau - El Digital de Asturias","description":"La magistrada del juzgado de Instrucci\u00f3n n\u00famero 19 de Valencia est\u00e1 investigando al exvicealcalde de la capital, Alfonso Grau, y a otra persona por un supuesto delito de cohecho en relaci\u00f3n a unas presuntas irregularidades en la adjudicaci\u00f3n de un contrato del Ayuntamiento a un empresario. Seg\u00fan ha informado el Tribunal Superior de Justicia de","canonical_url":"https:\/\/www.eldigitaldeasturias.com\/noticias\/detenido-por-cohecho-el-ex-vicealcalde-de-valencia-alfonso-grau\/","robots":"max-image-preview:large","keywords":"sucesos","webmasterTools":{"google-site-verification":"UA-38556648-1","msvalidate.01":"7dfe9f3f1b24437ab69f4f2559babe99","miscellaneous":""},"schema":{"@context":"https:\/\/schema.org","@graph":[{"@type":"BlogPosting","@id":"https:\/\/www.eldigitaldeasturias.com\/noticias\/detenido-por-cohecho-el-ex-vicealcalde-de-valencia-alfonso-grau\/#blogposting","name":"Detenido por cohecho el ex vicealcalde de Valencia Alfonso Grau - El Digital de Asturias","headline":"Detenido por cohecho el ex vicealcalde de Valencia Alfonso Grau","author":{"@id":"https:\/\/www.eldigitaldeasturias.com\/noticias\/author\/admin\/#author"},"publisher":{"@id":"https:\/\/www.eldigitaldeasturias.com\/noticias\/#organization"},"image":{"@type":"ImageObject","url":"https:\/\/www.eldigitaldeasturias.com\/noticias\/wp-content\/uploads\/2016\/02\/fotonoticia_20160222151829_800.jpg","width":800,"height":1079},"datePublished":"2016-02-23T04:08:44+01:00","dateModified":"2016-02-23T04:09:15+01:00","inLanguage":"es-ES","mainEntityOfPage":{"@id":"https:\/\/www.eldigitaldeasturias.com\/noticias\/detenido-por-cohecho-el-ex-vicealcalde-de-valencia-alfonso-grau\/#webpage"},"isPartOf":{"@id":"https:\/\/www.eldigitaldeasturias.com\/noticias\/detenido-por-cohecho-el-ex-vicealcalde-de-valencia-alfonso-grau\/#webpage"},"articleSection":"Sucesos"},{"@type":"BreadcrumbList","@id":"https:\/\/www.eldigitaldeasturias.com\/noticias\/detenido-por-cohecho-el-ex-vicealcalde-de-valencia-alfonso-grau\/#breadcrumblist","itemListElement":[{"@type":"ListItem","@id":"https:\/\/www.eldigitaldeasturias.com\/noticias#listItem","position":1,"name":"Home","item":"https:\/\/www.eldigitaldeasturias.com\/noticias","nextItem":{"@type":"ListItem","@id":"https:\/\/www.eldigitaldeasturias.com\/noticias\/category\/sucesos\/#listItem","name":"Sucesos"}},{"@type":"ListItem","@id":"https:\/\/www.eldigitaldeasturias.com\/noticias\/category\/sucesos\/#listItem","position":2,"name":"Sucesos","item":"https:\/\/www.eldigitaldeasturias.com\/noticias\/category\/sucesos\/","nextItem":{"@type":"ListItem","@id":"https:\/\/www.eldigitaldeasturias.com\/noticias\/detenido-por-cohecho-el-ex-vicealcalde-de-valencia-alfonso-grau\/#listItem","name":"Detenido por cohecho el ex vicealcalde de Valencia Alfonso Grau"},"previousItem":{"@type":"ListItem","@id":"https:\/\/www.eldigitaldeasturias.com\/noticias#listItem","name":"Home"}},{"@type":"ListItem","@id":"https:\/\/www.eldigitaldeasturias.com\/noticias\/detenido-por-cohecho-el-ex-vicealcalde-de-valencia-alfonso-grau\/#listItem","position":3,"name":"Detenido por cohecho el ex vicealcalde de Valencia Alfonso Grau","previousItem":{"@type":"ListItem","@id":"https:\/\/www.eldigitaldeasturias.com\/noticias\/category\/sucesos\/#listItem","name":"Sucesos"}}]},{"@type":"Organization","@id":"https:\/\/www.eldigitaldeasturias.com\/noticias\/#organization","name":"El Digital de Asturias","description":"Hemeroteca","url":"https:\/\/www.eldigitaldeasturias.com\/noticias\/","email":"info@eldigitaldeasturias.com","telephone":"+34652131393","logo":{"@type":"ImageObject","url":"https:\/\/www.eldigitaldeasturias.com\/noticias\/wp-content\/uploads\/2020\/12\/EDA.jpg","@id":"https:\/\/www.eldigitaldeasturias.com\/noticias\/detenido-por-cohecho-el-ex-vicealcalde-de-valencia-alfonso-grau\/#organizationLogo","width":649,"height":297},"image":{"@id":"https:\/\/www.eldigitaldeasturias.com\/noticias\/detenido-por-cohecho-el-ex-vicealcalde-de-valencia-alfonso-grau\/#organizationLogo"},"sameAs":["https:\/\/facebook.com\/eldigitaldeasturias","https:\/\/www.youtube.com\/channel\/UCZP-2wLEB9Rv6erhFmqVnvg"],"address":{"@id":"https:\/\/www.eldigitaldeasturias.com\/noticias\/#postaladdress","@type":"PostalAddress","streetAddress":"san antonio 4,","postalCode":"33430","addressLocality":"Cand\u00e1s","addressRegion":"Asturias","addressCountry":"ES"}},{"@type":"Person","@id":"https:\/\/www.eldigitaldeasturias.com\/noticias\/author\/admin\/#author","url":"https:\/\/www.eldigitaldeasturias.com\/noticias\/author\/admin\/","name":"El Digital de Asturias","image":{"@type":"ImageObject","@id":"https:\/\/www.eldigitaldeasturias.com\/noticias\/detenido-por-cohecho-el-ex-vicealcalde-de-valencia-alfonso-grau\/#authorImage","url":"https:\/\/www.eldigitaldeasturias.com\/noticias\/wp-content\/litespeed\/avatar\/18677e78aa0546b92d9dbf31ec7d7668.jpg?ver=1777290358","width":96,"height":96,"caption":"El Digital de Asturias"}},{"@type":"WebPage","@id":"https:\/\/www.eldigitaldeasturias.com\/noticias\/detenido-por-cohecho-el-ex-vicealcalde-de-valencia-alfonso-grau\/#webpage","url":"https:\/\/www.eldigitaldeasturias.com\/noticias\/detenido-por-cohecho-el-ex-vicealcalde-de-valencia-alfonso-grau\/","name":"Detenido por cohecho el ex vicealcalde de Valencia Alfonso Grau - El Digital de Asturias","description":"La magistrada del juzgado de Instrucci\u00f3n n\u00famero 19 de Valencia est\u00e1 investigando al exvicealcalde de la capital, Alfonso Grau, y a otra persona por un supuesto delito de cohecho en relaci\u00f3n a unas presuntas irregularidades en la adjudicaci\u00f3n de un contrato del Ayuntamiento a un empresario. Seg\u00fan ha informado el Tribunal Superior de Justicia de","inLanguage":"es-ES","isPartOf":{"@id":"https:\/\/www.eldigitaldeasturias.com\/noticias\/#website"},"breadcrumb":{"@id":"https:\/\/www.eldigitaldeasturias.com\/noticias\/detenido-por-cohecho-el-ex-vicealcalde-de-valencia-alfonso-grau\/#breadcrumblist"},"author":{"@id":"https:\/\/www.eldigitaldeasturias.com\/noticias\/author\/admin\/#author"},"creator":{"@id":"https:\/\/www.eldigitaldeasturias.com\/noticias\/author\/admin\/#author"},"image":{"@type":"ImageObject","url":"https:\/\/www.eldigitaldeasturias.com\/noticias\/wp-content\/uploads\/2016\/02\/fotonoticia_20160222151829_800.jpg","@id":"https:\/\/www.eldigitaldeasturias.com\/noticias\/detenido-por-cohecho-el-ex-vicealcalde-de-valencia-alfonso-grau\/#mainImage","width":800,"height":1079},"primaryImageOfPage":{"@id":"https:\/\/www.eldigitaldeasturias.com\/noticias\/detenido-por-cohecho-el-ex-vicealcalde-de-valencia-alfonso-grau\/#mainImage"},"datePublished":"2016-02-23T04:08:44+01:00","dateModified":"2016-02-23T04:09:15+01:00"},{"@type":"WebSite","@id":"https:\/\/www.eldigitaldeasturias.com\/noticias\/#website","url":"https:\/\/www.eldigitaldeasturias.com\/noticias\/","name":"El Digital de Asturias - Diario de actualidad y noticias","alternateName":"El Digital de Asturias - Diario de actualidad y noticias","description":"Hemeroteca","inLanguage":"es-ES","publisher":{"@id":"https:\/\/www.eldigitaldeasturias.com\/noticias\/#organization"}}]},"og:locale":"es_ES","og:site_name":"El Digital de Asturias","og:type":"article","og:title":"Detenido por cohecho el ex vicealcalde de Valencia Alfonso Grau - El Digital de Asturias","og:description":"La magistrada del juzgado de Instrucci\u00f3n n\u00famero 19 de Valencia est\u00e1 investigando al exvicealcalde de la capital, Alfonso Grau, y a otra persona por un supuesto delito de cohecho en relaci\u00f3n a unas presuntas irregularidades en la adjudicaci\u00f3n de un contrato del Ayuntamiento a un empresario. Seg\u00fan ha informado el Tribunal Superior de Justicia de","og:url":"https:\/\/www.eldigitaldeasturias.com\/noticias\/detenido-por-cohecho-el-ex-vicealcalde-de-valencia-alfonso-grau\/","og:image":"https:\/\/www.eldigitaldeasturias.com\/noticias\/wp-content\/uploads\/2016\/02\/fotonoticia_20160222151829_800.jpg","og:image:secure_url":"https:\/\/www.eldigitaldeasturias.com\/noticias\/wp-content\/uploads\/2016\/02\/fotonoticia_20160222151829_800.jpg","og:image:width":800,"og:image:height":1079,"article:tag":["sucesos"],"article:published_time":"2016-02-23T04:08:44+00:00","article:modified_time":"2016-02-23T04:09:15+00:00","article:publisher":"https:\/\/facebook.com\/eldigitaldeasturias","twitter:card":"summary_large_image","twitter:title":"Detenido por cohecho el ex vicealcalde de Valencia Alfonso Grau - El Digital de Asturias","twitter:description":"La magistrada del juzgado de Instrucci\u00f3n n\u00famero 19 de Valencia est\u00e1 investigando al exvicealcalde de la capital, Alfonso Grau, y a otra persona por un supuesto delito de cohecho en relaci\u00f3n a unas presuntas irregularidades en la adjudicaci\u00f3n de un contrato del Ayuntamiento a un empresario. Seg\u00fan ha informado el Tribunal Superior de Justicia de","twitter:image":"https:\/\/www.eldigitaldeasturias.com\/noticias\/wp-content\/uploads\/2016\/02\/fotonoticia_20160222151829_800.jpg","twitter:label1":"Escrito por","twitter:data1":"El Digital de Asturias","twitter:label2":"Tiempo de lectura estimado","twitter:data2":"2 minutos"},"aioseo_meta_data":{"post_id":"861016","title":null,"description":null,"keywords":null,"keyphrases":null,"primary_term":null,"canonical_url":null,"og_title":null,"og_description":null,"og_object_type":"default","og_image_type":"default","og_image_url":null,"og_image_width":null,"og_image_height":null,"og_image_custom_url":null,"og_image_custom_fields":null,"og_video":null,"og_custom_url":null,"og_article_section":null,"og_article_tags":null,"twitter_use_og":false,"twitter_card":"default","twitter_image_type":"default","twitter_image_url":null,"twitter_image_custom_url":null,"twitter_image_custom_fields":null,"twitter_title":null,"twitter_description":null,"schema":{"blockGraphs":[],"customGraphs":[],"default":{"data":{"Article":[],"Course":[],"Dataset":[],"FAQPage":[],"Movie":[],"Person":[],"Product":[],"ProductReview":[],"Car":[],"Recipe":[],"Service":[],"SoftwareApplication":[],"WebPage":[]},"graphName":"","isEnabled":true},"graphs":[],"defaultGraph":"","defaultPostTypeGraph":""},"schema_type":null,"schema_type_options":null,"pillar_content":false,"robots_default":true,"robots_noindex":false,"robots_noarchive":false,"robots_nosnippet":false,"robots_nofollow":false,"robots_noimageindex":false,"robots_noodp":false,"robots_notranslate":false,"robots_max_snippet":null,"robots_max_videopreview":null,"robots_max_imagepreview":"large","priority":null,"frequency":null,"local_seo":null,"seo_analyzer_scan_date":"2025-12-10 19:48:09","breadcrumb_settings":null,"limit_modified_date":false,"open_ai":null,"ai":null,"created":"2021-01-23 13:22:30","updated":"2025-12-10 19:48:09"},"aioseo_breadcrumb":"<div class=\"aioseo-breadcrumbs\"><span class=\"aioseo-breadcrumb\">\n\t<a href=\"https:\/\/www.eldigitaldeasturias.com\/noticias\" title=\"Home\">Home<\/a>\n<\/span><span class=\"aioseo-breadcrumb-separator\">\u2013<\/span><span class=\"aioseo-breadcrumb\">\n\t<a href=\"https:\/\/www.eldigitaldeasturias.com\/noticias\/category\/sucesos\/\" title=\"Sucesos\">Sucesos<\/a>\n<\/span><span class=\"aioseo-breadcrumb-separator\">\u2013<\/span><span class=\"aioseo-breadcrumb\">\n\t<a href=\"https:\/\/www.eldigitaldeasturias.com\/noticias\/detenido-por-cohecho-el-ex-vicealcalde-de-valencia-alfonso-grau\/\" title=\"Detenido por cohecho el ex vicealcalde de Valencia Alfonso Grau\">Detenido por cohecho el ex vicealcalde de Valencia Alfonso Grau<\/a>\n<\/span><\/div>","aioseo_breadcrumb_json":[{"label":"Home","link":"https:\/\/www.eldigitaldeasturias.com\/noticias"},{"label":"Sucesos","link":"https:\/\/www.eldigitaldeasturias.com\/noticias\/category\/sucesos\/"},{"label":"Detenido por cohecho el ex vicealcalde de Valencia Alfonso Grau","link":"https:\/\/www.eldigitaldeasturias.com\/noticias\/detenido-por-cohecho-el-ex-vicealcalde-de-valencia-alfonso-grau\/"}],"_links":{"self":[{"href":"https:\/\/www.eldigitaldeasturias.com\/noticias\/wp-json\/wp\/v2\/posts\/861016","targetHints":{"allow":["GET"]}}],"collection":[{"href":"https:\/\/www.eldigitaldeasturias.com\/noticias\/wp-json\/wp\/v2\/posts"}],"about":[{"href":"https:\/\/www.eldigitaldeasturias.com\/noticias\/wp-json\/wp\/v2\/types\/post"}],"author":[{"embeddable":true,"href":"https:\/\/www.eldigitaldeasturias.com\/noticias\/wp-json\/wp\/v2\/users\/1"}],"replies":[{"embeddable":true,"href":"https:\/\/www.eldigitaldeasturias.com\/noticias\/wp-json\/wp\/v2\/comments?post=861016"}],"version-history":[{"count":0,"href":"https:\/\/www.eldigitaldeasturias.com\/noticias\/wp-json\/wp\/v2\/posts\/861016\/revisions"}],"wp:featuredmedia":[{"embeddable":true,"href":"https:\/\/www.eldigitaldeasturias.com\/noticias\/wp-json\/wp\/v2\/media\/861017"}],"wp:attachment":[{"href":"https:\/\/www.eldigitaldeasturias.com\/noticias\/wp-json\/wp\/v2\/media?parent=861016"}],"wp:term":[{"taxonomy":"category","embeddable":true,"href":"https:\/\/www.eldigitaldeasturias.com\/noticias\/wp-json\/wp\/v2\/categories?post=861016"},{"taxonomy":"post_tag","embeddable":true,"href":"https:\/\/www.eldigitaldeasturias.com\/noticias\/wp-json\/wp\/v2\/tags?post=861016"}],"curies":[{"name":"wp","href":"https:\/\/api.w.org\/{rel}","templated":true}]}}