{"id":861009,"date":"2016-02-23T04:05:22","date_gmt":"2016-02-23T04:05:22","guid":{"rendered":"http:\/\/www.eldigitaldeasturias.com\/noticias\/?p=861009"},"modified":"2016-02-23T04:05:22","modified_gmt":"2016-02-23T04:05:22","slug":"el-fiscal-pide-archivar-el-caso-zapata","status":"publish","type":"post","link":"https:\/\/www.eldigitaldeasturias.com\/noticias\/el-fiscal-pide-archivar-el-caso-zapata\/","title":{"rendered":"El fiscal pide archivar el caso Zapata"},"content":{"rendered":"<p><img loading=\"lazy\" decoding=\"async\" class=\"alignleft size-medium wp-image-861010\" src=\"https:\/\/www.eldigitaldeasturias.com\/noticias\/wp-content\/uploads\/2016\/02\/fotonoticia_20160222142724_800-360x239.jpg\" alt=\"fotonoticia_20160222142724_800\" width=\"360\" height=\"239\" srcset=\"https:\/\/www.eldigitaldeasturias.com\/noticias\/wp-content\/uploads\/2016\/02\/fotonoticia_20160222142724_800-360x239.jpg 360w, https:\/\/www.eldigitaldeasturias.com\/noticias\/wp-content\/uploads\/2016\/02\/fotonoticia_20160222142724_800-768x511.jpg 768w, https:\/\/www.eldigitaldeasturias.com\/noticias\/wp-content\/uploads\/2016\/02\/fotonoticia_20160222142724_800-650x432.jpg 650w, https:\/\/www.eldigitaldeasturias.com\/noticias\/wp-content\/uploads\/2016\/02\/fotonoticia_20160222142724_800-84x55.jpg 84w, https:\/\/www.eldigitaldeasturias.com\/noticias\/wp-content\/uploads\/2016\/02\/fotonoticia_20160222142724_800-49x32.jpg 49w, https:\/\/www.eldigitaldeasturias.com\/noticias\/wp-content\/uploads\/2016\/02\/fotonoticia_20160222142724_800.jpg 800w\" sizes=\"auto, (max-width: 360px) 100vw, 360px\" \/>La Fiscal\u00eda ha pedido a la Audiencia Nacional que archive la causa seguida contra el concejal de Ahora Madrid Guillermo Zapata por un delito de humillaci\u00f3n a las v\u00edctimas del terrorismo, al entender que el chiste que reprodujo sobre Irene Villa en la red social Twitter no inclu\u00eda expresiones \u00ablaudatorias \u00bb a ETA y su finalidad no fue causar \u00absufrimiento\u00bb a ella ni al resto de v\u00edctimas del terrorismo.<\/p>\n<p>En un escrito, conocido este lunes, el fiscal Vicente Gonz\u00e1lez Mota expresa que no hay ning\u00fan dato que permita \u00abafirmar que el tuit fuera emitido con ocasi\u00f3n de mensajes a favor de organizaci\u00f3n terrorista, de ensalzamiento de organizaciones o miembros de la misma, o de provocar dolor o aumentar el sufrido por parte de las v\u00edctimas\u00bb.<\/p>\n<p>Zapata difundi\u00f3 el 31 de enero de 2011 un tuit desde su cuenta @casiopeaexpress en el que dec\u00eda \u00abHan tenido que cerrar el cementerio de las ni\u00f1as de Alc\u00e0sser para que no vaya Irene Villa a por repuestos\u00bb. El mismo d\u00eda reprodujo un chiste sobre el Holocausto: \u00ab\u00bfC\u00f3mo meter\u00edas a cinco millones de jud\u00edos en un 600? En el cenicero\u00bb.<\/p>\n<p>El Ministerio P\u00fablico recuerda que tener una \u00abvoluntad y finalidad ofensiva\u00bb es un elemento imprescindible para que pueda existir el delito de humillaci\u00f3n de v\u00edctimas del terrorismo y recuerda que, en este caso, Zapata ya ha expresado en reiteradas ocasiones su condena a ETA y al antisemitismo, as\u00ed como sus disculpas a quienes han podido sentirse dolidos por sus palabras.<\/p>\n<p>\u00abDichas manifestaciones son incompatibles con la intenci\u00f3n de proferir expresiones de humillaci\u00f3n y permiten excluir absolutamente que hayan sido realizadas con la conciencia y voluntad de producir humillaci\u00f3n, descr\u00e9dito o menosprecio en Irene Villa y en las v\u00edctimas del terrorismo como colectivo\u00bb, a\u00f1ade.<\/p>\n<p>IRENE VILLA NO SE SINTI\u00d3 OFENDIDA<\/p>\n<p>Tras resaltar que tampoco hay datos de que Zapata haya participado en actividades de apoyo a ETA o mostrado su satisfacci\u00f3n con el dolor que causan los atentados, el fiscal destaca que no public\u00f3 ninguna referencia al \u00abcriminal atentado\u00bb que sufri\u00f3 durante su infancia Irene Villa, que no se ha sentido \u00abofendida\u00bb por sus palabras.<\/p>\n<p>El representante del Ministerio P\u00fablico, que precisa que el chiste \u00abse emiti\u00f3 con una finalidad distinta de la de inferir sufrimiento a la misma\u00bb, concluye que el tribunal no debe valorar delitos que no son competencia de la Audiencia Nacional, ni tampoco \u00abel nivel de civismo\u00bb del comportamiento del edil.<\/p>\n<p>As\u00ed se ha expresado en el escrito remitido al juez de la Audiencia Nacional Santiago Pedraz despu\u00e9s de que este transformara las actuaciones en procedimiento abreviado, tal y como hab\u00edan ordenado los magistrados de la Secci\u00f3n Segunda de la Sala de lo Penal Enrique L\u00f3pez y Concepci\u00f3n Espejel que le hab\u00edan obligado previamente a tomar declaraci\u00f3n al investigado.<\/p>\n<p>Pedraz, que archiv\u00f3 el procedimiento tras interrogar como imputado a Zapata, consider\u00f3 que sus chistes deben enamarcarse \u00aben un ejercicio del derecho de expresi\u00f3n\u00bb y en un \u00abdebate\u00bb sobre los l\u00edmites del mismo.<\/p>\n<p>\u00abNo hay dato alguno que permita concluir otra cosa ni se est\u00e1 en condiciones de obtenerlo. Ni aun los otros tuits publicados pueden avalar esa intenci\u00f3n de lesionar la dignidad de las v\u00edctimas pues sencillamente no se habla ni directa ni indirectamente de v\u00edctimas del terrorismo\u00bb, asegur\u00f3 el juez para motivar su archivo, que fue recurrido por la asociaci\u00f3n de v\u00edctimas Dignidad y Justicia.<\/p>\n","protected":false},"excerpt":{"rendered":"<p>La Fiscal\u00eda ha pedido a la Audiencia Nacional que archive la causa seguida contra el concejal de Ahora Madrid Guillermo Zapata por un delito de humillaci\u00f3n a las v\u00edctimas del terrorismo, al entender que el chiste que reprodujo sobre Irene Villa en la red social Twitter no inclu\u00eda expresiones \u00ablaudatorias \u00bb a ETA y su [&hellip;]<\/p>\n","protected":false},"author":1,"featured_media":861010,"comment_status":"closed","ping_status":"closed","sticky":false,"template":"","format":"standard","meta":{"footnotes":""},"categories":[5],"tags":[],"class_list":["post-861009","post","type-post","status-publish","format-standard","has-post-thumbnail","hentry","category-sucesos"],"aioseo_notices":[],"aioseo_head":"\n\t\t<!-- All in One SEO Pro 4.9.6.2 - aioseo.com -->\n\t<meta name=\"description\" content=\"La Fiscal\u00eda ha pedido a la Audiencia Nacional que archive la causa seguida contra el concejal de Ahora Madrid Guillermo Zapata por un delito de humillaci\u00f3n a las v\u00edctimas del terrorismo, al entender que el chiste que reprodujo sobre Irene Villa en la red social Twitter no inclu\u00eda expresiones &quot;laudatorias &quot; a ETA y su\" \/>\n\t<meta name=\"robots\" content=\"max-image-preview:large\" \/>\n\t<meta name=\"author\" content=\"El Digital de Asturias\"\/>\n\t<meta name=\"google-site-verification\" content=\"UA-38556648-1\" \/>\n\t<meta name=\"msvalidate.01\" content=\"7dfe9f3f1b24437ab69f4f2559babe99\" \/>\n\t<meta name=\"keywords\" content=\"sucesos\" \/>\n\t<link rel=\"canonical\" href=\"https:\/\/www.eldigitaldeasturias.com\/noticias\/el-fiscal-pide-archivar-el-caso-zapata\/\" \/>\n\t<meta name=\"generator\" content=\"All in One SEO Pro (AIOSEO) 4.9.6.2\" \/>\n\t\t<meta property=\"og:locale\" content=\"es_ES\" \/>\n\t\t<meta property=\"og:site_name\" content=\"El Digital de Asturias\" \/>\n\t\t<meta property=\"og:type\" content=\"article\" \/>\n\t\t<meta property=\"og:title\" content=\"El fiscal pide archivar el caso Zapata - El Digital de Asturias\" \/>\n\t\t<meta property=\"og:description\" content=\"La Fiscal\u00eda ha pedido a la Audiencia Nacional que archive la causa seguida contra el concejal de Ahora Madrid Guillermo Zapata por un delito de humillaci\u00f3n a las v\u00edctimas del terrorismo, al entender que el chiste que reprodujo sobre Irene Villa en la red social Twitter no inclu\u00eda expresiones &quot;laudatorias &quot; a ETA y su\" \/>\n\t\t<meta property=\"og:url\" content=\"https:\/\/www.eldigitaldeasturias.com\/noticias\/el-fiscal-pide-archivar-el-caso-zapata\/\" \/>\n\t\t<meta property=\"og:image\" content=\"https:\/\/www.eldigitaldeasturias.com\/noticias\/wp-content\/uploads\/2016\/02\/fotonoticia_20160222142724_800.jpg\" \/>\n\t\t<meta property=\"og:image:secure_url\" content=\"https:\/\/www.eldigitaldeasturias.com\/noticias\/wp-content\/uploads\/2016\/02\/fotonoticia_20160222142724_800.jpg\" \/>\n\t\t<meta property=\"og:image:width\" content=\"800\" \/>\n\t\t<meta property=\"og:image:height\" content=\"532\" \/>\n\t\t<meta property=\"article:tag\" content=\"sucesos\" \/>\n\t\t<meta property=\"article:published_time\" content=\"2016-02-23T04:05:22+00:00\" \/>\n\t\t<meta property=\"article:modified_time\" content=\"2016-02-23T04:05:22+00:00\" \/>\n\t\t<meta property=\"article:publisher\" content=\"https:\/\/facebook.com\/eldigitaldeasturias\" \/>\n\t\t<meta name=\"twitter:card\" content=\"summary_large_image\" \/>\n\t\t<meta name=\"twitter:title\" content=\"El fiscal pide archivar el caso Zapata - El Digital de Asturias\" \/>\n\t\t<meta name=\"twitter:description\" content=\"La Fiscal\u00eda ha pedido a la Audiencia Nacional que archive la causa seguida contra el concejal de Ahora Madrid Guillermo Zapata por un delito de humillaci\u00f3n a las v\u00edctimas del terrorismo, al entender que el chiste que reprodujo sobre Irene Villa en la red social Twitter no inclu\u00eda expresiones &quot;laudatorias &quot; a ETA y su\" \/>\n\t\t<meta name=\"twitter:image\" content=\"https:\/\/www.eldigitaldeasturias.com\/noticias\/wp-content\/uploads\/2016\/02\/fotonoticia_20160222142724_800.jpg\" \/>\n\t\t<meta name=\"twitter:label1\" content=\"Escrito por\" \/>\n\t\t<meta name=\"twitter:data1\" content=\"El Digital de Asturias\" \/>\n\t\t<meta name=\"twitter:label2\" content=\"Tiempo de lectura estimado\" \/>\n\t\t<meta name=\"twitter:data2\" content=\"3 minutos\" \/>\n\t\t<script type=\"application\/ld+json\" class=\"aioseo-schema\">\n\t\t\t{\"@context\":\"https:\\\/\\\/schema.org\",\"@graph\":[{\"@type\":\"BlogPosting\",\"@id\":\"https:\\\/\\\/www.eldigitaldeasturias.com\\\/noticias\\\/el-fiscal-pide-archivar-el-caso-zapata\\\/#blogposting\",\"name\":\"El fiscal pide archivar el caso Zapata - El Digital de Asturias\",\"headline\":\"El fiscal pide archivar el caso Zapata\",\"author\":{\"@id\":\"https:\\\/\\\/www.eldigitaldeasturias.com\\\/noticias\\\/author\\\/admin\\\/#author\"},\"publisher\":{\"@id\":\"https:\\\/\\\/www.eldigitaldeasturias.com\\\/noticias\\\/#organization\"},\"image\":{\"@type\":\"ImageObject\",\"url\":\"https:\\\/\\\/www.eldigitaldeasturias.com\\\/noticias\\\/wp-content\\\/uploads\\\/2016\\\/02\\\/fotonoticia_20160222142724_800.jpg\",\"width\":800,\"height\":532},\"datePublished\":\"2016-02-23T04:05:22+01:00\",\"dateModified\":\"2016-02-23T04:05:22+01:00\",\"inLanguage\":\"es-ES\",\"mainEntityOfPage\":{\"@id\":\"https:\\\/\\\/www.eldigitaldeasturias.com\\\/noticias\\\/el-fiscal-pide-archivar-el-caso-zapata\\\/#webpage\"},\"isPartOf\":{\"@id\":\"https:\\\/\\\/www.eldigitaldeasturias.com\\\/noticias\\\/el-fiscal-pide-archivar-el-caso-zapata\\\/#webpage\"},\"articleSection\":\"Sucesos\"},{\"@type\":\"BreadcrumbList\",\"@id\":\"https:\\\/\\\/www.eldigitaldeasturias.com\\\/noticias\\\/el-fiscal-pide-archivar-el-caso-zapata\\\/#breadcrumblist\",\"itemListElement\":[{\"@type\":\"ListItem\",\"@id\":\"https:\\\/\\\/www.eldigitaldeasturias.com\\\/noticias#listItem\",\"position\":1,\"name\":\"Home\",\"item\":\"https:\\\/\\\/www.eldigitaldeasturias.com\\\/noticias\",\"nextItem\":{\"@type\":\"ListItem\",\"@id\":\"https:\\\/\\\/www.eldigitaldeasturias.com\\\/noticias\\\/category\\\/sucesos\\\/#listItem\",\"name\":\"Sucesos\"}},{\"@type\":\"ListItem\",\"@id\":\"https:\\\/\\\/www.eldigitaldeasturias.com\\\/noticias\\\/category\\\/sucesos\\\/#listItem\",\"position\":2,\"name\":\"Sucesos\",\"item\":\"https:\\\/\\\/www.eldigitaldeasturias.com\\\/noticias\\\/category\\\/sucesos\\\/\",\"nextItem\":{\"@type\":\"ListItem\",\"@id\":\"https:\\\/\\\/www.eldigitaldeasturias.com\\\/noticias\\\/el-fiscal-pide-archivar-el-caso-zapata\\\/#listItem\",\"name\":\"El fiscal pide archivar el caso Zapata\"},\"previousItem\":{\"@type\":\"ListItem\",\"@id\":\"https:\\\/\\\/www.eldigitaldeasturias.com\\\/noticias#listItem\",\"name\":\"Home\"}},{\"@type\":\"ListItem\",\"@id\":\"https:\\\/\\\/www.eldigitaldeasturias.com\\\/noticias\\\/el-fiscal-pide-archivar-el-caso-zapata\\\/#listItem\",\"position\":3,\"name\":\"El fiscal pide archivar el caso Zapata\",\"previousItem\":{\"@type\":\"ListItem\",\"@id\":\"https:\\\/\\\/www.eldigitaldeasturias.com\\\/noticias\\\/category\\\/sucesos\\\/#listItem\",\"name\":\"Sucesos\"}}]},{\"@type\":\"Organization\",\"@id\":\"https:\\\/\\\/www.eldigitaldeasturias.com\\\/noticias\\\/#organization\",\"name\":\"El Digital de Asturias\",\"description\":\"Hemeroteca\",\"url\":\"https:\\\/\\\/www.eldigitaldeasturias.com\\\/noticias\\\/\",\"email\":\"info@eldigitaldeasturias.com\",\"telephone\":\"+34652131393\",\"logo\":{\"@type\":\"ImageObject\",\"url\":\"https:\\\/\\\/www.eldigitaldeasturias.com\\\/noticias\\\/wp-content\\\/uploads\\\/2020\\\/12\\\/EDA.jpg\",\"@id\":\"https:\\\/\\\/www.eldigitaldeasturias.com\\\/noticias\\\/el-fiscal-pide-archivar-el-caso-zapata\\\/#organizationLogo\",\"width\":649,\"height\":297},\"image\":{\"@id\":\"https:\\\/\\\/www.eldigitaldeasturias.com\\\/noticias\\\/el-fiscal-pide-archivar-el-caso-zapata\\\/#organizationLogo\"},\"sameAs\":[\"https:\\\/\\\/facebook.com\\\/eldigitaldeasturias\",\"https:\\\/\\\/www.youtube.com\\\/channel\\\/UCZP-2wLEB9Rv6erhFmqVnvg\"],\"address\":{\"@id\":\"https:\\\/\\\/www.eldigitaldeasturias.com\\\/noticias\\\/#postaladdress\",\"@type\":\"PostalAddress\",\"streetAddress\":\"san antonio 4,\",\"postalCode\":\"33430\",\"addressLocality\":\"Cand\\u00e1s\",\"addressRegion\":\"Asturias\",\"addressCountry\":\"ES\"}},{\"@type\":\"Person\",\"@id\":\"https:\\\/\\\/www.eldigitaldeasturias.com\\\/noticias\\\/author\\\/admin\\\/#author\",\"url\":\"https:\\\/\\\/www.eldigitaldeasturias.com\\\/noticias\\\/author\\\/admin\\\/\",\"name\":\"El Digital de Asturias\",\"image\":{\"@type\":\"ImageObject\",\"@id\":\"https:\\\/\\\/www.eldigitaldeasturias.com\\\/noticias\\\/el-fiscal-pide-archivar-el-caso-zapata\\\/#authorImage\",\"url\":\"https:\\\/\\\/www.eldigitaldeasturias.com\\\/noticias\\\/wp-content\\\/litespeed\\\/avatar\\\/18677e78aa0546b92d9dbf31ec7d7668.jpg?ver=1777290358\",\"width\":96,\"height\":96,\"caption\":\"El Digital de Asturias\"}},{\"@type\":\"WebPage\",\"@id\":\"https:\\\/\\\/www.eldigitaldeasturias.com\\\/noticias\\\/el-fiscal-pide-archivar-el-caso-zapata\\\/#webpage\",\"url\":\"https:\\\/\\\/www.eldigitaldeasturias.com\\\/noticias\\\/el-fiscal-pide-archivar-el-caso-zapata\\\/\",\"name\":\"El fiscal pide archivar el caso Zapata - El Digital de Asturias\",\"description\":\"La Fiscal\\u00eda ha pedido a la Audiencia Nacional que archive la causa seguida contra el concejal de Ahora Madrid Guillermo Zapata por un delito de humillaci\\u00f3n a las v\\u00edctimas del terrorismo, al entender que el chiste que reprodujo sobre Irene Villa en la red social Twitter no inclu\\u00eda expresiones \\\"laudatorias \\\" a ETA y su\",\"inLanguage\":\"es-ES\",\"isPartOf\":{\"@id\":\"https:\\\/\\\/www.eldigitaldeasturias.com\\\/noticias\\\/#website\"},\"breadcrumb\":{\"@id\":\"https:\\\/\\\/www.eldigitaldeasturias.com\\\/noticias\\\/el-fiscal-pide-archivar-el-caso-zapata\\\/#breadcrumblist\"},\"author\":{\"@id\":\"https:\\\/\\\/www.eldigitaldeasturias.com\\\/noticias\\\/author\\\/admin\\\/#author\"},\"creator\":{\"@id\":\"https:\\\/\\\/www.eldigitaldeasturias.com\\\/noticias\\\/author\\\/admin\\\/#author\"},\"image\":{\"@type\":\"ImageObject\",\"url\":\"https:\\\/\\\/www.eldigitaldeasturias.com\\\/noticias\\\/wp-content\\\/uploads\\\/2016\\\/02\\\/fotonoticia_20160222142724_800.jpg\",\"@id\":\"https:\\\/\\\/www.eldigitaldeasturias.com\\\/noticias\\\/el-fiscal-pide-archivar-el-caso-zapata\\\/#mainImage\",\"width\":800,\"height\":532},\"primaryImageOfPage\":{\"@id\":\"https:\\\/\\\/www.eldigitaldeasturias.com\\\/noticias\\\/el-fiscal-pide-archivar-el-caso-zapata\\\/#mainImage\"},\"datePublished\":\"2016-02-23T04:05:22+01:00\",\"dateModified\":\"2016-02-23T04:05:22+01:00\"},{\"@type\":\"WebSite\",\"@id\":\"https:\\\/\\\/www.eldigitaldeasturias.com\\\/noticias\\\/#website\",\"url\":\"https:\\\/\\\/www.eldigitaldeasturias.com\\\/noticias\\\/\",\"name\":\"El Digital de Asturias - Diario de actualidad y noticias\",\"alternateName\":\"El Digital de Asturias - Diario de actualidad y noticias\",\"description\":\"Hemeroteca\",\"inLanguage\":\"es-ES\",\"publisher\":{\"@id\":\"https:\\\/\\\/www.eldigitaldeasturias.com\\\/noticias\\\/#organization\"}}]}\n\t\t<\/script>\n\t\t<!-- All in One SEO Pro -->\r\n\t\t<title>El fiscal pide archivar el caso Zapata - El Digital de Asturias<\/title>\n\n","aioseo_head_json":{"title":"El fiscal pide archivar el caso Zapata - El Digital de Asturias","description":"La Fiscal\u00eda ha pedido a la Audiencia Nacional que archive la causa seguida contra el concejal de Ahora Madrid Guillermo Zapata por un delito de humillaci\u00f3n a las v\u00edctimas del terrorismo, al entender que el chiste que reprodujo sobre Irene Villa en la red social Twitter no inclu\u00eda expresiones \"laudatorias \" a ETA y su","canonical_url":"https:\/\/www.eldigitaldeasturias.com\/noticias\/el-fiscal-pide-archivar-el-caso-zapata\/","robots":"max-image-preview:large","keywords":"sucesos","webmasterTools":{"google-site-verification":"UA-38556648-1","msvalidate.01":"7dfe9f3f1b24437ab69f4f2559babe99","miscellaneous":""},"schema":{"@context":"https:\/\/schema.org","@graph":[{"@type":"BlogPosting","@id":"https:\/\/www.eldigitaldeasturias.com\/noticias\/el-fiscal-pide-archivar-el-caso-zapata\/#blogposting","name":"El fiscal pide archivar el caso Zapata - El Digital de Asturias","headline":"El fiscal pide archivar el caso Zapata","author":{"@id":"https:\/\/www.eldigitaldeasturias.com\/noticias\/author\/admin\/#author"},"publisher":{"@id":"https:\/\/www.eldigitaldeasturias.com\/noticias\/#organization"},"image":{"@type":"ImageObject","url":"https:\/\/www.eldigitaldeasturias.com\/noticias\/wp-content\/uploads\/2016\/02\/fotonoticia_20160222142724_800.jpg","width":800,"height":532},"datePublished":"2016-02-23T04:05:22+01:00","dateModified":"2016-02-23T04:05:22+01:00","inLanguage":"es-ES","mainEntityOfPage":{"@id":"https:\/\/www.eldigitaldeasturias.com\/noticias\/el-fiscal-pide-archivar-el-caso-zapata\/#webpage"},"isPartOf":{"@id":"https:\/\/www.eldigitaldeasturias.com\/noticias\/el-fiscal-pide-archivar-el-caso-zapata\/#webpage"},"articleSection":"Sucesos"},{"@type":"BreadcrumbList","@id":"https:\/\/www.eldigitaldeasturias.com\/noticias\/el-fiscal-pide-archivar-el-caso-zapata\/#breadcrumblist","itemListElement":[{"@type":"ListItem","@id":"https:\/\/www.eldigitaldeasturias.com\/noticias#listItem","position":1,"name":"Home","item":"https:\/\/www.eldigitaldeasturias.com\/noticias","nextItem":{"@type":"ListItem","@id":"https:\/\/www.eldigitaldeasturias.com\/noticias\/category\/sucesos\/#listItem","name":"Sucesos"}},{"@type":"ListItem","@id":"https:\/\/www.eldigitaldeasturias.com\/noticias\/category\/sucesos\/#listItem","position":2,"name":"Sucesos","item":"https:\/\/www.eldigitaldeasturias.com\/noticias\/category\/sucesos\/","nextItem":{"@type":"ListItem","@id":"https:\/\/www.eldigitaldeasturias.com\/noticias\/el-fiscal-pide-archivar-el-caso-zapata\/#listItem","name":"El fiscal pide archivar el caso Zapata"},"previousItem":{"@type":"ListItem","@id":"https:\/\/www.eldigitaldeasturias.com\/noticias#listItem","name":"Home"}},{"@type":"ListItem","@id":"https:\/\/www.eldigitaldeasturias.com\/noticias\/el-fiscal-pide-archivar-el-caso-zapata\/#listItem","position":3,"name":"El fiscal pide archivar el caso Zapata","previousItem":{"@type":"ListItem","@id":"https:\/\/www.eldigitaldeasturias.com\/noticias\/category\/sucesos\/#listItem","name":"Sucesos"}}]},{"@type":"Organization","@id":"https:\/\/www.eldigitaldeasturias.com\/noticias\/#organization","name":"El Digital de Asturias","description":"Hemeroteca","url":"https:\/\/www.eldigitaldeasturias.com\/noticias\/","email":"info@eldigitaldeasturias.com","telephone":"+34652131393","logo":{"@type":"ImageObject","url":"https:\/\/www.eldigitaldeasturias.com\/noticias\/wp-content\/uploads\/2020\/12\/EDA.jpg","@id":"https:\/\/www.eldigitaldeasturias.com\/noticias\/el-fiscal-pide-archivar-el-caso-zapata\/#organizationLogo","width":649,"height":297},"image":{"@id":"https:\/\/www.eldigitaldeasturias.com\/noticias\/el-fiscal-pide-archivar-el-caso-zapata\/#organizationLogo"},"sameAs":["https:\/\/facebook.com\/eldigitaldeasturias","https:\/\/www.youtube.com\/channel\/UCZP-2wLEB9Rv6erhFmqVnvg"],"address":{"@id":"https:\/\/www.eldigitaldeasturias.com\/noticias\/#postaladdress","@type":"PostalAddress","streetAddress":"san antonio 4,","postalCode":"33430","addressLocality":"Cand\u00e1s","addressRegion":"Asturias","addressCountry":"ES"}},{"@type":"Person","@id":"https:\/\/www.eldigitaldeasturias.com\/noticias\/author\/admin\/#author","url":"https:\/\/www.eldigitaldeasturias.com\/noticias\/author\/admin\/","name":"El Digital de Asturias","image":{"@type":"ImageObject","@id":"https:\/\/www.eldigitaldeasturias.com\/noticias\/el-fiscal-pide-archivar-el-caso-zapata\/#authorImage","url":"https:\/\/www.eldigitaldeasturias.com\/noticias\/wp-content\/litespeed\/avatar\/18677e78aa0546b92d9dbf31ec7d7668.jpg?ver=1777290358","width":96,"height":96,"caption":"El Digital de Asturias"}},{"@type":"WebPage","@id":"https:\/\/www.eldigitaldeasturias.com\/noticias\/el-fiscal-pide-archivar-el-caso-zapata\/#webpage","url":"https:\/\/www.eldigitaldeasturias.com\/noticias\/el-fiscal-pide-archivar-el-caso-zapata\/","name":"El fiscal pide archivar el caso Zapata - El Digital de Asturias","description":"La Fiscal\u00eda ha pedido a la Audiencia Nacional que archive la causa seguida contra el concejal de Ahora Madrid Guillermo Zapata por un delito de humillaci\u00f3n a las v\u00edctimas del terrorismo, al entender que el chiste que reprodujo sobre Irene Villa en la red social Twitter no inclu\u00eda expresiones \"laudatorias \" a ETA y su","inLanguage":"es-ES","isPartOf":{"@id":"https:\/\/www.eldigitaldeasturias.com\/noticias\/#website"},"breadcrumb":{"@id":"https:\/\/www.eldigitaldeasturias.com\/noticias\/el-fiscal-pide-archivar-el-caso-zapata\/#breadcrumblist"},"author":{"@id":"https:\/\/www.eldigitaldeasturias.com\/noticias\/author\/admin\/#author"},"creator":{"@id":"https:\/\/www.eldigitaldeasturias.com\/noticias\/author\/admin\/#author"},"image":{"@type":"ImageObject","url":"https:\/\/www.eldigitaldeasturias.com\/noticias\/wp-content\/uploads\/2016\/02\/fotonoticia_20160222142724_800.jpg","@id":"https:\/\/www.eldigitaldeasturias.com\/noticias\/el-fiscal-pide-archivar-el-caso-zapata\/#mainImage","width":800,"height":532},"primaryImageOfPage":{"@id":"https:\/\/www.eldigitaldeasturias.com\/noticias\/el-fiscal-pide-archivar-el-caso-zapata\/#mainImage"},"datePublished":"2016-02-23T04:05:22+01:00","dateModified":"2016-02-23T04:05:22+01:00"},{"@type":"WebSite","@id":"https:\/\/www.eldigitaldeasturias.com\/noticias\/#website","url":"https:\/\/www.eldigitaldeasturias.com\/noticias\/","name":"El Digital de Asturias - Diario de actualidad y noticias","alternateName":"El Digital de Asturias - Diario de actualidad y noticias","description":"Hemeroteca","inLanguage":"es-ES","publisher":{"@id":"https:\/\/www.eldigitaldeasturias.com\/noticias\/#organization"}}]},"og:locale":"es_ES","og:site_name":"El Digital de Asturias","og:type":"article","og:title":"El fiscal pide archivar el caso Zapata - El Digital de Asturias","og:description":"La Fiscal\u00eda ha pedido a la Audiencia Nacional que archive la causa seguida contra el concejal de Ahora Madrid Guillermo Zapata por un delito de humillaci\u00f3n a las v\u00edctimas del terrorismo, al entender que el chiste que reprodujo sobre Irene Villa en la red social Twitter no inclu\u00eda expresiones &quot;laudatorias &quot; a ETA y su","og:url":"https:\/\/www.eldigitaldeasturias.com\/noticias\/el-fiscal-pide-archivar-el-caso-zapata\/","og:image":"https:\/\/www.eldigitaldeasturias.com\/noticias\/wp-content\/uploads\/2016\/02\/fotonoticia_20160222142724_800.jpg","og:image:secure_url":"https:\/\/www.eldigitaldeasturias.com\/noticias\/wp-content\/uploads\/2016\/02\/fotonoticia_20160222142724_800.jpg","og:image:width":800,"og:image:height":532,"article:tag":["sucesos"],"article:published_time":"2016-02-23T04:05:22+00:00","article:modified_time":"2016-02-23T04:05:22+00:00","article:publisher":"https:\/\/facebook.com\/eldigitaldeasturias","twitter:card":"summary_large_image","twitter:title":"El fiscal pide archivar el caso Zapata - El Digital de Asturias","twitter:description":"La Fiscal\u00eda ha pedido a la Audiencia Nacional que archive la causa seguida contra el concejal de Ahora Madrid Guillermo Zapata por un delito de humillaci\u00f3n a las v\u00edctimas del terrorismo, al entender que el chiste que reprodujo sobre Irene Villa en la red social Twitter no inclu\u00eda expresiones &quot;laudatorias &quot; a ETA y su","twitter:image":"https:\/\/www.eldigitaldeasturias.com\/noticias\/wp-content\/uploads\/2016\/02\/fotonoticia_20160222142724_800.jpg","twitter:label1":"Escrito por","twitter:data1":"El Digital de Asturias","twitter:label2":"Tiempo de lectura estimado","twitter:data2":"3 minutos"},"aioseo_meta_data":{"post_id":"861009","title":null,"description":null,"keywords":null,"keyphrases":null,"primary_term":null,"canonical_url":null,"og_title":null,"og_description":null,"og_object_type":"default","og_image_type":"default","og_image_url":null,"og_image_width":null,"og_image_height":null,"og_image_custom_url":null,"og_image_custom_fields":null,"og_video":null,"og_custom_url":null,"og_article_section":null,"og_article_tags":null,"twitter_use_og":false,"twitter_card":"default","twitter_image_type":"default","twitter_image_url":null,"twitter_image_custom_url":null,"twitter_image_custom_fields":null,"twitter_title":null,"twitter_description":null,"schema":{"blockGraphs":[],"customGraphs":[],"default":{"data":{"Article":[],"Course":[],"Dataset":[],"FAQPage":[],"Movie":[],"Person":[],"Product":[],"ProductReview":[],"Car":[],"Recipe":[],"Service":[],"SoftwareApplication":[],"WebPage":[]},"graphName":"","isEnabled":true},"graphs":[],"defaultGraph":"","defaultPostTypeGraph":""},"schema_type":null,"schema_type_options":null,"pillar_content":false,"robots_default":true,"robots_noindex":false,"robots_noarchive":false,"robots_nosnippet":false,"robots_nofollow":false,"robots_noimageindex":false,"robots_noodp":false,"robots_notranslate":false,"robots_max_snippet":null,"robots_max_videopreview":null,"robots_max_imagepreview":"large","priority":null,"frequency":null,"local_seo":null,"seo_analyzer_scan_date":"2025-12-10 19:48:08","breadcrumb_settings":null,"limit_modified_date":false,"open_ai":null,"ai":null,"created":"2021-01-22 13:48:59","updated":"2025-12-10 19:48:08"},"aioseo_breadcrumb":"<div class=\"aioseo-breadcrumbs\"><span class=\"aioseo-breadcrumb\">\n\t<a href=\"https:\/\/www.eldigitaldeasturias.com\/noticias\" title=\"Home\">Home<\/a>\n<\/span><span class=\"aioseo-breadcrumb-separator\">\u2013<\/span><span class=\"aioseo-breadcrumb\">\n\t<a href=\"https:\/\/www.eldigitaldeasturias.com\/noticias\/category\/sucesos\/\" title=\"Sucesos\">Sucesos<\/a>\n<\/span><span class=\"aioseo-breadcrumb-separator\">\u2013<\/span><span class=\"aioseo-breadcrumb\">\n\t<a href=\"https:\/\/www.eldigitaldeasturias.com\/noticias\/el-fiscal-pide-archivar-el-caso-zapata\/\" title=\"El fiscal pide archivar el caso Zapata\">El fiscal pide archivar el caso Zapata<\/a>\n<\/span><\/div>","aioseo_breadcrumb_json":[{"label":"Home","link":"https:\/\/www.eldigitaldeasturias.com\/noticias"},{"label":"Sucesos","link":"https:\/\/www.eldigitaldeasturias.com\/noticias\/category\/sucesos\/"},{"label":"El fiscal pide archivar el caso Zapata","link":"https:\/\/www.eldigitaldeasturias.com\/noticias\/el-fiscal-pide-archivar-el-caso-zapata\/"}],"_links":{"self":[{"href":"https:\/\/www.eldigitaldeasturias.com\/noticias\/wp-json\/wp\/v2\/posts\/861009","targetHints":{"allow":["GET"]}}],"collection":[{"href":"https:\/\/www.eldigitaldeasturias.com\/noticias\/wp-json\/wp\/v2\/posts"}],"about":[{"href":"https:\/\/www.eldigitaldeasturias.com\/noticias\/wp-json\/wp\/v2\/types\/post"}],"author":[{"embeddable":true,"href":"https:\/\/www.eldigitaldeasturias.com\/noticias\/wp-json\/wp\/v2\/users\/1"}],"replies":[{"embeddable":true,"href":"https:\/\/www.eldigitaldeasturias.com\/noticias\/wp-json\/wp\/v2\/comments?post=861009"}],"version-history":[{"count":0,"href":"https:\/\/www.eldigitaldeasturias.com\/noticias\/wp-json\/wp\/v2\/posts\/861009\/revisions"}],"wp:featuredmedia":[{"embeddable":true,"href":"https:\/\/www.eldigitaldeasturias.com\/noticias\/wp-json\/wp\/v2\/media\/861010"}],"wp:attachment":[{"href":"https:\/\/www.eldigitaldeasturias.com\/noticias\/wp-json\/wp\/v2\/media?parent=861009"}],"wp:term":[{"taxonomy":"category","embeddable":true,"href":"https:\/\/www.eldigitaldeasturias.com\/noticias\/wp-json\/wp\/v2\/categories?post=861009"},{"taxonomy":"post_tag","embeddable":true,"href":"https:\/\/www.eldigitaldeasturias.com\/noticias\/wp-json\/wp\/v2\/tags?post=861009"}],"curies":[{"name":"wp","href":"https:\/\/api.w.org\/{rel}","templated":true}]}}