{"id":861006,"date":"2016-02-23T04:04:05","date_gmt":"2016-02-23T04:04:05","guid":{"rendered":"http:\/\/www.eldigitaldeasturias.com\/noticias\/?p=861006"},"modified":"2016-02-23T04:04:05","modified_gmt":"2016-02-23T04:04:05","slug":"urkullu-descarta-que-rajoy-tenga-viabilidad-para-volver-a-ser-elegido-presidente","status":"publish","type":"post","link":"https:\/\/www.eldigitaldeasturias.com\/noticias\/urkullu-descarta-que-rajoy-tenga-viabilidad-para-volver-a-ser-elegido-presidente\/","title":{"rendered":"Urkullu descarta que Rajoy tenga \u00abviabilidad\u00bb para volver a ser elegido presidente"},"content":{"rendered":"<p><img loading=\"lazy\" decoding=\"async\" class=\"alignleft size-medium wp-image-861007\" src=\"https:\/\/www.eldigitaldeasturias.com\/noticias\/wp-content\/uploads\/2016\/02\/fotonoticia_20160222142625_800-360x203.jpg\" alt=\"fotonoticia_20160222142625_800\" width=\"360\" height=\"203\" srcset=\"https:\/\/www.eldigitaldeasturias.com\/noticias\/wp-content\/uploads\/2016\/02\/fotonoticia_20160222142625_800-360x203.jpg 360w, https:\/\/www.eldigitaldeasturias.com\/noticias\/wp-content\/uploads\/2016\/02\/fotonoticia_20160222142625_800-768x432.jpg 768w, https:\/\/www.eldigitaldeasturias.com\/noticias\/wp-content\/uploads\/2016\/02\/fotonoticia_20160222142625_800-650x366.jpg 650w, https:\/\/www.eldigitaldeasturias.com\/noticias\/wp-content\/uploads\/2016\/02\/fotonoticia_20160222142625_800.jpg 800w\" sizes=\"auto, (max-width: 360px) 100vw, 360px\" \/>El lehendakari, I\u00f1igo Urkullu, ha expresado su preocupaci\u00f3n porque, pasados dos meses desde las elecciones generales y a una semana de la sesi\u00f3n de investidura, se sienten este lunes a hablar PSOE y Podemos a iniciativa de IU, y porque Ciudadanos, partido con el que los socialistas han negociado, haya advertido de que \u00abel tiempo va pasando\u00bb y el acuerdo \u00abse aleja\u00bb.<\/p>\n<p>El presidente del Gobierno vasco, que no piensa, en principio, que vaya a haber adelanto de elecciones auton\u00f3micas en Euskadi y que ha apostado porque no se repitan las generales, no descarta que el presidente del Gobierno en funciones, Mariano Rajoy, tenga \u00abviabilidad\u00bb para volver a ser elegido presidente despu\u00e9s de que no haya intentado \u00abconcitar acuerdos\u00bb, y valora que el l\u00edder del PSOE, Pedro S\u00e1nchez, intente avanzar en las negociaciones.<\/p>\n<p>En una entrevista concedida a Radio Euskadi, recogida por Europa Press, Urkullu ha manifestado que no ha visto a nadie \u00abque haya intentando avanzar en conversaciones para una sesi\u00f3n de investidura\u00bb que no sea S\u00e1nchez, en alusi\u00f3n a Rajoy.<\/p>\n<p>Adem\u00e1s, ha recordado que en el Partido Popular existen voces que \u00abcuestionan que Mariano Rajoy pueda seguir\u00bb. A su juicio, \u00abel ejercicio que se ha hecho en los \u00faltimos meses por parte de Mariano Rajoy no es la mejor garant\u00eda para que siga siendo presidente del Gobierno espa\u00f1ol, es decir, habiendo ganado las elecciones, \u00e9l mismo se ha autodescartado\u00bb para la investidura.<\/p>\n<p>Adem\u00e1s, ha dicho que no ha intentado \u00abconversaciones en profundidad con ninguna formaci\u00f3n pol\u00edtica\u00bb. \u00abPor tanto, no s\u00e9 qu\u00e9 viabilidad tiene una persona que, habiendo ganado las elecciones, no ha hecho nada por concitar ning\u00fan apoyo\u00bb, ha a\u00f1adido.<\/p>\n<p>GENERALES<\/p>\n<p>I\u00f1igo Urkullu ha reconocido que \u00abno ser\u00eda recomendable\u00bb que se repitieran las elecciones generales y ha advertido de que ser\u00eda \u00abmuy complicado\u00bb un gobierno del PSOE en solitario \u00absin acuerdos de base con otras formaciones\u00bb.<\/p>\n<p>El presidente vasco ha subrayado que es necesaria \u00abuna estabilidad\u00bb y \u00abun gobierno s\u00f3lido\u00bb. \u00abUnas nuevas elecciones indicar\u00edan que no hay estabilidad y mover\u00edan a la desconfianza, al hast\u00edo de los ciudadanos. No creo que la f\u00f3rmula m\u00e1s aconsejable sea la reiteraci\u00f3n de elecciones\u00bb, ha remarcado.<\/p>\n<p>En esta l\u00ednea, ha valorado que S\u00e1nchez intente avanzar en \u00abunas negociaciones\u00bb, y ha insistido en que el planteamiento del PNV es esperar a ver cu\u00e1l pueden ser los acuerdos que alcance con \u00abPodemos, Ciudadanos u otras formaciones\u00bb. De esta forma, ha recordado que los jeltzales ya le han planteado \u00abla agenda vasca&#8217;, pero sin que haya puesto \u00abvetos ni l\u00edneas rojas\u00bb.<\/p>\n<p>\u00abMe llama la atenci\u00f3n que este fin de semana hayamos visto palabras desde Ciudadanos, con quien supuestamente el PSOE hab\u00eda negociado, diciendo que el tiempo va pasando y eso hace que el acuerdo se vaya alejando, y me llama la atenci\u00f3n que, dos meses despu\u00e9s de las elecciones generales y a una semana de la sesi\u00f3n se investidura, parece que se sientan el PSOE y Podemos, por iniciativa de otra formaci\u00f3n pol\u00edtica, como es IU\u00bb, ha indicado.<\/p>\n<p>Adem\u00e1s, ha defendido que, si de las conversaciones entre PSOE y Ciudadanos, la formaci\u00f3n de Albert Rivera ha \u00abaparcado\u00bb cuestiones como la supresi\u00f3n del Concierto Econ\u00f3mico y \u00abhay voluntad de avanzar en Cupo, Concierto y resto de temas de la agenda vasca\u00bb, como el desarrollo estatutario y paz y convivencia, no habr\u00eda \u00abproblema\u00bb para el PNV en que los socialistas pactaran con C&#8217;s.<\/p>\n<p>Por otro lado, ha considerado que es \u00abmuy complicado\u00bb un gobierno de Pedro S\u00e1nchez en solitario con 90 diputados, \u00absin acuerdos de base con otras formaciones\u00bb y con un Senado en el que el PP tiene mayor\u00eda absoluta.<\/p>\n<p>REIVINDICACIONES<\/p>\n<p>El lehendakari cree que es \u00abirrenunciable\u00bb el cumplimiento del Estatuto y cuestiones como \u00abla bilateralidad y el reconocimiento de la naci\u00f3n\u00bb que est\u00e1n en el acervo del PNV. Entre las cuestiones pendientes de transferir a Euskadi, Urkullu ha destacado la gesti\u00f3n del r\u00e9gimen la Seguridad Social para Euskadi que, seg\u00fan ha asegurado, no rompe \u00abla caja \u00fanica\u00bb y es \u00abcuesti\u00f3n de Ley\u00bb.<\/p>\n<p>El presidente del Gobierno vasco ha defendido \u00abla reclamaci\u00f3n de la gesti\u00f3n del r\u00e9gimen econ\u00f3mico de la seguridad social con car\u00e1cter \u00fanico y en base a un principio de solidaridad\u00bb. \u00ab\u00c9se es el planteamiento del PNV y m\u00edo como lehendakari y eso no es romper la caja \u00fanica, sino lo contrario\u00bb, ha apuntado.<\/p>\n<p>I\u00f1igo Urkullu ha explicado que \u00ablo que dice el Estatuto es la transferencia del r\u00e9gimen econ\u00f3mico de la Seguridad Social, y el propio Estatuto dice que la gesti\u00f3n del r\u00e9gimen se har\u00e1 mediante convenio, pactando con el Estado\u00bb. En este sentido, ha subrayado que esto est\u00e1 \u00abcontemplado en el Estatuto\u00bb y, por lo tanto, \u00abes cuesti\u00f3n de Ley, de fuero\u00bb.<\/p>\n<p>Urkullu ha manifestado que, \u00abhoy en d\u00eda, hay 24 materias pendientes de transferir a la Comunidad Aut\u00f3noma Vasca y una de ellas es la gesti\u00f3n del r\u00e9gimen econ\u00f3mico de la Seguridad Social\u00bb.<\/p>\n<p>\u00abLo irrenunciable es el cumplimiento del Estatuto y tambi\u00e9n est\u00e1 en el acervo del PNV cuestiones que afectan al autogobierno. Ah\u00ed entran otros apartados como bilateralidad o el reconocimiento de la naci\u00f3n, adem\u00e1s de otras cuestiones clave en \u00e1mbito econ\u00f3mico y fiscal, como acuerdos sobre el cupo o la profundizaci\u00f3n del Concierto\u00bb, ha aseverado.<\/p>\n<p>ELECCIONES VASCAS<\/p>\n<p>El lehendakari ha reconocido que no ve razones, \u00abpor el momento\u00bb, para adelantar las elecciones auton\u00f3micas, aunque ha puntualizado de que \u00abtodo es analizable\u00bb, ya que \u00ablas circunstancias que afectan a la pol\u00edtica en el Estado puedan condicionar\u00bb los comicios vascos.<\/p>\n<p>El presidente del Gobierno vasco ha incidido en que, actualmente, est\u00e1 \u00abplenamente dedicado al cumplimiento de la legislatura\u00bb, aunque, en funci\u00f3n de las circunstancias en el Estado espa\u00f1ol, habr\u00e1 que ver \u00abde qu\u00e9 manera inciden en la vida pol\u00edtica y parlamentaria\u00bb unos hipot\u00e9ticos nuevos comicios generales.<\/p>\n<p>\u00abPor lo que respecta a la legislatura vasca estoy plenamente centrado en el cumplimiento de mi programa y no me he parado a pensar, por circunstancias propias, tuviera que proceder a un adelanto de elecciones\u00bb, ha expresado. En este contexto, ha subrayado que, \u00absi no hay adelanto\u00bb, las elecciones vascas se celebrar\u00e1n \u00abdespu\u00e9s del verano\u00bb.<\/p>\n<p>Urkullu ha considerado que PNV y PSE-EE no se est\u00e1n \u00abdistanciando\u00bb y ha valorado que se est\u00e9 cumpliendo el acuerdo marco de reactivaci\u00f3n econ\u00f3mica y generaci\u00f3n de empleo que ambas formaciones firmaron.<\/p>\n<p>\u00abHemos tenido tambi\u00e9n una consecuencia en la conformaci\u00f3n de gobiernos de diputaciones y ayuntamientos con la esperanza de que tambi\u00e9n haya un gobierno de coalici\u00f3n en Vitoria. No veo un distanciamiento, sino un juego al que tambi\u00e9n se suman otras formaciones\u00bb, ha afirmado.<\/p>\n<p>El lehendakari ha manifestado, adem\u00e1s, que ve una \u00abevoluci\u00f3n\u00bb en EH Bildu \u00abhacia lo que es m\u00e1s pragmatismo y el reconocimiento de la labor institucional\u00bb. Asimismo, ha remarcado que se ha alcanzado un acuerdo en Eudel y se est\u00e1 profundizando las conversaciones en proyectos de ley como el de la Ley Municipal.\u00bbEn esta cuesti\u00f3n, el PNV est\u00e1 dialogando con EH Bildu y mantiene un di\u00e1logo abierto y permanente con el PSE\u00bb, ha indicado.<\/p>\n<p>Asimismo, ha asegurado que no teme la posibilidad de que el exportavoz de Batasuna, Arnaldo Otegi, se presente como candidato a lehendakari cuando sea excarcelado, ya que \u00abel PNV sale el primero en las encuestas\u00bb.<\/p>\n<p>\u00abNo s\u00e9 cu\u00e1l es el proceso que desembocar\u00e1 en el seno de la izquierda abertzale. Es la izquierda abertzale en su conjunto la que debe reflexionar sobre su pasado y lo que quiera que sea el futuro y no creo que lo base todo en lo que pueda ser el potencial de una persona\u00bb, ha manifestado.<\/p>\n<p>Por \u00faltimo, ha criticado que el presidente del PP vasco, Alfonso Alonso, no le haya llamado desde que fue elegido para el cargo en sustituci\u00f3n de Arantza Quiroga.<\/p>\n","protected":false},"excerpt":{"rendered":"<p>El lehendakari, I\u00f1igo Urkullu, ha expresado su preocupaci\u00f3n porque, pasados dos meses desde las elecciones generales y a una semana de la sesi\u00f3n de investidura, se sienten este lunes a hablar PSOE y Podemos a iniciativa de IU, y porque Ciudadanos, partido con el que los socialistas han negociado, haya advertido de que \u00abel tiempo [&hellip;]<\/p>\n","protected":false},"author":1,"featured_media":861007,"comment_status":"closed","ping_status":"closed","sticky":false,"template":"","format":"standard","meta":{"footnotes":""},"categories":[1],"tags":[],"class_list":["post-861006","post","type-post","status-publish","format-standard","has-post-thumbnail","hentry","category-actualidad"],"aioseo_notices":[],"aioseo_head":"\n\t\t<!-- All in One SEO Pro 4.9.6.2 - aioseo.com -->\n\t<meta name=\"description\" content=\"El lehendakari, I\u00f1igo Urkullu, ha expresado su preocupaci\u00f3n porque, pasados dos meses desde las elecciones generales y a una semana de la sesi\u00f3n de investidura, se sienten este lunes a hablar PSOE y Podemos a iniciativa de IU, y porque Ciudadanos, partido con el que los socialistas han negociado, haya advertido de que &quot;el tiempo\" \/>\n\t<meta name=\"robots\" content=\"max-image-preview:large\" \/>\n\t<meta name=\"author\" content=\"El Digital de Asturias\"\/>\n\t<meta name=\"google-site-verification\" content=\"UA-38556648-1\" \/>\n\t<meta name=\"msvalidate.01\" content=\"7dfe9f3f1b24437ab69f4f2559babe99\" \/>\n\t<meta name=\"keywords\" content=\"actualidad\" \/>\n\t<link rel=\"canonical\" href=\"https:\/\/www.eldigitaldeasturias.com\/noticias\/urkullu-descarta-que-rajoy-tenga-viabilidad-para-volver-a-ser-elegido-presidente\/\" \/>\n\t<meta name=\"generator\" content=\"All in One SEO Pro (AIOSEO) 4.9.6.2\" \/>\n\t\t<meta property=\"og:locale\" content=\"es_ES\" \/>\n\t\t<meta property=\"og:site_name\" content=\"El Digital de Asturias\" \/>\n\t\t<meta property=\"og:type\" content=\"article\" \/>\n\t\t<meta property=\"og:title\" content=\"Urkullu descarta que Rajoy tenga \u00abviabilidad\u00bb para volver a ser elegido presidente - El Digital de Asturias\" \/>\n\t\t<meta property=\"og:description\" content=\"El lehendakari, I\u00f1igo Urkullu, ha expresado su preocupaci\u00f3n porque, pasados dos meses desde las elecciones generales y a una semana de la sesi\u00f3n de investidura, se sienten este lunes a hablar PSOE y Podemos a iniciativa de IU, y porque Ciudadanos, partido con el que los socialistas han negociado, haya advertido de que &quot;el tiempo\" \/>\n\t\t<meta property=\"og:url\" content=\"https:\/\/www.eldigitaldeasturias.com\/noticias\/urkullu-descarta-que-rajoy-tenga-viabilidad-para-volver-a-ser-elegido-presidente\/\" \/>\n\t\t<meta property=\"og:image\" content=\"https:\/\/www.eldigitaldeasturias.com\/noticias\/wp-content\/uploads\/2016\/02\/fotonoticia_20160222142625_800.jpg\" \/>\n\t\t<meta property=\"og:image:secure_url\" content=\"https:\/\/www.eldigitaldeasturias.com\/noticias\/wp-content\/uploads\/2016\/02\/fotonoticia_20160222142625_800.jpg\" \/>\n\t\t<meta property=\"og:image:width\" content=\"800\" \/>\n\t\t<meta property=\"og:image:height\" content=\"450\" \/>\n\t\t<meta property=\"article:tag\" content=\"actualidad\" \/>\n\t\t<meta property=\"article:published_time\" content=\"2016-02-23T04:04:05+00:00\" \/>\n\t\t<meta property=\"article:modified_time\" content=\"2016-02-23T04:04:05+00:00\" \/>\n\t\t<meta property=\"article:publisher\" content=\"https:\/\/facebook.com\/eldigitaldeasturias\" \/>\n\t\t<meta name=\"twitter:card\" content=\"summary_large_image\" \/>\n\t\t<meta name=\"twitter:title\" content=\"Urkullu descarta que Rajoy tenga \u00abviabilidad\u00bb para volver a ser elegido presidente - El Digital de Asturias\" \/>\n\t\t<meta name=\"twitter:description\" content=\"El lehendakari, I\u00f1igo Urkullu, ha expresado su preocupaci\u00f3n porque, pasados dos meses desde las elecciones generales y a una semana de la sesi\u00f3n de investidura, se sienten este lunes a hablar PSOE y Podemos a iniciativa de IU, y porque Ciudadanos, partido con el que los socialistas han negociado, haya advertido de que &quot;el tiempo\" \/>\n\t\t<meta name=\"twitter:image\" content=\"https:\/\/www.eldigitaldeasturias.com\/noticias\/wp-content\/uploads\/2016\/02\/fotonoticia_20160222142625_800.jpg\" \/>\n\t\t<meta name=\"twitter:label1\" content=\"Escrito por\" \/>\n\t\t<meta name=\"twitter:data1\" content=\"El Digital de Asturias\" \/>\n\t\t<meta name=\"twitter:label2\" content=\"Tiempo de lectura estimado\" \/>\n\t\t<meta name=\"twitter:data2\" content=\"7 minutos\" \/>\n\t\t<script type=\"application\/ld+json\" class=\"aioseo-schema\">\n\t\t\t{\"@context\":\"https:\\\/\\\/schema.org\",\"@graph\":[{\"@type\":\"BlogPosting\",\"@id\":\"https:\\\/\\\/www.eldigitaldeasturias.com\\\/noticias\\\/urkullu-descarta-que-rajoy-tenga-viabilidad-para-volver-a-ser-elegido-presidente\\\/#blogposting\",\"name\":\"Urkullu descarta que Rajoy tenga \\u00abviabilidad\\u00bb para volver a ser elegido presidente - El Digital de Asturias\",\"headline\":\"Urkullu descarta que Rajoy tenga \\u00abviabilidad\\u00bb para volver a ser elegido presidente\",\"author\":{\"@id\":\"https:\\\/\\\/www.eldigitaldeasturias.com\\\/noticias\\\/author\\\/admin\\\/#author\"},\"publisher\":{\"@id\":\"https:\\\/\\\/www.eldigitaldeasturias.com\\\/noticias\\\/#organization\"},\"image\":{\"@type\":\"ImageObject\",\"url\":\"https:\\\/\\\/www.eldigitaldeasturias.com\\\/noticias\\\/wp-content\\\/uploads\\\/2016\\\/02\\\/fotonoticia_20160222142625_800.jpg\",\"width\":800,\"height\":450},\"datePublished\":\"2016-02-23T04:04:05+01:00\",\"dateModified\":\"2016-02-23T04:04:05+01:00\",\"inLanguage\":\"es-ES\",\"mainEntityOfPage\":{\"@id\":\"https:\\\/\\\/www.eldigitaldeasturias.com\\\/noticias\\\/urkullu-descarta-que-rajoy-tenga-viabilidad-para-volver-a-ser-elegido-presidente\\\/#webpage\"},\"isPartOf\":{\"@id\":\"https:\\\/\\\/www.eldigitaldeasturias.com\\\/noticias\\\/urkullu-descarta-que-rajoy-tenga-viabilidad-para-volver-a-ser-elegido-presidente\\\/#webpage\"},\"articleSection\":\"Actualidad\"},{\"@type\":\"BreadcrumbList\",\"@id\":\"https:\\\/\\\/www.eldigitaldeasturias.com\\\/noticias\\\/urkullu-descarta-que-rajoy-tenga-viabilidad-para-volver-a-ser-elegido-presidente\\\/#breadcrumblist\",\"itemListElement\":[{\"@type\":\"ListItem\",\"@id\":\"https:\\\/\\\/www.eldigitaldeasturias.com\\\/noticias#listItem\",\"position\":1,\"name\":\"Home\",\"item\":\"https:\\\/\\\/www.eldigitaldeasturias.com\\\/noticias\",\"nextItem\":{\"@type\":\"ListItem\",\"@id\":\"https:\\\/\\\/www.eldigitaldeasturias.com\\\/noticias\\\/category\\\/actualidad\\\/#listItem\",\"name\":\"Actualidad\"}},{\"@type\":\"ListItem\",\"@id\":\"https:\\\/\\\/www.eldigitaldeasturias.com\\\/noticias\\\/category\\\/actualidad\\\/#listItem\",\"position\":2,\"name\":\"Actualidad\",\"item\":\"https:\\\/\\\/www.eldigitaldeasturias.com\\\/noticias\\\/category\\\/actualidad\\\/\",\"nextItem\":{\"@type\":\"ListItem\",\"@id\":\"https:\\\/\\\/www.eldigitaldeasturias.com\\\/noticias\\\/urkullu-descarta-que-rajoy-tenga-viabilidad-para-volver-a-ser-elegido-presidente\\\/#listItem\",\"name\":\"Urkullu descarta que Rajoy tenga \\u00abviabilidad\\u00bb para volver a ser elegido presidente\"},\"previousItem\":{\"@type\":\"ListItem\",\"@id\":\"https:\\\/\\\/www.eldigitaldeasturias.com\\\/noticias#listItem\",\"name\":\"Home\"}},{\"@type\":\"ListItem\",\"@id\":\"https:\\\/\\\/www.eldigitaldeasturias.com\\\/noticias\\\/urkullu-descarta-que-rajoy-tenga-viabilidad-para-volver-a-ser-elegido-presidente\\\/#listItem\",\"position\":3,\"name\":\"Urkullu descarta que Rajoy tenga \\u00abviabilidad\\u00bb para volver a ser elegido presidente\",\"previousItem\":{\"@type\":\"ListItem\",\"@id\":\"https:\\\/\\\/www.eldigitaldeasturias.com\\\/noticias\\\/category\\\/actualidad\\\/#listItem\",\"name\":\"Actualidad\"}}]},{\"@type\":\"Organization\",\"@id\":\"https:\\\/\\\/www.eldigitaldeasturias.com\\\/noticias\\\/#organization\",\"name\":\"El Digital de Asturias\",\"description\":\"Hemeroteca\",\"url\":\"https:\\\/\\\/www.eldigitaldeasturias.com\\\/noticias\\\/\",\"email\":\"info@eldigitaldeasturias.com\",\"telephone\":\"+34652131393\",\"logo\":{\"@type\":\"ImageObject\",\"url\":\"https:\\\/\\\/www.eldigitaldeasturias.com\\\/noticias\\\/wp-content\\\/uploads\\\/2020\\\/12\\\/EDA.jpg\",\"@id\":\"https:\\\/\\\/www.eldigitaldeasturias.com\\\/noticias\\\/urkullu-descarta-que-rajoy-tenga-viabilidad-para-volver-a-ser-elegido-presidente\\\/#organizationLogo\",\"width\":649,\"height\":297},\"image\":{\"@id\":\"https:\\\/\\\/www.eldigitaldeasturias.com\\\/noticias\\\/urkullu-descarta-que-rajoy-tenga-viabilidad-para-volver-a-ser-elegido-presidente\\\/#organizationLogo\"},\"sameAs\":[\"https:\\\/\\\/facebook.com\\\/eldigitaldeasturias\",\"https:\\\/\\\/www.youtube.com\\\/channel\\\/UCZP-2wLEB9Rv6erhFmqVnvg\"],\"address\":{\"@id\":\"https:\\\/\\\/www.eldigitaldeasturias.com\\\/noticias\\\/#postaladdress\",\"@type\":\"PostalAddress\",\"streetAddress\":\"san antonio 4,\",\"postalCode\":\"33430\",\"addressLocality\":\"Cand\\u00e1s\",\"addressRegion\":\"Asturias\",\"addressCountry\":\"ES\"}},{\"@type\":\"Person\",\"@id\":\"https:\\\/\\\/www.eldigitaldeasturias.com\\\/noticias\\\/author\\\/admin\\\/#author\",\"url\":\"https:\\\/\\\/www.eldigitaldeasturias.com\\\/noticias\\\/author\\\/admin\\\/\",\"name\":\"El Digital de Asturias\",\"image\":{\"@type\":\"ImageObject\",\"@id\":\"https:\\\/\\\/www.eldigitaldeasturias.com\\\/noticias\\\/urkullu-descarta-que-rajoy-tenga-viabilidad-para-volver-a-ser-elegido-presidente\\\/#authorImage\",\"url\":\"https:\\\/\\\/www.eldigitaldeasturias.com\\\/noticias\\\/wp-content\\\/litespeed\\\/avatar\\\/18677e78aa0546b92d9dbf31ec7d7668.jpg?ver=1777290358\",\"width\":96,\"height\":96,\"caption\":\"El Digital de Asturias\"}},{\"@type\":\"WebPage\",\"@id\":\"https:\\\/\\\/www.eldigitaldeasturias.com\\\/noticias\\\/urkullu-descarta-que-rajoy-tenga-viabilidad-para-volver-a-ser-elegido-presidente\\\/#webpage\",\"url\":\"https:\\\/\\\/www.eldigitaldeasturias.com\\\/noticias\\\/urkullu-descarta-que-rajoy-tenga-viabilidad-para-volver-a-ser-elegido-presidente\\\/\",\"name\":\"Urkullu descarta que Rajoy tenga \\u00abviabilidad\\u00bb para volver a ser elegido presidente - El Digital de Asturias\",\"description\":\"El lehendakari, I\\u00f1igo Urkullu, ha expresado su preocupaci\\u00f3n porque, pasados dos meses desde las elecciones generales y a una semana de la sesi\\u00f3n de investidura, se sienten este lunes a hablar PSOE y Podemos a iniciativa de IU, y porque Ciudadanos, partido con el que los socialistas han negociado, haya advertido de que \\\"el tiempo\",\"inLanguage\":\"es-ES\",\"isPartOf\":{\"@id\":\"https:\\\/\\\/www.eldigitaldeasturias.com\\\/noticias\\\/#website\"},\"breadcrumb\":{\"@id\":\"https:\\\/\\\/www.eldigitaldeasturias.com\\\/noticias\\\/urkullu-descarta-que-rajoy-tenga-viabilidad-para-volver-a-ser-elegido-presidente\\\/#breadcrumblist\"},\"author\":{\"@id\":\"https:\\\/\\\/www.eldigitaldeasturias.com\\\/noticias\\\/author\\\/admin\\\/#author\"},\"creator\":{\"@id\":\"https:\\\/\\\/www.eldigitaldeasturias.com\\\/noticias\\\/author\\\/admin\\\/#author\"},\"image\":{\"@type\":\"ImageObject\",\"url\":\"https:\\\/\\\/www.eldigitaldeasturias.com\\\/noticias\\\/wp-content\\\/uploads\\\/2016\\\/02\\\/fotonoticia_20160222142625_800.jpg\",\"@id\":\"https:\\\/\\\/www.eldigitaldeasturias.com\\\/noticias\\\/urkullu-descarta-que-rajoy-tenga-viabilidad-para-volver-a-ser-elegido-presidente\\\/#mainImage\",\"width\":800,\"height\":450},\"primaryImageOfPage\":{\"@id\":\"https:\\\/\\\/www.eldigitaldeasturias.com\\\/noticias\\\/urkullu-descarta-que-rajoy-tenga-viabilidad-para-volver-a-ser-elegido-presidente\\\/#mainImage\"},\"datePublished\":\"2016-02-23T04:04:05+01:00\",\"dateModified\":\"2016-02-23T04:04:05+01:00\"},{\"@type\":\"WebSite\",\"@id\":\"https:\\\/\\\/www.eldigitaldeasturias.com\\\/noticias\\\/#website\",\"url\":\"https:\\\/\\\/www.eldigitaldeasturias.com\\\/noticias\\\/\",\"name\":\"El Digital de Asturias - Diario de actualidad y noticias\",\"alternateName\":\"El Digital de Asturias - Diario de actualidad y noticias\",\"description\":\"Hemeroteca\",\"inLanguage\":\"es-ES\",\"publisher\":{\"@id\":\"https:\\\/\\\/www.eldigitaldeasturias.com\\\/noticias\\\/#organization\"}}]}\n\t\t<\/script>\n\t\t<!-- All in One SEO Pro -->\r\n\t\t<title>Urkullu descarta que Rajoy tenga \u00abviabilidad\u00bb para volver a ser elegido presidente - El Digital de Asturias<\/title>\n\n","aioseo_head_json":{"title":"Urkullu descarta que Rajoy tenga \u00abviabilidad\u00bb para volver a ser elegido presidente - El Digital de Asturias","description":"El lehendakari, I\u00f1igo Urkullu, ha expresado su preocupaci\u00f3n porque, pasados dos meses desde las elecciones generales y a una semana de la sesi\u00f3n de investidura, se sienten este lunes a hablar PSOE y Podemos a iniciativa de IU, y porque Ciudadanos, partido con el que los socialistas han negociado, haya advertido de que \"el tiempo","canonical_url":"https:\/\/www.eldigitaldeasturias.com\/noticias\/urkullu-descarta-que-rajoy-tenga-viabilidad-para-volver-a-ser-elegido-presidente\/","robots":"max-image-preview:large","keywords":"actualidad","webmasterTools":{"google-site-verification":"UA-38556648-1","msvalidate.01":"7dfe9f3f1b24437ab69f4f2559babe99","miscellaneous":""},"schema":{"@context":"https:\/\/schema.org","@graph":[{"@type":"BlogPosting","@id":"https:\/\/www.eldigitaldeasturias.com\/noticias\/urkullu-descarta-que-rajoy-tenga-viabilidad-para-volver-a-ser-elegido-presidente\/#blogposting","name":"Urkullu descarta que Rajoy tenga \u00abviabilidad\u00bb para volver a ser elegido presidente - El Digital de Asturias","headline":"Urkullu descarta que Rajoy tenga \u00abviabilidad\u00bb para volver a ser elegido presidente","author":{"@id":"https:\/\/www.eldigitaldeasturias.com\/noticias\/author\/admin\/#author"},"publisher":{"@id":"https:\/\/www.eldigitaldeasturias.com\/noticias\/#organization"},"image":{"@type":"ImageObject","url":"https:\/\/www.eldigitaldeasturias.com\/noticias\/wp-content\/uploads\/2016\/02\/fotonoticia_20160222142625_800.jpg","width":800,"height":450},"datePublished":"2016-02-23T04:04:05+01:00","dateModified":"2016-02-23T04:04:05+01:00","inLanguage":"es-ES","mainEntityOfPage":{"@id":"https:\/\/www.eldigitaldeasturias.com\/noticias\/urkullu-descarta-que-rajoy-tenga-viabilidad-para-volver-a-ser-elegido-presidente\/#webpage"},"isPartOf":{"@id":"https:\/\/www.eldigitaldeasturias.com\/noticias\/urkullu-descarta-que-rajoy-tenga-viabilidad-para-volver-a-ser-elegido-presidente\/#webpage"},"articleSection":"Actualidad"},{"@type":"BreadcrumbList","@id":"https:\/\/www.eldigitaldeasturias.com\/noticias\/urkullu-descarta-que-rajoy-tenga-viabilidad-para-volver-a-ser-elegido-presidente\/#breadcrumblist","itemListElement":[{"@type":"ListItem","@id":"https:\/\/www.eldigitaldeasturias.com\/noticias#listItem","position":1,"name":"Home","item":"https:\/\/www.eldigitaldeasturias.com\/noticias","nextItem":{"@type":"ListItem","@id":"https:\/\/www.eldigitaldeasturias.com\/noticias\/category\/actualidad\/#listItem","name":"Actualidad"}},{"@type":"ListItem","@id":"https:\/\/www.eldigitaldeasturias.com\/noticias\/category\/actualidad\/#listItem","position":2,"name":"Actualidad","item":"https:\/\/www.eldigitaldeasturias.com\/noticias\/category\/actualidad\/","nextItem":{"@type":"ListItem","@id":"https:\/\/www.eldigitaldeasturias.com\/noticias\/urkullu-descarta-que-rajoy-tenga-viabilidad-para-volver-a-ser-elegido-presidente\/#listItem","name":"Urkullu descarta que Rajoy tenga \u00abviabilidad\u00bb para volver a ser elegido presidente"},"previousItem":{"@type":"ListItem","@id":"https:\/\/www.eldigitaldeasturias.com\/noticias#listItem","name":"Home"}},{"@type":"ListItem","@id":"https:\/\/www.eldigitaldeasturias.com\/noticias\/urkullu-descarta-que-rajoy-tenga-viabilidad-para-volver-a-ser-elegido-presidente\/#listItem","position":3,"name":"Urkullu descarta que Rajoy tenga \u00abviabilidad\u00bb para volver a ser elegido presidente","previousItem":{"@type":"ListItem","@id":"https:\/\/www.eldigitaldeasturias.com\/noticias\/category\/actualidad\/#listItem","name":"Actualidad"}}]},{"@type":"Organization","@id":"https:\/\/www.eldigitaldeasturias.com\/noticias\/#organization","name":"El Digital de Asturias","description":"Hemeroteca","url":"https:\/\/www.eldigitaldeasturias.com\/noticias\/","email":"info@eldigitaldeasturias.com","telephone":"+34652131393","logo":{"@type":"ImageObject","url":"https:\/\/www.eldigitaldeasturias.com\/noticias\/wp-content\/uploads\/2020\/12\/EDA.jpg","@id":"https:\/\/www.eldigitaldeasturias.com\/noticias\/urkullu-descarta-que-rajoy-tenga-viabilidad-para-volver-a-ser-elegido-presidente\/#organizationLogo","width":649,"height":297},"image":{"@id":"https:\/\/www.eldigitaldeasturias.com\/noticias\/urkullu-descarta-que-rajoy-tenga-viabilidad-para-volver-a-ser-elegido-presidente\/#organizationLogo"},"sameAs":["https:\/\/facebook.com\/eldigitaldeasturias","https:\/\/www.youtube.com\/channel\/UCZP-2wLEB9Rv6erhFmqVnvg"],"address":{"@id":"https:\/\/www.eldigitaldeasturias.com\/noticias\/#postaladdress","@type":"PostalAddress","streetAddress":"san antonio 4,","postalCode":"33430","addressLocality":"Cand\u00e1s","addressRegion":"Asturias","addressCountry":"ES"}},{"@type":"Person","@id":"https:\/\/www.eldigitaldeasturias.com\/noticias\/author\/admin\/#author","url":"https:\/\/www.eldigitaldeasturias.com\/noticias\/author\/admin\/","name":"El Digital de Asturias","image":{"@type":"ImageObject","@id":"https:\/\/www.eldigitaldeasturias.com\/noticias\/urkullu-descarta-que-rajoy-tenga-viabilidad-para-volver-a-ser-elegido-presidente\/#authorImage","url":"https:\/\/www.eldigitaldeasturias.com\/noticias\/wp-content\/litespeed\/avatar\/18677e78aa0546b92d9dbf31ec7d7668.jpg?ver=1777290358","width":96,"height":96,"caption":"El Digital de Asturias"}},{"@type":"WebPage","@id":"https:\/\/www.eldigitaldeasturias.com\/noticias\/urkullu-descarta-que-rajoy-tenga-viabilidad-para-volver-a-ser-elegido-presidente\/#webpage","url":"https:\/\/www.eldigitaldeasturias.com\/noticias\/urkullu-descarta-que-rajoy-tenga-viabilidad-para-volver-a-ser-elegido-presidente\/","name":"Urkullu descarta que Rajoy tenga \u00abviabilidad\u00bb para volver a ser elegido presidente - El Digital de Asturias","description":"El lehendakari, I\u00f1igo Urkullu, ha expresado su preocupaci\u00f3n porque, pasados dos meses desde las elecciones generales y a una semana de la sesi\u00f3n de investidura, se sienten este lunes a hablar PSOE y Podemos a iniciativa de IU, y porque Ciudadanos, partido con el que los socialistas han negociado, haya advertido de que \"el tiempo","inLanguage":"es-ES","isPartOf":{"@id":"https:\/\/www.eldigitaldeasturias.com\/noticias\/#website"},"breadcrumb":{"@id":"https:\/\/www.eldigitaldeasturias.com\/noticias\/urkullu-descarta-que-rajoy-tenga-viabilidad-para-volver-a-ser-elegido-presidente\/#breadcrumblist"},"author":{"@id":"https:\/\/www.eldigitaldeasturias.com\/noticias\/author\/admin\/#author"},"creator":{"@id":"https:\/\/www.eldigitaldeasturias.com\/noticias\/author\/admin\/#author"},"image":{"@type":"ImageObject","url":"https:\/\/www.eldigitaldeasturias.com\/noticias\/wp-content\/uploads\/2016\/02\/fotonoticia_20160222142625_800.jpg","@id":"https:\/\/www.eldigitaldeasturias.com\/noticias\/urkullu-descarta-que-rajoy-tenga-viabilidad-para-volver-a-ser-elegido-presidente\/#mainImage","width":800,"height":450},"primaryImageOfPage":{"@id":"https:\/\/www.eldigitaldeasturias.com\/noticias\/urkullu-descarta-que-rajoy-tenga-viabilidad-para-volver-a-ser-elegido-presidente\/#mainImage"},"datePublished":"2016-02-23T04:04:05+01:00","dateModified":"2016-02-23T04:04:05+01:00"},{"@type":"WebSite","@id":"https:\/\/www.eldigitaldeasturias.com\/noticias\/#website","url":"https:\/\/www.eldigitaldeasturias.com\/noticias\/","name":"El Digital de Asturias - Diario de actualidad y noticias","alternateName":"El Digital de Asturias - Diario de actualidad y noticias","description":"Hemeroteca","inLanguage":"es-ES","publisher":{"@id":"https:\/\/www.eldigitaldeasturias.com\/noticias\/#organization"}}]},"og:locale":"es_ES","og:site_name":"El Digital de Asturias","og:type":"article","og:title":"Urkullu descarta que Rajoy tenga \u00abviabilidad\u00bb para volver a ser elegido presidente - El Digital de Asturias","og:description":"El lehendakari, I\u00f1igo Urkullu, ha expresado su preocupaci\u00f3n porque, pasados dos meses desde las elecciones generales y a una semana de la sesi\u00f3n de investidura, se sienten este lunes a hablar PSOE y Podemos a iniciativa de IU, y porque Ciudadanos, partido con el que los socialistas han negociado, haya advertido de que &quot;el tiempo","og:url":"https:\/\/www.eldigitaldeasturias.com\/noticias\/urkullu-descarta-que-rajoy-tenga-viabilidad-para-volver-a-ser-elegido-presidente\/","og:image":"https:\/\/www.eldigitaldeasturias.com\/noticias\/wp-content\/uploads\/2016\/02\/fotonoticia_20160222142625_800.jpg","og:image:secure_url":"https:\/\/www.eldigitaldeasturias.com\/noticias\/wp-content\/uploads\/2016\/02\/fotonoticia_20160222142625_800.jpg","og:image:width":800,"og:image:height":450,"article:tag":["actualidad"],"article:published_time":"2016-02-23T04:04:05+00:00","article:modified_time":"2016-02-23T04:04:05+00:00","article:publisher":"https:\/\/facebook.com\/eldigitaldeasturias","twitter:card":"summary_large_image","twitter:title":"Urkullu descarta que Rajoy tenga \u00abviabilidad\u00bb para volver a ser elegido presidente - El Digital de Asturias","twitter:description":"El lehendakari, I\u00f1igo Urkullu, ha expresado su preocupaci\u00f3n porque, pasados dos meses desde las elecciones generales y a una semana de la sesi\u00f3n de investidura, se sienten este lunes a hablar PSOE y Podemos a iniciativa de IU, y porque Ciudadanos, partido con el que los socialistas han negociado, haya advertido de que &quot;el tiempo","twitter:image":"https:\/\/www.eldigitaldeasturias.com\/noticias\/wp-content\/uploads\/2016\/02\/fotonoticia_20160222142625_800.jpg","twitter:label1":"Escrito por","twitter:data1":"El Digital de Asturias","twitter:label2":"Tiempo de lectura estimado","twitter:data2":"7 minutos"},"aioseo_meta_data":{"post_id":"861006","title":null,"description":null,"keywords":null,"keyphrases":null,"primary_term":null,"canonical_url":null,"og_title":null,"og_description":null,"og_object_type":"default","og_image_type":"default","og_image_url":null,"og_image_width":null,"og_image_height":null,"og_image_custom_url":null,"og_image_custom_fields":null,"og_video":null,"og_custom_url":null,"og_article_section":null,"og_article_tags":null,"twitter_use_og":false,"twitter_card":"default","twitter_image_type":"default","twitter_image_url":null,"twitter_image_custom_url":null,"twitter_image_custom_fields":null,"twitter_title":null,"twitter_description":null,"schema":{"blockGraphs":[],"customGraphs":[],"default":{"data":{"Article":[],"Course":[],"Dataset":[],"FAQPage":[],"Movie":[],"Person":[],"Product":[],"ProductReview":[],"Car":[],"Recipe":[],"Service":[],"SoftwareApplication":[],"WebPage":[]},"graphName":"","isEnabled":true},"graphs":[],"defaultGraph":"","defaultPostTypeGraph":""},"schema_type":null,"schema_type_options":null,"pillar_content":false,"robots_default":true,"robots_noindex":false,"robots_noarchive":false,"robots_nosnippet":false,"robots_nofollow":false,"robots_noimageindex":false,"robots_noodp":false,"robots_notranslate":false,"robots_max_snippet":null,"robots_max_videopreview":null,"robots_max_imagepreview":"large","priority":null,"frequency":null,"local_seo":null,"seo_analyzer_scan_date":"2025-12-10 19:48:07","breadcrumb_settings":null,"limit_modified_date":false,"open_ai":null,"ai":null,"created":"2021-01-22 17:15:46","updated":"2025-12-10 19:48:07"},"aioseo_breadcrumb":"<div class=\"aioseo-breadcrumbs\"><span class=\"aioseo-breadcrumb\">\n\t<a href=\"https:\/\/www.eldigitaldeasturias.com\/noticias\" title=\"Home\">Home<\/a>\n<\/span><span class=\"aioseo-breadcrumb-separator\">\u2013<\/span><span class=\"aioseo-breadcrumb\">\n\t<a href=\"https:\/\/www.eldigitaldeasturias.com\/noticias\/category\/actualidad\/\" title=\"Actualidad\">Actualidad<\/a>\n<\/span><span class=\"aioseo-breadcrumb-separator\">\u2013<\/span><span class=\"aioseo-breadcrumb\">\n\t<a href=\"https:\/\/www.eldigitaldeasturias.com\/noticias\/urkullu-descarta-que-rajoy-tenga-viabilidad-para-volver-a-ser-elegido-presidente\/\" title=\"Urkullu descarta que Rajoy tenga \u00abviabilidad\u00bb para volver a ser elegido presidente\">Urkullu descarta que Rajoy tenga \u00abviabilidad\u00bb para volver a ser elegido presidente<\/a>\n<\/span><\/div>","aioseo_breadcrumb_json":[{"label":"Home","link":"https:\/\/www.eldigitaldeasturias.com\/noticias"},{"label":"Actualidad","link":"https:\/\/www.eldigitaldeasturias.com\/noticias\/category\/actualidad\/"},{"label":"Urkullu descarta que Rajoy tenga \u00abviabilidad\u00bb para volver a ser elegido presidente","link":"https:\/\/www.eldigitaldeasturias.com\/noticias\/urkullu-descarta-que-rajoy-tenga-viabilidad-para-volver-a-ser-elegido-presidente\/"}],"_links":{"self":[{"href":"https:\/\/www.eldigitaldeasturias.com\/noticias\/wp-json\/wp\/v2\/posts\/861006","targetHints":{"allow":["GET"]}}],"collection":[{"href":"https:\/\/www.eldigitaldeasturias.com\/noticias\/wp-json\/wp\/v2\/posts"}],"about":[{"href":"https:\/\/www.eldigitaldeasturias.com\/noticias\/wp-json\/wp\/v2\/types\/post"}],"author":[{"embeddable":true,"href":"https:\/\/www.eldigitaldeasturias.com\/noticias\/wp-json\/wp\/v2\/users\/1"}],"replies":[{"embeddable":true,"href":"https:\/\/www.eldigitaldeasturias.com\/noticias\/wp-json\/wp\/v2\/comments?post=861006"}],"version-history":[{"count":0,"href":"https:\/\/www.eldigitaldeasturias.com\/noticias\/wp-json\/wp\/v2\/posts\/861006\/revisions"}],"wp:featuredmedia":[{"embeddable":true,"href":"https:\/\/www.eldigitaldeasturias.com\/noticias\/wp-json\/wp\/v2\/media\/861007"}],"wp:attachment":[{"href":"https:\/\/www.eldigitaldeasturias.com\/noticias\/wp-json\/wp\/v2\/media?parent=861006"}],"wp:term":[{"taxonomy":"category","embeddable":true,"href":"https:\/\/www.eldigitaldeasturias.com\/noticias\/wp-json\/wp\/v2\/categories?post=861006"},{"taxonomy":"post_tag","embeddable":true,"href":"https:\/\/www.eldigitaldeasturias.com\/noticias\/wp-json\/wp\/v2\/tags?post=861006"}],"curies":[{"name":"wp","href":"https:\/\/api.w.org\/{rel}","templated":true}]}}