{"id":861003,"date":"2016-02-23T04:02:02","date_gmt":"2016-02-23T04:02:02","guid":{"rendered":"http:\/\/www.eldigitaldeasturias.com\/noticias\/?p=861003"},"modified":"2016-02-23T04:02:02","modified_gmt":"2016-02-23T04:02:02","slug":"pp-y-podemos-preguntaran-al-gobierno-balear-por-el-aumento-de-cargos-de-libre-designacion","status":"publish","type":"post","link":"https:\/\/www.eldigitaldeasturias.com\/noticias\/pp-y-podemos-preguntaran-al-gobierno-balear-por-el-aumento-de-cargos-de-libre-designacion\/","title":{"rendered":"PP y Podemos preguntar\u00e1n al Gobierno balear por el aumento de cargos de libre designaci\u00f3n"},"content":{"rendered":"<p><img loading=\"lazy\" decoding=\"async\" class=\"alignleft size-medium wp-image-861004\" src=\"https:\/\/www.eldigitaldeasturias.com\/noticias\/wp-content\/uploads\/2016\/02\/fotonoticia_20160222134223_800-360x270.jpg\" alt=\"fotonoticia_20160222134223_800\" width=\"360\" height=\"270\" srcset=\"https:\/\/www.eldigitaldeasturias.com\/noticias\/wp-content\/uploads\/2016\/02\/fotonoticia_20160222134223_800-360x270.jpg 360w, https:\/\/www.eldigitaldeasturias.com\/noticias\/wp-content\/uploads\/2016\/02\/fotonoticia_20160222134223_800-768x576.jpg 768w, https:\/\/www.eldigitaldeasturias.com\/noticias\/wp-content\/uploads\/2016\/02\/fotonoticia_20160222134223_800-650x488.jpg 650w, https:\/\/www.eldigitaldeasturias.com\/noticias\/wp-content\/uploads\/2016\/02\/fotonoticia_20160222134223_800-125x95.jpg 125w, https:\/\/www.eldigitaldeasturias.com\/noticias\/wp-content\/uploads\/2016\/02\/fotonoticia_20160222134223_800-100x75.jpg 100w, https:\/\/www.eldigitaldeasturias.com\/noticias\/wp-content\/uploads\/2016\/02\/fotonoticia_20160222134223_800.jpg 800w\" sizes=\"auto, (max-width: 360px) 100vw, 360px\" \/>Los grupos parlamentarios del PP y Podemos preguntar\u00e1n este martes al Gobierno balear por el aumento de cargos de libre designaci\u00f3n a pesar de que, seg\u00fan han asegurado las dos formaciones, esto \u00abrompe\u00bb un acuerdo parlamentario y el compromiso de los Acords pel Canvi establecido entre PSIB, M\u00c9S per Mallorca, M\u00c9S per Menorca y Podemos.<\/p>\n<p>Ambos partidos han incorporado estas preguntas de manera urgente tras las informaciones aparecidas en los medios de comunicaci\u00f3n este fin de semana. Por parte de Podemos, la pregunta la har\u00e1 Aitor Morr\u00e0s y por parte del PP, la llevar\u00e1 a cabo Sandra Fern\u00e1ndez.<\/p>\n<p>As\u00ed lo han informado en sendas ruedas de prensa, que han tenido lugar este lunes, los portavoces de ambos grupos parlamentarios, Alberto Jarabo (Podemos) y Marga Prohens (PP).<\/p>\n<p>De esta manera, Prohens ha recordado que este incremento de puestos de libre designaci\u00f3n va \u00aben contra\u00bb de la resoluci\u00f3n aprobada el 22 de septiembre por la mayor\u00eda del Parlament, en la que se instaba al Ejecutivo \u00aba no incrementar los altos cargos y el personal eventual en esta legislatura, tal como se hab\u00edan comprometido\u00bb.<\/p>\n<p>\u00abEn la misma resoluci\u00f3n -ha dicho la portavoz-, tambi\u00e9n se instaba al Govern a cesar a Juli Fuster como director general del Servei de Salut por nepotismo\u00bb. \u00abNinguno de estos dos puntos se han cumplido lo que supone un desprecio hacia la C\u00e1mara balear\u00bb, ha a\u00f1adido.<\/p>\n<p>\u00ab\u00bfQu\u00e9 hacemos cada martes en el Parlament si el Govern es el primero en incumplir lo que se aprueba por mayor\u00eda?\u00bb, ha preguntado.<\/p>\n<p>Por su parte, Jarabo ha denunciado que no se les haya informado de estas incorporaciones y ha censurado que \u00abse haya rebajado la informaci\u00f3n\u00bb que se les da en relaci\u00f3n \u00aba la acci\u00f3n del Ejecutivo\u00bb.<\/p>\n<p>\u00abNo solo hay tensiones por la ecotasa, sino que ha aumentado la distancia comunicativa entre Podemos y el Govern\u00bb, ha dicho el portavoz que tambi\u00e9n ha lamentado que se haya roto \u00abun acuerdo parlamentario y el compromiso de los Acords pel Canvi\u00bb.<\/p>\n<p>En contra, el Grupo Parlamentario Socialista ha negado que haya menos comunicaci\u00f3n con Podemos y que las contrataciones de los nuevos cargos de libre designaci\u00f3n del Govern est\u00e1n \u00abmotivadas y justificadas, entran dentro de las excepciones permitidas\u00bb y \u00abrepresentan un porcentaje \u00ednfimo de cargos de libre designaci\u00f3n\u00bb.<\/p>\n<p>La diputada del PSIB, S\u00edlvia Cano, se ha expresado de esta manera en otra rueda de prensa y ha dicho que la limitaci\u00f3n de este tipo de contrataciones aprobada en el Parlament \u00abcontempla excepciones a la norma general\u00bb.<\/p>\n<p>\u00abEL GOVERN NO INFORMAR\u00c1 DE LAS ACCIONES DENTRO DE LA NORMALIDAD\u00bb<\/p>\n<p>\u00abNo se ha contratado m\u00e1s personal del necesario\u00bb, ha dicho la socialista para despu\u00e9s a\u00f1adir: \u00abLo que no har\u00e1 el Govern es informar de cada una de las acciones que se hagan dentro de la normalidad ejecutiva del d\u00eda a d\u00eda\u00bb.<\/p>\n<p>Desde M\u00c9S per Mallorca, su portavoz, David Abril, ha expresado que la gesti\u00f3n de nuevos cargos, \u00abhabiendo una casta de altos funcionarios que no facilitan la acci\u00f3n pol\u00edtica\u00bb, es \u00abun tema muy de detalle y de gesti\u00f3n cotidiana\u00bb que \u00absi no se est\u00e1 gobernando no se entiende\u00bb que es, seg\u00fan ha a\u00f1adido, \u00ablo que le pasa a Podemos\u00bb.<\/p>\n<p>Seg\u00fan ha expresado tambi\u00e9n en rueda de prensa \u00abhay una parte de la aparici\u00f3n p\u00fablica de Podemos, en la que se fuerza la discrepancia con los partidos del Govern por el cumplimiento de los Acords pel Canvi, donde el caso m\u00e1s claro es el de la ecotasa\u00bb.<\/p>\n","protected":false},"excerpt":{"rendered":"<p>Los grupos parlamentarios del PP y Podemos preguntar\u00e1n este martes al Gobierno balear por el aumento de cargos de libre designaci\u00f3n a pesar de que, seg\u00fan han asegurado las dos formaciones, esto \u00abrompe\u00bb un acuerdo parlamentario y el compromiso de los Acords pel Canvi establecido entre PSIB, M\u00c9S per Mallorca, M\u00c9S per Menorca y Podemos. [&hellip;]<\/p>\n","protected":false},"author":1,"featured_media":861004,"comment_status":"closed","ping_status":"closed","sticky":false,"template":"","format":"standard","meta":{"footnotes":""},"categories":[1],"tags":[],"class_list":["post-861003","post","type-post","status-publish","format-standard","has-post-thumbnail","hentry","category-actualidad"],"aioseo_notices":[],"aioseo_head":"\n\t\t<!-- All in One SEO Pro 4.9.6.2 - aioseo.com -->\n\t<meta name=\"description\" content=\"Los grupos parlamentarios del PP y Podemos preguntar\u00e1n este martes al Gobierno balear por el aumento de cargos de libre designaci\u00f3n a pesar de que, seg\u00fan han asegurado las dos formaciones, esto &quot;rompe&quot; un acuerdo parlamentario y el compromiso de los Acords pel Canvi establecido entre PSIB, M\u00c9S per Mallorca, M\u00c9S per Menorca y Podemos.\" \/>\n\t<meta name=\"robots\" content=\"max-image-preview:large\" \/>\n\t<meta name=\"author\" content=\"El Digital de Asturias\"\/>\n\t<meta name=\"google-site-verification\" content=\"UA-38556648-1\" \/>\n\t<meta name=\"msvalidate.01\" content=\"7dfe9f3f1b24437ab69f4f2559babe99\" \/>\n\t<meta name=\"keywords\" content=\"actualidad\" \/>\n\t<link rel=\"canonical\" href=\"https:\/\/www.eldigitaldeasturias.com\/noticias\/pp-y-podemos-preguntaran-al-gobierno-balear-por-el-aumento-de-cargos-de-libre-designacion\/\" \/>\n\t<meta name=\"generator\" content=\"All in One SEO Pro (AIOSEO) 4.9.6.2\" \/>\n\t\t<meta property=\"og:locale\" content=\"es_ES\" \/>\n\t\t<meta property=\"og:site_name\" content=\"El Digital de Asturias\" \/>\n\t\t<meta property=\"og:type\" content=\"article\" \/>\n\t\t<meta property=\"og:title\" content=\"PP y Podemos preguntar\u00e1n al Gobierno balear por el aumento de cargos de libre designaci\u00f3n - El Digital de Asturias\" \/>\n\t\t<meta property=\"og:description\" content=\"Los grupos parlamentarios del PP y Podemos preguntar\u00e1n este martes al Gobierno balear por el aumento de cargos de libre designaci\u00f3n a pesar de que, seg\u00fan han asegurado las dos formaciones, esto &quot;rompe&quot; un acuerdo parlamentario y el compromiso de los Acords pel Canvi establecido entre PSIB, M\u00c9S per Mallorca, M\u00c9S per Menorca y Podemos.\" \/>\n\t\t<meta property=\"og:url\" content=\"https:\/\/www.eldigitaldeasturias.com\/noticias\/pp-y-podemos-preguntaran-al-gobierno-balear-por-el-aumento-de-cargos-de-libre-designacion\/\" \/>\n\t\t<meta property=\"og:image\" content=\"https:\/\/www.eldigitaldeasturias.com\/noticias\/wp-content\/uploads\/2016\/02\/fotonoticia_20160222134223_800.jpg\" \/>\n\t\t<meta property=\"og:image:secure_url\" content=\"https:\/\/www.eldigitaldeasturias.com\/noticias\/wp-content\/uploads\/2016\/02\/fotonoticia_20160222134223_800.jpg\" \/>\n\t\t<meta property=\"og:image:width\" content=\"800\" \/>\n\t\t<meta property=\"og:image:height\" content=\"600\" \/>\n\t\t<meta property=\"article:tag\" content=\"actualidad\" \/>\n\t\t<meta property=\"article:published_time\" content=\"2016-02-23T04:02:02+00:00\" \/>\n\t\t<meta property=\"article:modified_time\" content=\"2016-02-23T04:02:02+00:00\" \/>\n\t\t<meta property=\"article:publisher\" content=\"https:\/\/facebook.com\/eldigitaldeasturias\" \/>\n\t\t<meta name=\"twitter:card\" content=\"summary_large_image\" \/>\n\t\t<meta name=\"twitter:title\" content=\"PP y Podemos preguntar\u00e1n al Gobierno balear por el aumento de cargos de libre designaci\u00f3n - El Digital de Asturias\" \/>\n\t\t<meta name=\"twitter:description\" content=\"Los grupos parlamentarios del PP y Podemos preguntar\u00e1n este martes al Gobierno balear por el aumento de cargos de libre designaci\u00f3n a pesar de que, seg\u00fan han asegurado las dos formaciones, esto &quot;rompe&quot; un acuerdo parlamentario y el compromiso de los Acords pel Canvi establecido entre PSIB, M\u00c9S per Mallorca, M\u00c9S per Menorca y Podemos.\" \/>\n\t\t<meta name=\"twitter:image\" content=\"https:\/\/www.eldigitaldeasturias.com\/noticias\/wp-content\/uploads\/2016\/02\/fotonoticia_20160222134223_800.jpg\" \/>\n\t\t<meta name=\"twitter:label1\" content=\"Escrito por\" \/>\n\t\t<meta name=\"twitter:data1\" content=\"El Digital de Asturias\" \/>\n\t\t<meta name=\"twitter:label2\" content=\"Tiempo de lectura estimado\" \/>\n\t\t<meta name=\"twitter:data2\" content=\"3 minutos\" \/>\n\t\t<script type=\"application\/ld+json\" class=\"aioseo-schema\">\n\t\t\t{\"@context\":\"https:\\\/\\\/schema.org\",\"@graph\":[{\"@type\":\"BlogPosting\",\"@id\":\"https:\\\/\\\/www.eldigitaldeasturias.com\\\/noticias\\\/pp-y-podemos-preguntaran-al-gobierno-balear-por-el-aumento-de-cargos-de-libre-designacion\\\/#blogposting\",\"name\":\"PP y Podemos preguntar\\u00e1n al Gobierno balear por el aumento de cargos de libre designaci\\u00f3n - El Digital de Asturias\",\"headline\":\"PP y Podemos preguntar\\u00e1n al Gobierno balear por el aumento de cargos de libre designaci\\u00f3n\",\"author\":{\"@id\":\"https:\\\/\\\/www.eldigitaldeasturias.com\\\/noticias\\\/author\\\/admin\\\/#author\"},\"publisher\":{\"@id\":\"https:\\\/\\\/www.eldigitaldeasturias.com\\\/noticias\\\/#organization\"},\"image\":{\"@type\":\"ImageObject\",\"url\":\"https:\\\/\\\/www.eldigitaldeasturias.com\\\/noticias\\\/wp-content\\\/uploads\\\/2016\\\/02\\\/fotonoticia_20160222134223_800.jpg\",\"width\":800,\"height\":600},\"datePublished\":\"2016-02-23T04:02:02+01:00\",\"dateModified\":\"2016-02-23T04:02:02+01:00\",\"inLanguage\":\"es-ES\",\"mainEntityOfPage\":{\"@id\":\"https:\\\/\\\/www.eldigitaldeasturias.com\\\/noticias\\\/pp-y-podemos-preguntaran-al-gobierno-balear-por-el-aumento-de-cargos-de-libre-designacion\\\/#webpage\"},\"isPartOf\":{\"@id\":\"https:\\\/\\\/www.eldigitaldeasturias.com\\\/noticias\\\/pp-y-podemos-preguntaran-al-gobierno-balear-por-el-aumento-de-cargos-de-libre-designacion\\\/#webpage\"},\"articleSection\":\"Actualidad\"},{\"@type\":\"BreadcrumbList\",\"@id\":\"https:\\\/\\\/www.eldigitaldeasturias.com\\\/noticias\\\/pp-y-podemos-preguntaran-al-gobierno-balear-por-el-aumento-de-cargos-de-libre-designacion\\\/#breadcrumblist\",\"itemListElement\":[{\"@type\":\"ListItem\",\"@id\":\"https:\\\/\\\/www.eldigitaldeasturias.com\\\/noticias#listItem\",\"position\":1,\"name\":\"Home\",\"item\":\"https:\\\/\\\/www.eldigitaldeasturias.com\\\/noticias\",\"nextItem\":{\"@type\":\"ListItem\",\"@id\":\"https:\\\/\\\/www.eldigitaldeasturias.com\\\/noticias\\\/category\\\/actualidad\\\/#listItem\",\"name\":\"Actualidad\"}},{\"@type\":\"ListItem\",\"@id\":\"https:\\\/\\\/www.eldigitaldeasturias.com\\\/noticias\\\/category\\\/actualidad\\\/#listItem\",\"position\":2,\"name\":\"Actualidad\",\"item\":\"https:\\\/\\\/www.eldigitaldeasturias.com\\\/noticias\\\/category\\\/actualidad\\\/\",\"nextItem\":{\"@type\":\"ListItem\",\"@id\":\"https:\\\/\\\/www.eldigitaldeasturias.com\\\/noticias\\\/pp-y-podemos-preguntaran-al-gobierno-balear-por-el-aumento-de-cargos-de-libre-designacion\\\/#listItem\",\"name\":\"PP y Podemos preguntar\\u00e1n al Gobierno balear por el aumento de cargos de libre designaci\\u00f3n\"},\"previousItem\":{\"@type\":\"ListItem\",\"@id\":\"https:\\\/\\\/www.eldigitaldeasturias.com\\\/noticias#listItem\",\"name\":\"Home\"}},{\"@type\":\"ListItem\",\"@id\":\"https:\\\/\\\/www.eldigitaldeasturias.com\\\/noticias\\\/pp-y-podemos-preguntaran-al-gobierno-balear-por-el-aumento-de-cargos-de-libre-designacion\\\/#listItem\",\"position\":3,\"name\":\"PP y Podemos preguntar\\u00e1n al Gobierno balear por el aumento de cargos de libre designaci\\u00f3n\",\"previousItem\":{\"@type\":\"ListItem\",\"@id\":\"https:\\\/\\\/www.eldigitaldeasturias.com\\\/noticias\\\/category\\\/actualidad\\\/#listItem\",\"name\":\"Actualidad\"}}]},{\"@type\":\"Organization\",\"@id\":\"https:\\\/\\\/www.eldigitaldeasturias.com\\\/noticias\\\/#organization\",\"name\":\"El Digital de Asturias\",\"description\":\"Hemeroteca\",\"url\":\"https:\\\/\\\/www.eldigitaldeasturias.com\\\/noticias\\\/\",\"email\":\"info@eldigitaldeasturias.com\",\"telephone\":\"+34652131393\",\"logo\":{\"@type\":\"ImageObject\",\"url\":\"https:\\\/\\\/www.eldigitaldeasturias.com\\\/noticias\\\/wp-content\\\/uploads\\\/2020\\\/12\\\/EDA.jpg\",\"@id\":\"https:\\\/\\\/www.eldigitaldeasturias.com\\\/noticias\\\/pp-y-podemos-preguntaran-al-gobierno-balear-por-el-aumento-de-cargos-de-libre-designacion\\\/#organizationLogo\",\"width\":649,\"height\":297},\"image\":{\"@id\":\"https:\\\/\\\/www.eldigitaldeasturias.com\\\/noticias\\\/pp-y-podemos-preguntaran-al-gobierno-balear-por-el-aumento-de-cargos-de-libre-designacion\\\/#organizationLogo\"},\"sameAs\":[\"https:\\\/\\\/facebook.com\\\/eldigitaldeasturias\",\"https:\\\/\\\/www.youtube.com\\\/channel\\\/UCZP-2wLEB9Rv6erhFmqVnvg\"],\"address\":{\"@id\":\"https:\\\/\\\/www.eldigitaldeasturias.com\\\/noticias\\\/#postaladdress\",\"@type\":\"PostalAddress\",\"streetAddress\":\"san antonio 4,\",\"postalCode\":\"33430\",\"addressLocality\":\"Cand\\u00e1s\",\"addressRegion\":\"Asturias\",\"addressCountry\":\"ES\"}},{\"@type\":\"Person\",\"@id\":\"https:\\\/\\\/www.eldigitaldeasturias.com\\\/noticias\\\/author\\\/admin\\\/#author\",\"url\":\"https:\\\/\\\/www.eldigitaldeasturias.com\\\/noticias\\\/author\\\/admin\\\/\",\"name\":\"El Digital de Asturias\",\"image\":{\"@type\":\"ImageObject\",\"@id\":\"https:\\\/\\\/www.eldigitaldeasturias.com\\\/noticias\\\/pp-y-podemos-preguntaran-al-gobierno-balear-por-el-aumento-de-cargos-de-libre-designacion\\\/#authorImage\",\"url\":\"https:\\\/\\\/www.eldigitaldeasturias.com\\\/noticias\\\/wp-content\\\/litespeed\\\/avatar\\\/18677e78aa0546b92d9dbf31ec7d7668.jpg?ver=1777290358\",\"width\":96,\"height\":96,\"caption\":\"El Digital de Asturias\"}},{\"@type\":\"WebPage\",\"@id\":\"https:\\\/\\\/www.eldigitaldeasturias.com\\\/noticias\\\/pp-y-podemos-preguntaran-al-gobierno-balear-por-el-aumento-de-cargos-de-libre-designacion\\\/#webpage\",\"url\":\"https:\\\/\\\/www.eldigitaldeasturias.com\\\/noticias\\\/pp-y-podemos-preguntaran-al-gobierno-balear-por-el-aumento-de-cargos-de-libre-designacion\\\/\",\"name\":\"PP y Podemos preguntar\\u00e1n al Gobierno balear por el aumento de cargos de libre designaci\\u00f3n - El Digital de Asturias\",\"description\":\"Los grupos parlamentarios del PP y Podemos preguntar\\u00e1n este martes al Gobierno balear por el aumento de cargos de libre designaci\\u00f3n a pesar de que, seg\\u00fan han asegurado las dos formaciones, esto \\\"rompe\\\" un acuerdo parlamentario y el compromiso de los Acords pel Canvi establecido entre PSIB, M\\u00c9S per Mallorca, M\\u00c9S per Menorca y Podemos.\",\"inLanguage\":\"es-ES\",\"isPartOf\":{\"@id\":\"https:\\\/\\\/www.eldigitaldeasturias.com\\\/noticias\\\/#website\"},\"breadcrumb\":{\"@id\":\"https:\\\/\\\/www.eldigitaldeasturias.com\\\/noticias\\\/pp-y-podemos-preguntaran-al-gobierno-balear-por-el-aumento-de-cargos-de-libre-designacion\\\/#breadcrumblist\"},\"author\":{\"@id\":\"https:\\\/\\\/www.eldigitaldeasturias.com\\\/noticias\\\/author\\\/admin\\\/#author\"},\"creator\":{\"@id\":\"https:\\\/\\\/www.eldigitaldeasturias.com\\\/noticias\\\/author\\\/admin\\\/#author\"},\"image\":{\"@type\":\"ImageObject\",\"url\":\"https:\\\/\\\/www.eldigitaldeasturias.com\\\/noticias\\\/wp-content\\\/uploads\\\/2016\\\/02\\\/fotonoticia_20160222134223_800.jpg\",\"@id\":\"https:\\\/\\\/www.eldigitaldeasturias.com\\\/noticias\\\/pp-y-podemos-preguntaran-al-gobierno-balear-por-el-aumento-de-cargos-de-libre-designacion\\\/#mainImage\",\"width\":800,\"height\":600},\"primaryImageOfPage\":{\"@id\":\"https:\\\/\\\/www.eldigitaldeasturias.com\\\/noticias\\\/pp-y-podemos-preguntaran-al-gobierno-balear-por-el-aumento-de-cargos-de-libre-designacion\\\/#mainImage\"},\"datePublished\":\"2016-02-23T04:02:02+01:00\",\"dateModified\":\"2016-02-23T04:02:02+01:00\"},{\"@type\":\"WebSite\",\"@id\":\"https:\\\/\\\/www.eldigitaldeasturias.com\\\/noticias\\\/#website\",\"url\":\"https:\\\/\\\/www.eldigitaldeasturias.com\\\/noticias\\\/\",\"name\":\"El Digital de Asturias - Diario de actualidad y noticias\",\"alternateName\":\"El Digital de Asturias - Diario de actualidad y noticias\",\"description\":\"Hemeroteca\",\"inLanguage\":\"es-ES\",\"publisher\":{\"@id\":\"https:\\\/\\\/www.eldigitaldeasturias.com\\\/noticias\\\/#organization\"}}]}\n\t\t<\/script>\n\t\t<!-- All in One SEO Pro -->\r\n\t\t<title>PP y Podemos preguntar\u00e1n al Gobierno balear por el aumento de cargos de libre designaci\u00f3n - El Digital de Asturias<\/title>\n\n","aioseo_head_json":{"title":"PP y Podemos preguntar\u00e1n al Gobierno balear por el aumento de cargos de libre designaci\u00f3n - El Digital de Asturias","description":"Los grupos parlamentarios del PP y Podemos preguntar\u00e1n este martes al Gobierno balear por el aumento de cargos de libre designaci\u00f3n a pesar de que, seg\u00fan han asegurado las dos formaciones, esto \"rompe\" un acuerdo parlamentario y el compromiso de los Acords pel Canvi establecido entre PSIB, M\u00c9S per Mallorca, M\u00c9S per Menorca y Podemos.","canonical_url":"https:\/\/www.eldigitaldeasturias.com\/noticias\/pp-y-podemos-preguntaran-al-gobierno-balear-por-el-aumento-de-cargos-de-libre-designacion\/","robots":"max-image-preview:large","keywords":"actualidad","webmasterTools":{"google-site-verification":"UA-38556648-1","msvalidate.01":"7dfe9f3f1b24437ab69f4f2559babe99","miscellaneous":""},"schema":{"@context":"https:\/\/schema.org","@graph":[{"@type":"BlogPosting","@id":"https:\/\/www.eldigitaldeasturias.com\/noticias\/pp-y-podemos-preguntaran-al-gobierno-balear-por-el-aumento-de-cargos-de-libre-designacion\/#blogposting","name":"PP y Podemos preguntar\u00e1n al Gobierno balear por el aumento de cargos de libre designaci\u00f3n - El Digital de Asturias","headline":"PP y Podemos preguntar\u00e1n al Gobierno balear por el aumento de cargos de libre designaci\u00f3n","author":{"@id":"https:\/\/www.eldigitaldeasturias.com\/noticias\/author\/admin\/#author"},"publisher":{"@id":"https:\/\/www.eldigitaldeasturias.com\/noticias\/#organization"},"image":{"@type":"ImageObject","url":"https:\/\/www.eldigitaldeasturias.com\/noticias\/wp-content\/uploads\/2016\/02\/fotonoticia_20160222134223_800.jpg","width":800,"height":600},"datePublished":"2016-02-23T04:02:02+01:00","dateModified":"2016-02-23T04:02:02+01:00","inLanguage":"es-ES","mainEntityOfPage":{"@id":"https:\/\/www.eldigitaldeasturias.com\/noticias\/pp-y-podemos-preguntaran-al-gobierno-balear-por-el-aumento-de-cargos-de-libre-designacion\/#webpage"},"isPartOf":{"@id":"https:\/\/www.eldigitaldeasturias.com\/noticias\/pp-y-podemos-preguntaran-al-gobierno-balear-por-el-aumento-de-cargos-de-libre-designacion\/#webpage"},"articleSection":"Actualidad"},{"@type":"BreadcrumbList","@id":"https:\/\/www.eldigitaldeasturias.com\/noticias\/pp-y-podemos-preguntaran-al-gobierno-balear-por-el-aumento-de-cargos-de-libre-designacion\/#breadcrumblist","itemListElement":[{"@type":"ListItem","@id":"https:\/\/www.eldigitaldeasturias.com\/noticias#listItem","position":1,"name":"Home","item":"https:\/\/www.eldigitaldeasturias.com\/noticias","nextItem":{"@type":"ListItem","@id":"https:\/\/www.eldigitaldeasturias.com\/noticias\/category\/actualidad\/#listItem","name":"Actualidad"}},{"@type":"ListItem","@id":"https:\/\/www.eldigitaldeasturias.com\/noticias\/category\/actualidad\/#listItem","position":2,"name":"Actualidad","item":"https:\/\/www.eldigitaldeasturias.com\/noticias\/category\/actualidad\/","nextItem":{"@type":"ListItem","@id":"https:\/\/www.eldigitaldeasturias.com\/noticias\/pp-y-podemos-preguntaran-al-gobierno-balear-por-el-aumento-de-cargos-de-libre-designacion\/#listItem","name":"PP y Podemos preguntar\u00e1n al Gobierno balear por el aumento de cargos de libre designaci\u00f3n"},"previousItem":{"@type":"ListItem","@id":"https:\/\/www.eldigitaldeasturias.com\/noticias#listItem","name":"Home"}},{"@type":"ListItem","@id":"https:\/\/www.eldigitaldeasturias.com\/noticias\/pp-y-podemos-preguntaran-al-gobierno-balear-por-el-aumento-de-cargos-de-libre-designacion\/#listItem","position":3,"name":"PP y Podemos preguntar\u00e1n al Gobierno balear por el aumento de cargos de libre designaci\u00f3n","previousItem":{"@type":"ListItem","@id":"https:\/\/www.eldigitaldeasturias.com\/noticias\/category\/actualidad\/#listItem","name":"Actualidad"}}]},{"@type":"Organization","@id":"https:\/\/www.eldigitaldeasturias.com\/noticias\/#organization","name":"El Digital de Asturias","description":"Hemeroteca","url":"https:\/\/www.eldigitaldeasturias.com\/noticias\/","email":"info@eldigitaldeasturias.com","telephone":"+34652131393","logo":{"@type":"ImageObject","url":"https:\/\/www.eldigitaldeasturias.com\/noticias\/wp-content\/uploads\/2020\/12\/EDA.jpg","@id":"https:\/\/www.eldigitaldeasturias.com\/noticias\/pp-y-podemos-preguntaran-al-gobierno-balear-por-el-aumento-de-cargos-de-libre-designacion\/#organizationLogo","width":649,"height":297},"image":{"@id":"https:\/\/www.eldigitaldeasturias.com\/noticias\/pp-y-podemos-preguntaran-al-gobierno-balear-por-el-aumento-de-cargos-de-libre-designacion\/#organizationLogo"},"sameAs":["https:\/\/facebook.com\/eldigitaldeasturias","https:\/\/www.youtube.com\/channel\/UCZP-2wLEB9Rv6erhFmqVnvg"],"address":{"@id":"https:\/\/www.eldigitaldeasturias.com\/noticias\/#postaladdress","@type":"PostalAddress","streetAddress":"san antonio 4,","postalCode":"33430","addressLocality":"Cand\u00e1s","addressRegion":"Asturias","addressCountry":"ES"}},{"@type":"Person","@id":"https:\/\/www.eldigitaldeasturias.com\/noticias\/author\/admin\/#author","url":"https:\/\/www.eldigitaldeasturias.com\/noticias\/author\/admin\/","name":"El Digital de Asturias","image":{"@type":"ImageObject","@id":"https:\/\/www.eldigitaldeasturias.com\/noticias\/pp-y-podemos-preguntaran-al-gobierno-balear-por-el-aumento-de-cargos-de-libre-designacion\/#authorImage","url":"https:\/\/www.eldigitaldeasturias.com\/noticias\/wp-content\/litespeed\/avatar\/18677e78aa0546b92d9dbf31ec7d7668.jpg?ver=1777290358","width":96,"height":96,"caption":"El Digital de Asturias"}},{"@type":"WebPage","@id":"https:\/\/www.eldigitaldeasturias.com\/noticias\/pp-y-podemos-preguntaran-al-gobierno-balear-por-el-aumento-de-cargos-de-libre-designacion\/#webpage","url":"https:\/\/www.eldigitaldeasturias.com\/noticias\/pp-y-podemos-preguntaran-al-gobierno-balear-por-el-aumento-de-cargos-de-libre-designacion\/","name":"PP y Podemos preguntar\u00e1n al Gobierno balear por el aumento de cargos de libre designaci\u00f3n - El Digital de Asturias","description":"Los grupos parlamentarios del PP y Podemos preguntar\u00e1n este martes al Gobierno balear por el aumento de cargos de libre designaci\u00f3n a pesar de que, seg\u00fan han asegurado las dos formaciones, esto \"rompe\" un acuerdo parlamentario y el compromiso de los Acords pel Canvi establecido entre PSIB, M\u00c9S per Mallorca, M\u00c9S per Menorca y Podemos.","inLanguage":"es-ES","isPartOf":{"@id":"https:\/\/www.eldigitaldeasturias.com\/noticias\/#website"},"breadcrumb":{"@id":"https:\/\/www.eldigitaldeasturias.com\/noticias\/pp-y-podemos-preguntaran-al-gobierno-balear-por-el-aumento-de-cargos-de-libre-designacion\/#breadcrumblist"},"author":{"@id":"https:\/\/www.eldigitaldeasturias.com\/noticias\/author\/admin\/#author"},"creator":{"@id":"https:\/\/www.eldigitaldeasturias.com\/noticias\/author\/admin\/#author"},"image":{"@type":"ImageObject","url":"https:\/\/www.eldigitaldeasturias.com\/noticias\/wp-content\/uploads\/2016\/02\/fotonoticia_20160222134223_800.jpg","@id":"https:\/\/www.eldigitaldeasturias.com\/noticias\/pp-y-podemos-preguntaran-al-gobierno-balear-por-el-aumento-de-cargos-de-libre-designacion\/#mainImage","width":800,"height":600},"primaryImageOfPage":{"@id":"https:\/\/www.eldigitaldeasturias.com\/noticias\/pp-y-podemos-preguntaran-al-gobierno-balear-por-el-aumento-de-cargos-de-libre-designacion\/#mainImage"},"datePublished":"2016-02-23T04:02:02+01:00","dateModified":"2016-02-23T04:02:02+01:00"},{"@type":"WebSite","@id":"https:\/\/www.eldigitaldeasturias.com\/noticias\/#website","url":"https:\/\/www.eldigitaldeasturias.com\/noticias\/","name":"El Digital de Asturias - Diario de actualidad y noticias","alternateName":"El Digital de Asturias - Diario de actualidad y noticias","description":"Hemeroteca","inLanguage":"es-ES","publisher":{"@id":"https:\/\/www.eldigitaldeasturias.com\/noticias\/#organization"}}]},"og:locale":"es_ES","og:site_name":"El Digital de Asturias","og:type":"article","og:title":"PP y Podemos preguntar\u00e1n al Gobierno balear por el aumento de cargos de libre designaci\u00f3n - El Digital de Asturias","og:description":"Los grupos parlamentarios del PP y Podemos preguntar\u00e1n este martes al Gobierno balear por el aumento de cargos de libre designaci\u00f3n a pesar de que, seg\u00fan han asegurado las dos formaciones, esto &quot;rompe&quot; un acuerdo parlamentario y el compromiso de los Acords pel Canvi establecido entre PSIB, M\u00c9S per Mallorca, M\u00c9S per Menorca y Podemos.","og:url":"https:\/\/www.eldigitaldeasturias.com\/noticias\/pp-y-podemos-preguntaran-al-gobierno-balear-por-el-aumento-de-cargos-de-libre-designacion\/","og:image":"https:\/\/www.eldigitaldeasturias.com\/noticias\/wp-content\/uploads\/2016\/02\/fotonoticia_20160222134223_800.jpg","og:image:secure_url":"https:\/\/www.eldigitaldeasturias.com\/noticias\/wp-content\/uploads\/2016\/02\/fotonoticia_20160222134223_800.jpg","og:image:width":800,"og:image:height":600,"article:tag":["actualidad"],"article:published_time":"2016-02-23T04:02:02+00:00","article:modified_time":"2016-02-23T04:02:02+00:00","article:publisher":"https:\/\/facebook.com\/eldigitaldeasturias","twitter:card":"summary_large_image","twitter:title":"PP y Podemos preguntar\u00e1n al Gobierno balear por el aumento de cargos de libre designaci\u00f3n - El Digital de Asturias","twitter:description":"Los grupos parlamentarios del PP y Podemos preguntar\u00e1n este martes al Gobierno balear por el aumento de cargos de libre designaci\u00f3n a pesar de que, seg\u00fan han asegurado las dos formaciones, esto &quot;rompe&quot; un acuerdo parlamentario y el compromiso de los Acords pel Canvi establecido entre PSIB, M\u00c9S per Mallorca, M\u00c9S per Menorca y Podemos.","twitter:image":"https:\/\/www.eldigitaldeasturias.com\/noticias\/wp-content\/uploads\/2016\/02\/fotonoticia_20160222134223_800.jpg","twitter:label1":"Escrito por","twitter:data1":"El Digital de Asturias","twitter:label2":"Tiempo de lectura estimado","twitter:data2":"3 minutos"},"aioseo_meta_data":{"post_id":"861003","title":null,"description":null,"keywords":null,"keyphrases":null,"primary_term":null,"canonical_url":null,"og_title":null,"og_description":null,"og_object_type":"default","og_image_type":"default","og_image_url":null,"og_image_width":null,"og_image_height":null,"og_image_custom_url":null,"og_image_custom_fields":null,"og_video":null,"og_custom_url":null,"og_article_section":null,"og_article_tags":null,"twitter_use_og":false,"twitter_card":"default","twitter_image_type":"default","twitter_image_url":null,"twitter_image_custom_url":null,"twitter_image_custom_fields":null,"twitter_title":null,"twitter_description":null,"schema":{"blockGraphs":[],"customGraphs":[],"default":{"data":{"Article":[],"Course":[],"Dataset":[],"FAQPage":[],"Movie":[],"Person":[],"Product":[],"ProductReview":[],"Car":[],"Recipe":[],"Service":[],"SoftwareApplication":[],"WebPage":[]},"graphName":"","isEnabled":true},"graphs":[]},"schema_type":null,"schema_type_options":null,"pillar_content":false,"robots_default":true,"robots_noindex":false,"robots_noarchive":false,"robots_nosnippet":false,"robots_nofollow":false,"robots_noimageindex":false,"robots_noodp":false,"robots_notranslate":false,"robots_max_snippet":null,"robots_max_videopreview":null,"robots_max_imagepreview":"large","priority":null,"frequency":null,"local_seo":null,"seo_analyzer_scan_date":"2025-12-10 19:46:11","breadcrumb_settings":null,"limit_modified_date":false,"open_ai":null,"ai":null,"created":"2021-01-23 12:23:16","updated":"2025-12-10 19:46:11"},"aioseo_breadcrumb":"<div class=\"aioseo-breadcrumbs\"><span class=\"aioseo-breadcrumb\">\n\t<a href=\"https:\/\/www.eldigitaldeasturias.com\/noticias\" title=\"Home\">Home<\/a>\n<\/span><span class=\"aioseo-breadcrumb-separator\">\u2013<\/span><span class=\"aioseo-breadcrumb\">\n\t<a href=\"https:\/\/www.eldigitaldeasturias.com\/noticias\/category\/actualidad\/\" title=\"Actualidad\">Actualidad<\/a>\n<\/span><span class=\"aioseo-breadcrumb-separator\">\u2013<\/span><span class=\"aioseo-breadcrumb\">\n\t<a href=\"https:\/\/www.eldigitaldeasturias.com\/noticias\/pp-y-podemos-preguntaran-al-gobierno-balear-por-el-aumento-de-cargos-de-libre-designacion\/\" title=\"PP y Podemos preguntar\u00e1n al Gobierno balear por el aumento de cargos de libre designaci\u00f3n\">PP y Podemos preguntar\u00e1n al Gobierno balear por el aumento de cargos de libre designaci\u00f3n<\/a>\n<\/span><\/div>","aioseo_breadcrumb_json":[{"label":"Home","link":"https:\/\/www.eldigitaldeasturias.com\/noticias"},{"label":"Actualidad","link":"https:\/\/www.eldigitaldeasturias.com\/noticias\/category\/actualidad\/"},{"label":"PP y Podemos preguntar\u00e1n al Gobierno balear por el aumento de cargos de libre designaci\u00f3n","link":"https:\/\/www.eldigitaldeasturias.com\/noticias\/pp-y-podemos-preguntaran-al-gobierno-balear-por-el-aumento-de-cargos-de-libre-designacion\/"}],"_links":{"self":[{"href":"https:\/\/www.eldigitaldeasturias.com\/noticias\/wp-json\/wp\/v2\/posts\/861003","targetHints":{"allow":["GET"]}}],"collection":[{"href":"https:\/\/www.eldigitaldeasturias.com\/noticias\/wp-json\/wp\/v2\/posts"}],"about":[{"href":"https:\/\/www.eldigitaldeasturias.com\/noticias\/wp-json\/wp\/v2\/types\/post"}],"author":[{"embeddable":true,"href":"https:\/\/www.eldigitaldeasturias.com\/noticias\/wp-json\/wp\/v2\/users\/1"}],"replies":[{"embeddable":true,"href":"https:\/\/www.eldigitaldeasturias.com\/noticias\/wp-json\/wp\/v2\/comments?post=861003"}],"version-history":[{"count":0,"href":"https:\/\/www.eldigitaldeasturias.com\/noticias\/wp-json\/wp\/v2\/posts\/861003\/revisions"}],"wp:featuredmedia":[{"embeddable":true,"href":"https:\/\/www.eldigitaldeasturias.com\/noticias\/wp-json\/wp\/v2\/media\/861004"}],"wp:attachment":[{"href":"https:\/\/www.eldigitaldeasturias.com\/noticias\/wp-json\/wp\/v2\/media?parent=861003"}],"wp:term":[{"taxonomy":"category","embeddable":true,"href":"https:\/\/www.eldigitaldeasturias.com\/noticias\/wp-json\/wp\/v2\/categories?post=861003"},{"taxonomy":"post_tag","embeddable":true,"href":"https:\/\/www.eldigitaldeasturias.com\/noticias\/wp-json\/wp\/v2\/tags?post=861003"}],"curies":[{"name":"wp","href":"https:\/\/api.w.org\/{rel}","templated":true}]}}