{"id":860991,"date":"2016-02-23T03:55:07","date_gmt":"2016-02-23T03:55:07","guid":{"rendered":"http:\/\/www.eldigitaldeasturias.com\/noticias\/?p=860991"},"modified":"2016-02-23T03:55:07","modified_gmt":"2016-02-23T03:55:07","slug":"la-excupula-de-um-condenada-a-multas-que-suman-mas-de-57-300-euros","status":"publish","type":"post","link":"https:\/\/www.eldigitaldeasturias.com\/noticias\/la-excupula-de-um-condenada-a-multas-que-suman-mas-de-57-300-euros\/","title":{"rendered":"La exc\u00fapula de UM condenada a multas que suman m\u00e1s de 57.300 euros"},"content":{"rendered":"<p><img loading=\"lazy\" decoding=\"async\" class=\"alignleft size-medium wp-image-860992\" src=\"https:\/\/www.eldigitaldeasturias.com\/noticias\/wp-content\/uploads\/2016\/02\/fotonoticia_20160222121620_800-360x270.jpg\" alt=\"fotonoticia_20160222121620_800\" width=\"360\" height=\"270\" srcset=\"https:\/\/www.eldigitaldeasturias.com\/noticias\/wp-content\/uploads\/2016\/02\/fotonoticia_20160222121620_800-360x270.jpg 360w, https:\/\/www.eldigitaldeasturias.com\/noticias\/wp-content\/uploads\/2016\/02\/fotonoticia_20160222121620_800-768x576.jpg 768w, https:\/\/www.eldigitaldeasturias.com\/noticias\/wp-content\/uploads\/2016\/02\/fotonoticia_20160222121620_800-650x488.jpg 650w, https:\/\/www.eldigitaldeasturias.com\/noticias\/wp-content\/uploads\/2016\/02\/fotonoticia_20160222121620_800-125x95.jpg 125w, https:\/\/www.eldigitaldeasturias.com\/noticias\/wp-content\/uploads\/2016\/02\/fotonoticia_20160222121620_800-100x75.jpg 100w, https:\/\/www.eldigitaldeasturias.com\/noticias\/wp-content\/uploads\/2016\/02\/fotonoticia_20160222121620_800.jpg 800w\" sizes=\"auto, (max-width: 360px) 100vw, 360px\" \/>La exc\u00fapula de UM, encabezada por la expresidenta del Parlament y del Consell de Mallorca Maria Ant\u00f2nia Munar, ha sido condenada a multas que suman m\u00e1s de 57.300 euros tras admitir que permiti\u00f3 el desv\u00edo de 200.000 euros p\u00fablicos &#8211;que ya han devuelto&#8211; mediante la contrataci\u00f3n, con fondos de la Instituci\u00f3n insular, de una treintena de trabajadores que en realidad se dedicaban a realizar labores particulares y buscar votos a favor del partido.<\/p>\n<p>La exdirigente hist\u00f3rica de UM, en prisi\u00f3n desde el 24 de julio de 2013 con dos condenas que suman 11 a\u00f1os y medio de c\u00e1rcel, ha alcanzado as\u00ed por primera vez un pacto con la Fiscal\u00eda que conlleva reconocer las irregularidades que auspici\u00f3 al frente de su cargo. Junto a Munar se han declarado culpables de estos hechos el exvicepresidente de la formaci\u00f3n Miquel Nadal, el exconseller de Turismo del Govern Francesc Buils y el exconseller insular de Hacienda Miquel \u00c0ngel Flaquer, as\u00ed como otros siete acusados.<\/p>\n<p>Los cuatro m\u00e1ximos exdirigentes de la formaci\u00f3n se enfrentan, en concreto, a nueve meses de prisi\u00f3n por delitos de malversaci\u00f3n y prevaricaci\u00f3n que en el caso de Munar ser\u00e1n sustituidos por una multa total de 10.800 euros, en el de Nadal y Flaquer, por 6.480, y en el de Buils, por 5.400.<\/p>\n<p>Mientras tanto, se les ha retirado la acusaci\u00f3n a siete de los inculpados, entre quienes se encuentran la exportavoz de UM Catalina Julve y el exconseller de Deportes del Govern Mateu Ca\u00f1ellas.<\/p>\n<p>Los hechos se enmarcan en la pieza 13 del conocido como caso Voltor, la misma causa cuyo estallido en febrero de 2010 llev\u00f3 al entonces presidente del Govern, Francesc Antich (PSIB), en medio de una crisis sin precedentes en el Ejecutivo balear, a expulsar a todos los cargos ejecutivos de UM de las principales instituciones de las islas. Se romp\u00eda as\u00ed el pacto de gobernabilidad firmado con la formaci\u00f3n &#8216;uemita&#8217; en 2007.<\/p>\n<p>Un a\u00f1o despu\u00e9s, en febrero de 2011, el partido regionalista se disolv\u00eda acuciado por los numerosos casos de corrupci\u00f3n que pesan a sus espaldas.<\/p>\n<p>Los procesados han admitido que malversaci\u00f3n hasta un total de 200.000 euros -frente a los 430.000 a los que alud\u00eda Anticorrupci\u00f3n en su escrito de acusaci\u00f3n provisional-, cantidad que consignaron la semana pasada a fin de que les fuese aplicada una atenuante de reparaci\u00f3n del da\u00f1o. De esta cifra, Munar abon\u00f3 el pasado viernes 36.500 euros.<\/p>\n<p>Junto a los anteriores exdirigentes de UM tambi\u00e9n han sido condenados el exdirector general de Relaciones Institucionales Josep Lliteres (a nueve meses de c\u00e1rcel que ser\u00e1n sustituidos por una multa de 5.400 euros), la exsecretaria personal de Nadal Ant\u00f2nia Vidal (3.840 euros), la exjefa insular de Emergencias Mar\u00eda Jos\u00e9 Rodr\u00edguez (3.780), las exsecretarias t\u00e9cnicas t\u00e9cnicas Esperanza Massanet (3.780), Coloma Casta\u00f1er (2.940) y Eugenia Ca\u00f1ellas (4.620), y el exgerente del Consorcio de Inform\u00e1tica Local de Mallorca (Cilma) Eugenio Losada (3.780). Estos dos \u00faltimos reconocieron en su d\u00eda los hechos.<\/p>\n<p>De hecho, durante la instrucci\u00f3n de la causa, el exgerente del Cilma aport\u00f3 a la jueza instructora un listado y varios correos electr\u00f3nicos en los que figuraba el nombre de estos trabajadores &#8216;fantasma&#8217; colocados a instancias de los exaltos cargos de UM. Tras ello, la magistrada Carmen Abrines interrog\u00f3 a varios de los trabajadores.<\/p>\n<p>TRABAJADORES \u00abPRIVADOS DE UM\u00bb<\/p>\n<p>De acuerdo al pacto alcanzado con la Fiscal\u00eda, la Abogac\u00eda del Consell y el Consorcio de Tecnolog\u00edas de la Informaci\u00f3n y Comunicaciones de Mallorca, los acusados admiten c\u00f3mo los militantes &#8216;uemitas&#8217;, pese a estar a sueldo del Cilma, dependiente del Consell, no llegaron a acudir a su puesto de trabajo sino que se habr\u00edan dedicado a trabajar para el partido, sufragando de este modo la Instituci\u00f3n insular \u00aba trabajadores privados de UM\u00bb.<\/p>\n<p>Para ello, Munar, Nadal, Buils y Flaquer se concertaron con los dem\u00e1s acusados con el objetivo de beneficiar a UM camuflando la contrataci\u00f3n de los agentes electorales en los proyectos p\u00fablicos que se gestionaban en el Cilma. Los militantes se incorporaban as\u00ed a los mismos, si bien se dedicaban, en ocasiones parcialmente y otras de manera casi exclusiva, a la captaci\u00f3n de votos y a tareas de \u00abproselitismo y difusi\u00f3n\u00bb del programa del partido de cara a las elecciones auton\u00f3micas de 2007.<\/p>\n<p>Los proyectos eran, en concreto, los de Infomallorca, EIEL y Mallorca Digital, que habr\u00edan servido para la colocaci\u00f3n de los empleados. Hasta 28 empleados fueron contratados para trabajar en las tres iniciativas cuyo coste, con cargo a las arcas del Cilma, oscilaba entre los 110.000 y los 190.000 euros anuales.<\/p>\n<p>De acuerdo al acuerdo suscrito, el plan dise\u00f1ado por los exaltos cargos, \u00abadem\u00e1s de beneficiar econ\u00f3micamente\u00bb a UM, \u00abpues los fondos p\u00fablicos se utilizaban en sufragar gastos de la formaci\u00f3n pol\u00edtica, significaba un beneficio particular y personal para los intervinientes\u00bb. Y es que, merced a su conducta, los exdirigentes \u00abve\u00edan reforzada su posici\u00f3n en el partido, ya que al ser capaces de proporcionar personas a UM su consideraci\u00f3n e importancia en el partido se incrementaban ampliamente y crec\u00eda su poder e influencia entre los militantes\u00bb.<\/p>\n<p>MUNAR ASEGUR\u00d3 NO TENER \u00abNADA QUE VER\u00bb CON LAS CONTRATACIONES<\/p>\n<p>Se da la circunstancia de que, en la declaraci\u00f3n voluntaria que Munar prest\u00f3 ante la jueza durante la instrucci\u00f3n de la causa, asegur\u00f3 no tener \u00abnada que ver\u00bb con la contrataci\u00f3n de empleados por parte del Cilma. Mientras, tanto Nadal como su secretaria personal y la de Francesc Buils, se acogieron a su derecho de no declarar ante la magistrada cuando iban a ser interrogados por estos hechos en calidad de imputados.<\/p>\n<p>La Fiscal\u00eda reclama en otra causa cuatro a\u00f1os de c\u00e1rcel y siete millones de euros de multa para la expresidenta de UM, acusada de un delito de cohecho pasivo por el soborno de cuatro millones de euros que, junto a Nadal y el exconseller de Territorio Bartolom\u00e9 Vicens, habr\u00eda recibido de la promotora Sacresa a cambio de adjudicarle los terrenos palmesanos de Can Domenge. El juicio por estos hechos est\u00e1 pendiente de fecha.<\/p>\n<p>Munar fue condenada a seis a\u00f1os de c\u00e1rcel por las irregularidades en la adjudicaci\u00f3n de los terrenos -el pago del soborno ser\u00e1 enjuiciado aparte-, as\u00ed como a cinco a\u00f1os y medio por desviar 240.000 euros p\u00fablicos del Consell a favor de la productora V\u00eddeo U, empresa que controlaba junto a Nadal, a trav\u00e9s de testaferros, cuando ambos eran los m\u00e1ximos responsables de la Instituci\u00f3n insular.<\/p>\n<p>OTRAS CAUSAS<\/p>\n<p>Cabe recordar que otras causas, como Picnic, tambi\u00e9n centran sus investigaciones en la contrataci\u00f3n de personas afines a UM a trav\u00e9s de distintos departamentos municipales a pesar de que realmente se dedicaban a captar votos para el partido nacionalista.<\/p>\n<p>Tambi\u00e9n otros procedimientos indagan la supuesta captaci\u00f3n de votos por parte del partido y la posterior contrataci\u00f3n irregular de distintas personas, principalmente pertenecientes a colectivos sudamericanos, en organismos p\u00fablicos y empresas privadas por haber votado a la formaci\u00f3n, disuelta en febrero de 2011 a ra\u00edz de las numerosas causas de presunta corrupci\u00f3n que pesaban a sus espaldas.<\/p>\n","protected":false},"excerpt":{"rendered":"<p>La exc\u00fapula de UM, encabezada por la expresidenta del Parlament y del Consell de Mallorca Maria Ant\u00f2nia Munar, ha sido condenada a multas que suman m\u00e1s de 57.300 euros tras admitir que permiti\u00f3 el desv\u00edo de 200.000 euros p\u00fablicos &#8211;que ya han devuelto&#8211; mediante la contrataci\u00f3n, con fondos de la Instituci\u00f3n insular, de una treintena [&hellip;]<\/p>\n","protected":false},"author":1,"featured_media":860992,"comment_status":"closed","ping_status":"closed","sticky":false,"template":"","format":"standard","meta":{"footnotes":""},"categories":[1],"tags":[],"class_list":["post-860991","post","type-post","status-publish","format-standard","has-post-thumbnail","hentry","category-actualidad"],"aioseo_notices":[],"aioseo_head":"\n\t\t<!-- All in One SEO Pro 4.9.6.2 - aioseo.com -->\n\t<meta name=\"description\" content=\"La exc\u00fapula de UM, encabezada por la expresidenta del Parlament y del Consell de Mallorca Maria Ant\u00f2nia Munar, ha sido condenada a multas que suman m\u00e1s de 57.300 euros tras admitir que permiti\u00f3 el desv\u00edo de 200.000 euros p\u00fablicos --que ya han devuelto-- mediante la contrataci\u00f3n, con fondos de la Instituci\u00f3n insular, de una treintena\" \/>\n\t<meta name=\"robots\" content=\"max-image-preview:large\" \/>\n\t<meta name=\"author\" content=\"El Digital de Asturias\"\/>\n\t<meta name=\"google-site-verification\" content=\"UA-38556648-1\" \/>\n\t<meta name=\"msvalidate.01\" content=\"7dfe9f3f1b24437ab69f4f2559babe99\" \/>\n\t<meta name=\"keywords\" content=\"actualidad\" \/>\n\t<link rel=\"canonical\" href=\"https:\/\/www.eldigitaldeasturias.com\/noticias\/la-excupula-de-um-condenada-a-multas-que-suman-mas-de-57-300-euros\/\" \/>\n\t<meta name=\"generator\" content=\"All in One SEO Pro (AIOSEO) 4.9.6.2\" \/>\n\t\t<meta property=\"og:locale\" content=\"es_ES\" \/>\n\t\t<meta property=\"og:site_name\" content=\"El Digital de Asturias\" \/>\n\t\t<meta property=\"og:type\" content=\"article\" \/>\n\t\t<meta property=\"og:title\" content=\"La exc\u00fapula de UM condenada a multas que suman m\u00e1s de 57.300 euros - El Digital de Asturias\" \/>\n\t\t<meta property=\"og:description\" content=\"La exc\u00fapula de UM, encabezada por la expresidenta del Parlament y del Consell de Mallorca Maria Ant\u00f2nia Munar, ha sido condenada a multas que suman m\u00e1s de 57.300 euros tras admitir que permiti\u00f3 el desv\u00edo de 200.000 euros p\u00fablicos --que ya han devuelto-- mediante la contrataci\u00f3n, con fondos de la Instituci\u00f3n insular, de una treintena\" \/>\n\t\t<meta property=\"og:url\" content=\"https:\/\/www.eldigitaldeasturias.com\/noticias\/la-excupula-de-um-condenada-a-multas-que-suman-mas-de-57-300-euros\/\" \/>\n\t\t<meta property=\"og:image\" content=\"https:\/\/www.eldigitaldeasturias.com\/noticias\/wp-content\/uploads\/2016\/02\/fotonoticia_20160222121620_800.jpg\" \/>\n\t\t<meta property=\"og:image:secure_url\" content=\"https:\/\/www.eldigitaldeasturias.com\/noticias\/wp-content\/uploads\/2016\/02\/fotonoticia_20160222121620_800.jpg\" \/>\n\t\t<meta property=\"og:image:width\" content=\"800\" \/>\n\t\t<meta property=\"og:image:height\" content=\"600\" \/>\n\t\t<meta property=\"article:tag\" content=\"actualidad\" \/>\n\t\t<meta property=\"article:published_time\" content=\"2016-02-23T03:55:07+00:00\" \/>\n\t\t<meta property=\"article:modified_time\" content=\"2016-02-23T03:55:07+00:00\" \/>\n\t\t<meta property=\"article:publisher\" content=\"https:\/\/facebook.com\/eldigitaldeasturias\" \/>\n\t\t<meta name=\"twitter:card\" content=\"summary_large_image\" \/>\n\t\t<meta name=\"twitter:title\" content=\"La exc\u00fapula de UM condenada a multas que suman m\u00e1s de 57.300 euros - El Digital de Asturias\" \/>\n\t\t<meta name=\"twitter:description\" content=\"La exc\u00fapula de UM, encabezada por la expresidenta del Parlament y del Consell de Mallorca Maria Ant\u00f2nia Munar, ha sido condenada a multas que suman m\u00e1s de 57.300 euros tras admitir que permiti\u00f3 el desv\u00edo de 200.000 euros p\u00fablicos --que ya han devuelto-- mediante la contrataci\u00f3n, con fondos de la Instituci\u00f3n insular, de una treintena\" \/>\n\t\t<meta name=\"twitter:image\" content=\"https:\/\/www.eldigitaldeasturias.com\/noticias\/wp-content\/uploads\/2016\/02\/fotonoticia_20160222121620_800.jpg\" \/>\n\t\t<meta name=\"twitter:label1\" content=\"Escrito por\" \/>\n\t\t<meta name=\"twitter:data1\" content=\"El Digital de Asturias\" \/>\n\t\t<meta name=\"twitter:label2\" content=\"Tiempo de lectura estimado\" \/>\n\t\t<meta name=\"twitter:data2\" content=\"6 minutos\" \/>\n\t\t<script type=\"application\/ld+json\" class=\"aioseo-schema\">\n\t\t\t{\"@context\":\"https:\\\/\\\/schema.org\",\"@graph\":[{\"@type\":\"BlogPosting\",\"@id\":\"https:\\\/\\\/www.eldigitaldeasturias.com\\\/noticias\\\/la-excupula-de-um-condenada-a-multas-que-suman-mas-de-57-300-euros\\\/#blogposting\",\"name\":\"La exc\\u00fapula de UM condenada a multas que suman m\\u00e1s de 57.300 euros - El Digital de Asturias\",\"headline\":\"La exc\\u00fapula de UM condenada a multas que suman m\\u00e1s de 57.300 euros\",\"author\":{\"@id\":\"https:\\\/\\\/www.eldigitaldeasturias.com\\\/noticias\\\/author\\\/admin\\\/#author\"},\"publisher\":{\"@id\":\"https:\\\/\\\/www.eldigitaldeasturias.com\\\/noticias\\\/#organization\"},\"image\":{\"@type\":\"ImageObject\",\"url\":\"https:\\\/\\\/www.eldigitaldeasturias.com\\\/noticias\\\/wp-content\\\/uploads\\\/2016\\\/02\\\/fotonoticia_20160222121620_800.jpg\",\"width\":800,\"height\":600},\"datePublished\":\"2016-02-23T03:55:07+01:00\",\"dateModified\":\"2016-02-23T03:55:07+01:00\",\"inLanguage\":\"es-ES\",\"mainEntityOfPage\":{\"@id\":\"https:\\\/\\\/www.eldigitaldeasturias.com\\\/noticias\\\/la-excupula-de-um-condenada-a-multas-que-suman-mas-de-57-300-euros\\\/#webpage\"},\"isPartOf\":{\"@id\":\"https:\\\/\\\/www.eldigitaldeasturias.com\\\/noticias\\\/la-excupula-de-um-condenada-a-multas-que-suman-mas-de-57-300-euros\\\/#webpage\"},\"articleSection\":\"Actualidad\"},{\"@type\":\"BreadcrumbList\",\"@id\":\"https:\\\/\\\/www.eldigitaldeasturias.com\\\/noticias\\\/la-excupula-de-um-condenada-a-multas-que-suman-mas-de-57-300-euros\\\/#breadcrumblist\",\"itemListElement\":[{\"@type\":\"ListItem\",\"@id\":\"https:\\\/\\\/www.eldigitaldeasturias.com\\\/noticias#listItem\",\"position\":1,\"name\":\"Home\",\"item\":\"https:\\\/\\\/www.eldigitaldeasturias.com\\\/noticias\",\"nextItem\":{\"@type\":\"ListItem\",\"@id\":\"https:\\\/\\\/www.eldigitaldeasturias.com\\\/noticias\\\/category\\\/actualidad\\\/#listItem\",\"name\":\"Actualidad\"}},{\"@type\":\"ListItem\",\"@id\":\"https:\\\/\\\/www.eldigitaldeasturias.com\\\/noticias\\\/category\\\/actualidad\\\/#listItem\",\"position\":2,\"name\":\"Actualidad\",\"item\":\"https:\\\/\\\/www.eldigitaldeasturias.com\\\/noticias\\\/category\\\/actualidad\\\/\",\"nextItem\":{\"@type\":\"ListItem\",\"@id\":\"https:\\\/\\\/www.eldigitaldeasturias.com\\\/noticias\\\/la-excupula-de-um-condenada-a-multas-que-suman-mas-de-57-300-euros\\\/#listItem\",\"name\":\"La exc\\u00fapula de UM condenada a multas que suman m\\u00e1s de 57.300 euros\"},\"previousItem\":{\"@type\":\"ListItem\",\"@id\":\"https:\\\/\\\/www.eldigitaldeasturias.com\\\/noticias#listItem\",\"name\":\"Home\"}},{\"@type\":\"ListItem\",\"@id\":\"https:\\\/\\\/www.eldigitaldeasturias.com\\\/noticias\\\/la-excupula-de-um-condenada-a-multas-que-suman-mas-de-57-300-euros\\\/#listItem\",\"position\":3,\"name\":\"La exc\\u00fapula de UM condenada a multas que suman m\\u00e1s de 57.300 euros\",\"previousItem\":{\"@type\":\"ListItem\",\"@id\":\"https:\\\/\\\/www.eldigitaldeasturias.com\\\/noticias\\\/category\\\/actualidad\\\/#listItem\",\"name\":\"Actualidad\"}}]},{\"@type\":\"Organization\",\"@id\":\"https:\\\/\\\/www.eldigitaldeasturias.com\\\/noticias\\\/#organization\",\"name\":\"El Digital de Asturias\",\"description\":\"Hemeroteca\",\"url\":\"https:\\\/\\\/www.eldigitaldeasturias.com\\\/noticias\\\/\",\"email\":\"info@eldigitaldeasturias.com\",\"telephone\":\"+34652131393\",\"logo\":{\"@type\":\"ImageObject\",\"url\":\"https:\\\/\\\/www.eldigitaldeasturias.com\\\/noticias\\\/wp-content\\\/uploads\\\/2020\\\/12\\\/EDA.jpg\",\"@id\":\"https:\\\/\\\/www.eldigitaldeasturias.com\\\/noticias\\\/la-excupula-de-um-condenada-a-multas-que-suman-mas-de-57-300-euros\\\/#organizationLogo\",\"width\":649,\"height\":297},\"image\":{\"@id\":\"https:\\\/\\\/www.eldigitaldeasturias.com\\\/noticias\\\/la-excupula-de-um-condenada-a-multas-que-suman-mas-de-57-300-euros\\\/#organizationLogo\"},\"sameAs\":[\"https:\\\/\\\/facebook.com\\\/eldigitaldeasturias\",\"https:\\\/\\\/www.youtube.com\\\/channel\\\/UCZP-2wLEB9Rv6erhFmqVnvg\"],\"address\":{\"@id\":\"https:\\\/\\\/www.eldigitaldeasturias.com\\\/noticias\\\/#postaladdress\",\"@type\":\"PostalAddress\",\"streetAddress\":\"san antonio 4,\",\"postalCode\":\"33430\",\"addressLocality\":\"Cand\\u00e1s\",\"addressRegion\":\"Asturias\",\"addressCountry\":\"ES\"}},{\"@type\":\"Person\",\"@id\":\"https:\\\/\\\/www.eldigitaldeasturias.com\\\/noticias\\\/author\\\/admin\\\/#author\",\"url\":\"https:\\\/\\\/www.eldigitaldeasturias.com\\\/noticias\\\/author\\\/admin\\\/\",\"name\":\"El Digital de Asturias\",\"image\":{\"@type\":\"ImageObject\",\"@id\":\"https:\\\/\\\/www.eldigitaldeasturias.com\\\/noticias\\\/la-excupula-de-um-condenada-a-multas-que-suman-mas-de-57-300-euros\\\/#authorImage\",\"url\":\"https:\\\/\\\/www.eldigitaldeasturias.com\\\/noticias\\\/wp-content\\\/litespeed\\\/avatar\\\/18677e78aa0546b92d9dbf31ec7d7668.jpg?ver=1777290358\",\"width\":96,\"height\":96,\"caption\":\"El Digital de Asturias\"}},{\"@type\":\"WebPage\",\"@id\":\"https:\\\/\\\/www.eldigitaldeasturias.com\\\/noticias\\\/la-excupula-de-um-condenada-a-multas-que-suman-mas-de-57-300-euros\\\/#webpage\",\"url\":\"https:\\\/\\\/www.eldigitaldeasturias.com\\\/noticias\\\/la-excupula-de-um-condenada-a-multas-que-suman-mas-de-57-300-euros\\\/\",\"name\":\"La exc\\u00fapula de UM condenada a multas que suman m\\u00e1s de 57.300 euros - El Digital de Asturias\",\"description\":\"La exc\\u00fapula de UM, encabezada por la expresidenta del Parlament y del Consell de Mallorca Maria Ant\\u00f2nia Munar, ha sido condenada a multas que suman m\\u00e1s de 57.300 euros tras admitir que permiti\\u00f3 el desv\\u00edo de 200.000 euros p\\u00fablicos --que ya han devuelto-- mediante la contrataci\\u00f3n, con fondos de la Instituci\\u00f3n insular, de una treintena\",\"inLanguage\":\"es-ES\",\"isPartOf\":{\"@id\":\"https:\\\/\\\/www.eldigitaldeasturias.com\\\/noticias\\\/#website\"},\"breadcrumb\":{\"@id\":\"https:\\\/\\\/www.eldigitaldeasturias.com\\\/noticias\\\/la-excupula-de-um-condenada-a-multas-que-suman-mas-de-57-300-euros\\\/#breadcrumblist\"},\"author\":{\"@id\":\"https:\\\/\\\/www.eldigitaldeasturias.com\\\/noticias\\\/author\\\/admin\\\/#author\"},\"creator\":{\"@id\":\"https:\\\/\\\/www.eldigitaldeasturias.com\\\/noticias\\\/author\\\/admin\\\/#author\"},\"image\":{\"@type\":\"ImageObject\",\"url\":\"https:\\\/\\\/www.eldigitaldeasturias.com\\\/noticias\\\/wp-content\\\/uploads\\\/2016\\\/02\\\/fotonoticia_20160222121620_800.jpg\",\"@id\":\"https:\\\/\\\/www.eldigitaldeasturias.com\\\/noticias\\\/la-excupula-de-um-condenada-a-multas-que-suman-mas-de-57-300-euros\\\/#mainImage\",\"width\":800,\"height\":600},\"primaryImageOfPage\":{\"@id\":\"https:\\\/\\\/www.eldigitaldeasturias.com\\\/noticias\\\/la-excupula-de-um-condenada-a-multas-que-suman-mas-de-57-300-euros\\\/#mainImage\"},\"datePublished\":\"2016-02-23T03:55:07+01:00\",\"dateModified\":\"2016-02-23T03:55:07+01:00\"},{\"@type\":\"WebSite\",\"@id\":\"https:\\\/\\\/www.eldigitaldeasturias.com\\\/noticias\\\/#website\",\"url\":\"https:\\\/\\\/www.eldigitaldeasturias.com\\\/noticias\\\/\",\"name\":\"El Digital de Asturias - Diario de actualidad y noticias\",\"alternateName\":\"El Digital de Asturias - Diario de actualidad y noticias\",\"description\":\"Hemeroteca\",\"inLanguage\":\"es-ES\",\"publisher\":{\"@id\":\"https:\\\/\\\/www.eldigitaldeasturias.com\\\/noticias\\\/#organization\"}}]}\n\t\t<\/script>\n\t\t<!-- All in One SEO Pro -->\r\n\t\t<title>La exc\u00fapula de UM condenada a multas que suman m\u00e1s de 57.300 euros - El Digital de Asturias<\/title>\n\n","aioseo_head_json":{"title":"La exc\u00fapula de UM condenada a multas que suman m\u00e1s de 57.300 euros - El Digital de Asturias","description":"La exc\u00fapula de UM, encabezada por la expresidenta del Parlament y del Consell de Mallorca Maria Ant\u00f2nia Munar, ha sido condenada a multas que suman m\u00e1s de 57.300 euros tras admitir que permiti\u00f3 el desv\u00edo de 200.000 euros p\u00fablicos --que ya han devuelto-- mediante la contrataci\u00f3n, con fondos de la Instituci\u00f3n insular, de una treintena","canonical_url":"https:\/\/www.eldigitaldeasturias.com\/noticias\/la-excupula-de-um-condenada-a-multas-que-suman-mas-de-57-300-euros\/","robots":"max-image-preview:large","keywords":"actualidad","webmasterTools":{"google-site-verification":"UA-38556648-1","msvalidate.01":"7dfe9f3f1b24437ab69f4f2559babe99","miscellaneous":""},"schema":{"@context":"https:\/\/schema.org","@graph":[{"@type":"BlogPosting","@id":"https:\/\/www.eldigitaldeasturias.com\/noticias\/la-excupula-de-um-condenada-a-multas-que-suman-mas-de-57-300-euros\/#blogposting","name":"La exc\u00fapula de UM condenada a multas que suman m\u00e1s de 57.300 euros - El Digital de Asturias","headline":"La exc\u00fapula de UM condenada a multas que suman m\u00e1s de 57.300 euros","author":{"@id":"https:\/\/www.eldigitaldeasturias.com\/noticias\/author\/admin\/#author"},"publisher":{"@id":"https:\/\/www.eldigitaldeasturias.com\/noticias\/#organization"},"image":{"@type":"ImageObject","url":"https:\/\/www.eldigitaldeasturias.com\/noticias\/wp-content\/uploads\/2016\/02\/fotonoticia_20160222121620_800.jpg","width":800,"height":600},"datePublished":"2016-02-23T03:55:07+01:00","dateModified":"2016-02-23T03:55:07+01:00","inLanguage":"es-ES","mainEntityOfPage":{"@id":"https:\/\/www.eldigitaldeasturias.com\/noticias\/la-excupula-de-um-condenada-a-multas-que-suman-mas-de-57-300-euros\/#webpage"},"isPartOf":{"@id":"https:\/\/www.eldigitaldeasturias.com\/noticias\/la-excupula-de-um-condenada-a-multas-que-suman-mas-de-57-300-euros\/#webpage"},"articleSection":"Actualidad"},{"@type":"BreadcrumbList","@id":"https:\/\/www.eldigitaldeasturias.com\/noticias\/la-excupula-de-um-condenada-a-multas-que-suman-mas-de-57-300-euros\/#breadcrumblist","itemListElement":[{"@type":"ListItem","@id":"https:\/\/www.eldigitaldeasturias.com\/noticias#listItem","position":1,"name":"Home","item":"https:\/\/www.eldigitaldeasturias.com\/noticias","nextItem":{"@type":"ListItem","@id":"https:\/\/www.eldigitaldeasturias.com\/noticias\/category\/actualidad\/#listItem","name":"Actualidad"}},{"@type":"ListItem","@id":"https:\/\/www.eldigitaldeasturias.com\/noticias\/category\/actualidad\/#listItem","position":2,"name":"Actualidad","item":"https:\/\/www.eldigitaldeasturias.com\/noticias\/category\/actualidad\/","nextItem":{"@type":"ListItem","@id":"https:\/\/www.eldigitaldeasturias.com\/noticias\/la-excupula-de-um-condenada-a-multas-que-suman-mas-de-57-300-euros\/#listItem","name":"La exc\u00fapula de UM condenada a multas que suman m\u00e1s de 57.300 euros"},"previousItem":{"@type":"ListItem","@id":"https:\/\/www.eldigitaldeasturias.com\/noticias#listItem","name":"Home"}},{"@type":"ListItem","@id":"https:\/\/www.eldigitaldeasturias.com\/noticias\/la-excupula-de-um-condenada-a-multas-que-suman-mas-de-57-300-euros\/#listItem","position":3,"name":"La exc\u00fapula de UM condenada a multas que suman m\u00e1s de 57.300 euros","previousItem":{"@type":"ListItem","@id":"https:\/\/www.eldigitaldeasturias.com\/noticias\/category\/actualidad\/#listItem","name":"Actualidad"}}]},{"@type":"Organization","@id":"https:\/\/www.eldigitaldeasturias.com\/noticias\/#organization","name":"El Digital de Asturias","description":"Hemeroteca","url":"https:\/\/www.eldigitaldeasturias.com\/noticias\/","email":"info@eldigitaldeasturias.com","telephone":"+34652131393","logo":{"@type":"ImageObject","url":"https:\/\/www.eldigitaldeasturias.com\/noticias\/wp-content\/uploads\/2020\/12\/EDA.jpg","@id":"https:\/\/www.eldigitaldeasturias.com\/noticias\/la-excupula-de-um-condenada-a-multas-que-suman-mas-de-57-300-euros\/#organizationLogo","width":649,"height":297},"image":{"@id":"https:\/\/www.eldigitaldeasturias.com\/noticias\/la-excupula-de-um-condenada-a-multas-que-suman-mas-de-57-300-euros\/#organizationLogo"},"sameAs":["https:\/\/facebook.com\/eldigitaldeasturias","https:\/\/www.youtube.com\/channel\/UCZP-2wLEB9Rv6erhFmqVnvg"],"address":{"@id":"https:\/\/www.eldigitaldeasturias.com\/noticias\/#postaladdress","@type":"PostalAddress","streetAddress":"san antonio 4,","postalCode":"33430","addressLocality":"Cand\u00e1s","addressRegion":"Asturias","addressCountry":"ES"}},{"@type":"Person","@id":"https:\/\/www.eldigitaldeasturias.com\/noticias\/author\/admin\/#author","url":"https:\/\/www.eldigitaldeasturias.com\/noticias\/author\/admin\/","name":"El Digital de Asturias","image":{"@type":"ImageObject","@id":"https:\/\/www.eldigitaldeasturias.com\/noticias\/la-excupula-de-um-condenada-a-multas-que-suman-mas-de-57-300-euros\/#authorImage","url":"https:\/\/www.eldigitaldeasturias.com\/noticias\/wp-content\/litespeed\/avatar\/18677e78aa0546b92d9dbf31ec7d7668.jpg?ver=1777290358","width":96,"height":96,"caption":"El Digital de Asturias"}},{"@type":"WebPage","@id":"https:\/\/www.eldigitaldeasturias.com\/noticias\/la-excupula-de-um-condenada-a-multas-que-suman-mas-de-57-300-euros\/#webpage","url":"https:\/\/www.eldigitaldeasturias.com\/noticias\/la-excupula-de-um-condenada-a-multas-que-suman-mas-de-57-300-euros\/","name":"La exc\u00fapula de UM condenada a multas que suman m\u00e1s de 57.300 euros - El Digital de Asturias","description":"La exc\u00fapula de UM, encabezada por la expresidenta del Parlament y del Consell de Mallorca Maria Ant\u00f2nia Munar, ha sido condenada a multas que suman m\u00e1s de 57.300 euros tras admitir que permiti\u00f3 el desv\u00edo de 200.000 euros p\u00fablicos --que ya han devuelto-- mediante la contrataci\u00f3n, con fondos de la Instituci\u00f3n insular, de una treintena","inLanguage":"es-ES","isPartOf":{"@id":"https:\/\/www.eldigitaldeasturias.com\/noticias\/#website"},"breadcrumb":{"@id":"https:\/\/www.eldigitaldeasturias.com\/noticias\/la-excupula-de-um-condenada-a-multas-que-suman-mas-de-57-300-euros\/#breadcrumblist"},"author":{"@id":"https:\/\/www.eldigitaldeasturias.com\/noticias\/author\/admin\/#author"},"creator":{"@id":"https:\/\/www.eldigitaldeasturias.com\/noticias\/author\/admin\/#author"},"image":{"@type":"ImageObject","url":"https:\/\/www.eldigitaldeasturias.com\/noticias\/wp-content\/uploads\/2016\/02\/fotonoticia_20160222121620_800.jpg","@id":"https:\/\/www.eldigitaldeasturias.com\/noticias\/la-excupula-de-um-condenada-a-multas-que-suman-mas-de-57-300-euros\/#mainImage","width":800,"height":600},"primaryImageOfPage":{"@id":"https:\/\/www.eldigitaldeasturias.com\/noticias\/la-excupula-de-um-condenada-a-multas-que-suman-mas-de-57-300-euros\/#mainImage"},"datePublished":"2016-02-23T03:55:07+01:00","dateModified":"2016-02-23T03:55:07+01:00"},{"@type":"WebSite","@id":"https:\/\/www.eldigitaldeasturias.com\/noticias\/#website","url":"https:\/\/www.eldigitaldeasturias.com\/noticias\/","name":"El Digital de Asturias - Diario de actualidad y noticias","alternateName":"El Digital de Asturias - Diario de actualidad y noticias","description":"Hemeroteca","inLanguage":"es-ES","publisher":{"@id":"https:\/\/www.eldigitaldeasturias.com\/noticias\/#organization"}}]},"og:locale":"es_ES","og:site_name":"El Digital de Asturias","og:type":"article","og:title":"La exc\u00fapula de UM condenada a multas que suman m\u00e1s de 57.300 euros - El Digital de Asturias","og:description":"La exc\u00fapula de UM, encabezada por la expresidenta del Parlament y del Consell de Mallorca Maria Ant\u00f2nia Munar, ha sido condenada a multas que suman m\u00e1s de 57.300 euros tras admitir que permiti\u00f3 el desv\u00edo de 200.000 euros p\u00fablicos --que ya han devuelto-- mediante la contrataci\u00f3n, con fondos de la Instituci\u00f3n insular, de una treintena","og:url":"https:\/\/www.eldigitaldeasturias.com\/noticias\/la-excupula-de-um-condenada-a-multas-que-suman-mas-de-57-300-euros\/","og:image":"https:\/\/www.eldigitaldeasturias.com\/noticias\/wp-content\/uploads\/2016\/02\/fotonoticia_20160222121620_800.jpg","og:image:secure_url":"https:\/\/www.eldigitaldeasturias.com\/noticias\/wp-content\/uploads\/2016\/02\/fotonoticia_20160222121620_800.jpg","og:image:width":800,"og:image:height":600,"article:tag":["actualidad"],"article:published_time":"2016-02-23T03:55:07+00:00","article:modified_time":"2016-02-23T03:55:07+00:00","article:publisher":"https:\/\/facebook.com\/eldigitaldeasturias","twitter:card":"summary_large_image","twitter:title":"La exc\u00fapula de UM condenada a multas que suman m\u00e1s de 57.300 euros - El Digital de Asturias","twitter:description":"La exc\u00fapula de UM, encabezada por la expresidenta del Parlament y del Consell de Mallorca Maria Ant\u00f2nia Munar, ha sido condenada a multas que suman m\u00e1s de 57.300 euros tras admitir que permiti\u00f3 el desv\u00edo de 200.000 euros p\u00fablicos --que ya han devuelto-- mediante la contrataci\u00f3n, con fondos de la Instituci\u00f3n insular, de una treintena","twitter:image":"https:\/\/www.eldigitaldeasturias.com\/noticias\/wp-content\/uploads\/2016\/02\/fotonoticia_20160222121620_800.jpg","twitter:label1":"Escrito por","twitter:data1":"El Digital de Asturias","twitter:label2":"Tiempo de lectura estimado","twitter:data2":"6 minutos"},"aioseo_meta_data":{"post_id":"860991","title":null,"description":null,"keywords":null,"keyphrases":null,"primary_term":null,"canonical_url":null,"og_title":null,"og_description":null,"og_object_type":"default","og_image_type":"default","og_image_url":null,"og_image_width":null,"og_image_height":null,"og_image_custom_url":null,"og_image_custom_fields":null,"og_video":null,"og_custom_url":null,"og_article_section":null,"og_article_tags":null,"twitter_use_og":false,"twitter_card":"default","twitter_image_type":"default","twitter_image_url":null,"twitter_image_custom_url":null,"twitter_image_custom_fields":null,"twitter_title":null,"twitter_description":null,"schema":{"blockGraphs":[],"customGraphs":[],"default":{"data":{"Article":[],"Course":[],"Dataset":[],"FAQPage":[],"Movie":[],"Person":[],"Product":[],"ProductReview":[],"Car":[],"Recipe":[],"Service":[],"SoftwareApplication":[],"WebPage":[]},"graphName":"","isEnabled":true},"graphs":[],"defaultGraph":"","defaultPostTypeGraph":""},"schema_type":null,"schema_type_options":null,"pillar_content":false,"robots_default":true,"robots_noindex":false,"robots_noarchive":false,"robots_nosnippet":false,"robots_nofollow":false,"robots_noimageindex":false,"robots_noodp":false,"robots_notranslate":false,"robots_max_snippet":null,"robots_max_videopreview":null,"robots_max_imagepreview":"large","priority":null,"frequency":null,"local_seo":null,"seo_analyzer_scan_date":"2025-12-10 19:44:18","breadcrumb_settings":null,"limit_modified_date":false,"open_ai":null,"ai":null,"created":"2020-12-21 12:25:09","updated":"2025-12-10 19:44:18"},"aioseo_breadcrumb":"<div class=\"aioseo-breadcrumbs\"><span class=\"aioseo-breadcrumb\">\n\t<a href=\"https:\/\/www.eldigitaldeasturias.com\/noticias\" title=\"Home\">Home<\/a>\n<\/span><span class=\"aioseo-breadcrumb-separator\">\u2013<\/span><span class=\"aioseo-breadcrumb\">\n\t<a href=\"https:\/\/www.eldigitaldeasturias.com\/noticias\/category\/actualidad\/\" title=\"Actualidad\">Actualidad<\/a>\n<\/span><span class=\"aioseo-breadcrumb-separator\">\u2013<\/span><span class=\"aioseo-breadcrumb\">\n\t<a href=\"https:\/\/www.eldigitaldeasturias.com\/noticias\/la-excupula-de-um-condenada-a-multas-que-suman-mas-de-57-300-euros\/\" title=\"La exc\u00fapula de UM condenada a multas que suman m\u00e1s de 57.300 euros\">La exc\u00fapula de UM condenada a multas que suman m\u00e1s de 57.300 euros<\/a>\n<\/span><\/div>","aioseo_breadcrumb_json":[{"label":"Home","link":"https:\/\/www.eldigitaldeasturias.com\/noticias"},{"label":"Actualidad","link":"https:\/\/www.eldigitaldeasturias.com\/noticias\/category\/actualidad\/"},{"label":"La exc\u00fapula de UM condenada a multas que suman m\u00e1s de 57.300 euros","link":"https:\/\/www.eldigitaldeasturias.com\/noticias\/la-excupula-de-um-condenada-a-multas-que-suman-mas-de-57-300-euros\/"}],"_links":{"self":[{"href":"https:\/\/www.eldigitaldeasturias.com\/noticias\/wp-json\/wp\/v2\/posts\/860991","targetHints":{"allow":["GET"]}}],"collection":[{"href":"https:\/\/www.eldigitaldeasturias.com\/noticias\/wp-json\/wp\/v2\/posts"}],"about":[{"href":"https:\/\/www.eldigitaldeasturias.com\/noticias\/wp-json\/wp\/v2\/types\/post"}],"author":[{"embeddable":true,"href":"https:\/\/www.eldigitaldeasturias.com\/noticias\/wp-json\/wp\/v2\/users\/1"}],"replies":[{"embeddable":true,"href":"https:\/\/www.eldigitaldeasturias.com\/noticias\/wp-json\/wp\/v2\/comments?post=860991"}],"version-history":[{"count":0,"href":"https:\/\/www.eldigitaldeasturias.com\/noticias\/wp-json\/wp\/v2\/posts\/860991\/revisions"}],"wp:featuredmedia":[{"embeddable":true,"href":"https:\/\/www.eldigitaldeasturias.com\/noticias\/wp-json\/wp\/v2\/media\/860992"}],"wp:attachment":[{"href":"https:\/\/www.eldigitaldeasturias.com\/noticias\/wp-json\/wp\/v2\/media?parent=860991"}],"wp:term":[{"taxonomy":"category","embeddable":true,"href":"https:\/\/www.eldigitaldeasturias.com\/noticias\/wp-json\/wp\/v2\/categories?post=860991"},{"taxonomy":"post_tag","embeddable":true,"href":"https:\/\/www.eldigitaldeasturias.com\/noticias\/wp-json\/wp\/v2\/tags?post=860991"}],"curies":[{"name":"wp","href":"https:\/\/api.w.org\/{rel}","templated":true}]}}