{"id":860988,"date":"2016-02-23T03:52:09","date_gmt":"2016-02-23T03:52:09","guid":{"rendered":"http:\/\/www.eldigitaldeasturias.com\/noticias\/?p=860988"},"modified":"2016-02-23T03:52:09","modified_gmt":"2016-02-23T03:52:09","slug":"detenido-grau-por-un-presunto-delito-continuado-de-cohecho","status":"publish","type":"post","link":"https:\/\/www.eldigitaldeasturias.com\/noticias\/detenido-grau-por-un-presunto-delito-continuado-de-cohecho\/","title":{"rendered":"Detenido Grau por un presunto delito continuado de cohecho"},"content":{"rendered":"<p><img loading=\"lazy\" decoding=\"async\" class=\"alignleft size-medium wp-image-860989\" src=\"https:\/\/www.eldigitaldeasturias.com\/noticias\/wp-content\/uploads\/2016\/02\/fotonoticia_20160222114405_800-360x281.jpg\" alt=\"fotonoticia_20160222114405_800\" width=\"360\" height=\"281\" srcset=\"https:\/\/www.eldigitaldeasturias.com\/noticias\/wp-content\/uploads\/2016\/02\/fotonoticia_20160222114405_800-360x281.jpg 360w, https:\/\/www.eldigitaldeasturias.com\/noticias\/wp-content\/uploads\/2016\/02\/fotonoticia_20160222114405_800-768x600.jpg 768w, https:\/\/www.eldigitaldeasturias.com\/noticias\/wp-content\/uploads\/2016\/02\/fotonoticia_20160222114405_800-650x508.jpg 650w, https:\/\/www.eldigitaldeasturias.com\/noticias\/wp-content\/uploads\/2016\/02\/fotonoticia_20160222114405_800-480x375.jpg 480w, https:\/\/www.eldigitaldeasturias.com\/noticias\/wp-content\/uploads\/2016\/02\/fotonoticia_20160222114405_800.jpg 800w\" sizes=\"auto, (max-width: 360px) 100vw, 360px\" \/>El ex vicealcalde de Valencia, Alfonso Grau, ha sido detenido este lunes por la Guardia Civil acusado de un presunto delito continuado de cohecho, seg\u00fan han informado a Europa Press fuentes de la investigaci\u00f3n.<\/p>\n<p>Estas mismas fuentes precisan que este arresto del pol\u00edtico valenciano no guarda relaci\u00f3n con la denominada &#8216;operaci\u00f3n Taula&#8217; en la que se investigan operaciones de blanqueo llevadas a cabo por el PP valenciano.<\/p>\n<p>Junto a Grau ha sido arrestado un empresario y se ha procedido a registrar la sede de una joyer\u00eda y la empresa Viajes Tranvias Tours en Valencia, siempre seg\u00fan las mismas fuentes.<\/p>\n<p>El arresto de Grau parte de la denuncia de un particular y ha sido detenido por el Instituto Armado ejerciendo funciones de Polic\u00eda Judicial, si bien en el caso no ha participado la Unidad Central Operativa (UCO) de la Guardia Civil que se encarga de la investigaci\u00f3n del &#8216;caso Taula&#8217;.<\/p>\n","protected":false},"excerpt":{"rendered":"<p>El ex vicealcalde de Valencia, Alfonso Grau, ha sido detenido este lunes por la Guardia Civil acusado de un presunto delito continuado de cohecho, seg\u00fan han informado a Europa Press fuentes de la investigaci\u00f3n. Estas mismas fuentes precisan que este arresto del pol\u00edtico valenciano no guarda relaci\u00f3n con la denominada &#8216;operaci\u00f3n Taula&#8217; en la que [&hellip;]<\/p>\n","protected":false},"author":1,"featured_media":860989,"comment_status":"closed","ping_status":"closed","sticky":false,"template":"","format":"standard","meta":{"footnotes":""},"categories":[5],"tags":[],"class_list":["post-860988","post","type-post","status-publish","format-standard","has-post-thumbnail","hentry","category-sucesos"],"aioseo_notices":[],"aioseo_head":"\n\t\t<!-- All in One SEO Pro 4.9.6.2 - aioseo.com -->\n\t<meta name=\"description\" content=\"El ex vicealcalde de Valencia, Alfonso Grau, ha sido detenido este lunes por la Guardia Civil acusado de un presunto delito continuado de cohecho, seg\u00fan han informado a Europa Press fuentes de la investigaci\u00f3n. Estas mismas fuentes precisan que este arresto del pol\u00edtico valenciano no guarda relaci\u00f3n con la denominada &#039;operaci\u00f3n Taula&#039; en la que\" \/>\n\t<meta name=\"robots\" content=\"max-image-preview:large\" \/>\n\t<meta name=\"author\" content=\"El Digital de Asturias\"\/>\n\t<meta name=\"google-site-verification\" content=\"UA-38556648-1\" \/>\n\t<meta name=\"msvalidate.01\" content=\"7dfe9f3f1b24437ab69f4f2559babe99\" \/>\n\t<meta name=\"keywords\" content=\"sucesos\" \/>\n\t<link rel=\"canonical\" href=\"https:\/\/www.eldigitaldeasturias.com\/noticias\/detenido-grau-por-un-presunto-delito-continuado-de-cohecho\/\" \/>\n\t<meta name=\"generator\" content=\"All in One SEO Pro (AIOSEO) 4.9.6.2\" \/>\n\t\t<meta property=\"og:locale\" content=\"es_ES\" \/>\n\t\t<meta property=\"og:site_name\" content=\"El Digital de Asturias\" \/>\n\t\t<meta property=\"og:type\" content=\"article\" \/>\n\t\t<meta property=\"og:title\" content=\"Detenido Grau por un presunto delito continuado de cohecho - El Digital de Asturias\" \/>\n\t\t<meta property=\"og:description\" content=\"El ex vicealcalde de Valencia, Alfonso Grau, ha sido detenido este lunes por la Guardia Civil acusado de un presunto delito continuado de cohecho, seg\u00fan han informado a Europa Press fuentes de la investigaci\u00f3n. Estas mismas fuentes precisan que este arresto del pol\u00edtico valenciano no guarda relaci\u00f3n con la denominada &#039;operaci\u00f3n Taula&#039; en la que\" \/>\n\t\t<meta property=\"og:url\" content=\"https:\/\/www.eldigitaldeasturias.com\/noticias\/detenido-grau-por-un-presunto-delito-continuado-de-cohecho\/\" \/>\n\t\t<meta property=\"og:image\" content=\"https:\/\/www.eldigitaldeasturias.com\/noticias\/wp-content\/uploads\/2016\/02\/fotonoticia_20160222114405_800.jpg\" \/>\n\t\t<meta property=\"og:image:secure_url\" content=\"https:\/\/www.eldigitaldeasturias.com\/noticias\/wp-content\/uploads\/2016\/02\/fotonoticia_20160222114405_800.jpg\" \/>\n\t\t<meta property=\"og:image:width\" content=\"800\" \/>\n\t\t<meta property=\"og:image:height\" content=\"625\" \/>\n\t\t<meta property=\"article:tag\" content=\"sucesos\" \/>\n\t\t<meta property=\"article:published_time\" content=\"2016-02-23T03:52:09+00:00\" \/>\n\t\t<meta property=\"article:modified_time\" content=\"2016-02-23T03:52:09+00:00\" \/>\n\t\t<meta property=\"article:publisher\" content=\"https:\/\/facebook.com\/eldigitaldeasturias\" \/>\n\t\t<meta name=\"twitter:card\" content=\"summary_large_image\" \/>\n\t\t<meta name=\"twitter:title\" content=\"Detenido Grau por un presunto delito continuado de cohecho - El Digital de Asturias\" \/>\n\t\t<meta name=\"twitter:description\" content=\"El ex vicealcalde de Valencia, Alfonso Grau, ha sido detenido este lunes por la Guardia Civil acusado de un presunto delito continuado de cohecho, seg\u00fan han informado a Europa Press fuentes de la investigaci\u00f3n. Estas mismas fuentes precisan que este arresto del pol\u00edtico valenciano no guarda relaci\u00f3n con la denominada &#039;operaci\u00f3n Taula&#039; en la que\" \/>\n\t\t<meta name=\"twitter:image\" content=\"https:\/\/www.eldigitaldeasturias.com\/noticias\/wp-content\/uploads\/2016\/02\/fotonoticia_20160222114405_800.jpg\" \/>\n\t\t<meta name=\"twitter:label1\" content=\"Escrito por\" \/>\n\t\t<meta name=\"twitter:data1\" content=\"El Digital de Asturias\" \/>\n\t\t<meta name=\"twitter:label2\" content=\"Tiempo de lectura estimado\" \/>\n\t\t<meta name=\"twitter:data2\" content=\"1 minuto\" \/>\n\t\t<script type=\"application\/ld+json\" class=\"aioseo-schema\">\n\t\t\t{\"@context\":\"https:\\\/\\\/schema.org\",\"@graph\":[{\"@type\":\"BlogPosting\",\"@id\":\"https:\\\/\\\/www.eldigitaldeasturias.com\\\/noticias\\\/detenido-grau-por-un-presunto-delito-continuado-de-cohecho\\\/#blogposting\",\"name\":\"Detenido Grau por un presunto delito continuado de cohecho - El Digital de Asturias\",\"headline\":\"Detenido Grau por un presunto delito continuado de cohecho\",\"author\":{\"@id\":\"https:\\\/\\\/www.eldigitaldeasturias.com\\\/noticias\\\/author\\\/admin\\\/#author\"},\"publisher\":{\"@id\":\"https:\\\/\\\/www.eldigitaldeasturias.com\\\/noticias\\\/#organization\"},\"image\":{\"@type\":\"ImageObject\",\"url\":\"https:\\\/\\\/www.eldigitaldeasturias.com\\\/noticias\\\/wp-content\\\/uploads\\\/2016\\\/02\\\/fotonoticia_20160222114405_800.jpg\",\"width\":800,\"height\":625},\"datePublished\":\"2016-02-23T03:52:09+01:00\",\"dateModified\":\"2016-02-23T03:52:09+01:00\",\"inLanguage\":\"es-ES\",\"mainEntityOfPage\":{\"@id\":\"https:\\\/\\\/www.eldigitaldeasturias.com\\\/noticias\\\/detenido-grau-por-un-presunto-delito-continuado-de-cohecho\\\/#webpage\"},\"isPartOf\":{\"@id\":\"https:\\\/\\\/www.eldigitaldeasturias.com\\\/noticias\\\/detenido-grau-por-un-presunto-delito-continuado-de-cohecho\\\/#webpage\"},\"articleSection\":\"Sucesos\"},{\"@type\":\"BreadcrumbList\",\"@id\":\"https:\\\/\\\/www.eldigitaldeasturias.com\\\/noticias\\\/detenido-grau-por-un-presunto-delito-continuado-de-cohecho\\\/#breadcrumblist\",\"itemListElement\":[{\"@type\":\"ListItem\",\"@id\":\"https:\\\/\\\/www.eldigitaldeasturias.com\\\/noticias#listItem\",\"position\":1,\"name\":\"Home\",\"item\":\"https:\\\/\\\/www.eldigitaldeasturias.com\\\/noticias\",\"nextItem\":{\"@type\":\"ListItem\",\"@id\":\"https:\\\/\\\/www.eldigitaldeasturias.com\\\/noticias\\\/category\\\/sucesos\\\/#listItem\",\"name\":\"Sucesos\"}},{\"@type\":\"ListItem\",\"@id\":\"https:\\\/\\\/www.eldigitaldeasturias.com\\\/noticias\\\/category\\\/sucesos\\\/#listItem\",\"position\":2,\"name\":\"Sucesos\",\"item\":\"https:\\\/\\\/www.eldigitaldeasturias.com\\\/noticias\\\/category\\\/sucesos\\\/\",\"nextItem\":{\"@type\":\"ListItem\",\"@id\":\"https:\\\/\\\/www.eldigitaldeasturias.com\\\/noticias\\\/detenido-grau-por-un-presunto-delito-continuado-de-cohecho\\\/#listItem\",\"name\":\"Detenido Grau por un presunto delito continuado de cohecho\"},\"previousItem\":{\"@type\":\"ListItem\",\"@id\":\"https:\\\/\\\/www.eldigitaldeasturias.com\\\/noticias#listItem\",\"name\":\"Home\"}},{\"@type\":\"ListItem\",\"@id\":\"https:\\\/\\\/www.eldigitaldeasturias.com\\\/noticias\\\/detenido-grau-por-un-presunto-delito-continuado-de-cohecho\\\/#listItem\",\"position\":3,\"name\":\"Detenido Grau por un presunto delito continuado de cohecho\",\"previousItem\":{\"@type\":\"ListItem\",\"@id\":\"https:\\\/\\\/www.eldigitaldeasturias.com\\\/noticias\\\/category\\\/sucesos\\\/#listItem\",\"name\":\"Sucesos\"}}]},{\"@type\":\"Organization\",\"@id\":\"https:\\\/\\\/www.eldigitaldeasturias.com\\\/noticias\\\/#organization\",\"name\":\"El Digital de Asturias\",\"description\":\"Hemeroteca\",\"url\":\"https:\\\/\\\/www.eldigitaldeasturias.com\\\/noticias\\\/\",\"email\":\"info@eldigitaldeasturias.com\",\"telephone\":\"+34652131393\",\"logo\":{\"@type\":\"ImageObject\",\"url\":\"https:\\\/\\\/www.eldigitaldeasturias.com\\\/noticias\\\/wp-content\\\/uploads\\\/2020\\\/12\\\/EDA.jpg\",\"@id\":\"https:\\\/\\\/www.eldigitaldeasturias.com\\\/noticias\\\/detenido-grau-por-un-presunto-delito-continuado-de-cohecho\\\/#organizationLogo\",\"width\":649,\"height\":297},\"image\":{\"@id\":\"https:\\\/\\\/www.eldigitaldeasturias.com\\\/noticias\\\/detenido-grau-por-un-presunto-delito-continuado-de-cohecho\\\/#organizationLogo\"},\"sameAs\":[\"https:\\\/\\\/facebook.com\\\/eldigitaldeasturias\",\"https:\\\/\\\/www.youtube.com\\\/channel\\\/UCZP-2wLEB9Rv6erhFmqVnvg\"],\"address\":{\"@id\":\"https:\\\/\\\/www.eldigitaldeasturias.com\\\/noticias\\\/#postaladdress\",\"@type\":\"PostalAddress\",\"streetAddress\":\"san antonio 4,\",\"postalCode\":\"33430\",\"addressLocality\":\"Cand\\u00e1s\",\"addressRegion\":\"Asturias\",\"addressCountry\":\"ES\"}},{\"@type\":\"Person\",\"@id\":\"https:\\\/\\\/www.eldigitaldeasturias.com\\\/noticias\\\/author\\\/admin\\\/#author\",\"url\":\"https:\\\/\\\/www.eldigitaldeasturias.com\\\/noticias\\\/author\\\/admin\\\/\",\"name\":\"El Digital de Asturias\",\"image\":{\"@type\":\"ImageObject\",\"@id\":\"https:\\\/\\\/www.eldigitaldeasturias.com\\\/noticias\\\/detenido-grau-por-un-presunto-delito-continuado-de-cohecho\\\/#authorImage\",\"url\":\"https:\\\/\\\/www.eldigitaldeasturias.com\\\/noticias\\\/wp-content\\\/litespeed\\\/avatar\\\/18677e78aa0546b92d9dbf31ec7d7668.jpg?ver=1777290358\",\"width\":96,\"height\":96,\"caption\":\"El Digital de Asturias\"}},{\"@type\":\"WebPage\",\"@id\":\"https:\\\/\\\/www.eldigitaldeasturias.com\\\/noticias\\\/detenido-grau-por-un-presunto-delito-continuado-de-cohecho\\\/#webpage\",\"url\":\"https:\\\/\\\/www.eldigitaldeasturias.com\\\/noticias\\\/detenido-grau-por-un-presunto-delito-continuado-de-cohecho\\\/\",\"name\":\"Detenido Grau por un presunto delito continuado de cohecho - El Digital de Asturias\",\"description\":\"El ex vicealcalde de Valencia, Alfonso Grau, ha sido detenido este lunes por la Guardia Civil acusado de un presunto delito continuado de cohecho, seg\\u00fan han informado a Europa Press fuentes de la investigaci\\u00f3n. Estas mismas fuentes precisan que este arresto del pol\\u00edtico valenciano no guarda relaci\\u00f3n con la denominada 'operaci\\u00f3n Taula' en la que\",\"inLanguage\":\"es-ES\",\"isPartOf\":{\"@id\":\"https:\\\/\\\/www.eldigitaldeasturias.com\\\/noticias\\\/#website\"},\"breadcrumb\":{\"@id\":\"https:\\\/\\\/www.eldigitaldeasturias.com\\\/noticias\\\/detenido-grau-por-un-presunto-delito-continuado-de-cohecho\\\/#breadcrumblist\"},\"author\":{\"@id\":\"https:\\\/\\\/www.eldigitaldeasturias.com\\\/noticias\\\/author\\\/admin\\\/#author\"},\"creator\":{\"@id\":\"https:\\\/\\\/www.eldigitaldeasturias.com\\\/noticias\\\/author\\\/admin\\\/#author\"},\"image\":{\"@type\":\"ImageObject\",\"url\":\"https:\\\/\\\/www.eldigitaldeasturias.com\\\/noticias\\\/wp-content\\\/uploads\\\/2016\\\/02\\\/fotonoticia_20160222114405_800.jpg\",\"@id\":\"https:\\\/\\\/www.eldigitaldeasturias.com\\\/noticias\\\/detenido-grau-por-un-presunto-delito-continuado-de-cohecho\\\/#mainImage\",\"width\":800,\"height\":625},\"primaryImageOfPage\":{\"@id\":\"https:\\\/\\\/www.eldigitaldeasturias.com\\\/noticias\\\/detenido-grau-por-un-presunto-delito-continuado-de-cohecho\\\/#mainImage\"},\"datePublished\":\"2016-02-23T03:52:09+01:00\",\"dateModified\":\"2016-02-23T03:52:09+01:00\"},{\"@type\":\"WebSite\",\"@id\":\"https:\\\/\\\/www.eldigitaldeasturias.com\\\/noticias\\\/#website\",\"url\":\"https:\\\/\\\/www.eldigitaldeasturias.com\\\/noticias\\\/\",\"name\":\"El Digital de Asturias - Diario de actualidad y noticias\",\"alternateName\":\"El Digital de Asturias - Diario de actualidad y noticias\",\"description\":\"Hemeroteca\",\"inLanguage\":\"es-ES\",\"publisher\":{\"@id\":\"https:\\\/\\\/www.eldigitaldeasturias.com\\\/noticias\\\/#organization\"}}]}\n\t\t<\/script>\n\t\t<!-- All in One SEO Pro -->\r\n\t\t<title>Detenido Grau por un presunto delito continuado de cohecho - El Digital de Asturias<\/title>\n\n","aioseo_head_json":{"title":"Detenido Grau por un presunto delito continuado de cohecho - El Digital de Asturias","description":"El ex vicealcalde de Valencia, Alfonso Grau, ha sido detenido este lunes por la Guardia Civil acusado de un presunto delito continuado de cohecho, seg\u00fan han informado a Europa Press fuentes de la investigaci\u00f3n. Estas mismas fuentes precisan que este arresto del pol\u00edtico valenciano no guarda relaci\u00f3n con la denominada 'operaci\u00f3n Taula' en la que","canonical_url":"https:\/\/www.eldigitaldeasturias.com\/noticias\/detenido-grau-por-un-presunto-delito-continuado-de-cohecho\/","robots":"max-image-preview:large","keywords":"sucesos","webmasterTools":{"google-site-verification":"UA-38556648-1","msvalidate.01":"7dfe9f3f1b24437ab69f4f2559babe99","miscellaneous":""},"schema":{"@context":"https:\/\/schema.org","@graph":[{"@type":"BlogPosting","@id":"https:\/\/www.eldigitaldeasturias.com\/noticias\/detenido-grau-por-un-presunto-delito-continuado-de-cohecho\/#blogposting","name":"Detenido Grau por un presunto delito continuado de cohecho - El Digital de Asturias","headline":"Detenido Grau por un presunto delito continuado de cohecho","author":{"@id":"https:\/\/www.eldigitaldeasturias.com\/noticias\/author\/admin\/#author"},"publisher":{"@id":"https:\/\/www.eldigitaldeasturias.com\/noticias\/#organization"},"image":{"@type":"ImageObject","url":"https:\/\/www.eldigitaldeasturias.com\/noticias\/wp-content\/uploads\/2016\/02\/fotonoticia_20160222114405_800.jpg","width":800,"height":625},"datePublished":"2016-02-23T03:52:09+01:00","dateModified":"2016-02-23T03:52:09+01:00","inLanguage":"es-ES","mainEntityOfPage":{"@id":"https:\/\/www.eldigitaldeasturias.com\/noticias\/detenido-grau-por-un-presunto-delito-continuado-de-cohecho\/#webpage"},"isPartOf":{"@id":"https:\/\/www.eldigitaldeasturias.com\/noticias\/detenido-grau-por-un-presunto-delito-continuado-de-cohecho\/#webpage"},"articleSection":"Sucesos"},{"@type":"BreadcrumbList","@id":"https:\/\/www.eldigitaldeasturias.com\/noticias\/detenido-grau-por-un-presunto-delito-continuado-de-cohecho\/#breadcrumblist","itemListElement":[{"@type":"ListItem","@id":"https:\/\/www.eldigitaldeasturias.com\/noticias#listItem","position":1,"name":"Home","item":"https:\/\/www.eldigitaldeasturias.com\/noticias","nextItem":{"@type":"ListItem","@id":"https:\/\/www.eldigitaldeasturias.com\/noticias\/category\/sucesos\/#listItem","name":"Sucesos"}},{"@type":"ListItem","@id":"https:\/\/www.eldigitaldeasturias.com\/noticias\/category\/sucesos\/#listItem","position":2,"name":"Sucesos","item":"https:\/\/www.eldigitaldeasturias.com\/noticias\/category\/sucesos\/","nextItem":{"@type":"ListItem","@id":"https:\/\/www.eldigitaldeasturias.com\/noticias\/detenido-grau-por-un-presunto-delito-continuado-de-cohecho\/#listItem","name":"Detenido Grau por un presunto delito continuado de cohecho"},"previousItem":{"@type":"ListItem","@id":"https:\/\/www.eldigitaldeasturias.com\/noticias#listItem","name":"Home"}},{"@type":"ListItem","@id":"https:\/\/www.eldigitaldeasturias.com\/noticias\/detenido-grau-por-un-presunto-delito-continuado-de-cohecho\/#listItem","position":3,"name":"Detenido Grau por un presunto delito continuado de cohecho","previousItem":{"@type":"ListItem","@id":"https:\/\/www.eldigitaldeasturias.com\/noticias\/category\/sucesos\/#listItem","name":"Sucesos"}}]},{"@type":"Organization","@id":"https:\/\/www.eldigitaldeasturias.com\/noticias\/#organization","name":"El Digital de Asturias","description":"Hemeroteca","url":"https:\/\/www.eldigitaldeasturias.com\/noticias\/","email":"info@eldigitaldeasturias.com","telephone":"+34652131393","logo":{"@type":"ImageObject","url":"https:\/\/www.eldigitaldeasturias.com\/noticias\/wp-content\/uploads\/2020\/12\/EDA.jpg","@id":"https:\/\/www.eldigitaldeasturias.com\/noticias\/detenido-grau-por-un-presunto-delito-continuado-de-cohecho\/#organizationLogo","width":649,"height":297},"image":{"@id":"https:\/\/www.eldigitaldeasturias.com\/noticias\/detenido-grau-por-un-presunto-delito-continuado-de-cohecho\/#organizationLogo"},"sameAs":["https:\/\/facebook.com\/eldigitaldeasturias","https:\/\/www.youtube.com\/channel\/UCZP-2wLEB9Rv6erhFmqVnvg"],"address":{"@id":"https:\/\/www.eldigitaldeasturias.com\/noticias\/#postaladdress","@type":"PostalAddress","streetAddress":"san antonio 4,","postalCode":"33430","addressLocality":"Cand\u00e1s","addressRegion":"Asturias","addressCountry":"ES"}},{"@type":"Person","@id":"https:\/\/www.eldigitaldeasturias.com\/noticias\/author\/admin\/#author","url":"https:\/\/www.eldigitaldeasturias.com\/noticias\/author\/admin\/","name":"El Digital de Asturias","image":{"@type":"ImageObject","@id":"https:\/\/www.eldigitaldeasturias.com\/noticias\/detenido-grau-por-un-presunto-delito-continuado-de-cohecho\/#authorImage","url":"https:\/\/www.eldigitaldeasturias.com\/noticias\/wp-content\/litespeed\/avatar\/18677e78aa0546b92d9dbf31ec7d7668.jpg?ver=1777290358","width":96,"height":96,"caption":"El Digital de Asturias"}},{"@type":"WebPage","@id":"https:\/\/www.eldigitaldeasturias.com\/noticias\/detenido-grau-por-un-presunto-delito-continuado-de-cohecho\/#webpage","url":"https:\/\/www.eldigitaldeasturias.com\/noticias\/detenido-grau-por-un-presunto-delito-continuado-de-cohecho\/","name":"Detenido Grau por un presunto delito continuado de cohecho - El Digital de Asturias","description":"El ex vicealcalde de Valencia, Alfonso Grau, ha sido detenido este lunes por la Guardia Civil acusado de un presunto delito continuado de cohecho, seg\u00fan han informado a Europa Press fuentes de la investigaci\u00f3n. Estas mismas fuentes precisan que este arresto del pol\u00edtico valenciano no guarda relaci\u00f3n con la denominada 'operaci\u00f3n Taula' en la que","inLanguage":"es-ES","isPartOf":{"@id":"https:\/\/www.eldigitaldeasturias.com\/noticias\/#website"},"breadcrumb":{"@id":"https:\/\/www.eldigitaldeasturias.com\/noticias\/detenido-grau-por-un-presunto-delito-continuado-de-cohecho\/#breadcrumblist"},"author":{"@id":"https:\/\/www.eldigitaldeasturias.com\/noticias\/author\/admin\/#author"},"creator":{"@id":"https:\/\/www.eldigitaldeasturias.com\/noticias\/author\/admin\/#author"},"image":{"@type":"ImageObject","url":"https:\/\/www.eldigitaldeasturias.com\/noticias\/wp-content\/uploads\/2016\/02\/fotonoticia_20160222114405_800.jpg","@id":"https:\/\/www.eldigitaldeasturias.com\/noticias\/detenido-grau-por-un-presunto-delito-continuado-de-cohecho\/#mainImage","width":800,"height":625},"primaryImageOfPage":{"@id":"https:\/\/www.eldigitaldeasturias.com\/noticias\/detenido-grau-por-un-presunto-delito-continuado-de-cohecho\/#mainImage"},"datePublished":"2016-02-23T03:52:09+01:00","dateModified":"2016-02-23T03:52:09+01:00"},{"@type":"WebSite","@id":"https:\/\/www.eldigitaldeasturias.com\/noticias\/#website","url":"https:\/\/www.eldigitaldeasturias.com\/noticias\/","name":"El Digital de Asturias - Diario de actualidad y noticias","alternateName":"El Digital de Asturias - Diario de actualidad y noticias","description":"Hemeroteca","inLanguage":"es-ES","publisher":{"@id":"https:\/\/www.eldigitaldeasturias.com\/noticias\/#organization"}}]},"og:locale":"es_ES","og:site_name":"El Digital de Asturias","og:type":"article","og:title":"Detenido Grau por un presunto delito continuado de cohecho - El Digital de Asturias","og:description":"El ex vicealcalde de Valencia, Alfonso Grau, ha sido detenido este lunes por la Guardia Civil acusado de un presunto delito continuado de cohecho, seg\u00fan han informado a Europa Press fuentes de la investigaci\u00f3n. Estas mismas fuentes precisan que este arresto del pol\u00edtico valenciano no guarda relaci\u00f3n con la denominada 'operaci\u00f3n Taula' en la que","og:url":"https:\/\/www.eldigitaldeasturias.com\/noticias\/detenido-grau-por-un-presunto-delito-continuado-de-cohecho\/","og:image":"https:\/\/www.eldigitaldeasturias.com\/noticias\/wp-content\/uploads\/2016\/02\/fotonoticia_20160222114405_800.jpg","og:image:secure_url":"https:\/\/www.eldigitaldeasturias.com\/noticias\/wp-content\/uploads\/2016\/02\/fotonoticia_20160222114405_800.jpg","og:image:width":800,"og:image:height":625,"article:tag":["sucesos"],"article:published_time":"2016-02-23T03:52:09+00:00","article:modified_time":"2016-02-23T03:52:09+00:00","article:publisher":"https:\/\/facebook.com\/eldigitaldeasturias","twitter:card":"summary_large_image","twitter:title":"Detenido Grau por un presunto delito continuado de cohecho - El Digital de Asturias","twitter:description":"El ex vicealcalde de Valencia, Alfonso Grau, ha sido detenido este lunes por la Guardia Civil acusado de un presunto delito continuado de cohecho, seg\u00fan han informado a Europa Press fuentes de la investigaci\u00f3n. Estas mismas fuentes precisan que este arresto del pol\u00edtico valenciano no guarda relaci\u00f3n con la denominada 'operaci\u00f3n Taula' en la que","twitter:image":"https:\/\/www.eldigitaldeasturias.com\/noticias\/wp-content\/uploads\/2016\/02\/fotonoticia_20160222114405_800.jpg","twitter:label1":"Escrito por","twitter:data1":"El Digital de Asturias","twitter:label2":"Tiempo de lectura estimado","twitter:data2":"1 minuto"},"aioseo_meta_data":{"post_id":"860988","title":null,"description":null,"keywords":null,"keyphrases":null,"primary_term":null,"canonical_url":null,"og_title":null,"og_description":null,"og_object_type":"default","og_image_type":"default","og_image_url":null,"og_image_width":null,"og_image_height":null,"og_image_custom_url":null,"og_image_custom_fields":null,"og_video":null,"og_custom_url":null,"og_article_section":null,"og_article_tags":null,"twitter_use_og":false,"twitter_card":"default","twitter_image_type":"default","twitter_image_url":null,"twitter_image_custom_url":null,"twitter_image_custom_fields":null,"twitter_title":null,"twitter_description":null,"schema":{"blockGraphs":[],"customGraphs":[],"default":{"data":{"Article":[],"Course":[],"Dataset":[],"FAQPage":[],"Movie":[],"Person":[],"Product":[],"ProductReview":[],"Car":[],"Recipe":[],"Service":[],"SoftwareApplication":[],"WebPage":[]},"graphName":"","isEnabled":true},"graphs":[],"defaultGraph":"","defaultPostTypeGraph":""},"schema_type":null,"schema_type_options":null,"pillar_content":false,"robots_default":true,"robots_noindex":false,"robots_noarchive":false,"robots_nosnippet":false,"robots_nofollow":false,"robots_noimageindex":false,"robots_noodp":false,"robots_notranslate":false,"robots_max_snippet":null,"robots_max_videopreview":null,"robots_max_imagepreview":"large","priority":null,"frequency":null,"local_seo":null,"seo_analyzer_scan_date":"2025-12-10 19:44:17","breadcrumb_settings":null,"limit_modified_date":false,"open_ai":null,"ai":null,"created":"2021-01-22 13:36:14","updated":"2025-12-10 19:44:17"},"aioseo_breadcrumb":"<div class=\"aioseo-breadcrumbs\"><span class=\"aioseo-breadcrumb\">\n\t<a href=\"https:\/\/www.eldigitaldeasturias.com\/noticias\" title=\"Home\">Home<\/a>\n<\/span><span class=\"aioseo-breadcrumb-separator\">\u2013<\/span><span class=\"aioseo-breadcrumb\">\n\t<a href=\"https:\/\/www.eldigitaldeasturias.com\/noticias\/category\/sucesos\/\" title=\"Sucesos\">Sucesos<\/a>\n<\/span><span class=\"aioseo-breadcrumb-separator\">\u2013<\/span><span class=\"aioseo-breadcrumb\">\n\t<a href=\"https:\/\/www.eldigitaldeasturias.com\/noticias\/detenido-grau-por-un-presunto-delito-continuado-de-cohecho\/\" title=\"Detenido Grau por un presunto delito continuado de cohecho\">Detenido Grau por un presunto delito continuado de cohecho<\/a>\n<\/span><\/div>","aioseo_breadcrumb_json":[{"label":"Home","link":"https:\/\/www.eldigitaldeasturias.com\/noticias"},{"label":"Sucesos","link":"https:\/\/www.eldigitaldeasturias.com\/noticias\/category\/sucesos\/"},{"label":"Detenido Grau por un presunto delito continuado de cohecho","link":"https:\/\/www.eldigitaldeasturias.com\/noticias\/detenido-grau-por-un-presunto-delito-continuado-de-cohecho\/"}],"_links":{"self":[{"href":"https:\/\/www.eldigitaldeasturias.com\/noticias\/wp-json\/wp\/v2\/posts\/860988","targetHints":{"allow":["GET"]}}],"collection":[{"href":"https:\/\/www.eldigitaldeasturias.com\/noticias\/wp-json\/wp\/v2\/posts"}],"about":[{"href":"https:\/\/www.eldigitaldeasturias.com\/noticias\/wp-json\/wp\/v2\/types\/post"}],"author":[{"embeddable":true,"href":"https:\/\/www.eldigitaldeasturias.com\/noticias\/wp-json\/wp\/v2\/users\/1"}],"replies":[{"embeddable":true,"href":"https:\/\/www.eldigitaldeasturias.com\/noticias\/wp-json\/wp\/v2\/comments?post=860988"}],"version-history":[{"count":0,"href":"https:\/\/www.eldigitaldeasturias.com\/noticias\/wp-json\/wp\/v2\/posts\/860988\/revisions"}],"wp:featuredmedia":[{"embeddable":true,"href":"https:\/\/www.eldigitaldeasturias.com\/noticias\/wp-json\/wp\/v2\/media\/860989"}],"wp:attachment":[{"href":"https:\/\/www.eldigitaldeasturias.com\/noticias\/wp-json\/wp\/v2\/media?parent=860988"}],"wp:term":[{"taxonomy":"category","embeddable":true,"href":"https:\/\/www.eldigitaldeasturias.com\/noticias\/wp-json\/wp\/v2\/categories?post=860988"},{"taxonomy":"post_tag","embeddable":true,"href":"https:\/\/www.eldigitaldeasturias.com\/noticias\/wp-json\/wp\/v2\/tags?post=860988"}],"curies":[{"name":"wp","href":"https:\/\/api.w.org\/{rel}","templated":true}]}}