{"id":860883,"date":"2016-02-23T02:37:55","date_gmt":"2016-02-23T02:37:55","guid":{"rendered":"http:\/\/www.eldigitaldeasturias.com\/noticias\/?p=860883"},"modified":"2016-02-23T02:37:55","modified_gmt":"2016-02-23T02:37:55","slug":"dani-alves-el-barca-es-algo-digno-de-admiracion","status":"publish","type":"post","link":"https:\/\/www.eldigitaldeasturias.com\/noticias\/dani-alves-el-barca-es-algo-digno-de-admiracion\/","title":{"rendered":"Dani Alves \u00abEl Bar\u00e7a es algo digno de admiraci\u00f3n\u00bb"},"content":{"rendered":"<p><img loading=\"lazy\" decoding=\"async\" class=\"alignleft size-medium wp-image-860884\" src=\"https:\/\/www.eldigitaldeasturias.com\/noticias\/wp-content\/uploads\/2016\/02\/fotonoticia_20160222143413_800-360x203.jpg\" alt=\"fotonoticia_20160222143413_800\" width=\"360\" height=\"203\" srcset=\"https:\/\/www.eldigitaldeasturias.com\/noticias\/wp-content\/uploads\/2016\/02\/fotonoticia_20160222143413_800-360x203.jpg 360w, https:\/\/www.eldigitaldeasturias.com\/noticias\/wp-content\/uploads\/2016\/02\/fotonoticia_20160222143413_800-768x432.jpg 768w, https:\/\/www.eldigitaldeasturias.com\/noticias\/wp-content\/uploads\/2016\/02\/fotonoticia_20160222143413_800-650x366.jpg 650w, https:\/\/www.eldigitaldeasturias.com\/noticias\/wp-content\/uploads\/2016\/02\/fotonoticia_20160222143413_800.jpg 800w\" sizes=\"auto, (max-width: 360px) 100vw, 360px\" \/>El jugador del FC Barcelona Dani Alves ha se\u00f1alado que para los \u00abverdaderos apasionados\u00bb del f\u00fatbol el equipo blaugrana es \u00abdigno de admiraci\u00f3n\u00bb por las ganas que tienen de seguir triunfando y cosechando t\u00edtulos pese a haberlo ganado todo en los \u00faltimos a\u00f1os, algo \u00abin\u00e9dito e incre\u00edble\u00bb que, junto con el buen ambiente que se vive en el vestuario, hace pensar al brasile\u00f1o que son un equipo \u00abpara quitarse el sombrero\u00bb.<\/p>\n<p>\u00abEn los \u00faltimos 5 \u00f3 6 a\u00f1os se ha visto una versi\u00f3n incre\u00edble del equipo. Y cuando la gente pensaba que no pod\u00edamos m\u00e1s, lo hemos vuelto a conseguir. Mantenemos las ganas de seguir compitiendo, ese sentimiento y esas ganas que tenemos nosotros tardar\u00e1n un poquito en verse en otro equipo. Es in\u00e9dito, incre\u00edble. Para los verdaderos apasionados por el f\u00fatbol, el Barca es algo digno de admiraci\u00f3n\u00bb, se\u00f1al\u00f3 en una entrevista a &#8216;fifa.com&#8217; recogida por Europa Press.<\/p>\n<p>Para Alves, es normal que medi\u00e1ticamente el foco est\u00e9 puesto en el tridente formado por Leo Messi, Luis Su\u00e1rez y Neymar, porque \u00abson grandes\u00bb, pero recalc\u00f3 la importancia de jugar como equipo para poder triunfar. \u00abSoy un jugador colectivo. Todos pensamos as\u00ed en el Barcelona y esa es la clave de nuestro \u00e9xito. La prensa elige de qui\u00e9n habla, pero nadie es ego\u00edsta. Es dif\u00edcil juntar a tantas estrellas y que todos mantengan la humildad. Por eso tenemos un equipo para quitarse el sombrero\u00bb, manifest\u00f3.<\/p>\n<p>Y \u00e9l, dentro de este equipo, se adapta. \u00abSigo diciendo que el f\u00fatbol, m\u00e1s all\u00e1 del ataque, es colectivo. Doy el ejemplo de un compa\u00f1ero como Mascherano que ha hecho un Mundial incre\u00edble, podr\u00eda haber peleado por el premio al mejor jugador&#8230; Pero es de los que &#8216;destruyen&#8217; el juego, no tiene tanto aporte medi\u00e1tico. Lo m\u00edo en el f\u00fatbol siempre ha sido adaptarme a lo que me piden, a lo que necesiten los compa\u00f1eros\u00bb, explic\u00f3.<\/p>\n<p>Eso s\u00ed, al lateral no le gusta \u00abmucho lo que envuelve al f\u00fatbol\u00bb. \u00abMe gusta el deporte en s\u00ed, pero hay demasiada prensa sensacionalista en la actualidad y eso quema un poco el juego. Estamos siempre en el ojo del hurac\u00e1n. Somos juzgados y prejuzgados por cierto tipo de prensa. Antes el inter\u00e9s estaba dentro de la cancha, pero ahora est\u00e1 fuera\u00bb, lament\u00f3.<\/p>\n<p>\u00abMe cansa un poco todo eso. Me gustar\u00eda mucho m\u00e1s hablar de f\u00fatbol, de los jugadores en el campo. Que los futbolistas se ganen su sueldo, su vida y su derecho a competir por conquistar cosas dentro del campo y no fuera de \u00e9l. Pero luego, cuando uno expresa su opini\u00f3n est\u00e1 mal visto porque las personas s\u00f3lo est\u00e1n preparadas para ser elogiadas, nunca para ser criticadas, aunque sea tu humilde opini\u00f3n. Pero si pienso una cosa, caiga mejor o peor, siempre lo voy a decir. Soy libre, y mi opini\u00f3n tambi\u00e9n\u00bb, se sincer\u00f3 el azulgrana.<\/p>\n<p>Quiz\u00e1 por ello, Dani Alves quiera terminar su carrera futbol\u00edstica en Brasil, donde comenz\u00f3, alejado del virus medi\u00e1tico que le acompa\u00f1a como integrante de uno de los mejores equipos del momento. \u00abYa promet\u00ed que acabar\u00eda mi carrera donde he empezado como una forma de agradecimiento a quienes me permitieron presentarme en el f\u00fatbol, pero disfrutando y haci\u00e9ndoles disfrutar tambi\u00e9n. Me cuidar\u00e9 para volver y no ser una decepci\u00f3n. La idea es que la pasemos bien todos y terminar all\u00ed\u00bb, apunt\u00f3.<\/p>\n<p>Y, tras colgar las botas, se inmiscuir\u00e1 en otras facetas que le motivan como \u00abla gastronom\u00eda, la m\u00fasica y la moda\u00bb. \u00abEstar\u00e9 metido en alguno de esos tres mundos, o en los tres. Son cosas que me apasionan y yo s\u00f3lo hago lo que me apasiona. El f\u00fatbol tambi\u00e9n, pero dif\u00edcilmente me quedar\u00e9 en esto. Hay muchas cosas que no me gustan y siempre estoy donde me siento c\u00f3modo y bien. Me gusta que la energ\u00eda fluya para bien, no para los interesados\u00bb, sentenci\u00f3.<\/p>\n","protected":false},"excerpt":{"rendered":"<p>El jugador del FC Barcelona Dani Alves ha se\u00f1alado que para los \u00abverdaderos apasionados\u00bb del f\u00fatbol el equipo blaugrana es \u00abdigno de admiraci\u00f3n\u00bb por las ganas que tienen de seguir triunfando y cosechando t\u00edtulos pese a haberlo ganado todo en los \u00faltimos a\u00f1os, algo \u00abin\u00e9dito e incre\u00edble\u00bb que, junto con el buen ambiente que se [&hellip;]<\/p>\n","protected":false},"author":1,"featured_media":860884,"comment_status":"closed","ping_status":"closed","sticky":false,"template":"","format":"standard","meta":{"footnotes":""},"categories":[1],"tags":[],"class_list":["post-860883","post","type-post","status-publish","format-standard","has-post-thumbnail","hentry","category-actualidad"],"aioseo_notices":[],"aioseo_head":"\n\t\t<!-- All in One SEO Pro 4.9.6.2 - aioseo.com -->\n\t<meta name=\"description\" content=\"El jugador del FC Barcelona Dani Alves ha se\u00f1alado que para los &quot;verdaderos apasionados&quot; del f\u00fatbol el equipo blaugrana es &quot;digno de admiraci\u00f3n&quot; por las ganas que tienen de seguir triunfando y cosechando t\u00edtulos pese a haberlo ganado todo en los \u00faltimos a\u00f1os, algo &quot;in\u00e9dito e incre\u00edble&quot; que, junto con el buen ambiente que se\" \/>\n\t<meta name=\"robots\" content=\"max-image-preview:large\" \/>\n\t<meta name=\"author\" content=\"El Digital de Asturias\"\/>\n\t<meta name=\"google-site-verification\" content=\"UA-38556648-1\" \/>\n\t<meta name=\"msvalidate.01\" content=\"7dfe9f3f1b24437ab69f4f2559babe99\" \/>\n\t<meta name=\"keywords\" content=\"actualidad\" \/>\n\t<link rel=\"canonical\" href=\"https:\/\/www.eldigitaldeasturias.com\/noticias\/dani-alves-el-barca-es-algo-digno-de-admiracion\/\" \/>\n\t<meta name=\"generator\" content=\"All in One SEO Pro (AIOSEO) 4.9.6.2\" \/>\n\t\t<meta property=\"og:locale\" content=\"es_ES\" \/>\n\t\t<meta property=\"og:site_name\" content=\"El Digital de Asturias\" \/>\n\t\t<meta property=\"og:type\" content=\"article\" \/>\n\t\t<meta property=\"og:title\" content=\"Dani Alves \u00abEl Bar\u00e7a es algo digno de admiraci\u00f3n\u00bb - El Digital de Asturias\" \/>\n\t\t<meta property=\"og:description\" content=\"El jugador del FC Barcelona Dani Alves ha se\u00f1alado que para los &quot;verdaderos apasionados&quot; del f\u00fatbol el equipo blaugrana es &quot;digno de admiraci\u00f3n&quot; por las ganas que tienen de seguir triunfando y cosechando t\u00edtulos pese a haberlo ganado todo en los \u00faltimos a\u00f1os, algo &quot;in\u00e9dito e incre\u00edble&quot; que, junto con el buen ambiente que se\" \/>\n\t\t<meta property=\"og:url\" content=\"https:\/\/www.eldigitaldeasturias.com\/noticias\/dani-alves-el-barca-es-algo-digno-de-admiracion\/\" \/>\n\t\t<meta property=\"og:image\" content=\"https:\/\/www.eldigitaldeasturias.com\/noticias\/wp-content\/uploads\/2016\/02\/fotonoticia_20160222143413_800.jpg\" \/>\n\t\t<meta property=\"og:image:secure_url\" content=\"https:\/\/www.eldigitaldeasturias.com\/noticias\/wp-content\/uploads\/2016\/02\/fotonoticia_20160222143413_800.jpg\" \/>\n\t\t<meta property=\"og:image:width\" content=\"800\" \/>\n\t\t<meta property=\"og:image:height\" content=\"450\" \/>\n\t\t<meta property=\"article:tag\" content=\"actualidad\" \/>\n\t\t<meta property=\"article:published_time\" content=\"2016-02-23T02:37:55+00:00\" \/>\n\t\t<meta property=\"article:modified_time\" content=\"2016-02-23T02:37:55+00:00\" \/>\n\t\t<meta property=\"article:publisher\" content=\"https:\/\/facebook.com\/eldigitaldeasturias\" \/>\n\t\t<meta name=\"twitter:card\" content=\"summary_large_image\" \/>\n\t\t<meta name=\"twitter:title\" content=\"Dani Alves \u00abEl Bar\u00e7a es algo digno de admiraci\u00f3n\u00bb - El Digital de Asturias\" \/>\n\t\t<meta name=\"twitter:description\" content=\"El jugador del FC Barcelona Dani Alves ha se\u00f1alado que para los &quot;verdaderos apasionados&quot; del f\u00fatbol el equipo blaugrana es &quot;digno de admiraci\u00f3n&quot; por las ganas que tienen de seguir triunfando y cosechando t\u00edtulos pese a haberlo ganado todo en los \u00faltimos a\u00f1os, algo &quot;in\u00e9dito e incre\u00edble&quot; que, junto con el buen ambiente que se\" \/>\n\t\t<meta name=\"twitter:image\" content=\"https:\/\/www.eldigitaldeasturias.com\/noticias\/wp-content\/uploads\/2016\/02\/fotonoticia_20160222143413_800.jpg\" \/>\n\t\t<meta name=\"twitter:label1\" content=\"Escrito por\" \/>\n\t\t<meta name=\"twitter:data1\" content=\"El Digital de Asturias\" \/>\n\t\t<meta name=\"twitter:label2\" content=\"Tiempo de lectura estimado\" \/>\n\t\t<meta name=\"twitter:data2\" content=\"3 minutos\" \/>\n\t\t<script type=\"application\/ld+json\" class=\"aioseo-schema\">\n\t\t\t{\"@context\":\"https:\\\/\\\/schema.org\",\"@graph\":[{\"@type\":\"BlogPosting\",\"@id\":\"https:\\\/\\\/www.eldigitaldeasturias.com\\\/noticias\\\/dani-alves-el-barca-es-algo-digno-de-admiracion\\\/#blogposting\",\"name\":\"Dani Alves \\u00abEl Bar\\u00e7a es algo digno de admiraci\\u00f3n\\u00bb - El Digital de Asturias\",\"headline\":\"Dani Alves \\u00abEl Bar\\u00e7a es algo digno de admiraci\\u00f3n\\u00bb\",\"author\":{\"@id\":\"https:\\\/\\\/www.eldigitaldeasturias.com\\\/noticias\\\/author\\\/admin\\\/#author\"},\"publisher\":{\"@id\":\"https:\\\/\\\/www.eldigitaldeasturias.com\\\/noticias\\\/#organization\"},\"image\":{\"@type\":\"ImageObject\",\"url\":\"https:\\\/\\\/www.eldigitaldeasturias.com\\\/noticias\\\/wp-content\\\/uploads\\\/2016\\\/02\\\/fotonoticia_20160222143413_800.jpg\",\"width\":800,\"height\":450},\"datePublished\":\"2016-02-23T02:37:55+01:00\",\"dateModified\":\"2016-02-23T02:37:55+01:00\",\"inLanguage\":\"es-ES\",\"mainEntityOfPage\":{\"@id\":\"https:\\\/\\\/www.eldigitaldeasturias.com\\\/noticias\\\/dani-alves-el-barca-es-algo-digno-de-admiracion\\\/#webpage\"},\"isPartOf\":{\"@id\":\"https:\\\/\\\/www.eldigitaldeasturias.com\\\/noticias\\\/dani-alves-el-barca-es-algo-digno-de-admiracion\\\/#webpage\"},\"articleSection\":\"Actualidad\"},{\"@type\":\"BreadcrumbList\",\"@id\":\"https:\\\/\\\/www.eldigitaldeasturias.com\\\/noticias\\\/dani-alves-el-barca-es-algo-digno-de-admiracion\\\/#breadcrumblist\",\"itemListElement\":[{\"@type\":\"ListItem\",\"@id\":\"https:\\\/\\\/www.eldigitaldeasturias.com\\\/noticias#listItem\",\"position\":1,\"name\":\"Home\",\"item\":\"https:\\\/\\\/www.eldigitaldeasturias.com\\\/noticias\",\"nextItem\":{\"@type\":\"ListItem\",\"@id\":\"https:\\\/\\\/www.eldigitaldeasturias.com\\\/noticias\\\/category\\\/actualidad\\\/#listItem\",\"name\":\"Actualidad\"}},{\"@type\":\"ListItem\",\"@id\":\"https:\\\/\\\/www.eldigitaldeasturias.com\\\/noticias\\\/category\\\/actualidad\\\/#listItem\",\"position\":2,\"name\":\"Actualidad\",\"item\":\"https:\\\/\\\/www.eldigitaldeasturias.com\\\/noticias\\\/category\\\/actualidad\\\/\",\"nextItem\":{\"@type\":\"ListItem\",\"@id\":\"https:\\\/\\\/www.eldigitaldeasturias.com\\\/noticias\\\/dani-alves-el-barca-es-algo-digno-de-admiracion\\\/#listItem\",\"name\":\"Dani Alves \\u00abEl Bar\\u00e7a es algo digno de admiraci\\u00f3n\\u00bb\"},\"previousItem\":{\"@type\":\"ListItem\",\"@id\":\"https:\\\/\\\/www.eldigitaldeasturias.com\\\/noticias#listItem\",\"name\":\"Home\"}},{\"@type\":\"ListItem\",\"@id\":\"https:\\\/\\\/www.eldigitaldeasturias.com\\\/noticias\\\/dani-alves-el-barca-es-algo-digno-de-admiracion\\\/#listItem\",\"position\":3,\"name\":\"Dani Alves \\u00abEl Bar\\u00e7a es algo digno de admiraci\\u00f3n\\u00bb\",\"previousItem\":{\"@type\":\"ListItem\",\"@id\":\"https:\\\/\\\/www.eldigitaldeasturias.com\\\/noticias\\\/category\\\/actualidad\\\/#listItem\",\"name\":\"Actualidad\"}}]},{\"@type\":\"Organization\",\"@id\":\"https:\\\/\\\/www.eldigitaldeasturias.com\\\/noticias\\\/#organization\",\"name\":\"El Digital de Asturias\",\"description\":\"Hemeroteca\",\"url\":\"https:\\\/\\\/www.eldigitaldeasturias.com\\\/noticias\\\/\",\"email\":\"info@eldigitaldeasturias.com\",\"telephone\":\"+34652131393\",\"logo\":{\"@type\":\"ImageObject\",\"url\":\"https:\\\/\\\/www.eldigitaldeasturias.com\\\/noticias\\\/wp-content\\\/uploads\\\/2020\\\/12\\\/EDA.jpg\",\"@id\":\"https:\\\/\\\/www.eldigitaldeasturias.com\\\/noticias\\\/dani-alves-el-barca-es-algo-digno-de-admiracion\\\/#organizationLogo\",\"width\":649,\"height\":297},\"image\":{\"@id\":\"https:\\\/\\\/www.eldigitaldeasturias.com\\\/noticias\\\/dani-alves-el-barca-es-algo-digno-de-admiracion\\\/#organizationLogo\"},\"sameAs\":[\"https:\\\/\\\/facebook.com\\\/eldigitaldeasturias\",\"https:\\\/\\\/www.youtube.com\\\/channel\\\/UCZP-2wLEB9Rv6erhFmqVnvg\"],\"address\":{\"@id\":\"https:\\\/\\\/www.eldigitaldeasturias.com\\\/noticias\\\/#postaladdress\",\"@type\":\"PostalAddress\",\"streetAddress\":\"san antonio 4,\",\"postalCode\":\"33430\",\"addressLocality\":\"Cand\\u00e1s\",\"addressRegion\":\"Asturias\",\"addressCountry\":\"ES\"}},{\"@type\":\"Person\",\"@id\":\"https:\\\/\\\/www.eldigitaldeasturias.com\\\/noticias\\\/author\\\/admin\\\/#author\",\"url\":\"https:\\\/\\\/www.eldigitaldeasturias.com\\\/noticias\\\/author\\\/admin\\\/\",\"name\":\"El Digital de Asturias\",\"image\":{\"@type\":\"ImageObject\",\"@id\":\"https:\\\/\\\/www.eldigitaldeasturias.com\\\/noticias\\\/dani-alves-el-barca-es-algo-digno-de-admiracion\\\/#authorImage\",\"url\":\"https:\\\/\\\/www.eldigitaldeasturias.com\\\/noticias\\\/wp-content\\\/litespeed\\\/avatar\\\/18677e78aa0546b92d9dbf31ec7d7668.jpg?ver=1777290358\",\"width\":96,\"height\":96,\"caption\":\"El Digital de Asturias\"}},{\"@type\":\"WebPage\",\"@id\":\"https:\\\/\\\/www.eldigitaldeasturias.com\\\/noticias\\\/dani-alves-el-barca-es-algo-digno-de-admiracion\\\/#webpage\",\"url\":\"https:\\\/\\\/www.eldigitaldeasturias.com\\\/noticias\\\/dani-alves-el-barca-es-algo-digno-de-admiracion\\\/\",\"name\":\"Dani Alves \\u00abEl Bar\\u00e7a es algo digno de admiraci\\u00f3n\\u00bb - El Digital de Asturias\",\"description\":\"El jugador del FC Barcelona Dani Alves ha se\\u00f1alado que para los \\\"verdaderos apasionados\\\" del f\\u00fatbol el equipo blaugrana es \\\"digno de admiraci\\u00f3n\\\" por las ganas que tienen de seguir triunfando y cosechando t\\u00edtulos pese a haberlo ganado todo en los \\u00faltimos a\\u00f1os, algo \\\"in\\u00e9dito e incre\\u00edble\\\" que, junto con el buen ambiente que se\",\"inLanguage\":\"es-ES\",\"isPartOf\":{\"@id\":\"https:\\\/\\\/www.eldigitaldeasturias.com\\\/noticias\\\/#website\"},\"breadcrumb\":{\"@id\":\"https:\\\/\\\/www.eldigitaldeasturias.com\\\/noticias\\\/dani-alves-el-barca-es-algo-digno-de-admiracion\\\/#breadcrumblist\"},\"author\":{\"@id\":\"https:\\\/\\\/www.eldigitaldeasturias.com\\\/noticias\\\/author\\\/admin\\\/#author\"},\"creator\":{\"@id\":\"https:\\\/\\\/www.eldigitaldeasturias.com\\\/noticias\\\/author\\\/admin\\\/#author\"},\"image\":{\"@type\":\"ImageObject\",\"url\":\"https:\\\/\\\/www.eldigitaldeasturias.com\\\/noticias\\\/wp-content\\\/uploads\\\/2016\\\/02\\\/fotonoticia_20160222143413_800.jpg\",\"@id\":\"https:\\\/\\\/www.eldigitaldeasturias.com\\\/noticias\\\/dani-alves-el-barca-es-algo-digno-de-admiracion\\\/#mainImage\",\"width\":800,\"height\":450},\"primaryImageOfPage\":{\"@id\":\"https:\\\/\\\/www.eldigitaldeasturias.com\\\/noticias\\\/dani-alves-el-barca-es-algo-digno-de-admiracion\\\/#mainImage\"},\"datePublished\":\"2016-02-23T02:37:55+01:00\",\"dateModified\":\"2016-02-23T02:37:55+01:00\"},{\"@type\":\"WebSite\",\"@id\":\"https:\\\/\\\/www.eldigitaldeasturias.com\\\/noticias\\\/#website\",\"url\":\"https:\\\/\\\/www.eldigitaldeasturias.com\\\/noticias\\\/\",\"name\":\"El Digital de Asturias - Diario de actualidad y noticias\",\"alternateName\":\"El Digital de Asturias - Diario de actualidad y noticias\",\"description\":\"Hemeroteca\",\"inLanguage\":\"es-ES\",\"publisher\":{\"@id\":\"https:\\\/\\\/www.eldigitaldeasturias.com\\\/noticias\\\/#organization\"}}]}\n\t\t<\/script>\n\t\t<!-- All in One SEO Pro -->\r\n\t\t<title>Dani Alves \u00abEl Bar\u00e7a es algo digno de admiraci\u00f3n\u00bb - El Digital de Asturias<\/title>\n\n","aioseo_head_json":{"title":"Dani Alves \u00abEl Bar\u00e7a es algo digno de admiraci\u00f3n\u00bb - El Digital de Asturias","description":"El jugador del FC Barcelona Dani Alves ha se\u00f1alado que para los \"verdaderos apasionados\" del f\u00fatbol el equipo blaugrana es \"digno de admiraci\u00f3n\" por las ganas que tienen de seguir triunfando y cosechando t\u00edtulos pese a haberlo ganado todo en los \u00faltimos a\u00f1os, algo \"in\u00e9dito e incre\u00edble\" que, junto con el buen ambiente que se","canonical_url":"https:\/\/www.eldigitaldeasturias.com\/noticias\/dani-alves-el-barca-es-algo-digno-de-admiracion\/","robots":"max-image-preview:large","keywords":"actualidad","webmasterTools":{"google-site-verification":"UA-38556648-1","msvalidate.01":"7dfe9f3f1b24437ab69f4f2559babe99","miscellaneous":""},"schema":{"@context":"https:\/\/schema.org","@graph":[{"@type":"BlogPosting","@id":"https:\/\/www.eldigitaldeasturias.com\/noticias\/dani-alves-el-barca-es-algo-digno-de-admiracion\/#blogposting","name":"Dani Alves \u00abEl Bar\u00e7a es algo digno de admiraci\u00f3n\u00bb - El Digital de Asturias","headline":"Dani Alves \u00abEl Bar\u00e7a es algo digno de admiraci\u00f3n\u00bb","author":{"@id":"https:\/\/www.eldigitaldeasturias.com\/noticias\/author\/admin\/#author"},"publisher":{"@id":"https:\/\/www.eldigitaldeasturias.com\/noticias\/#organization"},"image":{"@type":"ImageObject","url":"https:\/\/www.eldigitaldeasturias.com\/noticias\/wp-content\/uploads\/2016\/02\/fotonoticia_20160222143413_800.jpg","width":800,"height":450},"datePublished":"2016-02-23T02:37:55+01:00","dateModified":"2016-02-23T02:37:55+01:00","inLanguage":"es-ES","mainEntityOfPage":{"@id":"https:\/\/www.eldigitaldeasturias.com\/noticias\/dani-alves-el-barca-es-algo-digno-de-admiracion\/#webpage"},"isPartOf":{"@id":"https:\/\/www.eldigitaldeasturias.com\/noticias\/dani-alves-el-barca-es-algo-digno-de-admiracion\/#webpage"},"articleSection":"Actualidad"},{"@type":"BreadcrumbList","@id":"https:\/\/www.eldigitaldeasturias.com\/noticias\/dani-alves-el-barca-es-algo-digno-de-admiracion\/#breadcrumblist","itemListElement":[{"@type":"ListItem","@id":"https:\/\/www.eldigitaldeasturias.com\/noticias#listItem","position":1,"name":"Home","item":"https:\/\/www.eldigitaldeasturias.com\/noticias","nextItem":{"@type":"ListItem","@id":"https:\/\/www.eldigitaldeasturias.com\/noticias\/category\/actualidad\/#listItem","name":"Actualidad"}},{"@type":"ListItem","@id":"https:\/\/www.eldigitaldeasturias.com\/noticias\/category\/actualidad\/#listItem","position":2,"name":"Actualidad","item":"https:\/\/www.eldigitaldeasturias.com\/noticias\/category\/actualidad\/","nextItem":{"@type":"ListItem","@id":"https:\/\/www.eldigitaldeasturias.com\/noticias\/dani-alves-el-barca-es-algo-digno-de-admiracion\/#listItem","name":"Dani Alves \u00abEl Bar\u00e7a es algo digno de admiraci\u00f3n\u00bb"},"previousItem":{"@type":"ListItem","@id":"https:\/\/www.eldigitaldeasturias.com\/noticias#listItem","name":"Home"}},{"@type":"ListItem","@id":"https:\/\/www.eldigitaldeasturias.com\/noticias\/dani-alves-el-barca-es-algo-digno-de-admiracion\/#listItem","position":3,"name":"Dani Alves \u00abEl Bar\u00e7a es algo digno de admiraci\u00f3n\u00bb","previousItem":{"@type":"ListItem","@id":"https:\/\/www.eldigitaldeasturias.com\/noticias\/category\/actualidad\/#listItem","name":"Actualidad"}}]},{"@type":"Organization","@id":"https:\/\/www.eldigitaldeasturias.com\/noticias\/#organization","name":"El Digital de Asturias","description":"Hemeroteca","url":"https:\/\/www.eldigitaldeasturias.com\/noticias\/","email":"info@eldigitaldeasturias.com","telephone":"+34652131393","logo":{"@type":"ImageObject","url":"https:\/\/www.eldigitaldeasturias.com\/noticias\/wp-content\/uploads\/2020\/12\/EDA.jpg","@id":"https:\/\/www.eldigitaldeasturias.com\/noticias\/dani-alves-el-barca-es-algo-digno-de-admiracion\/#organizationLogo","width":649,"height":297},"image":{"@id":"https:\/\/www.eldigitaldeasturias.com\/noticias\/dani-alves-el-barca-es-algo-digno-de-admiracion\/#organizationLogo"},"sameAs":["https:\/\/facebook.com\/eldigitaldeasturias","https:\/\/www.youtube.com\/channel\/UCZP-2wLEB9Rv6erhFmqVnvg"],"address":{"@id":"https:\/\/www.eldigitaldeasturias.com\/noticias\/#postaladdress","@type":"PostalAddress","streetAddress":"san antonio 4,","postalCode":"33430","addressLocality":"Cand\u00e1s","addressRegion":"Asturias","addressCountry":"ES"}},{"@type":"Person","@id":"https:\/\/www.eldigitaldeasturias.com\/noticias\/author\/admin\/#author","url":"https:\/\/www.eldigitaldeasturias.com\/noticias\/author\/admin\/","name":"El Digital de Asturias","image":{"@type":"ImageObject","@id":"https:\/\/www.eldigitaldeasturias.com\/noticias\/dani-alves-el-barca-es-algo-digno-de-admiracion\/#authorImage","url":"https:\/\/www.eldigitaldeasturias.com\/noticias\/wp-content\/litespeed\/avatar\/18677e78aa0546b92d9dbf31ec7d7668.jpg?ver=1777290358","width":96,"height":96,"caption":"El Digital de Asturias"}},{"@type":"WebPage","@id":"https:\/\/www.eldigitaldeasturias.com\/noticias\/dani-alves-el-barca-es-algo-digno-de-admiracion\/#webpage","url":"https:\/\/www.eldigitaldeasturias.com\/noticias\/dani-alves-el-barca-es-algo-digno-de-admiracion\/","name":"Dani Alves \u00abEl Bar\u00e7a es algo digno de admiraci\u00f3n\u00bb - El Digital de Asturias","description":"El jugador del FC Barcelona Dani Alves ha se\u00f1alado que para los \"verdaderos apasionados\" del f\u00fatbol el equipo blaugrana es \"digno de admiraci\u00f3n\" por las ganas que tienen de seguir triunfando y cosechando t\u00edtulos pese a haberlo ganado todo en los \u00faltimos a\u00f1os, algo \"in\u00e9dito e incre\u00edble\" que, junto con el buen ambiente que se","inLanguage":"es-ES","isPartOf":{"@id":"https:\/\/www.eldigitaldeasturias.com\/noticias\/#website"},"breadcrumb":{"@id":"https:\/\/www.eldigitaldeasturias.com\/noticias\/dani-alves-el-barca-es-algo-digno-de-admiracion\/#breadcrumblist"},"author":{"@id":"https:\/\/www.eldigitaldeasturias.com\/noticias\/author\/admin\/#author"},"creator":{"@id":"https:\/\/www.eldigitaldeasturias.com\/noticias\/author\/admin\/#author"},"image":{"@type":"ImageObject","url":"https:\/\/www.eldigitaldeasturias.com\/noticias\/wp-content\/uploads\/2016\/02\/fotonoticia_20160222143413_800.jpg","@id":"https:\/\/www.eldigitaldeasturias.com\/noticias\/dani-alves-el-barca-es-algo-digno-de-admiracion\/#mainImage","width":800,"height":450},"primaryImageOfPage":{"@id":"https:\/\/www.eldigitaldeasturias.com\/noticias\/dani-alves-el-barca-es-algo-digno-de-admiracion\/#mainImage"},"datePublished":"2016-02-23T02:37:55+01:00","dateModified":"2016-02-23T02:37:55+01:00"},{"@type":"WebSite","@id":"https:\/\/www.eldigitaldeasturias.com\/noticias\/#website","url":"https:\/\/www.eldigitaldeasturias.com\/noticias\/","name":"El Digital de Asturias - Diario de actualidad y noticias","alternateName":"El Digital de Asturias - Diario de actualidad y noticias","description":"Hemeroteca","inLanguage":"es-ES","publisher":{"@id":"https:\/\/www.eldigitaldeasturias.com\/noticias\/#organization"}}]},"og:locale":"es_ES","og:site_name":"El Digital de Asturias","og:type":"article","og:title":"Dani Alves \u00abEl Bar\u00e7a es algo digno de admiraci\u00f3n\u00bb - El Digital de Asturias","og:description":"El jugador del FC Barcelona Dani Alves ha se\u00f1alado que para los &quot;verdaderos apasionados&quot; del f\u00fatbol el equipo blaugrana es &quot;digno de admiraci\u00f3n&quot; por las ganas que tienen de seguir triunfando y cosechando t\u00edtulos pese a haberlo ganado todo en los \u00faltimos a\u00f1os, algo &quot;in\u00e9dito e incre\u00edble&quot; que, junto con el buen ambiente que se","og:url":"https:\/\/www.eldigitaldeasturias.com\/noticias\/dani-alves-el-barca-es-algo-digno-de-admiracion\/","og:image":"https:\/\/www.eldigitaldeasturias.com\/noticias\/wp-content\/uploads\/2016\/02\/fotonoticia_20160222143413_800.jpg","og:image:secure_url":"https:\/\/www.eldigitaldeasturias.com\/noticias\/wp-content\/uploads\/2016\/02\/fotonoticia_20160222143413_800.jpg","og:image:width":800,"og:image:height":450,"article:tag":["actualidad"],"article:published_time":"2016-02-23T02:37:55+00:00","article:modified_time":"2016-02-23T02:37:55+00:00","article:publisher":"https:\/\/facebook.com\/eldigitaldeasturias","twitter:card":"summary_large_image","twitter:title":"Dani Alves \u00abEl Bar\u00e7a es algo digno de admiraci\u00f3n\u00bb - El Digital de Asturias","twitter:description":"El jugador del FC Barcelona Dani Alves ha se\u00f1alado que para los &quot;verdaderos apasionados&quot; del f\u00fatbol el equipo blaugrana es &quot;digno de admiraci\u00f3n&quot; por las ganas que tienen de seguir triunfando y cosechando t\u00edtulos pese a haberlo ganado todo en los \u00faltimos a\u00f1os, algo &quot;in\u00e9dito e incre\u00edble&quot; que, junto con el buen ambiente que se","twitter:image":"https:\/\/www.eldigitaldeasturias.com\/noticias\/wp-content\/uploads\/2016\/02\/fotonoticia_20160222143413_800.jpg","twitter:label1":"Escrito por","twitter:data1":"El Digital de Asturias","twitter:label2":"Tiempo de lectura estimado","twitter:data2":"3 minutos"},"aioseo_meta_data":{"post_id":"860883","title":null,"description":null,"keywords":null,"keyphrases":null,"primary_term":null,"canonical_url":null,"og_title":null,"og_description":null,"og_object_type":"default","og_image_type":"default","og_image_url":null,"og_image_width":null,"og_image_height":null,"og_image_custom_url":null,"og_image_custom_fields":null,"og_video":null,"og_custom_url":null,"og_article_section":null,"og_article_tags":null,"twitter_use_og":false,"twitter_card":"default","twitter_image_type":"default","twitter_image_url":null,"twitter_image_custom_url":null,"twitter_image_custom_fields":null,"twitter_title":null,"twitter_description":null,"schema":{"blockGraphs":[],"customGraphs":[],"default":{"data":{"Article":[],"Course":[],"Dataset":[],"FAQPage":[],"Movie":[],"Person":[],"Product":[],"ProductReview":[],"Car":[],"Recipe":[],"Service":[],"SoftwareApplication":[],"WebPage":[]},"graphName":"","isEnabled":true},"graphs":[],"defaultGraph":"","defaultPostTypeGraph":""},"schema_type":null,"schema_type_options":null,"pillar_content":false,"robots_default":true,"robots_noindex":false,"robots_noarchive":false,"robots_nosnippet":false,"robots_nofollow":false,"robots_noimageindex":false,"robots_noodp":false,"robots_notranslate":false,"robots_max_snippet":null,"robots_max_videopreview":null,"robots_max_imagepreview":"large","priority":null,"frequency":null,"local_seo":null,"seo_analyzer_scan_date":"2025-12-10 19:24:14","breadcrumb_settings":null,"limit_modified_date":false,"open_ai":null,"ai":null,"created":"2021-01-23 02:45:14","updated":"2025-12-10 19:24:14"},"aioseo_breadcrumb":"<div class=\"aioseo-breadcrumbs\"><span class=\"aioseo-breadcrumb\">\n\t<a href=\"https:\/\/www.eldigitaldeasturias.com\/noticias\" title=\"Home\">Home<\/a>\n<\/span><span class=\"aioseo-breadcrumb-separator\">\u2013<\/span><span class=\"aioseo-breadcrumb\">\n\t<a href=\"https:\/\/www.eldigitaldeasturias.com\/noticias\/category\/actualidad\/\" title=\"Actualidad\">Actualidad<\/a>\n<\/span><span class=\"aioseo-breadcrumb-separator\">\u2013<\/span><span class=\"aioseo-breadcrumb\">\n\t<a href=\"https:\/\/www.eldigitaldeasturias.com\/noticias\/dani-alves-el-barca-es-algo-digno-de-admiracion\/\" title=\"Dani Alves \u00abEl Bar\u00e7a es algo digno de admiraci\u00f3n\u00bb\">Dani Alves \u00abEl Bar\u00e7a es algo digno de admiraci\u00f3n\u00bb<\/a>\n<\/span><\/div>","aioseo_breadcrumb_json":[{"label":"Home","link":"https:\/\/www.eldigitaldeasturias.com\/noticias"},{"label":"Actualidad","link":"https:\/\/www.eldigitaldeasturias.com\/noticias\/category\/actualidad\/"},{"label":"Dani Alves \u00abEl Bar\u00e7a es algo digno de admiraci\u00f3n\u00bb","link":"https:\/\/www.eldigitaldeasturias.com\/noticias\/dani-alves-el-barca-es-algo-digno-de-admiracion\/"}],"_links":{"self":[{"href":"https:\/\/www.eldigitaldeasturias.com\/noticias\/wp-json\/wp\/v2\/posts\/860883","targetHints":{"allow":["GET"]}}],"collection":[{"href":"https:\/\/www.eldigitaldeasturias.com\/noticias\/wp-json\/wp\/v2\/posts"}],"about":[{"href":"https:\/\/www.eldigitaldeasturias.com\/noticias\/wp-json\/wp\/v2\/types\/post"}],"author":[{"embeddable":true,"href":"https:\/\/www.eldigitaldeasturias.com\/noticias\/wp-json\/wp\/v2\/users\/1"}],"replies":[{"embeddable":true,"href":"https:\/\/www.eldigitaldeasturias.com\/noticias\/wp-json\/wp\/v2\/comments?post=860883"}],"version-history":[{"count":0,"href":"https:\/\/www.eldigitaldeasturias.com\/noticias\/wp-json\/wp\/v2\/posts\/860883\/revisions"}],"wp:featuredmedia":[{"embeddable":true,"href":"https:\/\/www.eldigitaldeasturias.com\/noticias\/wp-json\/wp\/v2\/media\/860884"}],"wp:attachment":[{"href":"https:\/\/www.eldigitaldeasturias.com\/noticias\/wp-json\/wp\/v2\/media?parent=860883"}],"wp:term":[{"taxonomy":"category","embeddable":true,"href":"https:\/\/www.eldigitaldeasturias.com\/noticias\/wp-json\/wp\/v2\/categories?post=860883"},{"taxonomy":"post_tag","embeddable":true,"href":"https:\/\/www.eldigitaldeasturias.com\/noticias\/wp-json\/wp\/v2\/tags?post=860883"}],"curies":[{"name":"wp","href":"https:\/\/api.w.org\/{rel}","templated":true}]}}