{"id":860847,"date":"2016-02-22T12:53:22","date_gmt":"2016-02-22T12:53:22","guid":{"rendered":"http:\/\/www.eldigitaldeasturias.com\/noticias\/?p=860847"},"modified":"2016-02-22T12:53:22","modified_gmt":"2016-02-22T12:53:22","slug":"investigan-una-vacuna-para-proteger-del-ictus-al-cerebro","status":"publish","type":"post","link":"https:\/\/www.eldigitaldeasturias.com\/noticias\/investigan-una-vacuna-para-proteger-del-ictus-al-cerebro\/","title":{"rendered":"Investigan una vacuna para proteger del ictus al cerebro"},"content":{"rendered":"<p><img loading=\"lazy\" decoding=\"async\" class=\"alignleft size-medium wp-image-860848\" src=\"https:\/\/www.eldigitaldeasturias.com\/noticias\/wp-content\/uploads\/2016\/02\/fotonoticia_20160222074435_800-360x247.jpg\" alt=\"fotonoticia_20160222074435_800\" width=\"360\" height=\"247\" srcset=\"https:\/\/www.eldigitaldeasturias.com\/noticias\/wp-content\/uploads\/2016\/02\/fotonoticia_20160222074435_800-360x247.jpg 360w, https:\/\/www.eldigitaldeasturias.com\/noticias\/wp-content\/uploads\/2016\/02\/fotonoticia_20160222074435_800-768x527.jpg 768w, https:\/\/www.eldigitaldeasturias.com\/noticias\/wp-content\/uploads\/2016\/02\/fotonoticia_20160222074435_800-650x446.jpg 650w, https:\/\/www.eldigitaldeasturias.com\/noticias\/wp-content\/uploads\/2016\/02\/fotonoticia_20160222074435_800-210x144.jpg 210w, https:\/\/www.eldigitaldeasturias.com\/noticias\/wp-content\/uploads\/2016\/02\/fotonoticia_20160222074435_800.jpg 800w\" sizes=\"auto, (max-width: 360px) 100vw, 360px\" \/>Un tipo de vacuna previamente estudiado para tratar la presi\u00f3n arterial alta puede tener potencial para proteger el cerebro cuando se administra antes de un accidente cerebrovascular, seg\u00fan concluye un estudio realizado en animales y cuyos resultados se presentan en la Conferencia Internacional sobre el Ictus 2016, organizada por la Asociaci\u00f3n Americana del Ictus.<\/p>\n<p>Cient\u00edficos japoneses probaron una vacuna de p\u00e9ptido que se dirige a la hormona angiotensina II (Ang II) un jugador clave en la presi\u00f3n arterial alta. Los miembros del equipo previamente hab\u00edan encontrado que su vacuna pept\u00eddica disminu\u00eda la presi\u00f3n arterial en un modelo de rat\u00f3n con hipertensi\u00f3n, mientras que la presi\u00f3n de la sangre de roedores con con lecturas normales no se vio afectada.<\/p>\n<p>La hormona tambi\u00e9n se ha relacionado con el pron\u00f3stico de los pacientes despu\u00e9s de un accidente cerebrovascular isqu\u00e9mico (causado por un co\u00e1gulo). En el nuevo estudio, los investigadores inyectaron en 53 ratas macho la vacuna tres veces, a las 4, 6 y 7 semanas de edad, y administr\u00f3 a un segundo grupo de 41 soluci\u00f3n salina en los mismos intervalos. Se indujo el ictus en ratas vacunadas y ratas que recibieron soluci\u00f3n salina.<\/p>\n<p>Posteriormente, el equipo midi\u00f3 los niveles de anticuerpos anti-Ang II en la sangre y el cerebro de las ratas que recibieron la vacuna y que sufrieron un accidente cerebrovascular. En comparaci\u00f3n con las ratas que ten\u00edan niveles bajos de anticuerpo, los animales con altos niveles en la sangre presentaban m\u00e1s anticuerpos anti- Ang II en tejido funcional en el lado del cerebro donde ocurri\u00f3 el accidente cerebrovascular.<\/p>\n<p>Los investigadores tambi\u00e9n observaron que las ratas vacunadas que produjeron altos niveles en sangre del anticuerpo registraron menos da\u00f1os en el cerebro y un menor n\u00famero de neuronas degeneradas. Como la vacuna de p\u00e9ptido Ang II es de larga duraci\u00f3n, tiene efectos anti-inflamatorios y parece ser capaz de proteger el cerebro despu\u00e9s de un bloqueo de los vasos sangu\u00edneos, con potencial para ser una terapia para la hipertensi\u00f3n arterial y la prevenci\u00f3n del ictus, se\u00f1alan los investigadores.<\/p>\n","protected":false},"excerpt":{"rendered":"<p>Un tipo de vacuna previamente estudiado para tratar la presi\u00f3n arterial alta puede tener potencial para proteger el cerebro cuando se administra antes de un accidente cerebrovascular, seg\u00fan concluye un estudio realizado en animales y cuyos resultados se presentan en la Conferencia Internacional sobre el Ictus 2016, organizada por la Asociaci\u00f3n Americana del Ictus. Cient\u00edficos [&hellip;]<\/p>\n","protected":false},"author":1,"featured_media":860848,"comment_status":"closed","ping_status":"closed","sticky":false,"template":"","format":"standard","meta":{"footnotes":""},"categories":[28],"tags":[],"class_list":["post-860847","post","type-post","status-publish","format-standard","has-post-thumbnail","hentry","category-sociedad"],"aioseo_notices":[],"aioseo_head":"\n\t\t<!-- All in One SEO Pro 4.9.6.2 - aioseo.com -->\n\t<meta name=\"description\" content=\"Un tipo de vacuna previamente estudiado para tratar la presi\u00f3n arterial alta puede tener potencial para proteger el cerebro cuando se administra antes de un accidente cerebrovascular, seg\u00fan concluye un estudio realizado en animales y cuyos resultados se presentan en la Conferencia Internacional sobre el Ictus 2016, organizada por la Asociaci\u00f3n Americana del Ictus. Cient\u00edficos\" \/>\n\t<meta name=\"robots\" content=\"max-image-preview:large\" \/>\n\t<meta name=\"author\" content=\"El Digital de Asturias\"\/>\n\t<meta name=\"google-site-verification\" content=\"UA-38556648-1\" \/>\n\t<meta name=\"msvalidate.01\" content=\"7dfe9f3f1b24437ab69f4f2559babe99\" \/>\n\t<meta name=\"keywords\" content=\"sociedad\" \/>\n\t<link rel=\"canonical\" href=\"https:\/\/www.eldigitaldeasturias.com\/noticias\/investigan-una-vacuna-para-proteger-del-ictus-al-cerebro\/\" \/>\n\t<meta name=\"generator\" content=\"All in One SEO Pro (AIOSEO) 4.9.6.2\" \/>\n\t\t<meta property=\"og:locale\" content=\"es_ES\" \/>\n\t\t<meta property=\"og:site_name\" content=\"El Digital de Asturias\" \/>\n\t\t<meta property=\"og:type\" content=\"article\" \/>\n\t\t<meta property=\"og:title\" content=\"Investigan una vacuna para proteger del ictus al cerebro - El Digital de Asturias\" \/>\n\t\t<meta property=\"og:description\" content=\"Un tipo de vacuna previamente estudiado para tratar la presi\u00f3n arterial alta puede tener potencial para proteger el cerebro cuando se administra antes de un accidente cerebrovascular, seg\u00fan concluye un estudio realizado en animales y cuyos resultados se presentan en la Conferencia Internacional sobre el Ictus 2016, organizada por la Asociaci\u00f3n Americana del Ictus. Cient\u00edficos\" \/>\n\t\t<meta property=\"og:url\" content=\"https:\/\/www.eldigitaldeasturias.com\/noticias\/investigan-una-vacuna-para-proteger-del-ictus-al-cerebro\/\" \/>\n\t\t<meta property=\"og:image\" content=\"https:\/\/www.eldigitaldeasturias.com\/noticias\/wp-content\/uploads\/2016\/02\/fotonoticia_20160222074435_800.jpg\" \/>\n\t\t<meta property=\"og:image:secure_url\" content=\"https:\/\/www.eldigitaldeasturias.com\/noticias\/wp-content\/uploads\/2016\/02\/fotonoticia_20160222074435_800.jpg\" \/>\n\t\t<meta property=\"og:image:width\" content=\"800\" \/>\n\t\t<meta property=\"og:image:height\" content=\"549\" \/>\n\t\t<meta property=\"article:tag\" content=\"sociedad\" \/>\n\t\t<meta property=\"article:published_time\" content=\"2016-02-22T12:53:22+00:00\" \/>\n\t\t<meta property=\"article:modified_time\" content=\"2016-02-22T12:53:22+00:00\" \/>\n\t\t<meta property=\"article:publisher\" content=\"https:\/\/facebook.com\/eldigitaldeasturias\" \/>\n\t\t<meta name=\"twitter:card\" content=\"summary_large_image\" \/>\n\t\t<meta name=\"twitter:title\" content=\"Investigan una vacuna para proteger del ictus al cerebro - El Digital de Asturias\" \/>\n\t\t<meta name=\"twitter:description\" content=\"Un tipo de vacuna previamente estudiado para tratar la presi\u00f3n arterial alta puede tener potencial para proteger el cerebro cuando se administra antes de un accidente cerebrovascular, seg\u00fan concluye un estudio realizado en animales y cuyos resultados se presentan en la Conferencia Internacional sobre el Ictus 2016, organizada por la Asociaci\u00f3n Americana del Ictus. Cient\u00edficos\" \/>\n\t\t<meta name=\"twitter:image\" content=\"https:\/\/www.eldigitaldeasturias.com\/noticias\/wp-content\/uploads\/2016\/02\/fotonoticia_20160222074435_800.jpg\" \/>\n\t\t<meta name=\"twitter:label1\" content=\"Escrito por\" \/>\n\t\t<meta name=\"twitter:data1\" content=\"El Digital de Asturias\" \/>\n\t\t<meta name=\"twitter:label2\" content=\"Tiempo de lectura estimado\" \/>\n\t\t<meta name=\"twitter:data2\" content=\"2 minutos\" \/>\n\t\t<script type=\"application\/ld+json\" class=\"aioseo-schema\">\n\t\t\t{\"@context\":\"https:\\\/\\\/schema.org\",\"@graph\":[{\"@type\":\"BlogPosting\",\"@id\":\"https:\\\/\\\/www.eldigitaldeasturias.com\\\/noticias\\\/investigan-una-vacuna-para-proteger-del-ictus-al-cerebro\\\/#blogposting\",\"name\":\"Investigan una vacuna para proteger del ictus al cerebro - El Digital de Asturias\",\"headline\":\"Investigan una vacuna para proteger del ictus al cerebro\",\"author\":{\"@id\":\"https:\\\/\\\/www.eldigitaldeasturias.com\\\/noticias\\\/author\\\/admin\\\/#author\"},\"publisher\":{\"@id\":\"https:\\\/\\\/www.eldigitaldeasturias.com\\\/noticias\\\/#organization\"},\"image\":{\"@type\":\"ImageObject\",\"url\":\"https:\\\/\\\/www.eldigitaldeasturias.com\\\/noticias\\\/wp-content\\\/uploads\\\/2016\\\/02\\\/fotonoticia_20160222074435_800.jpg\",\"width\":800,\"height\":549},\"datePublished\":\"2016-02-22T12:53:22+01:00\",\"dateModified\":\"2016-02-22T12:53:22+01:00\",\"inLanguage\":\"es-ES\",\"mainEntityOfPage\":{\"@id\":\"https:\\\/\\\/www.eldigitaldeasturias.com\\\/noticias\\\/investigan-una-vacuna-para-proteger-del-ictus-al-cerebro\\\/#webpage\"},\"isPartOf\":{\"@id\":\"https:\\\/\\\/www.eldigitaldeasturias.com\\\/noticias\\\/investigan-una-vacuna-para-proteger-del-ictus-al-cerebro\\\/#webpage\"},\"articleSection\":\"Sociedad\"},{\"@type\":\"BreadcrumbList\",\"@id\":\"https:\\\/\\\/www.eldigitaldeasturias.com\\\/noticias\\\/investigan-una-vacuna-para-proteger-del-ictus-al-cerebro\\\/#breadcrumblist\",\"itemListElement\":[{\"@type\":\"ListItem\",\"@id\":\"https:\\\/\\\/www.eldigitaldeasturias.com\\\/noticias#listItem\",\"position\":1,\"name\":\"Home\",\"item\":\"https:\\\/\\\/www.eldigitaldeasturias.com\\\/noticias\",\"nextItem\":{\"@type\":\"ListItem\",\"@id\":\"https:\\\/\\\/www.eldigitaldeasturias.com\\\/noticias\\\/category\\\/sociedad\\\/#listItem\",\"name\":\"Sociedad\"}},{\"@type\":\"ListItem\",\"@id\":\"https:\\\/\\\/www.eldigitaldeasturias.com\\\/noticias\\\/category\\\/sociedad\\\/#listItem\",\"position\":2,\"name\":\"Sociedad\",\"item\":\"https:\\\/\\\/www.eldigitaldeasturias.com\\\/noticias\\\/category\\\/sociedad\\\/\",\"nextItem\":{\"@type\":\"ListItem\",\"@id\":\"https:\\\/\\\/www.eldigitaldeasturias.com\\\/noticias\\\/investigan-una-vacuna-para-proteger-del-ictus-al-cerebro\\\/#listItem\",\"name\":\"Investigan una vacuna para proteger del ictus al cerebro\"},\"previousItem\":{\"@type\":\"ListItem\",\"@id\":\"https:\\\/\\\/www.eldigitaldeasturias.com\\\/noticias#listItem\",\"name\":\"Home\"}},{\"@type\":\"ListItem\",\"@id\":\"https:\\\/\\\/www.eldigitaldeasturias.com\\\/noticias\\\/investigan-una-vacuna-para-proteger-del-ictus-al-cerebro\\\/#listItem\",\"position\":3,\"name\":\"Investigan una vacuna para proteger del ictus al cerebro\",\"previousItem\":{\"@type\":\"ListItem\",\"@id\":\"https:\\\/\\\/www.eldigitaldeasturias.com\\\/noticias\\\/category\\\/sociedad\\\/#listItem\",\"name\":\"Sociedad\"}}]},{\"@type\":\"Organization\",\"@id\":\"https:\\\/\\\/www.eldigitaldeasturias.com\\\/noticias\\\/#organization\",\"name\":\"El Digital de Asturias\",\"description\":\"Hemeroteca\",\"url\":\"https:\\\/\\\/www.eldigitaldeasturias.com\\\/noticias\\\/\",\"email\":\"info@eldigitaldeasturias.com\",\"telephone\":\"+34652131393\",\"logo\":{\"@type\":\"ImageObject\",\"url\":\"https:\\\/\\\/www.eldigitaldeasturias.com\\\/noticias\\\/wp-content\\\/uploads\\\/2020\\\/12\\\/EDA.jpg\",\"@id\":\"https:\\\/\\\/www.eldigitaldeasturias.com\\\/noticias\\\/investigan-una-vacuna-para-proteger-del-ictus-al-cerebro\\\/#organizationLogo\",\"width\":649,\"height\":297},\"image\":{\"@id\":\"https:\\\/\\\/www.eldigitaldeasturias.com\\\/noticias\\\/investigan-una-vacuna-para-proteger-del-ictus-al-cerebro\\\/#organizationLogo\"},\"sameAs\":[\"https:\\\/\\\/facebook.com\\\/eldigitaldeasturias\",\"https:\\\/\\\/www.youtube.com\\\/channel\\\/UCZP-2wLEB9Rv6erhFmqVnvg\"],\"address\":{\"@id\":\"https:\\\/\\\/www.eldigitaldeasturias.com\\\/noticias\\\/#postaladdress\",\"@type\":\"PostalAddress\",\"streetAddress\":\"san antonio 4,\",\"postalCode\":\"33430\",\"addressLocality\":\"Cand\\u00e1s\",\"addressRegion\":\"Asturias\",\"addressCountry\":\"ES\"}},{\"@type\":\"Person\",\"@id\":\"https:\\\/\\\/www.eldigitaldeasturias.com\\\/noticias\\\/author\\\/admin\\\/#author\",\"url\":\"https:\\\/\\\/www.eldigitaldeasturias.com\\\/noticias\\\/author\\\/admin\\\/\",\"name\":\"El Digital de Asturias\",\"image\":{\"@type\":\"ImageObject\",\"@id\":\"https:\\\/\\\/www.eldigitaldeasturias.com\\\/noticias\\\/investigan-una-vacuna-para-proteger-del-ictus-al-cerebro\\\/#authorImage\",\"url\":\"https:\\\/\\\/www.eldigitaldeasturias.com\\\/noticias\\\/wp-content\\\/litespeed\\\/avatar\\\/18677e78aa0546b92d9dbf31ec7d7668.jpg?ver=1777290358\",\"width\":96,\"height\":96,\"caption\":\"El Digital de Asturias\"}},{\"@type\":\"WebPage\",\"@id\":\"https:\\\/\\\/www.eldigitaldeasturias.com\\\/noticias\\\/investigan-una-vacuna-para-proteger-del-ictus-al-cerebro\\\/#webpage\",\"url\":\"https:\\\/\\\/www.eldigitaldeasturias.com\\\/noticias\\\/investigan-una-vacuna-para-proteger-del-ictus-al-cerebro\\\/\",\"name\":\"Investigan una vacuna para proteger del ictus al cerebro - El Digital de Asturias\",\"description\":\"Un tipo de vacuna previamente estudiado para tratar la presi\\u00f3n arterial alta puede tener potencial para proteger el cerebro cuando se administra antes de un accidente cerebrovascular, seg\\u00fan concluye un estudio realizado en animales y cuyos resultados se presentan en la Conferencia Internacional sobre el Ictus 2016, organizada por la Asociaci\\u00f3n Americana del Ictus. Cient\\u00edficos\",\"inLanguage\":\"es-ES\",\"isPartOf\":{\"@id\":\"https:\\\/\\\/www.eldigitaldeasturias.com\\\/noticias\\\/#website\"},\"breadcrumb\":{\"@id\":\"https:\\\/\\\/www.eldigitaldeasturias.com\\\/noticias\\\/investigan-una-vacuna-para-proteger-del-ictus-al-cerebro\\\/#breadcrumblist\"},\"author\":{\"@id\":\"https:\\\/\\\/www.eldigitaldeasturias.com\\\/noticias\\\/author\\\/admin\\\/#author\"},\"creator\":{\"@id\":\"https:\\\/\\\/www.eldigitaldeasturias.com\\\/noticias\\\/author\\\/admin\\\/#author\"},\"image\":{\"@type\":\"ImageObject\",\"url\":\"https:\\\/\\\/www.eldigitaldeasturias.com\\\/noticias\\\/wp-content\\\/uploads\\\/2016\\\/02\\\/fotonoticia_20160222074435_800.jpg\",\"@id\":\"https:\\\/\\\/www.eldigitaldeasturias.com\\\/noticias\\\/investigan-una-vacuna-para-proteger-del-ictus-al-cerebro\\\/#mainImage\",\"width\":800,\"height\":549},\"primaryImageOfPage\":{\"@id\":\"https:\\\/\\\/www.eldigitaldeasturias.com\\\/noticias\\\/investigan-una-vacuna-para-proteger-del-ictus-al-cerebro\\\/#mainImage\"},\"datePublished\":\"2016-02-22T12:53:22+01:00\",\"dateModified\":\"2016-02-22T12:53:22+01:00\"},{\"@type\":\"WebSite\",\"@id\":\"https:\\\/\\\/www.eldigitaldeasturias.com\\\/noticias\\\/#website\",\"url\":\"https:\\\/\\\/www.eldigitaldeasturias.com\\\/noticias\\\/\",\"name\":\"El Digital de Asturias - Diario de actualidad y noticias\",\"alternateName\":\"El Digital de Asturias - Diario de actualidad y noticias\",\"description\":\"Hemeroteca\",\"inLanguage\":\"es-ES\",\"publisher\":{\"@id\":\"https:\\\/\\\/www.eldigitaldeasturias.com\\\/noticias\\\/#organization\"}}]}\n\t\t<\/script>\n\t\t<!-- All in One SEO Pro -->\r\n\t\t<title>Investigan una vacuna para proteger del ictus al cerebro - El Digital de Asturias<\/title>\n\n","aioseo_head_json":{"title":"Investigan una vacuna para proteger del ictus al cerebro - El Digital de Asturias","description":"Un tipo de vacuna previamente estudiado para tratar la presi\u00f3n arterial alta puede tener potencial para proteger el cerebro cuando se administra antes de un accidente cerebrovascular, seg\u00fan concluye un estudio realizado en animales y cuyos resultados se presentan en la Conferencia Internacional sobre el Ictus 2016, organizada por la Asociaci\u00f3n Americana del Ictus. Cient\u00edficos","canonical_url":"https:\/\/www.eldigitaldeasturias.com\/noticias\/investigan-una-vacuna-para-proteger-del-ictus-al-cerebro\/","robots":"max-image-preview:large","keywords":"sociedad","webmasterTools":{"google-site-verification":"UA-38556648-1","msvalidate.01":"7dfe9f3f1b24437ab69f4f2559babe99","miscellaneous":""},"schema":{"@context":"https:\/\/schema.org","@graph":[{"@type":"BlogPosting","@id":"https:\/\/www.eldigitaldeasturias.com\/noticias\/investigan-una-vacuna-para-proteger-del-ictus-al-cerebro\/#blogposting","name":"Investigan una vacuna para proteger del ictus al cerebro - El Digital de Asturias","headline":"Investigan una vacuna para proteger del ictus al cerebro","author":{"@id":"https:\/\/www.eldigitaldeasturias.com\/noticias\/author\/admin\/#author"},"publisher":{"@id":"https:\/\/www.eldigitaldeasturias.com\/noticias\/#organization"},"image":{"@type":"ImageObject","url":"https:\/\/www.eldigitaldeasturias.com\/noticias\/wp-content\/uploads\/2016\/02\/fotonoticia_20160222074435_800.jpg","width":800,"height":549},"datePublished":"2016-02-22T12:53:22+01:00","dateModified":"2016-02-22T12:53:22+01:00","inLanguage":"es-ES","mainEntityOfPage":{"@id":"https:\/\/www.eldigitaldeasturias.com\/noticias\/investigan-una-vacuna-para-proteger-del-ictus-al-cerebro\/#webpage"},"isPartOf":{"@id":"https:\/\/www.eldigitaldeasturias.com\/noticias\/investigan-una-vacuna-para-proteger-del-ictus-al-cerebro\/#webpage"},"articleSection":"Sociedad"},{"@type":"BreadcrumbList","@id":"https:\/\/www.eldigitaldeasturias.com\/noticias\/investigan-una-vacuna-para-proteger-del-ictus-al-cerebro\/#breadcrumblist","itemListElement":[{"@type":"ListItem","@id":"https:\/\/www.eldigitaldeasturias.com\/noticias#listItem","position":1,"name":"Home","item":"https:\/\/www.eldigitaldeasturias.com\/noticias","nextItem":{"@type":"ListItem","@id":"https:\/\/www.eldigitaldeasturias.com\/noticias\/category\/sociedad\/#listItem","name":"Sociedad"}},{"@type":"ListItem","@id":"https:\/\/www.eldigitaldeasturias.com\/noticias\/category\/sociedad\/#listItem","position":2,"name":"Sociedad","item":"https:\/\/www.eldigitaldeasturias.com\/noticias\/category\/sociedad\/","nextItem":{"@type":"ListItem","@id":"https:\/\/www.eldigitaldeasturias.com\/noticias\/investigan-una-vacuna-para-proteger-del-ictus-al-cerebro\/#listItem","name":"Investigan una vacuna para proteger del ictus al cerebro"},"previousItem":{"@type":"ListItem","@id":"https:\/\/www.eldigitaldeasturias.com\/noticias#listItem","name":"Home"}},{"@type":"ListItem","@id":"https:\/\/www.eldigitaldeasturias.com\/noticias\/investigan-una-vacuna-para-proteger-del-ictus-al-cerebro\/#listItem","position":3,"name":"Investigan una vacuna para proteger del ictus al cerebro","previousItem":{"@type":"ListItem","@id":"https:\/\/www.eldigitaldeasturias.com\/noticias\/category\/sociedad\/#listItem","name":"Sociedad"}}]},{"@type":"Organization","@id":"https:\/\/www.eldigitaldeasturias.com\/noticias\/#organization","name":"El Digital de Asturias","description":"Hemeroteca","url":"https:\/\/www.eldigitaldeasturias.com\/noticias\/","email":"info@eldigitaldeasturias.com","telephone":"+34652131393","logo":{"@type":"ImageObject","url":"https:\/\/www.eldigitaldeasturias.com\/noticias\/wp-content\/uploads\/2020\/12\/EDA.jpg","@id":"https:\/\/www.eldigitaldeasturias.com\/noticias\/investigan-una-vacuna-para-proteger-del-ictus-al-cerebro\/#organizationLogo","width":649,"height":297},"image":{"@id":"https:\/\/www.eldigitaldeasturias.com\/noticias\/investigan-una-vacuna-para-proteger-del-ictus-al-cerebro\/#organizationLogo"},"sameAs":["https:\/\/facebook.com\/eldigitaldeasturias","https:\/\/www.youtube.com\/channel\/UCZP-2wLEB9Rv6erhFmqVnvg"],"address":{"@id":"https:\/\/www.eldigitaldeasturias.com\/noticias\/#postaladdress","@type":"PostalAddress","streetAddress":"san antonio 4,","postalCode":"33430","addressLocality":"Cand\u00e1s","addressRegion":"Asturias","addressCountry":"ES"}},{"@type":"Person","@id":"https:\/\/www.eldigitaldeasturias.com\/noticias\/author\/admin\/#author","url":"https:\/\/www.eldigitaldeasturias.com\/noticias\/author\/admin\/","name":"El Digital de Asturias","image":{"@type":"ImageObject","@id":"https:\/\/www.eldigitaldeasturias.com\/noticias\/investigan-una-vacuna-para-proteger-del-ictus-al-cerebro\/#authorImage","url":"https:\/\/www.eldigitaldeasturias.com\/noticias\/wp-content\/litespeed\/avatar\/18677e78aa0546b92d9dbf31ec7d7668.jpg?ver=1777290358","width":96,"height":96,"caption":"El Digital de Asturias"}},{"@type":"WebPage","@id":"https:\/\/www.eldigitaldeasturias.com\/noticias\/investigan-una-vacuna-para-proteger-del-ictus-al-cerebro\/#webpage","url":"https:\/\/www.eldigitaldeasturias.com\/noticias\/investigan-una-vacuna-para-proteger-del-ictus-al-cerebro\/","name":"Investigan una vacuna para proteger del ictus al cerebro - El Digital de Asturias","description":"Un tipo de vacuna previamente estudiado para tratar la presi\u00f3n arterial alta puede tener potencial para proteger el cerebro cuando se administra antes de un accidente cerebrovascular, seg\u00fan concluye un estudio realizado en animales y cuyos resultados se presentan en la Conferencia Internacional sobre el Ictus 2016, organizada por la Asociaci\u00f3n Americana del Ictus. Cient\u00edficos","inLanguage":"es-ES","isPartOf":{"@id":"https:\/\/www.eldigitaldeasturias.com\/noticias\/#website"},"breadcrumb":{"@id":"https:\/\/www.eldigitaldeasturias.com\/noticias\/investigan-una-vacuna-para-proteger-del-ictus-al-cerebro\/#breadcrumblist"},"author":{"@id":"https:\/\/www.eldigitaldeasturias.com\/noticias\/author\/admin\/#author"},"creator":{"@id":"https:\/\/www.eldigitaldeasturias.com\/noticias\/author\/admin\/#author"},"image":{"@type":"ImageObject","url":"https:\/\/www.eldigitaldeasturias.com\/noticias\/wp-content\/uploads\/2016\/02\/fotonoticia_20160222074435_800.jpg","@id":"https:\/\/www.eldigitaldeasturias.com\/noticias\/investigan-una-vacuna-para-proteger-del-ictus-al-cerebro\/#mainImage","width":800,"height":549},"primaryImageOfPage":{"@id":"https:\/\/www.eldigitaldeasturias.com\/noticias\/investigan-una-vacuna-para-proteger-del-ictus-al-cerebro\/#mainImage"},"datePublished":"2016-02-22T12:53:22+01:00","dateModified":"2016-02-22T12:53:22+01:00"},{"@type":"WebSite","@id":"https:\/\/www.eldigitaldeasturias.com\/noticias\/#website","url":"https:\/\/www.eldigitaldeasturias.com\/noticias\/","name":"El Digital de Asturias - Diario de actualidad y noticias","alternateName":"El Digital de Asturias - Diario de actualidad y noticias","description":"Hemeroteca","inLanguage":"es-ES","publisher":{"@id":"https:\/\/www.eldigitaldeasturias.com\/noticias\/#organization"}}]},"og:locale":"es_ES","og:site_name":"El Digital de Asturias","og:type":"article","og:title":"Investigan una vacuna para proteger del ictus al cerebro - El Digital de Asturias","og:description":"Un tipo de vacuna previamente estudiado para tratar la presi\u00f3n arterial alta puede tener potencial para proteger el cerebro cuando se administra antes de un accidente cerebrovascular, seg\u00fan concluye un estudio realizado en animales y cuyos resultados se presentan en la Conferencia Internacional sobre el Ictus 2016, organizada por la Asociaci\u00f3n Americana del Ictus. Cient\u00edficos","og:url":"https:\/\/www.eldigitaldeasturias.com\/noticias\/investigan-una-vacuna-para-proteger-del-ictus-al-cerebro\/","og:image":"https:\/\/www.eldigitaldeasturias.com\/noticias\/wp-content\/uploads\/2016\/02\/fotonoticia_20160222074435_800.jpg","og:image:secure_url":"https:\/\/www.eldigitaldeasturias.com\/noticias\/wp-content\/uploads\/2016\/02\/fotonoticia_20160222074435_800.jpg","og:image:width":800,"og:image:height":549,"article:tag":["sociedad"],"article:published_time":"2016-02-22T12:53:22+00:00","article:modified_time":"2016-02-22T12:53:22+00:00","article:publisher":"https:\/\/facebook.com\/eldigitaldeasturias","twitter:card":"summary_large_image","twitter:title":"Investigan una vacuna para proteger del ictus al cerebro - El Digital de Asturias","twitter:description":"Un tipo de vacuna previamente estudiado para tratar la presi\u00f3n arterial alta puede tener potencial para proteger el cerebro cuando se administra antes de un accidente cerebrovascular, seg\u00fan concluye un estudio realizado en animales y cuyos resultados se presentan en la Conferencia Internacional sobre el Ictus 2016, organizada por la Asociaci\u00f3n Americana del Ictus. Cient\u00edficos","twitter:image":"https:\/\/www.eldigitaldeasturias.com\/noticias\/wp-content\/uploads\/2016\/02\/fotonoticia_20160222074435_800.jpg","twitter:label1":"Escrito por","twitter:data1":"El Digital de Asturias","twitter:label2":"Tiempo de lectura estimado","twitter:data2":"2 minutos"},"aioseo_meta_data":{"post_id":"860847","title":null,"description":null,"keywords":null,"keyphrases":null,"primary_term":null,"canonical_url":null,"og_title":null,"og_description":null,"og_object_type":"default","og_image_type":"default","og_image_url":null,"og_image_width":null,"og_image_height":null,"og_image_custom_url":null,"og_image_custom_fields":null,"og_video":null,"og_custom_url":null,"og_article_section":null,"og_article_tags":null,"twitter_use_og":false,"twitter_card":"default","twitter_image_type":"default","twitter_image_url":null,"twitter_image_custom_url":null,"twitter_image_custom_fields":null,"twitter_title":null,"twitter_description":null,"schema":{"blockGraphs":[],"customGraphs":[],"default":{"data":{"Article":[],"Course":[],"Dataset":[],"FAQPage":[],"Movie":[],"Person":[],"Product":[],"ProductReview":[],"Car":[],"Recipe":[],"Service":[],"SoftwareApplication":[],"WebPage":[]},"graphName":"","isEnabled":true},"graphs":[],"defaultGraph":"","defaultPostTypeGraph":""},"schema_type":null,"schema_type_options":null,"pillar_content":false,"robots_default":true,"robots_noindex":false,"robots_noarchive":false,"robots_nosnippet":false,"robots_nofollow":false,"robots_noimageindex":false,"robots_noodp":false,"robots_notranslate":false,"robots_max_snippet":null,"robots_max_videopreview":null,"robots_max_imagepreview":"large","priority":null,"frequency":null,"local_seo":null,"seo_analyzer_scan_date":"2025-12-10 19:18:10","breadcrumb_settings":null,"limit_modified_date":false,"open_ai":null,"ai":null,"created":"2021-01-23 14:57:19","updated":"2025-12-10 19:18:10"},"aioseo_breadcrumb":"<div class=\"aioseo-breadcrumbs\"><span class=\"aioseo-breadcrumb\">\n\t<a href=\"https:\/\/www.eldigitaldeasturias.com\/noticias\" title=\"Home\">Home<\/a>\n<\/span><span class=\"aioseo-breadcrumb-separator\">\u2013<\/span><span class=\"aioseo-breadcrumb\">\n\t<a href=\"https:\/\/www.eldigitaldeasturias.com\/noticias\/category\/sociedad\/\" title=\"Sociedad\">Sociedad<\/a>\n<\/span><span class=\"aioseo-breadcrumb-separator\">\u2013<\/span><span class=\"aioseo-breadcrumb\">\n\t<a href=\"https:\/\/www.eldigitaldeasturias.com\/noticias\/investigan-una-vacuna-para-proteger-del-ictus-al-cerebro\/\" title=\"Investigan una vacuna para proteger del ictus al cerebro\">Investigan una vacuna para proteger del ictus al cerebro<\/a>\n<\/span><\/div>","aioseo_breadcrumb_json":[{"label":"Home","link":"https:\/\/www.eldigitaldeasturias.com\/noticias"},{"label":"Sociedad","link":"https:\/\/www.eldigitaldeasturias.com\/noticias\/category\/sociedad\/"},{"label":"Investigan una vacuna para proteger del ictus al cerebro","link":"https:\/\/www.eldigitaldeasturias.com\/noticias\/investigan-una-vacuna-para-proteger-del-ictus-al-cerebro\/"}],"_links":{"self":[{"href":"https:\/\/www.eldigitaldeasturias.com\/noticias\/wp-json\/wp\/v2\/posts\/860847","targetHints":{"allow":["GET"]}}],"collection":[{"href":"https:\/\/www.eldigitaldeasturias.com\/noticias\/wp-json\/wp\/v2\/posts"}],"about":[{"href":"https:\/\/www.eldigitaldeasturias.com\/noticias\/wp-json\/wp\/v2\/types\/post"}],"author":[{"embeddable":true,"href":"https:\/\/www.eldigitaldeasturias.com\/noticias\/wp-json\/wp\/v2\/users\/1"}],"replies":[{"embeddable":true,"href":"https:\/\/www.eldigitaldeasturias.com\/noticias\/wp-json\/wp\/v2\/comments?post=860847"}],"version-history":[{"count":0,"href":"https:\/\/www.eldigitaldeasturias.com\/noticias\/wp-json\/wp\/v2\/posts\/860847\/revisions"}],"wp:featuredmedia":[{"embeddable":true,"href":"https:\/\/www.eldigitaldeasturias.com\/noticias\/wp-json\/wp\/v2\/media\/860848"}],"wp:attachment":[{"href":"https:\/\/www.eldigitaldeasturias.com\/noticias\/wp-json\/wp\/v2\/media?parent=860847"}],"wp:term":[{"taxonomy":"category","embeddable":true,"href":"https:\/\/www.eldigitaldeasturias.com\/noticias\/wp-json\/wp\/v2\/categories?post=860847"},{"taxonomy":"post_tag","embeddable":true,"href":"https:\/\/www.eldigitaldeasturias.com\/noticias\/wp-json\/wp\/v2\/tags?post=860847"}],"curies":[{"name":"wp","href":"https:\/\/api.w.org\/{rel}","templated":true}]}}