{"id":860844,"date":"2016-02-22T12:52:08","date_gmt":"2016-02-22T12:52:08","guid":{"rendered":"http:\/\/www.eldigitaldeasturias.com\/noticias\/?p=860844"},"modified":"2016-02-22T12:52:08","modified_gmt":"2016-02-22T12:52:08","slug":"pekin-construira-una-red-de-ventilacion-para-dispersar-la-contaminacion","status":"publish","type":"post","link":"https:\/\/www.eldigitaldeasturias.com\/noticias\/pekin-construira-una-red-de-ventilacion-para-dispersar-la-contaminacion\/","title":{"rendered":"Pek\u00edn construir\u00e1 una red de ventilaci\u00f3n para dispersar la contaminaci\u00f3n"},"content":{"rendered":"<p><img loading=\"lazy\" decoding=\"async\" class=\"alignleft size-medium wp-image-860845\" src=\"https:\/\/www.eldigitaldeasturias.com\/noticias\/wp-content\/uploads\/2016\/02\/fotonoticia_20160221214834_800-360x240.jpg\" alt=\"fotonoticia_20160221214834_800\" width=\"360\" height=\"240\" srcset=\"https:\/\/www.eldigitaldeasturias.com\/noticias\/wp-content\/uploads\/2016\/02\/fotonoticia_20160221214834_800-360x240.jpg 360w, https:\/\/www.eldigitaldeasturias.com\/noticias\/wp-content\/uploads\/2016\/02\/fotonoticia_20160221214834_800-768x513.jpg 768w, https:\/\/www.eldigitaldeasturias.com\/noticias\/wp-content\/uploads\/2016\/02\/fotonoticia_20160221214834_800-650x434.jpg 650w, https:\/\/www.eldigitaldeasturias.com\/noticias\/wp-content\/uploads\/2016\/02\/fotonoticia_20160221214834_800-84x55.jpg 84w, https:\/\/www.eldigitaldeasturias.com\/noticias\/wp-content\/uploads\/2016\/02\/fotonoticia_20160221214834_800-49x32.jpg 49w, https:\/\/www.eldigitaldeasturias.com\/noticias\/wp-content\/uploads\/2016\/02\/fotonoticia_20160221214834_800.jpg 800w\" sizes=\"auto, (max-width: 360px) 100vw, 360px\" \/>Las autoridades de Pek\u00edn est\u00e1n preparando la construcci\u00f3n de una red de ventilaci\u00f3n para facilitar la circulaci\u00f3n del aire y dispersar as\u00ed la contaminaci\u00f3n. El dise\u00f1o cuenta con cinco corredores principales de ventilaci\u00f3n de 500 metros de ancho y una red de corredores m\u00e1s estrechos, de unos 80 metros.<\/p>\n<p>El subdirector del Comit\u00e9 de Planificaci\u00f3n Urbana de Pek\u00edn, Wang Fei, ha explicado en declaraciones a la agencia de noticias china Xinhua que estos corredores estar\u00e1n formados por los parques, r\u00edos y lagos en los que se eliminar\u00e1n los obst\u00e1culos para facilitar la circulaci\u00f3n del aire. Los corredores principales conectar\u00e1n el norte con el sur de Pek\u00edn.<\/p>\n<p>\u00abLos corredores de ventilaci\u00f3n mejoran el flujo de aire en las ciudades para que el viento se lleve el calor y los contaminantes\u00bb, ha explicado Wang. Otras ciudades chinas como Shang\u00e1i y Fuzhou ya han comenzado a construir estos corredores de ventilaci\u00f3n para combatir<\/p>\n<p>Este mismo domingo, las autoridades chinas han informado de una modificaci\u00f3n al alza de los niveles de contaminaci\u00f3n para la alerta roja, que implica medidas dr\u00e1sticas. Ahora se emitir\u00e1 la alerta roja por contaminaci\u00f3n cuando el \u00edndice de calidad del aire supere las 500 unidades un d\u00eda; 300 en dos d\u00edas o 200 en cuatro d\u00edas.<\/p>\n<p>En estos momentos, la alerta roja se emite cuando el \u00edndice supera las 200 unidades durante tres d\u00edas seguidos. La alerta roja implica la suspensi\u00f3n del trabajo en el sector de la construcci\u00f3n y el cierre de los colegios. El cambio normativo entrar\u00e1 en vigor a finales de marzo.<\/p>\n","protected":false},"excerpt":{"rendered":"<p>Las autoridades de Pek\u00edn est\u00e1n preparando la construcci\u00f3n de una red de ventilaci\u00f3n para facilitar la circulaci\u00f3n del aire y dispersar as\u00ed la contaminaci\u00f3n. El dise\u00f1o cuenta con cinco corredores principales de ventilaci\u00f3n de 500 metros de ancho y una red de corredores m\u00e1s estrechos, de unos 80 metros. El subdirector del Comit\u00e9 de Planificaci\u00f3n [&hellip;]<\/p>\n","protected":false},"author":1,"featured_media":860845,"comment_status":"closed","ping_status":"closed","sticky":false,"template":"","format":"standard","meta":{"footnotes":""},"categories":[28],"tags":[],"class_list":["post-860844","post","type-post","status-publish","format-standard","has-post-thumbnail","hentry","category-sociedad"],"aioseo_notices":[],"aioseo_head":"\n\t\t<!-- All in One SEO Pro 4.9.6.2 - aioseo.com -->\n\t<meta name=\"description\" content=\"Las autoridades de Pek\u00edn est\u00e1n preparando la construcci\u00f3n de una red de ventilaci\u00f3n para facilitar la circulaci\u00f3n del aire y dispersar as\u00ed la contaminaci\u00f3n. El dise\u00f1o cuenta con cinco corredores principales de ventilaci\u00f3n de 500 metros de ancho y una red de corredores m\u00e1s estrechos, de unos 80 metros. El subdirector del Comit\u00e9 de Planificaci\u00f3n\" \/>\n\t<meta name=\"robots\" content=\"max-image-preview:large\" \/>\n\t<meta name=\"author\" content=\"El Digital de Asturias\"\/>\n\t<meta name=\"google-site-verification\" content=\"UA-38556648-1\" \/>\n\t<meta name=\"msvalidate.01\" content=\"7dfe9f3f1b24437ab69f4f2559babe99\" \/>\n\t<meta name=\"keywords\" content=\"sociedad\" \/>\n\t<link rel=\"canonical\" href=\"https:\/\/www.eldigitaldeasturias.com\/noticias\/pekin-construira-una-red-de-ventilacion-para-dispersar-la-contaminacion\/\" \/>\n\t<meta name=\"generator\" content=\"All in One SEO Pro (AIOSEO) 4.9.6.2\" \/>\n\t\t<meta property=\"og:locale\" content=\"es_ES\" \/>\n\t\t<meta property=\"og:site_name\" content=\"El Digital de Asturias\" \/>\n\t\t<meta property=\"og:type\" content=\"article\" \/>\n\t\t<meta property=\"og:title\" content=\"Pek\u00edn construir\u00e1 una red de ventilaci\u00f3n para dispersar la contaminaci\u00f3n - El Digital de Asturias\" \/>\n\t\t<meta property=\"og:description\" content=\"Las autoridades de Pek\u00edn est\u00e1n preparando la construcci\u00f3n de una red de ventilaci\u00f3n para facilitar la circulaci\u00f3n del aire y dispersar as\u00ed la contaminaci\u00f3n. El dise\u00f1o cuenta con cinco corredores principales de ventilaci\u00f3n de 500 metros de ancho y una red de corredores m\u00e1s estrechos, de unos 80 metros. El subdirector del Comit\u00e9 de Planificaci\u00f3n\" \/>\n\t\t<meta property=\"og:url\" content=\"https:\/\/www.eldigitaldeasturias.com\/noticias\/pekin-construira-una-red-de-ventilacion-para-dispersar-la-contaminacion\/\" \/>\n\t\t<meta property=\"og:image\" content=\"https:\/\/www.eldigitaldeasturias.com\/noticias\/wp-content\/uploads\/2016\/02\/fotonoticia_20160221214834_800.jpg\" \/>\n\t\t<meta property=\"og:image:secure_url\" content=\"https:\/\/www.eldigitaldeasturias.com\/noticias\/wp-content\/uploads\/2016\/02\/fotonoticia_20160221214834_800.jpg\" \/>\n\t\t<meta property=\"og:image:width\" content=\"800\" \/>\n\t\t<meta property=\"og:image:height\" content=\"534\" \/>\n\t\t<meta property=\"article:tag\" content=\"sociedad\" \/>\n\t\t<meta property=\"article:published_time\" content=\"2016-02-22T12:52:08+00:00\" \/>\n\t\t<meta property=\"article:modified_time\" content=\"2016-02-22T12:52:08+00:00\" \/>\n\t\t<meta property=\"article:publisher\" content=\"https:\/\/facebook.com\/eldigitaldeasturias\" \/>\n\t\t<meta name=\"twitter:card\" content=\"summary_large_image\" \/>\n\t\t<meta name=\"twitter:title\" content=\"Pek\u00edn construir\u00e1 una red de ventilaci\u00f3n para dispersar la contaminaci\u00f3n - El Digital de Asturias\" \/>\n\t\t<meta name=\"twitter:description\" content=\"Las autoridades de Pek\u00edn est\u00e1n preparando la construcci\u00f3n de una red de ventilaci\u00f3n para facilitar la circulaci\u00f3n del aire y dispersar as\u00ed la contaminaci\u00f3n. El dise\u00f1o cuenta con cinco corredores principales de ventilaci\u00f3n de 500 metros de ancho y una red de corredores m\u00e1s estrechos, de unos 80 metros. El subdirector del Comit\u00e9 de Planificaci\u00f3n\" \/>\n\t\t<meta name=\"twitter:image\" content=\"https:\/\/www.eldigitaldeasturias.com\/noticias\/wp-content\/uploads\/2016\/02\/fotonoticia_20160221214834_800.jpg\" \/>\n\t\t<meta name=\"twitter:label1\" content=\"Escrito por\" \/>\n\t\t<meta name=\"twitter:data1\" content=\"El Digital de Asturias\" \/>\n\t\t<meta name=\"twitter:label2\" content=\"Tiempo de lectura estimado\" \/>\n\t\t<meta name=\"twitter:data2\" content=\"1 minuto\" \/>\n\t\t<script type=\"application\/ld+json\" class=\"aioseo-schema\">\n\t\t\t{\"@context\":\"https:\\\/\\\/schema.org\",\"@graph\":[{\"@type\":\"BlogPosting\",\"@id\":\"https:\\\/\\\/www.eldigitaldeasturias.com\\\/noticias\\\/pekin-construira-una-red-de-ventilacion-para-dispersar-la-contaminacion\\\/#blogposting\",\"name\":\"Pek\\u00edn construir\\u00e1 una red de ventilaci\\u00f3n para dispersar la contaminaci\\u00f3n - El Digital de Asturias\",\"headline\":\"Pek\\u00edn construir\\u00e1 una red de ventilaci\\u00f3n para dispersar la contaminaci\\u00f3n\",\"author\":{\"@id\":\"https:\\\/\\\/www.eldigitaldeasturias.com\\\/noticias\\\/author\\\/admin\\\/#author\"},\"publisher\":{\"@id\":\"https:\\\/\\\/www.eldigitaldeasturias.com\\\/noticias\\\/#organization\"},\"image\":{\"@type\":\"ImageObject\",\"url\":\"https:\\\/\\\/www.eldigitaldeasturias.com\\\/noticias\\\/wp-content\\\/uploads\\\/2016\\\/02\\\/fotonoticia_20160221214834_800.jpg\",\"width\":800,\"height\":534},\"datePublished\":\"2016-02-22T12:52:08+01:00\",\"dateModified\":\"2016-02-22T12:52:08+01:00\",\"inLanguage\":\"es-ES\",\"mainEntityOfPage\":{\"@id\":\"https:\\\/\\\/www.eldigitaldeasturias.com\\\/noticias\\\/pekin-construira-una-red-de-ventilacion-para-dispersar-la-contaminacion\\\/#webpage\"},\"isPartOf\":{\"@id\":\"https:\\\/\\\/www.eldigitaldeasturias.com\\\/noticias\\\/pekin-construira-una-red-de-ventilacion-para-dispersar-la-contaminacion\\\/#webpage\"},\"articleSection\":\"Sociedad\"},{\"@type\":\"BreadcrumbList\",\"@id\":\"https:\\\/\\\/www.eldigitaldeasturias.com\\\/noticias\\\/pekin-construira-una-red-de-ventilacion-para-dispersar-la-contaminacion\\\/#breadcrumblist\",\"itemListElement\":[{\"@type\":\"ListItem\",\"@id\":\"https:\\\/\\\/www.eldigitaldeasturias.com\\\/noticias#listItem\",\"position\":1,\"name\":\"Home\",\"item\":\"https:\\\/\\\/www.eldigitaldeasturias.com\\\/noticias\",\"nextItem\":{\"@type\":\"ListItem\",\"@id\":\"https:\\\/\\\/www.eldigitaldeasturias.com\\\/noticias\\\/category\\\/sociedad\\\/#listItem\",\"name\":\"Sociedad\"}},{\"@type\":\"ListItem\",\"@id\":\"https:\\\/\\\/www.eldigitaldeasturias.com\\\/noticias\\\/category\\\/sociedad\\\/#listItem\",\"position\":2,\"name\":\"Sociedad\",\"item\":\"https:\\\/\\\/www.eldigitaldeasturias.com\\\/noticias\\\/category\\\/sociedad\\\/\",\"nextItem\":{\"@type\":\"ListItem\",\"@id\":\"https:\\\/\\\/www.eldigitaldeasturias.com\\\/noticias\\\/pekin-construira-una-red-de-ventilacion-para-dispersar-la-contaminacion\\\/#listItem\",\"name\":\"Pek\\u00edn construir\\u00e1 una red de ventilaci\\u00f3n para dispersar la contaminaci\\u00f3n\"},\"previousItem\":{\"@type\":\"ListItem\",\"@id\":\"https:\\\/\\\/www.eldigitaldeasturias.com\\\/noticias#listItem\",\"name\":\"Home\"}},{\"@type\":\"ListItem\",\"@id\":\"https:\\\/\\\/www.eldigitaldeasturias.com\\\/noticias\\\/pekin-construira-una-red-de-ventilacion-para-dispersar-la-contaminacion\\\/#listItem\",\"position\":3,\"name\":\"Pek\\u00edn construir\\u00e1 una red de ventilaci\\u00f3n para dispersar la contaminaci\\u00f3n\",\"previousItem\":{\"@type\":\"ListItem\",\"@id\":\"https:\\\/\\\/www.eldigitaldeasturias.com\\\/noticias\\\/category\\\/sociedad\\\/#listItem\",\"name\":\"Sociedad\"}}]},{\"@type\":\"Organization\",\"@id\":\"https:\\\/\\\/www.eldigitaldeasturias.com\\\/noticias\\\/#organization\",\"name\":\"El Digital de Asturias\",\"description\":\"Hemeroteca\",\"url\":\"https:\\\/\\\/www.eldigitaldeasturias.com\\\/noticias\\\/\",\"email\":\"info@eldigitaldeasturias.com\",\"telephone\":\"+34652131393\",\"logo\":{\"@type\":\"ImageObject\",\"url\":\"https:\\\/\\\/www.eldigitaldeasturias.com\\\/noticias\\\/wp-content\\\/uploads\\\/2020\\\/12\\\/EDA.jpg\",\"@id\":\"https:\\\/\\\/www.eldigitaldeasturias.com\\\/noticias\\\/pekin-construira-una-red-de-ventilacion-para-dispersar-la-contaminacion\\\/#organizationLogo\",\"width\":649,\"height\":297},\"image\":{\"@id\":\"https:\\\/\\\/www.eldigitaldeasturias.com\\\/noticias\\\/pekin-construira-una-red-de-ventilacion-para-dispersar-la-contaminacion\\\/#organizationLogo\"},\"sameAs\":[\"https:\\\/\\\/facebook.com\\\/eldigitaldeasturias\",\"https:\\\/\\\/www.youtube.com\\\/channel\\\/UCZP-2wLEB9Rv6erhFmqVnvg\"],\"address\":{\"@id\":\"https:\\\/\\\/www.eldigitaldeasturias.com\\\/noticias\\\/#postaladdress\",\"@type\":\"PostalAddress\",\"streetAddress\":\"san antonio 4,\",\"postalCode\":\"33430\",\"addressLocality\":\"Cand\\u00e1s\",\"addressRegion\":\"Asturias\",\"addressCountry\":\"ES\"}},{\"@type\":\"Person\",\"@id\":\"https:\\\/\\\/www.eldigitaldeasturias.com\\\/noticias\\\/author\\\/admin\\\/#author\",\"url\":\"https:\\\/\\\/www.eldigitaldeasturias.com\\\/noticias\\\/author\\\/admin\\\/\",\"name\":\"El Digital de Asturias\",\"image\":{\"@type\":\"ImageObject\",\"@id\":\"https:\\\/\\\/www.eldigitaldeasturias.com\\\/noticias\\\/pekin-construira-una-red-de-ventilacion-para-dispersar-la-contaminacion\\\/#authorImage\",\"url\":\"https:\\\/\\\/www.eldigitaldeasturias.com\\\/noticias\\\/wp-content\\\/litespeed\\\/avatar\\\/18677e78aa0546b92d9dbf31ec7d7668.jpg?ver=1777290358\",\"width\":96,\"height\":96,\"caption\":\"El Digital de Asturias\"}},{\"@type\":\"WebPage\",\"@id\":\"https:\\\/\\\/www.eldigitaldeasturias.com\\\/noticias\\\/pekin-construira-una-red-de-ventilacion-para-dispersar-la-contaminacion\\\/#webpage\",\"url\":\"https:\\\/\\\/www.eldigitaldeasturias.com\\\/noticias\\\/pekin-construira-una-red-de-ventilacion-para-dispersar-la-contaminacion\\\/\",\"name\":\"Pek\\u00edn construir\\u00e1 una red de ventilaci\\u00f3n para dispersar la contaminaci\\u00f3n - El Digital de Asturias\",\"description\":\"Las autoridades de Pek\\u00edn est\\u00e1n preparando la construcci\\u00f3n de una red de ventilaci\\u00f3n para facilitar la circulaci\\u00f3n del aire y dispersar as\\u00ed la contaminaci\\u00f3n. El dise\\u00f1o cuenta con cinco corredores principales de ventilaci\\u00f3n de 500 metros de ancho y una red de corredores m\\u00e1s estrechos, de unos 80 metros. El subdirector del Comit\\u00e9 de Planificaci\\u00f3n\",\"inLanguage\":\"es-ES\",\"isPartOf\":{\"@id\":\"https:\\\/\\\/www.eldigitaldeasturias.com\\\/noticias\\\/#website\"},\"breadcrumb\":{\"@id\":\"https:\\\/\\\/www.eldigitaldeasturias.com\\\/noticias\\\/pekin-construira-una-red-de-ventilacion-para-dispersar-la-contaminacion\\\/#breadcrumblist\"},\"author\":{\"@id\":\"https:\\\/\\\/www.eldigitaldeasturias.com\\\/noticias\\\/author\\\/admin\\\/#author\"},\"creator\":{\"@id\":\"https:\\\/\\\/www.eldigitaldeasturias.com\\\/noticias\\\/author\\\/admin\\\/#author\"},\"image\":{\"@type\":\"ImageObject\",\"url\":\"https:\\\/\\\/www.eldigitaldeasturias.com\\\/noticias\\\/wp-content\\\/uploads\\\/2016\\\/02\\\/fotonoticia_20160221214834_800.jpg\",\"@id\":\"https:\\\/\\\/www.eldigitaldeasturias.com\\\/noticias\\\/pekin-construira-una-red-de-ventilacion-para-dispersar-la-contaminacion\\\/#mainImage\",\"width\":800,\"height\":534},\"primaryImageOfPage\":{\"@id\":\"https:\\\/\\\/www.eldigitaldeasturias.com\\\/noticias\\\/pekin-construira-una-red-de-ventilacion-para-dispersar-la-contaminacion\\\/#mainImage\"},\"datePublished\":\"2016-02-22T12:52:08+01:00\",\"dateModified\":\"2016-02-22T12:52:08+01:00\"},{\"@type\":\"WebSite\",\"@id\":\"https:\\\/\\\/www.eldigitaldeasturias.com\\\/noticias\\\/#website\",\"url\":\"https:\\\/\\\/www.eldigitaldeasturias.com\\\/noticias\\\/\",\"name\":\"El Digital de Asturias - Diario de actualidad y noticias\",\"alternateName\":\"El Digital de Asturias - Diario de actualidad y noticias\",\"description\":\"Hemeroteca\",\"inLanguage\":\"es-ES\",\"publisher\":{\"@id\":\"https:\\\/\\\/www.eldigitaldeasturias.com\\\/noticias\\\/#organization\"}}]}\n\t\t<\/script>\n\t\t<!-- All in One SEO Pro -->\r\n\t\t<title>Pek\u00edn construir\u00e1 una red de ventilaci\u00f3n para dispersar la contaminaci\u00f3n - El Digital de Asturias<\/title>\n\n","aioseo_head_json":{"title":"Pek\u00edn construir\u00e1 una red de ventilaci\u00f3n para dispersar la contaminaci\u00f3n - El Digital de Asturias","description":"Las autoridades de Pek\u00edn est\u00e1n preparando la construcci\u00f3n de una red de ventilaci\u00f3n para facilitar la circulaci\u00f3n del aire y dispersar as\u00ed la contaminaci\u00f3n. El dise\u00f1o cuenta con cinco corredores principales de ventilaci\u00f3n de 500 metros de ancho y una red de corredores m\u00e1s estrechos, de unos 80 metros. El subdirector del Comit\u00e9 de Planificaci\u00f3n","canonical_url":"https:\/\/www.eldigitaldeasturias.com\/noticias\/pekin-construira-una-red-de-ventilacion-para-dispersar-la-contaminacion\/","robots":"max-image-preview:large","keywords":"sociedad","webmasterTools":{"google-site-verification":"UA-38556648-1","msvalidate.01":"7dfe9f3f1b24437ab69f4f2559babe99","miscellaneous":""},"schema":{"@context":"https:\/\/schema.org","@graph":[{"@type":"BlogPosting","@id":"https:\/\/www.eldigitaldeasturias.com\/noticias\/pekin-construira-una-red-de-ventilacion-para-dispersar-la-contaminacion\/#blogposting","name":"Pek\u00edn construir\u00e1 una red de ventilaci\u00f3n para dispersar la contaminaci\u00f3n - El Digital de Asturias","headline":"Pek\u00edn construir\u00e1 una red de ventilaci\u00f3n para dispersar la contaminaci\u00f3n","author":{"@id":"https:\/\/www.eldigitaldeasturias.com\/noticias\/author\/admin\/#author"},"publisher":{"@id":"https:\/\/www.eldigitaldeasturias.com\/noticias\/#organization"},"image":{"@type":"ImageObject","url":"https:\/\/www.eldigitaldeasturias.com\/noticias\/wp-content\/uploads\/2016\/02\/fotonoticia_20160221214834_800.jpg","width":800,"height":534},"datePublished":"2016-02-22T12:52:08+01:00","dateModified":"2016-02-22T12:52:08+01:00","inLanguage":"es-ES","mainEntityOfPage":{"@id":"https:\/\/www.eldigitaldeasturias.com\/noticias\/pekin-construira-una-red-de-ventilacion-para-dispersar-la-contaminacion\/#webpage"},"isPartOf":{"@id":"https:\/\/www.eldigitaldeasturias.com\/noticias\/pekin-construira-una-red-de-ventilacion-para-dispersar-la-contaminacion\/#webpage"},"articleSection":"Sociedad"},{"@type":"BreadcrumbList","@id":"https:\/\/www.eldigitaldeasturias.com\/noticias\/pekin-construira-una-red-de-ventilacion-para-dispersar-la-contaminacion\/#breadcrumblist","itemListElement":[{"@type":"ListItem","@id":"https:\/\/www.eldigitaldeasturias.com\/noticias#listItem","position":1,"name":"Home","item":"https:\/\/www.eldigitaldeasturias.com\/noticias","nextItem":{"@type":"ListItem","@id":"https:\/\/www.eldigitaldeasturias.com\/noticias\/category\/sociedad\/#listItem","name":"Sociedad"}},{"@type":"ListItem","@id":"https:\/\/www.eldigitaldeasturias.com\/noticias\/category\/sociedad\/#listItem","position":2,"name":"Sociedad","item":"https:\/\/www.eldigitaldeasturias.com\/noticias\/category\/sociedad\/","nextItem":{"@type":"ListItem","@id":"https:\/\/www.eldigitaldeasturias.com\/noticias\/pekin-construira-una-red-de-ventilacion-para-dispersar-la-contaminacion\/#listItem","name":"Pek\u00edn construir\u00e1 una red de ventilaci\u00f3n para dispersar la contaminaci\u00f3n"},"previousItem":{"@type":"ListItem","@id":"https:\/\/www.eldigitaldeasturias.com\/noticias#listItem","name":"Home"}},{"@type":"ListItem","@id":"https:\/\/www.eldigitaldeasturias.com\/noticias\/pekin-construira-una-red-de-ventilacion-para-dispersar-la-contaminacion\/#listItem","position":3,"name":"Pek\u00edn construir\u00e1 una red de ventilaci\u00f3n para dispersar la contaminaci\u00f3n","previousItem":{"@type":"ListItem","@id":"https:\/\/www.eldigitaldeasturias.com\/noticias\/category\/sociedad\/#listItem","name":"Sociedad"}}]},{"@type":"Organization","@id":"https:\/\/www.eldigitaldeasturias.com\/noticias\/#organization","name":"El Digital de Asturias","description":"Hemeroteca","url":"https:\/\/www.eldigitaldeasturias.com\/noticias\/","email":"info@eldigitaldeasturias.com","telephone":"+34652131393","logo":{"@type":"ImageObject","url":"https:\/\/www.eldigitaldeasturias.com\/noticias\/wp-content\/uploads\/2020\/12\/EDA.jpg","@id":"https:\/\/www.eldigitaldeasturias.com\/noticias\/pekin-construira-una-red-de-ventilacion-para-dispersar-la-contaminacion\/#organizationLogo","width":649,"height":297},"image":{"@id":"https:\/\/www.eldigitaldeasturias.com\/noticias\/pekin-construira-una-red-de-ventilacion-para-dispersar-la-contaminacion\/#organizationLogo"},"sameAs":["https:\/\/facebook.com\/eldigitaldeasturias","https:\/\/www.youtube.com\/channel\/UCZP-2wLEB9Rv6erhFmqVnvg"],"address":{"@id":"https:\/\/www.eldigitaldeasturias.com\/noticias\/#postaladdress","@type":"PostalAddress","streetAddress":"san antonio 4,","postalCode":"33430","addressLocality":"Cand\u00e1s","addressRegion":"Asturias","addressCountry":"ES"}},{"@type":"Person","@id":"https:\/\/www.eldigitaldeasturias.com\/noticias\/author\/admin\/#author","url":"https:\/\/www.eldigitaldeasturias.com\/noticias\/author\/admin\/","name":"El Digital de Asturias","image":{"@type":"ImageObject","@id":"https:\/\/www.eldigitaldeasturias.com\/noticias\/pekin-construira-una-red-de-ventilacion-para-dispersar-la-contaminacion\/#authorImage","url":"https:\/\/www.eldigitaldeasturias.com\/noticias\/wp-content\/litespeed\/avatar\/18677e78aa0546b92d9dbf31ec7d7668.jpg?ver=1777290358","width":96,"height":96,"caption":"El Digital de Asturias"}},{"@type":"WebPage","@id":"https:\/\/www.eldigitaldeasturias.com\/noticias\/pekin-construira-una-red-de-ventilacion-para-dispersar-la-contaminacion\/#webpage","url":"https:\/\/www.eldigitaldeasturias.com\/noticias\/pekin-construira-una-red-de-ventilacion-para-dispersar-la-contaminacion\/","name":"Pek\u00edn construir\u00e1 una red de ventilaci\u00f3n para dispersar la contaminaci\u00f3n - El Digital de Asturias","description":"Las autoridades de Pek\u00edn est\u00e1n preparando la construcci\u00f3n de una red de ventilaci\u00f3n para facilitar la circulaci\u00f3n del aire y dispersar as\u00ed la contaminaci\u00f3n. El dise\u00f1o cuenta con cinco corredores principales de ventilaci\u00f3n de 500 metros de ancho y una red de corredores m\u00e1s estrechos, de unos 80 metros. El subdirector del Comit\u00e9 de Planificaci\u00f3n","inLanguage":"es-ES","isPartOf":{"@id":"https:\/\/www.eldigitaldeasturias.com\/noticias\/#website"},"breadcrumb":{"@id":"https:\/\/www.eldigitaldeasturias.com\/noticias\/pekin-construira-una-red-de-ventilacion-para-dispersar-la-contaminacion\/#breadcrumblist"},"author":{"@id":"https:\/\/www.eldigitaldeasturias.com\/noticias\/author\/admin\/#author"},"creator":{"@id":"https:\/\/www.eldigitaldeasturias.com\/noticias\/author\/admin\/#author"},"image":{"@type":"ImageObject","url":"https:\/\/www.eldigitaldeasturias.com\/noticias\/wp-content\/uploads\/2016\/02\/fotonoticia_20160221214834_800.jpg","@id":"https:\/\/www.eldigitaldeasturias.com\/noticias\/pekin-construira-una-red-de-ventilacion-para-dispersar-la-contaminacion\/#mainImage","width":800,"height":534},"primaryImageOfPage":{"@id":"https:\/\/www.eldigitaldeasturias.com\/noticias\/pekin-construira-una-red-de-ventilacion-para-dispersar-la-contaminacion\/#mainImage"},"datePublished":"2016-02-22T12:52:08+01:00","dateModified":"2016-02-22T12:52:08+01:00"},{"@type":"WebSite","@id":"https:\/\/www.eldigitaldeasturias.com\/noticias\/#website","url":"https:\/\/www.eldigitaldeasturias.com\/noticias\/","name":"El Digital de Asturias - Diario de actualidad y noticias","alternateName":"El Digital de Asturias - Diario de actualidad y noticias","description":"Hemeroteca","inLanguage":"es-ES","publisher":{"@id":"https:\/\/www.eldigitaldeasturias.com\/noticias\/#organization"}}]},"og:locale":"es_ES","og:site_name":"El Digital de Asturias","og:type":"article","og:title":"Pek\u00edn construir\u00e1 una red de ventilaci\u00f3n para dispersar la contaminaci\u00f3n - El Digital de Asturias","og:description":"Las autoridades de Pek\u00edn est\u00e1n preparando la construcci\u00f3n de una red de ventilaci\u00f3n para facilitar la circulaci\u00f3n del aire y dispersar as\u00ed la contaminaci\u00f3n. El dise\u00f1o cuenta con cinco corredores principales de ventilaci\u00f3n de 500 metros de ancho y una red de corredores m\u00e1s estrechos, de unos 80 metros. El subdirector del Comit\u00e9 de Planificaci\u00f3n","og:url":"https:\/\/www.eldigitaldeasturias.com\/noticias\/pekin-construira-una-red-de-ventilacion-para-dispersar-la-contaminacion\/","og:image":"https:\/\/www.eldigitaldeasturias.com\/noticias\/wp-content\/uploads\/2016\/02\/fotonoticia_20160221214834_800.jpg","og:image:secure_url":"https:\/\/www.eldigitaldeasturias.com\/noticias\/wp-content\/uploads\/2016\/02\/fotonoticia_20160221214834_800.jpg","og:image:width":800,"og:image:height":534,"article:tag":["sociedad"],"article:published_time":"2016-02-22T12:52:08+00:00","article:modified_time":"2016-02-22T12:52:08+00:00","article:publisher":"https:\/\/facebook.com\/eldigitaldeasturias","twitter:card":"summary_large_image","twitter:title":"Pek\u00edn construir\u00e1 una red de ventilaci\u00f3n para dispersar la contaminaci\u00f3n - El Digital de Asturias","twitter:description":"Las autoridades de Pek\u00edn est\u00e1n preparando la construcci\u00f3n de una red de ventilaci\u00f3n para facilitar la circulaci\u00f3n del aire y dispersar as\u00ed la contaminaci\u00f3n. El dise\u00f1o cuenta con cinco corredores principales de ventilaci\u00f3n de 500 metros de ancho y una red de corredores m\u00e1s estrechos, de unos 80 metros. El subdirector del Comit\u00e9 de Planificaci\u00f3n","twitter:image":"https:\/\/www.eldigitaldeasturias.com\/noticias\/wp-content\/uploads\/2016\/02\/fotonoticia_20160221214834_800.jpg","twitter:label1":"Escrito por","twitter:data1":"El Digital de Asturias","twitter:label2":"Tiempo de lectura estimado","twitter:data2":"1 minuto"},"aioseo_meta_data":{"post_id":"860844","title":null,"description":null,"keywords":null,"keyphrases":null,"primary_term":null,"canonical_url":null,"og_title":null,"og_description":null,"og_object_type":"default","og_image_type":"default","og_image_url":null,"og_image_width":null,"og_image_height":null,"og_image_custom_url":null,"og_image_custom_fields":null,"og_video":null,"og_custom_url":null,"og_article_section":null,"og_article_tags":null,"twitter_use_og":false,"twitter_card":"default","twitter_image_type":"default","twitter_image_url":null,"twitter_image_custom_url":null,"twitter_image_custom_fields":null,"twitter_title":null,"twitter_description":null,"schema":{"blockGraphs":[],"customGraphs":[],"default":{"data":{"Article":[],"Course":[],"Dataset":[],"FAQPage":[],"Movie":[],"Person":[],"Product":[],"ProductReview":[],"Car":[],"Recipe":[],"Service":[],"SoftwareApplication":[],"WebPage":[]},"graphName":"","isEnabled":true},"graphs":[],"defaultGraph":"","defaultPostTypeGraph":""},"schema_type":null,"schema_type_options":null,"pillar_content":false,"robots_default":true,"robots_noindex":false,"robots_noarchive":false,"robots_nosnippet":false,"robots_nofollow":false,"robots_noimageindex":false,"robots_noodp":false,"robots_notranslate":false,"robots_max_snippet":null,"robots_max_videopreview":null,"robots_max_imagepreview":"large","priority":null,"frequency":null,"local_seo":null,"seo_analyzer_scan_date":"2025-12-10 19:16:14","breadcrumb_settings":null,"limit_modified_date":false,"open_ai":null,"ai":null,"created":"2021-01-23 14:57:19","updated":"2025-12-10 19:16:14"},"aioseo_breadcrumb":"<div class=\"aioseo-breadcrumbs\"><span class=\"aioseo-breadcrumb\">\n\t<a href=\"https:\/\/www.eldigitaldeasturias.com\/noticias\" title=\"Home\">Home<\/a>\n<\/span><span class=\"aioseo-breadcrumb-separator\">\u2013<\/span><span class=\"aioseo-breadcrumb\">\n\t<a href=\"https:\/\/www.eldigitaldeasturias.com\/noticias\/category\/sociedad\/\" title=\"Sociedad\">Sociedad<\/a>\n<\/span><span class=\"aioseo-breadcrumb-separator\">\u2013<\/span><span class=\"aioseo-breadcrumb\">\n\t<a href=\"https:\/\/www.eldigitaldeasturias.com\/noticias\/pekin-construira-una-red-de-ventilacion-para-dispersar-la-contaminacion\/\" title=\"Pek\u00edn construir\u00e1 una red de ventilaci\u00f3n para dispersar la contaminaci\u00f3n\">Pek\u00edn construir\u00e1 una red de ventilaci\u00f3n para dispersar la contaminaci\u00f3n<\/a>\n<\/span><\/div>","aioseo_breadcrumb_json":[{"label":"Home","link":"https:\/\/www.eldigitaldeasturias.com\/noticias"},{"label":"Sociedad","link":"https:\/\/www.eldigitaldeasturias.com\/noticias\/category\/sociedad\/"},{"label":"Pek\u00edn construir\u00e1 una red de ventilaci\u00f3n para dispersar la contaminaci\u00f3n","link":"https:\/\/www.eldigitaldeasturias.com\/noticias\/pekin-construira-una-red-de-ventilacion-para-dispersar-la-contaminacion\/"}],"_links":{"self":[{"href":"https:\/\/www.eldigitaldeasturias.com\/noticias\/wp-json\/wp\/v2\/posts\/860844","targetHints":{"allow":["GET"]}}],"collection":[{"href":"https:\/\/www.eldigitaldeasturias.com\/noticias\/wp-json\/wp\/v2\/posts"}],"about":[{"href":"https:\/\/www.eldigitaldeasturias.com\/noticias\/wp-json\/wp\/v2\/types\/post"}],"author":[{"embeddable":true,"href":"https:\/\/www.eldigitaldeasturias.com\/noticias\/wp-json\/wp\/v2\/users\/1"}],"replies":[{"embeddable":true,"href":"https:\/\/www.eldigitaldeasturias.com\/noticias\/wp-json\/wp\/v2\/comments?post=860844"}],"version-history":[{"count":0,"href":"https:\/\/www.eldigitaldeasturias.com\/noticias\/wp-json\/wp\/v2\/posts\/860844\/revisions"}],"wp:featuredmedia":[{"embeddable":true,"href":"https:\/\/www.eldigitaldeasturias.com\/noticias\/wp-json\/wp\/v2\/media\/860845"}],"wp:attachment":[{"href":"https:\/\/www.eldigitaldeasturias.com\/noticias\/wp-json\/wp\/v2\/media?parent=860844"}],"wp:term":[{"taxonomy":"category","embeddable":true,"href":"https:\/\/www.eldigitaldeasturias.com\/noticias\/wp-json\/wp\/v2\/categories?post=860844"},{"taxonomy":"post_tag","embeddable":true,"href":"https:\/\/www.eldigitaldeasturias.com\/noticias\/wp-json\/wp\/v2\/tags?post=860844"}],"curies":[{"name":"wp","href":"https:\/\/api.w.org\/{rel}","templated":true}]}}