{"id":859950,"date":"2016-02-19T02:18:34","date_gmt":"2016-02-19T02:18:34","guid":{"rendered":"http:\/\/www.eldigitaldeasturias.com\/noticias\/?p=859950"},"modified":"2016-02-19T02:18:34","modified_gmt":"2016-02-19T02:18:34","slug":"cordoba-se-promociona-en-el-mercado-aleman","status":"publish","type":"post","link":"https:\/\/www.eldigitaldeasturias.com\/noticias\/cordoba-se-promociona-en-el-mercado-aleman\/","title":{"rendered":"C\u00f3rdoba se promociona en el mercado alem\u00e1n"},"content":{"rendered":"<p><img loading=\"lazy\" decoding=\"async\" class=\"alignleft size-medium wp-image-859951\" src=\"https:\/\/www.eldigitaldeasturias.com\/noticias\/wp-content\/uploads\/2016\/02\/fotonoticia_20160218122958_800-180x320.jpg\" alt=\"fotonoticia_20160218122958_800\" width=\"180\" height=\"320\" srcset=\"https:\/\/www.eldigitaldeasturias.com\/noticias\/wp-content\/uploads\/2016\/02\/fotonoticia_20160218122958_800-180x320.jpg 180w, https:\/\/www.eldigitaldeasturias.com\/noticias\/wp-content\/uploads\/2016\/02\/fotonoticia_20160218122958_800-768x1365.jpg 768w, https:\/\/www.eldigitaldeasturias.com\/noticias\/wp-content\/uploads\/2016\/02\/fotonoticia_20160218122958_800-366x650.jpg 366w, https:\/\/www.eldigitaldeasturias.com\/noticias\/wp-content\/uploads\/2016\/02\/fotonoticia_20160218122958_800.jpg 800w\" sizes=\"auto, (max-width: 180px) 100vw, 180px\" \/>El primer teniente de alcalde y delegado Turismo del Ayuntamiento de C\u00f3rdoba, Pedro Garc\u00eda, ha informado este jueves que, desde este mi\u00e9rcoles y hasta el domingo, C\u00f3rdoba estar\u00e1 presente, junto con el resto de Ciudades Patrimonio de la Humanidad, en la Feria Reisen de Hamburgo.<\/p>\n<p>En este sentido, Garc\u00eda ha destacado en un comunicado \u00abla trascendencia\u00bb que tiene para la ciudad el estar presente en \u00abla feria tur\u00edstica m\u00e1s importante del Norte de Alemania\u00bb, ya que \u00abreforzamos y potenciamos\u00bb la imagen de C\u00f3rdoba como \u00abdestino tur\u00edstico de calidad y ligado a la cultura y el patrimonio\u00bb.<\/p>\n<p>El Grupo de Ciudades Patrimonio de la Humanidad de Espa\u00f1a est\u00e1 presente en la feria con un mostrador propio dentro del stand de Turespa\u00f1a y, entre otras acciones, participar\u00e1 en un desayuno de trabajo para touroperadores de la regi\u00f3n, organizado por la Oficina Espa\u00f1ola de Turismo de Berl\u00edn.<\/p>\n<p>Las Ciudades Patrimonio de la Humanidad, tras su reciente presencia en las ferias de Utrecht (Pa\u00edses Bajos) y Bruselas (B\u00e9lgica), contin\u00faan su promoci\u00f3n en el Norte de Europa, de acuerdo al Plan Operativo 2016, aprobado por la Asamblea de Alcaldes el pasado 22 de enero en Fitur.<\/p>\n<p>La Feria Reisen (www.reisenhamburg.de) tiene lugar en el Hamburg Messe und Congress de Hamburgo y se espera que sea visitada por unas 70.000 personas, que podr\u00e1n conocer de primera mano, a trav\u00e9s de los 900 expositores de todo el mundo presentes, productos y destinos agrupados en las siguientes \u00e1reas: vacaciones, caravanas, camping y turismo activo. En el marco de la feria se celebran tambi\u00e9n numerosos espect\u00e1culos, conferencias sobre viajes, presentaciones de productos y eventos informativos sobre nuevos destinos de viaje<\/p>\n<p>EL MERCADO EMISOR ALEM\u00c1N<\/p>\n<p>Con m\u00e1s de 80 millones de habitantes y una elevada renta per c\u00e1pita, Alemania es uno de los mercados emisores de turistas m\u00e1s importantes del mundo. Seg\u00fan los datos de Trontur\/Egatur (Turespa\u00f1a), en 2014 un total de 10,4 millones de turistas alemanes visitaron Espa\u00f1a, un 5,7% m\u00e1s que en 2013. Estos supusieron el 16% del total de turistas recibidos, por detr\u00e1s de Reino Unido y a muy poca distancia de Francia.<\/p>\n<p>En gasto, con 10.024 millones de euros, un 3% m\u00e1s que en 2013, Alemania se situ\u00f3 en el segundo puesto del ranking, aportando un 15,9% del gasto total, solo por detr\u00e1s de Reino Unido. Aunque desde marzo de 2015 este mercado parece presentar s\u00edntomas de cansancio, la coyuntura econ\u00f3mica se mantiene positiva y los alemanes mantienen los viajes vacacionales como principales prioridades del consumo, y las previsiones de capacidad a\u00e9rea para los pr\u00f3ximos tres meses muestran un considerable crecimiento.<\/p>\n<p>El Grupo de Ciudades Patrimonio de la Humanidad de Espa\u00f1a es una asociaci\u00f3n sin \u00e1nimo de lucro creada en el a\u00f1o 1993 cuyo objetivo es actuar de manera conjunta en la defensa y la promoci\u00f3n cultural y tur\u00edstica del excepcional patrimonio de las 15 ciudades que lo componen, cuyos cascos hist\u00f3ricos han sido reconocidos por la Unesco como Patrimonio de la Humanidad: Alcal\u00e1 de Henares, \u00c1vila, Baeza, C\u00e1ceres, C\u00f3rdoba, Cuenca, Ibiza\/Eivissa, M\u00e9rida, Salamanca, San Crist\u00f3bal de la Laguna, Santiago de Compostela, Segovia, Tarragona, Toledo y \u00dabeda.<\/p>\n","protected":false},"excerpt":{"rendered":"<p>El primer teniente de alcalde y delegado Turismo del Ayuntamiento de C\u00f3rdoba, Pedro Garc\u00eda, ha informado este jueves que, desde este mi\u00e9rcoles y hasta el domingo, C\u00f3rdoba estar\u00e1 presente, junto con el resto de Ciudades Patrimonio de la Humanidad, en la Feria Reisen de Hamburgo. En este sentido, Garc\u00eda ha destacado en un comunicado \u00abla [&hellip;]<\/p>\n","protected":false},"author":1,"featured_media":859951,"comment_status":"closed","ping_status":"closed","sticky":false,"template":"","format":"standard","meta":{"footnotes":""},"categories":[148],"tags":[],"class_list":["post-859950","post","type-post","status-publish","format-standard","has-post-thumbnail","hentry","category-turismo"],"aioseo_notices":[],"aioseo_head":"\n\t\t<!-- All in One SEO Pro 4.9.6.2 - aioseo.com -->\n\t<meta name=\"description\" content=\"El primer teniente de alcalde y delegado Turismo del Ayuntamiento de C\u00f3rdoba, Pedro Garc\u00eda, ha informado este jueves que, desde este mi\u00e9rcoles y hasta el domingo, C\u00f3rdoba estar\u00e1 presente, junto con el resto de Ciudades Patrimonio de la Humanidad, en la Feria Reisen de Hamburgo. En este sentido, Garc\u00eda ha destacado en un comunicado &quot;la\" \/>\n\t<meta name=\"robots\" content=\"max-image-preview:large\" \/>\n\t<meta name=\"author\" content=\"El Digital de Asturias\"\/>\n\t<meta name=\"google-site-verification\" content=\"UA-38556648-1\" \/>\n\t<meta name=\"msvalidate.01\" content=\"7dfe9f3f1b24437ab69f4f2559babe99\" \/>\n\t<meta name=\"keywords\" content=\"turismo\" \/>\n\t<link rel=\"canonical\" href=\"https:\/\/www.eldigitaldeasturias.com\/noticias\/cordoba-se-promociona-en-el-mercado-aleman\/\" \/>\n\t<meta name=\"generator\" content=\"All in One SEO Pro (AIOSEO) 4.9.6.2\" \/>\n\t\t<meta property=\"og:locale\" content=\"es_ES\" \/>\n\t\t<meta property=\"og:site_name\" content=\"El Digital de Asturias\" \/>\n\t\t<meta property=\"og:type\" content=\"article\" \/>\n\t\t<meta property=\"og:title\" content=\"C\u00f3rdoba se promociona en el mercado alem\u00e1n - El Digital de Asturias\" \/>\n\t\t<meta property=\"og:description\" content=\"El primer teniente de alcalde y delegado Turismo del Ayuntamiento de C\u00f3rdoba, Pedro Garc\u00eda, ha informado este jueves que, desde este mi\u00e9rcoles y hasta el domingo, C\u00f3rdoba estar\u00e1 presente, junto con el resto de Ciudades Patrimonio de la Humanidad, en la Feria Reisen de Hamburgo. En este sentido, Garc\u00eda ha destacado en un comunicado &quot;la\" \/>\n\t\t<meta property=\"og:url\" content=\"https:\/\/www.eldigitaldeasturias.com\/noticias\/cordoba-se-promociona-en-el-mercado-aleman\/\" \/>\n\t\t<meta property=\"og:image\" content=\"https:\/\/www.eldigitaldeasturias.com\/noticias\/wp-content\/uploads\/2016\/02\/fotonoticia_20160218122958_800.jpg\" \/>\n\t\t<meta property=\"og:image:secure_url\" content=\"https:\/\/www.eldigitaldeasturias.com\/noticias\/wp-content\/uploads\/2016\/02\/fotonoticia_20160218122958_800.jpg\" \/>\n\t\t<meta property=\"og:image:width\" content=\"800\" \/>\n\t\t<meta property=\"og:image:height\" content=\"1422\" \/>\n\t\t<meta property=\"article:tag\" content=\"turismo\" \/>\n\t\t<meta property=\"article:published_time\" content=\"2016-02-19T02:18:34+00:00\" \/>\n\t\t<meta property=\"article:modified_time\" content=\"2016-02-19T02:18:34+00:00\" \/>\n\t\t<meta property=\"article:publisher\" content=\"https:\/\/facebook.com\/eldigitaldeasturias\" \/>\n\t\t<meta name=\"twitter:card\" content=\"summary_large_image\" \/>\n\t\t<meta name=\"twitter:title\" content=\"C\u00f3rdoba se promociona en el mercado alem\u00e1n - El Digital de Asturias\" \/>\n\t\t<meta name=\"twitter:description\" content=\"El primer teniente de alcalde y delegado Turismo del Ayuntamiento de C\u00f3rdoba, Pedro Garc\u00eda, ha informado este jueves que, desde este mi\u00e9rcoles y hasta el domingo, C\u00f3rdoba estar\u00e1 presente, junto con el resto de Ciudades Patrimonio de la Humanidad, en la Feria Reisen de Hamburgo. En este sentido, Garc\u00eda ha destacado en un comunicado &quot;la\" \/>\n\t\t<meta name=\"twitter:image\" content=\"https:\/\/www.eldigitaldeasturias.com\/noticias\/wp-content\/uploads\/2016\/02\/fotonoticia_20160218122958_800.jpg\" \/>\n\t\t<meta name=\"twitter:label1\" content=\"Escrito por\" \/>\n\t\t<meta name=\"twitter:data1\" content=\"El Digital de Asturias\" \/>\n\t\t<meta name=\"twitter:label2\" content=\"Tiempo de lectura estimado\" \/>\n\t\t<meta name=\"twitter:data2\" content=\"3 minutos\" \/>\n\t\t<script type=\"application\/ld+json\" class=\"aioseo-schema\">\n\t\t\t{\"@context\":\"https:\\\/\\\/schema.org\",\"@graph\":[{\"@type\":\"BlogPosting\",\"@id\":\"https:\\\/\\\/www.eldigitaldeasturias.com\\\/noticias\\\/cordoba-se-promociona-en-el-mercado-aleman\\\/#blogposting\",\"name\":\"C\\u00f3rdoba se promociona en el mercado alem\\u00e1n - El Digital de Asturias\",\"headline\":\"C\\u00f3rdoba se promociona en el mercado alem\\u00e1n\",\"author\":{\"@id\":\"https:\\\/\\\/www.eldigitaldeasturias.com\\\/noticias\\\/author\\\/admin\\\/#author\"},\"publisher\":{\"@id\":\"https:\\\/\\\/www.eldigitaldeasturias.com\\\/noticias\\\/#organization\"},\"image\":{\"@type\":\"ImageObject\",\"url\":\"https:\\\/\\\/www.eldigitaldeasturias.com\\\/noticias\\\/wp-content\\\/uploads\\\/2016\\\/02\\\/fotonoticia_20160218122958_800.jpg\",\"width\":800,\"height\":1422},\"datePublished\":\"2016-02-19T02:18:34+01:00\",\"dateModified\":\"2016-02-19T02:18:34+01:00\",\"inLanguage\":\"es-ES\",\"mainEntityOfPage\":{\"@id\":\"https:\\\/\\\/www.eldigitaldeasturias.com\\\/noticias\\\/cordoba-se-promociona-en-el-mercado-aleman\\\/#webpage\"},\"isPartOf\":{\"@id\":\"https:\\\/\\\/www.eldigitaldeasturias.com\\\/noticias\\\/cordoba-se-promociona-en-el-mercado-aleman\\\/#webpage\"},\"articleSection\":\"Turismo\"},{\"@type\":\"BreadcrumbList\",\"@id\":\"https:\\\/\\\/www.eldigitaldeasturias.com\\\/noticias\\\/cordoba-se-promociona-en-el-mercado-aleman\\\/#breadcrumblist\",\"itemListElement\":[{\"@type\":\"ListItem\",\"@id\":\"https:\\\/\\\/www.eldigitaldeasturias.com\\\/noticias#listItem\",\"position\":1,\"name\":\"Home\",\"item\":\"https:\\\/\\\/www.eldigitaldeasturias.com\\\/noticias\",\"nextItem\":{\"@type\":\"ListItem\",\"@id\":\"https:\\\/\\\/www.eldigitaldeasturias.com\\\/noticias\\\/category\\\/turismo\\\/#listItem\",\"name\":\"Turismo\"}},{\"@type\":\"ListItem\",\"@id\":\"https:\\\/\\\/www.eldigitaldeasturias.com\\\/noticias\\\/category\\\/turismo\\\/#listItem\",\"position\":2,\"name\":\"Turismo\",\"item\":\"https:\\\/\\\/www.eldigitaldeasturias.com\\\/noticias\\\/category\\\/turismo\\\/\",\"nextItem\":{\"@type\":\"ListItem\",\"@id\":\"https:\\\/\\\/www.eldigitaldeasturias.com\\\/noticias\\\/cordoba-se-promociona-en-el-mercado-aleman\\\/#listItem\",\"name\":\"C\\u00f3rdoba se promociona en el mercado alem\\u00e1n\"},\"previousItem\":{\"@type\":\"ListItem\",\"@id\":\"https:\\\/\\\/www.eldigitaldeasturias.com\\\/noticias#listItem\",\"name\":\"Home\"}},{\"@type\":\"ListItem\",\"@id\":\"https:\\\/\\\/www.eldigitaldeasturias.com\\\/noticias\\\/cordoba-se-promociona-en-el-mercado-aleman\\\/#listItem\",\"position\":3,\"name\":\"C\\u00f3rdoba se promociona en el mercado alem\\u00e1n\",\"previousItem\":{\"@type\":\"ListItem\",\"@id\":\"https:\\\/\\\/www.eldigitaldeasturias.com\\\/noticias\\\/category\\\/turismo\\\/#listItem\",\"name\":\"Turismo\"}}]},{\"@type\":\"Organization\",\"@id\":\"https:\\\/\\\/www.eldigitaldeasturias.com\\\/noticias\\\/#organization\",\"name\":\"El Digital de Asturias\",\"description\":\"Hemeroteca\",\"url\":\"https:\\\/\\\/www.eldigitaldeasturias.com\\\/noticias\\\/\",\"email\":\"info@eldigitaldeasturias.com\",\"telephone\":\"+34652131393\",\"logo\":{\"@type\":\"ImageObject\",\"url\":\"https:\\\/\\\/www.eldigitaldeasturias.com\\\/noticias\\\/wp-content\\\/uploads\\\/2020\\\/12\\\/EDA.jpg\",\"@id\":\"https:\\\/\\\/www.eldigitaldeasturias.com\\\/noticias\\\/cordoba-se-promociona-en-el-mercado-aleman\\\/#organizationLogo\",\"width\":649,\"height\":297},\"image\":{\"@id\":\"https:\\\/\\\/www.eldigitaldeasturias.com\\\/noticias\\\/cordoba-se-promociona-en-el-mercado-aleman\\\/#organizationLogo\"},\"sameAs\":[\"https:\\\/\\\/facebook.com\\\/eldigitaldeasturias\",\"https:\\\/\\\/www.youtube.com\\\/channel\\\/UCZP-2wLEB9Rv6erhFmqVnvg\"],\"address\":{\"@id\":\"https:\\\/\\\/www.eldigitaldeasturias.com\\\/noticias\\\/#postaladdress\",\"@type\":\"PostalAddress\",\"streetAddress\":\"san antonio 4,\",\"postalCode\":\"33430\",\"addressLocality\":\"Cand\\u00e1s\",\"addressRegion\":\"Asturias\",\"addressCountry\":\"ES\"}},{\"@type\":\"Person\",\"@id\":\"https:\\\/\\\/www.eldigitaldeasturias.com\\\/noticias\\\/author\\\/admin\\\/#author\",\"url\":\"https:\\\/\\\/www.eldigitaldeasturias.com\\\/noticias\\\/author\\\/admin\\\/\",\"name\":\"El Digital de Asturias\",\"image\":{\"@type\":\"ImageObject\",\"@id\":\"https:\\\/\\\/www.eldigitaldeasturias.com\\\/noticias\\\/cordoba-se-promociona-en-el-mercado-aleman\\\/#authorImage\",\"url\":\"https:\\\/\\\/www.eldigitaldeasturias.com\\\/noticias\\\/wp-content\\\/litespeed\\\/avatar\\\/18677e78aa0546b92d9dbf31ec7d7668.jpg?ver=1777290358\",\"width\":96,\"height\":96,\"caption\":\"El Digital de Asturias\"}},{\"@type\":\"WebPage\",\"@id\":\"https:\\\/\\\/www.eldigitaldeasturias.com\\\/noticias\\\/cordoba-se-promociona-en-el-mercado-aleman\\\/#webpage\",\"url\":\"https:\\\/\\\/www.eldigitaldeasturias.com\\\/noticias\\\/cordoba-se-promociona-en-el-mercado-aleman\\\/\",\"name\":\"C\\u00f3rdoba se promociona en el mercado alem\\u00e1n - El Digital de Asturias\",\"description\":\"El primer teniente de alcalde y delegado Turismo del Ayuntamiento de C\\u00f3rdoba, Pedro Garc\\u00eda, ha informado este jueves que, desde este mi\\u00e9rcoles y hasta el domingo, C\\u00f3rdoba estar\\u00e1 presente, junto con el resto de Ciudades Patrimonio de la Humanidad, en la Feria Reisen de Hamburgo. En este sentido, Garc\\u00eda ha destacado en un comunicado \\\"la\",\"inLanguage\":\"es-ES\",\"isPartOf\":{\"@id\":\"https:\\\/\\\/www.eldigitaldeasturias.com\\\/noticias\\\/#website\"},\"breadcrumb\":{\"@id\":\"https:\\\/\\\/www.eldigitaldeasturias.com\\\/noticias\\\/cordoba-se-promociona-en-el-mercado-aleman\\\/#breadcrumblist\"},\"author\":{\"@id\":\"https:\\\/\\\/www.eldigitaldeasturias.com\\\/noticias\\\/author\\\/admin\\\/#author\"},\"creator\":{\"@id\":\"https:\\\/\\\/www.eldigitaldeasturias.com\\\/noticias\\\/author\\\/admin\\\/#author\"},\"image\":{\"@type\":\"ImageObject\",\"url\":\"https:\\\/\\\/www.eldigitaldeasturias.com\\\/noticias\\\/wp-content\\\/uploads\\\/2016\\\/02\\\/fotonoticia_20160218122958_800.jpg\",\"@id\":\"https:\\\/\\\/www.eldigitaldeasturias.com\\\/noticias\\\/cordoba-se-promociona-en-el-mercado-aleman\\\/#mainImage\",\"width\":800,\"height\":1422},\"primaryImageOfPage\":{\"@id\":\"https:\\\/\\\/www.eldigitaldeasturias.com\\\/noticias\\\/cordoba-se-promociona-en-el-mercado-aleman\\\/#mainImage\"},\"datePublished\":\"2016-02-19T02:18:34+01:00\",\"dateModified\":\"2016-02-19T02:18:34+01:00\"},{\"@type\":\"WebSite\",\"@id\":\"https:\\\/\\\/www.eldigitaldeasturias.com\\\/noticias\\\/#website\",\"url\":\"https:\\\/\\\/www.eldigitaldeasturias.com\\\/noticias\\\/\",\"name\":\"El Digital de Asturias - Diario de actualidad y noticias\",\"alternateName\":\"El Digital de Asturias - Diario de actualidad y noticias\",\"description\":\"Hemeroteca\",\"inLanguage\":\"es-ES\",\"publisher\":{\"@id\":\"https:\\\/\\\/www.eldigitaldeasturias.com\\\/noticias\\\/#organization\"}}]}\n\t\t<\/script>\n\t\t<!-- All in One SEO Pro -->\r\n\t\t<title>C\u00f3rdoba se promociona en el mercado alem\u00e1n - El Digital de Asturias<\/title>\n\n","aioseo_head_json":{"title":"C\u00f3rdoba se promociona en el mercado alem\u00e1n - El Digital de Asturias","description":"El primer teniente de alcalde y delegado Turismo del Ayuntamiento de C\u00f3rdoba, Pedro Garc\u00eda, ha informado este jueves que, desde este mi\u00e9rcoles y hasta el domingo, C\u00f3rdoba estar\u00e1 presente, junto con el resto de Ciudades Patrimonio de la Humanidad, en la Feria Reisen de Hamburgo. En este sentido, Garc\u00eda ha destacado en un comunicado \"la","canonical_url":"https:\/\/www.eldigitaldeasturias.com\/noticias\/cordoba-se-promociona-en-el-mercado-aleman\/","robots":"max-image-preview:large","keywords":"turismo","webmasterTools":{"google-site-verification":"UA-38556648-1","msvalidate.01":"7dfe9f3f1b24437ab69f4f2559babe99","miscellaneous":""},"schema":{"@context":"https:\/\/schema.org","@graph":[{"@type":"BlogPosting","@id":"https:\/\/www.eldigitaldeasturias.com\/noticias\/cordoba-se-promociona-en-el-mercado-aleman\/#blogposting","name":"C\u00f3rdoba se promociona en el mercado alem\u00e1n - El Digital de Asturias","headline":"C\u00f3rdoba se promociona en el mercado alem\u00e1n","author":{"@id":"https:\/\/www.eldigitaldeasturias.com\/noticias\/author\/admin\/#author"},"publisher":{"@id":"https:\/\/www.eldigitaldeasturias.com\/noticias\/#organization"},"image":{"@type":"ImageObject","url":"https:\/\/www.eldigitaldeasturias.com\/noticias\/wp-content\/uploads\/2016\/02\/fotonoticia_20160218122958_800.jpg","width":800,"height":1422},"datePublished":"2016-02-19T02:18:34+01:00","dateModified":"2016-02-19T02:18:34+01:00","inLanguage":"es-ES","mainEntityOfPage":{"@id":"https:\/\/www.eldigitaldeasturias.com\/noticias\/cordoba-se-promociona-en-el-mercado-aleman\/#webpage"},"isPartOf":{"@id":"https:\/\/www.eldigitaldeasturias.com\/noticias\/cordoba-se-promociona-en-el-mercado-aleman\/#webpage"},"articleSection":"Turismo"},{"@type":"BreadcrumbList","@id":"https:\/\/www.eldigitaldeasturias.com\/noticias\/cordoba-se-promociona-en-el-mercado-aleman\/#breadcrumblist","itemListElement":[{"@type":"ListItem","@id":"https:\/\/www.eldigitaldeasturias.com\/noticias#listItem","position":1,"name":"Home","item":"https:\/\/www.eldigitaldeasturias.com\/noticias","nextItem":{"@type":"ListItem","@id":"https:\/\/www.eldigitaldeasturias.com\/noticias\/category\/turismo\/#listItem","name":"Turismo"}},{"@type":"ListItem","@id":"https:\/\/www.eldigitaldeasturias.com\/noticias\/category\/turismo\/#listItem","position":2,"name":"Turismo","item":"https:\/\/www.eldigitaldeasturias.com\/noticias\/category\/turismo\/","nextItem":{"@type":"ListItem","@id":"https:\/\/www.eldigitaldeasturias.com\/noticias\/cordoba-se-promociona-en-el-mercado-aleman\/#listItem","name":"C\u00f3rdoba se promociona en el mercado alem\u00e1n"},"previousItem":{"@type":"ListItem","@id":"https:\/\/www.eldigitaldeasturias.com\/noticias#listItem","name":"Home"}},{"@type":"ListItem","@id":"https:\/\/www.eldigitaldeasturias.com\/noticias\/cordoba-se-promociona-en-el-mercado-aleman\/#listItem","position":3,"name":"C\u00f3rdoba se promociona en el mercado alem\u00e1n","previousItem":{"@type":"ListItem","@id":"https:\/\/www.eldigitaldeasturias.com\/noticias\/category\/turismo\/#listItem","name":"Turismo"}}]},{"@type":"Organization","@id":"https:\/\/www.eldigitaldeasturias.com\/noticias\/#organization","name":"El Digital de Asturias","description":"Hemeroteca","url":"https:\/\/www.eldigitaldeasturias.com\/noticias\/","email":"info@eldigitaldeasturias.com","telephone":"+34652131393","logo":{"@type":"ImageObject","url":"https:\/\/www.eldigitaldeasturias.com\/noticias\/wp-content\/uploads\/2020\/12\/EDA.jpg","@id":"https:\/\/www.eldigitaldeasturias.com\/noticias\/cordoba-se-promociona-en-el-mercado-aleman\/#organizationLogo","width":649,"height":297},"image":{"@id":"https:\/\/www.eldigitaldeasturias.com\/noticias\/cordoba-se-promociona-en-el-mercado-aleman\/#organizationLogo"},"sameAs":["https:\/\/facebook.com\/eldigitaldeasturias","https:\/\/www.youtube.com\/channel\/UCZP-2wLEB9Rv6erhFmqVnvg"],"address":{"@id":"https:\/\/www.eldigitaldeasturias.com\/noticias\/#postaladdress","@type":"PostalAddress","streetAddress":"san antonio 4,","postalCode":"33430","addressLocality":"Cand\u00e1s","addressRegion":"Asturias","addressCountry":"ES"}},{"@type":"Person","@id":"https:\/\/www.eldigitaldeasturias.com\/noticias\/author\/admin\/#author","url":"https:\/\/www.eldigitaldeasturias.com\/noticias\/author\/admin\/","name":"El Digital de Asturias","image":{"@type":"ImageObject","@id":"https:\/\/www.eldigitaldeasturias.com\/noticias\/cordoba-se-promociona-en-el-mercado-aleman\/#authorImage","url":"https:\/\/www.eldigitaldeasturias.com\/noticias\/wp-content\/litespeed\/avatar\/18677e78aa0546b92d9dbf31ec7d7668.jpg?ver=1777290358","width":96,"height":96,"caption":"El Digital de Asturias"}},{"@type":"WebPage","@id":"https:\/\/www.eldigitaldeasturias.com\/noticias\/cordoba-se-promociona-en-el-mercado-aleman\/#webpage","url":"https:\/\/www.eldigitaldeasturias.com\/noticias\/cordoba-se-promociona-en-el-mercado-aleman\/","name":"C\u00f3rdoba se promociona en el mercado alem\u00e1n - El Digital de Asturias","description":"El primer teniente de alcalde y delegado Turismo del Ayuntamiento de C\u00f3rdoba, Pedro Garc\u00eda, ha informado este jueves que, desde este mi\u00e9rcoles y hasta el domingo, C\u00f3rdoba estar\u00e1 presente, junto con el resto de Ciudades Patrimonio de la Humanidad, en la Feria Reisen de Hamburgo. En este sentido, Garc\u00eda ha destacado en un comunicado \"la","inLanguage":"es-ES","isPartOf":{"@id":"https:\/\/www.eldigitaldeasturias.com\/noticias\/#website"},"breadcrumb":{"@id":"https:\/\/www.eldigitaldeasturias.com\/noticias\/cordoba-se-promociona-en-el-mercado-aleman\/#breadcrumblist"},"author":{"@id":"https:\/\/www.eldigitaldeasturias.com\/noticias\/author\/admin\/#author"},"creator":{"@id":"https:\/\/www.eldigitaldeasturias.com\/noticias\/author\/admin\/#author"},"image":{"@type":"ImageObject","url":"https:\/\/www.eldigitaldeasturias.com\/noticias\/wp-content\/uploads\/2016\/02\/fotonoticia_20160218122958_800.jpg","@id":"https:\/\/www.eldigitaldeasturias.com\/noticias\/cordoba-se-promociona-en-el-mercado-aleman\/#mainImage","width":800,"height":1422},"primaryImageOfPage":{"@id":"https:\/\/www.eldigitaldeasturias.com\/noticias\/cordoba-se-promociona-en-el-mercado-aleman\/#mainImage"},"datePublished":"2016-02-19T02:18:34+01:00","dateModified":"2016-02-19T02:18:34+01:00"},{"@type":"WebSite","@id":"https:\/\/www.eldigitaldeasturias.com\/noticias\/#website","url":"https:\/\/www.eldigitaldeasturias.com\/noticias\/","name":"El Digital de Asturias - Diario de actualidad y noticias","alternateName":"El Digital de Asturias - Diario de actualidad y noticias","description":"Hemeroteca","inLanguage":"es-ES","publisher":{"@id":"https:\/\/www.eldigitaldeasturias.com\/noticias\/#organization"}}]},"og:locale":"es_ES","og:site_name":"El Digital de Asturias","og:type":"article","og:title":"C\u00f3rdoba se promociona en el mercado alem\u00e1n - El Digital de Asturias","og:description":"El primer teniente de alcalde y delegado Turismo del Ayuntamiento de C\u00f3rdoba, Pedro Garc\u00eda, ha informado este jueves que, desde este mi\u00e9rcoles y hasta el domingo, C\u00f3rdoba estar\u00e1 presente, junto con el resto de Ciudades Patrimonio de la Humanidad, en la Feria Reisen de Hamburgo. En este sentido, Garc\u00eda ha destacado en un comunicado &quot;la","og:url":"https:\/\/www.eldigitaldeasturias.com\/noticias\/cordoba-se-promociona-en-el-mercado-aleman\/","og:image":"https:\/\/www.eldigitaldeasturias.com\/noticias\/wp-content\/uploads\/2016\/02\/fotonoticia_20160218122958_800.jpg","og:image:secure_url":"https:\/\/www.eldigitaldeasturias.com\/noticias\/wp-content\/uploads\/2016\/02\/fotonoticia_20160218122958_800.jpg","og:image:width":800,"og:image:height":1422,"article:tag":["turismo"],"article:published_time":"2016-02-19T02:18:34+00:00","article:modified_time":"2016-02-19T02:18:34+00:00","article:publisher":"https:\/\/facebook.com\/eldigitaldeasturias","twitter:card":"summary_large_image","twitter:title":"C\u00f3rdoba se promociona en el mercado alem\u00e1n - El Digital de Asturias","twitter:description":"El primer teniente de alcalde y delegado Turismo del Ayuntamiento de C\u00f3rdoba, Pedro Garc\u00eda, ha informado este jueves que, desde este mi\u00e9rcoles y hasta el domingo, C\u00f3rdoba estar\u00e1 presente, junto con el resto de Ciudades Patrimonio de la Humanidad, en la Feria Reisen de Hamburgo. En este sentido, Garc\u00eda ha destacado en un comunicado &quot;la","twitter:image":"https:\/\/www.eldigitaldeasturias.com\/noticias\/wp-content\/uploads\/2016\/02\/fotonoticia_20160218122958_800.jpg","twitter:label1":"Escrito por","twitter:data1":"El Digital de Asturias","twitter:label2":"Tiempo de lectura estimado","twitter:data2":"3 minutos"},"aioseo_meta_data":{"post_id":"859950","title":null,"description":null,"keywords":null,"keyphrases":null,"primary_term":null,"canonical_url":null,"og_title":null,"og_description":null,"og_object_type":"default","og_image_type":"default","og_image_url":null,"og_image_width":null,"og_image_height":null,"og_image_custom_url":null,"og_image_custom_fields":null,"og_video":null,"og_custom_url":null,"og_article_section":null,"og_article_tags":null,"twitter_use_og":false,"twitter_card":"default","twitter_image_type":"default","twitter_image_url":null,"twitter_image_custom_url":null,"twitter_image_custom_fields":null,"twitter_title":null,"twitter_description":null,"schema":{"blockGraphs":[],"customGraphs":[],"default":{"data":{"Article":[],"Course":[],"Dataset":[],"FAQPage":[],"Movie":[],"Person":[],"Product":[],"ProductReview":[],"Car":[],"Recipe":[],"Service":[],"SoftwareApplication":[],"WebPage":[]},"graphName":"","isEnabled":true},"graphs":[],"defaultGraph":"","defaultPostTypeGraph":""},"schema_type":null,"schema_type_options":null,"pillar_content":false,"robots_default":true,"robots_noindex":false,"robots_noarchive":false,"robots_nosnippet":false,"robots_nofollow":false,"robots_noimageindex":false,"robots_noodp":false,"robots_notranslate":false,"robots_max_snippet":null,"robots_max_videopreview":null,"robots_max_imagepreview":"large","priority":null,"frequency":null,"local_seo":null,"seo_analyzer_scan_date":"2025-12-10 16:24:44","breadcrumb_settings":null,"limit_modified_date":false,"open_ai":null,"ai":null,"created":"2020-12-21 14:14:11","updated":"2025-12-10 16:24:44"},"aioseo_breadcrumb":"<div class=\"aioseo-breadcrumbs\"><span class=\"aioseo-breadcrumb\">\n\t<a href=\"https:\/\/www.eldigitaldeasturias.com\/noticias\" title=\"Home\">Home<\/a>\n<\/span><span class=\"aioseo-breadcrumb-separator\">\u2013<\/span><span class=\"aioseo-breadcrumb\">\n\t<a href=\"https:\/\/www.eldigitaldeasturias.com\/noticias\/category\/turismo\/\" title=\"Turismo\">Turismo<\/a>\n<\/span><span class=\"aioseo-breadcrumb-separator\">\u2013<\/span><span class=\"aioseo-breadcrumb\">\n\t<a href=\"https:\/\/www.eldigitaldeasturias.com\/noticias\/cordoba-se-promociona-en-el-mercado-aleman\/\" title=\"C\u00f3rdoba se promociona en el mercado alem\u00e1n\">C\u00f3rdoba se promociona en el mercado alem\u00e1n<\/a>\n<\/span><\/div>","aioseo_breadcrumb_json":[{"label":"Home","link":"https:\/\/www.eldigitaldeasturias.com\/noticias"},{"label":"Turismo","link":"https:\/\/www.eldigitaldeasturias.com\/noticias\/category\/turismo\/"},{"label":"C\u00f3rdoba se promociona en el mercado alem\u00e1n","link":"https:\/\/www.eldigitaldeasturias.com\/noticias\/cordoba-se-promociona-en-el-mercado-aleman\/"}],"_links":{"self":[{"href":"https:\/\/www.eldigitaldeasturias.com\/noticias\/wp-json\/wp\/v2\/posts\/859950","targetHints":{"allow":["GET"]}}],"collection":[{"href":"https:\/\/www.eldigitaldeasturias.com\/noticias\/wp-json\/wp\/v2\/posts"}],"about":[{"href":"https:\/\/www.eldigitaldeasturias.com\/noticias\/wp-json\/wp\/v2\/types\/post"}],"author":[{"embeddable":true,"href":"https:\/\/www.eldigitaldeasturias.com\/noticias\/wp-json\/wp\/v2\/users\/1"}],"replies":[{"embeddable":true,"href":"https:\/\/www.eldigitaldeasturias.com\/noticias\/wp-json\/wp\/v2\/comments?post=859950"}],"version-history":[{"count":0,"href":"https:\/\/www.eldigitaldeasturias.com\/noticias\/wp-json\/wp\/v2\/posts\/859950\/revisions"}],"wp:featuredmedia":[{"embeddable":true,"href":"https:\/\/www.eldigitaldeasturias.com\/noticias\/wp-json\/wp\/v2\/media\/859951"}],"wp:attachment":[{"href":"https:\/\/www.eldigitaldeasturias.com\/noticias\/wp-json\/wp\/v2\/media?parent=859950"}],"wp:term":[{"taxonomy":"category","embeddable":true,"href":"https:\/\/www.eldigitaldeasturias.com\/noticias\/wp-json\/wp\/v2\/categories?post=859950"},{"taxonomy":"post_tag","embeddable":true,"href":"https:\/\/www.eldigitaldeasturias.com\/noticias\/wp-json\/wp\/v2\/tags?post=859950"}],"curies":[{"name":"wp","href":"https:\/\/api.w.org\/{rel}","templated":true}]}}