{"id":859134,"date":"2016-02-17T08:14:58","date_gmt":"2016-02-17T08:14:58","guid":{"rendered":"http:\/\/www.eldigitaldeasturias.com\/noticias\/?p=859134"},"modified":"2016-02-17T08:14:58","modified_gmt":"2016-02-17T08:14:58","slug":"fitur-participara-en-la-feria-vitrina-turistica-anato-de-colombia","status":"publish","type":"post","link":"https:\/\/www.eldigitaldeasturias.com\/noticias\/fitur-participara-en-la-feria-vitrina-turistica-anato-de-colombia\/","title":{"rendered":"Fitur participar\u00e1 en la feria Vitrina Tur\u00edstica ANATO de Colombia"},"content":{"rendered":"<p><img loading=\"lazy\" decoding=\"async\" class=\"alignleft size-medium wp-image-859135\" src=\"https:\/\/www.eldigitaldeasturias.com\/noticias\/wp-content\/uploads\/2016\/02\/fotonoticia_20160216184421_800-360x203.jpg\" alt=\"fotonoticia_20160216184421_800\" width=\"360\" height=\"203\" srcset=\"https:\/\/www.eldigitaldeasturias.com\/noticias\/wp-content\/uploads\/2016\/02\/fotonoticia_20160216184421_800-360x203.jpg 360w, https:\/\/www.eldigitaldeasturias.com\/noticias\/wp-content\/uploads\/2016\/02\/fotonoticia_20160216184421_800-768x432.jpg 768w, https:\/\/www.eldigitaldeasturias.com\/noticias\/wp-content\/uploads\/2016\/02\/fotonoticia_20160216184421_800-650x366.jpg 650w, https:\/\/www.eldigitaldeasturias.com\/noticias\/wp-content\/uploads\/2016\/02\/fotonoticia_20160216184421_800.jpg 800w\" sizes=\"auto, (max-width: 360px) 100vw, 360px\" \/>La Feria Internacional de Turismo Fitur estar\u00e1 presente por primera vez en Vitrina Tur\u00edstica (ANATO), la feria de turismo de Colombia que celebrar\u00e1 su 35\u00aa edici\u00f3n del 24 al 26 de febrero en Bogot\u00e1, ha informado Ifema en un comunicado.<\/p>\n<p>El certamen que organiza la Asociaci\u00f3n Colombiana de Agencias de Viajes y Turismo (ANATO) tiene una \u00abconsolidada trayectoria\u00bb en el calendario de encuentros tur\u00edsticos internacionales de Iberoam\u00e9rica, lo que \u00abrepresenta una oportunidad para Fitur de cara a optimizar la imagen y el peso del certamen en el sector tur\u00edstico del continente\u00bb.<\/p>\n<p>Fitur es la feria internacional \u00abde referencia\u00bb para el mercado iberoamericano con una creciente presencia de representaciones oficiales y empresas. De hecho, en la pasada edici\u00f3n participaron 42 pa\u00edses iberoamerianos.<\/p>\n<p>Fitur ha celebrado su 36\u00aa edici\u00f3n cosechando con los mejores resultados de su historia: 231.872 visitantes, profesionales y p\u00fablico, 9.605 empresas de 165 pa\u00edses.<\/p>\n","protected":false},"excerpt":{"rendered":"<p>La Feria Internacional de Turismo Fitur estar\u00e1 presente por primera vez en Vitrina Tur\u00edstica (ANATO), la feria de turismo de Colombia que celebrar\u00e1 su 35\u00aa edici\u00f3n del 24 al 26 de febrero en Bogot\u00e1, ha informado Ifema en un comunicado. El certamen que organiza la Asociaci\u00f3n Colombiana de Agencias de Viajes y Turismo (ANATO) tiene [&hellip;]<\/p>\n","protected":false},"author":1,"featured_media":859135,"comment_status":"closed","ping_status":"closed","sticky":false,"template":"","format":"standard","meta":{"footnotes":""},"categories":[148],"tags":[],"class_list":["post-859134","post","type-post","status-publish","format-standard","has-post-thumbnail","hentry","category-turismo"],"aioseo_notices":[],"aioseo_head":"\n\t\t<!-- All in One SEO Pro 4.9.6.2 - aioseo.com -->\n\t<meta name=\"description\" content=\"La Feria Internacional de Turismo Fitur estar\u00e1 presente por primera vez en Vitrina Tur\u00edstica (ANATO), la feria de turismo de Colombia que celebrar\u00e1 su 35\u00aa edici\u00f3n del 24 al 26 de febrero en Bogot\u00e1, ha informado Ifema en un comunicado. El certamen que organiza la Asociaci\u00f3n Colombiana de Agencias de Viajes y Turismo (ANATO) tiene\" \/>\n\t<meta name=\"robots\" content=\"max-image-preview:large\" \/>\n\t<meta name=\"author\" content=\"El Digital de Asturias\"\/>\n\t<meta name=\"google-site-verification\" content=\"UA-38556648-1\" \/>\n\t<meta name=\"msvalidate.01\" content=\"7dfe9f3f1b24437ab69f4f2559babe99\" \/>\n\t<meta name=\"keywords\" content=\"turismo\" \/>\n\t<link rel=\"canonical\" href=\"https:\/\/www.eldigitaldeasturias.com\/noticias\/fitur-participara-en-la-feria-vitrina-turistica-anato-de-colombia\/\" \/>\n\t<meta name=\"generator\" content=\"All in One SEO Pro (AIOSEO) 4.9.6.2\" \/>\n\t\t<meta property=\"og:locale\" content=\"es_ES\" \/>\n\t\t<meta property=\"og:site_name\" content=\"El Digital de Asturias\" \/>\n\t\t<meta property=\"og:type\" content=\"article\" \/>\n\t\t<meta property=\"og:title\" content=\"Fitur participar\u00e1 en la feria Vitrina Tur\u00edstica ANATO de Colombia - El Digital de Asturias\" \/>\n\t\t<meta property=\"og:description\" content=\"La Feria Internacional de Turismo Fitur estar\u00e1 presente por primera vez en Vitrina Tur\u00edstica (ANATO), la feria de turismo de Colombia que celebrar\u00e1 su 35\u00aa edici\u00f3n del 24 al 26 de febrero en Bogot\u00e1, ha informado Ifema en un comunicado. El certamen que organiza la Asociaci\u00f3n Colombiana de Agencias de Viajes y Turismo (ANATO) tiene\" \/>\n\t\t<meta property=\"og:url\" content=\"https:\/\/www.eldigitaldeasturias.com\/noticias\/fitur-participara-en-la-feria-vitrina-turistica-anato-de-colombia\/\" \/>\n\t\t<meta property=\"og:image\" content=\"https:\/\/www.eldigitaldeasturias.com\/noticias\/wp-content\/uploads\/2016\/02\/fotonoticia_20160216184421_800.jpg\" \/>\n\t\t<meta property=\"og:image:secure_url\" content=\"https:\/\/www.eldigitaldeasturias.com\/noticias\/wp-content\/uploads\/2016\/02\/fotonoticia_20160216184421_800.jpg\" \/>\n\t\t<meta property=\"og:image:width\" content=\"800\" \/>\n\t\t<meta property=\"og:image:height\" content=\"450\" \/>\n\t\t<meta property=\"article:tag\" content=\"turismo\" \/>\n\t\t<meta property=\"article:published_time\" content=\"2016-02-17T08:14:58+00:00\" \/>\n\t\t<meta property=\"article:modified_time\" content=\"2016-02-17T08:14:58+00:00\" \/>\n\t\t<meta property=\"article:publisher\" content=\"https:\/\/facebook.com\/eldigitaldeasturias\" \/>\n\t\t<meta name=\"twitter:card\" content=\"summary_large_image\" \/>\n\t\t<meta name=\"twitter:title\" content=\"Fitur participar\u00e1 en la feria Vitrina Tur\u00edstica ANATO de Colombia - El Digital de Asturias\" \/>\n\t\t<meta name=\"twitter:description\" content=\"La Feria Internacional de Turismo Fitur estar\u00e1 presente por primera vez en Vitrina Tur\u00edstica (ANATO), la feria de turismo de Colombia que celebrar\u00e1 su 35\u00aa edici\u00f3n del 24 al 26 de febrero en Bogot\u00e1, ha informado Ifema en un comunicado. El certamen que organiza la Asociaci\u00f3n Colombiana de Agencias de Viajes y Turismo (ANATO) tiene\" \/>\n\t\t<meta name=\"twitter:image\" content=\"https:\/\/www.eldigitaldeasturias.com\/noticias\/wp-content\/uploads\/2016\/02\/fotonoticia_20160216184421_800.jpg\" \/>\n\t\t<meta name=\"twitter:label1\" content=\"Escrito por\" \/>\n\t\t<meta name=\"twitter:data1\" content=\"El Digital de Asturias\" \/>\n\t\t<meta name=\"twitter:label2\" content=\"Tiempo de lectura estimado\" \/>\n\t\t<meta name=\"twitter:data2\" content=\"1 minuto\" \/>\n\t\t<script type=\"application\/ld+json\" class=\"aioseo-schema\">\n\t\t\t{\"@context\":\"https:\\\/\\\/schema.org\",\"@graph\":[{\"@type\":\"BlogPosting\",\"@id\":\"https:\\\/\\\/www.eldigitaldeasturias.com\\\/noticias\\\/fitur-participara-en-la-feria-vitrina-turistica-anato-de-colombia\\\/#blogposting\",\"name\":\"Fitur participar\\u00e1 en la feria Vitrina Tur\\u00edstica ANATO de Colombia - El Digital de Asturias\",\"headline\":\"Fitur participar\\u00e1 en la feria Vitrina Tur\\u00edstica ANATO de Colombia\",\"author\":{\"@id\":\"https:\\\/\\\/www.eldigitaldeasturias.com\\\/noticias\\\/author\\\/admin\\\/#author\"},\"publisher\":{\"@id\":\"https:\\\/\\\/www.eldigitaldeasturias.com\\\/noticias\\\/#organization\"},\"image\":{\"@type\":\"ImageObject\",\"url\":\"https:\\\/\\\/www.eldigitaldeasturias.com\\\/noticias\\\/wp-content\\\/uploads\\\/2016\\\/02\\\/fotonoticia_20160216184421_800.jpg\",\"width\":800,\"height\":450},\"datePublished\":\"2016-02-17T08:14:58+01:00\",\"dateModified\":\"2016-02-17T08:14:58+01:00\",\"inLanguage\":\"es-ES\",\"mainEntityOfPage\":{\"@id\":\"https:\\\/\\\/www.eldigitaldeasturias.com\\\/noticias\\\/fitur-participara-en-la-feria-vitrina-turistica-anato-de-colombia\\\/#webpage\"},\"isPartOf\":{\"@id\":\"https:\\\/\\\/www.eldigitaldeasturias.com\\\/noticias\\\/fitur-participara-en-la-feria-vitrina-turistica-anato-de-colombia\\\/#webpage\"},\"articleSection\":\"Turismo\"},{\"@type\":\"BreadcrumbList\",\"@id\":\"https:\\\/\\\/www.eldigitaldeasturias.com\\\/noticias\\\/fitur-participara-en-la-feria-vitrina-turistica-anato-de-colombia\\\/#breadcrumblist\",\"itemListElement\":[{\"@type\":\"ListItem\",\"@id\":\"https:\\\/\\\/www.eldigitaldeasturias.com\\\/noticias#listItem\",\"position\":1,\"name\":\"Home\",\"item\":\"https:\\\/\\\/www.eldigitaldeasturias.com\\\/noticias\",\"nextItem\":{\"@type\":\"ListItem\",\"@id\":\"https:\\\/\\\/www.eldigitaldeasturias.com\\\/noticias\\\/category\\\/turismo\\\/#listItem\",\"name\":\"Turismo\"}},{\"@type\":\"ListItem\",\"@id\":\"https:\\\/\\\/www.eldigitaldeasturias.com\\\/noticias\\\/category\\\/turismo\\\/#listItem\",\"position\":2,\"name\":\"Turismo\",\"item\":\"https:\\\/\\\/www.eldigitaldeasturias.com\\\/noticias\\\/category\\\/turismo\\\/\",\"nextItem\":{\"@type\":\"ListItem\",\"@id\":\"https:\\\/\\\/www.eldigitaldeasturias.com\\\/noticias\\\/fitur-participara-en-la-feria-vitrina-turistica-anato-de-colombia\\\/#listItem\",\"name\":\"Fitur participar\\u00e1 en la feria Vitrina Tur\\u00edstica ANATO de Colombia\"},\"previousItem\":{\"@type\":\"ListItem\",\"@id\":\"https:\\\/\\\/www.eldigitaldeasturias.com\\\/noticias#listItem\",\"name\":\"Home\"}},{\"@type\":\"ListItem\",\"@id\":\"https:\\\/\\\/www.eldigitaldeasturias.com\\\/noticias\\\/fitur-participara-en-la-feria-vitrina-turistica-anato-de-colombia\\\/#listItem\",\"position\":3,\"name\":\"Fitur participar\\u00e1 en la feria Vitrina Tur\\u00edstica ANATO de Colombia\",\"previousItem\":{\"@type\":\"ListItem\",\"@id\":\"https:\\\/\\\/www.eldigitaldeasturias.com\\\/noticias\\\/category\\\/turismo\\\/#listItem\",\"name\":\"Turismo\"}}]},{\"@type\":\"Organization\",\"@id\":\"https:\\\/\\\/www.eldigitaldeasturias.com\\\/noticias\\\/#organization\",\"name\":\"El Digital de Asturias\",\"description\":\"Hemeroteca\",\"url\":\"https:\\\/\\\/www.eldigitaldeasturias.com\\\/noticias\\\/\",\"email\":\"info@eldigitaldeasturias.com\",\"telephone\":\"+34652131393\",\"logo\":{\"@type\":\"ImageObject\",\"url\":\"https:\\\/\\\/www.eldigitaldeasturias.com\\\/noticias\\\/wp-content\\\/uploads\\\/2020\\\/12\\\/EDA.jpg\",\"@id\":\"https:\\\/\\\/www.eldigitaldeasturias.com\\\/noticias\\\/fitur-participara-en-la-feria-vitrina-turistica-anato-de-colombia\\\/#organizationLogo\",\"width\":649,\"height\":297},\"image\":{\"@id\":\"https:\\\/\\\/www.eldigitaldeasturias.com\\\/noticias\\\/fitur-participara-en-la-feria-vitrina-turistica-anato-de-colombia\\\/#organizationLogo\"},\"sameAs\":[\"https:\\\/\\\/facebook.com\\\/eldigitaldeasturias\",\"https:\\\/\\\/www.youtube.com\\\/channel\\\/UCZP-2wLEB9Rv6erhFmqVnvg\"],\"address\":{\"@id\":\"https:\\\/\\\/www.eldigitaldeasturias.com\\\/noticias\\\/#postaladdress\",\"@type\":\"PostalAddress\",\"streetAddress\":\"san antonio 4,\",\"postalCode\":\"33430\",\"addressLocality\":\"Cand\\u00e1s\",\"addressRegion\":\"Asturias\",\"addressCountry\":\"ES\"}},{\"@type\":\"Person\",\"@id\":\"https:\\\/\\\/www.eldigitaldeasturias.com\\\/noticias\\\/author\\\/admin\\\/#author\",\"url\":\"https:\\\/\\\/www.eldigitaldeasturias.com\\\/noticias\\\/author\\\/admin\\\/\",\"name\":\"El Digital de Asturias\",\"image\":{\"@type\":\"ImageObject\",\"@id\":\"https:\\\/\\\/www.eldigitaldeasturias.com\\\/noticias\\\/fitur-participara-en-la-feria-vitrina-turistica-anato-de-colombia\\\/#authorImage\",\"url\":\"https:\\\/\\\/www.eldigitaldeasturias.com\\\/noticias\\\/wp-content\\\/litespeed\\\/avatar\\\/18677e78aa0546b92d9dbf31ec7d7668.jpg?ver=1777290358\",\"width\":96,\"height\":96,\"caption\":\"El Digital de Asturias\"}},{\"@type\":\"WebPage\",\"@id\":\"https:\\\/\\\/www.eldigitaldeasturias.com\\\/noticias\\\/fitur-participara-en-la-feria-vitrina-turistica-anato-de-colombia\\\/#webpage\",\"url\":\"https:\\\/\\\/www.eldigitaldeasturias.com\\\/noticias\\\/fitur-participara-en-la-feria-vitrina-turistica-anato-de-colombia\\\/\",\"name\":\"Fitur participar\\u00e1 en la feria Vitrina Tur\\u00edstica ANATO de Colombia - El Digital de Asturias\",\"description\":\"La Feria Internacional de Turismo Fitur estar\\u00e1 presente por primera vez en Vitrina Tur\\u00edstica (ANATO), la feria de turismo de Colombia que celebrar\\u00e1 su 35\\u00aa edici\\u00f3n del 24 al 26 de febrero en Bogot\\u00e1, ha informado Ifema en un comunicado. El certamen que organiza la Asociaci\\u00f3n Colombiana de Agencias de Viajes y Turismo (ANATO) tiene\",\"inLanguage\":\"es-ES\",\"isPartOf\":{\"@id\":\"https:\\\/\\\/www.eldigitaldeasturias.com\\\/noticias\\\/#website\"},\"breadcrumb\":{\"@id\":\"https:\\\/\\\/www.eldigitaldeasturias.com\\\/noticias\\\/fitur-participara-en-la-feria-vitrina-turistica-anato-de-colombia\\\/#breadcrumblist\"},\"author\":{\"@id\":\"https:\\\/\\\/www.eldigitaldeasturias.com\\\/noticias\\\/author\\\/admin\\\/#author\"},\"creator\":{\"@id\":\"https:\\\/\\\/www.eldigitaldeasturias.com\\\/noticias\\\/author\\\/admin\\\/#author\"},\"image\":{\"@type\":\"ImageObject\",\"url\":\"https:\\\/\\\/www.eldigitaldeasturias.com\\\/noticias\\\/wp-content\\\/uploads\\\/2016\\\/02\\\/fotonoticia_20160216184421_800.jpg\",\"@id\":\"https:\\\/\\\/www.eldigitaldeasturias.com\\\/noticias\\\/fitur-participara-en-la-feria-vitrina-turistica-anato-de-colombia\\\/#mainImage\",\"width\":800,\"height\":450},\"primaryImageOfPage\":{\"@id\":\"https:\\\/\\\/www.eldigitaldeasturias.com\\\/noticias\\\/fitur-participara-en-la-feria-vitrina-turistica-anato-de-colombia\\\/#mainImage\"},\"datePublished\":\"2016-02-17T08:14:58+01:00\",\"dateModified\":\"2016-02-17T08:14:58+01:00\"},{\"@type\":\"WebSite\",\"@id\":\"https:\\\/\\\/www.eldigitaldeasturias.com\\\/noticias\\\/#website\",\"url\":\"https:\\\/\\\/www.eldigitaldeasturias.com\\\/noticias\\\/\",\"name\":\"El Digital de Asturias - Diario de actualidad y noticias\",\"alternateName\":\"El Digital de Asturias - Diario de actualidad y noticias\",\"description\":\"Hemeroteca\",\"inLanguage\":\"es-ES\",\"publisher\":{\"@id\":\"https:\\\/\\\/www.eldigitaldeasturias.com\\\/noticias\\\/#organization\"}}]}\n\t\t<\/script>\n\t\t<!-- All in One SEO Pro -->\r\n\t\t<title>Fitur participar\u00e1 en la feria Vitrina Tur\u00edstica ANATO de Colombia - El Digital de Asturias<\/title>\n\n","aioseo_head_json":{"title":"Fitur participar\u00e1 en la feria Vitrina Tur\u00edstica ANATO de Colombia - El Digital de Asturias","description":"La Feria Internacional de Turismo Fitur estar\u00e1 presente por primera vez en Vitrina Tur\u00edstica (ANATO), la feria de turismo de Colombia que celebrar\u00e1 su 35\u00aa edici\u00f3n del 24 al 26 de febrero en Bogot\u00e1, ha informado Ifema en un comunicado. El certamen que organiza la Asociaci\u00f3n Colombiana de Agencias de Viajes y Turismo (ANATO) tiene","canonical_url":"https:\/\/www.eldigitaldeasturias.com\/noticias\/fitur-participara-en-la-feria-vitrina-turistica-anato-de-colombia\/","robots":"max-image-preview:large","keywords":"turismo","webmasterTools":{"google-site-verification":"UA-38556648-1","msvalidate.01":"7dfe9f3f1b24437ab69f4f2559babe99","miscellaneous":""},"schema":{"@context":"https:\/\/schema.org","@graph":[{"@type":"BlogPosting","@id":"https:\/\/www.eldigitaldeasturias.com\/noticias\/fitur-participara-en-la-feria-vitrina-turistica-anato-de-colombia\/#blogposting","name":"Fitur participar\u00e1 en la feria Vitrina Tur\u00edstica ANATO de Colombia - El Digital de Asturias","headline":"Fitur participar\u00e1 en la feria Vitrina Tur\u00edstica ANATO de Colombia","author":{"@id":"https:\/\/www.eldigitaldeasturias.com\/noticias\/author\/admin\/#author"},"publisher":{"@id":"https:\/\/www.eldigitaldeasturias.com\/noticias\/#organization"},"image":{"@type":"ImageObject","url":"https:\/\/www.eldigitaldeasturias.com\/noticias\/wp-content\/uploads\/2016\/02\/fotonoticia_20160216184421_800.jpg","width":800,"height":450},"datePublished":"2016-02-17T08:14:58+01:00","dateModified":"2016-02-17T08:14:58+01:00","inLanguage":"es-ES","mainEntityOfPage":{"@id":"https:\/\/www.eldigitaldeasturias.com\/noticias\/fitur-participara-en-la-feria-vitrina-turistica-anato-de-colombia\/#webpage"},"isPartOf":{"@id":"https:\/\/www.eldigitaldeasturias.com\/noticias\/fitur-participara-en-la-feria-vitrina-turistica-anato-de-colombia\/#webpage"},"articleSection":"Turismo"},{"@type":"BreadcrumbList","@id":"https:\/\/www.eldigitaldeasturias.com\/noticias\/fitur-participara-en-la-feria-vitrina-turistica-anato-de-colombia\/#breadcrumblist","itemListElement":[{"@type":"ListItem","@id":"https:\/\/www.eldigitaldeasturias.com\/noticias#listItem","position":1,"name":"Home","item":"https:\/\/www.eldigitaldeasturias.com\/noticias","nextItem":{"@type":"ListItem","@id":"https:\/\/www.eldigitaldeasturias.com\/noticias\/category\/turismo\/#listItem","name":"Turismo"}},{"@type":"ListItem","@id":"https:\/\/www.eldigitaldeasturias.com\/noticias\/category\/turismo\/#listItem","position":2,"name":"Turismo","item":"https:\/\/www.eldigitaldeasturias.com\/noticias\/category\/turismo\/","nextItem":{"@type":"ListItem","@id":"https:\/\/www.eldigitaldeasturias.com\/noticias\/fitur-participara-en-la-feria-vitrina-turistica-anato-de-colombia\/#listItem","name":"Fitur participar\u00e1 en la feria Vitrina Tur\u00edstica ANATO de Colombia"},"previousItem":{"@type":"ListItem","@id":"https:\/\/www.eldigitaldeasturias.com\/noticias#listItem","name":"Home"}},{"@type":"ListItem","@id":"https:\/\/www.eldigitaldeasturias.com\/noticias\/fitur-participara-en-la-feria-vitrina-turistica-anato-de-colombia\/#listItem","position":3,"name":"Fitur participar\u00e1 en la feria Vitrina Tur\u00edstica ANATO de Colombia","previousItem":{"@type":"ListItem","@id":"https:\/\/www.eldigitaldeasturias.com\/noticias\/category\/turismo\/#listItem","name":"Turismo"}}]},{"@type":"Organization","@id":"https:\/\/www.eldigitaldeasturias.com\/noticias\/#organization","name":"El Digital de Asturias","description":"Hemeroteca","url":"https:\/\/www.eldigitaldeasturias.com\/noticias\/","email":"info@eldigitaldeasturias.com","telephone":"+34652131393","logo":{"@type":"ImageObject","url":"https:\/\/www.eldigitaldeasturias.com\/noticias\/wp-content\/uploads\/2020\/12\/EDA.jpg","@id":"https:\/\/www.eldigitaldeasturias.com\/noticias\/fitur-participara-en-la-feria-vitrina-turistica-anato-de-colombia\/#organizationLogo","width":649,"height":297},"image":{"@id":"https:\/\/www.eldigitaldeasturias.com\/noticias\/fitur-participara-en-la-feria-vitrina-turistica-anato-de-colombia\/#organizationLogo"},"sameAs":["https:\/\/facebook.com\/eldigitaldeasturias","https:\/\/www.youtube.com\/channel\/UCZP-2wLEB9Rv6erhFmqVnvg"],"address":{"@id":"https:\/\/www.eldigitaldeasturias.com\/noticias\/#postaladdress","@type":"PostalAddress","streetAddress":"san antonio 4,","postalCode":"33430","addressLocality":"Cand\u00e1s","addressRegion":"Asturias","addressCountry":"ES"}},{"@type":"Person","@id":"https:\/\/www.eldigitaldeasturias.com\/noticias\/author\/admin\/#author","url":"https:\/\/www.eldigitaldeasturias.com\/noticias\/author\/admin\/","name":"El Digital de Asturias","image":{"@type":"ImageObject","@id":"https:\/\/www.eldigitaldeasturias.com\/noticias\/fitur-participara-en-la-feria-vitrina-turistica-anato-de-colombia\/#authorImage","url":"https:\/\/www.eldigitaldeasturias.com\/noticias\/wp-content\/litespeed\/avatar\/18677e78aa0546b92d9dbf31ec7d7668.jpg?ver=1777290358","width":96,"height":96,"caption":"El Digital de Asturias"}},{"@type":"WebPage","@id":"https:\/\/www.eldigitaldeasturias.com\/noticias\/fitur-participara-en-la-feria-vitrina-turistica-anato-de-colombia\/#webpage","url":"https:\/\/www.eldigitaldeasturias.com\/noticias\/fitur-participara-en-la-feria-vitrina-turistica-anato-de-colombia\/","name":"Fitur participar\u00e1 en la feria Vitrina Tur\u00edstica ANATO de Colombia - El Digital de Asturias","description":"La Feria Internacional de Turismo Fitur estar\u00e1 presente por primera vez en Vitrina Tur\u00edstica (ANATO), la feria de turismo de Colombia que celebrar\u00e1 su 35\u00aa edici\u00f3n del 24 al 26 de febrero en Bogot\u00e1, ha informado Ifema en un comunicado. El certamen que organiza la Asociaci\u00f3n Colombiana de Agencias de Viajes y Turismo (ANATO) tiene","inLanguage":"es-ES","isPartOf":{"@id":"https:\/\/www.eldigitaldeasturias.com\/noticias\/#website"},"breadcrumb":{"@id":"https:\/\/www.eldigitaldeasturias.com\/noticias\/fitur-participara-en-la-feria-vitrina-turistica-anato-de-colombia\/#breadcrumblist"},"author":{"@id":"https:\/\/www.eldigitaldeasturias.com\/noticias\/author\/admin\/#author"},"creator":{"@id":"https:\/\/www.eldigitaldeasturias.com\/noticias\/author\/admin\/#author"},"image":{"@type":"ImageObject","url":"https:\/\/www.eldigitaldeasturias.com\/noticias\/wp-content\/uploads\/2016\/02\/fotonoticia_20160216184421_800.jpg","@id":"https:\/\/www.eldigitaldeasturias.com\/noticias\/fitur-participara-en-la-feria-vitrina-turistica-anato-de-colombia\/#mainImage","width":800,"height":450},"primaryImageOfPage":{"@id":"https:\/\/www.eldigitaldeasturias.com\/noticias\/fitur-participara-en-la-feria-vitrina-turistica-anato-de-colombia\/#mainImage"},"datePublished":"2016-02-17T08:14:58+01:00","dateModified":"2016-02-17T08:14:58+01:00"},{"@type":"WebSite","@id":"https:\/\/www.eldigitaldeasturias.com\/noticias\/#website","url":"https:\/\/www.eldigitaldeasturias.com\/noticias\/","name":"El Digital de Asturias - Diario de actualidad y noticias","alternateName":"El Digital de Asturias - Diario de actualidad y noticias","description":"Hemeroteca","inLanguage":"es-ES","publisher":{"@id":"https:\/\/www.eldigitaldeasturias.com\/noticias\/#organization"}}]},"og:locale":"es_ES","og:site_name":"El Digital de Asturias","og:type":"article","og:title":"Fitur participar\u00e1 en la feria Vitrina Tur\u00edstica ANATO de Colombia - El Digital de Asturias","og:description":"La Feria Internacional de Turismo Fitur estar\u00e1 presente por primera vez en Vitrina Tur\u00edstica (ANATO), la feria de turismo de Colombia que celebrar\u00e1 su 35\u00aa edici\u00f3n del 24 al 26 de febrero en Bogot\u00e1, ha informado Ifema en un comunicado. El certamen que organiza la Asociaci\u00f3n Colombiana de Agencias de Viajes y Turismo (ANATO) tiene","og:url":"https:\/\/www.eldigitaldeasturias.com\/noticias\/fitur-participara-en-la-feria-vitrina-turistica-anato-de-colombia\/","og:image":"https:\/\/www.eldigitaldeasturias.com\/noticias\/wp-content\/uploads\/2016\/02\/fotonoticia_20160216184421_800.jpg","og:image:secure_url":"https:\/\/www.eldigitaldeasturias.com\/noticias\/wp-content\/uploads\/2016\/02\/fotonoticia_20160216184421_800.jpg","og:image:width":800,"og:image:height":450,"article:tag":["turismo"],"article:published_time":"2016-02-17T08:14:58+00:00","article:modified_time":"2016-02-17T08:14:58+00:00","article:publisher":"https:\/\/facebook.com\/eldigitaldeasturias","twitter:card":"summary_large_image","twitter:title":"Fitur participar\u00e1 en la feria Vitrina Tur\u00edstica ANATO de Colombia - El Digital de Asturias","twitter:description":"La Feria Internacional de Turismo Fitur estar\u00e1 presente por primera vez en Vitrina Tur\u00edstica (ANATO), la feria de turismo de Colombia que celebrar\u00e1 su 35\u00aa edici\u00f3n del 24 al 26 de febrero en Bogot\u00e1, ha informado Ifema en un comunicado. El certamen que organiza la Asociaci\u00f3n Colombiana de Agencias de Viajes y Turismo (ANATO) tiene","twitter:image":"https:\/\/www.eldigitaldeasturias.com\/noticias\/wp-content\/uploads\/2016\/02\/fotonoticia_20160216184421_800.jpg","twitter:label1":"Escrito por","twitter:data1":"El Digital de Asturias","twitter:label2":"Tiempo de lectura estimado","twitter:data2":"1 minuto"},"aioseo_meta_data":{"post_id":"859134","title":null,"description":null,"keywords":null,"keyphrases":null,"primary_term":null,"canonical_url":null,"og_title":null,"og_description":null,"og_object_type":"default","og_image_type":"default","og_image_url":null,"og_image_width":null,"og_image_height":null,"og_image_custom_url":null,"og_image_custom_fields":null,"og_video":null,"og_custom_url":null,"og_article_section":null,"og_article_tags":null,"twitter_use_og":false,"twitter_card":"default","twitter_image_type":"default","twitter_image_url":null,"twitter_image_custom_url":null,"twitter_image_custom_fields":null,"twitter_title":null,"twitter_description":null,"schema":{"blockGraphs":[],"customGraphs":[],"default":{"data":{"Article":[],"Course":[],"Dataset":[],"FAQPage":[],"Movie":[],"Person":[],"Product":[],"ProductReview":[],"Car":[],"Recipe":[],"Service":[],"SoftwareApplication":[],"WebPage":[]},"graphName":"","isEnabled":true},"graphs":[],"defaultGraph":"","defaultPostTypeGraph":""},"schema_type":null,"schema_type_options":null,"pillar_content":false,"robots_default":true,"robots_noindex":false,"robots_noarchive":false,"robots_nosnippet":false,"robots_nofollow":false,"robots_noimageindex":false,"robots_noodp":false,"robots_notranslate":false,"robots_max_snippet":null,"robots_max_videopreview":null,"robots_max_imagepreview":"large","priority":null,"frequency":null,"local_seo":null,"seo_analyzer_scan_date":"2025-12-10 13:41:09","breadcrumb_settings":null,"limit_modified_date":false,"open_ai":null,"ai":null,"created":"2020-12-21 14:14:11","updated":"2025-12-10 13:41:09"},"aioseo_breadcrumb":"<div class=\"aioseo-breadcrumbs\"><span class=\"aioseo-breadcrumb\">\n\t<a href=\"https:\/\/www.eldigitaldeasturias.com\/noticias\" title=\"Home\">Home<\/a>\n<\/span><span class=\"aioseo-breadcrumb-separator\">\u2013<\/span><span class=\"aioseo-breadcrumb\">\n\t<a href=\"https:\/\/www.eldigitaldeasturias.com\/noticias\/category\/turismo\/\" title=\"Turismo\">Turismo<\/a>\n<\/span><span class=\"aioseo-breadcrumb-separator\">\u2013<\/span><span class=\"aioseo-breadcrumb\">\n\t<a href=\"https:\/\/www.eldigitaldeasturias.com\/noticias\/fitur-participara-en-la-feria-vitrina-turistica-anato-de-colombia\/\" title=\"Fitur participar\u00e1 en la feria Vitrina Tur\u00edstica ANATO de Colombia\">Fitur participar\u00e1 en la feria Vitrina Tur\u00edstica ANATO de Colombia<\/a>\n<\/span><\/div>","aioseo_breadcrumb_json":[{"label":"Home","link":"https:\/\/www.eldigitaldeasturias.com\/noticias"},{"label":"Turismo","link":"https:\/\/www.eldigitaldeasturias.com\/noticias\/category\/turismo\/"},{"label":"Fitur participar\u00e1 en la feria Vitrina Tur\u00edstica ANATO de Colombia","link":"https:\/\/www.eldigitaldeasturias.com\/noticias\/fitur-participara-en-la-feria-vitrina-turistica-anato-de-colombia\/"}],"_links":{"self":[{"href":"https:\/\/www.eldigitaldeasturias.com\/noticias\/wp-json\/wp\/v2\/posts\/859134","targetHints":{"allow":["GET"]}}],"collection":[{"href":"https:\/\/www.eldigitaldeasturias.com\/noticias\/wp-json\/wp\/v2\/posts"}],"about":[{"href":"https:\/\/www.eldigitaldeasturias.com\/noticias\/wp-json\/wp\/v2\/types\/post"}],"author":[{"embeddable":true,"href":"https:\/\/www.eldigitaldeasturias.com\/noticias\/wp-json\/wp\/v2\/users\/1"}],"replies":[{"embeddable":true,"href":"https:\/\/www.eldigitaldeasturias.com\/noticias\/wp-json\/wp\/v2\/comments?post=859134"}],"version-history":[{"count":0,"href":"https:\/\/www.eldigitaldeasturias.com\/noticias\/wp-json\/wp\/v2\/posts\/859134\/revisions"}],"wp:featuredmedia":[{"embeddable":true,"href":"https:\/\/www.eldigitaldeasturias.com\/noticias\/wp-json\/wp\/v2\/media\/859135"}],"wp:attachment":[{"href":"https:\/\/www.eldigitaldeasturias.com\/noticias\/wp-json\/wp\/v2\/media?parent=859134"}],"wp:term":[{"taxonomy":"category","embeddable":true,"href":"https:\/\/www.eldigitaldeasturias.com\/noticias\/wp-json\/wp\/v2\/categories?post=859134"},{"taxonomy":"post_tag","embeddable":true,"href":"https:\/\/www.eldigitaldeasturias.com\/noticias\/wp-json\/wp\/v2\/tags?post=859134"}],"curies":[{"name":"wp","href":"https:\/\/api.w.org\/{rel}","templated":true}]}}