{"id":859116,"date":"2016-02-17T07:57:25","date_gmt":"2016-02-17T07:57:25","guid":{"rendered":"http:\/\/www.eldigitaldeasturias.com\/noticias\/?p=859116"},"modified":"2016-02-17T07:57:25","modified_gmt":"2016-02-17T07:57:25","slug":"montilla-presenta-la-marca-amontillate","status":"publish","type":"post","link":"https:\/\/www.eldigitaldeasturias.com\/noticias\/montilla-presenta-la-marca-amontillate\/","title":{"rendered":"Montilla presenta la marca &#8216;Amont\u00edllate&#8217;"},"content":{"rendered":"<p><img loading=\"lazy\" decoding=\"async\" class=\"alignleft size-medium wp-image-859117\" src=\"https:\/\/www.eldigitaldeasturias.com\/noticias\/wp-content\/uploads\/2016\/02\/fotonoticia_20160216172952_800-360x240.jpg\" alt=\"fotonoticia_20160216172952_800\" width=\"360\" height=\"240\" srcset=\"https:\/\/www.eldigitaldeasturias.com\/noticias\/wp-content\/uploads\/2016\/02\/fotonoticia_20160216172952_800-360x240.jpg 360w, https:\/\/www.eldigitaldeasturias.com\/noticias\/wp-content\/uploads\/2016\/02\/fotonoticia_20160216172952_800-768x513.jpg 768w, https:\/\/www.eldigitaldeasturias.com\/noticias\/wp-content\/uploads\/2016\/02\/fotonoticia_20160216172952_800-650x434.jpg 650w, https:\/\/www.eldigitaldeasturias.com\/noticias\/wp-content\/uploads\/2016\/02\/fotonoticia_20160216172952_800-84x55.jpg 84w, https:\/\/www.eldigitaldeasturias.com\/noticias\/wp-content\/uploads\/2016\/02\/fotonoticia_20160216172952_800-49x32.jpg 49w, https:\/\/www.eldigitaldeasturias.com\/noticias\/wp-content\/uploads\/2016\/02\/fotonoticia_20160216172952_800.jpg 800w\" sizes=\"auto, (max-width: 360px) 100vw, 360px\" \/>El concejal de Promoci\u00f3n, Turismo y Festejos en el Ayuntamiento de la localidad cordobesa de Montilla, Antonio Agust\u00edn Ligero, ha dado a conocer este martes la nueva marca corporativa, &#8216;Amont\u00edllate&#8217;, con la que se va a difundir el turismo de la localidad.<\/p>\n<p>A trav\u00e9s de un comunicado, Ligero ha se\u00f1alado que a partir de ahora se ir\u00e1 implementando esta marca que durante un tiempo coexistir\u00e1 con la anterior &#8216;Montilla es aroma&#8217;, \u00abya que hay mucho material promocional que se va a ir renovando poco a poco con la nueva imagen\u00bb.<\/p>\n<p>El nuevo logotipo, que es obra del dise\u00f1ador gr\u00e1fico Miguel Alf\u00e9rez, se centra en una cepa que hace las veces de &#8216;T&#8217; con los colores que va adquiriendo la vid en su proceso de crecimiento durante el a\u00f1o. Este nuevo logotipo se acompa\u00f1ar\u00e1 con el &#8216;hashtag&#8217; &#8216;#amont\u00edllate&#8217;, que ya se utiliz\u00f3 en las redes sociales durante la pasada Feria Internacional del Turismo (Fitur) celebrada en Madrid.<\/p>\n<p>El concejal ha se\u00f1alado que \u00abcreemos que es una marca innovadora que muestra el sentir de nuestra tierra y que viene a enfocar el enoturismo como eje estrat\u00e9gico del sector tur\u00edstico montillano\u00bb y ha animado a los montillanos a \u00abque se impliquen en la promoci\u00f3n de Montilla siendo embajadores de nuestra tierra, ya que es esencial trabajar entre todos para que el turismo se convierta en uno de los motores econ\u00f3micos de nuestra ciudad\u00bb.<\/p>\n<p>Ligero tambi\u00e9n se ha referido al inicio esta semana de los encuentros con el sector tur\u00edstico para exponerles las l\u00edneas centrales del futuro Plan Estrat\u00e9gico del Turismo para Montilla y ha explicado que \u00abel Plan se va a realizar de abajo hacia arriba, por lo que vamos a pedir a los empresarios que definan la situaci\u00f3n real en la que se encuentra el turismo en Montilla y sobre eso comenzaremos a definir hacia d\u00f3nde queremos caminar\u00bb.<\/p>\n<p>El responsable de Turismo ha indicado que para la elaboraci\u00f3n de este Plan se va a contar con todos los grupos pol\u00edticos y con otros colectivos ciudadanos ya que es un Plan que tiene como marco de referencia el per\u00edodo 2016-2018 \u00abpero que surge con el reto de que sirva para los pr\u00f3ximos diez a\u00f1os y que ponga a Montilla en el mapa del enoturismo nacional\u00bb.<\/p>\n<p>Para concluir, Ligero ha a\u00f1adido que \u00abel objetivo de este Plan es marcar un antes y un despu\u00e9s en el turismo de Montilla. Adem\u00e1s se contempla el an\u00e1lisis y la medici\u00f3n de los resultados que se obtengan con las medidas que se pongan en marcha con este Plan\u00bb.<\/p>\n","protected":false},"excerpt":{"rendered":"<p>El concejal de Promoci\u00f3n, Turismo y Festejos en el Ayuntamiento de la localidad cordobesa de Montilla, Antonio Agust\u00edn Ligero, ha dado a conocer este martes la nueva marca corporativa, &#8216;Amont\u00edllate&#8217;, con la que se va a difundir el turismo de la localidad. A trav\u00e9s de un comunicado, Ligero ha se\u00f1alado que a partir de ahora [&hellip;]<\/p>\n","protected":false},"author":1,"featured_media":859117,"comment_status":"closed","ping_status":"closed","sticky":false,"template":"","format":"standard","meta":{"footnotes":""},"categories":[148],"tags":[],"class_list":["post-859116","post","type-post","status-publish","format-standard","has-post-thumbnail","hentry","category-turismo"],"aioseo_notices":[],"aioseo_head":"\n\t\t<!-- All in One SEO Pro 4.9.6.2 - aioseo.com -->\n\t<meta name=\"description\" content=\"El concejal de Promoci\u00f3n, Turismo y Festejos en el Ayuntamiento de la localidad cordobesa de Montilla, Antonio Agust\u00edn Ligero, ha dado a conocer este martes la nueva marca corporativa, &#039;Amont\u00edllate&#039;, con la que se va a difundir el turismo de la localidad. A trav\u00e9s de un comunicado, Ligero ha se\u00f1alado que a partir de ahora\" \/>\n\t<meta name=\"robots\" content=\"max-image-preview:large\" \/>\n\t<meta name=\"author\" content=\"El Digital de Asturias\"\/>\n\t<meta name=\"google-site-verification\" content=\"UA-38556648-1\" \/>\n\t<meta name=\"msvalidate.01\" content=\"7dfe9f3f1b24437ab69f4f2559babe99\" \/>\n\t<meta name=\"keywords\" content=\"turismo\" \/>\n\t<link rel=\"canonical\" href=\"https:\/\/www.eldigitaldeasturias.com\/noticias\/montilla-presenta-la-marca-amontillate\/\" \/>\n\t<meta name=\"generator\" content=\"All in One SEO Pro (AIOSEO) 4.9.6.2\" \/>\n\t\t<meta property=\"og:locale\" content=\"es_ES\" \/>\n\t\t<meta property=\"og:site_name\" content=\"El Digital de Asturias\" \/>\n\t\t<meta property=\"og:type\" content=\"article\" \/>\n\t\t<meta property=\"og:title\" content=\"Montilla presenta la marca \u2018Amont\u00edllate\u2019 - El Digital de Asturias\" \/>\n\t\t<meta property=\"og:description\" content=\"El concejal de Promoci\u00f3n, Turismo y Festejos en el Ayuntamiento de la localidad cordobesa de Montilla, Antonio Agust\u00edn Ligero, ha dado a conocer este martes la nueva marca corporativa, &#039;Amont\u00edllate&#039;, con la que se va a difundir el turismo de la localidad. A trav\u00e9s de un comunicado, Ligero ha se\u00f1alado que a partir de ahora\" \/>\n\t\t<meta property=\"og:url\" content=\"https:\/\/www.eldigitaldeasturias.com\/noticias\/montilla-presenta-la-marca-amontillate\/\" \/>\n\t\t<meta property=\"og:image\" content=\"https:\/\/www.eldigitaldeasturias.com\/noticias\/wp-content\/uploads\/2016\/02\/fotonoticia_20160216172952_800.jpg\" \/>\n\t\t<meta property=\"og:image:secure_url\" content=\"https:\/\/www.eldigitaldeasturias.com\/noticias\/wp-content\/uploads\/2016\/02\/fotonoticia_20160216172952_800.jpg\" \/>\n\t\t<meta property=\"og:image:width\" content=\"800\" \/>\n\t\t<meta property=\"og:image:height\" content=\"534\" \/>\n\t\t<meta property=\"article:tag\" content=\"turismo\" \/>\n\t\t<meta property=\"article:published_time\" content=\"2016-02-17T07:57:25+00:00\" \/>\n\t\t<meta property=\"article:modified_time\" content=\"2016-02-17T07:57:25+00:00\" \/>\n\t\t<meta property=\"article:publisher\" content=\"https:\/\/facebook.com\/eldigitaldeasturias\" \/>\n\t\t<meta name=\"twitter:card\" content=\"summary_large_image\" \/>\n\t\t<meta name=\"twitter:title\" content=\"Montilla presenta la marca \u2018Amont\u00edllate\u2019 - El Digital de Asturias\" \/>\n\t\t<meta name=\"twitter:description\" content=\"El concejal de Promoci\u00f3n, Turismo y Festejos en el Ayuntamiento de la localidad cordobesa de Montilla, Antonio Agust\u00edn Ligero, ha dado a conocer este martes la nueva marca corporativa, &#039;Amont\u00edllate&#039;, con la que se va a difundir el turismo de la localidad. A trav\u00e9s de un comunicado, Ligero ha se\u00f1alado que a partir de ahora\" \/>\n\t\t<meta name=\"twitter:image\" content=\"https:\/\/www.eldigitaldeasturias.com\/noticias\/wp-content\/uploads\/2016\/02\/fotonoticia_20160216172952_800.jpg\" \/>\n\t\t<meta name=\"twitter:label1\" content=\"Escrito por\" \/>\n\t\t<meta name=\"twitter:data1\" content=\"El Digital de Asturias\" \/>\n\t\t<meta name=\"twitter:label2\" content=\"Tiempo de lectura estimado\" \/>\n\t\t<meta name=\"twitter:data2\" content=\"2 minutos\" \/>\n\t\t<script type=\"application\/ld+json\" class=\"aioseo-schema\">\n\t\t\t{\"@context\":\"https:\\\/\\\/schema.org\",\"@graph\":[{\"@type\":\"BlogPosting\",\"@id\":\"https:\\\/\\\/www.eldigitaldeasturias.com\\\/noticias\\\/montilla-presenta-la-marca-amontillate\\\/#blogposting\",\"name\":\"Montilla presenta la marca \\u2018Amont\\u00edllate\\u2019 - El Digital de Asturias\",\"headline\":\"Montilla presenta la marca &#8216;Amont\\u00edllate&#8217;\",\"author\":{\"@id\":\"https:\\\/\\\/www.eldigitaldeasturias.com\\\/noticias\\\/author\\\/admin\\\/#author\"},\"publisher\":{\"@id\":\"https:\\\/\\\/www.eldigitaldeasturias.com\\\/noticias\\\/#organization\"},\"image\":{\"@type\":\"ImageObject\",\"url\":\"https:\\\/\\\/www.eldigitaldeasturias.com\\\/noticias\\\/wp-content\\\/uploads\\\/2016\\\/02\\\/fotonoticia_20160216172952_800.jpg\",\"width\":800,\"height\":534},\"datePublished\":\"2016-02-17T07:57:25+01:00\",\"dateModified\":\"2016-02-17T07:57:25+01:00\",\"inLanguage\":\"es-ES\",\"mainEntityOfPage\":{\"@id\":\"https:\\\/\\\/www.eldigitaldeasturias.com\\\/noticias\\\/montilla-presenta-la-marca-amontillate\\\/#webpage\"},\"isPartOf\":{\"@id\":\"https:\\\/\\\/www.eldigitaldeasturias.com\\\/noticias\\\/montilla-presenta-la-marca-amontillate\\\/#webpage\"},\"articleSection\":\"Turismo\"},{\"@type\":\"BreadcrumbList\",\"@id\":\"https:\\\/\\\/www.eldigitaldeasturias.com\\\/noticias\\\/montilla-presenta-la-marca-amontillate\\\/#breadcrumblist\",\"itemListElement\":[{\"@type\":\"ListItem\",\"@id\":\"https:\\\/\\\/www.eldigitaldeasturias.com\\\/noticias#listItem\",\"position\":1,\"name\":\"Home\",\"item\":\"https:\\\/\\\/www.eldigitaldeasturias.com\\\/noticias\",\"nextItem\":{\"@type\":\"ListItem\",\"@id\":\"https:\\\/\\\/www.eldigitaldeasturias.com\\\/noticias\\\/category\\\/turismo\\\/#listItem\",\"name\":\"Turismo\"}},{\"@type\":\"ListItem\",\"@id\":\"https:\\\/\\\/www.eldigitaldeasturias.com\\\/noticias\\\/category\\\/turismo\\\/#listItem\",\"position\":2,\"name\":\"Turismo\",\"item\":\"https:\\\/\\\/www.eldigitaldeasturias.com\\\/noticias\\\/category\\\/turismo\\\/\",\"nextItem\":{\"@type\":\"ListItem\",\"@id\":\"https:\\\/\\\/www.eldigitaldeasturias.com\\\/noticias\\\/montilla-presenta-la-marca-amontillate\\\/#listItem\",\"name\":\"Montilla presenta la marca &#8216;Amont\\u00edllate&#8217;\"},\"previousItem\":{\"@type\":\"ListItem\",\"@id\":\"https:\\\/\\\/www.eldigitaldeasturias.com\\\/noticias#listItem\",\"name\":\"Home\"}},{\"@type\":\"ListItem\",\"@id\":\"https:\\\/\\\/www.eldigitaldeasturias.com\\\/noticias\\\/montilla-presenta-la-marca-amontillate\\\/#listItem\",\"position\":3,\"name\":\"Montilla presenta la marca &#8216;Amont\\u00edllate&#8217;\",\"previousItem\":{\"@type\":\"ListItem\",\"@id\":\"https:\\\/\\\/www.eldigitaldeasturias.com\\\/noticias\\\/category\\\/turismo\\\/#listItem\",\"name\":\"Turismo\"}}]},{\"@type\":\"Organization\",\"@id\":\"https:\\\/\\\/www.eldigitaldeasturias.com\\\/noticias\\\/#organization\",\"name\":\"El Digital de Asturias\",\"description\":\"Hemeroteca\",\"url\":\"https:\\\/\\\/www.eldigitaldeasturias.com\\\/noticias\\\/\",\"email\":\"info@eldigitaldeasturias.com\",\"telephone\":\"+34652131393\",\"logo\":{\"@type\":\"ImageObject\",\"url\":\"https:\\\/\\\/www.eldigitaldeasturias.com\\\/noticias\\\/wp-content\\\/uploads\\\/2020\\\/12\\\/EDA.jpg\",\"@id\":\"https:\\\/\\\/www.eldigitaldeasturias.com\\\/noticias\\\/montilla-presenta-la-marca-amontillate\\\/#organizationLogo\",\"width\":649,\"height\":297},\"image\":{\"@id\":\"https:\\\/\\\/www.eldigitaldeasturias.com\\\/noticias\\\/montilla-presenta-la-marca-amontillate\\\/#organizationLogo\"},\"sameAs\":[\"https:\\\/\\\/facebook.com\\\/eldigitaldeasturias\",\"https:\\\/\\\/www.youtube.com\\\/channel\\\/UCZP-2wLEB9Rv6erhFmqVnvg\"],\"address\":{\"@id\":\"https:\\\/\\\/www.eldigitaldeasturias.com\\\/noticias\\\/#postaladdress\",\"@type\":\"PostalAddress\",\"streetAddress\":\"san antonio 4,\",\"postalCode\":\"33430\",\"addressLocality\":\"Cand\\u00e1s\",\"addressRegion\":\"Asturias\",\"addressCountry\":\"ES\"}},{\"@type\":\"Person\",\"@id\":\"https:\\\/\\\/www.eldigitaldeasturias.com\\\/noticias\\\/author\\\/admin\\\/#author\",\"url\":\"https:\\\/\\\/www.eldigitaldeasturias.com\\\/noticias\\\/author\\\/admin\\\/\",\"name\":\"El Digital de Asturias\",\"image\":{\"@type\":\"ImageObject\",\"@id\":\"https:\\\/\\\/www.eldigitaldeasturias.com\\\/noticias\\\/montilla-presenta-la-marca-amontillate\\\/#authorImage\",\"url\":\"https:\\\/\\\/www.eldigitaldeasturias.com\\\/noticias\\\/wp-content\\\/litespeed\\\/avatar\\\/18677e78aa0546b92d9dbf31ec7d7668.jpg?ver=1777290358\",\"width\":96,\"height\":96,\"caption\":\"El Digital de Asturias\"}},{\"@type\":\"WebPage\",\"@id\":\"https:\\\/\\\/www.eldigitaldeasturias.com\\\/noticias\\\/montilla-presenta-la-marca-amontillate\\\/#webpage\",\"url\":\"https:\\\/\\\/www.eldigitaldeasturias.com\\\/noticias\\\/montilla-presenta-la-marca-amontillate\\\/\",\"name\":\"Montilla presenta la marca \\u2018Amont\\u00edllate\\u2019 - El Digital de Asturias\",\"description\":\"El concejal de Promoci\\u00f3n, Turismo y Festejos en el Ayuntamiento de la localidad cordobesa de Montilla, Antonio Agust\\u00edn Ligero, ha dado a conocer este martes la nueva marca corporativa, 'Amont\\u00edllate', con la que se va a difundir el turismo de la localidad. A trav\\u00e9s de un comunicado, Ligero ha se\\u00f1alado que a partir de ahora\",\"inLanguage\":\"es-ES\",\"isPartOf\":{\"@id\":\"https:\\\/\\\/www.eldigitaldeasturias.com\\\/noticias\\\/#website\"},\"breadcrumb\":{\"@id\":\"https:\\\/\\\/www.eldigitaldeasturias.com\\\/noticias\\\/montilla-presenta-la-marca-amontillate\\\/#breadcrumblist\"},\"author\":{\"@id\":\"https:\\\/\\\/www.eldigitaldeasturias.com\\\/noticias\\\/author\\\/admin\\\/#author\"},\"creator\":{\"@id\":\"https:\\\/\\\/www.eldigitaldeasturias.com\\\/noticias\\\/author\\\/admin\\\/#author\"},\"image\":{\"@type\":\"ImageObject\",\"url\":\"https:\\\/\\\/www.eldigitaldeasturias.com\\\/noticias\\\/wp-content\\\/uploads\\\/2016\\\/02\\\/fotonoticia_20160216172952_800.jpg\",\"@id\":\"https:\\\/\\\/www.eldigitaldeasturias.com\\\/noticias\\\/montilla-presenta-la-marca-amontillate\\\/#mainImage\",\"width\":800,\"height\":534},\"primaryImageOfPage\":{\"@id\":\"https:\\\/\\\/www.eldigitaldeasturias.com\\\/noticias\\\/montilla-presenta-la-marca-amontillate\\\/#mainImage\"},\"datePublished\":\"2016-02-17T07:57:25+01:00\",\"dateModified\":\"2016-02-17T07:57:25+01:00\"},{\"@type\":\"WebSite\",\"@id\":\"https:\\\/\\\/www.eldigitaldeasturias.com\\\/noticias\\\/#website\",\"url\":\"https:\\\/\\\/www.eldigitaldeasturias.com\\\/noticias\\\/\",\"name\":\"El Digital de Asturias - Diario de actualidad y noticias\",\"alternateName\":\"El Digital de Asturias - Diario de actualidad y noticias\",\"description\":\"Hemeroteca\",\"inLanguage\":\"es-ES\",\"publisher\":{\"@id\":\"https:\\\/\\\/www.eldigitaldeasturias.com\\\/noticias\\\/#organization\"}}]}\n\t\t<\/script>\n\t\t<!-- All in One SEO Pro -->\r\n\t\t<title>Montilla presenta la marca \u2018Amont\u00edllate\u2019 - El Digital de Asturias<\/title>\n\n","aioseo_head_json":{"title":"Montilla presenta la marca \u2018Amont\u00edllate\u2019 - El Digital de Asturias","description":"El concejal de Promoci\u00f3n, Turismo y Festejos en el Ayuntamiento de la localidad cordobesa de Montilla, Antonio Agust\u00edn Ligero, ha dado a conocer este martes la nueva marca corporativa, 'Amont\u00edllate', con la que se va a difundir el turismo de la localidad. A trav\u00e9s de un comunicado, Ligero ha se\u00f1alado que a partir de ahora","canonical_url":"https:\/\/www.eldigitaldeasturias.com\/noticias\/montilla-presenta-la-marca-amontillate\/","robots":"max-image-preview:large","keywords":"turismo","webmasterTools":{"google-site-verification":"UA-38556648-1","msvalidate.01":"7dfe9f3f1b24437ab69f4f2559babe99","miscellaneous":""},"schema":{"@context":"https:\/\/schema.org","@graph":[{"@type":"BlogPosting","@id":"https:\/\/www.eldigitaldeasturias.com\/noticias\/montilla-presenta-la-marca-amontillate\/#blogposting","name":"Montilla presenta la marca \u2018Amont\u00edllate\u2019 - El Digital de Asturias","headline":"Montilla presenta la marca &#8216;Amont\u00edllate&#8217;","author":{"@id":"https:\/\/www.eldigitaldeasturias.com\/noticias\/author\/admin\/#author"},"publisher":{"@id":"https:\/\/www.eldigitaldeasturias.com\/noticias\/#organization"},"image":{"@type":"ImageObject","url":"https:\/\/www.eldigitaldeasturias.com\/noticias\/wp-content\/uploads\/2016\/02\/fotonoticia_20160216172952_800.jpg","width":800,"height":534},"datePublished":"2016-02-17T07:57:25+01:00","dateModified":"2016-02-17T07:57:25+01:00","inLanguage":"es-ES","mainEntityOfPage":{"@id":"https:\/\/www.eldigitaldeasturias.com\/noticias\/montilla-presenta-la-marca-amontillate\/#webpage"},"isPartOf":{"@id":"https:\/\/www.eldigitaldeasturias.com\/noticias\/montilla-presenta-la-marca-amontillate\/#webpage"},"articleSection":"Turismo"},{"@type":"BreadcrumbList","@id":"https:\/\/www.eldigitaldeasturias.com\/noticias\/montilla-presenta-la-marca-amontillate\/#breadcrumblist","itemListElement":[{"@type":"ListItem","@id":"https:\/\/www.eldigitaldeasturias.com\/noticias#listItem","position":1,"name":"Home","item":"https:\/\/www.eldigitaldeasturias.com\/noticias","nextItem":{"@type":"ListItem","@id":"https:\/\/www.eldigitaldeasturias.com\/noticias\/category\/turismo\/#listItem","name":"Turismo"}},{"@type":"ListItem","@id":"https:\/\/www.eldigitaldeasturias.com\/noticias\/category\/turismo\/#listItem","position":2,"name":"Turismo","item":"https:\/\/www.eldigitaldeasturias.com\/noticias\/category\/turismo\/","nextItem":{"@type":"ListItem","@id":"https:\/\/www.eldigitaldeasturias.com\/noticias\/montilla-presenta-la-marca-amontillate\/#listItem","name":"Montilla presenta la marca &#8216;Amont\u00edllate&#8217;"},"previousItem":{"@type":"ListItem","@id":"https:\/\/www.eldigitaldeasturias.com\/noticias#listItem","name":"Home"}},{"@type":"ListItem","@id":"https:\/\/www.eldigitaldeasturias.com\/noticias\/montilla-presenta-la-marca-amontillate\/#listItem","position":3,"name":"Montilla presenta la marca &#8216;Amont\u00edllate&#8217;","previousItem":{"@type":"ListItem","@id":"https:\/\/www.eldigitaldeasturias.com\/noticias\/category\/turismo\/#listItem","name":"Turismo"}}]},{"@type":"Organization","@id":"https:\/\/www.eldigitaldeasturias.com\/noticias\/#organization","name":"El Digital de Asturias","description":"Hemeroteca","url":"https:\/\/www.eldigitaldeasturias.com\/noticias\/","email":"info@eldigitaldeasturias.com","telephone":"+34652131393","logo":{"@type":"ImageObject","url":"https:\/\/www.eldigitaldeasturias.com\/noticias\/wp-content\/uploads\/2020\/12\/EDA.jpg","@id":"https:\/\/www.eldigitaldeasturias.com\/noticias\/montilla-presenta-la-marca-amontillate\/#organizationLogo","width":649,"height":297},"image":{"@id":"https:\/\/www.eldigitaldeasturias.com\/noticias\/montilla-presenta-la-marca-amontillate\/#organizationLogo"},"sameAs":["https:\/\/facebook.com\/eldigitaldeasturias","https:\/\/www.youtube.com\/channel\/UCZP-2wLEB9Rv6erhFmqVnvg"],"address":{"@id":"https:\/\/www.eldigitaldeasturias.com\/noticias\/#postaladdress","@type":"PostalAddress","streetAddress":"san antonio 4,","postalCode":"33430","addressLocality":"Cand\u00e1s","addressRegion":"Asturias","addressCountry":"ES"}},{"@type":"Person","@id":"https:\/\/www.eldigitaldeasturias.com\/noticias\/author\/admin\/#author","url":"https:\/\/www.eldigitaldeasturias.com\/noticias\/author\/admin\/","name":"El Digital de Asturias","image":{"@type":"ImageObject","@id":"https:\/\/www.eldigitaldeasturias.com\/noticias\/montilla-presenta-la-marca-amontillate\/#authorImage","url":"https:\/\/www.eldigitaldeasturias.com\/noticias\/wp-content\/litespeed\/avatar\/18677e78aa0546b92d9dbf31ec7d7668.jpg?ver=1777290358","width":96,"height":96,"caption":"El Digital de Asturias"}},{"@type":"WebPage","@id":"https:\/\/www.eldigitaldeasturias.com\/noticias\/montilla-presenta-la-marca-amontillate\/#webpage","url":"https:\/\/www.eldigitaldeasturias.com\/noticias\/montilla-presenta-la-marca-amontillate\/","name":"Montilla presenta la marca \u2018Amont\u00edllate\u2019 - El Digital de Asturias","description":"El concejal de Promoci\u00f3n, Turismo y Festejos en el Ayuntamiento de la localidad cordobesa de Montilla, Antonio Agust\u00edn Ligero, ha dado a conocer este martes la nueva marca corporativa, 'Amont\u00edllate', con la que se va a difundir el turismo de la localidad. A trav\u00e9s de un comunicado, Ligero ha se\u00f1alado que a partir de ahora","inLanguage":"es-ES","isPartOf":{"@id":"https:\/\/www.eldigitaldeasturias.com\/noticias\/#website"},"breadcrumb":{"@id":"https:\/\/www.eldigitaldeasturias.com\/noticias\/montilla-presenta-la-marca-amontillate\/#breadcrumblist"},"author":{"@id":"https:\/\/www.eldigitaldeasturias.com\/noticias\/author\/admin\/#author"},"creator":{"@id":"https:\/\/www.eldigitaldeasturias.com\/noticias\/author\/admin\/#author"},"image":{"@type":"ImageObject","url":"https:\/\/www.eldigitaldeasturias.com\/noticias\/wp-content\/uploads\/2016\/02\/fotonoticia_20160216172952_800.jpg","@id":"https:\/\/www.eldigitaldeasturias.com\/noticias\/montilla-presenta-la-marca-amontillate\/#mainImage","width":800,"height":534},"primaryImageOfPage":{"@id":"https:\/\/www.eldigitaldeasturias.com\/noticias\/montilla-presenta-la-marca-amontillate\/#mainImage"},"datePublished":"2016-02-17T07:57:25+01:00","dateModified":"2016-02-17T07:57:25+01:00"},{"@type":"WebSite","@id":"https:\/\/www.eldigitaldeasturias.com\/noticias\/#website","url":"https:\/\/www.eldigitaldeasturias.com\/noticias\/","name":"El Digital de Asturias - Diario de actualidad y noticias","alternateName":"El Digital de Asturias - Diario de actualidad y noticias","description":"Hemeroteca","inLanguage":"es-ES","publisher":{"@id":"https:\/\/www.eldigitaldeasturias.com\/noticias\/#organization"}}]},"og:locale":"es_ES","og:site_name":"El Digital de Asturias","og:type":"article","og:title":"Montilla presenta la marca \u2018Amont\u00edllate\u2019 - El Digital de Asturias","og:description":"El concejal de Promoci\u00f3n, Turismo y Festejos en el Ayuntamiento de la localidad cordobesa de Montilla, Antonio Agust\u00edn Ligero, ha dado a conocer este martes la nueva marca corporativa, 'Amont\u00edllate', con la que se va a difundir el turismo de la localidad. A trav\u00e9s de un comunicado, Ligero ha se\u00f1alado que a partir de ahora","og:url":"https:\/\/www.eldigitaldeasturias.com\/noticias\/montilla-presenta-la-marca-amontillate\/","og:image":"https:\/\/www.eldigitaldeasturias.com\/noticias\/wp-content\/uploads\/2016\/02\/fotonoticia_20160216172952_800.jpg","og:image:secure_url":"https:\/\/www.eldigitaldeasturias.com\/noticias\/wp-content\/uploads\/2016\/02\/fotonoticia_20160216172952_800.jpg","og:image:width":800,"og:image:height":534,"article:tag":["turismo"],"article:published_time":"2016-02-17T07:57:25+00:00","article:modified_time":"2016-02-17T07:57:25+00:00","article:publisher":"https:\/\/facebook.com\/eldigitaldeasturias","twitter:card":"summary_large_image","twitter:title":"Montilla presenta la marca \u2018Amont\u00edllate\u2019 - El Digital de Asturias","twitter:description":"El concejal de Promoci\u00f3n, Turismo y Festejos en el Ayuntamiento de la localidad cordobesa de Montilla, Antonio Agust\u00edn Ligero, ha dado a conocer este martes la nueva marca corporativa, 'Amont\u00edllate', con la que se va a difundir el turismo de la localidad. A trav\u00e9s de un comunicado, Ligero ha se\u00f1alado que a partir de ahora","twitter:image":"https:\/\/www.eldigitaldeasturias.com\/noticias\/wp-content\/uploads\/2016\/02\/fotonoticia_20160216172952_800.jpg","twitter:label1":"Escrito por","twitter:data1":"El Digital de Asturias","twitter:label2":"Tiempo de lectura estimado","twitter:data2":"2 minutos"},"aioseo_meta_data":{"post_id":"859116","title":null,"description":null,"keywords":null,"keyphrases":null,"primary_term":null,"canonical_url":null,"og_title":null,"og_description":null,"og_object_type":"default","og_image_type":"default","og_image_url":null,"og_image_width":null,"og_image_height":null,"og_image_custom_url":null,"og_image_custom_fields":null,"og_video":null,"og_custom_url":null,"og_article_section":null,"og_article_tags":null,"twitter_use_og":false,"twitter_card":"default","twitter_image_type":"default","twitter_image_url":null,"twitter_image_custom_url":null,"twitter_image_custom_fields":null,"twitter_title":null,"twitter_description":null,"schema":{"blockGraphs":[],"customGraphs":[],"default":{"data":{"Article":[],"Course":[],"Dataset":[],"FAQPage":[],"Movie":[],"Person":[],"Product":[],"ProductReview":[],"Car":[],"Recipe":[],"Service":[],"SoftwareApplication":[],"WebPage":[]},"graphName":"","isEnabled":true},"graphs":[],"defaultGraph":"","defaultPostTypeGraph":""},"schema_type":null,"schema_type_options":null,"pillar_content":false,"robots_default":true,"robots_noindex":false,"robots_noarchive":false,"robots_nosnippet":false,"robots_nofollow":false,"robots_noimageindex":false,"robots_noodp":false,"robots_notranslate":false,"robots_max_snippet":null,"robots_max_videopreview":null,"robots_max_imagepreview":"large","priority":null,"frequency":null,"local_seo":null,"seo_analyzer_scan_date":"2025-12-10 13:37:10","breadcrumb_settings":null,"limit_modified_date":false,"open_ai":null,"ai":null,"created":"2021-01-22 00:25:37","updated":"2025-12-10 13:37:10"},"aioseo_breadcrumb":"<div class=\"aioseo-breadcrumbs\"><span class=\"aioseo-breadcrumb\">\n\t<a href=\"https:\/\/www.eldigitaldeasturias.com\/noticias\" title=\"Home\">Home<\/a>\n<\/span><span class=\"aioseo-breadcrumb-separator\">\u2013<\/span><span class=\"aioseo-breadcrumb\">\n\t<a href=\"https:\/\/www.eldigitaldeasturias.com\/noticias\/category\/turismo\/\" title=\"Turismo\">Turismo<\/a>\n<\/span><span class=\"aioseo-breadcrumb-separator\">\u2013<\/span><span class=\"aioseo-breadcrumb\">\n\t<a href=\"https:\/\/www.eldigitaldeasturias.com\/noticias\/montilla-presenta-la-marca-amontillate\/\" title=\"Montilla presenta la marca \u2018Amont\u00edllate\u2019\">Montilla presenta la marca \u2018Amont\u00edllate\u2019<\/a>\n<\/span><\/div>","aioseo_breadcrumb_json":[{"label":"Home","link":"https:\/\/www.eldigitaldeasturias.com\/noticias"},{"label":"Turismo","link":"https:\/\/www.eldigitaldeasturias.com\/noticias\/category\/turismo\/"},{"label":"Montilla presenta la marca &#8216;Amont\u00edllate&#8217;","link":"https:\/\/www.eldigitaldeasturias.com\/noticias\/montilla-presenta-la-marca-amontillate\/"}],"_links":{"self":[{"href":"https:\/\/www.eldigitaldeasturias.com\/noticias\/wp-json\/wp\/v2\/posts\/859116","targetHints":{"allow":["GET"]}}],"collection":[{"href":"https:\/\/www.eldigitaldeasturias.com\/noticias\/wp-json\/wp\/v2\/posts"}],"about":[{"href":"https:\/\/www.eldigitaldeasturias.com\/noticias\/wp-json\/wp\/v2\/types\/post"}],"author":[{"embeddable":true,"href":"https:\/\/www.eldigitaldeasturias.com\/noticias\/wp-json\/wp\/v2\/users\/1"}],"replies":[{"embeddable":true,"href":"https:\/\/www.eldigitaldeasturias.com\/noticias\/wp-json\/wp\/v2\/comments?post=859116"}],"version-history":[{"count":0,"href":"https:\/\/www.eldigitaldeasturias.com\/noticias\/wp-json\/wp\/v2\/posts\/859116\/revisions"}],"wp:featuredmedia":[{"embeddable":true,"href":"https:\/\/www.eldigitaldeasturias.com\/noticias\/wp-json\/wp\/v2\/media\/859117"}],"wp:attachment":[{"href":"https:\/\/www.eldigitaldeasturias.com\/noticias\/wp-json\/wp\/v2\/media?parent=859116"}],"wp:term":[{"taxonomy":"category","embeddable":true,"href":"https:\/\/www.eldigitaldeasturias.com\/noticias\/wp-json\/wp\/v2\/categories?post=859116"},{"taxonomy":"post_tag","embeddable":true,"href":"https:\/\/www.eldigitaldeasturias.com\/noticias\/wp-json\/wp\/v2\/tags?post=859116"}],"curies":[{"name":"wp","href":"https:\/\/api.w.org\/{rel}","templated":true}]}}