{"id":854506,"date":"2016-02-06T04:18:36","date_gmt":"2016-02-06T04:18:36","guid":{"rendered":"http:\/\/www.eldigitaldeasturias.com\/noticias\/?p=854506"},"modified":"2016-02-06T04:18:36","modified_gmt":"2016-02-06T04:18:36","slug":"los-espanoles-viajan-un-38-mas-por-san-valentin","status":"publish","type":"post","link":"https:\/\/www.eldigitaldeasturias.com\/noticias\/los-espanoles-viajan-un-38-mas-por-san-valentin\/","title":{"rendered":"Los espa\u00f1oles viajan un 38% m\u00e1s por San Valent\u00edn"},"content":{"rendered":"<p><img loading=\"lazy\" decoding=\"async\" class=\"alignleft size-medium wp-image-854507\" src=\"https:\/\/www.eldigitaldeasturias.com\/noticias\/wp-content\/uploads\/2016\/02\/fotonoticia_20160202132838_800-360x240.jpg\" alt=\"fotonoticia_20160202132838_800\" width=\"360\" height=\"240\" srcset=\"https:\/\/www.eldigitaldeasturias.com\/noticias\/wp-content\/uploads\/2016\/02\/fotonoticia_20160202132838_800-360x240.jpg 360w, https:\/\/www.eldigitaldeasturias.com\/noticias\/wp-content\/uploads\/2016\/02\/fotonoticia_20160202132838_800-768x512.jpg 768w, https:\/\/www.eldigitaldeasturias.com\/noticias\/wp-content\/uploads\/2016\/02\/fotonoticia_20160202132838_800-650x433.jpg 650w, https:\/\/www.eldigitaldeasturias.com\/noticias\/wp-content\/uploads\/2016\/02\/fotonoticia_20160202132838_800-84x55.jpg 84w, https:\/\/www.eldigitaldeasturias.com\/noticias\/wp-content\/uploads\/2016\/02\/fotonoticia_20160202132838_800-49x32.jpg 49w, https:\/\/www.eldigitaldeasturias.com\/noticias\/wp-content\/uploads\/2016\/02\/fotonoticia_20160202132838_800.jpg 800w\" sizes=\"auto, (max-width: 360px) 100vw, 360px\" \/>Los espa\u00f1oles viajar\u00e1n un 38% m\u00e1s por San Valent\u00edn, seg\u00fan la agencia de viajes &#8216;online&#8217; eDreams que asegura que las reservas realizadas por los extranjeros con destino Espa\u00f1a tambi\u00e9n se han incrementado un 29% para el fin de semana del 12 al 14 de febrero.<\/p>\n<p>Un 50% de los viajeros espa\u00f1oles ha optado por destinos nacionales y otro tanto por destinos extranjeros, principalmente europeos, como Francia (11%), Italia (9%), Alemania, Reino Unido, Pa\u00edses Bajos, Portugal, Irlanda, B\u00e9lgica y Suiza.<\/p>\n<p>Madrid se ha situado en como destino preferente para los viajeros por delante de Par\u00eds, Barcelona, Palma de Mallorca, Londres, \u00c1msterdam, Sevilla, Roma, Tenerife y Lisboa. El coste medio de estas escapadas es de 120 euros de media.<\/p>\n<p>Sin embargo, los madrile\u00f1os no son los m\u00e1s rom\u00e1nticos: han realizado el 29% de las reservas frente al 39% de los barceloneses, que les ha relegado a una segunda posici\u00f3n. Tras ellos se sit\u00faan los mallorquines, bilba\u00ednos, valencianos, sevillanos, malague\u00f1os, alicantinos, grancanarios y compostelanos.<\/p>\n<p>BARCELONA, EL DESTINO PREFERIDO PARA LOS EXTRANJEROS.<\/p>\n<p>Franceses, italianos, alemanes, brit\u00e1nicos, portugueses, suizos, belgas, marroqu\u00eds, holandeses e irlandeses son las principales nacionalidades extranjeras por n\u00famero de reservas, y, al contrario que los nacionales, han elegido Barcelona como destino preferido para pasar San Valent\u00edn.<\/p>\n<p>A la Ciudad Condal le siguen otras ciudades como Madrid, Palma de Mallorca, Sevilla, Tenerife, Valencia, Santiago de Compostela, M\u00e1laga, Gran Canaria y Bilbao.<\/p>\n<p>\u00abSea con la pareja o con amigos, hay opciones para todos los gustos, incluso para singles que no quieren desaprovechar la ocasi\u00f3n para realizar una escapada. En eDreams hemos tenido en cuenta todos los perfiles y hemos preparado una selecci\u00f3n especial de destinos para todos los gustos\u00bb, explic\u00f3 la responsable de comunicaci\u00f3n de eDreams Espa\u00f1a, Mar\u00eda Sierra.<\/p>\n","protected":false},"excerpt":{"rendered":"<p>Los espa\u00f1oles viajar\u00e1n un 38% m\u00e1s por San Valent\u00edn, seg\u00fan la agencia de viajes &#8216;online&#8217; eDreams que asegura que las reservas realizadas por los extranjeros con destino Espa\u00f1a tambi\u00e9n se han incrementado un 29% para el fin de semana del 12 al 14 de febrero. Un 50% de los viajeros espa\u00f1oles ha optado por destinos [&hellip;]<\/p>\n","protected":false},"author":1,"featured_media":854507,"comment_status":"closed","ping_status":"closed","sticky":false,"template":"","format":"standard","meta":{"footnotes":""},"categories":[148],"tags":[],"class_list":["post-854506","post","type-post","status-publish","format-standard","has-post-thumbnail","hentry","category-turismo"],"aioseo_notices":[],"aioseo_head":"\n\t\t<!-- All in One SEO Pro 4.9.6.2 - aioseo.com -->\n\t<meta name=\"description\" content=\"Los espa\u00f1oles viajar\u00e1n un 38% m\u00e1s por San Valent\u00edn, seg\u00fan la agencia de viajes &#039;online&#039; eDreams que asegura que las reservas realizadas por los extranjeros con destino Espa\u00f1a tambi\u00e9n se han incrementado un 29% para el fin de semana del 12 al 14 de febrero. Un 50% de los viajeros espa\u00f1oles ha optado por destinos\" \/>\n\t<meta name=\"robots\" content=\"max-image-preview:large\" \/>\n\t<meta name=\"author\" content=\"El Digital de Asturias\"\/>\n\t<meta name=\"google-site-verification\" content=\"UA-38556648-1\" \/>\n\t<meta name=\"msvalidate.01\" content=\"7dfe9f3f1b24437ab69f4f2559babe99\" \/>\n\t<meta name=\"keywords\" content=\"turismo\" \/>\n\t<link rel=\"canonical\" href=\"https:\/\/www.eldigitaldeasturias.com\/noticias\/los-espanoles-viajan-un-38-mas-por-san-valentin\/\" \/>\n\t<meta name=\"generator\" content=\"All in One SEO Pro (AIOSEO) 4.9.6.2\" \/>\n\t\t<meta property=\"og:locale\" content=\"es_ES\" \/>\n\t\t<meta property=\"og:site_name\" content=\"El Digital de Asturias\" \/>\n\t\t<meta property=\"og:type\" content=\"article\" \/>\n\t\t<meta property=\"og:title\" content=\"Los espa\u00f1oles viajan un 38% m\u00e1s por San Valent\u00edn - El Digital de Asturias\" \/>\n\t\t<meta property=\"og:description\" content=\"Los espa\u00f1oles viajar\u00e1n un 38% m\u00e1s por San Valent\u00edn, seg\u00fan la agencia de viajes &#039;online&#039; eDreams que asegura que las reservas realizadas por los extranjeros con destino Espa\u00f1a tambi\u00e9n se han incrementado un 29% para el fin de semana del 12 al 14 de febrero. Un 50% de los viajeros espa\u00f1oles ha optado por destinos\" \/>\n\t\t<meta property=\"og:url\" content=\"https:\/\/www.eldigitaldeasturias.com\/noticias\/los-espanoles-viajan-un-38-mas-por-san-valentin\/\" \/>\n\t\t<meta property=\"og:image\" content=\"https:\/\/www.eldigitaldeasturias.com\/noticias\/wp-content\/uploads\/2016\/02\/fotonoticia_20160202132838_800.jpg\" \/>\n\t\t<meta property=\"og:image:secure_url\" content=\"https:\/\/www.eldigitaldeasturias.com\/noticias\/wp-content\/uploads\/2016\/02\/fotonoticia_20160202132838_800.jpg\" \/>\n\t\t<meta property=\"og:image:width\" content=\"800\" \/>\n\t\t<meta property=\"og:image:height\" content=\"533\" \/>\n\t\t<meta property=\"article:tag\" content=\"turismo\" \/>\n\t\t<meta property=\"article:published_time\" content=\"2016-02-06T04:18:36+00:00\" \/>\n\t\t<meta property=\"article:modified_time\" content=\"2016-02-06T04:18:36+00:00\" \/>\n\t\t<meta property=\"article:publisher\" content=\"https:\/\/facebook.com\/eldigitaldeasturias\" \/>\n\t\t<meta name=\"twitter:card\" content=\"summary_large_image\" \/>\n\t\t<meta name=\"twitter:title\" content=\"Los espa\u00f1oles viajan un 38% m\u00e1s por San Valent\u00edn - El Digital de Asturias\" \/>\n\t\t<meta name=\"twitter:description\" content=\"Los espa\u00f1oles viajar\u00e1n un 38% m\u00e1s por San Valent\u00edn, seg\u00fan la agencia de viajes &#039;online&#039; eDreams que asegura que las reservas realizadas por los extranjeros con destino Espa\u00f1a tambi\u00e9n se han incrementado un 29% para el fin de semana del 12 al 14 de febrero. Un 50% de los viajeros espa\u00f1oles ha optado por destinos\" \/>\n\t\t<meta name=\"twitter:image\" content=\"https:\/\/www.eldigitaldeasturias.com\/noticias\/wp-content\/uploads\/2016\/02\/fotonoticia_20160202132838_800.jpg\" \/>\n\t\t<meta name=\"twitter:label1\" content=\"Escrito por\" \/>\n\t\t<meta name=\"twitter:data1\" content=\"El Digital de Asturias\" \/>\n\t\t<meta name=\"twitter:label2\" content=\"Tiempo de lectura estimado\" \/>\n\t\t<meta name=\"twitter:data2\" content=\"2 minutos\" \/>\n\t\t<script type=\"application\/ld+json\" class=\"aioseo-schema\">\n\t\t\t{\"@context\":\"https:\\\/\\\/schema.org\",\"@graph\":[{\"@type\":\"BlogPosting\",\"@id\":\"https:\\\/\\\/www.eldigitaldeasturias.com\\\/noticias\\\/los-espanoles-viajan-un-38-mas-por-san-valentin\\\/#blogposting\",\"name\":\"Los espa\\u00f1oles viajan un 38% m\\u00e1s por San Valent\\u00edn - El Digital de Asturias\",\"headline\":\"Los espa\\u00f1oles viajan un 38% m\\u00e1s por San Valent\\u00edn\",\"author\":{\"@id\":\"https:\\\/\\\/www.eldigitaldeasturias.com\\\/noticias\\\/author\\\/admin\\\/#author\"},\"publisher\":{\"@id\":\"https:\\\/\\\/www.eldigitaldeasturias.com\\\/noticias\\\/#organization\"},\"image\":{\"@type\":\"ImageObject\",\"url\":\"https:\\\/\\\/www.eldigitaldeasturias.com\\\/noticias\\\/wp-content\\\/uploads\\\/2016\\\/02\\\/fotonoticia_20160202132838_800.jpg\",\"width\":800,\"height\":533},\"datePublished\":\"2016-02-06T04:18:36+01:00\",\"dateModified\":\"2016-02-06T04:18:36+01:00\",\"inLanguage\":\"es-ES\",\"mainEntityOfPage\":{\"@id\":\"https:\\\/\\\/www.eldigitaldeasturias.com\\\/noticias\\\/los-espanoles-viajan-un-38-mas-por-san-valentin\\\/#webpage\"},\"isPartOf\":{\"@id\":\"https:\\\/\\\/www.eldigitaldeasturias.com\\\/noticias\\\/los-espanoles-viajan-un-38-mas-por-san-valentin\\\/#webpage\"},\"articleSection\":\"Turismo\"},{\"@type\":\"BreadcrumbList\",\"@id\":\"https:\\\/\\\/www.eldigitaldeasturias.com\\\/noticias\\\/los-espanoles-viajan-un-38-mas-por-san-valentin\\\/#breadcrumblist\",\"itemListElement\":[{\"@type\":\"ListItem\",\"@id\":\"https:\\\/\\\/www.eldigitaldeasturias.com\\\/noticias#listItem\",\"position\":1,\"name\":\"Home\",\"item\":\"https:\\\/\\\/www.eldigitaldeasturias.com\\\/noticias\",\"nextItem\":{\"@type\":\"ListItem\",\"@id\":\"https:\\\/\\\/www.eldigitaldeasturias.com\\\/noticias\\\/category\\\/turismo\\\/#listItem\",\"name\":\"Turismo\"}},{\"@type\":\"ListItem\",\"@id\":\"https:\\\/\\\/www.eldigitaldeasturias.com\\\/noticias\\\/category\\\/turismo\\\/#listItem\",\"position\":2,\"name\":\"Turismo\",\"item\":\"https:\\\/\\\/www.eldigitaldeasturias.com\\\/noticias\\\/category\\\/turismo\\\/\",\"nextItem\":{\"@type\":\"ListItem\",\"@id\":\"https:\\\/\\\/www.eldigitaldeasturias.com\\\/noticias\\\/los-espanoles-viajan-un-38-mas-por-san-valentin\\\/#listItem\",\"name\":\"Los espa\\u00f1oles viajan un 38% m\\u00e1s por San Valent\\u00edn\"},\"previousItem\":{\"@type\":\"ListItem\",\"@id\":\"https:\\\/\\\/www.eldigitaldeasturias.com\\\/noticias#listItem\",\"name\":\"Home\"}},{\"@type\":\"ListItem\",\"@id\":\"https:\\\/\\\/www.eldigitaldeasturias.com\\\/noticias\\\/los-espanoles-viajan-un-38-mas-por-san-valentin\\\/#listItem\",\"position\":3,\"name\":\"Los espa\\u00f1oles viajan un 38% m\\u00e1s por San Valent\\u00edn\",\"previousItem\":{\"@type\":\"ListItem\",\"@id\":\"https:\\\/\\\/www.eldigitaldeasturias.com\\\/noticias\\\/category\\\/turismo\\\/#listItem\",\"name\":\"Turismo\"}}]},{\"@type\":\"Organization\",\"@id\":\"https:\\\/\\\/www.eldigitaldeasturias.com\\\/noticias\\\/#organization\",\"name\":\"El Digital de Asturias\",\"description\":\"Hemeroteca\",\"url\":\"https:\\\/\\\/www.eldigitaldeasturias.com\\\/noticias\\\/\",\"email\":\"info@eldigitaldeasturias.com\",\"telephone\":\"+34652131393\",\"logo\":{\"@type\":\"ImageObject\",\"url\":\"https:\\\/\\\/www.eldigitaldeasturias.com\\\/noticias\\\/wp-content\\\/uploads\\\/2020\\\/12\\\/EDA.jpg\",\"@id\":\"https:\\\/\\\/www.eldigitaldeasturias.com\\\/noticias\\\/los-espanoles-viajan-un-38-mas-por-san-valentin\\\/#organizationLogo\",\"width\":649,\"height\":297},\"image\":{\"@id\":\"https:\\\/\\\/www.eldigitaldeasturias.com\\\/noticias\\\/los-espanoles-viajan-un-38-mas-por-san-valentin\\\/#organizationLogo\"},\"sameAs\":[\"https:\\\/\\\/facebook.com\\\/eldigitaldeasturias\",\"https:\\\/\\\/www.youtube.com\\\/channel\\\/UCZP-2wLEB9Rv6erhFmqVnvg\"],\"address\":{\"@id\":\"https:\\\/\\\/www.eldigitaldeasturias.com\\\/noticias\\\/#postaladdress\",\"@type\":\"PostalAddress\",\"streetAddress\":\"san antonio 4,\",\"postalCode\":\"33430\",\"addressLocality\":\"Cand\\u00e1s\",\"addressRegion\":\"Asturias\",\"addressCountry\":\"ES\"}},{\"@type\":\"Person\",\"@id\":\"https:\\\/\\\/www.eldigitaldeasturias.com\\\/noticias\\\/author\\\/admin\\\/#author\",\"url\":\"https:\\\/\\\/www.eldigitaldeasturias.com\\\/noticias\\\/author\\\/admin\\\/\",\"name\":\"El Digital de Asturias\",\"image\":{\"@type\":\"ImageObject\",\"@id\":\"https:\\\/\\\/www.eldigitaldeasturias.com\\\/noticias\\\/los-espanoles-viajan-un-38-mas-por-san-valentin\\\/#authorImage\",\"url\":\"https:\\\/\\\/www.eldigitaldeasturias.com\\\/noticias\\\/wp-content\\\/litespeed\\\/avatar\\\/18677e78aa0546b92d9dbf31ec7d7668.jpg?ver=1777290358\",\"width\":96,\"height\":96,\"caption\":\"El Digital de Asturias\"}},{\"@type\":\"WebPage\",\"@id\":\"https:\\\/\\\/www.eldigitaldeasturias.com\\\/noticias\\\/los-espanoles-viajan-un-38-mas-por-san-valentin\\\/#webpage\",\"url\":\"https:\\\/\\\/www.eldigitaldeasturias.com\\\/noticias\\\/los-espanoles-viajan-un-38-mas-por-san-valentin\\\/\",\"name\":\"Los espa\\u00f1oles viajan un 38% m\\u00e1s por San Valent\\u00edn - El Digital de Asturias\",\"description\":\"Los espa\\u00f1oles viajar\\u00e1n un 38% m\\u00e1s por San Valent\\u00edn, seg\\u00fan la agencia de viajes 'online' eDreams que asegura que las reservas realizadas por los extranjeros con destino Espa\\u00f1a tambi\\u00e9n se han incrementado un 29% para el fin de semana del 12 al 14 de febrero. Un 50% de los viajeros espa\\u00f1oles ha optado por destinos\",\"inLanguage\":\"es-ES\",\"isPartOf\":{\"@id\":\"https:\\\/\\\/www.eldigitaldeasturias.com\\\/noticias\\\/#website\"},\"breadcrumb\":{\"@id\":\"https:\\\/\\\/www.eldigitaldeasturias.com\\\/noticias\\\/los-espanoles-viajan-un-38-mas-por-san-valentin\\\/#breadcrumblist\"},\"author\":{\"@id\":\"https:\\\/\\\/www.eldigitaldeasturias.com\\\/noticias\\\/author\\\/admin\\\/#author\"},\"creator\":{\"@id\":\"https:\\\/\\\/www.eldigitaldeasturias.com\\\/noticias\\\/author\\\/admin\\\/#author\"},\"image\":{\"@type\":\"ImageObject\",\"url\":\"https:\\\/\\\/www.eldigitaldeasturias.com\\\/noticias\\\/wp-content\\\/uploads\\\/2016\\\/02\\\/fotonoticia_20160202132838_800.jpg\",\"@id\":\"https:\\\/\\\/www.eldigitaldeasturias.com\\\/noticias\\\/los-espanoles-viajan-un-38-mas-por-san-valentin\\\/#mainImage\",\"width\":800,\"height\":533},\"primaryImageOfPage\":{\"@id\":\"https:\\\/\\\/www.eldigitaldeasturias.com\\\/noticias\\\/los-espanoles-viajan-un-38-mas-por-san-valentin\\\/#mainImage\"},\"datePublished\":\"2016-02-06T04:18:36+01:00\",\"dateModified\":\"2016-02-06T04:18:36+01:00\"},{\"@type\":\"WebSite\",\"@id\":\"https:\\\/\\\/www.eldigitaldeasturias.com\\\/noticias\\\/#website\",\"url\":\"https:\\\/\\\/www.eldigitaldeasturias.com\\\/noticias\\\/\",\"name\":\"El Digital de Asturias - Diario de actualidad y noticias\",\"alternateName\":\"El Digital de Asturias - Diario de actualidad y noticias\",\"description\":\"Hemeroteca\",\"inLanguage\":\"es-ES\",\"publisher\":{\"@id\":\"https:\\\/\\\/www.eldigitaldeasturias.com\\\/noticias\\\/#organization\"}}]}\n\t\t<\/script>\n\t\t<!-- All in One SEO Pro -->\r\n\t\t<title>Los espa\u00f1oles viajan un 38% m\u00e1s por San Valent\u00edn - El Digital de Asturias<\/title>\n\n","aioseo_head_json":{"title":"Los espa\u00f1oles viajan un 38% m\u00e1s por San Valent\u00edn - El Digital de Asturias","description":"Los espa\u00f1oles viajar\u00e1n un 38% m\u00e1s por San Valent\u00edn, seg\u00fan la agencia de viajes 'online' eDreams que asegura que las reservas realizadas por los extranjeros con destino Espa\u00f1a tambi\u00e9n se han incrementado un 29% para el fin de semana del 12 al 14 de febrero. Un 50% de los viajeros espa\u00f1oles ha optado por destinos","canonical_url":"https:\/\/www.eldigitaldeasturias.com\/noticias\/los-espanoles-viajan-un-38-mas-por-san-valentin\/","robots":"max-image-preview:large","keywords":"turismo","webmasterTools":{"google-site-verification":"UA-38556648-1","msvalidate.01":"7dfe9f3f1b24437ab69f4f2559babe99","miscellaneous":""},"schema":{"@context":"https:\/\/schema.org","@graph":[{"@type":"BlogPosting","@id":"https:\/\/www.eldigitaldeasturias.com\/noticias\/los-espanoles-viajan-un-38-mas-por-san-valentin\/#blogposting","name":"Los espa\u00f1oles viajan un 38% m\u00e1s por San Valent\u00edn - El Digital de Asturias","headline":"Los espa\u00f1oles viajan un 38% m\u00e1s por San Valent\u00edn","author":{"@id":"https:\/\/www.eldigitaldeasturias.com\/noticias\/author\/admin\/#author"},"publisher":{"@id":"https:\/\/www.eldigitaldeasturias.com\/noticias\/#organization"},"image":{"@type":"ImageObject","url":"https:\/\/www.eldigitaldeasturias.com\/noticias\/wp-content\/uploads\/2016\/02\/fotonoticia_20160202132838_800.jpg","width":800,"height":533},"datePublished":"2016-02-06T04:18:36+01:00","dateModified":"2016-02-06T04:18:36+01:00","inLanguage":"es-ES","mainEntityOfPage":{"@id":"https:\/\/www.eldigitaldeasturias.com\/noticias\/los-espanoles-viajan-un-38-mas-por-san-valentin\/#webpage"},"isPartOf":{"@id":"https:\/\/www.eldigitaldeasturias.com\/noticias\/los-espanoles-viajan-un-38-mas-por-san-valentin\/#webpage"},"articleSection":"Turismo"},{"@type":"BreadcrumbList","@id":"https:\/\/www.eldigitaldeasturias.com\/noticias\/los-espanoles-viajan-un-38-mas-por-san-valentin\/#breadcrumblist","itemListElement":[{"@type":"ListItem","@id":"https:\/\/www.eldigitaldeasturias.com\/noticias#listItem","position":1,"name":"Home","item":"https:\/\/www.eldigitaldeasturias.com\/noticias","nextItem":{"@type":"ListItem","@id":"https:\/\/www.eldigitaldeasturias.com\/noticias\/category\/turismo\/#listItem","name":"Turismo"}},{"@type":"ListItem","@id":"https:\/\/www.eldigitaldeasturias.com\/noticias\/category\/turismo\/#listItem","position":2,"name":"Turismo","item":"https:\/\/www.eldigitaldeasturias.com\/noticias\/category\/turismo\/","nextItem":{"@type":"ListItem","@id":"https:\/\/www.eldigitaldeasturias.com\/noticias\/los-espanoles-viajan-un-38-mas-por-san-valentin\/#listItem","name":"Los espa\u00f1oles viajan un 38% m\u00e1s por San Valent\u00edn"},"previousItem":{"@type":"ListItem","@id":"https:\/\/www.eldigitaldeasturias.com\/noticias#listItem","name":"Home"}},{"@type":"ListItem","@id":"https:\/\/www.eldigitaldeasturias.com\/noticias\/los-espanoles-viajan-un-38-mas-por-san-valentin\/#listItem","position":3,"name":"Los espa\u00f1oles viajan un 38% m\u00e1s por San Valent\u00edn","previousItem":{"@type":"ListItem","@id":"https:\/\/www.eldigitaldeasturias.com\/noticias\/category\/turismo\/#listItem","name":"Turismo"}}]},{"@type":"Organization","@id":"https:\/\/www.eldigitaldeasturias.com\/noticias\/#organization","name":"El Digital de Asturias","description":"Hemeroteca","url":"https:\/\/www.eldigitaldeasturias.com\/noticias\/","email":"info@eldigitaldeasturias.com","telephone":"+34652131393","logo":{"@type":"ImageObject","url":"https:\/\/www.eldigitaldeasturias.com\/noticias\/wp-content\/uploads\/2020\/12\/EDA.jpg","@id":"https:\/\/www.eldigitaldeasturias.com\/noticias\/los-espanoles-viajan-un-38-mas-por-san-valentin\/#organizationLogo","width":649,"height":297},"image":{"@id":"https:\/\/www.eldigitaldeasturias.com\/noticias\/los-espanoles-viajan-un-38-mas-por-san-valentin\/#organizationLogo"},"sameAs":["https:\/\/facebook.com\/eldigitaldeasturias","https:\/\/www.youtube.com\/channel\/UCZP-2wLEB9Rv6erhFmqVnvg"],"address":{"@id":"https:\/\/www.eldigitaldeasturias.com\/noticias\/#postaladdress","@type":"PostalAddress","streetAddress":"san antonio 4,","postalCode":"33430","addressLocality":"Cand\u00e1s","addressRegion":"Asturias","addressCountry":"ES"}},{"@type":"Person","@id":"https:\/\/www.eldigitaldeasturias.com\/noticias\/author\/admin\/#author","url":"https:\/\/www.eldigitaldeasturias.com\/noticias\/author\/admin\/","name":"El Digital de Asturias","image":{"@type":"ImageObject","@id":"https:\/\/www.eldigitaldeasturias.com\/noticias\/los-espanoles-viajan-un-38-mas-por-san-valentin\/#authorImage","url":"https:\/\/www.eldigitaldeasturias.com\/noticias\/wp-content\/litespeed\/avatar\/18677e78aa0546b92d9dbf31ec7d7668.jpg?ver=1777290358","width":96,"height":96,"caption":"El Digital de Asturias"}},{"@type":"WebPage","@id":"https:\/\/www.eldigitaldeasturias.com\/noticias\/los-espanoles-viajan-un-38-mas-por-san-valentin\/#webpage","url":"https:\/\/www.eldigitaldeasturias.com\/noticias\/los-espanoles-viajan-un-38-mas-por-san-valentin\/","name":"Los espa\u00f1oles viajan un 38% m\u00e1s por San Valent\u00edn - El Digital de Asturias","description":"Los espa\u00f1oles viajar\u00e1n un 38% m\u00e1s por San Valent\u00edn, seg\u00fan la agencia de viajes 'online' eDreams que asegura que las reservas realizadas por los extranjeros con destino Espa\u00f1a tambi\u00e9n se han incrementado un 29% para el fin de semana del 12 al 14 de febrero. Un 50% de los viajeros espa\u00f1oles ha optado por destinos","inLanguage":"es-ES","isPartOf":{"@id":"https:\/\/www.eldigitaldeasturias.com\/noticias\/#website"},"breadcrumb":{"@id":"https:\/\/www.eldigitaldeasturias.com\/noticias\/los-espanoles-viajan-un-38-mas-por-san-valentin\/#breadcrumblist"},"author":{"@id":"https:\/\/www.eldigitaldeasturias.com\/noticias\/author\/admin\/#author"},"creator":{"@id":"https:\/\/www.eldigitaldeasturias.com\/noticias\/author\/admin\/#author"},"image":{"@type":"ImageObject","url":"https:\/\/www.eldigitaldeasturias.com\/noticias\/wp-content\/uploads\/2016\/02\/fotonoticia_20160202132838_800.jpg","@id":"https:\/\/www.eldigitaldeasturias.com\/noticias\/los-espanoles-viajan-un-38-mas-por-san-valentin\/#mainImage","width":800,"height":533},"primaryImageOfPage":{"@id":"https:\/\/www.eldigitaldeasturias.com\/noticias\/los-espanoles-viajan-un-38-mas-por-san-valentin\/#mainImage"},"datePublished":"2016-02-06T04:18:36+01:00","dateModified":"2016-02-06T04:18:36+01:00"},{"@type":"WebSite","@id":"https:\/\/www.eldigitaldeasturias.com\/noticias\/#website","url":"https:\/\/www.eldigitaldeasturias.com\/noticias\/","name":"El Digital de Asturias - Diario de actualidad y noticias","alternateName":"El Digital de Asturias - Diario de actualidad y noticias","description":"Hemeroteca","inLanguage":"es-ES","publisher":{"@id":"https:\/\/www.eldigitaldeasturias.com\/noticias\/#organization"}}]},"og:locale":"es_ES","og:site_name":"El Digital de Asturias","og:type":"article","og:title":"Los espa\u00f1oles viajan un 38% m\u00e1s por San Valent\u00edn - El Digital de Asturias","og:description":"Los espa\u00f1oles viajar\u00e1n un 38% m\u00e1s por San Valent\u00edn, seg\u00fan la agencia de viajes 'online' eDreams que asegura que las reservas realizadas por los extranjeros con destino Espa\u00f1a tambi\u00e9n se han incrementado un 29% para el fin de semana del 12 al 14 de febrero. Un 50% de los viajeros espa\u00f1oles ha optado por destinos","og:url":"https:\/\/www.eldigitaldeasturias.com\/noticias\/los-espanoles-viajan-un-38-mas-por-san-valentin\/","og:image":"https:\/\/www.eldigitaldeasturias.com\/noticias\/wp-content\/uploads\/2016\/02\/fotonoticia_20160202132838_800.jpg","og:image:secure_url":"https:\/\/www.eldigitaldeasturias.com\/noticias\/wp-content\/uploads\/2016\/02\/fotonoticia_20160202132838_800.jpg","og:image:width":800,"og:image:height":533,"article:tag":["turismo"],"article:published_time":"2016-02-06T04:18:36+00:00","article:modified_time":"2016-02-06T04:18:36+00:00","article:publisher":"https:\/\/facebook.com\/eldigitaldeasturias","twitter:card":"summary_large_image","twitter:title":"Los espa\u00f1oles viajan un 38% m\u00e1s por San Valent\u00edn - El Digital de Asturias","twitter:description":"Los espa\u00f1oles viajar\u00e1n un 38% m\u00e1s por San Valent\u00edn, seg\u00fan la agencia de viajes 'online' eDreams que asegura que las reservas realizadas por los extranjeros con destino Espa\u00f1a tambi\u00e9n se han incrementado un 29% para el fin de semana del 12 al 14 de febrero. Un 50% de los viajeros espa\u00f1oles ha optado por destinos","twitter:image":"https:\/\/www.eldigitaldeasturias.com\/noticias\/wp-content\/uploads\/2016\/02\/fotonoticia_20160202132838_800.jpg","twitter:label1":"Escrito por","twitter:data1":"El Digital de Asturias","twitter:label2":"Tiempo de lectura estimado","twitter:data2":"2 minutos"},"aioseo_meta_data":{"post_id":"854506","title":null,"description":null,"keywords":null,"keyphrases":null,"primary_term":null,"canonical_url":null,"og_title":null,"og_description":null,"og_object_type":"default","og_image_type":"default","og_image_url":null,"og_image_width":null,"og_image_height":null,"og_image_custom_url":null,"og_image_custom_fields":null,"og_video":null,"og_custom_url":null,"og_article_section":null,"og_article_tags":null,"twitter_use_og":false,"twitter_card":"default","twitter_image_type":"default","twitter_image_url":null,"twitter_image_custom_url":null,"twitter_image_custom_fields":null,"twitter_title":null,"twitter_description":null,"schema":{"blockGraphs":[],"customGraphs":[],"default":{"data":{"Article":[],"Course":[],"Dataset":[],"FAQPage":[],"Movie":[],"Person":[],"Product":[],"ProductReview":[],"Car":[],"Recipe":[],"Service":[],"SoftwareApplication":[],"WebPage":[]},"graphName":"","isEnabled":true},"graphs":[],"defaultGraph":"","defaultPostTypeGraph":""},"schema_type":null,"schema_type_options":null,"pillar_content":false,"robots_default":true,"robots_noindex":false,"robots_noarchive":false,"robots_nosnippet":false,"robots_nofollow":false,"robots_noimageindex":false,"robots_noodp":false,"robots_notranslate":false,"robots_max_snippet":null,"robots_max_videopreview":null,"robots_max_imagepreview":"large","priority":null,"frequency":null,"local_seo":null,"seo_analyzer_scan_date":"2025-12-09 21:45:50","breadcrumb_settings":null,"limit_modified_date":false,"open_ai":null,"ai":null,"created":"2021-01-23 14:16:14","updated":"2025-12-09 21:45:50"},"aioseo_breadcrumb":"<div class=\"aioseo-breadcrumbs\"><span class=\"aioseo-breadcrumb\">\n\t<a href=\"https:\/\/www.eldigitaldeasturias.com\/noticias\" title=\"Home\">Home<\/a>\n<\/span><span class=\"aioseo-breadcrumb-separator\">\u2013<\/span><span class=\"aioseo-breadcrumb\">\n\t<a href=\"https:\/\/www.eldigitaldeasturias.com\/noticias\/category\/turismo\/\" title=\"Turismo\">Turismo<\/a>\n<\/span><span class=\"aioseo-breadcrumb-separator\">\u2013<\/span><span class=\"aioseo-breadcrumb\">\n\t<a href=\"https:\/\/www.eldigitaldeasturias.com\/noticias\/los-espanoles-viajan-un-38-mas-por-san-valentin\/\" title=\"Los espa\u00f1oles viajan un 38% m\u00e1s por San Valent\u00edn\">Los espa\u00f1oles viajan un 38% m\u00e1s por San Valent\u00edn<\/a>\n<\/span><\/div>","aioseo_breadcrumb_json":[{"label":"Home","link":"https:\/\/www.eldigitaldeasturias.com\/noticias"},{"label":"Turismo","link":"https:\/\/www.eldigitaldeasturias.com\/noticias\/category\/turismo\/"},{"label":"Los espa\u00f1oles viajan un 38% m\u00e1s por San Valent\u00edn","link":"https:\/\/www.eldigitaldeasturias.com\/noticias\/los-espanoles-viajan-un-38-mas-por-san-valentin\/"}],"_links":{"self":[{"href":"https:\/\/www.eldigitaldeasturias.com\/noticias\/wp-json\/wp\/v2\/posts\/854506","targetHints":{"allow":["GET"]}}],"collection":[{"href":"https:\/\/www.eldigitaldeasturias.com\/noticias\/wp-json\/wp\/v2\/posts"}],"about":[{"href":"https:\/\/www.eldigitaldeasturias.com\/noticias\/wp-json\/wp\/v2\/types\/post"}],"author":[{"embeddable":true,"href":"https:\/\/www.eldigitaldeasturias.com\/noticias\/wp-json\/wp\/v2\/users\/1"}],"replies":[{"embeddable":true,"href":"https:\/\/www.eldigitaldeasturias.com\/noticias\/wp-json\/wp\/v2\/comments?post=854506"}],"version-history":[{"count":0,"href":"https:\/\/www.eldigitaldeasturias.com\/noticias\/wp-json\/wp\/v2\/posts\/854506\/revisions"}],"wp:featuredmedia":[{"embeddable":true,"href":"https:\/\/www.eldigitaldeasturias.com\/noticias\/wp-json\/wp\/v2\/media\/854507"}],"wp:attachment":[{"href":"https:\/\/www.eldigitaldeasturias.com\/noticias\/wp-json\/wp\/v2\/media?parent=854506"}],"wp:term":[{"taxonomy":"category","embeddable":true,"href":"https:\/\/www.eldigitaldeasturias.com\/noticias\/wp-json\/wp\/v2\/categories?post=854506"},{"taxonomy":"post_tag","embeddable":true,"href":"https:\/\/www.eldigitaldeasturias.com\/noticias\/wp-json\/wp\/v2\/tags?post=854506"}],"curies":[{"name":"wp","href":"https:\/\/api.w.org\/{rel}","templated":true}]}}