{"id":854144,"date":"2016-02-05T03:17:56","date_gmt":"2016-02-05T03:17:56","guid":{"rendered":"http:\/\/www.eldigitaldeasturias.com\/noticias\/?p=854144"},"modified":"2016-02-05T03:17:56","modified_gmt":"2016-02-05T03:17:56","slug":"cordoba-acogera-el-i-congreso-nacional-de-doma-vaquera","status":"publish","type":"post","link":"https:\/\/www.eldigitaldeasturias.com\/noticias\/cordoba-acogera-el-i-congreso-nacional-de-doma-vaquera\/","title":{"rendered":"C\u00f3rdoba acoger\u00e1 el I Congreso Nacional de Doma Vaquera"},"content":{"rendered":"<p><img loading=\"lazy\" decoding=\"async\" class=\"alignleft size-medium wp-image-854145\" src=\"https:\/\/www.eldigitaldeasturias.com\/noticias\/wp-content\/uploads\/2016\/02\/fotonoticia_20160201163459_800-360x203.jpg\" alt=\"fotonoticia_20160201163459_800\" width=\"360\" height=\"203\" srcset=\"https:\/\/www.eldigitaldeasturias.com\/noticias\/wp-content\/uploads\/2016\/02\/fotonoticia_20160201163459_800-360x203.jpg 360w, https:\/\/www.eldigitaldeasturias.com\/noticias\/wp-content\/uploads\/2016\/02\/fotonoticia_20160201163459_800-768x432.jpg 768w, https:\/\/www.eldigitaldeasturias.com\/noticias\/wp-content\/uploads\/2016\/02\/fotonoticia_20160201163459_800-650x366.jpg 650w, https:\/\/www.eldigitaldeasturias.com\/noticias\/wp-content\/uploads\/2016\/02\/fotonoticia_20160201163459_800.jpg 800w\" sizes=\"auto, (max-width: 360px) 100vw, 360px\" \/>La Universidad de C\u00f3rdoba (UCO) acoger\u00e1 del 11 al 13 de febrero el I Congreso Nacional de Doma Vaquera, organizado por la Asociaci\u00f3n Andaluza de Doma de Campo, y que cuenta con el apoyo de la Diputaci\u00f3n de C\u00f3rdoba, en el que se pretende dar una visi\u00f3n general de la disciplina y se abordar\u00e1 cu\u00e1l es su situaci\u00f3n actual y qu\u00e9 le espera en el futuro.<\/p>\n<p>En rueda de prensa de presentaci\u00f3n, la diputada de Turismo de la Diputaci\u00f3n de C\u00f3rdoba, Carmen Mar\u00eda G\u00f3mez, acompa\u00f1ada por el rector de la Universidad de C\u00f3rdoba (UCO), Jos\u00e9 Carlos G\u00f3mez Villamandos, y el presidente de la Asociaci\u00f3n Andaluza de Doma de Campo, Joaqu\u00edn Zurita, ha indicado que este evento \u00abtiene como objetivo dinamizar el sector tur\u00edstico ecuestre en la provincia y buscar una alternativa de ocio en nuestros municipios\u00bb.<\/p>\n<p>G\u00f3mez ha se\u00f1alado que \u00abes necesario establecer unos est\u00e1nderes de calidad y que sea respetuoso con la naturaleza, el paisaje y nuestro patrimonio, y en este sentido este congreso quiere ser un foro de encuentro entre profesionales y agentes del sector para definir las l\u00edneas estrat\u00e9gicas generales bas\u00e1ndonos en la Doma Vaquera\u00bb.<\/p>\n<p>La tambi\u00e9n vicepresidenta del Patronato Provincial de Turismo ha subrayado que \u00abactualmente, entre las modalidades de turismo ecuestre, encontramos la asistencia a espect\u00e1culos de esta tem\u00e1tica que se vienen incorporando a productos tur\u00edsticos tradicionales\u00bb, y ha a\u00f1adido que \u00aben los \u00faltimos a\u00f1os la popularidad de otro tipo de m\u00e9todos alternativos ha ido creciendo, como la hipoterapia y los servicio tur\u00edsticos que vienen incorporando los alojamientos rurales\u00bb.<\/p>\n<p>La diputada ha hecho hincapi\u00e9 en que este \u00abes un segmento tur\u00edstico de gran potencial puesto que aglutina una horquilla de edad de turistas de entre 25 y 60 a\u00f1os, que quieren conocer las tradiciones y la cultural del lugar\u00bb, y ha resaltado que \u00ablos datos nos dicen que hay en torno a 20 millones de practicantes de actividades ecuestres por ocio en pa\u00edses desarrollados; 2,5 millones de practicantes de gran Breta\u00f1a, unos 760.000 federados en Alemania; y 400.000 practicantes en Francia, por lo que C\u00f3rdoba tiene la oportunidad y el deber de hacerse con esas cuotas de mercado\u00bb.<\/p>\n<p>Por su parte, el presidente de la Asociaci\u00f3n Andaluza de Doma de Campo y organizador del evento, Joaqu\u00edn Zurita, ha se\u00f1alado la intenci\u00f3n de \u00abdesplazar el eje de la Doma Vaquera a C\u00f3rdoba por dos motivos, primero porque es el centro geogr\u00e1fico y es m\u00e1s c\u00f3modo para los aficionados venir a C\u00f3rdoba, y segundo porque si hay una provincia con tradici\u00f3n ecuestre en Europa es C\u00f3rdoba\u00bb.<\/p>\n<p>Adem\u00e1s se celebra \u00abun campeonato de Espa\u00f1a de Doma Vaquera absoluto al que incorporamos un campeonato de menores, por lo que todo el universo de la Doma Vaquera estar\u00e1 en C\u00f3rdoba\u00bb, ha afirmado Zurita, qui\u00e9n ha explicado que se abordar\u00e1 el papel de los medios de comunicaci\u00f3n en la doma, los tipos de caballos o c\u00f3mo se debe afrontar un concurso.<\/p>\n<p>Para concluir, el rector de la UCO, Jos\u00e9 Carlos G\u00f3mez Villamandos, ha resaltado el valor \u00abde tener la \u00fanica Facultad de Veterinaria en Andaluc\u00eda nos obliga a colaborar en este congreso nacional y todo lo que se mueve alrededor del mundo del caballo\u00bb.<\/p>\n<p>En este sentido, Villamandos ha se\u00f1alado que \u00abnuestra facultad siempre ha sido considerada, por el resto de facultades, como la especialista en el mundo del caballo y as\u00ed queremos que siga siendo gracias a los profesionales que siguen trabajando con el sector\u00bb.<\/p>\n","protected":false},"excerpt":{"rendered":"<p>La Universidad de C\u00f3rdoba (UCO) acoger\u00e1 del 11 al 13 de febrero el I Congreso Nacional de Doma Vaquera, organizado por la Asociaci\u00f3n Andaluza de Doma de Campo, y que cuenta con el apoyo de la Diputaci\u00f3n de C\u00f3rdoba, en el que se pretende dar una visi\u00f3n general de la disciplina y se abordar\u00e1 cu\u00e1l [&hellip;]<\/p>\n","protected":false},"author":1,"featured_media":854145,"comment_status":"closed","ping_status":"closed","sticky":false,"template":"","format":"standard","meta":{"footnotes":""},"categories":[148],"tags":[],"class_list":["post-854144","post","type-post","status-publish","format-standard","has-post-thumbnail","hentry","category-turismo"],"aioseo_notices":[],"aioseo_head":"\n\t\t<!-- All in One SEO Pro 4.9.6.2 - aioseo.com -->\n\t<meta name=\"description\" content=\"La Universidad de C\u00f3rdoba (UCO) acoger\u00e1 del 11 al 13 de febrero el I Congreso Nacional de Doma Vaquera, organizado por la Asociaci\u00f3n Andaluza de Doma de Campo, y que cuenta con el apoyo de la Diputaci\u00f3n de C\u00f3rdoba, en el que se pretende dar una visi\u00f3n general de la disciplina y se abordar\u00e1 cu\u00e1l\" \/>\n\t<meta name=\"robots\" content=\"max-image-preview:large\" \/>\n\t<meta name=\"author\" content=\"El Digital de Asturias\"\/>\n\t<meta name=\"google-site-verification\" content=\"UA-38556648-1\" \/>\n\t<meta name=\"msvalidate.01\" content=\"7dfe9f3f1b24437ab69f4f2559babe99\" \/>\n\t<meta name=\"keywords\" content=\"turismo\" \/>\n\t<link rel=\"canonical\" href=\"https:\/\/www.eldigitaldeasturias.com\/noticias\/cordoba-acogera-el-i-congreso-nacional-de-doma-vaquera\/\" \/>\n\t<meta name=\"generator\" content=\"All in One SEO Pro (AIOSEO) 4.9.6.2\" \/>\n\t\t<meta property=\"og:locale\" content=\"es_ES\" \/>\n\t\t<meta property=\"og:site_name\" content=\"El Digital de Asturias\" \/>\n\t\t<meta property=\"og:type\" content=\"article\" \/>\n\t\t<meta property=\"og:title\" content=\"C\u00f3rdoba acoger\u00e1 el I Congreso Nacional de Doma Vaquera - El Digital de Asturias\" \/>\n\t\t<meta property=\"og:description\" content=\"La Universidad de C\u00f3rdoba (UCO) acoger\u00e1 del 11 al 13 de febrero el I Congreso Nacional de Doma Vaquera, organizado por la Asociaci\u00f3n Andaluza de Doma de Campo, y que cuenta con el apoyo de la Diputaci\u00f3n de C\u00f3rdoba, en el que se pretende dar una visi\u00f3n general de la disciplina y se abordar\u00e1 cu\u00e1l\" \/>\n\t\t<meta property=\"og:url\" content=\"https:\/\/www.eldigitaldeasturias.com\/noticias\/cordoba-acogera-el-i-congreso-nacional-de-doma-vaquera\/\" \/>\n\t\t<meta property=\"og:image\" content=\"https:\/\/www.eldigitaldeasturias.com\/noticias\/wp-content\/uploads\/2016\/02\/fotonoticia_20160201163459_800.jpg\" \/>\n\t\t<meta property=\"og:image:secure_url\" content=\"https:\/\/www.eldigitaldeasturias.com\/noticias\/wp-content\/uploads\/2016\/02\/fotonoticia_20160201163459_800.jpg\" \/>\n\t\t<meta property=\"og:image:width\" content=\"800\" \/>\n\t\t<meta property=\"og:image:height\" content=\"450\" \/>\n\t\t<meta property=\"article:tag\" content=\"turismo\" \/>\n\t\t<meta property=\"article:published_time\" content=\"2016-02-05T03:17:56+00:00\" \/>\n\t\t<meta property=\"article:modified_time\" content=\"2016-02-05T03:17:56+00:00\" \/>\n\t\t<meta property=\"article:publisher\" content=\"https:\/\/facebook.com\/eldigitaldeasturias\" \/>\n\t\t<meta name=\"twitter:card\" content=\"summary_large_image\" \/>\n\t\t<meta name=\"twitter:title\" content=\"C\u00f3rdoba acoger\u00e1 el I Congreso Nacional de Doma Vaquera - El Digital de Asturias\" \/>\n\t\t<meta name=\"twitter:description\" content=\"La Universidad de C\u00f3rdoba (UCO) acoger\u00e1 del 11 al 13 de febrero el I Congreso Nacional de Doma Vaquera, organizado por la Asociaci\u00f3n Andaluza de Doma de Campo, y que cuenta con el apoyo de la Diputaci\u00f3n de C\u00f3rdoba, en el que se pretende dar una visi\u00f3n general de la disciplina y se abordar\u00e1 cu\u00e1l\" \/>\n\t\t<meta name=\"twitter:image\" content=\"https:\/\/www.eldigitaldeasturias.com\/noticias\/wp-content\/uploads\/2016\/02\/fotonoticia_20160201163459_800.jpg\" \/>\n\t\t<meta name=\"twitter:label1\" content=\"Escrito por\" \/>\n\t\t<meta name=\"twitter:data1\" content=\"El Digital de Asturias\" \/>\n\t\t<meta name=\"twitter:label2\" content=\"Tiempo de lectura estimado\" \/>\n\t\t<meta name=\"twitter:data2\" content=\"3 minutos\" \/>\n\t\t<script type=\"application\/ld+json\" class=\"aioseo-schema\">\n\t\t\t{\"@context\":\"https:\\\/\\\/schema.org\",\"@graph\":[{\"@type\":\"BlogPosting\",\"@id\":\"https:\\\/\\\/www.eldigitaldeasturias.com\\\/noticias\\\/cordoba-acogera-el-i-congreso-nacional-de-doma-vaquera\\\/#blogposting\",\"name\":\"C\\u00f3rdoba acoger\\u00e1 el I Congreso Nacional de Doma Vaquera - El Digital de Asturias\",\"headline\":\"C\\u00f3rdoba acoger\\u00e1 el I Congreso Nacional de Doma Vaquera\",\"author\":{\"@id\":\"https:\\\/\\\/www.eldigitaldeasturias.com\\\/noticias\\\/author\\\/admin\\\/#author\"},\"publisher\":{\"@id\":\"https:\\\/\\\/www.eldigitaldeasturias.com\\\/noticias\\\/#organization\"},\"image\":{\"@type\":\"ImageObject\",\"url\":\"https:\\\/\\\/www.eldigitaldeasturias.com\\\/noticias\\\/wp-content\\\/uploads\\\/2016\\\/02\\\/fotonoticia_20160201163459_800.jpg\",\"width\":800,\"height\":450},\"datePublished\":\"2016-02-05T03:17:56+01:00\",\"dateModified\":\"2016-02-05T03:17:56+01:00\",\"inLanguage\":\"es-ES\",\"mainEntityOfPage\":{\"@id\":\"https:\\\/\\\/www.eldigitaldeasturias.com\\\/noticias\\\/cordoba-acogera-el-i-congreso-nacional-de-doma-vaquera\\\/#webpage\"},\"isPartOf\":{\"@id\":\"https:\\\/\\\/www.eldigitaldeasturias.com\\\/noticias\\\/cordoba-acogera-el-i-congreso-nacional-de-doma-vaquera\\\/#webpage\"},\"articleSection\":\"Turismo\"},{\"@type\":\"BreadcrumbList\",\"@id\":\"https:\\\/\\\/www.eldigitaldeasturias.com\\\/noticias\\\/cordoba-acogera-el-i-congreso-nacional-de-doma-vaquera\\\/#breadcrumblist\",\"itemListElement\":[{\"@type\":\"ListItem\",\"@id\":\"https:\\\/\\\/www.eldigitaldeasturias.com\\\/noticias#listItem\",\"position\":1,\"name\":\"Home\",\"item\":\"https:\\\/\\\/www.eldigitaldeasturias.com\\\/noticias\",\"nextItem\":{\"@type\":\"ListItem\",\"@id\":\"https:\\\/\\\/www.eldigitaldeasturias.com\\\/noticias\\\/category\\\/turismo\\\/#listItem\",\"name\":\"Turismo\"}},{\"@type\":\"ListItem\",\"@id\":\"https:\\\/\\\/www.eldigitaldeasturias.com\\\/noticias\\\/category\\\/turismo\\\/#listItem\",\"position\":2,\"name\":\"Turismo\",\"item\":\"https:\\\/\\\/www.eldigitaldeasturias.com\\\/noticias\\\/category\\\/turismo\\\/\",\"nextItem\":{\"@type\":\"ListItem\",\"@id\":\"https:\\\/\\\/www.eldigitaldeasturias.com\\\/noticias\\\/cordoba-acogera-el-i-congreso-nacional-de-doma-vaquera\\\/#listItem\",\"name\":\"C\\u00f3rdoba acoger\\u00e1 el I Congreso Nacional de Doma Vaquera\"},\"previousItem\":{\"@type\":\"ListItem\",\"@id\":\"https:\\\/\\\/www.eldigitaldeasturias.com\\\/noticias#listItem\",\"name\":\"Home\"}},{\"@type\":\"ListItem\",\"@id\":\"https:\\\/\\\/www.eldigitaldeasturias.com\\\/noticias\\\/cordoba-acogera-el-i-congreso-nacional-de-doma-vaquera\\\/#listItem\",\"position\":3,\"name\":\"C\\u00f3rdoba acoger\\u00e1 el I Congreso Nacional de Doma Vaquera\",\"previousItem\":{\"@type\":\"ListItem\",\"@id\":\"https:\\\/\\\/www.eldigitaldeasturias.com\\\/noticias\\\/category\\\/turismo\\\/#listItem\",\"name\":\"Turismo\"}}]},{\"@type\":\"Organization\",\"@id\":\"https:\\\/\\\/www.eldigitaldeasturias.com\\\/noticias\\\/#organization\",\"name\":\"El Digital de Asturias\",\"description\":\"Hemeroteca\",\"url\":\"https:\\\/\\\/www.eldigitaldeasturias.com\\\/noticias\\\/\",\"email\":\"info@eldigitaldeasturias.com\",\"telephone\":\"+34652131393\",\"logo\":{\"@type\":\"ImageObject\",\"url\":\"https:\\\/\\\/www.eldigitaldeasturias.com\\\/noticias\\\/wp-content\\\/uploads\\\/2020\\\/12\\\/EDA.jpg\",\"@id\":\"https:\\\/\\\/www.eldigitaldeasturias.com\\\/noticias\\\/cordoba-acogera-el-i-congreso-nacional-de-doma-vaquera\\\/#organizationLogo\",\"width\":649,\"height\":297},\"image\":{\"@id\":\"https:\\\/\\\/www.eldigitaldeasturias.com\\\/noticias\\\/cordoba-acogera-el-i-congreso-nacional-de-doma-vaquera\\\/#organizationLogo\"},\"sameAs\":[\"https:\\\/\\\/facebook.com\\\/eldigitaldeasturias\",\"https:\\\/\\\/www.youtube.com\\\/channel\\\/UCZP-2wLEB9Rv6erhFmqVnvg\"],\"address\":{\"@id\":\"https:\\\/\\\/www.eldigitaldeasturias.com\\\/noticias\\\/#postaladdress\",\"@type\":\"PostalAddress\",\"streetAddress\":\"san antonio 4,\",\"postalCode\":\"33430\",\"addressLocality\":\"Cand\\u00e1s\",\"addressRegion\":\"Asturias\",\"addressCountry\":\"ES\"}},{\"@type\":\"Person\",\"@id\":\"https:\\\/\\\/www.eldigitaldeasturias.com\\\/noticias\\\/author\\\/admin\\\/#author\",\"url\":\"https:\\\/\\\/www.eldigitaldeasturias.com\\\/noticias\\\/author\\\/admin\\\/\",\"name\":\"El Digital de Asturias\",\"image\":{\"@type\":\"ImageObject\",\"@id\":\"https:\\\/\\\/www.eldigitaldeasturias.com\\\/noticias\\\/cordoba-acogera-el-i-congreso-nacional-de-doma-vaquera\\\/#authorImage\",\"url\":\"https:\\\/\\\/www.eldigitaldeasturias.com\\\/noticias\\\/wp-content\\\/litespeed\\\/avatar\\\/18677e78aa0546b92d9dbf31ec7d7668.jpg?ver=1777290358\",\"width\":96,\"height\":96,\"caption\":\"El Digital de Asturias\"}},{\"@type\":\"WebPage\",\"@id\":\"https:\\\/\\\/www.eldigitaldeasturias.com\\\/noticias\\\/cordoba-acogera-el-i-congreso-nacional-de-doma-vaquera\\\/#webpage\",\"url\":\"https:\\\/\\\/www.eldigitaldeasturias.com\\\/noticias\\\/cordoba-acogera-el-i-congreso-nacional-de-doma-vaquera\\\/\",\"name\":\"C\\u00f3rdoba acoger\\u00e1 el I Congreso Nacional de Doma Vaquera - El Digital de Asturias\",\"description\":\"La Universidad de C\\u00f3rdoba (UCO) acoger\\u00e1 del 11 al 13 de febrero el I Congreso Nacional de Doma Vaquera, organizado por la Asociaci\\u00f3n Andaluza de Doma de Campo, y que cuenta con el apoyo de la Diputaci\\u00f3n de C\\u00f3rdoba, en el que se pretende dar una visi\\u00f3n general de la disciplina y se abordar\\u00e1 cu\\u00e1l\",\"inLanguage\":\"es-ES\",\"isPartOf\":{\"@id\":\"https:\\\/\\\/www.eldigitaldeasturias.com\\\/noticias\\\/#website\"},\"breadcrumb\":{\"@id\":\"https:\\\/\\\/www.eldigitaldeasturias.com\\\/noticias\\\/cordoba-acogera-el-i-congreso-nacional-de-doma-vaquera\\\/#breadcrumblist\"},\"author\":{\"@id\":\"https:\\\/\\\/www.eldigitaldeasturias.com\\\/noticias\\\/author\\\/admin\\\/#author\"},\"creator\":{\"@id\":\"https:\\\/\\\/www.eldigitaldeasturias.com\\\/noticias\\\/author\\\/admin\\\/#author\"},\"image\":{\"@type\":\"ImageObject\",\"url\":\"https:\\\/\\\/www.eldigitaldeasturias.com\\\/noticias\\\/wp-content\\\/uploads\\\/2016\\\/02\\\/fotonoticia_20160201163459_800.jpg\",\"@id\":\"https:\\\/\\\/www.eldigitaldeasturias.com\\\/noticias\\\/cordoba-acogera-el-i-congreso-nacional-de-doma-vaquera\\\/#mainImage\",\"width\":800,\"height\":450},\"primaryImageOfPage\":{\"@id\":\"https:\\\/\\\/www.eldigitaldeasturias.com\\\/noticias\\\/cordoba-acogera-el-i-congreso-nacional-de-doma-vaquera\\\/#mainImage\"},\"datePublished\":\"2016-02-05T03:17:56+01:00\",\"dateModified\":\"2016-02-05T03:17:56+01:00\"},{\"@type\":\"WebSite\",\"@id\":\"https:\\\/\\\/www.eldigitaldeasturias.com\\\/noticias\\\/#website\",\"url\":\"https:\\\/\\\/www.eldigitaldeasturias.com\\\/noticias\\\/\",\"name\":\"El Digital de Asturias - Diario de actualidad y noticias\",\"alternateName\":\"El Digital de Asturias - Diario de actualidad y noticias\",\"description\":\"Hemeroteca\",\"inLanguage\":\"es-ES\",\"publisher\":{\"@id\":\"https:\\\/\\\/www.eldigitaldeasturias.com\\\/noticias\\\/#organization\"}}]}\n\t\t<\/script>\n\t\t<!-- All in One SEO Pro -->\r\n\t\t<title>C\u00f3rdoba acoger\u00e1 el I Congreso Nacional de Doma Vaquera - El Digital de Asturias<\/title>\n\n","aioseo_head_json":{"title":"C\u00f3rdoba acoger\u00e1 el I Congreso Nacional de Doma Vaquera - El Digital de Asturias","description":"La Universidad de C\u00f3rdoba (UCO) acoger\u00e1 del 11 al 13 de febrero el I Congreso Nacional de Doma Vaquera, organizado por la Asociaci\u00f3n Andaluza de Doma de Campo, y que cuenta con el apoyo de la Diputaci\u00f3n de C\u00f3rdoba, en el que se pretende dar una visi\u00f3n general de la disciplina y se abordar\u00e1 cu\u00e1l","canonical_url":"https:\/\/www.eldigitaldeasturias.com\/noticias\/cordoba-acogera-el-i-congreso-nacional-de-doma-vaquera\/","robots":"max-image-preview:large","keywords":"turismo","webmasterTools":{"google-site-verification":"UA-38556648-1","msvalidate.01":"7dfe9f3f1b24437ab69f4f2559babe99","miscellaneous":""},"schema":{"@context":"https:\/\/schema.org","@graph":[{"@type":"BlogPosting","@id":"https:\/\/www.eldigitaldeasturias.com\/noticias\/cordoba-acogera-el-i-congreso-nacional-de-doma-vaquera\/#blogposting","name":"C\u00f3rdoba acoger\u00e1 el I Congreso Nacional de Doma Vaquera - El Digital de Asturias","headline":"C\u00f3rdoba acoger\u00e1 el I Congreso Nacional de Doma Vaquera","author":{"@id":"https:\/\/www.eldigitaldeasturias.com\/noticias\/author\/admin\/#author"},"publisher":{"@id":"https:\/\/www.eldigitaldeasturias.com\/noticias\/#organization"},"image":{"@type":"ImageObject","url":"https:\/\/www.eldigitaldeasturias.com\/noticias\/wp-content\/uploads\/2016\/02\/fotonoticia_20160201163459_800.jpg","width":800,"height":450},"datePublished":"2016-02-05T03:17:56+01:00","dateModified":"2016-02-05T03:17:56+01:00","inLanguage":"es-ES","mainEntityOfPage":{"@id":"https:\/\/www.eldigitaldeasturias.com\/noticias\/cordoba-acogera-el-i-congreso-nacional-de-doma-vaquera\/#webpage"},"isPartOf":{"@id":"https:\/\/www.eldigitaldeasturias.com\/noticias\/cordoba-acogera-el-i-congreso-nacional-de-doma-vaquera\/#webpage"},"articleSection":"Turismo"},{"@type":"BreadcrumbList","@id":"https:\/\/www.eldigitaldeasturias.com\/noticias\/cordoba-acogera-el-i-congreso-nacional-de-doma-vaquera\/#breadcrumblist","itemListElement":[{"@type":"ListItem","@id":"https:\/\/www.eldigitaldeasturias.com\/noticias#listItem","position":1,"name":"Home","item":"https:\/\/www.eldigitaldeasturias.com\/noticias","nextItem":{"@type":"ListItem","@id":"https:\/\/www.eldigitaldeasturias.com\/noticias\/category\/turismo\/#listItem","name":"Turismo"}},{"@type":"ListItem","@id":"https:\/\/www.eldigitaldeasturias.com\/noticias\/category\/turismo\/#listItem","position":2,"name":"Turismo","item":"https:\/\/www.eldigitaldeasturias.com\/noticias\/category\/turismo\/","nextItem":{"@type":"ListItem","@id":"https:\/\/www.eldigitaldeasturias.com\/noticias\/cordoba-acogera-el-i-congreso-nacional-de-doma-vaquera\/#listItem","name":"C\u00f3rdoba acoger\u00e1 el I Congreso Nacional de Doma Vaquera"},"previousItem":{"@type":"ListItem","@id":"https:\/\/www.eldigitaldeasturias.com\/noticias#listItem","name":"Home"}},{"@type":"ListItem","@id":"https:\/\/www.eldigitaldeasturias.com\/noticias\/cordoba-acogera-el-i-congreso-nacional-de-doma-vaquera\/#listItem","position":3,"name":"C\u00f3rdoba acoger\u00e1 el I Congreso Nacional de Doma Vaquera","previousItem":{"@type":"ListItem","@id":"https:\/\/www.eldigitaldeasturias.com\/noticias\/category\/turismo\/#listItem","name":"Turismo"}}]},{"@type":"Organization","@id":"https:\/\/www.eldigitaldeasturias.com\/noticias\/#organization","name":"El Digital de Asturias","description":"Hemeroteca","url":"https:\/\/www.eldigitaldeasturias.com\/noticias\/","email":"info@eldigitaldeasturias.com","telephone":"+34652131393","logo":{"@type":"ImageObject","url":"https:\/\/www.eldigitaldeasturias.com\/noticias\/wp-content\/uploads\/2020\/12\/EDA.jpg","@id":"https:\/\/www.eldigitaldeasturias.com\/noticias\/cordoba-acogera-el-i-congreso-nacional-de-doma-vaquera\/#organizationLogo","width":649,"height":297},"image":{"@id":"https:\/\/www.eldigitaldeasturias.com\/noticias\/cordoba-acogera-el-i-congreso-nacional-de-doma-vaquera\/#organizationLogo"},"sameAs":["https:\/\/facebook.com\/eldigitaldeasturias","https:\/\/www.youtube.com\/channel\/UCZP-2wLEB9Rv6erhFmqVnvg"],"address":{"@id":"https:\/\/www.eldigitaldeasturias.com\/noticias\/#postaladdress","@type":"PostalAddress","streetAddress":"san antonio 4,","postalCode":"33430","addressLocality":"Cand\u00e1s","addressRegion":"Asturias","addressCountry":"ES"}},{"@type":"Person","@id":"https:\/\/www.eldigitaldeasturias.com\/noticias\/author\/admin\/#author","url":"https:\/\/www.eldigitaldeasturias.com\/noticias\/author\/admin\/","name":"El Digital de Asturias","image":{"@type":"ImageObject","@id":"https:\/\/www.eldigitaldeasturias.com\/noticias\/cordoba-acogera-el-i-congreso-nacional-de-doma-vaquera\/#authorImage","url":"https:\/\/www.eldigitaldeasturias.com\/noticias\/wp-content\/litespeed\/avatar\/18677e78aa0546b92d9dbf31ec7d7668.jpg?ver=1777290358","width":96,"height":96,"caption":"El Digital de Asturias"}},{"@type":"WebPage","@id":"https:\/\/www.eldigitaldeasturias.com\/noticias\/cordoba-acogera-el-i-congreso-nacional-de-doma-vaquera\/#webpage","url":"https:\/\/www.eldigitaldeasturias.com\/noticias\/cordoba-acogera-el-i-congreso-nacional-de-doma-vaquera\/","name":"C\u00f3rdoba acoger\u00e1 el I Congreso Nacional de Doma Vaquera - El Digital de Asturias","description":"La Universidad de C\u00f3rdoba (UCO) acoger\u00e1 del 11 al 13 de febrero el I Congreso Nacional de Doma Vaquera, organizado por la Asociaci\u00f3n Andaluza de Doma de Campo, y que cuenta con el apoyo de la Diputaci\u00f3n de C\u00f3rdoba, en el que se pretende dar una visi\u00f3n general de la disciplina y se abordar\u00e1 cu\u00e1l","inLanguage":"es-ES","isPartOf":{"@id":"https:\/\/www.eldigitaldeasturias.com\/noticias\/#website"},"breadcrumb":{"@id":"https:\/\/www.eldigitaldeasturias.com\/noticias\/cordoba-acogera-el-i-congreso-nacional-de-doma-vaquera\/#breadcrumblist"},"author":{"@id":"https:\/\/www.eldigitaldeasturias.com\/noticias\/author\/admin\/#author"},"creator":{"@id":"https:\/\/www.eldigitaldeasturias.com\/noticias\/author\/admin\/#author"},"image":{"@type":"ImageObject","url":"https:\/\/www.eldigitaldeasturias.com\/noticias\/wp-content\/uploads\/2016\/02\/fotonoticia_20160201163459_800.jpg","@id":"https:\/\/www.eldigitaldeasturias.com\/noticias\/cordoba-acogera-el-i-congreso-nacional-de-doma-vaquera\/#mainImage","width":800,"height":450},"primaryImageOfPage":{"@id":"https:\/\/www.eldigitaldeasturias.com\/noticias\/cordoba-acogera-el-i-congreso-nacional-de-doma-vaquera\/#mainImage"},"datePublished":"2016-02-05T03:17:56+01:00","dateModified":"2016-02-05T03:17:56+01:00"},{"@type":"WebSite","@id":"https:\/\/www.eldigitaldeasturias.com\/noticias\/#website","url":"https:\/\/www.eldigitaldeasturias.com\/noticias\/","name":"El Digital de Asturias - Diario de actualidad y noticias","alternateName":"El Digital de Asturias - Diario de actualidad y noticias","description":"Hemeroteca","inLanguage":"es-ES","publisher":{"@id":"https:\/\/www.eldigitaldeasturias.com\/noticias\/#organization"}}]},"og:locale":"es_ES","og:site_name":"El Digital de Asturias","og:type":"article","og:title":"C\u00f3rdoba acoger\u00e1 el I Congreso Nacional de Doma Vaquera - El Digital de Asturias","og:description":"La Universidad de C\u00f3rdoba (UCO) acoger\u00e1 del 11 al 13 de febrero el I Congreso Nacional de Doma Vaquera, organizado por la Asociaci\u00f3n Andaluza de Doma de Campo, y que cuenta con el apoyo de la Diputaci\u00f3n de C\u00f3rdoba, en el que se pretende dar una visi\u00f3n general de la disciplina y se abordar\u00e1 cu\u00e1l","og:url":"https:\/\/www.eldigitaldeasturias.com\/noticias\/cordoba-acogera-el-i-congreso-nacional-de-doma-vaquera\/","og:image":"https:\/\/www.eldigitaldeasturias.com\/noticias\/wp-content\/uploads\/2016\/02\/fotonoticia_20160201163459_800.jpg","og:image:secure_url":"https:\/\/www.eldigitaldeasturias.com\/noticias\/wp-content\/uploads\/2016\/02\/fotonoticia_20160201163459_800.jpg","og:image:width":800,"og:image:height":450,"article:tag":["turismo"],"article:published_time":"2016-02-05T03:17:56+00:00","article:modified_time":"2016-02-05T03:17:56+00:00","article:publisher":"https:\/\/facebook.com\/eldigitaldeasturias","twitter:card":"summary_large_image","twitter:title":"C\u00f3rdoba acoger\u00e1 el I Congreso Nacional de Doma Vaquera - El Digital de Asturias","twitter:description":"La Universidad de C\u00f3rdoba (UCO) acoger\u00e1 del 11 al 13 de febrero el I Congreso Nacional de Doma Vaquera, organizado por la Asociaci\u00f3n Andaluza de Doma de Campo, y que cuenta con el apoyo de la Diputaci\u00f3n de C\u00f3rdoba, en el que se pretende dar una visi\u00f3n general de la disciplina y se abordar\u00e1 cu\u00e1l","twitter:image":"https:\/\/www.eldigitaldeasturias.com\/noticias\/wp-content\/uploads\/2016\/02\/fotonoticia_20160201163459_800.jpg","twitter:label1":"Escrito por","twitter:data1":"El Digital de Asturias","twitter:label2":"Tiempo de lectura estimado","twitter:data2":"3 minutos"},"aioseo_meta_data":{"post_id":"854144","title":null,"description":null,"keywords":null,"keyphrases":null,"primary_term":null,"canonical_url":null,"og_title":null,"og_description":null,"og_object_type":"default","og_image_type":"default","og_image_url":null,"og_image_width":null,"og_image_height":null,"og_image_custom_url":null,"og_image_custom_fields":null,"og_video":null,"og_custom_url":null,"og_article_section":null,"og_article_tags":null,"twitter_use_og":false,"twitter_card":"default","twitter_image_type":"default","twitter_image_url":null,"twitter_image_custom_url":null,"twitter_image_custom_fields":null,"twitter_title":null,"twitter_description":null,"schema":{"blockGraphs":[],"customGraphs":[],"default":{"data":{"Article":[],"Course":[],"Dataset":[],"FAQPage":[],"Movie":[],"Person":[],"Product":[],"ProductReview":[],"Car":[],"Recipe":[],"Service":[],"SoftwareApplication":[],"WebPage":[]},"graphName":"","isEnabled":true},"graphs":[],"defaultGraph":"","defaultPostTypeGraph":""},"schema_type":null,"schema_type_options":null,"pillar_content":false,"robots_default":true,"robots_noindex":false,"robots_noarchive":false,"robots_nosnippet":false,"robots_nofollow":false,"robots_noimageindex":false,"robots_noodp":false,"robots_notranslate":false,"robots_max_snippet":null,"robots_max_videopreview":null,"robots_max_imagepreview":"large","priority":null,"frequency":null,"local_seo":null,"seo_analyzer_scan_date":"2025-12-09 20:26:18","breadcrumb_settings":null,"limit_modified_date":false,"open_ai":null,"ai":null,"created":"2021-01-23 14:13:12","updated":"2025-12-09 20:26:18"},"aioseo_breadcrumb":"<div class=\"aioseo-breadcrumbs\"><span class=\"aioseo-breadcrumb\">\n\t<a href=\"https:\/\/www.eldigitaldeasturias.com\/noticias\" title=\"Home\">Home<\/a>\n<\/span><span class=\"aioseo-breadcrumb-separator\">\u2013<\/span><span class=\"aioseo-breadcrumb\">\n\t<a href=\"https:\/\/www.eldigitaldeasturias.com\/noticias\/category\/turismo\/\" title=\"Turismo\">Turismo<\/a>\n<\/span><span class=\"aioseo-breadcrumb-separator\">\u2013<\/span><span class=\"aioseo-breadcrumb\">\n\t<a href=\"https:\/\/www.eldigitaldeasturias.com\/noticias\/cordoba-acogera-el-i-congreso-nacional-de-doma-vaquera\/\" title=\"C\u00f3rdoba acoger\u00e1 el I Congreso Nacional de Doma Vaquera\">C\u00f3rdoba acoger\u00e1 el I Congreso Nacional de Doma Vaquera<\/a>\n<\/span><\/div>","aioseo_breadcrumb_json":[{"label":"Home","link":"https:\/\/www.eldigitaldeasturias.com\/noticias"},{"label":"Turismo","link":"https:\/\/www.eldigitaldeasturias.com\/noticias\/category\/turismo\/"},{"label":"C\u00f3rdoba acoger\u00e1 el I Congreso Nacional de Doma Vaquera","link":"https:\/\/www.eldigitaldeasturias.com\/noticias\/cordoba-acogera-el-i-congreso-nacional-de-doma-vaquera\/"}],"_links":{"self":[{"href":"https:\/\/www.eldigitaldeasturias.com\/noticias\/wp-json\/wp\/v2\/posts\/854144","targetHints":{"allow":["GET"]}}],"collection":[{"href":"https:\/\/www.eldigitaldeasturias.com\/noticias\/wp-json\/wp\/v2\/posts"}],"about":[{"href":"https:\/\/www.eldigitaldeasturias.com\/noticias\/wp-json\/wp\/v2\/types\/post"}],"author":[{"embeddable":true,"href":"https:\/\/www.eldigitaldeasturias.com\/noticias\/wp-json\/wp\/v2\/users\/1"}],"replies":[{"embeddable":true,"href":"https:\/\/www.eldigitaldeasturias.com\/noticias\/wp-json\/wp\/v2\/comments?post=854144"}],"version-history":[{"count":0,"href":"https:\/\/www.eldigitaldeasturias.com\/noticias\/wp-json\/wp\/v2\/posts\/854144\/revisions"}],"wp:featuredmedia":[{"embeddable":true,"href":"https:\/\/www.eldigitaldeasturias.com\/noticias\/wp-json\/wp\/v2\/media\/854145"}],"wp:attachment":[{"href":"https:\/\/www.eldigitaldeasturias.com\/noticias\/wp-json\/wp\/v2\/media?parent=854144"}],"wp:term":[{"taxonomy":"category","embeddable":true,"href":"https:\/\/www.eldigitaldeasturias.com\/noticias\/wp-json\/wp\/v2\/categories?post=854144"},{"taxonomy":"post_tag","embeddable":true,"href":"https:\/\/www.eldigitaldeasturias.com\/noticias\/wp-json\/wp\/v2\/tags?post=854144"}],"curies":[{"name":"wp","href":"https:\/\/api.w.org\/{rel}","templated":true}]}}