{"id":853826,"date":"2016-02-04T17:59:51","date_gmt":"2016-02-04T17:59:51","guid":{"rendered":"http:\/\/www.eldigitaldeasturias.com\/noticias\/?p=853826"},"modified":"2016-02-04T17:59:51","modified_gmt":"2016-02-04T17:59:51","slug":"las-ciguenas-ya-no-esperan-a-san-blas-para-regresar-a-espana","status":"publish","type":"post","link":"https:\/\/www.eldigitaldeasturias.com\/noticias\/las-ciguenas-ya-no-esperan-a-san-blas-para-regresar-a-espana\/","title":{"rendered":"Las cig\u00fce\u00f1as ya no esperan a San Blas para regresar a Espa\u00f1a"},"content":{"rendered":"<p><img loading=\"lazy\" decoding=\"async\" class=\"alignleft size-medium wp-image-853827\" src=\"https:\/\/www.eldigitaldeasturias.com\/noticias\/wp-content\/uploads\/2016\/02\/fotonoticia_20160203111459_800-360x288.jpg\" alt=\"fotonoticia_20160203111459_800\" width=\"360\" height=\"288\" srcset=\"https:\/\/www.eldigitaldeasturias.com\/noticias\/wp-content\/uploads\/2016\/02\/fotonoticia_20160203111459_800-360x288.jpg 360w, https:\/\/www.eldigitaldeasturias.com\/noticias\/wp-content\/uploads\/2016\/02\/fotonoticia_20160203111459_800-768x614.jpg 768w, https:\/\/www.eldigitaldeasturias.com\/noticias\/wp-content\/uploads\/2016\/02\/fotonoticia_20160203111459_800-650x520.jpg 650w, https:\/\/www.eldigitaldeasturias.com\/noticias\/wp-content\/uploads\/2016\/02\/fotonoticia_20160203111459_800.jpg 800w\" sizes=\"auto, (max-width: 360px) 100vw, 360px\" \/>El refr\u00e1n &#8216;Por San Blas, la cig\u00fce\u00f1a ver\u00e1s&#8217; podr\u00eda estar llegando a su fin ya que, si hasta hace pocos a\u00f1os este ave migratoria volaba en estas fechas a latitudes espa\u00f1olas, ahora la cig\u00fce\u00f1a blanca, en vez de volar a \u00c1frica para pasar el invierno, se quedan durante todo el a\u00f1o en Espa\u00f1a, donde las temperaturas se mantienen c\u00e1lidas, seg\u00fan SEO\/BirdLife.<\/p>\n<p>As\u00ed lo indican las 50 cig\u00fce\u00f1as marcadas en el Programa Migra de SEO\/BirdLife con la colaboraci\u00f3n de Fundaci\u00f3n Iberdrola Espa\u00f1a, el Grupo SaBio del IREC, la Estaci\u00f3n Biol\u00f3gica de Do\u00f1ana, la organizaci\u00f3n suiza Storch Schweiz, y los gobiernos de La Rioja y Pa\u00eds Vasco. En concreto, las m\u00e1s de 50 cig\u00fce\u00f1as blancas el programa muestran c\u00f3mo ha modificado sus h\u00e1bitos migratorios pues ya no se marcha hasta el Sahel africano a pasar el invierno.<\/p>\n<p>La ONG indica que hay un n\u00famero creciente de ejemplares que prefiere permanecer en Espa\u00f1a todo el a\u00f1o y no s\u00f3lo porque hace menos fr\u00edo, en relaci\u00f3n con la segunda parte del refr\u00e1n &#8211;\u00aby si no las vieres, a\u00f1o de nieves\u00bb&#8211;, sino sobre todo porque, seg\u00fan los t\u00e9cnicos de SEO\/BirdLife, tiene que ver m\u00e1s con la presencia continuada de alimento que el clima.<\/p>\n<p>La ONG empez\u00f3 en 2012 a marcar cig\u00fce\u00f1as blancas con GPS en La Rioja y \u00c1lava, para conocer sus movimientos y migraciones, sus vuelos y sus viajes y poder observarlo en directo a trav\u00e9s de la p\u00e1gina de Internet www.migracionesdeaves.org.<\/p>\n<p>Las nuevas tecnolog\u00edas han permitido dotar a las cig\u00fce\u00f1as con unos aparatos en la espalda, como si de mochilas se tratase, para poder conocer d\u00f3nde est\u00e1n en cada momento del a\u00f1o.<\/p>\n<p>As\u00ed, la ONG recuerda que hace algo m\u00e1s de 50 a\u00f1os la cig\u00fce\u00f1a blanca invernaba principalmente en \u00c1frica y su llegada desde las remotas tierras africanas marcaba el inicio de la primavera para muchas personas.<\/p>\n<p>Sin embargo, en las \u00faltimas d\u00e9cadas cada vez m\u00e1s cig\u00fce\u00f1as blancas est\u00e1n invernando en Espa\u00f1a, y se ha detectado un importante cambio en su conducta migratoria, de modo que, por ejemplo, muchas cig\u00fce\u00f1as de centro Europa pasan el invierno en la Pen\u00ednsula Ib\u00e9rica.<\/p>\n<p>Entre las razones, han detectado que las cig\u00fce\u00f1as tienen una nueva fuente de alimentaci\u00f3n en arrozales y basureros, lo que les permite permanecer en Espa\u00f1a en invierno sin tener que viajar a \u00c1frica<\/p>\n<p>De hecho, otra de las conclusiones es que los adultos se quedan en Espa\u00f1a a pasar el invierno, algunas en su propio territorio, cerca del nido durante todo el a\u00f1o, mientras que otras hacen migraciones cortas, a unos 50 o 100 kil\u00f3metros de su nido donde pasan los meses fr\u00edos. El resto realiza una migraci\u00f3n un poco m\u00e1s larga, de incluso cientos de kil\u00f3metros, atravesando la pen\u00ednsula Ib\u00e9rica de lado a lado, pero siempre permaneciendo en Espa\u00f1a.<\/p>\n<p>La ONG ha advertido tambi\u00e9n que cada vez menos cig\u00fce\u00f1as hacen migraciones transaharianas cruzando a \u00c1frica y atravesando el desierto y con los peligros del viaje. Por ejemplo, dos de esas cig\u00fce\u00f1as, Yerga y Mikaela no lograron sobrevolar las amplias arenas del desierto en sus viajes y fallecieron en el intento.<\/p>\n<p>As\u00ed, concluyen que la mayor\u00eda de los adultos se quedan en Espa\u00f1a, mientras que \u00abbuena parte\u00bb de los j\u00f3venes contin\u00faa volando a \u00c1frica. Esto se debe, seg\u00fan SEO\/BirdLife a que han aprendido a adaptarse a las condiciones que les ofrece el medio y, entre ellas, a los nuevos ambientes y fuentes de alimentaci\u00f3n que les proporciona el hombre.<\/p>\n<p>CIG\u00dcE\u00d1AS CON NOMBRE PROPIO<\/p>\n<p>En total, se han marcado cinco cig\u00fce\u00f1as en \u00c1lava, nueve en C\u00e1ceres, ocho en Ciudad Real, cinco en Huelva, dos en Huesca, una en La Rioja, cuatro en Le\u00f3n, dos en Lugo, siete en Madrid y ocho en Sevilla.<\/p>\n<p>De todas ellas, Yerga fue marcada el 1 de mayo de 2012 en Alfaro (La Rioja) y es una migradora de larga distancia. Invernaba en Senegal y Gambia a unos 3.500 kil\u00f3metros de su nido. Durante tres inviernos seguidos realiz\u00f3 la misma migraci\u00f3n e invern\u00f3 en la misma zona de \u00c1frica. Desafortunadamente, en el cuarto viaje hasta \u00c1frica no consigui\u00f3 atravesar el desierto del Sahara y pereci\u00f3 al sur de Mauritania, tras m\u00e1s de 25.000 kil\u00f3metros recorridos y m\u00e1s de tres a\u00f1os de seguimiento.<\/p>\n<p>Seg\u00fan relata la ONG, la cig\u00fce\u00f1a Blas se marc\u00f3 el 17 de mayo de 2012 en Pinilla del Valle (Madrid). Inverna habitualmente en el sur de Madrid a unos 70 kil\u00f3metros de su nido. Durante el invierno se alimenta en el vertedero de Valdeming\u00f3mez y duerme en las graveras de El Porcal (Rivas-Vaciamadrid).<\/p>\n<p>Mientras, Juan, fue marcada el 14 de marzo de 2013 en Malpartida de C\u00e1ceres e inverna en Do\u00f1ana, a unos 265 kil\u00f3metros de su nido. Por su parte, Mari Cruz, fue marcada el 6 de mayo de 2013 en Ciudad Real y es migradora de corta distancia. Pasa los meses m\u00e1s fr\u00edos en los arrozales de Do\u00f1ana, a unos 250 kil\u00f3metros de su nido.<\/p>\n<p>Una distancia mayor recorre Alba, que se marc\u00f3 el 30 de mayo de 2013 cerca de Le\u00f3n y migra hasta el vertedero de Rabat, en Marruecos, a unos 1.000 kil\u00f3metros de su nido, aunque el a\u00f1o anterior, en 2013, se qued\u00f3 a pasar el invierno en el sur de la Pen\u00ednsula, en los vertederos de Medina Sidonia y Benalup-Casas Viejas, en C\u00e1diz.<\/p>\n<p>Tambi\u00e9n Felicia, marcada el 4 de junio de 2013 en la isla de Orenin, cerca de Vitoria (\u00c1lava), es migradora de corta distancia. Inverna habitualmente en el sur de Madrid, a unos 300 kil\u00f3metros de su nido y se alimenta en el vertedero de Valdeming\u00f3mez y duerme en las graveras de El Porcal (Rivas-Vaciamadrid).<\/p>\n<p>Por su parte, Violeta fue marcada el 19 de junio de 2013 en Binaced (Huesca) y migra a muy corta distancia, ya que habitualmente hiberna en L\u00e9rida, en el vertedero de Montoliu a tan solo 50 kil\u00f3metros de su nido. Durante el invierno vuelve a su nido en Huesca cada cierto tiempo.<\/p>\n<p>Otra de las cig\u00fce\u00f1as con nombre propio, Picopelucho, fue marcada el 20 de junio de 2015, cuando todav\u00eda era un pollo, en Puebla del R\u00edo (Sevilla). Este ejemplar abandon\u00f3 su lugar de nacimiento e inverna en el \u00c1frica subsahariana, en concreto, en el Sahel de Mali, a 2.500 kil\u00f3metros de su nido.<\/p>\n<p>PROTECCI\u00d3N DE LOS NIDOS<\/p>\n<p>Por otro lado, SEO\/Birdlife ha identificado y llegado a denunciar m\u00faltiples casos de destrucci\u00f3n o retirada indebida de nidos, incluso con huevos o pollos en su interior, hechos que pueden vulnerar la normativa ambiental y poner en riesgo a las aves pues, seg\u00fan la legislaci\u00f3n vigente, los nidos de esta especie deben permanecer intactos para asegurar que puedan reproducirse en condiciones \u00f3ptimas.<\/p>\n<p>La organizaci\u00f3n recuerda que en torno a estas fechas arranca la \u00e9poca reproductora de la cig\u00fce\u00f1a, que se inicia con el cortejo de las parejas y la construcci\u00f3n del nido, y que acabar\u00e1 a mediados del verano, cuando la \u00faltima cr\u00eda haya abandonado su lugar de nacimiento.<\/p>\n<p>\u00abLa \u00e9poca reproductora es un periodo fundamental para la conservaci\u00f3n de especies protegidas, como la cig\u00fce\u00f1a, y as\u00ed queda reflejado en la normativa\u00bb, explica el t\u00e9cnico de SEO\/BirdLife Nicol\u00e1s L\u00f3pez, en alusi\u00f3n a la Directiva de Aves como la Ley 42\/2007.<\/p>\n<p>\u00abLa retirada de nidos s\u00f3lo se puede autorizar de forma justificada, despu\u00e9s de haber cumplido una serie de criterios estrictos y \u00fanicamente si no existe una alternativa satisfactoria. En todo caso, las autorizaciones, que conceden los \u00f3rganos competentes de las comunidades aut\u00f3nomos o sus delegaciones territoriales, deben respetar el periodo de cr\u00eda de las cig\u00fce\u00f1as\u00bb, apostilla.<\/p>\n<p>Aunque SEO\/BirdLife lamenta que las retiradas inadecuadas persistan, valora los casos de entidades municipales y auton\u00f3micas que implementan procesos para preservar la nidificaci\u00f3n de las cig\u00fce\u00f1as, como en Alcal\u00e1 de Henares (Madrid), que cuenta con una ordenanza que regula la protecci\u00f3n y gesti\u00f3n de los nidos, cuyo peso se aligera cuando es preciso y siempre fuera del periodo reproductor<\/p>\n","protected":false},"excerpt":{"rendered":"<p>El refr\u00e1n &#8216;Por San Blas, la cig\u00fce\u00f1a ver\u00e1s&#8217; podr\u00eda estar llegando a su fin ya que, si hasta hace pocos a\u00f1os este ave migratoria volaba en estas fechas a latitudes espa\u00f1olas, ahora la cig\u00fce\u00f1a blanca, en vez de volar a \u00c1frica para pasar el invierno, se quedan durante todo el a\u00f1o en Espa\u00f1a, donde las [&hellip;]<\/p>\n","protected":false},"author":1,"featured_media":853827,"comment_status":"closed","ping_status":"closed","sticky":false,"template":"","format":"standard","meta":{"footnotes":""},"categories":[28],"tags":[],"class_list":["post-853826","post","type-post","status-publish","format-standard","has-post-thumbnail","hentry","category-sociedad"],"aioseo_notices":[],"aioseo_head":"\n\t\t<!-- All in One SEO Pro 4.9.6.2 - aioseo.com -->\n\t<meta name=\"description\" content=\"El refr\u00e1n &#039;Por San Blas, la cig\u00fce\u00f1a ver\u00e1s&#039; podr\u00eda estar llegando a su fin ya que, si hasta hace pocos a\u00f1os este ave migratoria volaba en estas fechas a latitudes espa\u00f1olas, ahora la cig\u00fce\u00f1a blanca, en vez de volar a \u00c1frica para pasar el invierno, se quedan durante todo el a\u00f1o en Espa\u00f1a, donde las\" \/>\n\t<meta name=\"robots\" content=\"max-image-preview:large\" \/>\n\t<meta name=\"author\" content=\"El Digital de Asturias\"\/>\n\t<meta name=\"google-site-verification\" content=\"UA-38556648-1\" \/>\n\t<meta name=\"msvalidate.01\" content=\"7dfe9f3f1b24437ab69f4f2559babe99\" \/>\n\t<meta name=\"keywords\" content=\"sociedad\" \/>\n\t<link rel=\"canonical\" href=\"https:\/\/www.eldigitaldeasturias.com\/noticias\/las-ciguenas-ya-no-esperan-a-san-blas-para-regresar-a-espana\/\" \/>\n\t<meta name=\"generator\" content=\"All in One SEO Pro (AIOSEO) 4.9.6.2\" \/>\n\t\t<meta property=\"og:locale\" content=\"es_ES\" \/>\n\t\t<meta property=\"og:site_name\" content=\"El Digital de Asturias\" \/>\n\t\t<meta property=\"og:type\" content=\"article\" \/>\n\t\t<meta property=\"og:title\" content=\"Las cig\u00fce\u00f1as ya no esperan a San Blas para regresar a Espa\u00f1a - El Digital de Asturias\" \/>\n\t\t<meta property=\"og:description\" content=\"El refr\u00e1n &#039;Por San Blas, la cig\u00fce\u00f1a ver\u00e1s&#039; podr\u00eda estar llegando a su fin ya que, si hasta hace pocos a\u00f1os este ave migratoria volaba en estas fechas a latitudes espa\u00f1olas, ahora la cig\u00fce\u00f1a blanca, en vez de volar a \u00c1frica para pasar el invierno, se quedan durante todo el a\u00f1o en Espa\u00f1a, donde las\" \/>\n\t\t<meta property=\"og:url\" content=\"https:\/\/www.eldigitaldeasturias.com\/noticias\/las-ciguenas-ya-no-esperan-a-san-blas-para-regresar-a-espana\/\" \/>\n\t\t<meta property=\"og:image\" content=\"https:\/\/www.eldigitaldeasturias.com\/noticias\/wp-content\/uploads\/2016\/02\/fotonoticia_20160203111459_800.jpg\" \/>\n\t\t<meta property=\"og:image:secure_url\" content=\"https:\/\/www.eldigitaldeasturias.com\/noticias\/wp-content\/uploads\/2016\/02\/fotonoticia_20160203111459_800.jpg\" \/>\n\t\t<meta property=\"og:image:width\" content=\"800\" \/>\n\t\t<meta property=\"og:image:height\" content=\"640\" \/>\n\t\t<meta property=\"article:tag\" content=\"sociedad\" \/>\n\t\t<meta property=\"article:published_time\" content=\"2016-02-04T17:59:51+00:00\" \/>\n\t\t<meta property=\"article:modified_time\" content=\"2016-02-04T17:59:51+00:00\" \/>\n\t\t<meta property=\"article:publisher\" content=\"https:\/\/facebook.com\/eldigitaldeasturias\" \/>\n\t\t<meta name=\"twitter:card\" content=\"summary_large_image\" \/>\n\t\t<meta name=\"twitter:title\" content=\"Las cig\u00fce\u00f1as ya no esperan a San Blas para regresar a Espa\u00f1a - El Digital de Asturias\" \/>\n\t\t<meta name=\"twitter:description\" content=\"El refr\u00e1n &#039;Por San Blas, la cig\u00fce\u00f1a ver\u00e1s&#039; podr\u00eda estar llegando a su fin ya que, si hasta hace pocos a\u00f1os este ave migratoria volaba en estas fechas a latitudes espa\u00f1olas, ahora la cig\u00fce\u00f1a blanca, en vez de volar a \u00c1frica para pasar el invierno, se quedan durante todo el a\u00f1o en Espa\u00f1a, donde las\" \/>\n\t\t<meta name=\"twitter:image\" content=\"https:\/\/www.eldigitaldeasturias.com\/noticias\/wp-content\/uploads\/2016\/02\/fotonoticia_20160203111459_800.jpg\" \/>\n\t\t<meta name=\"twitter:label1\" content=\"Escrito por\" \/>\n\t\t<meta name=\"twitter:data1\" content=\"El Digital de Asturias\" \/>\n\t\t<meta name=\"twitter:label2\" content=\"Tiempo de lectura estimado\" \/>\n\t\t<meta name=\"twitter:data2\" content=\"7 minutos\" \/>\n\t\t<script type=\"application\/ld+json\" class=\"aioseo-schema\">\n\t\t\t{\"@context\":\"https:\\\/\\\/schema.org\",\"@graph\":[{\"@type\":\"BlogPosting\",\"@id\":\"https:\\\/\\\/www.eldigitaldeasturias.com\\\/noticias\\\/las-ciguenas-ya-no-esperan-a-san-blas-para-regresar-a-espana\\\/#blogposting\",\"name\":\"Las cig\\u00fce\\u00f1as ya no esperan a San Blas para regresar a Espa\\u00f1a - El Digital de Asturias\",\"headline\":\"Las cig\\u00fce\\u00f1as ya no esperan a San Blas para regresar a Espa\\u00f1a\",\"author\":{\"@id\":\"https:\\\/\\\/www.eldigitaldeasturias.com\\\/noticias\\\/author\\\/admin\\\/#author\"},\"publisher\":{\"@id\":\"https:\\\/\\\/www.eldigitaldeasturias.com\\\/noticias\\\/#organization\"},\"image\":{\"@type\":\"ImageObject\",\"url\":\"https:\\\/\\\/www.eldigitaldeasturias.com\\\/noticias\\\/wp-content\\\/uploads\\\/2016\\\/02\\\/fotonoticia_20160203111459_800.jpg\",\"width\":800,\"height\":640},\"datePublished\":\"2016-02-04T17:59:51+01:00\",\"dateModified\":\"2016-02-04T17:59:51+01:00\",\"inLanguage\":\"es-ES\",\"mainEntityOfPage\":{\"@id\":\"https:\\\/\\\/www.eldigitaldeasturias.com\\\/noticias\\\/las-ciguenas-ya-no-esperan-a-san-blas-para-regresar-a-espana\\\/#webpage\"},\"isPartOf\":{\"@id\":\"https:\\\/\\\/www.eldigitaldeasturias.com\\\/noticias\\\/las-ciguenas-ya-no-esperan-a-san-blas-para-regresar-a-espana\\\/#webpage\"},\"articleSection\":\"Sociedad\"},{\"@type\":\"BreadcrumbList\",\"@id\":\"https:\\\/\\\/www.eldigitaldeasturias.com\\\/noticias\\\/las-ciguenas-ya-no-esperan-a-san-blas-para-regresar-a-espana\\\/#breadcrumblist\",\"itemListElement\":[{\"@type\":\"ListItem\",\"@id\":\"https:\\\/\\\/www.eldigitaldeasturias.com\\\/noticias#listItem\",\"position\":1,\"name\":\"Home\",\"item\":\"https:\\\/\\\/www.eldigitaldeasturias.com\\\/noticias\",\"nextItem\":{\"@type\":\"ListItem\",\"@id\":\"https:\\\/\\\/www.eldigitaldeasturias.com\\\/noticias\\\/category\\\/sociedad\\\/#listItem\",\"name\":\"Sociedad\"}},{\"@type\":\"ListItem\",\"@id\":\"https:\\\/\\\/www.eldigitaldeasturias.com\\\/noticias\\\/category\\\/sociedad\\\/#listItem\",\"position\":2,\"name\":\"Sociedad\",\"item\":\"https:\\\/\\\/www.eldigitaldeasturias.com\\\/noticias\\\/category\\\/sociedad\\\/\",\"nextItem\":{\"@type\":\"ListItem\",\"@id\":\"https:\\\/\\\/www.eldigitaldeasturias.com\\\/noticias\\\/las-ciguenas-ya-no-esperan-a-san-blas-para-regresar-a-espana\\\/#listItem\",\"name\":\"Las cig\\u00fce\\u00f1as ya no esperan a San Blas para regresar a Espa\\u00f1a\"},\"previousItem\":{\"@type\":\"ListItem\",\"@id\":\"https:\\\/\\\/www.eldigitaldeasturias.com\\\/noticias#listItem\",\"name\":\"Home\"}},{\"@type\":\"ListItem\",\"@id\":\"https:\\\/\\\/www.eldigitaldeasturias.com\\\/noticias\\\/las-ciguenas-ya-no-esperan-a-san-blas-para-regresar-a-espana\\\/#listItem\",\"position\":3,\"name\":\"Las cig\\u00fce\\u00f1as ya no esperan a San Blas para regresar a Espa\\u00f1a\",\"previousItem\":{\"@type\":\"ListItem\",\"@id\":\"https:\\\/\\\/www.eldigitaldeasturias.com\\\/noticias\\\/category\\\/sociedad\\\/#listItem\",\"name\":\"Sociedad\"}}]},{\"@type\":\"Organization\",\"@id\":\"https:\\\/\\\/www.eldigitaldeasturias.com\\\/noticias\\\/#organization\",\"name\":\"El Digital de Asturias\",\"description\":\"Hemeroteca\",\"url\":\"https:\\\/\\\/www.eldigitaldeasturias.com\\\/noticias\\\/\",\"email\":\"info@eldigitaldeasturias.com\",\"telephone\":\"+34652131393\",\"logo\":{\"@type\":\"ImageObject\",\"url\":\"https:\\\/\\\/www.eldigitaldeasturias.com\\\/noticias\\\/wp-content\\\/uploads\\\/2020\\\/12\\\/EDA.jpg\",\"@id\":\"https:\\\/\\\/www.eldigitaldeasturias.com\\\/noticias\\\/las-ciguenas-ya-no-esperan-a-san-blas-para-regresar-a-espana\\\/#organizationLogo\",\"width\":649,\"height\":297},\"image\":{\"@id\":\"https:\\\/\\\/www.eldigitaldeasturias.com\\\/noticias\\\/las-ciguenas-ya-no-esperan-a-san-blas-para-regresar-a-espana\\\/#organizationLogo\"},\"sameAs\":[\"https:\\\/\\\/facebook.com\\\/eldigitaldeasturias\",\"https:\\\/\\\/www.youtube.com\\\/channel\\\/UCZP-2wLEB9Rv6erhFmqVnvg\"],\"address\":{\"@id\":\"https:\\\/\\\/www.eldigitaldeasturias.com\\\/noticias\\\/#postaladdress\",\"@type\":\"PostalAddress\",\"streetAddress\":\"san antonio 4,\",\"postalCode\":\"33430\",\"addressLocality\":\"Cand\\u00e1s\",\"addressRegion\":\"Asturias\",\"addressCountry\":\"ES\"}},{\"@type\":\"Person\",\"@id\":\"https:\\\/\\\/www.eldigitaldeasturias.com\\\/noticias\\\/author\\\/admin\\\/#author\",\"url\":\"https:\\\/\\\/www.eldigitaldeasturias.com\\\/noticias\\\/author\\\/admin\\\/\",\"name\":\"El Digital de Asturias\",\"image\":{\"@type\":\"ImageObject\",\"@id\":\"https:\\\/\\\/www.eldigitaldeasturias.com\\\/noticias\\\/las-ciguenas-ya-no-esperan-a-san-blas-para-regresar-a-espana\\\/#authorImage\",\"url\":\"https:\\\/\\\/www.eldigitaldeasturias.com\\\/noticias\\\/wp-content\\\/litespeed\\\/avatar\\\/18677e78aa0546b92d9dbf31ec7d7668.jpg?ver=1777290358\",\"width\":96,\"height\":96,\"caption\":\"El Digital de Asturias\"}},{\"@type\":\"WebPage\",\"@id\":\"https:\\\/\\\/www.eldigitaldeasturias.com\\\/noticias\\\/las-ciguenas-ya-no-esperan-a-san-blas-para-regresar-a-espana\\\/#webpage\",\"url\":\"https:\\\/\\\/www.eldigitaldeasturias.com\\\/noticias\\\/las-ciguenas-ya-no-esperan-a-san-blas-para-regresar-a-espana\\\/\",\"name\":\"Las cig\\u00fce\\u00f1as ya no esperan a San Blas para regresar a Espa\\u00f1a - El Digital de Asturias\",\"description\":\"El refr\\u00e1n 'Por San Blas, la cig\\u00fce\\u00f1a ver\\u00e1s' podr\\u00eda estar llegando a su fin ya que, si hasta hace pocos a\\u00f1os este ave migratoria volaba en estas fechas a latitudes espa\\u00f1olas, ahora la cig\\u00fce\\u00f1a blanca, en vez de volar a \\u00c1frica para pasar el invierno, se quedan durante todo el a\\u00f1o en Espa\\u00f1a, donde las\",\"inLanguage\":\"es-ES\",\"isPartOf\":{\"@id\":\"https:\\\/\\\/www.eldigitaldeasturias.com\\\/noticias\\\/#website\"},\"breadcrumb\":{\"@id\":\"https:\\\/\\\/www.eldigitaldeasturias.com\\\/noticias\\\/las-ciguenas-ya-no-esperan-a-san-blas-para-regresar-a-espana\\\/#breadcrumblist\"},\"author\":{\"@id\":\"https:\\\/\\\/www.eldigitaldeasturias.com\\\/noticias\\\/author\\\/admin\\\/#author\"},\"creator\":{\"@id\":\"https:\\\/\\\/www.eldigitaldeasturias.com\\\/noticias\\\/author\\\/admin\\\/#author\"},\"image\":{\"@type\":\"ImageObject\",\"url\":\"https:\\\/\\\/www.eldigitaldeasturias.com\\\/noticias\\\/wp-content\\\/uploads\\\/2016\\\/02\\\/fotonoticia_20160203111459_800.jpg\",\"@id\":\"https:\\\/\\\/www.eldigitaldeasturias.com\\\/noticias\\\/las-ciguenas-ya-no-esperan-a-san-blas-para-regresar-a-espana\\\/#mainImage\",\"width\":800,\"height\":640},\"primaryImageOfPage\":{\"@id\":\"https:\\\/\\\/www.eldigitaldeasturias.com\\\/noticias\\\/las-ciguenas-ya-no-esperan-a-san-blas-para-regresar-a-espana\\\/#mainImage\"},\"datePublished\":\"2016-02-04T17:59:51+01:00\",\"dateModified\":\"2016-02-04T17:59:51+01:00\"},{\"@type\":\"WebSite\",\"@id\":\"https:\\\/\\\/www.eldigitaldeasturias.com\\\/noticias\\\/#website\",\"url\":\"https:\\\/\\\/www.eldigitaldeasturias.com\\\/noticias\\\/\",\"name\":\"El Digital de Asturias - Diario de actualidad y noticias\",\"alternateName\":\"El Digital de Asturias - Diario de actualidad y noticias\",\"description\":\"Hemeroteca\",\"inLanguage\":\"es-ES\",\"publisher\":{\"@id\":\"https:\\\/\\\/www.eldigitaldeasturias.com\\\/noticias\\\/#organization\"}}]}\n\t\t<\/script>\n\t\t<!-- All in One SEO Pro -->\r\n\t\t<title>Las cig\u00fce\u00f1as ya no esperan a San Blas para regresar a Espa\u00f1a - El Digital de Asturias<\/title>\n\n","aioseo_head_json":{"title":"Las cig\u00fce\u00f1as ya no esperan a San Blas para regresar a Espa\u00f1a - El Digital de Asturias","description":"El refr\u00e1n 'Por San Blas, la cig\u00fce\u00f1a ver\u00e1s' podr\u00eda estar llegando a su fin ya que, si hasta hace pocos a\u00f1os este ave migratoria volaba en estas fechas a latitudes espa\u00f1olas, ahora la cig\u00fce\u00f1a blanca, en vez de volar a \u00c1frica para pasar el invierno, se quedan durante todo el a\u00f1o en Espa\u00f1a, donde las","canonical_url":"https:\/\/www.eldigitaldeasturias.com\/noticias\/las-ciguenas-ya-no-esperan-a-san-blas-para-regresar-a-espana\/","robots":"max-image-preview:large","keywords":"sociedad","webmasterTools":{"google-site-verification":"UA-38556648-1","msvalidate.01":"7dfe9f3f1b24437ab69f4f2559babe99","miscellaneous":""},"schema":{"@context":"https:\/\/schema.org","@graph":[{"@type":"BlogPosting","@id":"https:\/\/www.eldigitaldeasturias.com\/noticias\/las-ciguenas-ya-no-esperan-a-san-blas-para-regresar-a-espana\/#blogposting","name":"Las cig\u00fce\u00f1as ya no esperan a San Blas para regresar a Espa\u00f1a - El Digital de Asturias","headline":"Las cig\u00fce\u00f1as ya no esperan a San Blas para regresar a Espa\u00f1a","author":{"@id":"https:\/\/www.eldigitaldeasturias.com\/noticias\/author\/admin\/#author"},"publisher":{"@id":"https:\/\/www.eldigitaldeasturias.com\/noticias\/#organization"},"image":{"@type":"ImageObject","url":"https:\/\/www.eldigitaldeasturias.com\/noticias\/wp-content\/uploads\/2016\/02\/fotonoticia_20160203111459_800.jpg","width":800,"height":640},"datePublished":"2016-02-04T17:59:51+01:00","dateModified":"2016-02-04T17:59:51+01:00","inLanguage":"es-ES","mainEntityOfPage":{"@id":"https:\/\/www.eldigitaldeasturias.com\/noticias\/las-ciguenas-ya-no-esperan-a-san-blas-para-regresar-a-espana\/#webpage"},"isPartOf":{"@id":"https:\/\/www.eldigitaldeasturias.com\/noticias\/las-ciguenas-ya-no-esperan-a-san-blas-para-regresar-a-espana\/#webpage"},"articleSection":"Sociedad"},{"@type":"BreadcrumbList","@id":"https:\/\/www.eldigitaldeasturias.com\/noticias\/las-ciguenas-ya-no-esperan-a-san-blas-para-regresar-a-espana\/#breadcrumblist","itemListElement":[{"@type":"ListItem","@id":"https:\/\/www.eldigitaldeasturias.com\/noticias#listItem","position":1,"name":"Home","item":"https:\/\/www.eldigitaldeasturias.com\/noticias","nextItem":{"@type":"ListItem","@id":"https:\/\/www.eldigitaldeasturias.com\/noticias\/category\/sociedad\/#listItem","name":"Sociedad"}},{"@type":"ListItem","@id":"https:\/\/www.eldigitaldeasturias.com\/noticias\/category\/sociedad\/#listItem","position":2,"name":"Sociedad","item":"https:\/\/www.eldigitaldeasturias.com\/noticias\/category\/sociedad\/","nextItem":{"@type":"ListItem","@id":"https:\/\/www.eldigitaldeasturias.com\/noticias\/las-ciguenas-ya-no-esperan-a-san-blas-para-regresar-a-espana\/#listItem","name":"Las cig\u00fce\u00f1as ya no esperan a San Blas para regresar a Espa\u00f1a"},"previousItem":{"@type":"ListItem","@id":"https:\/\/www.eldigitaldeasturias.com\/noticias#listItem","name":"Home"}},{"@type":"ListItem","@id":"https:\/\/www.eldigitaldeasturias.com\/noticias\/las-ciguenas-ya-no-esperan-a-san-blas-para-regresar-a-espana\/#listItem","position":3,"name":"Las cig\u00fce\u00f1as ya no esperan a San Blas para regresar a Espa\u00f1a","previousItem":{"@type":"ListItem","@id":"https:\/\/www.eldigitaldeasturias.com\/noticias\/category\/sociedad\/#listItem","name":"Sociedad"}}]},{"@type":"Organization","@id":"https:\/\/www.eldigitaldeasturias.com\/noticias\/#organization","name":"El Digital de Asturias","description":"Hemeroteca","url":"https:\/\/www.eldigitaldeasturias.com\/noticias\/","email":"info@eldigitaldeasturias.com","telephone":"+34652131393","logo":{"@type":"ImageObject","url":"https:\/\/www.eldigitaldeasturias.com\/noticias\/wp-content\/uploads\/2020\/12\/EDA.jpg","@id":"https:\/\/www.eldigitaldeasturias.com\/noticias\/las-ciguenas-ya-no-esperan-a-san-blas-para-regresar-a-espana\/#organizationLogo","width":649,"height":297},"image":{"@id":"https:\/\/www.eldigitaldeasturias.com\/noticias\/las-ciguenas-ya-no-esperan-a-san-blas-para-regresar-a-espana\/#organizationLogo"},"sameAs":["https:\/\/facebook.com\/eldigitaldeasturias","https:\/\/www.youtube.com\/channel\/UCZP-2wLEB9Rv6erhFmqVnvg"],"address":{"@id":"https:\/\/www.eldigitaldeasturias.com\/noticias\/#postaladdress","@type":"PostalAddress","streetAddress":"san antonio 4,","postalCode":"33430","addressLocality":"Cand\u00e1s","addressRegion":"Asturias","addressCountry":"ES"}},{"@type":"Person","@id":"https:\/\/www.eldigitaldeasturias.com\/noticias\/author\/admin\/#author","url":"https:\/\/www.eldigitaldeasturias.com\/noticias\/author\/admin\/","name":"El Digital de Asturias","image":{"@type":"ImageObject","@id":"https:\/\/www.eldigitaldeasturias.com\/noticias\/las-ciguenas-ya-no-esperan-a-san-blas-para-regresar-a-espana\/#authorImage","url":"https:\/\/www.eldigitaldeasturias.com\/noticias\/wp-content\/litespeed\/avatar\/18677e78aa0546b92d9dbf31ec7d7668.jpg?ver=1777290358","width":96,"height":96,"caption":"El Digital de Asturias"}},{"@type":"WebPage","@id":"https:\/\/www.eldigitaldeasturias.com\/noticias\/las-ciguenas-ya-no-esperan-a-san-blas-para-regresar-a-espana\/#webpage","url":"https:\/\/www.eldigitaldeasturias.com\/noticias\/las-ciguenas-ya-no-esperan-a-san-blas-para-regresar-a-espana\/","name":"Las cig\u00fce\u00f1as ya no esperan a San Blas para regresar a Espa\u00f1a - El Digital de Asturias","description":"El refr\u00e1n 'Por San Blas, la cig\u00fce\u00f1a ver\u00e1s' podr\u00eda estar llegando a su fin ya que, si hasta hace pocos a\u00f1os este ave migratoria volaba en estas fechas a latitudes espa\u00f1olas, ahora la cig\u00fce\u00f1a blanca, en vez de volar a \u00c1frica para pasar el invierno, se quedan durante todo el a\u00f1o en Espa\u00f1a, donde las","inLanguage":"es-ES","isPartOf":{"@id":"https:\/\/www.eldigitaldeasturias.com\/noticias\/#website"},"breadcrumb":{"@id":"https:\/\/www.eldigitaldeasturias.com\/noticias\/las-ciguenas-ya-no-esperan-a-san-blas-para-regresar-a-espana\/#breadcrumblist"},"author":{"@id":"https:\/\/www.eldigitaldeasturias.com\/noticias\/author\/admin\/#author"},"creator":{"@id":"https:\/\/www.eldigitaldeasturias.com\/noticias\/author\/admin\/#author"},"image":{"@type":"ImageObject","url":"https:\/\/www.eldigitaldeasturias.com\/noticias\/wp-content\/uploads\/2016\/02\/fotonoticia_20160203111459_800.jpg","@id":"https:\/\/www.eldigitaldeasturias.com\/noticias\/las-ciguenas-ya-no-esperan-a-san-blas-para-regresar-a-espana\/#mainImage","width":800,"height":640},"primaryImageOfPage":{"@id":"https:\/\/www.eldigitaldeasturias.com\/noticias\/las-ciguenas-ya-no-esperan-a-san-blas-para-regresar-a-espana\/#mainImage"},"datePublished":"2016-02-04T17:59:51+01:00","dateModified":"2016-02-04T17:59:51+01:00"},{"@type":"WebSite","@id":"https:\/\/www.eldigitaldeasturias.com\/noticias\/#website","url":"https:\/\/www.eldigitaldeasturias.com\/noticias\/","name":"El Digital de Asturias - Diario de actualidad y noticias","alternateName":"El Digital de Asturias - Diario de actualidad y noticias","description":"Hemeroteca","inLanguage":"es-ES","publisher":{"@id":"https:\/\/www.eldigitaldeasturias.com\/noticias\/#organization"}}]},"og:locale":"es_ES","og:site_name":"El Digital de Asturias","og:type":"article","og:title":"Las cig\u00fce\u00f1as ya no esperan a San Blas para regresar a Espa\u00f1a - El Digital de Asturias","og:description":"El refr\u00e1n 'Por San Blas, la cig\u00fce\u00f1a ver\u00e1s' podr\u00eda estar llegando a su fin ya que, si hasta hace pocos a\u00f1os este ave migratoria volaba en estas fechas a latitudes espa\u00f1olas, ahora la cig\u00fce\u00f1a blanca, en vez de volar a \u00c1frica para pasar el invierno, se quedan durante todo el a\u00f1o en Espa\u00f1a, donde las","og:url":"https:\/\/www.eldigitaldeasturias.com\/noticias\/las-ciguenas-ya-no-esperan-a-san-blas-para-regresar-a-espana\/","og:image":"https:\/\/www.eldigitaldeasturias.com\/noticias\/wp-content\/uploads\/2016\/02\/fotonoticia_20160203111459_800.jpg","og:image:secure_url":"https:\/\/www.eldigitaldeasturias.com\/noticias\/wp-content\/uploads\/2016\/02\/fotonoticia_20160203111459_800.jpg","og:image:width":800,"og:image:height":640,"article:tag":["sociedad"],"article:published_time":"2016-02-04T17:59:51+00:00","article:modified_time":"2016-02-04T17:59:51+00:00","article:publisher":"https:\/\/facebook.com\/eldigitaldeasturias","twitter:card":"summary_large_image","twitter:title":"Las cig\u00fce\u00f1as ya no esperan a San Blas para regresar a Espa\u00f1a - El Digital de Asturias","twitter:description":"El refr\u00e1n 'Por San Blas, la cig\u00fce\u00f1a ver\u00e1s' podr\u00eda estar llegando a su fin ya que, si hasta hace pocos a\u00f1os este ave migratoria volaba en estas fechas a latitudes espa\u00f1olas, ahora la cig\u00fce\u00f1a blanca, en vez de volar a \u00c1frica para pasar el invierno, se quedan durante todo el a\u00f1o en Espa\u00f1a, donde las","twitter:image":"https:\/\/www.eldigitaldeasturias.com\/noticias\/wp-content\/uploads\/2016\/02\/fotonoticia_20160203111459_800.jpg","twitter:label1":"Escrito por","twitter:data1":"El Digital de Asturias","twitter:label2":"Tiempo de lectura estimado","twitter:data2":"7 minutos"},"aioseo_meta_data":{"post_id":"853826","title":null,"description":null,"keywords":null,"keyphrases":null,"primary_term":null,"canonical_url":null,"og_title":null,"og_description":null,"og_object_type":"default","og_image_type":"default","og_image_url":null,"og_image_width":null,"og_image_height":null,"og_image_custom_url":null,"og_image_custom_fields":null,"og_video":null,"og_custom_url":null,"og_article_section":null,"og_article_tags":null,"twitter_use_og":false,"twitter_card":"default","twitter_image_type":"default","twitter_image_url":null,"twitter_image_custom_url":null,"twitter_image_custom_fields":null,"twitter_title":null,"twitter_description":null,"schema":{"blockGraphs":[],"customGraphs":[],"default":{"data":{"Article":[],"Course":[],"Dataset":[],"FAQPage":[],"Movie":[],"Person":[],"Product":[],"ProductReview":[],"Car":[],"Recipe":[],"Service":[],"SoftwareApplication":[],"WebPage":[]},"graphName":"","isEnabled":true},"graphs":[],"defaultGraph":"","defaultPostTypeGraph":""},"schema_type":null,"schema_type_options":null,"pillar_content":false,"robots_default":true,"robots_noindex":false,"robots_noarchive":false,"robots_nosnippet":false,"robots_nofollow":false,"robots_noimageindex":false,"robots_noodp":false,"robots_notranslate":false,"robots_max_snippet":null,"robots_max_videopreview":null,"robots_max_imagepreview":"large","priority":null,"frequency":null,"local_seo":null,"seo_analyzer_scan_date":"2025-12-09 19:23:16","breadcrumb_settings":null,"limit_modified_date":false,"open_ai":null,"ai":null,"created":"2021-01-23 14:11:18","updated":"2025-12-09 19:23:16"},"aioseo_breadcrumb":"<div class=\"aioseo-breadcrumbs\"><span class=\"aioseo-breadcrumb\">\n\t<a href=\"https:\/\/www.eldigitaldeasturias.com\/noticias\" title=\"Home\">Home<\/a>\n<\/span><span class=\"aioseo-breadcrumb-separator\">\u2013<\/span><span class=\"aioseo-breadcrumb\">\n\t<a href=\"https:\/\/www.eldigitaldeasturias.com\/noticias\/category\/sociedad\/\" title=\"Sociedad\">Sociedad<\/a>\n<\/span><span class=\"aioseo-breadcrumb-separator\">\u2013<\/span><span class=\"aioseo-breadcrumb\">\n\t<a href=\"https:\/\/www.eldigitaldeasturias.com\/noticias\/las-ciguenas-ya-no-esperan-a-san-blas-para-regresar-a-espana\/\" title=\"Las cig\u00fce\u00f1as ya no esperan a San Blas para regresar a Espa\u00f1a\">Las cig\u00fce\u00f1as ya no esperan a San Blas para regresar a Espa\u00f1a<\/a>\n<\/span><\/div>","aioseo_breadcrumb_json":[{"label":"Home","link":"https:\/\/www.eldigitaldeasturias.com\/noticias"},{"label":"Sociedad","link":"https:\/\/www.eldigitaldeasturias.com\/noticias\/category\/sociedad\/"},{"label":"Las cig\u00fce\u00f1as ya no esperan a San Blas para regresar a Espa\u00f1a","link":"https:\/\/www.eldigitaldeasturias.com\/noticias\/las-ciguenas-ya-no-esperan-a-san-blas-para-regresar-a-espana\/"}],"_links":{"self":[{"href":"https:\/\/www.eldigitaldeasturias.com\/noticias\/wp-json\/wp\/v2\/posts\/853826","targetHints":{"allow":["GET"]}}],"collection":[{"href":"https:\/\/www.eldigitaldeasturias.com\/noticias\/wp-json\/wp\/v2\/posts"}],"about":[{"href":"https:\/\/www.eldigitaldeasturias.com\/noticias\/wp-json\/wp\/v2\/types\/post"}],"author":[{"embeddable":true,"href":"https:\/\/www.eldigitaldeasturias.com\/noticias\/wp-json\/wp\/v2\/users\/1"}],"replies":[{"embeddable":true,"href":"https:\/\/www.eldigitaldeasturias.com\/noticias\/wp-json\/wp\/v2\/comments?post=853826"}],"version-history":[{"count":0,"href":"https:\/\/www.eldigitaldeasturias.com\/noticias\/wp-json\/wp\/v2\/posts\/853826\/revisions"}],"wp:featuredmedia":[{"embeddable":true,"href":"https:\/\/www.eldigitaldeasturias.com\/noticias\/wp-json\/wp\/v2\/media\/853827"}],"wp:attachment":[{"href":"https:\/\/www.eldigitaldeasturias.com\/noticias\/wp-json\/wp\/v2\/media?parent=853826"}],"wp:term":[{"taxonomy":"category","embeddable":true,"href":"https:\/\/www.eldigitaldeasturias.com\/noticias\/wp-json\/wp\/v2\/categories?post=853826"},{"taxonomy":"post_tag","embeddable":true,"href":"https:\/\/www.eldigitaldeasturias.com\/noticias\/wp-json\/wp\/v2\/tags?post=853826"}],"curies":[{"name":"wp","href":"https:\/\/api.w.org\/{rel}","templated":true}]}}