{"id":853813,"date":"2016-02-04T16:54:16","date_gmt":"2016-02-04T16:54:16","guid":{"rendered":"http:\/\/www.eldigitaldeasturias.com\/noticias\/?p=853813"},"modified":"2016-02-04T16:54:16","modified_gmt":"2016-02-04T16:54:16","slug":"consiguen-revertir-el-cambio-del-cerebro-relacionado-con-la-edad","status":"publish","type":"post","link":"https:\/\/www.eldigitaldeasturias.com\/noticias\/consiguen-revertir-el-cambio-del-cerebro-relacionado-con-la-edad\/","title":{"rendered":"Consiguen revertir el cambio del cerebro relacionado con la edad"},"content":{"rendered":"<p><img loading=\"lazy\" decoding=\"async\" class=\"alignleft size-medium wp-image-853814\" src=\"https:\/\/www.eldigitaldeasturias.com\/noticias\/wp-content\/uploads\/2016\/02\/fotonoticia_20160204074434_800-360x240.jpg\" alt=\"fotonoticia_20160204074434_800\" width=\"360\" height=\"240\" srcset=\"https:\/\/www.eldigitaldeasturias.com\/noticias\/wp-content\/uploads\/2016\/02\/fotonoticia_20160204074434_800-360x240.jpg 360w, https:\/\/www.eldigitaldeasturias.com\/noticias\/wp-content\/uploads\/2016\/02\/fotonoticia_20160204074434_800-768x512.jpg 768w, https:\/\/www.eldigitaldeasturias.com\/noticias\/wp-content\/uploads\/2016\/02\/fotonoticia_20160204074434_800-650x433.jpg 650w, https:\/\/www.eldigitaldeasturias.com\/noticias\/wp-content\/uploads\/2016\/02\/fotonoticia_20160204074434_800-84x55.jpg 84w, https:\/\/www.eldigitaldeasturias.com\/noticias\/wp-content\/uploads\/2016\/02\/fotonoticia_20160204074434_800-49x32.jpg 49w, https:\/\/www.eldigitaldeasturias.com\/noticias\/wp-content\/uploads\/2016\/02\/fotonoticia_20160204074434_800.jpg 800w\" sizes=\"auto, (max-width: 360px) 100vw, 360px\" \/>A medida que envejecen las c\u00e9lulas del cerebro pierden las fibras que reciben impulsos neuronales, un cambio que puede ser la base de deterioro cognitivo. Investigadores de la Universidad de California Irvine, en Estados Unidos, han encontrado una manera de revertir este proceso en ratas.<\/p>\n<p>Los investigadores, que detallan sus hallazgos en un art\u00edculo publicado en &#8216;The Journal of Neuroscience&#8217;, advierten que se necesitan m\u00e1s estudios pero que los hallazgos arrojan luz sobre los mecanismos de deterioro cognitivo e identifican posibles estrategias para detenerlo.<\/p>\n<p>\u00abHay una tendencia a pensar que el envejecimiento es un proceso inexorable, que es algo en los genes y no hay nada que se pueda hacer al respecto\u00bb, explica el coautor del estudio, Gary Lynch. \u00abEste trabajo est\u00e1 diciendo que puede no ser as\u00ed\u00bb, a\u00f1ade.<\/p>\n<p>Los cient\u00edficos estudiaron las dendritas &#8211;las fibras ramificadas que se extienden desde las neuronas y reciben se\u00f1ales de otras neuronas&#8211; en ratas. La evidencia de otros estudios realizados en roedores, monos y seres humanos indica que las dendritas disminuyen con la edad y que este proceso &#8211;denominado retracci\u00f3n dendr\u00edtica&#8211; se produce ya en la edad madura.<\/p>\n<p>El equipo, dirigido por Lynch, Julie Lauterborn y Linda Palmer, quer\u00eda saber si la retracci\u00f3n dendr\u00edtica ya estaba en marcha en ratas de 13 meses de edad o \u00abde mediana edad\u00bb y, si lo fuera, si era posible revertirlo administr\u00e1ndoles un compuesto llamado ampakina. Se ha demostrado previamente que las ampakinas mejoran los d\u00e9ficits cognitivos relacionados con la edad en ratas, adem\u00e1s de alentar la producci\u00f3n de un factor clave de crecimiento, el factor neurotr\u00f3fico derivado del cerebro (BDNF, por sus siglas en ingl\u00e9s).<\/p>\n<p>Los investigadores alojaron a ratas macho de diez meses de edad en jaulas con ambientes enriquecidos. A diferencia de las jaulas est\u00e1ndar, estas jaulas ten\u00edan un amplio espacio, una gran rueda de rodadura y varios objetos para que las ratas los exploraran. Un total de 11 ratas recibieron una dosis oral de ampakina cada d\u00eda durante los siguientes tres meses, mientras que las otras 12 ratas recibieron un placebo.<\/p>\n<p>Durante esta ventana de tres meses, los investigadores realizaron pruebas de comportamiento mediante la supervisi\u00f3n de la actividad de las ratas mientras exploraban un ambiente desconocido. Despu\u00e9s de tres meses, los autores analizaron una superficie de cerebros de las ratas que est\u00e1n asociadas con el aprendizaje y la memoria, el hipocampo, y la compararon con el hipocampo de ratas \u00abadolescentes\u00bb de dos meses y medio de edad.<\/p>\n<p>Las ratas \u00abde mediana edad\u00bb a las que se les dio placebo tuvieron dendritas m\u00e1s cortas y menos ramas dendr\u00edticas que las m\u00e1s j\u00f3venes, pero los cerebros de las ratas que recibieron la ampakina eran en su mayor\u00eda indistinguibles de las ratas j\u00f3venes -las dentritas de ambas fueron similares en longitud y en la cantidad de ramificaci\u00f3n. Es m\u00e1s, los investigadores tambi\u00e9n hallaron que las ratas tratadas ten\u00edan significativamente m\u00e1s espinas dendr\u00edticas, las peque\u00f1as proyecciones en las dendritas que reciben se\u00f1ales de otras neuronas, que las ratas no tratadas o las ratas j\u00f3venes.<\/p>\n<p>SE AUMENT\u00d3 LA SE\u00d1ALIZACI\u00d3N ENTRE NEURONAS<\/p>\n<p>Los investigadores detectaron que las diferencias anat\u00f3micas entre las ratas tambi\u00e9n se correlacionaron con las diferencias en una medida biol\u00f3gica de aprendizaje y memoria: las ratas tratadas mostraron una mayor se\u00f1alizaci\u00f3n entre las neuronas, un fen\u00f3meno llamado potenciaci\u00f3n a largo plazo.<\/p>\n<p>Por \u00faltimo, las diferencias entre las ratas tratadas y las no tratadas aparecieron en las pruebas de comportamiento. Normalmente, las ratas colocadas en un nuevo entorno pasan mucho tiempo explorando al azar, pero a medida que se vuelven m\u00e1s familiar, se asientan en patrones predecibles de actividad. Las ratas que recibieron ampakina se instalaron en patrones predecibles en un \u00e1rea extra\u00f1o en el segundo d\u00eda de pruebas, mientras que el grupo de placebo continu\u00f3 explorando al azar.<\/p>\n<p>\u00abLas ratas tratadas ten\u00edan mejor recuerdo del \u00e1rea y desarrollaron estrategias para explorarla\u00bb, apunta Lynch, se\u00f1alando que en efecto se les hab\u00eda invertido los efectos del envejecimiento en el cerebro. Los investigadores advierten que a\u00fan queda mucho trabajo por hacer antes de que se pruebe el medicamento en personas.<\/p>\n","protected":false},"excerpt":{"rendered":"<p>A medida que envejecen las c\u00e9lulas del cerebro pierden las fibras que reciben impulsos neuronales, un cambio que puede ser la base de deterioro cognitivo. Investigadores de la Universidad de California Irvine, en Estados Unidos, han encontrado una manera de revertir este proceso en ratas. Los investigadores, que detallan sus hallazgos en un art\u00edculo publicado [&hellip;]<\/p>\n","protected":false},"author":1,"featured_media":853814,"comment_status":"closed","ping_status":"closed","sticky":false,"template":"","format":"standard","meta":{"footnotes":""},"categories":[28],"tags":[],"class_list":["post-853813","post","type-post","status-publish","format-standard","has-post-thumbnail","hentry","category-sociedad"],"aioseo_notices":[],"aioseo_head":"\n\t\t<!-- All in One SEO Pro 4.9.6.2 - aioseo.com -->\n\t<meta name=\"description\" content=\"A medida que envejecen las c\u00e9lulas del cerebro pierden las fibras que reciben impulsos neuronales, un cambio que puede ser la base de deterioro cognitivo. Investigadores de la Universidad de California Irvine, en Estados Unidos, han encontrado una manera de revertir este proceso en ratas. Los investigadores, que detallan sus hallazgos en un art\u00edculo publicado\" \/>\n\t<meta name=\"robots\" content=\"max-image-preview:large\" \/>\n\t<meta name=\"author\" content=\"El Digital de Asturias\"\/>\n\t<meta name=\"google-site-verification\" content=\"UA-38556648-1\" \/>\n\t<meta name=\"msvalidate.01\" content=\"7dfe9f3f1b24437ab69f4f2559babe99\" \/>\n\t<meta name=\"keywords\" content=\"sociedad\" \/>\n\t<link rel=\"canonical\" href=\"https:\/\/www.eldigitaldeasturias.com\/noticias\/consiguen-revertir-el-cambio-del-cerebro-relacionado-con-la-edad\/\" \/>\n\t<meta name=\"generator\" content=\"All in One SEO Pro (AIOSEO) 4.9.6.2\" \/>\n\t\t<meta property=\"og:locale\" content=\"es_ES\" \/>\n\t\t<meta property=\"og:site_name\" content=\"El Digital de Asturias\" \/>\n\t\t<meta property=\"og:type\" content=\"article\" \/>\n\t\t<meta property=\"og:title\" content=\"Consiguen revertir el cambio del cerebro relacionado con la edad - El Digital de Asturias\" \/>\n\t\t<meta property=\"og:description\" content=\"A medida que envejecen las c\u00e9lulas del cerebro pierden las fibras que reciben impulsos neuronales, un cambio que puede ser la base de deterioro cognitivo. Investigadores de la Universidad de California Irvine, en Estados Unidos, han encontrado una manera de revertir este proceso en ratas. Los investigadores, que detallan sus hallazgos en un art\u00edculo publicado\" \/>\n\t\t<meta property=\"og:url\" content=\"https:\/\/www.eldigitaldeasturias.com\/noticias\/consiguen-revertir-el-cambio-del-cerebro-relacionado-con-la-edad\/\" \/>\n\t\t<meta property=\"og:image\" content=\"https:\/\/www.eldigitaldeasturias.com\/noticias\/wp-content\/uploads\/2016\/02\/fotonoticia_20160204074434_800.jpg\" \/>\n\t\t<meta property=\"og:image:secure_url\" content=\"https:\/\/www.eldigitaldeasturias.com\/noticias\/wp-content\/uploads\/2016\/02\/fotonoticia_20160204074434_800.jpg\" \/>\n\t\t<meta property=\"og:image:width\" content=\"800\" \/>\n\t\t<meta property=\"og:image:height\" content=\"533\" \/>\n\t\t<meta property=\"article:tag\" content=\"sociedad\" \/>\n\t\t<meta property=\"article:published_time\" content=\"2016-02-04T16:54:16+00:00\" \/>\n\t\t<meta property=\"article:modified_time\" content=\"2016-02-04T16:54:16+00:00\" \/>\n\t\t<meta property=\"article:publisher\" content=\"https:\/\/facebook.com\/eldigitaldeasturias\" \/>\n\t\t<meta name=\"twitter:card\" content=\"summary_large_image\" \/>\n\t\t<meta name=\"twitter:title\" content=\"Consiguen revertir el cambio del cerebro relacionado con la edad - El Digital de Asturias\" \/>\n\t\t<meta name=\"twitter:description\" content=\"A medida que envejecen las c\u00e9lulas del cerebro pierden las fibras que reciben impulsos neuronales, un cambio que puede ser la base de deterioro cognitivo. Investigadores de la Universidad de California Irvine, en Estados Unidos, han encontrado una manera de revertir este proceso en ratas. Los investigadores, que detallan sus hallazgos en un art\u00edculo publicado\" \/>\n\t\t<meta name=\"twitter:image\" content=\"https:\/\/www.eldigitaldeasturias.com\/noticias\/wp-content\/uploads\/2016\/02\/fotonoticia_20160204074434_800.jpg\" \/>\n\t\t<meta name=\"twitter:label1\" content=\"Escrito por\" \/>\n\t\t<meta name=\"twitter:data1\" content=\"El Digital de Asturias\" \/>\n\t\t<meta name=\"twitter:label2\" content=\"Tiempo de lectura estimado\" \/>\n\t\t<meta name=\"twitter:data2\" content=\"4 minutos\" \/>\n\t\t<script type=\"application\/ld+json\" class=\"aioseo-schema\">\n\t\t\t{\"@context\":\"https:\\\/\\\/schema.org\",\"@graph\":[{\"@type\":\"BlogPosting\",\"@id\":\"https:\\\/\\\/www.eldigitaldeasturias.com\\\/noticias\\\/consiguen-revertir-el-cambio-del-cerebro-relacionado-con-la-edad\\\/#blogposting\",\"name\":\"Consiguen revertir el cambio del cerebro relacionado con la edad - El Digital de Asturias\",\"headline\":\"Consiguen revertir el cambio del cerebro relacionado con la edad\",\"author\":{\"@id\":\"https:\\\/\\\/www.eldigitaldeasturias.com\\\/noticias\\\/author\\\/admin\\\/#author\"},\"publisher\":{\"@id\":\"https:\\\/\\\/www.eldigitaldeasturias.com\\\/noticias\\\/#organization\"},\"image\":{\"@type\":\"ImageObject\",\"url\":\"https:\\\/\\\/www.eldigitaldeasturias.com\\\/noticias\\\/wp-content\\\/uploads\\\/2016\\\/02\\\/fotonoticia_20160204074434_800.jpg\",\"width\":800,\"height\":533},\"datePublished\":\"2016-02-04T16:54:16+01:00\",\"dateModified\":\"2016-02-04T16:54:16+01:00\",\"inLanguage\":\"es-ES\",\"mainEntityOfPage\":{\"@id\":\"https:\\\/\\\/www.eldigitaldeasturias.com\\\/noticias\\\/consiguen-revertir-el-cambio-del-cerebro-relacionado-con-la-edad\\\/#webpage\"},\"isPartOf\":{\"@id\":\"https:\\\/\\\/www.eldigitaldeasturias.com\\\/noticias\\\/consiguen-revertir-el-cambio-del-cerebro-relacionado-con-la-edad\\\/#webpage\"},\"articleSection\":\"Sociedad\"},{\"@type\":\"BreadcrumbList\",\"@id\":\"https:\\\/\\\/www.eldigitaldeasturias.com\\\/noticias\\\/consiguen-revertir-el-cambio-del-cerebro-relacionado-con-la-edad\\\/#breadcrumblist\",\"itemListElement\":[{\"@type\":\"ListItem\",\"@id\":\"https:\\\/\\\/www.eldigitaldeasturias.com\\\/noticias#listItem\",\"position\":1,\"name\":\"Home\",\"item\":\"https:\\\/\\\/www.eldigitaldeasturias.com\\\/noticias\",\"nextItem\":{\"@type\":\"ListItem\",\"@id\":\"https:\\\/\\\/www.eldigitaldeasturias.com\\\/noticias\\\/category\\\/sociedad\\\/#listItem\",\"name\":\"Sociedad\"}},{\"@type\":\"ListItem\",\"@id\":\"https:\\\/\\\/www.eldigitaldeasturias.com\\\/noticias\\\/category\\\/sociedad\\\/#listItem\",\"position\":2,\"name\":\"Sociedad\",\"item\":\"https:\\\/\\\/www.eldigitaldeasturias.com\\\/noticias\\\/category\\\/sociedad\\\/\",\"nextItem\":{\"@type\":\"ListItem\",\"@id\":\"https:\\\/\\\/www.eldigitaldeasturias.com\\\/noticias\\\/consiguen-revertir-el-cambio-del-cerebro-relacionado-con-la-edad\\\/#listItem\",\"name\":\"Consiguen revertir el cambio del cerebro relacionado con la edad\"},\"previousItem\":{\"@type\":\"ListItem\",\"@id\":\"https:\\\/\\\/www.eldigitaldeasturias.com\\\/noticias#listItem\",\"name\":\"Home\"}},{\"@type\":\"ListItem\",\"@id\":\"https:\\\/\\\/www.eldigitaldeasturias.com\\\/noticias\\\/consiguen-revertir-el-cambio-del-cerebro-relacionado-con-la-edad\\\/#listItem\",\"position\":3,\"name\":\"Consiguen revertir el cambio del cerebro relacionado con la edad\",\"previousItem\":{\"@type\":\"ListItem\",\"@id\":\"https:\\\/\\\/www.eldigitaldeasturias.com\\\/noticias\\\/category\\\/sociedad\\\/#listItem\",\"name\":\"Sociedad\"}}]},{\"@type\":\"Organization\",\"@id\":\"https:\\\/\\\/www.eldigitaldeasturias.com\\\/noticias\\\/#organization\",\"name\":\"El Digital de Asturias\",\"description\":\"Hemeroteca\",\"url\":\"https:\\\/\\\/www.eldigitaldeasturias.com\\\/noticias\\\/\",\"email\":\"info@eldigitaldeasturias.com\",\"telephone\":\"+34652131393\",\"logo\":{\"@type\":\"ImageObject\",\"url\":\"https:\\\/\\\/www.eldigitaldeasturias.com\\\/noticias\\\/wp-content\\\/uploads\\\/2020\\\/12\\\/EDA.jpg\",\"@id\":\"https:\\\/\\\/www.eldigitaldeasturias.com\\\/noticias\\\/consiguen-revertir-el-cambio-del-cerebro-relacionado-con-la-edad\\\/#organizationLogo\",\"width\":649,\"height\":297},\"image\":{\"@id\":\"https:\\\/\\\/www.eldigitaldeasturias.com\\\/noticias\\\/consiguen-revertir-el-cambio-del-cerebro-relacionado-con-la-edad\\\/#organizationLogo\"},\"sameAs\":[\"https:\\\/\\\/facebook.com\\\/eldigitaldeasturias\",\"https:\\\/\\\/www.youtube.com\\\/channel\\\/UCZP-2wLEB9Rv6erhFmqVnvg\"],\"address\":{\"@id\":\"https:\\\/\\\/www.eldigitaldeasturias.com\\\/noticias\\\/#postaladdress\",\"@type\":\"PostalAddress\",\"streetAddress\":\"san antonio 4,\",\"postalCode\":\"33430\",\"addressLocality\":\"Cand\\u00e1s\",\"addressRegion\":\"Asturias\",\"addressCountry\":\"ES\"}},{\"@type\":\"Person\",\"@id\":\"https:\\\/\\\/www.eldigitaldeasturias.com\\\/noticias\\\/author\\\/admin\\\/#author\",\"url\":\"https:\\\/\\\/www.eldigitaldeasturias.com\\\/noticias\\\/author\\\/admin\\\/\",\"name\":\"El Digital de Asturias\",\"image\":{\"@type\":\"ImageObject\",\"@id\":\"https:\\\/\\\/www.eldigitaldeasturias.com\\\/noticias\\\/consiguen-revertir-el-cambio-del-cerebro-relacionado-con-la-edad\\\/#authorImage\",\"url\":\"https:\\\/\\\/www.eldigitaldeasturias.com\\\/noticias\\\/wp-content\\\/litespeed\\\/avatar\\\/18677e78aa0546b92d9dbf31ec7d7668.jpg?ver=1777290358\",\"width\":96,\"height\":96,\"caption\":\"El Digital de Asturias\"}},{\"@type\":\"WebPage\",\"@id\":\"https:\\\/\\\/www.eldigitaldeasturias.com\\\/noticias\\\/consiguen-revertir-el-cambio-del-cerebro-relacionado-con-la-edad\\\/#webpage\",\"url\":\"https:\\\/\\\/www.eldigitaldeasturias.com\\\/noticias\\\/consiguen-revertir-el-cambio-del-cerebro-relacionado-con-la-edad\\\/\",\"name\":\"Consiguen revertir el cambio del cerebro relacionado con la edad - El Digital de Asturias\",\"description\":\"A medida que envejecen las c\\u00e9lulas del cerebro pierden las fibras que reciben impulsos neuronales, un cambio que puede ser la base de deterioro cognitivo. Investigadores de la Universidad de California Irvine, en Estados Unidos, han encontrado una manera de revertir este proceso en ratas. Los investigadores, que detallan sus hallazgos en un art\\u00edculo publicado\",\"inLanguage\":\"es-ES\",\"isPartOf\":{\"@id\":\"https:\\\/\\\/www.eldigitaldeasturias.com\\\/noticias\\\/#website\"},\"breadcrumb\":{\"@id\":\"https:\\\/\\\/www.eldigitaldeasturias.com\\\/noticias\\\/consiguen-revertir-el-cambio-del-cerebro-relacionado-con-la-edad\\\/#breadcrumblist\"},\"author\":{\"@id\":\"https:\\\/\\\/www.eldigitaldeasturias.com\\\/noticias\\\/author\\\/admin\\\/#author\"},\"creator\":{\"@id\":\"https:\\\/\\\/www.eldigitaldeasturias.com\\\/noticias\\\/author\\\/admin\\\/#author\"},\"image\":{\"@type\":\"ImageObject\",\"url\":\"https:\\\/\\\/www.eldigitaldeasturias.com\\\/noticias\\\/wp-content\\\/uploads\\\/2016\\\/02\\\/fotonoticia_20160204074434_800.jpg\",\"@id\":\"https:\\\/\\\/www.eldigitaldeasturias.com\\\/noticias\\\/consiguen-revertir-el-cambio-del-cerebro-relacionado-con-la-edad\\\/#mainImage\",\"width\":800,\"height\":533},\"primaryImageOfPage\":{\"@id\":\"https:\\\/\\\/www.eldigitaldeasturias.com\\\/noticias\\\/consiguen-revertir-el-cambio-del-cerebro-relacionado-con-la-edad\\\/#mainImage\"},\"datePublished\":\"2016-02-04T16:54:16+01:00\",\"dateModified\":\"2016-02-04T16:54:16+01:00\"},{\"@type\":\"WebSite\",\"@id\":\"https:\\\/\\\/www.eldigitaldeasturias.com\\\/noticias\\\/#website\",\"url\":\"https:\\\/\\\/www.eldigitaldeasturias.com\\\/noticias\\\/\",\"name\":\"El Digital de Asturias - Diario de actualidad y noticias\",\"alternateName\":\"El Digital de Asturias - Diario de actualidad y noticias\",\"description\":\"Hemeroteca\",\"inLanguage\":\"es-ES\",\"publisher\":{\"@id\":\"https:\\\/\\\/www.eldigitaldeasturias.com\\\/noticias\\\/#organization\"}}]}\n\t\t<\/script>\n\t\t<!-- All in One SEO Pro -->\r\n\t\t<title>Consiguen revertir el cambio del cerebro relacionado con la edad - El Digital de Asturias<\/title>\n\n","aioseo_head_json":{"title":"Consiguen revertir el cambio del cerebro relacionado con la edad - El Digital de Asturias","description":"A medida que envejecen las c\u00e9lulas del cerebro pierden las fibras que reciben impulsos neuronales, un cambio que puede ser la base de deterioro cognitivo. Investigadores de la Universidad de California Irvine, en Estados Unidos, han encontrado una manera de revertir este proceso en ratas. Los investigadores, que detallan sus hallazgos en un art\u00edculo publicado","canonical_url":"https:\/\/www.eldigitaldeasturias.com\/noticias\/consiguen-revertir-el-cambio-del-cerebro-relacionado-con-la-edad\/","robots":"max-image-preview:large","keywords":"sociedad","webmasterTools":{"google-site-verification":"UA-38556648-1","msvalidate.01":"7dfe9f3f1b24437ab69f4f2559babe99","miscellaneous":""},"schema":{"@context":"https:\/\/schema.org","@graph":[{"@type":"BlogPosting","@id":"https:\/\/www.eldigitaldeasturias.com\/noticias\/consiguen-revertir-el-cambio-del-cerebro-relacionado-con-la-edad\/#blogposting","name":"Consiguen revertir el cambio del cerebro relacionado con la edad - El Digital de Asturias","headline":"Consiguen revertir el cambio del cerebro relacionado con la edad","author":{"@id":"https:\/\/www.eldigitaldeasturias.com\/noticias\/author\/admin\/#author"},"publisher":{"@id":"https:\/\/www.eldigitaldeasturias.com\/noticias\/#organization"},"image":{"@type":"ImageObject","url":"https:\/\/www.eldigitaldeasturias.com\/noticias\/wp-content\/uploads\/2016\/02\/fotonoticia_20160204074434_800.jpg","width":800,"height":533},"datePublished":"2016-02-04T16:54:16+01:00","dateModified":"2016-02-04T16:54:16+01:00","inLanguage":"es-ES","mainEntityOfPage":{"@id":"https:\/\/www.eldigitaldeasturias.com\/noticias\/consiguen-revertir-el-cambio-del-cerebro-relacionado-con-la-edad\/#webpage"},"isPartOf":{"@id":"https:\/\/www.eldigitaldeasturias.com\/noticias\/consiguen-revertir-el-cambio-del-cerebro-relacionado-con-la-edad\/#webpage"},"articleSection":"Sociedad"},{"@type":"BreadcrumbList","@id":"https:\/\/www.eldigitaldeasturias.com\/noticias\/consiguen-revertir-el-cambio-del-cerebro-relacionado-con-la-edad\/#breadcrumblist","itemListElement":[{"@type":"ListItem","@id":"https:\/\/www.eldigitaldeasturias.com\/noticias#listItem","position":1,"name":"Home","item":"https:\/\/www.eldigitaldeasturias.com\/noticias","nextItem":{"@type":"ListItem","@id":"https:\/\/www.eldigitaldeasturias.com\/noticias\/category\/sociedad\/#listItem","name":"Sociedad"}},{"@type":"ListItem","@id":"https:\/\/www.eldigitaldeasturias.com\/noticias\/category\/sociedad\/#listItem","position":2,"name":"Sociedad","item":"https:\/\/www.eldigitaldeasturias.com\/noticias\/category\/sociedad\/","nextItem":{"@type":"ListItem","@id":"https:\/\/www.eldigitaldeasturias.com\/noticias\/consiguen-revertir-el-cambio-del-cerebro-relacionado-con-la-edad\/#listItem","name":"Consiguen revertir el cambio del cerebro relacionado con la edad"},"previousItem":{"@type":"ListItem","@id":"https:\/\/www.eldigitaldeasturias.com\/noticias#listItem","name":"Home"}},{"@type":"ListItem","@id":"https:\/\/www.eldigitaldeasturias.com\/noticias\/consiguen-revertir-el-cambio-del-cerebro-relacionado-con-la-edad\/#listItem","position":3,"name":"Consiguen revertir el cambio del cerebro relacionado con la edad","previousItem":{"@type":"ListItem","@id":"https:\/\/www.eldigitaldeasturias.com\/noticias\/category\/sociedad\/#listItem","name":"Sociedad"}}]},{"@type":"Organization","@id":"https:\/\/www.eldigitaldeasturias.com\/noticias\/#organization","name":"El Digital de Asturias","description":"Hemeroteca","url":"https:\/\/www.eldigitaldeasturias.com\/noticias\/","email":"info@eldigitaldeasturias.com","telephone":"+34652131393","logo":{"@type":"ImageObject","url":"https:\/\/www.eldigitaldeasturias.com\/noticias\/wp-content\/uploads\/2020\/12\/EDA.jpg","@id":"https:\/\/www.eldigitaldeasturias.com\/noticias\/consiguen-revertir-el-cambio-del-cerebro-relacionado-con-la-edad\/#organizationLogo","width":649,"height":297},"image":{"@id":"https:\/\/www.eldigitaldeasturias.com\/noticias\/consiguen-revertir-el-cambio-del-cerebro-relacionado-con-la-edad\/#organizationLogo"},"sameAs":["https:\/\/facebook.com\/eldigitaldeasturias","https:\/\/www.youtube.com\/channel\/UCZP-2wLEB9Rv6erhFmqVnvg"],"address":{"@id":"https:\/\/www.eldigitaldeasturias.com\/noticias\/#postaladdress","@type":"PostalAddress","streetAddress":"san antonio 4,","postalCode":"33430","addressLocality":"Cand\u00e1s","addressRegion":"Asturias","addressCountry":"ES"}},{"@type":"Person","@id":"https:\/\/www.eldigitaldeasturias.com\/noticias\/author\/admin\/#author","url":"https:\/\/www.eldigitaldeasturias.com\/noticias\/author\/admin\/","name":"El Digital de Asturias","image":{"@type":"ImageObject","@id":"https:\/\/www.eldigitaldeasturias.com\/noticias\/consiguen-revertir-el-cambio-del-cerebro-relacionado-con-la-edad\/#authorImage","url":"https:\/\/www.eldigitaldeasturias.com\/noticias\/wp-content\/litespeed\/avatar\/18677e78aa0546b92d9dbf31ec7d7668.jpg?ver=1777290358","width":96,"height":96,"caption":"El Digital de Asturias"}},{"@type":"WebPage","@id":"https:\/\/www.eldigitaldeasturias.com\/noticias\/consiguen-revertir-el-cambio-del-cerebro-relacionado-con-la-edad\/#webpage","url":"https:\/\/www.eldigitaldeasturias.com\/noticias\/consiguen-revertir-el-cambio-del-cerebro-relacionado-con-la-edad\/","name":"Consiguen revertir el cambio del cerebro relacionado con la edad - El Digital de Asturias","description":"A medida que envejecen las c\u00e9lulas del cerebro pierden las fibras que reciben impulsos neuronales, un cambio que puede ser la base de deterioro cognitivo. Investigadores de la Universidad de California Irvine, en Estados Unidos, han encontrado una manera de revertir este proceso en ratas. Los investigadores, que detallan sus hallazgos en un art\u00edculo publicado","inLanguage":"es-ES","isPartOf":{"@id":"https:\/\/www.eldigitaldeasturias.com\/noticias\/#website"},"breadcrumb":{"@id":"https:\/\/www.eldigitaldeasturias.com\/noticias\/consiguen-revertir-el-cambio-del-cerebro-relacionado-con-la-edad\/#breadcrumblist"},"author":{"@id":"https:\/\/www.eldigitaldeasturias.com\/noticias\/author\/admin\/#author"},"creator":{"@id":"https:\/\/www.eldigitaldeasturias.com\/noticias\/author\/admin\/#author"},"image":{"@type":"ImageObject","url":"https:\/\/www.eldigitaldeasturias.com\/noticias\/wp-content\/uploads\/2016\/02\/fotonoticia_20160204074434_800.jpg","@id":"https:\/\/www.eldigitaldeasturias.com\/noticias\/consiguen-revertir-el-cambio-del-cerebro-relacionado-con-la-edad\/#mainImage","width":800,"height":533},"primaryImageOfPage":{"@id":"https:\/\/www.eldigitaldeasturias.com\/noticias\/consiguen-revertir-el-cambio-del-cerebro-relacionado-con-la-edad\/#mainImage"},"datePublished":"2016-02-04T16:54:16+01:00","dateModified":"2016-02-04T16:54:16+01:00"},{"@type":"WebSite","@id":"https:\/\/www.eldigitaldeasturias.com\/noticias\/#website","url":"https:\/\/www.eldigitaldeasturias.com\/noticias\/","name":"El Digital de Asturias - Diario de actualidad y noticias","alternateName":"El Digital de Asturias - Diario de actualidad y noticias","description":"Hemeroteca","inLanguage":"es-ES","publisher":{"@id":"https:\/\/www.eldigitaldeasturias.com\/noticias\/#organization"}}]},"og:locale":"es_ES","og:site_name":"El Digital de Asturias","og:type":"article","og:title":"Consiguen revertir el cambio del cerebro relacionado con la edad - El Digital de Asturias","og:description":"A medida que envejecen las c\u00e9lulas del cerebro pierden las fibras que reciben impulsos neuronales, un cambio que puede ser la base de deterioro cognitivo. Investigadores de la Universidad de California Irvine, en Estados Unidos, han encontrado una manera de revertir este proceso en ratas. Los investigadores, que detallan sus hallazgos en un art\u00edculo publicado","og:url":"https:\/\/www.eldigitaldeasturias.com\/noticias\/consiguen-revertir-el-cambio-del-cerebro-relacionado-con-la-edad\/","og:image":"https:\/\/www.eldigitaldeasturias.com\/noticias\/wp-content\/uploads\/2016\/02\/fotonoticia_20160204074434_800.jpg","og:image:secure_url":"https:\/\/www.eldigitaldeasturias.com\/noticias\/wp-content\/uploads\/2016\/02\/fotonoticia_20160204074434_800.jpg","og:image:width":800,"og:image:height":533,"article:tag":["sociedad"],"article:published_time":"2016-02-04T16:54:16+00:00","article:modified_time":"2016-02-04T16:54:16+00:00","article:publisher":"https:\/\/facebook.com\/eldigitaldeasturias","twitter:card":"summary_large_image","twitter:title":"Consiguen revertir el cambio del cerebro relacionado con la edad - El Digital de Asturias","twitter:description":"A medida que envejecen las c\u00e9lulas del cerebro pierden las fibras que reciben impulsos neuronales, un cambio que puede ser la base de deterioro cognitivo. Investigadores de la Universidad de California Irvine, en Estados Unidos, han encontrado una manera de revertir este proceso en ratas. Los investigadores, que detallan sus hallazgos en un art\u00edculo publicado","twitter:image":"https:\/\/www.eldigitaldeasturias.com\/noticias\/wp-content\/uploads\/2016\/02\/fotonoticia_20160204074434_800.jpg","twitter:label1":"Escrito por","twitter:data1":"El Digital de Asturias","twitter:label2":"Tiempo de lectura estimado","twitter:data2":"4 minutos"},"aioseo_meta_data":{"post_id":"853813","title":null,"description":null,"keywords":null,"keyphrases":null,"primary_term":null,"canonical_url":null,"og_title":null,"og_description":null,"og_object_type":"default","og_image_type":"default","og_image_url":null,"og_image_width":null,"og_image_height":null,"og_image_custom_url":null,"og_image_custom_fields":null,"og_video":null,"og_custom_url":null,"og_article_section":null,"og_article_tags":null,"twitter_use_og":false,"twitter_card":"default","twitter_image_type":"default","twitter_image_url":null,"twitter_image_custom_url":null,"twitter_image_custom_fields":null,"twitter_title":null,"twitter_description":null,"schema":{"blockGraphs":[],"customGraphs":[],"default":{"data":{"Article":[],"Course":[],"Dataset":[],"FAQPage":[],"Movie":[],"Person":[],"Product":[],"ProductReview":[],"Car":[],"Recipe":[],"Service":[],"SoftwareApplication":[],"WebPage":[]},"graphName":"","isEnabled":true},"graphs":[],"defaultGraph":"","defaultPostTypeGraph":""},"schema_type":null,"schema_type_options":null,"pillar_content":false,"robots_default":true,"robots_noindex":false,"robots_noarchive":false,"robots_nosnippet":false,"robots_nofollow":false,"robots_noimageindex":false,"robots_noodp":false,"robots_notranslate":false,"robots_max_snippet":null,"robots_max_videopreview":null,"robots_max_imagepreview":"large","priority":null,"frequency":null,"local_seo":null,"seo_analyzer_scan_date":"2025-12-09 19:19:42","breadcrumb_settings":null,"limit_modified_date":false,"open_ai":null,"ai":null,"created":"2021-01-23 14:11:18","updated":"2025-12-09 19:19:42"},"aioseo_breadcrumb":"<div class=\"aioseo-breadcrumbs\"><span class=\"aioseo-breadcrumb\">\n\t<a href=\"https:\/\/www.eldigitaldeasturias.com\/noticias\" title=\"Home\">Home<\/a>\n<\/span><span class=\"aioseo-breadcrumb-separator\">\u2013<\/span><span class=\"aioseo-breadcrumb\">\n\t<a href=\"https:\/\/www.eldigitaldeasturias.com\/noticias\/category\/sociedad\/\" title=\"Sociedad\">Sociedad<\/a>\n<\/span><span class=\"aioseo-breadcrumb-separator\">\u2013<\/span><span class=\"aioseo-breadcrumb\">\n\t<a href=\"https:\/\/www.eldigitaldeasturias.com\/noticias\/consiguen-revertir-el-cambio-del-cerebro-relacionado-con-la-edad\/\" title=\"Consiguen revertir el cambio del cerebro relacionado con la edad\">Consiguen revertir el cambio del cerebro relacionado con la edad<\/a>\n<\/span><\/div>","aioseo_breadcrumb_json":[{"label":"Home","link":"https:\/\/www.eldigitaldeasturias.com\/noticias"},{"label":"Sociedad","link":"https:\/\/www.eldigitaldeasturias.com\/noticias\/category\/sociedad\/"},{"label":"Consiguen revertir el cambio del cerebro relacionado con la edad","link":"https:\/\/www.eldigitaldeasturias.com\/noticias\/consiguen-revertir-el-cambio-del-cerebro-relacionado-con-la-edad\/"}],"_links":{"self":[{"href":"https:\/\/www.eldigitaldeasturias.com\/noticias\/wp-json\/wp\/v2\/posts\/853813","targetHints":{"allow":["GET"]}}],"collection":[{"href":"https:\/\/www.eldigitaldeasturias.com\/noticias\/wp-json\/wp\/v2\/posts"}],"about":[{"href":"https:\/\/www.eldigitaldeasturias.com\/noticias\/wp-json\/wp\/v2\/types\/post"}],"author":[{"embeddable":true,"href":"https:\/\/www.eldigitaldeasturias.com\/noticias\/wp-json\/wp\/v2\/users\/1"}],"replies":[{"embeddable":true,"href":"https:\/\/www.eldigitaldeasturias.com\/noticias\/wp-json\/wp\/v2\/comments?post=853813"}],"version-history":[{"count":0,"href":"https:\/\/www.eldigitaldeasturias.com\/noticias\/wp-json\/wp\/v2\/posts\/853813\/revisions"}],"wp:featuredmedia":[{"embeddable":true,"href":"https:\/\/www.eldigitaldeasturias.com\/noticias\/wp-json\/wp\/v2\/media\/853814"}],"wp:attachment":[{"href":"https:\/\/www.eldigitaldeasturias.com\/noticias\/wp-json\/wp\/v2\/media?parent=853813"}],"wp:term":[{"taxonomy":"category","embeddable":true,"href":"https:\/\/www.eldigitaldeasturias.com\/noticias\/wp-json\/wp\/v2\/categories?post=853813"},{"taxonomy":"post_tag","embeddable":true,"href":"https:\/\/www.eldigitaldeasturias.com\/noticias\/wp-json\/wp\/v2\/tags?post=853813"}],"curies":[{"name":"wp","href":"https:\/\/api.w.org\/{rel}","templated":true}]}}