{"id":853811,"date":"2016-02-04T16:24:22","date_gmt":"2016-02-04T16:24:22","guid":{"rendered":"http:\/\/www.eldigitaldeasturias.com\/noticias\/?p=853811"},"modified":"2016-02-04T16:24:22","modified_gmt":"2016-02-04T16:24:22","slug":"el-sondeo-del-cis-situa-la-politica-como-tercera-preocupacion-de-los-espanoles","status":"publish","type":"post","link":"https:\/\/www.eldigitaldeasturias.com\/noticias\/el-sondeo-del-cis-situa-la-politica-como-tercera-preocupacion-de-los-espanoles\/","title":{"rendered":"El sondeo del CIS sit\u00faa la pol\u00edtica como tercera preocupaci\u00f3n de los espa\u00f1oles"},"content":{"rendered":"<p><img loading=\"lazy\" decoding=\"async\" class=\"alignleft size-medium wp-image-800012\" src=\"https:\/\/www.eldigitaldeasturias.com\/noticias\/wp-content\/uploads\/2015\/08\/gente-360x253.jpg\" alt=\"gente\" width=\"360\" height=\"253\" srcset=\"https:\/\/www.eldigitaldeasturias.com\/noticias\/wp-content\/uploads\/2015\/08\/gente-360x253.jpg 360w, https:\/\/www.eldigitaldeasturias.com\/noticias\/wp-content\/uploads\/2015\/08\/gente-426x300.jpg 426w, https:\/\/www.eldigitaldeasturias.com\/noticias\/wp-content\/uploads\/2015\/08\/gente-768x540.jpg 768w, https:\/\/www.eldigitaldeasturias.com\/noticias\/wp-content\/uploads\/2015\/08\/gente-682x480.jpg 682w, https:\/\/www.eldigitaldeasturias.com\/noticias\/wp-content\/uploads\/2015\/08\/gente-20x14.jpg 20w, https:\/\/www.eldigitaldeasturias.com\/noticias\/wp-content\/uploads\/2015\/08\/gente.jpg 800w\" sizes=\"auto, (max-width: 360px) 100vw, 360px\" \/>La preocupaci\u00f3n por la clase pol\u00edtica ha aumentado m\u00e1s de ocho puntos tras las elecciones generales del pasado 20 de diciembre llegando a colocarse como el tercer problema que m\u00e1s inquieta a los espa\u00f1oles, seg\u00fan se desprende del Bar\u00f3metro del Centro de Investigaciones Sociol\u00f3gicas (CIS) correspondiente al pasado mes de enero.<\/p>\n<p>El estudio se basa en un total de 2.496 entrevistas personales y domiciliarias realizadas en 256 municipios de 50 provincias y tiene un margen de error de m\u00e1s\/menos 2%. Las preguntas se hicieron entre el 2 y el 11 de enero, es decir, el trabajo de campo arranc\u00f3 13 d\u00edas despu\u00e9s de las elecciones de diciembre, antes de la constituci\u00f3n de las Cortes, de que el Rey iniciara su primera ronda de audiencias para buscar un candidato a la investidura y de que Podemos lanzara su oferta de Gobierno de coalici\u00f3n al PSOE.<\/p>\n<p>El paro sigue siendo el principal problema nacional al ser citado en el 77,9% de los cuestionarios, 1,9 puntos por debajo de su registro de diciembre. A continuaci\u00f3n, aparece de nuevo la corrupci\u00f3n y el fraude, que sube hasta el 39,2% de menciones, si bien ha bajado m\u00e1s de 16 puntos en el \u00faltimo a\u00f1o. En enero de 2015, la preocupaci\u00f3n por este asunto estaba en el 55,5%.<\/p>\n<p>Al tercer puesto asciende la clase pol\u00edtica, con el 23,4% de las respuestas, 8,6 puntos m\u00e1s que en diciembre, un incremento que se ha producido justo despu\u00e9s de los comicios del 20 de diciembre y del escenario de incertidumbre que se ha abierto sobre la gobernabilidad del pa\u00eds. La clase pol\u00edtica no ocupaba el tercer puesto de la tabla desde enero de 2013, aunque su r\u00e9cord (31,4%) data de marzo de aquel a\u00f1o.<\/p>\n<p>El CIS refleja, adem\u00e1s, que siete de cada diez espa\u00f1oles descalifica la situaci\u00f3n pol\u00edtica en Espa\u00f1a, frente al 3,5% que la considera \u00abbuena o muy buena\u00bb. Para el 35,2% era peor hace un a\u00f1o, frente al 11,5% que considera que ha mejorado.<\/p>\n<p>PESIMISMO SOBRE EL FUTURO DE LA SITUACI\u00d3N POL\u00cdTICA<\/p>\n<p>Sin embargo, el pesimismo se extiende en la sociedad espa\u00f1ola puesto que se han incrementado los que pronostican que la situaci\u00f3n ser\u00e1 peor en doce meses. Si en diciembre ese porcentaje era del 12,3, en enero subi\u00f3 hasta el 17,2%, frente al 23,1% que considera que mejorar\u00e1.<\/p>\n<p>El aumento de la preocupaci\u00f3n por los pol\u00edticos ha supuesto, adem\u00e1s, que la inquietud de los espa\u00f1oles por los problemas de \u00edndole econ\u00f3mica haya bajado por primera vez en los dos \u00faltimos a\u00f1os a la cuarta plaza, con el 23,2% de alusiones.<\/p>\n<p>Los asuntos sociales tambi\u00e9n han escalado un puesto en la tabla de los problema nacionales, situ\u00e1ndose en el quinto lugar, con el 11,7%, dejando a la preocupaci\u00f3n por la sanidad en el sexto, con el 11,6% de las respuestas, aunque se ha incrementado casi dos puntos en el \u00faltimo a\u00f1o.<\/p>\n<p>Tambi\u00e9n ha crecido la inquietud por la educaci\u00f3n, que marca un 10,2% frente al 9,7% de diciembre y el 7,1% que se anot\u00f3 en enero de 2015. A\u00fan as\u00ed, sigue en el s\u00e9ptimo puesto de la tabla.<\/p>\n<p>Tras los atentados yihadistas que tuvieron lugar el 13 de noviembre en Par\u00eds, el terrorismo internacional se col\u00f3 entre los diez principales problemas de Espa\u00f1a situ\u00e1ndose, en concreto, en el octavo lugar, con un 9% de alusiones. Ahora desciende 3,3 puntos, hasta el 5,7%. Un porcentaje que contrasta con el 0,1% de alusiones que registr\u00f3 en enero el terrorismo de ETA y las negociaciones con la banda.<\/p>\n<p>En el Bar\u00f3metro de enero sigue sin haber menci\u00f3n a la Monarqu\u00eda como un problema (registr\u00f3 un 0% frente al 0,3% con el que empez\u00f3 2015), pero s\u00ed las hay a los nacionalismos, que se anotan un 2,6, bajando 2,5 puntos respecto a noviembre, cuando este asunto marc\u00f3 r\u00e9cord (5,1%). El grueso del trabajo de campo de la encuesta se realiz\u00f3 antes de la elecci\u00f3n del nuevo presidente catalana, Carles Puigdemont.<\/p>\n<p>Como cada mes, el paro sigue encabezando tambi\u00e9n la lista de problemas personales de los cuestionados, con un 41,5%, seguido los de \u00edndole econ\u00f3mica (22,7%), la sanidad (13,3%), la corrupci\u00f3n y el fraude (11,7%) y la educaci\u00f3n (10,9%).<\/p>\n<p>OPTIMISMO SOBRE LA SITUACI\u00d3N ECON\u00d3MICA<\/p>\n<p>Sobre la situaci\u00f3n econ\u00f3mica, sigue descendiendo el porcentaje de espa\u00f1oles que la consideran \u00abmala o muy mala\u00bb, que se quedan en un 61,9%, el m\u00e1s bajo desde el inicio de la crisis, frente al 3,8% que la define como \u00abbuena o muy buena\u00bb.<\/p>\n<p>No obstante, ha bajado el porcentaje de espa\u00f1oles que augura que la coyuntura econ\u00f3mica ser\u00e1 mejor dentro de un a\u00f1o, un 26,1% frente al 27,6% de diciembre, un punto y medio menos, y ha aumentado levemente el de los que pronostican que empeorar\u00e1 (11,9% frente al 11,6 del mes pasado).<\/p>\n<p>Y se registra, asimismo, un nuevo r\u00e9cord en el 25,5% que considera que la econom\u00eda est\u00e1 ahora mejor que hace un a\u00f1o, frente al 20,2% que piensa lo contrario.<\/p>\n","protected":false},"excerpt":{"rendered":"<p>La preocupaci\u00f3n por la clase pol\u00edtica ha aumentado m\u00e1s de ocho puntos tras las elecciones generales del pasado 20 de diciembre llegando a colocarse como el tercer problema que m\u00e1s inquieta a los espa\u00f1oles, seg\u00fan se desprende del Bar\u00f3metro del Centro de Investigaciones Sociol\u00f3gicas (CIS) correspondiente al pasado mes de enero. El estudio se basa [&hellip;]<\/p>\n","protected":false},"author":1,"featured_media":800012,"comment_status":"closed","ping_status":"closed","sticky":false,"template":"","format":"standard","meta":{"footnotes":""},"categories":[1],"tags":[],"class_list":["post-853811","post","type-post","status-publish","format-standard","has-post-thumbnail","hentry","category-actualidad"],"aioseo_notices":[],"aioseo_head":"\n\t\t<!-- All in One SEO Pro 4.9.6.2 - aioseo.com -->\n\t<meta name=\"description\" content=\"La preocupaci\u00f3n por la clase pol\u00edtica ha aumentado m\u00e1s de ocho puntos tras las elecciones generales del pasado 20 de diciembre llegando a colocarse como el tercer problema que m\u00e1s inquieta a los espa\u00f1oles, seg\u00fan se desprende del Bar\u00f3metro del Centro de Investigaciones Sociol\u00f3gicas (CIS) correspondiente al pasado mes de enero. El estudio se basa\" \/>\n\t<meta name=\"robots\" content=\"max-image-preview:large\" \/>\n\t<meta name=\"author\" content=\"El Digital de Asturias\"\/>\n\t<meta name=\"google-site-verification\" content=\"UA-38556648-1\" \/>\n\t<meta name=\"msvalidate.01\" content=\"7dfe9f3f1b24437ab69f4f2559babe99\" \/>\n\t<meta name=\"keywords\" content=\"actualidad\" \/>\n\t<link rel=\"canonical\" href=\"https:\/\/www.eldigitaldeasturias.com\/noticias\/el-sondeo-del-cis-situa-la-politica-como-tercera-preocupacion-de-los-espanoles\/\" \/>\n\t<meta name=\"generator\" content=\"All in One SEO Pro (AIOSEO) 4.9.6.2\" \/>\n\t\t<meta property=\"og:locale\" content=\"es_ES\" \/>\n\t\t<meta property=\"og:site_name\" content=\"El Digital de Asturias\" \/>\n\t\t<meta property=\"og:type\" content=\"article\" \/>\n\t\t<meta property=\"og:title\" content=\"El sondeo del CIS sit\u00faa la pol\u00edtica como tercera preocupaci\u00f3n de los espa\u00f1oles - El Digital de Asturias\" \/>\n\t\t<meta property=\"og:description\" content=\"La preocupaci\u00f3n por la clase pol\u00edtica ha aumentado m\u00e1s de ocho puntos tras las elecciones generales del pasado 20 de diciembre llegando a colocarse como el tercer problema que m\u00e1s inquieta a los espa\u00f1oles, seg\u00fan se desprende del Bar\u00f3metro del Centro de Investigaciones Sociol\u00f3gicas (CIS) correspondiente al pasado mes de enero. El estudio se basa\" \/>\n\t\t<meta property=\"og:url\" content=\"https:\/\/www.eldigitaldeasturias.com\/noticias\/el-sondeo-del-cis-situa-la-politica-como-tercera-preocupacion-de-los-espanoles\/\" \/>\n\t\t<meta property=\"og:image\" content=\"https:\/\/www.eldigitaldeasturias.com\/noticias\/wp-content\/uploads\/2015\/08\/gente.jpg\" \/>\n\t\t<meta property=\"og:image:secure_url\" content=\"https:\/\/www.eldigitaldeasturias.com\/noticias\/wp-content\/uploads\/2015\/08\/gente.jpg\" \/>\n\t\t<meta property=\"og:image:width\" content=\"800\" \/>\n\t\t<meta property=\"og:image:height\" content=\"563\" \/>\n\t\t<meta property=\"article:tag\" content=\"actualidad\" \/>\n\t\t<meta property=\"article:published_time\" content=\"2016-02-04T16:24:22+00:00\" \/>\n\t\t<meta property=\"article:modified_time\" content=\"2016-02-04T16:24:22+00:00\" \/>\n\t\t<meta property=\"article:publisher\" content=\"https:\/\/facebook.com\/eldigitaldeasturias\" \/>\n\t\t<meta name=\"twitter:card\" content=\"summary_large_image\" \/>\n\t\t<meta name=\"twitter:title\" content=\"El sondeo del CIS sit\u00faa la pol\u00edtica como tercera preocupaci\u00f3n de los espa\u00f1oles - El Digital de Asturias\" \/>\n\t\t<meta name=\"twitter:description\" content=\"La preocupaci\u00f3n por la clase pol\u00edtica ha aumentado m\u00e1s de ocho puntos tras las elecciones generales del pasado 20 de diciembre llegando a colocarse como el tercer problema que m\u00e1s inquieta a los espa\u00f1oles, seg\u00fan se desprende del Bar\u00f3metro del Centro de Investigaciones Sociol\u00f3gicas (CIS) correspondiente al pasado mes de enero. El estudio se basa\" \/>\n\t\t<meta name=\"twitter:image\" content=\"https:\/\/www.eldigitaldeasturias.com\/noticias\/wp-content\/uploads\/2015\/08\/gente.jpg\" \/>\n\t\t<meta name=\"twitter:label1\" content=\"Escrito por\" \/>\n\t\t<meta name=\"twitter:data1\" content=\"El Digital de Asturias\" \/>\n\t\t<meta name=\"twitter:label2\" content=\"Tiempo de lectura estimado\" \/>\n\t\t<meta name=\"twitter:data2\" content=\"4 minutos\" \/>\n\t\t<script type=\"application\/ld+json\" class=\"aioseo-schema\">\n\t\t\t{\"@context\":\"https:\\\/\\\/schema.org\",\"@graph\":[{\"@type\":\"BlogPosting\",\"@id\":\"https:\\\/\\\/www.eldigitaldeasturias.com\\\/noticias\\\/el-sondeo-del-cis-situa-la-politica-como-tercera-preocupacion-de-los-espanoles\\\/#blogposting\",\"name\":\"El sondeo del CIS sit\\u00faa la pol\\u00edtica como tercera preocupaci\\u00f3n de los espa\\u00f1oles - El Digital de Asturias\",\"headline\":\"El sondeo del CIS sit\\u00faa la pol\\u00edtica como tercera preocupaci\\u00f3n de los espa\\u00f1oles\",\"author\":{\"@id\":\"https:\\\/\\\/www.eldigitaldeasturias.com\\\/noticias\\\/author\\\/admin\\\/#author\"},\"publisher\":{\"@id\":\"https:\\\/\\\/www.eldigitaldeasturias.com\\\/noticias\\\/#organization\"},\"image\":{\"@type\":\"ImageObject\",\"url\":\"https:\\\/\\\/www.eldigitaldeasturias.com\\\/noticias\\\/wp-content\\\/uploads\\\/2015\\\/08\\\/gente.jpg\",\"width\":800,\"height\":563},\"datePublished\":\"2016-02-04T16:24:22+01:00\",\"dateModified\":\"2016-02-04T16:24:22+01:00\",\"inLanguage\":\"es-ES\",\"mainEntityOfPage\":{\"@id\":\"https:\\\/\\\/www.eldigitaldeasturias.com\\\/noticias\\\/el-sondeo-del-cis-situa-la-politica-como-tercera-preocupacion-de-los-espanoles\\\/#webpage\"},\"isPartOf\":{\"@id\":\"https:\\\/\\\/www.eldigitaldeasturias.com\\\/noticias\\\/el-sondeo-del-cis-situa-la-politica-como-tercera-preocupacion-de-los-espanoles\\\/#webpage\"},\"articleSection\":\"Actualidad\"},{\"@type\":\"BreadcrumbList\",\"@id\":\"https:\\\/\\\/www.eldigitaldeasturias.com\\\/noticias\\\/el-sondeo-del-cis-situa-la-politica-como-tercera-preocupacion-de-los-espanoles\\\/#breadcrumblist\",\"itemListElement\":[{\"@type\":\"ListItem\",\"@id\":\"https:\\\/\\\/www.eldigitaldeasturias.com\\\/noticias#listItem\",\"position\":1,\"name\":\"Home\",\"item\":\"https:\\\/\\\/www.eldigitaldeasturias.com\\\/noticias\",\"nextItem\":{\"@type\":\"ListItem\",\"@id\":\"https:\\\/\\\/www.eldigitaldeasturias.com\\\/noticias\\\/category\\\/actualidad\\\/#listItem\",\"name\":\"Actualidad\"}},{\"@type\":\"ListItem\",\"@id\":\"https:\\\/\\\/www.eldigitaldeasturias.com\\\/noticias\\\/category\\\/actualidad\\\/#listItem\",\"position\":2,\"name\":\"Actualidad\",\"item\":\"https:\\\/\\\/www.eldigitaldeasturias.com\\\/noticias\\\/category\\\/actualidad\\\/\",\"nextItem\":{\"@type\":\"ListItem\",\"@id\":\"https:\\\/\\\/www.eldigitaldeasturias.com\\\/noticias\\\/el-sondeo-del-cis-situa-la-politica-como-tercera-preocupacion-de-los-espanoles\\\/#listItem\",\"name\":\"El sondeo del CIS sit\\u00faa la pol\\u00edtica como tercera preocupaci\\u00f3n de los espa\\u00f1oles\"},\"previousItem\":{\"@type\":\"ListItem\",\"@id\":\"https:\\\/\\\/www.eldigitaldeasturias.com\\\/noticias#listItem\",\"name\":\"Home\"}},{\"@type\":\"ListItem\",\"@id\":\"https:\\\/\\\/www.eldigitaldeasturias.com\\\/noticias\\\/el-sondeo-del-cis-situa-la-politica-como-tercera-preocupacion-de-los-espanoles\\\/#listItem\",\"position\":3,\"name\":\"El sondeo del CIS sit\\u00faa la pol\\u00edtica como tercera preocupaci\\u00f3n de los espa\\u00f1oles\",\"previousItem\":{\"@type\":\"ListItem\",\"@id\":\"https:\\\/\\\/www.eldigitaldeasturias.com\\\/noticias\\\/category\\\/actualidad\\\/#listItem\",\"name\":\"Actualidad\"}}]},{\"@type\":\"Organization\",\"@id\":\"https:\\\/\\\/www.eldigitaldeasturias.com\\\/noticias\\\/#organization\",\"name\":\"El Digital de Asturias\",\"description\":\"Hemeroteca\",\"url\":\"https:\\\/\\\/www.eldigitaldeasturias.com\\\/noticias\\\/\",\"email\":\"info@eldigitaldeasturias.com\",\"telephone\":\"+34652131393\",\"logo\":{\"@type\":\"ImageObject\",\"url\":\"https:\\\/\\\/www.eldigitaldeasturias.com\\\/noticias\\\/wp-content\\\/uploads\\\/2020\\\/12\\\/EDA.jpg\",\"@id\":\"https:\\\/\\\/www.eldigitaldeasturias.com\\\/noticias\\\/el-sondeo-del-cis-situa-la-politica-como-tercera-preocupacion-de-los-espanoles\\\/#organizationLogo\",\"width\":649,\"height\":297},\"image\":{\"@id\":\"https:\\\/\\\/www.eldigitaldeasturias.com\\\/noticias\\\/el-sondeo-del-cis-situa-la-politica-como-tercera-preocupacion-de-los-espanoles\\\/#organizationLogo\"},\"sameAs\":[\"https:\\\/\\\/facebook.com\\\/eldigitaldeasturias\",\"https:\\\/\\\/www.youtube.com\\\/channel\\\/UCZP-2wLEB9Rv6erhFmqVnvg\"],\"address\":{\"@id\":\"https:\\\/\\\/www.eldigitaldeasturias.com\\\/noticias\\\/#postaladdress\",\"@type\":\"PostalAddress\",\"streetAddress\":\"san antonio 4,\",\"postalCode\":\"33430\",\"addressLocality\":\"Cand\\u00e1s\",\"addressRegion\":\"Asturias\",\"addressCountry\":\"ES\"}},{\"@type\":\"Person\",\"@id\":\"https:\\\/\\\/www.eldigitaldeasturias.com\\\/noticias\\\/author\\\/admin\\\/#author\",\"url\":\"https:\\\/\\\/www.eldigitaldeasturias.com\\\/noticias\\\/author\\\/admin\\\/\",\"name\":\"El Digital de Asturias\",\"image\":{\"@type\":\"ImageObject\",\"@id\":\"https:\\\/\\\/www.eldigitaldeasturias.com\\\/noticias\\\/el-sondeo-del-cis-situa-la-politica-como-tercera-preocupacion-de-los-espanoles\\\/#authorImage\",\"url\":\"https:\\\/\\\/www.eldigitaldeasturias.com\\\/noticias\\\/wp-content\\\/litespeed\\\/avatar\\\/18677e78aa0546b92d9dbf31ec7d7668.jpg?ver=1777290358\",\"width\":96,\"height\":96,\"caption\":\"El Digital de Asturias\"}},{\"@type\":\"WebPage\",\"@id\":\"https:\\\/\\\/www.eldigitaldeasturias.com\\\/noticias\\\/el-sondeo-del-cis-situa-la-politica-como-tercera-preocupacion-de-los-espanoles\\\/#webpage\",\"url\":\"https:\\\/\\\/www.eldigitaldeasturias.com\\\/noticias\\\/el-sondeo-del-cis-situa-la-politica-como-tercera-preocupacion-de-los-espanoles\\\/\",\"name\":\"El sondeo del CIS sit\\u00faa la pol\\u00edtica como tercera preocupaci\\u00f3n de los espa\\u00f1oles - El Digital de Asturias\",\"description\":\"La preocupaci\\u00f3n por la clase pol\\u00edtica ha aumentado m\\u00e1s de ocho puntos tras las elecciones generales del pasado 20 de diciembre llegando a colocarse como el tercer problema que m\\u00e1s inquieta a los espa\\u00f1oles, seg\\u00fan se desprende del Bar\\u00f3metro del Centro de Investigaciones Sociol\\u00f3gicas (CIS) correspondiente al pasado mes de enero. El estudio se basa\",\"inLanguage\":\"es-ES\",\"isPartOf\":{\"@id\":\"https:\\\/\\\/www.eldigitaldeasturias.com\\\/noticias\\\/#website\"},\"breadcrumb\":{\"@id\":\"https:\\\/\\\/www.eldigitaldeasturias.com\\\/noticias\\\/el-sondeo-del-cis-situa-la-politica-como-tercera-preocupacion-de-los-espanoles\\\/#breadcrumblist\"},\"author\":{\"@id\":\"https:\\\/\\\/www.eldigitaldeasturias.com\\\/noticias\\\/author\\\/admin\\\/#author\"},\"creator\":{\"@id\":\"https:\\\/\\\/www.eldigitaldeasturias.com\\\/noticias\\\/author\\\/admin\\\/#author\"},\"image\":{\"@type\":\"ImageObject\",\"url\":\"https:\\\/\\\/www.eldigitaldeasturias.com\\\/noticias\\\/wp-content\\\/uploads\\\/2015\\\/08\\\/gente.jpg\",\"@id\":\"https:\\\/\\\/www.eldigitaldeasturias.com\\\/noticias\\\/el-sondeo-del-cis-situa-la-politica-como-tercera-preocupacion-de-los-espanoles\\\/#mainImage\",\"width\":800,\"height\":563},\"primaryImageOfPage\":{\"@id\":\"https:\\\/\\\/www.eldigitaldeasturias.com\\\/noticias\\\/el-sondeo-del-cis-situa-la-politica-como-tercera-preocupacion-de-los-espanoles\\\/#mainImage\"},\"datePublished\":\"2016-02-04T16:24:22+01:00\",\"dateModified\":\"2016-02-04T16:24:22+01:00\"},{\"@type\":\"WebSite\",\"@id\":\"https:\\\/\\\/www.eldigitaldeasturias.com\\\/noticias\\\/#website\",\"url\":\"https:\\\/\\\/www.eldigitaldeasturias.com\\\/noticias\\\/\",\"name\":\"El Digital de Asturias - Diario de actualidad y noticias\",\"alternateName\":\"El Digital de Asturias - Diario de actualidad y noticias\",\"description\":\"Hemeroteca\",\"inLanguage\":\"es-ES\",\"publisher\":{\"@id\":\"https:\\\/\\\/www.eldigitaldeasturias.com\\\/noticias\\\/#organization\"}}]}\n\t\t<\/script>\n\t\t<!-- All in One SEO Pro -->\r\n\t\t<title>El sondeo del CIS sit\u00faa la pol\u00edtica como tercera preocupaci\u00f3n de los espa\u00f1oles - El Digital de Asturias<\/title>\n\n","aioseo_head_json":{"title":"El sondeo del CIS sit\u00faa la pol\u00edtica como tercera preocupaci\u00f3n de los espa\u00f1oles - El Digital de Asturias","description":"La preocupaci\u00f3n por la clase pol\u00edtica ha aumentado m\u00e1s de ocho puntos tras las elecciones generales del pasado 20 de diciembre llegando a colocarse como el tercer problema que m\u00e1s inquieta a los espa\u00f1oles, seg\u00fan se desprende del Bar\u00f3metro del Centro de Investigaciones Sociol\u00f3gicas (CIS) correspondiente al pasado mes de enero. El estudio se basa","canonical_url":"https:\/\/www.eldigitaldeasturias.com\/noticias\/el-sondeo-del-cis-situa-la-politica-como-tercera-preocupacion-de-los-espanoles\/","robots":"max-image-preview:large","keywords":"actualidad","webmasterTools":{"google-site-verification":"UA-38556648-1","msvalidate.01":"7dfe9f3f1b24437ab69f4f2559babe99","miscellaneous":""},"schema":{"@context":"https:\/\/schema.org","@graph":[{"@type":"BlogPosting","@id":"https:\/\/www.eldigitaldeasturias.com\/noticias\/el-sondeo-del-cis-situa-la-politica-como-tercera-preocupacion-de-los-espanoles\/#blogposting","name":"El sondeo del CIS sit\u00faa la pol\u00edtica como tercera preocupaci\u00f3n de los espa\u00f1oles - El Digital de Asturias","headline":"El sondeo del CIS sit\u00faa la pol\u00edtica como tercera preocupaci\u00f3n de los espa\u00f1oles","author":{"@id":"https:\/\/www.eldigitaldeasturias.com\/noticias\/author\/admin\/#author"},"publisher":{"@id":"https:\/\/www.eldigitaldeasturias.com\/noticias\/#organization"},"image":{"@type":"ImageObject","url":"https:\/\/www.eldigitaldeasturias.com\/noticias\/wp-content\/uploads\/2015\/08\/gente.jpg","width":800,"height":563},"datePublished":"2016-02-04T16:24:22+01:00","dateModified":"2016-02-04T16:24:22+01:00","inLanguage":"es-ES","mainEntityOfPage":{"@id":"https:\/\/www.eldigitaldeasturias.com\/noticias\/el-sondeo-del-cis-situa-la-politica-como-tercera-preocupacion-de-los-espanoles\/#webpage"},"isPartOf":{"@id":"https:\/\/www.eldigitaldeasturias.com\/noticias\/el-sondeo-del-cis-situa-la-politica-como-tercera-preocupacion-de-los-espanoles\/#webpage"},"articleSection":"Actualidad"},{"@type":"BreadcrumbList","@id":"https:\/\/www.eldigitaldeasturias.com\/noticias\/el-sondeo-del-cis-situa-la-politica-como-tercera-preocupacion-de-los-espanoles\/#breadcrumblist","itemListElement":[{"@type":"ListItem","@id":"https:\/\/www.eldigitaldeasturias.com\/noticias#listItem","position":1,"name":"Home","item":"https:\/\/www.eldigitaldeasturias.com\/noticias","nextItem":{"@type":"ListItem","@id":"https:\/\/www.eldigitaldeasturias.com\/noticias\/category\/actualidad\/#listItem","name":"Actualidad"}},{"@type":"ListItem","@id":"https:\/\/www.eldigitaldeasturias.com\/noticias\/category\/actualidad\/#listItem","position":2,"name":"Actualidad","item":"https:\/\/www.eldigitaldeasturias.com\/noticias\/category\/actualidad\/","nextItem":{"@type":"ListItem","@id":"https:\/\/www.eldigitaldeasturias.com\/noticias\/el-sondeo-del-cis-situa-la-politica-como-tercera-preocupacion-de-los-espanoles\/#listItem","name":"El sondeo del CIS sit\u00faa la pol\u00edtica como tercera preocupaci\u00f3n de los espa\u00f1oles"},"previousItem":{"@type":"ListItem","@id":"https:\/\/www.eldigitaldeasturias.com\/noticias#listItem","name":"Home"}},{"@type":"ListItem","@id":"https:\/\/www.eldigitaldeasturias.com\/noticias\/el-sondeo-del-cis-situa-la-politica-como-tercera-preocupacion-de-los-espanoles\/#listItem","position":3,"name":"El sondeo del CIS sit\u00faa la pol\u00edtica como tercera preocupaci\u00f3n de los espa\u00f1oles","previousItem":{"@type":"ListItem","@id":"https:\/\/www.eldigitaldeasturias.com\/noticias\/category\/actualidad\/#listItem","name":"Actualidad"}}]},{"@type":"Organization","@id":"https:\/\/www.eldigitaldeasturias.com\/noticias\/#organization","name":"El Digital de Asturias","description":"Hemeroteca","url":"https:\/\/www.eldigitaldeasturias.com\/noticias\/","email":"info@eldigitaldeasturias.com","telephone":"+34652131393","logo":{"@type":"ImageObject","url":"https:\/\/www.eldigitaldeasturias.com\/noticias\/wp-content\/uploads\/2020\/12\/EDA.jpg","@id":"https:\/\/www.eldigitaldeasturias.com\/noticias\/el-sondeo-del-cis-situa-la-politica-como-tercera-preocupacion-de-los-espanoles\/#organizationLogo","width":649,"height":297},"image":{"@id":"https:\/\/www.eldigitaldeasturias.com\/noticias\/el-sondeo-del-cis-situa-la-politica-como-tercera-preocupacion-de-los-espanoles\/#organizationLogo"},"sameAs":["https:\/\/facebook.com\/eldigitaldeasturias","https:\/\/www.youtube.com\/channel\/UCZP-2wLEB9Rv6erhFmqVnvg"],"address":{"@id":"https:\/\/www.eldigitaldeasturias.com\/noticias\/#postaladdress","@type":"PostalAddress","streetAddress":"san antonio 4,","postalCode":"33430","addressLocality":"Cand\u00e1s","addressRegion":"Asturias","addressCountry":"ES"}},{"@type":"Person","@id":"https:\/\/www.eldigitaldeasturias.com\/noticias\/author\/admin\/#author","url":"https:\/\/www.eldigitaldeasturias.com\/noticias\/author\/admin\/","name":"El Digital de Asturias","image":{"@type":"ImageObject","@id":"https:\/\/www.eldigitaldeasturias.com\/noticias\/el-sondeo-del-cis-situa-la-politica-como-tercera-preocupacion-de-los-espanoles\/#authorImage","url":"https:\/\/www.eldigitaldeasturias.com\/noticias\/wp-content\/litespeed\/avatar\/18677e78aa0546b92d9dbf31ec7d7668.jpg?ver=1777290358","width":96,"height":96,"caption":"El Digital de Asturias"}},{"@type":"WebPage","@id":"https:\/\/www.eldigitaldeasturias.com\/noticias\/el-sondeo-del-cis-situa-la-politica-como-tercera-preocupacion-de-los-espanoles\/#webpage","url":"https:\/\/www.eldigitaldeasturias.com\/noticias\/el-sondeo-del-cis-situa-la-politica-como-tercera-preocupacion-de-los-espanoles\/","name":"El sondeo del CIS sit\u00faa la pol\u00edtica como tercera preocupaci\u00f3n de los espa\u00f1oles - El Digital de Asturias","description":"La preocupaci\u00f3n por la clase pol\u00edtica ha aumentado m\u00e1s de ocho puntos tras las elecciones generales del pasado 20 de diciembre llegando a colocarse como el tercer problema que m\u00e1s inquieta a los espa\u00f1oles, seg\u00fan se desprende del Bar\u00f3metro del Centro de Investigaciones Sociol\u00f3gicas (CIS) correspondiente al pasado mes de enero. El estudio se basa","inLanguage":"es-ES","isPartOf":{"@id":"https:\/\/www.eldigitaldeasturias.com\/noticias\/#website"},"breadcrumb":{"@id":"https:\/\/www.eldigitaldeasturias.com\/noticias\/el-sondeo-del-cis-situa-la-politica-como-tercera-preocupacion-de-los-espanoles\/#breadcrumblist"},"author":{"@id":"https:\/\/www.eldigitaldeasturias.com\/noticias\/author\/admin\/#author"},"creator":{"@id":"https:\/\/www.eldigitaldeasturias.com\/noticias\/author\/admin\/#author"},"image":{"@type":"ImageObject","url":"https:\/\/www.eldigitaldeasturias.com\/noticias\/wp-content\/uploads\/2015\/08\/gente.jpg","@id":"https:\/\/www.eldigitaldeasturias.com\/noticias\/el-sondeo-del-cis-situa-la-politica-como-tercera-preocupacion-de-los-espanoles\/#mainImage","width":800,"height":563},"primaryImageOfPage":{"@id":"https:\/\/www.eldigitaldeasturias.com\/noticias\/el-sondeo-del-cis-situa-la-politica-como-tercera-preocupacion-de-los-espanoles\/#mainImage"},"datePublished":"2016-02-04T16:24:22+01:00","dateModified":"2016-02-04T16:24:22+01:00"},{"@type":"WebSite","@id":"https:\/\/www.eldigitaldeasturias.com\/noticias\/#website","url":"https:\/\/www.eldigitaldeasturias.com\/noticias\/","name":"El Digital de Asturias - Diario de actualidad y noticias","alternateName":"El Digital de Asturias - Diario de actualidad y noticias","description":"Hemeroteca","inLanguage":"es-ES","publisher":{"@id":"https:\/\/www.eldigitaldeasturias.com\/noticias\/#organization"}}]},"og:locale":"es_ES","og:site_name":"El Digital de Asturias","og:type":"article","og:title":"El sondeo del CIS sit\u00faa la pol\u00edtica como tercera preocupaci\u00f3n de los espa\u00f1oles - El Digital de Asturias","og:description":"La preocupaci\u00f3n por la clase pol\u00edtica ha aumentado m\u00e1s de ocho puntos tras las elecciones generales del pasado 20 de diciembre llegando a colocarse como el tercer problema que m\u00e1s inquieta a los espa\u00f1oles, seg\u00fan se desprende del Bar\u00f3metro del Centro de Investigaciones Sociol\u00f3gicas (CIS) correspondiente al pasado mes de enero. El estudio se basa","og:url":"https:\/\/www.eldigitaldeasturias.com\/noticias\/el-sondeo-del-cis-situa-la-politica-como-tercera-preocupacion-de-los-espanoles\/","og:image":"https:\/\/www.eldigitaldeasturias.com\/noticias\/wp-content\/uploads\/2015\/08\/gente.jpg","og:image:secure_url":"https:\/\/www.eldigitaldeasturias.com\/noticias\/wp-content\/uploads\/2015\/08\/gente.jpg","og:image:width":800,"og:image:height":563,"article:tag":["actualidad"],"article:published_time":"2016-02-04T16:24:22+00:00","article:modified_time":"2016-02-04T16:24:22+00:00","article:publisher":"https:\/\/facebook.com\/eldigitaldeasturias","twitter:card":"summary_large_image","twitter:title":"El sondeo del CIS sit\u00faa la pol\u00edtica como tercera preocupaci\u00f3n de los espa\u00f1oles - El Digital de Asturias","twitter:description":"La preocupaci\u00f3n por la clase pol\u00edtica ha aumentado m\u00e1s de ocho puntos tras las elecciones generales del pasado 20 de diciembre llegando a colocarse como el tercer problema que m\u00e1s inquieta a los espa\u00f1oles, seg\u00fan se desprende del Bar\u00f3metro del Centro de Investigaciones Sociol\u00f3gicas (CIS) correspondiente al pasado mes de enero. El estudio se basa","twitter:image":"https:\/\/www.eldigitaldeasturias.com\/noticias\/wp-content\/uploads\/2015\/08\/gente.jpg","twitter:label1":"Escrito por","twitter:data1":"El Digital de Asturias","twitter:label2":"Tiempo de lectura estimado","twitter:data2":"4 minutos"},"aioseo_meta_data":{"post_id":"853811","title":null,"description":null,"keywords":null,"keyphrases":null,"primary_term":null,"canonical_url":null,"og_title":null,"og_description":null,"og_object_type":"default","og_image_type":"default","og_image_url":null,"og_image_width":null,"og_image_height":null,"og_image_custom_url":null,"og_image_custom_fields":null,"og_video":null,"og_custom_url":null,"og_article_section":null,"og_article_tags":null,"twitter_use_og":false,"twitter_card":"default","twitter_image_type":"default","twitter_image_url":null,"twitter_image_custom_url":null,"twitter_image_custom_fields":null,"twitter_title":null,"twitter_description":null,"schema":{"blockGraphs":[],"customGraphs":[],"default":{"data":{"Article":[],"Course":[],"Dataset":[],"FAQPage":[],"Movie":[],"Person":[],"Product":[],"ProductReview":[],"Car":[],"Recipe":[],"Service":[],"SoftwareApplication":[],"WebPage":[]},"graphName":"","isEnabled":true},"graphs":[],"defaultGraph":"","defaultPostTypeGraph":""},"schema_type":null,"schema_type_options":null,"pillar_content":false,"robots_default":true,"robots_noindex":false,"robots_noarchive":false,"robots_nosnippet":false,"robots_nofollow":false,"robots_noimageindex":false,"robots_noodp":false,"robots_notranslate":false,"robots_max_snippet":null,"robots_max_videopreview":null,"robots_max_imagepreview":"large","priority":null,"frequency":null,"local_seo":null,"seo_analyzer_scan_date":"2025-12-09 19:19:41","breadcrumb_settings":null,"limit_modified_date":false,"open_ai":null,"ai":null,"created":"2021-01-23 14:11:18","updated":"2025-12-09 19:19:41"},"aioseo_breadcrumb":"<div class=\"aioseo-breadcrumbs\"><span class=\"aioseo-breadcrumb\">\n\t<a href=\"https:\/\/www.eldigitaldeasturias.com\/noticias\" title=\"Home\">Home<\/a>\n<\/span><span class=\"aioseo-breadcrumb-separator\">\u2013<\/span><span class=\"aioseo-breadcrumb\">\n\t<a href=\"https:\/\/www.eldigitaldeasturias.com\/noticias\/category\/actualidad\/\" title=\"Actualidad\">Actualidad<\/a>\n<\/span><span class=\"aioseo-breadcrumb-separator\">\u2013<\/span><span class=\"aioseo-breadcrumb\">\n\t<a href=\"https:\/\/www.eldigitaldeasturias.com\/noticias\/el-sondeo-del-cis-situa-la-politica-como-tercera-preocupacion-de-los-espanoles\/\" title=\"El sondeo del CIS sit\u00faa la pol\u00edtica como tercera preocupaci\u00f3n de los espa\u00f1oles\">El sondeo del CIS sit\u00faa la pol\u00edtica como tercera preocupaci\u00f3n de los espa\u00f1oles<\/a>\n<\/span><\/div>","aioseo_breadcrumb_json":[{"label":"Home","link":"https:\/\/www.eldigitaldeasturias.com\/noticias"},{"label":"Actualidad","link":"https:\/\/www.eldigitaldeasturias.com\/noticias\/category\/actualidad\/"},{"label":"El sondeo del CIS sit\u00faa la pol\u00edtica como tercera preocupaci\u00f3n de los espa\u00f1oles","link":"https:\/\/www.eldigitaldeasturias.com\/noticias\/el-sondeo-del-cis-situa-la-politica-como-tercera-preocupacion-de-los-espanoles\/"}],"_links":{"self":[{"href":"https:\/\/www.eldigitaldeasturias.com\/noticias\/wp-json\/wp\/v2\/posts\/853811","targetHints":{"allow":["GET"]}}],"collection":[{"href":"https:\/\/www.eldigitaldeasturias.com\/noticias\/wp-json\/wp\/v2\/posts"}],"about":[{"href":"https:\/\/www.eldigitaldeasturias.com\/noticias\/wp-json\/wp\/v2\/types\/post"}],"author":[{"embeddable":true,"href":"https:\/\/www.eldigitaldeasturias.com\/noticias\/wp-json\/wp\/v2\/users\/1"}],"replies":[{"embeddable":true,"href":"https:\/\/www.eldigitaldeasturias.com\/noticias\/wp-json\/wp\/v2\/comments?post=853811"}],"version-history":[{"count":0,"href":"https:\/\/www.eldigitaldeasturias.com\/noticias\/wp-json\/wp\/v2\/posts\/853811\/revisions"}],"wp:featuredmedia":[{"embeddable":true,"href":"https:\/\/www.eldigitaldeasturias.com\/noticias\/wp-json\/wp\/v2\/media\/800012"}],"wp:attachment":[{"href":"https:\/\/www.eldigitaldeasturias.com\/noticias\/wp-json\/wp\/v2\/media?parent=853811"}],"wp:term":[{"taxonomy":"category","embeddable":true,"href":"https:\/\/www.eldigitaldeasturias.com\/noticias\/wp-json\/wp\/v2\/categories?post=853811"},{"taxonomy":"post_tag","embeddable":true,"href":"https:\/\/www.eldigitaldeasturias.com\/noticias\/wp-json\/wp\/v2\/tags?post=853811"}],"curies":[{"name":"wp","href":"https:\/\/api.w.org\/{rel}","templated":true}]}}