{"id":853808,"date":"2016-02-04T16:21:49","date_gmt":"2016-02-04T16:21:49","guid":{"rendered":"http:\/\/www.eldigitaldeasturias.com\/noticias\/?p=853808"},"modified":"2016-02-04T16:21:49","modified_gmt":"2016-02-04T16:21:49","slug":"cerca-de-un-29-de-los-espanoles-votaria-a-dia-de-hoy-al-pp","status":"publish","type":"post","link":"https:\/\/www.eldigitaldeasturias.com\/noticias\/cerca-de-un-29-de-los-espanoles-votaria-a-dia-de-hoy-al-pp\/","title":{"rendered":"Cerca de un 29% de los espa\u00f1oles votar\u00eda a d\u00eda de hoy al PP"},"content":{"rendered":"<p><img loading=\"lazy\" decoding=\"async\" class=\"alignleft size-medium wp-image-853809\" src=\"https:\/\/www.eldigitaldeasturias.com\/noticias\/wp-content\/uploads\/2016\/02\/fotonoticia_20160204143517_800-360x240.jpg\" alt=\"fotonoticia_20160204143517_800\" width=\"360\" height=\"240\" srcset=\"https:\/\/www.eldigitaldeasturias.com\/noticias\/wp-content\/uploads\/2016\/02\/fotonoticia_20160204143517_800-360x240.jpg 360w, https:\/\/www.eldigitaldeasturias.com\/noticias\/wp-content\/uploads\/2016\/02\/fotonoticia_20160204143517_800-768x513.jpg 768w, https:\/\/www.eldigitaldeasturias.com\/noticias\/wp-content\/uploads\/2016\/02\/fotonoticia_20160204143517_800-650x434.jpg 650w, https:\/\/www.eldigitaldeasturias.com\/noticias\/wp-content\/uploads\/2016\/02\/fotonoticia_20160204143517_800-84x55.jpg 84w, https:\/\/www.eldigitaldeasturias.com\/noticias\/wp-content\/uploads\/2016\/02\/fotonoticia_20160204143517_800-49x32.jpg 49w, https:\/\/www.eldigitaldeasturias.com\/noticias\/wp-content\/uploads\/2016\/02\/fotonoticia_20160204143517_800.jpg 800w\" sizes=\"auto, (max-width: 360px) 100vw, 360px\" \/>El PP ganar\u00eda las elecciones con un respaldo del 28,8% de los votos, un resultado casi id\u00e9ntico al de las generales de diciembre, mientras que el PSOE caer\u00eda 1,5 puntos y se quedar\u00eda con un apoyo del 20,5%, por debajo del que sumar\u00edan Podemos y sus confluencias que ganar\u00edan votos y reunir\u00edan el 21,9% (frente al 20,4% que sumaron el 20D), seg\u00fan se desprende de bar\u00f3metro de enero publicado este jueves por el Centro de Investigaciones Sociol\u00f3gicas (CIS).<\/p>\n<p>De su lado, Ciudadanos cosechar\u00eda un 13,3% de los sufragios perdiendo apoyo respecto a las generales en las que se hizo con un 13,9% de los votos emitidos e Izquierda Unida se anotar\u00eda un resultado muy parecido al que logr\u00f3 en las urnas.<\/p>\n<p>El estudio se basa en un total de 2.496 entrevistas personales y domiciliarias realizadas en 256 municipios de 50 provincias y tiene un margen de error de m\u00e1s\/menos 2%. Las preguntas se hicieron entre el 2 y el 11 de enero, es decir, el trabajo de campo arranc\u00f3 13 d\u00edas despu\u00e9s de las elecciones de diciembre, antes de la constituci\u00f3n de las Cortes, de que el Rey iniciara su primera ronda de audiencias para buscar un candidato a la investidura y de que Podemos lanzara su oferta de gobierno de coalici\u00f3n al PSOE.<\/p>\n<p>En concreto, el CIS otorga al PP una estimaci\u00f3n de voto del 28,8%, apenas una d\u00e9cima m\u00e1s de su resultado electoral (28,7%). Por contra, el PSOE empeora en la encuesta su marca de las generales, ya que cae 1,5 puntos, del 22% que logr\u00f3 en las urnas a un 20,5%, su peor marca en los sondeos del CIS. La diferencia entre el PP y el PSOE se sit\u00faa en 8,3 puntos, la m\u00e1s amplia desde el estudio de julio de 2014.<\/p>\n<p>A diferencia de lo que ocurr\u00eda en sondeos anteriores, PP tambi\u00e9n se sit\u00faa en cabeza en intenci\u00f3n directa de voto (18,2%), mientras que s\u00f3lo el 14,5% de los entrevistados asegura que votar\u00eda al partido de Pedro S\u00e1nchez.<\/p>\n<p>La encuesta pone de manifiesto que, gracias a la ca\u00edda del PSOE y a su propia subida en porcentaje de voto, Podemos y sus socios auton\u00f3micos lograr\u00edan el ansiado &#8216;sorpasso&#8217;, es decir, quedar\u00edan 1,4 puntos por delante de los socialistas. Del PP les separar\u00edan 6,9 puntos y sacar\u00edan 8,6 puntos a Ciudadanos. El bar\u00f3metro del CIS de enero de 2015 tambi\u00e9n situ\u00f3 a Podemos (en ese caso en solitario) por encima del PSOE.<\/p>\n<p>EN COM\u00daN SUBE, SE AFIANZA COMO PRIMERA FUERZA CATALANA<\/p>\n<p>En concreto, si las elecciones fueran ma\u00f1ana, el partido de Pablo Iglesias alcanzar\u00eda el 13,2% de los votos, (frente al 12,6% que se anot\u00f3 el 20D), con un dato de voto directo del 10,2%, mientras que su marca catalana, En Com\u00fa Podem, mejorar\u00eda a\u00fan m\u00e1s sus resultados respecto a las generales, ya que subir\u00eda casi un punto en intenci\u00f3n de voto al pasar del 3,6% que logr\u00f3 en las urnas a un 4,5%.<\/p>\n<p>En Com\u00fa Podem &#8211;integrada por el partido morado, el de la alcaldesa de Barcelona, Ada Colau; ICV y la federaci\u00f3n catalana de IU&#8211; se afianzar\u00eda as\u00ed como la primera fuerza en su comunidad y, adem\u00e1s, logra que su portavoz parlamentario, Xavier Dom\u00e8nech, irrumpa como segundo l\u00edder m\u00e1s valorado en el ranking del Centro de Investigaciones Sociol\u00f3gicas.<\/p>\n<p>Por contra, Comprom\u00eds-Podem es la \u00fanica alianza auton\u00f3mica de Podemos a la que el CIS otorga una estimaci\u00f3n menor a la que sum\u00f3 el 20D. La coalici\u00f3n valenciana perder\u00eda una d\u00e9cima y se quedar\u00eda con un apoyo del 2,5%. La marca de Podemos en la Comunidad Valenciana ha sido la \u00fanica que se ha dividido en el Congreso, puesto que los cuatro diputados de Comprom\u00eds no se han integrado en el grupo plurinacional de Podemos y han optado por formar parte del Grupo Mixto.<\/p>\n<p>La coalici\u00f3n gallega que a\u00fana a Podemos, Anova, Esquerda Unida y las Mareas, que s\u00ed comparte grupo con Podemos, sac\u00f3 el 1,6% de los votos en las generales y, seg\u00fan el CIS, ahora mejorar\u00eda ese registro en una d\u00e9cima.<\/p>\n<p>Junto al PSOE, el otro partido nacional que empeora respecto al resultado electoral es Ciudadanos, para el que el CIS hace una estimaci\u00f3n del 13,3%, frente al 13,9% que le dio el escrutinio del 20D. En intenci\u00f3n directa de voto el partido de Albert Rivera se queda con un 8,3%.<\/p>\n<p>ERC SUBE Y DL CAE<\/p>\n<p>De su lado, IU se anotar\u00eda un porcentaje de apoyo tan s\u00f3lo una d\u00e9cima por encima del 3,6% de las legislativas, pese a que su candidato a La Moncloa, Alberto Garz\u00f3n, es ahora el l\u00edder mejor valorado con una nota de 4,68.<\/p>\n<p>Respecto a las formaciones nacionalistas, ERC conseguir\u00eda ahora m\u00e1s apoyos &#8211;el 2,8% frente al 2,3% que le dieron la urnas&#8211;, mientras que Democracia y Libertad sufr\u00eda un desgaste y se dejar\u00eda medio punto qued\u00e1ndose con un 1,7% de los sufragios.<\/p>\n<p>Tanto el PNV como EH Bildu incrementar\u00edan su respaldo respecto a las elecciones, los primeros subir\u00edan una d\u00e9cima (hasta el 1,3%) y la coalici\u00f3n abertzale ganar\u00eda dos y llegar\u00eda al 1%.<\/p>\n<p>NUEVOS L\u00cdDERES PERO NINGUNO APRUEBA<\/p>\n<p>Como en todos sus bar\u00f3metros con intenci\u00f3n de voto, el CIS ha vuelto a pedir a los ciudadanos que pongan nota a los responsables de los distintos partidos. Con la nueva legislatura y la llegada de nuevos portavoces, el ranking de l\u00edderes se ha renovado mucho, aunque, como antes, nadie consigue rebasar la barrera de los cinco puntos. Es decir, todos suspenden.<\/p>\n<p>Ahora el m\u00e1s valorado es Alberto Garz\u00f3n, que gana un puesto respecto a la encuesta preelectoral del CIS y se anota un 4,68, mientras que, como segundo de la tabla, con un 4,26, irrumpe el portavoz de En Com\u00fa Podem, Xavier Dom\u00e8nech, aunque s\u00f3lo le conoce el 6% de los entrevistados.<\/p>\n<p>El l\u00edder de Ciudadanos, Albert Rivera, que antes de las elecciones era el mejor puntuado y rozaba el 5, baja ahora al tercer lugar porque pierde m\u00e1s de un punto y se queda con un 3,92. En la cuarta plaza repite el secretario general de Podemos, Pablo Iglesias, con una nota de 3,78.<\/p>\n<p>El socialista Pedro S\u00e1nchez, que antes de las generales era el tercero mejor valorado, con un 4,59, pierde fuelle y cae hasta el quinto puesto con un 3,75, su peor puntuaci\u00f3n hasta la fecha. Y tambi\u00e9n baja nota Mariano Rajoy, que pasa de un 3,31, a un 3,08, y queda antepen\u00faltimo de la lista.<\/p>\n<p>Entre S\u00e1nchez y Rajoy, pero con un nivel de conocimiento mucho menor, se sit\u00faan la portavoz de Coalici\u00f3n Canaria, Ana Oramas (3,66%); el del PNV, Aitor Esteban (3,58%); el cabeza de lista de ERC por Barcelona, Gabriel Rufi\u00e1n (3,56%); el portavoz de Democracia y Libertad, Francecs Homs (3,17).<\/p>\n","protected":false},"excerpt":{"rendered":"<p>El PP ganar\u00eda las elecciones con un respaldo del 28,8% de los votos, un resultado casi id\u00e9ntico al de las generales de diciembre, mientras que el PSOE caer\u00eda 1,5 puntos y se quedar\u00eda con un apoyo del 20,5%, por debajo del que sumar\u00edan Podemos y sus confluencias que ganar\u00edan votos y reunir\u00edan el 21,9% (frente [&hellip;]<\/p>\n","protected":false},"author":1,"featured_media":853809,"comment_status":"closed","ping_status":"closed","sticky":false,"template":"","format":"standard","meta":{"footnotes":""},"categories":[1],"tags":[],"class_list":["post-853808","post","type-post","status-publish","format-standard","has-post-thumbnail","hentry","category-actualidad"],"aioseo_notices":[],"aioseo_head":"\n\t\t<!-- All in One SEO Pro 4.9.6.2 - aioseo.com -->\n\t<meta name=\"description\" content=\"El PP ganar\u00eda las elecciones con un respaldo del 28,8% de los votos, un resultado casi id\u00e9ntico al de las generales de diciembre, mientras que el PSOE caer\u00eda 1,5 puntos y se quedar\u00eda con un apoyo del 20,5%, por debajo del que sumar\u00edan Podemos y sus confluencias que ganar\u00edan votos y reunir\u00edan el 21,9% (frente\" \/>\n\t<meta name=\"robots\" content=\"max-image-preview:large\" \/>\n\t<meta name=\"author\" content=\"El Digital de Asturias\"\/>\n\t<meta name=\"google-site-verification\" content=\"UA-38556648-1\" \/>\n\t<meta name=\"msvalidate.01\" content=\"7dfe9f3f1b24437ab69f4f2559babe99\" \/>\n\t<meta name=\"keywords\" content=\"actualidad\" \/>\n\t<link rel=\"canonical\" href=\"https:\/\/www.eldigitaldeasturias.com\/noticias\/cerca-de-un-29-de-los-espanoles-votaria-a-dia-de-hoy-al-pp\/\" \/>\n\t<meta name=\"generator\" content=\"All in One SEO Pro (AIOSEO) 4.9.6.2\" \/>\n\t\t<meta property=\"og:locale\" content=\"es_ES\" \/>\n\t\t<meta property=\"og:site_name\" content=\"El Digital de Asturias\" \/>\n\t\t<meta property=\"og:type\" content=\"article\" \/>\n\t\t<meta property=\"og:title\" content=\"Cerca de un 29% de los espa\u00f1oles votar\u00eda a d\u00eda de hoy al PP - El Digital de Asturias\" \/>\n\t\t<meta property=\"og:description\" content=\"El PP ganar\u00eda las elecciones con un respaldo del 28,8% de los votos, un resultado casi id\u00e9ntico al de las generales de diciembre, mientras que el PSOE caer\u00eda 1,5 puntos y se quedar\u00eda con un apoyo del 20,5%, por debajo del que sumar\u00edan Podemos y sus confluencias que ganar\u00edan votos y reunir\u00edan el 21,9% (frente\" \/>\n\t\t<meta property=\"og:url\" content=\"https:\/\/www.eldigitaldeasturias.com\/noticias\/cerca-de-un-29-de-los-espanoles-votaria-a-dia-de-hoy-al-pp\/\" \/>\n\t\t<meta property=\"og:image\" content=\"https:\/\/www.eldigitaldeasturias.com\/noticias\/wp-content\/uploads\/2016\/02\/fotonoticia_20160204143517_800.jpg\" \/>\n\t\t<meta property=\"og:image:secure_url\" content=\"https:\/\/www.eldigitaldeasturias.com\/noticias\/wp-content\/uploads\/2016\/02\/fotonoticia_20160204143517_800.jpg\" \/>\n\t\t<meta property=\"og:image:width\" content=\"800\" \/>\n\t\t<meta property=\"og:image:height\" content=\"534\" \/>\n\t\t<meta property=\"article:tag\" content=\"actualidad\" \/>\n\t\t<meta property=\"article:published_time\" content=\"2016-02-04T16:21:49+00:00\" \/>\n\t\t<meta property=\"article:modified_time\" content=\"2016-02-04T16:21:49+00:00\" \/>\n\t\t<meta property=\"article:publisher\" content=\"https:\/\/facebook.com\/eldigitaldeasturias\" \/>\n\t\t<meta name=\"twitter:card\" content=\"summary_large_image\" \/>\n\t\t<meta name=\"twitter:title\" content=\"Cerca de un 29% de los espa\u00f1oles votar\u00eda a d\u00eda de hoy al PP - El Digital de Asturias\" \/>\n\t\t<meta name=\"twitter:description\" content=\"El PP ganar\u00eda las elecciones con un respaldo del 28,8% de los votos, un resultado casi id\u00e9ntico al de las generales de diciembre, mientras que el PSOE caer\u00eda 1,5 puntos y se quedar\u00eda con un apoyo del 20,5%, por debajo del que sumar\u00edan Podemos y sus confluencias que ganar\u00edan votos y reunir\u00edan el 21,9% (frente\" \/>\n\t\t<meta name=\"twitter:image\" content=\"https:\/\/www.eldigitaldeasturias.com\/noticias\/wp-content\/uploads\/2016\/02\/fotonoticia_20160204143517_800.jpg\" \/>\n\t\t<meta name=\"twitter:label1\" content=\"Escrito por\" \/>\n\t\t<meta name=\"twitter:data1\" content=\"El Digital de Asturias\" \/>\n\t\t<meta name=\"twitter:label2\" content=\"Tiempo de lectura estimado\" \/>\n\t\t<meta name=\"twitter:data2\" content=\"6 minutos\" \/>\n\t\t<script type=\"application\/ld+json\" class=\"aioseo-schema\">\n\t\t\t{\"@context\":\"https:\\\/\\\/schema.org\",\"@graph\":[{\"@type\":\"BlogPosting\",\"@id\":\"https:\\\/\\\/www.eldigitaldeasturias.com\\\/noticias\\\/cerca-de-un-29-de-los-espanoles-votaria-a-dia-de-hoy-al-pp\\\/#blogposting\",\"name\":\"Cerca de un 29% de los espa\\u00f1oles votar\\u00eda a d\\u00eda de hoy al PP - El Digital de Asturias\",\"headline\":\"Cerca de un 29% de los espa\\u00f1oles votar\\u00eda a d\\u00eda de hoy al PP\",\"author\":{\"@id\":\"https:\\\/\\\/www.eldigitaldeasturias.com\\\/noticias\\\/author\\\/admin\\\/#author\"},\"publisher\":{\"@id\":\"https:\\\/\\\/www.eldigitaldeasturias.com\\\/noticias\\\/#organization\"},\"image\":{\"@type\":\"ImageObject\",\"url\":\"https:\\\/\\\/www.eldigitaldeasturias.com\\\/noticias\\\/wp-content\\\/uploads\\\/2016\\\/02\\\/fotonoticia_20160204143517_800.jpg\",\"width\":800,\"height\":534},\"datePublished\":\"2016-02-04T16:21:49+01:00\",\"dateModified\":\"2016-02-04T16:21:49+01:00\",\"inLanguage\":\"es-ES\",\"mainEntityOfPage\":{\"@id\":\"https:\\\/\\\/www.eldigitaldeasturias.com\\\/noticias\\\/cerca-de-un-29-de-los-espanoles-votaria-a-dia-de-hoy-al-pp\\\/#webpage\"},\"isPartOf\":{\"@id\":\"https:\\\/\\\/www.eldigitaldeasturias.com\\\/noticias\\\/cerca-de-un-29-de-los-espanoles-votaria-a-dia-de-hoy-al-pp\\\/#webpage\"},\"articleSection\":\"Actualidad\"},{\"@type\":\"BreadcrumbList\",\"@id\":\"https:\\\/\\\/www.eldigitaldeasturias.com\\\/noticias\\\/cerca-de-un-29-de-los-espanoles-votaria-a-dia-de-hoy-al-pp\\\/#breadcrumblist\",\"itemListElement\":[{\"@type\":\"ListItem\",\"@id\":\"https:\\\/\\\/www.eldigitaldeasturias.com\\\/noticias#listItem\",\"position\":1,\"name\":\"Home\",\"item\":\"https:\\\/\\\/www.eldigitaldeasturias.com\\\/noticias\",\"nextItem\":{\"@type\":\"ListItem\",\"@id\":\"https:\\\/\\\/www.eldigitaldeasturias.com\\\/noticias\\\/category\\\/actualidad\\\/#listItem\",\"name\":\"Actualidad\"}},{\"@type\":\"ListItem\",\"@id\":\"https:\\\/\\\/www.eldigitaldeasturias.com\\\/noticias\\\/category\\\/actualidad\\\/#listItem\",\"position\":2,\"name\":\"Actualidad\",\"item\":\"https:\\\/\\\/www.eldigitaldeasturias.com\\\/noticias\\\/category\\\/actualidad\\\/\",\"nextItem\":{\"@type\":\"ListItem\",\"@id\":\"https:\\\/\\\/www.eldigitaldeasturias.com\\\/noticias\\\/cerca-de-un-29-de-los-espanoles-votaria-a-dia-de-hoy-al-pp\\\/#listItem\",\"name\":\"Cerca de un 29% de los espa\\u00f1oles votar\\u00eda a d\\u00eda de hoy al PP\"},\"previousItem\":{\"@type\":\"ListItem\",\"@id\":\"https:\\\/\\\/www.eldigitaldeasturias.com\\\/noticias#listItem\",\"name\":\"Home\"}},{\"@type\":\"ListItem\",\"@id\":\"https:\\\/\\\/www.eldigitaldeasturias.com\\\/noticias\\\/cerca-de-un-29-de-los-espanoles-votaria-a-dia-de-hoy-al-pp\\\/#listItem\",\"position\":3,\"name\":\"Cerca de un 29% de los espa\\u00f1oles votar\\u00eda a d\\u00eda de hoy al PP\",\"previousItem\":{\"@type\":\"ListItem\",\"@id\":\"https:\\\/\\\/www.eldigitaldeasturias.com\\\/noticias\\\/category\\\/actualidad\\\/#listItem\",\"name\":\"Actualidad\"}}]},{\"@type\":\"Organization\",\"@id\":\"https:\\\/\\\/www.eldigitaldeasturias.com\\\/noticias\\\/#organization\",\"name\":\"El Digital de Asturias\",\"description\":\"Hemeroteca\",\"url\":\"https:\\\/\\\/www.eldigitaldeasturias.com\\\/noticias\\\/\",\"email\":\"info@eldigitaldeasturias.com\",\"telephone\":\"+34652131393\",\"logo\":{\"@type\":\"ImageObject\",\"url\":\"https:\\\/\\\/www.eldigitaldeasturias.com\\\/noticias\\\/wp-content\\\/uploads\\\/2020\\\/12\\\/EDA.jpg\",\"@id\":\"https:\\\/\\\/www.eldigitaldeasturias.com\\\/noticias\\\/cerca-de-un-29-de-los-espanoles-votaria-a-dia-de-hoy-al-pp\\\/#organizationLogo\",\"width\":649,\"height\":297},\"image\":{\"@id\":\"https:\\\/\\\/www.eldigitaldeasturias.com\\\/noticias\\\/cerca-de-un-29-de-los-espanoles-votaria-a-dia-de-hoy-al-pp\\\/#organizationLogo\"},\"sameAs\":[\"https:\\\/\\\/facebook.com\\\/eldigitaldeasturias\",\"https:\\\/\\\/www.youtube.com\\\/channel\\\/UCZP-2wLEB9Rv6erhFmqVnvg\"],\"address\":{\"@id\":\"https:\\\/\\\/www.eldigitaldeasturias.com\\\/noticias\\\/#postaladdress\",\"@type\":\"PostalAddress\",\"streetAddress\":\"san antonio 4,\",\"postalCode\":\"33430\",\"addressLocality\":\"Cand\\u00e1s\",\"addressRegion\":\"Asturias\",\"addressCountry\":\"ES\"}},{\"@type\":\"Person\",\"@id\":\"https:\\\/\\\/www.eldigitaldeasturias.com\\\/noticias\\\/author\\\/admin\\\/#author\",\"url\":\"https:\\\/\\\/www.eldigitaldeasturias.com\\\/noticias\\\/author\\\/admin\\\/\",\"name\":\"El Digital de Asturias\",\"image\":{\"@type\":\"ImageObject\",\"@id\":\"https:\\\/\\\/www.eldigitaldeasturias.com\\\/noticias\\\/cerca-de-un-29-de-los-espanoles-votaria-a-dia-de-hoy-al-pp\\\/#authorImage\",\"url\":\"https:\\\/\\\/www.eldigitaldeasturias.com\\\/noticias\\\/wp-content\\\/litespeed\\\/avatar\\\/18677e78aa0546b92d9dbf31ec7d7668.jpg?ver=1777290358\",\"width\":96,\"height\":96,\"caption\":\"El Digital de Asturias\"}},{\"@type\":\"WebPage\",\"@id\":\"https:\\\/\\\/www.eldigitaldeasturias.com\\\/noticias\\\/cerca-de-un-29-de-los-espanoles-votaria-a-dia-de-hoy-al-pp\\\/#webpage\",\"url\":\"https:\\\/\\\/www.eldigitaldeasturias.com\\\/noticias\\\/cerca-de-un-29-de-los-espanoles-votaria-a-dia-de-hoy-al-pp\\\/\",\"name\":\"Cerca de un 29% de los espa\\u00f1oles votar\\u00eda a d\\u00eda de hoy al PP - El Digital de Asturias\",\"description\":\"El PP ganar\\u00eda las elecciones con un respaldo del 28,8% de los votos, un resultado casi id\\u00e9ntico al de las generales de diciembre, mientras que el PSOE caer\\u00eda 1,5 puntos y se quedar\\u00eda con un apoyo del 20,5%, por debajo del que sumar\\u00edan Podemos y sus confluencias que ganar\\u00edan votos y reunir\\u00edan el 21,9% (frente\",\"inLanguage\":\"es-ES\",\"isPartOf\":{\"@id\":\"https:\\\/\\\/www.eldigitaldeasturias.com\\\/noticias\\\/#website\"},\"breadcrumb\":{\"@id\":\"https:\\\/\\\/www.eldigitaldeasturias.com\\\/noticias\\\/cerca-de-un-29-de-los-espanoles-votaria-a-dia-de-hoy-al-pp\\\/#breadcrumblist\"},\"author\":{\"@id\":\"https:\\\/\\\/www.eldigitaldeasturias.com\\\/noticias\\\/author\\\/admin\\\/#author\"},\"creator\":{\"@id\":\"https:\\\/\\\/www.eldigitaldeasturias.com\\\/noticias\\\/author\\\/admin\\\/#author\"},\"image\":{\"@type\":\"ImageObject\",\"url\":\"https:\\\/\\\/www.eldigitaldeasturias.com\\\/noticias\\\/wp-content\\\/uploads\\\/2016\\\/02\\\/fotonoticia_20160204143517_800.jpg\",\"@id\":\"https:\\\/\\\/www.eldigitaldeasturias.com\\\/noticias\\\/cerca-de-un-29-de-los-espanoles-votaria-a-dia-de-hoy-al-pp\\\/#mainImage\",\"width\":800,\"height\":534},\"primaryImageOfPage\":{\"@id\":\"https:\\\/\\\/www.eldigitaldeasturias.com\\\/noticias\\\/cerca-de-un-29-de-los-espanoles-votaria-a-dia-de-hoy-al-pp\\\/#mainImage\"},\"datePublished\":\"2016-02-04T16:21:49+01:00\",\"dateModified\":\"2016-02-04T16:21:49+01:00\"},{\"@type\":\"WebSite\",\"@id\":\"https:\\\/\\\/www.eldigitaldeasturias.com\\\/noticias\\\/#website\",\"url\":\"https:\\\/\\\/www.eldigitaldeasturias.com\\\/noticias\\\/\",\"name\":\"El Digital de Asturias - Diario de actualidad y noticias\",\"alternateName\":\"El Digital de Asturias - Diario de actualidad y noticias\",\"description\":\"Hemeroteca\",\"inLanguage\":\"es-ES\",\"publisher\":{\"@id\":\"https:\\\/\\\/www.eldigitaldeasturias.com\\\/noticias\\\/#organization\"}}]}\n\t\t<\/script>\n\t\t<!-- All in One SEO Pro -->\r\n\t\t<title>Cerca de un 29% de los espa\u00f1oles votar\u00eda a d\u00eda de hoy al PP - El Digital de Asturias<\/title>\n\n","aioseo_head_json":{"title":"Cerca de un 29% de los espa\u00f1oles votar\u00eda a d\u00eda de hoy al PP - El Digital de Asturias","description":"El PP ganar\u00eda las elecciones con un respaldo del 28,8% de los votos, un resultado casi id\u00e9ntico al de las generales de diciembre, mientras que el PSOE caer\u00eda 1,5 puntos y se quedar\u00eda con un apoyo del 20,5%, por debajo del que sumar\u00edan Podemos y sus confluencias que ganar\u00edan votos y reunir\u00edan el 21,9% (frente","canonical_url":"https:\/\/www.eldigitaldeasturias.com\/noticias\/cerca-de-un-29-de-los-espanoles-votaria-a-dia-de-hoy-al-pp\/","robots":"max-image-preview:large","keywords":"actualidad","webmasterTools":{"google-site-verification":"UA-38556648-1","msvalidate.01":"7dfe9f3f1b24437ab69f4f2559babe99","miscellaneous":""},"schema":{"@context":"https:\/\/schema.org","@graph":[{"@type":"BlogPosting","@id":"https:\/\/www.eldigitaldeasturias.com\/noticias\/cerca-de-un-29-de-los-espanoles-votaria-a-dia-de-hoy-al-pp\/#blogposting","name":"Cerca de un 29% de los espa\u00f1oles votar\u00eda a d\u00eda de hoy al PP - El Digital de Asturias","headline":"Cerca de un 29% de los espa\u00f1oles votar\u00eda a d\u00eda de hoy al PP","author":{"@id":"https:\/\/www.eldigitaldeasturias.com\/noticias\/author\/admin\/#author"},"publisher":{"@id":"https:\/\/www.eldigitaldeasturias.com\/noticias\/#organization"},"image":{"@type":"ImageObject","url":"https:\/\/www.eldigitaldeasturias.com\/noticias\/wp-content\/uploads\/2016\/02\/fotonoticia_20160204143517_800.jpg","width":800,"height":534},"datePublished":"2016-02-04T16:21:49+01:00","dateModified":"2016-02-04T16:21:49+01:00","inLanguage":"es-ES","mainEntityOfPage":{"@id":"https:\/\/www.eldigitaldeasturias.com\/noticias\/cerca-de-un-29-de-los-espanoles-votaria-a-dia-de-hoy-al-pp\/#webpage"},"isPartOf":{"@id":"https:\/\/www.eldigitaldeasturias.com\/noticias\/cerca-de-un-29-de-los-espanoles-votaria-a-dia-de-hoy-al-pp\/#webpage"},"articleSection":"Actualidad"},{"@type":"BreadcrumbList","@id":"https:\/\/www.eldigitaldeasturias.com\/noticias\/cerca-de-un-29-de-los-espanoles-votaria-a-dia-de-hoy-al-pp\/#breadcrumblist","itemListElement":[{"@type":"ListItem","@id":"https:\/\/www.eldigitaldeasturias.com\/noticias#listItem","position":1,"name":"Home","item":"https:\/\/www.eldigitaldeasturias.com\/noticias","nextItem":{"@type":"ListItem","@id":"https:\/\/www.eldigitaldeasturias.com\/noticias\/category\/actualidad\/#listItem","name":"Actualidad"}},{"@type":"ListItem","@id":"https:\/\/www.eldigitaldeasturias.com\/noticias\/category\/actualidad\/#listItem","position":2,"name":"Actualidad","item":"https:\/\/www.eldigitaldeasturias.com\/noticias\/category\/actualidad\/","nextItem":{"@type":"ListItem","@id":"https:\/\/www.eldigitaldeasturias.com\/noticias\/cerca-de-un-29-de-los-espanoles-votaria-a-dia-de-hoy-al-pp\/#listItem","name":"Cerca de un 29% de los espa\u00f1oles votar\u00eda a d\u00eda de hoy al PP"},"previousItem":{"@type":"ListItem","@id":"https:\/\/www.eldigitaldeasturias.com\/noticias#listItem","name":"Home"}},{"@type":"ListItem","@id":"https:\/\/www.eldigitaldeasturias.com\/noticias\/cerca-de-un-29-de-los-espanoles-votaria-a-dia-de-hoy-al-pp\/#listItem","position":3,"name":"Cerca de un 29% de los espa\u00f1oles votar\u00eda a d\u00eda de hoy al PP","previousItem":{"@type":"ListItem","@id":"https:\/\/www.eldigitaldeasturias.com\/noticias\/category\/actualidad\/#listItem","name":"Actualidad"}}]},{"@type":"Organization","@id":"https:\/\/www.eldigitaldeasturias.com\/noticias\/#organization","name":"El Digital de Asturias","description":"Hemeroteca","url":"https:\/\/www.eldigitaldeasturias.com\/noticias\/","email":"info@eldigitaldeasturias.com","telephone":"+34652131393","logo":{"@type":"ImageObject","url":"https:\/\/www.eldigitaldeasturias.com\/noticias\/wp-content\/uploads\/2020\/12\/EDA.jpg","@id":"https:\/\/www.eldigitaldeasturias.com\/noticias\/cerca-de-un-29-de-los-espanoles-votaria-a-dia-de-hoy-al-pp\/#organizationLogo","width":649,"height":297},"image":{"@id":"https:\/\/www.eldigitaldeasturias.com\/noticias\/cerca-de-un-29-de-los-espanoles-votaria-a-dia-de-hoy-al-pp\/#organizationLogo"},"sameAs":["https:\/\/facebook.com\/eldigitaldeasturias","https:\/\/www.youtube.com\/channel\/UCZP-2wLEB9Rv6erhFmqVnvg"],"address":{"@id":"https:\/\/www.eldigitaldeasturias.com\/noticias\/#postaladdress","@type":"PostalAddress","streetAddress":"san antonio 4,","postalCode":"33430","addressLocality":"Cand\u00e1s","addressRegion":"Asturias","addressCountry":"ES"}},{"@type":"Person","@id":"https:\/\/www.eldigitaldeasturias.com\/noticias\/author\/admin\/#author","url":"https:\/\/www.eldigitaldeasturias.com\/noticias\/author\/admin\/","name":"El Digital de Asturias","image":{"@type":"ImageObject","@id":"https:\/\/www.eldigitaldeasturias.com\/noticias\/cerca-de-un-29-de-los-espanoles-votaria-a-dia-de-hoy-al-pp\/#authorImage","url":"https:\/\/www.eldigitaldeasturias.com\/noticias\/wp-content\/litespeed\/avatar\/18677e78aa0546b92d9dbf31ec7d7668.jpg?ver=1777290358","width":96,"height":96,"caption":"El Digital de Asturias"}},{"@type":"WebPage","@id":"https:\/\/www.eldigitaldeasturias.com\/noticias\/cerca-de-un-29-de-los-espanoles-votaria-a-dia-de-hoy-al-pp\/#webpage","url":"https:\/\/www.eldigitaldeasturias.com\/noticias\/cerca-de-un-29-de-los-espanoles-votaria-a-dia-de-hoy-al-pp\/","name":"Cerca de un 29% de los espa\u00f1oles votar\u00eda a d\u00eda de hoy al PP - El Digital de Asturias","description":"El PP ganar\u00eda las elecciones con un respaldo del 28,8% de los votos, un resultado casi id\u00e9ntico al de las generales de diciembre, mientras que el PSOE caer\u00eda 1,5 puntos y se quedar\u00eda con un apoyo del 20,5%, por debajo del que sumar\u00edan Podemos y sus confluencias que ganar\u00edan votos y reunir\u00edan el 21,9% (frente","inLanguage":"es-ES","isPartOf":{"@id":"https:\/\/www.eldigitaldeasturias.com\/noticias\/#website"},"breadcrumb":{"@id":"https:\/\/www.eldigitaldeasturias.com\/noticias\/cerca-de-un-29-de-los-espanoles-votaria-a-dia-de-hoy-al-pp\/#breadcrumblist"},"author":{"@id":"https:\/\/www.eldigitaldeasturias.com\/noticias\/author\/admin\/#author"},"creator":{"@id":"https:\/\/www.eldigitaldeasturias.com\/noticias\/author\/admin\/#author"},"image":{"@type":"ImageObject","url":"https:\/\/www.eldigitaldeasturias.com\/noticias\/wp-content\/uploads\/2016\/02\/fotonoticia_20160204143517_800.jpg","@id":"https:\/\/www.eldigitaldeasturias.com\/noticias\/cerca-de-un-29-de-los-espanoles-votaria-a-dia-de-hoy-al-pp\/#mainImage","width":800,"height":534},"primaryImageOfPage":{"@id":"https:\/\/www.eldigitaldeasturias.com\/noticias\/cerca-de-un-29-de-los-espanoles-votaria-a-dia-de-hoy-al-pp\/#mainImage"},"datePublished":"2016-02-04T16:21:49+01:00","dateModified":"2016-02-04T16:21:49+01:00"},{"@type":"WebSite","@id":"https:\/\/www.eldigitaldeasturias.com\/noticias\/#website","url":"https:\/\/www.eldigitaldeasturias.com\/noticias\/","name":"El Digital de Asturias - Diario de actualidad y noticias","alternateName":"El Digital de Asturias - Diario de actualidad y noticias","description":"Hemeroteca","inLanguage":"es-ES","publisher":{"@id":"https:\/\/www.eldigitaldeasturias.com\/noticias\/#organization"}}]},"og:locale":"es_ES","og:site_name":"El Digital de Asturias","og:type":"article","og:title":"Cerca de un 29% de los espa\u00f1oles votar\u00eda a d\u00eda de hoy al PP - El Digital de Asturias","og:description":"El PP ganar\u00eda las elecciones con un respaldo del 28,8% de los votos, un resultado casi id\u00e9ntico al de las generales de diciembre, mientras que el PSOE caer\u00eda 1,5 puntos y se quedar\u00eda con un apoyo del 20,5%, por debajo del que sumar\u00edan Podemos y sus confluencias que ganar\u00edan votos y reunir\u00edan el 21,9% (frente","og:url":"https:\/\/www.eldigitaldeasturias.com\/noticias\/cerca-de-un-29-de-los-espanoles-votaria-a-dia-de-hoy-al-pp\/","og:image":"https:\/\/www.eldigitaldeasturias.com\/noticias\/wp-content\/uploads\/2016\/02\/fotonoticia_20160204143517_800.jpg","og:image:secure_url":"https:\/\/www.eldigitaldeasturias.com\/noticias\/wp-content\/uploads\/2016\/02\/fotonoticia_20160204143517_800.jpg","og:image:width":800,"og:image:height":534,"article:tag":["actualidad"],"article:published_time":"2016-02-04T16:21:49+00:00","article:modified_time":"2016-02-04T16:21:49+00:00","article:publisher":"https:\/\/facebook.com\/eldigitaldeasturias","twitter:card":"summary_large_image","twitter:title":"Cerca de un 29% de los espa\u00f1oles votar\u00eda a d\u00eda de hoy al PP - El Digital de Asturias","twitter:description":"El PP ganar\u00eda las elecciones con un respaldo del 28,8% de los votos, un resultado casi id\u00e9ntico al de las generales de diciembre, mientras que el PSOE caer\u00eda 1,5 puntos y se quedar\u00eda con un apoyo del 20,5%, por debajo del que sumar\u00edan Podemos y sus confluencias que ganar\u00edan votos y reunir\u00edan el 21,9% (frente","twitter:image":"https:\/\/www.eldigitaldeasturias.com\/noticias\/wp-content\/uploads\/2016\/02\/fotonoticia_20160204143517_800.jpg","twitter:label1":"Escrito por","twitter:data1":"El Digital de Asturias","twitter:label2":"Tiempo de lectura estimado","twitter:data2":"6 minutos"},"aioseo_meta_data":{"post_id":"853808","title":null,"description":null,"keywords":null,"keyphrases":null,"primary_term":null,"canonical_url":null,"og_title":null,"og_description":null,"og_object_type":"default","og_image_type":"default","og_image_url":null,"og_image_width":null,"og_image_height":null,"og_image_custom_url":null,"og_image_custom_fields":null,"og_video":null,"og_custom_url":null,"og_article_section":null,"og_article_tags":null,"twitter_use_og":false,"twitter_card":"default","twitter_image_type":"default","twitter_image_url":null,"twitter_image_custom_url":null,"twitter_image_custom_fields":null,"twitter_title":null,"twitter_description":null,"schema":{"blockGraphs":[],"customGraphs":[],"default":{"data":{"Article":[],"Course":[],"Dataset":[],"FAQPage":[],"Movie":[],"Person":[],"Product":[],"ProductReview":[],"Car":[],"Recipe":[],"Service":[],"SoftwareApplication":[],"WebPage":[]},"graphName":"","isEnabled":true},"graphs":[],"defaultGraph":"","defaultPostTypeGraph":""},"schema_type":null,"schema_type_options":null,"pillar_content":false,"robots_default":true,"robots_noindex":false,"robots_noarchive":false,"robots_nosnippet":false,"robots_nofollow":false,"robots_noimageindex":false,"robots_noodp":false,"robots_notranslate":false,"robots_max_snippet":null,"robots_max_videopreview":null,"robots_max_imagepreview":"large","priority":null,"frequency":null,"local_seo":null,"seo_analyzer_scan_date":"2025-12-09 19:19:40","breadcrumb_settings":null,"limit_modified_date":false,"open_ai":null,"ai":null,"created":"2021-01-23 00:57:36","updated":"2025-12-09 19:19:40"},"aioseo_breadcrumb":"<div class=\"aioseo-breadcrumbs\"><span class=\"aioseo-breadcrumb\">\n\t<a href=\"https:\/\/www.eldigitaldeasturias.com\/noticias\" title=\"Home\">Home<\/a>\n<\/span><span class=\"aioseo-breadcrumb-separator\">\u2013<\/span><span class=\"aioseo-breadcrumb\">\n\t<a href=\"https:\/\/www.eldigitaldeasturias.com\/noticias\/category\/actualidad\/\" title=\"Actualidad\">Actualidad<\/a>\n<\/span><span class=\"aioseo-breadcrumb-separator\">\u2013<\/span><span class=\"aioseo-breadcrumb\">\n\t<a href=\"https:\/\/www.eldigitaldeasturias.com\/noticias\/cerca-de-un-29-de-los-espanoles-votaria-a-dia-de-hoy-al-pp\/\" title=\"Cerca de un 29% de los espa\u00f1oles votar\u00eda a d\u00eda de hoy al PP\">Cerca de un 29% de los espa\u00f1oles votar\u00eda a d\u00eda de hoy al PP<\/a>\n<\/span><\/div>","aioseo_breadcrumb_json":[{"label":"Home","link":"https:\/\/www.eldigitaldeasturias.com\/noticias"},{"label":"Actualidad","link":"https:\/\/www.eldigitaldeasturias.com\/noticias\/category\/actualidad\/"},{"label":"Cerca de un 29% de los espa\u00f1oles votar\u00eda a d\u00eda de hoy al PP","link":"https:\/\/www.eldigitaldeasturias.com\/noticias\/cerca-de-un-29-de-los-espanoles-votaria-a-dia-de-hoy-al-pp\/"}],"_links":{"self":[{"href":"https:\/\/www.eldigitaldeasturias.com\/noticias\/wp-json\/wp\/v2\/posts\/853808","targetHints":{"allow":["GET"]}}],"collection":[{"href":"https:\/\/www.eldigitaldeasturias.com\/noticias\/wp-json\/wp\/v2\/posts"}],"about":[{"href":"https:\/\/www.eldigitaldeasturias.com\/noticias\/wp-json\/wp\/v2\/types\/post"}],"author":[{"embeddable":true,"href":"https:\/\/www.eldigitaldeasturias.com\/noticias\/wp-json\/wp\/v2\/users\/1"}],"replies":[{"embeddable":true,"href":"https:\/\/www.eldigitaldeasturias.com\/noticias\/wp-json\/wp\/v2\/comments?post=853808"}],"version-history":[{"count":0,"href":"https:\/\/www.eldigitaldeasturias.com\/noticias\/wp-json\/wp\/v2\/posts\/853808\/revisions"}],"wp:featuredmedia":[{"embeddable":true,"href":"https:\/\/www.eldigitaldeasturias.com\/noticias\/wp-json\/wp\/v2\/media\/853809"}],"wp:attachment":[{"href":"https:\/\/www.eldigitaldeasturias.com\/noticias\/wp-json\/wp\/v2\/media?parent=853808"}],"wp:term":[{"taxonomy":"category","embeddable":true,"href":"https:\/\/www.eldigitaldeasturias.com\/noticias\/wp-json\/wp\/v2\/categories?post=853808"},{"taxonomy":"post_tag","embeddable":true,"href":"https:\/\/www.eldigitaldeasturias.com\/noticias\/wp-json\/wp\/v2\/tags?post=853808"}],"curies":[{"name":"wp","href":"https:\/\/api.w.org\/{rel}","templated":true}]}}