{"id":853805,"date":"2016-02-04T16:19:52","date_gmt":"2016-02-04T16:19:52","guid":{"rendered":"http:\/\/www.eldigitaldeasturias.com\/noticias\/?p=853805"},"modified":"2016-02-04T16:19:52","modified_gmt":"2016-02-04T16:19:52","slug":"pedro-sanchez-se-aferra-sus-deseos-presidenciales-e-ignora-los-datos-del-cis","status":"publish","type":"post","link":"https:\/\/www.eldigitaldeasturias.com\/noticias\/pedro-sanchez-se-aferra-sus-deseos-presidenciales-e-ignora-los-datos-del-cis\/","title":{"rendered":"Pedro S\u00e1nchez se aferra sus deseos presidenciales e \u201cignora\u201d los datos del CIS"},"content":{"rendered":"<p><img loading=\"lazy\" decoding=\"async\" class=\"alignleft size-medium wp-image-853806\" src=\"https:\/\/www.eldigitaldeasturias.com\/noticias\/wp-content\/uploads\/2016\/02\/fotonoticia_20160204141609_800-360x240.jpg\" alt=\"fotonoticia_20160204141609_800\" width=\"360\" height=\"240\" srcset=\"https:\/\/www.eldigitaldeasturias.com\/noticias\/wp-content\/uploads\/2016\/02\/fotonoticia_20160204141609_800-360x240.jpg 360w, https:\/\/www.eldigitaldeasturias.com\/noticias\/wp-content\/uploads\/2016\/02\/fotonoticia_20160204141609_800-768x513.jpg 768w, https:\/\/www.eldigitaldeasturias.com\/noticias\/wp-content\/uploads\/2016\/02\/fotonoticia_20160204141609_800-650x434.jpg 650w, https:\/\/www.eldigitaldeasturias.com\/noticias\/wp-content\/uploads\/2016\/02\/fotonoticia_20160204141609_800-84x55.jpg 84w, https:\/\/www.eldigitaldeasturias.com\/noticias\/wp-content\/uploads\/2016\/02\/fotonoticia_20160204141609_800-49x32.jpg 49w, https:\/\/www.eldigitaldeasturias.com\/noticias\/wp-content\/uploads\/2016\/02\/fotonoticia_20160204141609_800.jpg 800w\" sizes=\"auto, (max-width: 360px) 100vw, 360px\" \/>El secretario general del PSOE, Pedro S\u00e1nchez, ha evitado este jueves comentar los datos que refleja la \u00faltima encuesta del CIS porque considera que el sondeo \u00abest\u00e1 caduco\u00bb y \u00abhan pasado much\u00edsimas cosas\u00bb desde que se recogieron las preferencias de los ciudadanos, durante el mes de enero.<\/p>\n<p>As\u00ed ha reaccionado el l\u00edder socialista al \u00faltimo bar\u00f3metro del Centro de Investigaciones Sociol\u00f3gicas, que refleja que el PP ganar\u00eda las elecciones con un respaldo del 28,8% de los votos, mientras que el PSOE caer\u00eda 1,5 puntos y se quedar\u00eda con un apoyo del 20,5%, lo que har\u00eda que Podemos y sus confluencias quedaran por delante de los socialistas con un respaldo del 21,9%.<\/p>\n<p>Pedro S\u00e1nchez ha insistido en que el sondeo se efectu\u00f3 durante los primeros d\u00edas de enero y desde entonces han pasado \u00abmuch\u00edsimas cosas\u00bb. En concreto, el bar\u00f3metro se realiz\u00f3 antes de la constituci\u00f3n de las Cortes, de que el Rey iniciara su primera ronda de audiencias para buscar un candidato a la investidura, y de que Podemos lanzara su oferta de gobierno de coalici\u00f3n al PSOE.<\/p>\n<p>En este contexto, el secretario general de los socialistas ha calificado de \u00abcasual\u00bb que precisamente este jueves el presidente del Gobierno en funciones, Mariano Rajoy, acudido al Congreso para comparecer ante el Grupo Popular, donde ha opinado sobre los resultados del CIS.<\/p>\n<p>\u00abYo, que soy bien pensando, quiero pensar que Rajoy no conoc\u00eda esos datos antes de comparecer en el Congreso, ha apuntado en rueda de prensa despu\u00e9s de reunirse con el l\u00edder de Ciudadanos, Albert Rivera, dentro de la ronda de contactos abierta para buscar apoyos para ser investido como presidente del Gobierno.<\/p>\n","protected":false},"excerpt":{"rendered":"<p>El secretario general del PSOE, Pedro S\u00e1nchez, ha evitado este jueves comentar los datos que refleja la \u00faltima encuesta del CIS porque considera que el sondeo \u00abest\u00e1 caduco\u00bb y \u00abhan pasado much\u00edsimas cosas\u00bb desde que se recogieron las preferencias de los ciudadanos, durante el mes de enero. As\u00ed ha reaccionado el l\u00edder socialista al \u00faltimo [&hellip;]<\/p>\n","protected":false},"author":1,"featured_media":853806,"comment_status":"closed","ping_status":"closed","sticky":false,"template":"","format":"standard","meta":{"footnotes":""},"categories":[1],"tags":[],"class_list":["post-853805","post","type-post","status-publish","format-standard","has-post-thumbnail","hentry","category-actualidad"],"aioseo_notices":[],"aioseo_head":"\n\t\t<!-- All in One SEO Pro 4.9.6.2 - aioseo.com -->\n\t<meta name=\"description\" content=\"El secretario general del PSOE, Pedro S\u00e1nchez, ha evitado este jueves comentar los datos que refleja la \u00faltima encuesta del CIS porque considera que el sondeo &quot;est\u00e1 caduco&quot; y &quot;han pasado much\u00edsimas cosas&quot; desde que se recogieron las preferencias de los ciudadanos, durante el mes de enero. As\u00ed ha reaccionado el l\u00edder socialista al \u00faltimo\" \/>\n\t<meta name=\"robots\" content=\"max-image-preview:large\" \/>\n\t<meta name=\"author\" content=\"El Digital de Asturias\"\/>\n\t<meta name=\"google-site-verification\" content=\"UA-38556648-1\" \/>\n\t<meta name=\"msvalidate.01\" content=\"7dfe9f3f1b24437ab69f4f2559babe99\" \/>\n\t<meta name=\"keywords\" content=\"actualidad\" \/>\n\t<link rel=\"canonical\" href=\"https:\/\/www.eldigitaldeasturias.com\/noticias\/pedro-sanchez-se-aferra-sus-deseos-presidenciales-e-ignora-los-datos-del-cis\/\" \/>\n\t<meta name=\"generator\" content=\"All in One SEO Pro (AIOSEO) 4.9.6.2\" \/>\n\t\t<meta property=\"og:locale\" content=\"es_ES\" \/>\n\t\t<meta property=\"og:site_name\" content=\"El Digital de Asturias\" \/>\n\t\t<meta property=\"og:type\" content=\"article\" \/>\n\t\t<meta property=\"og:title\" content=\"Pedro S\u00e1nchez se aferra sus deseos presidenciales e \u201cignora\u201d los datos del CIS - El Digital de Asturias\" \/>\n\t\t<meta property=\"og:description\" content=\"El secretario general del PSOE, Pedro S\u00e1nchez, ha evitado este jueves comentar los datos que refleja la \u00faltima encuesta del CIS porque considera que el sondeo &quot;est\u00e1 caduco&quot; y &quot;han pasado much\u00edsimas cosas&quot; desde que se recogieron las preferencias de los ciudadanos, durante el mes de enero. As\u00ed ha reaccionado el l\u00edder socialista al \u00faltimo\" \/>\n\t\t<meta property=\"og:url\" content=\"https:\/\/www.eldigitaldeasturias.com\/noticias\/pedro-sanchez-se-aferra-sus-deseos-presidenciales-e-ignora-los-datos-del-cis\/\" \/>\n\t\t<meta property=\"og:image\" content=\"https:\/\/www.eldigitaldeasturias.com\/noticias\/wp-content\/uploads\/2016\/02\/fotonoticia_20160204141609_800.jpg\" \/>\n\t\t<meta property=\"og:image:secure_url\" content=\"https:\/\/www.eldigitaldeasturias.com\/noticias\/wp-content\/uploads\/2016\/02\/fotonoticia_20160204141609_800.jpg\" \/>\n\t\t<meta property=\"og:image:width\" content=\"800\" \/>\n\t\t<meta property=\"og:image:height\" content=\"534\" \/>\n\t\t<meta property=\"article:tag\" content=\"actualidad\" \/>\n\t\t<meta property=\"article:published_time\" content=\"2016-02-04T16:19:52+00:00\" \/>\n\t\t<meta property=\"article:modified_time\" content=\"2016-02-04T16:19:52+00:00\" \/>\n\t\t<meta property=\"article:publisher\" content=\"https:\/\/facebook.com\/eldigitaldeasturias\" \/>\n\t\t<meta name=\"twitter:card\" content=\"summary_large_image\" \/>\n\t\t<meta name=\"twitter:title\" content=\"Pedro S\u00e1nchez se aferra sus deseos presidenciales e \u201cignora\u201d los datos del CIS - El Digital de Asturias\" \/>\n\t\t<meta name=\"twitter:description\" content=\"El secretario general del PSOE, Pedro S\u00e1nchez, ha evitado este jueves comentar los datos que refleja la \u00faltima encuesta del CIS porque considera que el sondeo &quot;est\u00e1 caduco&quot; y &quot;han pasado much\u00edsimas cosas&quot; desde que se recogieron las preferencias de los ciudadanos, durante el mes de enero. As\u00ed ha reaccionado el l\u00edder socialista al \u00faltimo\" \/>\n\t\t<meta name=\"twitter:image\" content=\"https:\/\/www.eldigitaldeasturias.com\/noticias\/wp-content\/uploads\/2016\/02\/fotonoticia_20160204141609_800.jpg\" \/>\n\t\t<meta name=\"twitter:label1\" content=\"Escrito por\" \/>\n\t\t<meta name=\"twitter:data1\" content=\"El Digital de Asturias\" \/>\n\t\t<meta name=\"twitter:label2\" content=\"Tiempo de lectura estimado\" \/>\n\t\t<meta name=\"twitter:data2\" content=\"1 minuto\" \/>\n\t\t<script type=\"application\/ld+json\" class=\"aioseo-schema\">\n\t\t\t{\"@context\":\"https:\\\/\\\/schema.org\",\"@graph\":[{\"@type\":\"BlogPosting\",\"@id\":\"https:\\\/\\\/www.eldigitaldeasturias.com\\\/noticias\\\/pedro-sanchez-se-aferra-sus-deseos-presidenciales-e-ignora-los-datos-del-cis\\\/#blogposting\",\"name\":\"Pedro S\\u00e1nchez se aferra sus deseos presidenciales e \\u201cignora\\u201d los datos del CIS - El Digital de Asturias\",\"headline\":\"Pedro S\\u00e1nchez se aferra sus deseos presidenciales e \\u201cignora\\u201d los datos del CIS\",\"author\":{\"@id\":\"https:\\\/\\\/www.eldigitaldeasturias.com\\\/noticias\\\/author\\\/admin\\\/#author\"},\"publisher\":{\"@id\":\"https:\\\/\\\/www.eldigitaldeasturias.com\\\/noticias\\\/#organization\"},\"image\":{\"@type\":\"ImageObject\",\"url\":\"https:\\\/\\\/www.eldigitaldeasturias.com\\\/noticias\\\/wp-content\\\/uploads\\\/2016\\\/02\\\/fotonoticia_20160204141609_800.jpg\",\"width\":800,\"height\":534},\"datePublished\":\"2016-02-04T16:19:52+01:00\",\"dateModified\":\"2016-02-04T16:19:52+01:00\",\"inLanguage\":\"es-ES\",\"mainEntityOfPage\":{\"@id\":\"https:\\\/\\\/www.eldigitaldeasturias.com\\\/noticias\\\/pedro-sanchez-se-aferra-sus-deseos-presidenciales-e-ignora-los-datos-del-cis\\\/#webpage\"},\"isPartOf\":{\"@id\":\"https:\\\/\\\/www.eldigitaldeasturias.com\\\/noticias\\\/pedro-sanchez-se-aferra-sus-deseos-presidenciales-e-ignora-los-datos-del-cis\\\/#webpage\"},\"articleSection\":\"Actualidad\"},{\"@type\":\"BreadcrumbList\",\"@id\":\"https:\\\/\\\/www.eldigitaldeasturias.com\\\/noticias\\\/pedro-sanchez-se-aferra-sus-deseos-presidenciales-e-ignora-los-datos-del-cis\\\/#breadcrumblist\",\"itemListElement\":[{\"@type\":\"ListItem\",\"@id\":\"https:\\\/\\\/www.eldigitaldeasturias.com\\\/noticias#listItem\",\"position\":1,\"name\":\"Home\",\"item\":\"https:\\\/\\\/www.eldigitaldeasturias.com\\\/noticias\",\"nextItem\":{\"@type\":\"ListItem\",\"@id\":\"https:\\\/\\\/www.eldigitaldeasturias.com\\\/noticias\\\/category\\\/actualidad\\\/#listItem\",\"name\":\"Actualidad\"}},{\"@type\":\"ListItem\",\"@id\":\"https:\\\/\\\/www.eldigitaldeasturias.com\\\/noticias\\\/category\\\/actualidad\\\/#listItem\",\"position\":2,\"name\":\"Actualidad\",\"item\":\"https:\\\/\\\/www.eldigitaldeasturias.com\\\/noticias\\\/category\\\/actualidad\\\/\",\"nextItem\":{\"@type\":\"ListItem\",\"@id\":\"https:\\\/\\\/www.eldigitaldeasturias.com\\\/noticias\\\/pedro-sanchez-se-aferra-sus-deseos-presidenciales-e-ignora-los-datos-del-cis\\\/#listItem\",\"name\":\"Pedro S\\u00e1nchez se aferra sus deseos presidenciales e \\u201cignora\\u201d los datos del CIS\"},\"previousItem\":{\"@type\":\"ListItem\",\"@id\":\"https:\\\/\\\/www.eldigitaldeasturias.com\\\/noticias#listItem\",\"name\":\"Home\"}},{\"@type\":\"ListItem\",\"@id\":\"https:\\\/\\\/www.eldigitaldeasturias.com\\\/noticias\\\/pedro-sanchez-se-aferra-sus-deseos-presidenciales-e-ignora-los-datos-del-cis\\\/#listItem\",\"position\":3,\"name\":\"Pedro S\\u00e1nchez se aferra sus deseos presidenciales e \\u201cignora\\u201d los datos del CIS\",\"previousItem\":{\"@type\":\"ListItem\",\"@id\":\"https:\\\/\\\/www.eldigitaldeasturias.com\\\/noticias\\\/category\\\/actualidad\\\/#listItem\",\"name\":\"Actualidad\"}}]},{\"@type\":\"Organization\",\"@id\":\"https:\\\/\\\/www.eldigitaldeasturias.com\\\/noticias\\\/#organization\",\"name\":\"El Digital de Asturias\",\"description\":\"Hemeroteca\",\"url\":\"https:\\\/\\\/www.eldigitaldeasturias.com\\\/noticias\\\/\",\"email\":\"info@eldigitaldeasturias.com\",\"telephone\":\"+34652131393\",\"logo\":{\"@type\":\"ImageObject\",\"url\":\"https:\\\/\\\/www.eldigitaldeasturias.com\\\/noticias\\\/wp-content\\\/uploads\\\/2020\\\/12\\\/EDA.jpg\",\"@id\":\"https:\\\/\\\/www.eldigitaldeasturias.com\\\/noticias\\\/pedro-sanchez-se-aferra-sus-deseos-presidenciales-e-ignora-los-datos-del-cis\\\/#organizationLogo\",\"width\":649,\"height\":297},\"image\":{\"@id\":\"https:\\\/\\\/www.eldigitaldeasturias.com\\\/noticias\\\/pedro-sanchez-se-aferra-sus-deseos-presidenciales-e-ignora-los-datos-del-cis\\\/#organizationLogo\"},\"sameAs\":[\"https:\\\/\\\/facebook.com\\\/eldigitaldeasturias\",\"https:\\\/\\\/www.youtube.com\\\/channel\\\/UCZP-2wLEB9Rv6erhFmqVnvg\"],\"address\":{\"@id\":\"https:\\\/\\\/www.eldigitaldeasturias.com\\\/noticias\\\/#postaladdress\",\"@type\":\"PostalAddress\",\"streetAddress\":\"san antonio 4,\",\"postalCode\":\"33430\",\"addressLocality\":\"Cand\\u00e1s\",\"addressRegion\":\"Asturias\",\"addressCountry\":\"ES\"}},{\"@type\":\"Person\",\"@id\":\"https:\\\/\\\/www.eldigitaldeasturias.com\\\/noticias\\\/author\\\/admin\\\/#author\",\"url\":\"https:\\\/\\\/www.eldigitaldeasturias.com\\\/noticias\\\/author\\\/admin\\\/\",\"name\":\"El Digital de Asturias\",\"image\":{\"@type\":\"ImageObject\",\"@id\":\"https:\\\/\\\/www.eldigitaldeasturias.com\\\/noticias\\\/pedro-sanchez-se-aferra-sus-deseos-presidenciales-e-ignora-los-datos-del-cis\\\/#authorImage\",\"url\":\"https:\\\/\\\/www.eldigitaldeasturias.com\\\/noticias\\\/wp-content\\\/litespeed\\\/avatar\\\/18677e78aa0546b92d9dbf31ec7d7668.jpg?ver=1777290358\",\"width\":96,\"height\":96,\"caption\":\"El Digital de Asturias\"}},{\"@type\":\"WebPage\",\"@id\":\"https:\\\/\\\/www.eldigitaldeasturias.com\\\/noticias\\\/pedro-sanchez-se-aferra-sus-deseos-presidenciales-e-ignora-los-datos-del-cis\\\/#webpage\",\"url\":\"https:\\\/\\\/www.eldigitaldeasturias.com\\\/noticias\\\/pedro-sanchez-se-aferra-sus-deseos-presidenciales-e-ignora-los-datos-del-cis\\\/\",\"name\":\"Pedro S\\u00e1nchez se aferra sus deseos presidenciales e \\u201cignora\\u201d los datos del CIS - El Digital de Asturias\",\"description\":\"El secretario general del PSOE, Pedro S\\u00e1nchez, ha evitado este jueves comentar los datos que refleja la \\u00faltima encuesta del CIS porque considera que el sondeo \\\"est\\u00e1 caduco\\\" y \\\"han pasado much\\u00edsimas cosas\\\" desde que se recogieron las preferencias de los ciudadanos, durante el mes de enero. As\\u00ed ha reaccionado el l\\u00edder socialista al \\u00faltimo\",\"inLanguage\":\"es-ES\",\"isPartOf\":{\"@id\":\"https:\\\/\\\/www.eldigitaldeasturias.com\\\/noticias\\\/#website\"},\"breadcrumb\":{\"@id\":\"https:\\\/\\\/www.eldigitaldeasturias.com\\\/noticias\\\/pedro-sanchez-se-aferra-sus-deseos-presidenciales-e-ignora-los-datos-del-cis\\\/#breadcrumblist\"},\"author\":{\"@id\":\"https:\\\/\\\/www.eldigitaldeasturias.com\\\/noticias\\\/author\\\/admin\\\/#author\"},\"creator\":{\"@id\":\"https:\\\/\\\/www.eldigitaldeasturias.com\\\/noticias\\\/author\\\/admin\\\/#author\"},\"image\":{\"@type\":\"ImageObject\",\"url\":\"https:\\\/\\\/www.eldigitaldeasturias.com\\\/noticias\\\/wp-content\\\/uploads\\\/2016\\\/02\\\/fotonoticia_20160204141609_800.jpg\",\"@id\":\"https:\\\/\\\/www.eldigitaldeasturias.com\\\/noticias\\\/pedro-sanchez-se-aferra-sus-deseos-presidenciales-e-ignora-los-datos-del-cis\\\/#mainImage\",\"width\":800,\"height\":534},\"primaryImageOfPage\":{\"@id\":\"https:\\\/\\\/www.eldigitaldeasturias.com\\\/noticias\\\/pedro-sanchez-se-aferra-sus-deseos-presidenciales-e-ignora-los-datos-del-cis\\\/#mainImage\"},\"datePublished\":\"2016-02-04T16:19:52+01:00\",\"dateModified\":\"2016-02-04T16:19:52+01:00\"},{\"@type\":\"WebSite\",\"@id\":\"https:\\\/\\\/www.eldigitaldeasturias.com\\\/noticias\\\/#website\",\"url\":\"https:\\\/\\\/www.eldigitaldeasturias.com\\\/noticias\\\/\",\"name\":\"El Digital de Asturias - Diario de actualidad y noticias\",\"alternateName\":\"El Digital de Asturias - Diario de actualidad y noticias\",\"description\":\"Hemeroteca\",\"inLanguage\":\"es-ES\",\"publisher\":{\"@id\":\"https:\\\/\\\/www.eldigitaldeasturias.com\\\/noticias\\\/#organization\"}}]}\n\t\t<\/script>\n\t\t<!-- All in One SEO Pro -->\r\n\t\t<title>Pedro S\u00e1nchez se aferra sus deseos presidenciales e \u201cignora\u201d los datos del CIS - El Digital de Asturias<\/title>\n\n","aioseo_head_json":{"title":"Pedro S\u00e1nchez se aferra sus deseos presidenciales e \u201cignora\u201d los datos del CIS - El Digital de Asturias","description":"El secretario general del PSOE, Pedro S\u00e1nchez, ha evitado este jueves comentar los datos que refleja la \u00faltima encuesta del CIS porque considera que el sondeo \"est\u00e1 caduco\" y \"han pasado much\u00edsimas cosas\" desde que se recogieron las preferencias de los ciudadanos, durante el mes de enero. As\u00ed ha reaccionado el l\u00edder socialista al \u00faltimo","canonical_url":"https:\/\/www.eldigitaldeasturias.com\/noticias\/pedro-sanchez-se-aferra-sus-deseos-presidenciales-e-ignora-los-datos-del-cis\/","robots":"max-image-preview:large","keywords":"actualidad","webmasterTools":{"google-site-verification":"UA-38556648-1","msvalidate.01":"7dfe9f3f1b24437ab69f4f2559babe99","miscellaneous":""},"schema":{"@context":"https:\/\/schema.org","@graph":[{"@type":"BlogPosting","@id":"https:\/\/www.eldigitaldeasturias.com\/noticias\/pedro-sanchez-se-aferra-sus-deseos-presidenciales-e-ignora-los-datos-del-cis\/#blogposting","name":"Pedro S\u00e1nchez se aferra sus deseos presidenciales e \u201cignora\u201d los datos del CIS - El Digital de Asturias","headline":"Pedro S\u00e1nchez se aferra sus deseos presidenciales e \u201cignora\u201d los datos del CIS","author":{"@id":"https:\/\/www.eldigitaldeasturias.com\/noticias\/author\/admin\/#author"},"publisher":{"@id":"https:\/\/www.eldigitaldeasturias.com\/noticias\/#organization"},"image":{"@type":"ImageObject","url":"https:\/\/www.eldigitaldeasturias.com\/noticias\/wp-content\/uploads\/2016\/02\/fotonoticia_20160204141609_800.jpg","width":800,"height":534},"datePublished":"2016-02-04T16:19:52+01:00","dateModified":"2016-02-04T16:19:52+01:00","inLanguage":"es-ES","mainEntityOfPage":{"@id":"https:\/\/www.eldigitaldeasturias.com\/noticias\/pedro-sanchez-se-aferra-sus-deseos-presidenciales-e-ignora-los-datos-del-cis\/#webpage"},"isPartOf":{"@id":"https:\/\/www.eldigitaldeasturias.com\/noticias\/pedro-sanchez-se-aferra-sus-deseos-presidenciales-e-ignora-los-datos-del-cis\/#webpage"},"articleSection":"Actualidad"},{"@type":"BreadcrumbList","@id":"https:\/\/www.eldigitaldeasturias.com\/noticias\/pedro-sanchez-se-aferra-sus-deseos-presidenciales-e-ignora-los-datos-del-cis\/#breadcrumblist","itemListElement":[{"@type":"ListItem","@id":"https:\/\/www.eldigitaldeasturias.com\/noticias#listItem","position":1,"name":"Home","item":"https:\/\/www.eldigitaldeasturias.com\/noticias","nextItem":{"@type":"ListItem","@id":"https:\/\/www.eldigitaldeasturias.com\/noticias\/category\/actualidad\/#listItem","name":"Actualidad"}},{"@type":"ListItem","@id":"https:\/\/www.eldigitaldeasturias.com\/noticias\/category\/actualidad\/#listItem","position":2,"name":"Actualidad","item":"https:\/\/www.eldigitaldeasturias.com\/noticias\/category\/actualidad\/","nextItem":{"@type":"ListItem","@id":"https:\/\/www.eldigitaldeasturias.com\/noticias\/pedro-sanchez-se-aferra-sus-deseos-presidenciales-e-ignora-los-datos-del-cis\/#listItem","name":"Pedro S\u00e1nchez se aferra sus deseos presidenciales e \u201cignora\u201d los datos del CIS"},"previousItem":{"@type":"ListItem","@id":"https:\/\/www.eldigitaldeasturias.com\/noticias#listItem","name":"Home"}},{"@type":"ListItem","@id":"https:\/\/www.eldigitaldeasturias.com\/noticias\/pedro-sanchez-se-aferra-sus-deseos-presidenciales-e-ignora-los-datos-del-cis\/#listItem","position":3,"name":"Pedro S\u00e1nchez se aferra sus deseos presidenciales e \u201cignora\u201d los datos del CIS","previousItem":{"@type":"ListItem","@id":"https:\/\/www.eldigitaldeasturias.com\/noticias\/category\/actualidad\/#listItem","name":"Actualidad"}}]},{"@type":"Organization","@id":"https:\/\/www.eldigitaldeasturias.com\/noticias\/#organization","name":"El Digital de Asturias","description":"Hemeroteca","url":"https:\/\/www.eldigitaldeasturias.com\/noticias\/","email":"info@eldigitaldeasturias.com","telephone":"+34652131393","logo":{"@type":"ImageObject","url":"https:\/\/www.eldigitaldeasturias.com\/noticias\/wp-content\/uploads\/2020\/12\/EDA.jpg","@id":"https:\/\/www.eldigitaldeasturias.com\/noticias\/pedro-sanchez-se-aferra-sus-deseos-presidenciales-e-ignora-los-datos-del-cis\/#organizationLogo","width":649,"height":297},"image":{"@id":"https:\/\/www.eldigitaldeasturias.com\/noticias\/pedro-sanchez-se-aferra-sus-deseos-presidenciales-e-ignora-los-datos-del-cis\/#organizationLogo"},"sameAs":["https:\/\/facebook.com\/eldigitaldeasturias","https:\/\/www.youtube.com\/channel\/UCZP-2wLEB9Rv6erhFmqVnvg"],"address":{"@id":"https:\/\/www.eldigitaldeasturias.com\/noticias\/#postaladdress","@type":"PostalAddress","streetAddress":"san antonio 4,","postalCode":"33430","addressLocality":"Cand\u00e1s","addressRegion":"Asturias","addressCountry":"ES"}},{"@type":"Person","@id":"https:\/\/www.eldigitaldeasturias.com\/noticias\/author\/admin\/#author","url":"https:\/\/www.eldigitaldeasturias.com\/noticias\/author\/admin\/","name":"El Digital de Asturias","image":{"@type":"ImageObject","@id":"https:\/\/www.eldigitaldeasturias.com\/noticias\/pedro-sanchez-se-aferra-sus-deseos-presidenciales-e-ignora-los-datos-del-cis\/#authorImage","url":"https:\/\/www.eldigitaldeasturias.com\/noticias\/wp-content\/litespeed\/avatar\/18677e78aa0546b92d9dbf31ec7d7668.jpg?ver=1777290358","width":96,"height":96,"caption":"El Digital de Asturias"}},{"@type":"WebPage","@id":"https:\/\/www.eldigitaldeasturias.com\/noticias\/pedro-sanchez-se-aferra-sus-deseos-presidenciales-e-ignora-los-datos-del-cis\/#webpage","url":"https:\/\/www.eldigitaldeasturias.com\/noticias\/pedro-sanchez-se-aferra-sus-deseos-presidenciales-e-ignora-los-datos-del-cis\/","name":"Pedro S\u00e1nchez se aferra sus deseos presidenciales e \u201cignora\u201d los datos del CIS - El Digital de Asturias","description":"El secretario general del PSOE, Pedro S\u00e1nchez, ha evitado este jueves comentar los datos que refleja la \u00faltima encuesta del CIS porque considera que el sondeo \"est\u00e1 caduco\" y \"han pasado much\u00edsimas cosas\" desde que se recogieron las preferencias de los ciudadanos, durante el mes de enero. As\u00ed ha reaccionado el l\u00edder socialista al \u00faltimo","inLanguage":"es-ES","isPartOf":{"@id":"https:\/\/www.eldigitaldeasturias.com\/noticias\/#website"},"breadcrumb":{"@id":"https:\/\/www.eldigitaldeasturias.com\/noticias\/pedro-sanchez-se-aferra-sus-deseos-presidenciales-e-ignora-los-datos-del-cis\/#breadcrumblist"},"author":{"@id":"https:\/\/www.eldigitaldeasturias.com\/noticias\/author\/admin\/#author"},"creator":{"@id":"https:\/\/www.eldigitaldeasturias.com\/noticias\/author\/admin\/#author"},"image":{"@type":"ImageObject","url":"https:\/\/www.eldigitaldeasturias.com\/noticias\/wp-content\/uploads\/2016\/02\/fotonoticia_20160204141609_800.jpg","@id":"https:\/\/www.eldigitaldeasturias.com\/noticias\/pedro-sanchez-se-aferra-sus-deseos-presidenciales-e-ignora-los-datos-del-cis\/#mainImage","width":800,"height":534},"primaryImageOfPage":{"@id":"https:\/\/www.eldigitaldeasturias.com\/noticias\/pedro-sanchez-se-aferra-sus-deseos-presidenciales-e-ignora-los-datos-del-cis\/#mainImage"},"datePublished":"2016-02-04T16:19:52+01:00","dateModified":"2016-02-04T16:19:52+01:00"},{"@type":"WebSite","@id":"https:\/\/www.eldigitaldeasturias.com\/noticias\/#website","url":"https:\/\/www.eldigitaldeasturias.com\/noticias\/","name":"El Digital de Asturias - Diario de actualidad y noticias","alternateName":"El Digital de Asturias - Diario de actualidad y noticias","description":"Hemeroteca","inLanguage":"es-ES","publisher":{"@id":"https:\/\/www.eldigitaldeasturias.com\/noticias\/#organization"}}]},"og:locale":"es_ES","og:site_name":"El Digital de Asturias","og:type":"article","og:title":"Pedro S\u00e1nchez se aferra sus deseos presidenciales e \u201cignora\u201d los datos del CIS - El Digital de Asturias","og:description":"El secretario general del PSOE, Pedro S\u00e1nchez, ha evitado este jueves comentar los datos que refleja la \u00faltima encuesta del CIS porque considera que el sondeo &quot;est\u00e1 caduco&quot; y &quot;han pasado much\u00edsimas cosas&quot; desde que se recogieron las preferencias de los ciudadanos, durante el mes de enero. As\u00ed ha reaccionado el l\u00edder socialista al \u00faltimo","og:url":"https:\/\/www.eldigitaldeasturias.com\/noticias\/pedro-sanchez-se-aferra-sus-deseos-presidenciales-e-ignora-los-datos-del-cis\/","og:image":"https:\/\/www.eldigitaldeasturias.com\/noticias\/wp-content\/uploads\/2016\/02\/fotonoticia_20160204141609_800.jpg","og:image:secure_url":"https:\/\/www.eldigitaldeasturias.com\/noticias\/wp-content\/uploads\/2016\/02\/fotonoticia_20160204141609_800.jpg","og:image:width":800,"og:image:height":534,"article:tag":["actualidad"],"article:published_time":"2016-02-04T16:19:52+00:00","article:modified_time":"2016-02-04T16:19:52+00:00","article:publisher":"https:\/\/facebook.com\/eldigitaldeasturias","twitter:card":"summary_large_image","twitter:title":"Pedro S\u00e1nchez se aferra sus deseos presidenciales e \u201cignora\u201d los datos del CIS - El Digital de Asturias","twitter:description":"El secretario general del PSOE, Pedro S\u00e1nchez, ha evitado este jueves comentar los datos que refleja la \u00faltima encuesta del CIS porque considera que el sondeo &quot;est\u00e1 caduco&quot; y &quot;han pasado much\u00edsimas cosas&quot; desde que se recogieron las preferencias de los ciudadanos, durante el mes de enero. As\u00ed ha reaccionado el l\u00edder socialista al \u00faltimo","twitter:image":"https:\/\/www.eldigitaldeasturias.com\/noticias\/wp-content\/uploads\/2016\/02\/fotonoticia_20160204141609_800.jpg","twitter:label1":"Escrito por","twitter:data1":"El Digital de Asturias","twitter:label2":"Tiempo de lectura estimado","twitter:data2":"1 minuto"},"aioseo_meta_data":{"post_id":"853805","title":null,"description":null,"keywords":null,"keyphrases":null,"primary_term":null,"canonical_url":null,"og_title":null,"og_description":null,"og_object_type":"default","og_image_type":"default","og_image_url":null,"og_image_width":null,"og_image_height":null,"og_image_custom_url":null,"og_image_custom_fields":null,"og_video":null,"og_custom_url":null,"og_article_section":null,"og_article_tags":null,"twitter_use_og":false,"twitter_card":"default","twitter_image_type":"default","twitter_image_url":null,"twitter_image_custom_url":null,"twitter_image_custom_fields":null,"twitter_title":null,"twitter_description":null,"schema":{"blockGraphs":[],"customGraphs":[],"default":{"data":{"Article":[],"Course":[],"Dataset":[],"FAQPage":[],"Movie":[],"Person":[],"Product":[],"ProductReview":[],"Car":[],"Recipe":[],"Service":[],"SoftwareApplication":[],"WebPage":[]},"graphName":"","isEnabled":true},"graphs":[],"defaultGraph":"","defaultPostTypeGraph":""},"schema_type":null,"schema_type_options":null,"pillar_content":false,"robots_default":true,"robots_noindex":false,"robots_noarchive":false,"robots_nosnippet":false,"robots_nofollow":false,"robots_noimageindex":false,"robots_noodp":false,"robots_notranslate":false,"robots_max_snippet":null,"robots_max_videopreview":null,"robots_max_imagepreview":"large","priority":null,"frequency":null,"local_seo":null,"seo_analyzer_scan_date":"2025-12-09 19:19:40","breadcrumb_settings":null,"limit_modified_date":false,"open_ai":null,"ai":null,"created":"2021-01-23 14:11:18","updated":"2025-12-09 19:19:40"},"aioseo_breadcrumb":"<div class=\"aioseo-breadcrumbs\"><span class=\"aioseo-breadcrumb\">\n\t<a href=\"https:\/\/www.eldigitaldeasturias.com\/noticias\" title=\"Home\">Home<\/a>\n<\/span><span class=\"aioseo-breadcrumb-separator\">\u2013<\/span><span class=\"aioseo-breadcrumb\">\n\t<a href=\"https:\/\/www.eldigitaldeasturias.com\/noticias\/category\/actualidad\/\" title=\"Actualidad\">Actualidad<\/a>\n<\/span><span class=\"aioseo-breadcrumb-separator\">\u2013<\/span><span class=\"aioseo-breadcrumb\">\n\t<a href=\"https:\/\/www.eldigitaldeasturias.com\/noticias\/pedro-sanchez-se-aferra-sus-deseos-presidenciales-e-ignora-los-datos-del-cis\/\" title=\"Pedro S\u00e1nchez se aferra sus deseos presidenciales e \u201cignora\u201d los datos del CIS\">Pedro S\u00e1nchez se aferra sus deseos presidenciales e \u201cignora\u201d los datos del CIS<\/a>\n<\/span><\/div>","aioseo_breadcrumb_json":[{"label":"Home","link":"https:\/\/www.eldigitaldeasturias.com\/noticias"},{"label":"Actualidad","link":"https:\/\/www.eldigitaldeasturias.com\/noticias\/category\/actualidad\/"},{"label":"Pedro S\u00e1nchez se aferra sus deseos presidenciales e \u201cignora\u201d los datos del CIS","link":"https:\/\/www.eldigitaldeasturias.com\/noticias\/pedro-sanchez-se-aferra-sus-deseos-presidenciales-e-ignora-los-datos-del-cis\/"}],"_links":{"self":[{"href":"https:\/\/www.eldigitaldeasturias.com\/noticias\/wp-json\/wp\/v2\/posts\/853805","targetHints":{"allow":["GET"]}}],"collection":[{"href":"https:\/\/www.eldigitaldeasturias.com\/noticias\/wp-json\/wp\/v2\/posts"}],"about":[{"href":"https:\/\/www.eldigitaldeasturias.com\/noticias\/wp-json\/wp\/v2\/types\/post"}],"author":[{"embeddable":true,"href":"https:\/\/www.eldigitaldeasturias.com\/noticias\/wp-json\/wp\/v2\/users\/1"}],"replies":[{"embeddable":true,"href":"https:\/\/www.eldigitaldeasturias.com\/noticias\/wp-json\/wp\/v2\/comments?post=853805"}],"version-history":[{"count":0,"href":"https:\/\/www.eldigitaldeasturias.com\/noticias\/wp-json\/wp\/v2\/posts\/853805\/revisions"}],"wp:featuredmedia":[{"embeddable":true,"href":"https:\/\/www.eldigitaldeasturias.com\/noticias\/wp-json\/wp\/v2\/media\/853806"}],"wp:attachment":[{"href":"https:\/\/www.eldigitaldeasturias.com\/noticias\/wp-json\/wp\/v2\/media?parent=853805"}],"wp:term":[{"taxonomy":"category","embeddable":true,"href":"https:\/\/www.eldigitaldeasturias.com\/noticias\/wp-json\/wp\/v2\/categories?post=853805"},{"taxonomy":"post_tag","embeddable":true,"href":"https:\/\/www.eldigitaldeasturias.com\/noticias\/wp-json\/wp\/v2\/tags?post=853805"}],"curies":[{"name":"wp","href":"https:\/\/api.w.org\/{rel}","templated":true}]}}