{"id":853802,"date":"2016-02-04T16:17:44","date_gmt":"2016-02-04T16:17:44","guid":{"rendered":"http:\/\/www.eldigitaldeasturias.com\/noticias\/?p=853802"},"modified":"2016-02-04T16:17:44","modified_gmt":"2016-02-04T16:17:44","slug":"margallo-ratifica-sus-dudas-sobre-la-lucha-antiyihadista-de-un-gobierno-psoe-podemos","status":"publish","type":"post","link":"https:\/\/www.eldigitaldeasturias.com\/noticias\/margallo-ratifica-sus-dudas-sobre-la-lucha-antiyihadista-de-un-gobierno-psoe-podemos\/","title":{"rendered":"Margallo ratifica sus dudas sobre la lucha antiyihadista de un gobierno PSOE-Podemos"},"content":{"rendered":"<p><img loading=\"lazy\" decoding=\"async\" class=\"alignleft size-medium wp-image-853803\" src=\"https:\/\/www.eldigitaldeasturias.com\/noticias\/wp-content\/uploads\/2016\/02\/fotonoticia_20160204141420_800-213x320.jpg\" alt=\"fotonoticia_20160204141420_800\" width=\"213\" height=\"320\" srcset=\"https:\/\/www.eldigitaldeasturias.com\/noticias\/wp-content\/uploads\/2016\/02\/fotonoticia_20160204141420_800-213x320.jpg 213w, https:\/\/www.eldigitaldeasturias.com\/noticias\/wp-content\/uploads\/2016\/02\/fotonoticia_20160204141420_800-768x1152.jpg 768w, https:\/\/www.eldigitaldeasturias.com\/noticias\/wp-content\/uploads\/2016\/02\/fotonoticia_20160204141420_800-433x650.jpg 433w, https:\/\/www.eldigitaldeasturias.com\/noticias\/wp-content\/uploads\/2016\/02\/fotonoticia_20160204141420_800.jpg 800w\" sizes=\"auto, (max-width: 213px) 100vw, 213px\" \/>El ministro de Asuntos Exteriores y de Cooperaci\u00f3n , Jos\u00e9 Manuel Garc\u00eda-Margallo, se ha reafirmado este jueves en las dudas que tiene acerca del compromiso en materia de lucha contra el terrorismo yihadista que mantendr\u00eda un posible gobierno de coalici\u00f3n entre el PSOE y Podemos y que tanto malestar han generado en los socialistas, que han exigido al ministro una rectificaci\u00f3n.<\/p>\n<p>Pero lejos de excusarse o rectificar, el jefe de la diplomacia espa\u00f1ola en funciones, se ha reafirmado en sus opiniones que, bajo su punto de vista, han podido malinterpretarse. \u00abNo retiro la declaraci\u00f3n, sino que la ratifico\u00bb, ha asegurado a los medios de comunicaci\u00f3n en el avi\u00f3n de la Fuerza A\u00e9rea Espa\u00f1ola que le traslada a la inauguraci\u00f3n de una planta termosolar en Marruecos construida por un consorcio espa\u00f1ol.<\/p>\n<p>Garc\u00eda-Margallo revel\u00f3 el mi\u00e9rcoles que se hab\u00eda visto \u00abobligado\u00bb a alertar esta semana a algunos de sus colegas en la Coalici\u00f3n Internacional contra DAESH (el autoproclamado Estado Isl\u00e1mico) de que si el PSOE y Podemos gobernasen Espa\u00f1a y se impusiesen las tesis del partido de Pablo Iglesias, este pa\u00eds podr\u00eda ser el primero en abandonar la coalici\u00f3n de 66 pa\u00edses que combate el terrorismo yihadista.<\/p>\n<p>MARGALLO RESPONDI\u00d3 A DUDAS DE OTROS PA\u00cdSES<\/p>\n<p>El ministro ha explicado este jueves que no hizo esta advertencia durante su intervenci\u00f3n en el pleno de la reuni\u00f3n de ministros de Exteriores de la coalici\u00f3n el mi\u00e9rcoles en Roma, sino que expres\u00f3 su opini\u00f3n en respuesta a algunas preguntas que en este sentido le formularon algunos de sus colegas de forma privada. Es decir, ha subrayado, \u00e9l no hizo uso de la posici\u00f3n oficial de Espa\u00f1a en esa reuni\u00f3n para trasladar un mensaje pol\u00edtico.<\/p>\n<p>Las dudas que el ministro tiene respecto del compromiso con la lucha antiterrorista de un posible Gobierno PSOE-Podemos vienen motivadas por las posturas \u00abcontradictorias\u00bb que los socialistas y el partido de Pablo Iglesias mantienen en este asunto, ha abundado Garc\u00eda-Margallo.<\/p>\n<p>El jefe de la diplomacia no ha puesto en duda el compromiso de los socialistas en este aspecto. \u00abSi triunfa la tesis del PSOE, estaremos donde estamos\u00bb, ha dicho. Sin embargo, s\u00ed ha mostrado su preocupaci\u00f3n por la posici\u00f3n de Podemos, contraria -ha remarcado- a intervenir militarmente en Siria y en Irak.<\/p>\n<p>Garc\u00eda-Margallo ha se\u00f1alado que en un documento del partido de Iglesias, que se puede consultar en su web y que se titula &#8216;Una propuesta de agenda para en Consejo de Paz&#8217;, Podemos habla de la \u00abguerra europea en Siria\u00bb, una definici\u00f3n, que, remarca el ministro, no se corresponde con la realidad. En ese documento que aborda el conflicto en Siria, Podemos asegura: \u00abla soluci\u00f3n no es la guerra. La guerra europea en Siria no derrotar\u00e1 al Estado Isl\u00e1mico\u00bb.<\/p>\n<p>En sus declaraciones de ayer, el ministro se refiri\u00f3 a que Podemos no ha firmado el Pacto Antiyihadista, aunque s\u00ed ha participado como observador en algunas de sus reuniones. Ese pacto, propuesto por el l\u00edder socialista, Pedro S\u00e1nchez, cuenta con la rubrica de PP, PSOE, Ciudadanos, Uni\u00f3n del Pueblo Navarro y Coalici\u00f3n Canaria.<\/p>\n<p>Garc\u00eda-Margallo ha exigido que esta contradicci\u00f3n en las tesis del PSOE y Podemos sobre la lucha contra el terrorismo yihadista se aclare en un eventual debate de investidura de Pedro S\u00e1nchez para conformar un gobierno que contase con el apoyo del partido de Iglesias.<\/p>\n<p>La principal contribuci\u00f3n de Espa\u00f1a en la Coalici\u00f3n internacional anti DAESH consiste en el env\u00edo de unos 300 militares a Irak que est\u00e1n adiestrando desde enero de 2015 al ej\u00e9rcito iraqu\u00ed que combate al Estado Isl\u00e1mico, que ha instaurado un califato en parte del territorio iraqu\u00ed, que se extiende tambi\u00e9n a Siria. Otros pa\u00edses de la coalici\u00f3n como Estados Unidos, Francia y Reino Unido participan en bombardeos contra posiciones de DAESH.<\/p>\n","protected":false},"excerpt":{"rendered":"<p>El ministro de Asuntos Exteriores y de Cooperaci\u00f3n , Jos\u00e9 Manuel Garc\u00eda-Margallo, se ha reafirmado este jueves en las dudas que tiene acerca del compromiso en materia de lucha contra el terrorismo yihadista que mantendr\u00eda un posible gobierno de coalici\u00f3n entre el PSOE y Podemos y que tanto malestar han generado en los socialistas, que [&hellip;]<\/p>\n","protected":false},"author":1,"featured_media":853803,"comment_status":"closed","ping_status":"closed","sticky":false,"template":"","format":"standard","meta":{"footnotes":""},"categories":[1],"tags":[],"class_list":["post-853802","post","type-post","status-publish","format-standard","has-post-thumbnail","hentry","category-actualidad"],"aioseo_notices":[],"aioseo_head":"\n\t\t<!-- All in One SEO Pro 4.9.6.2 - aioseo.com -->\n\t<meta name=\"description\" content=\"El ministro de Asuntos Exteriores y de Cooperaci\u00f3n , Jos\u00e9 Manuel Garc\u00eda-Margallo, se ha reafirmado este jueves en las dudas que tiene acerca del compromiso en materia de lucha contra el terrorismo yihadista que mantendr\u00eda un posible gobierno de coalici\u00f3n entre el PSOE y Podemos y que tanto malestar han generado en los socialistas, que\" \/>\n\t<meta name=\"robots\" content=\"max-image-preview:large\" \/>\n\t<meta name=\"author\" content=\"El Digital de Asturias\"\/>\n\t<meta name=\"google-site-verification\" content=\"UA-38556648-1\" \/>\n\t<meta name=\"msvalidate.01\" content=\"7dfe9f3f1b24437ab69f4f2559babe99\" \/>\n\t<meta name=\"keywords\" content=\"actualidad\" \/>\n\t<link rel=\"canonical\" href=\"https:\/\/www.eldigitaldeasturias.com\/noticias\/margallo-ratifica-sus-dudas-sobre-la-lucha-antiyihadista-de-un-gobierno-psoe-podemos\/\" \/>\n\t<meta name=\"generator\" content=\"All in One SEO Pro (AIOSEO) 4.9.6.2\" \/>\n\t\t<meta property=\"og:locale\" content=\"es_ES\" \/>\n\t\t<meta property=\"og:site_name\" content=\"El Digital de Asturias\" \/>\n\t\t<meta property=\"og:type\" content=\"article\" \/>\n\t\t<meta property=\"og:title\" content=\"Margallo ratifica sus dudas sobre la lucha antiyihadista de un gobierno PSOE-Podemos - El Digital de Asturias\" \/>\n\t\t<meta property=\"og:description\" content=\"El ministro de Asuntos Exteriores y de Cooperaci\u00f3n , Jos\u00e9 Manuel Garc\u00eda-Margallo, se ha reafirmado este jueves en las dudas que tiene acerca del compromiso en materia de lucha contra el terrorismo yihadista que mantendr\u00eda un posible gobierno de coalici\u00f3n entre el PSOE y Podemos y que tanto malestar han generado en los socialistas, que\" \/>\n\t\t<meta property=\"og:url\" content=\"https:\/\/www.eldigitaldeasturias.com\/noticias\/margallo-ratifica-sus-dudas-sobre-la-lucha-antiyihadista-de-un-gobierno-psoe-podemos\/\" \/>\n\t\t<meta property=\"og:image\" content=\"https:\/\/www.eldigitaldeasturias.com\/noticias\/wp-content\/uploads\/2016\/02\/fotonoticia_20160204141420_800.jpg\" \/>\n\t\t<meta property=\"og:image:secure_url\" content=\"https:\/\/www.eldigitaldeasturias.com\/noticias\/wp-content\/uploads\/2016\/02\/fotonoticia_20160204141420_800.jpg\" \/>\n\t\t<meta property=\"og:image:width\" content=\"800\" \/>\n\t\t<meta property=\"og:image:height\" content=\"1200\" \/>\n\t\t<meta property=\"article:tag\" content=\"actualidad\" \/>\n\t\t<meta property=\"article:published_time\" content=\"2016-02-04T16:17:44+00:00\" \/>\n\t\t<meta property=\"article:modified_time\" content=\"2016-02-04T16:17:44+00:00\" \/>\n\t\t<meta property=\"article:publisher\" content=\"https:\/\/facebook.com\/eldigitaldeasturias\" \/>\n\t\t<meta name=\"twitter:card\" content=\"summary_large_image\" \/>\n\t\t<meta name=\"twitter:title\" content=\"Margallo ratifica sus dudas sobre la lucha antiyihadista de un gobierno PSOE-Podemos - El Digital de Asturias\" \/>\n\t\t<meta name=\"twitter:description\" content=\"El ministro de Asuntos Exteriores y de Cooperaci\u00f3n , Jos\u00e9 Manuel Garc\u00eda-Margallo, se ha reafirmado este jueves en las dudas que tiene acerca del compromiso en materia de lucha contra el terrorismo yihadista que mantendr\u00eda un posible gobierno de coalici\u00f3n entre el PSOE y Podemos y que tanto malestar han generado en los socialistas, que\" \/>\n\t\t<meta name=\"twitter:image\" content=\"https:\/\/www.eldigitaldeasturias.com\/noticias\/wp-content\/uploads\/2016\/02\/fotonoticia_20160204141420_800.jpg\" \/>\n\t\t<meta name=\"twitter:label1\" content=\"Escrito por\" \/>\n\t\t<meta name=\"twitter:data1\" content=\"El Digital de Asturias\" \/>\n\t\t<meta name=\"twitter:label2\" content=\"Tiempo de lectura estimado\" \/>\n\t\t<meta name=\"twitter:data2\" content=\"3 minutos\" \/>\n\t\t<script type=\"application\/ld+json\" class=\"aioseo-schema\">\n\t\t\t{\"@context\":\"https:\\\/\\\/schema.org\",\"@graph\":[{\"@type\":\"BlogPosting\",\"@id\":\"https:\\\/\\\/www.eldigitaldeasturias.com\\\/noticias\\\/margallo-ratifica-sus-dudas-sobre-la-lucha-antiyihadista-de-un-gobierno-psoe-podemos\\\/#blogposting\",\"name\":\"Margallo ratifica sus dudas sobre la lucha antiyihadista de un gobierno PSOE-Podemos - El Digital de Asturias\",\"headline\":\"Margallo ratifica sus dudas sobre la lucha antiyihadista de un gobierno PSOE-Podemos\",\"author\":{\"@id\":\"https:\\\/\\\/www.eldigitaldeasturias.com\\\/noticias\\\/author\\\/admin\\\/#author\"},\"publisher\":{\"@id\":\"https:\\\/\\\/www.eldigitaldeasturias.com\\\/noticias\\\/#organization\"},\"image\":{\"@type\":\"ImageObject\",\"url\":\"https:\\\/\\\/www.eldigitaldeasturias.com\\\/noticias\\\/wp-content\\\/uploads\\\/2016\\\/02\\\/fotonoticia_20160204141420_800.jpg\",\"width\":800,\"height\":1200},\"datePublished\":\"2016-02-04T16:17:44+01:00\",\"dateModified\":\"2016-02-04T16:17:44+01:00\",\"inLanguage\":\"es-ES\",\"mainEntityOfPage\":{\"@id\":\"https:\\\/\\\/www.eldigitaldeasturias.com\\\/noticias\\\/margallo-ratifica-sus-dudas-sobre-la-lucha-antiyihadista-de-un-gobierno-psoe-podemos\\\/#webpage\"},\"isPartOf\":{\"@id\":\"https:\\\/\\\/www.eldigitaldeasturias.com\\\/noticias\\\/margallo-ratifica-sus-dudas-sobre-la-lucha-antiyihadista-de-un-gobierno-psoe-podemos\\\/#webpage\"},\"articleSection\":\"Actualidad\"},{\"@type\":\"BreadcrumbList\",\"@id\":\"https:\\\/\\\/www.eldigitaldeasturias.com\\\/noticias\\\/margallo-ratifica-sus-dudas-sobre-la-lucha-antiyihadista-de-un-gobierno-psoe-podemos\\\/#breadcrumblist\",\"itemListElement\":[{\"@type\":\"ListItem\",\"@id\":\"https:\\\/\\\/www.eldigitaldeasturias.com\\\/noticias#listItem\",\"position\":1,\"name\":\"Home\",\"item\":\"https:\\\/\\\/www.eldigitaldeasturias.com\\\/noticias\",\"nextItem\":{\"@type\":\"ListItem\",\"@id\":\"https:\\\/\\\/www.eldigitaldeasturias.com\\\/noticias\\\/category\\\/actualidad\\\/#listItem\",\"name\":\"Actualidad\"}},{\"@type\":\"ListItem\",\"@id\":\"https:\\\/\\\/www.eldigitaldeasturias.com\\\/noticias\\\/category\\\/actualidad\\\/#listItem\",\"position\":2,\"name\":\"Actualidad\",\"item\":\"https:\\\/\\\/www.eldigitaldeasturias.com\\\/noticias\\\/category\\\/actualidad\\\/\",\"nextItem\":{\"@type\":\"ListItem\",\"@id\":\"https:\\\/\\\/www.eldigitaldeasturias.com\\\/noticias\\\/margallo-ratifica-sus-dudas-sobre-la-lucha-antiyihadista-de-un-gobierno-psoe-podemos\\\/#listItem\",\"name\":\"Margallo ratifica sus dudas sobre la lucha antiyihadista de un gobierno PSOE-Podemos\"},\"previousItem\":{\"@type\":\"ListItem\",\"@id\":\"https:\\\/\\\/www.eldigitaldeasturias.com\\\/noticias#listItem\",\"name\":\"Home\"}},{\"@type\":\"ListItem\",\"@id\":\"https:\\\/\\\/www.eldigitaldeasturias.com\\\/noticias\\\/margallo-ratifica-sus-dudas-sobre-la-lucha-antiyihadista-de-un-gobierno-psoe-podemos\\\/#listItem\",\"position\":3,\"name\":\"Margallo ratifica sus dudas sobre la lucha antiyihadista de un gobierno PSOE-Podemos\",\"previousItem\":{\"@type\":\"ListItem\",\"@id\":\"https:\\\/\\\/www.eldigitaldeasturias.com\\\/noticias\\\/category\\\/actualidad\\\/#listItem\",\"name\":\"Actualidad\"}}]},{\"@type\":\"Organization\",\"@id\":\"https:\\\/\\\/www.eldigitaldeasturias.com\\\/noticias\\\/#organization\",\"name\":\"El Digital de Asturias\",\"description\":\"Hemeroteca\",\"url\":\"https:\\\/\\\/www.eldigitaldeasturias.com\\\/noticias\\\/\",\"email\":\"info@eldigitaldeasturias.com\",\"telephone\":\"+34652131393\",\"logo\":{\"@type\":\"ImageObject\",\"url\":\"https:\\\/\\\/www.eldigitaldeasturias.com\\\/noticias\\\/wp-content\\\/uploads\\\/2020\\\/12\\\/EDA.jpg\",\"@id\":\"https:\\\/\\\/www.eldigitaldeasturias.com\\\/noticias\\\/margallo-ratifica-sus-dudas-sobre-la-lucha-antiyihadista-de-un-gobierno-psoe-podemos\\\/#organizationLogo\",\"width\":649,\"height\":297},\"image\":{\"@id\":\"https:\\\/\\\/www.eldigitaldeasturias.com\\\/noticias\\\/margallo-ratifica-sus-dudas-sobre-la-lucha-antiyihadista-de-un-gobierno-psoe-podemos\\\/#organizationLogo\"},\"sameAs\":[\"https:\\\/\\\/facebook.com\\\/eldigitaldeasturias\",\"https:\\\/\\\/www.youtube.com\\\/channel\\\/UCZP-2wLEB9Rv6erhFmqVnvg\"],\"address\":{\"@id\":\"https:\\\/\\\/www.eldigitaldeasturias.com\\\/noticias\\\/#postaladdress\",\"@type\":\"PostalAddress\",\"streetAddress\":\"san antonio 4,\",\"postalCode\":\"33430\",\"addressLocality\":\"Cand\\u00e1s\",\"addressRegion\":\"Asturias\",\"addressCountry\":\"ES\"}},{\"@type\":\"Person\",\"@id\":\"https:\\\/\\\/www.eldigitaldeasturias.com\\\/noticias\\\/author\\\/admin\\\/#author\",\"url\":\"https:\\\/\\\/www.eldigitaldeasturias.com\\\/noticias\\\/author\\\/admin\\\/\",\"name\":\"El Digital de Asturias\",\"image\":{\"@type\":\"ImageObject\",\"@id\":\"https:\\\/\\\/www.eldigitaldeasturias.com\\\/noticias\\\/margallo-ratifica-sus-dudas-sobre-la-lucha-antiyihadista-de-un-gobierno-psoe-podemos\\\/#authorImage\",\"url\":\"https:\\\/\\\/www.eldigitaldeasturias.com\\\/noticias\\\/wp-content\\\/litespeed\\\/avatar\\\/18677e78aa0546b92d9dbf31ec7d7668.jpg?ver=1777290358\",\"width\":96,\"height\":96,\"caption\":\"El Digital de Asturias\"}},{\"@type\":\"WebPage\",\"@id\":\"https:\\\/\\\/www.eldigitaldeasturias.com\\\/noticias\\\/margallo-ratifica-sus-dudas-sobre-la-lucha-antiyihadista-de-un-gobierno-psoe-podemos\\\/#webpage\",\"url\":\"https:\\\/\\\/www.eldigitaldeasturias.com\\\/noticias\\\/margallo-ratifica-sus-dudas-sobre-la-lucha-antiyihadista-de-un-gobierno-psoe-podemos\\\/\",\"name\":\"Margallo ratifica sus dudas sobre la lucha antiyihadista de un gobierno PSOE-Podemos - El Digital de Asturias\",\"description\":\"El ministro de Asuntos Exteriores y de Cooperaci\\u00f3n , Jos\\u00e9 Manuel Garc\\u00eda-Margallo, se ha reafirmado este jueves en las dudas que tiene acerca del compromiso en materia de lucha contra el terrorismo yihadista que mantendr\\u00eda un posible gobierno de coalici\\u00f3n entre el PSOE y Podemos y que tanto malestar han generado en los socialistas, que\",\"inLanguage\":\"es-ES\",\"isPartOf\":{\"@id\":\"https:\\\/\\\/www.eldigitaldeasturias.com\\\/noticias\\\/#website\"},\"breadcrumb\":{\"@id\":\"https:\\\/\\\/www.eldigitaldeasturias.com\\\/noticias\\\/margallo-ratifica-sus-dudas-sobre-la-lucha-antiyihadista-de-un-gobierno-psoe-podemos\\\/#breadcrumblist\"},\"author\":{\"@id\":\"https:\\\/\\\/www.eldigitaldeasturias.com\\\/noticias\\\/author\\\/admin\\\/#author\"},\"creator\":{\"@id\":\"https:\\\/\\\/www.eldigitaldeasturias.com\\\/noticias\\\/author\\\/admin\\\/#author\"},\"image\":{\"@type\":\"ImageObject\",\"url\":\"https:\\\/\\\/www.eldigitaldeasturias.com\\\/noticias\\\/wp-content\\\/uploads\\\/2016\\\/02\\\/fotonoticia_20160204141420_800.jpg\",\"@id\":\"https:\\\/\\\/www.eldigitaldeasturias.com\\\/noticias\\\/margallo-ratifica-sus-dudas-sobre-la-lucha-antiyihadista-de-un-gobierno-psoe-podemos\\\/#mainImage\",\"width\":800,\"height\":1200},\"primaryImageOfPage\":{\"@id\":\"https:\\\/\\\/www.eldigitaldeasturias.com\\\/noticias\\\/margallo-ratifica-sus-dudas-sobre-la-lucha-antiyihadista-de-un-gobierno-psoe-podemos\\\/#mainImage\"},\"datePublished\":\"2016-02-04T16:17:44+01:00\",\"dateModified\":\"2016-02-04T16:17:44+01:00\"},{\"@type\":\"WebSite\",\"@id\":\"https:\\\/\\\/www.eldigitaldeasturias.com\\\/noticias\\\/#website\",\"url\":\"https:\\\/\\\/www.eldigitaldeasturias.com\\\/noticias\\\/\",\"name\":\"El Digital de Asturias - Diario de actualidad y noticias\",\"alternateName\":\"El Digital de Asturias - Diario de actualidad y noticias\",\"description\":\"Hemeroteca\",\"inLanguage\":\"es-ES\",\"publisher\":{\"@id\":\"https:\\\/\\\/www.eldigitaldeasturias.com\\\/noticias\\\/#organization\"}}]}\n\t\t<\/script>\n\t\t<!-- All in One SEO Pro -->\r\n\t\t<title>Margallo ratifica sus dudas sobre la lucha antiyihadista de un gobierno PSOE-Podemos - El Digital de Asturias<\/title>\n\n","aioseo_head_json":{"title":"Margallo ratifica sus dudas sobre la lucha antiyihadista de un gobierno PSOE-Podemos - El Digital de Asturias","description":"El ministro de Asuntos Exteriores y de Cooperaci\u00f3n , Jos\u00e9 Manuel Garc\u00eda-Margallo, se ha reafirmado este jueves en las dudas que tiene acerca del compromiso en materia de lucha contra el terrorismo yihadista que mantendr\u00eda un posible gobierno de coalici\u00f3n entre el PSOE y Podemos y que tanto malestar han generado en los socialistas, que","canonical_url":"https:\/\/www.eldigitaldeasturias.com\/noticias\/margallo-ratifica-sus-dudas-sobre-la-lucha-antiyihadista-de-un-gobierno-psoe-podemos\/","robots":"max-image-preview:large","keywords":"actualidad","webmasterTools":{"google-site-verification":"UA-38556648-1","msvalidate.01":"7dfe9f3f1b24437ab69f4f2559babe99","miscellaneous":""},"schema":{"@context":"https:\/\/schema.org","@graph":[{"@type":"BlogPosting","@id":"https:\/\/www.eldigitaldeasturias.com\/noticias\/margallo-ratifica-sus-dudas-sobre-la-lucha-antiyihadista-de-un-gobierno-psoe-podemos\/#blogposting","name":"Margallo ratifica sus dudas sobre la lucha antiyihadista de un gobierno PSOE-Podemos - El Digital de Asturias","headline":"Margallo ratifica sus dudas sobre la lucha antiyihadista de un gobierno PSOE-Podemos","author":{"@id":"https:\/\/www.eldigitaldeasturias.com\/noticias\/author\/admin\/#author"},"publisher":{"@id":"https:\/\/www.eldigitaldeasturias.com\/noticias\/#organization"},"image":{"@type":"ImageObject","url":"https:\/\/www.eldigitaldeasturias.com\/noticias\/wp-content\/uploads\/2016\/02\/fotonoticia_20160204141420_800.jpg","width":800,"height":1200},"datePublished":"2016-02-04T16:17:44+01:00","dateModified":"2016-02-04T16:17:44+01:00","inLanguage":"es-ES","mainEntityOfPage":{"@id":"https:\/\/www.eldigitaldeasturias.com\/noticias\/margallo-ratifica-sus-dudas-sobre-la-lucha-antiyihadista-de-un-gobierno-psoe-podemos\/#webpage"},"isPartOf":{"@id":"https:\/\/www.eldigitaldeasturias.com\/noticias\/margallo-ratifica-sus-dudas-sobre-la-lucha-antiyihadista-de-un-gobierno-psoe-podemos\/#webpage"},"articleSection":"Actualidad"},{"@type":"BreadcrumbList","@id":"https:\/\/www.eldigitaldeasturias.com\/noticias\/margallo-ratifica-sus-dudas-sobre-la-lucha-antiyihadista-de-un-gobierno-psoe-podemos\/#breadcrumblist","itemListElement":[{"@type":"ListItem","@id":"https:\/\/www.eldigitaldeasturias.com\/noticias#listItem","position":1,"name":"Home","item":"https:\/\/www.eldigitaldeasturias.com\/noticias","nextItem":{"@type":"ListItem","@id":"https:\/\/www.eldigitaldeasturias.com\/noticias\/category\/actualidad\/#listItem","name":"Actualidad"}},{"@type":"ListItem","@id":"https:\/\/www.eldigitaldeasturias.com\/noticias\/category\/actualidad\/#listItem","position":2,"name":"Actualidad","item":"https:\/\/www.eldigitaldeasturias.com\/noticias\/category\/actualidad\/","nextItem":{"@type":"ListItem","@id":"https:\/\/www.eldigitaldeasturias.com\/noticias\/margallo-ratifica-sus-dudas-sobre-la-lucha-antiyihadista-de-un-gobierno-psoe-podemos\/#listItem","name":"Margallo ratifica sus dudas sobre la lucha antiyihadista de un gobierno PSOE-Podemos"},"previousItem":{"@type":"ListItem","@id":"https:\/\/www.eldigitaldeasturias.com\/noticias#listItem","name":"Home"}},{"@type":"ListItem","@id":"https:\/\/www.eldigitaldeasturias.com\/noticias\/margallo-ratifica-sus-dudas-sobre-la-lucha-antiyihadista-de-un-gobierno-psoe-podemos\/#listItem","position":3,"name":"Margallo ratifica sus dudas sobre la lucha antiyihadista de un gobierno PSOE-Podemos","previousItem":{"@type":"ListItem","@id":"https:\/\/www.eldigitaldeasturias.com\/noticias\/category\/actualidad\/#listItem","name":"Actualidad"}}]},{"@type":"Organization","@id":"https:\/\/www.eldigitaldeasturias.com\/noticias\/#organization","name":"El Digital de Asturias","description":"Hemeroteca","url":"https:\/\/www.eldigitaldeasturias.com\/noticias\/","email":"info@eldigitaldeasturias.com","telephone":"+34652131393","logo":{"@type":"ImageObject","url":"https:\/\/www.eldigitaldeasturias.com\/noticias\/wp-content\/uploads\/2020\/12\/EDA.jpg","@id":"https:\/\/www.eldigitaldeasturias.com\/noticias\/margallo-ratifica-sus-dudas-sobre-la-lucha-antiyihadista-de-un-gobierno-psoe-podemos\/#organizationLogo","width":649,"height":297},"image":{"@id":"https:\/\/www.eldigitaldeasturias.com\/noticias\/margallo-ratifica-sus-dudas-sobre-la-lucha-antiyihadista-de-un-gobierno-psoe-podemos\/#organizationLogo"},"sameAs":["https:\/\/facebook.com\/eldigitaldeasturias","https:\/\/www.youtube.com\/channel\/UCZP-2wLEB9Rv6erhFmqVnvg"],"address":{"@id":"https:\/\/www.eldigitaldeasturias.com\/noticias\/#postaladdress","@type":"PostalAddress","streetAddress":"san antonio 4,","postalCode":"33430","addressLocality":"Cand\u00e1s","addressRegion":"Asturias","addressCountry":"ES"}},{"@type":"Person","@id":"https:\/\/www.eldigitaldeasturias.com\/noticias\/author\/admin\/#author","url":"https:\/\/www.eldigitaldeasturias.com\/noticias\/author\/admin\/","name":"El Digital de Asturias","image":{"@type":"ImageObject","@id":"https:\/\/www.eldigitaldeasturias.com\/noticias\/margallo-ratifica-sus-dudas-sobre-la-lucha-antiyihadista-de-un-gobierno-psoe-podemos\/#authorImage","url":"https:\/\/www.eldigitaldeasturias.com\/noticias\/wp-content\/litespeed\/avatar\/18677e78aa0546b92d9dbf31ec7d7668.jpg?ver=1777290358","width":96,"height":96,"caption":"El Digital de Asturias"}},{"@type":"WebPage","@id":"https:\/\/www.eldigitaldeasturias.com\/noticias\/margallo-ratifica-sus-dudas-sobre-la-lucha-antiyihadista-de-un-gobierno-psoe-podemos\/#webpage","url":"https:\/\/www.eldigitaldeasturias.com\/noticias\/margallo-ratifica-sus-dudas-sobre-la-lucha-antiyihadista-de-un-gobierno-psoe-podemos\/","name":"Margallo ratifica sus dudas sobre la lucha antiyihadista de un gobierno PSOE-Podemos - El Digital de Asturias","description":"El ministro de Asuntos Exteriores y de Cooperaci\u00f3n , Jos\u00e9 Manuel Garc\u00eda-Margallo, se ha reafirmado este jueves en las dudas que tiene acerca del compromiso en materia de lucha contra el terrorismo yihadista que mantendr\u00eda un posible gobierno de coalici\u00f3n entre el PSOE y Podemos y que tanto malestar han generado en los socialistas, que","inLanguage":"es-ES","isPartOf":{"@id":"https:\/\/www.eldigitaldeasturias.com\/noticias\/#website"},"breadcrumb":{"@id":"https:\/\/www.eldigitaldeasturias.com\/noticias\/margallo-ratifica-sus-dudas-sobre-la-lucha-antiyihadista-de-un-gobierno-psoe-podemos\/#breadcrumblist"},"author":{"@id":"https:\/\/www.eldigitaldeasturias.com\/noticias\/author\/admin\/#author"},"creator":{"@id":"https:\/\/www.eldigitaldeasturias.com\/noticias\/author\/admin\/#author"},"image":{"@type":"ImageObject","url":"https:\/\/www.eldigitaldeasturias.com\/noticias\/wp-content\/uploads\/2016\/02\/fotonoticia_20160204141420_800.jpg","@id":"https:\/\/www.eldigitaldeasturias.com\/noticias\/margallo-ratifica-sus-dudas-sobre-la-lucha-antiyihadista-de-un-gobierno-psoe-podemos\/#mainImage","width":800,"height":1200},"primaryImageOfPage":{"@id":"https:\/\/www.eldigitaldeasturias.com\/noticias\/margallo-ratifica-sus-dudas-sobre-la-lucha-antiyihadista-de-un-gobierno-psoe-podemos\/#mainImage"},"datePublished":"2016-02-04T16:17:44+01:00","dateModified":"2016-02-04T16:17:44+01:00"},{"@type":"WebSite","@id":"https:\/\/www.eldigitaldeasturias.com\/noticias\/#website","url":"https:\/\/www.eldigitaldeasturias.com\/noticias\/","name":"El Digital de Asturias - Diario de actualidad y noticias","alternateName":"El Digital de Asturias - Diario de actualidad y noticias","description":"Hemeroteca","inLanguage":"es-ES","publisher":{"@id":"https:\/\/www.eldigitaldeasturias.com\/noticias\/#organization"}}]},"og:locale":"es_ES","og:site_name":"El Digital de Asturias","og:type":"article","og:title":"Margallo ratifica sus dudas sobre la lucha antiyihadista de un gobierno PSOE-Podemos - El Digital de Asturias","og:description":"El ministro de Asuntos Exteriores y de Cooperaci\u00f3n , Jos\u00e9 Manuel Garc\u00eda-Margallo, se ha reafirmado este jueves en las dudas que tiene acerca del compromiso en materia de lucha contra el terrorismo yihadista que mantendr\u00eda un posible gobierno de coalici\u00f3n entre el PSOE y Podemos y que tanto malestar han generado en los socialistas, que","og:url":"https:\/\/www.eldigitaldeasturias.com\/noticias\/margallo-ratifica-sus-dudas-sobre-la-lucha-antiyihadista-de-un-gobierno-psoe-podemos\/","og:image":"https:\/\/www.eldigitaldeasturias.com\/noticias\/wp-content\/uploads\/2016\/02\/fotonoticia_20160204141420_800.jpg","og:image:secure_url":"https:\/\/www.eldigitaldeasturias.com\/noticias\/wp-content\/uploads\/2016\/02\/fotonoticia_20160204141420_800.jpg","og:image:width":800,"og:image:height":1200,"article:tag":["actualidad"],"article:published_time":"2016-02-04T16:17:44+00:00","article:modified_time":"2016-02-04T16:17:44+00:00","article:publisher":"https:\/\/facebook.com\/eldigitaldeasturias","twitter:card":"summary_large_image","twitter:title":"Margallo ratifica sus dudas sobre la lucha antiyihadista de un gobierno PSOE-Podemos - El Digital de Asturias","twitter:description":"El ministro de Asuntos Exteriores y de Cooperaci\u00f3n , Jos\u00e9 Manuel Garc\u00eda-Margallo, se ha reafirmado este jueves en las dudas que tiene acerca del compromiso en materia de lucha contra el terrorismo yihadista que mantendr\u00eda un posible gobierno de coalici\u00f3n entre el PSOE y Podemos y que tanto malestar han generado en los socialistas, que","twitter:image":"https:\/\/www.eldigitaldeasturias.com\/noticias\/wp-content\/uploads\/2016\/02\/fotonoticia_20160204141420_800.jpg","twitter:label1":"Escrito por","twitter:data1":"El Digital de Asturias","twitter:label2":"Tiempo de lectura estimado","twitter:data2":"3 minutos"},"aioseo_meta_data":{"post_id":"853802","title":null,"description":null,"keywords":null,"keyphrases":null,"primary_term":null,"canonical_url":null,"og_title":null,"og_description":null,"og_object_type":"default","og_image_type":"default","og_image_url":null,"og_image_width":null,"og_image_height":null,"og_image_custom_url":null,"og_image_custom_fields":null,"og_video":null,"og_custom_url":null,"og_article_section":null,"og_article_tags":null,"twitter_use_og":false,"twitter_card":"default","twitter_image_type":"default","twitter_image_url":null,"twitter_image_custom_url":null,"twitter_image_custom_fields":null,"twitter_title":null,"twitter_description":null,"schema":{"blockGraphs":[],"customGraphs":[],"default":{"data":{"Article":[],"Course":[],"Dataset":[],"FAQPage":[],"Movie":[],"Person":[],"Product":[],"ProductReview":[],"Car":[],"Recipe":[],"Service":[],"SoftwareApplication":[],"WebPage":[]},"graphName":"","isEnabled":true},"graphs":[],"defaultGraph":"","defaultPostTypeGraph":""},"schema_type":null,"schema_type_options":null,"pillar_content":false,"robots_default":true,"robots_noindex":false,"robots_noarchive":false,"robots_nosnippet":false,"robots_nofollow":false,"robots_noimageindex":false,"robots_noodp":false,"robots_notranslate":false,"robots_max_snippet":null,"robots_max_videopreview":null,"robots_max_imagepreview":"large","priority":null,"frequency":null,"local_seo":null,"seo_analyzer_scan_date":"2025-12-09 19:18:13","breadcrumb_settings":null,"limit_modified_date":false,"open_ai":null,"ai":null,"created":"2021-01-23 14:11:18","updated":"2025-12-09 19:18:13"},"aioseo_breadcrumb":"<div class=\"aioseo-breadcrumbs\"><span class=\"aioseo-breadcrumb\">\n\t<a href=\"https:\/\/www.eldigitaldeasturias.com\/noticias\" title=\"Home\">Home<\/a>\n<\/span><span class=\"aioseo-breadcrumb-separator\">\u2013<\/span><span class=\"aioseo-breadcrumb\">\n\t<a href=\"https:\/\/www.eldigitaldeasturias.com\/noticias\/category\/actualidad\/\" title=\"Actualidad\">Actualidad<\/a>\n<\/span><span class=\"aioseo-breadcrumb-separator\">\u2013<\/span><span class=\"aioseo-breadcrumb\">\n\t<a href=\"https:\/\/www.eldigitaldeasturias.com\/noticias\/margallo-ratifica-sus-dudas-sobre-la-lucha-antiyihadista-de-un-gobierno-psoe-podemos\/\" title=\"Margallo ratifica sus dudas sobre la lucha antiyihadista de un gobierno PSOE-Podemos\">Margallo ratifica sus dudas sobre la lucha antiyihadista de un gobierno PSOE-Podemos<\/a>\n<\/span><\/div>","aioseo_breadcrumb_json":[{"label":"Home","link":"https:\/\/www.eldigitaldeasturias.com\/noticias"},{"label":"Actualidad","link":"https:\/\/www.eldigitaldeasturias.com\/noticias\/category\/actualidad\/"},{"label":"Margallo ratifica sus dudas sobre la lucha antiyihadista de un gobierno PSOE-Podemos","link":"https:\/\/www.eldigitaldeasturias.com\/noticias\/margallo-ratifica-sus-dudas-sobre-la-lucha-antiyihadista-de-un-gobierno-psoe-podemos\/"}],"_links":{"self":[{"href":"https:\/\/www.eldigitaldeasturias.com\/noticias\/wp-json\/wp\/v2\/posts\/853802","targetHints":{"allow":["GET"]}}],"collection":[{"href":"https:\/\/www.eldigitaldeasturias.com\/noticias\/wp-json\/wp\/v2\/posts"}],"about":[{"href":"https:\/\/www.eldigitaldeasturias.com\/noticias\/wp-json\/wp\/v2\/types\/post"}],"author":[{"embeddable":true,"href":"https:\/\/www.eldigitaldeasturias.com\/noticias\/wp-json\/wp\/v2\/users\/1"}],"replies":[{"embeddable":true,"href":"https:\/\/www.eldigitaldeasturias.com\/noticias\/wp-json\/wp\/v2\/comments?post=853802"}],"version-history":[{"count":0,"href":"https:\/\/www.eldigitaldeasturias.com\/noticias\/wp-json\/wp\/v2\/posts\/853802\/revisions"}],"wp:featuredmedia":[{"embeddable":true,"href":"https:\/\/www.eldigitaldeasturias.com\/noticias\/wp-json\/wp\/v2\/media\/853803"}],"wp:attachment":[{"href":"https:\/\/www.eldigitaldeasturias.com\/noticias\/wp-json\/wp\/v2\/media?parent=853802"}],"wp:term":[{"taxonomy":"category","embeddable":true,"href":"https:\/\/www.eldigitaldeasturias.com\/noticias\/wp-json\/wp\/v2\/categories?post=853802"},{"taxonomy":"post_tag","embeddable":true,"href":"https:\/\/www.eldigitaldeasturias.com\/noticias\/wp-json\/wp\/v2\/tags?post=853802"}],"curies":[{"name":"wp","href":"https:\/\/api.w.org\/{rel}","templated":true}]}}