{"id":853799,"date":"2016-02-04T16:16:08","date_gmt":"2016-02-04T16:16:08","guid":{"rendered":"http:\/\/www.eldigitaldeasturias.com\/noticias\/?p=853799"},"modified":"2016-02-04T16:16:08","modified_gmt":"2016-02-04T16:16:08","slug":"albert-rivera-analiza-el-ultimo-barometro-del-cis","status":"publish","type":"post","link":"https:\/\/www.eldigitaldeasturias.com\/noticias\/albert-rivera-analiza-el-ultimo-barometro-del-cis\/","title":{"rendered":"Albert Rivera analiza el \u00faltimo bar\u00f3metro del CIS"},"content":{"rendered":"<p><img loading=\"lazy\" decoding=\"async\" class=\"alignleft size-medium wp-image-853800\" src=\"https:\/\/www.eldigitaldeasturias.com\/noticias\/wp-content\/uploads\/2016\/02\/fotonoticia_20160204141033_800-360x240.jpg\" alt=\"fotonoticia_20160204141033_800\" width=\"360\" height=\"240\" srcset=\"https:\/\/www.eldigitaldeasturias.com\/noticias\/wp-content\/uploads\/2016\/02\/fotonoticia_20160204141033_800-360x240.jpg 360w, https:\/\/www.eldigitaldeasturias.com\/noticias\/wp-content\/uploads\/2016\/02\/fotonoticia_20160204141033_800-768x513.jpg 768w, https:\/\/www.eldigitaldeasturias.com\/noticias\/wp-content\/uploads\/2016\/02\/fotonoticia_20160204141033_800-650x434.jpg 650w, https:\/\/www.eldigitaldeasturias.com\/noticias\/wp-content\/uploads\/2016\/02\/fotonoticia_20160204141033_800-84x55.jpg 84w, https:\/\/www.eldigitaldeasturias.com\/noticias\/wp-content\/uploads\/2016\/02\/fotonoticia_20160204141033_800-49x32.jpg 49w, https:\/\/www.eldigitaldeasturias.com\/noticias\/wp-content\/uploads\/2016\/02\/fotonoticia_20160204141033_800.jpg 800w\" sizes=\"auto, (max-width: 360px) 100vw, 360px\" \/>El presidente de Ciudadanos, Albert Rivera, ha afirmado este jueves que el \u00faltimo bar\u00f3metro del Centro de Investigaciones Sociol\u00f3gicas (CIS) muestra que el mapa pol\u00edtico \u00abpr\u00e1cticamente no cambia\u00bb si se convocan nuevas elecciones y, por tanto, no se puede decir a los espa\u00f1oles que se equivocaron al votar lo que votaron el pasado 20 de diciembre.<\/p>\n<p>\u00abNo le podemos decir a los espa\u00f1oles &#8216;Os hab\u00e9is equivocado votando'\u00bb, ha declarado en rueda de prensa en el Congreso de los Diputados. Seg\u00fan el CIS, el PP volver\u00eda a ganar los comicios casi con el mismo porcentaje que en diciembre, con un 28,8% de los votos, y el PSOE caer\u00eda 1,5 puntos, hasta el 20,5%, lo que har\u00eda que Podemos y sus confluencias lo superaran al obtener un 21,9%, mientras que C&#8217;s bajar\u00eda del 13,3 al 13,2%.<\/p>\n<p>As\u00ed las cosas, Rivera considera que el debate no debe ser si un partido tiene \u00abun esca\u00f1o m\u00e1s o un esca\u00f1o menos\u00bb, ya que cualquier resultado electoral obligar\u00e1 a las distintas fuerzas a llegar a acuerdos.<\/p>\n<p>Seg\u00fan el l\u00edder de la formaci\u00f3n naranja, el mensaje de las urnas para los \u00abviejos partidos\u00bb es que \u00abse acab\u00f3 una forma de entender la pol\u00edtica de trincheras, la corrupci\u00f3n, la desigualdad y el no hacer reformas en el marco pol\u00edtico y democr\u00e1tico\u00bb. Y a los nuevos les han dicho que pueden ser \u00abdecisivos\u00bb e impulsar cambios pero no pueden \u00abdejar de contar con los viejos partidos\u00bb para ponerse de acuerdo.<\/p>\n<p>Por lo tanto, a \u00ablos que hacen c\u00e1balas electorales\u00bb y creen que repetir las elecciones es \u00abla \u00fanica soluci\u00f3n\u00bb para que se pueda formar un Gobierno, les ha advertido de que esto no ser\u00eda \u00abbueno para Espa\u00f1a\u00bb. Aunque algunos partidos crean que pueden mejorar sus resultados, \u00abhay que abandonar la calculadora electoral\u00bb para \u00abpensar en Espa\u00f1a\u00bb, ha subrayado.<\/p>\n","protected":false},"excerpt":{"rendered":"<p>El presidente de Ciudadanos, Albert Rivera, ha afirmado este jueves que el \u00faltimo bar\u00f3metro del Centro de Investigaciones Sociol\u00f3gicas (CIS) muestra que el mapa pol\u00edtico \u00abpr\u00e1cticamente no cambia\u00bb si se convocan nuevas elecciones y, por tanto, no se puede decir a los espa\u00f1oles que se equivocaron al votar lo que votaron el pasado 20 de [&hellip;]<\/p>\n","protected":false},"author":1,"featured_media":853800,"comment_status":"closed","ping_status":"closed","sticky":false,"template":"","format":"standard","meta":{"footnotes":""},"categories":[1],"tags":[],"class_list":["post-853799","post","type-post","status-publish","format-standard","has-post-thumbnail","hentry","category-actualidad"],"aioseo_notices":[],"aioseo_head":"\n\t\t<!-- All in One SEO Pro 4.9.6.2 - aioseo.com -->\n\t<meta name=\"description\" content=\"El presidente de Ciudadanos, Albert Rivera, ha afirmado este jueves que el \u00faltimo bar\u00f3metro del Centro de Investigaciones Sociol\u00f3gicas (CIS) muestra que el mapa pol\u00edtico &quot;pr\u00e1cticamente no cambia&quot; si se convocan nuevas elecciones y, por tanto, no se puede decir a los espa\u00f1oles que se equivocaron al votar lo que votaron el pasado 20 de\" \/>\n\t<meta name=\"robots\" content=\"max-image-preview:large\" \/>\n\t<meta name=\"author\" content=\"El Digital de Asturias\"\/>\n\t<meta name=\"google-site-verification\" content=\"UA-38556648-1\" \/>\n\t<meta name=\"msvalidate.01\" content=\"7dfe9f3f1b24437ab69f4f2559babe99\" \/>\n\t<meta name=\"keywords\" content=\"actualidad\" \/>\n\t<link rel=\"canonical\" href=\"https:\/\/www.eldigitaldeasturias.com\/noticias\/albert-rivera-analiza-el-ultimo-barometro-del-cis\/\" \/>\n\t<meta name=\"generator\" content=\"All in One SEO Pro (AIOSEO) 4.9.6.2\" \/>\n\t\t<meta property=\"og:locale\" content=\"es_ES\" \/>\n\t\t<meta property=\"og:site_name\" content=\"El Digital de Asturias\" \/>\n\t\t<meta property=\"og:type\" content=\"article\" \/>\n\t\t<meta property=\"og:title\" content=\"Albert Rivera analiza el \u00faltimo bar\u00f3metro del CIS - El Digital de Asturias\" \/>\n\t\t<meta property=\"og:description\" content=\"El presidente de Ciudadanos, Albert Rivera, ha afirmado este jueves que el \u00faltimo bar\u00f3metro del Centro de Investigaciones Sociol\u00f3gicas (CIS) muestra que el mapa pol\u00edtico &quot;pr\u00e1cticamente no cambia&quot; si se convocan nuevas elecciones y, por tanto, no se puede decir a los espa\u00f1oles que se equivocaron al votar lo que votaron el pasado 20 de\" \/>\n\t\t<meta property=\"og:url\" content=\"https:\/\/www.eldigitaldeasturias.com\/noticias\/albert-rivera-analiza-el-ultimo-barometro-del-cis\/\" \/>\n\t\t<meta property=\"og:image\" content=\"https:\/\/www.eldigitaldeasturias.com\/noticias\/wp-content\/uploads\/2016\/02\/fotonoticia_20160204141033_800.jpg\" \/>\n\t\t<meta property=\"og:image:secure_url\" content=\"https:\/\/www.eldigitaldeasturias.com\/noticias\/wp-content\/uploads\/2016\/02\/fotonoticia_20160204141033_800.jpg\" \/>\n\t\t<meta property=\"og:image:width\" content=\"800\" \/>\n\t\t<meta property=\"og:image:height\" content=\"534\" \/>\n\t\t<meta property=\"article:tag\" content=\"actualidad\" \/>\n\t\t<meta property=\"article:published_time\" content=\"2016-02-04T16:16:08+00:00\" \/>\n\t\t<meta property=\"article:modified_time\" content=\"2016-02-04T16:16:08+00:00\" \/>\n\t\t<meta property=\"article:publisher\" content=\"https:\/\/facebook.com\/eldigitaldeasturias\" \/>\n\t\t<meta name=\"twitter:card\" content=\"summary_large_image\" \/>\n\t\t<meta name=\"twitter:title\" content=\"Albert Rivera analiza el \u00faltimo bar\u00f3metro del CIS - El Digital de Asturias\" \/>\n\t\t<meta name=\"twitter:description\" content=\"El presidente de Ciudadanos, Albert Rivera, ha afirmado este jueves que el \u00faltimo bar\u00f3metro del Centro de Investigaciones Sociol\u00f3gicas (CIS) muestra que el mapa pol\u00edtico &quot;pr\u00e1cticamente no cambia&quot; si se convocan nuevas elecciones y, por tanto, no se puede decir a los espa\u00f1oles que se equivocaron al votar lo que votaron el pasado 20 de\" \/>\n\t\t<meta name=\"twitter:image\" content=\"https:\/\/www.eldigitaldeasturias.com\/noticias\/wp-content\/uploads\/2016\/02\/fotonoticia_20160204141033_800.jpg\" \/>\n\t\t<meta name=\"twitter:label1\" content=\"Escrito por\" \/>\n\t\t<meta name=\"twitter:data1\" content=\"El Digital de Asturias\" \/>\n\t\t<meta name=\"twitter:label2\" content=\"Tiempo de lectura estimado\" \/>\n\t\t<meta name=\"twitter:data2\" content=\"2 minutos\" \/>\n\t\t<script type=\"application\/ld+json\" class=\"aioseo-schema\">\n\t\t\t{\"@context\":\"https:\\\/\\\/schema.org\",\"@graph\":[{\"@type\":\"BlogPosting\",\"@id\":\"https:\\\/\\\/www.eldigitaldeasturias.com\\\/noticias\\\/albert-rivera-analiza-el-ultimo-barometro-del-cis\\\/#blogposting\",\"name\":\"Albert Rivera analiza el \\u00faltimo bar\\u00f3metro del CIS - El Digital de Asturias\",\"headline\":\"Albert Rivera analiza el \\u00faltimo bar\\u00f3metro del CIS\",\"author\":{\"@id\":\"https:\\\/\\\/www.eldigitaldeasturias.com\\\/noticias\\\/author\\\/admin\\\/#author\"},\"publisher\":{\"@id\":\"https:\\\/\\\/www.eldigitaldeasturias.com\\\/noticias\\\/#organization\"},\"image\":{\"@type\":\"ImageObject\",\"url\":\"https:\\\/\\\/www.eldigitaldeasturias.com\\\/noticias\\\/wp-content\\\/uploads\\\/2016\\\/02\\\/fotonoticia_20160204141033_800.jpg\",\"width\":800,\"height\":534},\"datePublished\":\"2016-02-04T16:16:08+01:00\",\"dateModified\":\"2016-02-04T16:16:08+01:00\",\"inLanguage\":\"es-ES\",\"mainEntityOfPage\":{\"@id\":\"https:\\\/\\\/www.eldigitaldeasturias.com\\\/noticias\\\/albert-rivera-analiza-el-ultimo-barometro-del-cis\\\/#webpage\"},\"isPartOf\":{\"@id\":\"https:\\\/\\\/www.eldigitaldeasturias.com\\\/noticias\\\/albert-rivera-analiza-el-ultimo-barometro-del-cis\\\/#webpage\"},\"articleSection\":\"Actualidad\"},{\"@type\":\"BreadcrumbList\",\"@id\":\"https:\\\/\\\/www.eldigitaldeasturias.com\\\/noticias\\\/albert-rivera-analiza-el-ultimo-barometro-del-cis\\\/#breadcrumblist\",\"itemListElement\":[{\"@type\":\"ListItem\",\"@id\":\"https:\\\/\\\/www.eldigitaldeasturias.com\\\/noticias#listItem\",\"position\":1,\"name\":\"Home\",\"item\":\"https:\\\/\\\/www.eldigitaldeasturias.com\\\/noticias\",\"nextItem\":{\"@type\":\"ListItem\",\"@id\":\"https:\\\/\\\/www.eldigitaldeasturias.com\\\/noticias\\\/category\\\/actualidad\\\/#listItem\",\"name\":\"Actualidad\"}},{\"@type\":\"ListItem\",\"@id\":\"https:\\\/\\\/www.eldigitaldeasturias.com\\\/noticias\\\/category\\\/actualidad\\\/#listItem\",\"position\":2,\"name\":\"Actualidad\",\"item\":\"https:\\\/\\\/www.eldigitaldeasturias.com\\\/noticias\\\/category\\\/actualidad\\\/\",\"nextItem\":{\"@type\":\"ListItem\",\"@id\":\"https:\\\/\\\/www.eldigitaldeasturias.com\\\/noticias\\\/albert-rivera-analiza-el-ultimo-barometro-del-cis\\\/#listItem\",\"name\":\"Albert Rivera analiza el \\u00faltimo bar\\u00f3metro del CIS\"},\"previousItem\":{\"@type\":\"ListItem\",\"@id\":\"https:\\\/\\\/www.eldigitaldeasturias.com\\\/noticias#listItem\",\"name\":\"Home\"}},{\"@type\":\"ListItem\",\"@id\":\"https:\\\/\\\/www.eldigitaldeasturias.com\\\/noticias\\\/albert-rivera-analiza-el-ultimo-barometro-del-cis\\\/#listItem\",\"position\":3,\"name\":\"Albert Rivera analiza el \\u00faltimo bar\\u00f3metro del CIS\",\"previousItem\":{\"@type\":\"ListItem\",\"@id\":\"https:\\\/\\\/www.eldigitaldeasturias.com\\\/noticias\\\/category\\\/actualidad\\\/#listItem\",\"name\":\"Actualidad\"}}]},{\"@type\":\"Organization\",\"@id\":\"https:\\\/\\\/www.eldigitaldeasturias.com\\\/noticias\\\/#organization\",\"name\":\"El Digital de Asturias\",\"description\":\"Hemeroteca\",\"url\":\"https:\\\/\\\/www.eldigitaldeasturias.com\\\/noticias\\\/\",\"email\":\"info@eldigitaldeasturias.com\",\"telephone\":\"+34652131393\",\"logo\":{\"@type\":\"ImageObject\",\"url\":\"https:\\\/\\\/www.eldigitaldeasturias.com\\\/noticias\\\/wp-content\\\/uploads\\\/2020\\\/12\\\/EDA.jpg\",\"@id\":\"https:\\\/\\\/www.eldigitaldeasturias.com\\\/noticias\\\/albert-rivera-analiza-el-ultimo-barometro-del-cis\\\/#organizationLogo\",\"width\":649,\"height\":297},\"image\":{\"@id\":\"https:\\\/\\\/www.eldigitaldeasturias.com\\\/noticias\\\/albert-rivera-analiza-el-ultimo-barometro-del-cis\\\/#organizationLogo\"},\"sameAs\":[\"https:\\\/\\\/facebook.com\\\/eldigitaldeasturias\",\"https:\\\/\\\/www.youtube.com\\\/channel\\\/UCZP-2wLEB9Rv6erhFmqVnvg\"],\"address\":{\"@id\":\"https:\\\/\\\/www.eldigitaldeasturias.com\\\/noticias\\\/#postaladdress\",\"@type\":\"PostalAddress\",\"streetAddress\":\"san antonio 4,\",\"postalCode\":\"33430\",\"addressLocality\":\"Cand\\u00e1s\",\"addressRegion\":\"Asturias\",\"addressCountry\":\"ES\"}},{\"@type\":\"Person\",\"@id\":\"https:\\\/\\\/www.eldigitaldeasturias.com\\\/noticias\\\/author\\\/admin\\\/#author\",\"url\":\"https:\\\/\\\/www.eldigitaldeasturias.com\\\/noticias\\\/author\\\/admin\\\/\",\"name\":\"El Digital de Asturias\",\"image\":{\"@type\":\"ImageObject\",\"@id\":\"https:\\\/\\\/www.eldigitaldeasturias.com\\\/noticias\\\/albert-rivera-analiza-el-ultimo-barometro-del-cis\\\/#authorImage\",\"url\":\"https:\\\/\\\/www.eldigitaldeasturias.com\\\/noticias\\\/wp-content\\\/litespeed\\\/avatar\\\/18677e78aa0546b92d9dbf31ec7d7668.jpg?ver=1777290358\",\"width\":96,\"height\":96,\"caption\":\"El Digital de Asturias\"}},{\"@type\":\"WebPage\",\"@id\":\"https:\\\/\\\/www.eldigitaldeasturias.com\\\/noticias\\\/albert-rivera-analiza-el-ultimo-barometro-del-cis\\\/#webpage\",\"url\":\"https:\\\/\\\/www.eldigitaldeasturias.com\\\/noticias\\\/albert-rivera-analiza-el-ultimo-barometro-del-cis\\\/\",\"name\":\"Albert Rivera analiza el \\u00faltimo bar\\u00f3metro del CIS - El Digital de Asturias\",\"description\":\"El presidente de Ciudadanos, Albert Rivera, ha afirmado este jueves que el \\u00faltimo bar\\u00f3metro del Centro de Investigaciones Sociol\\u00f3gicas (CIS) muestra que el mapa pol\\u00edtico \\\"pr\\u00e1cticamente no cambia\\\" si se convocan nuevas elecciones y, por tanto, no se puede decir a los espa\\u00f1oles que se equivocaron al votar lo que votaron el pasado 20 de\",\"inLanguage\":\"es-ES\",\"isPartOf\":{\"@id\":\"https:\\\/\\\/www.eldigitaldeasturias.com\\\/noticias\\\/#website\"},\"breadcrumb\":{\"@id\":\"https:\\\/\\\/www.eldigitaldeasturias.com\\\/noticias\\\/albert-rivera-analiza-el-ultimo-barometro-del-cis\\\/#breadcrumblist\"},\"author\":{\"@id\":\"https:\\\/\\\/www.eldigitaldeasturias.com\\\/noticias\\\/author\\\/admin\\\/#author\"},\"creator\":{\"@id\":\"https:\\\/\\\/www.eldigitaldeasturias.com\\\/noticias\\\/author\\\/admin\\\/#author\"},\"image\":{\"@type\":\"ImageObject\",\"url\":\"https:\\\/\\\/www.eldigitaldeasturias.com\\\/noticias\\\/wp-content\\\/uploads\\\/2016\\\/02\\\/fotonoticia_20160204141033_800.jpg\",\"@id\":\"https:\\\/\\\/www.eldigitaldeasturias.com\\\/noticias\\\/albert-rivera-analiza-el-ultimo-barometro-del-cis\\\/#mainImage\",\"width\":800,\"height\":534},\"primaryImageOfPage\":{\"@id\":\"https:\\\/\\\/www.eldigitaldeasturias.com\\\/noticias\\\/albert-rivera-analiza-el-ultimo-barometro-del-cis\\\/#mainImage\"},\"datePublished\":\"2016-02-04T16:16:08+01:00\",\"dateModified\":\"2016-02-04T16:16:08+01:00\"},{\"@type\":\"WebSite\",\"@id\":\"https:\\\/\\\/www.eldigitaldeasturias.com\\\/noticias\\\/#website\",\"url\":\"https:\\\/\\\/www.eldigitaldeasturias.com\\\/noticias\\\/\",\"name\":\"El Digital de Asturias - Diario de actualidad y noticias\",\"alternateName\":\"El Digital de Asturias - Diario de actualidad y noticias\",\"description\":\"Hemeroteca\",\"inLanguage\":\"es-ES\",\"publisher\":{\"@id\":\"https:\\\/\\\/www.eldigitaldeasturias.com\\\/noticias\\\/#organization\"}}]}\n\t\t<\/script>\n\t\t<!-- All in One SEO Pro -->\r\n\t\t<title>Albert Rivera analiza el \u00faltimo bar\u00f3metro del CIS - El Digital de Asturias<\/title>\n\n","aioseo_head_json":{"title":"Albert Rivera analiza el \u00faltimo bar\u00f3metro del CIS - El Digital de Asturias","description":"El presidente de Ciudadanos, Albert Rivera, ha afirmado este jueves que el \u00faltimo bar\u00f3metro del Centro de Investigaciones Sociol\u00f3gicas (CIS) muestra que el mapa pol\u00edtico \"pr\u00e1cticamente no cambia\" si se convocan nuevas elecciones y, por tanto, no se puede decir a los espa\u00f1oles que se equivocaron al votar lo que votaron el pasado 20 de","canonical_url":"https:\/\/www.eldigitaldeasturias.com\/noticias\/albert-rivera-analiza-el-ultimo-barometro-del-cis\/","robots":"max-image-preview:large","keywords":"actualidad","webmasterTools":{"google-site-verification":"UA-38556648-1","msvalidate.01":"7dfe9f3f1b24437ab69f4f2559babe99","miscellaneous":""},"schema":{"@context":"https:\/\/schema.org","@graph":[{"@type":"BlogPosting","@id":"https:\/\/www.eldigitaldeasturias.com\/noticias\/albert-rivera-analiza-el-ultimo-barometro-del-cis\/#blogposting","name":"Albert Rivera analiza el \u00faltimo bar\u00f3metro del CIS - El Digital de Asturias","headline":"Albert Rivera analiza el \u00faltimo bar\u00f3metro del CIS","author":{"@id":"https:\/\/www.eldigitaldeasturias.com\/noticias\/author\/admin\/#author"},"publisher":{"@id":"https:\/\/www.eldigitaldeasturias.com\/noticias\/#organization"},"image":{"@type":"ImageObject","url":"https:\/\/www.eldigitaldeasturias.com\/noticias\/wp-content\/uploads\/2016\/02\/fotonoticia_20160204141033_800.jpg","width":800,"height":534},"datePublished":"2016-02-04T16:16:08+01:00","dateModified":"2016-02-04T16:16:08+01:00","inLanguage":"es-ES","mainEntityOfPage":{"@id":"https:\/\/www.eldigitaldeasturias.com\/noticias\/albert-rivera-analiza-el-ultimo-barometro-del-cis\/#webpage"},"isPartOf":{"@id":"https:\/\/www.eldigitaldeasturias.com\/noticias\/albert-rivera-analiza-el-ultimo-barometro-del-cis\/#webpage"},"articleSection":"Actualidad"},{"@type":"BreadcrumbList","@id":"https:\/\/www.eldigitaldeasturias.com\/noticias\/albert-rivera-analiza-el-ultimo-barometro-del-cis\/#breadcrumblist","itemListElement":[{"@type":"ListItem","@id":"https:\/\/www.eldigitaldeasturias.com\/noticias#listItem","position":1,"name":"Home","item":"https:\/\/www.eldigitaldeasturias.com\/noticias","nextItem":{"@type":"ListItem","@id":"https:\/\/www.eldigitaldeasturias.com\/noticias\/category\/actualidad\/#listItem","name":"Actualidad"}},{"@type":"ListItem","@id":"https:\/\/www.eldigitaldeasturias.com\/noticias\/category\/actualidad\/#listItem","position":2,"name":"Actualidad","item":"https:\/\/www.eldigitaldeasturias.com\/noticias\/category\/actualidad\/","nextItem":{"@type":"ListItem","@id":"https:\/\/www.eldigitaldeasturias.com\/noticias\/albert-rivera-analiza-el-ultimo-barometro-del-cis\/#listItem","name":"Albert Rivera analiza el \u00faltimo bar\u00f3metro del CIS"},"previousItem":{"@type":"ListItem","@id":"https:\/\/www.eldigitaldeasturias.com\/noticias#listItem","name":"Home"}},{"@type":"ListItem","@id":"https:\/\/www.eldigitaldeasturias.com\/noticias\/albert-rivera-analiza-el-ultimo-barometro-del-cis\/#listItem","position":3,"name":"Albert Rivera analiza el \u00faltimo bar\u00f3metro del CIS","previousItem":{"@type":"ListItem","@id":"https:\/\/www.eldigitaldeasturias.com\/noticias\/category\/actualidad\/#listItem","name":"Actualidad"}}]},{"@type":"Organization","@id":"https:\/\/www.eldigitaldeasturias.com\/noticias\/#organization","name":"El Digital de Asturias","description":"Hemeroteca","url":"https:\/\/www.eldigitaldeasturias.com\/noticias\/","email":"info@eldigitaldeasturias.com","telephone":"+34652131393","logo":{"@type":"ImageObject","url":"https:\/\/www.eldigitaldeasturias.com\/noticias\/wp-content\/uploads\/2020\/12\/EDA.jpg","@id":"https:\/\/www.eldigitaldeasturias.com\/noticias\/albert-rivera-analiza-el-ultimo-barometro-del-cis\/#organizationLogo","width":649,"height":297},"image":{"@id":"https:\/\/www.eldigitaldeasturias.com\/noticias\/albert-rivera-analiza-el-ultimo-barometro-del-cis\/#organizationLogo"},"sameAs":["https:\/\/facebook.com\/eldigitaldeasturias","https:\/\/www.youtube.com\/channel\/UCZP-2wLEB9Rv6erhFmqVnvg"],"address":{"@id":"https:\/\/www.eldigitaldeasturias.com\/noticias\/#postaladdress","@type":"PostalAddress","streetAddress":"san antonio 4,","postalCode":"33430","addressLocality":"Cand\u00e1s","addressRegion":"Asturias","addressCountry":"ES"}},{"@type":"Person","@id":"https:\/\/www.eldigitaldeasturias.com\/noticias\/author\/admin\/#author","url":"https:\/\/www.eldigitaldeasturias.com\/noticias\/author\/admin\/","name":"El Digital de Asturias","image":{"@type":"ImageObject","@id":"https:\/\/www.eldigitaldeasturias.com\/noticias\/albert-rivera-analiza-el-ultimo-barometro-del-cis\/#authorImage","url":"https:\/\/www.eldigitaldeasturias.com\/noticias\/wp-content\/litespeed\/avatar\/18677e78aa0546b92d9dbf31ec7d7668.jpg?ver=1777290358","width":96,"height":96,"caption":"El Digital de Asturias"}},{"@type":"WebPage","@id":"https:\/\/www.eldigitaldeasturias.com\/noticias\/albert-rivera-analiza-el-ultimo-barometro-del-cis\/#webpage","url":"https:\/\/www.eldigitaldeasturias.com\/noticias\/albert-rivera-analiza-el-ultimo-barometro-del-cis\/","name":"Albert Rivera analiza el \u00faltimo bar\u00f3metro del CIS - El Digital de Asturias","description":"El presidente de Ciudadanos, Albert Rivera, ha afirmado este jueves que el \u00faltimo bar\u00f3metro del Centro de Investigaciones Sociol\u00f3gicas (CIS) muestra que el mapa pol\u00edtico \"pr\u00e1cticamente no cambia\" si se convocan nuevas elecciones y, por tanto, no se puede decir a los espa\u00f1oles que se equivocaron al votar lo que votaron el pasado 20 de","inLanguage":"es-ES","isPartOf":{"@id":"https:\/\/www.eldigitaldeasturias.com\/noticias\/#website"},"breadcrumb":{"@id":"https:\/\/www.eldigitaldeasturias.com\/noticias\/albert-rivera-analiza-el-ultimo-barometro-del-cis\/#breadcrumblist"},"author":{"@id":"https:\/\/www.eldigitaldeasturias.com\/noticias\/author\/admin\/#author"},"creator":{"@id":"https:\/\/www.eldigitaldeasturias.com\/noticias\/author\/admin\/#author"},"image":{"@type":"ImageObject","url":"https:\/\/www.eldigitaldeasturias.com\/noticias\/wp-content\/uploads\/2016\/02\/fotonoticia_20160204141033_800.jpg","@id":"https:\/\/www.eldigitaldeasturias.com\/noticias\/albert-rivera-analiza-el-ultimo-barometro-del-cis\/#mainImage","width":800,"height":534},"primaryImageOfPage":{"@id":"https:\/\/www.eldigitaldeasturias.com\/noticias\/albert-rivera-analiza-el-ultimo-barometro-del-cis\/#mainImage"},"datePublished":"2016-02-04T16:16:08+01:00","dateModified":"2016-02-04T16:16:08+01:00"},{"@type":"WebSite","@id":"https:\/\/www.eldigitaldeasturias.com\/noticias\/#website","url":"https:\/\/www.eldigitaldeasturias.com\/noticias\/","name":"El Digital de Asturias - Diario de actualidad y noticias","alternateName":"El Digital de Asturias - Diario de actualidad y noticias","description":"Hemeroteca","inLanguage":"es-ES","publisher":{"@id":"https:\/\/www.eldigitaldeasturias.com\/noticias\/#organization"}}]},"og:locale":"es_ES","og:site_name":"El Digital de Asturias","og:type":"article","og:title":"Albert Rivera analiza el \u00faltimo bar\u00f3metro del CIS - El Digital de Asturias","og:description":"El presidente de Ciudadanos, Albert Rivera, ha afirmado este jueves que el \u00faltimo bar\u00f3metro del Centro de Investigaciones Sociol\u00f3gicas (CIS) muestra que el mapa pol\u00edtico &quot;pr\u00e1cticamente no cambia&quot; si se convocan nuevas elecciones y, por tanto, no se puede decir a los espa\u00f1oles que se equivocaron al votar lo que votaron el pasado 20 de","og:url":"https:\/\/www.eldigitaldeasturias.com\/noticias\/albert-rivera-analiza-el-ultimo-barometro-del-cis\/","og:image":"https:\/\/www.eldigitaldeasturias.com\/noticias\/wp-content\/uploads\/2016\/02\/fotonoticia_20160204141033_800.jpg","og:image:secure_url":"https:\/\/www.eldigitaldeasturias.com\/noticias\/wp-content\/uploads\/2016\/02\/fotonoticia_20160204141033_800.jpg","og:image:width":800,"og:image:height":534,"article:tag":["actualidad"],"article:published_time":"2016-02-04T16:16:08+00:00","article:modified_time":"2016-02-04T16:16:08+00:00","article:publisher":"https:\/\/facebook.com\/eldigitaldeasturias","twitter:card":"summary_large_image","twitter:title":"Albert Rivera analiza el \u00faltimo bar\u00f3metro del CIS - El Digital de Asturias","twitter:description":"El presidente de Ciudadanos, Albert Rivera, ha afirmado este jueves que el \u00faltimo bar\u00f3metro del Centro de Investigaciones Sociol\u00f3gicas (CIS) muestra que el mapa pol\u00edtico &quot;pr\u00e1cticamente no cambia&quot; si se convocan nuevas elecciones y, por tanto, no se puede decir a los espa\u00f1oles que se equivocaron al votar lo que votaron el pasado 20 de","twitter:image":"https:\/\/www.eldigitaldeasturias.com\/noticias\/wp-content\/uploads\/2016\/02\/fotonoticia_20160204141033_800.jpg","twitter:label1":"Escrito por","twitter:data1":"El Digital de Asturias","twitter:label2":"Tiempo de lectura estimado","twitter:data2":"2 minutos"},"aioseo_meta_data":{"post_id":"853799","title":null,"description":null,"keywords":null,"keyphrases":null,"primary_term":null,"canonical_url":null,"og_title":null,"og_description":null,"og_object_type":"default","og_image_type":"default","og_image_url":null,"og_image_width":null,"og_image_height":null,"og_image_custom_url":null,"og_image_custom_fields":null,"og_video":null,"og_custom_url":null,"og_article_section":null,"og_article_tags":null,"twitter_use_og":false,"twitter_card":"default","twitter_image_type":"default","twitter_image_url":null,"twitter_image_custom_url":null,"twitter_image_custom_fields":null,"twitter_title":null,"twitter_description":null,"schema":{"blockGraphs":[],"customGraphs":[],"default":{"data":{"Article":[],"Course":[],"Dataset":[],"FAQPage":[],"Movie":[],"Person":[],"Product":[],"ProductReview":[],"Car":[],"Recipe":[],"Service":[],"SoftwareApplication":[],"WebPage":[]},"graphName":"","isEnabled":true},"graphs":[],"defaultGraph":"","defaultPostTypeGraph":""},"schema_type":null,"schema_type_options":null,"pillar_content":false,"robots_default":true,"robots_noindex":false,"robots_noarchive":false,"robots_nosnippet":false,"robots_nofollow":false,"robots_noimageindex":false,"robots_noodp":false,"robots_notranslate":false,"robots_max_snippet":null,"robots_max_videopreview":null,"robots_max_imagepreview":"large","priority":null,"frequency":null,"local_seo":null,"seo_analyzer_scan_date":"2025-12-09 19:18:12","breadcrumb_settings":null,"limit_modified_date":false,"open_ai":null,"ai":null,"created":"2021-01-23 14:11:18","updated":"2025-12-09 19:18:12"},"aioseo_breadcrumb":"<div class=\"aioseo-breadcrumbs\"><span class=\"aioseo-breadcrumb\">\n\t<a href=\"https:\/\/www.eldigitaldeasturias.com\/noticias\" title=\"Home\">Home<\/a>\n<\/span><span class=\"aioseo-breadcrumb-separator\">\u2013<\/span><span class=\"aioseo-breadcrumb\">\n\t<a href=\"https:\/\/www.eldigitaldeasturias.com\/noticias\/category\/actualidad\/\" title=\"Actualidad\">Actualidad<\/a>\n<\/span><span class=\"aioseo-breadcrumb-separator\">\u2013<\/span><span class=\"aioseo-breadcrumb\">\n\t<a href=\"https:\/\/www.eldigitaldeasturias.com\/noticias\/albert-rivera-analiza-el-ultimo-barometro-del-cis\/\" title=\"Albert Rivera analiza el \u00faltimo bar\u00f3metro del CIS\">Albert Rivera analiza el \u00faltimo bar\u00f3metro del CIS<\/a>\n<\/span><\/div>","aioseo_breadcrumb_json":[{"label":"Home","link":"https:\/\/www.eldigitaldeasturias.com\/noticias"},{"label":"Actualidad","link":"https:\/\/www.eldigitaldeasturias.com\/noticias\/category\/actualidad\/"},{"label":"Albert Rivera analiza el \u00faltimo bar\u00f3metro del CIS","link":"https:\/\/www.eldigitaldeasturias.com\/noticias\/albert-rivera-analiza-el-ultimo-barometro-del-cis\/"}],"_links":{"self":[{"href":"https:\/\/www.eldigitaldeasturias.com\/noticias\/wp-json\/wp\/v2\/posts\/853799","targetHints":{"allow":["GET"]}}],"collection":[{"href":"https:\/\/www.eldigitaldeasturias.com\/noticias\/wp-json\/wp\/v2\/posts"}],"about":[{"href":"https:\/\/www.eldigitaldeasturias.com\/noticias\/wp-json\/wp\/v2\/types\/post"}],"author":[{"embeddable":true,"href":"https:\/\/www.eldigitaldeasturias.com\/noticias\/wp-json\/wp\/v2\/users\/1"}],"replies":[{"embeddable":true,"href":"https:\/\/www.eldigitaldeasturias.com\/noticias\/wp-json\/wp\/v2\/comments?post=853799"}],"version-history":[{"count":0,"href":"https:\/\/www.eldigitaldeasturias.com\/noticias\/wp-json\/wp\/v2\/posts\/853799\/revisions"}],"wp:featuredmedia":[{"embeddable":true,"href":"https:\/\/www.eldigitaldeasturias.com\/noticias\/wp-json\/wp\/v2\/media\/853800"}],"wp:attachment":[{"href":"https:\/\/www.eldigitaldeasturias.com\/noticias\/wp-json\/wp\/v2\/media?parent=853799"}],"wp:term":[{"taxonomy":"category","embeddable":true,"href":"https:\/\/www.eldigitaldeasturias.com\/noticias\/wp-json\/wp\/v2\/categories?post=853799"},{"taxonomy":"post_tag","embeddable":true,"href":"https:\/\/www.eldigitaldeasturias.com\/noticias\/wp-json\/wp\/v2\/tags?post=853799"}],"curies":[{"name":"wp","href":"https:\/\/api.w.org\/{rel}","templated":true}]}}