{"id":853693,"date":"2016-02-04T03:47:44","date_gmt":"2016-02-04T03:47:44","guid":{"rendered":"http:\/\/www.eldigitaldeasturias.com\/noticias\/?p=853693"},"modified":"2016-02-04T03:47:44","modified_gmt":"2016-02-04T03:47:44","slug":"el-atletico-recurrira-la-sancion-a-filipe-luis-porque-ve-agravio-comparativo","status":"publish","type":"post","link":"https:\/\/www.eldigitaldeasturias.com\/noticias\/el-atletico-recurrira-la-sancion-a-filipe-luis-porque-ve-agravio-comparativo\/","title":{"rendered":"El Atl\u00e9tico recurrir\u00e1 la sanci\u00f3n a Filipe Luis porque ve agravio comparativo"},"content":{"rendered":"<p><img loading=\"lazy\" decoding=\"async\" class=\"alignleft size-medium wp-image-853694\" src=\"https:\/\/www.eldigitaldeasturias.com\/noticias\/wp-content\/uploads\/2016\/02\/fotonoticia_20160203175337_800-360x261.jpg\" alt=\"fotonoticia_20160203175337_800\" width=\"360\" height=\"261\" srcset=\"https:\/\/www.eldigitaldeasturias.com\/noticias\/wp-content\/uploads\/2016\/02\/fotonoticia_20160203175337_800-360x261.jpg 360w, https:\/\/www.eldigitaldeasturias.com\/noticias\/wp-content\/uploads\/2016\/02\/fotonoticia_20160203175337_800-768x556.jpg 768w, https:\/\/www.eldigitaldeasturias.com\/noticias\/wp-content\/uploads\/2016\/02\/fotonoticia_20160203175337_800-650x470.jpg 650w, https:\/\/www.eldigitaldeasturias.com\/noticias\/wp-content\/uploads\/2016\/02\/fotonoticia_20160203175337_800.jpg 800w\" sizes=\"auto, (max-width: 360px) 100vw, 360px\" \/>El Atl\u00e9tico de Madrid anunci\u00f3 que recurrir\u00e1 la \u00abdesproporcionada\u00bb sanci\u00f3n de tres partidos a Filipe Luis por su roja tras una dura entrada el pasado s\u00e1bado a Leo Messi, apelando que existe agravio comparativo respecto a \u00abacciones similares\u00bb y a que \u00abno hay ninguna mala intenci\u00f3n\u00bb en un futbolista con \u00abuna trayectoria intachable\u00bb.<\/p>\n<p>\u00abEl Atl\u00e9tico de Madrid ha decidido recurrir la sanci\u00f3n de tres partidos impuesta a Filipe Luis por su expulsi\u00f3n en el encuentro ante el Barcelona del pasado s\u00e1bado 30 de enero. El club considera desproporcionada la cifra de partidos impuesta al lateral brasile\u00f1o y as\u00ed lo har\u00e1 constar en el recurso que presentar\u00e1 para rebatirla\u00bb, se\u00f1al\u00f3 el club rojiblanco en su p\u00e1gina web.<\/p>\n<p>Por su parte, el director deportivo de la entidad, Jos\u00e9 Luis P\u00e9rez Caminero, solicit\u00f3 que \u00ablas acciones similares deben juzgarse de igual manera y tener el mismo castigo\u00bb. \u00abNo puede ser que una acci\u00f3n id\u00e9ntica y que se redacta en el acta de igual forma se sancione con un partido en un caso y en el nuestro se castigue con tres encuentros a Filipe\u00bb, se quej\u00f3.<\/p>\n<p>Adem\u00e1s, el exfutbolista record\u00f3 que el brasile\u00f1o \u00abes un jugador con una trayectoria intachable\u00bb y \u00ablo opuesto a un jugador violento\u00bb. \u00abEs un deportista en may\u00fasculas\u00bb, recalc\u00f3 sobre el lateral.<\/p>\n<p>En cuanto a la acci\u00f3n con Messi, el directivo cree que el rojiblanco \u00abva a la disputa de un bal\u00f3n dividido, toca el esf\u00e9rico y posteriormente golpea sin poder evitarlo al rival\u00bb. \u00abTodo el que ha jugado al f\u00fatbol sabe que en su acci\u00f3n no hay ninguna mala intenci\u00f3n y no puede ser juzgada de otra manera. Tres partidos deben servir para sancionar otro tipo de acciones, no \u00e9sta\u00bb, sentenci\u00f3.<\/p>\n","protected":false},"excerpt":{"rendered":"<p>El Atl\u00e9tico de Madrid anunci\u00f3 que recurrir\u00e1 la \u00abdesproporcionada\u00bb sanci\u00f3n de tres partidos a Filipe Luis por su roja tras una dura entrada el pasado s\u00e1bado a Leo Messi, apelando que existe agravio comparativo respecto a \u00abacciones similares\u00bb y a que \u00abno hay ninguna mala intenci\u00f3n\u00bb en un futbolista con \u00abuna trayectoria intachable\u00bb. \u00abEl Atl\u00e9tico [&hellip;]<\/p>\n","protected":false},"author":1,"featured_media":853694,"comment_status":"closed","ping_status":"closed","sticky":false,"template":"","format":"standard","meta":{"footnotes":""},"categories":[1],"tags":[],"class_list":["post-853693","post","type-post","status-publish","format-standard","has-post-thumbnail","hentry","category-actualidad"],"aioseo_notices":[],"aioseo_head":"\n\t\t<!-- All in One SEO Pro 4.9.6.2 - aioseo.com -->\n\t<meta name=\"description\" content=\"El Atl\u00e9tico de Madrid anunci\u00f3 que recurrir\u00e1 la &quot;desproporcionada&quot; sanci\u00f3n de tres partidos a Filipe Luis por su roja tras una dura entrada el pasado s\u00e1bado a Leo Messi, apelando que existe agravio comparativo respecto a &quot;acciones similares&quot; y a que &quot;no hay ninguna mala intenci\u00f3n&quot; en un futbolista con &quot;una trayectoria intachable&quot;. &quot;El Atl\u00e9tico\" \/>\n\t<meta name=\"robots\" content=\"max-image-preview:large\" \/>\n\t<meta name=\"author\" content=\"El Digital de Asturias\"\/>\n\t<meta name=\"google-site-verification\" content=\"UA-38556648-1\" \/>\n\t<meta name=\"msvalidate.01\" content=\"7dfe9f3f1b24437ab69f4f2559babe99\" \/>\n\t<meta name=\"keywords\" content=\"actualidad\" \/>\n\t<link rel=\"canonical\" href=\"https:\/\/www.eldigitaldeasturias.com\/noticias\/el-atletico-recurrira-la-sancion-a-filipe-luis-porque-ve-agravio-comparativo\/\" \/>\n\t<meta name=\"generator\" content=\"All in One SEO Pro (AIOSEO) 4.9.6.2\" \/>\n\t\t<meta property=\"og:locale\" content=\"es_ES\" \/>\n\t\t<meta property=\"og:site_name\" content=\"El Digital de Asturias\" \/>\n\t\t<meta property=\"og:type\" content=\"article\" \/>\n\t\t<meta property=\"og:title\" content=\"El Atl\u00e9tico recurrir\u00e1 la sanci\u00f3n a Filipe Luis porque ve agravio comparativo - El Digital de Asturias\" \/>\n\t\t<meta property=\"og:description\" content=\"El Atl\u00e9tico de Madrid anunci\u00f3 que recurrir\u00e1 la &quot;desproporcionada&quot; sanci\u00f3n de tres partidos a Filipe Luis por su roja tras una dura entrada el pasado s\u00e1bado a Leo Messi, apelando que existe agravio comparativo respecto a &quot;acciones similares&quot; y a que &quot;no hay ninguna mala intenci\u00f3n&quot; en un futbolista con &quot;una trayectoria intachable&quot;. &quot;El Atl\u00e9tico\" \/>\n\t\t<meta property=\"og:url\" content=\"https:\/\/www.eldigitaldeasturias.com\/noticias\/el-atletico-recurrira-la-sancion-a-filipe-luis-porque-ve-agravio-comparativo\/\" \/>\n\t\t<meta property=\"og:image\" content=\"https:\/\/www.eldigitaldeasturias.com\/noticias\/wp-content\/uploads\/2016\/02\/fotonoticia_20160203175337_800.jpg\" \/>\n\t\t<meta property=\"og:image:secure_url\" content=\"https:\/\/www.eldigitaldeasturias.com\/noticias\/wp-content\/uploads\/2016\/02\/fotonoticia_20160203175337_800.jpg\" \/>\n\t\t<meta property=\"og:image:width\" content=\"800\" \/>\n\t\t<meta property=\"og:image:height\" content=\"579\" \/>\n\t\t<meta property=\"article:tag\" content=\"actualidad\" \/>\n\t\t<meta property=\"article:published_time\" content=\"2016-02-04T03:47:44+00:00\" \/>\n\t\t<meta property=\"article:modified_time\" content=\"2016-02-04T03:47:44+00:00\" \/>\n\t\t<meta property=\"article:publisher\" content=\"https:\/\/facebook.com\/eldigitaldeasturias\" \/>\n\t\t<meta name=\"twitter:card\" content=\"summary_large_image\" \/>\n\t\t<meta name=\"twitter:title\" content=\"El Atl\u00e9tico recurrir\u00e1 la sanci\u00f3n a Filipe Luis porque ve agravio comparativo - El Digital de Asturias\" \/>\n\t\t<meta name=\"twitter:description\" content=\"El Atl\u00e9tico de Madrid anunci\u00f3 que recurrir\u00e1 la &quot;desproporcionada&quot; sanci\u00f3n de tres partidos a Filipe Luis por su roja tras una dura entrada el pasado s\u00e1bado a Leo Messi, apelando que existe agravio comparativo respecto a &quot;acciones similares&quot; y a que &quot;no hay ninguna mala intenci\u00f3n&quot; en un futbolista con &quot;una trayectoria intachable&quot;. &quot;El Atl\u00e9tico\" \/>\n\t\t<meta name=\"twitter:image\" content=\"https:\/\/www.eldigitaldeasturias.com\/noticias\/wp-content\/uploads\/2016\/02\/fotonoticia_20160203175337_800.jpg\" \/>\n\t\t<meta name=\"twitter:label1\" content=\"Escrito por\" \/>\n\t\t<meta name=\"twitter:data1\" content=\"El Digital de Asturias\" \/>\n\t\t<meta name=\"twitter:label2\" content=\"Tiempo de lectura estimado\" \/>\n\t\t<meta name=\"twitter:data2\" content=\"2 minutos\" \/>\n\t\t<script type=\"application\/ld+json\" class=\"aioseo-schema\">\n\t\t\t{\"@context\":\"https:\\\/\\\/schema.org\",\"@graph\":[{\"@type\":\"BlogPosting\",\"@id\":\"https:\\\/\\\/www.eldigitaldeasturias.com\\\/noticias\\\/el-atletico-recurrira-la-sancion-a-filipe-luis-porque-ve-agravio-comparativo\\\/#blogposting\",\"name\":\"El Atl\\u00e9tico recurrir\\u00e1 la sanci\\u00f3n a Filipe Luis porque ve agravio comparativo - El Digital de Asturias\",\"headline\":\"El Atl\\u00e9tico recurrir\\u00e1 la sanci\\u00f3n a Filipe Luis porque ve agravio comparativo\",\"author\":{\"@id\":\"https:\\\/\\\/www.eldigitaldeasturias.com\\\/noticias\\\/author\\\/admin\\\/#author\"},\"publisher\":{\"@id\":\"https:\\\/\\\/www.eldigitaldeasturias.com\\\/noticias\\\/#organization\"},\"image\":{\"@type\":\"ImageObject\",\"url\":\"https:\\\/\\\/www.eldigitaldeasturias.com\\\/noticias\\\/wp-content\\\/uploads\\\/2016\\\/02\\\/fotonoticia_20160203175337_800.jpg\",\"width\":800,\"height\":579},\"datePublished\":\"2016-02-04T03:47:44+01:00\",\"dateModified\":\"2016-02-04T03:47:44+01:00\",\"inLanguage\":\"es-ES\",\"mainEntityOfPage\":{\"@id\":\"https:\\\/\\\/www.eldigitaldeasturias.com\\\/noticias\\\/el-atletico-recurrira-la-sancion-a-filipe-luis-porque-ve-agravio-comparativo\\\/#webpage\"},\"isPartOf\":{\"@id\":\"https:\\\/\\\/www.eldigitaldeasturias.com\\\/noticias\\\/el-atletico-recurrira-la-sancion-a-filipe-luis-porque-ve-agravio-comparativo\\\/#webpage\"},\"articleSection\":\"Actualidad\"},{\"@type\":\"BreadcrumbList\",\"@id\":\"https:\\\/\\\/www.eldigitaldeasturias.com\\\/noticias\\\/el-atletico-recurrira-la-sancion-a-filipe-luis-porque-ve-agravio-comparativo\\\/#breadcrumblist\",\"itemListElement\":[{\"@type\":\"ListItem\",\"@id\":\"https:\\\/\\\/www.eldigitaldeasturias.com\\\/noticias#listItem\",\"position\":1,\"name\":\"Home\",\"item\":\"https:\\\/\\\/www.eldigitaldeasturias.com\\\/noticias\",\"nextItem\":{\"@type\":\"ListItem\",\"@id\":\"https:\\\/\\\/www.eldigitaldeasturias.com\\\/noticias\\\/category\\\/actualidad\\\/#listItem\",\"name\":\"Actualidad\"}},{\"@type\":\"ListItem\",\"@id\":\"https:\\\/\\\/www.eldigitaldeasturias.com\\\/noticias\\\/category\\\/actualidad\\\/#listItem\",\"position\":2,\"name\":\"Actualidad\",\"item\":\"https:\\\/\\\/www.eldigitaldeasturias.com\\\/noticias\\\/category\\\/actualidad\\\/\",\"nextItem\":{\"@type\":\"ListItem\",\"@id\":\"https:\\\/\\\/www.eldigitaldeasturias.com\\\/noticias\\\/el-atletico-recurrira-la-sancion-a-filipe-luis-porque-ve-agravio-comparativo\\\/#listItem\",\"name\":\"El Atl\\u00e9tico recurrir\\u00e1 la sanci\\u00f3n a Filipe Luis porque ve agravio comparativo\"},\"previousItem\":{\"@type\":\"ListItem\",\"@id\":\"https:\\\/\\\/www.eldigitaldeasturias.com\\\/noticias#listItem\",\"name\":\"Home\"}},{\"@type\":\"ListItem\",\"@id\":\"https:\\\/\\\/www.eldigitaldeasturias.com\\\/noticias\\\/el-atletico-recurrira-la-sancion-a-filipe-luis-porque-ve-agravio-comparativo\\\/#listItem\",\"position\":3,\"name\":\"El Atl\\u00e9tico recurrir\\u00e1 la sanci\\u00f3n a Filipe Luis porque ve agravio comparativo\",\"previousItem\":{\"@type\":\"ListItem\",\"@id\":\"https:\\\/\\\/www.eldigitaldeasturias.com\\\/noticias\\\/category\\\/actualidad\\\/#listItem\",\"name\":\"Actualidad\"}}]},{\"@type\":\"Organization\",\"@id\":\"https:\\\/\\\/www.eldigitaldeasturias.com\\\/noticias\\\/#organization\",\"name\":\"El Digital de Asturias\",\"description\":\"Hemeroteca\",\"url\":\"https:\\\/\\\/www.eldigitaldeasturias.com\\\/noticias\\\/\",\"email\":\"info@eldigitaldeasturias.com\",\"telephone\":\"+34652131393\",\"logo\":{\"@type\":\"ImageObject\",\"url\":\"https:\\\/\\\/www.eldigitaldeasturias.com\\\/noticias\\\/wp-content\\\/uploads\\\/2020\\\/12\\\/EDA.jpg\",\"@id\":\"https:\\\/\\\/www.eldigitaldeasturias.com\\\/noticias\\\/el-atletico-recurrira-la-sancion-a-filipe-luis-porque-ve-agravio-comparativo\\\/#organizationLogo\",\"width\":649,\"height\":297},\"image\":{\"@id\":\"https:\\\/\\\/www.eldigitaldeasturias.com\\\/noticias\\\/el-atletico-recurrira-la-sancion-a-filipe-luis-porque-ve-agravio-comparativo\\\/#organizationLogo\"},\"sameAs\":[\"https:\\\/\\\/facebook.com\\\/eldigitaldeasturias\",\"https:\\\/\\\/www.youtube.com\\\/channel\\\/UCZP-2wLEB9Rv6erhFmqVnvg\"],\"address\":{\"@id\":\"https:\\\/\\\/www.eldigitaldeasturias.com\\\/noticias\\\/#postaladdress\",\"@type\":\"PostalAddress\",\"streetAddress\":\"san antonio 4,\",\"postalCode\":\"33430\",\"addressLocality\":\"Cand\\u00e1s\",\"addressRegion\":\"Asturias\",\"addressCountry\":\"ES\"}},{\"@type\":\"Person\",\"@id\":\"https:\\\/\\\/www.eldigitaldeasturias.com\\\/noticias\\\/author\\\/admin\\\/#author\",\"url\":\"https:\\\/\\\/www.eldigitaldeasturias.com\\\/noticias\\\/author\\\/admin\\\/\",\"name\":\"El Digital de Asturias\",\"image\":{\"@type\":\"ImageObject\",\"@id\":\"https:\\\/\\\/www.eldigitaldeasturias.com\\\/noticias\\\/el-atletico-recurrira-la-sancion-a-filipe-luis-porque-ve-agravio-comparativo\\\/#authorImage\",\"url\":\"https:\\\/\\\/www.eldigitaldeasturias.com\\\/noticias\\\/wp-content\\\/litespeed\\\/avatar\\\/18677e78aa0546b92d9dbf31ec7d7668.jpg?ver=1777290358\",\"width\":96,\"height\":96,\"caption\":\"El Digital de Asturias\"}},{\"@type\":\"WebPage\",\"@id\":\"https:\\\/\\\/www.eldigitaldeasturias.com\\\/noticias\\\/el-atletico-recurrira-la-sancion-a-filipe-luis-porque-ve-agravio-comparativo\\\/#webpage\",\"url\":\"https:\\\/\\\/www.eldigitaldeasturias.com\\\/noticias\\\/el-atletico-recurrira-la-sancion-a-filipe-luis-porque-ve-agravio-comparativo\\\/\",\"name\":\"El Atl\\u00e9tico recurrir\\u00e1 la sanci\\u00f3n a Filipe Luis porque ve agravio comparativo - El Digital de Asturias\",\"description\":\"El Atl\\u00e9tico de Madrid anunci\\u00f3 que recurrir\\u00e1 la \\\"desproporcionada\\\" sanci\\u00f3n de tres partidos a Filipe Luis por su roja tras una dura entrada el pasado s\\u00e1bado a Leo Messi, apelando que existe agravio comparativo respecto a \\\"acciones similares\\\" y a que \\\"no hay ninguna mala intenci\\u00f3n\\\" en un futbolista con \\\"una trayectoria intachable\\\". \\\"El Atl\\u00e9tico\",\"inLanguage\":\"es-ES\",\"isPartOf\":{\"@id\":\"https:\\\/\\\/www.eldigitaldeasturias.com\\\/noticias\\\/#website\"},\"breadcrumb\":{\"@id\":\"https:\\\/\\\/www.eldigitaldeasturias.com\\\/noticias\\\/el-atletico-recurrira-la-sancion-a-filipe-luis-porque-ve-agravio-comparativo\\\/#breadcrumblist\"},\"author\":{\"@id\":\"https:\\\/\\\/www.eldigitaldeasturias.com\\\/noticias\\\/author\\\/admin\\\/#author\"},\"creator\":{\"@id\":\"https:\\\/\\\/www.eldigitaldeasturias.com\\\/noticias\\\/author\\\/admin\\\/#author\"},\"image\":{\"@type\":\"ImageObject\",\"url\":\"https:\\\/\\\/www.eldigitaldeasturias.com\\\/noticias\\\/wp-content\\\/uploads\\\/2016\\\/02\\\/fotonoticia_20160203175337_800.jpg\",\"@id\":\"https:\\\/\\\/www.eldigitaldeasturias.com\\\/noticias\\\/el-atletico-recurrira-la-sancion-a-filipe-luis-porque-ve-agravio-comparativo\\\/#mainImage\",\"width\":800,\"height\":579},\"primaryImageOfPage\":{\"@id\":\"https:\\\/\\\/www.eldigitaldeasturias.com\\\/noticias\\\/el-atletico-recurrira-la-sancion-a-filipe-luis-porque-ve-agravio-comparativo\\\/#mainImage\"},\"datePublished\":\"2016-02-04T03:47:44+01:00\",\"dateModified\":\"2016-02-04T03:47:44+01:00\"},{\"@type\":\"WebSite\",\"@id\":\"https:\\\/\\\/www.eldigitaldeasturias.com\\\/noticias\\\/#website\",\"url\":\"https:\\\/\\\/www.eldigitaldeasturias.com\\\/noticias\\\/\",\"name\":\"El Digital de Asturias - Diario de actualidad y noticias\",\"alternateName\":\"El Digital de Asturias - Diario de actualidad y noticias\",\"description\":\"Hemeroteca\",\"inLanguage\":\"es-ES\",\"publisher\":{\"@id\":\"https:\\\/\\\/www.eldigitaldeasturias.com\\\/noticias\\\/#organization\"}}]}\n\t\t<\/script>\n\t\t<!-- All in One SEO Pro -->\r\n\t\t<title>El Atl\u00e9tico recurrir\u00e1 la sanci\u00f3n a Filipe Luis porque ve agravio comparativo - El Digital de Asturias<\/title>\n\n","aioseo_head_json":{"title":"El Atl\u00e9tico recurrir\u00e1 la sanci\u00f3n a Filipe Luis porque ve agravio comparativo - El Digital de Asturias","description":"El Atl\u00e9tico de Madrid anunci\u00f3 que recurrir\u00e1 la \"desproporcionada\" sanci\u00f3n de tres partidos a Filipe Luis por su roja tras una dura entrada el pasado s\u00e1bado a Leo Messi, apelando que existe agravio comparativo respecto a \"acciones similares\" y a que \"no hay ninguna mala intenci\u00f3n\" en un futbolista con \"una trayectoria intachable\". \"El Atl\u00e9tico","canonical_url":"https:\/\/www.eldigitaldeasturias.com\/noticias\/el-atletico-recurrira-la-sancion-a-filipe-luis-porque-ve-agravio-comparativo\/","robots":"max-image-preview:large","keywords":"actualidad","webmasterTools":{"google-site-verification":"UA-38556648-1","msvalidate.01":"7dfe9f3f1b24437ab69f4f2559babe99","miscellaneous":""},"schema":{"@context":"https:\/\/schema.org","@graph":[{"@type":"BlogPosting","@id":"https:\/\/www.eldigitaldeasturias.com\/noticias\/el-atletico-recurrira-la-sancion-a-filipe-luis-porque-ve-agravio-comparativo\/#blogposting","name":"El Atl\u00e9tico recurrir\u00e1 la sanci\u00f3n a Filipe Luis porque ve agravio comparativo - El Digital de Asturias","headline":"El Atl\u00e9tico recurrir\u00e1 la sanci\u00f3n a Filipe Luis porque ve agravio comparativo","author":{"@id":"https:\/\/www.eldigitaldeasturias.com\/noticias\/author\/admin\/#author"},"publisher":{"@id":"https:\/\/www.eldigitaldeasturias.com\/noticias\/#organization"},"image":{"@type":"ImageObject","url":"https:\/\/www.eldigitaldeasturias.com\/noticias\/wp-content\/uploads\/2016\/02\/fotonoticia_20160203175337_800.jpg","width":800,"height":579},"datePublished":"2016-02-04T03:47:44+01:00","dateModified":"2016-02-04T03:47:44+01:00","inLanguage":"es-ES","mainEntityOfPage":{"@id":"https:\/\/www.eldigitaldeasturias.com\/noticias\/el-atletico-recurrira-la-sancion-a-filipe-luis-porque-ve-agravio-comparativo\/#webpage"},"isPartOf":{"@id":"https:\/\/www.eldigitaldeasturias.com\/noticias\/el-atletico-recurrira-la-sancion-a-filipe-luis-porque-ve-agravio-comparativo\/#webpage"},"articleSection":"Actualidad"},{"@type":"BreadcrumbList","@id":"https:\/\/www.eldigitaldeasturias.com\/noticias\/el-atletico-recurrira-la-sancion-a-filipe-luis-porque-ve-agravio-comparativo\/#breadcrumblist","itemListElement":[{"@type":"ListItem","@id":"https:\/\/www.eldigitaldeasturias.com\/noticias#listItem","position":1,"name":"Home","item":"https:\/\/www.eldigitaldeasturias.com\/noticias","nextItem":{"@type":"ListItem","@id":"https:\/\/www.eldigitaldeasturias.com\/noticias\/category\/actualidad\/#listItem","name":"Actualidad"}},{"@type":"ListItem","@id":"https:\/\/www.eldigitaldeasturias.com\/noticias\/category\/actualidad\/#listItem","position":2,"name":"Actualidad","item":"https:\/\/www.eldigitaldeasturias.com\/noticias\/category\/actualidad\/","nextItem":{"@type":"ListItem","@id":"https:\/\/www.eldigitaldeasturias.com\/noticias\/el-atletico-recurrira-la-sancion-a-filipe-luis-porque-ve-agravio-comparativo\/#listItem","name":"El Atl\u00e9tico recurrir\u00e1 la sanci\u00f3n a Filipe Luis porque ve agravio comparativo"},"previousItem":{"@type":"ListItem","@id":"https:\/\/www.eldigitaldeasturias.com\/noticias#listItem","name":"Home"}},{"@type":"ListItem","@id":"https:\/\/www.eldigitaldeasturias.com\/noticias\/el-atletico-recurrira-la-sancion-a-filipe-luis-porque-ve-agravio-comparativo\/#listItem","position":3,"name":"El Atl\u00e9tico recurrir\u00e1 la sanci\u00f3n a Filipe Luis porque ve agravio comparativo","previousItem":{"@type":"ListItem","@id":"https:\/\/www.eldigitaldeasturias.com\/noticias\/category\/actualidad\/#listItem","name":"Actualidad"}}]},{"@type":"Organization","@id":"https:\/\/www.eldigitaldeasturias.com\/noticias\/#organization","name":"El Digital de Asturias","description":"Hemeroteca","url":"https:\/\/www.eldigitaldeasturias.com\/noticias\/","email":"info@eldigitaldeasturias.com","telephone":"+34652131393","logo":{"@type":"ImageObject","url":"https:\/\/www.eldigitaldeasturias.com\/noticias\/wp-content\/uploads\/2020\/12\/EDA.jpg","@id":"https:\/\/www.eldigitaldeasturias.com\/noticias\/el-atletico-recurrira-la-sancion-a-filipe-luis-porque-ve-agravio-comparativo\/#organizationLogo","width":649,"height":297},"image":{"@id":"https:\/\/www.eldigitaldeasturias.com\/noticias\/el-atletico-recurrira-la-sancion-a-filipe-luis-porque-ve-agravio-comparativo\/#organizationLogo"},"sameAs":["https:\/\/facebook.com\/eldigitaldeasturias","https:\/\/www.youtube.com\/channel\/UCZP-2wLEB9Rv6erhFmqVnvg"],"address":{"@id":"https:\/\/www.eldigitaldeasturias.com\/noticias\/#postaladdress","@type":"PostalAddress","streetAddress":"san antonio 4,","postalCode":"33430","addressLocality":"Cand\u00e1s","addressRegion":"Asturias","addressCountry":"ES"}},{"@type":"Person","@id":"https:\/\/www.eldigitaldeasturias.com\/noticias\/author\/admin\/#author","url":"https:\/\/www.eldigitaldeasturias.com\/noticias\/author\/admin\/","name":"El Digital de Asturias","image":{"@type":"ImageObject","@id":"https:\/\/www.eldigitaldeasturias.com\/noticias\/el-atletico-recurrira-la-sancion-a-filipe-luis-porque-ve-agravio-comparativo\/#authorImage","url":"https:\/\/www.eldigitaldeasturias.com\/noticias\/wp-content\/litespeed\/avatar\/18677e78aa0546b92d9dbf31ec7d7668.jpg?ver=1777290358","width":96,"height":96,"caption":"El Digital de Asturias"}},{"@type":"WebPage","@id":"https:\/\/www.eldigitaldeasturias.com\/noticias\/el-atletico-recurrira-la-sancion-a-filipe-luis-porque-ve-agravio-comparativo\/#webpage","url":"https:\/\/www.eldigitaldeasturias.com\/noticias\/el-atletico-recurrira-la-sancion-a-filipe-luis-porque-ve-agravio-comparativo\/","name":"El Atl\u00e9tico recurrir\u00e1 la sanci\u00f3n a Filipe Luis porque ve agravio comparativo - El Digital de Asturias","description":"El Atl\u00e9tico de Madrid anunci\u00f3 que recurrir\u00e1 la \"desproporcionada\" sanci\u00f3n de tres partidos a Filipe Luis por su roja tras una dura entrada el pasado s\u00e1bado a Leo Messi, apelando que existe agravio comparativo respecto a \"acciones similares\" y a que \"no hay ninguna mala intenci\u00f3n\" en un futbolista con \"una trayectoria intachable\". \"El Atl\u00e9tico","inLanguage":"es-ES","isPartOf":{"@id":"https:\/\/www.eldigitaldeasturias.com\/noticias\/#website"},"breadcrumb":{"@id":"https:\/\/www.eldigitaldeasturias.com\/noticias\/el-atletico-recurrira-la-sancion-a-filipe-luis-porque-ve-agravio-comparativo\/#breadcrumblist"},"author":{"@id":"https:\/\/www.eldigitaldeasturias.com\/noticias\/author\/admin\/#author"},"creator":{"@id":"https:\/\/www.eldigitaldeasturias.com\/noticias\/author\/admin\/#author"},"image":{"@type":"ImageObject","url":"https:\/\/www.eldigitaldeasturias.com\/noticias\/wp-content\/uploads\/2016\/02\/fotonoticia_20160203175337_800.jpg","@id":"https:\/\/www.eldigitaldeasturias.com\/noticias\/el-atletico-recurrira-la-sancion-a-filipe-luis-porque-ve-agravio-comparativo\/#mainImage","width":800,"height":579},"primaryImageOfPage":{"@id":"https:\/\/www.eldigitaldeasturias.com\/noticias\/el-atletico-recurrira-la-sancion-a-filipe-luis-porque-ve-agravio-comparativo\/#mainImage"},"datePublished":"2016-02-04T03:47:44+01:00","dateModified":"2016-02-04T03:47:44+01:00"},{"@type":"WebSite","@id":"https:\/\/www.eldigitaldeasturias.com\/noticias\/#website","url":"https:\/\/www.eldigitaldeasturias.com\/noticias\/","name":"El Digital de Asturias - Diario de actualidad y noticias","alternateName":"El Digital de Asturias - Diario de actualidad y noticias","description":"Hemeroteca","inLanguage":"es-ES","publisher":{"@id":"https:\/\/www.eldigitaldeasturias.com\/noticias\/#organization"}}]},"og:locale":"es_ES","og:site_name":"El Digital de Asturias","og:type":"article","og:title":"El Atl\u00e9tico recurrir\u00e1 la sanci\u00f3n a Filipe Luis porque ve agravio comparativo - El Digital de Asturias","og:description":"El Atl\u00e9tico de Madrid anunci\u00f3 que recurrir\u00e1 la &quot;desproporcionada&quot; sanci\u00f3n de tres partidos a Filipe Luis por su roja tras una dura entrada el pasado s\u00e1bado a Leo Messi, apelando que existe agravio comparativo respecto a &quot;acciones similares&quot; y a que &quot;no hay ninguna mala intenci\u00f3n&quot; en un futbolista con &quot;una trayectoria intachable&quot;. &quot;El Atl\u00e9tico","og:url":"https:\/\/www.eldigitaldeasturias.com\/noticias\/el-atletico-recurrira-la-sancion-a-filipe-luis-porque-ve-agravio-comparativo\/","og:image":"https:\/\/www.eldigitaldeasturias.com\/noticias\/wp-content\/uploads\/2016\/02\/fotonoticia_20160203175337_800.jpg","og:image:secure_url":"https:\/\/www.eldigitaldeasturias.com\/noticias\/wp-content\/uploads\/2016\/02\/fotonoticia_20160203175337_800.jpg","og:image:width":800,"og:image:height":579,"article:tag":["actualidad"],"article:published_time":"2016-02-04T03:47:44+00:00","article:modified_time":"2016-02-04T03:47:44+00:00","article:publisher":"https:\/\/facebook.com\/eldigitaldeasturias","twitter:card":"summary_large_image","twitter:title":"El Atl\u00e9tico recurrir\u00e1 la sanci\u00f3n a Filipe Luis porque ve agravio comparativo - El Digital de Asturias","twitter:description":"El Atl\u00e9tico de Madrid anunci\u00f3 que recurrir\u00e1 la &quot;desproporcionada&quot; sanci\u00f3n de tres partidos a Filipe Luis por su roja tras una dura entrada el pasado s\u00e1bado a Leo Messi, apelando que existe agravio comparativo respecto a &quot;acciones similares&quot; y a que &quot;no hay ninguna mala intenci\u00f3n&quot; en un futbolista con &quot;una trayectoria intachable&quot;. &quot;El Atl\u00e9tico","twitter:image":"https:\/\/www.eldigitaldeasturias.com\/noticias\/wp-content\/uploads\/2016\/02\/fotonoticia_20160203175337_800.jpg","twitter:label1":"Escrito por","twitter:data1":"El Digital de Asturias","twitter:label2":"Tiempo de lectura estimado","twitter:data2":"2 minutos"},"aioseo_meta_data":{"post_id":"853693","title":null,"description":null,"keywords":null,"keyphrases":null,"primary_term":null,"canonical_url":null,"og_title":null,"og_description":null,"og_object_type":"default","og_image_type":"default","og_image_url":null,"og_image_width":null,"og_image_height":null,"og_image_custom_url":null,"og_image_custom_fields":null,"og_video":null,"og_custom_url":null,"og_article_section":null,"og_article_tags":null,"twitter_use_og":false,"twitter_card":"default","twitter_image_type":"default","twitter_image_url":null,"twitter_image_custom_url":null,"twitter_image_custom_fields":null,"twitter_title":null,"twitter_description":null,"schema":{"blockGraphs":[],"customGraphs":[],"default":{"data":{"Article":[],"Course":[],"Dataset":[],"FAQPage":[],"Movie":[],"Person":[],"Product":[],"ProductReview":[],"Car":[],"Recipe":[],"Service":[],"SoftwareApplication":[],"WebPage":[]},"graphName":"","isEnabled":true},"graphs":[],"defaultGraph":"","defaultPostTypeGraph":""},"schema_type":null,"schema_type_options":null,"pillar_content":false,"robots_default":true,"robots_noindex":false,"robots_noarchive":false,"robots_nosnippet":false,"robots_nofollow":false,"robots_noimageindex":false,"robots_noodp":false,"robots_notranslate":false,"robots_max_snippet":null,"robots_max_videopreview":null,"robots_max_imagepreview":"large","priority":null,"frequency":null,"local_seo":null,"seo_analyzer_scan_date":"2025-12-09 19:00:09","breadcrumb_settings":null,"limit_modified_date":false,"open_ai":null,"ai":null,"created":"2021-01-22 09:02:22","updated":"2025-12-09 19:00:09"},"aioseo_breadcrumb":"<div class=\"aioseo-breadcrumbs\"><span class=\"aioseo-breadcrumb\">\n\t<a href=\"https:\/\/www.eldigitaldeasturias.com\/noticias\" title=\"Home\">Home<\/a>\n<\/span><span class=\"aioseo-breadcrumb-separator\">\u2013<\/span><span class=\"aioseo-breadcrumb\">\n\t<a href=\"https:\/\/www.eldigitaldeasturias.com\/noticias\/category\/actualidad\/\" title=\"Actualidad\">Actualidad<\/a>\n<\/span><span class=\"aioseo-breadcrumb-separator\">\u2013<\/span><span class=\"aioseo-breadcrumb\">\n\t<a href=\"https:\/\/www.eldigitaldeasturias.com\/noticias\/el-atletico-recurrira-la-sancion-a-filipe-luis-porque-ve-agravio-comparativo\/\" title=\"El Atl\u00e9tico recurrir\u00e1 la sanci\u00f3n a Filipe Luis porque ve agravio comparativo\">El Atl\u00e9tico recurrir\u00e1 la sanci\u00f3n a Filipe Luis porque ve agravio comparativo<\/a>\n<\/span><\/div>","aioseo_breadcrumb_json":[{"label":"Home","link":"https:\/\/www.eldigitaldeasturias.com\/noticias"},{"label":"Actualidad","link":"https:\/\/www.eldigitaldeasturias.com\/noticias\/category\/actualidad\/"},{"label":"El Atl\u00e9tico recurrir\u00e1 la sanci\u00f3n a Filipe Luis porque ve agravio comparativo","link":"https:\/\/www.eldigitaldeasturias.com\/noticias\/el-atletico-recurrira-la-sancion-a-filipe-luis-porque-ve-agravio-comparativo\/"}],"_links":{"self":[{"href":"https:\/\/www.eldigitaldeasturias.com\/noticias\/wp-json\/wp\/v2\/posts\/853693","targetHints":{"allow":["GET"]}}],"collection":[{"href":"https:\/\/www.eldigitaldeasturias.com\/noticias\/wp-json\/wp\/v2\/posts"}],"about":[{"href":"https:\/\/www.eldigitaldeasturias.com\/noticias\/wp-json\/wp\/v2\/types\/post"}],"author":[{"embeddable":true,"href":"https:\/\/www.eldigitaldeasturias.com\/noticias\/wp-json\/wp\/v2\/users\/1"}],"replies":[{"embeddable":true,"href":"https:\/\/www.eldigitaldeasturias.com\/noticias\/wp-json\/wp\/v2\/comments?post=853693"}],"version-history":[{"count":0,"href":"https:\/\/www.eldigitaldeasturias.com\/noticias\/wp-json\/wp\/v2\/posts\/853693\/revisions"}],"wp:featuredmedia":[{"embeddable":true,"href":"https:\/\/www.eldigitaldeasturias.com\/noticias\/wp-json\/wp\/v2\/media\/853694"}],"wp:attachment":[{"href":"https:\/\/www.eldigitaldeasturias.com\/noticias\/wp-json\/wp\/v2\/media?parent=853693"}],"wp:term":[{"taxonomy":"category","embeddable":true,"href":"https:\/\/www.eldigitaldeasturias.com\/noticias\/wp-json\/wp\/v2\/categories?post=853693"},{"taxonomy":"post_tag","embeddable":true,"href":"https:\/\/www.eldigitaldeasturias.com\/noticias\/wp-json\/wp\/v2\/tags?post=853693"}],"curies":[{"name":"wp","href":"https:\/\/api.w.org\/{rel}","templated":true}]}}