{"id":853687,"date":"2016-02-04T03:43:53","date_gmt":"2016-02-04T03:43:53","guid":{"rendered":"http:\/\/www.eldigitaldeasturias.com\/noticias\/?p=853687"},"modified":"2016-02-04T03:43:53","modified_gmt":"2016-02-04T03:43:53","slug":"la-confianza-del-consumidor-cae-83-puntos-en-enero","status":"publish","type":"post","link":"https:\/\/www.eldigitaldeasturias.com\/noticias\/la-confianza-del-consumidor-cae-83-puntos-en-enero\/","title":{"rendered":"La confianza del consumidor cae 8,3 puntos en enero"},"content":{"rendered":"<p><img loading=\"lazy\" decoding=\"async\" class=\"alignleft size-medium wp-image-853688\" src=\"https:\/\/www.eldigitaldeasturias.com\/noticias\/wp-content\/uploads\/2016\/02\/fotonoticia_20160203155842_800-360x240.jpg\" alt=\"fotonoticia_20160203155842_800\" width=\"360\" height=\"240\" srcset=\"https:\/\/www.eldigitaldeasturias.com\/noticias\/wp-content\/uploads\/2016\/02\/fotonoticia_20160203155842_800-360x240.jpg 360w, https:\/\/www.eldigitaldeasturias.com\/noticias\/wp-content\/uploads\/2016\/02\/fotonoticia_20160203155842_800-768x513.jpg 768w, https:\/\/www.eldigitaldeasturias.com\/noticias\/wp-content\/uploads\/2016\/02\/fotonoticia_20160203155842_800-650x434.jpg 650w, https:\/\/www.eldigitaldeasturias.com\/noticias\/wp-content\/uploads\/2016\/02\/fotonoticia_20160203155842_800-84x55.jpg 84w, https:\/\/www.eldigitaldeasturias.com\/noticias\/wp-content\/uploads\/2016\/02\/fotonoticia_20160203155842_800-49x32.jpg 49w, https:\/\/www.eldigitaldeasturias.com\/noticias\/wp-content\/uploads\/2016\/02\/fotonoticia_20160203155842_800.jpg 800w\" sizes=\"auto, (max-width: 360px) 100vw, 360px\" \/>La confianza del consumidor cay\u00f3 8,3 puntos el pasado mes de enero en relaci\u00f3n al mes anterior, hasta situarse en 99,1 puntos, arrastrada por el \u00abfuerte\u00bb retroceso de las expectativas y por la peor valoraci\u00f3n de la situaci\u00f3n actual, seg\u00fan los datos publicados este mi\u00e9rcoles por el Centro de Investigaciones Sociol\u00f3gicas (CIS).<\/p>\n<p>En concreto, el indicador de expectativas retrocedi\u00f3 13,9 puntos el pasado mes de enero, hasta 105,7 puntos, mientras que el indicador de situaci\u00f3n actual cay\u00f3 2,8 puntos y se situ\u00f3 en 92,4 puntos.<\/p>\n<p>De esta forma, el indicador de la confianza del consumidor se sit\u00faa por debajo de los valores observados durante todo el a\u00f1o pasado, a excepci\u00f3n del mes de febrero.<\/p>\n<p>En concreto, el indicador de expectativas retrocedi\u00f3 13,9 puntos el pasado mes de enero, hasta 105,7 puntos. La evoluci\u00f3n de sus tres componentes es \u00abcoherente\u00bb con este \u00abnotable\u00bb descenso del \u00edndice que, no obstante, se ve moderado por la mayor estabilidad de las expectativas de los hogares frente a las \u00ababultadas\u00bb ca\u00eddas de los dos restantes componentes.<\/p>\n<p>As\u00ed, las expecativas respecto a la situaci\u00f3n de los hogares cayeron 5,1puntos, las del mercado de trabajo cayeron hasta 19,1 p\u00f1untos y las de la situaci\u00f3n econ\u00f3mica perdieron 17,5 puntos.<\/p>\n<p>Por su parte, el indicador de situaci\u00f3n actual se situ\u00f3 en el primer mes del a\u00f1o en 92,4 puntos, con un descenso de 2,8 puntos en relaci\u00f3n al obtenido el pasado mes de diciembre. Esta evoluci\u00f3n negativa del indicador, seg\u00fan el CIS, es consecuencia de la ca\u00edda de sus componentes, aunque en diferente intensidad.<\/p>\n<p>As\u00ed, mientras que la evoluci\u00f3n de los hogares limita su descenso a la p\u00e9rdida de 1,1 puntos, la valoraci\u00f3n de la evoluci\u00f3n general de la econom\u00eda cae 2,9 puntos y la percepci\u00f3n de las posibilidades del mercado de trabajo retrocede hasta 4,5 puntos.<\/p>\n<p>En relaci\u00f3n al mes de enero del pasado a\u00f1o, el descenso de la confianza del consumidor es relativamente peque\u00f1o, 0,5 puntos, gracias al avance de 7,3 puntos del \u00edndice de la situaci\u00f3n actual que limita en parte la ca\u00edda de 8,4 puntos que experimenta el \u00edndice de expectativas.<\/p>\n<p>El ICC recoge mensualmente la valoraci\u00f3n de la evoluci\u00f3n reciente y las expectativas de los consumidores espa\u00f1oles relacionadas con la econom\u00eda familiar y el empleo, con el objetivo de anticipar sus decisiones de consumo. El indicador recoge valores de entre 0 y 200, consider\u00e1ndose que por encima de 100 la percepci\u00f3n es positiva y por debajo, negativa.<\/p>\n<p>CUATRO DE CADA DIEZ ENCUESTADOS LLEGAN JUSTOS A FIN DE MES.<\/p>\n<p>En general, el 30,2% de los encuestados entiende que la situaci\u00f3n econ\u00f3mica actual es peor que la de hace seis meses, mientras que el 40% no aprecia cambios y el 28,4% estima que ha mejorado.<\/p>\n<p>De cara a los pr\u00f3ximos seis meses, el 33,5% de los entrevistados conf\u00eda en que el estado de la econom\u00eda ser\u00e1 mejor, frente al 27,7% que auguran un empeoramiento y el 26,6% que no espera cambios.<\/p>\n<p>El ICC de enero muestra que el 43,1% de los entrevistados llega justo a fin de mes y que el 31,3% ahorra poco dinero cada mes. De hecho, el 12,5% afirma que ha tenido que echar mano de sus ahorros para llegar a fin de mes. Por el contrario, s\u00f3lo el 4,6% dice que ahorra bastante cada mes.<\/p>\n<p>El 9,3% de los entrevistados afirma que ahora hay m\u00e1s personas en paro en su entorno que hace seis meses, y el 32,6% piensa que la situaci\u00f3n en Espa\u00f1a para encontrar un empleo es peor que la de hace seis meses, mientras que el 41,4% cree que la situaci\u00f3n no ha cambiado y el 22% que ha mejorado.<\/p>\n<p>Cuando se les pregunta por la evoluci\u00f3n del empleo de cara a los pr\u00f3ximos seis meses, un 28,2% de los encuestados piensa que la situaci\u00f3n empeorar\u00e1, frente al 33,3% que cree que mejorar\u00e1 y el 21,1% que considera que permanecer\u00e1 sin cambios.<\/p>\n<p>Preguntados por si tienen en mente comprar una vivienda el pr\u00f3ximo a\u00f1o, el 95,1% de las personas entrevistadas asegura que no y s\u00f3lo el 4% planea adquirir una. El 43,4% de los encuestados opina que el precio de la vivienda se mantendr\u00e1 el pr\u00f3ximo a\u00f1o, mientras que el 9,2% cree que bajar\u00e1 y el 41,8% que subir\u00e1.<\/p>\n","protected":false},"excerpt":{"rendered":"<p>La confianza del consumidor cay\u00f3 8,3 puntos el pasado mes de enero en relaci\u00f3n al mes anterior, hasta situarse en 99,1 puntos, arrastrada por el \u00abfuerte\u00bb retroceso de las expectativas y por la peor valoraci\u00f3n de la situaci\u00f3n actual, seg\u00fan los datos publicados este mi\u00e9rcoles por el Centro de Investigaciones Sociol\u00f3gicas (CIS). En concreto, el [&hellip;]<\/p>\n","protected":false},"author":1,"featured_media":853688,"comment_status":"closed","ping_status":"closed","sticky":false,"template":"","format":"standard","meta":{"footnotes":""},"categories":[1],"tags":[],"class_list":["post-853687","post","type-post","status-publish","format-standard","has-post-thumbnail","hentry","category-actualidad"],"aioseo_notices":[],"aioseo_head":"\n\t\t<!-- All in One SEO Pro 4.9.6.2 - aioseo.com -->\n\t<meta name=\"description\" content=\"La confianza del consumidor cay\u00f3 8,3 puntos el pasado mes de enero en relaci\u00f3n al mes anterior, hasta situarse en 99,1 puntos, arrastrada por el &quot;fuerte&quot; retroceso de las expectativas y por la peor valoraci\u00f3n de la situaci\u00f3n actual, seg\u00fan los datos publicados este mi\u00e9rcoles por el Centro de Investigaciones Sociol\u00f3gicas (CIS). En concreto, el\" \/>\n\t<meta name=\"robots\" content=\"max-image-preview:large\" \/>\n\t<meta name=\"author\" content=\"El Digital de Asturias\"\/>\n\t<meta name=\"google-site-verification\" content=\"UA-38556648-1\" \/>\n\t<meta name=\"msvalidate.01\" content=\"7dfe9f3f1b24437ab69f4f2559babe99\" \/>\n\t<meta name=\"keywords\" content=\"actualidad\" \/>\n\t<link rel=\"canonical\" href=\"https:\/\/www.eldigitaldeasturias.com\/noticias\/la-confianza-del-consumidor-cae-83-puntos-en-enero\/\" \/>\n\t<meta name=\"generator\" content=\"All in One SEO Pro (AIOSEO) 4.9.6.2\" \/>\n\t\t<meta property=\"og:locale\" content=\"es_ES\" \/>\n\t\t<meta property=\"og:site_name\" content=\"El Digital de Asturias\" \/>\n\t\t<meta property=\"og:type\" content=\"article\" \/>\n\t\t<meta property=\"og:title\" content=\"La confianza del consumidor cae 8,3 puntos en enero - El Digital de Asturias\" \/>\n\t\t<meta property=\"og:description\" content=\"La confianza del consumidor cay\u00f3 8,3 puntos el pasado mes de enero en relaci\u00f3n al mes anterior, hasta situarse en 99,1 puntos, arrastrada por el &quot;fuerte&quot; retroceso de las expectativas y por la peor valoraci\u00f3n de la situaci\u00f3n actual, seg\u00fan los datos publicados este mi\u00e9rcoles por el Centro de Investigaciones Sociol\u00f3gicas (CIS). En concreto, el\" \/>\n\t\t<meta property=\"og:url\" content=\"https:\/\/www.eldigitaldeasturias.com\/noticias\/la-confianza-del-consumidor-cae-83-puntos-en-enero\/\" \/>\n\t\t<meta property=\"og:image\" content=\"https:\/\/www.eldigitaldeasturias.com\/noticias\/wp-content\/uploads\/2016\/02\/fotonoticia_20160203155842_800.jpg\" \/>\n\t\t<meta property=\"og:image:secure_url\" content=\"https:\/\/www.eldigitaldeasturias.com\/noticias\/wp-content\/uploads\/2016\/02\/fotonoticia_20160203155842_800.jpg\" \/>\n\t\t<meta property=\"og:image:width\" content=\"800\" \/>\n\t\t<meta property=\"og:image:height\" content=\"534\" \/>\n\t\t<meta property=\"article:tag\" content=\"actualidad\" \/>\n\t\t<meta property=\"article:published_time\" content=\"2016-02-04T03:43:53+00:00\" \/>\n\t\t<meta property=\"article:modified_time\" content=\"2016-02-04T03:43:53+00:00\" \/>\n\t\t<meta property=\"article:publisher\" content=\"https:\/\/facebook.com\/eldigitaldeasturias\" \/>\n\t\t<meta name=\"twitter:card\" content=\"summary_large_image\" \/>\n\t\t<meta name=\"twitter:title\" content=\"La confianza del consumidor cae 8,3 puntos en enero - El Digital de Asturias\" \/>\n\t\t<meta name=\"twitter:description\" content=\"La confianza del consumidor cay\u00f3 8,3 puntos el pasado mes de enero en relaci\u00f3n al mes anterior, hasta situarse en 99,1 puntos, arrastrada por el &quot;fuerte&quot; retroceso de las expectativas y por la peor valoraci\u00f3n de la situaci\u00f3n actual, seg\u00fan los datos publicados este mi\u00e9rcoles por el Centro de Investigaciones Sociol\u00f3gicas (CIS). En concreto, el\" \/>\n\t\t<meta name=\"twitter:image\" content=\"https:\/\/www.eldigitaldeasturias.com\/noticias\/wp-content\/uploads\/2016\/02\/fotonoticia_20160203155842_800.jpg\" \/>\n\t\t<meta name=\"twitter:label1\" content=\"Escrito por\" \/>\n\t\t<meta name=\"twitter:data1\" content=\"El Digital de Asturias\" \/>\n\t\t<meta name=\"twitter:label2\" content=\"Tiempo de lectura estimado\" \/>\n\t\t<meta name=\"twitter:data2\" content=\"4 minutos\" \/>\n\t\t<script type=\"application\/ld+json\" class=\"aioseo-schema\">\n\t\t\t{\"@context\":\"https:\\\/\\\/schema.org\",\"@graph\":[{\"@type\":\"BlogPosting\",\"@id\":\"https:\\\/\\\/www.eldigitaldeasturias.com\\\/noticias\\\/la-confianza-del-consumidor-cae-83-puntos-en-enero\\\/#blogposting\",\"name\":\"La confianza del consumidor cae 8,3 puntos en enero - El Digital de Asturias\",\"headline\":\"La confianza del consumidor cae 8,3 puntos en enero\",\"author\":{\"@id\":\"https:\\\/\\\/www.eldigitaldeasturias.com\\\/noticias\\\/author\\\/admin\\\/#author\"},\"publisher\":{\"@id\":\"https:\\\/\\\/www.eldigitaldeasturias.com\\\/noticias\\\/#organization\"},\"image\":{\"@type\":\"ImageObject\",\"url\":\"https:\\\/\\\/www.eldigitaldeasturias.com\\\/noticias\\\/wp-content\\\/uploads\\\/2016\\\/02\\\/fotonoticia_20160203155842_800.jpg\",\"width\":800,\"height\":534},\"datePublished\":\"2016-02-04T03:43:53+01:00\",\"dateModified\":\"2016-02-04T03:43:53+01:00\",\"inLanguage\":\"es-ES\",\"mainEntityOfPage\":{\"@id\":\"https:\\\/\\\/www.eldigitaldeasturias.com\\\/noticias\\\/la-confianza-del-consumidor-cae-83-puntos-en-enero\\\/#webpage\"},\"isPartOf\":{\"@id\":\"https:\\\/\\\/www.eldigitaldeasturias.com\\\/noticias\\\/la-confianza-del-consumidor-cae-83-puntos-en-enero\\\/#webpage\"},\"articleSection\":\"Actualidad\"},{\"@type\":\"BreadcrumbList\",\"@id\":\"https:\\\/\\\/www.eldigitaldeasturias.com\\\/noticias\\\/la-confianza-del-consumidor-cae-83-puntos-en-enero\\\/#breadcrumblist\",\"itemListElement\":[{\"@type\":\"ListItem\",\"@id\":\"https:\\\/\\\/www.eldigitaldeasturias.com\\\/noticias#listItem\",\"position\":1,\"name\":\"Home\",\"item\":\"https:\\\/\\\/www.eldigitaldeasturias.com\\\/noticias\",\"nextItem\":{\"@type\":\"ListItem\",\"@id\":\"https:\\\/\\\/www.eldigitaldeasturias.com\\\/noticias\\\/category\\\/actualidad\\\/#listItem\",\"name\":\"Actualidad\"}},{\"@type\":\"ListItem\",\"@id\":\"https:\\\/\\\/www.eldigitaldeasturias.com\\\/noticias\\\/category\\\/actualidad\\\/#listItem\",\"position\":2,\"name\":\"Actualidad\",\"item\":\"https:\\\/\\\/www.eldigitaldeasturias.com\\\/noticias\\\/category\\\/actualidad\\\/\",\"nextItem\":{\"@type\":\"ListItem\",\"@id\":\"https:\\\/\\\/www.eldigitaldeasturias.com\\\/noticias\\\/la-confianza-del-consumidor-cae-83-puntos-en-enero\\\/#listItem\",\"name\":\"La confianza del consumidor cae 8,3 puntos en enero\"},\"previousItem\":{\"@type\":\"ListItem\",\"@id\":\"https:\\\/\\\/www.eldigitaldeasturias.com\\\/noticias#listItem\",\"name\":\"Home\"}},{\"@type\":\"ListItem\",\"@id\":\"https:\\\/\\\/www.eldigitaldeasturias.com\\\/noticias\\\/la-confianza-del-consumidor-cae-83-puntos-en-enero\\\/#listItem\",\"position\":3,\"name\":\"La confianza del consumidor cae 8,3 puntos en enero\",\"previousItem\":{\"@type\":\"ListItem\",\"@id\":\"https:\\\/\\\/www.eldigitaldeasturias.com\\\/noticias\\\/category\\\/actualidad\\\/#listItem\",\"name\":\"Actualidad\"}}]},{\"@type\":\"Organization\",\"@id\":\"https:\\\/\\\/www.eldigitaldeasturias.com\\\/noticias\\\/#organization\",\"name\":\"El Digital de Asturias\",\"description\":\"Hemeroteca\",\"url\":\"https:\\\/\\\/www.eldigitaldeasturias.com\\\/noticias\\\/\",\"email\":\"info@eldigitaldeasturias.com\",\"telephone\":\"+34652131393\",\"logo\":{\"@type\":\"ImageObject\",\"url\":\"https:\\\/\\\/www.eldigitaldeasturias.com\\\/noticias\\\/wp-content\\\/uploads\\\/2020\\\/12\\\/EDA.jpg\",\"@id\":\"https:\\\/\\\/www.eldigitaldeasturias.com\\\/noticias\\\/la-confianza-del-consumidor-cae-83-puntos-en-enero\\\/#organizationLogo\",\"width\":649,\"height\":297},\"image\":{\"@id\":\"https:\\\/\\\/www.eldigitaldeasturias.com\\\/noticias\\\/la-confianza-del-consumidor-cae-83-puntos-en-enero\\\/#organizationLogo\"},\"sameAs\":[\"https:\\\/\\\/facebook.com\\\/eldigitaldeasturias\",\"https:\\\/\\\/www.youtube.com\\\/channel\\\/UCZP-2wLEB9Rv6erhFmqVnvg\"],\"address\":{\"@id\":\"https:\\\/\\\/www.eldigitaldeasturias.com\\\/noticias\\\/#postaladdress\",\"@type\":\"PostalAddress\",\"streetAddress\":\"san antonio 4,\",\"postalCode\":\"33430\",\"addressLocality\":\"Cand\\u00e1s\",\"addressRegion\":\"Asturias\",\"addressCountry\":\"ES\"}},{\"@type\":\"Person\",\"@id\":\"https:\\\/\\\/www.eldigitaldeasturias.com\\\/noticias\\\/author\\\/admin\\\/#author\",\"url\":\"https:\\\/\\\/www.eldigitaldeasturias.com\\\/noticias\\\/author\\\/admin\\\/\",\"name\":\"El Digital de Asturias\",\"image\":{\"@type\":\"ImageObject\",\"@id\":\"https:\\\/\\\/www.eldigitaldeasturias.com\\\/noticias\\\/la-confianza-del-consumidor-cae-83-puntos-en-enero\\\/#authorImage\",\"url\":\"https:\\\/\\\/www.eldigitaldeasturias.com\\\/noticias\\\/wp-content\\\/litespeed\\\/avatar\\\/18677e78aa0546b92d9dbf31ec7d7668.jpg?ver=1777290358\",\"width\":96,\"height\":96,\"caption\":\"El Digital de Asturias\"}},{\"@type\":\"WebPage\",\"@id\":\"https:\\\/\\\/www.eldigitaldeasturias.com\\\/noticias\\\/la-confianza-del-consumidor-cae-83-puntos-en-enero\\\/#webpage\",\"url\":\"https:\\\/\\\/www.eldigitaldeasturias.com\\\/noticias\\\/la-confianza-del-consumidor-cae-83-puntos-en-enero\\\/\",\"name\":\"La confianza del consumidor cae 8,3 puntos en enero - El Digital de Asturias\",\"description\":\"La confianza del consumidor cay\\u00f3 8,3 puntos el pasado mes de enero en relaci\\u00f3n al mes anterior, hasta situarse en 99,1 puntos, arrastrada por el \\\"fuerte\\\" retroceso de las expectativas y por la peor valoraci\\u00f3n de la situaci\\u00f3n actual, seg\\u00fan los datos publicados este mi\\u00e9rcoles por el Centro de Investigaciones Sociol\\u00f3gicas (CIS). En concreto, el\",\"inLanguage\":\"es-ES\",\"isPartOf\":{\"@id\":\"https:\\\/\\\/www.eldigitaldeasturias.com\\\/noticias\\\/#website\"},\"breadcrumb\":{\"@id\":\"https:\\\/\\\/www.eldigitaldeasturias.com\\\/noticias\\\/la-confianza-del-consumidor-cae-83-puntos-en-enero\\\/#breadcrumblist\"},\"author\":{\"@id\":\"https:\\\/\\\/www.eldigitaldeasturias.com\\\/noticias\\\/author\\\/admin\\\/#author\"},\"creator\":{\"@id\":\"https:\\\/\\\/www.eldigitaldeasturias.com\\\/noticias\\\/author\\\/admin\\\/#author\"},\"image\":{\"@type\":\"ImageObject\",\"url\":\"https:\\\/\\\/www.eldigitaldeasturias.com\\\/noticias\\\/wp-content\\\/uploads\\\/2016\\\/02\\\/fotonoticia_20160203155842_800.jpg\",\"@id\":\"https:\\\/\\\/www.eldigitaldeasturias.com\\\/noticias\\\/la-confianza-del-consumidor-cae-83-puntos-en-enero\\\/#mainImage\",\"width\":800,\"height\":534},\"primaryImageOfPage\":{\"@id\":\"https:\\\/\\\/www.eldigitaldeasturias.com\\\/noticias\\\/la-confianza-del-consumidor-cae-83-puntos-en-enero\\\/#mainImage\"},\"datePublished\":\"2016-02-04T03:43:53+01:00\",\"dateModified\":\"2016-02-04T03:43:53+01:00\"},{\"@type\":\"WebSite\",\"@id\":\"https:\\\/\\\/www.eldigitaldeasturias.com\\\/noticias\\\/#website\",\"url\":\"https:\\\/\\\/www.eldigitaldeasturias.com\\\/noticias\\\/\",\"name\":\"El Digital de Asturias - Diario de actualidad y noticias\",\"alternateName\":\"El Digital de Asturias - Diario de actualidad y noticias\",\"description\":\"Hemeroteca\",\"inLanguage\":\"es-ES\",\"publisher\":{\"@id\":\"https:\\\/\\\/www.eldigitaldeasturias.com\\\/noticias\\\/#organization\"}}]}\n\t\t<\/script>\n\t\t<!-- All in One SEO Pro -->\r\n\t\t<title>La confianza del consumidor cae 8,3 puntos en enero - El Digital de Asturias<\/title>\n\n","aioseo_head_json":{"title":"La confianza del consumidor cae 8,3 puntos en enero - El Digital de Asturias","description":"La confianza del consumidor cay\u00f3 8,3 puntos el pasado mes de enero en relaci\u00f3n al mes anterior, hasta situarse en 99,1 puntos, arrastrada por el \"fuerte\" retroceso de las expectativas y por la peor valoraci\u00f3n de la situaci\u00f3n actual, seg\u00fan los datos publicados este mi\u00e9rcoles por el Centro de Investigaciones Sociol\u00f3gicas (CIS). En concreto, el","canonical_url":"https:\/\/www.eldigitaldeasturias.com\/noticias\/la-confianza-del-consumidor-cae-83-puntos-en-enero\/","robots":"max-image-preview:large","keywords":"actualidad","webmasterTools":{"google-site-verification":"UA-38556648-1","msvalidate.01":"7dfe9f3f1b24437ab69f4f2559babe99","miscellaneous":""},"schema":{"@context":"https:\/\/schema.org","@graph":[{"@type":"BlogPosting","@id":"https:\/\/www.eldigitaldeasturias.com\/noticias\/la-confianza-del-consumidor-cae-83-puntos-en-enero\/#blogposting","name":"La confianza del consumidor cae 8,3 puntos en enero - El Digital de Asturias","headline":"La confianza del consumidor cae 8,3 puntos en enero","author":{"@id":"https:\/\/www.eldigitaldeasturias.com\/noticias\/author\/admin\/#author"},"publisher":{"@id":"https:\/\/www.eldigitaldeasturias.com\/noticias\/#organization"},"image":{"@type":"ImageObject","url":"https:\/\/www.eldigitaldeasturias.com\/noticias\/wp-content\/uploads\/2016\/02\/fotonoticia_20160203155842_800.jpg","width":800,"height":534},"datePublished":"2016-02-04T03:43:53+01:00","dateModified":"2016-02-04T03:43:53+01:00","inLanguage":"es-ES","mainEntityOfPage":{"@id":"https:\/\/www.eldigitaldeasturias.com\/noticias\/la-confianza-del-consumidor-cae-83-puntos-en-enero\/#webpage"},"isPartOf":{"@id":"https:\/\/www.eldigitaldeasturias.com\/noticias\/la-confianza-del-consumidor-cae-83-puntos-en-enero\/#webpage"},"articleSection":"Actualidad"},{"@type":"BreadcrumbList","@id":"https:\/\/www.eldigitaldeasturias.com\/noticias\/la-confianza-del-consumidor-cae-83-puntos-en-enero\/#breadcrumblist","itemListElement":[{"@type":"ListItem","@id":"https:\/\/www.eldigitaldeasturias.com\/noticias#listItem","position":1,"name":"Home","item":"https:\/\/www.eldigitaldeasturias.com\/noticias","nextItem":{"@type":"ListItem","@id":"https:\/\/www.eldigitaldeasturias.com\/noticias\/category\/actualidad\/#listItem","name":"Actualidad"}},{"@type":"ListItem","@id":"https:\/\/www.eldigitaldeasturias.com\/noticias\/category\/actualidad\/#listItem","position":2,"name":"Actualidad","item":"https:\/\/www.eldigitaldeasturias.com\/noticias\/category\/actualidad\/","nextItem":{"@type":"ListItem","@id":"https:\/\/www.eldigitaldeasturias.com\/noticias\/la-confianza-del-consumidor-cae-83-puntos-en-enero\/#listItem","name":"La confianza del consumidor cae 8,3 puntos en enero"},"previousItem":{"@type":"ListItem","@id":"https:\/\/www.eldigitaldeasturias.com\/noticias#listItem","name":"Home"}},{"@type":"ListItem","@id":"https:\/\/www.eldigitaldeasturias.com\/noticias\/la-confianza-del-consumidor-cae-83-puntos-en-enero\/#listItem","position":3,"name":"La confianza del consumidor cae 8,3 puntos en enero","previousItem":{"@type":"ListItem","@id":"https:\/\/www.eldigitaldeasturias.com\/noticias\/category\/actualidad\/#listItem","name":"Actualidad"}}]},{"@type":"Organization","@id":"https:\/\/www.eldigitaldeasturias.com\/noticias\/#organization","name":"El Digital de Asturias","description":"Hemeroteca","url":"https:\/\/www.eldigitaldeasturias.com\/noticias\/","email":"info@eldigitaldeasturias.com","telephone":"+34652131393","logo":{"@type":"ImageObject","url":"https:\/\/www.eldigitaldeasturias.com\/noticias\/wp-content\/uploads\/2020\/12\/EDA.jpg","@id":"https:\/\/www.eldigitaldeasturias.com\/noticias\/la-confianza-del-consumidor-cae-83-puntos-en-enero\/#organizationLogo","width":649,"height":297},"image":{"@id":"https:\/\/www.eldigitaldeasturias.com\/noticias\/la-confianza-del-consumidor-cae-83-puntos-en-enero\/#organizationLogo"},"sameAs":["https:\/\/facebook.com\/eldigitaldeasturias","https:\/\/www.youtube.com\/channel\/UCZP-2wLEB9Rv6erhFmqVnvg"],"address":{"@id":"https:\/\/www.eldigitaldeasturias.com\/noticias\/#postaladdress","@type":"PostalAddress","streetAddress":"san antonio 4,","postalCode":"33430","addressLocality":"Cand\u00e1s","addressRegion":"Asturias","addressCountry":"ES"}},{"@type":"Person","@id":"https:\/\/www.eldigitaldeasturias.com\/noticias\/author\/admin\/#author","url":"https:\/\/www.eldigitaldeasturias.com\/noticias\/author\/admin\/","name":"El Digital de Asturias","image":{"@type":"ImageObject","@id":"https:\/\/www.eldigitaldeasturias.com\/noticias\/la-confianza-del-consumidor-cae-83-puntos-en-enero\/#authorImage","url":"https:\/\/www.eldigitaldeasturias.com\/noticias\/wp-content\/litespeed\/avatar\/18677e78aa0546b92d9dbf31ec7d7668.jpg?ver=1777290358","width":96,"height":96,"caption":"El Digital de Asturias"}},{"@type":"WebPage","@id":"https:\/\/www.eldigitaldeasturias.com\/noticias\/la-confianza-del-consumidor-cae-83-puntos-en-enero\/#webpage","url":"https:\/\/www.eldigitaldeasturias.com\/noticias\/la-confianza-del-consumidor-cae-83-puntos-en-enero\/","name":"La confianza del consumidor cae 8,3 puntos en enero - El Digital de Asturias","description":"La confianza del consumidor cay\u00f3 8,3 puntos el pasado mes de enero en relaci\u00f3n al mes anterior, hasta situarse en 99,1 puntos, arrastrada por el \"fuerte\" retroceso de las expectativas y por la peor valoraci\u00f3n de la situaci\u00f3n actual, seg\u00fan los datos publicados este mi\u00e9rcoles por el Centro de Investigaciones Sociol\u00f3gicas (CIS). En concreto, el","inLanguage":"es-ES","isPartOf":{"@id":"https:\/\/www.eldigitaldeasturias.com\/noticias\/#website"},"breadcrumb":{"@id":"https:\/\/www.eldigitaldeasturias.com\/noticias\/la-confianza-del-consumidor-cae-83-puntos-en-enero\/#breadcrumblist"},"author":{"@id":"https:\/\/www.eldigitaldeasturias.com\/noticias\/author\/admin\/#author"},"creator":{"@id":"https:\/\/www.eldigitaldeasturias.com\/noticias\/author\/admin\/#author"},"image":{"@type":"ImageObject","url":"https:\/\/www.eldigitaldeasturias.com\/noticias\/wp-content\/uploads\/2016\/02\/fotonoticia_20160203155842_800.jpg","@id":"https:\/\/www.eldigitaldeasturias.com\/noticias\/la-confianza-del-consumidor-cae-83-puntos-en-enero\/#mainImage","width":800,"height":534},"primaryImageOfPage":{"@id":"https:\/\/www.eldigitaldeasturias.com\/noticias\/la-confianza-del-consumidor-cae-83-puntos-en-enero\/#mainImage"},"datePublished":"2016-02-04T03:43:53+01:00","dateModified":"2016-02-04T03:43:53+01:00"},{"@type":"WebSite","@id":"https:\/\/www.eldigitaldeasturias.com\/noticias\/#website","url":"https:\/\/www.eldigitaldeasturias.com\/noticias\/","name":"El Digital de Asturias - Diario de actualidad y noticias","alternateName":"El Digital de Asturias - Diario de actualidad y noticias","description":"Hemeroteca","inLanguage":"es-ES","publisher":{"@id":"https:\/\/www.eldigitaldeasturias.com\/noticias\/#organization"}}]},"og:locale":"es_ES","og:site_name":"El Digital de Asturias","og:type":"article","og:title":"La confianza del consumidor cae 8,3 puntos en enero - El Digital de Asturias","og:description":"La confianza del consumidor cay\u00f3 8,3 puntos el pasado mes de enero en relaci\u00f3n al mes anterior, hasta situarse en 99,1 puntos, arrastrada por el &quot;fuerte&quot; retroceso de las expectativas y por la peor valoraci\u00f3n de la situaci\u00f3n actual, seg\u00fan los datos publicados este mi\u00e9rcoles por el Centro de Investigaciones Sociol\u00f3gicas (CIS). En concreto, el","og:url":"https:\/\/www.eldigitaldeasturias.com\/noticias\/la-confianza-del-consumidor-cae-83-puntos-en-enero\/","og:image":"https:\/\/www.eldigitaldeasturias.com\/noticias\/wp-content\/uploads\/2016\/02\/fotonoticia_20160203155842_800.jpg","og:image:secure_url":"https:\/\/www.eldigitaldeasturias.com\/noticias\/wp-content\/uploads\/2016\/02\/fotonoticia_20160203155842_800.jpg","og:image:width":800,"og:image:height":534,"article:tag":["actualidad"],"article:published_time":"2016-02-04T03:43:53+00:00","article:modified_time":"2016-02-04T03:43:53+00:00","article:publisher":"https:\/\/facebook.com\/eldigitaldeasturias","twitter:card":"summary_large_image","twitter:title":"La confianza del consumidor cae 8,3 puntos en enero - El Digital de Asturias","twitter:description":"La confianza del consumidor cay\u00f3 8,3 puntos el pasado mes de enero en relaci\u00f3n al mes anterior, hasta situarse en 99,1 puntos, arrastrada por el &quot;fuerte&quot; retroceso de las expectativas y por la peor valoraci\u00f3n de la situaci\u00f3n actual, seg\u00fan los datos publicados este mi\u00e9rcoles por el Centro de Investigaciones Sociol\u00f3gicas (CIS). En concreto, el","twitter:image":"https:\/\/www.eldigitaldeasturias.com\/noticias\/wp-content\/uploads\/2016\/02\/fotonoticia_20160203155842_800.jpg","twitter:label1":"Escrito por","twitter:data1":"El Digital de Asturias","twitter:label2":"Tiempo de lectura estimado","twitter:data2":"4 minutos"},"aioseo_meta_data":{"post_id":"853687","title":null,"description":null,"keywords":null,"keyphrases":null,"primary_term":null,"canonical_url":null,"og_title":null,"og_description":null,"og_object_type":"default","og_image_type":"default","og_image_url":null,"og_image_width":null,"og_image_height":null,"og_image_custom_url":null,"og_image_custom_fields":null,"og_video":null,"og_custom_url":null,"og_article_section":null,"og_article_tags":null,"twitter_use_og":false,"twitter_card":"default","twitter_image_type":"default","twitter_image_url":null,"twitter_image_custom_url":null,"twitter_image_custom_fields":null,"twitter_title":null,"twitter_description":null,"schema":{"blockGraphs":[],"customGraphs":[],"default":{"data":{"Article":[],"Course":[],"Dataset":[],"FAQPage":[],"Movie":[],"Person":[],"Product":[],"ProductReview":[],"Car":[],"Recipe":[],"Service":[],"SoftwareApplication":[],"WebPage":[]},"graphName":"","isEnabled":true},"graphs":[],"defaultGraph":"","defaultPostTypeGraph":""},"schema_type":null,"schema_type_options":null,"pillar_content":false,"robots_default":true,"robots_noindex":false,"robots_noarchive":false,"robots_nosnippet":false,"robots_nofollow":false,"robots_noimageindex":false,"robots_noodp":false,"robots_notranslate":false,"robots_max_snippet":null,"robots_max_videopreview":null,"robots_max_imagepreview":"large","priority":null,"frequency":null,"local_seo":null,"seo_analyzer_scan_date":"2025-12-09 18:58:23","breadcrumb_settings":null,"limit_modified_date":false,"open_ai":null,"ai":null,"created":"2021-01-22 13:24:02","updated":"2025-12-09 18:58:23"},"aioseo_breadcrumb":"<div class=\"aioseo-breadcrumbs\"><span class=\"aioseo-breadcrumb\">\n\t<a href=\"https:\/\/www.eldigitaldeasturias.com\/noticias\" title=\"Home\">Home<\/a>\n<\/span><span class=\"aioseo-breadcrumb-separator\">\u2013<\/span><span class=\"aioseo-breadcrumb\">\n\t<a href=\"https:\/\/www.eldigitaldeasturias.com\/noticias\/category\/actualidad\/\" title=\"Actualidad\">Actualidad<\/a>\n<\/span><span class=\"aioseo-breadcrumb-separator\">\u2013<\/span><span class=\"aioseo-breadcrumb\">\n\t<a href=\"https:\/\/www.eldigitaldeasturias.com\/noticias\/la-confianza-del-consumidor-cae-83-puntos-en-enero\/\" title=\"La confianza del consumidor cae 8,3 puntos en enero\">La confianza del consumidor cae 8,3 puntos en enero<\/a>\n<\/span><\/div>","aioseo_breadcrumb_json":[{"label":"Home","link":"https:\/\/www.eldigitaldeasturias.com\/noticias"},{"label":"Actualidad","link":"https:\/\/www.eldigitaldeasturias.com\/noticias\/category\/actualidad\/"},{"label":"La confianza del consumidor cae 8,3 puntos en enero","link":"https:\/\/www.eldigitaldeasturias.com\/noticias\/la-confianza-del-consumidor-cae-83-puntos-en-enero\/"}],"_links":{"self":[{"href":"https:\/\/www.eldigitaldeasturias.com\/noticias\/wp-json\/wp\/v2\/posts\/853687","targetHints":{"allow":["GET"]}}],"collection":[{"href":"https:\/\/www.eldigitaldeasturias.com\/noticias\/wp-json\/wp\/v2\/posts"}],"about":[{"href":"https:\/\/www.eldigitaldeasturias.com\/noticias\/wp-json\/wp\/v2\/types\/post"}],"author":[{"embeddable":true,"href":"https:\/\/www.eldigitaldeasturias.com\/noticias\/wp-json\/wp\/v2\/users\/1"}],"replies":[{"embeddable":true,"href":"https:\/\/www.eldigitaldeasturias.com\/noticias\/wp-json\/wp\/v2\/comments?post=853687"}],"version-history":[{"count":0,"href":"https:\/\/www.eldigitaldeasturias.com\/noticias\/wp-json\/wp\/v2\/posts\/853687\/revisions"}],"wp:featuredmedia":[{"embeddable":true,"href":"https:\/\/www.eldigitaldeasturias.com\/noticias\/wp-json\/wp\/v2\/media\/853688"}],"wp:attachment":[{"href":"https:\/\/www.eldigitaldeasturias.com\/noticias\/wp-json\/wp\/v2\/media?parent=853687"}],"wp:term":[{"taxonomy":"category","embeddable":true,"href":"https:\/\/www.eldigitaldeasturias.com\/noticias\/wp-json\/wp\/v2\/categories?post=853687"},{"taxonomy":"post_tag","embeddable":true,"href":"https:\/\/www.eldigitaldeasturias.com\/noticias\/wp-json\/wp\/v2\/tags?post=853687"}],"curies":[{"name":"wp","href":"https:\/\/api.w.org\/{rel}","templated":true}]}}