{"id":853670,"date":"2016-02-04T03:31:15","date_gmt":"2016-02-04T03:31:15","guid":{"rendered":"http:\/\/www.eldigitaldeasturias.com\/noticias\/?p=853670"},"modified":"2016-02-04T03:31:15","modified_gmt":"2016-02-04T03:31:15","slug":"la-popularidad-de-hollande-cae-diez-puntos-en-un-mes","status":"publish","type":"post","link":"https:\/\/www.eldigitaldeasturias.com\/noticias\/la-popularidad-de-hollande-cae-diez-puntos-en-un-mes\/","title":{"rendered":"La popularidad de Hollande cae diez puntos en un mes"},"content":{"rendered":"<p><img loading=\"lazy\" decoding=\"async\" class=\"alignleft size-medium wp-image-853671\" src=\"https:\/\/www.eldigitaldeasturias.com\/noticias\/wp-content\/uploads\/2016\/02\/fotonoticia_20160203140245_800-360x237.jpg\" alt=\"fotonoticia_20160203140245_800\" width=\"360\" height=\"237\" srcset=\"https:\/\/www.eldigitaldeasturias.com\/noticias\/wp-content\/uploads\/2016\/02\/fotonoticia_20160203140245_800-360x237.jpg 360w, https:\/\/www.eldigitaldeasturias.com\/noticias\/wp-content\/uploads\/2016\/02\/fotonoticia_20160203140245_800-768x506.jpg 768w, https:\/\/www.eldigitaldeasturias.com\/noticias\/wp-content\/uploads\/2016\/02\/fotonoticia_20160203140245_800-650x428.jpg 650w, https:\/\/www.eldigitaldeasturias.com\/noticias\/wp-content\/uploads\/2016\/02\/fotonoticia_20160203140245_800-84x55.jpg 84w, https:\/\/www.eldigitaldeasturias.com\/noticias\/wp-content\/uploads\/2016\/02\/fotonoticia_20160203140245_800-49x32.jpg 49w, https:\/\/www.eldigitaldeasturias.com\/noticias\/wp-content\/uploads\/2016\/02\/fotonoticia_20160203140245_800.jpg 800w\" sizes=\"auto, (max-width: 360px) 100vw, 360px\" \/>El Gobierno de Francia ha solicitado este mi\u00e9rcoles formalmente la prolongaci\u00f3n, tres meses m\u00e1s, del estado de emergencia decretado por el presidente, Fran\u00e7ois Hollande, tras la cadena de atentados perpetrada por el grupo Estado Isl\u00e1mico el 13 de noviembre en Par\u00eds.<\/p>\n<p>El portavoz del Ejecutivo, St\u00e9phane Le Foll, ha explicado al t\u00e9rmino del Consejo de Ministros que el Gobierno solicita la pr\u00f3rroga hasta la puesta en marcha de los nuevos procedimientos judiciales, con los que el Gobierno quiere reforzar la lucha antiterrorista.<\/p>\n<p>La solicitud ser\u00e1 examinada en primera lectura por los senadores el pr\u00f3ximo martes, mientras que a la Asamblea Nacional llegar\u00e1 el 16 de febrero, seg\u00fan informan los medios galos.<\/p>\n<p>El estado de emergencia bajo el que vive Francia a ra\u00edz de los atentados del 13-N contempla medidas excepcionales principalmente en el \u00e1mbito de la seguridad, a costa muchas de ellas de recortes en ciertas libertades.<\/p>\n<p>Le Foll ha defendido que es \u00ab\u00fatil en la lucha contra el terrorismo\u00bb, especialmente en un momento en el que el riesgo es \u00abextremadamente elevado\u00bb. El portavoz ha respondido a quienes critican la falta de garant\u00edas judiciales y ha insistido en que se aplica \u00abcon respeto\u00bb a la ley.<\/p>\n<p>POPULARIDAD<\/p>\n<p>Los atentados de noviembre reforzaron la imagen presidencial de Hollande, pero conforme han ido pasando los meses su popularidad ha regresado a los niveles previos al 13-N. Una encuesta elaborada por Ifop-Fiducial sit\u00faa el nivel de apoyo en el 26 por ciento, diez puntos menos que hace un mes.<\/p>\n<p>El sondeo, elaborado para la revista &#8216;Paris Match&#8217; y la emisora Sud Radio, recoge que tres de cada cuatro franceses no respaldan la gesti\u00f3n del presidente, si bien todav\u00eda hay un 63 por ciento que consideran que Hollande \u00abdefiende bien los intereses de Francia en el extranjero\u00bb.<\/p>\n<p>El declive de Hollande contrasta con el aguante del primer ministro, Manuel Valls, que pese a caer cuatro puntos en popularidad se mantiene en el 44 por ciento. Un 53 por ciento de las personas entrevistadas consideran que el actual jefe de Gobierno desempe\u00f1ar\u00e1 un papel m\u00e1s importante en la pol\u00edtica gala durante los pr\u00f3ximos a\u00f1os.<\/p>\n","protected":false},"excerpt":{"rendered":"<p>El Gobierno de Francia ha solicitado este mi\u00e9rcoles formalmente la prolongaci\u00f3n, tres meses m\u00e1s, del estado de emergencia decretado por el presidente, Fran\u00e7ois Hollande, tras la cadena de atentados perpetrada por el grupo Estado Isl\u00e1mico el 13 de noviembre en Par\u00eds. El portavoz del Ejecutivo, St\u00e9phane Le Foll, ha explicado al t\u00e9rmino del Consejo de [&hellip;]<\/p>\n","protected":false},"author":1,"featured_media":853671,"comment_status":"closed","ping_status":"closed","sticky":false,"template":"","format":"standard","meta":{"footnotes":""},"categories":[1],"tags":[],"class_list":["post-853670","post","type-post","status-publish","format-standard","has-post-thumbnail","hentry","category-actualidad"],"aioseo_notices":[],"aioseo_head":"\n\t\t<!-- All in One SEO Pro 4.9.6.2 - aioseo.com -->\n\t<meta name=\"description\" content=\"El Gobierno de Francia ha solicitado este mi\u00e9rcoles formalmente la prolongaci\u00f3n, tres meses m\u00e1s, del estado de emergencia decretado por el presidente, Fran\u00e7ois Hollande, tras la cadena de atentados perpetrada por el grupo Estado Isl\u00e1mico el 13 de noviembre en Par\u00eds. El portavoz del Ejecutivo, St\u00e9phane Le Foll, ha explicado al t\u00e9rmino del Consejo de\" \/>\n\t<meta name=\"robots\" content=\"max-image-preview:large\" \/>\n\t<meta name=\"author\" content=\"El Digital de Asturias\"\/>\n\t<meta name=\"google-site-verification\" content=\"UA-38556648-1\" \/>\n\t<meta name=\"msvalidate.01\" content=\"7dfe9f3f1b24437ab69f4f2559babe99\" \/>\n\t<meta name=\"keywords\" content=\"actualidad\" \/>\n\t<link rel=\"canonical\" href=\"https:\/\/www.eldigitaldeasturias.com\/noticias\/la-popularidad-de-hollande-cae-diez-puntos-en-un-mes\/\" \/>\n\t<meta name=\"generator\" content=\"All in One SEO Pro (AIOSEO) 4.9.6.2\" \/>\n\t\t<meta property=\"og:locale\" content=\"es_ES\" \/>\n\t\t<meta property=\"og:site_name\" content=\"El Digital de Asturias\" \/>\n\t\t<meta property=\"og:type\" content=\"article\" \/>\n\t\t<meta property=\"og:title\" content=\"La popularidad de Hollande cae diez puntos en un mes - El Digital de Asturias\" \/>\n\t\t<meta property=\"og:description\" content=\"El Gobierno de Francia ha solicitado este mi\u00e9rcoles formalmente la prolongaci\u00f3n, tres meses m\u00e1s, del estado de emergencia decretado por el presidente, Fran\u00e7ois Hollande, tras la cadena de atentados perpetrada por el grupo Estado Isl\u00e1mico el 13 de noviembre en Par\u00eds. El portavoz del Ejecutivo, St\u00e9phane Le Foll, ha explicado al t\u00e9rmino del Consejo de\" \/>\n\t\t<meta property=\"og:url\" content=\"https:\/\/www.eldigitaldeasturias.com\/noticias\/la-popularidad-de-hollande-cae-diez-puntos-en-un-mes\/\" \/>\n\t\t<meta property=\"og:image\" content=\"https:\/\/www.eldigitaldeasturias.com\/noticias\/wp-content\/uploads\/2016\/02\/fotonoticia_20160203140245_800.jpg\" \/>\n\t\t<meta property=\"og:image:secure_url\" content=\"https:\/\/www.eldigitaldeasturias.com\/noticias\/wp-content\/uploads\/2016\/02\/fotonoticia_20160203140245_800.jpg\" \/>\n\t\t<meta property=\"og:image:width\" content=\"800\" \/>\n\t\t<meta property=\"og:image:height\" content=\"527\" \/>\n\t\t<meta property=\"article:tag\" content=\"actualidad\" \/>\n\t\t<meta property=\"article:published_time\" content=\"2016-02-04T03:31:15+00:00\" \/>\n\t\t<meta property=\"article:modified_time\" content=\"2016-02-04T03:31:15+00:00\" \/>\n\t\t<meta property=\"article:publisher\" content=\"https:\/\/facebook.com\/eldigitaldeasturias\" \/>\n\t\t<meta name=\"twitter:card\" content=\"summary_large_image\" \/>\n\t\t<meta name=\"twitter:title\" content=\"La popularidad de Hollande cae diez puntos en un mes - El Digital de Asturias\" \/>\n\t\t<meta name=\"twitter:description\" content=\"El Gobierno de Francia ha solicitado este mi\u00e9rcoles formalmente la prolongaci\u00f3n, tres meses m\u00e1s, del estado de emergencia decretado por el presidente, Fran\u00e7ois Hollande, tras la cadena de atentados perpetrada por el grupo Estado Isl\u00e1mico el 13 de noviembre en Par\u00eds. El portavoz del Ejecutivo, St\u00e9phane Le Foll, ha explicado al t\u00e9rmino del Consejo de\" \/>\n\t\t<meta name=\"twitter:image\" content=\"https:\/\/www.eldigitaldeasturias.com\/noticias\/wp-content\/uploads\/2016\/02\/fotonoticia_20160203140245_800.jpg\" \/>\n\t\t<meta name=\"twitter:label1\" content=\"Escrito por\" \/>\n\t\t<meta name=\"twitter:data1\" content=\"El Digital de Asturias\" \/>\n\t\t<meta name=\"twitter:label2\" content=\"Tiempo de lectura estimado\" \/>\n\t\t<meta name=\"twitter:data2\" content=\"2 minutos\" \/>\n\t\t<script type=\"application\/ld+json\" class=\"aioseo-schema\">\n\t\t\t{\"@context\":\"https:\\\/\\\/schema.org\",\"@graph\":[{\"@type\":\"BlogPosting\",\"@id\":\"https:\\\/\\\/www.eldigitaldeasturias.com\\\/noticias\\\/la-popularidad-de-hollande-cae-diez-puntos-en-un-mes\\\/#blogposting\",\"name\":\"La popularidad de Hollande cae diez puntos en un mes - El Digital de Asturias\",\"headline\":\"La popularidad de Hollande cae diez puntos en un mes\",\"author\":{\"@id\":\"https:\\\/\\\/www.eldigitaldeasturias.com\\\/noticias\\\/author\\\/admin\\\/#author\"},\"publisher\":{\"@id\":\"https:\\\/\\\/www.eldigitaldeasturias.com\\\/noticias\\\/#organization\"},\"image\":{\"@type\":\"ImageObject\",\"url\":\"https:\\\/\\\/www.eldigitaldeasturias.com\\\/noticias\\\/wp-content\\\/uploads\\\/2016\\\/02\\\/fotonoticia_20160203140245_800.jpg\",\"width\":800,\"height\":527},\"datePublished\":\"2016-02-04T03:31:15+01:00\",\"dateModified\":\"2016-02-04T03:31:15+01:00\",\"inLanguage\":\"es-ES\",\"mainEntityOfPage\":{\"@id\":\"https:\\\/\\\/www.eldigitaldeasturias.com\\\/noticias\\\/la-popularidad-de-hollande-cae-diez-puntos-en-un-mes\\\/#webpage\"},\"isPartOf\":{\"@id\":\"https:\\\/\\\/www.eldigitaldeasturias.com\\\/noticias\\\/la-popularidad-de-hollande-cae-diez-puntos-en-un-mes\\\/#webpage\"},\"articleSection\":\"Actualidad\"},{\"@type\":\"BreadcrumbList\",\"@id\":\"https:\\\/\\\/www.eldigitaldeasturias.com\\\/noticias\\\/la-popularidad-de-hollande-cae-diez-puntos-en-un-mes\\\/#breadcrumblist\",\"itemListElement\":[{\"@type\":\"ListItem\",\"@id\":\"https:\\\/\\\/www.eldigitaldeasturias.com\\\/noticias#listItem\",\"position\":1,\"name\":\"Home\",\"item\":\"https:\\\/\\\/www.eldigitaldeasturias.com\\\/noticias\",\"nextItem\":{\"@type\":\"ListItem\",\"@id\":\"https:\\\/\\\/www.eldigitaldeasturias.com\\\/noticias\\\/category\\\/actualidad\\\/#listItem\",\"name\":\"Actualidad\"}},{\"@type\":\"ListItem\",\"@id\":\"https:\\\/\\\/www.eldigitaldeasturias.com\\\/noticias\\\/category\\\/actualidad\\\/#listItem\",\"position\":2,\"name\":\"Actualidad\",\"item\":\"https:\\\/\\\/www.eldigitaldeasturias.com\\\/noticias\\\/category\\\/actualidad\\\/\",\"nextItem\":{\"@type\":\"ListItem\",\"@id\":\"https:\\\/\\\/www.eldigitaldeasturias.com\\\/noticias\\\/la-popularidad-de-hollande-cae-diez-puntos-en-un-mes\\\/#listItem\",\"name\":\"La popularidad de Hollande cae diez puntos en un mes\"},\"previousItem\":{\"@type\":\"ListItem\",\"@id\":\"https:\\\/\\\/www.eldigitaldeasturias.com\\\/noticias#listItem\",\"name\":\"Home\"}},{\"@type\":\"ListItem\",\"@id\":\"https:\\\/\\\/www.eldigitaldeasturias.com\\\/noticias\\\/la-popularidad-de-hollande-cae-diez-puntos-en-un-mes\\\/#listItem\",\"position\":3,\"name\":\"La popularidad de Hollande cae diez puntos en un mes\",\"previousItem\":{\"@type\":\"ListItem\",\"@id\":\"https:\\\/\\\/www.eldigitaldeasturias.com\\\/noticias\\\/category\\\/actualidad\\\/#listItem\",\"name\":\"Actualidad\"}}]},{\"@type\":\"Organization\",\"@id\":\"https:\\\/\\\/www.eldigitaldeasturias.com\\\/noticias\\\/#organization\",\"name\":\"El Digital de Asturias\",\"description\":\"Hemeroteca\",\"url\":\"https:\\\/\\\/www.eldigitaldeasturias.com\\\/noticias\\\/\",\"email\":\"info@eldigitaldeasturias.com\",\"telephone\":\"+34652131393\",\"logo\":{\"@type\":\"ImageObject\",\"url\":\"https:\\\/\\\/www.eldigitaldeasturias.com\\\/noticias\\\/wp-content\\\/uploads\\\/2020\\\/12\\\/EDA.jpg\",\"@id\":\"https:\\\/\\\/www.eldigitaldeasturias.com\\\/noticias\\\/la-popularidad-de-hollande-cae-diez-puntos-en-un-mes\\\/#organizationLogo\",\"width\":649,\"height\":297},\"image\":{\"@id\":\"https:\\\/\\\/www.eldigitaldeasturias.com\\\/noticias\\\/la-popularidad-de-hollande-cae-diez-puntos-en-un-mes\\\/#organizationLogo\"},\"sameAs\":[\"https:\\\/\\\/facebook.com\\\/eldigitaldeasturias\",\"https:\\\/\\\/www.youtube.com\\\/channel\\\/UCZP-2wLEB9Rv6erhFmqVnvg\"],\"address\":{\"@id\":\"https:\\\/\\\/www.eldigitaldeasturias.com\\\/noticias\\\/#postaladdress\",\"@type\":\"PostalAddress\",\"streetAddress\":\"san antonio 4,\",\"postalCode\":\"33430\",\"addressLocality\":\"Cand\\u00e1s\",\"addressRegion\":\"Asturias\",\"addressCountry\":\"ES\"}},{\"@type\":\"Person\",\"@id\":\"https:\\\/\\\/www.eldigitaldeasturias.com\\\/noticias\\\/author\\\/admin\\\/#author\",\"url\":\"https:\\\/\\\/www.eldigitaldeasturias.com\\\/noticias\\\/author\\\/admin\\\/\",\"name\":\"El Digital de Asturias\",\"image\":{\"@type\":\"ImageObject\",\"@id\":\"https:\\\/\\\/www.eldigitaldeasturias.com\\\/noticias\\\/la-popularidad-de-hollande-cae-diez-puntos-en-un-mes\\\/#authorImage\",\"url\":\"https:\\\/\\\/www.eldigitaldeasturias.com\\\/noticias\\\/wp-content\\\/litespeed\\\/avatar\\\/18677e78aa0546b92d9dbf31ec7d7668.jpg?ver=1777290358\",\"width\":96,\"height\":96,\"caption\":\"El Digital de Asturias\"}},{\"@type\":\"WebPage\",\"@id\":\"https:\\\/\\\/www.eldigitaldeasturias.com\\\/noticias\\\/la-popularidad-de-hollande-cae-diez-puntos-en-un-mes\\\/#webpage\",\"url\":\"https:\\\/\\\/www.eldigitaldeasturias.com\\\/noticias\\\/la-popularidad-de-hollande-cae-diez-puntos-en-un-mes\\\/\",\"name\":\"La popularidad de Hollande cae diez puntos en un mes - El Digital de Asturias\",\"description\":\"El Gobierno de Francia ha solicitado este mi\\u00e9rcoles formalmente la prolongaci\\u00f3n, tres meses m\\u00e1s, del estado de emergencia decretado por el presidente, Fran\\u00e7ois Hollande, tras la cadena de atentados perpetrada por el grupo Estado Isl\\u00e1mico el 13 de noviembre en Par\\u00eds. El portavoz del Ejecutivo, St\\u00e9phane Le Foll, ha explicado al t\\u00e9rmino del Consejo de\",\"inLanguage\":\"es-ES\",\"isPartOf\":{\"@id\":\"https:\\\/\\\/www.eldigitaldeasturias.com\\\/noticias\\\/#website\"},\"breadcrumb\":{\"@id\":\"https:\\\/\\\/www.eldigitaldeasturias.com\\\/noticias\\\/la-popularidad-de-hollande-cae-diez-puntos-en-un-mes\\\/#breadcrumblist\"},\"author\":{\"@id\":\"https:\\\/\\\/www.eldigitaldeasturias.com\\\/noticias\\\/author\\\/admin\\\/#author\"},\"creator\":{\"@id\":\"https:\\\/\\\/www.eldigitaldeasturias.com\\\/noticias\\\/author\\\/admin\\\/#author\"},\"image\":{\"@type\":\"ImageObject\",\"url\":\"https:\\\/\\\/www.eldigitaldeasturias.com\\\/noticias\\\/wp-content\\\/uploads\\\/2016\\\/02\\\/fotonoticia_20160203140245_800.jpg\",\"@id\":\"https:\\\/\\\/www.eldigitaldeasturias.com\\\/noticias\\\/la-popularidad-de-hollande-cae-diez-puntos-en-un-mes\\\/#mainImage\",\"width\":800,\"height\":527},\"primaryImageOfPage\":{\"@id\":\"https:\\\/\\\/www.eldigitaldeasturias.com\\\/noticias\\\/la-popularidad-de-hollande-cae-diez-puntos-en-un-mes\\\/#mainImage\"},\"datePublished\":\"2016-02-04T03:31:15+01:00\",\"dateModified\":\"2016-02-04T03:31:15+01:00\"},{\"@type\":\"WebSite\",\"@id\":\"https:\\\/\\\/www.eldigitaldeasturias.com\\\/noticias\\\/#website\",\"url\":\"https:\\\/\\\/www.eldigitaldeasturias.com\\\/noticias\\\/\",\"name\":\"El Digital de Asturias - Diario de actualidad y noticias\",\"alternateName\":\"El Digital de Asturias - Diario de actualidad y noticias\",\"description\":\"Hemeroteca\",\"inLanguage\":\"es-ES\",\"publisher\":{\"@id\":\"https:\\\/\\\/www.eldigitaldeasturias.com\\\/noticias\\\/#organization\"}}]}\n\t\t<\/script>\n\t\t<!-- All in One SEO Pro -->\r\n\t\t<title>La popularidad de Hollande cae diez puntos en un mes - El Digital de Asturias<\/title>\n\n","aioseo_head_json":{"title":"La popularidad de Hollande cae diez puntos en un mes - El Digital de Asturias","description":"El Gobierno de Francia ha solicitado este mi\u00e9rcoles formalmente la prolongaci\u00f3n, tres meses m\u00e1s, del estado de emergencia decretado por el presidente, Fran\u00e7ois Hollande, tras la cadena de atentados perpetrada por el grupo Estado Isl\u00e1mico el 13 de noviembre en Par\u00eds. El portavoz del Ejecutivo, St\u00e9phane Le Foll, ha explicado al t\u00e9rmino del Consejo de","canonical_url":"https:\/\/www.eldigitaldeasturias.com\/noticias\/la-popularidad-de-hollande-cae-diez-puntos-en-un-mes\/","robots":"max-image-preview:large","keywords":"actualidad","webmasterTools":{"google-site-verification":"UA-38556648-1","msvalidate.01":"7dfe9f3f1b24437ab69f4f2559babe99","miscellaneous":""},"schema":{"@context":"https:\/\/schema.org","@graph":[{"@type":"BlogPosting","@id":"https:\/\/www.eldigitaldeasturias.com\/noticias\/la-popularidad-de-hollande-cae-diez-puntos-en-un-mes\/#blogposting","name":"La popularidad de Hollande cae diez puntos en un mes - El Digital de Asturias","headline":"La popularidad de Hollande cae diez puntos en un mes","author":{"@id":"https:\/\/www.eldigitaldeasturias.com\/noticias\/author\/admin\/#author"},"publisher":{"@id":"https:\/\/www.eldigitaldeasturias.com\/noticias\/#organization"},"image":{"@type":"ImageObject","url":"https:\/\/www.eldigitaldeasturias.com\/noticias\/wp-content\/uploads\/2016\/02\/fotonoticia_20160203140245_800.jpg","width":800,"height":527},"datePublished":"2016-02-04T03:31:15+01:00","dateModified":"2016-02-04T03:31:15+01:00","inLanguage":"es-ES","mainEntityOfPage":{"@id":"https:\/\/www.eldigitaldeasturias.com\/noticias\/la-popularidad-de-hollande-cae-diez-puntos-en-un-mes\/#webpage"},"isPartOf":{"@id":"https:\/\/www.eldigitaldeasturias.com\/noticias\/la-popularidad-de-hollande-cae-diez-puntos-en-un-mes\/#webpage"},"articleSection":"Actualidad"},{"@type":"BreadcrumbList","@id":"https:\/\/www.eldigitaldeasturias.com\/noticias\/la-popularidad-de-hollande-cae-diez-puntos-en-un-mes\/#breadcrumblist","itemListElement":[{"@type":"ListItem","@id":"https:\/\/www.eldigitaldeasturias.com\/noticias#listItem","position":1,"name":"Home","item":"https:\/\/www.eldigitaldeasturias.com\/noticias","nextItem":{"@type":"ListItem","@id":"https:\/\/www.eldigitaldeasturias.com\/noticias\/category\/actualidad\/#listItem","name":"Actualidad"}},{"@type":"ListItem","@id":"https:\/\/www.eldigitaldeasturias.com\/noticias\/category\/actualidad\/#listItem","position":2,"name":"Actualidad","item":"https:\/\/www.eldigitaldeasturias.com\/noticias\/category\/actualidad\/","nextItem":{"@type":"ListItem","@id":"https:\/\/www.eldigitaldeasturias.com\/noticias\/la-popularidad-de-hollande-cae-diez-puntos-en-un-mes\/#listItem","name":"La popularidad de Hollande cae diez puntos en un mes"},"previousItem":{"@type":"ListItem","@id":"https:\/\/www.eldigitaldeasturias.com\/noticias#listItem","name":"Home"}},{"@type":"ListItem","@id":"https:\/\/www.eldigitaldeasturias.com\/noticias\/la-popularidad-de-hollande-cae-diez-puntos-en-un-mes\/#listItem","position":3,"name":"La popularidad de Hollande cae diez puntos en un mes","previousItem":{"@type":"ListItem","@id":"https:\/\/www.eldigitaldeasturias.com\/noticias\/category\/actualidad\/#listItem","name":"Actualidad"}}]},{"@type":"Organization","@id":"https:\/\/www.eldigitaldeasturias.com\/noticias\/#organization","name":"El Digital de Asturias","description":"Hemeroteca","url":"https:\/\/www.eldigitaldeasturias.com\/noticias\/","email":"info@eldigitaldeasturias.com","telephone":"+34652131393","logo":{"@type":"ImageObject","url":"https:\/\/www.eldigitaldeasturias.com\/noticias\/wp-content\/uploads\/2020\/12\/EDA.jpg","@id":"https:\/\/www.eldigitaldeasturias.com\/noticias\/la-popularidad-de-hollande-cae-diez-puntos-en-un-mes\/#organizationLogo","width":649,"height":297},"image":{"@id":"https:\/\/www.eldigitaldeasturias.com\/noticias\/la-popularidad-de-hollande-cae-diez-puntos-en-un-mes\/#organizationLogo"},"sameAs":["https:\/\/facebook.com\/eldigitaldeasturias","https:\/\/www.youtube.com\/channel\/UCZP-2wLEB9Rv6erhFmqVnvg"],"address":{"@id":"https:\/\/www.eldigitaldeasturias.com\/noticias\/#postaladdress","@type":"PostalAddress","streetAddress":"san antonio 4,","postalCode":"33430","addressLocality":"Cand\u00e1s","addressRegion":"Asturias","addressCountry":"ES"}},{"@type":"Person","@id":"https:\/\/www.eldigitaldeasturias.com\/noticias\/author\/admin\/#author","url":"https:\/\/www.eldigitaldeasturias.com\/noticias\/author\/admin\/","name":"El Digital de Asturias","image":{"@type":"ImageObject","@id":"https:\/\/www.eldigitaldeasturias.com\/noticias\/la-popularidad-de-hollande-cae-diez-puntos-en-un-mes\/#authorImage","url":"https:\/\/www.eldigitaldeasturias.com\/noticias\/wp-content\/litespeed\/avatar\/18677e78aa0546b92d9dbf31ec7d7668.jpg?ver=1777290358","width":96,"height":96,"caption":"El Digital de Asturias"}},{"@type":"WebPage","@id":"https:\/\/www.eldigitaldeasturias.com\/noticias\/la-popularidad-de-hollande-cae-diez-puntos-en-un-mes\/#webpage","url":"https:\/\/www.eldigitaldeasturias.com\/noticias\/la-popularidad-de-hollande-cae-diez-puntos-en-un-mes\/","name":"La popularidad de Hollande cae diez puntos en un mes - El Digital de Asturias","description":"El Gobierno de Francia ha solicitado este mi\u00e9rcoles formalmente la prolongaci\u00f3n, tres meses m\u00e1s, del estado de emergencia decretado por el presidente, Fran\u00e7ois Hollande, tras la cadena de atentados perpetrada por el grupo Estado Isl\u00e1mico el 13 de noviembre en Par\u00eds. El portavoz del Ejecutivo, St\u00e9phane Le Foll, ha explicado al t\u00e9rmino del Consejo de","inLanguage":"es-ES","isPartOf":{"@id":"https:\/\/www.eldigitaldeasturias.com\/noticias\/#website"},"breadcrumb":{"@id":"https:\/\/www.eldigitaldeasturias.com\/noticias\/la-popularidad-de-hollande-cae-diez-puntos-en-un-mes\/#breadcrumblist"},"author":{"@id":"https:\/\/www.eldigitaldeasturias.com\/noticias\/author\/admin\/#author"},"creator":{"@id":"https:\/\/www.eldigitaldeasturias.com\/noticias\/author\/admin\/#author"},"image":{"@type":"ImageObject","url":"https:\/\/www.eldigitaldeasturias.com\/noticias\/wp-content\/uploads\/2016\/02\/fotonoticia_20160203140245_800.jpg","@id":"https:\/\/www.eldigitaldeasturias.com\/noticias\/la-popularidad-de-hollande-cae-diez-puntos-en-un-mes\/#mainImage","width":800,"height":527},"primaryImageOfPage":{"@id":"https:\/\/www.eldigitaldeasturias.com\/noticias\/la-popularidad-de-hollande-cae-diez-puntos-en-un-mes\/#mainImage"},"datePublished":"2016-02-04T03:31:15+01:00","dateModified":"2016-02-04T03:31:15+01:00"},{"@type":"WebSite","@id":"https:\/\/www.eldigitaldeasturias.com\/noticias\/#website","url":"https:\/\/www.eldigitaldeasturias.com\/noticias\/","name":"El Digital de Asturias - Diario de actualidad y noticias","alternateName":"El Digital de Asturias - Diario de actualidad y noticias","description":"Hemeroteca","inLanguage":"es-ES","publisher":{"@id":"https:\/\/www.eldigitaldeasturias.com\/noticias\/#organization"}}]},"og:locale":"es_ES","og:site_name":"El Digital de Asturias","og:type":"article","og:title":"La popularidad de Hollande cae diez puntos en un mes - El Digital de Asturias","og:description":"El Gobierno de Francia ha solicitado este mi\u00e9rcoles formalmente la prolongaci\u00f3n, tres meses m\u00e1s, del estado de emergencia decretado por el presidente, Fran\u00e7ois Hollande, tras la cadena de atentados perpetrada por el grupo Estado Isl\u00e1mico el 13 de noviembre en Par\u00eds. El portavoz del Ejecutivo, St\u00e9phane Le Foll, ha explicado al t\u00e9rmino del Consejo de","og:url":"https:\/\/www.eldigitaldeasturias.com\/noticias\/la-popularidad-de-hollande-cae-diez-puntos-en-un-mes\/","og:image":"https:\/\/www.eldigitaldeasturias.com\/noticias\/wp-content\/uploads\/2016\/02\/fotonoticia_20160203140245_800.jpg","og:image:secure_url":"https:\/\/www.eldigitaldeasturias.com\/noticias\/wp-content\/uploads\/2016\/02\/fotonoticia_20160203140245_800.jpg","og:image:width":800,"og:image:height":527,"article:tag":["actualidad"],"article:published_time":"2016-02-04T03:31:15+00:00","article:modified_time":"2016-02-04T03:31:15+00:00","article:publisher":"https:\/\/facebook.com\/eldigitaldeasturias","twitter:card":"summary_large_image","twitter:title":"La popularidad de Hollande cae diez puntos en un mes - El Digital de Asturias","twitter:description":"El Gobierno de Francia ha solicitado este mi\u00e9rcoles formalmente la prolongaci\u00f3n, tres meses m\u00e1s, del estado de emergencia decretado por el presidente, Fran\u00e7ois Hollande, tras la cadena de atentados perpetrada por el grupo Estado Isl\u00e1mico el 13 de noviembre en Par\u00eds. El portavoz del Ejecutivo, St\u00e9phane Le Foll, ha explicado al t\u00e9rmino del Consejo de","twitter:image":"https:\/\/www.eldigitaldeasturias.com\/noticias\/wp-content\/uploads\/2016\/02\/fotonoticia_20160203140245_800.jpg","twitter:label1":"Escrito por","twitter:data1":"El Digital de Asturias","twitter:label2":"Tiempo de lectura estimado","twitter:data2":"2 minutos"},"aioseo_meta_data":{"post_id":"853670","title":null,"description":null,"keywords":null,"keyphrases":null,"primary_term":null,"canonical_url":null,"og_title":null,"og_description":null,"og_object_type":"default","og_image_type":"default","og_image_url":null,"og_image_width":null,"og_image_height":null,"og_image_custom_url":null,"og_image_custom_fields":null,"og_video":null,"og_custom_url":null,"og_article_section":null,"og_article_tags":null,"twitter_use_og":false,"twitter_card":"default","twitter_image_type":"default","twitter_image_url":null,"twitter_image_custom_url":null,"twitter_image_custom_fields":null,"twitter_title":null,"twitter_description":null,"schema":{"blockGraphs":[],"customGraphs":[],"default":{"data":{"Article":[],"Course":[],"Dataset":[],"FAQPage":[],"Movie":[],"Person":[],"Product":[],"ProductReview":[],"Car":[],"Recipe":[],"Service":[],"SoftwareApplication":[],"WebPage":[]},"graphName":"","isEnabled":true},"graphs":[],"defaultGraph":"","defaultPostTypeGraph":""},"schema_type":null,"schema_type_options":null,"pillar_content":false,"robots_default":true,"robots_noindex":false,"robots_noarchive":false,"robots_nosnippet":false,"robots_nofollow":false,"robots_noimageindex":false,"robots_noodp":false,"robots_notranslate":false,"robots_max_snippet":null,"robots_max_videopreview":null,"robots_max_imagepreview":"large","priority":null,"frequency":null,"local_seo":null,"seo_analyzer_scan_date":"2025-12-09 18:56:13","breadcrumb_settings":null,"limit_modified_date":false,"open_ai":null,"ai":null,"created":"2021-01-23 14:10:14","updated":"2025-12-09 18:56:13"},"aioseo_breadcrumb":"<div class=\"aioseo-breadcrumbs\"><span class=\"aioseo-breadcrumb\">\n\t<a href=\"https:\/\/www.eldigitaldeasturias.com\/noticias\" title=\"Home\">Home<\/a>\n<\/span><span class=\"aioseo-breadcrumb-separator\">\u2013<\/span><span class=\"aioseo-breadcrumb\">\n\t<a href=\"https:\/\/www.eldigitaldeasturias.com\/noticias\/category\/actualidad\/\" title=\"Actualidad\">Actualidad<\/a>\n<\/span><span class=\"aioseo-breadcrumb-separator\">\u2013<\/span><span class=\"aioseo-breadcrumb\">\n\t<a href=\"https:\/\/www.eldigitaldeasturias.com\/noticias\/la-popularidad-de-hollande-cae-diez-puntos-en-un-mes\/\" title=\"La popularidad de Hollande cae diez puntos en un mes\">La popularidad de Hollande cae diez puntos en un mes<\/a>\n<\/span><\/div>","aioseo_breadcrumb_json":[{"label":"Home","link":"https:\/\/www.eldigitaldeasturias.com\/noticias"},{"label":"Actualidad","link":"https:\/\/www.eldigitaldeasturias.com\/noticias\/category\/actualidad\/"},{"label":"La popularidad de Hollande cae diez puntos en un mes","link":"https:\/\/www.eldigitaldeasturias.com\/noticias\/la-popularidad-de-hollande-cae-diez-puntos-en-un-mes\/"}],"_links":{"self":[{"href":"https:\/\/www.eldigitaldeasturias.com\/noticias\/wp-json\/wp\/v2\/posts\/853670","targetHints":{"allow":["GET"]}}],"collection":[{"href":"https:\/\/www.eldigitaldeasturias.com\/noticias\/wp-json\/wp\/v2\/posts"}],"about":[{"href":"https:\/\/www.eldigitaldeasturias.com\/noticias\/wp-json\/wp\/v2\/types\/post"}],"author":[{"embeddable":true,"href":"https:\/\/www.eldigitaldeasturias.com\/noticias\/wp-json\/wp\/v2\/users\/1"}],"replies":[{"embeddable":true,"href":"https:\/\/www.eldigitaldeasturias.com\/noticias\/wp-json\/wp\/v2\/comments?post=853670"}],"version-history":[{"count":0,"href":"https:\/\/www.eldigitaldeasturias.com\/noticias\/wp-json\/wp\/v2\/posts\/853670\/revisions"}],"wp:featuredmedia":[{"embeddable":true,"href":"https:\/\/www.eldigitaldeasturias.com\/noticias\/wp-json\/wp\/v2\/media\/853671"}],"wp:attachment":[{"href":"https:\/\/www.eldigitaldeasturias.com\/noticias\/wp-json\/wp\/v2\/media?parent=853670"}],"wp:term":[{"taxonomy":"category","embeddable":true,"href":"https:\/\/www.eldigitaldeasturias.com\/noticias\/wp-json\/wp\/v2\/categories?post=853670"},{"taxonomy":"post_tag","embeddable":true,"href":"https:\/\/www.eldigitaldeasturias.com\/noticias\/wp-json\/wp\/v2\/tags?post=853670"}],"curies":[{"name":"wp","href":"https:\/\/api.w.org\/{rel}","templated":true}]}}