{"id":853664,"date":"2016-02-04T03:27:22","date_gmt":"2016-02-04T03:27:22","guid":{"rendered":"http:\/\/www.eldigitaldeasturias.com\/noticias\/?p=853664"},"modified":"2016-02-04T03:27:22","modified_gmt":"2016-02-04T03:27:22","slug":"prohiben-una-manifestacion-xenofoba-en-calais","status":"publish","type":"post","link":"https:\/\/www.eldigitaldeasturias.com\/noticias\/prohiben-una-manifestacion-xenofoba-en-calais\/","title":{"rendered":"Proh\u00edben una manifestaci\u00f3n xen\u00f3foba en Calais"},"content":{"rendered":"<p><img loading=\"lazy\" decoding=\"async\" class=\"alignleft size-medium wp-image-853665\" src=\"https:\/\/www.eldigitaldeasturias.com\/noticias\/wp-content\/uploads\/2016\/02\/fotonoticia_20160203125857_800-360x240.jpg\" alt=\"fotonoticia_20160203125857_800\" width=\"360\" height=\"240\" srcset=\"https:\/\/www.eldigitaldeasturias.com\/noticias\/wp-content\/uploads\/2016\/02\/fotonoticia_20160203125857_800-360x240.jpg 360w, https:\/\/www.eldigitaldeasturias.com\/noticias\/wp-content\/uploads\/2016\/02\/fotonoticia_20160203125857_800-768x513.jpg 768w, https:\/\/www.eldigitaldeasturias.com\/noticias\/wp-content\/uploads\/2016\/02\/fotonoticia_20160203125857_800-650x434.jpg 650w, https:\/\/www.eldigitaldeasturias.com\/noticias\/wp-content\/uploads\/2016\/02\/fotonoticia_20160203125857_800-84x55.jpg 84w, https:\/\/www.eldigitaldeasturias.com\/noticias\/wp-content\/uploads\/2016\/02\/fotonoticia_20160203125857_800-49x32.jpg 49w, https:\/\/www.eldigitaldeasturias.com\/noticias\/wp-content\/uploads\/2016\/02\/fotonoticia_20160203125857_800.jpg 800w\" sizes=\"auto, (max-width: 360px) 100vw, 360px\" \/>Las autoridades francesas han prohibido una manifestaci\u00f3n convocada el pr\u00f3ximo s\u00e1bado por el movimiento alem\u00e1n PEGIDA (Patriotas Europeos contra la Islamizaci\u00f3n de Occidente) en la localidad de Calais, foco precisamente de la inmigraci\u00f3n en Francia.<\/p>\n<p>PEGIDA y otros movimientos islam\u00f3fobos han convocado para el s\u00e1bado manifestaciones en 14 pa\u00edses de Europa. Sin embargo, la prefectura de Pas-de-Calais ha confirmado a la emisora France Info que prohibir\u00e1 la concentraci\u00f3n anunciada para Calais, donde se concentran cientos de inmigrantes que esperan para dar el salto a Reino Unido.<\/p>\n<p>Las autoridades han alegado que existe \u00abriesgo de enfrentamientos\u00bb entre seguidores del \u00abgrup\u00fasculo extremista\u00bb y simpatizantes de la extrema izquierda.<\/p>\n<p>PEGIDA ha crecido en popularidad con motivo de la llegada de cientos de miles de refugiados a Europa, especialmente despu\u00e9s de reunir a miles de personas en la localidad alemana de Dresde. No sin pol\u00e9mica, el movimiento ha tratado de extender su red de influencia.<\/p>\n","protected":false},"excerpt":{"rendered":"<p>Las autoridades francesas han prohibido una manifestaci\u00f3n convocada el pr\u00f3ximo s\u00e1bado por el movimiento alem\u00e1n PEGIDA (Patriotas Europeos contra la Islamizaci\u00f3n de Occidente) en la localidad de Calais, foco precisamente de la inmigraci\u00f3n en Francia. PEGIDA y otros movimientos islam\u00f3fobos han convocado para el s\u00e1bado manifestaciones en 14 pa\u00edses de Europa. Sin embargo, la prefectura [&hellip;]<\/p>\n","protected":false},"author":1,"featured_media":853665,"comment_status":"closed","ping_status":"closed","sticky":false,"template":"","format":"standard","meta":{"footnotes":""},"categories":[1],"tags":[],"class_list":["post-853664","post","type-post","status-publish","format-standard","has-post-thumbnail","hentry","category-actualidad"],"aioseo_notices":[],"aioseo_head":"\n\t\t<!-- All in One SEO Pro 4.9.6.2 - aioseo.com -->\n\t<meta name=\"description\" content=\"Las autoridades francesas han prohibido una manifestaci\u00f3n convocada el pr\u00f3ximo s\u00e1bado por el movimiento alem\u00e1n PEGIDA (Patriotas Europeos contra la Islamizaci\u00f3n de Occidente) en la localidad de Calais, foco precisamente de la inmigraci\u00f3n en Francia. PEGIDA y otros movimientos islam\u00f3fobos han convocado para el s\u00e1bado manifestaciones en 14 pa\u00edses de Europa. Sin embargo, la prefectura\" \/>\n\t<meta name=\"robots\" content=\"max-image-preview:large\" \/>\n\t<meta name=\"author\" content=\"El Digital de Asturias\"\/>\n\t<meta name=\"google-site-verification\" content=\"UA-38556648-1\" \/>\n\t<meta name=\"msvalidate.01\" content=\"7dfe9f3f1b24437ab69f4f2559babe99\" \/>\n\t<meta name=\"keywords\" content=\"actualidad\" \/>\n\t<link rel=\"canonical\" href=\"https:\/\/www.eldigitaldeasturias.com\/noticias\/prohiben-una-manifestacion-xenofoba-en-calais\/\" \/>\n\t<meta name=\"generator\" content=\"All in One SEO Pro (AIOSEO) 4.9.6.2\" \/>\n\t\t<meta property=\"og:locale\" content=\"es_ES\" \/>\n\t\t<meta property=\"og:site_name\" content=\"El Digital de Asturias\" \/>\n\t\t<meta property=\"og:type\" content=\"article\" \/>\n\t\t<meta property=\"og:title\" content=\"Proh\u00edben una manifestaci\u00f3n xen\u00f3foba en Calais - El Digital de Asturias\" \/>\n\t\t<meta property=\"og:description\" content=\"Las autoridades francesas han prohibido una manifestaci\u00f3n convocada el pr\u00f3ximo s\u00e1bado por el movimiento alem\u00e1n PEGIDA (Patriotas Europeos contra la Islamizaci\u00f3n de Occidente) en la localidad de Calais, foco precisamente de la inmigraci\u00f3n en Francia. PEGIDA y otros movimientos islam\u00f3fobos han convocado para el s\u00e1bado manifestaciones en 14 pa\u00edses de Europa. Sin embargo, la prefectura\" \/>\n\t\t<meta property=\"og:url\" content=\"https:\/\/www.eldigitaldeasturias.com\/noticias\/prohiben-una-manifestacion-xenofoba-en-calais\/\" \/>\n\t\t<meta property=\"og:image\" content=\"https:\/\/www.eldigitaldeasturias.com\/noticias\/wp-content\/uploads\/2016\/02\/fotonoticia_20160203125857_800.jpg\" \/>\n\t\t<meta property=\"og:image:secure_url\" content=\"https:\/\/www.eldigitaldeasturias.com\/noticias\/wp-content\/uploads\/2016\/02\/fotonoticia_20160203125857_800.jpg\" \/>\n\t\t<meta property=\"og:image:width\" content=\"800\" \/>\n\t\t<meta property=\"og:image:height\" content=\"534\" \/>\n\t\t<meta property=\"article:tag\" content=\"actualidad\" \/>\n\t\t<meta property=\"article:published_time\" content=\"2016-02-04T03:27:22+00:00\" \/>\n\t\t<meta property=\"article:modified_time\" content=\"2016-02-04T03:27:22+00:00\" \/>\n\t\t<meta property=\"article:publisher\" content=\"https:\/\/facebook.com\/eldigitaldeasturias\" \/>\n\t\t<meta name=\"twitter:card\" content=\"summary_large_image\" \/>\n\t\t<meta name=\"twitter:title\" content=\"Proh\u00edben una manifestaci\u00f3n xen\u00f3foba en Calais - El Digital de Asturias\" \/>\n\t\t<meta name=\"twitter:description\" content=\"Las autoridades francesas han prohibido una manifestaci\u00f3n convocada el pr\u00f3ximo s\u00e1bado por el movimiento alem\u00e1n PEGIDA (Patriotas Europeos contra la Islamizaci\u00f3n de Occidente) en la localidad de Calais, foco precisamente de la inmigraci\u00f3n en Francia. PEGIDA y otros movimientos islam\u00f3fobos han convocado para el s\u00e1bado manifestaciones en 14 pa\u00edses de Europa. Sin embargo, la prefectura\" \/>\n\t\t<meta name=\"twitter:image\" content=\"https:\/\/www.eldigitaldeasturias.com\/noticias\/wp-content\/uploads\/2016\/02\/fotonoticia_20160203125857_800.jpg\" \/>\n\t\t<meta name=\"twitter:label1\" content=\"Escrito por\" \/>\n\t\t<meta name=\"twitter:data1\" content=\"El Digital de Asturias\" \/>\n\t\t<meta name=\"twitter:label2\" content=\"Tiempo de lectura estimado\" \/>\n\t\t<meta name=\"twitter:data2\" content=\"1 minuto\" \/>\n\t\t<script type=\"application\/ld+json\" class=\"aioseo-schema\">\n\t\t\t{\"@context\":\"https:\\\/\\\/schema.org\",\"@graph\":[{\"@type\":\"BlogPosting\",\"@id\":\"https:\\\/\\\/www.eldigitaldeasturias.com\\\/noticias\\\/prohiben-una-manifestacion-xenofoba-en-calais\\\/#blogposting\",\"name\":\"Proh\\u00edben una manifestaci\\u00f3n xen\\u00f3foba en Calais - El Digital de Asturias\",\"headline\":\"Proh\\u00edben una manifestaci\\u00f3n xen\\u00f3foba en Calais\",\"author\":{\"@id\":\"https:\\\/\\\/www.eldigitaldeasturias.com\\\/noticias\\\/author\\\/admin\\\/#author\"},\"publisher\":{\"@id\":\"https:\\\/\\\/www.eldigitaldeasturias.com\\\/noticias\\\/#organization\"},\"image\":{\"@type\":\"ImageObject\",\"url\":\"https:\\\/\\\/www.eldigitaldeasturias.com\\\/noticias\\\/wp-content\\\/uploads\\\/2016\\\/02\\\/fotonoticia_20160203125857_800.jpg\",\"width\":800,\"height\":534},\"datePublished\":\"2016-02-04T03:27:22+01:00\",\"dateModified\":\"2016-02-04T03:27:22+01:00\",\"inLanguage\":\"es-ES\",\"mainEntityOfPage\":{\"@id\":\"https:\\\/\\\/www.eldigitaldeasturias.com\\\/noticias\\\/prohiben-una-manifestacion-xenofoba-en-calais\\\/#webpage\"},\"isPartOf\":{\"@id\":\"https:\\\/\\\/www.eldigitaldeasturias.com\\\/noticias\\\/prohiben-una-manifestacion-xenofoba-en-calais\\\/#webpage\"},\"articleSection\":\"Actualidad\"},{\"@type\":\"BreadcrumbList\",\"@id\":\"https:\\\/\\\/www.eldigitaldeasturias.com\\\/noticias\\\/prohiben-una-manifestacion-xenofoba-en-calais\\\/#breadcrumblist\",\"itemListElement\":[{\"@type\":\"ListItem\",\"@id\":\"https:\\\/\\\/www.eldigitaldeasturias.com\\\/noticias#listItem\",\"position\":1,\"name\":\"Home\",\"item\":\"https:\\\/\\\/www.eldigitaldeasturias.com\\\/noticias\",\"nextItem\":{\"@type\":\"ListItem\",\"@id\":\"https:\\\/\\\/www.eldigitaldeasturias.com\\\/noticias\\\/category\\\/actualidad\\\/#listItem\",\"name\":\"Actualidad\"}},{\"@type\":\"ListItem\",\"@id\":\"https:\\\/\\\/www.eldigitaldeasturias.com\\\/noticias\\\/category\\\/actualidad\\\/#listItem\",\"position\":2,\"name\":\"Actualidad\",\"item\":\"https:\\\/\\\/www.eldigitaldeasturias.com\\\/noticias\\\/category\\\/actualidad\\\/\",\"nextItem\":{\"@type\":\"ListItem\",\"@id\":\"https:\\\/\\\/www.eldigitaldeasturias.com\\\/noticias\\\/prohiben-una-manifestacion-xenofoba-en-calais\\\/#listItem\",\"name\":\"Proh\\u00edben una manifestaci\\u00f3n xen\\u00f3foba en Calais\"},\"previousItem\":{\"@type\":\"ListItem\",\"@id\":\"https:\\\/\\\/www.eldigitaldeasturias.com\\\/noticias#listItem\",\"name\":\"Home\"}},{\"@type\":\"ListItem\",\"@id\":\"https:\\\/\\\/www.eldigitaldeasturias.com\\\/noticias\\\/prohiben-una-manifestacion-xenofoba-en-calais\\\/#listItem\",\"position\":3,\"name\":\"Proh\\u00edben una manifestaci\\u00f3n xen\\u00f3foba en Calais\",\"previousItem\":{\"@type\":\"ListItem\",\"@id\":\"https:\\\/\\\/www.eldigitaldeasturias.com\\\/noticias\\\/category\\\/actualidad\\\/#listItem\",\"name\":\"Actualidad\"}}]},{\"@type\":\"Organization\",\"@id\":\"https:\\\/\\\/www.eldigitaldeasturias.com\\\/noticias\\\/#organization\",\"name\":\"El Digital de Asturias\",\"description\":\"Hemeroteca\",\"url\":\"https:\\\/\\\/www.eldigitaldeasturias.com\\\/noticias\\\/\",\"email\":\"info@eldigitaldeasturias.com\",\"telephone\":\"+34652131393\",\"logo\":{\"@type\":\"ImageObject\",\"url\":\"https:\\\/\\\/www.eldigitaldeasturias.com\\\/noticias\\\/wp-content\\\/uploads\\\/2020\\\/12\\\/EDA.jpg\",\"@id\":\"https:\\\/\\\/www.eldigitaldeasturias.com\\\/noticias\\\/prohiben-una-manifestacion-xenofoba-en-calais\\\/#organizationLogo\",\"width\":649,\"height\":297},\"image\":{\"@id\":\"https:\\\/\\\/www.eldigitaldeasturias.com\\\/noticias\\\/prohiben-una-manifestacion-xenofoba-en-calais\\\/#organizationLogo\"},\"sameAs\":[\"https:\\\/\\\/facebook.com\\\/eldigitaldeasturias\",\"https:\\\/\\\/www.youtube.com\\\/channel\\\/UCZP-2wLEB9Rv6erhFmqVnvg\"],\"address\":{\"@id\":\"https:\\\/\\\/www.eldigitaldeasturias.com\\\/noticias\\\/#postaladdress\",\"@type\":\"PostalAddress\",\"streetAddress\":\"san antonio 4,\",\"postalCode\":\"33430\",\"addressLocality\":\"Cand\\u00e1s\",\"addressRegion\":\"Asturias\",\"addressCountry\":\"ES\"}},{\"@type\":\"Person\",\"@id\":\"https:\\\/\\\/www.eldigitaldeasturias.com\\\/noticias\\\/author\\\/admin\\\/#author\",\"url\":\"https:\\\/\\\/www.eldigitaldeasturias.com\\\/noticias\\\/author\\\/admin\\\/\",\"name\":\"El Digital de Asturias\",\"image\":{\"@type\":\"ImageObject\",\"@id\":\"https:\\\/\\\/www.eldigitaldeasturias.com\\\/noticias\\\/prohiben-una-manifestacion-xenofoba-en-calais\\\/#authorImage\",\"url\":\"https:\\\/\\\/www.eldigitaldeasturias.com\\\/noticias\\\/wp-content\\\/litespeed\\\/avatar\\\/18677e78aa0546b92d9dbf31ec7d7668.jpg?ver=1777290358\",\"width\":96,\"height\":96,\"caption\":\"El Digital de Asturias\"}},{\"@type\":\"WebPage\",\"@id\":\"https:\\\/\\\/www.eldigitaldeasturias.com\\\/noticias\\\/prohiben-una-manifestacion-xenofoba-en-calais\\\/#webpage\",\"url\":\"https:\\\/\\\/www.eldigitaldeasturias.com\\\/noticias\\\/prohiben-una-manifestacion-xenofoba-en-calais\\\/\",\"name\":\"Proh\\u00edben una manifestaci\\u00f3n xen\\u00f3foba en Calais - El Digital de Asturias\",\"description\":\"Las autoridades francesas han prohibido una manifestaci\\u00f3n convocada el pr\\u00f3ximo s\\u00e1bado por el movimiento alem\\u00e1n PEGIDA (Patriotas Europeos contra la Islamizaci\\u00f3n de Occidente) en la localidad de Calais, foco precisamente de la inmigraci\\u00f3n en Francia. PEGIDA y otros movimientos islam\\u00f3fobos han convocado para el s\\u00e1bado manifestaciones en 14 pa\\u00edses de Europa. Sin embargo, la prefectura\",\"inLanguage\":\"es-ES\",\"isPartOf\":{\"@id\":\"https:\\\/\\\/www.eldigitaldeasturias.com\\\/noticias\\\/#website\"},\"breadcrumb\":{\"@id\":\"https:\\\/\\\/www.eldigitaldeasturias.com\\\/noticias\\\/prohiben-una-manifestacion-xenofoba-en-calais\\\/#breadcrumblist\"},\"author\":{\"@id\":\"https:\\\/\\\/www.eldigitaldeasturias.com\\\/noticias\\\/author\\\/admin\\\/#author\"},\"creator\":{\"@id\":\"https:\\\/\\\/www.eldigitaldeasturias.com\\\/noticias\\\/author\\\/admin\\\/#author\"},\"image\":{\"@type\":\"ImageObject\",\"url\":\"https:\\\/\\\/www.eldigitaldeasturias.com\\\/noticias\\\/wp-content\\\/uploads\\\/2016\\\/02\\\/fotonoticia_20160203125857_800.jpg\",\"@id\":\"https:\\\/\\\/www.eldigitaldeasturias.com\\\/noticias\\\/prohiben-una-manifestacion-xenofoba-en-calais\\\/#mainImage\",\"width\":800,\"height\":534},\"primaryImageOfPage\":{\"@id\":\"https:\\\/\\\/www.eldigitaldeasturias.com\\\/noticias\\\/prohiben-una-manifestacion-xenofoba-en-calais\\\/#mainImage\"},\"datePublished\":\"2016-02-04T03:27:22+01:00\",\"dateModified\":\"2016-02-04T03:27:22+01:00\"},{\"@type\":\"WebSite\",\"@id\":\"https:\\\/\\\/www.eldigitaldeasturias.com\\\/noticias\\\/#website\",\"url\":\"https:\\\/\\\/www.eldigitaldeasturias.com\\\/noticias\\\/\",\"name\":\"El Digital de Asturias - Diario de actualidad y noticias\",\"alternateName\":\"El Digital de Asturias - Diario de actualidad y noticias\",\"description\":\"Hemeroteca\",\"inLanguage\":\"es-ES\",\"publisher\":{\"@id\":\"https:\\\/\\\/www.eldigitaldeasturias.com\\\/noticias\\\/#organization\"}}]}\n\t\t<\/script>\n\t\t<!-- All in One SEO Pro -->\r\n\t\t<title>Proh\u00edben una manifestaci\u00f3n xen\u00f3foba en Calais - El Digital de Asturias<\/title>\n\n","aioseo_head_json":{"title":"Proh\u00edben una manifestaci\u00f3n xen\u00f3foba en Calais - El Digital de Asturias","description":"Las autoridades francesas han prohibido una manifestaci\u00f3n convocada el pr\u00f3ximo s\u00e1bado por el movimiento alem\u00e1n PEGIDA (Patriotas Europeos contra la Islamizaci\u00f3n de Occidente) en la localidad de Calais, foco precisamente de la inmigraci\u00f3n en Francia. PEGIDA y otros movimientos islam\u00f3fobos han convocado para el s\u00e1bado manifestaciones en 14 pa\u00edses de Europa. Sin embargo, la prefectura","canonical_url":"https:\/\/www.eldigitaldeasturias.com\/noticias\/prohiben-una-manifestacion-xenofoba-en-calais\/","robots":"max-image-preview:large","keywords":"actualidad","webmasterTools":{"google-site-verification":"UA-38556648-1","msvalidate.01":"7dfe9f3f1b24437ab69f4f2559babe99","miscellaneous":""},"schema":{"@context":"https:\/\/schema.org","@graph":[{"@type":"BlogPosting","@id":"https:\/\/www.eldigitaldeasturias.com\/noticias\/prohiben-una-manifestacion-xenofoba-en-calais\/#blogposting","name":"Proh\u00edben una manifestaci\u00f3n xen\u00f3foba en Calais - El Digital de Asturias","headline":"Proh\u00edben una manifestaci\u00f3n xen\u00f3foba en Calais","author":{"@id":"https:\/\/www.eldigitaldeasturias.com\/noticias\/author\/admin\/#author"},"publisher":{"@id":"https:\/\/www.eldigitaldeasturias.com\/noticias\/#organization"},"image":{"@type":"ImageObject","url":"https:\/\/www.eldigitaldeasturias.com\/noticias\/wp-content\/uploads\/2016\/02\/fotonoticia_20160203125857_800.jpg","width":800,"height":534},"datePublished":"2016-02-04T03:27:22+01:00","dateModified":"2016-02-04T03:27:22+01:00","inLanguage":"es-ES","mainEntityOfPage":{"@id":"https:\/\/www.eldigitaldeasturias.com\/noticias\/prohiben-una-manifestacion-xenofoba-en-calais\/#webpage"},"isPartOf":{"@id":"https:\/\/www.eldigitaldeasturias.com\/noticias\/prohiben-una-manifestacion-xenofoba-en-calais\/#webpage"},"articleSection":"Actualidad"},{"@type":"BreadcrumbList","@id":"https:\/\/www.eldigitaldeasturias.com\/noticias\/prohiben-una-manifestacion-xenofoba-en-calais\/#breadcrumblist","itemListElement":[{"@type":"ListItem","@id":"https:\/\/www.eldigitaldeasturias.com\/noticias#listItem","position":1,"name":"Home","item":"https:\/\/www.eldigitaldeasturias.com\/noticias","nextItem":{"@type":"ListItem","@id":"https:\/\/www.eldigitaldeasturias.com\/noticias\/category\/actualidad\/#listItem","name":"Actualidad"}},{"@type":"ListItem","@id":"https:\/\/www.eldigitaldeasturias.com\/noticias\/category\/actualidad\/#listItem","position":2,"name":"Actualidad","item":"https:\/\/www.eldigitaldeasturias.com\/noticias\/category\/actualidad\/","nextItem":{"@type":"ListItem","@id":"https:\/\/www.eldigitaldeasturias.com\/noticias\/prohiben-una-manifestacion-xenofoba-en-calais\/#listItem","name":"Proh\u00edben una manifestaci\u00f3n xen\u00f3foba en Calais"},"previousItem":{"@type":"ListItem","@id":"https:\/\/www.eldigitaldeasturias.com\/noticias#listItem","name":"Home"}},{"@type":"ListItem","@id":"https:\/\/www.eldigitaldeasturias.com\/noticias\/prohiben-una-manifestacion-xenofoba-en-calais\/#listItem","position":3,"name":"Proh\u00edben una manifestaci\u00f3n xen\u00f3foba en Calais","previousItem":{"@type":"ListItem","@id":"https:\/\/www.eldigitaldeasturias.com\/noticias\/category\/actualidad\/#listItem","name":"Actualidad"}}]},{"@type":"Organization","@id":"https:\/\/www.eldigitaldeasturias.com\/noticias\/#organization","name":"El Digital de Asturias","description":"Hemeroteca","url":"https:\/\/www.eldigitaldeasturias.com\/noticias\/","email":"info@eldigitaldeasturias.com","telephone":"+34652131393","logo":{"@type":"ImageObject","url":"https:\/\/www.eldigitaldeasturias.com\/noticias\/wp-content\/uploads\/2020\/12\/EDA.jpg","@id":"https:\/\/www.eldigitaldeasturias.com\/noticias\/prohiben-una-manifestacion-xenofoba-en-calais\/#organizationLogo","width":649,"height":297},"image":{"@id":"https:\/\/www.eldigitaldeasturias.com\/noticias\/prohiben-una-manifestacion-xenofoba-en-calais\/#organizationLogo"},"sameAs":["https:\/\/facebook.com\/eldigitaldeasturias","https:\/\/www.youtube.com\/channel\/UCZP-2wLEB9Rv6erhFmqVnvg"],"address":{"@id":"https:\/\/www.eldigitaldeasturias.com\/noticias\/#postaladdress","@type":"PostalAddress","streetAddress":"san antonio 4,","postalCode":"33430","addressLocality":"Cand\u00e1s","addressRegion":"Asturias","addressCountry":"ES"}},{"@type":"Person","@id":"https:\/\/www.eldigitaldeasturias.com\/noticias\/author\/admin\/#author","url":"https:\/\/www.eldigitaldeasturias.com\/noticias\/author\/admin\/","name":"El Digital de Asturias","image":{"@type":"ImageObject","@id":"https:\/\/www.eldigitaldeasturias.com\/noticias\/prohiben-una-manifestacion-xenofoba-en-calais\/#authorImage","url":"https:\/\/www.eldigitaldeasturias.com\/noticias\/wp-content\/litespeed\/avatar\/18677e78aa0546b92d9dbf31ec7d7668.jpg?ver=1777290358","width":96,"height":96,"caption":"El Digital de Asturias"}},{"@type":"WebPage","@id":"https:\/\/www.eldigitaldeasturias.com\/noticias\/prohiben-una-manifestacion-xenofoba-en-calais\/#webpage","url":"https:\/\/www.eldigitaldeasturias.com\/noticias\/prohiben-una-manifestacion-xenofoba-en-calais\/","name":"Proh\u00edben una manifestaci\u00f3n xen\u00f3foba en Calais - El Digital de Asturias","description":"Las autoridades francesas han prohibido una manifestaci\u00f3n convocada el pr\u00f3ximo s\u00e1bado por el movimiento alem\u00e1n PEGIDA (Patriotas Europeos contra la Islamizaci\u00f3n de Occidente) en la localidad de Calais, foco precisamente de la inmigraci\u00f3n en Francia. PEGIDA y otros movimientos islam\u00f3fobos han convocado para el s\u00e1bado manifestaciones en 14 pa\u00edses de Europa. Sin embargo, la prefectura","inLanguage":"es-ES","isPartOf":{"@id":"https:\/\/www.eldigitaldeasturias.com\/noticias\/#website"},"breadcrumb":{"@id":"https:\/\/www.eldigitaldeasturias.com\/noticias\/prohiben-una-manifestacion-xenofoba-en-calais\/#breadcrumblist"},"author":{"@id":"https:\/\/www.eldigitaldeasturias.com\/noticias\/author\/admin\/#author"},"creator":{"@id":"https:\/\/www.eldigitaldeasturias.com\/noticias\/author\/admin\/#author"},"image":{"@type":"ImageObject","url":"https:\/\/www.eldigitaldeasturias.com\/noticias\/wp-content\/uploads\/2016\/02\/fotonoticia_20160203125857_800.jpg","@id":"https:\/\/www.eldigitaldeasturias.com\/noticias\/prohiben-una-manifestacion-xenofoba-en-calais\/#mainImage","width":800,"height":534},"primaryImageOfPage":{"@id":"https:\/\/www.eldigitaldeasturias.com\/noticias\/prohiben-una-manifestacion-xenofoba-en-calais\/#mainImage"},"datePublished":"2016-02-04T03:27:22+01:00","dateModified":"2016-02-04T03:27:22+01:00"},{"@type":"WebSite","@id":"https:\/\/www.eldigitaldeasturias.com\/noticias\/#website","url":"https:\/\/www.eldigitaldeasturias.com\/noticias\/","name":"El Digital de Asturias - Diario de actualidad y noticias","alternateName":"El Digital de Asturias - Diario de actualidad y noticias","description":"Hemeroteca","inLanguage":"es-ES","publisher":{"@id":"https:\/\/www.eldigitaldeasturias.com\/noticias\/#organization"}}]},"og:locale":"es_ES","og:site_name":"El Digital de Asturias","og:type":"article","og:title":"Proh\u00edben una manifestaci\u00f3n xen\u00f3foba en Calais - El Digital de Asturias","og:description":"Las autoridades francesas han prohibido una manifestaci\u00f3n convocada el pr\u00f3ximo s\u00e1bado por el movimiento alem\u00e1n PEGIDA (Patriotas Europeos contra la Islamizaci\u00f3n de Occidente) en la localidad de Calais, foco precisamente de la inmigraci\u00f3n en Francia. PEGIDA y otros movimientos islam\u00f3fobos han convocado para el s\u00e1bado manifestaciones en 14 pa\u00edses de Europa. Sin embargo, la prefectura","og:url":"https:\/\/www.eldigitaldeasturias.com\/noticias\/prohiben-una-manifestacion-xenofoba-en-calais\/","og:image":"https:\/\/www.eldigitaldeasturias.com\/noticias\/wp-content\/uploads\/2016\/02\/fotonoticia_20160203125857_800.jpg","og:image:secure_url":"https:\/\/www.eldigitaldeasturias.com\/noticias\/wp-content\/uploads\/2016\/02\/fotonoticia_20160203125857_800.jpg","og:image:width":800,"og:image:height":534,"article:tag":["actualidad"],"article:published_time":"2016-02-04T03:27:22+00:00","article:modified_time":"2016-02-04T03:27:22+00:00","article:publisher":"https:\/\/facebook.com\/eldigitaldeasturias","twitter:card":"summary_large_image","twitter:title":"Proh\u00edben una manifestaci\u00f3n xen\u00f3foba en Calais - El Digital de Asturias","twitter:description":"Las autoridades francesas han prohibido una manifestaci\u00f3n convocada el pr\u00f3ximo s\u00e1bado por el movimiento alem\u00e1n PEGIDA (Patriotas Europeos contra la Islamizaci\u00f3n de Occidente) en la localidad de Calais, foco precisamente de la inmigraci\u00f3n en Francia. PEGIDA y otros movimientos islam\u00f3fobos han convocado para el s\u00e1bado manifestaciones en 14 pa\u00edses de Europa. Sin embargo, la prefectura","twitter:image":"https:\/\/www.eldigitaldeasturias.com\/noticias\/wp-content\/uploads\/2016\/02\/fotonoticia_20160203125857_800.jpg","twitter:label1":"Escrito por","twitter:data1":"El Digital de Asturias","twitter:label2":"Tiempo de lectura estimado","twitter:data2":"1 minuto"},"aioseo_meta_data":{"post_id":"853664","title":null,"description":null,"keywords":null,"keyphrases":null,"primary_term":null,"canonical_url":null,"og_title":null,"og_description":null,"og_object_type":"default","og_image_type":"default","og_image_url":null,"og_image_width":null,"og_image_height":null,"og_image_custom_url":null,"og_image_custom_fields":null,"og_video":null,"og_custom_url":null,"og_article_section":null,"og_article_tags":null,"twitter_use_og":false,"twitter_card":"default","twitter_image_type":"default","twitter_image_url":null,"twitter_image_custom_url":null,"twitter_image_custom_fields":null,"twitter_title":null,"twitter_description":null,"schema":{"blockGraphs":[],"customGraphs":[],"default":{"data":{"Article":[],"Course":[],"Dataset":[],"FAQPage":[],"Movie":[],"Person":[],"Product":[],"ProductReview":[],"Car":[],"Recipe":[],"Service":[],"SoftwareApplication":[],"WebPage":[]},"graphName":"","isEnabled":true},"graphs":[],"defaultGraph":"","defaultPostTypeGraph":""},"schema_type":null,"schema_type_options":null,"pillar_content":false,"robots_default":true,"robots_noindex":false,"robots_noarchive":false,"robots_nosnippet":false,"robots_nofollow":false,"robots_noimageindex":false,"robots_noodp":false,"robots_notranslate":false,"robots_max_snippet":null,"robots_max_videopreview":null,"robots_max_imagepreview":"large","priority":null,"frequency":null,"local_seo":null,"seo_analyzer_scan_date":"2025-12-09 18:54:15","breadcrumb_settings":null,"limit_modified_date":false,"open_ai":null,"ai":null,"created":"2021-01-23 05:33:42","updated":"2025-12-09 18:54:15"},"aioseo_breadcrumb":"<div class=\"aioseo-breadcrumbs\"><span class=\"aioseo-breadcrumb\">\n\t<a href=\"https:\/\/www.eldigitaldeasturias.com\/noticias\" title=\"Home\">Home<\/a>\n<\/span><span class=\"aioseo-breadcrumb-separator\">\u2013<\/span><span class=\"aioseo-breadcrumb\">\n\t<a href=\"https:\/\/www.eldigitaldeasturias.com\/noticias\/category\/actualidad\/\" title=\"Actualidad\">Actualidad<\/a>\n<\/span><span class=\"aioseo-breadcrumb-separator\">\u2013<\/span><span class=\"aioseo-breadcrumb\">\n\t<a href=\"https:\/\/www.eldigitaldeasturias.com\/noticias\/prohiben-una-manifestacion-xenofoba-en-calais\/\" title=\"Proh\u00edben una manifestaci\u00f3n xen\u00f3foba en Calais\">Proh\u00edben una manifestaci\u00f3n xen\u00f3foba en Calais<\/a>\n<\/span><\/div>","aioseo_breadcrumb_json":[{"label":"Home","link":"https:\/\/www.eldigitaldeasturias.com\/noticias"},{"label":"Actualidad","link":"https:\/\/www.eldigitaldeasturias.com\/noticias\/category\/actualidad\/"},{"label":"Proh\u00edben una manifestaci\u00f3n xen\u00f3foba en Calais","link":"https:\/\/www.eldigitaldeasturias.com\/noticias\/prohiben-una-manifestacion-xenofoba-en-calais\/"}],"_links":{"self":[{"href":"https:\/\/www.eldigitaldeasturias.com\/noticias\/wp-json\/wp\/v2\/posts\/853664","targetHints":{"allow":["GET"]}}],"collection":[{"href":"https:\/\/www.eldigitaldeasturias.com\/noticias\/wp-json\/wp\/v2\/posts"}],"about":[{"href":"https:\/\/www.eldigitaldeasturias.com\/noticias\/wp-json\/wp\/v2\/types\/post"}],"author":[{"embeddable":true,"href":"https:\/\/www.eldigitaldeasturias.com\/noticias\/wp-json\/wp\/v2\/users\/1"}],"replies":[{"embeddable":true,"href":"https:\/\/www.eldigitaldeasturias.com\/noticias\/wp-json\/wp\/v2\/comments?post=853664"}],"version-history":[{"count":0,"href":"https:\/\/www.eldigitaldeasturias.com\/noticias\/wp-json\/wp\/v2\/posts\/853664\/revisions"}],"wp:featuredmedia":[{"embeddable":true,"href":"https:\/\/www.eldigitaldeasturias.com\/noticias\/wp-json\/wp\/v2\/media\/853665"}],"wp:attachment":[{"href":"https:\/\/www.eldigitaldeasturias.com\/noticias\/wp-json\/wp\/v2\/media?parent=853664"}],"wp:term":[{"taxonomy":"category","embeddable":true,"href":"https:\/\/www.eldigitaldeasturias.com\/noticias\/wp-json\/wp\/v2\/categories?post=853664"},{"taxonomy":"post_tag","embeddable":true,"href":"https:\/\/www.eldigitaldeasturias.com\/noticias\/wp-json\/wp\/v2\/tags?post=853664"}],"curies":[{"name":"wp","href":"https:\/\/api.w.org\/{rel}","templated":true}]}}