{"id":853658,"date":"2016-02-04T03:23:13","date_gmt":"2016-02-04T03:23:13","guid":{"rendered":"http:\/\/www.eldigitaldeasturias.com\/noticias\/?p=853658"},"modified":"2016-02-04T03:23:13","modified_gmt":"2016-02-04T03:23:13","slug":"turquia-dice-que-las-operaciones-contra-el-pkk-en-el-sureste-del-pais-terminaran-en-dias-o-semanas","status":"publish","type":"post","link":"https:\/\/www.eldigitaldeasturias.com\/noticias\/turquia-dice-que-las-operaciones-contra-el-pkk-en-el-sureste-del-pais-terminaran-en-dias-o-semanas\/","title":{"rendered":"Turqu\u00eda dice que las operaciones contra el PKK en el sureste del pa\u00eds terminar\u00e1n \u00aben d\u00edas o semanas\u00bb"},"content":{"rendered":"<p><img loading=\"lazy\" decoding=\"async\" class=\"alignleft size-medium wp-image-853659\" src=\"https:\/\/www.eldigitaldeasturias.com\/noticias\/wp-content\/uploads\/2016\/02\/fotonoticia_20160203111631_800-360x236.jpg\" alt=\"fotonoticia_20160203111631_800\" width=\"360\" height=\"236\" srcset=\"https:\/\/www.eldigitaldeasturias.com\/noticias\/wp-content\/uploads\/2016\/02\/fotonoticia_20160203111631_800-360x236.jpg 360w, https:\/\/www.eldigitaldeasturias.com\/noticias\/wp-content\/uploads\/2016\/02\/fotonoticia_20160203111631_800-768x503.jpg 768w, https:\/\/www.eldigitaldeasturias.com\/noticias\/wp-content\/uploads\/2016\/02\/fotonoticia_20160203111631_800-650x426.jpg 650w, https:\/\/www.eldigitaldeasturias.com\/noticias\/wp-content\/uploads\/2016\/02\/fotonoticia_20160203111631_800-84x55.jpg 84w, https:\/\/www.eldigitaldeasturias.com\/noticias\/wp-content\/uploads\/2016\/02\/fotonoticia_20160203111631_800-49x32.jpg 49w, https:\/\/www.eldigitaldeasturias.com\/noticias\/wp-content\/uploads\/2016\/02\/fotonoticia_20160203111631_800-460x300.jpg 460w, https:\/\/www.eldigitaldeasturias.com\/noticias\/wp-content\/uploads\/2016\/02\/fotonoticia_20160203111631_800.jpg 800w\" sizes=\"auto, (max-width: 360px) 100vw, 360px\" \/>El Gobierno de Turqu\u00eda ha afirmado este martes que las operaciones contra el Partido de los Trabajadores del Kurdist\u00e1n (PKK) en las localidades de Cizre y Sur, en el sureste del pa\u00eds, llegar\u00e1n a su fin \u00aben d\u00edas o semanas\u00bb.<\/p>\n<p>\u00abCreemos que la operaci\u00f3n ser\u00e1 completada en Cizre en unos pocos d\u00edas. En Sur podr\u00eda llevar una o dos semanas, pero el 85 \u00f3 90 por ciento (de la operaci\u00f3n) ha sido completada\u00bb, ha dicho el ministro del interior, Efkan Ala, seg\u00fan ha informado el diario turco &#8216;Hurriyet&#8217;.<\/p>\n<p>En julio se rompi\u00f3 el alto el fuego pactado por el PKK y Turqu\u00eda en el marco de unas negociaciones de paz que pretend\u00edan cerrar un conflicto que se ha cobrado m\u00e1s de 40.000 vidas desde que estall\u00f3, en 1984. El alto el fuego estuvo en vigor dos a\u00f1os.<\/p>\n<p>Unos 200 militares y polic\u00edas han muerto desde el pasado 15 de diciembre, cuando las fuerzas turcas iniciaron su ofensiva contra el PKK, en medio de un nuevo alto el fuego unilateral de la guerrilla con motivo de las elecciones.<\/p>\n","protected":false},"excerpt":{"rendered":"<p>El Gobierno de Turqu\u00eda ha afirmado este martes que las operaciones contra el Partido de los Trabajadores del Kurdist\u00e1n (PKK) en las localidades de Cizre y Sur, en el sureste del pa\u00eds, llegar\u00e1n a su fin \u00aben d\u00edas o semanas\u00bb. \u00abCreemos que la operaci\u00f3n ser\u00e1 completada en Cizre en unos pocos d\u00edas. En Sur podr\u00eda [&hellip;]<\/p>\n","protected":false},"author":1,"featured_media":853659,"comment_status":"closed","ping_status":"closed","sticky":false,"template":"","format":"standard","meta":{"footnotes":""},"categories":[1],"tags":[],"class_list":["post-853658","post","type-post","status-publish","format-standard","has-post-thumbnail","hentry","category-actualidad"],"aioseo_notices":[],"aioseo_head":"\n\t\t<!-- All in One SEO Pro 4.9.6.2 - aioseo.com -->\n\t<meta name=\"description\" content=\"El Gobierno de Turqu\u00eda ha afirmado este martes que las operaciones contra el Partido de los Trabajadores del Kurdist\u00e1n (PKK) en las localidades de Cizre y Sur, en el sureste del pa\u00eds, llegar\u00e1n a su fin &quot;en d\u00edas o semanas&quot;. &quot;Creemos que la operaci\u00f3n ser\u00e1 completada en Cizre en unos pocos d\u00edas. En Sur podr\u00eda\" \/>\n\t<meta name=\"robots\" content=\"max-image-preview:large\" \/>\n\t<meta name=\"author\" content=\"El Digital de Asturias\"\/>\n\t<meta name=\"google-site-verification\" content=\"UA-38556648-1\" \/>\n\t<meta name=\"msvalidate.01\" content=\"7dfe9f3f1b24437ab69f4f2559babe99\" \/>\n\t<meta name=\"keywords\" content=\"actualidad\" \/>\n\t<link rel=\"canonical\" href=\"https:\/\/www.eldigitaldeasturias.com\/noticias\/turquia-dice-que-las-operaciones-contra-el-pkk-en-el-sureste-del-pais-terminaran-en-dias-o-semanas\/\" \/>\n\t<meta name=\"generator\" content=\"All in One SEO Pro (AIOSEO) 4.9.6.2\" \/>\n\t\t<meta property=\"og:locale\" content=\"es_ES\" \/>\n\t\t<meta property=\"og:site_name\" content=\"El Digital de Asturias\" \/>\n\t\t<meta property=\"og:type\" content=\"article\" \/>\n\t\t<meta property=\"og:title\" content=\"Turqu\u00eda dice que las operaciones contra el PKK en el sureste del pa\u00eds terminar\u00e1n \u00aben d\u00edas o semanas\u00bb - El Digital de Asturias\" \/>\n\t\t<meta property=\"og:description\" content=\"El Gobierno de Turqu\u00eda ha afirmado este martes que las operaciones contra el Partido de los Trabajadores del Kurdist\u00e1n (PKK) en las localidades de Cizre y Sur, en el sureste del pa\u00eds, llegar\u00e1n a su fin &quot;en d\u00edas o semanas&quot;. &quot;Creemos que la operaci\u00f3n ser\u00e1 completada en Cizre en unos pocos d\u00edas. En Sur podr\u00eda\" \/>\n\t\t<meta property=\"og:url\" content=\"https:\/\/www.eldigitaldeasturias.com\/noticias\/turquia-dice-que-las-operaciones-contra-el-pkk-en-el-sureste-del-pais-terminaran-en-dias-o-semanas\/\" \/>\n\t\t<meta property=\"og:image\" content=\"https:\/\/www.eldigitaldeasturias.com\/noticias\/wp-content\/uploads\/2016\/02\/fotonoticia_20160203111631_800.jpg\" \/>\n\t\t<meta property=\"og:image:secure_url\" content=\"https:\/\/www.eldigitaldeasturias.com\/noticias\/wp-content\/uploads\/2016\/02\/fotonoticia_20160203111631_800.jpg\" \/>\n\t\t<meta property=\"og:image:width\" content=\"800\" \/>\n\t\t<meta property=\"og:image:height\" content=\"524\" \/>\n\t\t<meta property=\"article:tag\" content=\"actualidad\" \/>\n\t\t<meta property=\"article:published_time\" content=\"2016-02-04T03:23:13+00:00\" \/>\n\t\t<meta property=\"article:modified_time\" content=\"2016-02-04T03:23:13+00:00\" \/>\n\t\t<meta property=\"article:publisher\" content=\"https:\/\/facebook.com\/eldigitaldeasturias\" \/>\n\t\t<meta name=\"twitter:card\" content=\"summary_large_image\" \/>\n\t\t<meta name=\"twitter:title\" content=\"Turqu\u00eda dice que las operaciones contra el PKK en el sureste del pa\u00eds terminar\u00e1n \u00aben d\u00edas o semanas\u00bb - El Digital de Asturias\" \/>\n\t\t<meta name=\"twitter:description\" content=\"El Gobierno de Turqu\u00eda ha afirmado este martes que las operaciones contra el Partido de los Trabajadores del Kurdist\u00e1n (PKK) en las localidades de Cizre y Sur, en el sureste del pa\u00eds, llegar\u00e1n a su fin &quot;en d\u00edas o semanas&quot;. &quot;Creemos que la operaci\u00f3n ser\u00e1 completada en Cizre en unos pocos d\u00edas. En Sur podr\u00eda\" \/>\n\t\t<meta name=\"twitter:image\" content=\"https:\/\/www.eldigitaldeasturias.com\/noticias\/wp-content\/uploads\/2016\/02\/fotonoticia_20160203111631_800.jpg\" \/>\n\t\t<meta name=\"twitter:label1\" content=\"Escrito por\" \/>\n\t\t<meta name=\"twitter:data1\" content=\"El Digital de Asturias\" \/>\n\t\t<meta name=\"twitter:label2\" content=\"Tiempo de lectura estimado\" \/>\n\t\t<meta name=\"twitter:data2\" content=\"1 minuto\" \/>\n\t\t<script type=\"application\/ld+json\" class=\"aioseo-schema\">\n\t\t\t{\"@context\":\"https:\\\/\\\/schema.org\",\"@graph\":[{\"@type\":\"BlogPosting\",\"@id\":\"https:\\\/\\\/www.eldigitaldeasturias.com\\\/noticias\\\/turquia-dice-que-las-operaciones-contra-el-pkk-en-el-sureste-del-pais-terminaran-en-dias-o-semanas\\\/#blogposting\",\"name\":\"Turqu\\u00eda dice que las operaciones contra el PKK en el sureste del pa\\u00eds terminar\\u00e1n \\u00aben d\\u00edas o semanas\\u00bb - El Digital de Asturias\",\"headline\":\"Turqu\\u00eda dice que las operaciones contra el PKK en el sureste del pa\\u00eds terminar\\u00e1n \\u00aben d\\u00edas o semanas\\u00bb\",\"author\":{\"@id\":\"https:\\\/\\\/www.eldigitaldeasturias.com\\\/noticias\\\/author\\\/admin\\\/#author\"},\"publisher\":{\"@id\":\"https:\\\/\\\/www.eldigitaldeasturias.com\\\/noticias\\\/#organization\"},\"image\":{\"@type\":\"ImageObject\",\"url\":\"https:\\\/\\\/www.eldigitaldeasturias.com\\\/noticias\\\/wp-content\\\/uploads\\\/2016\\\/02\\\/fotonoticia_20160203111631_800.jpg\",\"width\":800,\"height\":524},\"datePublished\":\"2016-02-04T03:23:13+01:00\",\"dateModified\":\"2016-02-04T03:23:13+01:00\",\"inLanguage\":\"es-ES\",\"mainEntityOfPage\":{\"@id\":\"https:\\\/\\\/www.eldigitaldeasturias.com\\\/noticias\\\/turquia-dice-que-las-operaciones-contra-el-pkk-en-el-sureste-del-pais-terminaran-en-dias-o-semanas\\\/#webpage\"},\"isPartOf\":{\"@id\":\"https:\\\/\\\/www.eldigitaldeasturias.com\\\/noticias\\\/turquia-dice-que-las-operaciones-contra-el-pkk-en-el-sureste-del-pais-terminaran-en-dias-o-semanas\\\/#webpage\"},\"articleSection\":\"Actualidad\"},{\"@type\":\"BreadcrumbList\",\"@id\":\"https:\\\/\\\/www.eldigitaldeasturias.com\\\/noticias\\\/turquia-dice-que-las-operaciones-contra-el-pkk-en-el-sureste-del-pais-terminaran-en-dias-o-semanas\\\/#breadcrumblist\",\"itemListElement\":[{\"@type\":\"ListItem\",\"@id\":\"https:\\\/\\\/www.eldigitaldeasturias.com\\\/noticias#listItem\",\"position\":1,\"name\":\"Home\",\"item\":\"https:\\\/\\\/www.eldigitaldeasturias.com\\\/noticias\",\"nextItem\":{\"@type\":\"ListItem\",\"@id\":\"https:\\\/\\\/www.eldigitaldeasturias.com\\\/noticias\\\/category\\\/actualidad\\\/#listItem\",\"name\":\"Actualidad\"}},{\"@type\":\"ListItem\",\"@id\":\"https:\\\/\\\/www.eldigitaldeasturias.com\\\/noticias\\\/category\\\/actualidad\\\/#listItem\",\"position\":2,\"name\":\"Actualidad\",\"item\":\"https:\\\/\\\/www.eldigitaldeasturias.com\\\/noticias\\\/category\\\/actualidad\\\/\",\"nextItem\":{\"@type\":\"ListItem\",\"@id\":\"https:\\\/\\\/www.eldigitaldeasturias.com\\\/noticias\\\/turquia-dice-que-las-operaciones-contra-el-pkk-en-el-sureste-del-pais-terminaran-en-dias-o-semanas\\\/#listItem\",\"name\":\"Turqu\\u00eda dice que las operaciones contra el PKK en el sureste del pa\\u00eds terminar\\u00e1n \\u00aben d\\u00edas o semanas\\u00bb\"},\"previousItem\":{\"@type\":\"ListItem\",\"@id\":\"https:\\\/\\\/www.eldigitaldeasturias.com\\\/noticias#listItem\",\"name\":\"Home\"}},{\"@type\":\"ListItem\",\"@id\":\"https:\\\/\\\/www.eldigitaldeasturias.com\\\/noticias\\\/turquia-dice-que-las-operaciones-contra-el-pkk-en-el-sureste-del-pais-terminaran-en-dias-o-semanas\\\/#listItem\",\"position\":3,\"name\":\"Turqu\\u00eda dice que las operaciones contra el PKK en el sureste del pa\\u00eds terminar\\u00e1n \\u00aben d\\u00edas o semanas\\u00bb\",\"previousItem\":{\"@type\":\"ListItem\",\"@id\":\"https:\\\/\\\/www.eldigitaldeasturias.com\\\/noticias\\\/category\\\/actualidad\\\/#listItem\",\"name\":\"Actualidad\"}}]},{\"@type\":\"Organization\",\"@id\":\"https:\\\/\\\/www.eldigitaldeasturias.com\\\/noticias\\\/#organization\",\"name\":\"El Digital de Asturias\",\"description\":\"Hemeroteca\",\"url\":\"https:\\\/\\\/www.eldigitaldeasturias.com\\\/noticias\\\/\",\"email\":\"info@eldigitaldeasturias.com\",\"telephone\":\"+34652131393\",\"logo\":{\"@type\":\"ImageObject\",\"url\":\"https:\\\/\\\/www.eldigitaldeasturias.com\\\/noticias\\\/wp-content\\\/uploads\\\/2020\\\/12\\\/EDA.jpg\",\"@id\":\"https:\\\/\\\/www.eldigitaldeasturias.com\\\/noticias\\\/turquia-dice-que-las-operaciones-contra-el-pkk-en-el-sureste-del-pais-terminaran-en-dias-o-semanas\\\/#organizationLogo\",\"width\":649,\"height\":297},\"image\":{\"@id\":\"https:\\\/\\\/www.eldigitaldeasturias.com\\\/noticias\\\/turquia-dice-que-las-operaciones-contra-el-pkk-en-el-sureste-del-pais-terminaran-en-dias-o-semanas\\\/#organizationLogo\"},\"sameAs\":[\"https:\\\/\\\/facebook.com\\\/eldigitaldeasturias\",\"https:\\\/\\\/www.youtube.com\\\/channel\\\/UCZP-2wLEB9Rv6erhFmqVnvg\"],\"address\":{\"@id\":\"https:\\\/\\\/www.eldigitaldeasturias.com\\\/noticias\\\/#postaladdress\",\"@type\":\"PostalAddress\",\"streetAddress\":\"san antonio 4,\",\"postalCode\":\"33430\",\"addressLocality\":\"Cand\\u00e1s\",\"addressRegion\":\"Asturias\",\"addressCountry\":\"ES\"}},{\"@type\":\"Person\",\"@id\":\"https:\\\/\\\/www.eldigitaldeasturias.com\\\/noticias\\\/author\\\/admin\\\/#author\",\"url\":\"https:\\\/\\\/www.eldigitaldeasturias.com\\\/noticias\\\/author\\\/admin\\\/\",\"name\":\"El Digital de Asturias\",\"image\":{\"@type\":\"ImageObject\",\"@id\":\"https:\\\/\\\/www.eldigitaldeasturias.com\\\/noticias\\\/turquia-dice-que-las-operaciones-contra-el-pkk-en-el-sureste-del-pais-terminaran-en-dias-o-semanas\\\/#authorImage\",\"url\":\"https:\\\/\\\/www.eldigitaldeasturias.com\\\/noticias\\\/wp-content\\\/litespeed\\\/avatar\\\/18677e78aa0546b92d9dbf31ec7d7668.jpg?ver=1777290358\",\"width\":96,\"height\":96,\"caption\":\"El Digital de Asturias\"}},{\"@type\":\"WebPage\",\"@id\":\"https:\\\/\\\/www.eldigitaldeasturias.com\\\/noticias\\\/turquia-dice-que-las-operaciones-contra-el-pkk-en-el-sureste-del-pais-terminaran-en-dias-o-semanas\\\/#webpage\",\"url\":\"https:\\\/\\\/www.eldigitaldeasturias.com\\\/noticias\\\/turquia-dice-que-las-operaciones-contra-el-pkk-en-el-sureste-del-pais-terminaran-en-dias-o-semanas\\\/\",\"name\":\"Turqu\\u00eda dice que las operaciones contra el PKK en el sureste del pa\\u00eds terminar\\u00e1n \\u00aben d\\u00edas o semanas\\u00bb - El Digital de Asturias\",\"description\":\"El Gobierno de Turqu\\u00eda ha afirmado este martes que las operaciones contra el Partido de los Trabajadores del Kurdist\\u00e1n (PKK) en las localidades de Cizre y Sur, en el sureste del pa\\u00eds, llegar\\u00e1n a su fin \\\"en d\\u00edas o semanas\\\". \\\"Creemos que la operaci\\u00f3n ser\\u00e1 completada en Cizre en unos pocos d\\u00edas. En Sur podr\\u00eda\",\"inLanguage\":\"es-ES\",\"isPartOf\":{\"@id\":\"https:\\\/\\\/www.eldigitaldeasturias.com\\\/noticias\\\/#website\"},\"breadcrumb\":{\"@id\":\"https:\\\/\\\/www.eldigitaldeasturias.com\\\/noticias\\\/turquia-dice-que-las-operaciones-contra-el-pkk-en-el-sureste-del-pais-terminaran-en-dias-o-semanas\\\/#breadcrumblist\"},\"author\":{\"@id\":\"https:\\\/\\\/www.eldigitaldeasturias.com\\\/noticias\\\/author\\\/admin\\\/#author\"},\"creator\":{\"@id\":\"https:\\\/\\\/www.eldigitaldeasturias.com\\\/noticias\\\/author\\\/admin\\\/#author\"},\"image\":{\"@type\":\"ImageObject\",\"url\":\"https:\\\/\\\/www.eldigitaldeasturias.com\\\/noticias\\\/wp-content\\\/uploads\\\/2016\\\/02\\\/fotonoticia_20160203111631_800.jpg\",\"@id\":\"https:\\\/\\\/www.eldigitaldeasturias.com\\\/noticias\\\/turquia-dice-que-las-operaciones-contra-el-pkk-en-el-sureste-del-pais-terminaran-en-dias-o-semanas\\\/#mainImage\",\"width\":800,\"height\":524},\"primaryImageOfPage\":{\"@id\":\"https:\\\/\\\/www.eldigitaldeasturias.com\\\/noticias\\\/turquia-dice-que-las-operaciones-contra-el-pkk-en-el-sureste-del-pais-terminaran-en-dias-o-semanas\\\/#mainImage\"},\"datePublished\":\"2016-02-04T03:23:13+01:00\",\"dateModified\":\"2016-02-04T03:23:13+01:00\"},{\"@type\":\"WebSite\",\"@id\":\"https:\\\/\\\/www.eldigitaldeasturias.com\\\/noticias\\\/#website\",\"url\":\"https:\\\/\\\/www.eldigitaldeasturias.com\\\/noticias\\\/\",\"name\":\"El Digital de Asturias - Diario de actualidad y noticias\",\"alternateName\":\"El Digital de Asturias - Diario de actualidad y noticias\",\"description\":\"Hemeroteca\",\"inLanguage\":\"es-ES\",\"publisher\":{\"@id\":\"https:\\\/\\\/www.eldigitaldeasturias.com\\\/noticias\\\/#organization\"}}]}\n\t\t<\/script>\n\t\t<!-- All in One SEO Pro -->\r\n\t\t<title>Turqu\u00eda dice que las operaciones contra el PKK en el sureste del pa\u00eds terminar\u00e1n \u00aben d\u00edas o semanas\u00bb - El Digital de Asturias<\/title>\n\n","aioseo_head_json":{"title":"Turqu\u00eda dice que las operaciones contra el PKK en el sureste del pa\u00eds terminar\u00e1n \u00aben d\u00edas o semanas\u00bb - El Digital de Asturias","description":"El Gobierno de Turqu\u00eda ha afirmado este martes que las operaciones contra el Partido de los Trabajadores del Kurdist\u00e1n (PKK) en las localidades de Cizre y Sur, en el sureste del pa\u00eds, llegar\u00e1n a su fin \"en d\u00edas o semanas\". \"Creemos que la operaci\u00f3n ser\u00e1 completada en Cizre en unos pocos d\u00edas. En Sur podr\u00eda","canonical_url":"https:\/\/www.eldigitaldeasturias.com\/noticias\/turquia-dice-que-las-operaciones-contra-el-pkk-en-el-sureste-del-pais-terminaran-en-dias-o-semanas\/","robots":"max-image-preview:large","keywords":"actualidad","webmasterTools":{"google-site-verification":"UA-38556648-1","msvalidate.01":"7dfe9f3f1b24437ab69f4f2559babe99","miscellaneous":""},"schema":{"@context":"https:\/\/schema.org","@graph":[{"@type":"BlogPosting","@id":"https:\/\/www.eldigitaldeasturias.com\/noticias\/turquia-dice-que-las-operaciones-contra-el-pkk-en-el-sureste-del-pais-terminaran-en-dias-o-semanas\/#blogposting","name":"Turqu\u00eda dice que las operaciones contra el PKK en el sureste del pa\u00eds terminar\u00e1n \u00aben d\u00edas o semanas\u00bb - El Digital de Asturias","headline":"Turqu\u00eda dice que las operaciones contra el PKK en el sureste del pa\u00eds terminar\u00e1n \u00aben d\u00edas o semanas\u00bb","author":{"@id":"https:\/\/www.eldigitaldeasturias.com\/noticias\/author\/admin\/#author"},"publisher":{"@id":"https:\/\/www.eldigitaldeasturias.com\/noticias\/#organization"},"image":{"@type":"ImageObject","url":"https:\/\/www.eldigitaldeasturias.com\/noticias\/wp-content\/uploads\/2016\/02\/fotonoticia_20160203111631_800.jpg","width":800,"height":524},"datePublished":"2016-02-04T03:23:13+01:00","dateModified":"2016-02-04T03:23:13+01:00","inLanguage":"es-ES","mainEntityOfPage":{"@id":"https:\/\/www.eldigitaldeasturias.com\/noticias\/turquia-dice-que-las-operaciones-contra-el-pkk-en-el-sureste-del-pais-terminaran-en-dias-o-semanas\/#webpage"},"isPartOf":{"@id":"https:\/\/www.eldigitaldeasturias.com\/noticias\/turquia-dice-que-las-operaciones-contra-el-pkk-en-el-sureste-del-pais-terminaran-en-dias-o-semanas\/#webpage"},"articleSection":"Actualidad"},{"@type":"BreadcrumbList","@id":"https:\/\/www.eldigitaldeasturias.com\/noticias\/turquia-dice-que-las-operaciones-contra-el-pkk-en-el-sureste-del-pais-terminaran-en-dias-o-semanas\/#breadcrumblist","itemListElement":[{"@type":"ListItem","@id":"https:\/\/www.eldigitaldeasturias.com\/noticias#listItem","position":1,"name":"Home","item":"https:\/\/www.eldigitaldeasturias.com\/noticias","nextItem":{"@type":"ListItem","@id":"https:\/\/www.eldigitaldeasturias.com\/noticias\/category\/actualidad\/#listItem","name":"Actualidad"}},{"@type":"ListItem","@id":"https:\/\/www.eldigitaldeasturias.com\/noticias\/category\/actualidad\/#listItem","position":2,"name":"Actualidad","item":"https:\/\/www.eldigitaldeasturias.com\/noticias\/category\/actualidad\/","nextItem":{"@type":"ListItem","@id":"https:\/\/www.eldigitaldeasturias.com\/noticias\/turquia-dice-que-las-operaciones-contra-el-pkk-en-el-sureste-del-pais-terminaran-en-dias-o-semanas\/#listItem","name":"Turqu\u00eda dice que las operaciones contra el PKK en el sureste del pa\u00eds terminar\u00e1n \u00aben d\u00edas o semanas\u00bb"},"previousItem":{"@type":"ListItem","@id":"https:\/\/www.eldigitaldeasturias.com\/noticias#listItem","name":"Home"}},{"@type":"ListItem","@id":"https:\/\/www.eldigitaldeasturias.com\/noticias\/turquia-dice-que-las-operaciones-contra-el-pkk-en-el-sureste-del-pais-terminaran-en-dias-o-semanas\/#listItem","position":3,"name":"Turqu\u00eda dice que las operaciones contra el PKK en el sureste del pa\u00eds terminar\u00e1n \u00aben d\u00edas o semanas\u00bb","previousItem":{"@type":"ListItem","@id":"https:\/\/www.eldigitaldeasturias.com\/noticias\/category\/actualidad\/#listItem","name":"Actualidad"}}]},{"@type":"Organization","@id":"https:\/\/www.eldigitaldeasturias.com\/noticias\/#organization","name":"El Digital de Asturias","description":"Hemeroteca","url":"https:\/\/www.eldigitaldeasturias.com\/noticias\/","email":"info@eldigitaldeasturias.com","telephone":"+34652131393","logo":{"@type":"ImageObject","url":"https:\/\/www.eldigitaldeasturias.com\/noticias\/wp-content\/uploads\/2020\/12\/EDA.jpg","@id":"https:\/\/www.eldigitaldeasturias.com\/noticias\/turquia-dice-que-las-operaciones-contra-el-pkk-en-el-sureste-del-pais-terminaran-en-dias-o-semanas\/#organizationLogo","width":649,"height":297},"image":{"@id":"https:\/\/www.eldigitaldeasturias.com\/noticias\/turquia-dice-que-las-operaciones-contra-el-pkk-en-el-sureste-del-pais-terminaran-en-dias-o-semanas\/#organizationLogo"},"sameAs":["https:\/\/facebook.com\/eldigitaldeasturias","https:\/\/www.youtube.com\/channel\/UCZP-2wLEB9Rv6erhFmqVnvg"],"address":{"@id":"https:\/\/www.eldigitaldeasturias.com\/noticias\/#postaladdress","@type":"PostalAddress","streetAddress":"san antonio 4,","postalCode":"33430","addressLocality":"Cand\u00e1s","addressRegion":"Asturias","addressCountry":"ES"}},{"@type":"Person","@id":"https:\/\/www.eldigitaldeasturias.com\/noticias\/author\/admin\/#author","url":"https:\/\/www.eldigitaldeasturias.com\/noticias\/author\/admin\/","name":"El Digital de Asturias","image":{"@type":"ImageObject","@id":"https:\/\/www.eldigitaldeasturias.com\/noticias\/turquia-dice-que-las-operaciones-contra-el-pkk-en-el-sureste-del-pais-terminaran-en-dias-o-semanas\/#authorImage","url":"https:\/\/www.eldigitaldeasturias.com\/noticias\/wp-content\/litespeed\/avatar\/18677e78aa0546b92d9dbf31ec7d7668.jpg?ver=1777290358","width":96,"height":96,"caption":"El Digital de Asturias"}},{"@type":"WebPage","@id":"https:\/\/www.eldigitaldeasturias.com\/noticias\/turquia-dice-que-las-operaciones-contra-el-pkk-en-el-sureste-del-pais-terminaran-en-dias-o-semanas\/#webpage","url":"https:\/\/www.eldigitaldeasturias.com\/noticias\/turquia-dice-que-las-operaciones-contra-el-pkk-en-el-sureste-del-pais-terminaran-en-dias-o-semanas\/","name":"Turqu\u00eda dice que las operaciones contra el PKK en el sureste del pa\u00eds terminar\u00e1n \u00aben d\u00edas o semanas\u00bb - El Digital de Asturias","description":"El Gobierno de Turqu\u00eda ha afirmado este martes que las operaciones contra el Partido de los Trabajadores del Kurdist\u00e1n (PKK) en las localidades de Cizre y Sur, en el sureste del pa\u00eds, llegar\u00e1n a su fin \"en d\u00edas o semanas\". \"Creemos que la operaci\u00f3n ser\u00e1 completada en Cizre en unos pocos d\u00edas. En Sur podr\u00eda","inLanguage":"es-ES","isPartOf":{"@id":"https:\/\/www.eldigitaldeasturias.com\/noticias\/#website"},"breadcrumb":{"@id":"https:\/\/www.eldigitaldeasturias.com\/noticias\/turquia-dice-que-las-operaciones-contra-el-pkk-en-el-sureste-del-pais-terminaran-en-dias-o-semanas\/#breadcrumblist"},"author":{"@id":"https:\/\/www.eldigitaldeasturias.com\/noticias\/author\/admin\/#author"},"creator":{"@id":"https:\/\/www.eldigitaldeasturias.com\/noticias\/author\/admin\/#author"},"image":{"@type":"ImageObject","url":"https:\/\/www.eldigitaldeasturias.com\/noticias\/wp-content\/uploads\/2016\/02\/fotonoticia_20160203111631_800.jpg","@id":"https:\/\/www.eldigitaldeasturias.com\/noticias\/turquia-dice-que-las-operaciones-contra-el-pkk-en-el-sureste-del-pais-terminaran-en-dias-o-semanas\/#mainImage","width":800,"height":524},"primaryImageOfPage":{"@id":"https:\/\/www.eldigitaldeasturias.com\/noticias\/turquia-dice-que-las-operaciones-contra-el-pkk-en-el-sureste-del-pais-terminaran-en-dias-o-semanas\/#mainImage"},"datePublished":"2016-02-04T03:23:13+01:00","dateModified":"2016-02-04T03:23:13+01:00"},{"@type":"WebSite","@id":"https:\/\/www.eldigitaldeasturias.com\/noticias\/#website","url":"https:\/\/www.eldigitaldeasturias.com\/noticias\/","name":"El Digital de Asturias - Diario de actualidad y noticias","alternateName":"El Digital de Asturias - Diario de actualidad y noticias","description":"Hemeroteca","inLanguage":"es-ES","publisher":{"@id":"https:\/\/www.eldigitaldeasturias.com\/noticias\/#organization"}}]},"og:locale":"es_ES","og:site_name":"El Digital de Asturias","og:type":"article","og:title":"Turqu\u00eda dice que las operaciones contra el PKK en el sureste del pa\u00eds terminar\u00e1n \u00aben d\u00edas o semanas\u00bb - El Digital de Asturias","og:description":"El Gobierno de Turqu\u00eda ha afirmado este martes que las operaciones contra el Partido de los Trabajadores del Kurdist\u00e1n (PKK) en las localidades de Cizre y Sur, en el sureste del pa\u00eds, llegar\u00e1n a su fin &quot;en d\u00edas o semanas&quot;. &quot;Creemos que la operaci\u00f3n ser\u00e1 completada en Cizre en unos pocos d\u00edas. En Sur podr\u00eda","og:url":"https:\/\/www.eldigitaldeasturias.com\/noticias\/turquia-dice-que-las-operaciones-contra-el-pkk-en-el-sureste-del-pais-terminaran-en-dias-o-semanas\/","og:image":"https:\/\/www.eldigitaldeasturias.com\/noticias\/wp-content\/uploads\/2016\/02\/fotonoticia_20160203111631_800.jpg","og:image:secure_url":"https:\/\/www.eldigitaldeasturias.com\/noticias\/wp-content\/uploads\/2016\/02\/fotonoticia_20160203111631_800.jpg","og:image:width":800,"og:image:height":524,"article:tag":["actualidad"],"article:published_time":"2016-02-04T03:23:13+00:00","article:modified_time":"2016-02-04T03:23:13+00:00","article:publisher":"https:\/\/facebook.com\/eldigitaldeasturias","twitter:card":"summary_large_image","twitter:title":"Turqu\u00eda dice que las operaciones contra el PKK en el sureste del pa\u00eds terminar\u00e1n \u00aben d\u00edas o semanas\u00bb - El Digital de Asturias","twitter:description":"El Gobierno de Turqu\u00eda ha afirmado este martes que las operaciones contra el Partido de los Trabajadores del Kurdist\u00e1n (PKK) en las localidades de Cizre y Sur, en el sureste del pa\u00eds, llegar\u00e1n a su fin &quot;en d\u00edas o semanas&quot;. &quot;Creemos que la operaci\u00f3n ser\u00e1 completada en Cizre en unos pocos d\u00edas. En Sur podr\u00eda","twitter:image":"https:\/\/www.eldigitaldeasturias.com\/noticias\/wp-content\/uploads\/2016\/02\/fotonoticia_20160203111631_800.jpg","twitter:label1":"Escrito por","twitter:data1":"El Digital de Asturias","twitter:label2":"Tiempo de lectura estimado","twitter:data2":"1 minuto"},"aioseo_meta_data":{"post_id":"853658","title":null,"description":null,"keywords":null,"keyphrases":null,"primary_term":null,"canonical_url":null,"og_title":null,"og_description":null,"og_object_type":"default","og_image_type":"default","og_image_url":null,"og_image_width":null,"og_image_height":null,"og_image_custom_url":null,"og_image_custom_fields":null,"og_video":null,"og_custom_url":null,"og_article_section":null,"og_article_tags":null,"twitter_use_og":false,"twitter_card":"default","twitter_image_type":"default","twitter_image_url":null,"twitter_image_custom_url":null,"twitter_image_custom_fields":null,"twitter_title":null,"twitter_description":null,"schema":{"blockGraphs":[],"customGraphs":[],"default":{"data":{"Article":[],"Course":[],"Dataset":[],"FAQPage":[],"Movie":[],"Person":[],"Product":[],"ProductReview":[],"Car":[],"Recipe":[],"Service":[],"SoftwareApplication":[],"WebPage":[]},"graphName":"","isEnabled":true},"graphs":[],"defaultGraph":"","defaultPostTypeGraph":""},"schema_type":null,"schema_type_options":null,"pillar_content":false,"robots_default":true,"robots_noindex":false,"robots_noarchive":false,"robots_nosnippet":false,"robots_nofollow":false,"robots_noimageindex":false,"robots_noodp":false,"robots_notranslate":false,"robots_max_snippet":null,"robots_max_videopreview":null,"robots_max_imagepreview":"large","priority":null,"frequency":null,"local_seo":null,"seo_analyzer_scan_date":"2025-12-09 18:54:14","breadcrumb_settings":null,"limit_modified_date":false,"open_ai":null,"ai":null,"created":"2021-01-23 14:10:14","updated":"2025-12-09 18:54:14"},"aioseo_breadcrumb":"<div class=\"aioseo-breadcrumbs\"><span class=\"aioseo-breadcrumb\">\n\t<a href=\"https:\/\/www.eldigitaldeasturias.com\/noticias\" title=\"Home\">Home<\/a>\n<\/span><span class=\"aioseo-breadcrumb-separator\">\u2013<\/span><span class=\"aioseo-breadcrumb\">\n\t<a href=\"https:\/\/www.eldigitaldeasturias.com\/noticias\/category\/actualidad\/\" title=\"Actualidad\">Actualidad<\/a>\n<\/span><span class=\"aioseo-breadcrumb-separator\">\u2013<\/span><span class=\"aioseo-breadcrumb\">\n\t<a href=\"https:\/\/www.eldigitaldeasturias.com\/noticias\/turquia-dice-que-las-operaciones-contra-el-pkk-en-el-sureste-del-pais-terminaran-en-dias-o-semanas\/\" title=\"Turqu\u00eda dice que las operaciones contra el PKK en el sureste del pa\u00eds terminar\u00e1n \u00aben d\u00edas o semanas\u00bb\">Turqu\u00eda dice que las operaciones contra el PKK en el sureste del pa\u00eds terminar\u00e1n \u00aben d\u00edas o semanas\u00bb<\/a>\n<\/span><\/div>","aioseo_breadcrumb_json":[{"label":"Home","link":"https:\/\/www.eldigitaldeasturias.com\/noticias"},{"label":"Actualidad","link":"https:\/\/www.eldigitaldeasturias.com\/noticias\/category\/actualidad\/"},{"label":"Turqu\u00eda dice que las operaciones contra el PKK en el sureste del pa\u00eds terminar\u00e1n \u00aben d\u00edas o semanas\u00bb","link":"https:\/\/www.eldigitaldeasturias.com\/noticias\/turquia-dice-que-las-operaciones-contra-el-pkk-en-el-sureste-del-pais-terminaran-en-dias-o-semanas\/"}],"_links":{"self":[{"href":"https:\/\/www.eldigitaldeasturias.com\/noticias\/wp-json\/wp\/v2\/posts\/853658","targetHints":{"allow":["GET"]}}],"collection":[{"href":"https:\/\/www.eldigitaldeasturias.com\/noticias\/wp-json\/wp\/v2\/posts"}],"about":[{"href":"https:\/\/www.eldigitaldeasturias.com\/noticias\/wp-json\/wp\/v2\/types\/post"}],"author":[{"embeddable":true,"href":"https:\/\/www.eldigitaldeasturias.com\/noticias\/wp-json\/wp\/v2\/users\/1"}],"replies":[{"embeddable":true,"href":"https:\/\/www.eldigitaldeasturias.com\/noticias\/wp-json\/wp\/v2\/comments?post=853658"}],"version-history":[{"count":0,"href":"https:\/\/www.eldigitaldeasturias.com\/noticias\/wp-json\/wp\/v2\/posts\/853658\/revisions"}],"wp:featuredmedia":[{"embeddable":true,"href":"https:\/\/www.eldigitaldeasturias.com\/noticias\/wp-json\/wp\/v2\/media\/853659"}],"wp:attachment":[{"href":"https:\/\/www.eldigitaldeasturias.com\/noticias\/wp-json\/wp\/v2\/media?parent=853658"}],"wp:term":[{"taxonomy":"category","embeddable":true,"href":"https:\/\/www.eldigitaldeasturias.com\/noticias\/wp-json\/wp\/v2\/categories?post=853658"},{"taxonomy":"post_tag","embeddable":true,"href":"https:\/\/www.eldigitaldeasturias.com\/noticias\/wp-json\/wp\/v2\/tags?post=853658"}],"curies":[{"name":"wp","href":"https:\/\/api.w.org\/{rel}","templated":true}]}}